{"id":81296,"date":"2024-03-28T23:18:31","date_gmt":"2024-03-28T21:18:31","guid":{"rendered":"https:\/\/buletin.de\/bucuresti\/?p=81296"},"modified":"2024-03-28T23:18:32","modified_gmt":"2024-03-28T21:18:32","slug":"meteo-sfarsit-de-saptamana-cu-temperaturi-de-vara-in-capitala","status":"publish","type":"post","link":"https:\/\/buletin.de\/bucuresti\/meteo-sfarsit-de-saptamana-cu-temperaturi-de-vara-in-capitala\/","title":{"rendered":"METEO | Sf\u00e2r\u0219it de s\u0103pt\u0103m\u00e2n\u0103 cu temperaturi de var\u0103, \u00een Capital\u0103"},"content":{"rendered":"\n<p><strong>Meteorologii anun\u021b\u0103 temperaturi maxime \u00een cre\u0219tere, pentru acest sf\u00e2r\u0219it de s\u0103pt\u0103m\u00e2n\u0103, \u00een Capital\u0103. Termometrele vor ar\u0103ta \u0219i 26 de grade.<\/strong><\/p>\n\n\n\n<p><strong>Vineri, 29 martie,<\/strong> v\u00e2ntul va bate ceva mai tare, cu 35 km\/h, dar temperatura maxim\u0103 este \u00een cre\u0219tere, la 24 de grade. Temperatura minim\u0103 este de 8 grade. <\/p>\n\n\n\n<p><strong>S\u00e2mb\u0103ta, 30 martie,<\/strong> meteorologii anun\u021b\u0103 \u0219i soare, \u0219i nori \u00een Capital\u0103, iar temperatura minim\u0103 cre\u0219te la 9 grade. V\u00e2ntul se mai domole\u0219te \u0219i bate cu 13 km\/h. Temperatura maxim\u0103 cre\u0219te din nou \u0219i ajunge la 25 de grade.<\/p>\n\n\n\n<p><strong>Duminic\u0103, 31 martie, <\/strong>cerul este par\u021bial \u00eensorit, iar temperatura maxim\u0103 se ridic\u0103 la 26 de grade. Minima termic\u0103 cre\u0219te \u0219i ea, la 10 grade. V\u00e2ntul bate tot cu 13km\/h. <\/p>\n\n\n\n<p>Prima s\u0103pt\u0103m\u00e2n\u0103 din aprilie aduce temperaturi de var\u0103 autentic\u0103. Maximele termice ajung la 28 de grade.<\/p>\n","protected":false},"excerpt":{"rendered":"<p>Meteorologii anun\u021b\u0103 temperaturi maxime \u00een cre\u0219tere, pentru acest sf\u00e2r\u0219it de s\u0103pt\u0103m\u00e2n\u0103, \u00een Capital\u0103. Termometrele vor ar\u0103ta \u0219i 26 de grade. Vineri, 29 martie, v\u00e2ntul va bate ceva mai tare, cu 35 km\/h, dar temperatura maxim\u0103 este \u00een cre\u0219tere, la 24 de grade. Temperatura minim\u0103 este de 8 grade. S\u00e2mb\u0103ta, 30 martie, meteorologii anun\u021b\u0103 \u0219i soare, [&hellip;]<\/p>\n","protected":false},"author":49,"featured_media":73232,"comment_status":"closed","ping_status":"open","sticky":false,"template":"","format":"standard","meta":{"_acf_changed":false,"inline_featured_image":false,"ngg_post_thumbnail":0,"footnotes":""},"categories":[6994,62],"tags":[4314,5928,10452],"ppma_author":[22574],"class_list":["post-81296","post","type-post","status-publish","format-standard","has-post-thumbnail","hentry","category-stiri-2","category-stiri","tag-anm","tag-anm-prognoza-meteo","tag-temperaturi-bucuresti"],"acf":[],"yoast_head":"<!-- This site is optimized with the Yoast SEO Premium plugin v25.3 (Yoast SEO v27.5) - https:\/\/yoast.com\/product\/yoast-seo-premium-wordpress\/ -->\n<title>METEO | Sf\u00e2r\u0219it de s\u0103pt\u0103m\u00e2n\u0103 cu temperaturi de var\u0103, \u00een Capital\u0103 - Buletin de Bucure\u0219ti<\/title>\n<meta name=\"robots\" content=\"index, follow, max-snippet:-1, max-image-preview:large, max-video-preview:-1\" \/>\n<link rel=\"canonical\" href=\"https:\/\/buletin.de\/bucuresti\/meteo-sfarsit-de-saptamana-cu-temperaturi-de-vara-in-capitala\/\" \/>\n<meta property=\"og:locale\" content=\"en_GB\" \/>\n<meta property=\"og:type\" content=\"article\" \/>\n<meta property=\"og:title\" content=\"METEO | Sf\u00e2r\u0219it de s\u0103pt\u0103m\u00e2n\u0103 cu temperaturi de var\u0103, \u00een Capital\u0103\" \/>\n<meta property=\"og:description\" content=\"Meteorologii anun\u021b\u0103 temperaturi maxime \u00een cre\u0219tere, pentru acest sf\u00e2r\u0219it de s\u0103pt\u0103m\u00e2n\u0103, \u00een Capital\u0103. Termometrele vor ar\u0103ta \u0219i 26 de grade. Vineri, 29 martie, v\u00e2ntul va bate ceva mai tare, cu 35 km\/h, dar temperatura maxim\u0103 este \u00een cre\u0219tere, la 24 de grade. Temperatura minim\u0103 este de 8 grade. S\u00e2mb\u0103ta, 30 martie, meteorologii anun\u021b\u0103 \u0219i soare, [&hellip;]\" \/>\n<meta property=\"og:url\" content=\"https:\/\/buletin.de\/bucuresti\/meteo-sfarsit-de-saptamana-cu-temperaturi-de-vara-in-capitala\/\" \/>\n<meta property=\"og:site_name\" content=\"Buletin de Bucure\u0219ti\" \/>\n<meta property=\"article:publisher\" content=\"https:\/\/www.facebook.com\/buletin.de.buc\" \/>\n<meta property=\"article:published_time\" content=\"2024-03-28T21:18:31+00:00\" \/>\n<meta property=\"article:modified_time\" content=\"2024-03-28T21:18:32+00:00\" \/>\n<meta property=\"og:image\" content=\"https:\/\/buletin.de\/bucuresti\/wp-content\/uploads\/meteo-2.jpeg\" \/>\n\t<meta property=\"og:image:width\" content=\"1600\" \/>\n\t<meta property=\"og:image:height\" content=\"1067\" \/>\n\t<meta property=\"og:image:type\" content=\"image\/jpeg\" \/>\n<meta name=\"author\" content=\"Diana Matei\" \/>\n<meta name=\"twitter:card\" content=\"summary_large_image\" \/>\n<meta name=\"twitter:label1\" content=\"Written by\" \/>\n\t<meta name=\"twitter:data1\" content=\"Diana Matei\" \/>\n\t<meta name=\"twitter:label2\" content=\"Estimated reading time\" \/>\n\t<meta name=\"twitter:data2\" content=\"1 minute\" \/>\n<script type=\"application\/ld+json\" class=\"yoast-schema-graph\">{\"@context\":\"https:\\\/\\\/schema.org\",\"@graph\":[{\"@type\":\"Article\",\"@id\":\"https:\\\/\\\/buletin.de\\\/bucuresti\\\/meteo-sfarsit-de-saptamana-cu-temperaturi-de-vara-in-capitala\\\/#article\",\"isPartOf\":{\"@id\":\"https:\\\/\\\/buletin.de\\\/bucuresti\\\/meteo-sfarsit-de-saptamana-cu-temperaturi-de-vara-in-capitala\\\/\"},\"author\":{\"name\":\"Diana Matei\",\"@id\":\"https:\\\/\\\/buletin.de\\\/bucuresti\\\/#\\\/schema\\\/person\\\/7e46040573290777280a0835d81ea4ea\"},\"headline\":\"METEO | Sf\u00e2r\u0219it de s\u0103pt\u0103m\u00e2n\u0103 cu temperaturi de var\u0103, \u00een Capital\u0103\",\"datePublished\":\"2024-03-28T21:18:31+00:00\",\"dateModified\":\"2024-03-28T21:18:32+00:00\",\"mainEntityOfPage\":{\"@id\":\"https:\\\/\\\/buletin.de\\\/bucuresti\\\/meteo-sfarsit-de-saptamana-cu-temperaturi-de-vara-in-capitala\\\/\"},\"wordCount\":157,\"publisher\":{\"@id\":\"https:\\\/\\\/buletin.de\\\/bucuresti\\\/#organization\"},\"image\":{\"@id\":\"https:\\\/\\\/buletin.de\\\/bucuresti\\\/meteo-sfarsit-de-saptamana-cu-temperaturi-de-vara-in-capitala\\\/#primaryimage\"},\"thumbnailUrl\":\"https:\\\/\\\/buletin.de\\\/bucuresti\\\/wp-content\\\/uploads\\\/meteo-2.jpeg\",\"keywords\":[\"anm\",\"anm prognoza meteo\",\"temperaturi Bucuresti\"],\"articleSection\":[\"Articole\",\"\u0218tiri\"],\"inLanguage\":\"en-GB\",\"copyrightYear\":\"2024\",\"copyrightHolder\":{\"@id\":\"https:\\\/\\\/buletin.de\\\/bucuresti\\\/#organization\"}},{\"@type\":\"WebPage\",\"@id\":\"https:\\\/\\\/buletin.de\\\/bucuresti\\\/meteo-sfarsit-de-saptamana-cu-temperaturi-de-vara-in-capitala\\\/\",\"url\":\"https:\\\/\\\/buletin.de\\\/bucuresti\\\/meteo-sfarsit-de-saptamana-cu-temperaturi-de-vara-in-capitala\\\/\",\"name\":\"METEO | Sf\u00e2r\u0219it de s\u0103pt\u0103m\u00e2n\u0103 cu temperaturi de var\u0103, \u00een Capital\u0103 - Buletin de Bucure\u0219ti\",\"isPartOf\":{\"@id\":\"https:\\\/\\\/buletin.de\\\/bucuresti\\\/#website\"},\"primaryImageOfPage\":{\"@id\":\"https:\\\/\\\/buletin.de\\\/bucuresti\\\/meteo-sfarsit-de-saptamana-cu-temperaturi-de-vara-in-capitala\\\/#primaryimage\"},\"image\":{\"@id\":\"https:\\\/\\\/buletin.de\\\/bucuresti\\\/meteo-sfarsit-de-saptamana-cu-temperaturi-de-vara-in-capitala\\\/#primaryimage\"},\"thumbnailUrl\":\"https:\\\/\\\/buletin.de\\\/bucuresti\\\/wp-content\\\/uploads\\\/meteo-2.jpeg\",\"datePublished\":\"2024-03-28T21:18:31+00:00\",\"dateModified\":\"2024-03-28T21:18:32+00:00\",\"breadcrumb\":{\"@id\":\"https:\\\/\\\/buletin.de\\\/bucuresti\\\/meteo-sfarsit-de-saptamana-cu-temperaturi-de-vara-in-capitala\\\/#breadcrumb\"},\"inLanguage\":\"en-GB\",\"potentialAction\":[{\"@type\":\"ReadAction\",\"target\":[\"https:\\\/\\\/buletin.de\\\/bucuresti\\\/meteo-sfarsit-de-saptamana-cu-temperaturi-de-vara-in-capitala\\\/\"]}]},{\"@type\":\"ImageObject\",\"inLanguage\":\"en-GB\",\"@id\":\"https:\\\/\\\/buletin.de\\\/bucuresti\\\/meteo-sfarsit-de-saptamana-cu-temperaturi-de-vara-in-capitala\\\/#primaryimage\",\"url\":\"https:\\\/\\\/buletin.de\\\/bucuresti\\\/wp-content\\\/uploads\\\/meteo-2.jpeg\",\"contentUrl\":\"https:\\\/\\\/buletin.de\\\/bucuresti\\\/wp-content\\\/uploads\\\/meteo-2.jpeg\",\"width\":1600,\"height\":1067,\"caption\":\"METEO | Vremea va fi canicular\u0103, s\u0103pt\u0103m\u00e2na viitoare. Maximele termice ajung la 25\u201136 de grade. FOTO: Arhiva\"},{\"@type\":\"BreadcrumbList\",\"@id\":\"https:\\\/\\\/buletin.de\\\/bucuresti\\\/meteo-sfarsit-de-saptamana-cu-temperaturi-de-vara-in-capitala\\\/#breadcrumb\",\"itemListElement\":[{\"@type\":\"ListItem\",\"position\":1,\"name\":\"Acas\u0103\",\"item\":\"https:\\\/\\\/buletin.de\\\/bucuresti\\\/\"},{\"@type\":\"ListItem\",\"position\":2,\"name\":\"METEO | Sf\u00e2r\u0219it de s\u0103pt\u0103m\u00e2n\u0103 cu temperaturi de var\u0103, \u00een Capital\u0103\"}]},{\"@type\":\"WebSite\",\"@id\":\"https:\\\/\\\/buletin.de\\\/bucuresti\\\/#website\",\"url\":\"https:\\\/\\\/buletin.de\\\/bucuresti\\\/\",\"name\":\"Buletin de Bucure\u0219ti\",\"description\":\"\u0218tiri \u0219i investiga\u021bii esen\u021biale din capital\u0103\",\"publisher\":{\"@id\":\"https:\\\/\\\/buletin.de\\\/bucuresti\\\/#organization\"},\"potentialAction\":[{\"@type\":\"SearchAction\",\"target\":{\"@type\":\"EntryPoint\",\"urlTemplate\":\"https:\\\/\\\/buletin.de\\\/bucuresti\\\/?s={search_term_string}\"},\"query-input\":{\"@type\":\"PropertyValueSpecification\",\"valueRequired\":true,\"valueName\":\"search_term_string\"}}],\"inLanguage\":\"en-GB\"},{\"@type\":\"Organization\",\"@id\":\"https:\\\/\\\/buletin.de\\\/bucuresti\\\/#organization\",\"name\":\"Buletin de Bucure\u0219ti\",\"url\":\"https:\\\/\\\/buletin.de\\\/bucuresti\\\/\",\"logo\":{\"@type\":\"ImageObject\",\"inLanguage\":\"en-GB\",\"@id\":\"https:\\\/\\\/buletin.de\\\/bucuresti\\\/#\\\/schema\\\/logo\\\/image\\\/\",\"url\":\"https:\\\/\\\/buletin.de\\\/bucuresti\\\/wp-content\\\/uploads\\\/logo-bdb-full-wide-vernil-transparent.png\",\"contentUrl\":\"https:\\\/\\\/buletin.de\\\/bucuresti\\\/wp-content\\\/uploads\\\/logo-bdb-full-wide-vernil-transparent.png\",\"width\":1782,\"height\":626,\"caption\":\"Buletin de Bucure\u0219ti\"},\"image\":{\"@id\":\"https:\\\/\\\/buletin.de\\\/bucuresti\\\/#\\\/schema\\\/logo\\\/image\\\/\"},\"sameAs\":[\"https:\\\/\\\/www.facebook.com\\\/buletin.de.buc\",\"https:\\\/\\\/www.instagram.com\\\/buletinde.bucuresti\\\/\"]},{\"@type\":\"Person\",\"@id\":\"https:\\\/\\\/buletin.de\\\/bucuresti\\\/#\\\/schema\\\/person\\\/7e46040573290777280a0835d81ea4ea\",\"name\":\"Diana Matei\",\"image\":{\"@type\":\"ImageObject\",\"inLanguage\":\"en-GB\",\"@id\":\"https:\\\/\\\/buletin.de\\\/bucuresti\\\/wp-content\\\/uploads\\\/9-2-96x96.jpg1e8590b30871d70e62ebcdaf2eff570c\",\"url\":\"https:\\\/\\\/buletin.de\\\/bucuresti\\\/wp-content\\\/uploads\\\/9-2-96x96.jpg\",\"contentUrl\":\"https:\\\/\\\/buletin.de\\\/bucuresti\\\/wp-content\\\/uploads\\\/9-2-96x96.jpg\",\"caption\":\"Diana Matei\"},\"url\":\"https:\\\/\\\/buletin.de\\\/bucuresti\\\/author\\\/dianamatei\\\/\"}]}<\/script>\n<!-- \/ Yoast SEO Premium plugin. -->","yoast_head_json":{"title":"METEO | Sf\u00e2r\u0219it de s\u0103pt\u0103m\u00e2n\u0103 cu temperaturi de var\u0103, \u00een Capital\u0103 - Buletin de Bucure\u0219ti","robots":{"index":"index","follow":"follow","max-snippet":"max-snippet:-1","max-image-preview":"max-image-preview:large","max-video-preview":"max-video-preview:-1"},"canonical":"https:\/\/buletin.de\/bucuresti\/meteo-sfarsit-de-saptamana-cu-temperaturi-de-vara-in-capitala\/","og_locale":"en_GB","og_type":"article","og_title":"METEO | Sf\u00e2r\u0219it de s\u0103pt\u0103m\u00e2n\u0103 cu temperaturi de var\u0103, \u00een Capital\u0103","og_description":"Meteorologii anun\u021b\u0103 temperaturi maxime \u00een cre\u0219tere, pentru acest sf\u00e2r\u0219it de s\u0103pt\u0103m\u00e2n\u0103, \u00een Capital\u0103. Termometrele vor ar\u0103ta \u0219i 26 de grade. Vineri, 29 martie, v\u00e2ntul va bate ceva mai tare, cu 35 km\/h, dar temperatura maxim\u0103 este \u00een cre\u0219tere, la 24 de grade. Temperatura minim\u0103 este de 8 grade. S\u00e2mb\u0103ta, 30 martie, meteorologii anun\u021b\u0103 \u0219i soare, [&hellip;]","og_url":"https:\/\/buletin.de\/bucuresti\/meteo-sfarsit-de-saptamana-cu-temperaturi-de-vara-in-capitala\/","og_site_name":"Buletin de Bucure\u0219ti","article_publisher":"https:\/\/www.facebook.com\/buletin.de.buc","article_published_time":"2024-03-28T21:18:31+00:00","article_modified_time":"2024-03-28T21:18:32+00:00","og_image":[{"width":1600,"height":1067,"url":"https:\/\/buletin.de\/bucuresti\/wp-content\/uploads\/meteo-2.jpeg","type":"image\/jpeg"}],"author":"Diana Matei","twitter_card":"summary_large_image","twitter_misc":{"Written by":"Diana Matei","Estimated reading time":"1 minute"},"schema":{"@context":"https:\/\/schema.org","@graph":[{"@type":"Article","@id":"https:\/\/buletin.de\/bucuresti\/meteo-sfarsit-de-saptamana-cu-temperaturi-de-vara-in-capitala\/#article","isPartOf":{"@id":"https:\/\/buletin.de\/bucuresti\/meteo-sfarsit-de-saptamana-cu-temperaturi-de-vara-in-capitala\/"},"author":{"name":"Diana Matei","@id":"https:\/\/buletin.de\/bucuresti\/#\/schema\/person\/7e46040573290777280a0835d81ea4ea"},"headline":"METEO | Sf\u00e2r\u0219it de s\u0103pt\u0103m\u00e2n\u0103 cu temperaturi de var\u0103, \u00een Capital\u0103","datePublished":"2024-03-28T21:18:31+00:00","dateModified":"2024-03-28T21:18:32+00:00","mainEntityOfPage":{"@id":"https:\/\/buletin.de\/bucuresti\/meteo-sfarsit-de-saptamana-cu-temperaturi-de-vara-in-capitala\/"},"wordCount":157,"publisher":{"@id":"https:\/\/buletin.de\/bucuresti\/#organization"},"image":{"@id":"https:\/\/buletin.de\/bucuresti\/meteo-sfarsit-de-saptamana-cu-temperaturi-de-vara-in-capitala\/#primaryimage"},"thumbnailUrl":"https:\/\/buletin.de\/bucuresti\/wp-content\/uploads\/meteo-2.jpeg","keywords":["anm","anm prognoza meteo","temperaturi Bucuresti"],"articleSection":["Articole","\u0218tiri"],"inLanguage":"en-GB","copyrightYear":"2024","copyrightHolder":{"@id":"https:\/\/buletin.de\/bucuresti\/#organization"}},{"@type":"WebPage","@id":"https:\/\/buletin.de\/bucuresti\/meteo-sfarsit-de-saptamana-cu-temperaturi-de-vara-in-capitala\/","url":"https:\/\/buletin.de\/bucuresti\/meteo-sfarsit-de-saptamana-cu-temperaturi-de-vara-in-capitala\/","name":"METEO | Sf\u00e2r\u0219it de s\u0103pt\u0103m\u00e2n\u0103 cu temperaturi de var\u0103, \u00een Capital\u0103 - Buletin de Bucure\u0219ti","isPartOf":{"@id":"https:\/\/buletin.de\/bucuresti\/#website"},"primaryImageOfPage":{"@id":"https:\/\/buletin.de\/bucuresti\/meteo-sfarsit-de-saptamana-cu-temperaturi-de-vara-in-capitala\/#primaryimage"},"image":{"@id":"https:\/\/buletin.de\/bucuresti\/meteo-sfarsit-de-saptamana-cu-temperaturi-de-vara-in-capitala\/#primaryimage"},"thumbnailUrl":"https:\/\/buletin.de\/bucuresti\/wp-content\/uploads\/meteo-2.jpeg","datePublished":"2024-03-28T21:18:31+00:00","dateModified":"2024-03-28T21:18:32+00:00","breadcrumb":{"@id":"https:\/\/buletin.de\/bucuresti\/meteo-sfarsit-de-saptamana-cu-temperaturi-de-vara-in-capitala\/#breadcrumb"},"inLanguage":"en-GB","potentialAction":[{"@type":"ReadAction","target":["https:\/\/buletin.de\/bucuresti\/meteo-sfarsit-de-saptamana-cu-temperaturi-de-vara-in-capitala\/"]}]},{"@type":"ImageObject","inLanguage":"en-GB","@id":"https:\/\/buletin.de\/bucuresti\/meteo-sfarsit-de-saptamana-cu-temperaturi-de-vara-in-capitala\/#primaryimage","url":"https:\/\/buletin.de\/bucuresti\/wp-content\/uploads\/meteo-2.jpeg","contentUrl":"https:\/\/buletin.de\/bucuresti\/wp-content\/uploads\/meteo-2.jpeg","width":1600,"height":1067,"caption":"METEO | Vremea va fi canicular\u0103, s\u0103pt\u0103m\u00e2na viitoare. Maximele termice ajung la 25\u201136 de grade. FOTO: Arhiva"},{"@type":"BreadcrumbList","@id":"https:\/\/buletin.de\/bucuresti\/meteo-sfarsit-de-saptamana-cu-temperaturi-de-vara-in-capitala\/#breadcrumb","itemListElement":[{"@type":"ListItem","position":1,"name":"Acas\u0103","item":"https:\/\/buletin.de\/bucuresti\/"},{"@type":"ListItem","position":2,"name":"METEO | Sf\u00e2r\u0219it de s\u0103pt\u0103m\u00e2n\u0103 cu temperaturi de var\u0103, \u00een Capital\u0103"}]},{"@type":"WebSite","@id":"https:\/\/buletin.de\/bucuresti\/#website","url":"https:\/\/buletin.de\/bucuresti\/","name":"Buletin de Bucure\u0219ti","description":"\u0218tiri \u0219i investiga\u021bii esen\u021biale din capital\u0103","publisher":{"@id":"https:\/\/buletin.de\/bucuresti\/#organization"},"potentialAction":[{"@type":"SearchAction","target":{"@type":"EntryPoint","urlTemplate":"https:\/\/buletin.de\/bucuresti\/?s={search_term_string}"},"query-input":{"@type":"PropertyValueSpecification","valueRequired":true,"valueName":"search_term_string"}}],"inLanguage":"en-GB"},{"@type":"Organization","@id":"https:\/\/buletin.de\/bucuresti\/#organization","name":"Buletin de Bucure\u0219ti","url":"https:\/\/buletin.de\/bucuresti\/","logo":{"@type":"ImageObject","inLanguage":"en-GB","@id":"https:\/\/buletin.de\/bucuresti\/#\/schema\/logo\/image\/","url":"https:\/\/buletin.de\/bucuresti\/wp-content\/uploads\/logo-bdb-full-wide-vernil-transparent.png","contentUrl":"https:\/\/buletin.de\/bucuresti\/wp-content\/uploads\/logo-bdb-full-wide-vernil-transparent.png","width":1782,"height":626,"caption":"Buletin de Bucure\u0219ti"},"image":{"@id":"https:\/\/buletin.de\/bucuresti\/#\/schema\/logo\/image\/"},"sameAs":["https:\/\/www.facebook.com\/buletin.de.buc","https:\/\/www.instagram.com\/buletinde.bucuresti\/"]},{"@type":"Person","@id":"https:\/\/buletin.de\/bucuresti\/#\/schema\/person\/7e46040573290777280a0835d81ea4ea","name":"Diana Matei","image":{"@type":"ImageObject","inLanguage":"en-GB","@id":"https:\/\/buletin.de\/bucuresti\/wp-content\/uploads\/9-2-96x96.jpg1e8590b30871d70e62ebcdaf2eff570c","url":"https:\/\/buletin.de\/bucuresti\/wp-content\/uploads\/9-2-96x96.jpg","contentUrl":"https:\/\/buletin.de\/bucuresti\/wp-content\/uploads\/9-2-96x96.jpg","caption":"Diana Matei"},"url":"https:\/\/buletin.de\/bucuresti\/author\/dianamatei\/"}]}},"authors":[{"term_id":22574,"user_id":49,"is_guest":0,"slug":"dianamatei","display_name":"Diana Matei","avatar_url":"https:\/\/buletin.de\/bucuresti\/wp-content\/uploads\/9-2-96x96.jpg","0":null,"1":"","2":"","3":"","4":"","5":"","6":"","7":"","8":""}],"_links":{"self":[{"href":"https:\/\/buletin.de\/bucuresti\/wp-json\/wp\/v2\/posts\/81296","targetHints":{"allow":["GET"]}}],"collection":[{"href":"https:\/\/buletin.de\/bucuresti\/wp-json\/wp\/v2\/posts"}],"about":[{"href":"https:\/\/buletin.de\/bucuresti\/wp-json\/wp\/v2\/types\/post"}],"author":[{"embeddable":true,"href":"https:\/\/buletin.de\/bucuresti\/wp-json\/wp\/v2\/users\/49"}],"replies":[{"embeddable":true,"href":"https:\/\/buletin.de\/bucuresti\/wp-json\/wp\/v2\/comments?post=81296"}],"version-history":[{"count":2,"href":"https:\/\/buletin.de\/bucuresti\/wp-json\/wp\/v2\/posts\/81296\/revisions"}],"predecessor-version":[{"id":81331,"href":"https:\/\/buletin.de\/bucuresti\/wp-json\/wp\/v2\/posts\/81296\/revisions\/81331"}],"wp:featuredmedia":[{"embeddable":true,"href":"https:\/\/buletin.de\/bucuresti\/wp-json\/wp\/v2\/media\/73232"}],"wp:attachment":[{"href":"https:\/\/buletin.de\/bucuresti\/wp-json\/wp\/v2\/media?parent=81296"}],"wp:term":[{"taxonomy":"category","embeddable":true,"href":"https:\/\/buletin.de\/bucuresti\/wp-json\/wp\/v2\/categories?post=81296"},{"taxonomy":"post_tag","embeddable":true,"href":"https:\/\/buletin.de\/bucuresti\/wp-json\/wp\/v2\/tags?post=81296"},{"taxonomy":"author","embeddable":true,"href":"https:\/\/buletin.de\/bucuresti\/wp-json\/wp\/v2\/ppma_author?post=81296"}],"curies":[{"name":"wp","href":"https:\/\/api.w.org\/{rel}","templated":true}]}}