{"id":81092,"date":"2024-03-27T12:06:47","date_gmt":"2024-03-27T10:06:47","guid":{"rendered":"https:\/\/buletin.de\/bucuresti\/?p=81092"},"modified":"2024-03-27T23:28:11","modified_gmt":"2024-03-27T21:28:11","slug":"aeroporturi-bucuresti-lucrarile-pentru-separarea-fluxurilor-schengen-non-schengen-se-vor-termina-la-finalul-lunii","status":"publish","type":"post","link":"https:\/\/buletin.de\/bucuresti\/aeroporturi-bucuresti-lucrarile-pentru-separarea-fluxurilor-schengen-non-schengen-se-vor-termina-la-finalul-lunii\/","title":{"rendered":"Aeroporturi Bucure\u0219ti: Lucr\u0103rile pentru separarea fluxurilor Schengen\/non-Schengen se vor termina la finalul lunii"},"content":{"rendered":"\n<p><strong>Haosul de pe aeroportul Otopeni generat de lucr\u0103rile pentru fluxurile Schengen \/ non-Schengen se va \u00eencheia p\u00e2n\u0103 la 1 aprilie, anun\u021b\u0103 oficialii Companiei Na\u021bionale de Aeroporturi Bucure\u0219ti (CNAB). Practic, de la 31 martie, vor fi supu\u0219i controlului de frontier\u0103 doar pasagerii care c\u0103l\u0103toresc \u00een \u0219i din afara spa\u021biului Schengen. <\/strong><\/p>\n\n\n\n<p>Por\u021bile automate de control de frontier\u0103 (ABC \u2013 Automatic Border Control) de pe fluxul de plec\u0103ri interna\u021bionale au fost deja relocate pe fluxul de plec\u0103ri non-Schengen, urm\u00e2nd ca \u0219i pe fluxul de sosiri interna\u021bionale s\u0103 fie relocate ghi\u0219ee de frontier\u0103, anun\u021b\u0103 CNAB \u00eentr-un comunicat.<\/p>\n\n\n\n<p>De la \u00eenceputul lunii martie, por\u021bile automate de control au func\u021bionat la capacitate redus\u0103, pentru a continua procesul de implementare a fluxurilor Schengen \u015fi non-Schengen<strong>.<\/strong><\/p>\n\n\n\n<p>Infrastructura terminalelor a fost proiectat\u0103 \u00eenc\u0103 din 2011-2012 cu utilizare \u00een sistem Schengen \/ non-Schengen \u00een minte.&nbsp;<\/p>\n\n\n\n<p>La finalul anului trecut, 2023, JAI a decis s\u0103 primeasc\u0103 Rom\u00e2nia \u0219i Bulgaria. Prima etap\u0103, eliminarea controalelor la frontierele aeriene \u0219i maritime, p\u00e2n\u0103 cel t\u00e2rziu \u00een martie 2024. Nu exist\u0103 o dat\u0103 de referin\u021b\u0103 pentru urm\u0103toarele etape.<\/p>\n\n\n\n<p>Ca urmare, mai pu\u021bin de 30% din totalul pasagerilor care tranziteaz\u0103 aeroportul Henri Coand\u0103 vor fi supu\u0219i controlului de frontier\u0103.<\/p>\n\n\n\n<h2 class=\"wp-block-heading\">Cozile la aeroport \u0219i por\u021bile de control automat al pa\u0219apoartelor<\/h2>\n\n\n\n<p>Chiar dac\u0103 dou\u0103 treimi din totalul zborurilor vor fi \u00een interiorul spa\u021biului Schengen, \u00een cazul celorlalte c\u0103l\u0103torii, rom\u00e2nii tot vor trebui s\u0103 treac\u0103 prin punctele de control.<\/p>\n\n\n\n<p>\u00cen 2021, la \u00eenceputul lunii martie, ministrul Transporturilor, C\u0103t\u0103lin Drul\u0103 \u015fi ministrul Afacerilor Interne, Lucian Bode au inaugurat primul \u201eSistem automat de verificare a documentelor de c\u0103l\u0103torie \u00een aeroporturi\u201d, din \u021bar\u0103, la Otopeni.<\/p>\n\n\n\n<p>La mijlocul anului trecut, \u00een iulie 2023, cele \u0219ase por\u021bi de control automat al pa\u0219apoartelor&nbsp;<a href=\"https:\/\/buletin.de\/bucuresti\/portile-neputintei-de-la-aeroportul-otopeni-montat-gresit-sistemul-inteligent-al-vamilor-functioneaza-cu-sincope\/\">func\u021bionau cu sincope<\/a>: pe 13 iulie, cele \u0219ase por\u021bi au trebuit s\u0103 fie \u00eenlocuite de poli\u021bi\u0219ti de frontier\u0103, la primele ore ale dimine\u021bii, c\u00e2nd traficul de pasageri atinge valori maxime.&nbsp;<a href=\"https:\/\/buletin.de\/bucuresti\/portile-neputintei-de-la-aeroportul-otopeni-montat-gresit-sistemul-inteligent-al-vamilor-functioneaza-cu-sincope\/\">Pe l\u00e2ng\u0103 problemele cu alimentarea cu energie electric\u0103, sau amplasarea neinspirat\u0103, dezvoltarea sistemului pare s\u0103 fie \u201c\u00een aer\u201d.<\/a><\/p>\n\n\n\n<p><strong>CITE\u0218TE \u0218I:<\/strong><\/p>\n\n\n\n<figure class=\"wp-block-embed is-type-wp-embed is-provider-buletin-de-bucure-ti wp-block-embed-buletin-de-bucure-ti\"><div class=\"wp-block-embed__wrapper\">\n<blockquote class=\"wp-embedded-content\" data-secret=\"4rAMoBkSPh\"><a href=\"https:\/\/buletin.de\/bucuresti\/capacitate-redusa-la-punctele-de-control-de-pe-otopeni-ghisee-relocate-pentru-organizarea-fluxurilor-schengen-si-non-schengen\/\">Capacitate redus\u0103 la punctele de control de pe Otopeni. Ghi\u015fee relocate pentru organizarea fluxurilor Schengen \u015fi non-Schengen<\/a><\/blockquote><iframe class=\"wp-embedded-content\" sandbox=\"allow-scripts\" security=\"restricted\" style=\"position: absolute; clip: rect(1px, 1px, 1px, 1px);\" title=\"&#8220;Capacitate redus\u0103 la punctele de control de pe Otopeni. Ghi\u015fee relocate pentru organizarea fluxurilor Schengen \u015fi non-Schengen&#8221; &#8212; Buletin de Bucure\u0219ti\" src=\"https:\/\/buletin.de\/bucuresti\/capacitate-redusa-la-punctele-de-control-de-pe-otopeni-ghisee-relocate-pentru-organizarea-fluxurilor-schengen-si-non-schengen\/embed\/#?secret=vgI83TvN9a#?secret=4rAMoBkSPh\" data-secret=\"4rAMoBkSPh\" width=\"600\" height=\"338\" frameborder=\"0\" marginwidth=\"0\" marginheight=\"0\" scrolling=\"no\"><\/iframe>\n<\/div><\/figure>\n\n\n\n<figure class=\"wp-block-embed is-type-wp-embed is-provider-buletin-de-bucure-ti wp-block-embed-buletin-de-bucure-ti\"><div class=\"wp-block-embed__wrapper\">\n<blockquote class=\"wp-embedded-content\" data-secret=\"cAOaudkrTI\"><a href=\"https:\/\/buletin.de\/bucuresti\/sefii-de-la-otopeni-si-baneasa-spun-ca-aeroporturile-sunt-pregatite-pentru-spatiul-schengen\/\">\u015eefii de la Otopeni \u015fi B\u0103neasa spun c\u0103 aeroporturile sunt preg\u0103tite pentru spa\u0163iul Schengen<\/a><\/blockquote><iframe class=\"wp-embedded-content\" sandbox=\"allow-scripts\" security=\"restricted\" style=\"position: absolute; clip: rect(1px, 1px, 1px, 1px);\" title=\"&#8220;\u015eefii de la Otopeni \u015fi B\u0103neasa spun c\u0103 aeroporturile sunt preg\u0103tite pentru spa\u0163iul Schengen&#8221; &#8212; Buletin de Bucure\u0219ti\" src=\"https:\/\/buletin.de\/bucuresti\/sefii-de-la-otopeni-si-baneasa-spun-ca-aeroporturile-sunt-pregatite-pentru-spatiul-schengen\/embed\/#?secret=Gx7K7xG1I2#?secret=cAOaudkrTI\" data-secret=\"cAOaudkrTI\" width=\"600\" height=\"338\" frameborder=\"0\" marginwidth=\"0\" marginheight=\"0\" scrolling=\"no\"><\/iframe>\n<\/div><\/figure>\n","protected":false},"excerpt":{"rendered":"<p>Haosul de pe aeroportul Otopeni generat de lucr\u0103rile pentru fluxurile Schengen \/ non-Schengen se va \u00eencheia p\u00e2n\u0103 la 1 aprilie, anun\u021b\u0103 oficialii Companiei Na\u021bionale de Aeroporturi Bucure\u0219ti (CNAB). Practic, de la 31 martie, vor fi supu\u0219i controlului de frontier\u0103 doar pasagerii care c\u0103l\u0103toresc \u00een \u0219i din afara spa\u021biului Schengen. Por\u021bile automate de control de frontier\u0103 [&hellip;]<\/p>\n","protected":false},"author":47,"featured_media":73550,"comment_status":"closed","ping_status":"open","sticky":false,"template":"","format":"standard","meta":{"_acf_changed":false,"inline_featured_image":false,"ngg_post_thumbnail":0,"footnotes":""},"categories":[6994,62,650],"tags":[9003,8924,2964,10766,6005,9000,9001],"ppma_author":[22580],"class_list":["post-81092","post","type-post","status-publish","format-standard","has-post-thumbnail","hentry","category-stiri-2","category-stiri","category-transport","tag-abc-automatic-border-control-2","tag-aeroportul-international-henri-coanda","tag-cnab","tag-compania-nationala-de-aeroporturi-bucuresti","tag-henri-coanda-2","tag-schengen","tag-spatiul-schengen"],"acf":[],"yoast_head":"<!-- This site is optimized with the Yoast SEO Premium plugin v25.3 (Yoast SEO v27.5) - https:\/\/yoast.com\/product\/yoast-seo-premium-wordpress\/ -->\n<title>Aeroporturi Bucure\u0219ti: Lucr\u0103rile pentru separarea fluxurilor Schengen\/non-Schengen se vor termina la finalul lunii - Buletin de Bucure\u0219ti<\/title>\n<meta name=\"robots\" content=\"index, follow, max-snippet:-1, max-image-preview:large, max-video-preview:-1\" \/>\n<link rel=\"canonical\" href=\"https:\/\/buletin.de\/bucuresti\/aeroporturi-bucuresti-lucrarile-pentru-separarea-fluxurilor-schengen-non-schengen-se-vor-termina-la-finalul-lunii\/\" \/>\n<meta property=\"og:locale\" content=\"en_GB\" \/>\n<meta property=\"og:type\" content=\"article\" \/>\n<meta property=\"og:title\" content=\"Aeroporturi Bucure\u0219ti: Lucr\u0103rile pentru separarea fluxurilor Schengen\/non-Schengen se vor termina la finalul lunii\" \/>\n<meta property=\"og:description\" content=\"Haosul de pe aeroportul Otopeni generat de lucr\u0103rile pentru fluxurile Schengen \/ non-Schengen se va \u00eencheia p\u00e2n\u0103 la 1 aprilie, anun\u021b\u0103 oficialii Companiei Na\u021bionale de Aeroporturi Bucure\u0219ti (CNAB). Practic, de la 31 martie, vor fi supu\u0219i controlului de frontier\u0103 doar pasagerii care c\u0103l\u0103toresc \u00een \u0219i din afara spa\u021biului Schengen. Por\u021bile automate de control de frontier\u0103 [&hellip;]\" \/>\n<meta property=\"og:url\" content=\"https:\/\/buletin.de\/bucuresti\/aeroporturi-bucuresti-lucrarile-pentru-separarea-fluxurilor-schengen-non-schengen-se-vor-termina-la-finalul-lunii\/\" \/>\n<meta property=\"og:site_name\" content=\"Buletin de Bucure\u0219ti\" \/>\n<meta property=\"article:publisher\" content=\"https:\/\/www.facebook.com\/buletin.de.buc\" \/>\n<meta property=\"article:published_time\" content=\"2024-03-27T10:06:47+00:00\" \/>\n<meta property=\"article:modified_time\" content=\"2024-03-27T21:28:11+00:00\" \/>\n<meta property=\"og:image\" content=\"https:\/\/buletin.de\/bucuresti\/wp-content\/uploads\/Screenshot-2024-01-02-at-22.16.08.png\" \/>\n\t<meta property=\"og:image:width\" content=\"1028\" \/>\n\t<meta property=\"og:image:height\" content=\"535\" \/>\n\t<meta property=\"og:image:type\" content=\"image\/png\" \/>\n<meta name=\"author\" content=\"Adina C\u0103p\u00eelnean\" \/>\n<meta name=\"twitter:card\" content=\"summary_large_image\" \/>\n<meta name=\"twitter:label1\" content=\"Written by\" \/>\n\t<meta name=\"twitter:data1\" content=\"Adina C\u0103p\u00eelnean\" \/>\n\t<meta name=\"twitter:label2\" content=\"Estimated reading time\" \/>\n\t<meta name=\"twitter:data2\" content=\"2 minutes\" \/>\n<script type=\"application\/ld+json\" class=\"yoast-schema-graph\">{\"@context\":\"https:\\\/\\\/schema.org\",\"@graph\":[{\"@type\":\"Article\",\"@id\":\"https:\\\/\\\/buletin.de\\\/bucuresti\\\/aeroporturi-bucuresti-lucrarile-pentru-separarea-fluxurilor-schengen-non-schengen-se-vor-termina-la-finalul-lunii\\\/#article\",\"isPartOf\":{\"@id\":\"https:\\\/\\\/buletin.de\\\/bucuresti\\\/aeroporturi-bucuresti-lucrarile-pentru-separarea-fluxurilor-schengen-non-schengen-se-vor-termina-la-finalul-lunii\\\/\"},\"author\":{\"name\":\"Adina C\u0103p\u00eelnean\",\"@id\":\"https:\\\/\\\/buletin.de\\\/bucuresti\\\/#\\\/schema\\\/person\\\/ab174cf6711728e4ee83d672acf9a912\"},\"headline\":\"Aeroporturi Bucure\u0219ti: Lucr\u0103rile pentru separarea fluxurilor Schengen\\\/non-Schengen se vor termina la finalul lunii\",\"datePublished\":\"2024-03-27T10:06:47+00:00\",\"dateModified\":\"2024-03-27T21:28:11+00:00\",\"mainEntityOfPage\":{\"@id\":\"https:\\\/\\\/buletin.de\\\/bucuresti\\\/aeroporturi-bucuresti-lucrarile-pentru-separarea-fluxurilor-schengen-non-schengen-se-vor-termina-la-finalul-lunii\\\/\"},\"wordCount\":388,\"publisher\":{\"@id\":\"https:\\\/\\\/buletin.de\\\/bucuresti\\\/#organization\"},\"image\":{\"@id\":\"https:\\\/\\\/buletin.de\\\/bucuresti\\\/aeroporturi-bucuresti-lucrarile-pentru-separarea-fluxurilor-schengen-non-schengen-se-vor-termina-la-finalul-lunii\\\/#primaryimage\"},\"thumbnailUrl\":\"https:\\\/\\\/buletin.de\\\/bucuresti\\\/wp-content\\\/uploads\\\/Screenshot-2024-01-02-at-22.16.08.png\",\"keywords\":[\"abc - automatic border control\",\"aeroportul international henri coanda\",\"cnab\",\"compania nationala de aeroporturi bucuresti\",\"henri coanda\",\"schengen\",\"spatiul schengen\"],\"articleSection\":[\"Articole\",\"\u0218tiri\",\"Transport\"],\"inLanguage\":\"en-GB\",\"copyrightYear\":\"2024\",\"copyrightHolder\":{\"@id\":\"https:\\\/\\\/buletin.de\\\/bucuresti\\\/#organization\"}},{\"@type\":\"WebPage\",\"@id\":\"https:\\\/\\\/buletin.de\\\/bucuresti\\\/aeroporturi-bucuresti-lucrarile-pentru-separarea-fluxurilor-schengen-non-schengen-se-vor-termina-la-finalul-lunii\\\/\",\"url\":\"https:\\\/\\\/buletin.de\\\/bucuresti\\\/aeroporturi-bucuresti-lucrarile-pentru-separarea-fluxurilor-schengen-non-schengen-se-vor-termina-la-finalul-lunii\\\/\",\"name\":\"Aeroporturi Bucure\u0219ti: Lucr\u0103rile pentru separarea fluxurilor Schengen\\\/non-Schengen se vor termina la finalul lunii - Buletin de Bucure\u0219ti\",\"isPartOf\":{\"@id\":\"https:\\\/\\\/buletin.de\\\/bucuresti\\\/#website\"},\"primaryImageOfPage\":{\"@id\":\"https:\\\/\\\/buletin.de\\\/bucuresti\\\/aeroporturi-bucuresti-lucrarile-pentru-separarea-fluxurilor-schengen-non-schengen-se-vor-termina-la-finalul-lunii\\\/#primaryimage\"},\"image\":{\"@id\":\"https:\\\/\\\/buletin.de\\\/bucuresti\\\/aeroporturi-bucuresti-lucrarile-pentru-separarea-fluxurilor-schengen-non-schengen-se-vor-termina-la-finalul-lunii\\\/#primaryimage\"},\"thumbnailUrl\":\"https:\\\/\\\/buletin.de\\\/bucuresti\\\/wp-content\\\/uploads\\\/Screenshot-2024-01-02-at-22.16.08.png\",\"datePublished\":\"2024-03-27T10:06:47+00:00\",\"dateModified\":\"2024-03-27T21:28:11+00:00\",\"breadcrumb\":{\"@id\":\"https:\\\/\\\/buletin.de\\\/bucuresti\\\/aeroporturi-bucuresti-lucrarile-pentru-separarea-fluxurilor-schengen-non-schengen-se-vor-termina-la-finalul-lunii\\\/#breadcrumb\"},\"inLanguage\":\"en-GB\",\"potentialAction\":[{\"@type\":\"ReadAction\",\"target\":[\"https:\\\/\\\/buletin.de\\\/bucuresti\\\/aeroporturi-bucuresti-lucrarile-pentru-separarea-fluxurilor-schengen-non-schengen-se-vor-termina-la-finalul-lunii\\\/\"]}]},{\"@type\":\"ImageObject\",\"inLanguage\":\"en-GB\",\"@id\":\"https:\\\/\\\/buletin.de\\\/bucuresti\\\/aeroporturi-bucuresti-lucrarile-pentru-separarea-fluxurilor-schengen-non-schengen-se-vor-termina-la-finalul-lunii\\\/#primaryimage\",\"url\":\"https:\\\/\\\/buletin.de\\\/bucuresti\\\/wp-content\\\/uploads\\\/Screenshot-2024-01-02-at-22.16.08.png\",\"contentUrl\":\"https:\\\/\\\/buletin.de\\\/bucuresti\\\/wp-content\\\/uploads\\\/Screenshot-2024-01-02-at-22.16.08.png\",\"width\":1028,\"height\":535,\"caption\":\"Incident pe Aeroportul B\u0103neasa Foto: Aeroport Baneasa\"},{\"@type\":\"BreadcrumbList\",\"@id\":\"https:\\\/\\\/buletin.de\\\/bucuresti\\\/aeroporturi-bucuresti-lucrarile-pentru-separarea-fluxurilor-schengen-non-schengen-se-vor-termina-la-finalul-lunii\\\/#breadcrumb\",\"itemListElement\":[{\"@type\":\"ListItem\",\"position\":1,\"name\":\"Acas\u0103\",\"item\":\"https:\\\/\\\/buletin.de\\\/bucuresti\\\/\"},{\"@type\":\"ListItem\",\"position\":2,\"name\":\"Aeroporturi Bucure\u0219ti: Lucr\u0103rile pentru separarea fluxurilor Schengen\\\/non-Schengen se vor termina la finalul lunii\"}]},{\"@type\":\"WebSite\",\"@id\":\"https:\\\/\\\/buletin.de\\\/bucuresti\\\/#website\",\"url\":\"https:\\\/\\\/buletin.de\\\/bucuresti\\\/\",\"name\":\"Buletin de Bucure\u0219ti\",\"description\":\"\u0218tiri \u0219i investiga\u021bii esen\u021biale din capital\u0103\",\"publisher\":{\"@id\":\"https:\\\/\\\/buletin.de\\\/bucuresti\\\/#organization\"},\"potentialAction\":[{\"@type\":\"SearchAction\",\"target\":{\"@type\":\"EntryPoint\",\"urlTemplate\":\"https:\\\/\\\/buletin.de\\\/bucuresti\\\/?s={search_term_string}\"},\"query-input\":{\"@type\":\"PropertyValueSpecification\",\"valueRequired\":true,\"valueName\":\"search_term_string\"}}],\"inLanguage\":\"en-GB\"},{\"@type\":\"Organization\",\"@id\":\"https:\\\/\\\/buletin.de\\\/bucuresti\\\/#organization\",\"name\":\"Buletin de Bucure\u0219ti\",\"url\":\"https:\\\/\\\/buletin.de\\\/bucuresti\\\/\",\"logo\":{\"@type\":\"ImageObject\",\"inLanguage\":\"en-GB\",\"@id\":\"https:\\\/\\\/buletin.de\\\/bucuresti\\\/#\\\/schema\\\/logo\\\/image\\\/\",\"url\":\"https:\\\/\\\/buletin.de\\\/bucuresti\\\/wp-content\\\/uploads\\\/logo-bdb-full-wide-vernil-transparent.png\",\"contentUrl\":\"https:\\\/\\\/buletin.de\\\/bucuresti\\\/wp-content\\\/uploads\\\/logo-bdb-full-wide-vernil-transparent.png\",\"width\":1782,\"height\":626,\"caption\":\"Buletin de Bucure\u0219ti\"},\"image\":{\"@id\":\"https:\\\/\\\/buletin.de\\\/bucuresti\\\/#\\\/schema\\\/logo\\\/image\\\/\"},\"sameAs\":[\"https:\\\/\\\/www.facebook.com\\\/buletin.de.buc\",\"https:\\\/\\\/www.instagram.com\\\/buletinde.bucuresti\\\/\"]},{\"@type\":\"Person\",\"@id\":\"https:\\\/\\\/buletin.de\\\/bucuresti\\\/#\\\/schema\\\/person\\\/ab174cf6711728e4ee83d672acf9a912\",\"name\":\"Adina C\u0103p\u00eelnean\",\"image\":{\"@type\":\"ImageObject\",\"inLanguage\":\"en-GB\",\"@id\":\"https:\\\/\\\/secure.gravatar.com\\\/avatar\\\/4fe9675d6282fd7c1aa4e486a037d532d5728fc16a30360f293eb6126b2e73ad?s=96&d=monsterid&r=ge2b23868508aec3460d3c6a11d3b599a\",\"url\":\"https:\\\/\\\/secure.gravatar.com\\\/avatar\\\/4fe9675d6282fd7c1aa4e486a037d532d5728fc16a30360f293eb6126b2e73ad?s=96&d=monsterid&r=g\",\"contentUrl\":\"https:\\\/\\\/secure.gravatar.com\\\/avatar\\\/4fe9675d6282fd7c1aa4e486a037d532d5728fc16a30360f293eb6126b2e73ad?s=96&d=monsterid&r=g\",\"caption\":\"Adina C\u0103p\u00eelnean\"},\"url\":\"https:\\\/\\\/buletin.de\\\/bucuresti\\\/author\\\/adinacapilnean\\\/\"}]}<\/script>\n<!-- \/ Yoast SEO Premium plugin. -->","yoast_head_json":{"title":"Aeroporturi Bucure\u0219ti: Lucr\u0103rile pentru separarea fluxurilor Schengen\/non-Schengen se vor termina la finalul lunii - Buletin de Bucure\u0219ti","robots":{"index":"index","follow":"follow","max-snippet":"max-snippet:-1","max-image-preview":"max-image-preview:large","max-video-preview":"max-video-preview:-1"},"canonical":"https:\/\/buletin.de\/bucuresti\/aeroporturi-bucuresti-lucrarile-pentru-separarea-fluxurilor-schengen-non-schengen-se-vor-termina-la-finalul-lunii\/","og_locale":"en_GB","og_type":"article","og_title":"Aeroporturi Bucure\u0219ti: Lucr\u0103rile pentru separarea fluxurilor Schengen\/non-Schengen se vor termina la finalul lunii","og_description":"Haosul de pe aeroportul Otopeni generat de lucr\u0103rile pentru fluxurile Schengen \/ non-Schengen se va \u00eencheia p\u00e2n\u0103 la 1 aprilie, anun\u021b\u0103 oficialii Companiei Na\u021bionale de Aeroporturi Bucure\u0219ti (CNAB). Practic, de la 31 martie, vor fi supu\u0219i controlului de frontier\u0103 doar pasagerii care c\u0103l\u0103toresc \u00een \u0219i din afara spa\u021biului Schengen. Por\u021bile automate de control de frontier\u0103 [&hellip;]","og_url":"https:\/\/buletin.de\/bucuresti\/aeroporturi-bucuresti-lucrarile-pentru-separarea-fluxurilor-schengen-non-schengen-se-vor-termina-la-finalul-lunii\/","og_site_name":"Buletin de Bucure\u0219ti","article_publisher":"https:\/\/www.facebook.com\/buletin.de.buc","article_published_time":"2024-03-27T10:06:47+00:00","article_modified_time":"2024-03-27T21:28:11+00:00","og_image":[{"width":1028,"height":535,"url":"https:\/\/buletin.de\/bucuresti\/wp-content\/uploads\/Screenshot-2024-01-02-at-22.16.08.png","type":"image\/png"}],"author":"Adina C\u0103p\u00eelnean","twitter_card":"summary_large_image","twitter_misc":{"Written by":"Adina C\u0103p\u00eelnean","Estimated reading time":"2 minutes"},"schema":{"@context":"https:\/\/schema.org","@graph":[{"@type":"Article","@id":"https:\/\/buletin.de\/bucuresti\/aeroporturi-bucuresti-lucrarile-pentru-separarea-fluxurilor-schengen-non-schengen-se-vor-termina-la-finalul-lunii\/#article","isPartOf":{"@id":"https:\/\/buletin.de\/bucuresti\/aeroporturi-bucuresti-lucrarile-pentru-separarea-fluxurilor-schengen-non-schengen-se-vor-termina-la-finalul-lunii\/"},"author":{"name":"Adina C\u0103p\u00eelnean","@id":"https:\/\/buletin.de\/bucuresti\/#\/schema\/person\/ab174cf6711728e4ee83d672acf9a912"},"headline":"Aeroporturi Bucure\u0219ti: Lucr\u0103rile pentru separarea fluxurilor Schengen\/non-Schengen se vor termina la finalul lunii","datePublished":"2024-03-27T10:06:47+00:00","dateModified":"2024-03-27T21:28:11+00:00","mainEntityOfPage":{"@id":"https:\/\/buletin.de\/bucuresti\/aeroporturi-bucuresti-lucrarile-pentru-separarea-fluxurilor-schengen-non-schengen-se-vor-termina-la-finalul-lunii\/"},"wordCount":388,"publisher":{"@id":"https:\/\/buletin.de\/bucuresti\/#organization"},"image":{"@id":"https:\/\/buletin.de\/bucuresti\/aeroporturi-bucuresti-lucrarile-pentru-separarea-fluxurilor-schengen-non-schengen-se-vor-termina-la-finalul-lunii\/#primaryimage"},"thumbnailUrl":"https:\/\/buletin.de\/bucuresti\/wp-content\/uploads\/Screenshot-2024-01-02-at-22.16.08.png","keywords":["abc - automatic border control","aeroportul international henri coanda","cnab","compania nationala de aeroporturi bucuresti","henri coanda","schengen","spatiul schengen"],"articleSection":["Articole","\u0218tiri","Transport"],"inLanguage":"en-GB","copyrightYear":"2024","copyrightHolder":{"@id":"https:\/\/buletin.de\/bucuresti\/#organization"}},{"@type":"WebPage","@id":"https:\/\/buletin.de\/bucuresti\/aeroporturi-bucuresti-lucrarile-pentru-separarea-fluxurilor-schengen-non-schengen-se-vor-termina-la-finalul-lunii\/","url":"https:\/\/buletin.de\/bucuresti\/aeroporturi-bucuresti-lucrarile-pentru-separarea-fluxurilor-schengen-non-schengen-se-vor-termina-la-finalul-lunii\/","name":"Aeroporturi Bucure\u0219ti: Lucr\u0103rile pentru separarea fluxurilor Schengen\/non-Schengen se vor termina la finalul lunii - Buletin de Bucure\u0219ti","isPartOf":{"@id":"https:\/\/buletin.de\/bucuresti\/#website"},"primaryImageOfPage":{"@id":"https:\/\/buletin.de\/bucuresti\/aeroporturi-bucuresti-lucrarile-pentru-separarea-fluxurilor-schengen-non-schengen-se-vor-termina-la-finalul-lunii\/#primaryimage"},"image":{"@id":"https:\/\/buletin.de\/bucuresti\/aeroporturi-bucuresti-lucrarile-pentru-separarea-fluxurilor-schengen-non-schengen-se-vor-termina-la-finalul-lunii\/#primaryimage"},"thumbnailUrl":"https:\/\/buletin.de\/bucuresti\/wp-content\/uploads\/Screenshot-2024-01-02-at-22.16.08.png","datePublished":"2024-03-27T10:06:47+00:00","dateModified":"2024-03-27T21:28:11+00:00","breadcrumb":{"@id":"https:\/\/buletin.de\/bucuresti\/aeroporturi-bucuresti-lucrarile-pentru-separarea-fluxurilor-schengen-non-schengen-se-vor-termina-la-finalul-lunii\/#breadcrumb"},"inLanguage":"en-GB","potentialAction":[{"@type":"ReadAction","target":["https:\/\/buletin.de\/bucuresti\/aeroporturi-bucuresti-lucrarile-pentru-separarea-fluxurilor-schengen-non-schengen-se-vor-termina-la-finalul-lunii\/"]}]},{"@type":"ImageObject","inLanguage":"en-GB","@id":"https:\/\/buletin.de\/bucuresti\/aeroporturi-bucuresti-lucrarile-pentru-separarea-fluxurilor-schengen-non-schengen-se-vor-termina-la-finalul-lunii\/#primaryimage","url":"https:\/\/buletin.de\/bucuresti\/wp-content\/uploads\/Screenshot-2024-01-02-at-22.16.08.png","contentUrl":"https:\/\/buletin.de\/bucuresti\/wp-content\/uploads\/Screenshot-2024-01-02-at-22.16.08.png","width":1028,"height":535,"caption":"Incident pe Aeroportul B\u0103neasa Foto: Aeroport Baneasa"},{"@type":"BreadcrumbList","@id":"https:\/\/buletin.de\/bucuresti\/aeroporturi-bucuresti-lucrarile-pentru-separarea-fluxurilor-schengen-non-schengen-se-vor-termina-la-finalul-lunii\/#breadcrumb","itemListElement":[{"@type":"ListItem","position":1,"name":"Acas\u0103","item":"https:\/\/buletin.de\/bucuresti\/"},{"@type":"ListItem","position":2,"name":"Aeroporturi Bucure\u0219ti: Lucr\u0103rile pentru separarea fluxurilor Schengen\/non-Schengen se vor termina la finalul lunii"}]},{"@type":"WebSite","@id":"https:\/\/buletin.de\/bucuresti\/#website","url":"https:\/\/buletin.de\/bucuresti\/","name":"Buletin de Bucure\u0219ti","description":"\u0218tiri \u0219i investiga\u021bii esen\u021biale din capital\u0103","publisher":{"@id":"https:\/\/buletin.de\/bucuresti\/#organization"},"potentialAction":[{"@type":"SearchAction","target":{"@type":"EntryPoint","urlTemplate":"https:\/\/buletin.de\/bucuresti\/?s={search_term_string}"},"query-input":{"@type":"PropertyValueSpecification","valueRequired":true,"valueName":"search_term_string"}}],"inLanguage":"en-GB"},{"@type":"Organization","@id":"https:\/\/buletin.de\/bucuresti\/#organization","name":"Buletin de Bucure\u0219ti","url":"https:\/\/buletin.de\/bucuresti\/","logo":{"@type":"ImageObject","inLanguage":"en-GB","@id":"https:\/\/buletin.de\/bucuresti\/#\/schema\/logo\/image\/","url":"https:\/\/buletin.de\/bucuresti\/wp-content\/uploads\/logo-bdb-full-wide-vernil-transparent.png","contentUrl":"https:\/\/buletin.de\/bucuresti\/wp-content\/uploads\/logo-bdb-full-wide-vernil-transparent.png","width":1782,"height":626,"caption":"Buletin de Bucure\u0219ti"},"image":{"@id":"https:\/\/buletin.de\/bucuresti\/#\/schema\/logo\/image\/"},"sameAs":["https:\/\/www.facebook.com\/buletin.de.buc","https:\/\/www.instagram.com\/buletinde.bucuresti\/"]},{"@type":"Person","@id":"https:\/\/buletin.de\/bucuresti\/#\/schema\/person\/ab174cf6711728e4ee83d672acf9a912","name":"Adina C\u0103p\u00eelnean","image":{"@type":"ImageObject","inLanguage":"en-GB","@id":"https:\/\/secure.gravatar.com\/avatar\/4fe9675d6282fd7c1aa4e486a037d532d5728fc16a30360f293eb6126b2e73ad?s=96&d=monsterid&r=ge2b23868508aec3460d3c6a11d3b599a","url":"https:\/\/secure.gravatar.com\/avatar\/4fe9675d6282fd7c1aa4e486a037d532d5728fc16a30360f293eb6126b2e73ad?s=96&d=monsterid&r=g","contentUrl":"https:\/\/secure.gravatar.com\/avatar\/4fe9675d6282fd7c1aa4e486a037d532d5728fc16a30360f293eb6126b2e73ad?s=96&d=monsterid&r=g","caption":"Adina C\u0103p\u00eelnean"},"url":"https:\/\/buletin.de\/bucuresti\/author\/adinacapilnean\/"}]}},"authors":[{"term_id":22580,"user_id":47,"is_guest":0,"slug":"adinacapilnean","display_name":"Adina C\u0103p\u00eelnean","avatar_url":"https:\/\/secure.gravatar.com\/avatar\/4fe9675d6282fd7c1aa4e486a037d532d5728fc16a30360f293eb6126b2e73ad?s=96&d=monsterid&r=g","0":null,"1":"","2":"","3":"","4":"","5":"","6":"","7":"","8":""}],"_links":{"self":[{"href":"https:\/\/buletin.de\/bucuresti\/wp-json\/wp\/v2\/posts\/81092","targetHints":{"allow":["GET"]}}],"collection":[{"href":"https:\/\/buletin.de\/bucuresti\/wp-json\/wp\/v2\/posts"}],"about":[{"href":"https:\/\/buletin.de\/bucuresti\/wp-json\/wp\/v2\/types\/post"}],"author":[{"embeddable":true,"href":"https:\/\/buletin.de\/bucuresti\/wp-json\/wp\/v2\/users\/47"}],"replies":[{"embeddable":true,"href":"https:\/\/buletin.de\/bucuresti\/wp-json\/wp\/v2\/comments?post=81092"}],"version-history":[{"count":3,"href":"https:\/\/buletin.de\/bucuresti\/wp-json\/wp\/v2\/posts\/81092\/revisions"}],"predecessor-version":[{"id":81106,"href":"https:\/\/buletin.de\/bucuresti\/wp-json\/wp\/v2\/posts\/81092\/revisions\/81106"}],"wp:featuredmedia":[{"embeddable":true,"href":"https:\/\/buletin.de\/bucuresti\/wp-json\/wp\/v2\/media\/73550"}],"wp:attachment":[{"href":"https:\/\/buletin.de\/bucuresti\/wp-json\/wp\/v2\/media?parent=81092"}],"wp:term":[{"taxonomy":"category","embeddable":true,"href":"https:\/\/buletin.de\/bucuresti\/wp-json\/wp\/v2\/categories?post=81092"},{"taxonomy":"post_tag","embeddable":true,"href":"https:\/\/buletin.de\/bucuresti\/wp-json\/wp\/v2\/tags?post=81092"},{"taxonomy":"author","embeddable":true,"href":"https:\/\/buletin.de\/bucuresti\/wp-json\/wp\/v2\/ppma_author?post=81092"}],"curies":[{"name":"wp","href":"https:\/\/api.w.org\/{rel}","templated":true}]}}