{"id":80810,"date":"2024-03-23T06:34:10","date_gmt":"2024-03-23T04:34:10","guid":{"rendered":"https:\/\/buletin.de\/bucuresti\/?p=80810"},"modified":"2024-03-23T22:05:46","modified_gmt":"2024-03-23T20:05:46","slug":"ionel-ganea-scos-cu-forta-din-masina-de-politistii-de-la-arena-nationala-cei-de-la-rutiera-spun-ca-nu-a-oprit-la-semnalele-lor","status":"publish","type":"post","link":"https:\/\/buletin.de\/bucuresti\/ionel-ganea-scos-cu-forta-din-masina-de-politistii-de-la-arena-nationala-cei-de-la-rutiera-spun-ca-nu-a-oprit-la-semnalele-lor\/","title":{"rendered":"Ionel Ganea, scos cu for\u0163a din ma\u015fin\u0103 de poli\u0163i\u015ftii de la Arena Na\u0163ional\u0103. Cei de la Rutier\u0103 spun c\u0103 nu a oprit la semnalele lor"},"content":{"rendered":"\n<p><strong>Fostul juc\u0103tor de na\u0163ional\u0103 Ionel Ganea a fost luat pe sus de poli\u0163i\u015ftii de la Rutier\u0103, dus la sec\u0163ie, amendat \u015fi l\u0103sat f\u0103r\u0103 permis pentru o lun\u0103. Oamenii legii spun c\u0103 nu a oprit c\u00e2nd i-au cerut asta prin sta\u0163ia de amplificare. Totul s-a \u00eent\u00e2mplat seara trecut\u0103, 22 martie, \u00een fa\u0163a Arenei Na\u0163ionale, \u00eenainte de amicalul Rom\u00e2nia &#8211; Irlanda de Nord. <\/strong><\/p>\n\n\n\n<p>So\u0163ia lui Ionel Ganea a dat declara\u0163ii \u00een fa\u0163a jurnali\u015ftilor str\u00e2n\u015fi la stadion \u015fi a spus c\u0103 acesta a \u00eencercat s\u0103 intre \u00eentr-o parcare unde n-ar fi avut acces \u015fi de aici i s-a tras toat\u0103 \u00eent\u00e2mplarea. Reclam\u0103 agresivitatea cu care au intervenit poli\u0163i\u015ftii. <\/p>\n\n\n\n<p>Cei de la Rutier\u0103 spun c\u0103 au avut motive \u00eentemeiate s\u0103 \u00eel ia pe sus pe fostul interna\u0163ional.<\/p>\n\n\n\n<blockquote class=\"wp-block-quote is-layout-flow wp-block-quote-is-layout-flow\">\n<p class=\"has-medium-font-size\">La data de 22 martie a.c., \u00een jurul orei 21:00, poli\u021bi\u0219ti din cadrul Brig\u0103zii Rutiere afla\u021bi \u00een proximitatea stadionului Na\u021bional Arena pentru asigurarea m\u0103surilor de ordine \u0219i siguran\u021b\u0103 rutier\u0103 precum \u0219i fluidizarea traficului rutier, au efectuat semnal regulamentar de oprire unui autovehicul la volanul c\u0103ruia se afla un b\u0103rbat.<br>Conduc\u0103torul autovehiculului nu a respectat semnalele poli\u021bistului rutier continu\u00e2ndu-\u0219i deplasarea.<\/p>\n\n\n\n<p class=\"has-medium-font-size\">\u00cen acest context, ini\u021bial, poli\u021bi\u0219tii i-au solicitat prin intermediul sta\u021biei de amplificare s\u0103 opreasc\u0103, iar ulterior, pentru c\u0103 nu s-a conformat, au procedat la blocarea autovehiculului, extragerea conduc\u0103torului \u0219i conducerea acestuia la sediul Brig\u0103zii Rutiere, pentru stabilirea situa\u021biei de fapt.<\/p>\n<cite>comunicat Brigada Rutier\u0103<\/cite><\/blockquote>\n\n\n\n<p>Jurnali\u015ftii de la <a href=\"https:\/\/as.ro\/extra\/scandal-urias-la-arena-nationala-ionel-ganea-a-fost-scos-cu-forta-din-masina-de-politisti-scene-halucinante-385368.html\">as.ro<\/a> au \u015fi un video \u00een care se vede toat\u0103 interven\u0163ia Poli\u0163iei, de c\u00e2nd Ganea a fost scos din ma\u015fina lui \u015fi p\u00e2n\u0103 c\u00e2nd a ajuns pe bancheta ma\u015finii de la Rutier\u0103.<\/p>\n\n\n\n<p>Ionel Ganea a fost testat pentru alcool \u015fi droguri, \u00eens\u0103 ambele teste au avut rezultat negativ. A fost amendat cu 2650 de lei <em>pentru nerespectarea semnalelor \u0219i indica\u021biilor poli\u021bistului rutier, precum \u0219i pentru lipsa documentelor prev\u0103zute de legisla\u021bia rutier\u0103 \u00een vigoare, fiind dispus\u0103 totodat\u0103 \u0219i m\u0103sura suspend\u0103rii exercit\u0103rii dreptului de a conduce autovehicule pe drumurile publice pentru o perioad\u0103 de 30 de zile<\/em>.<\/p>\n\n\n\n<p>Dup\u0103 ce a fost eliberat de la sec\u0163ia de poli\u0163ie, Ionel Ganea s-a \u00eentors la Arena Na\u0163ional\u0103, pentru meciul Rom\u00e2nia &#8211; Irlanda de Nord. <\/p>\n\n\n\n<p><\/p>\n\n\n\n<p><strong>CITE\u015eTE \u015eI:<\/strong><\/p>\n\n\n\n<figure class=\"wp-block-embed is-type-wp-embed is-provider-buletin-de-bucure-ti wp-block-embed-buletin-de-bucure-ti\"><div class=\"wp-block-embed__wrapper\">\n<blockquote class=\"wp-embedded-content\" data-secret=\"JXRMdnj3kw\"><a href=\"https:\/\/buletin.de\/bucuresti\/presedintele-rapidului-daniel-niculae-ridicat-de-mascati-raid-la-membri-de-galerie-care-aveau-acasa-arme-de-foc\/\">Pre\u0219edintele Rapidului, Daniel Niculae, ridicat de masca\u021bi. Raid la membri de galerie care aveau acas\u0103 arme de foc<\/a><\/blockquote><iframe class=\"wp-embedded-content\" sandbox=\"allow-scripts\" security=\"restricted\" style=\"position: absolute; clip: rect(1px, 1px, 1px, 1px);\" title=\"&#8220;Pre\u0219edintele Rapidului, Daniel Niculae, ridicat de masca\u021bi. Raid la membri de galerie care aveau acas\u0103 arme de foc&#8221; &#8212; Buletin de Bucure\u0219ti\" src=\"https:\/\/buletin.de\/bucuresti\/presedintele-rapidului-daniel-niculae-ridicat-de-mascati-raid-la-membri-de-galerie-care-aveau-acasa-arme-de-foc\/embed\/#?secret=SYF8iI8dss#?secret=JXRMdnj3kw\" data-secret=\"JXRMdnj3kw\" width=\"600\" height=\"338\" frameborder=\"0\" marginwidth=\"0\" marginheight=\"0\" scrolling=\"no\"><\/iframe>\n<\/div><\/figure>\n","protected":false},"excerpt":{"rendered":"<p>Fostul juc\u0103tor de na\u0163ional\u0103 Ionel Ganea a fost luat pe sus de poli\u0163i\u015ftii de la Rutier\u0103, dus la sec\u0163ie, amendat \u015fi l\u0103sat f\u0103r\u0103 permis pentru o lun\u0103. Oamenii legii spun c\u0103 nu a oprit c\u00e2nd i-au cerut asta prin sta\u0163ia de amplificare. Totul s-a \u00eent\u00e2mplat seara trecut\u0103, 22 martie, \u00een fa\u0163a Arenei Na\u0163ionale, \u00eenainte de [&hellip;]<\/p>\n","protected":false},"author":8,"featured_media":80811,"comment_status":"closed","ping_status":"open","sticky":false,"template":"","format":"standard","meta":{"_acf_changed":false,"inline_featured_image":false,"ngg_post_thumbnail":0,"footnotes":""},"categories":[6994,9026,5762],"tags":[10704,10703,10702,10701],"ppma_author":[22586],"class_list":["post-80810","post","type-post","status-publish","format-standard","has-post-thumbnail","hentry","category-stiri-2","category-eveniment","category-main","tag-ganea-dus-la-sectie","tag-ganea-rutiera-masina","tag-ganea-scandal-arena-nationala","tag-ionel-ganea-amendat-si-lasat-fara-permis"],"acf":[],"yoast_head":"<!-- This site is optimized with the Yoast SEO Premium plugin v25.3 (Yoast SEO v27.5) - https:\/\/yoast.com\/product\/yoast-seo-premium-wordpress\/ -->\n<title>Ionel Ganea, scos cu for\u0163a din ma\u015fin\u0103 de poli\u0163i\u015ftii de la Arena Na\u0163ional\u0103. Cei de la Rutier\u0103 spun c\u0103 nu a oprit la semnalele lor - Buletin de Bucure\u0219ti<\/title>\n<meta name=\"robots\" content=\"index, follow, max-snippet:-1, max-image-preview:large, max-video-preview:-1\" \/>\n<link rel=\"canonical\" href=\"https:\/\/buletin.de\/bucuresti\/ionel-ganea-scos-cu-forta-din-masina-de-politistii-de-la-arena-nationala-cei-de-la-rutiera-spun-ca-nu-a-oprit-la-semnalele-lor\/\" \/>\n<meta property=\"og:locale\" content=\"en_GB\" \/>\n<meta property=\"og:type\" content=\"article\" \/>\n<meta property=\"og:title\" content=\"Ionel Ganea, scos cu for\u0163a din ma\u015fin\u0103 de poli\u0163i\u015ftii de la Arena Na\u0163ional\u0103. Cei de la Rutier\u0103 spun c\u0103 nu a oprit la semnalele lor\" \/>\n<meta property=\"og:description\" content=\"Fostul juc\u0103tor de na\u0163ional\u0103 Ionel Ganea a fost luat pe sus de poli\u0163i\u015ftii de la Rutier\u0103, dus la sec\u0163ie, amendat \u015fi l\u0103sat f\u0103r\u0103 permis pentru o lun\u0103. Oamenii legii spun c\u0103 nu a oprit c\u00e2nd i-au cerut asta prin sta\u0163ia de amplificare. Totul s-a \u00eent\u00e2mplat seara trecut\u0103, 22 martie, \u00een fa\u0163a Arenei Na\u0163ionale, \u00eenainte de [&hellip;]\" \/>\n<meta property=\"og:url\" content=\"https:\/\/buletin.de\/bucuresti\/ionel-ganea-scos-cu-forta-din-masina-de-politistii-de-la-arena-nationala-cei-de-la-rutiera-spun-ca-nu-a-oprit-la-semnalele-lor\/\" \/>\n<meta property=\"og:site_name\" content=\"Buletin de Bucure\u0219ti\" \/>\n<meta property=\"article:publisher\" content=\"https:\/\/www.facebook.com\/buletin.de.buc\" \/>\n<meta property=\"article:published_time\" content=\"2024-03-23T04:34:10+00:00\" \/>\n<meta property=\"article:modified_time\" content=\"2024-03-23T20:05:46+00:00\" \/>\n<meta property=\"og:image\" content=\"https:\/\/buletin.de\/bucuresti\/wp-content\/uploads\/ionel-ganea-politie.jpg\" \/>\n\t<meta property=\"og:image:width\" content=\"1013\" \/>\n\t<meta property=\"og:image:height\" content=\"615\" \/>\n\t<meta property=\"og:image:type\" content=\"image\/jpeg\" \/>\n<meta name=\"author\" content=\"Ionu\u021b Lepa\" \/>\n<meta name=\"twitter:card\" content=\"summary_large_image\" \/>\n<meta name=\"twitter:label1\" content=\"Written by\" \/>\n\t<meta name=\"twitter:data1\" content=\"Ionu\u021b Lepa\" \/>\n\t<meta name=\"twitter:label2\" content=\"Estimated reading time\" \/>\n\t<meta name=\"twitter:data2\" content=\"2 minutes\" \/>\n<script type=\"application\/ld+json\" class=\"yoast-schema-graph\">{\"@context\":\"https:\\\/\\\/schema.org\",\"@graph\":[{\"@type\":\"Article\",\"@id\":\"https:\\\/\\\/buletin.de\\\/bucuresti\\\/ionel-ganea-scos-cu-forta-din-masina-de-politistii-de-la-arena-nationala-cei-de-la-rutiera-spun-ca-nu-a-oprit-la-semnalele-lor\\\/#article\",\"isPartOf\":{\"@id\":\"https:\\\/\\\/buletin.de\\\/bucuresti\\\/ionel-ganea-scos-cu-forta-din-masina-de-politistii-de-la-arena-nationala-cei-de-la-rutiera-spun-ca-nu-a-oprit-la-semnalele-lor\\\/\"},\"author\":{\"name\":\"Ionu\u021b Lepa\",\"@id\":\"https:\\\/\\\/buletin.de\\\/bucuresti\\\/#\\\/schema\\\/person\\\/5272b8a057b33890940b57b837fc4ce6\"},\"headline\":\"Ionel Ganea, scos cu for\u0163a din ma\u015fin\u0103 de poli\u0163i\u015ftii de la Arena Na\u0163ional\u0103. Cei de la Rutier\u0103 spun c\u0103 nu a oprit la semnalele lor\",\"datePublished\":\"2024-03-23T04:34:10+00:00\",\"dateModified\":\"2024-03-23T20:05:46+00:00\",\"mainEntityOfPage\":{\"@id\":\"https:\\\/\\\/buletin.de\\\/bucuresti\\\/ionel-ganea-scos-cu-forta-din-masina-de-politistii-de-la-arena-nationala-cei-de-la-rutiera-spun-ca-nu-a-oprit-la-semnalele-lor\\\/\"},\"wordCount\":443,\"publisher\":{\"@id\":\"https:\\\/\\\/buletin.de\\\/bucuresti\\\/#organization\"},\"image\":{\"@id\":\"https:\\\/\\\/buletin.de\\\/bucuresti\\\/ionel-ganea-scos-cu-forta-din-masina-de-politistii-de-la-arena-nationala-cei-de-la-rutiera-spun-ca-nu-a-oprit-la-semnalele-lor\\\/#primaryimage\"},\"thumbnailUrl\":\"https:\\\/\\\/buletin.de\\\/bucuresti\\\/wp-content\\\/uploads\\\/ionel-ganea-politie.jpg\",\"keywords\":[\"ganea dus la sectie\",\"ganea rutiera masina\",\"ganea scandal arena nationala\",\"ionel ganea amendat si lasat fara permis\"],\"articleSection\":[\"Articole\",\"Eveniment\",\"Main\"],\"inLanguage\":\"en-GB\",\"copyrightYear\":\"2024\",\"copyrightHolder\":{\"@id\":\"https:\\\/\\\/buletin.de\\\/bucuresti\\\/#organization\"}},{\"@type\":\"WebPage\",\"@id\":\"https:\\\/\\\/buletin.de\\\/bucuresti\\\/ionel-ganea-scos-cu-forta-din-masina-de-politistii-de-la-arena-nationala-cei-de-la-rutiera-spun-ca-nu-a-oprit-la-semnalele-lor\\\/\",\"url\":\"https:\\\/\\\/buletin.de\\\/bucuresti\\\/ionel-ganea-scos-cu-forta-din-masina-de-politistii-de-la-arena-nationala-cei-de-la-rutiera-spun-ca-nu-a-oprit-la-semnalele-lor\\\/\",\"name\":\"Ionel Ganea, scos cu for\u0163a din ma\u015fin\u0103 de poli\u0163i\u015ftii de la Arena Na\u0163ional\u0103. Cei de la Rutier\u0103 spun c\u0103 nu a oprit la semnalele lor - Buletin de Bucure\u0219ti\",\"isPartOf\":{\"@id\":\"https:\\\/\\\/buletin.de\\\/bucuresti\\\/#website\"},\"primaryImageOfPage\":{\"@id\":\"https:\\\/\\\/buletin.de\\\/bucuresti\\\/ionel-ganea-scos-cu-forta-din-masina-de-politistii-de-la-arena-nationala-cei-de-la-rutiera-spun-ca-nu-a-oprit-la-semnalele-lor\\\/#primaryimage\"},\"image\":{\"@id\":\"https:\\\/\\\/buletin.de\\\/bucuresti\\\/ionel-ganea-scos-cu-forta-din-masina-de-politistii-de-la-arena-nationala-cei-de-la-rutiera-spun-ca-nu-a-oprit-la-semnalele-lor\\\/#primaryimage\"},\"thumbnailUrl\":\"https:\\\/\\\/buletin.de\\\/bucuresti\\\/wp-content\\\/uploads\\\/ionel-ganea-politie.jpg\",\"datePublished\":\"2024-03-23T04:34:10+00:00\",\"dateModified\":\"2024-03-23T20:05:46+00:00\",\"breadcrumb\":{\"@id\":\"https:\\\/\\\/buletin.de\\\/bucuresti\\\/ionel-ganea-scos-cu-forta-din-masina-de-politistii-de-la-arena-nationala-cei-de-la-rutiera-spun-ca-nu-a-oprit-la-semnalele-lor\\\/#breadcrumb\"},\"inLanguage\":\"en-GB\",\"potentialAction\":[{\"@type\":\"ReadAction\",\"target\":[\"https:\\\/\\\/buletin.de\\\/bucuresti\\\/ionel-ganea-scos-cu-forta-din-masina-de-politistii-de-la-arena-nationala-cei-de-la-rutiera-spun-ca-nu-a-oprit-la-semnalele-lor\\\/\"]}]},{\"@type\":\"ImageObject\",\"inLanguage\":\"en-GB\",\"@id\":\"https:\\\/\\\/buletin.de\\\/bucuresti\\\/ionel-ganea-scos-cu-forta-din-masina-de-politistii-de-la-arena-nationala-cei-de-la-rutiera-spun-ca-nu-a-oprit-la-semnalele-lor\\\/#primaryimage\",\"url\":\"https:\\\/\\\/buletin.de\\\/bucuresti\\\/wp-content\\\/uploads\\\/ionel-ganea-politie.jpg\",\"contentUrl\":\"https:\\\/\\\/buletin.de\\\/bucuresti\\\/wp-content\\\/uploads\\\/ionel-ganea-politie.jpg\",\"width\":1013,\"height\":615,\"caption\":\"FOTO: as.ro\"},{\"@type\":\"BreadcrumbList\",\"@id\":\"https:\\\/\\\/buletin.de\\\/bucuresti\\\/ionel-ganea-scos-cu-forta-din-masina-de-politistii-de-la-arena-nationala-cei-de-la-rutiera-spun-ca-nu-a-oprit-la-semnalele-lor\\\/#breadcrumb\",\"itemListElement\":[{\"@type\":\"ListItem\",\"position\":1,\"name\":\"Acas\u0103\",\"item\":\"https:\\\/\\\/buletin.de\\\/bucuresti\\\/\"},{\"@type\":\"ListItem\",\"position\":2,\"name\":\"Ionel Ganea, scos cu for\u0163a din ma\u015fin\u0103 de poli\u0163i\u015ftii de la Arena Na\u0163ional\u0103. Cei de la Rutier\u0103 spun c\u0103 nu a oprit la semnalele lor\"}]},{\"@type\":\"WebSite\",\"@id\":\"https:\\\/\\\/buletin.de\\\/bucuresti\\\/#website\",\"url\":\"https:\\\/\\\/buletin.de\\\/bucuresti\\\/\",\"name\":\"Buletin de Bucure\u0219ti\",\"description\":\"\u0218tiri \u0219i investiga\u021bii esen\u021biale din capital\u0103\",\"publisher\":{\"@id\":\"https:\\\/\\\/buletin.de\\\/bucuresti\\\/#organization\"},\"potentialAction\":[{\"@type\":\"SearchAction\",\"target\":{\"@type\":\"EntryPoint\",\"urlTemplate\":\"https:\\\/\\\/buletin.de\\\/bucuresti\\\/?s={search_term_string}\"},\"query-input\":{\"@type\":\"PropertyValueSpecification\",\"valueRequired\":true,\"valueName\":\"search_term_string\"}}],\"inLanguage\":\"en-GB\"},{\"@type\":\"Organization\",\"@id\":\"https:\\\/\\\/buletin.de\\\/bucuresti\\\/#organization\",\"name\":\"Buletin de Bucure\u0219ti\",\"url\":\"https:\\\/\\\/buletin.de\\\/bucuresti\\\/\",\"logo\":{\"@type\":\"ImageObject\",\"inLanguage\":\"en-GB\",\"@id\":\"https:\\\/\\\/buletin.de\\\/bucuresti\\\/#\\\/schema\\\/logo\\\/image\\\/\",\"url\":\"https:\\\/\\\/buletin.de\\\/bucuresti\\\/wp-content\\\/uploads\\\/logo-bdb-full-wide-vernil-transparent.png\",\"contentUrl\":\"https:\\\/\\\/buletin.de\\\/bucuresti\\\/wp-content\\\/uploads\\\/logo-bdb-full-wide-vernil-transparent.png\",\"width\":1782,\"height\":626,\"caption\":\"Buletin de Bucure\u0219ti\"},\"image\":{\"@id\":\"https:\\\/\\\/buletin.de\\\/bucuresti\\\/#\\\/schema\\\/logo\\\/image\\\/\"},\"sameAs\":[\"https:\\\/\\\/www.facebook.com\\\/buletin.de.buc\",\"https:\\\/\\\/www.instagram.com\\\/buletinde.bucuresti\\\/\"]},{\"@type\":\"Person\",\"@id\":\"https:\\\/\\\/buletin.de\\\/bucuresti\\\/#\\\/schema\\\/person\\\/5272b8a057b33890940b57b837fc4ce6\",\"name\":\"Ionu\u021b Lepa\",\"image\":{\"@type\":\"ImageObject\",\"inLanguage\":\"en-GB\",\"@id\":\"https:\\\/\\\/buletin.de\\\/bucuresti\\\/wp-content\\\/uploads\\\/Ionut-Lepa-96x96.jpg5c4e4d9e049808799a8821652d2410a4\",\"url\":\"https:\\\/\\\/buletin.de\\\/bucuresti\\\/wp-content\\\/uploads\\\/Ionut-Lepa-96x96.jpg\",\"contentUrl\":\"https:\\\/\\\/buletin.de\\\/bucuresti\\\/wp-content\\\/uploads\\\/Ionut-Lepa-96x96.jpg\",\"caption\":\"Ionu\u021b Lepa\"},\"url\":\"https:\\\/\\\/buletin.de\\\/bucuresti\\\/author\\\/ionutlepa\\\/\"}]}<\/script>\n<!-- \/ Yoast SEO Premium plugin. -->","yoast_head_json":{"title":"Ionel Ganea, scos cu for\u0163a din ma\u015fin\u0103 de poli\u0163i\u015ftii de la Arena Na\u0163ional\u0103. Cei de la Rutier\u0103 spun c\u0103 nu a oprit la semnalele lor - Buletin de Bucure\u0219ti","robots":{"index":"index","follow":"follow","max-snippet":"max-snippet:-1","max-image-preview":"max-image-preview:large","max-video-preview":"max-video-preview:-1"},"canonical":"https:\/\/buletin.de\/bucuresti\/ionel-ganea-scos-cu-forta-din-masina-de-politistii-de-la-arena-nationala-cei-de-la-rutiera-spun-ca-nu-a-oprit-la-semnalele-lor\/","og_locale":"en_GB","og_type":"article","og_title":"Ionel Ganea, scos cu for\u0163a din ma\u015fin\u0103 de poli\u0163i\u015ftii de la Arena Na\u0163ional\u0103. Cei de la Rutier\u0103 spun c\u0103 nu a oprit la semnalele lor","og_description":"Fostul juc\u0103tor de na\u0163ional\u0103 Ionel Ganea a fost luat pe sus de poli\u0163i\u015ftii de la Rutier\u0103, dus la sec\u0163ie, amendat \u015fi l\u0103sat f\u0103r\u0103 permis pentru o lun\u0103. Oamenii legii spun c\u0103 nu a oprit c\u00e2nd i-au cerut asta prin sta\u0163ia de amplificare. Totul s-a \u00eent\u00e2mplat seara trecut\u0103, 22 martie, \u00een fa\u0163a Arenei Na\u0163ionale, \u00eenainte de [&hellip;]","og_url":"https:\/\/buletin.de\/bucuresti\/ionel-ganea-scos-cu-forta-din-masina-de-politistii-de-la-arena-nationala-cei-de-la-rutiera-spun-ca-nu-a-oprit-la-semnalele-lor\/","og_site_name":"Buletin de Bucure\u0219ti","article_publisher":"https:\/\/www.facebook.com\/buletin.de.buc","article_published_time":"2024-03-23T04:34:10+00:00","article_modified_time":"2024-03-23T20:05:46+00:00","og_image":[{"width":1013,"height":615,"url":"https:\/\/buletin.de\/bucuresti\/wp-content\/uploads\/ionel-ganea-politie.jpg","type":"image\/jpeg"}],"author":"Ionu\u021b Lepa","twitter_card":"summary_large_image","twitter_misc":{"Written by":"Ionu\u021b Lepa","Estimated reading time":"2 minutes"},"schema":{"@context":"https:\/\/schema.org","@graph":[{"@type":"Article","@id":"https:\/\/buletin.de\/bucuresti\/ionel-ganea-scos-cu-forta-din-masina-de-politistii-de-la-arena-nationala-cei-de-la-rutiera-spun-ca-nu-a-oprit-la-semnalele-lor\/#article","isPartOf":{"@id":"https:\/\/buletin.de\/bucuresti\/ionel-ganea-scos-cu-forta-din-masina-de-politistii-de-la-arena-nationala-cei-de-la-rutiera-spun-ca-nu-a-oprit-la-semnalele-lor\/"},"author":{"name":"Ionu\u021b Lepa","@id":"https:\/\/buletin.de\/bucuresti\/#\/schema\/person\/5272b8a057b33890940b57b837fc4ce6"},"headline":"Ionel Ganea, scos cu for\u0163a din ma\u015fin\u0103 de poli\u0163i\u015ftii de la Arena Na\u0163ional\u0103. Cei de la Rutier\u0103 spun c\u0103 nu a oprit la semnalele lor","datePublished":"2024-03-23T04:34:10+00:00","dateModified":"2024-03-23T20:05:46+00:00","mainEntityOfPage":{"@id":"https:\/\/buletin.de\/bucuresti\/ionel-ganea-scos-cu-forta-din-masina-de-politistii-de-la-arena-nationala-cei-de-la-rutiera-spun-ca-nu-a-oprit-la-semnalele-lor\/"},"wordCount":443,"publisher":{"@id":"https:\/\/buletin.de\/bucuresti\/#organization"},"image":{"@id":"https:\/\/buletin.de\/bucuresti\/ionel-ganea-scos-cu-forta-din-masina-de-politistii-de-la-arena-nationala-cei-de-la-rutiera-spun-ca-nu-a-oprit-la-semnalele-lor\/#primaryimage"},"thumbnailUrl":"https:\/\/buletin.de\/bucuresti\/wp-content\/uploads\/ionel-ganea-politie.jpg","keywords":["ganea dus la sectie","ganea rutiera masina","ganea scandal arena nationala","ionel ganea amendat si lasat fara permis"],"articleSection":["Articole","Eveniment","Main"],"inLanguage":"en-GB","copyrightYear":"2024","copyrightHolder":{"@id":"https:\/\/buletin.de\/bucuresti\/#organization"}},{"@type":"WebPage","@id":"https:\/\/buletin.de\/bucuresti\/ionel-ganea-scos-cu-forta-din-masina-de-politistii-de-la-arena-nationala-cei-de-la-rutiera-spun-ca-nu-a-oprit-la-semnalele-lor\/","url":"https:\/\/buletin.de\/bucuresti\/ionel-ganea-scos-cu-forta-din-masina-de-politistii-de-la-arena-nationala-cei-de-la-rutiera-spun-ca-nu-a-oprit-la-semnalele-lor\/","name":"Ionel Ganea, scos cu for\u0163a din ma\u015fin\u0103 de poli\u0163i\u015ftii de la Arena Na\u0163ional\u0103. Cei de la Rutier\u0103 spun c\u0103 nu a oprit la semnalele lor - Buletin de Bucure\u0219ti","isPartOf":{"@id":"https:\/\/buletin.de\/bucuresti\/#website"},"primaryImageOfPage":{"@id":"https:\/\/buletin.de\/bucuresti\/ionel-ganea-scos-cu-forta-din-masina-de-politistii-de-la-arena-nationala-cei-de-la-rutiera-spun-ca-nu-a-oprit-la-semnalele-lor\/#primaryimage"},"image":{"@id":"https:\/\/buletin.de\/bucuresti\/ionel-ganea-scos-cu-forta-din-masina-de-politistii-de-la-arena-nationala-cei-de-la-rutiera-spun-ca-nu-a-oprit-la-semnalele-lor\/#primaryimage"},"thumbnailUrl":"https:\/\/buletin.de\/bucuresti\/wp-content\/uploads\/ionel-ganea-politie.jpg","datePublished":"2024-03-23T04:34:10+00:00","dateModified":"2024-03-23T20:05:46+00:00","breadcrumb":{"@id":"https:\/\/buletin.de\/bucuresti\/ionel-ganea-scos-cu-forta-din-masina-de-politistii-de-la-arena-nationala-cei-de-la-rutiera-spun-ca-nu-a-oprit-la-semnalele-lor\/#breadcrumb"},"inLanguage":"en-GB","potentialAction":[{"@type":"ReadAction","target":["https:\/\/buletin.de\/bucuresti\/ionel-ganea-scos-cu-forta-din-masina-de-politistii-de-la-arena-nationala-cei-de-la-rutiera-spun-ca-nu-a-oprit-la-semnalele-lor\/"]}]},{"@type":"ImageObject","inLanguage":"en-GB","@id":"https:\/\/buletin.de\/bucuresti\/ionel-ganea-scos-cu-forta-din-masina-de-politistii-de-la-arena-nationala-cei-de-la-rutiera-spun-ca-nu-a-oprit-la-semnalele-lor\/#primaryimage","url":"https:\/\/buletin.de\/bucuresti\/wp-content\/uploads\/ionel-ganea-politie.jpg","contentUrl":"https:\/\/buletin.de\/bucuresti\/wp-content\/uploads\/ionel-ganea-politie.jpg","width":1013,"height":615,"caption":"FOTO: as.ro"},{"@type":"BreadcrumbList","@id":"https:\/\/buletin.de\/bucuresti\/ionel-ganea-scos-cu-forta-din-masina-de-politistii-de-la-arena-nationala-cei-de-la-rutiera-spun-ca-nu-a-oprit-la-semnalele-lor\/#breadcrumb","itemListElement":[{"@type":"ListItem","position":1,"name":"Acas\u0103","item":"https:\/\/buletin.de\/bucuresti\/"},{"@type":"ListItem","position":2,"name":"Ionel Ganea, scos cu for\u0163a din ma\u015fin\u0103 de poli\u0163i\u015ftii de la Arena Na\u0163ional\u0103. Cei de la Rutier\u0103 spun c\u0103 nu a oprit la semnalele lor"}]},{"@type":"WebSite","@id":"https:\/\/buletin.de\/bucuresti\/#website","url":"https:\/\/buletin.de\/bucuresti\/","name":"Buletin de Bucure\u0219ti","description":"\u0218tiri \u0219i investiga\u021bii esen\u021biale din capital\u0103","publisher":{"@id":"https:\/\/buletin.de\/bucuresti\/#organization"},"potentialAction":[{"@type":"SearchAction","target":{"@type":"EntryPoint","urlTemplate":"https:\/\/buletin.de\/bucuresti\/?s={search_term_string}"},"query-input":{"@type":"PropertyValueSpecification","valueRequired":true,"valueName":"search_term_string"}}],"inLanguage":"en-GB"},{"@type":"Organization","@id":"https:\/\/buletin.de\/bucuresti\/#organization","name":"Buletin de Bucure\u0219ti","url":"https:\/\/buletin.de\/bucuresti\/","logo":{"@type":"ImageObject","inLanguage":"en-GB","@id":"https:\/\/buletin.de\/bucuresti\/#\/schema\/logo\/image\/","url":"https:\/\/buletin.de\/bucuresti\/wp-content\/uploads\/logo-bdb-full-wide-vernil-transparent.png","contentUrl":"https:\/\/buletin.de\/bucuresti\/wp-content\/uploads\/logo-bdb-full-wide-vernil-transparent.png","width":1782,"height":626,"caption":"Buletin de Bucure\u0219ti"},"image":{"@id":"https:\/\/buletin.de\/bucuresti\/#\/schema\/logo\/image\/"},"sameAs":["https:\/\/www.facebook.com\/buletin.de.buc","https:\/\/www.instagram.com\/buletinde.bucuresti\/"]},{"@type":"Person","@id":"https:\/\/buletin.de\/bucuresti\/#\/schema\/person\/5272b8a057b33890940b57b837fc4ce6","name":"Ionu\u021b Lepa","image":{"@type":"ImageObject","inLanguage":"en-GB","@id":"https:\/\/buletin.de\/bucuresti\/wp-content\/uploads\/Ionut-Lepa-96x96.jpg5c4e4d9e049808799a8821652d2410a4","url":"https:\/\/buletin.de\/bucuresti\/wp-content\/uploads\/Ionut-Lepa-96x96.jpg","contentUrl":"https:\/\/buletin.de\/bucuresti\/wp-content\/uploads\/Ionut-Lepa-96x96.jpg","caption":"Ionu\u021b Lepa"},"url":"https:\/\/buletin.de\/bucuresti\/author\/ionutlepa\/"}]}},"authors":[{"term_id":22586,"user_id":8,"is_guest":0,"slug":"ionutlepa","display_name":"Ionu\u021b Lepa","avatar_url":"https:\/\/buletin.de\/bucuresti\/wp-content\/uploads\/Ionut-Lepa-96x96.jpg","0":null,"1":"","2":"","3":"","4":"","5":"","6":"","7":"","8":""}],"_links":{"self":[{"href":"https:\/\/buletin.de\/bucuresti\/wp-json\/wp\/v2\/posts\/80810","targetHints":{"allow":["GET"]}}],"collection":[{"href":"https:\/\/buletin.de\/bucuresti\/wp-json\/wp\/v2\/posts"}],"about":[{"href":"https:\/\/buletin.de\/bucuresti\/wp-json\/wp\/v2\/types\/post"}],"author":[{"embeddable":true,"href":"https:\/\/buletin.de\/bucuresti\/wp-json\/wp\/v2\/users\/8"}],"replies":[{"embeddable":true,"href":"https:\/\/buletin.de\/bucuresti\/wp-json\/wp\/v2\/comments?post=80810"}],"version-history":[{"count":3,"href":"https:\/\/buletin.de\/bucuresti\/wp-json\/wp\/v2\/posts\/80810\/revisions"}],"predecessor-version":[{"id":80841,"href":"https:\/\/buletin.de\/bucuresti\/wp-json\/wp\/v2\/posts\/80810\/revisions\/80841"}],"wp:featuredmedia":[{"embeddable":true,"href":"https:\/\/buletin.de\/bucuresti\/wp-json\/wp\/v2\/media\/80811"}],"wp:attachment":[{"href":"https:\/\/buletin.de\/bucuresti\/wp-json\/wp\/v2\/media?parent=80810"}],"wp:term":[{"taxonomy":"category","embeddable":true,"href":"https:\/\/buletin.de\/bucuresti\/wp-json\/wp\/v2\/categories?post=80810"},{"taxonomy":"post_tag","embeddable":true,"href":"https:\/\/buletin.de\/bucuresti\/wp-json\/wp\/v2\/tags?post=80810"},{"taxonomy":"author","embeddable":true,"href":"https:\/\/buletin.de\/bucuresti\/wp-json\/wp\/v2\/ppma_author?post=80810"}],"curies":[{"name":"wp","href":"https:\/\/api.w.org\/{rel}","templated":true}]}}