{"id":80776,"date":"2024-03-23T13:00:00","date_gmt":"2024-03-23T11:00:00","guid":{"rendered":"https:\/\/buletin.de\/bucuresti\/?p=80776"},"modified":"2024-03-25T07:47:46","modified_gmt":"2024-03-25T05:47:46","slug":"reportaj-spectactorii-de-pe-scena-teatrului-de-comedie","status":"publish","type":"post","link":"https:\/\/buletin.de\/bucuresti\/reportaj-spectactorii-de-pe-scena-teatrului-de-comedie\/","title":{"rendered":"REPORTAJ | \u201eSpectActorii\u201d de pe scena Teatrului de Comedie"},"content":{"rendered":"\n<h2 class=\"wp-block-heading\">Prolog<\/h2>\n\n\n\n<p><strong>Contrar credin\u0163ei populare, teatrul nu este despre a purta o masc\u0103, ci despre a renun\u0163a la ea. Cu to\u0163ii purt\u0103m m\u0103\u015fti \u00een via\u0163a de zi cu zi: masca angajatului-model, a \u015fefului mereu binevoitor, a politicianului f\u0103r\u0103 de cusur sau a p\u0103rintelui atot\u015ftiutor. Unele dintre ele sunt \u00eentr-at\u00e2t de bine realizate c\u0103 ne p\u0103c\u0103lim \u015fi pe noi \u00een\u015fine \u015fi uit\u0103m cine suntem. Uit\u0103m c\u0103, din c\u00e2nd \u00een c\u00e2nd, e bine s\u0103 spui \u015fi \u201eNu \u015ftiu, nu pot sau nu vreau\u201d. Cu alte cuvinte, \u201ene lu\u0103m prea \u00een serios\u201d.<\/strong><\/p>\n\n\n\n<h2 class=\"wp-block-heading\">Actul I<\/h2>\n\n\n\n<p>Recuzita: Un scaun, un pix, un pic dintr-un aspirator. Scriptul: Onomatopee, DOAR onomatopee.&nbsp;<\/p>\n\n\n\n<p>Dac\u0103 m-a\u0163i fi pus s\u0103 scriu acest reportaj la \u00eenceputul serii, v-a\u015f fi povestit despre lucrurile bizare care se \u00eent\u00e2mpl\u0103 pe scena Teatrului de Comedie odat\u0103 cu apusul soarelui. Adul\u0163i \u00een toat\u0103 firea parc\u0103 uit\u0103 s\u0103 vorbeasc\u0103. Acum, dup\u0103 ce am mai digerat pu\u0163in, mi-am dat seama c\u0103 \u00eentr-adev\u0103r, uit\u0103 s\u0103 vorbeasc\u0103, dar \u00eenva\u0163\u0103 s\u0103 comunice. C\u00e2\u0163i dintre noi ne putem m\u00e2ndri cu faptul c\u0103 ne \u00een\u0163elegem cu cel de l\u00e2ng\u0103 noi, doar dintr-o privire, silab\u0103 sau, de ce nu, onomatopee?<\/p>\n\n\n\n<figure class=\"wp-block-video\"><video height=\"480\" style=\"aspect-ratio: 640 \/ 480;\" width=\"640\" controls src=\"https:\/\/buletin.de\/bucuresti\/wp-content\/uploads\/WhatsApp-Video-2024-03-22-at-6.23.20-PM-1.mp4\"><\/video><\/figure>\n\n\n\n<p>Acesta era \u015fi scopul exerci\u0163iului de la cursul de teatru al Continuu Studio. S\u0103 dezvolt: unul dintre participan\u0163i era trimis la col\u0163. Nu, nu pedepsit, ci literalmente trimis \u00een spatele s\u0103lii. Cu ochii \u00eenchi\u015fi. Restul grupului alegea o pozi\u0163ie pentru recuzit\u0103. Odat\u0103 ce se stabilea un acord, \u00eentre membrii grupului, non-verbal desigur, pixul, scaunul \u015fi \u0163eava aspiratorului se \u00eentorceau \u00een pozi\u0163ia ini\u0163ial\u0103. Se \u00eentorcea \u015fi \u201eexilatul\u201d. Acesta trebuia s\u0103 se joace cu cele trei obiecte p\u00e2n\u0103 c\u00e2nd nimerea pozi\u0163ia aleas\u0103 de grup. Participan\u0163ii \u00eel ghidau, f\u0103r\u0103 cuvinte, doar prin sunete. Un fel de \u201erece-cald\u201d cu onomatopee.<\/p>\n\n\n\n<h2 class=\"wp-block-heading\">Note de subsol <\/h2>\n\n\n\n<p>Dac\u0103 ar trebui s\u0103 trag o concluzie \u00een urma primului act, aceea ar fi c\u0103 adul\u0163ilor le place joaca. Rareori o admitem, deseori \u00eei blam\u0103m pe cei din jur pentru prea mult\u0103 joac\u0103. Poate am vrea \u015fi noi s\u0103 ne juc\u0103m, dar am uitat cum.<\/p>\n\n\n\n<blockquote class=\"wp-block-quote is-layout-flow wp-block-quote-is-layout-flow\">\n<p class=\"has-medium-font-size\">Am venit s\u0103 ma joc. Pentru copilul meu interior.<\/p>\n<cite>Amalia, 55 ani<\/cite><\/blockquote>\n\n\n\n<p>Dac\u0103 ar trebui s\u0103 trag dou\u0103 concluzii, cea de-a doua ar fi c\u0103 ne baz\u0103m prea mult pe limbaj. Ne-am obi\u015fnuit s\u0103 vrem s\u0103 vorbim, s\u0103 vrem s\u0103 ne facem auzi\u0163i \u015fi am uitat c\u0103 mesajele pot fi transmise \u015fi prin corp, de la expresii \u015fi gesturi p\u00e2n\u0103 la postur\u0103 sau tonalitate.<\/p>\n\n\n\n<figure class=\"wp-block-image size-large\"><img fetchpriority=\"high\" decoding=\"async\" width=\"900\" height=\"675\" src=\"data:image\/gif;base64,R0lGODlhAQABAAAAACH5BAEKAAEALAAAAAABAAEAAAICTAEAOw==\" data-src=\"https:\/\/buletin.de\/bucuresti\/wp-content\/uploads\/Ex-teatru-900x675.jpg\" alt=\"\" class=\"wp-image-80782 lazyload\" data-sizes=\"auto\" data-srcset=\"https:\/\/buletin.de\/bucuresti\/wp-content\/uploads\/Ex-teatru-900x675.jpg 900w, https:\/\/buletin.de\/bucuresti\/wp-content\/uploads\/Ex-teatru-300x225.jpg 300w, https:\/\/buletin.de\/bucuresti\/wp-content\/uploads\/Ex-teatru-768x576.jpg 768w, https:\/\/buletin.de\/bucuresti\/wp-content\/uploads\/Ex-teatru-1536x1152.jpg 1536w, https:\/\/buletin.de\/bucuresti\/wp-content\/uploads\/Ex-teatru-1100x825.jpg 1100w, https:\/\/buletin.de\/bucuresti\/wp-content\/uploads\/Ex-teatru-600x450.jpg 600w, https:\/\/buletin.de\/bucuresti\/wp-content\/uploads\/Ex-teatru-20x15.jpg 20w, https:\/\/buletin.de\/bucuresti\/wp-content\/uploads\/Ex-teatru.jpg 1600w\" sizes=\"(max-width: 900px) 100vw, 900px\" \/><\/figure>\n\n\n\n<h2 class=\"wp-block-heading\">Actul II<\/h2>\n\n\n\n<p>Ce \u00eenseamn\u0103 s\u0103 fii spectA(c)tor?<\/p>\n\n\n\n<p>S\u0103 fii spectA(c)tor \u00eenseamn\u0103 s\u0103 admi\u0163i c\u00e2nd \u00ee\u0163i este team\u0103.<\/p>\n\n\n\n<blockquote class=\"wp-block-quote is-layout-flow wp-block-quote-is-layout-flow\">\n<p class=\"has-medium-font-size\">M\u0103 ajut\u0103 s\u0103 dep\u0103\u015fesc ni\u015fte frici, ni\u015fte temeri pe care le am. M\u0103 fac s\u0103 devin vulnerabil\u0103, m\u0103 ajut\u0103 s\u0103 \u00een\u0163eleg c\u0103 nu toat\u0103 lumea te critic\u0103.<\/p>\n<cite>Roxana, 30 ani<\/cite><\/blockquote>\n\n\n\n<p>Office manager \u015fi student\u0103 la psihologie, Roxana \u00ee\u015fi dore\u015fte ca, pe viitor, s\u0103 ajung\u0103 psihoterapeut. Dup\u0103 o zi \u00eenc\u0103rcat\u0103 de task-uri \u015fi teme, era destul de obosit\u0103 la \u00eenceputul cursurilor. Totu\u015fi, g\u00e2ndul piesei \u00een care va juca la finalul modulului a energizat-o extraordinar, dup\u0103 cum ne spune chiar ea:<\/p>\n\n\n\n<blockquote class=\"wp-block-quote is-layout-flow wp-block-quote-is-layout-flow\">\n<p class=\"has-medium-font-size\">Toat\u0103 munca pe care o depunem, toat\u0103 sudoarea pe care o l\u0103s\u0103m pe podelele astea, de frustrare mai mult ajunge s\u0103 fie v\u0103zut\u0103 de cei apropia\u0163i.<\/p>\n<\/blockquote>\n\n\n\n<p>Probabil ajut\u0103 \u015fi sentimentul dulce-amar al anticip\u0103rii. Niciunul dintre participan\u0163i nu \u015ftie ce spectacol va fi ori ce rol va avea. Se vehiculeaz\u0103 Shakespeare, \u201eVisul unei nop\u0163i de var\u0103\u201d. <\/p>\n\n\n\n<figure class=\"wp-block-gallery has-nested-images columns-2 is-cropped wp-block-gallery-1 is-layout-flex wp-block-gallery-is-layout-flex\">\n<figure class=\"wp-block-image size-large\"><img decoding=\"async\" width=\"900\" height=\"675\" data-id=\"80792\" src=\"data:image\/gif;base64,R0lGODlhAQABAAAAACH5BAEKAAEALAAAAAABAAEAAAICTAEAOw==\" data-src=\"https:\/\/buletin.de\/bucuresti\/wp-content\/uploads\/Exercitiu-teatru-1-900x675.jpg\" alt=\"\" class=\"wp-image-80792 lazyload\" data-sizes=\"auto\" data-srcset=\"https:\/\/buletin.de\/bucuresti\/wp-content\/uploads\/Exercitiu-teatru-1-900x675.jpg 900w, https:\/\/buletin.de\/bucuresti\/wp-content\/uploads\/Exercitiu-teatru-1-300x225.jpg 300w, https:\/\/buletin.de\/bucuresti\/wp-content\/uploads\/Exercitiu-teatru-1-768x576.jpg 768w, https:\/\/buletin.de\/bucuresti\/wp-content\/uploads\/Exercitiu-teatru-1-1536x1152.jpg 1536w, https:\/\/buletin.de\/bucuresti\/wp-content\/uploads\/Exercitiu-teatru-1-1100x825.jpg 1100w, https:\/\/buletin.de\/bucuresti\/wp-content\/uploads\/Exercitiu-teatru-1-600x450.jpg 600w, https:\/\/buletin.de\/bucuresti\/wp-content\/uploads\/Exercitiu-teatru-1-20x15.jpg 20w, https:\/\/buletin.de\/bucuresti\/wp-content\/uploads\/Exercitiu-teatru-1.jpg 1600w\" sizes=\"(max-width: 900px) 100vw, 900px\" \/><\/figure>\n\n\n\n<figure class=\"wp-block-image size-large\"><img decoding=\"async\" width=\"900\" height=\"675\" data-id=\"80793\" src=\"data:image\/gif;base64,R0lGODlhAQABAAAAACH5BAEKAAEALAAAAAABAAEAAAICTAEAOw==\" data-src=\"https:\/\/buletin.de\/bucuresti\/wp-content\/uploads\/Curs-teatru-1-900x675.jpg\" alt=\"\" class=\"wp-image-80793 lazyload\" data-sizes=\"auto\" data-srcset=\"https:\/\/buletin.de\/bucuresti\/wp-content\/uploads\/Curs-teatru-1-900x675.jpg 900w, https:\/\/buletin.de\/bucuresti\/wp-content\/uploads\/Curs-teatru-1-300x225.jpg 300w, https:\/\/buletin.de\/bucuresti\/wp-content\/uploads\/Curs-teatru-1-768x576.jpg 768w, https:\/\/buletin.de\/bucuresti\/wp-content\/uploads\/Curs-teatru-1-1536x1152.jpg 1536w, https:\/\/buletin.de\/bucuresti\/wp-content\/uploads\/Curs-teatru-1-1100x825.jpg 1100w, https:\/\/buletin.de\/bucuresti\/wp-content\/uploads\/Curs-teatru-1-600x450.jpg 600w, https:\/\/buletin.de\/bucuresti\/wp-content\/uploads\/Curs-teatru-1-20x15.jpg 20w, https:\/\/buletin.de\/bucuresti\/wp-content\/uploads\/Curs-teatru-1.jpg 1600w\" sizes=\"(max-width: 900px) 100vw, 900px\" \/><\/figure>\n\n\n\n<figure class=\"wp-block-image size-large\"><img loading=\"lazy\" decoding=\"async\" width=\"900\" height=\"774\" data-id=\"80802\" src=\"data:image\/gif;base64,R0lGODlhAQABAAAAACH5BAEKAAEALAAAAAABAAEAAAICTAEAOw==\" data-src=\"https:\/\/buletin.de\/bucuresti\/wp-content\/uploads\/Teatru-2-900x774.jpg\" alt=\"\" class=\"wp-image-80802 lazyload\" data-sizes=\"auto\" data-srcset=\"https:\/\/buletin.de\/bucuresti\/wp-content\/uploads\/Teatru-2-900x774.jpg 900w, https:\/\/buletin.de\/bucuresti\/wp-content\/uploads\/Teatru-2-300x258.jpg 300w, https:\/\/buletin.de\/bucuresti\/wp-content\/uploads\/Teatru-2-768x661.jpg 768w, https:\/\/buletin.de\/bucuresti\/wp-content\/uploads\/Teatru-2-1100x946.jpg 1100w, https:\/\/buletin.de\/bucuresti\/wp-content\/uploads\/Teatru-2-600x516.jpg 600w, https:\/\/buletin.de\/bucuresti\/wp-content\/uploads\/Teatru-2-20x17.jpg 20w, https:\/\/buletin.de\/bucuresti\/wp-content\/uploads\/Teatru-2.jpg 1395w\" sizes=\"(max-width: 900px) 100vw, 900px\" \/><\/figure>\n<\/figure>\n\n\n\n<p>S\u0103 fii spect(A)ctor \u00eenseamn\u0103 s\u0103 te bucuri de zecile de priviri avide a\u0163intite spre tine. <\/p>\n\n\n\n<blockquote class=\"wp-block-quote is-layout-flow wp-block-quote-is-layout-flow\">\n<p class=\"has-medium-font-size\">De fiecare dat\u0103, m\u0103 bucur foarte tare c\u0103 sunt pe scen\u0103, c\u0103 sunt reflectoare \u015fi c\u0103 fac oamenii s\u0103 z\u00e2mbeasc\u0103.<\/p>\n<cite>Amalia, 55 ani<\/cite><\/blockquote>\n\n\n\n<p>Amalia are 55 ani \u015fi lucreaz\u0103 ca asistent personal. Fiind pasionat\u0103 de art\u0103 \u015fi de pove\u015fti, \u00ee\u015fi dorea de mai mult timp s\u0103 ajung\u0103 pe scen\u0103. Rolurile mai copil\u0103re\u015fti i se potrivesc ca o m\u0103nu\u0219\u0103. \u00cen schimb, situa\u0163ia se complic\u0103 atunci c\u00e2nd trebuie s\u0103 joace un persoanaj mai rigid, mai serios, de pild\u0103, un psiholog: <em>\u201eNu prea \u00een\u0163elegeam eu cum s\u0103 stau serioas\u0103 \u015fi ce s\u0103 zic, dar p\u00e2n\u0103 la urm\u0103, cu ajutorul profesorilor, m-am prins\u201d<\/em>.<\/p>\n\n\n\n<figure class=\"wp-block-gallery has-nested-images columns-default is-cropped wp-block-gallery-2 is-layout-flex wp-block-gallery-is-layout-flex\">\n<figure class=\"wp-block-image size-large\"><img loading=\"lazy\" decoding=\"async\" width=\"900\" height=\"675\" data-id=\"80799\" src=\"data:image\/gif;base64,R0lGODlhAQABAAAAACH5BAEKAAEALAAAAAABAAEAAAICTAEAOw==\" data-src=\"https:\/\/buletin.de\/bucuresti\/wp-content\/uploads\/Grup-900x675.jpg\" alt=\"\" class=\"wp-image-80799 lazyload\" data-sizes=\"auto\" data-srcset=\"https:\/\/buletin.de\/bucuresti\/wp-content\/uploads\/Grup-900x675.jpg 900w, https:\/\/buletin.de\/bucuresti\/wp-content\/uploads\/Grup-300x225.jpg 300w, https:\/\/buletin.de\/bucuresti\/wp-content\/uploads\/Grup-768x576.jpg 768w, https:\/\/buletin.de\/bucuresti\/wp-content\/uploads\/Grup-1536x1152.jpg 1536w, https:\/\/buletin.de\/bucuresti\/wp-content\/uploads\/Grup-1100x825.jpg 1100w, https:\/\/buletin.de\/bucuresti\/wp-content\/uploads\/Grup-600x450.jpg 600w, https:\/\/buletin.de\/bucuresti\/wp-content\/uploads\/Grup-20x15.jpg 20w, https:\/\/buletin.de\/bucuresti\/wp-content\/uploads\/Grup.jpg 1600w\" sizes=\"(max-width: 900px) 100vw, 900px\" \/><\/figure>\n<\/figure>\n\n\n\n<p>S\u0103 fii spect(A)ctor \u00eenseamn\u0103 s\u0103 te expui, \u00een ciuda temerilor de a fi judecat.<\/p>\n\n\n\n<blockquote class=\"wp-block-quote is-layout-flow wp-block-quote-is-layout-flow\">\n<p>Intervine acea team\u0103 de a fi judecat, de a nu spune ceva gre\u015fit.<\/p>\n<cite>Marilena, 26 ani<\/cite><\/blockquote>\n\n\n\n<p>Marilena lucreaz\u0103 \u00een HR \u015fi&nbsp; este \u00eentr-o formare pe partea de psihoterapie. Exerci\u0163iile sale preferate sunt cele de conectare, s-a g\u00e2ndit s\u0103 le fure \u015fi pentru terapiile de grup. Marilena ne m\u0103rturise\u015fte c\u0103, de\u015fi se simte mult mai relaxat\u0103 comparativ cu prima \u015fedin\u0163\u0103, exerci\u0163iile \u00een care trebuie s\u0103 te expui singur \u00een fa\u0163a grupului, f\u0103ra partener, \u00eenc\u0103 reprezint\u0103 o provocare.<\/p>\n\n\n\n<figure class=\"wp-block-video\"><video height=\"480\" style=\"aspect-ratio: 640 \/ 480;\" width=\"640\" controls src=\"https:\/\/buletin.de\/bucuresti\/wp-content\/uploads\/Video-2.mp4\"><\/video><\/figure>\n\n\n\n<p>S\u0103 fii spect(A)ctor \u00eenseamn\u0103 s\u0103 iube\u015fti oamenii.<\/p>\n\n\n\n<blockquote class=\"wp-block-quote is-layout-flow wp-block-quote-is-layout-flow\">\n<p class=\"has-medium-font-size\">\u00cemi place s\u0103 fiu \u00een mijlocul oamenilor. Unde e lume mult\u0103, este mediul meu.<\/p>\n<cite>Ruxandra, 47 ani<\/cite><\/blockquote>\n\n\n\n<p>Ruxandra lucreaz\u0103 \u00een domeniul comunic\u0103rii, fiind, totodat\u0103, ghid montan. Ador\u0103 s\u0103 exploreze locuri, dar \u015fi oameni. Tot curiozitatea a \u00eempins-o \u015fi c\u0103tre cursurile de actorie. De\u015fi a fost doar a doua \u015fedin\u0163\u0103 la care a participat, a r\u0103mas impresionat\u0103 de conexiunile care se creeaz\u0103 \u00een timpul exerci\u0163iilor.<\/p>\n\n\n\n<figure class=\"wp-block-gallery has-nested-images columns-default is-cropped wp-block-gallery-3 is-layout-flex wp-block-gallery-is-layout-flex\">\n<figure class=\"wp-block-image size-large\"><img loading=\"lazy\" decoding=\"async\" width=\"900\" height=\"675\" data-id=\"80800\" src=\"data:image\/gif;base64,R0lGODlhAQABAAAAACH5BAEKAAEALAAAAAABAAEAAAICTAEAOw==\" data-src=\"https:\/\/buletin.de\/bucuresti\/wp-content\/uploads\/Exercitii-teatru-900x675.jpg\" alt=\"\" class=\"wp-image-80800 lazyload\" data-sizes=\"auto\" data-srcset=\"https:\/\/buletin.de\/bucuresti\/wp-content\/uploads\/Exercitii-teatru-900x675.jpg 900w, https:\/\/buletin.de\/bucuresti\/wp-content\/uploads\/Exercitii-teatru-300x225.jpg 300w, https:\/\/buletin.de\/bucuresti\/wp-content\/uploads\/Exercitii-teatru-768x576.jpg 768w, https:\/\/buletin.de\/bucuresti\/wp-content\/uploads\/Exercitii-teatru-1536x1152.jpg 1536w, https:\/\/buletin.de\/bucuresti\/wp-content\/uploads\/Exercitii-teatru-1100x825.jpg 1100w, https:\/\/buletin.de\/bucuresti\/wp-content\/uploads\/Exercitii-teatru-600x450.jpg 600w, https:\/\/buletin.de\/bucuresti\/wp-content\/uploads\/Exercitii-teatru-20x15.jpg 20w, https:\/\/buletin.de\/bucuresti\/wp-content\/uploads\/Exercitii-teatru.jpg 1600w\" sizes=\"(max-width: 900px) 100vw, 900px\" \/><\/figure>\n\n\n\n<figure class=\"wp-block-image size-large\"><img loading=\"lazy\" decoding=\"async\" width=\"900\" height=\"675\" data-id=\"80801\" src=\"data:image\/gif;base64,R0lGODlhAQABAAAAACH5BAEKAAEALAAAAAABAAEAAAICTAEAOw==\" data-src=\"https:\/\/buletin.de\/bucuresti\/wp-content\/uploads\/Grup-2-900x675.jpg\" alt=\"\" class=\"wp-image-80801 lazyload\" data-sizes=\"auto\" data-srcset=\"https:\/\/buletin.de\/bucuresti\/wp-content\/uploads\/Grup-2-900x675.jpg 900w, https:\/\/buletin.de\/bucuresti\/wp-content\/uploads\/Grup-2-300x225.jpg 300w, https:\/\/buletin.de\/bucuresti\/wp-content\/uploads\/Grup-2-768x576.jpg 768w, https:\/\/buletin.de\/bucuresti\/wp-content\/uploads\/Grup-2-1536x1152.jpg 1536w, https:\/\/buletin.de\/bucuresti\/wp-content\/uploads\/Grup-2-1100x825.jpg 1100w, https:\/\/buletin.de\/bucuresti\/wp-content\/uploads\/Grup-2-600x450.jpg 600w, https:\/\/buletin.de\/bucuresti\/wp-content\/uploads\/Grup-2-20x15.jpg 20w, https:\/\/buletin.de\/bucuresti\/wp-content\/uploads\/Grup-2.jpg 1600w\" sizes=\"(max-width: 900px) 100vw, 900px\" \/><\/figure>\n<\/figure>\n\n\n\n<h2 class=\"wp-block-heading\">Credite<\/h2>\n\n\n\n<p>\u00cen regia Smarandei Caragea.<\/p>\n\n\n\n<p>Angajat\u0103 a Teatrului de Comedie din Bucure\u015fti, Smaranda este \u015fi <a href=\"https:\/\/www.facebook.com\/continuu.studio\">fondatoarea Continuu Studio<\/a>. Cu non-actori lucreaz\u0103 \u00eenc\u0103 din 2009: pe parcursul anilor, peste 2000 de copii \u015fi adul\u0163i particip\u0103 la atelierele ei.<\/p>\n\n\n\n<p>De-a lungul timpului, a dezvoltat un model de proiectare \u015fi conducere a activit\u0103\u0163ilor: Modelul \u00cenv\u0103\u0163\u0103rii Experen\u0163iale Conduse. Pe scurt,<em> \u201eteoria \u00eenv\u0103\u0163at\u0103 pe propria-\u0163i piele, subordonat\u0103 unui obiectiv specific\u201d.<\/em><\/p>\n\n\n\n<p>Iube\u015fte ceea ce face, se consider\u0103 o norocoas\u0103: trebuie s\u0103 ai m\u0103car un gram de noroc ca atunci c\u00e2nd mergi la munc\u0103, s\u0103 mergi \u015fi la joac\u0103.<\/p>\n\n\n\n<figure class=\"wp-block-gallery has-nested-images columns-2 is-cropped wp-block-gallery-4 is-layout-flex wp-block-gallery-is-layout-flex\">\n<figure class=\"wp-block-image size-large\"><img loading=\"lazy\" decoding=\"async\" width=\"526\" height=\"526\" data-id=\"80787\" src=\"data:image\/gif;base64,R0lGODlhAQABAAAAACH5BAEKAAEALAAAAAABAAEAAAICTAEAOw==\" data-src=\"https:\/\/buletin.de\/bucuresti\/wp-content\/uploads\/Smaranda.jpg\" alt=\"\" class=\"wp-image-80787 lazyload\" data-sizes=\"auto\" data-srcset=\"https:\/\/buletin.de\/bucuresti\/wp-content\/uploads\/Smaranda.jpg 526w, https:\/\/buletin.de\/bucuresti\/wp-content\/uploads\/Smaranda-300x300.jpg 300w, https:\/\/buletin.de\/bucuresti\/wp-content\/uploads\/Smaranda-150x150.jpg 150w, https:\/\/buletin.de\/bucuresti\/wp-content\/uploads\/Smaranda-20x20.jpg 20w\" sizes=\"(max-width: 526px) 100vw, 526px\" \/><\/figure>\n\n\n\n<figure class=\"wp-block-image size-large\"><img loading=\"lazy\" decoding=\"async\" width=\"600\" height=\"900\" data-id=\"80788\" src=\"data:image\/gif;base64,R0lGODlhAQABAAAAACH5BAEKAAEALAAAAAABAAEAAAICTAEAOw==\" data-src=\"https:\/\/buletin.de\/bucuresti\/wp-content\/uploads\/Smaranda-Caragea-600x900.jpg\" alt=\"\" class=\"wp-image-80788 lazyload\" data-sizes=\"auto\" data-srcset=\"https:\/\/buletin.de\/bucuresti\/wp-content\/uploads\/Smaranda-Caragea-600x900.jpg 600w, https:\/\/buletin.de\/bucuresti\/wp-content\/uploads\/Smaranda-Caragea-200x300.jpg 200w, https:\/\/buletin.de\/bucuresti\/wp-content\/uploads\/Smaranda-Caragea-768x1152.jpg 768w, https:\/\/buletin.de\/bucuresti\/wp-content\/uploads\/Smaranda-Caragea-1024x1536.jpg 1024w, https:\/\/buletin.de\/bucuresti\/wp-content\/uploads\/Smaranda-Caragea-1100x1650.jpg 1100w, https:\/\/buletin.de\/bucuresti\/wp-content\/uploads\/Smaranda-Caragea-20x30.jpg 20w, https:\/\/buletin.de\/bucuresti\/wp-content\/uploads\/Smaranda-Caragea.jpg 1365w\" sizes=\"(max-width: 600px) 100vw, 600px\" \/><\/figure>\n\n\n\n<figure class=\"wp-block-image size-large\"><img loading=\"lazy\" decoding=\"async\" width=\"900\" height=\"675\" data-id=\"80789\" src=\"data:image\/gif;base64,R0lGODlhAQABAAAAACH5BAEKAAEALAAAAAABAAEAAAICTAEAOw==\" data-src=\"https:\/\/buletin.de\/bucuresti\/wp-content\/uploads\/Smaranda-2-900x675.jpg\" alt=\"\" class=\"wp-image-80789 lazyload\" data-sizes=\"auto\" data-srcset=\"https:\/\/buletin.de\/bucuresti\/wp-content\/uploads\/Smaranda-2-900x675.jpg 900w, https:\/\/buletin.de\/bucuresti\/wp-content\/uploads\/Smaranda-2-300x225.jpg 300w, https:\/\/buletin.de\/bucuresti\/wp-content\/uploads\/Smaranda-2-768x576.jpg 768w, https:\/\/buletin.de\/bucuresti\/wp-content\/uploads\/Smaranda-2-1536x1152.jpg 1536w, https:\/\/buletin.de\/bucuresti\/wp-content\/uploads\/Smaranda-2-1600x1200.jpg 1600w, https:\/\/buletin.de\/bucuresti\/wp-content\/uploads\/Smaranda-2-1100x825.jpg 1100w, https:\/\/buletin.de\/bucuresti\/wp-content\/uploads\/Smaranda-2-600x450.jpg 600w, https:\/\/buletin.de\/bucuresti\/wp-content\/uploads\/Smaranda-2-20x15.jpg 20w, https:\/\/buletin.de\/bucuresti\/wp-content\/uploads\/Smaranda-2.jpg 2048w\" sizes=\"(max-width: 900px) 100vw, 900px\" \/><\/figure>\n<figcaption class=\"blocks-gallery-caption wp-element-caption\">FOTO: FB\/ Bullets over Lipscani<\/figcaption><\/figure>\n\n\n\n<blockquote class=\"wp-block-quote is-layout-flow wp-block-quote-is-layout-flow\">\n<p>Teatrul m-a salvat (&#8230;) M-a disciplinat, m-a f\u0103cut s\u0103-mi dau seama unde este limita \u00eentre a pierde controlul \u015fi a te l\u0103sa s\u0103 r\u0103spunzi lumii cu autenticitate \u015fi a fi atent \u015fi controlat c\u00e2nd e nevoie s\u0103 g\u0103se\u015fti o m\u0103sur\u0103 a lucrurilor.<\/p>\n<cite>Smaranda Caragea, Actri\u0163\u0103<\/cite><\/blockquote>\n\n\n\n<p>\u00cen regia lui Sorin Dobrin. <\/p>\n\n\n\n<p>P\u00e2n\u0103 \u00een prezent, Sorin a colaborat cu marile teatre bucure\u015ftene: Bulandra, Teatrul Na\u0163ional Bucure\u015fti, Metropolis, Notara sau Godot. Nici filmul nu \u00eei este str\u0103in: a jucat \u00een numeroase scurtmetraje rom\u00e2ne\u015fti, dar \u015fi \u00een produc\u0163ii de lungmetraj. Al\u0103turi de Smaranda, ghideaz\u0103 cursurile de teatru, at\u00e2t pentru copii, c\u00e2t \u015fi pentru adul\u0163i.<\/p>\n\n\n\n<p>De-a lungul timpului, \u015fi el a \u00eencercat s\u0103-\u015fi r\u0103spund\u0103 la \u00eentrebarea: <em>\u201eCare \u00ee\u0163i place mai mult?\u201d<\/em>  Dragostea sa \u00eenc\u0103 pare \u00eemp\u0103r\u0163it\u0103 \u00eentre cele dou\u0103 lumi, declar\u00e2nd c\u0103 se simte cel mai bine al\u0103turi de oamenii dragi. Totu\u015fi, ne-a m\u0103rturisit c\u0103, deseori, cele mai str\u00e2nse rela\u0163ii se formeaz\u0103 pe scena de teatru, nu pe platourile de filmare. <\/p>\n\n\n\n<figure class=\"wp-block-gallery has-nested-images columns-1 is-cropped wp-block-gallery-5 is-layout-flex wp-block-gallery-is-layout-flex\">\n<figure class=\"wp-block-image size-full\"><img loading=\"lazy\" decoding=\"async\" width=\"2048\" height=\"1360\" data-id=\"80786\" src=\"data:image\/gif;base64,R0lGODlhAQABAAAAACH5BAEKAAEALAAAAAABAAEAAAICTAEAOw==\" data-src=\"https:\/\/buletin.de\/bucuresti\/wp-content\/uploads\/Funeralii-Fericite.jpg\" alt=\"\" class=\"wp-image-80786 lazyload\" data-sizes=\"auto\" data-srcset=\"https:\/\/buletin.de\/bucuresti\/wp-content\/uploads\/Funeralii-Fericite.jpg 2048w, https:\/\/buletin.de\/bucuresti\/wp-content\/uploads\/Funeralii-Fericite-300x199.jpg 300w, https:\/\/buletin.de\/bucuresti\/wp-content\/uploads\/Funeralii-Fericite-900x598.jpg 900w, https:\/\/buletin.de\/bucuresti\/wp-content\/uploads\/Funeralii-Fericite-768x510.jpg 768w, https:\/\/buletin.de\/bucuresti\/wp-content\/uploads\/Funeralii-Fericite-1536x1020.jpg 1536w, https:\/\/buletin.de\/bucuresti\/wp-content\/uploads\/Funeralii-Fericite-1600x1063.jpg 1600w, https:\/\/buletin.de\/bucuresti\/wp-content\/uploads\/Funeralii-Fericite-1100x730.jpg 1100w, https:\/\/buletin.de\/bucuresti\/wp-content\/uploads\/Funeralii-Fericite-600x398.jpg 600w, https:\/\/buletin.de\/bucuresti\/wp-content\/uploads\/Funeralii-Fericite-20x13.jpg 20w\" sizes=\"(max-width: 2048px) 100vw, 2048px\" \/><figcaption class=\"wp-element-caption\">FOTO: FB\/ Funeralii Fericite (Film: Funeralii Fericite)<\/figcaption><\/figure>\n\n\n\n<figure class=\"wp-block-image size-full\"><img loading=\"lazy\" decoding=\"async\" width=\"876\" height=\"635\" data-id=\"80784\" src=\"data:image\/gif;base64,R0lGODlhAQABAAAAACH5BAEKAAEALAAAAAABAAEAAAICTAEAOw==\" data-src=\"https:\/\/buletin.de\/bucuresti\/wp-content\/uploads\/Captura-de-ecran-2024-03-22-200821.png\" alt=\"\" class=\"wp-image-80784 lazyload\" data-sizes=\"auto\" data-srcset=\"https:\/\/buletin.de\/bucuresti\/wp-content\/uploads\/Captura-de-ecran-2024-03-22-200821.png 876w, https:\/\/buletin.de\/bucuresti\/wp-content\/uploads\/Captura-de-ecran-2024-03-22-200821-300x217.png 300w, https:\/\/buletin.de\/bucuresti\/wp-content\/uploads\/Captura-de-ecran-2024-03-22-200821-768x557.png 768w, https:\/\/buletin.de\/bucuresti\/wp-content\/uploads\/Captura-de-ecran-2024-03-22-200821-600x435.png 600w, https:\/\/buletin.de\/bucuresti\/wp-content\/uploads\/Captura-de-ecran-2024-03-22-200821-20x14.png 20w\" sizes=\"(max-width: 876px) 100vw, 876px\" \/><figcaption class=\"wp-element-caption\">FOTO: Captur\u0103 de ecran\/ Youtube (Film: Malmkrog)<\/figcaption><\/figure>\n<\/figure>\n\n\n\n<p>Tot oamenii, mai precis<em> \u201eschimbul de energie cu spectatorii\u201d<\/em>,  \u00eel fac s\u0103 se re\u00eentoarc\u0103 de fiecare dat\u0103 pe scen\u0103, cu aceea\u015fi emo\u0163ie de prima oar\u0103:<\/p>\n\n\n\n<blockquote class=\"wp-block-quote is-layout-flow wp-block-quote-is-layout-flow\">\n<p>Pe scen\u0103 ar trebui sa fiu liber, relaxat \u015fi angajat. Nu-mi iese \u00eentotdeauna \u015fi nu e \u00eentotdeauna at\u00e2t de bine, dar acolo tind.<\/p>\n<cite>Sorin Dobrin, Actor<\/cite><\/blockquote>\n\n\n\n<h2 class=\"wp-block-heading\">Epilog<\/h2>\n\n\n\n<p>Dac\u0103 \u015fi voi v\u0103 dori\u0163i ca m\u0103car o s\u0103 fi\u0163i cei privi\u0163i, nu privitorii, s\u0103 schimba\u0163i imobilitatea scaunelor de teatru pe emo\u0163iile vibrante ale scenei, cursurile de actorie v\u0103 a\u015fteapt\u0103. Totu\u015fi, nu toat\u0103 lumea e f\u0103cut\u0103 s\u0103 fie Spect(A)ctor. Sub lumina reflectoarelor, ajung doar cei care \u00ee\u015fi doresc (cu ore de trud\u0103 \u00een spate). Pe restul, v\u0103 \u00eendemn s\u0103 v\u0103 juca\u0163i. Juca\u0163i-v\u0103 cu cei dragi, \u00een natur\u0103, prin p\u00e2nze p\u0103tate de culoare sau poeme scrijelite din \u00eent\u00e2mplare.<\/p>\n","protected":false},"excerpt":{"rendered":"<p>Prolog Contrar credin\u0163ei populare, teatrul nu este despre a purta o masc\u0103, ci despre a renun\u0163a la ea. Cu to\u0163ii purt\u0103m m\u0103\u015fti \u00een via\u0163a de zi cu zi: masca angajatului-model, a \u015fefului mereu binevoitor, a politicianului f\u0103r\u0103 de cusur sau a p\u0103rintelui atot\u015ftiutor. Unele dintre ele sunt \u00eentr-at\u00e2t de bine realizate c\u0103 ne p\u0103c\u0103lim \u015fi [&hellip;]<\/p>\n","protected":false},"author":55,"featured_media":80779,"comment_status":"closed","ping_status":"open","sticky":false,"template":"","format":"standard","meta":{"_acf_changed":false,"inline_featured_image":false,"ngg_post_thumbnail":0,"footnotes":""},"categories":[6994,81,5762,169],"tags":[10700,83],"ppma_author":[22573],"class_list":["post-80776","post","type-post","status-publish","format-standard","has-post-thumbnail","hentry","category-stiri-2","category-cultura","category-main","category-reportaj","tag-cursuri-de-teatru-bucuresti","tag-teatru"],"acf":[],"yoast_head":"<!-- This site is optimized with the Yoast SEO Premium plugin v25.3 (Yoast SEO v27.5) - https:\/\/yoast.com\/product\/yoast-seo-premium-wordpress\/ -->\n<title>REPORTAJ | \u201eSpectActorii\u201d de pe scena Teatrului de Comedie - Buletin de Bucure\u0219ti<\/title>\n<meta name=\"robots\" content=\"index, follow, max-snippet:-1, max-image-preview:large, max-video-preview:-1\" \/>\n<link rel=\"canonical\" href=\"https:\/\/buletin.de\/bucuresti\/reportaj-spectactorii-de-pe-scena-teatrului-de-comedie\/\" \/>\n<meta property=\"og:locale\" content=\"en_GB\" \/>\n<meta property=\"og:type\" content=\"article\" \/>\n<meta property=\"og:title\" content=\"REPORTAJ | \u201eSpectActorii\u201d de pe scena Teatrului de Comedie\" \/>\n<meta property=\"og:description\" content=\"Prolog Contrar credin\u0163ei populare, teatrul nu este despre a purta o masc\u0103, ci despre a renun\u0163a la ea. Cu to\u0163ii purt\u0103m m\u0103\u015fti \u00een via\u0163a de zi cu zi: masca angajatului-model, a \u015fefului mereu binevoitor, a politicianului f\u0103r\u0103 de cusur sau a p\u0103rintelui atot\u015ftiutor. Unele dintre ele sunt \u00eentr-at\u00e2t de bine realizate c\u0103 ne p\u0103c\u0103lim \u015fi [&hellip;]\" \/>\n<meta property=\"og:url\" content=\"https:\/\/buletin.de\/bucuresti\/reportaj-spectactorii-de-pe-scena-teatrului-de-comedie\/\" \/>\n<meta property=\"og:site_name\" content=\"Buletin de Bucure\u0219ti\" \/>\n<meta property=\"article:publisher\" content=\"https:\/\/www.facebook.com\/buletin.de.buc\" \/>\n<meta property=\"article:published_time\" content=\"2024-03-23T11:00:00+00:00\" \/>\n<meta property=\"article:modified_time\" content=\"2024-03-25T05:47:46+00:00\" \/>\n<meta property=\"og:image\" content=\"https:\/\/buletin.de\/bucuresti\/wp-content\/uploads\/Teatru-curs.jpg\" \/>\n\t<meta property=\"og:image:width\" content=\"1600\" \/>\n\t<meta property=\"og:image:height\" content=\"1200\" \/>\n\t<meta property=\"og:image:type\" content=\"image\/jpeg\" \/>\n<meta name=\"author\" content=\"Andreea Tudor\" \/>\n<meta name=\"twitter:card\" content=\"summary_large_image\" \/>\n<meta name=\"twitter:label1\" content=\"Written by\" \/>\n\t<meta name=\"twitter:data1\" content=\"Andreea Tudor\" \/>\n\t<meta name=\"twitter:label2\" content=\"Estimated reading time\" \/>\n\t<meta name=\"twitter:data2\" content=\"8 minutes\" \/>\n<script type=\"application\/ld+json\" class=\"yoast-schema-graph\">{\"@context\":\"https:\\\/\\\/schema.org\",\"@graph\":[{\"@type\":\"Article\",\"@id\":\"https:\\\/\\\/buletin.de\\\/bucuresti\\\/reportaj-spectactorii-de-pe-scena-teatrului-de-comedie\\\/#article\",\"isPartOf\":{\"@id\":\"https:\\\/\\\/buletin.de\\\/bucuresti\\\/reportaj-spectactorii-de-pe-scena-teatrului-de-comedie\\\/\"},\"author\":{\"name\":\"Andreea Tudor\",\"@id\":\"https:\\\/\\\/buletin.de\\\/bucuresti\\\/#\\\/schema\\\/person\\\/150590659efde715459d159da012f501\"},\"headline\":\"REPORTAJ | \u201eSpectActorii\u201d de pe scena Teatrului de Comedie\",\"datePublished\":\"2024-03-23T11:00:00+00:00\",\"dateModified\":\"2024-03-25T05:47:46+00:00\",\"mainEntityOfPage\":{\"@id\":\"https:\\\/\\\/buletin.de\\\/bucuresti\\\/reportaj-spectactorii-de-pe-scena-teatrului-de-comedie\\\/\"},\"wordCount\":1374,\"publisher\":{\"@id\":\"https:\\\/\\\/buletin.de\\\/bucuresti\\\/#organization\"},\"image\":{\"@id\":\"https:\\\/\\\/buletin.de\\\/bucuresti\\\/reportaj-spectactorii-de-pe-scena-teatrului-de-comedie\\\/#primaryimage\"},\"thumbnailUrl\":\"https:\\\/\\\/buletin.de\\\/bucuresti\\\/wp-content\\\/uploads\\\/Teatru-curs.jpg\",\"keywords\":[\"cursuri de teatru bucuresti\",\"teatru\"],\"articleSection\":[\"Articole\",\"Cultur\u0103\",\"Main\",\"Reportaj\"],\"inLanguage\":\"en-GB\",\"copyrightYear\":\"2024\",\"copyrightHolder\":{\"@id\":\"https:\\\/\\\/buletin.de\\\/bucuresti\\\/#organization\"}},{\"@type\":\"WebPage\",\"@id\":\"https:\\\/\\\/buletin.de\\\/bucuresti\\\/reportaj-spectactorii-de-pe-scena-teatrului-de-comedie\\\/\",\"url\":\"https:\\\/\\\/buletin.de\\\/bucuresti\\\/reportaj-spectactorii-de-pe-scena-teatrului-de-comedie\\\/\",\"name\":\"REPORTAJ | \u201eSpectActorii\u201d de pe scena Teatrului de Comedie - Buletin de Bucure\u0219ti\",\"isPartOf\":{\"@id\":\"https:\\\/\\\/buletin.de\\\/bucuresti\\\/#website\"},\"primaryImageOfPage\":{\"@id\":\"https:\\\/\\\/buletin.de\\\/bucuresti\\\/reportaj-spectactorii-de-pe-scena-teatrului-de-comedie\\\/#primaryimage\"},\"image\":{\"@id\":\"https:\\\/\\\/buletin.de\\\/bucuresti\\\/reportaj-spectactorii-de-pe-scena-teatrului-de-comedie\\\/#primaryimage\"},\"thumbnailUrl\":\"https:\\\/\\\/buletin.de\\\/bucuresti\\\/wp-content\\\/uploads\\\/Teatru-curs.jpg\",\"datePublished\":\"2024-03-23T11:00:00+00:00\",\"dateModified\":\"2024-03-25T05:47:46+00:00\",\"breadcrumb\":{\"@id\":\"https:\\\/\\\/buletin.de\\\/bucuresti\\\/reportaj-spectactorii-de-pe-scena-teatrului-de-comedie\\\/#breadcrumb\"},\"inLanguage\":\"en-GB\",\"potentialAction\":[{\"@type\":\"ReadAction\",\"target\":[\"https:\\\/\\\/buletin.de\\\/bucuresti\\\/reportaj-spectactorii-de-pe-scena-teatrului-de-comedie\\\/\"]}]},{\"@type\":\"ImageObject\",\"inLanguage\":\"en-GB\",\"@id\":\"https:\\\/\\\/buletin.de\\\/bucuresti\\\/reportaj-spectactorii-de-pe-scena-teatrului-de-comedie\\\/#primaryimage\",\"url\":\"https:\\\/\\\/buletin.de\\\/bucuresti\\\/wp-content\\\/uploads\\\/Teatru-curs.jpg\",\"contentUrl\":\"https:\\\/\\\/buletin.de\\\/bucuresti\\\/wp-content\\\/uploads\\\/Teatru-curs.jpg\",\"width\":1600,\"height\":1200,\"caption\":\"FOTO: Andreea Tudor\"},{\"@type\":\"BreadcrumbList\",\"@id\":\"https:\\\/\\\/buletin.de\\\/bucuresti\\\/reportaj-spectactorii-de-pe-scena-teatrului-de-comedie\\\/#breadcrumb\",\"itemListElement\":[{\"@type\":\"ListItem\",\"position\":1,\"name\":\"Acas\u0103\",\"item\":\"https:\\\/\\\/buletin.de\\\/bucuresti\\\/\"},{\"@type\":\"ListItem\",\"position\":2,\"name\":\"REPORTAJ | \u201eSpectActorii\u201d de pe scena Teatrului de Comedie\"}]},{\"@type\":\"WebSite\",\"@id\":\"https:\\\/\\\/buletin.de\\\/bucuresti\\\/#website\",\"url\":\"https:\\\/\\\/buletin.de\\\/bucuresti\\\/\",\"name\":\"Buletin de Bucure\u0219ti\",\"description\":\"\u0218tiri \u0219i investiga\u021bii esen\u021biale din capital\u0103\",\"publisher\":{\"@id\":\"https:\\\/\\\/buletin.de\\\/bucuresti\\\/#organization\"},\"potentialAction\":[{\"@type\":\"SearchAction\",\"target\":{\"@type\":\"EntryPoint\",\"urlTemplate\":\"https:\\\/\\\/buletin.de\\\/bucuresti\\\/?s={search_term_string}\"},\"query-input\":{\"@type\":\"PropertyValueSpecification\",\"valueRequired\":true,\"valueName\":\"search_term_string\"}}],\"inLanguage\":\"en-GB\"},{\"@type\":\"Organization\",\"@id\":\"https:\\\/\\\/buletin.de\\\/bucuresti\\\/#organization\",\"name\":\"Buletin de Bucure\u0219ti\",\"url\":\"https:\\\/\\\/buletin.de\\\/bucuresti\\\/\",\"logo\":{\"@type\":\"ImageObject\",\"inLanguage\":\"en-GB\",\"@id\":\"https:\\\/\\\/buletin.de\\\/bucuresti\\\/#\\\/schema\\\/logo\\\/image\\\/\",\"url\":\"https:\\\/\\\/buletin.de\\\/bucuresti\\\/wp-content\\\/uploads\\\/logo-bdb-full-wide-vernil-transparent.png\",\"contentUrl\":\"https:\\\/\\\/buletin.de\\\/bucuresti\\\/wp-content\\\/uploads\\\/logo-bdb-full-wide-vernil-transparent.png\",\"width\":1782,\"height\":626,\"caption\":\"Buletin de Bucure\u0219ti\"},\"image\":{\"@id\":\"https:\\\/\\\/buletin.de\\\/bucuresti\\\/#\\\/schema\\\/logo\\\/image\\\/\"},\"sameAs\":[\"https:\\\/\\\/www.facebook.com\\\/buletin.de.buc\",\"https:\\\/\\\/www.instagram.com\\\/buletinde.bucuresti\\\/\"]},{\"@type\":\"Person\",\"@id\":\"https:\\\/\\\/buletin.de\\\/bucuresti\\\/#\\\/schema\\\/person\\\/150590659efde715459d159da012f501\",\"name\":\"Andreea Tudor\",\"image\":{\"@type\":\"ImageObject\",\"inLanguage\":\"en-GB\",\"@id\":\"https:\\\/\\\/secure.gravatar.com\\\/avatar\\\/a88705a186ab0b67f3349bcbced506c09e37256fbaad0e7f3bd1a79b4599f589?s=96&d=monsterid&r=g79290610aa1a65c2b86eebc2ca5aee8f\",\"url\":\"https:\\\/\\\/secure.gravatar.com\\\/avatar\\\/a88705a186ab0b67f3349bcbced506c09e37256fbaad0e7f3bd1a79b4599f589?s=96&d=monsterid&r=g\",\"contentUrl\":\"https:\\\/\\\/secure.gravatar.com\\\/avatar\\\/a88705a186ab0b67f3349bcbced506c09e37256fbaad0e7f3bd1a79b4599f589?s=96&d=monsterid&r=g\",\"caption\":\"Andreea Tudor\"},\"description\":\"N\u0103scut\u0103 \u0219i crescut\u0103 \u00een Bucure\u0219ti, sus\u021bin\u0103toare a presei independente. A\u0219a am ajuns redactor la Buletin de Bucure\u0219ti. Fiind eu, \u00eens\u0103mi, parte a sistemului de \u00eenv\u0103\u021b\u0103m\u00e2nt rom\u00e2nesc \u0219i pasionat\u0103 de domeniul social, pun sub lup\u0103 tot ceea ce se \u00eent\u00e2mpl\u0103 \u00een sfera educa\u021biei. Cred cu t\u0103rie c\u0103 presa \u201epentru cet\u0103\u021beni\u201d este presa independent\u0103. Oamenii au nevoie de o informare corect\u0103 pentru a \u00een\u021belege pe deplin ce se \u00eent\u00e2mpl\u0103 \u00een jurul lor \u0219i pentru a lua ac\u021biune \u00eempotriva nedrept\u0103\u021bilor.\",\"url\":\"https:\\\/\\\/buletin.de\\\/bucuresti\\\/author\\\/andreeatudor\\\/\"}]}<\/script>\n<!-- \/ Yoast SEO Premium plugin. -->","yoast_head_json":{"title":"REPORTAJ | \u201eSpectActorii\u201d de pe scena Teatrului de Comedie - Buletin de Bucure\u0219ti","robots":{"index":"index","follow":"follow","max-snippet":"max-snippet:-1","max-image-preview":"max-image-preview:large","max-video-preview":"max-video-preview:-1"},"canonical":"https:\/\/buletin.de\/bucuresti\/reportaj-spectactorii-de-pe-scena-teatrului-de-comedie\/","og_locale":"en_GB","og_type":"article","og_title":"REPORTAJ | \u201eSpectActorii\u201d de pe scena Teatrului de Comedie","og_description":"Prolog Contrar credin\u0163ei populare, teatrul nu este despre a purta o masc\u0103, ci despre a renun\u0163a la ea. Cu to\u0163ii purt\u0103m m\u0103\u015fti \u00een via\u0163a de zi cu zi: masca angajatului-model, a \u015fefului mereu binevoitor, a politicianului f\u0103r\u0103 de cusur sau a p\u0103rintelui atot\u015ftiutor. Unele dintre ele sunt \u00eentr-at\u00e2t de bine realizate c\u0103 ne p\u0103c\u0103lim \u015fi [&hellip;]","og_url":"https:\/\/buletin.de\/bucuresti\/reportaj-spectactorii-de-pe-scena-teatrului-de-comedie\/","og_site_name":"Buletin de Bucure\u0219ti","article_publisher":"https:\/\/www.facebook.com\/buletin.de.buc","article_published_time":"2024-03-23T11:00:00+00:00","article_modified_time":"2024-03-25T05:47:46+00:00","og_image":[{"width":1600,"height":1200,"url":"https:\/\/buletin.de\/bucuresti\/wp-content\/uploads\/Teatru-curs.jpg","type":"image\/jpeg"}],"author":"Andreea Tudor","twitter_card":"summary_large_image","twitter_misc":{"Written by":"Andreea Tudor","Estimated reading time":"8 minutes"},"schema":{"@context":"https:\/\/schema.org","@graph":[{"@type":"Article","@id":"https:\/\/buletin.de\/bucuresti\/reportaj-spectactorii-de-pe-scena-teatrului-de-comedie\/#article","isPartOf":{"@id":"https:\/\/buletin.de\/bucuresti\/reportaj-spectactorii-de-pe-scena-teatrului-de-comedie\/"},"author":{"name":"Andreea Tudor","@id":"https:\/\/buletin.de\/bucuresti\/#\/schema\/person\/150590659efde715459d159da012f501"},"headline":"REPORTAJ | \u201eSpectActorii\u201d de pe scena Teatrului de Comedie","datePublished":"2024-03-23T11:00:00+00:00","dateModified":"2024-03-25T05:47:46+00:00","mainEntityOfPage":{"@id":"https:\/\/buletin.de\/bucuresti\/reportaj-spectactorii-de-pe-scena-teatrului-de-comedie\/"},"wordCount":1374,"publisher":{"@id":"https:\/\/buletin.de\/bucuresti\/#organization"},"image":{"@id":"https:\/\/buletin.de\/bucuresti\/reportaj-spectactorii-de-pe-scena-teatrului-de-comedie\/#primaryimage"},"thumbnailUrl":"https:\/\/buletin.de\/bucuresti\/wp-content\/uploads\/Teatru-curs.jpg","keywords":["cursuri de teatru bucuresti","teatru"],"articleSection":["Articole","Cultur\u0103","Main","Reportaj"],"inLanguage":"en-GB","copyrightYear":"2024","copyrightHolder":{"@id":"https:\/\/buletin.de\/bucuresti\/#organization"}},{"@type":"WebPage","@id":"https:\/\/buletin.de\/bucuresti\/reportaj-spectactorii-de-pe-scena-teatrului-de-comedie\/","url":"https:\/\/buletin.de\/bucuresti\/reportaj-spectactorii-de-pe-scena-teatrului-de-comedie\/","name":"REPORTAJ | \u201eSpectActorii\u201d de pe scena Teatrului de Comedie - Buletin de Bucure\u0219ti","isPartOf":{"@id":"https:\/\/buletin.de\/bucuresti\/#website"},"primaryImageOfPage":{"@id":"https:\/\/buletin.de\/bucuresti\/reportaj-spectactorii-de-pe-scena-teatrului-de-comedie\/#primaryimage"},"image":{"@id":"https:\/\/buletin.de\/bucuresti\/reportaj-spectactorii-de-pe-scena-teatrului-de-comedie\/#primaryimage"},"thumbnailUrl":"https:\/\/buletin.de\/bucuresti\/wp-content\/uploads\/Teatru-curs.jpg","datePublished":"2024-03-23T11:00:00+00:00","dateModified":"2024-03-25T05:47:46+00:00","breadcrumb":{"@id":"https:\/\/buletin.de\/bucuresti\/reportaj-spectactorii-de-pe-scena-teatrului-de-comedie\/#breadcrumb"},"inLanguage":"en-GB","potentialAction":[{"@type":"ReadAction","target":["https:\/\/buletin.de\/bucuresti\/reportaj-spectactorii-de-pe-scena-teatrului-de-comedie\/"]}]},{"@type":"ImageObject","inLanguage":"en-GB","@id":"https:\/\/buletin.de\/bucuresti\/reportaj-spectactorii-de-pe-scena-teatrului-de-comedie\/#primaryimage","url":"https:\/\/buletin.de\/bucuresti\/wp-content\/uploads\/Teatru-curs.jpg","contentUrl":"https:\/\/buletin.de\/bucuresti\/wp-content\/uploads\/Teatru-curs.jpg","width":1600,"height":1200,"caption":"FOTO: Andreea Tudor"},{"@type":"BreadcrumbList","@id":"https:\/\/buletin.de\/bucuresti\/reportaj-spectactorii-de-pe-scena-teatrului-de-comedie\/#breadcrumb","itemListElement":[{"@type":"ListItem","position":1,"name":"Acas\u0103","item":"https:\/\/buletin.de\/bucuresti\/"},{"@type":"ListItem","position":2,"name":"REPORTAJ | \u201eSpectActorii\u201d de pe scena Teatrului de Comedie"}]},{"@type":"WebSite","@id":"https:\/\/buletin.de\/bucuresti\/#website","url":"https:\/\/buletin.de\/bucuresti\/","name":"Buletin de Bucure\u0219ti","description":"\u0218tiri \u0219i investiga\u021bii esen\u021biale din capital\u0103","publisher":{"@id":"https:\/\/buletin.de\/bucuresti\/#organization"},"potentialAction":[{"@type":"SearchAction","target":{"@type":"EntryPoint","urlTemplate":"https:\/\/buletin.de\/bucuresti\/?s={search_term_string}"},"query-input":{"@type":"PropertyValueSpecification","valueRequired":true,"valueName":"search_term_string"}}],"inLanguage":"en-GB"},{"@type":"Organization","@id":"https:\/\/buletin.de\/bucuresti\/#organization","name":"Buletin de Bucure\u0219ti","url":"https:\/\/buletin.de\/bucuresti\/","logo":{"@type":"ImageObject","inLanguage":"en-GB","@id":"https:\/\/buletin.de\/bucuresti\/#\/schema\/logo\/image\/","url":"https:\/\/buletin.de\/bucuresti\/wp-content\/uploads\/logo-bdb-full-wide-vernil-transparent.png","contentUrl":"https:\/\/buletin.de\/bucuresti\/wp-content\/uploads\/logo-bdb-full-wide-vernil-transparent.png","width":1782,"height":626,"caption":"Buletin de Bucure\u0219ti"},"image":{"@id":"https:\/\/buletin.de\/bucuresti\/#\/schema\/logo\/image\/"},"sameAs":["https:\/\/www.facebook.com\/buletin.de.buc","https:\/\/www.instagram.com\/buletinde.bucuresti\/"]},{"@type":"Person","@id":"https:\/\/buletin.de\/bucuresti\/#\/schema\/person\/150590659efde715459d159da012f501","name":"Andreea Tudor","image":{"@type":"ImageObject","inLanguage":"en-GB","@id":"https:\/\/secure.gravatar.com\/avatar\/a88705a186ab0b67f3349bcbced506c09e37256fbaad0e7f3bd1a79b4599f589?s=96&d=monsterid&r=g79290610aa1a65c2b86eebc2ca5aee8f","url":"https:\/\/secure.gravatar.com\/avatar\/a88705a186ab0b67f3349bcbced506c09e37256fbaad0e7f3bd1a79b4599f589?s=96&d=monsterid&r=g","contentUrl":"https:\/\/secure.gravatar.com\/avatar\/a88705a186ab0b67f3349bcbced506c09e37256fbaad0e7f3bd1a79b4599f589?s=96&d=monsterid&r=g","caption":"Andreea Tudor"},"description":"N\u0103scut\u0103 \u0219i crescut\u0103 \u00een Bucure\u0219ti, sus\u021bin\u0103toare a presei independente. A\u0219a am ajuns redactor la Buletin de Bucure\u0219ti. Fiind eu, \u00eens\u0103mi, parte a sistemului de \u00eenv\u0103\u021b\u0103m\u00e2nt rom\u00e2nesc \u0219i pasionat\u0103 de domeniul social, pun sub lup\u0103 tot ceea ce se \u00eent\u00e2mpl\u0103 \u00een sfera educa\u021biei. Cred cu t\u0103rie c\u0103 presa \u201epentru cet\u0103\u021beni\u201d este presa independent\u0103. Oamenii au nevoie de o informare corect\u0103 pentru a \u00een\u021belege pe deplin ce se \u00eent\u00e2mpl\u0103 \u00een jurul lor \u0219i pentru a lua ac\u021biune \u00eempotriva nedrept\u0103\u021bilor.","url":"https:\/\/buletin.de\/bucuresti\/author\/andreeatudor\/"}]}},"authors":[{"term_id":22573,"user_id":55,"is_guest":0,"slug":"andreeatudor","display_name":"Andreea Tudor","avatar_url":"https:\/\/secure.gravatar.com\/avatar\/a88705a186ab0b67f3349bcbced506c09e37256fbaad0e7f3bd1a79b4599f589?s=96&d=monsterid&r=g","0":null,"1":"","2":"","3":"","4":"","5":"","6":"","7":"","8":""}],"_links":{"self":[{"href":"https:\/\/buletin.de\/bucuresti\/wp-json\/wp\/v2\/posts\/80776","targetHints":{"allow":["GET"]}}],"collection":[{"href":"https:\/\/buletin.de\/bucuresti\/wp-json\/wp\/v2\/posts"}],"about":[{"href":"https:\/\/buletin.de\/bucuresti\/wp-json\/wp\/v2\/types\/post"}],"author":[{"embeddable":true,"href":"https:\/\/buletin.de\/bucuresti\/wp-json\/wp\/v2\/users\/55"}],"replies":[{"embeddable":true,"href":"https:\/\/buletin.de\/bucuresti\/wp-json\/wp\/v2\/comments?post=80776"}],"version-history":[{"count":19,"href":"https:\/\/buletin.de\/bucuresti\/wp-json\/wp\/v2\/posts\/80776\/revisions"}],"predecessor-version":[{"id":80840,"href":"https:\/\/buletin.de\/bucuresti\/wp-json\/wp\/v2\/posts\/80776\/revisions\/80840"}],"wp:featuredmedia":[{"embeddable":true,"href":"https:\/\/buletin.de\/bucuresti\/wp-json\/wp\/v2\/media\/80779"}],"wp:attachment":[{"href":"https:\/\/buletin.de\/bucuresti\/wp-json\/wp\/v2\/media?parent=80776"}],"wp:term":[{"taxonomy":"category","embeddable":true,"href":"https:\/\/buletin.de\/bucuresti\/wp-json\/wp\/v2\/categories?post=80776"},{"taxonomy":"post_tag","embeddable":true,"href":"https:\/\/buletin.de\/bucuresti\/wp-json\/wp\/v2\/tags?post=80776"},{"taxonomy":"author","embeddable":true,"href":"https:\/\/buletin.de\/bucuresti\/wp-json\/wp\/v2\/ppma_author?post=80776"}],"curies":[{"name":"wp","href":"https:\/\/api.w.org\/{rel}","templated":true}]}}