{"id":80767,"date":"2024-03-23T06:42:45","date_gmt":"2024-03-23T04:42:45","guid":{"rendered":"https:\/\/buletin.de\/bucuresti\/?p=80767"},"modified":"2024-03-23T06:42:45","modified_gmt":"2024-03-23T04:42:45","slug":"tramvaiul-25-nu-circula-tot-weekend-ul-din-cauza-unor-lucrari-ce-alternativa-ofera-autoritatile","status":"publish","type":"post","link":"https:\/\/buletin.de\/bucuresti\/tramvaiul-25-nu-circula-tot-weekend-ul-din-cauza-unor-lucrari-ce-alternativa-ofera-autoritatile\/","title":{"rendered":"Tramvaiul 25 nu circul\u0103 tot weekend-ul, din cauza unor lucr\u0103ri. Ce alternativ\u0103 ofer\u0103 autorit\u0103\u0163ile"},"content":{"rendered":"\n<p><strong>Linia de tramvai 25 va fi suspendat\u0103 \u00een zilele de s\u00e2mb\u0103t\u0103, 23 martie \u0219i duminic\u0103 24 martie, pentru lucr\u0103ri de demontare a pieselor de cale de pe Bd. Timi\u0219oara, anun\u021b\u0103 TPBI. M\u0103sura este luat\u0103 pentru ca circula\u021bia tramvaielor s\u0103 se poat\u0103 desf\u0103\u015fura, ulterior, pe ambele sensuri.<\/strong><\/p>\n\n\n\n<p>Pentru preluarea c\u0103l\u0103torilor, Asocia\u021bia de Dezvoltare Intercomunitar\u0103 pentru Transport Public Bucure\u0219ti \u2013 Ilfov \u00eenfiin\u021beaz\u0103 linia de tramvai 12 \u0219i linia navet\u0103 de autobuz 625. <\/p>\n\n\n\n<p>Tramvaiele liniei 12 vor circula \u00eentre \u201eCFR Progresul\u201d \u0219i \u201eGara Basarab\u201d pe traseul: <\/p>\n\n\n\n<ul class=\"wp-block-list\">\n<li>terminal \u201eCFR Progresul\u201d;<\/li>\n\n\n\n<li> \u015eos. Giurgiului;<\/li>\n\n\n\n<li>Pia\u021ba Eroii Revolu\u021biei;<\/li>\n\n\n\n<li>\u015eos. Viilor;<\/li>\n\n\n\n<li>Str. Dr. Istrate;<\/li>\n\n\n\n<li>Str. Progresului;<\/li>\n\n\n\n<li>Bd. Timi\u0219oara;<\/li>\n\n\n\n<li>Bd. General Paul Teodorescu;<\/li>\n\n\n\n<li>Bd. Doina Cornea;<\/li>\n\n\n\n<li>\u0218os. Orhideelor;<\/li>\n\n\n\n<li>terminal \u201eGara Basarab\u201d \u0219i retur.<\/li>\n<\/ul>\n\n\n\n<figure class=\"wp-block-image size-full\"><img fetchpriority=\"high\" decoding=\"async\" width=\"843\" height=\"552\" src=\"data:image\/gif;base64,R0lGODlhAQABAAAAACH5BAEKAAEALAAAAAABAAEAAAICTAEAOw==\" data-src=\"https:\/\/buletin.de\/bucuresti\/wp-content\/uploads\/Screenshot-2024-03-22-at-16.05.35-2.png\" alt=\"\" class=\"wp-image-80773 lazyload\" data-sizes=\"auto\" data-srcset=\"https:\/\/buletin.de\/bucuresti\/wp-content\/uploads\/Screenshot-2024-03-22-at-16.05.35-2.png 843w, https:\/\/buletin.de\/bucuresti\/wp-content\/uploads\/Screenshot-2024-03-22-at-16.05.35-2-300x196.png 300w, https:\/\/buletin.de\/bucuresti\/wp-content\/uploads\/Screenshot-2024-03-22-at-16.05.35-2-768x503.png 768w, https:\/\/buletin.de\/bucuresti\/wp-content\/uploads\/Screenshot-2024-03-22-at-16.05.35-2-600x393.png 600w, https:\/\/buletin.de\/bucuresti\/wp-content\/uploads\/Screenshot-2024-03-22-at-16.05.35-2-20x13.png 20w\" sizes=\"(max-width: 843px) 100vw, 843px\" \/><\/figure>\n\n\n\n<p>Autobuzele liniei navet\u0103 625 vor acoperi tronsonul cuprins \u00eentre \u201eDepoul Militari\u201d \u0219i intersec\u021bia Bd. Timi\u0219oara\/ Bd. General Paul Teodorescu, pe traseul: <\/p>\n\n\n\n<ul class=\"wp-block-list\">\n<li>terminal \u201eDepoul Militari\u201d;<\/li>\n\n\n\n<li>Str. Preciziei;<\/li>\n\n\n\n<li>Str. Valea Cascadelor;<\/li>\n\n\n\n<li>Bd. Timi\u015foara;<\/li>\n\n\n\n<li>Drumul S\u0103rii;<\/li>\n\n\n\n<li>sta\u01abia \u201eDrumul S\u0103rii\u201d, cu \u00eentoarcere pe Drumul S\u0103rii;<\/li>\n\n\n\n<li>Drumul Taberei, Bd. General Paul Teodorescu, Bd. Timi\u015foara, Str. Valea Cascadelor, Str. Preciziei, terminal \u201eDepoul Militari\u201d.<\/li>\n<\/ul>\n\n\n\n<p>\u00cencep\u00e2nd de luni, 25 martie, tramvaiele liniei 25 vor reveni la programul de transport stabilit.<\/p>\n\n\n\n<p>Pe 25 martie, de la ora 11:00, se vor restric\u021biona dou\u0103 benzi de circula\u021bia pe Calea 13 Septembrie, sensul c\u0103tre Bd. Tudor Vladimirescu. STB anun\u021b\u0103 c\u0103 se fac lucr\u0103ri de modernizare a re\u021belei de termoficare, pe \u0218os. Panduri.<\/p>\n\n\n\n<p><strong>CITE\u0218TE \u0218I:<\/strong><\/p>\n\n\n\n<figure class=\"wp-block-embed is-type-wp-embed is-provider-buletin-de-bucure-ti wp-block-embed-buletin-de-bucure-ti\"><div class=\"wp-block-embed__wrapper\">\n<blockquote class=\"wp-embedded-content\" data-secret=\"a8c6IO1mSX\"><a href=\"https:\/\/buletin.de\/bucuresti\/stb-reface-tramvaiele-vechi-primul-a-intrat-deja-pe-traseu-din-weekend-pe-linia-lui-41\/\">STB reface tramvaiele vechi. Primul a intrat deja pe traseu, din weekend, pe linia lui 41<\/a><\/blockquote><iframe class=\"wp-embedded-content\" sandbox=\"allow-scripts\" security=\"restricted\" style=\"position: absolute; clip: rect(1px, 1px, 1px, 1px);\" title=\"&#8220;STB reface tramvaiele vechi. Primul a intrat deja pe traseu, din weekend, pe linia lui 41&#8221; &#8212; Buletin de Bucure\u0219ti\" src=\"https:\/\/buletin.de\/bucuresti\/stb-reface-tramvaiele-vechi-primul-a-intrat-deja-pe-traseu-din-weekend-pe-linia-lui-41\/embed\/#?secret=xOnGn1TWi8#?secret=a8c6IO1mSX\" data-secret=\"a8c6IO1mSX\" width=\"600\" height=\"338\" frameborder=\"0\" marginwidth=\"0\" marginheight=\"0\" scrolling=\"no\"><\/iframe>\n<\/div><\/figure>\n","protected":false},"excerpt":{"rendered":"<p>Linia de tramvai 25 va fi suspendat\u0103 \u00een zilele de s\u00e2mb\u0103t\u0103, 23 martie \u0219i duminic\u0103 24 martie, pentru lucr\u0103ri de demontare a pieselor de cale de pe Bd. Timi\u0219oara, anun\u021b\u0103 TPBI. M\u0103sura este luat\u0103 pentru ca circula\u021bia tramvaielor s\u0103 se poat\u0103 desf\u0103\u015fura, ulterior, pe ambele sensuri. Pentru preluarea c\u0103l\u0103torilor, Asocia\u021bia de Dezvoltare Intercomunitar\u0103 pentru Transport [&hellip;]<\/p>\n","protected":false},"author":49,"featured_media":71458,"comment_status":"closed","ping_status":"open","sticky":false,"template":"","format":"standard","meta":{"_acf_changed":false,"inline_featured_image":false,"ngg_post_thumbnail":0,"footnotes":""},"categories":[6994,62,650],"tags":[6028,8364,2842],"ppma_author":[22574],"class_list":["post-80767","post","type-post","status-publish","format-standard","has-post-thumbnail","hentry","category-stiri-2","category-stiri","category-transport","tag-gara-basarab","tag-linia-25","tag-tpbi"],"acf":[],"yoast_head":"<!-- This site is optimized with the Yoast SEO Premium plugin v25.3 (Yoast SEO v27.5) - https:\/\/yoast.com\/product\/yoast-seo-premium-wordpress\/ -->\n<title>Tramvaiul 25 nu circul\u0103 tot weekend-ul, din cauza unor lucr\u0103ri. Ce alternativ\u0103 ofer\u0103 autorit\u0103\u0163ile - Buletin de Bucure\u0219ti<\/title>\n<meta name=\"robots\" content=\"index, follow, max-snippet:-1, max-image-preview:large, max-video-preview:-1\" \/>\n<link rel=\"canonical\" href=\"https:\/\/buletin.de\/bucuresti\/tramvaiul-25-nu-circula-tot-weekend-ul-din-cauza-unor-lucrari-ce-alternativa-ofera-autoritatile\/\" \/>\n<meta property=\"og:locale\" content=\"en_GB\" \/>\n<meta property=\"og:type\" content=\"article\" \/>\n<meta property=\"og:title\" content=\"Tramvaiul 25 nu circul\u0103 tot weekend-ul, din cauza unor lucr\u0103ri. Ce alternativ\u0103 ofer\u0103 autorit\u0103\u0163ile\" \/>\n<meta property=\"og:description\" content=\"Linia de tramvai 25 va fi suspendat\u0103 \u00een zilele de s\u00e2mb\u0103t\u0103, 23 martie \u0219i duminic\u0103 24 martie, pentru lucr\u0103ri de demontare a pieselor de cale de pe Bd. Timi\u0219oara, anun\u021b\u0103 TPBI. M\u0103sura este luat\u0103 pentru ca circula\u021bia tramvaielor s\u0103 se poat\u0103 desf\u0103\u015fura, ulterior, pe ambele sensuri. Pentru preluarea c\u0103l\u0103torilor, Asocia\u021bia de Dezvoltare Intercomunitar\u0103 pentru Transport [&hellip;]\" \/>\n<meta property=\"og:url\" content=\"https:\/\/buletin.de\/bucuresti\/tramvaiul-25-nu-circula-tot-weekend-ul-din-cauza-unor-lucrari-ce-alternativa-ofera-autoritatile\/\" \/>\n<meta property=\"og:site_name\" content=\"Buletin de Bucure\u0219ti\" \/>\n<meta property=\"article:publisher\" content=\"https:\/\/www.facebook.com\/buletin.de.buc\" \/>\n<meta property=\"article:published_time\" content=\"2024-03-23T04:42:45+00:00\" \/>\n<meta property=\"og:image\" content=\"https:\/\/buletin.de\/bucuresti\/wp-content\/uploads\/tramvai-25.jpeg\" \/>\n\t<meta property=\"og:image:width\" content=\"1600\" \/>\n\t<meta property=\"og:image:height\" content=\"834\" \/>\n\t<meta property=\"og:image:type\" content=\"image\/jpeg\" \/>\n<meta name=\"author\" content=\"Diana Matei\" \/>\n<meta name=\"twitter:card\" content=\"summary_large_image\" \/>\n<meta name=\"twitter:label1\" content=\"Written by\" \/>\n\t<meta name=\"twitter:data1\" content=\"Diana Matei\" \/>\n\t<meta name=\"twitter:label2\" content=\"Estimated reading time\" \/>\n\t<meta name=\"twitter:data2\" content=\"2 minutes\" \/>\n<script type=\"application\/ld+json\" class=\"yoast-schema-graph\">{\"@context\":\"https:\\\/\\\/schema.org\",\"@graph\":[{\"@type\":\"Article\",\"@id\":\"https:\\\/\\\/buletin.de\\\/bucuresti\\\/tramvaiul-25-nu-circula-tot-weekend-ul-din-cauza-unor-lucrari-ce-alternativa-ofera-autoritatile\\\/#article\",\"isPartOf\":{\"@id\":\"https:\\\/\\\/buletin.de\\\/bucuresti\\\/tramvaiul-25-nu-circula-tot-weekend-ul-din-cauza-unor-lucrari-ce-alternativa-ofera-autoritatile\\\/\"},\"author\":{\"name\":\"Diana Matei\",\"@id\":\"https:\\\/\\\/buletin.de\\\/bucuresti\\\/#\\\/schema\\\/person\\\/7e46040573290777280a0835d81ea4ea\"},\"headline\":\"Tramvaiul 25 nu circul\u0103 tot weekend-ul, din cauza unor lucr\u0103ri. Ce alternativ\u0103 ofer\u0103 autorit\u0103\u0163ile\",\"datePublished\":\"2024-03-23T04:42:45+00:00\",\"mainEntityOfPage\":{\"@id\":\"https:\\\/\\\/buletin.de\\\/bucuresti\\\/tramvaiul-25-nu-circula-tot-weekend-ul-din-cauza-unor-lucrari-ce-alternativa-ofera-autoritatile\\\/\"},\"wordCount\":263,\"publisher\":{\"@id\":\"https:\\\/\\\/buletin.de\\\/bucuresti\\\/#organization\"},\"image\":{\"@id\":\"https:\\\/\\\/buletin.de\\\/bucuresti\\\/tramvaiul-25-nu-circula-tot-weekend-ul-din-cauza-unor-lucrari-ce-alternativa-ofera-autoritatile\\\/#primaryimage\"},\"thumbnailUrl\":\"https:\\\/\\\/buletin.de\\\/bucuresti\\\/wp-content\\\/uploads\\\/tramvai-25.jpeg\",\"keywords\":[\"gara basarab\",\"Linia 25\",\"tpbi\"],\"articleSection\":[\"Articole\",\"\u0218tiri\",\"Transport\"],\"inLanguage\":\"en-GB\",\"copyrightYear\":\"2024\",\"copyrightHolder\":{\"@id\":\"https:\\\/\\\/buletin.de\\\/bucuresti\\\/#organization\"}},{\"@type\":\"WebPage\",\"@id\":\"https:\\\/\\\/buletin.de\\\/bucuresti\\\/tramvaiul-25-nu-circula-tot-weekend-ul-din-cauza-unor-lucrari-ce-alternativa-ofera-autoritatile\\\/\",\"url\":\"https:\\\/\\\/buletin.de\\\/bucuresti\\\/tramvaiul-25-nu-circula-tot-weekend-ul-din-cauza-unor-lucrari-ce-alternativa-ofera-autoritatile\\\/\",\"name\":\"Tramvaiul 25 nu circul\u0103 tot weekend-ul, din cauza unor lucr\u0103ri. Ce alternativ\u0103 ofer\u0103 autorit\u0103\u0163ile - Buletin de Bucure\u0219ti\",\"isPartOf\":{\"@id\":\"https:\\\/\\\/buletin.de\\\/bucuresti\\\/#website\"},\"primaryImageOfPage\":{\"@id\":\"https:\\\/\\\/buletin.de\\\/bucuresti\\\/tramvaiul-25-nu-circula-tot-weekend-ul-din-cauza-unor-lucrari-ce-alternativa-ofera-autoritatile\\\/#primaryimage\"},\"image\":{\"@id\":\"https:\\\/\\\/buletin.de\\\/bucuresti\\\/tramvaiul-25-nu-circula-tot-weekend-ul-din-cauza-unor-lucrari-ce-alternativa-ofera-autoritatile\\\/#primaryimage\"},\"thumbnailUrl\":\"https:\\\/\\\/buletin.de\\\/bucuresti\\\/wp-content\\\/uploads\\\/tramvai-25.jpeg\",\"datePublished\":\"2024-03-23T04:42:45+00:00\",\"breadcrumb\":{\"@id\":\"https:\\\/\\\/buletin.de\\\/bucuresti\\\/tramvaiul-25-nu-circula-tot-weekend-ul-din-cauza-unor-lucrari-ce-alternativa-ofera-autoritatile\\\/#breadcrumb\"},\"inLanguage\":\"en-GB\",\"potentialAction\":[{\"@type\":\"ReadAction\",\"target\":[\"https:\\\/\\\/buletin.de\\\/bucuresti\\\/tramvaiul-25-nu-circula-tot-weekend-ul-din-cauza-unor-lucrari-ce-alternativa-ofera-autoritatile\\\/\"]}]},{\"@type\":\"ImageObject\",\"inLanguage\":\"en-GB\",\"@id\":\"https:\\\/\\\/buletin.de\\\/bucuresti\\\/tramvaiul-25-nu-circula-tot-weekend-ul-din-cauza-unor-lucrari-ce-alternativa-ofera-autoritatile\\\/#primaryimage\",\"url\":\"https:\\\/\\\/buletin.de\\\/bucuresti\\\/wp-content\\\/uploads\\\/tramvai-25.jpeg\",\"contentUrl\":\"https:\\\/\\\/buletin.de\\\/bucuresti\\\/wp-content\\\/uploads\\\/tramvai-25.jpeg\",\"width\":1600,\"height\":834,\"caption\":\"Foto: STB\"},{\"@type\":\"BreadcrumbList\",\"@id\":\"https:\\\/\\\/buletin.de\\\/bucuresti\\\/tramvaiul-25-nu-circula-tot-weekend-ul-din-cauza-unor-lucrari-ce-alternativa-ofera-autoritatile\\\/#breadcrumb\",\"itemListElement\":[{\"@type\":\"ListItem\",\"position\":1,\"name\":\"Acas\u0103\",\"item\":\"https:\\\/\\\/buletin.de\\\/bucuresti\\\/\"},{\"@type\":\"ListItem\",\"position\":2,\"name\":\"Tramvaiul 25 nu circul\u0103 tot weekend-ul, din cauza unor lucr\u0103ri. Ce alternativ\u0103 ofer\u0103 autorit\u0103\u0163ile\"}]},{\"@type\":\"WebSite\",\"@id\":\"https:\\\/\\\/buletin.de\\\/bucuresti\\\/#website\",\"url\":\"https:\\\/\\\/buletin.de\\\/bucuresti\\\/\",\"name\":\"Buletin de Bucure\u0219ti\",\"description\":\"\u0218tiri \u0219i investiga\u021bii esen\u021biale din capital\u0103\",\"publisher\":{\"@id\":\"https:\\\/\\\/buletin.de\\\/bucuresti\\\/#organization\"},\"potentialAction\":[{\"@type\":\"SearchAction\",\"target\":{\"@type\":\"EntryPoint\",\"urlTemplate\":\"https:\\\/\\\/buletin.de\\\/bucuresti\\\/?s={search_term_string}\"},\"query-input\":{\"@type\":\"PropertyValueSpecification\",\"valueRequired\":true,\"valueName\":\"search_term_string\"}}],\"inLanguage\":\"en-GB\"},{\"@type\":\"Organization\",\"@id\":\"https:\\\/\\\/buletin.de\\\/bucuresti\\\/#organization\",\"name\":\"Buletin de Bucure\u0219ti\",\"url\":\"https:\\\/\\\/buletin.de\\\/bucuresti\\\/\",\"logo\":{\"@type\":\"ImageObject\",\"inLanguage\":\"en-GB\",\"@id\":\"https:\\\/\\\/buletin.de\\\/bucuresti\\\/#\\\/schema\\\/logo\\\/image\\\/\",\"url\":\"https:\\\/\\\/buletin.de\\\/bucuresti\\\/wp-content\\\/uploads\\\/logo-bdb-full-wide-vernil-transparent.png\",\"contentUrl\":\"https:\\\/\\\/buletin.de\\\/bucuresti\\\/wp-content\\\/uploads\\\/logo-bdb-full-wide-vernil-transparent.png\",\"width\":1782,\"height\":626,\"caption\":\"Buletin de Bucure\u0219ti\"},\"image\":{\"@id\":\"https:\\\/\\\/buletin.de\\\/bucuresti\\\/#\\\/schema\\\/logo\\\/image\\\/\"},\"sameAs\":[\"https:\\\/\\\/www.facebook.com\\\/buletin.de.buc\",\"https:\\\/\\\/www.instagram.com\\\/buletinde.bucuresti\\\/\"]},{\"@type\":\"Person\",\"@id\":\"https:\\\/\\\/buletin.de\\\/bucuresti\\\/#\\\/schema\\\/person\\\/7e46040573290777280a0835d81ea4ea\",\"name\":\"Diana Matei\",\"image\":{\"@type\":\"ImageObject\",\"inLanguage\":\"en-GB\",\"@id\":\"https:\\\/\\\/buletin.de\\\/bucuresti\\\/wp-content\\\/uploads\\\/9-2-96x96.jpg1e8590b30871d70e62ebcdaf2eff570c\",\"url\":\"https:\\\/\\\/buletin.de\\\/bucuresti\\\/wp-content\\\/uploads\\\/9-2-96x96.jpg\",\"contentUrl\":\"https:\\\/\\\/buletin.de\\\/bucuresti\\\/wp-content\\\/uploads\\\/9-2-96x96.jpg\",\"caption\":\"Diana Matei\"},\"url\":\"https:\\\/\\\/buletin.de\\\/bucuresti\\\/author\\\/dianamatei\\\/\"}]}<\/script>\n<!-- \/ Yoast SEO Premium plugin. -->","yoast_head_json":{"title":"Tramvaiul 25 nu circul\u0103 tot weekend-ul, din cauza unor lucr\u0103ri. Ce alternativ\u0103 ofer\u0103 autorit\u0103\u0163ile - Buletin de Bucure\u0219ti","robots":{"index":"index","follow":"follow","max-snippet":"max-snippet:-1","max-image-preview":"max-image-preview:large","max-video-preview":"max-video-preview:-1"},"canonical":"https:\/\/buletin.de\/bucuresti\/tramvaiul-25-nu-circula-tot-weekend-ul-din-cauza-unor-lucrari-ce-alternativa-ofera-autoritatile\/","og_locale":"en_GB","og_type":"article","og_title":"Tramvaiul 25 nu circul\u0103 tot weekend-ul, din cauza unor lucr\u0103ri. Ce alternativ\u0103 ofer\u0103 autorit\u0103\u0163ile","og_description":"Linia de tramvai 25 va fi suspendat\u0103 \u00een zilele de s\u00e2mb\u0103t\u0103, 23 martie \u0219i duminic\u0103 24 martie, pentru lucr\u0103ri de demontare a pieselor de cale de pe Bd. Timi\u0219oara, anun\u021b\u0103 TPBI. M\u0103sura este luat\u0103 pentru ca circula\u021bia tramvaielor s\u0103 se poat\u0103 desf\u0103\u015fura, ulterior, pe ambele sensuri. Pentru preluarea c\u0103l\u0103torilor, Asocia\u021bia de Dezvoltare Intercomunitar\u0103 pentru Transport [&hellip;]","og_url":"https:\/\/buletin.de\/bucuresti\/tramvaiul-25-nu-circula-tot-weekend-ul-din-cauza-unor-lucrari-ce-alternativa-ofera-autoritatile\/","og_site_name":"Buletin de Bucure\u0219ti","article_publisher":"https:\/\/www.facebook.com\/buletin.de.buc","article_published_time":"2024-03-23T04:42:45+00:00","og_image":[{"width":1600,"height":834,"url":"https:\/\/buletin.de\/bucuresti\/wp-content\/uploads\/tramvai-25.jpeg","type":"image\/jpeg"}],"author":"Diana Matei","twitter_card":"summary_large_image","twitter_misc":{"Written by":"Diana Matei","Estimated reading time":"2 minutes"},"schema":{"@context":"https:\/\/schema.org","@graph":[{"@type":"Article","@id":"https:\/\/buletin.de\/bucuresti\/tramvaiul-25-nu-circula-tot-weekend-ul-din-cauza-unor-lucrari-ce-alternativa-ofera-autoritatile\/#article","isPartOf":{"@id":"https:\/\/buletin.de\/bucuresti\/tramvaiul-25-nu-circula-tot-weekend-ul-din-cauza-unor-lucrari-ce-alternativa-ofera-autoritatile\/"},"author":{"name":"Diana Matei","@id":"https:\/\/buletin.de\/bucuresti\/#\/schema\/person\/7e46040573290777280a0835d81ea4ea"},"headline":"Tramvaiul 25 nu circul\u0103 tot weekend-ul, din cauza unor lucr\u0103ri. Ce alternativ\u0103 ofer\u0103 autorit\u0103\u0163ile","datePublished":"2024-03-23T04:42:45+00:00","mainEntityOfPage":{"@id":"https:\/\/buletin.de\/bucuresti\/tramvaiul-25-nu-circula-tot-weekend-ul-din-cauza-unor-lucrari-ce-alternativa-ofera-autoritatile\/"},"wordCount":263,"publisher":{"@id":"https:\/\/buletin.de\/bucuresti\/#organization"},"image":{"@id":"https:\/\/buletin.de\/bucuresti\/tramvaiul-25-nu-circula-tot-weekend-ul-din-cauza-unor-lucrari-ce-alternativa-ofera-autoritatile\/#primaryimage"},"thumbnailUrl":"https:\/\/buletin.de\/bucuresti\/wp-content\/uploads\/tramvai-25.jpeg","keywords":["gara basarab","Linia 25","tpbi"],"articleSection":["Articole","\u0218tiri","Transport"],"inLanguage":"en-GB","copyrightYear":"2024","copyrightHolder":{"@id":"https:\/\/buletin.de\/bucuresti\/#organization"}},{"@type":"WebPage","@id":"https:\/\/buletin.de\/bucuresti\/tramvaiul-25-nu-circula-tot-weekend-ul-din-cauza-unor-lucrari-ce-alternativa-ofera-autoritatile\/","url":"https:\/\/buletin.de\/bucuresti\/tramvaiul-25-nu-circula-tot-weekend-ul-din-cauza-unor-lucrari-ce-alternativa-ofera-autoritatile\/","name":"Tramvaiul 25 nu circul\u0103 tot weekend-ul, din cauza unor lucr\u0103ri. Ce alternativ\u0103 ofer\u0103 autorit\u0103\u0163ile - Buletin de Bucure\u0219ti","isPartOf":{"@id":"https:\/\/buletin.de\/bucuresti\/#website"},"primaryImageOfPage":{"@id":"https:\/\/buletin.de\/bucuresti\/tramvaiul-25-nu-circula-tot-weekend-ul-din-cauza-unor-lucrari-ce-alternativa-ofera-autoritatile\/#primaryimage"},"image":{"@id":"https:\/\/buletin.de\/bucuresti\/tramvaiul-25-nu-circula-tot-weekend-ul-din-cauza-unor-lucrari-ce-alternativa-ofera-autoritatile\/#primaryimage"},"thumbnailUrl":"https:\/\/buletin.de\/bucuresti\/wp-content\/uploads\/tramvai-25.jpeg","datePublished":"2024-03-23T04:42:45+00:00","breadcrumb":{"@id":"https:\/\/buletin.de\/bucuresti\/tramvaiul-25-nu-circula-tot-weekend-ul-din-cauza-unor-lucrari-ce-alternativa-ofera-autoritatile\/#breadcrumb"},"inLanguage":"en-GB","potentialAction":[{"@type":"ReadAction","target":["https:\/\/buletin.de\/bucuresti\/tramvaiul-25-nu-circula-tot-weekend-ul-din-cauza-unor-lucrari-ce-alternativa-ofera-autoritatile\/"]}]},{"@type":"ImageObject","inLanguage":"en-GB","@id":"https:\/\/buletin.de\/bucuresti\/tramvaiul-25-nu-circula-tot-weekend-ul-din-cauza-unor-lucrari-ce-alternativa-ofera-autoritatile\/#primaryimage","url":"https:\/\/buletin.de\/bucuresti\/wp-content\/uploads\/tramvai-25.jpeg","contentUrl":"https:\/\/buletin.de\/bucuresti\/wp-content\/uploads\/tramvai-25.jpeg","width":1600,"height":834,"caption":"Foto: STB"},{"@type":"BreadcrumbList","@id":"https:\/\/buletin.de\/bucuresti\/tramvaiul-25-nu-circula-tot-weekend-ul-din-cauza-unor-lucrari-ce-alternativa-ofera-autoritatile\/#breadcrumb","itemListElement":[{"@type":"ListItem","position":1,"name":"Acas\u0103","item":"https:\/\/buletin.de\/bucuresti\/"},{"@type":"ListItem","position":2,"name":"Tramvaiul 25 nu circul\u0103 tot weekend-ul, din cauza unor lucr\u0103ri. Ce alternativ\u0103 ofer\u0103 autorit\u0103\u0163ile"}]},{"@type":"WebSite","@id":"https:\/\/buletin.de\/bucuresti\/#website","url":"https:\/\/buletin.de\/bucuresti\/","name":"Buletin de Bucure\u0219ti","description":"\u0218tiri \u0219i investiga\u021bii esen\u021biale din capital\u0103","publisher":{"@id":"https:\/\/buletin.de\/bucuresti\/#organization"},"potentialAction":[{"@type":"SearchAction","target":{"@type":"EntryPoint","urlTemplate":"https:\/\/buletin.de\/bucuresti\/?s={search_term_string}"},"query-input":{"@type":"PropertyValueSpecification","valueRequired":true,"valueName":"search_term_string"}}],"inLanguage":"en-GB"},{"@type":"Organization","@id":"https:\/\/buletin.de\/bucuresti\/#organization","name":"Buletin de Bucure\u0219ti","url":"https:\/\/buletin.de\/bucuresti\/","logo":{"@type":"ImageObject","inLanguage":"en-GB","@id":"https:\/\/buletin.de\/bucuresti\/#\/schema\/logo\/image\/","url":"https:\/\/buletin.de\/bucuresti\/wp-content\/uploads\/logo-bdb-full-wide-vernil-transparent.png","contentUrl":"https:\/\/buletin.de\/bucuresti\/wp-content\/uploads\/logo-bdb-full-wide-vernil-transparent.png","width":1782,"height":626,"caption":"Buletin de Bucure\u0219ti"},"image":{"@id":"https:\/\/buletin.de\/bucuresti\/#\/schema\/logo\/image\/"},"sameAs":["https:\/\/www.facebook.com\/buletin.de.buc","https:\/\/www.instagram.com\/buletinde.bucuresti\/"]},{"@type":"Person","@id":"https:\/\/buletin.de\/bucuresti\/#\/schema\/person\/7e46040573290777280a0835d81ea4ea","name":"Diana Matei","image":{"@type":"ImageObject","inLanguage":"en-GB","@id":"https:\/\/buletin.de\/bucuresti\/wp-content\/uploads\/9-2-96x96.jpg1e8590b30871d70e62ebcdaf2eff570c","url":"https:\/\/buletin.de\/bucuresti\/wp-content\/uploads\/9-2-96x96.jpg","contentUrl":"https:\/\/buletin.de\/bucuresti\/wp-content\/uploads\/9-2-96x96.jpg","caption":"Diana Matei"},"url":"https:\/\/buletin.de\/bucuresti\/author\/dianamatei\/"}]}},"authors":[{"term_id":22574,"user_id":49,"is_guest":0,"slug":"dianamatei","display_name":"Diana Matei","avatar_url":"https:\/\/buletin.de\/bucuresti\/wp-content\/uploads\/9-2-96x96.jpg","0":null,"1":"","2":"","3":"","4":"","5":"","6":"","7":"","8":""}],"_links":{"self":[{"href":"https:\/\/buletin.de\/bucuresti\/wp-json\/wp\/v2\/posts\/80767","targetHints":{"allow":["GET"]}}],"collection":[{"href":"https:\/\/buletin.de\/bucuresti\/wp-json\/wp\/v2\/posts"}],"about":[{"href":"https:\/\/buletin.de\/bucuresti\/wp-json\/wp\/v2\/types\/post"}],"author":[{"embeddable":true,"href":"https:\/\/buletin.de\/bucuresti\/wp-json\/wp\/v2\/users\/49"}],"replies":[{"embeddable":true,"href":"https:\/\/buletin.de\/bucuresti\/wp-json\/wp\/v2\/comments?post=80767"}],"version-history":[{"count":2,"href":"https:\/\/buletin.de\/bucuresti\/wp-json\/wp\/v2\/posts\/80767\/revisions"}],"predecessor-version":[{"id":80819,"href":"https:\/\/buletin.de\/bucuresti\/wp-json\/wp\/v2\/posts\/80767\/revisions\/80819"}],"wp:featuredmedia":[{"embeddable":true,"href":"https:\/\/buletin.de\/bucuresti\/wp-json\/wp\/v2\/media\/71458"}],"wp:attachment":[{"href":"https:\/\/buletin.de\/bucuresti\/wp-json\/wp\/v2\/media?parent=80767"}],"wp:term":[{"taxonomy":"category","embeddable":true,"href":"https:\/\/buletin.de\/bucuresti\/wp-json\/wp\/v2\/categories?post=80767"},{"taxonomy":"post_tag","embeddable":true,"href":"https:\/\/buletin.de\/bucuresti\/wp-json\/wp\/v2\/tags?post=80767"},{"taxonomy":"author","embeddable":true,"href":"https:\/\/buletin.de\/bucuresti\/wp-json\/wp\/v2\/ppma_author?post=80767"}],"curies":[{"name":"wp","href":"https:\/\/api.w.org\/{rel}","templated":true}]}}