{"id":80756,"date":"2024-03-22T12:47:29","date_gmt":"2024-03-22T10:47:29","guid":{"rendered":"https:\/\/buletin.de\/bucuresti\/?p=80756"},"modified":"2024-03-22T12:47:29","modified_gmt":"2024-03-22T10:47:29","slug":"sageti-dinspre-psd-catre-nicusor-dan-pe-subiectul-preluarii-metroului-la-primaria-generala","status":"publish","type":"post","link":"https:\/\/buletin.de\/bucuresti\/sageti-dinspre-psd-catre-nicusor-dan-pe-subiectul-preluarii-metroului-la-primaria-generala\/","title":{"rendered":"S\u0103ge\u0163i dinspre PSD c\u0103tre Nicu\u015for Dan, pe subiectul prelu\u0103rii metroului la Prim\u0103ria General\u0103"},"content":{"rendered":"\n<p><strong>Ministrul Transporturilor Sorin Grindeanu \u015fi premierul Marcel Ciolacu \u00eel preseaz\u0103 pe Nicu\u015for Dan \u00een subiectul prelu\u0103rii Metrorex la Prim\u0103ria Municipiului Bucure\u015fti (PMB). Grindeanu spune c\u0103 \u201ee singurul dup\u0103 Revolu\u021bie care nu a vrut s\u0103 \u00eel preia \u00een administrare\u201d. La \u00eenceputul lunii februarie, Nicu\u0219or Dan afirma c\u0103 ar fi dispus s\u0103 preia metroul de la Ministerul Transporturilor, dac\u0103 Guvernul asum\u0103 s\u0103 dea bani pe subven\u021bie, \u00eens\u0103 \u201enu mai are \u00eencredere\u201d \u00een Guvern.<\/strong><\/p>\n\n\n\n<p>Ministrul Transporturilor \u015fi Infrastructurii, Sorin Grindeanu, a afirmat vineri, 22 martie c\u0103 \u201e\u00eel roag\u0103 de ani de zile\u201d pe primarul general s\u0103 preia metroul, \u0219i c\u0103 nu se poate discuta despre un sistem integrat de transport \u00een Bucure\u0219ti f\u0103r\u0103 acest pas:<\/p>\n\n\n\n<p><em>\u201eMai mult dec\u00e2t at\u00e2t, locul metroului nu e la Ministerul Transporturilor, e la Prim\u0103ria General\u0103 a Capitalei. Eu \u00eel rog de doi ani de zile pe Nicu\u015for Dan s\u0103 preia metroul. Sunt absolut uimit&#8230; E singurul primar de dup\u0103 Revolu\u0163ie care nu a vrut \u015fi nu vrea s\u0103 preia metroul. Nu po\u0163i discuta despre un sistem integrat de transport \u00een Bucure\u015fti f\u0103r\u0103 metrou. Din acest punct de vedere, metroul trebuie s\u0103 mearg\u0103 la Prim\u0103ria General\u0103. Nu \u00een\u0163eleg de ce refuz\u0103&#8230; (&#8230;) V\u0103 rog s\u0103 v\u0103 aduce\u0163i aminte campania din 2020 c\u00e2nd ne desena sistemul integrat din Bucure\u015fti care includea metroul. Cum po\u0163i s\u0103 vorbe\u015fti de un sistem integrat de transport f\u0103r\u0103 metrou? \u00cel invit \u00eenc\u0103 o dat\u0103, sigur c\u00e2t mai are, o lun\u0103, o lun\u0103 \u015fi ceva\u201d<\/em>, a declarat ministrul Grindeanu, \u00eentr-o vizit\u0103 pe \u015fantierul de infrastructur\u0103 rutier\u0103 pentru Lotul 2 Domne\u015fti T\u00e2rg &#8211; R\u0103c\u0103ciuni din Autostrada A7, \u00een zona localit\u0103\u0163ii Adjud, citat de <a href=\"https:\/\/www.digi24.ro\/stiri\/actualitate\/politica\/grindeanu-il-cearta-pe-nicusor-dan-e-singurul-primar-de-dupa-revolutie-care-nu-vrea-sa-preia-metroul-nu-inteleg-de-ce-refuza-2731795\">Digi 24.&nbsp;<\/a><\/p>\n\n\n\n<p>Cu o zi \u00eenainte, joi, 21 martie, premierul Marcel Ciolacu \u00eei aducea \u0219i el repro\u0219uri lui Nicu\u0219or Dan pe acela\u0219i subiect.<\/p>\n\n\n\n<p><em>\u201e Recent, Nicu\u0219or Dan a recunoscut c\u0103 nu e preg\u0103tit s\u0103 preia metroul la Prim\u0103rie. Sper ca, din iunie, Bucure\u0219tiul s\u0103 aib\u0103 un primar capabil, care s\u0103 conving\u0103 Guvernul c\u0103 vrea \u0219i poate gestiona acest serviciu public esen\u021bial unei capitale europene&#8221;<\/em>, a spus Marcel Ciolacu, la \u00eenceputul \u0219edin\u021bei de Guvern.<\/p>\n\n\n\n<h2 class=\"wp-block-heading\">Ce a spus Nicu\u0219or Dan&nbsp;<\/h2>\n\n\n\n<p>Ministrul Transporturilor a declarat anterior c\u0103 este dispus s\u0103 cedeze metroul Prim\u0103riei Capitalei, \u201ecu tot cu buget\u201d. Primarul Capitalei, Nicu\u0219or Dan, a afirmat pe 1 februarie faptul c\u0103 \u00een discu\u021biile avute anterior, de-a lungul timpului, nu i s-a mai propus \u201ecu tot cu buget\u201d, \u0219i c\u0103 \u00een principiu, este interesat s\u0103 preia metroul dac\u0103 Guvernul ofer\u0103 bani pe subven\u021bii, \u00eens\u0103 \u201etrebuie s\u0103 existe \u00eencredere\u201d, pe care el nu o mai are:<br><\/p>\n\n\n\n<p><em>\u201eSintagma asta, cu tot cu buget, e ceva foarte recent. Am mai avut discu\u0163ia asta acum doi ani, acum trei ani \u015fi sintagma asta cu tot cu buget nu exista. Dup\u0103 asta trebuie s\u0103 avem \u015fi o \u00eencredere \u00een Guvernul Rom\u00e2niei c\u0103 ne d\u0103 bani. Anul trecut am avut, a\u015fa cum am avut \u00een fiecare an, 50% din impozitele pe salarii ale bucure\u015ftenilor \u015fi dintr-o pocnitur\u0103 de degete, anul \u0103sta avem 47% \u015fi jude\u0163ele au \u015fi 2% pentru cultur\u0103, noi nu avem \u015fi deodat\u0103 ne trezim f\u0103r\u0103 600 de milioane de lei. De principiu, da, dac\u0103 guvernul \u00ee\u015fi asum\u0103 s\u0103 ne dea banii pe subven\u0163ia pentru metrou, suntem interesa\u0163i de asta. Dar trebuie s\u0103 exist\u0103m \u00eencredere \u015fi eu n-am \u00eencredere\u201d<\/em>, a afirmat primarul Capitalei, citat de <a href=\"https:\/\/www.g4media.ro\/nicusor-dan-intrebat-daca-primaria-capitalei-ar-dori-preluarea-metroului-de-principiu-da-daca-guvernul-isi-asuma-sa-ne-dea-banii-pe-subventie-dar-trebuie-sa-existe-incredere-si-eu-n-am-incredere.html\">G4Media.<\/a>&nbsp;<\/p>\n","protected":false},"excerpt":{"rendered":"<p>Ministrul Transporturilor Sorin Grindeanu \u015fi premierul Marcel Ciolacu \u00eel preseaz\u0103 pe Nicu\u015for Dan \u00een subiectul prelu\u0103rii Metrorex la Prim\u0103ria Municipiului Bucure\u015fti (PMB). Grindeanu spune c\u0103 \u201ee singurul dup\u0103 Revolu\u021bie care nu a vrut s\u0103 \u00eel preia \u00een administrare\u201d. La \u00eenceputul lunii februarie, Nicu\u0219or Dan afirma c\u0103 ar fi dispus s\u0103 preia metroul de la Ministerul [&hellip;]<\/p>\n","protected":false},"author":47,"featured_media":73118,"comment_status":"closed","ping_status":"open","sticky":false,"template":"","format":"standard","meta":{"_acf_changed":false,"inline_featured_image":false,"ngg_post_thumbnail":0,"footnotes":""},"categories":[6994,5762,9025,24,650],"tags":[10697,752,2608,376,1481,223,104,10696,258,1727,10698,4780],"ppma_author":[22580],"class_list":["post-80756","post","type-post","status-publish","format-standard","has-post-thumbnail","hentry","category-stiri-2","category-main","category-politic","category-primarie","category-transport","tag-administrare-metrou","tag-declaratii","tag-marcel-ciolacu","tag-metrou","tag-ministerul-transporturilor","tag-nicusor-dan","tag-pmb","tag-preluare-metrou","tag-primaria-capitalei","tag-primaria-municipiului-bucuresti","tag-primarul-general","tag-sorin-grindeanu"],"acf":[],"yoast_head":"<!-- This site is optimized with the Yoast SEO Premium plugin v25.3 (Yoast SEO v27.5) - https:\/\/yoast.com\/product\/yoast-seo-premium-wordpress\/ -->\n<title>S\u0103ge\u0163i dinspre PSD c\u0103tre Nicu\u015for Dan, pe subiectul prelu\u0103rii metroului la Prim\u0103ria General\u0103 - Buletin de Bucure\u0219ti<\/title>\n<meta name=\"robots\" content=\"index, follow, max-snippet:-1, max-image-preview:large, max-video-preview:-1\" \/>\n<link rel=\"canonical\" href=\"https:\/\/buletin.de\/bucuresti\/sageti-dinspre-psd-catre-nicusor-dan-pe-subiectul-preluarii-metroului-la-primaria-generala\/\" \/>\n<meta property=\"og:locale\" content=\"en_GB\" \/>\n<meta property=\"og:type\" content=\"article\" \/>\n<meta property=\"og:title\" content=\"S\u0103ge\u0163i dinspre PSD c\u0103tre Nicu\u015for Dan, pe subiectul prelu\u0103rii metroului la Prim\u0103ria General\u0103\" \/>\n<meta property=\"og:description\" content=\"Ministrul Transporturilor Sorin Grindeanu \u015fi premierul Marcel Ciolacu \u00eel preseaz\u0103 pe Nicu\u015for Dan \u00een subiectul prelu\u0103rii Metrorex la Prim\u0103ria Municipiului Bucure\u015fti (PMB). Grindeanu spune c\u0103 \u201ee singurul dup\u0103 Revolu\u021bie care nu a vrut s\u0103 \u00eel preia \u00een administrare\u201d. La \u00eenceputul lunii februarie, Nicu\u0219or Dan afirma c\u0103 ar fi dispus s\u0103 preia metroul de la Ministerul [&hellip;]\" \/>\n<meta property=\"og:url\" content=\"https:\/\/buletin.de\/bucuresti\/sageti-dinspre-psd-catre-nicusor-dan-pe-subiectul-preluarii-metroului-la-primaria-generala\/\" \/>\n<meta property=\"og:site_name\" content=\"Buletin de Bucure\u0219ti\" \/>\n<meta property=\"article:publisher\" content=\"https:\/\/www.facebook.com\/buletin.de.buc\" \/>\n<meta property=\"article:published_time\" content=\"2024-03-22T10:47:29+00:00\" \/>\n<meta property=\"og:image\" content=\"https:\/\/buletin.de\/bucuresti\/wp-content\/uploads\/20230911_221011.jpg\" \/>\n\t<meta property=\"og:image:width\" content=\"2000\" \/>\n\t<meta property=\"og:image:height\" content=\"1126\" \/>\n\t<meta property=\"og:image:type\" content=\"image\/jpeg\" \/>\n<meta name=\"author\" content=\"Adina C\u0103p\u00eelnean\" \/>\n<meta name=\"twitter:card\" content=\"summary_large_image\" \/>\n<meta name=\"twitter:label1\" content=\"Written by\" \/>\n\t<meta name=\"twitter:data1\" content=\"Adina C\u0103p\u00eelnean\" \/>\n\t<meta name=\"twitter:label2\" content=\"Estimated reading time\" \/>\n\t<meta name=\"twitter:data2\" content=\"3 minutes\" \/>\n<script type=\"application\/ld+json\" class=\"yoast-schema-graph\">{\"@context\":\"https:\\\/\\\/schema.org\",\"@graph\":[{\"@type\":\"Article\",\"@id\":\"https:\\\/\\\/buletin.de\\\/bucuresti\\\/sageti-dinspre-psd-catre-nicusor-dan-pe-subiectul-preluarii-metroului-la-primaria-generala\\\/#article\",\"isPartOf\":{\"@id\":\"https:\\\/\\\/buletin.de\\\/bucuresti\\\/sageti-dinspre-psd-catre-nicusor-dan-pe-subiectul-preluarii-metroului-la-primaria-generala\\\/\"},\"author\":{\"name\":\"Adina C\u0103p\u00eelnean\",\"@id\":\"https:\\\/\\\/buletin.de\\\/bucuresti\\\/#\\\/schema\\\/person\\\/ab174cf6711728e4ee83d672acf9a912\"},\"headline\":\"S\u0103ge\u0163i dinspre PSD c\u0103tre Nicu\u015for Dan, pe subiectul prelu\u0103rii metroului la Prim\u0103ria General\u0103\",\"datePublished\":\"2024-03-22T10:47:29+00:00\",\"mainEntityOfPage\":{\"@id\":\"https:\\\/\\\/buletin.de\\\/bucuresti\\\/sageti-dinspre-psd-catre-nicusor-dan-pe-subiectul-preluarii-metroului-la-primaria-generala\\\/\"},\"wordCount\":607,\"publisher\":{\"@id\":\"https:\\\/\\\/buletin.de\\\/bucuresti\\\/#organization\"},\"image\":{\"@id\":\"https:\\\/\\\/buletin.de\\\/bucuresti\\\/sageti-dinspre-psd-catre-nicusor-dan-pe-subiectul-preluarii-metroului-la-primaria-generala\\\/#primaryimage\"},\"thumbnailUrl\":\"https:\\\/\\\/buletin.de\\\/bucuresti\\\/wp-content\\\/uploads\\\/20230911_221011.jpg\",\"keywords\":[\"administrare metrou\",\"declaratii\",\"marcel ciolacu\",\"metrou\",\"ministerul transporturilor\",\"nicusor dan\",\"pmb\",\"preluare metrou\",\"primaria capitalei\",\"primaria municipiului bucuresti\",\"primarul general\",\"sorin grindeanu\"],\"articleSection\":[\"Articole\",\"Main\",\"Politic\",\"Prim\u0103rie\",\"Transport\"],\"inLanguage\":\"en-GB\",\"copyrightYear\":\"2024\",\"copyrightHolder\":{\"@id\":\"https:\\\/\\\/buletin.de\\\/bucuresti\\\/#organization\"}},{\"@type\":\"WebPage\",\"@id\":\"https:\\\/\\\/buletin.de\\\/bucuresti\\\/sageti-dinspre-psd-catre-nicusor-dan-pe-subiectul-preluarii-metroului-la-primaria-generala\\\/\",\"url\":\"https:\\\/\\\/buletin.de\\\/bucuresti\\\/sageti-dinspre-psd-catre-nicusor-dan-pe-subiectul-preluarii-metroului-la-primaria-generala\\\/\",\"name\":\"S\u0103ge\u0163i dinspre PSD c\u0103tre Nicu\u015for Dan, pe subiectul prelu\u0103rii metroului la Prim\u0103ria General\u0103 - Buletin de Bucure\u0219ti\",\"isPartOf\":{\"@id\":\"https:\\\/\\\/buletin.de\\\/bucuresti\\\/#website\"},\"primaryImageOfPage\":{\"@id\":\"https:\\\/\\\/buletin.de\\\/bucuresti\\\/sageti-dinspre-psd-catre-nicusor-dan-pe-subiectul-preluarii-metroului-la-primaria-generala\\\/#primaryimage\"},\"image\":{\"@id\":\"https:\\\/\\\/buletin.de\\\/bucuresti\\\/sageti-dinspre-psd-catre-nicusor-dan-pe-subiectul-preluarii-metroului-la-primaria-generala\\\/#primaryimage\"},\"thumbnailUrl\":\"https:\\\/\\\/buletin.de\\\/bucuresti\\\/wp-content\\\/uploads\\\/20230911_221011.jpg\",\"datePublished\":\"2024-03-22T10:47:29+00:00\",\"breadcrumb\":{\"@id\":\"https:\\\/\\\/buletin.de\\\/bucuresti\\\/sageti-dinspre-psd-catre-nicusor-dan-pe-subiectul-preluarii-metroului-la-primaria-generala\\\/#breadcrumb\"},\"inLanguage\":\"en-GB\",\"potentialAction\":[{\"@type\":\"ReadAction\",\"target\":[\"https:\\\/\\\/buletin.de\\\/bucuresti\\\/sageti-dinspre-psd-catre-nicusor-dan-pe-subiectul-preluarii-metroului-la-primaria-generala\\\/\"]}]},{\"@type\":\"ImageObject\",\"inLanguage\":\"en-GB\",\"@id\":\"https:\\\/\\\/buletin.de\\\/bucuresti\\\/sageti-dinspre-psd-catre-nicusor-dan-pe-subiectul-preluarii-metroului-la-primaria-generala\\\/#primaryimage\",\"url\":\"https:\\\/\\\/buletin.de\\\/bucuresti\\\/wp-content\\\/uploads\\\/20230911_221011.jpg\",\"contentUrl\":\"https:\\\/\\\/buletin.de\\\/bucuresti\\\/wp-content\\\/uploads\\\/20230911_221011.jpg\",\"width\":2000,\"height\":1126,\"caption\":\"Negocierile de la Metrorex, \u00eenc\u0103 \u00een faza promisiunilor\"},{\"@type\":\"BreadcrumbList\",\"@id\":\"https:\\\/\\\/buletin.de\\\/bucuresti\\\/sageti-dinspre-psd-catre-nicusor-dan-pe-subiectul-preluarii-metroului-la-primaria-generala\\\/#breadcrumb\",\"itemListElement\":[{\"@type\":\"ListItem\",\"position\":1,\"name\":\"Acas\u0103\",\"item\":\"https:\\\/\\\/buletin.de\\\/bucuresti\\\/\"},{\"@type\":\"ListItem\",\"position\":2,\"name\":\"S\u0103ge\u0163i dinspre PSD c\u0103tre Nicu\u015for Dan, pe subiectul prelu\u0103rii metroului la Prim\u0103ria General\u0103\"}]},{\"@type\":\"WebSite\",\"@id\":\"https:\\\/\\\/buletin.de\\\/bucuresti\\\/#website\",\"url\":\"https:\\\/\\\/buletin.de\\\/bucuresti\\\/\",\"name\":\"Buletin de Bucure\u0219ti\",\"description\":\"\u0218tiri \u0219i investiga\u021bii esen\u021biale din capital\u0103\",\"publisher\":{\"@id\":\"https:\\\/\\\/buletin.de\\\/bucuresti\\\/#organization\"},\"potentialAction\":[{\"@type\":\"SearchAction\",\"target\":{\"@type\":\"EntryPoint\",\"urlTemplate\":\"https:\\\/\\\/buletin.de\\\/bucuresti\\\/?s={search_term_string}\"},\"query-input\":{\"@type\":\"PropertyValueSpecification\",\"valueRequired\":true,\"valueName\":\"search_term_string\"}}],\"inLanguage\":\"en-GB\"},{\"@type\":\"Organization\",\"@id\":\"https:\\\/\\\/buletin.de\\\/bucuresti\\\/#organization\",\"name\":\"Buletin de Bucure\u0219ti\",\"url\":\"https:\\\/\\\/buletin.de\\\/bucuresti\\\/\",\"logo\":{\"@type\":\"ImageObject\",\"inLanguage\":\"en-GB\",\"@id\":\"https:\\\/\\\/buletin.de\\\/bucuresti\\\/#\\\/schema\\\/logo\\\/image\\\/\",\"url\":\"https:\\\/\\\/buletin.de\\\/bucuresti\\\/wp-content\\\/uploads\\\/logo-bdb-full-wide-vernil-transparent.png\",\"contentUrl\":\"https:\\\/\\\/buletin.de\\\/bucuresti\\\/wp-content\\\/uploads\\\/logo-bdb-full-wide-vernil-transparent.png\",\"width\":1782,\"height\":626,\"caption\":\"Buletin de Bucure\u0219ti\"},\"image\":{\"@id\":\"https:\\\/\\\/buletin.de\\\/bucuresti\\\/#\\\/schema\\\/logo\\\/image\\\/\"},\"sameAs\":[\"https:\\\/\\\/www.facebook.com\\\/buletin.de.buc\",\"https:\\\/\\\/www.instagram.com\\\/buletinde.bucuresti\\\/\"]},{\"@type\":\"Person\",\"@id\":\"https:\\\/\\\/buletin.de\\\/bucuresti\\\/#\\\/schema\\\/person\\\/ab174cf6711728e4ee83d672acf9a912\",\"name\":\"Adina C\u0103p\u00eelnean\",\"image\":{\"@type\":\"ImageObject\",\"inLanguage\":\"en-GB\",\"@id\":\"https:\\\/\\\/secure.gravatar.com\\\/avatar\\\/4fe9675d6282fd7c1aa4e486a037d532d5728fc16a30360f293eb6126b2e73ad?s=96&d=monsterid&r=ge2b23868508aec3460d3c6a11d3b599a\",\"url\":\"https:\\\/\\\/secure.gravatar.com\\\/avatar\\\/4fe9675d6282fd7c1aa4e486a037d532d5728fc16a30360f293eb6126b2e73ad?s=96&d=monsterid&r=g\",\"contentUrl\":\"https:\\\/\\\/secure.gravatar.com\\\/avatar\\\/4fe9675d6282fd7c1aa4e486a037d532d5728fc16a30360f293eb6126b2e73ad?s=96&d=monsterid&r=g\",\"caption\":\"Adina C\u0103p\u00eelnean\"},\"url\":\"https:\\\/\\\/buletin.de\\\/bucuresti\\\/author\\\/adinacapilnean\\\/\"}]}<\/script>\n<!-- \/ Yoast SEO Premium plugin. -->","yoast_head_json":{"title":"S\u0103ge\u0163i dinspre PSD c\u0103tre Nicu\u015for Dan, pe subiectul prelu\u0103rii metroului la Prim\u0103ria General\u0103 - Buletin de Bucure\u0219ti","robots":{"index":"index","follow":"follow","max-snippet":"max-snippet:-1","max-image-preview":"max-image-preview:large","max-video-preview":"max-video-preview:-1"},"canonical":"https:\/\/buletin.de\/bucuresti\/sageti-dinspre-psd-catre-nicusor-dan-pe-subiectul-preluarii-metroului-la-primaria-generala\/","og_locale":"en_GB","og_type":"article","og_title":"S\u0103ge\u0163i dinspre PSD c\u0103tre Nicu\u015for Dan, pe subiectul prelu\u0103rii metroului la Prim\u0103ria General\u0103","og_description":"Ministrul Transporturilor Sorin Grindeanu \u015fi premierul Marcel Ciolacu \u00eel preseaz\u0103 pe Nicu\u015for Dan \u00een subiectul prelu\u0103rii Metrorex la Prim\u0103ria Municipiului Bucure\u015fti (PMB). Grindeanu spune c\u0103 \u201ee singurul dup\u0103 Revolu\u021bie care nu a vrut s\u0103 \u00eel preia \u00een administrare\u201d. La \u00eenceputul lunii februarie, Nicu\u0219or Dan afirma c\u0103 ar fi dispus s\u0103 preia metroul de la Ministerul [&hellip;]","og_url":"https:\/\/buletin.de\/bucuresti\/sageti-dinspre-psd-catre-nicusor-dan-pe-subiectul-preluarii-metroului-la-primaria-generala\/","og_site_name":"Buletin de Bucure\u0219ti","article_publisher":"https:\/\/www.facebook.com\/buletin.de.buc","article_published_time":"2024-03-22T10:47:29+00:00","og_image":[{"width":2000,"height":1126,"url":"https:\/\/buletin.de\/bucuresti\/wp-content\/uploads\/20230911_221011.jpg","type":"image\/jpeg"}],"author":"Adina C\u0103p\u00eelnean","twitter_card":"summary_large_image","twitter_misc":{"Written by":"Adina C\u0103p\u00eelnean","Estimated reading time":"3 minutes"},"schema":{"@context":"https:\/\/schema.org","@graph":[{"@type":"Article","@id":"https:\/\/buletin.de\/bucuresti\/sageti-dinspre-psd-catre-nicusor-dan-pe-subiectul-preluarii-metroului-la-primaria-generala\/#article","isPartOf":{"@id":"https:\/\/buletin.de\/bucuresti\/sageti-dinspre-psd-catre-nicusor-dan-pe-subiectul-preluarii-metroului-la-primaria-generala\/"},"author":{"name":"Adina C\u0103p\u00eelnean","@id":"https:\/\/buletin.de\/bucuresti\/#\/schema\/person\/ab174cf6711728e4ee83d672acf9a912"},"headline":"S\u0103ge\u0163i dinspre PSD c\u0103tre Nicu\u015for Dan, pe subiectul prelu\u0103rii metroului la Prim\u0103ria General\u0103","datePublished":"2024-03-22T10:47:29+00:00","mainEntityOfPage":{"@id":"https:\/\/buletin.de\/bucuresti\/sageti-dinspre-psd-catre-nicusor-dan-pe-subiectul-preluarii-metroului-la-primaria-generala\/"},"wordCount":607,"publisher":{"@id":"https:\/\/buletin.de\/bucuresti\/#organization"},"image":{"@id":"https:\/\/buletin.de\/bucuresti\/sageti-dinspre-psd-catre-nicusor-dan-pe-subiectul-preluarii-metroului-la-primaria-generala\/#primaryimage"},"thumbnailUrl":"https:\/\/buletin.de\/bucuresti\/wp-content\/uploads\/20230911_221011.jpg","keywords":["administrare metrou","declaratii","marcel ciolacu","metrou","ministerul transporturilor","nicusor dan","pmb","preluare metrou","primaria capitalei","primaria municipiului bucuresti","primarul general","sorin grindeanu"],"articleSection":["Articole","Main","Politic","Prim\u0103rie","Transport"],"inLanguage":"en-GB","copyrightYear":"2024","copyrightHolder":{"@id":"https:\/\/buletin.de\/bucuresti\/#organization"}},{"@type":"WebPage","@id":"https:\/\/buletin.de\/bucuresti\/sageti-dinspre-psd-catre-nicusor-dan-pe-subiectul-preluarii-metroului-la-primaria-generala\/","url":"https:\/\/buletin.de\/bucuresti\/sageti-dinspre-psd-catre-nicusor-dan-pe-subiectul-preluarii-metroului-la-primaria-generala\/","name":"S\u0103ge\u0163i dinspre PSD c\u0103tre Nicu\u015for Dan, pe subiectul prelu\u0103rii metroului la Prim\u0103ria General\u0103 - Buletin de Bucure\u0219ti","isPartOf":{"@id":"https:\/\/buletin.de\/bucuresti\/#website"},"primaryImageOfPage":{"@id":"https:\/\/buletin.de\/bucuresti\/sageti-dinspre-psd-catre-nicusor-dan-pe-subiectul-preluarii-metroului-la-primaria-generala\/#primaryimage"},"image":{"@id":"https:\/\/buletin.de\/bucuresti\/sageti-dinspre-psd-catre-nicusor-dan-pe-subiectul-preluarii-metroului-la-primaria-generala\/#primaryimage"},"thumbnailUrl":"https:\/\/buletin.de\/bucuresti\/wp-content\/uploads\/20230911_221011.jpg","datePublished":"2024-03-22T10:47:29+00:00","breadcrumb":{"@id":"https:\/\/buletin.de\/bucuresti\/sageti-dinspre-psd-catre-nicusor-dan-pe-subiectul-preluarii-metroului-la-primaria-generala\/#breadcrumb"},"inLanguage":"en-GB","potentialAction":[{"@type":"ReadAction","target":["https:\/\/buletin.de\/bucuresti\/sageti-dinspre-psd-catre-nicusor-dan-pe-subiectul-preluarii-metroului-la-primaria-generala\/"]}]},{"@type":"ImageObject","inLanguage":"en-GB","@id":"https:\/\/buletin.de\/bucuresti\/sageti-dinspre-psd-catre-nicusor-dan-pe-subiectul-preluarii-metroului-la-primaria-generala\/#primaryimage","url":"https:\/\/buletin.de\/bucuresti\/wp-content\/uploads\/20230911_221011.jpg","contentUrl":"https:\/\/buletin.de\/bucuresti\/wp-content\/uploads\/20230911_221011.jpg","width":2000,"height":1126,"caption":"Negocierile de la Metrorex, \u00eenc\u0103 \u00een faza promisiunilor"},{"@type":"BreadcrumbList","@id":"https:\/\/buletin.de\/bucuresti\/sageti-dinspre-psd-catre-nicusor-dan-pe-subiectul-preluarii-metroului-la-primaria-generala\/#breadcrumb","itemListElement":[{"@type":"ListItem","position":1,"name":"Acas\u0103","item":"https:\/\/buletin.de\/bucuresti\/"},{"@type":"ListItem","position":2,"name":"S\u0103ge\u0163i dinspre PSD c\u0103tre Nicu\u015for Dan, pe subiectul prelu\u0103rii metroului la Prim\u0103ria General\u0103"}]},{"@type":"WebSite","@id":"https:\/\/buletin.de\/bucuresti\/#website","url":"https:\/\/buletin.de\/bucuresti\/","name":"Buletin de Bucure\u0219ti","description":"\u0218tiri \u0219i investiga\u021bii esen\u021biale din capital\u0103","publisher":{"@id":"https:\/\/buletin.de\/bucuresti\/#organization"},"potentialAction":[{"@type":"SearchAction","target":{"@type":"EntryPoint","urlTemplate":"https:\/\/buletin.de\/bucuresti\/?s={search_term_string}"},"query-input":{"@type":"PropertyValueSpecification","valueRequired":true,"valueName":"search_term_string"}}],"inLanguage":"en-GB"},{"@type":"Organization","@id":"https:\/\/buletin.de\/bucuresti\/#organization","name":"Buletin de Bucure\u0219ti","url":"https:\/\/buletin.de\/bucuresti\/","logo":{"@type":"ImageObject","inLanguage":"en-GB","@id":"https:\/\/buletin.de\/bucuresti\/#\/schema\/logo\/image\/","url":"https:\/\/buletin.de\/bucuresti\/wp-content\/uploads\/logo-bdb-full-wide-vernil-transparent.png","contentUrl":"https:\/\/buletin.de\/bucuresti\/wp-content\/uploads\/logo-bdb-full-wide-vernil-transparent.png","width":1782,"height":626,"caption":"Buletin de Bucure\u0219ti"},"image":{"@id":"https:\/\/buletin.de\/bucuresti\/#\/schema\/logo\/image\/"},"sameAs":["https:\/\/www.facebook.com\/buletin.de.buc","https:\/\/www.instagram.com\/buletinde.bucuresti\/"]},{"@type":"Person","@id":"https:\/\/buletin.de\/bucuresti\/#\/schema\/person\/ab174cf6711728e4ee83d672acf9a912","name":"Adina C\u0103p\u00eelnean","image":{"@type":"ImageObject","inLanguage":"en-GB","@id":"https:\/\/secure.gravatar.com\/avatar\/4fe9675d6282fd7c1aa4e486a037d532d5728fc16a30360f293eb6126b2e73ad?s=96&d=monsterid&r=ge2b23868508aec3460d3c6a11d3b599a","url":"https:\/\/secure.gravatar.com\/avatar\/4fe9675d6282fd7c1aa4e486a037d532d5728fc16a30360f293eb6126b2e73ad?s=96&d=monsterid&r=g","contentUrl":"https:\/\/secure.gravatar.com\/avatar\/4fe9675d6282fd7c1aa4e486a037d532d5728fc16a30360f293eb6126b2e73ad?s=96&d=monsterid&r=g","caption":"Adina C\u0103p\u00eelnean"},"url":"https:\/\/buletin.de\/bucuresti\/author\/adinacapilnean\/"}]}},"authors":[{"term_id":22580,"user_id":47,"is_guest":0,"slug":"adinacapilnean","display_name":"Adina C\u0103p\u00eelnean","avatar_url":"https:\/\/secure.gravatar.com\/avatar\/4fe9675d6282fd7c1aa4e486a037d532d5728fc16a30360f293eb6126b2e73ad?s=96&d=monsterid&r=g","0":null,"1":"","2":"","3":"","4":"","5":"","6":"","7":"","8":""}],"_links":{"self":[{"href":"https:\/\/buletin.de\/bucuresti\/wp-json\/wp\/v2\/posts\/80756","targetHints":{"allow":["GET"]}}],"collection":[{"href":"https:\/\/buletin.de\/bucuresti\/wp-json\/wp\/v2\/posts"}],"about":[{"href":"https:\/\/buletin.de\/bucuresti\/wp-json\/wp\/v2\/types\/post"}],"author":[{"embeddable":true,"href":"https:\/\/buletin.de\/bucuresti\/wp-json\/wp\/v2\/users\/47"}],"replies":[{"embeddable":true,"href":"https:\/\/buletin.de\/bucuresti\/wp-json\/wp\/v2\/comments?post=80756"}],"version-history":[{"count":2,"href":"https:\/\/buletin.de\/bucuresti\/wp-json\/wp\/v2\/posts\/80756\/revisions"}],"predecessor-version":[{"id":80759,"href":"https:\/\/buletin.de\/bucuresti\/wp-json\/wp\/v2\/posts\/80756\/revisions\/80759"}],"wp:featuredmedia":[{"embeddable":true,"href":"https:\/\/buletin.de\/bucuresti\/wp-json\/wp\/v2\/media\/73118"}],"wp:attachment":[{"href":"https:\/\/buletin.de\/bucuresti\/wp-json\/wp\/v2\/media?parent=80756"}],"wp:term":[{"taxonomy":"category","embeddable":true,"href":"https:\/\/buletin.de\/bucuresti\/wp-json\/wp\/v2\/categories?post=80756"},{"taxonomy":"post_tag","embeddable":true,"href":"https:\/\/buletin.de\/bucuresti\/wp-json\/wp\/v2\/tags?post=80756"},{"taxonomy":"author","embeddable":true,"href":"https:\/\/buletin.de\/bucuresti\/wp-json\/wp\/v2\/ppma_author?post=80756"}],"curies":[{"name":"wp","href":"https:\/\/api.w.org\/{rel}","templated":true}]}}