{"id":80738,"date":"2024-03-23T11:00:00","date_gmt":"2024-03-23T09:00:00","guid":{"rendered":"https:\/\/buletin.de\/bucuresti\/?p=80738"},"modified":"2024-03-23T06:45:27","modified_gmt":"2024-03-23T04:45:27","slug":"legal-half-marathon-2024-modifica-traseele-pentru-opt-linii-stb-in-weekend","status":"publish","type":"post","link":"https:\/\/buletin.de\/bucuresti\/legal-half-marathon-2024-modifica-traseele-pentru-opt-linii-stb-in-weekend\/","title":{"rendered":"\u201eLegal Half &#8211; Marathon 2024\u201d modific\u0103 traseele pentru opt linii STB, \u00een weekend"},"content":{"rendered":"\n<p><strong>Opt linii STB vor avea trasee modificate pe 24 martie, anun\u021b\u0103 Societatea de Transport \u00een Comun. M\u0103sur\u0103 este luat\u0103 pentru organizarea evenimentului sportiv \u201eLegal Half &#8211; Marathon 2024\u201d.<\/strong><\/p>\n\n\n\n<p>Circula\u021bia rutier\u0103 va fi restric\u021bionat\u0103\u00a0<strong>\u00eentre orele 07:00 \u2013 14:00\u00a0<\/strong>dup\u0103 cum urmeaz\u0103:<\/p>\n\n\n\n<ul class=\"wp-block-list\">\n<li>pe Bd. Unirii, tronsonul cuprins \u00eentre Pia\u021ba Unirii \u2013 f\u0103r\u0103 afectarea traficului rutier \u00een rond \u2013 \u0219i Pia\u021ba Alba Iulia;<\/li>\n\n\n\n<li>pe Bd. Mircea Vod\u0103, tronsonul cuprins \u00eentre Str. Sf. Vineri \u0219i Bd. M\u0103r\u0103\u0219e\u0219ti;<\/li>\n\n\n\n<li>pe Bd. Decebal , pe tronsonul cuprins \u020bntre Pia\u021ba Alba Iulia \u0219i Str. Dristorului \u2013 f\u0103r\u0103 afectarea circula\u021biei pe rela\u021bia Str. Dristorului &#8211; Str. Delea Nou\u0103.<\/li>\n<\/ul>\n\n\n\n<p>\u00cen acest context, STB va modifica circula\u021bia autobuzelor de pe&nbsp;<strong>liniile 104, 116, 117, 123, 133, 312, 313 \u0219i 323,<\/strong>&nbsp;astfel:<\/p>\n\n\n\n<p><strong>Linia 104<\/strong>&nbsp;va func\u0163iona pe traseul de baz\u0103 \u00eentre terminalul \u201eCora Pantelimon\u201d \u015fi intersec\u021bia Bd. Decebal\/Str. Dristorului, apoi pe un traseu modificat pe ambele sensuri pe;<\/p>\n\n\n\n<ul class=\"wp-block-list\">\n<li>Str. Dristorului;<\/li>\n\n\n\n<li>\u015eos. Mihai Bravu;<\/li>\n\n\n\n<li>Calea Dude\u015fti;<\/li>\n\n\n\n<li>Bd. Octavian Goga;<\/li>\n\n\n\n<li>Pasajul M\u0103r\u0103\u015fe\u015fti;<\/li>\n\n\n\n<li>Bd. M\u0103r\u0103\u015fe\u015fti,;<\/li>\n\n\n\n<li>Bd. Dimitrie Cantemir;<\/li>\n\n\n\n<li>Pia\u021ba Unirii;<\/li>\n\n\n\n<li>traseu actual.<\/li>\n<\/ul>\n\n\n\n<p><strong>Linia 116&nbsp;<\/strong>va func\u0163iona pe traseul de baz\u0103 \u00eentre terminalul \u201eCFR Progresul\u201d \u015fi intersec\u0163ia Bd. Dimitrie Cantemir\/Bd. Unirii, apoi pe un traseu modificat;<\/p>\n\n\n\n<ul class=\"wp-block-list\">\n<li>Bd. I.C. Br\u0103tianu;<\/li>\n\n\n\n<li>Bd. Corneliu Coposu;<\/li>\n\n\n\n<li>Str. Sf. Vineri;<\/li>\n\n\n\n<li>Bd. Mircea Vod\u0103;<\/li>\n\n\n\n<li>Bd. Corneliu Coposu, p\u0203n\u0103 la sta\u0163ia \u201ePia\u0163a Sf\u00e2nta Vineri\u201d. <\/li>\n<\/ul>\n\n\n\n<p>Circula\u021bia autobuzelor liniei 116 nu va fi modificat\u0103 pe sensul opus.<\/p>\n\n\n\n<p><strong>Linia 117&nbsp;<\/strong>va func\u0163iona \u00eentre terminalul \u201eCartier Confort Urban\u201d \u015fi Pia\u0163a Unirii, apoi pe un traseu modificat;<\/p>\n\n\n\n<ul class=\"wp-block-list\">\n<li>Bd. I.C. Br\u0103tianu;<\/li>\n\n\n\n<li>Bd. Corneliu Coposu;<\/li>\n\n\n\n<li>Str. Sf. Vineri;<\/li>\n\n\n\n<li>Bd. Mircea Vod\u0103;<\/li>\n\n\n\n<li>Bd. Corneliu Coposu p\u0203n\u0103 la sta\u0163ia \u201ePia\u0163a Sf\u00e2nta Vineri\u201d. <\/li>\n<\/ul>\n\n\n\n<p>Circula\u021bia autobuzelor liniei 117 nu va fi modificat\u0103 pe sensul opus.<\/p>\n\n\n\n<p><strong>Linia 123&nbsp;<\/strong>va func\u0163iona pe traseul de baz\u0103 \u00eentre terminalul \u201eC.E.T. Sud Vitan\u201d \u015fi intersec\u0163ia Calea Vitan\/Bd. Octavian Goga, apoi pe un traseu modificat \u020bn ambele sensuri pe:<\/p>\n\n\n\n<ul class=\"wp-block-list\">\n<li>Bd. Octavian Goga, prin Pasajul M\u0103r\u0103\u015fe\u015fti;<\/li>\n\n\n\n<li>Bd. M\u0103r\u0103\u015fe\u015fti;<\/li>\n\n\n\n<li>Bd. Dimitrie Cantemir;<\/li>\n\n\n\n<li>Pia\u021ba Unirii<\/li>\n\n\n\n<li>traseu actual.<\/li>\n<\/ul>\n\n\n\n<p><strong>Linia 133&nbsp;<\/strong>va func\u021biona pe traseul de baz\u0103 \u00eentre terminalul \u201eGara Basarab\u201d \u015fi intersec\u0163ia Str. Traian\/Calea C\u0103l\u0103ra\u015fi, apoi pe un traseu modificat \u00een ambele sensuri:<\/p>\n\n\n\n<ul class=\"wp-block-list\">\n<li>Calea C\u0103l\u0103ra\u015fi;<\/li>\n\n\n\n<li>Str. Delea Nou\u0103;<\/li>\n\n\n\n<li>Str. Dristorului;<\/li>\n\n\n\n<li>\u015eos. Mihai Bravu;<\/li>\n\n\n\n<li>Calea Dude\u015fti;<\/li>\n\n\n\n<li>Bd. Octavian Goga;<\/li>\n\n\n\n<li>Str. Nerva Traian;<\/li>\n\n\n\n<li>traseu actual.<\/li>\n<\/ul>\n\n\n\n<p><strong>Linia 312&nbsp;<\/strong>va func\u0163iona pe traseul de baz\u0103 \u00eentre terminalul \u201ePlatforma Comercial\u0103 Arcade Berceni\u201d \u015fi intersec\u0163ia Splaiul Unirii\/Bd. M\u0103r\u0103\u0219e\u0219ti, apoi modificat pe:<\/p>\n\n\n\n<ul class=\"wp-block-list\">\n<li>Bd. I.C. Br\u0103tianu;<\/li>\n\n\n\n<li>Str. Halelor;<\/li>\n\n\n\n<li>Pia\u0163a Unirii, cu \u00eentoarcere pe Splaiul Unirii;<\/li>\n\n\n\n<li>traseu actual. <\/li>\n<\/ul>\n\n\n\n<p>Circula\u021bia autobuzelor liniei 312 nu va fi modificat\u0103 pe sensul opus.<\/p>\n\n\n\n<p><strong>Linia 313&nbsp;<\/strong>va func\u0163iona pe traseul de baz\u0103 \u00eentre terminalul \u201ePia\u0163a de Gros\u201d \u015fi intersec\u0163ia Bd. Dimitrie Cantemir\/Bd. Unirii, apoi pe:<\/p>\n\n\n\n<ul class=\"wp-block-list\">\n<li>Bd. I.C. Br\u0103tianu;<\/li>\n\n\n\n<li>Bd. Corneliu Coposu;<\/li>\n\n\n\n<li>Str. Sf. Vineri;<\/li>\n\n\n\n<li>Bd. Mircea Vod\u0103;<\/li>\n\n\n\n<li>Bd. Corneliu Coposu, p\u0203n\u0103 la sta\u0163ia \u201ePia\u0163a Sf\u00e2nta Vineri\u201d. <\/li>\n<\/ul>\n\n\n\n<p>Circula\u021bia autobuzelor liniei 313 nu va fi modificat\u0103 pe sensul opus.<\/p>\n\n\n\n<p><strong>Linia 323&nbsp;<\/strong>va func\u0163iona pe traseul de baz\u0103 \u00eentre terminalul \u201eZe\u021barilor\u201d \u015fi intersec\u0163ia Bd. Mircea Vod\u0103\/Bd. M\u0103r\u0103\u0219e\u0219ti, apoi pe:<\/p>\n\n\n\n<ul class=\"wp-block-list\">\n<li>Bd. M\u0103r\u0103\u0219e\u0219ti,;<\/li>\n\n\n\n<li>Bd. Dimitrie Cantemir;<\/li>\n\n\n\n<li>Str. Halelor;<\/li>\n\n\n\n<li>Pia\u0163a Unirii, cu \u00eentoarcere pe Bd. Dimitrie Cantemir, Bd. M\u0103r\u0103\u0219e\u0219ti, Bd. Mircea Vod\u0103;<\/li>\n\n\n\n<li>traseul actual.<\/li>\n<\/ul>\n\n\n\n<p>Competi\u021bia &#8220;Legal Half-Marathon&#8221; este organizat\u0103 de Asocia\u021bia EOS D&#8217;ART cu sprijinul Asocia\u021biei Club Sportiv Elite Running, \u00een parteneriat cu Baroul Bucure\u0219ti \u0219i Prim\u0103ria Municipiului Bucure\u0219ti. Evenimentul vrea s\u0103 promoveze mi\u0219carea \u0219i un stil de via\u021b\u0103 s\u0103n\u0103tos. \u00cen cadrul competi\u021biei, vor avea loc \u0219i str\u00e2ngeri de fonduri pentru cauze caritabile.<\/p>\n\n\n\n<p><\/p>\n\n\n\n<p><strong>CITE\u015eTE \u015eI:<\/strong><\/p>\n\n\n\n<figure class=\"wp-block-embed is-type-wp-embed is-provider-buletin-de-bucure-ti wp-block-embed-buletin-de-bucure-ti\"><div class=\"wp-block-embed__wrapper\">\n<blockquote class=\"wp-embedded-content\" data-secret=\"a7JQEEgDKZ\"><a href=\"https:\/\/buletin.de\/bucuresti\/tramvaiul-25-nu-circula-tot-weekend-ul-din-cauza-unor-lucrari-ce-alternativa-ofera-autoritatile\/\">Tramvaiul 25 nu circul\u0103 tot weekend-ul, din cauza unor lucr\u0103ri. Ce alternativ\u0103 ofer\u0103 autorit\u0103\u0163ile<\/a><\/blockquote><iframe class=\"wp-embedded-content\" sandbox=\"allow-scripts\" security=\"restricted\" style=\"position: absolute; clip: rect(1px, 1px, 1px, 1px);\" title=\"&#8220;Tramvaiul 25 nu circul\u0103 tot weekend-ul, din cauza unor lucr\u0103ri. Ce alternativ\u0103 ofer\u0103 autorit\u0103\u0163ile&#8221; &#8212; Buletin de Bucure\u0219ti\" src=\"https:\/\/buletin.de\/bucuresti\/tramvaiul-25-nu-circula-tot-weekend-ul-din-cauza-unor-lucrari-ce-alternativa-ofera-autoritatile\/embed\/#?secret=qnwQUF0luO#?secret=a7JQEEgDKZ\" data-secret=\"a7JQEEgDKZ\" width=\"600\" height=\"338\" frameborder=\"0\" marginwidth=\"0\" marginheight=\"0\" scrolling=\"no\"><\/iframe>\n<\/div><\/figure>\n","protected":false},"excerpt":{"rendered":"<p>Opt linii STB vor avea trasee modificate pe 24 martie, anun\u021b\u0103 Societatea de Transport \u00een Comun. M\u0103sur\u0103 este luat\u0103 pentru organizarea evenimentului sportiv \u201eLegal Half &#8211; Marathon 2024\u201d. Circula\u021bia rutier\u0103 va fi restric\u021bionat\u0103\u00a0\u00eentre orele 07:00 \u2013 14:00\u00a0dup\u0103 cum urmeaz\u0103: \u00cen acest context, STB va modifica circula\u021bia autobuzelor de pe&nbsp;liniile 104, 116, 117, 123, 133, 312, [&hellip;]<\/p>\n","protected":false},"author":49,"featured_media":80744,"comment_status":"closed","ping_status":"open","sticky":false,"template":"","format":"standard","meta":{"_acf_changed":false,"inline_featured_image":false,"ngg_post_thumbnail":0,"footnotes":""},"categories":[6994,62,650],"tags":[10691,402,2842,10692],"ppma_author":[22574],"class_list":["post-80738","post","type-post","status-publish","format-standard","has-post-thumbnail","hentry","category-stiri-2","category-stiri","category-transport","tag-legal-half-marathon","tag-stb","tag-tpbi","tag-trasee-stb-modificate"],"acf":[],"yoast_head":"<!-- This site is optimized with the Yoast SEO Premium plugin v25.3 (Yoast SEO v27.5) - https:\/\/yoast.com\/product\/yoast-seo-premium-wordpress\/ -->\n<title>\u201eLegal Half - Marathon 2024\u201d modific\u0103 traseele pentru opt linii STB, \u00een weekend - Buletin de Bucure\u0219ti<\/title>\n<meta name=\"robots\" content=\"index, follow, max-snippet:-1, max-image-preview:large, max-video-preview:-1\" \/>\n<link rel=\"canonical\" href=\"https:\/\/buletin.de\/bucuresti\/legal-half-marathon-2024-modifica-traseele-pentru-opt-linii-stb-in-weekend\/\" \/>\n<meta property=\"og:locale\" content=\"en_GB\" \/>\n<meta property=\"og:type\" content=\"article\" \/>\n<meta property=\"og:title\" content=\"\u201eLegal Half - Marathon 2024\u201d modific\u0103 traseele pentru opt linii STB, \u00een weekend\" \/>\n<meta property=\"og:description\" content=\"Opt linii STB vor avea trasee modificate pe 24 martie, anun\u021b\u0103 Societatea de Transport \u00een Comun. M\u0103sur\u0103 este luat\u0103 pentru organizarea evenimentului sportiv \u201eLegal Half &#8211; Marathon 2024\u201d. Circula\u021bia rutier\u0103 va fi restric\u021bionat\u0103\u00a0\u00eentre orele 07:00 \u2013 14:00\u00a0dup\u0103 cum urmeaz\u0103: \u00cen acest context, STB va modifica circula\u021bia autobuzelor de pe&nbsp;liniile 104, 116, 117, 123, 133, 312, [&hellip;]\" \/>\n<meta property=\"og:url\" content=\"https:\/\/buletin.de\/bucuresti\/legal-half-marathon-2024-modifica-traseele-pentru-opt-linii-stb-in-weekend\/\" \/>\n<meta property=\"og:site_name\" content=\"Buletin de Bucure\u0219ti\" \/>\n<meta property=\"article:publisher\" content=\"https:\/\/www.facebook.com\/buletin.de.buc\" \/>\n<meta property=\"article:published_time\" content=\"2024-03-23T09:00:00+00:00\" \/>\n<meta property=\"og:image\" content=\"https:\/\/buletin.de\/bucuresti\/wp-content\/uploads\/Screenshot-2024-03-22-at-11.36.08.png\" \/>\n\t<meta property=\"og:image:width\" content=\"845\" \/>\n\t<meta property=\"og:image:height\" content=\"501\" \/>\n\t<meta property=\"og:image:type\" content=\"image\/png\" \/>\n<meta name=\"author\" content=\"Diana Matei\" \/>\n<meta name=\"twitter:card\" content=\"summary_large_image\" \/>\n<meta name=\"twitter:label1\" content=\"Written by\" \/>\n\t<meta name=\"twitter:data1\" content=\"Diana Matei\" \/>\n\t<meta name=\"twitter:label2\" content=\"Estimated reading time\" \/>\n\t<meta name=\"twitter:data2\" content=\"3 minutes\" \/>\n<script type=\"application\/ld+json\" class=\"yoast-schema-graph\">{\"@context\":\"https:\\\/\\\/schema.org\",\"@graph\":[{\"@type\":\"Article\",\"@id\":\"https:\\\/\\\/buletin.de\\\/bucuresti\\\/legal-half-marathon-2024-modifica-traseele-pentru-opt-linii-stb-in-weekend\\\/#article\",\"isPartOf\":{\"@id\":\"https:\\\/\\\/buletin.de\\\/bucuresti\\\/legal-half-marathon-2024-modifica-traseele-pentru-opt-linii-stb-in-weekend\\\/\"},\"author\":{\"name\":\"Diana Matei\",\"@id\":\"https:\\\/\\\/buletin.de\\\/bucuresti\\\/#\\\/schema\\\/person\\\/7e46040573290777280a0835d81ea4ea\"},\"headline\":\"\u201eLegal Half &#8211; Marathon 2024\u201d modific\u0103 traseele pentru opt linii STB, \u00een weekend\",\"datePublished\":\"2024-03-23T09:00:00+00:00\",\"mainEntityOfPage\":{\"@id\":\"https:\\\/\\\/buletin.de\\\/bucuresti\\\/legal-half-marathon-2024-modifica-traseele-pentru-opt-linii-stb-in-weekend\\\/\"},\"wordCount\":665,\"publisher\":{\"@id\":\"https:\\\/\\\/buletin.de\\\/bucuresti\\\/#organization\"},\"image\":{\"@id\":\"https:\\\/\\\/buletin.de\\\/bucuresti\\\/legal-half-marathon-2024-modifica-traseele-pentru-opt-linii-stb-in-weekend\\\/#primaryimage\"},\"thumbnailUrl\":\"https:\\\/\\\/buletin.de\\\/bucuresti\\\/wp-content\\\/uploads\\\/Screenshot-2024-03-22-at-11.36.08.png\",\"keywords\":[\"Legal Half - Marathon\",\"stb\",\"tpbi\",\"trasee stb modificate\"],\"articleSection\":[\"Articole\",\"\u0218tiri\",\"Transport\"],\"inLanguage\":\"en-GB\",\"copyrightYear\":\"2024\",\"copyrightHolder\":{\"@id\":\"https:\\\/\\\/buletin.de\\\/bucuresti\\\/#organization\"}},{\"@type\":\"WebPage\",\"@id\":\"https:\\\/\\\/buletin.de\\\/bucuresti\\\/legal-half-marathon-2024-modifica-traseele-pentru-opt-linii-stb-in-weekend\\\/\",\"url\":\"https:\\\/\\\/buletin.de\\\/bucuresti\\\/legal-half-marathon-2024-modifica-traseele-pentru-opt-linii-stb-in-weekend\\\/\",\"name\":\"\u201eLegal Half - Marathon 2024\u201d modific\u0103 traseele pentru opt linii STB, \u00een weekend - Buletin de Bucure\u0219ti\",\"isPartOf\":{\"@id\":\"https:\\\/\\\/buletin.de\\\/bucuresti\\\/#website\"},\"primaryImageOfPage\":{\"@id\":\"https:\\\/\\\/buletin.de\\\/bucuresti\\\/legal-half-marathon-2024-modifica-traseele-pentru-opt-linii-stb-in-weekend\\\/#primaryimage\"},\"image\":{\"@id\":\"https:\\\/\\\/buletin.de\\\/bucuresti\\\/legal-half-marathon-2024-modifica-traseele-pentru-opt-linii-stb-in-weekend\\\/#primaryimage\"},\"thumbnailUrl\":\"https:\\\/\\\/buletin.de\\\/bucuresti\\\/wp-content\\\/uploads\\\/Screenshot-2024-03-22-at-11.36.08.png\",\"datePublished\":\"2024-03-23T09:00:00+00:00\",\"breadcrumb\":{\"@id\":\"https:\\\/\\\/buletin.de\\\/bucuresti\\\/legal-half-marathon-2024-modifica-traseele-pentru-opt-linii-stb-in-weekend\\\/#breadcrumb\"},\"inLanguage\":\"en-GB\",\"potentialAction\":[{\"@type\":\"ReadAction\",\"target\":[\"https:\\\/\\\/buletin.de\\\/bucuresti\\\/legal-half-marathon-2024-modifica-traseele-pentru-opt-linii-stb-in-weekend\\\/\"]}]},{\"@type\":\"ImageObject\",\"inLanguage\":\"en-GB\",\"@id\":\"https:\\\/\\\/buletin.de\\\/bucuresti\\\/legal-half-marathon-2024-modifica-traseele-pentru-opt-linii-stb-in-weekend\\\/#primaryimage\",\"url\":\"https:\\\/\\\/buletin.de\\\/bucuresti\\\/wp-content\\\/uploads\\\/Screenshot-2024-03-22-at-11.36.08.png\",\"contentUrl\":\"https:\\\/\\\/buletin.de\\\/bucuresti\\\/wp-content\\\/uploads\\\/Screenshot-2024-03-22-at-11.36.08.png\",\"width\":845,\"height\":501,\"caption\":\"FOTO: TPBI\"},{\"@type\":\"BreadcrumbList\",\"@id\":\"https:\\\/\\\/buletin.de\\\/bucuresti\\\/legal-half-marathon-2024-modifica-traseele-pentru-opt-linii-stb-in-weekend\\\/#breadcrumb\",\"itemListElement\":[{\"@type\":\"ListItem\",\"position\":1,\"name\":\"Acas\u0103\",\"item\":\"https:\\\/\\\/buletin.de\\\/bucuresti\\\/\"},{\"@type\":\"ListItem\",\"position\":2,\"name\":\"\u201eLegal Half &#8211; Marathon 2024\u201d modific\u0103 traseele pentru opt linii STB, \u00een weekend\"}]},{\"@type\":\"WebSite\",\"@id\":\"https:\\\/\\\/buletin.de\\\/bucuresti\\\/#website\",\"url\":\"https:\\\/\\\/buletin.de\\\/bucuresti\\\/\",\"name\":\"Buletin de Bucure\u0219ti\",\"description\":\"\u0218tiri \u0219i investiga\u021bii esen\u021biale din capital\u0103\",\"publisher\":{\"@id\":\"https:\\\/\\\/buletin.de\\\/bucuresti\\\/#organization\"},\"potentialAction\":[{\"@type\":\"SearchAction\",\"target\":{\"@type\":\"EntryPoint\",\"urlTemplate\":\"https:\\\/\\\/buletin.de\\\/bucuresti\\\/?s={search_term_string}\"},\"query-input\":{\"@type\":\"PropertyValueSpecification\",\"valueRequired\":true,\"valueName\":\"search_term_string\"}}],\"inLanguage\":\"en-GB\"},{\"@type\":\"Organization\",\"@id\":\"https:\\\/\\\/buletin.de\\\/bucuresti\\\/#organization\",\"name\":\"Buletin de Bucure\u0219ti\",\"url\":\"https:\\\/\\\/buletin.de\\\/bucuresti\\\/\",\"logo\":{\"@type\":\"ImageObject\",\"inLanguage\":\"en-GB\",\"@id\":\"https:\\\/\\\/buletin.de\\\/bucuresti\\\/#\\\/schema\\\/logo\\\/image\\\/\",\"url\":\"https:\\\/\\\/buletin.de\\\/bucuresti\\\/wp-content\\\/uploads\\\/logo-bdb-full-wide-vernil-transparent.png\",\"contentUrl\":\"https:\\\/\\\/buletin.de\\\/bucuresti\\\/wp-content\\\/uploads\\\/logo-bdb-full-wide-vernil-transparent.png\",\"width\":1782,\"height\":626,\"caption\":\"Buletin de Bucure\u0219ti\"},\"image\":{\"@id\":\"https:\\\/\\\/buletin.de\\\/bucuresti\\\/#\\\/schema\\\/logo\\\/image\\\/\"},\"sameAs\":[\"https:\\\/\\\/www.facebook.com\\\/buletin.de.buc\",\"https:\\\/\\\/www.instagram.com\\\/buletinde.bucuresti\\\/\"]},{\"@type\":\"Person\",\"@id\":\"https:\\\/\\\/buletin.de\\\/bucuresti\\\/#\\\/schema\\\/person\\\/7e46040573290777280a0835d81ea4ea\",\"name\":\"Diana Matei\",\"image\":{\"@type\":\"ImageObject\",\"inLanguage\":\"en-GB\",\"@id\":\"https:\\\/\\\/buletin.de\\\/bucuresti\\\/wp-content\\\/uploads\\\/9-2-96x96.jpg1e8590b30871d70e62ebcdaf2eff570c\",\"url\":\"https:\\\/\\\/buletin.de\\\/bucuresti\\\/wp-content\\\/uploads\\\/9-2-96x96.jpg\",\"contentUrl\":\"https:\\\/\\\/buletin.de\\\/bucuresti\\\/wp-content\\\/uploads\\\/9-2-96x96.jpg\",\"caption\":\"Diana Matei\"},\"url\":\"https:\\\/\\\/buletin.de\\\/bucuresti\\\/author\\\/dianamatei\\\/\"}]}<\/script>\n<!-- \/ Yoast SEO Premium plugin. -->","yoast_head_json":{"title":"\u201eLegal Half - Marathon 2024\u201d modific\u0103 traseele pentru opt linii STB, \u00een weekend - Buletin de Bucure\u0219ti","robots":{"index":"index","follow":"follow","max-snippet":"max-snippet:-1","max-image-preview":"max-image-preview:large","max-video-preview":"max-video-preview:-1"},"canonical":"https:\/\/buletin.de\/bucuresti\/legal-half-marathon-2024-modifica-traseele-pentru-opt-linii-stb-in-weekend\/","og_locale":"en_GB","og_type":"article","og_title":"\u201eLegal Half - Marathon 2024\u201d modific\u0103 traseele pentru opt linii STB, \u00een weekend","og_description":"Opt linii STB vor avea trasee modificate pe 24 martie, anun\u021b\u0103 Societatea de Transport \u00een Comun. M\u0103sur\u0103 este luat\u0103 pentru organizarea evenimentului sportiv \u201eLegal Half &#8211; Marathon 2024\u201d. Circula\u021bia rutier\u0103 va fi restric\u021bionat\u0103\u00a0\u00eentre orele 07:00 \u2013 14:00\u00a0dup\u0103 cum urmeaz\u0103: \u00cen acest context, STB va modifica circula\u021bia autobuzelor de pe&nbsp;liniile 104, 116, 117, 123, 133, 312, [&hellip;]","og_url":"https:\/\/buletin.de\/bucuresti\/legal-half-marathon-2024-modifica-traseele-pentru-opt-linii-stb-in-weekend\/","og_site_name":"Buletin de Bucure\u0219ti","article_publisher":"https:\/\/www.facebook.com\/buletin.de.buc","article_published_time":"2024-03-23T09:00:00+00:00","og_image":[{"width":845,"height":501,"url":"https:\/\/buletin.de\/bucuresti\/wp-content\/uploads\/Screenshot-2024-03-22-at-11.36.08.png","type":"image\/png"}],"author":"Diana Matei","twitter_card":"summary_large_image","twitter_misc":{"Written by":"Diana Matei","Estimated reading time":"3 minutes"},"schema":{"@context":"https:\/\/schema.org","@graph":[{"@type":"Article","@id":"https:\/\/buletin.de\/bucuresti\/legal-half-marathon-2024-modifica-traseele-pentru-opt-linii-stb-in-weekend\/#article","isPartOf":{"@id":"https:\/\/buletin.de\/bucuresti\/legal-half-marathon-2024-modifica-traseele-pentru-opt-linii-stb-in-weekend\/"},"author":{"name":"Diana Matei","@id":"https:\/\/buletin.de\/bucuresti\/#\/schema\/person\/7e46040573290777280a0835d81ea4ea"},"headline":"\u201eLegal Half &#8211; Marathon 2024\u201d modific\u0103 traseele pentru opt linii STB, \u00een weekend","datePublished":"2024-03-23T09:00:00+00:00","mainEntityOfPage":{"@id":"https:\/\/buletin.de\/bucuresti\/legal-half-marathon-2024-modifica-traseele-pentru-opt-linii-stb-in-weekend\/"},"wordCount":665,"publisher":{"@id":"https:\/\/buletin.de\/bucuresti\/#organization"},"image":{"@id":"https:\/\/buletin.de\/bucuresti\/legal-half-marathon-2024-modifica-traseele-pentru-opt-linii-stb-in-weekend\/#primaryimage"},"thumbnailUrl":"https:\/\/buletin.de\/bucuresti\/wp-content\/uploads\/Screenshot-2024-03-22-at-11.36.08.png","keywords":["Legal Half - Marathon","stb","tpbi","trasee stb modificate"],"articleSection":["Articole","\u0218tiri","Transport"],"inLanguage":"en-GB","copyrightYear":"2024","copyrightHolder":{"@id":"https:\/\/buletin.de\/bucuresti\/#organization"}},{"@type":"WebPage","@id":"https:\/\/buletin.de\/bucuresti\/legal-half-marathon-2024-modifica-traseele-pentru-opt-linii-stb-in-weekend\/","url":"https:\/\/buletin.de\/bucuresti\/legal-half-marathon-2024-modifica-traseele-pentru-opt-linii-stb-in-weekend\/","name":"\u201eLegal Half - Marathon 2024\u201d modific\u0103 traseele pentru opt linii STB, \u00een weekend - Buletin de Bucure\u0219ti","isPartOf":{"@id":"https:\/\/buletin.de\/bucuresti\/#website"},"primaryImageOfPage":{"@id":"https:\/\/buletin.de\/bucuresti\/legal-half-marathon-2024-modifica-traseele-pentru-opt-linii-stb-in-weekend\/#primaryimage"},"image":{"@id":"https:\/\/buletin.de\/bucuresti\/legal-half-marathon-2024-modifica-traseele-pentru-opt-linii-stb-in-weekend\/#primaryimage"},"thumbnailUrl":"https:\/\/buletin.de\/bucuresti\/wp-content\/uploads\/Screenshot-2024-03-22-at-11.36.08.png","datePublished":"2024-03-23T09:00:00+00:00","breadcrumb":{"@id":"https:\/\/buletin.de\/bucuresti\/legal-half-marathon-2024-modifica-traseele-pentru-opt-linii-stb-in-weekend\/#breadcrumb"},"inLanguage":"en-GB","potentialAction":[{"@type":"ReadAction","target":["https:\/\/buletin.de\/bucuresti\/legal-half-marathon-2024-modifica-traseele-pentru-opt-linii-stb-in-weekend\/"]}]},{"@type":"ImageObject","inLanguage":"en-GB","@id":"https:\/\/buletin.de\/bucuresti\/legal-half-marathon-2024-modifica-traseele-pentru-opt-linii-stb-in-weekend\/#primaryimage","url":"https:\/\/buletin.de\/bucuresti\/wp-content\/uploads\/Screenshot-2024-03-22-at-11.36.08.png","contentUrl":"https:\/\/buletin.de\/bucuresti\/wp-content\/uploads\/Screenshot-2024-03-22-at-11.36.08.png","width":845,"height":501,"caption":"FOTO: TPBI"},{"@type":"BreadcrumbList","@id":"https:\/\/buletin.de\/bucuresti\/legal-half-marathon-2024-modifica-traseele-pentru-opt-linii-stb-in-weekend\/#breadcrumb","itemListElement":[{"@type":"ListItem","position":1,"name":"Acas\u0103","item":"https:\/\/buletin.de\/bucuresti\/"},{"@type":"ListItem","position":2,"name":"\u201eLegal Half &#8211; Marathon 2024\u201d modific\u0103 traseele pentru opt linii STB, \u00een weekend"}]},{"@type":"WebSite","@id":"https:\/\/buletin.de\/bucuresti\/#website","url":"https:\/\/buletin.de\/bucuresti\/","name":"Buletin de Bucure\u0219ti","description":"\u0218tiri \u0219i investiga\u021bii esen\u021biale din capital\u0103","publisher":{"@id":"https:\/\/buletin.de\/bucuresti\/#organization"},"potentialAction":[{"@type":"SearchAction","target":{"@type":"EntryPoint","urlTemplate":"https:\/\/buletin.de\/bucuresti\/?s={search_term_string}"},"query-input":{"@type":"PropertyValueSpecification","valueRequired":true,"valueName":"search_term_string"}}],"inLanguage":"en-GB"},{"@type":"Organization","@id":"https:\/\/buletin.de\/bucuresti\/#organization","name":"Buletin de Bucure\u0219ti","url":"https:\/\/buletin.de\/bucuresti\/","logo":{"@type":"ImageObject","inLanguage":"en-GB","@id":"https:\/\/buletin.de\/bucuresti\/#\/schema\/logo\/image\/","url":"https:\/\/buletin.de\/bucuresti\/wp-content\/uploads\/logo-bdb-full-wide-vernil-transparent.png","contentUrl":"https:\/\/buletin.de\/bucuresti\/wp-content\/uploads\/logo-bdb-full-wide-vernil-transparent.png","width":1782,"height":626,"caption":"Buletin de Bucure\u0219ti"},"image":{"@id":"https:\/\/buletin.de\/bucuresti\/#\/schema\/logo\/image\/"},"sameAs":["https:\/\/www.facebook.com\/buletin.de.buc","https:\/\/www.instagram.com\/buletinde.bucuresti\/"]},{"@type":"Person","@id":"https:\/\/buletin.de\/bucuresti\/#\/schema\/person\/7e46040573290777280a0835d81ea4ea","name":"Diana Matei","image":{"@type":"ImageObject","inLanguage":"en-GB","@id":"https:\/\/buletin.de\/bucuresti\/wp-content\/uploads\/9-2-96x96.jpg1e8590b30871d70e62ebcdaf2eff570c","url":"https:\/\/buletin.de\/bucuresti\/wp-content\/uploads\/9-2-96x96.jpg","contentUrl":"https:\/\/buletin.de\/bucuresti\/wp-content\/uploads\/9-2-96x96.jpg","caption":"Diana Matei"},"url":"https:\/\/buletin.de\/bucuresti\/author\/dianamatei\/"}]}},"authors":[{"term_id":22574,"user_id":49,"is_guest":0,"slug":"dianamatei","display_name":"Diana Matei","avatar_url":"https:\/\/buletin.de\/bucuresti\/wp-content\/uploads\/9-2-96x96.jpg","0":null,"1":"","2":"","3":"","4":"","5":"","6":"","7":"","8":""}],"_links":{"self":[{"href":"https:\/\/buletin.de\/bucuresti\/wp-json\/wp\/v2\/posts\/80738","targetHints":{"allow":["GET"]}}],"collection":[{"href":"https:\/\/buletin.de\/bucuresti\/wp-json\/wp\/v2\/posts"}],"about":[{"href":"https:\/\/buletin.de\/bucuresti\/wp-json\/wp\/v2\/types\/post"}],"author":[{"embeddable":true,"href":"https:\/\/buletin.de\/bucuresti\/wp-json\/wp\/v2\/users\/49"}],"replies":[{"embeddable":true,"href":"https:\/\/buletin.de\/bucuresti\/wp-json\/wp\/v2\/comments?post=80738"}],"version-history":[{"count":4,"href":"https:\/\/buletin.de\/bucuresti\/wp-json\/wp\/v2\/posts\/80738\/revisions"}],"predecessor-version":[{"id":80821,"href":"https:\/\/buletin.de\/bucuresti\/wp-json\/wp\/v2\/posts\/80738\/revisions\/80821"}],"wp:featuredmedia":[{"embeddable":true,"href":"https:\/\/buletin.de\/bucuresti\/wp-json\/wp\/v2\/media\/80744"}],"wp:attachment":[{"href":"https:\/\/buletin.de\/bucuresti\/wp-json\/wp\/v2\/media?parent=80738"}],"wp:term":[{"taxonomy":"category","embeddable":true,"href":"https:\/\/buletin.de\/bucuresti\/wp-json\/wp\/v2\/categories?post=80738"},{"taxonomy":"post_tag","embeddable":true,"href":"https:\/\/buletin.de\/bucuresti\/wp-json\/wp\/v2\/tags?post=80738"},{"taxonomy":"author","embeddable":true,"href":"https:\/\/buletin.de\/bucuresti\/wp-json\/wp\/v2\/ppma_author?post=80738"}],"curies":[{"name":"wp","href":"https:\/\/api.w.org\/{rel}","templated":true}]}}