{"id":80731,"date":"2024-03-22T11:11:52","date_gmt":"2024-03-22T09:11:52","guid":{"rendered":"https:\/\/buletin.de\/bucuresti\/?p=80731"},"modified":"2024-03-22T11:17:08","modified_gmt":"2024-03-22T09:17:08","slug":"strazi-reparate-in-sectoarele-1-si-2-santiere-pornite-pe-cateva-zeci-de-artere","status":"publish","type":"post","link":"https:\/\/buletin.de\/bucuresti\/strazi-reparate-in-sectoarele-1-si-2-santiere-pornite-pe-cateva-zeci-de-artere\/","title":{"rendered":"Str\u0103zi reparate \u00een sectoarele 1 \u015fi 2. \u015eantiere pornite pe c\u00e2teva zeci de artere"},"content":{"rendered":"\n<p><strong>Prim\u0103ria Sectorului 2 anun\u021b\u0103 continuarea reabilitarea str\u0103zilor. Alte 11 artere vor fi modernizate, \u00een perioada urm\u0103toare.<\/strong><\/p>\n\n\n\n<p>Autoritatea local\u0103 precizeaz\u0103 c\u0103, prin acest program, va cre\u0219te gradul de siguran\u021b\u0103 din trafic. \u00cen ultima \u0219edin\u021b\u0103 de Consiliu Local, au fost aproba\u021bi indicatorii tehnico-economici, iar investi\u021bia este asigurat\u0103 din fonduri proprii. Str\u0103zile care vor fi modernizate sunt urm\u0103toarele:<\/p>\n\n\n\n<ul class=\"wp-block-list\">\n<li>Strada Locotenent Virgil Lazarovici;<\/li>\n\n\n\n<li>Intrarea Vi\u015finilor;<\/li>\n\n\n\n<li>Strada Thomas Masaryk;<\/li>\n\n\n\n<li>Strada Dimitrie Salmen;<\/li>\n\n\n\n<li>Strada Ion Andreescu;<\/li>\n\n\n\n<li>Strada M\u0103t\u0103sari;<\/li>\n\n\n\n<li>Strada Corbeni;<\/li>\n\n\n\n<li>Intrarea Agregatelor;<\/li>\n\n\n\n<li>Strada Locotenent Petre Negulescu;<\/li>\n\n\n\n<li>Aleea Bistricioara;<\/li>\n\n\n\n<li>Strada Oituz.<\/li>\n<\/ul>\n\n\n\n<p>Modernizarea presupune interven\u021bii at\u00e2t asupra carosabilului, c\u00e2t \u0219i asupra trotuarelor. Acolo unde spa\u021biul va permite, se vor face \u0219i sensuri unice. \u00cen prezent, sunt \u0219antiere deschise pe 14 str\u0103zi din Sectorul 2. Dintre ele: Strada Precupe\u021bii Vechi, Strada Jude\u021bului \u0219i Strada Chiristigiilor. Pentru modernizarea str\u0103zilor, autoritatea local\u0103 a alocat, pentru anul acesta, peste 200 de milioane de lei pentru reabilitarea a 80 de artere. Concret, 15% din bugetul de investi\u021bii al Sectorului 2 este direc\u021bionat c\u0103tre modernizarea infrastructurii rutiere.<\/p>\n\n\n\n<p>\u0218i Prim\u0103ria Sectorului 1 continu\u0103 modernizarea str\u0103zilor. Vor demara lucr\u0103ri pe Drumul Cavnic, Drumul Arie\u0219, Drumul Ohaba, Drumul Homorod \u0219i Drumul N\u0103dlac.<\/p>\n\n\n\n<figure class=\"wp-block-gallery has-nested-images columns-default is-cropped wp-block-gallery-1 is-layout-flex wp-block-gallery-is-layout-flex\">\n<figure class=\"wp-block-image size-large\"><img fetchpriority=\"high\" decoding=\"async\" width=\"600\" height=\"279\" data-id=\"80736\" src=\"data:image\/gif;base64,R0lGODlhAQABAAAAACH5BAEKAAEALAAAAAABAAEAAAICTAEAOw==\" data-src=\"https:\/\/buletin.de\/bucuresti\/wp-content\/uploads\/432094064_969498754541450_6989788660617005440_n.jpg\" alt=\"\" class=\"wp-image-80736 lazyload\" data-sizes=\"auto\" data-srcset=\"https:\/\/buletin.de\/bucuresti\/wp-content\/uploads\/432094064_969498754541450_6989788660617005440_n.jpg 600w, https:\/\/buletin.de\/bucuresti\/wp-content\/uploads\/432094064_969498754541450_6989788660617005440_n-300x140.jpg 300w, https:\/\/buletin.de\/bucuresti\/wp-content\/uploads\/432094064_969498754541450_6989788660617005440_n-20x9.jpg 20w\" sizes=\"(max-width: 600px) 100vw, 600px\" \/><\/figure>\n\n\n\n<figure class=\"wp-block-image size-large\"><img decoding=\"async\" width=\"450\" height=\"600\" data-id=\"80735\" src=\"data:image\/gif;base64,R0lGODlhAQABAAAAACH5BAEKAAEALAAAAAABAAEAAAICTAEAOw==\" data-src=\"https:\/\/buletin.de\/bucuresti\/wp-content\/uploads\/432162846_969498631208129_2182152222583669632_n.jpg\" alt=\"\" class=\"wp-image-80735 lazyload\" data-sizes=\"auto\" data-srcset=\"https:\/\/buletin.de\/bucuresti\/wp-content\/uploads\/432162846_969498631208129_2182152222583669632_n.jpg 450w, https:\/\/buletin.de\/bucuresti\/wp-content\/uploads\/432162846_969498631208129_2182152222583669632_n-225x300.jpg 225w, https:\/\/buletin.de\/bucuresti\/wp-content\/uploads\/432162846_969498631208129_2182152222583669632_n-20x27.jpg 20w\" sizes=\"(max-width: 450px) 100vw, 450px\" \/><\/figure>\n\n\n\n<figure class=\"wp-block-image size-large\"><img decoding=\"async\" width=\"450\" height=\"600\" data-id=\"80734\" src=\"data:image\/gif;base64,R0lGODlhAQABAAAAACH5BAEKAAEALAAAAAABAAEAAAICTAEAOw==\" data-src=\"https:\/\/buletin.de\/bucuresti\/wp-content\/uploads\/432114750_969498697874789_3644689942199424680_n.jpg\" alt=\"\" class=\"wp-image-80734 lazyload\" data-sizes=\"auto\" data-srcset=\"https:\/\/buletin.de\/bucuresti\/wp-content\/uploads\/432114750_969498697874789_3644689942199424680_n.jpg 450w, https:\/\/buletin.de\/bucuresti\/wp-content\/uploads\/432114750_969498697874789_3644689942199424680_n-225x300.jpg 225w, https:\/\/buletin.de\/bucuresti\/wp-content\/uploads\/432114750_969498697874789_3644689942199424680_n-20x27.jpg 20w\" sizes=\"(max-width: 450px) 100vw, 450px\" \/><\/figure>\n<\/figure>\n\n\n\n<p>\u00cen anul 2023, au fost finalizate lucr\u0103rile la 33 de str\u0103zi, iar alte opt sunt \u00een execu\u021bie.<\/p>\n\n\n\n<p><strong>CITE\u0218TE \u0218I:<\/strong><\/p>\n\n\n\n<figure class=\"wp-block-embed is-type-wp-embed is-provider-buletin-de-bucure-ti wp-block-embed-buletin-de-bucure-ti\"><div class=\"wp-block-embed__wrapper\">\n<blockquote class=\"wp-embedded-content\" data-secret=\"DaZB3VKGlM\"><a href=\"https:\/\/buletin.de\/bucuresti\/sector-2-stadiul-lucrarilor-la-pasajul-pietonal-obor\/\">Sector 2 |\u00a0Pasajul pietonal Obor \u00ee\u015fi face \u201efacelift\u201d. Stadiul lucr\u0103rilor<\/a><\/blockquote><iframe class=\"wp-embedded-content\" sandbox=\"allow-scripts\" security=\"restricted\" style=\"position: absolute; clip: rect(1px, 1px, 1px, 1px);\" title=\"&#8220;Sector 2 |\u00a0Pasajul pietonal Obor \u00ee\u015fi face \u201efacelift\u201d. Stadiul lucr\u0103rilor&#8221; &#8212; Buletin de Bucure\u0219ti\" src=\"https:\/\/buletin.de\/bucuresti\/sector-2-stadiul-lucrarilor-la-pasajul-pietonal-obor\/embed\/#?secret=CqkIeV3VdM#?secret=DaZB3VKGlM\" data-secret=\"DaZB3VKGlM\" width=\"600\" height=\"338\" frameborder=\"0\" marginwidth=\"0\" marginheight=\"0\" scrolling=\"no\"><\/iframe>\n<\/div><\/figure>\n","protected":false},"excerpt":{"rendered":"<p>Prim\u0103ria Sectorului 2 anun\u021b\u0103 continuarea reabilitarea str\u0103zilor. Alte 11 artere vor fi modernizate, \u00een perioada urm\u0103toare. Autoritatea local\u0103 precizeaz\u0103 c\u0103, prin acest program, va cre\u0219te gradul de siguran\u021b\u0103 din trafic. \u00cen ultima \u0219edin\u021b\u0103 de Consiliu Local, au fost aproba\u021bi indicatorii tehnico-economici, iar investi\u021bia este asigurat\u0103 din fonduri proprii. Str\u0103zile care vor fi modernizate sunt urm\u0103toarele: [&hellip;]<\/p>\n","protected":false},"author":49,"featured_media":80732,"comment_status":"closed","ping_status":"open","sticky":false,"template":"","format":"standard","meta":{"_acf_changed":false,"inline_featured_image":false,"ngg_post_thumbnail":0,"footnotes":""},"categories":[6994,62,650],"tags":[6567,229,9380],"ppma_author":[22574],"class_list":["post-80731","post","type-post","status-publish","format-standard","has-post-thumbnail","hentry","category-stiri-2","category-stiri","category-transport","tag-reabilitare-strazi","tag-sector-2","tag-strada-chiristigiilor"],"acf":[],"yoast_head":"<!-- This site is optimized with the Yoast SEO Premium plugin v25.3 (Yoast SEO v27.5) - https:\/\/yoast.com\/product\/yoast-seo-premium-wordpress\/ -->\n<title>Str\u0103zi reparate \u00een sectoarele 1 \u015fi 2. \u015eantiere pornite pe c\u00e2teva zeci de artere - Buletin de Bucure\u0219ti<\/title>\n<meta name=\"robots\" content=\"index, follow, max-snippet:-1, max-image-preview:large, max-video-preview:-1\" \/>\n<link rel=\"canonical\" href=\"https:\/\/buletin.de\/bucuresti\/strazi-reparate-in-sectoarele-1-si-2-santiere-pornite-pe-cateva-zeci-de-artere\/\" \/>\n<meta property=\"og:locale\" content=\"en_GB\" \/>\n<meta property=\"og:type\" content=\"article\" \/>\n<meta property=\"og:title\" content=\"Str\u0103zi reparate \u00een sectoarele 1 \u015fi 2. \u015eantiere pornite pe c\u00e2teva zeci de artere\" \/>\n<meta property=\"og:description\" content=\"Prim\u0103ria Sectorului 2 anun\u021b\u0103 continuarea reabilitarea str\u0103zilor. Alte 11 artere vor fi modernizate, \u00een perioada urm\u0103toare. Autoritatea local\u0103 precizeaz\u0103 c\u0103, prin acest program, va cre\u0219te gradul de siguran\u021b\u0103 din trafic. \u00cen ultima \u0219edin\u021b\u0103 de Consiliu Local, au fost aproba\u021bi indicatorii tehnico-economici, iar investi\u021bia este asigurat\u0103 din fonduri proprii. Str\u0103zile care vor fi modernizate sunt urm\u0103toarele: [&hellip;]\" \/>\n<meta property=\"og:url\" content=\"https:\/\/buletin.de\/bucuresti\/strazi-reparate-in-sectoarele-1-si-2-santiere-pornite-pe-cateva-zeci-de-artere\/\" \/>\n<meta property=\"og:site_name\" content=\"Buletin de Bucure\u0219ti\" \/>\n<meta property=\"article:publisher\" content=\"https:\/\/www.facebook.com\/buletin.de.buc\" \/>\n<meta property=\"article:published_time\" content=\"2024-03-22T09:11:52+00:00\" \/>\n<meta property=\"article:modified_time\" content=\"2024-03-22T09:17:08+00:00\" \/>\n<meta property=\"og:image\" content=\"https:\/\/buletin.de\/bucuresti\/wp-content\/uploads\/Screenshot-2024-03-22-at-10.54.07.png\" \/>\n\t<meta property=\"og:image:width\" content=\"844\" \/>\n\t<meta property=\"og:image:height\" content=\"445\" \/>\n\t<meta property=\"og:image:type\" content=\"image\/png\" \/>\n<meta name=\"author\" content=\"Diana Matei\" \/>\n<meta name=\"twitter:card\" content=\"summary_large_image\" \/>\n<meta name=\"twitter:label1\" content=\"Written by\" \/>\n\t<meta name=\"twitter:data1\" content=\"Diana Matei\" \/>\n\t<meta name=\"twitter:label2\" content=\"Estimated reading time\" \/>\n\t<meta name=\"twitter:data2\" content=\"2 minutes\" \/>\n<script type=\"application\/ld+json\" class=\"yoast-schema-graph\">{\"@context\":\"https:\\\/\\\/schema.org\",\"@graph\":[{\"@type\":\"Article\",\"@id\":\"https:\\\/\\\/buletin.de\\\/bucuresti\\\/strazi-reparate-in-sectoarele-1-si-2-santiere-pornite-pe-cateva-zeci-de-artere\\\/#article\",\"isPartOf\":{\"@id\":\"https:\\\/\\\/buletin.de\\\/bucuresti\\\/strazi-reparate-in-sectoarele-1-si-2-santiere-pornite-pe-cateva-zeci-de-artere\\\/\"},\"author\":{\"name\":\"Diana Matei\",\"@id\":\"https:\\\/\\\/buletin.de\\\/bucuresti\\\/#\\\/schema\\\/person\\\/7e46040573290777280a0835d81ea4ea\"},\"headline\":\"Str\u0103zi reparate \u00een sectoarele 1 \u015fi 2. \u015eantiere pornite pe c\u00e2teva zeci de artere\",\"datePublished\":\"2024-03-22T09:11:52+00:00\",\"dateModified\":\"2024-03-22T09:17:08+00:00\",\"mainEntityOfPage\":{\"@id\":\"https:\\\/\\\/buletin.de\\\/bucuresti\\\/strazi-reparate-in-sectoarele-1-si-2-santiere-pornite-pe-cateva-zeci-de-artere\\\/\"},\"wordCount\":243,\"publisher\":{\"@id\":\"https:\\\/\\\/buletin.de\\\/bucuresti\\\/#organization\"},\"image\":{\"@id\":\"https:\\\/\\\/buletin.de\\\/bucuresti\\\/strazi-reparate-in-sectoarele-1-si-2-santiere-pornite-pe-cateva-zeci-de-artere\\\/#primaryimage\"},\"thumbnailUrl\":\"https:\\\/\\\/buletin.de\\\/bucuresti\\\/wp-content\\\/uploads\\\/Screenshot-2024-03-22-at-10.54.07.png\",\"keywords\":[\"reabilitare strazi\",\"Sector 2\",\"Strada Chiristigiilor\"],\"articleSection\":[\"Articole\",\"\u0218tiri\",\"Transport\"],\"inLanguage\":\"en-GB\",\"copyrightYear\":\"2024\",\"copyrightHolder\":{\"@id\":\"https:\\\/\\\/buletin.de\\\/bucuresti\\\/#organization\"}},{\"@type\":\"WebPage\",\"@id\":\"https:\\\/\\\/buletin.de\\\/bucuresti\\\/strazi-reparate-in-sectoarele-1-si-2-santiere-pornite-pe-cateva-zeci-de-artere\\\/\",\"url\":\"https:\\\/\\\/buletin.de\\\/bucuresti\\\/strazi-reparate-in-sectoarele-1-si-2-santiere-pornite-pe-cateva-zeci-de-artere\\\/\",\"name\":\"Str\u0103zi reparate \u00een sectoarele 1 \u015fi 2. \u015eantiere pornite pe c\u00e2teva zeci de artere - Buletin de Bucure\u0219ti\",\"isPartOf\":{\"@id\":\"https:\\\/\\\/buletin.de\\\/bucuresti\\\/#website\"},\"primaryImageOfPage\":{\"@id\":\"https:\\\/\\\/buletin.de\\\/bucuresti\\\/strazi-reparate-in-sectoarele-1-si-2-santiere-pornite-pe-cateva-zeci-de-artere\\\/#primaryimage\"},\"image\":{\"@id\":\"https:\\\/\\\/buletin.de\\\/bucuresti\\\/strazi-reparate-in-sectoarele-1-si-2-santiere-pornite-pe-cateva-zeci-de-artere\\\/#primaryimage\"},\"thumbnailUrl\":\"https:\\\/\\\/buletin.de\\\/bucuresti\\\/wp-content\\\/uploads\\\/Screenshot-2024-03-22-at-10.54.07.png\",\"datePublished\":\"2024-03-22T09:11:52+00:00\",\"dateModified\":\"2024-03-22T09:17:08+00:00\",\"breadcrumb\":{\"@id\":\"https:\\\/\\\/buletin.de\\\/bucuresti\\\/strazi-reparate-in-sectoarele-1-si-2-santiere-pornite-pe-cateva-zeci-de-artere\\\/#breadcrumb\"},\"inLanguage\":\"en-GB\",\"potentialAction\":[{\"@type\":\"ReadAction\",\"target\":[\"https:\\\/\\\/buletin.de\\\/bucuresti\\\/strazi-reparate-in-sectoarele-1-si-2-santiere-pornite-pe-cateva-zeci-de-artere\\\/\"]}]},{\"@type\":\"ImageObject\",\"inLanguage\":\"en-GB\",\"@id\":\"https:\\\/\\\/buletin.de\\\/bucuresti\\\/strazi-reparate-in-sectoarele-1-si-2-santiere-pornite-pe-cateva-zeci-de-artere\\\/#primaryimage\",\"url\":\"https:\\\/\\\/buletin.de\\\/bucuresti\\\/wp-content\\\/uploads\\\/Screenshot-2024-03-22-at-10.54.07.png\",\"contentUrl\":\"https:\\\/\\\/buletin.de\\\/bucuresti\\\/wp-content\\\/uploads\\\/Screenshot-2024-03-22-at-10.54.07.png\",\"width\":844,\"height\":445,\"caption\":\"FOTO: Facebook\\\/Primaria Sector 2\"},{\"@type\":\"BreadcrumbList\",\"@id\":\"https:\\\/\\\/buletin.de\\\/bucuresti\\\/strazi-reparate-in-sectoarele-1-si-2-santiere-pornite-pe-cateva-zeci-de-artere\\\/#breadcrumb\",\"itemListElement\":[{\"@type\":\"ListItem\",\"position\":1,\"name\":\"Acas\u0103\",\"item\":\"https:\\\/\\\/buletin.de\\\/bucuresti\\\/\"},{\"@type\":\"ListItem\",\"position\":2,\"name\":\"Str\u0103zi reparate \u00een sectoarele 1 \u015fi 2. \u015eantiere pornite pe c\u00e2teva zeci de artere\"}]},{\"@type\":\"WebSite\",\"@id\":\"https:\\\/\\\/buletin.de\\\/bucuresti\\\/#website\",\"url\":\"https:\\\/\\\/buletin.de\\\/bucuresti\\\/\",\"name\":\"Buletin de Bucure\u0219ti\",\"description\":\"\u0218tiri \u0219i investiga\u021bii esen\u021biale din capital\u0103\",\"publisher\":{\"@id\":\"https:\\\/\\\/buletin.de\\\/bucuresti\\\/#organization\"},\"potentialAction\":[{\"@type\":\"SearchAction\",\"target\":{\"@type\":\"EntryPoint\",\"urlTemplate\":\"https:\\\/\\\/buletin.de\\\/bucuresti\\\/?s={search_term_string}\"},\"query-input\":{\"@type\":\"PropertyValueSpecification\",\"valueRequired\":true,\"valueName\":\"search_term_string\"}}],\"inLanguage\":\"en-GB\"},{\"@type\":\"Organization\",\"@id\":\"https:\\\/\\\/buletin.de\\\/bucuresti\\\/#organization\",\"name\":\"Buletin de Bucure\u0219ti\",\"url\":\"https:\\\/\\\/buletin.de\\\/bucuresti\\\/\",\"logo\":{\"@type\":\"ImageObject\",\"inLanguage\":\"en-GB\",\"@id\":\"https:\\\/\\\/buletin.de\\\/bucuresti\\\/#\\\/schema\\\/logo\\\/image\\\/\",\"url\":\"https:\\\/\\\/buletin.de\\\/bucuresti\\\/wp-content\\\/uploads\\\/logo-bdb-full-wide-vernil-transparent.png\",\"contentUrl\":\"https:\\\/\\\/buletin.de\\\/bucuresti\\\/wp-content\\\/uploads\\\/logo-bdb-full-wide-vernil-transparent.png\",\"width\":1782,\"height\":626,\"caption\":\"Buletin de Bucure\u0219ti\"},\"image\":{\"@id\":\"https:\\\/\\\/buletin.de\\\/bucuresti\\\/#\\\/schema\\\/logo\\\/image\\\/\"},\"sameAs\":[\"https:\\\/\\\/www.facebook.com\\\/buletin.de.buc\",\"https:\\\/\\\/www.instagram.com\\\/buletinde.bucuresti\\\/\"]},{\"@type\":\"Person\",\"@id\":\"https:\\\/\\\/buletin.de\\\/bucuresti\\\/#\\\/schema\\\/person\\\/7e46040573290777280a0835d81ea4ea\",\"name\":\"Diana Matei\",\"image\":{\"@type\":\"ImageObject\",\"inLanguage\":\"en-GB\",\"@id\":\"https:\\\/\\\/buletin.de\\\/bucuresti\\\/wp-content\\\/uploads\\\/9-2-96x96.jpg1e8590b30871d70e62ebcdaf2eff570c\",\"url\":\"https:\\\/\\\/buletin.de\\\/bucuresti\\\/wp-content\\\/uploads\\\/9-2-96x96.jpg\",\"contentUrl\":\"https:\\\/\\\/buletin.de\\\/bucuresti\\\/wp-content\\\/uploads\\\/9-2-96x96.jpg\",\"caption\":\"Diana Matei\"},\"url\":\"https:\\\/\\\/buletin.de\\\/bucuresti\\\/author\\\/dianamatei\\\/\"}]}<\/script>\n<!-- \/ Yoast SEO Premium plugin. -->","yoast_head_json":{"title":"Str\u0103zi reparate \u00een sectoarele 1 \u015fi 2. \u015eantiere pornite pe c\u00e2teva zeci de artere - Buletin de Bucure\u0219ti","robots":{"index":"index","follow":"follow","max-snippet":"max-snippet:-1","max-image-preview":"max-image-preview:large","max-video-preview":"max-video-preview:-1"},"canonical":"https:\/\/buletin.de\/bucuresti\/strazi-reparate-in-sectoarele-1-si-2-santiere-pornite-pe-cateva-zeci-de-artere\/","og_locale":"en_GB","og_type":"article","og_title":"Str\u0103zi reparate \u00een sectoarele 1 \u015fi 2. \u015eantiere pornite pe c\u00e2teva zeci de artere","og_description":"Prim\u0103ria Sectorului 2 anun\u021b\u0103 continuarea reabilitarea str\u0103zilor. Alte 11 artere vor fi modernizate, \u00een perioada urm\u0103toare. Autoritatea local\u0103 precizeaz\u0103 c\u0103, prin acest program, va cre\u0219te gradul de siguran\u021b\u0103 din trafic. \u00cen ultima \u0219edin\u021b\u0103 de Consiliu Local, au fost aproba\u021bi indicatorii tehnico-economici, iar investi\u021bia este asigurat\u0103 din fonduri proprii. Str\u0103zile care vor fi modernizate sunt urm\u0103toarele: [&hellip;]","og_url":"https:\/\/buletin.de\/bucuresti\/strazi-reparate-in-sectoarele-1-si-2-santiere-pornite-pe-cateva-zeci-de-artere\/","og_site_name":"Buletin de Bucure\u0219ti","article_publisher":"https:\/\/www.facebook.com\/buletin.de.buc","article_published_time":"2024-03-22T09:11:52+00:00","article_modified_time":"2024-03-22T09:17:08+00:00","og_image":[{"width":844,"height":445,"url":"https:\/\/buletin.de\/bucuresti\/wp-content\/uploads\/Screenshot-2024-03-22-at-10.54.07.png","type":"image\/png"}],"author":"Diana Matei","twitter_card":"summary_large_image","twitter_misc":{"Written by":"Diana Matei","Estimated reading time":"2 minutes"},"schema":{"@context":"https:\/\/schema.org","@graph":[{"@type":"Article","@id":"https:\/\/buletin.de\/bucuresti\/strazi-reparate-in-sectoarele-1-si-2-santiere-pornite-pe-cateva-zeci-de-artere\/#article","isPartOf":{"@id":"https:\/\/buletin.de\/bucuresti\/strazi-reparate-in-sectoarele-1-si-2-santiere-pornite-pe-cateva-zeci-de-artere\/"},"author":{"name":"Diana Matei","@id":"https:\/\/buletin.de\/bucuresti\/#\/schema\/person\/7e46040573290777280a0835d81ea4ea"},"headline":"Str\u0103zi reparate \u00een sectoarele 1 \u015fi 2. \u015eantiere pornite pe c\u00e2teva zeci de artere","datePublished":"2024-03-22T09:11:52+00:00","dateModified":"2024-03-22T09:17:08+00:00","mainEntityOfPage":{"@id":"https:\/\/buletin.de\/bucuresti\/strazi-reparate-in-sectoarele-1-si-2-santiere-pornite-pe-cateva-zeci-de-artere\/"},"wordCount":243,"publisher":{"@id":"https:\/\/buletin.de\/bucuresti\/#organization"},"image":{"@id":"https:\/\/buletin.de\/bucuresti\/strazi-reparate-in-sectoarele-1-si-2-santiere-pornite-pe-cateva-zeci-de-artere\/#primaryimage"},"thumbnailUrl":"https:\/\/buletin.de\/bucuresti\/wp-content\/uploads\/Screenshot-2024-03-22-at-10.54.07.png","keywords":["reabilitare strazi","Sector 2","Strada Chiristigiilor"],"articleSection":["Articole","\u0218tiri","Transport"],"inLanguage":"en-GB","copyrightYear":"2024","copyrightHolder":{"@id":"https:\/\/buletin.de\/bucuresti\/#organization"}},{"@type":"WebPage","@id":"https:\/\/buletin.de\/bucuresti\/strazi-reparate-in-sectoarele-1-si-2-santiere-pornite-pe-cateva-zeci-de-artere\/","url":"https:\/\/buletin.de\/bucuresti\/strazi-reparate-in-sectoarele-1-si-2-santiere-pornite-pe-cateva-zeci-de-artere\/","name":"Str\u0103zi reparate \u00een sectoarele 1 \u015fi 2. \u015eantiere pornite pe c\u00e2teva zeci de artere - Buletin de Bucure\u0219ti","isPartOf":{"@id":"https:\/\/buletin.de\/bucuresti\/#website"},"primaryImageOfPage":{"@id":"https:\/\/buletin.de\/bucuresti\/strazi-reparate-in-sectoarele-1-si-2-santiere-pornite-pe-cateva-zeci-de-artere\/#primaryimage"},"image":{"@id":"https:\/\/buletin.de\/bucuresti\/strazi-reparate-in-sectoarele-1-si-2-santiere-pornite-pe-cateva-zeci-de-artere\/#primaryimage"},"thumbnailUrl":"https:\/\/buletin.de\/bucuresti\/wp-content\/uploads\/Screenshot-2024-03-22-at-10.54.07.png","datePublished":"2024-03-22T09:11:52+00:00","dateModified":"2024-03-22T09:17:08+00:00","breadcrumb":{"@id":"https:\/\/buletin.de\/bucuresti\/strazi-reparate-in-sectoarele-1-si-2-santiere-pornite-pe-cateva-zeci-de-artere\/#breadcrumb"},"inLanguage":"en-GB","potentialAction":[{"@type":"ReadAction","target":["https:\/\/buletin.de\/bucuresti\/strazi-reparate-in-sectoarele-1-si-2-santiere-pornite-pe-cateva-zeci-de-artere\/"]}]},{"@type":"ImageObject","inLanguage":"en-GB","@id":"https:\/\/buletin.de\/bucuresti\/strazi-reparate-in-sectoarele-1-si-2-santiere-pornite-pe-cateva-zeci-de-artere\/#primaryimage","url":"https:\/\/buletin.de\/bucuresti\/wp-content\/uploads\/Screenshot-2024-03-22-at-10.54.07.png","contentUrl":"https:\/\/buletin.de\/bucuresti\/wp-content\/uploads\/Screenshot-2024-03-22-at-10.54.07.png","width":844,"height":445,"caption":"FOTO: Facebook\/Primaria Sector 2"},{"@type":"BreadcrumbList","@id":"https:\/\/buletin.de\/bucuresti\/strazi-reparate-in-sectoarele-1-si-2-santiere-pornite-pe-cateva-zeci-de-artere\/#breadcrumb","itemListElement":[{"@type":"ListItem","position":1,"name":"Acas\u0103","item":"https:\/\/buletin.de\/bucuresti\/"},{"@type":"ListItem","position":2,"name":"Str\u0103zi reparate \u00een sectoarele 1 \u015fi 2. \u015eantiere pornite pe c\u00e2teva zeci de artere"}]},{"@type":"WebSite","@id":"https:\/\/buletin.de\/bucuresti\/#website","url":"https:\/\/buletin.de\/bucuresti\/","name":"Buletin de Bucure\u0219ti","description":"\u0218tiri \u0219i investiga\u021bii esen\u021biale din capital\u0103","publisher":{"@id":"https:\/\/buletin.de\/bucuresti\/#organization"},"potentialAction":[{"@type":"SearchAction","target":{"@type":"EntryPoint","urlTemplate":"https:\/\/buletin.de\/bucuresti\/?s={search_term_string}"},"query-input":{"@type":"PropertyValueSpecification","valueRequired":true,"valueName":"search_term_string"}}],"inLanguage":"en-GB"},{"@type":"Organization","@id":"https:\/\/buletin.de\/bucuresti\/#organization","name":"Buletin de Bucure\u0219ti","url":"https:\/\/buletin.de\/bucuresti\/","logo":{"@type":"ImageObject","inLanguage":"en-GB","@id":"https:\/\/buletin.de\/bucuresti\/#\/schema\/logo\/image\/","url":"https:\/\/buletin.de\/bucuresti\/wp-content\/uploads\/logo-bdb-full-wide-vernil-transparent.png","contentUrl":"https:\/\/buletin.de\/bucuresti\/wp-content\/uploads\/logo-bdb-full-wide-vernil-transparent.png","width":1782,"height":626,"caption":"Buletin de Bucure\u0219ti"},"image":{"@id":"https:\/\/buletin.de\/bucuresti\/#\/schema\/logo\/image\/"},"sameAs":["https:\/\/www.facebook.com\/buletin.de.buc","https:\/\/www.instagram.com\/buletinde.bucuresti\/"]},{"@type":"Person","@id":"https:\/\/buletin.de\/bucuresti\/#\/schema\/person\/7e46040573290777280a0835d81ea4ea","name":"Diana Matei","image":{"@type":"ImageObject","inLanguage":"en-GB","@id":"https:\/\/buletin.de\/bucuresti\/wp-content\/uploads\/9-2-96x96.jpg1e8590b30871d70e62ebcdaf2eff570c","url":"https:\/\/buletin.de\/bucuresti\/wp-content\/uploads\/9-2-96x96.jpg","contentUrl":"https:\/\/buletin.de\/bucuresti\/wp-content\/uploads\/9-2-96x96.jpg","caption":"Diana Matei"},"url":"https:\/\/buletin.de\/bucuresti\/author\/dianamatei\/"}]}},"authors":[{"term_id":22574,"user_id":49,"is_guest":0,"slug":"dianamatei","display_name":"Diana Matei","avatar_url":"https:\/\/buletin.de\/bucuresti\/wp-content\/uploads\/9-2-96x96.jpg","0":null,"1":"","2":"","3":"","4":"","5":"","6":"","7":"","8":""}],"_links":{"self":[{"href":"https:\/\/buletin.de\/bucuresti\/wp-json\/wp\/v2\/posts\/80731","targetHints":{"allow":["GET"]}}],"collection":[{"href":"https:\/\/buletin.de\/bucuresti\/wp-json\/wp\/v2\/posts"}],"about":[{"href":"https:\/\/buletin.de\/bucuresti\/wp-json\/wp\/v2\/types\/post"}],"author":[{"embeddable":true,"href":"https:\/\/buletin.de\/bucuresti\/wp-json\/wp\/v2\/users\/49"}],"replies":[{"embeddable":true,"href":"https:\/\/buletin.de\/bucuresti\/wp-json\/wp\/v2\/comments?post=80731"}],"version-history":[{"count":4,"href":"https:\/\/buletin.de\/bucuresti\/wp-json\/wp\/v2\/posts\/80731\/revisions"}],"predecessor-version":[{"id":80741,"href":"https:\/\/buletin.de\/bucuresti\/wp-json\/wp\/v2\/posts\/80731\/revisions\/80741"}],"wp:featuredmedia":[{"embeddable":true,"href":"https:\/\/buletin.de\/bucuresti\/wp-json\/wp\/v2\/media\/80732"}],"wp:attachment":[{"href":"https:\/\/buletin.de\/bucuresti\/wp-json\/wp\/v2\/media?parent=80731"}],"wp:term":[{"taxonomy":"category","embeddable":true,"href":"https:\/\/buletin.de\/bucuresti\/wp-json\/wp\/v2\/categories?post=80731"},{"taxonomy":"post_tag","embeddable":true,"href":"https:\/\/buletin.de\/bucuresti\/wp-json\/wp\/v2\/tags?post=80731"},{"taxonomy":"author","embeddable":true,"href":"https:\/\/buletin.de\/bucuresti\/wp-json\/wp\/v2\/ppma_author?post=80731"}],"curies":[{"name":"wp","href":"https:\/\/api.w.org\/{rel}","templated":true}]}}