{"id":80380,"date":"2024-03-19T14:46:30","date_gmt":"2024-03-19T12:46:30","guid":{"rendered":"https:\/\/buletin.de\/bucuresti\/?p=80380"},"modified":"2024-03-21T11:28:41","modified_gmt":"2024-03-21T09:28:41","slug":"sector-1-stimulent-financiar-lunar-de-1-000-de-lei-pentru-copii-cu-handicap-grav","status":"publish","type":"post","link":"https:\/\/buletin.de\/bucuresti\/sector-1-stimulent-financiar-lunar-de-1-000-de-lei-pentru-copii-cu-handicap-grav\/","title":{"rendered":"Sector 1 | Stimulent financiar lunar de 1.000 de lei, pentru copii cu handicap grav"},"content":{"rendered":"\n<p>UPDATE\/\/ Proiectul de hot\u0103r\u00e2re a fost adoptat \u00een \u0219edin\u021ba de joi, 21 martie, a consiliului Sectorului 1.<\/p>\n\n\n\n<p><strong>\u00cen urm\u0103toarea \u0219edin\u021b\u0103 de consiliu a Sectorului 1 de joi, 21 martie, consilierii vor supune la vot un proiect de hot\u0103r\u00e2re pentru acordarea unui stimulent financiar lunar, \u00een cuantum de 1.000 de lei, copiilor cu handicap grav cu asistent personal care \u00ee\u0219i au domiciliul sau re\u0219edin\u021ba pe raza Sectorului 1 al Municipiului Bucure\u0219ti. Banii provin din bugetul local al Sectorului 1, prin Direc\u021bia General\u0103 de Asisten\u021b\u0103 Social\u0103 \u0219i Protec\u021bia Copilului Sector 1<\/strong>.<\/p>\n\n\n\n<p>\u00cen eviden\u021ba Direc\u021biei Generale de Asisten\u021b\u0103 Social\u0103 \u0219i Protec\u021bia Copilului Sector 1 se afl\u0103 122 de copii cu handicap grav cu asistent personal, ce au certificate de handicap emise de Comisia pentru asisten\u021b\u0103, la data \u00eentocmirii proiectului de hot\u0103r\u00e2re, potrivit referatului de aprobare.&nbsp;<\/p>\n\n\n\n<p>Potrivit aceluia\u0219i referat, veniturile minorilor cu handicap grav cu asistent personal din presta\u021bii sociale primite \u00een temeiul art. 58 alin. (5) din Legea nr. 448\/2006 privind protec\u021bia \u0219i promovarea drepturilor cu handicap, republicat\u0103, <strong>sunt de 359 lei<\/strong>. Copiii cu handicap grav cu asistent personal de pe raza Municipiului Bucure\u0219ti <strong>mai primesc un stimulent financiar de 250 lei\/lun\u0103.<\/strong><\/p>\n\n\n\n<p>Motiva\u021bia proiectului de hot\u0103r\u00e2re are la baz\u0103 Strategia Na\u021bional\u0103 privind Incluziunea Social\u0103 \u0219i Reducerea S\u0103r\u0103ciei 2020 &#8211; 2027, unde este analizat riscul de s\u0103r\u0103cie sau excluziune social\u0103 al persoanelor cu dizabilit\u0103\u021bi, \u00een special cu un grad grav de dizabilitate:<\/p>\n\n\n\n<p><em>\u201eA\u0219a cum \u00een mod corect s-a re\u021binut \u0219i \u00een Strategia Na\u021bional\u0103 privind Incluziunea Social\u0103 \u0219i Reducerea S\u0103r\u0103ciei 2020 &#8211; 2027, dac\u0103 aproximativ 1 din 4 dintre persoanele adulte cu handicap care sunt \u00eencadrate \u00een munc\u0103 se afl\u0103 \u00een risc de s\u0103r\u0103cie, cu at\u00e2t mai mult un copil cu handicap grav cu asistent personal care nu este \u00eencadrat \u00een munc\u0103 \u0219i este dependent financiar de veniturile reprezentantului s\u0103u legal se afl\u0103 \u00een risc de s\u0103r\u0103cie,\u201d <\/em>se arat\u0103 \u00een referatul de aprobare anexat proiectului de hot\u0103r\u00e2re.<\/p>\n\n\n\n<p>Insuficien\u021ba ajutorului acordat \u00een prezent este motivat\u0103 de faptul c\u0103 afec\u021biunile care \u00eencadreaz\u0103 o persoan\u0103 \u00eentr-un grad de dizabilitate grav presupun, pe l\u00e2ng\u0103 asisten\u021b\u0103 constant\u0103, mai multe tipuri de terapii pentru recuperare \u0219i reabilitare, care pot s\u0103 devin\u0103 foarte costisitoare pentru orice familie, dar \u00een special pentru familiile cu venituri mici \u0219i restr\u00e2nse. Mai mult, decizia vine pe fondul infla\u021biei.&nbsp;<\/p>\n\n\n\n<h2 class=\"wp-block-heading\">Condi\u021bii \u0219i documente necesare<\/h2>\n\n\n\n<p>Dreptul la stimulentul financiar poate fi retras o dat\u0103 cu schimbarea re\u0219edin\u021bei, dispunerea unei hot\u0103r\u00e2ri de luare de m\u0103suri de protec\u021bie special\u0103 fa\u021b\u0103 de copil sau institu\u021bionalizarea acestuia, la data \u00eemplinirii v\u00e2rstei de 18 ani sau la data expir\u0103rii certificatul de \u00eencadrare \u00een grad de handicap grav, schimb\u0103rii \u00eencadr\u0103rii copilului \u00een alt grad de handicap sau la data ne\u00eencadr\u0103rii acestuia.<\/p>\n\n\n\n<p>Condi\u021bii:<\/p>\n\n\n\n<ul class=\"wp-block-list\">\n<li class=\"has-small-font-size\">au domiciliul sau re\u0219edin\u021ba pe raza Sectorului 1 al Municipiului Bucure\u0219ti<\/li>\n\n\n\n<li class=\"has-small-font-size\">au Certificat de \u00cencadrare \u00een Grad de Handicap Grav cu Asistent Personal emis de c\u0103tre Comisia pentru Protec\u021bia Copilului Sector 1 \u0219i se afla \u00een plat\u0103 la Direc\u021bia General\u0103 de Asisten\u021b\u0103 Social\u0103 \u0219i Protec\u021bia Copilului Sector 1;<\/li>\n\n\n\n<li class=\"has-small-font-size\">nu sunt institutionaliza\u021bi ca urmare a stabiliri unei m\u0103suri de protec\u021bie special \u00eentr-un serviciu de tip reziden\u021bial sau nu se afl\u0103 \u00een alte tipuri de institu\u021bii reziden\u021biale publice cu caracter social sau medico-social, \u00een care Ii se asigur\u0103 \u00eentre\u021binere complet\u0103 din partea autorit\u0103\u021bii administra\u021biei publice centrale sau locale pe o perioad\u0103 mai mare de o lun\u0103<\/li>\n\n\n\n<li class=\"has-small-font-size\">stimulentul financiar acordat din bugetul local al Sectorului 1 al Municipiului Bucure\u0219ti se acord\u0103 sub rezerva achit\u0103rii de c\u0103tre solicitant a obliga\u021biilor de plat\u0103 fa\u021b\u0103 de bugetul local al Sectorului 1 al Municipiului Bucure\u0219ti<\/li>\n<\/ul>\n\n\n\n<p>Documente necesare, care vor fi depuse la registratura Direc\u021biei Generale de Asisten\u021b\u0103 Social\u0103 \u0219i Protec\u021bia Copilului Sector 1 sau prin email la adresa <a href=\"mailto:registratura@dgaspc-sectorul1.ro\">registratura@dgaspc-sectorul1.ro<\/a> :&nbsp;<\/p>\n\n\n\n<ul class=\"wp-block-list\">\n<li class=\"has-small-font-size\">O cerere-tip prin care solicit\u0103 acordarea stimulentului financiar<\/li>\n\n\n\n<li class=\"has-small-font-size\">certificatul de na\u0219tere al copilului (pentru copiii sub v\u00e2rsta de 14 ani) \u0219i\/sau cartea de identitate a copilului (pentru copiii peste varsta de 14 ani), care sa ateste domiciliul copilului pe raza Sectorului 1 al Municipiului Bucure\u0219ti.<\/li>\n\n\n\n<li class=\"has-small-font-size\">certificatul de \u00eencadrare \u00een grad de handicap grav cu asistent personal al copilului, valabil, emis de c\u0103tre Comisia pentru Protec\u021bia Copilului Sector 1;<\/li>\n\n\n\n<li class=\"has-small-font-size\">c\u0103r\u021bile\/cartea de identitate ale\/al p\u0103rin\u021bilor\/reprezentantului legal, inclusiv a vizei de re\u0219edin\u021b\u0103 dac\u0103 este cazul, care s\u0103 ateste domiciliul sau re\u0219edin\u021ba copilului \u0219i ale p\u0103rin\u021bilor s\u0103i\/reprezentantului sau legal, pe raza Sectorului 1 al Municipiului Bucure\u0219ti, <strong>cu cel pu\u021bin 6 luni anterior aprob\u0103rii prezentei Metodologii<\/strong>,<\/li>\n\n\n\n<li class=\"has-small-font-size\">certificatul de c\u0103s\u0103torie al p\u0103rin\u021bilor\/reprezentantului legal;<\/li>\n\n\n\n<li class=\"has-small-font-size\">certificatul\/hot\u0103r\u00e2rea judec\u0103toreasc\u0103 de divor\u021b al p\u0103rin\u021bilor\/reprezentantului legal, dac\u0103 este cazul;<\/li>\n\n\n\n<li class=\"has-small-font-size\">certificatul de deces al p\u0103rintelui\/p\u0103rin\u021bilor, dac\u0103 este cazul<\/li>\n\n\n\n<li class=\"has-small-font-size\">hot\u0103r\u00e2rea Comisiei pentru Protec\u021bia Copilului\/hot\u0103r\u00e2rea judec\u0103toreasc\u0103 de plasament,<\/li>\n\n\n\n<li class=\"has-small-font-size\">tutel\u0103, \u00eencredin\u021bare \u00een vederea adoptiei, \u00eencuviin\u021bare adop\u021bie, exercitare autoritate p\u0103rinteasc\u0103 \u0219i altele asemenea, dac\u0103 este cazul<\/li>\n\n\n\n<li class=\"has-small-font-size\">dispozi\u021bia de delegare atribu\u021bii reprezentant legal institu\u021bie public\u0103 c\u0103tre o alt\u0103 persoan\u0103 fizic\u0103 pentru efectuarea demersurilor necesare ob\u021binerii stimulentului financiar<\/li>\n\n\n\n<li class=\"has-small-font-size\">certificat de atestare fiscal\u0103 privind obliga\u021biile datorare bugetului local al Sectorului 1 al Municipiului Bucure\u0219ti;<\/li>\n\n\n\n<li class=\"has-small-font-size\">raport Serviciul Monitorizare din care rezult\u0103 c\u0103 copilul nu beneficiaz\u0103 de servicii sociale de tip reziden\u021bial publice<\/li>\n\n\n\n<li class=\"has-small-font-size\">extrasul de cont, din care s\u0103 reias\u0103 contul bancar \u00een care poate fi pl\u0103tit stimulentul financiar solicitat. <strong>Contul bancar trebuie s\u0103 apar\u021bin\u0103 copilului cu dizabilitate sau p\u0103rin\u021bilor\/reprezentantului legal al acestuia<\/strong><\/li>\n<\/ul>\n\n\n\n<figure class=\"wp-block-image size-large\"><img fetchpriority=\"high\" decoding=\"async\" width=\"900\" height=\"617\" src=\"data:image\/gif;base64,R0lGODlhAQABAAAAACH5BAEKAAEALAAAAAABAAEAAAICTAEAOw==\" data-src=\"https:\/\/buletin.de\/bucuresti\/wp-content\/uploads\/no2-2-900x617.jpg\" alt=\"\" class=\"wp-image-80386 lazyload\" data-sizes=\"auto\" data-srcset=\"https:\/\/buletin.de\/bucuresti\/wp-content\/uploads\/no2-2-900x617.jpg 900w, https:\/\/buletin.de\/bucuresti\/wp-content\/uploads\/no2-2-300x206.jpg 300w, https:\/\/buletin.de\/bucuresti\/wp-content\/uploads\/no2-2-768x527.jpg 768w, https:\/\/buletin.de\/bucuresti\/wp-content\/uploads\/no2-2-1100x754.jpg 1100w, https:\/\/buletin.de\/bucuresti\/wp-content\/uploads\/no2-2-600x411.jpg 600w, https:\/\/buletin.de\/bucuresti\/wp-content\/uploads\/no2-2-20x14.jpg 20w, https:\/\/buletin.de\/bucuresti\/wp-content\/uploads\/no2-2.jpg 1514w\" sizes=\"(max-width: 900px) 100vw, 900px\" \/><figcaption class=\"wp-element-caption\">Surs\u0103: <a href=\"https:\/\/primarias1ro-my.sharepoint.com\/personal\/secretariat_primarias1_ro\/_layouts\/15\/onedrive.aspx?ga=1&amp;id=%2Fpersonal%2Fsecretariat%5Fprimarias1%5Fro%2FDocuments%2FMATERIALE%20SITE%2021%2E03%2E2024%20ORA%2010%2F19%2E%20K2%2D13%5FScan%20PH%5FRS%5FDJ%5FDMEC%5Fanonimizat%2Epdf&amp;parent=%2Fpersonal%2Fsecretariat%5Fprimarias1%5Fro%2FDocuments%2FMATERIALE%20SITE%2021%2E03%2E2024%20ORA%2010\">proiect de hot\u0103r\u00e2re<\/a><\/figcaption><\/figure>\n\n\n\n<p><strong>CITE\u0218TE \u0218I:<\/strong><\/p>\n\n\n\n<ul class=\"wp-block-list\">\n<li><a href=\"https:\/\/buletin.de\/bucuresti\/sedinta-cu-iz-electoral-la-cgmb-nicusor-dan-anunta-plata-indemnizatiilor-pentru-persoanele-cu-dizabilitati\/\">\u0218edin\u021b\u0103 cu iz electoral, la CGMB: Nicu\u0219or Dan anun\u021b\u0103 plata indemniza\u021biilor pentru persoanele cu dizabilit\u0103\u0163i &#8211; Buletin de Bucure\u0219ti<\/a><\/li>\n\n\n\n<li><a href=\"https:\/\/buletin.de\/bucuresti\/4000-de-noi-autorizatii-pentru-taxiuri-in-bucuresti-80-dintre-ele-alocate-masinilor-adaptate-persoanelor-cu-dizabilitati-ca-urmare-a-unui-proces\/\">4000 de noi autoriza\u0163ii pentru taxiuri \u00een Bucure\u015fti. 80 dintre ele, alocate ma\u0219inilor adaptate persoanelor cu dizabilit\u0103\u0163i, ca urmare a unui proces &#8211; Buletin de Bucure\u0219ti<\/a><\/li>\n\n\n\n<li><a href=\"https:\/\/buletin.de\/bucuresti\/scandal-in-cgmb-pe-indemnizatiile-persoanelor-cu-handicap-primaria-are-o-datorie-uriasa\/\">Scandal \u00een CGMB din cauza indemniza\u0163iilor persoanelor cu handicap. Prim\u0103ria are o datorie uria\u015f\u0103 &#8211; Buletin de Bucure\u0219ti<\/a><\/li>\n<\/ul>\n","protected":false},"excerpt":{"rendered":"<p>UPDATE\/\/ Proiectul de hot\u0103r\u00e2re a fost adoptat \u00een \u0219edin\u021ba de joi, 21 martie, a consiliului Sectorului 1. \u00cen urm\u0103toarea \u0219edin\u021b\u0103 de consiliu a Sectorului 1 de joi, 21 martie, consilierii vor supune la vot un proiect de hot\u0103r\u00e2re pentru acordarea unui stimulent financiar lunar, \u00een cuantum de 1.000 de lei, copiilor cu handicap grav cu [&hellip;]<\/p>\n","protected":false},"author":47,"featured_media":80383,"comment_status":"closed","ping_status":"open","sticky":false,"template":"","format":"standard","meta":{"_acf_changed":false,"inline_featured_image":false,"ngg_post_thumbnail":0,"footnotes":""},"categories":[6994,5762,24,4],"tags":[10594,6165,8292,4863,10593,269,308,2320,10595],"ppma_author":[22580],"class_list":["post-80380","post","type-post","status-publish","format-standard","has-post-thumbnail","hentry","category-stiri-2","category-main","category-primarie","category-sanatate","tag-asistent-personal","tag-dgaspc-sector-1","tag-directia-generala-de-asistenta-sociala-si-protectia-copilului","tag-dizabilitate","tag-handicap-grav","tag-primaria-sectorului-1","tag-sector-1","tag-sedinta-de-consiliu","tag-stimulent-financiar"],"acf":[],"yoast_head":"<!-- This site is optimized with the Yoast SEO Premium plugin v25.3 (Yoast SEO v27.4) - https:\/\/yoast.com\/product\/yoast-seo-premium-wordpress\/ -->\n<title>Sector 1 | Stimulent financiar lunar de 1.000 de lei, pentru copii cu handicap grav - Buletin de Bucure\u0219ti<\/title>\n<meta name=\"robots\" content=\"index, follow, max-snippet:-1, max-image-preview:large, max-video-preview:-1\" \/>\n<link rel=\"canonical\" href=\"https:\/\/buletin.de\/bucuresti\/sector-1-stimulent-financiar-lunar-de-1-000-de-lei-pentru-copii-cu-handicap-grav\/\" \/>\n<meta property=\"og:locale\" content=\"en_GB\" \/>\n<meta property=\"og:type\" content=\"article\" \/>\n<meta property=\"og:title\" content=\"Sector 1 | Stimulent financiar lunar de 1.000 de lei, pentru copii cu handicap grav\" \/>\n<meta property=\"og:description\" content=\"UPDATE\/\/ Proiectul de hot\u0103r\u00e2re a fost adoptat \u00een \u0219edin\u021ba de joi, 21 martie, a consiliului Sectorului 1. \u00cen urm\u0103toarea \u0219edin\u021b\u0103 de consiliu a Sectorului 1 de joi, 21 martie, consilierii vor supune la vot un proiect de hot\u0103r\u00e2re pentru acordarea unui stimulent financiar lunar, \u00een cuantum de 1.000 de lei, copiilor cu handicap grav cu [&hellip;]\" \/>\n<meta property=\"og:url\" content=\"https:\/\/buletin.de\/bucuresti\/sector-1-stimulent-financiar-lunar-de-1-000-de-lei-pentru-copii-cu-handicap-grav\/\" \/>\n<meta property=\"og:site_name\" content=\"Buletin de Bucure\u0219ti\" \/>\n<meta property=\"article:publisher\" content=\"https:\/\/www.facebook.com\/buletin.de.buc\" \/>\n<meta property=\"article:published_time\" content=\"2024-03-19T12:46:30+00:00\" \/>\n<meta property=\"article:modified_time\" content=\"2024-03-21T09:28:41+00:00\" \/>\n<meta property=\"og:image\" content=\"https:\/\/buletin.de\/bucuresti\/wp-content\/uploads\/oy5mx1aw72a-1.jpg\" \/>\n\t<meta property=\"og:image:width\" content=\"1600\" \/>\n\t<meta property=\"og:image:height\" content=\"1067\" \/>\n\t<meta property=\"og:image:type\" content=\"image\/jpeg\" \/>\n<meta name=\"author\" content=\"Adina C\u0103p\u00eelnean\" \/>\n<meta name=\"twitter:card\" content=\"summary_large_image\" \/>\n<meta name=\"twitter:label1\" content=\"Written by\" \/>\n\t<meta name=\"twitter:data1\" content=\"Adina C\u0103p\u00eelnean\" \/>\n\t<meta name=\"twitter:label2\" content=\"Estimated reading time\" \/>\n\t<meta name=\"twitter:data2\" content=\"5 minutes\" \/>\n<script type=\"application\/ld+json\" class=\"yoast-schema-graph\">{\"@context\":\"https:\\\/\\\/schema.org\",\"@graph\":[{\"@type\":\"Article\",\"@id\":\"https:\\\/\\\/buletin.de\\\/bucuresti\\\/sector-1-stimulent-financiar-lunar-de-1-000-de-lei-pentru-copii-cu-handicap-grav\\\/#article\",\"isPartOf\":{\"@id\":\"https:\\\/\\\/buletin.de\\\/bucuresti\\\/sector-1-stimulent-financiar-lunar-de-1-000-de-lei-pentru-copii-cu-handicap-grav\\\/\"},\"author\":{\"name\":\"Adina C\u0103p\u00eelnean\",\"@id\":\"https:\\\/\\\/buletin.de\\\/bucuresti\\\/#\\\/schema\\\/person\\\/ab174cf6711728e4ee83d672acf9a912\"},\"headline\":\"Sector 1 | Stimulent financiar lunar de 1.000 de lei, pentru copii cu handicap grav\",\"datePublished\":\"2024-03-19T12:46:30+00:00\",\"dateModified\":\"2024-03-21T09:28:41+00:00\",\"mainEntityOfPage\":{\"@id\":\"https:\\\/\\\/buletin.de\\\/bucuresti\\\/sector-1-stimulent-financiar-lunar-de-1-000-de-lei-pentru-copii-cu-handicap-grav\\\/\"},\"wordCount\":1053,\"publisher\":{\"@id\":\"https:\\\/\\\/buletin.de\\\/bucuresti\\\/#organization\"},\"image\":{\"@id\":\"https:\\\/\\\/buletin.de\\\/bucuresti\\\/sector-1-stimulent-financiar-lunar-de-1-000-de-lei-pentru-copii-cu-handicap-grav\\\/#primaryimage\"},\"thumbnailUrl\":\"https:\\\/\\\/buletin.de\\\/bucuresti\\\/wp-content\\\/uploads\\\/oy5mx1aw72a-1.jpg\",\"keywords\":[\"asistent personal\",\"dgaspc sector 1\",\"directia generala de asistenta sociala si protectia copilului\",\"dizabilitate\",\"handicap grav\",\"primaria sectorului 1\",\"Sector 1\",\"sedinta de consiliu\",\"stimulent financiar\"],\"articleSection\":[\"Articole\",\"Main\",\"Prim\u0103rie\",\"S\u0103n\u0103tate\"],\"inLanguage\":\"en-GB\",\"copyrightYear\":\"2024\",\"copyrightHolder\":{\"@id\":\"https:\\\/\\\/buletin.de\\\/bucuresti\\\/#organization\"}},{\"@type\":\"WebPage\",\"@id\":\"https:\\\/\\\/buletin.de\\\/bucuresti\\\/sector-1-stimulent-financiar-lunar-de-1-000-de-lei-pentru-copii-cu-handicap-grav\\\/\",\"url\":\"https:\\\/\\\/buletin.de\\\/bucuresti\\\/sector-1-stimulent-financiar-lunar-de-1-000-de-lei-pentru-copii-cu-handicap-grav\\\/\",\"name\":\"Sector 1 | Stimulent financiar lunar de 1.000 de lei, pentru copii cu handicap grav - Buletin de Bucure\u0219ti\",\"isPartOf\":{\"@id\":\"https:\\\/\\\/buletin.de\\\/bucuresti\\\/#website\"},\"primaryImageOfPage\":{\"@id\":\"https:\\\/\\\/buletin.de\\\/bucuresti\\\/sector-1-stimulent-financiar-lunar-de-1-000-de-lei-pentru-copii-cu-handicap-grav\\\/#primaryimage\"},\"image\":{\"@id\":\"https:\\\/\\\/buletin.de\\\/bucuresti\\\/sector-1-stimulent-financiar-lunar-de-1-000-de-lei-pentru-copii-cu-handicap-grav\\\/#primaryimage\"},\"thumbnailUrl\":\"https:\\\/\\\/buletin.de\\\/bucuresti\\\/wp-content\\\/uploads\\\/oy5mx1aw72a-1.jpg\",\"datePublished\":\"2024-03-19T12:46:30+00:00\",\"dateModified\":\"2024-03-21T09:28:41+00:00\",\"breadcrumb\":{\"@id\":\"https:\\\/\\\/buletin.de\\\/bucuresti\\\/sector-1-stimulent-financiar-lunar-de-1-000-de-lei-pentru-copii-cu-handicap-grav\\\/#breadcrumb\"},\"inLanguage\":\"en-GB\",\"potentialAction\":[{\"@type\":\"ReadAction\",\"target\":[\"https:\\\/\\\/buletin.de\\\/bucuresti\\\/sector-1-stimulent-financiar-lunar-de-1-000-de-lei-pentru-copii-cu-handicap-grav\\\/\"]}]},{\"@type\":\"ImageObject\",\"inLanguage\":\"en-GB\",\"@id\":\"https:\\\/\\\/buletin.de\\\/bucuresti\\\/sector-1-stimulent-financiar-lunar-de-1-000-de-lei-pentru-copii-cu-handicap-grav\\\/#primaryimage\",\"url\":\"https:\\\/\\\/buletin.de\\\/bucuresti\\\/wp-content\\\/uploads\\\/oy5mx1aw72a-1.jpg\",\"contentUrl\":\"https:\\\/\\\/buletin.de\\\/bucuresti\\\/wp-content\\\/uploads\\\/oy5mx1aw72a-1.jpg\",\"width\":1600,\"height\":1067,\"caption\":\"Surs\u0103: Unsplash\"},{\"@type\":\"BreadcrumbList\",\"@id\":\"https:\\\/\\\/buletin.de\\\/bucuresti\\\/sector-1-stimulent-financiar-lunar-de-1-000-de-lei-pentru-copii-cu-handicap-grav\\\/#breadcrumb\",\"itemListElement\":[{\"@type\":\"ListItem\",\"position\":1,\"name\":\"Acas\u0103\",\"item\":\"https:\\\/\\\/buletin.de\\\/bucuresti\\\/\"},{\"@type\":\"ListItem\",\"position\":2,\"name\":\"Sector 1 | Stimulent financiar lunar de 1.000 de lei, pentru copii cu handicap grav\"}]},{\"@type\":\"WebSite\",\"@id\":\"https:\\\/\\\/buletin.de\\\/bucuresti\\\/#website\",\"url\":\"https:\\\/\\\/buletin.de\\\/bucuresti\\\/\",\"name\":\"Buletin de Bucure\u0219ti\",\"description\":\"\u0218tiri \u0219i investiga\u021bii esen\u021biale din capital\u0103\",\"publisher\":{\"@id\":\"https:\\\/\\\/buletin.de\\\/bucuresti\\\/#organization\"},\"potentialAction\":[{\"@type\":\"SearchAction\",\"target\":{\"@type\":\"EntryPoint\",\"urlTemplate\":\"https:\\\/\\\/buletin.de\\\/bucuresti\\\/?s={search_term_string}\"},\"query-input\":{\"@type\":\"PropertyValueSpecification\",\"valueRequired\":true,\"valueName\":\"search_term_string\"}}],\"inLanguage\":\"en-GB\"},{\"@type\":\"Organization\",\"@id\":\"https:\\\/\\\/buletin.de\\\/bucuresti\\\/#organization\",\"name\":\"Buletin de Bucure\u0219ti\",\"url\":\"https:\\\/\\\/buletin.de\\\/bucuresti\\\/\",\"logo\":{\"@type\":\"ImageObject\",\"inLanguage\":\"en-GB\",\"@id\":\"https:\\\/\\\/buletin.de\\\/bucuresti\\\/#\\\/schema\\\/logo\\\/image\\\/\",\"url\":\"https:\\\/\\\/buletin.de\\\/bucuresti\\\/wp-content\\\/uploads\\\/logo-bdb-full-wide-vernil-transparent.png\",\"contentUrl\":\"https:\\\/\\\/buletin.de\\\/bucuresti\\\/wp-content\\\/uploads\\\/logo-bdb-full-wide-vernil-transparent.png\",\"width\":1782,\"height\":626,\"caption\":\"Buletin de Bucure\u0219ti\"},\"image\":{\"@id\":\"https:\\\/\\\/buletin.de\\\/bucuresti\\\/#\\\/schema\\\/logo\\\/image\\\/\"},\"sameAs\":[\"https:\\\/\\\/www.facebook.com\\\/buletin.de.buc\",\"https:\\\/\\\/www.instagram.com\\\/buletinde.bucuresti\\\/\"]},{\"@type\":\"Person\",\"@id\":\"https:\\\/\\\/buletin.de\\\/bucuresti\\\/#\\\/schema\\\/person\\\/ab174cf6711728e4ee83d672acf9a912\",\"name\":\"Adina C\u0103p\u00eelnean\",\"image\":{\"@type\":\"ImageObject\",\"inLanguage\":\"en-GB\",\"@id\":\"https:\\\/\\\/secure.gravatar.com\\\/avatar\\\/4fe9675d6282fd7c1aa4e486a037d532d5728fc16a30360f293eb6126b2e73ad?s=96&d=monsterid&r=ge2b23868508aec3460d3c6a11d3b599a\",\"url\":\"https:\\\/\\\/secure.gravatar.com\\\/avatar\\\/4fe9675d6282fd7c1aa4e486a037d532d5728fc16a30360f293eb6126b2e73ad?s=96&d=monsterid&r=g\",\"contentUrl\":\"https:\\\/\\\/secure.gravatar.com\\\/avatar\\\/4fe9675d6282fd7c1aa4e486a037d532d5728fc16a30360f293eb6126b2e73ad?s=96&d=monsterid&r=g\",\"caption\":\"Adina C\u0103p\u00eelnean\"},\"url\":\"https:\\\/\\\/buletin.de\\\/bucuresti\\\/author\\\/adinacapilnean\\\/\"}]}<\/script>\n<!-- \/ Yoast SEO Premium plugin. -->","yoast_head_json":{"title":"Sector 1 | Stimulent financiar lunar de 1.000 de lei, pentru copii cu handicap grav - Buletin de Bucure\u0219ti","robots":{"index":"index","follow":"follow","max-snippet":"max-snippet:-1","max-image-preview":"max-image-preview:large","max-video-preview":"max-video-preview:-1"},"canonical":"https:\/\/buletin.de\/bucuresti\/sector-1-stimulent-financiar-lunar-de-1-000-de-lei-pentru-copii-cu-handicap-grav\/","og_locale":"en_GB","og_type":"article","og_title":"Sector 1 | Stimulent financiar lunar de 1.000 de lei, pentru copii cu handicap grav","og_description":"UPDATE\/\/ Proiectul de hot\u0103r\u00e2re a fost adoptat \u00een \u0219edin\u021ba de joi, 21 martie, a consiliului Sectorului 1. \u00cen urm\u0103toarea \u0219edin\u021b\u0103 de consiliu a Sectorului 1 de joi, 21 martie, consilierii vor supune la vot un proiect de hot\u0103r\u00e2re pentru acordarea unui stimulent financiar lunar, \u00een cuantum de 1.000 de lei, copiilor cu handicap grav cu [&hellip;]","og_url":"https:\/\/buletin.de\/bucuresti\/sector-1-stimulent-financiar-lunar-de-1-000-de-lei-pentru-copii-cu-handicap-grav\/","og_site_name":"Buletin de Bucure\u0219ti","article_publisher":"https:\/\/www.facebook.com\/buletin.de.buc","article_published_time":"2024-03-19T12:46:30+00:00","article_modified_time":"2024-03-21T09:28:41+00:00","og_image":[{"width":1600,"height":1067,"url":"https:\/\/buletin.de\/bucuresti\/wp-content\/uploads\/oy5mx1aw72a-1.jpg","type":"image\/jpeg"}],"author":"Adina C\u0103p\u00eelnean","twitter_card":"summary_large_image","twitter_misc":{"Written by":"Adina C\u0103p\u00eelnean","Estimated reading time":"5 minutes"},"schema":{"@context":"https:\/\/schema.org","@graph":[{"@type":"Article","@id":"https:\/\/buletin.de\/bucuresti\/sector-1-stimulent-financiar-lunar-de-1-000-de-lei-pentru-copii-cu-handicap-grav\/#article","isPartOf":{"@id":"https:\/\/buletin.de\/bucuresti\/sector-1-stimulent-financiar-lunar-de-1-000-de-lei-pentru-copii-cu-handicap-grav\/"},"author":{"name":"Adina C\u0103p\u00eelnean","@id":"https:\/\/buletin.de\/bucuresti\/#\/schema\/person\/ab174cf6711728e4ee83d672acf9a912"},"headline":"Sector 1 | Stimulent financiar lunar de 1.000 de lei, pentru copii cu handicap grav","datePublished":"2024-03-19T12:46:30+00:00","dateModified":"2024-03-21T09:28:41+00:00","mainEntityOfPage":{"@id":"https:\/\/buletin.de\/bucuresti\/sector-1-stimulent-financiar-lunar-de-1-000-de-lei-pentru-copii-cu-handicap-grav\/"},"wordCount":1053,"publisher":{"@id":"https:\/\/buletin.de\/bucuresti\/#organization"},"image":{"@id":"https:\/\/buletin.de\/bucuresti\/sector-1-stimulent-financiar-lunar-de-1-000-de-lei-pentru-copii-cu-handicap-grav\/#primaryimage"},"thumbnailUrl":"https:\/\/buletin.de\/bucuresti\/wp-content\/uploads\/oy5mx1aw72a-1.jpg","keywords":["asistent personal","dgaspc sector 1","directia generala de asistenta sociala si protectia copilului","dizabilitate","handicap grav","primaria sectorului 1","Sector 1","sedinta de consiliu","stimulent financiar"],"articleSection":["Articole","Main","Prim\u0103rie","S\u0103n\u0103tate"],"inLanguage":"en-GB","copyrightYear":"2024","copyrightHolder":{"@id":"https:\/\/buletin.de\/bucuresti\/#organization"}},{"@type":"WebPage","@id":"https:\/\/buletin.de\/bucuresti\/sector-1-stimulent-financiar-lunar-de-1-000-de-lei-pentru-copii-cu-handicap-grav\/","url":"https:\/\/buletin.de\/bucuresti\/sector-1-stimulent-financiar-lunar-de-1-000-de-lei-pentru-copii-cu-handicap-grav\/","name":"Sector 1 | Stimulent financiar lunar de 1.000 de lei, pentru copii cu handicap grav - Buletin de Bucure\u0219ti","isPartOf":{"@id":"https:\/\/buletin.de\/bucuresti\/#website"},"primaryImageOfPage":{"@id":"https:\/\/buletin.de\/bucuresti\/sector-1-stimulent-financiar-lunar-de-1-000-de-lei-pentru-copii-cu-handicap-grav\/#primaryimage"},"image":{"@id":"https:\/\/buletin.de\/bucuresti\/sector-1-stimulent-financiar-lunar-de-1-000-de-lei-pentru-copii-cu-handicap-grav\/#primaryimage"},"thumbnailUrl":"https:\/\/buletin.de\/bucuresti\/wp-content\/uploads\/oy5mx1aw72a-1.jpg","datePublished":"2024-03-19T12:46:30+00:00","dateModified":"2024-03-21T09:28:41+00:00","breadcrumb":{"@id":"https:\/\/buletin.de\/bucuresti\/sector-1-stimulent-financiar-lunar-de-1-000-de-lei-pentru-copii-cu-handicap-grav\/#breadcrumb"},"inLanguage":"en-GB","potentialAction":[{"@type":"ReadAction","target":["https:\/\/buletin.de\/bucuresti\/sector-1-stimulent-financiar-lunar-de-1-000-de-lei-pentru-copii-cu-handicap-grav\/"]}]},{"@type":"ImageObject","inLanguage":"en-GB","@id":"https:\/\/buletin.de\/bucuresti\/sector-1-stimulent-financiar-lunar-de-1-000-de-lei-pentru-copii-cu-handicap-grav\/#primaryimage","url":"https:\/\/buletin.de\/bucuresti\/wp-content\/uploads\/oy5mx1aw72a-1.jpg","contentUrl":"https:\/\/buletin.de\/bucuresti\/wp-content\/uploads\/oy5mx1aw72a-1.jpg","width":1600,"height":1067,"caption":"Surs\u0103: Unsplash"},{"@type":"BreadcrumbList","@id":"https:\/\/buletin.de\/bucuresti\/sector-1-stimulent-financiar-lunar-de-1-000-de-lei-pentru-copii-cu-handicap-grav\/#breadcrumb","itemListElement":[{"@type":"ListItem","position":1,"name":"Acas\u0103","item":"https:\/\/buletin.de\/bucuresti\/"},{"@type":"ListItem","position":2,"name":"Sector 1 | Stimulent financiar lunar de 1.000 de lei, pentru copii cu handicap grav"}]},{"@type":"WebSite","@id":"https:\/\/buletin.de\/bucuresti\/#website","url":"https:\/\/buletin.de\/bucuresti\/","name":"Buletin de Bucure\u0219ti","description":"\u0218tiri \u0219i investiga\u021bii esen\u021biale din capital\u0103","publisher":{"@id":"https:\/\/buletin.de\/bucuresti\/#organization"},"potentialAction":[{"@type":"SearchAction","target":{"@type":"EntryPoint","urlTemplate":"https:\/\/buletin.de\/bucuresti\/?s={search_term_string}"},"query-input":{"@type":"PropertyValueSpecification","valueRequired":true,"valueName":"search_term_string"}}],"inLanguage":"en-GB"},{"@type":"Organization","@id":"https:\/\/buletin.de\/bucuresti\/#organization","name":"Buletin de Bucure\u0219ti","url":"https:\/\/buletin.de\/bucuresti\/","logo":{"@type":"ImageObject","inLanguage":"en-GB","@id":"https:\/\/buletin.de\/bucuresti\/#\/schema\/logo\/image\/","url":"https:\/\/buletin.de\/bucuresti\/wp-content\/uploads\/logo-bdb-full-wide-vernil-transparent.png","contentUrl":"https:\/\/buletin.de\/bucuresti\/wp-content\/uploads\/logo-bdb-full-wide-vernil-transparent.png","width":1782,"height":626,"caption":"Buletin de Bucure\u0219ti"},"image":{"@id":"https:\/\/buletin.de\/bucuresti\/#\/schema\/logo\/image\/"},"sameAs":["https:\/\/www.facebook.com\/buletin.de.buc","https:\/\/www.instagram.com\/buletinde.bucuresti\/"]},{"@type":"Person","@id":"https:\/\/buletin.de\/bucuresti\/#\/schema\/person\/ab174cf6711728e4ee83d672acf9a912","name":"Adina C\u0103p\u00eelnean","image":{"@type":"ImageObject","inLanguage":"en-GB","@id":"https:\/\/secure.gravatar.com\/avatar\/4fe9675d6282fd7c1aa4e486a037d532d5728fc16a30360f293eb6126b2e73ad?s=96&d=monsterid&r=ge2b23868508aec3460d3c6a11d3b599a","url":"https:\/\/secure.gravatar.com\/avatar\/4fe9675d6282fd7c1aa4e486a037d532d5728fc16a30360f293eb6126b2e73ad?s=96&d=monsterid&r=g","contentUrl":"https:\/\/secure.gravatar.com\/avatar\/4fe9675d6282fd7c1aa4e486a037d532d5728fc16a30360f293eb6126b2e73ad?s=96&d=monsterid&r=g","caption":"Adina C\u0103p\u00eelnean"},"url":"https:\/\/buletin.de\/bucuresti\/author\/adinacapilnean\/"}]}},"authors":[{"term_id":22580,"user_id":47,"is_guest":0,"slug":"adinacapilnean","display_name":"Adina C\u0103p\u00eelnean","avatar_url":"https:\/\/secure.gravatar.com\/avatar\/4fe9675d6282fd7c1aa4e486a037d532d5728fc16a30360f293eb6126b2e73ad?s=96&d=monsterid&r=g","0":null,"1":"","2":"","3":"","4":"","5":"","6":"","7":"","8":""}],"_links":{"self":[{"href":"https:\/\/buletin.de\/bucuresti\/wp-json\/wp\/v2\/posts\/80380","targetHints":{"allow":["GET"]}}],"collection":[{"href":"https:\/\/buletin.de\/bucuresti\/wp-json\/wp\/v2\/posts"}],"about":[{"href":"https:\/\/buletin.de\/bucuresti\/wp-json\/wp\/v2\/types\/post"}],"author":[{"embeddable":true,"href":"https:\/\/buletin.de\/bucuresti\/wp-json\/wp\/v2\/users\/47"}],"replies":[{"embeddable":true,"href":"https:\/\/buletin.de\/bucuresti\/wp-json\/wp\/v2\/comments?post=80380"}],"version-history":[{"count":4,"href":"https:\/\/buletin.de\/bucuresti\/wp-json\/wp\/v2\/posts\/80380\/revisions"}],"predecessor-version":[{"id":80645,"href":"https:\/\/buletin.de\/bucuresti\/wp-json\/wp\/v2\/posts\/80380\/revisions\/80645"}],"wp:featuredmedia":[{"embeddable":true,"href":"https:\/\/buletin.de\/bucuresti\/wp-json\/wp\/v2\/media\/80383"}],"wp:attachment":[{"href":"https:\/\/buletin.de\/bucuresti\/wp-json\/wp\/v2\/media?parent=80380"}],"wp:term":[{"taxonomy":"category","embeddable":true,"href":"https:\/\/buletin.de\/bucuresti\/wp-json\/wp\/v2\/categories?post=80380"},{"taxonomy":"post_tag","embeddable":true,"href":"https:\/\/buletin.de\/bucuresti\/wp-json\/wp\/v2\/tags?post=80380"},{"taxonomy":"author","embeddable":true,"href":"https:\/\/buletin.de\/bucuresti\/wp-json\/wp\/v2\/ppma_author?post=80380"}],"curies":[{"name":"wp","href":"https:\/\/api.w.org\/{rel}","templated":true}]}}