{"id":8037,"date":"2020-06-12T12:08:59","date_gmt":"2020-06-12T09:08:59","guid":{"rendered":"https:\/\/buletin.de\/bucuresti\/?p=8037"},"modified":"2020-06-29T14:47:50","modified_gmt":"2020-06-29T11:47:50","slug":"campania-sunt-imun-la-covid-promovata-pe-facebook-cu-imagini-vechi-de-doua-saptamani-dupa-standarde-comunicarea-se-incadreaza-la-fake-news","status":"publish","type":"post","link":"https:\/\/buletin.de\/bucuresti\/campania-sunt-imun-la-covid-promovata-pe-facebook-cu-imagini-vechi-de-doua-saptamani-dupa-standarde-comunicarea-se-incadreaza-la-fake-news\/","title":{"rendered":"Campania \u201eSunt imun la Covid?\u201d promovat\u0103, pe Facebook, cu imagini vechi de dou\u0103 s\u0103pt\u0103m\u00e2ni. Dup\u0103 standarde, comunicarea se \u00eencadreaz\u0103 la Fake News"},"content":{"rendered":"\n<h4 class=\"wp-block-heading\"><strong>Programul pentru depistarea anticorpilor COVID-19 a fost lansat public de Gabriela Firea, acum dou\u0103 s\u0103pt\u0103m\u00e2ni. La Arena Na\u021bional\u0103 au venit to\u021bi primarii de sector care au luat parte la o prezentare filmat\u0103, transmis\u0103 \u00een direct pe pagina primarului general, \u00een cadrul c\u0103reia staff-ul prim\u0103riei \u0219i edilii au beneficiat primii de testarea pentru anticorpi.<\/strong><\/h4>\n\n\n\n<p>\u00cen urm\u0103 cu dou\u0103 s\u0103pt\u0103m\u00e2ni, la evenimentul moderat de Gabriela Firea, au luat parte to\u021bi primarii de sector, viceprimarul Capitalei \u0219i \u0219efii ASSMB.<\/p>\n\n\n\n<p>Tot atunci, \u00een cadrul unei transmisiunii \u00een direct realizat\u0103 pe pagina de Facebook personal\u0103, Gabriela Firea anun\u021ba c\u0103 vor fi trimise scrisori unui e\u0219antion de persoane stabilit de Institutul Na\u021bional de S\u0103n\u0103tate Public\u0103.<\/p>\n\n\n\n<iframe src=\"https:\/\/www.facebook.com\/plugins\/video.php?href=https%3A%2F%2Fwww.facebook.com%2Fgabifirea%2Fvideos%2F721138858693315%2F&#038;show_text=1&#038;width=560\" width=\"560\" height=\"503\" style=\"border:none;overflow:hidden\" scrolling=\"no\" frameborder=\"0\" allowTransparency=\"true\" allow=\"encrypted-media\" allowFullScreen=\"true\"><\/iframe>\n\n\n\n<p>\u201e<em>Odat\u0103 persoanele informate prin scrisoare vor avea la dispozi\u021bie un num\u0103r de telefon unde vor anun\u021ba c\u0103 doresc s\u0103 fie testate \u0219i se va realiza o programare, astfel \u00eenc\u00e2t aici, la Aren\u0103, <strong>pe zi nu vor veni mai mult de 1.500 de persoane <\/strong>iar programul va fi p\u00e2n\u0103 duminic\u0103 inclusiv de la 8 diminea\u021ba la 8 seara<\/em>\u201d, spunea atunci Gabriela Firea.&nbsp;&nbsp;<\/p>\n\n\n\n<p>\u00cen cadrul transmisiunii \u00een direct, realizat\u0103 de o echip\u0103 de specialitate cu echipamente profesionale, au luat cuv\u00e2ntul, pe r\u00e2nd, \u0219i restul edililor.&nbsp;<\/p>\n\n\n\n<p>\u201e<em>Doamna primar general este cea care a avut ideea. Ceilal\u021bi primari, colegii mei, au \u00eembr\u0103\u021bi\u0219at-o imediat pentru c\u0103 este o idee senza\u021bional\u0103<\/em>\u201d, a spus Daniel Florea, primarul Sectorul 5.<\/p>\n\n\n\n<figure class=\"wp-block-image size-large\"><img fetchpriority=\"high\" decoding=\"async\" width=\"900\" height=\"505\" src=\"data:image\/gif;base64,R0lGODlhAQABAAAAACH5BAEKAAEALAAAAAABAAEAAAICTAEAOw==\" data-src=\"https:\/\/buletin.de\/bucuresti\/wp-content\/uploads\/gabriela-firea-multumind-i-lui-aurelian-bedulescu-pentru-ca-a-reoganizat-zona-VIP-de-la-Arena-Nationala-\u00een-vederea-testarii-pentru-anticorpi-COVID-19-900x505.jpg\" alt=\"\" class=\"wp-image-8041 lazyload\" data-sizes=\"auto\" data-srcset=\"https:\/\/buletin.de\/bucuresti\/wp-content\/uploads\/gabriela-firea-multumind-i-lui-aurelian-bedulescu-pentru-ca-a-reoganizat-zona-VIP-de-la-Arena-Nationala-\u00een-vederea-testarii-pentru-anticorpi-COVID-19-900x505.jpg 900w, https:\/\/buletin.de\/bucuresti\/wp-content\/uploads\/gabriela-firea-multumind-i-lui-aurelian-bedulescu-pentru-ca-a-reoganizat-zona-VIP-de-la-Arena-Nationala-\u00een-vederea-testarii-pentru-anticorpi-COVID-19-600x337.jpg 600w, https:\/\/buletin.de\/bucuresti\/wp-content\/uploads\/gabriela-firea-multumind-i-lui-aurelian-bedulescu-pentru-ca-a-reoganizat-zona-VIP-de-la-Arena-Nationala-\u00een-vederea-testarii-pentru-anticorpi-COVID-19-300x168.jpg 300w, https:\/\/buletin.de\/bucuresti\/wp-content\/uploads\/gabriela-firea-multumind-i-lui-aurelian-bedulescu-pentru-ca-a-reoganizat-zona-VIP-de-la-Arena-Nationala-\u00een-vederea-testarii-pentru-anticorpi-COVID-19-768x431.jpg 768w, https:\/\/buletin.de\/bucuresti\/wp-content\/uploads\/gabriela-firea-multumind-i-lui-aurelian-bedulescu-pentru-ca-a-reoganizat-zona-VIP-de-la-Arena-Nationala-\u00een-vederea-testarii-pentru-anticorpi-COVID-19-1536x862.jpg 1536w, https:\/\/buletin.de\/bucuresti\/wp-content\/uploads\/gabriela-firea-multumind-i-lui-aurelian-bedulescu-pentru-ca-a-reoganizat-zona-VIP-de-la-Arena-Nationala-\u00een-vederea-testarii-pentru-anticorpi-COVID-19-1060x595.jpg 1060w, https:\/\/buletin.de\/bucuresti\/wp-content\/uploads\/gabriela-firea-multumind-i-lui-aurelian-bedulescu-pentru-ca-a-reoganizat-zona-VIP-de-la-Arena-Nationala-\u00een-vederea-testarii-pentru-anticorpi-COVID-19-550x309.jpg 550w, https:\/\/buletin.de\/bucuresti\/wp-content\/uploads\/gabriela-firea-multumind-i-lui-aurelian-bedulescu-pentru-ca-a-reoganizat-zona-VIP-de-la-Arena-Nationala-\u00een-vederea-testarii-pentru-anticorpi-COVID-19-891x500.jpg 891w, https:\/\/buletin.de\/bucuresti\/wp-content\/uploads\/gabriela-firea-multumind-i-lui-aurelian-bedulescu-pentru-ca-a-reoganizat-zona-VIP-de-la-Arena-Nationala-\u00een-vederea-testarii-pentru-anticorpi-COVID-19-1920x1078.jpg 1920w, https:\/\/buletin.de\/bucuresti\/wp-content\/uploads\/gabriela-firea-multumind-i-lui-aurelian-bedulescu-pentru-ca-a-reoganizat-zona-VIP-de-la-Arena-Nationala-\u00een-vederea-testarii-pentru-anticorpi-COVID-19-1924x1080.jpg 1924w, https:\/\/buletin.de\/bucuresti\/wp-content\/uploads\/gabriela-firea-multumind-i-lui-aurelian-bedulescu-pentru-ca-a-reoganizat-zona-VIP-de-la-Arena-Nationala-\u00een-vederea-testarii-pentru-anticorpi-COVID-19.jpg 1936w\" sizes=\"(max-width: 900px) 100vw, 900px\" \/><figcaption>Gabriela Firea multumindu-i viceprimarului Aurelian B\u0103dulescu pentru c\u0103 a reorganizat zona VIP de la Arena Na\u021bionala \u00een vederea test\u0103rii pentru anticorpi COVID-19. (Sursa:  <a href=\"https:\/\/www.facebook.com\/watch\/live\/?v=721138858693315\">https:\/\/www.facebook.com\/watch\/live\/?v=721138858693315<\/a> )<\/figcaption><\/figure>\n\n\n\n<p>La r\u00e2ndul s\u0103u, primarul Sectorului 2, Mihai Toader, a declarat c\u0103 \u201e<em>noi am lansat acest proiect acum mai bine de o lun\u0103. Am avut nenum\u0103rate solicit\u0103ri din partea cet\u0103\u021benilor. Chiar sunt ner\u0103bd\u0103tori s\u0103 efectu\u0103m aceste test\u0103ri<\/em>\u201d.<\/p>\n\n\n\n<p>Dup\u0103 dou\u0103 s\u0103pt\u0103m\u00e2ni, campania \u201eSunt imun la Covid?\u201d este anun\u021bat\u0103 din nou pe pagina Gabrielei Firea. <\/p>\n\n\n\n<p>\u201e<em style=\"font-weight: bold;\">Primii 500 de bucure\u0219teni<\/em><em> sunt testa\u021bi ast\u0103zi pentru depistarea de anticorpi Covid. \u00cen cur\u00e2nd vom afla \u00een ce m\u0103sur\u0103 este r\u0103sp\u00e2ndit noul virus la nivelul Capitalei!<\/em>\u201d, transmitea luni, 10 iunie, primarul general al Capitalei al\u0103turi de o serie de fotografii realizate la evenimentul de lansare.<\/p>\n\n\n\n<iframe src=\"https:\/\/www.facebook.com\/plugins\/post.php?href=https%3A%2F%2Fwww.facebook.com%2Fgabifirea%2Fposts%2F3262765057119612&#038;width=500\" width=\"500\" height=\"771\" style=\"border:none;overflow:hidden\" scrolling=\"no\" frameborder=\"0\" allowTransparency=\"true\" allow=\"encrypted-media\"><\/iframe>\n\n\n\n<p>De aceast\u0103 dat\u0103, la fa\u021ba locului nu a mai fost prezent niciun edil ci doar reprezentan\u021bii ASSMB. \u00cen schimb au venit televiziunile, iar unele dintre ele au avut transmisiuni \u00eenc\u0103 de la primele ore ale dimine\u021bii.<\/p>\n\n\n\n<figure class=\"wp-block-image size-large\"><img decoding=\"async\" width=\"900\" height=\"506\" src=\"data:image\/gif;base64,R0lGODlhAQABAAAAACH5BAEKAAEALAAAAAABAAEAAAICTAEAOw==\" data-src=\"https:\/\/buletin.de\/bucuresti\/wp-content\/uploads\/testare-firea-900x506.jpg\" alt=\"\" class=\"wp-image-8038 lazyload\" data-sizes=\"auto\" data-srcset=\"https:\/\/buletin.de\/bucuresti\/wp-content\/uploads\/testare-firea-900x506.jpg 900w, https:\/\/buletin.de\/bucuresti\/wp-content\/uploads\/testare-firea-600x338.jpg 600w, https:\/\/buletin.de\/bucuresti\/wp-content\/uploads\/testare-firea-300x169.jpg 300w, https:\/\/buletin.de\/bucuresti\/wp-content\/uploads\/testare-firea-768x432.jpg 768w, https:\/\/buletin.de\/bucuresti\/wp-content\/uploads\/testare-firea-1536x864.jpg 1536w, https:\/\/buletin.de\/bucuresti\/wp-content\/uploads\/testare-firea-2048x1152.jpg 2048w, https:\/\/buletin.de\/bucuresti\/wp-content\/uploads\/testare-firea-1060x596.jpg 1060w, https:\/\/buletin.de\/bucuresti\/wp-content\/uploads\/testare-firea-550x309.jpg 550w, https:\/\/buletin.de\/bucuresti\/wp-content\/uploads\/testare-firea-889x500.jpg 889w, https:\/\/buletin.de\/bucuresti\/wp-content\/uploads\/testare-firea-1920x1080.jpg 1920w\" sizes=\"(max-width: 900px) 100vw, 900px\" \/><figcaption>Evenimentul a fost mediatizat \u0219i pe televizunile de \u0219tiri. (Sursa foto: antena3.ro)<br><br><\/figcaption><\/figure>\n\n\n\n<p>\u00cen schimb, pozele de pe pagina Gabrielei Firea care anun\u021bau prima zi de testare pentru cet\u0103\u021beni, sugereaz\u0103 altceva. C\u0103 primarii ar fi fost prezen\u021bi \u0219i ei. <\/p>\n\n\n\n<p>Conform <a href=\"https:\/\/helpdesk.rsf.org\/digital-security-guide\/online-disinformation\/types-of-disinformation\/\">Reporteri F\u0103r\u0103 Frontiere<\/a>, utilizarea \u00een\u0219el\u0103toare a unor informa\u021bii, inclusiv poze pentru a caracteriza o situa\u021bie sau o persoan\u0103 \u00eentr-un anumit fel, reprezint\u0103 o form\u0103 specific\u0103 de fakenews &#8211; denumit\u0103 \u201emisleading content\u201d &#8211; \u201econ\u021binut \u00een\u0219el\u0103tor\u201d.  <\/p>\n\n\n\n<p>De altfel, \u00een aceea\u0219i zi, <a href=\"https:\/\/buletin.de\/bucuresti\/video-testam-pentru-bucuresti-un-fiasco-cu-programare-cum-a-aratat-campania-gabrielei-firea-dupa-plecarea-televiziunilor\/\">Buletin de Bucure\u0219ti a descoperit c\u0103, dup\u0103 plecarea televiziunilor, doar c\u00e2teva persoane au venit s\u0103 se testeze pentru anticorpi COVID.<\/a><\/p>\n\n\n\n<p>Tot \u00een aceea\u0219i zi, <a href=\"https:\/\/buletin.de\/bucuresti\/gabriela-firea-ameninta-cu-plangeri-penale-desi-sustine-ca-dsp-nu-i-a-dat-aviz-primarul-general-a-continuat-programul-testam-pentru-bucuresti\/\">primarul general al Capitalei a anun\u021bat c\u0103 va depune pl\u00e2ngeri penale \u00eempotriva Direc\u0163iei pentru S\u0103n\u0103tate Public\u0103 Bucure\u015fti \u015fi a conducerii Ministerului S\u0103n\u0103t\u0103\u0163ii pentru abuz \u00een serviciu \u015fi z\u0103d\u0103rnicirea combaterii bolilor.<\/a><\/p>\n\n\n\n<p>Motivul? Direc\u021bia de S\u0103n\u0103tate public\u0103 din Bucure\u0219ti nu a dat aviz pentru organizarea test\u0103rii la Arena Na\u021bional\u0103 din cauz\u0103 c\u0103 stadionul nu respect\u0103 normele de siguran\u021b\u0103 pentru o astfel de procedur\u0103 medical\u0103 \u0219i recomand\u0103rile epidemiologice.<\/p>\n\n\n\n<p>Cu toate acestea, testarea cet\u0103\u021benilor a avut loc.<\/p>\n\n\n\n<p>Mai mult, de\u0219i campania pe Arena Na\u021bional\u0103 a fost oprit\u0103 ulterior, pe Facebook a \u00eenceput s\u0103 circule un clip de promovare \u00eenc\u0103 de asear\u0103. Videoclipul este \u00eenso\u021bit de mesajul Gabrielei Firea, lansat luni diminea\u021b\u0103. <\/p>\n\n\n\n<iframe src=\"https:\/\/www.facebook.com\/plugins\/video.php?href=https%3A%2F%2Fwww.facebook.com%2Faurel.dragulescu.bebe%2Fvideos%2F3459598487406090%2F&#038;show_text=1&#038;width=560\" width=\"560\" height=\"529\" style=\"border:none;overflow:hidden\" scrolling=\"no\" frameborder=\"0\" allowTransparency=\"true\" allow=\"encrypted-media\" allowFullScreen=\"true\"><\/iframe>\n\n\n\n<p>Buletin de Bucure\u0219ti a \u00eenaintat o solicitare de pres\u0103 ASSMB cu privire la costurile de organizare ale campaniei \u201eSunt imun la COVID?\u201d desf\u0103\u0219urat\u0103 pe Arena Na\u021bional\u0103. <\/p>\n\n\n\n<p>De asemenea, am solicitat \u00een baza legii privind informa\u021biile de interes public s\u0103 ni se transmit\u0103 \u0219i costurile aferente realiz\u0103rii transmisiunii \u00een direct din 25 mai \u0219i dac\u0103 institu\u021bia are vreo leg\u0103tur\u0103 cu videoclipul de promovare difuzat asear\u0103 pe Facebook.<\/p>\n\n\n\n<p>C\u00e2nd vom primi r\u0103spunsurile, le vom publica de \u00eendat\u0103.<\/p>\n\n\n\n<hr class=\"wp-block-separator\"\/>\n\n\n\n<p class=\"has-text-align-center\">Fake-News-urilor din fiecare s\u0103pt\u0103m\u00e2n\u0103 vor fi monitorizate de echipa Factual, <a href=\"http:\/\/www.factual.ro\/fake\">aici<\/a>, \u0219i vor fi dezb\u0103tute \u00een fiecare s\u0103pt\u0103m\u00e2n\u0103 la Buletin de Fake News, un proiect care a debutat asear\u0103. Pute\u021bi vedea prima \u00eenregistrare a emisiunii mai jos:<\/p>\n\n\n\n<iframe src=\"https:\/\/www.facebook.com\/plugins\/video.php?href=https%3A%2F%2Fwww.facebook.com%2Ffactual.ro%2Fvideos%2F304946117305715%2F&#038;show_text=0&#038;width=560\" width=\"560\" height=\"315\" style=\"border:none;overflow:hidden\" scrolling=\"no\" frameborder=\"0\" allowTransparency=\"true\" allowFullScreen=\"true\"><\/iframe>\n\n\n\n<p>Editor: Oana Despa<\/p>\n\n\n\n<p>Surs\u0103 cover<br><\/p>\n","protected":false},"excerpt":{"rendered":"<p>Programul pentru depistarea anticorpilor COVID-19 a fost lansat public de Gabriela Firea, acum dou\u0103 s\u0103pt\u0103m\u00e2ni. La Arena Na\u021bional\u0103 au venit to\u021bi primarii de sector care au luat parte la o prezentare filmat\u0103, transmis\u0103 \u00een direct pe pagina primarului general, \u00een cadrul c\u0103reia staff-ul prim\u0103riei \u0219i edilii au beneficiat primii de testarea pentru anticorpi. \u00cen urm\u0103 [&hellip;]<\/p>\n","protected":false},"author":10,"featured_media":8039,"comment_status":"closed","ping_status":"open","sticky":false,"template":"","format":"standard","meta":{"_acf_changed":false,"inline_featured_image":false,"ngg_post_thumbnail":0,"footnotes":""},"categories":[996],"tags":[1128,640,28,1136],"ppma_author":[22575],"class_list":["post-8037","post","type-post","status-publish","format-standard","has-post-thumbnail","hentry","category-covid-19","tag-anticorpi","tag-covid","tag-firea","tag-testare"],"acf":[],"yoast_head":"<!-- This site is optimized with the Yoast SEO Premium plugin v25.3 (Yoast SEO v27.4) - https:\/\/yoast.com\/product\/yoast-seo-premium-wordpress\/ -->\n<title>Campania \u201eSunt imun la Covid?\u201d promovat\u0103, pe Facebook, cu imagini vechi de dou\u0103 s\u0103pt\u0103m\u00e2ni. Dup\u0103 standarde, comunicarea se \u00eencadreaz\u0103 la Fake News - Buletin de Bucure\u0219ti<\/title>\n<meta name=\"robots\" content=\"index, follow, max-snippet:-1, max-image-preview:large, max-video-preview:-1\" \/>\n<link rel=\"canonical\" href=\"https:\/\/buletin.de\/bucuresti\/campania-sunt-imun-la-covid-promovata-pe-facebook-cu-imagini-vechi-de-doua-saptamani-dupa-standarde-comunicarea-se-incadreaza-la-fake-news\/\" \/>\n<meta property=\"og:locale\" content=\"en_GB\" \/>\n<meta property=\"og:type\" content=\"article\" \/>\n<meta property=\"og:title\" content=\"Campania \u201eSunt imun la Covid?\u201d promovat\u0103, pe Facebook, cu imagini vechi de dou\u0103 s\u0103pt\u0103m\u00e2ni. Dup\u0103 standarde, comunicarea se \u00eencadreaz\u0103 la Fake News\" \/>\n<meta property=\"og:description\" content=\"Programul pentru depistarea anticorpilor COVID-19 a fost lansat public de Gabriela Firea, acum dou\u0103 s\u0103pt\u0103m\u00e2ni. La Arena Na\u021bional\u0103 au venit to\u021bi primarii de sector care au luat parte la o prezentare filmat\u0103, transmis\u0103 \u00een direct pe pagina primarului general, \u00een cadrul c\u0103reia staff-ul prim\u0103riei \u0219i edilii au beneficiat primii de testarea pentru anticorpi. \u00cen urm\u0103 [&hellip;]\" \/>\n<meta property=\"og:url\" content=\"https:\/\/buletin.de\/bucuresti\/campania-sunt-imun-la-covid-promovata-pe-facebook-cu-imagini-vechi-de-doua-saptamani-dupa-standarde-comunicarea-se-incadreaza-la-fake-news\/\" \/>\n<meta property=\"og:site_name\" content=\"Buletin de Bucure\u0219ti\" \/>\n<meta property=\"article:publisher\" content=\"https:\/\/www.facebook.com\/buletin.de.buc\" \/>\n<meta property=\"article:published_time\" content=\"2020-06-12T09:08:59+00:00\" \/>\n<meta property=\"article:modified_time\" content=\"2020-06-29T11:47:50+00:00\" \/>\n<meta property=\"og:image\" content=\"https:\/\/buletin.de\/bucuresti\/wp-content\/uploads\/103113520_3262774723785312_4985173219291279675_n.jpg\" \/>\n\t<meta property=\"og:image:width\" content=\"960\" \/>\n\t<meta property=\"og:image:height\" content=\"640\" \/>\n\t<meta property=\"og:image:type\" content=\"image\/jpeg\" \/>\n<meta name=\"author\" content=\"C\u0103t\u0103lin Dosca\u0219\" \/>\n<meta name=\"twitter:card\" content=\"summary_large_image\" \/>\n<meta name=\"twitter:label1\" content=\"Written by\" \/>\n\t<meta name=\"twitter:data1\" content=\"C\u0103t\u0103lin Dosca\u0219\" \/>\n\t<meta name=\"twitter:label2\" content=\"Estimated reading time\" \/>\n\t<meta name=\"twitter:data2\" content=\"4 minutes\" \/>\n<script type=\"application\/ld+json\" class=\"yoast-schema-graph\">{\"@context\":\"https:\\\/\\\/schema.org\",\"@graph\":[{\"@type\":\"Article\",\"@id\":\"https:\\\/\\\/buletin.de\\\/bucuresti\\\/campania-sunt-imun-la-covid-promovata-pe-facebook-cu-imagini-vechi-de-doua-saptamani-dupa-standarde-comunicarea-se-incadreaza-la-fake-news\\\/#article\",\"isPartOf\":{\"@id\":\"https:\\\/\\\/buletin.de\\\/bucuresti\\\/campania-sunt-imun-la-covid-promovata-pe-facebook-cu-imagini-vechi-de-doua-saptamani-dupa-standarde-comunicarea-se-incadreaza-la-fake-news\\\/\"},\"author\":{\"name\":\"C\u0103t\u0103lin Dosca\u0219\",\"@id\":\"https:\\\/\\\/buletin.de\\\/bucuresti\\\/#\\\/schema\\\/person\\\/31117187ed4d0bdb0a4c7d6acc79d0f8\"},\"headline\":\"Campania \u201eSunt imun la Covid?\u201d promovat\u0103, pe Facebook, cu imagini vechi de dou\u0103 s\u0103pt\u0103m\u00e2ni. Dup\u0103 standarde, comunicarea se \u00eencadreaz\u0103 la Fake News\",\"datePublished\":\"2020-06-12T09:08:59+00:00\",\"dateModified\":\"2020-06-29T11:47:50+00:00\",\"mainEntityOfPage\":{\"@id\":\"https:\\\/\\\/buletin.de\\\/bucuresti\\\/campania-sunt-imun-la-covid-promovata-pe-facebook-cu-imagini-vechi-de-doua-saptamani-dupa-standarde-comunicarea-se-incadreaza-la-fake-news\\\/\"},\"wordCount\":840,\"publisher\":{\"@id\":\"https:\\\/\\\/buletin.de\\\/bucuresti\\\/#organization\"},\"image\":{\"@id\":\"https:\\\/\\\/buletin.de\\\/bucuresti\\\/campania-sunt-imun-la-covid-promovata-pe-facebook-cu-imagini-vechi-de-doua-saptamani-dupa-standarde-comunicarea-se-incadreaza-la-fake-news\\\/#primaryimage\"},\"thumbnailUrl\":\"https:\\\/\\\/buletin.de\\\/bucuresti\\\/wp-content\\\/uploads\\\/103113520_3262774723785312_4985173219291279675_n.jpg\",\"keywords\":[\"anticorpi\",\"covid\",\"firea\",\"testare\"],\"articleSection\":[\"Covid-19\"],\"inLanguage\":\"en-GB\",\"copyrightYear\":\"2020\",\"copyrightHolder\":{\"@id\":\"https:\\\/\\\/buletin.de\\\/bucuresti\\\/#organization\"}},{\"@type\":\"WebPage\",\"@id\":\"https:\\\/\\\/buletin.de\\\/bucuresti\\\/campania-sunt-imun-la-covid-promovata-pe-facebook-cu-imagini-vechi-de-doua-saptamani-dupa-standarde-comunicarea-se-incadreaza-la-fake-news\\\/\",\"url\":\"https:\\\/\\\/buletin.de\\\/bucuresti\\\/campania-sunt-imun-la-covid-promovata-pe-facebook-cu-imagini-vechi-de-doua-saptamani-dupa-standarde-comunicarea-se-incadreaza-la-fake-news\\\/\",\"name\":\"Campania \u201eSunt imun la Covid?\u201d promovat\u0103, pe Facebook, cu imagini vechi de dou\u0103 s\u0103pt\u0103m\u00e2ni. Dup\u0103 standarde, comunicarea se \u00eencadreaz\u0103 la Fake News - Buletin de Bucure\u0219ti\",\"isPartOf\":{\"@id\":\"https:\\\/\\\/buletin.de\\\/bucuresti\\\/#website\"},\"primaryImageOfPage\":{\"@id\":\"https:\\\/\\\/buletin.de\\\/bucuresti\\\/campania-sunt-imun-la-covid-promovata-pe-facebook-cu-imagini-vechi-de-doua-saptamani-dupa-standarde-comunicarea-se-incadreaza-la-fake-news\\\/#primaryimage\"},\"image\":{\"@id\":\"https:\\\/\\\/buletin.de\\\/bucuresti\\\/campania-sunt-imun-la-covid-promovata-pe-facebook-cu-imagini-vechi-de-doua-saptamani-dupa-standarde-comunicarea-se-incadreaza-la-fake-news\\\/#primaryimage\"},\"thumbnailUrl\":\"https:\\\/\\\/buletin.de\\\/bucuresti\\\/wp-content\\\/uploads\\\/103113520_3262774723785312_4985173219291279675_n.jpg\",\"datePublished\":\"2020-06-12T09:08:59+00:00\",\"dateModified\":\"2020-06-29T11:47:50+00:00\",\"breadcrumb\":{\"@id\":\"https:\\\/\\\/buletin.de\\\/bucuresti\\\/campania-sunt-imun-la-covid-promovata-pe-facebook-cu-imagini-vechi-de-doua-saptamani-dupa-standarde-comunicarea-se-incadreaza-la-fake-news\\\/#breadcrumb\"},\"inLanguage\":\"en-GB\",\"potentialAction\":[{\"@type\":\"ReadAction\",\"target\":[\"https:\\\/\\\/buletin.de\\\/bucuresti\\\/campania-sunt-imun-la-covid-promovata-pe-facebook-cu-imagini-vechi-de-doua-saptamani-dupa-standarde-comunicarea-se-incadreaza-la-fake-news\\\/\"]}]},{\"@type\":\"ImageObject\",\"inLanguage\":\"en-GB\",\"@id\":\"https:\\\/\\\/buletin.de\\\/bucuresti\\\/campania-sunt-imun-la-covid-promovata-pe-facebook-cu-imagini-vechi-de-doua-saptamani-dupa-standarde-comunicarea-se-incadreaza-la-fake-news\\\/#primaryimage\",\"url\":\"https:\\\/\\\/buletin.de\\\/bucuresti\\\/wp-content\\\/uploads\\\/103113520_3262774723785312_4985173219291279675_n.jpg\",\"contentUrl\":\"https:\\\/\\\/buletin.de\\\/bucuresti\\\/wp-content\\\/uploads\\\/103113520_3262774723785312_4985173219291279675_n.jpg\",\"width\":960,\"height\":640},{\"@type\":\"BreadcrumbList\",\"@id\":\"https:\\\/\\\/buletin.de\\\/bucuresti\\\/campania-sunt-imun-la-covid-promovata-pe-facebook-cu-imagini-vechi-de-doua-saptamani-dupa-standarde-comunicarea-se-incadreaza-la-fake-news\\\/#breadcrumb\",\"itemListElement\":[{\"@type\":\"ListItem\",\"position\":1,\"name\":\"Acas\u0103\",\"item\":\"https:\\\/\\\/buletin.de\\\/bucuresti\\\/\"},{\"@type\":\"ListItem\",\"position\":2,\"name\":\"Campania \u201eSunt imun la Covid?\u201d promovat\u0103, pe Facebook, cu imagini vechi de dou\u0103 s\u0103pt\u0103m\u00e2ni. Dup\u0103 standarde, comunicarea se \u00eencadreaz\u0103 la Fake News\"}]},{\"@type\":\"WebSite\",\"@id\":\"https:\\\/\\\/buletin.de\\\/bucuresti\\\/#website\",\"url\":\"https:\\\/\\\/buletin.de\\\/bucuresti\\\/\",\"name\":\"Buletin de Bucure\u0219ti\",\"description\":\"\u0218tiri \u0219i investiga\u021bii esen\u021biale din capital\u0103\",\"publisher\":{\"@id\":\"https:\\\/\\\/buletin.de\\\/bucuresti\\\/#organization\"},\"potentialAction\":[{\"@type\":\"SearchAction\",\"target\":{\"@type\":\"EntryPoint\",\"urlTemplate\":\"https:\\\/\\\/buletin.de\\\/bucuresti\\\/?s={search_term_string}\"},\"query-input\":{\"@type\":\"PropertyValueSpecification\",\"valueRequired\":true,\"valueName\":\"search_term_string\"}}],\"inLanguage\":\"en-GB\"},{\"@type\":\"Organization\",\"@id\":\"https:\\\/\\\/buletin.de\\\/bucuresti\\\/#organization\",\"name\":\"Buletin de Bucure\u0219ti\",\"url\":\"https:\\\/\\\/buletin.de\\\/bucuresti\\\/\",\"logo\":{\"@type\":\"ImageObject\",\"inLanguage\":\"en-GB\",\"@id\":\"https:\\\/\\\/buletin.de\\\/bucuresti\\\/#\\\/schema\\\/logo\\\/image\\\/\",\"url\":\"https:\\\/\\\/buletin.de\\\/bucuresti\\\/wp-content\\\/uploads\\\/logo-bdb-full-wide-vernil-transparent.png\",\"contentUrl\":\"https:\\\/\\\/buletin.de\\\/bucuresti\\\/wp-content\\\/uploads\\\/logo-bdb-full-wide-vernil-transparent.png\",\"width\":1782,\"height\":626,\"caption\":\"Buletin de Bucure\u0219ti\"},\"image\":{\"@id\":\"https:\\\/\\\/buletin.de\\\/bucuresti\\\/#\\\/schema\\\/logo\\\/image\\\/\"},\"sameAs\":[\"https:\\\/\\\/www.facebook.com\\\/buletin.de.buc\",\"https:\\\/\\\/www.instagram.com\\\/buletinde.bucuresti\\\/\"]},{\"@type\":\"Person\",\"@id\":\"https:\\\/\\\/buletin.de\\\/bucuresti\\\/#\\\/schema\\\/person\\\/31117187ed4d0bdb0a4c7d6acc79d0f8\",\"name\":\"C\u0103t\u0103lin Dosca\u0219\",\"image\":{\"@type\":\"ImageObject\",\"inLanguage\":\"en-GB\",\"@id\":\"https:\\\/\\\/buletin.de\\\/bucuresti\\\/wp-content\\\/uploads\\\/Catalin-Doscas-e1732731064764-96x96.jpga93e2943bb3b1c1f9ead823df6e6317a\",\"url\":\"https:\\\/\\\/buletin.de\\\/bucuresti\\\/wp-content\\\/uploads\\\/Catalin-Doscas-e1732731064764-96x96.jpg\",\"contentUrl\":\"https:\\\/\\\/buletin.de\\\/bucuresti\\\/wp-content\\\/uploads\\\/Catalin-Doscas-e1732731064764-96x96.jpg\",\"caption\":\"C\u0103t\u0103lin Dosca\u0219\"},\"description\":\"Reporter \u0219i redactor-\u0219ef Buletin de Bucure\u0219ti. Lucreaz\u0103 \u00een mass-media de la v\u00e2rsta de 15 ani, c\u00e2nd a publicat primele articole \u00een presa local\u0103 din Tecuci. \u00cen Bucure\u0219ti a lucrat \u00een redac\u021bii radio ca reporter, redactor \u0219i prezentator (StudentFM, Na\u021bionalFM, Radio Total, Smart FM), unde a acoperit domeniile politic, economic, social \u0219i externe. Ulterior, a fost editor-coordonator al postului Realitatea FM. Experien\u021ba \u00een jurnalismul online a dob\u00e2ndit-o la portalul B365.ro, unde a fost editor. \u00cen 2012 s-a angajat \u00een televiziune. La Realitatea TV a fost, pe r\u00e2nd, reporter la sec\u021bia Social, reporter special la emisiunea de reportaje \u0219i anchete \u201eReporterii Realit\u0103\u021bii\u201d, dar \u0219i editor al jurnalelor de \u0219tiri. Ulterior, a f\u0103cut parte din sec\u021bia de Investiga\u021bii de la Digi24 \u0219i a lucrat la campania \u201eRom\u00e2nia furat\u0103\u201d. A revenit \u00een presa scris\u0103 \u00een 2017, ca reporter special, \u00een cadrul unui proiect de repozi\u021bionare a tabloidului Libertatea \u00een cotidian generalist. Este jurnalist Buletin de Bucure\u0219ti din 2019.\",\"url\":\"https:\\\/\\\/buletin.de\\\/bucuresti\\\/author\\\/catalin\\\/\"}]}<\/script>\n<!-- \/ Yoast SEO Premium plugin. -->","yoast_head_json":{"title":"Campania \u201eSunt imun la Covid?\u201d promovat\u0103, pe Facebook, cu imagini vechi de dou\u0103 s\u0103pt\u0103m\u00e2ni. Dup\u0103 standarde, comunicarea se \u00eencadreaz\u0103 la Fake News - Buletin de Bucure\u0219ti","robots":{"index":"index","follow":"follow","max-snippet":"max-snippet:-1","max-image-preview":"max-image-preview:large","max-video-preview":"max-video-preview:-1"},"canonical":"https:\/\/buletin.de\/bucuresti\/campania-sunt-imun-la-covid-promovata-pe-facebook-cu-imagini-vechi-de-doua-saptamani-dupa-standarde-comunicarea-se-incadreaza-la-fake-news\/","og_locale":"en_GB","og_type":"article","og_title":"Campania \u201eSunt imun la Covid?\u201d promovat\u0103, pe Facebook, cu imagini vechi de dou\u0103 s\u0103pt\u0103m\u00e2ni. Dup\u0103 standarde, comunicarea se \u00eencadreaz\u0103 la Fake News","og_description":"Programul pentru depistarea anticorpilor COVID-19 a fost lansat public de Gabriela Firea, acum dou\u0103 s\u0103pt\u0103m\u00e2ni. La Arena Na\u021bional\u0103 au venit to\u021bi primarii de sector care au luat parte la o prezentare filmat\u0103, transmis\u0103 \u00een direct pe pagina primarului general, \u00een cadrul c\u0103reia staff-ul prim\u0103riei \u0219i edilii au beneficiat primii de testarea pentru anticorpi. \u00cen urm\u0103 [&hellip;]","og_url":"https:\/\/buletin.de\/bucuresti\/campania-sunt-imun-la-covid-promovata-pe-facebook-cu-imagini-vechi-de-doua-saptamani-dupa-standarde-comunicarea-se-incadreaza-la-fake-news\/","og_site_name":"Buletin de Bucure\u0219ti","article_publisher":"https:\/\/www.facebook.com\/buletin.de.buc","article_published_time":"2020-06-12T09:08:59+00:00","article_modified_time":"2020-06-29T11:47:50+00:00","og_image":[{"width":960,"height":640,"url":"https:\/\/buletin.de\/bucuresti\/wp-content\/uploads\/103113520_3262774723785312_4985173219291279675_n.jpg","type":"image\/jpeg"}],"author":"C\u0103t\u0103lin Dosca\u0219","twitter_card":"summary_large_image","twitter_misc":{"Written by":"C\u0103t\u0103lin Dosca\u0219","Estimated reading time":"4 minutes"},"schema":{"@context":"https:\/\/schema.org","@graph":[{"@type":"Article","@id":"https:\/\/buletin.de\/bucuresti\/campania-sunt-imun-la-covid-promovata-pe-facebook-cu-imagini-vechi-de-doua-saptamani-dupa-standarde-comunicarea-se-incadreaza-la-fake-news\/#article","isPartOf":{"@id":"https:\/\/buletin.de\/bucuresti\/campania-sunt-imun-la-covid-promovata-pe-facebook-cu-imagini-vechi-de-doua-saptamani-dupa-standarde-comunicarea-se-incadreaza-la-fake-news\/"},"author":{"name":"C\u0103t\u0103lin Dosca\u0219","@id":"https:\/\/buletin.de\/bucuresti\/#\/schema\/person\/31117187ed4d0bdb0a4c7d6acc79d0f8"},"headline":"Campania \u201eSunt imun la Covid?\u201d promovat\u0103, pe Facebook, cu imagini vechi de dou\u0103 s\u0103pt\u0103m\u00e2ni. Dup\u0103 standarde, comunicarea se \u00eencadreaz\u0103 la Fake News","datePublished":"2020-06-12T09:08:59+00:00","dateModified":"2020-06-29T11:47:50+00:00","mainEntityOfPage":{"@id":"https:\/\/buletin.de\/bucuresti\/campania-sunt-imun-la-covid-promovata-pe-facebook-cu-imagini-vechi-de-doua-saptamani-dupa-standarde-comunicarea-se-incadreaza-la-fake-news\/"},"wordCount":840,"publisher":{"@id":"https:\/\/buletin.de\/bucuresti\/#organization"},"image":{"@id":"https:\/\/buletin.de\/bucuresti\/campania-sunt-imun-la-covid-promovata-pe-facebook-cu-imagini-vechi-de-doua-saptamani-dupa-standarde-comunicarea-se-incadreaza-la-fake-news\/#primaryimage"},"thumbnailUrl":"https:\/\/buletin.de\/bucuresti\/wp-content\/uploads\/103113520_3262774723785312_4985173219291279675_n.jpg","keywords":["anticorpi","covid","firea","testare"],"articleSection":["Covid-19"],"inLanguage":"en-GB","copyrightYear":"2020","copyrightHolder":{"@id":"https:\/\/buletin.de\/bucuresti\/#organization"}},{"@type":"WebPage","@id":"https:\/\/buletin.de\/bucuresti\/campania-sunt-imun-la-covid-promovata-pe-facebook-cu-imagini-vechi-de-doua-saptamani-dupa-standarde-comunicarea-se-incadreaza-la-fake-news\/","url":"https:\/\/buletin.de\/bucuresti\/campania-sunt-imun-la-covid-promovata-pe-facebook-cu-imagini-vechi-de-doua-saptamani-dupa-standarde-comunicarea-se-incadreaza-la-fake-news\/","name":"Campania \u201eSunt imun la Covid?\u201d promovat\u0103, pe Facebook, cu imagini vechi de dou\u0103 s\u0103pt\u0103m\u00e2ni. Dup\u0103 standarde, comunicarea se \u00eencadreaz\u0103 la Fake News - Buletin de Bucure\u0219ti","isPartOf":{"@id":"https:\/\/buletin.de\/bucuresti\/#website"},"primaryImageOfPage":{"@id":"https:\/\/buletin.de\/bucuresti\/campania-sunt-imun-la-covid-promovata-pe-facebook-cu-imagini-vechi-de-doua-saptamani-dupa-standarde-comunicarea-se-incadreaza-la-fake-news\/#primaryimage"},"image":{"@id":"https:\/\/buletin.de\/bucuresti\/campania-sunt-imun-la-covid-promovata-pe-facebook-cu-imagini-vechi-de-doua-saptamani-dupa-standarde-comunicarea-se-incadreaza-la-fake-news\/#primaryimage"},"thumbnailUrl":"https:\/\/buletin.de\/bucuresti\/wp-content\/uploads\/103113520_3262774723785312_4985173219291279675_n.jpg","datePublished":"2020-06-12T09:08:59+00:00","dateModified":"2020-06-29T11:47:50+00:00","breadcrumb":{"@id":"https:\/\/buletin.de\/bucuresti\/campania-sunt-imun-la-covid-promovata-pe-facebook-cu-imagini-vechi-de-doua-saptamani-dupa-standarde-comunicarea-se-incadreaza-la-fake-news\/#breadcrumb"},"inLanguage":"en-GB","potentialAction":[{"@type":"ReadAction","target":["https:\/\/buletin.de\/bucuresti\/campania-sunt-imun-la-covid-promovata-pe-facebook-cu-imagini-vechi-de-doua-saptamani-dupa-standarde-comunicarea-se-incadreaza-la-fake-news\/"]}]},{"@type":"ImageObject","inLanguage":"en-GB","@id":"https:\/\/buletin.de\/bucuresti\/campania-sunt-imun-la-covid-promovata-pe-facebook-cu-imagini-vechi-de-doua-saptamani-dupa-standarde-comunicarea-se-incadreaza-la-fake-news\/#primaryimage","url":"https:\/\/buletin.de\/bucuresti\/wp-content\/uploads\/103113520_3262774723785312_4985173219291279675_n.jpg","contentUrl":"https:\/\/buletin.de\/bucuresti\/wp-content\/uploads\/103113520_3262774723785312_4985173219291279675_n.jpg","width":960,"height":640},{"@type":"BreadcrumbList","@id":"https:\/\/buletin.de\/bucuresti\/campania-sunt-imun-la-covid-promovata-pe-facebook-cu-imagini-vechi-de-doua-saptamani-dupa-standarde-comunicarea-se-incadreaza-la-fake-news\/#breadcrumb","itemListElement":[{"@type":"ListItem","position":1,"name":"Acas\u0103","item":"https:\/\/buletin.de\/bucuresti\/"},{"@type":"ListItem","position":2,"name":"Campania \u201eSunt imun la Covid?\u201d promovat\u0103, pe Facebook, cu imagini vechi de dou\u0103 s\u0103pt\u0103m\u00e2ni. Dup\u0103 standarde, comunicarea se \u00eencadreaz\u0103 la Fake News"}]},{"@type":"WebSite","@id":"https:\/\/buletin.de\/bucuresti\/#website","url":"https:\/\/buletin.de\/bucuresti\/","name":"Buletin de Bucure\u0219ti","description":"\u0218tiri \u0219i investiga\u021bii esen\u021biale din capital\u0103","publisher":{"@id":"https:\/\/buletin.de\/bucuresti\/#organization"},"potentialAction":[{"@type":"SearchAction","target":{"@type":"EntryPoint","urlTemplate":"https:\/\/buletin.de\/bucuresti\/?s={search_term_string}"},"query-input":{"@type":"PropertyValueSpecification","valueRequired":true,"valueName":"search_term_string"}}],"inLanguage":"en-GB"},{"@type":"Organization","@id":"https:\/\/buletin.de\/bucuresti\/#organization","name":"Buletin de Bucure\u0219ti","url":"https:\/\/buletin.de\/bucuresti\/","logo":{"@type":"ImageObject","inLanguage":"en-GB","@id":"https:\/\/buletin.de\/bucuresti\/#\/schema\/logo\/image\/","url":"https:\/\/buletin.de\/bucuresti\/wp-content\/uploads\/logo-bdb-full-wide-vernil-transparent.png","contentUrl":"https:\/\/buletin.de\/bucuresti\/wp-content\/uploads\/logo-bdb-full-wide-vernil-transparent.png","width":1782,"height":626,"caption":"Buletin de Bucure\u0219ti"},"image":{"@id":"https:\/\/buletin.de\/bucuresti\/#\/schema\/logo\/image\/"},"sameAs":["https:\/\/www.facebook.com\/buletin.de.buc","https:\/\/www.instagram.com\/buletinde.bucuresti\/"]},{"@type":"Person","@id":"https:\/\/buletin.de\/bucuresti\/#\/schema\/person\/31117187ed4d0bdb0a4c7d6acc79d0f8","name":"C\u0103t\u0103lin Dosca\u0219","image":{"@type":"ImageObject","inLanguage":"en-GB","@id":"https:\/\/buletin.de\/bucuresti\/wp-content\/uploads\/Catalin-Doscas-e1732731064764-96x96.jpga93e2943bb3b1c1f9ead823df6e6317a","url":"https:\/\/buletin.de\/bucuresti\/wp-content\/uploads\/Catalin-Doscas-e1732731064764-96x96.jpg","contentUrl":"https:\/\/buletin.de\/bucuresti\/wp-content\/uploads\/Catalin-Doscas-e1732731064764-96x96.jpg","caption":"C\u0103t\u0103lin Dosca\u0219"},"description":"Reporter \u0219i redactor-\u0219ef Buletin de Bucure\u0219ti. Lucreaz\u0103 \u00een mass-media de la v\u00e2rsta de 15 ani, c\u00e2nd a publicat primele articole \u00een presa local\u0103 din Tecuci. \u00cen Bucure\u0219ti a lucrat \u00een redac\u021bii radio ca reporter, redactor \u0219i prezentator (StudentFM, Na\u021bionalFM, Radio Total, Smart FM), unde a acoperit domeniile politic, economic, social \u0219i externe. Ulterior, a fost editor-coordonator al postului Realitatea FM. Experien\u021ba \u00een jurnalismul online a dob\u00e2ndit-o la portalul B365.ro, unde a fost editor. \u00cen 2012 s-a angajat \u00een televiziune. La Realitatea TV a fost, pe r\u00e2nd, reporter la sec\u021bia Social, reporter special la emisiunea de reportaje \u0219i anchete \u201eReporterii Realit\u0103\u021bii\u201d, dar \u0219i editor al jurnalelor de \u0219tiri. Ulterior, a f\u0103cut parte din sec\u021bia de Investiga\u021bii de la Digi24 \u0219i a lucrat la campania \u201eRom\u00e2nia furat\u0103\u201d. A revenit \u00een presa scris\u0103 \u00een 2017, ca reporter special, \u00een cadrul unui proiect de repozi\u021bionare a tabloidului Libertatea \u00een cotidian generalist. Este jurnalist Buletin de Bucure\u0219ti din 2019.","url":"https:\/\/buletin.de\/bucuresti\/author\/catalin\/"}]}},"authors":[{"term_id":22575,"user_id":10,"is_guest":0,"slug":"catalin","display_name":"C\u0103t\u0103lin Dosca\u0219","avatar_url":"https:\/\/buletin.de\/bucuresti\/wp-content\/uploads\/Catalin-Doscas-e1732731064764-96x96.jpg","0":null,"1":"","2":"","3":"","4":"","5":"","6":"","7":"","8":""}],"_links":{"self":[{"href":"https:\/\/buletin.de\/bucuresti\/wp-json\/wp\/v2\/posts\/8037","targetHints":{"allow":["GET"]}}],"collection":[{"href":"https:\/\/buletin.de\/bucuresti\/wp-json\/wp\/v2\/posts"}],"about":[{"href":"https:\/\/buletin.de\/bucuresti\/wp-json\/wp\/v2\/types\/post"}],"author":[{"embeddable":true,"href":"https:\/\/buletin.de\/bucuresti\/wp-json\/wp\/v2\/users\/10"}],"replies":[{"embeddable":true,"href":"https:\/\/buletin.de\/bucuresti\/wp-json\/wp\/v2\/comments?post=8037"}],"version-history":[{"count":14,"href":"https:\/\/buletin.de\/bucuresti\/wp-json\/wp\/v2\/posts\/8037\/revisions"}],"predecessor-version":[{"id":8064,"href":"https:\/\/buletin.de\/bucuresti\/wp-json\/wp\/v2\/posts\/8037\/revisions\/8064"}],"wp:featuredmedia":[{"embeddable":true,"href":"https:\/\/buletin.de\/bucuresti\/wp-json\/wp\/v2\/media\/8039"}],"wp:attachment":[{"href":"https:\/\/buletin.de\/bucuresti\/wp-json\/wp\/v2\/media?parent=8037"}],"wp:term":[{"taxonomy":"category","embeddable":true,"href":"https:\/\/buletin.de\/bucuresti\/wp-json\/wp\/v2\/categories?post=8037"},{"taxonomy":"post_tag","embeddable":true,"href":"https:\/\/buletin.de\/bucuresti\/wp-json\/wp\/v2\/tags?post=8037"},{"taxonomy":"author","embeddable":true,"href":"https:\/\/buletin.de\/bucuresti\/wp-json\/wp\/v2\/ppma_author?post=8037"}],"curies":[{"name":"wp","href":"https:\/\/api.w.org\/{rel}","templated":true}]}}