{"id":80363,"date":"2024-03-19T13:12:49","date_gmt":"2024-03-19T11:12:49","guid":{"rendered":"https:\/\/buletin.de\/bucuresti\/?p=80363"},"modified":"2024-03-19T13:12:49","modified_gmt":"2024-03-19T11:12:49","slug":"sector-1-2-200-locuri-in-cadrul-programului-gradinita-de-vacanta","status":"publish","type":"post","link":"https:\/\/buletin.de\/bucuresti\/sector-1-2-200-locuri-in-cadrul-programului-gradinita-de-vacanta\/","title":{"rendered":"Sector 1 |\u00a02.200 locuri \u00een cadrul programului \u201eGr\u0103dini\u021ba de Vacan\u021b\u0103\u201d"},"content":{"rendered":"\n<p><strong>Programul \u201eGr\u0103dini\u021ba de Vacan\u021b\u0103\u201d continu\u0103 \u0219i \u00een acest an, cu aproximativ 2.200 locuri distribuite \u00een 14 unit\u0103\u021bi de \u00eenv\u0103\u021b\u0103m\u00e2nt, potrivit unui proiect de hot\u0103r\u00e2re aflat pe masa Consiliului Local al Sectorului 1. Costurile pentru implementare se ridic\u0103 la peste 10 milioane de lei, adic\u0103 aproximativ dou\u0103 milioane de euro.<\/strong><\/p>\n\n\n\n<p>Bugetul alocat este de 150 lei\/zi\/copil, din care 30 lei pentru hran\u0103 \u0219i 120 lei pentru activit\u0103\u021bile educa\u021bionale. <\/p>\n\n\n\n<p>Dintre cele peste 2.200 locuri, minim 25 vor fi destinate pre\u0219colarilor cu cerin\u021be educa\u021bionale speciale. \u00cen acest caz, bugetul alocat pentru activit\u0103\u021bi este pu\u021bin mai mare, 185 lei\/ zi\/ copil. Costurile pentru hran\u0103 r\u0103m\u00e2n acelea\u0219i.<\/p>\n\n\n\n<p>Proiectul se va desf\u0103\u0219ura \u00een intervalul 01.07.2024 &#8211; 30.08.2024, \u00eens\u0103 perioada de participare difer\u0103 de la o gr\u0103dini\u021ba la alta, astfel:<\/p>\n\n\n\n<ul class=\"wp-block-list\">\n<li>Gr\u0103dini\u021ba Nr. 42: 1 iulie &#8211; 30 august<\/li>\n\n\n\n<li>Gr\u0103dini\u021ba Nr. 44: 1 iulie &#8211; 2 august<\/li>\n\n\n\n<li>Gr\u0103dini\u021ba Nr. 46: 1 iulie &#8211; 9 august<\/li>\n\n\n\n<li>Gr\u0103dini\u021ba Nr. 52:  1 iulie &#8211; 31 iulie<\/li>\n\n\n\n<li>Gr\u0103dini\u021ba Nr. 97: 1 iulie &#8211; 2 august<\/li>\n\n\n\n<li>Gr\u0103dini\u021ba Nr. 116: 1 iulie &#8211; 23 august<\/li>\n\n\n\n<li>Gr\u0103dini\u021ba Nr. 122: 1 iulie &#8211; 2 august<\/li>\n\n\n\n<li>Gr\u0103dini\u021ba Nr. 206: 1 iulie &#8211; 30 august<\/li>\n\n\n\n<li>Gr\u0103dini\u021ba Nr. 222: 1 iulie &#8211; 2 august<\/li>\n\n\n\n<li>Gr\u0103dini\u021ba Nr. 248: 1 iulie &#8211; 9 august<\/li>\n\n\n\n<li>Gr\u0103dini\u021ba Nr. 252: 1 iulie &#8211; 2 august<\/li>\n\n\n\n<li>Gr\u0103dini\u021ba Nr. 281 \u201eSteaua\u201d: 1 iulie &#8211; 26 iulie<\/li>\n\n\n\n<li>Gr\u0103dini\u021ba Nr. 283: 1 iulie &#8211; 23 august<\/li>\n\n\n\n<li>\u0218coala Gimnazial\u0103 Nr. 183: 1 iulie &#8211; 14 august<\/li>\n<\/ul>\n\n\n\n<p>Doar <strong>19 gr\u0103dini\u021be publice<\/strong> \u00ee\u0219i desf\u0103\u0219oar\u0103 activitatea pe raza Sectorului 1, \u00een  vreme ce <strong>restul de 44 sunt private<\/strong>, potrivit unei hot\u0103r\u00e2ri a Consiliului Local de aprobare a re\u021belei \u0219colare.<\/p>\n\n\n\n<p>Programul \u201eGr\u0103dini\u021ba de Vacan\u021b\u0103\u201d a \u00eenceput \u00eenc\u0103 din 2017. Principalul scop al proiectului este <em>\u201efacilitarea accesului la educa\u021bie\u201d<\/em>, respectiv prevenirea\/ reducerea abandonului \u0219colar, se arat\u0103 \u00een documentul consultat de reporterii Buletin de Bucure\u0219ti.<\/p>\n\n\n\n<p><strong>CITE\u0218TE \u0218I:<\/strong><\/p>\n\n\n\n<figure class=\"wp-block-embed is-type-wp-embed is-provider-buletin-de-bucure-ti wp-block-embed-buletin-de-bucure-ti\"><div class=\"wp-block-embed__wrapper\">\n<blockquote class=\"wp-embedded-content\" data-secret=\"XhvPzyMBDX\"><a href=\"https:\/\/buletin.de\/bucuresti\/sector-5-fonduri-noi-si-promisiuni-pentru-scoli-si-licee-o-gradinita-va-fi-demolata\/\">Sector 5 | Fonduri noi \u0219i promisiuni pentru \u0219coli \u0219i licee. O gr\u0103dini\u021b\u0103 va fi demolat\u0103<\/a><\/blockquote><iframe class=\"wp-embedded-content\" sandbox=\"allow-scripts\" security=\"restricted\" style=\"position: absolute; clip: rect(1px, 1px, 1px, 1px);\" title=\"&#8220;Sector 5 | Fonduri noi \u0219i promisiuni pentru \u0219coli \u0219i licee. O gr\u0103dini\u021b\u0103 va fi demolat\u0103&#8221; &#8212; Buletin de Bucure\u0219ti\" src=\"https:\/\/buletin.de\/bucuresti\/sector-5-fonduri-noi-si-promisiuni-pentru-scoli-si-licee-o-gradinita-va-fi-demolata\/embed\/#?secret=c1x81DZc3b#?secret=XhvPzyMBDX\" data-secret=\"XhvPzyMBDX\" width=\"600\" height=\"338\" frameborder=\"0\" marginwidth=\"0\" marginheight=\"0\" scrolling=\"no\"><\/iframe>\n<\/div><\/figure>\n","protected":false},"excerpt":{"rendered":"<p>Programul \u201eGr\u0103dini\u021ba de Vacan\u021b\u0103\u201d continu\u0103 \u0219i \u00een acest an, cu aproximativ 2.200 locuri distribuite \u00een 14 unit\u0103\u021bi de \u00eenv\u0103\u021b\u0103m\u00e2nt, potrivit unui proiect de hot\u0103r\u00e2re aflat pe masa Consiliului Local al Sectorului 1. Costurile pentru implementare se ridic\u0103 la peste 10 milioane de lei, adic\u0103 aproximativ dou\u0103 milioane de euro. Bugetul alocat este de 150 lei\/zi\/copil, [&hellip;]<\/p>\n","protected":false},"author":55,"featured_media":80373,"comment_status":"closed","ping_status":"open","sticky":false,"template":"","format":"standard","meta":{"_acf_changed":false,"inline_featured_image":false,"ngg_post_thumbnail":0,"footnotes":""},"categories":[6994,3421,24,62],"tags":[282,2954,10590,9843,308,10591],"ppma_author":[22573],"class_list":["post-80363","post","type-post","status-publish","format-standard","has-post-thumbnail","hentry","category-stiri-2","category-educatie","category-primarie","category-stiri","tag-bani-publici","tag-gradinita-de-vacanta","tag-gradinite-de-stat","tag-gradinite-private","tag-sector-1","tag-vacanta-de-vara"],"acf":[],"yoast_head":"<!-- This site is optimized with the Yoast SEO Premium plugin v25.3 (Yoast SEO v27.4) - https:\/\/yoast.com\/product\/yoast-seo-premium-wordpress\/ -->\n<title>Sector 1 |\u00a02.200 locuri \u00een cadrul programului \u201eGr\u0103dini\u021ba de Vacan\u021b\u0103\u201d - Buletin de Bucure\u0219ti<\/title>\n<meta name=\"robots\" content=\"index, follow, max-snippet:-1, max-image-preview:large, max-video-preview:-1\" \/>\n<link rel=\"canonical\" href=\"https:\/\/buletin.de\/bucuresti\/sector-1-2-200-locuri-in-cadrul-programului-gradinita-de-vacanta\/\" \/>\n<meta property=\"og:locale\" content=\"en_GB\" \/>\n<meta property=\"og:type\" content=\"article\" \/>\n<meta property=\"og:title\" content=\"Sector 1 |\u00a02.200 locuri \u00een cadrul programului \u201eGr\u0103dini\u021ba de Vacan\u021b\u0103\u201d\" \/>\n<meta property=\"og:description\" content=\"Programul \u201eGr\u0103dini\u021ba de Vacan\u021b\u0103\u201d continu\u0103 \u0219i \u00een acest an, cu aproximativ 2.200 locuri distribuite \u00een 14 unit\u0103\u021bi de \u00eenv\u0103\u021b\u0103m\u00e2nt, potrivit unui proiect de hot\u0103r\u00e2re aflat pe masa Consiliului Local al Sectorului 1. Costurile pentru implementare se ridic\u0103 la peste 10 milioane de lei, adic\u0103 aproximativ dou\u0103 milioane de euro. Bugetul alocat este de 150 lei\/zi\/copil, [&hellip;]\" \/>\n<meta property=\"og:url\" content=\"https:\/\/buletin.de\/bucuresti\/sector-1-2-200-locuri-in-cadrul-programului-gradinita-de-vacanta\/\" \/>\n<meta property=\"og:site_name\" content=\"Buletin de Bucure\u0219ti\" \/>\n<meta property=\"article:publisher\" content=\"https:\/\/www.facebook.com\/buletin.de.buc\" \/>\n<meta property=\"article:published_time\" content=\"2024-03-19T11:12:49+00:00\" \/>\n<meta property=\"og:image\" content=\"https:\/\/buletin.de\/bucuresti\/wp-content\/uploads\/ov44gxh71du.jpg\" \/>\n\t<meta property=\"og:image:width\" content=\"1600\" \/>\n\t<meta property=\"og:image:height\" content=\"1067\" \/>\n\t<meta property=\"og:image:type\" content=\"image\/jpeg\" \/>\n<meta name=\"author\" content=\"Andreea Tudor\" \/>\n<meta name=\"twitter:card\" content=\"summary_large_image\" \/>\n<meta name=\"twitter:label1\" content=\"Written by\" \/>\n\t<meta name=\"twitter:data1\" content=\"Andreea Tudor\" \/>\n\t<meta name=\"twitter:label2\" content=\"Estimated reading time\" \/>\n\t<meta name=\"twitter:data2\" content=\"2 minutes\" \/>\n<script type=\"application\/ld+json\" class=\"yoast-schema-graph\">{\"@context\":\"https:\\\/\\\/schema.org\",\"@graph\":[{\"@type\":\"Article\",\"@id\":\"https:\\\/\\\/buletin.de\\\/bucuresti\\\/sector-1-2-200-locuri-in-cadrul-programului-gradinita-de-vacanta\\\/#article\",\"isPartOf\":{\"@id\":\"https:\\\/\\\/buletin.de\\\/bucuresti\\\/sector-1-2-200-locuri-in-cadrul-programului-gradinita-de-vacanta\\\/\"},\"author\":{\"name\":\"Andreea Tudor\",\"@id\":\"https:\\\/\\\/buletin.de\\\/bucuresti\\\/#\\\/schema\\\/person\\\/150590659efde715459d159da012f501\"},\"headline\":\"Sector 1 |\u00a02.200 locuri \u00een cadrul programului \u201eGr\u0103dini\u021ba de Vacan\u021b\u0103\u201d\",\"datePublished\":\"2024-03-19T11:12:49+00:00\",\"mainEntityOfPage\":{\"@id\":\"https:\\\/\\\/buletin.de\\\/bucuresti\\\/sector-1-2-200-locuri-in-cadrul-programului-gradinita-de-vacanta\\\/\"},\"wordCount\":319,\"publisher\":{\"@id\":\"https:\\\/\\\/buletin.de\\\/bucuresti\\\/#organization\"},\"image\":{\"@id\":\"https:\\\/\\\/buletin.de\\\/bucuresti\\\/sector-1-2-200-locuri-in-cadrul-programului-gradinita-de-vacanta\\\/#primaryimage\"},\"thumbnailUrl\":\"https:\\\/\\\/buletin.de\\\/bucuresti\\\/wp-content\\\/uploads\\\/ov44gxh71du.jpg\",\"keywords\":[\"bani publici\",\"Gr\u0103dini\u021ba de vacan\u021b\u0103\",\"gr\u0103dini\u021be de stat\",\"gr\u0103dini\u021be private\",\"Sector 1\",\"vacan\u021ba de var\u0103\"],\"articleSection\":[\"Articole\",\"Educa\u021bie\",\"Prim\u0103rie\",\"\u0218tiri\"],\"inLanguage\":\"en-GB\",\"copyrightYear\":\"2024\",\"copyrightHolder\":{\"@id\":\"https:\\\/\\\/buletin.de\\\/bucuresti\\\/#organization\"}},{\"@type\":\"WebPage\",\"@id\":\"https:\\\/\\\/buletin.de\\\/bucuresti\\\/sector-1-2-200-locuri-in-cadrul-programului-gradinita-de-vacanta\\\/\",\"url\":\"https:\\\/\\\/buletin.de\\\/bucuresti\\\/sector-1-2-200-locuri-in-cadrul-programului-gradinita-de-vacanta\\\/\",\"name\":\"Sector 1 |\u00a02.200 locuri \u00een cadrul programului \u201eGr\u0103dini\u021ba de Vacan\u021b\u0103\u201d - Buletin de Bucure\u0219ti\",\"isPartOf\":{\"@id\":\"https:\\\/\\\/buletin.de\\\/bucuresti\\\/#website\"},\"primaryImageOfPage\":{\"@id\":\"https:\\\/\\\/buletin.de\\\/bucuresti\\\/sector-1-2-200-locuri-in-cadrul-programului-gradinita-de-vacanta\\\/#primaryimage\"},\"image\":{\"@id\":\"https:\\\/\\\/buletin.de\\\/bucuresti\\\/sector-1-2-200-locuri-in-cadrul-programului-gradinita-de-vacanta\\\/#primaryimage\"},\"thumbnailUrl\":\"https:\\\/\\\/buletin.de\\\/bucuresti\\\/wp-content\\\/uploads\\\/ov44gxh71du.jpg\",\"datePublished\":\"2024-03-19T11:12:49+00:00\",\"breadcrumb\":{\"@id\":\"https:\\\/\\\/buletin.de\\\/bucuresti\\\/sector-1-2-200-locuri-in-cadrul-programului-gradinita-de-vacanta\\\/#breadcrumb\"},\"inLanguage\":\"en-GB\",\"potentialAction\":[{\"@type\":\"ReadAction\",\"target\":[\"https:\\\/\\\/buletin.de\\\/bucuresti\\\/sector-1-2-200-locuri-in-cadrul-programului-gradinita-de-vacanta\\\/\"]}]},{\"@type\":\"ImageObject\",\"inLanguage\":\"en-GB\",\"@id\":\"https:\\\/\\\/buletin.de\\\/bucuresti\\\/sector-1-2-200-locuri-in-cadrul-programului-gradinita-de-vacanta\\\/#primaryimage\",\"url\":\"https:\\\/\\\/buletin.de\\\/bucuresti\\\/wp-content\\\/uploads\\\/ov44gxh71du.jpg\",\"contentUrl\":\"https:\\\/\\\/buletin.de\\\/bucuresti\\\/wp-content\\\/uploads\\\/ov44gxh71du.jpg\",\"width\":1600,\"height\":1067,\"caption\":\"person holding white and gray stone\"},{\"@type\":\"BreadcrumbList\",\"@id\":\"https:\\\/\\\/buletin.de\\\/bucuresti\\\/sector-1-2-200-locuri-in-cadrul-programului-gradinita-de-vacanta\\\/#breadcrumb\",\"itemListElement\":[{\"@type\":\"ListItem\",\"position\":1,\"name\":\"Acas\u0103\",\"item\":\"https:\\\/\\\/buletin.de\\\/bucuresti\\\/\"},{\"@type\":\"ListItem\",\"position\":2,\"name\":\"Sector 1 |\u00a02.200 locuri \u00een cadrul programului \u201eGr\u0103dini\u021ba de Vacan\u021b\u0103\u201d\"}]},{\"@type\":\"WebSite\",\"@id\":\"https:\\\/\\\/buletin.de\\\/bucuresti\\\/#website\",\"url\":\"https:\\\/\\\/buletin.de\\\/bucuresti\\\/\",\"name\":\"Buletin de Bucure\u0219ti\",\"description\":\"\u0218tiri \u0219i investiga\u021bii esen\u021biale din capital\u0103\",\"publisher\":{\"@id\":\"https:\\\/\\\/buletin.de\\\/bucuresti\\\/#organization\"},\"potentialAction\":[{\"@type\":\"SearchAction\",\"target\":{\"@type\":\"EntryPoint\",\"urlTemplate\":\"https:\\\/\\\/buletin.de\\\/bucuresti\\\/?s={search_term_string}\"},\"query-input\":{\"@type\":\"PropertyValueSpecification\",\"valueRequired\":true,\"valueName\":\"search_term_string\"}}],\"inLanguage\":\"en-GB\"},{\"@type\":\"Organization\",\"@id\":\"https:\\\/\\\/buletin.de\\\/bucuresti\\\/#organization\",\"name\":\"Buletin de Bucure\u0219ti\",\"url\":\"https:\\\/\\\/buletin.de\\\/bucuresti\\\/\",\"logo\":{\"@type\":\"ImageObject\",\"inLanguage\":\"en-GB\",\"@id\":\"https:\\\/\\\/buletin.de\\\/bucuresti\\\/#\\\/schema\\\/logo\\\/image\\\/\",\"url\":\"https:\\\/\\\/buletin.de\\\/bucuresti\\\/wp-content\\\/uploads\\\/logo-bdb-full-wide-vernil-transparent.png\",\"contentUrl\":\"https:\\\/\\\/buletin.de\\\/bucuresti\\\/wp-content\\\/uploads\\\/logo-bdb-full-wide-vernil-transparent.png\",\"width\":1782,\"height\":626,\"caption\":\"Buletin de Bucure\u0219ti\"},\"image\":{\"@id\":\"https:\\\/\\\/buletin.de\\\/bucuresti\\\/#\\\/schema\\\/logo\\\/image\\\/\"},\"sameAs\":[\"https:\\\/\\\/www.facebook.com\\\/buletin.de.buc\",\"https:\\\/\\\/www.instagram.com\\\/buletinde.bucuresti\\\/\"]},{\"@type\":\"Person\",\"@id\":\"https:\\\/\\\/buletin.de\\\/bucuresti\\\/#\\\/schema\\\/person\\\/150590659efde715459d159da012f501\",\"name\":\"Andreea Tudor\",\"image\":{\"@type\":\"ImageObject\",\"inLanguage\":\"en-GB\",\"@id\":\"https:\\\/\\\/secure.gravatar.com\\\/avatar\\\/a88705a186ab0b67f3349bcbced506c09e37256fbaad0e7f3bd1a79b4599f589?s=96&d=monsterid&r=g79290610aa1a65c2b86eebc2ca5aee8f\",\"url\":\"https:\\\/\\\/secure.gravatar.com\\\/avatar\\\/a88705a186ab0b67f3349bcbced506c09e37256fbaad0e7f3bd1a79b4599f589?s=96&d=monsterid&r=g\",\"contentUrl\":\"https:\\\/\\\/secure.gravatar.com\\\/avatar\\\/a88705a186ab0b67f3349bcbced506c09e37256fbaad0e7f3bd1a79b4599f589?s=96&d=monsterid&r=g\",\"caption\":\"Andreea Tudor\"},\"description\":\"N\u0103scut\u0103 \u0219i crescut\u0103 \u00een Bucure\u0219ti, sus\u021bin\u0103toare a presei independente. A\u0219a am ajuns redactor la Buletin de Bucure\u0219ti. Fiind eu, \u00eens\u0103mi, parte a sistemului de \u00eenv\u0103\u021b\u0103m\u00e2nt rom\u00e2nesc \u0219i pasionat\u0103 de domeniul social, pun sub lup\u0103 tot ceea ce se \u00eent\u00e2mpl\u0103 \u00een sfera educa\u021biei. Cred cu t\u0103rie c\u0103 presa \u201epentru cet\u0103\u021beni\u201d este presa independent\u0103. Oamenii au nevoie de o informare corect\u0103 pentru a \u00een\u021belege pe deplin ce se \u00eent\u00e2mpl\u0103 \u00een jurul lor \u0219i pentru a lua ac\u021biune \u00eempotriva nedrept\u0103\u021bilor.\",\"url\":\"https:\\\/\\\/buletin.de\\\/bucuresti\\\/author\\\/andreeatudor\\\/\"}]}<\/script>\n<!-- \/ Yoast SEO Premium plugin. -->","yoast_head_json":{"title":"Sector 1 |\u00a02.200 locuri \u00een cadrul programului \u201eGr\u0103dini\u021ba de Vacan\u021b\u0103\u201d - Buletin de Bucure\u0219ti","robots":{"index":"index","follow":"follow","max-snippet":"max-snippet:-1","max-image-preview":"max-image-preview:large","max-video-preview":"max-video-preview:-1"},"canonical":"https:\/\/buletin.de\/bucuresti\/sector-1-2-200-locuri-in-cadrul-programului-gradinita-de-vacanta\/","og_locale":"en_GB","og_type":"article","og_title":"Sector 1 |\u00a02.200 locuri \u00een cadrul programului \u201eGr\u0103dini\u021ba de Vacan\u021b\u0103\u201d","og_description":"Programul \u201eGr\u0103dini\u021ba de Vacan\u021b\u0103\u201d continu\u0103 \u0219i \u00een acest an, cu aproximativ 2.200 locuri distribuite \u00een 14 unit\u0103\u021bi de \u00eenv\u0103\u021b\u0103m\u00e2nt, potrivit unui proiect de hot\u0103r\u00e2re aflat pe masa Consiliului Local al Sectorului 1. Costurile pentru implementare se ridic\u0103 la peste 10 milioane de lei, adic\u0103 aproximativ dou\u0103 milioane de euro. Bugetul alocat este de 150 lei\/zi\/copil, [&hellip;]","og_url":"https:\/\/buletin.de\/bucuresti\/sector-1-2-200-locuri-in-cadrul-programului-gradinita-de-vacanta\/","og_site_name":"Buletin de Bucure\u0219ti","article_publisher":"https:\/\/www.facebook.com\/buletin.de.buc","article_published_time":"2024-03-19T11:12:49+00:00","og_image":[{"width":1600,"height":1067,"url":"https:\/\/buletin.de\/bucuresti\/wp-content\/uploads\/ov44gxh71du.jpg","type":"image\/jpeg"}],"author":"Andreea Tudor","twitter_card":"summary_large_image","twitter_misc":{"Written by":"Andreea Tudor","Estimated reading time":"2 minutes"},"schema":{"@context":"https:\/\/schema.org","@graph":[{"@type":"Article","@id":"https:\/\/buletin.de\/bucuresti\/sector-1-2-200-locuri-in-cadrul-programului-gradinita-de-vacanta\/#article","isPartOf":{"@id":"https:\/\/buletin.de\/bucuresti\/sector-1-2-200-locuri-in-cadrul-programului-gradinita-de-vacanta\/"},"author":{"name":"Andreea Tudor","@id":"https:\/\/buletin.de\/bucuresti\/#\/schema\/person\/150590659efde715459d159da012f501"},"headline":"Sector 1 |\u00a02.200 locuri \u00een cadrul programului \u201eGr\u0103dini\u021ba de Vacan\u021b\u0103\u201d","datePublished":"2024-03-19T11:12:49+00:00","mainEntityOfPage":{"@id":"https:\/\/buletin.de\/bucuresti\/sector-1-2-200-locuri-in-cadrul-programului-gradinita-de-vacanta\/"},"wordCount":319,"publisher":{"@id":"https:\/\/buletin.de\/bucuresti\/#organization"},"image":{"@id":"https:\/\/buletin.de\/bucuresti\/sector-1-2-200-locuri-in-cadrul-programului-gradinita-de-vacanta\/#primaryimage"},"thumbnailUrl":"https:\/\/buletin.de\/bucuresti\/wp-content\/uploads\/ov44gxh71du.jpg","keywords":["bani publici","Gr\u0103dini\u021ba de vacan\u021b\u0103","gr\u0103dini\u021be de stat","gr\u0103dini\u021be private","Sector 1","vacan\u021ba de var\u0103"],"articleSection":["Articole","Educa\u021bie","Prim\u0103rie","\u0218tiri"],"inLanguage":"en-GB","copyrightYear":"2024","copyrightHolder":{"@id":"https:\/\/buletin.de\/bucuresti\/#organization"}},{"@type":"WebPage","@id":"https:\/\/buletin.de\/bucuresti\/sector-1-2-200-locuri-in-cadrul-programului-gradinita-de-vacanta\/","url":"https:\/\/buletin.de\/bucuresti\/sector-1-2-200-locuri-in-cadrul-programului-gradinita-de-vacanta\/","name":"Sector 1 |\u00a02.200 locuri \u00een cadrul programului \u201eGr\u0103dini\u021ba de Vacan\u021b\u0103\u201d - Buletin de Bucure\u0219ti","isPartOf":{"@id":"https:\/\/buletin.de\/bucuresti\/#website"},"primaryImageOfPage":{"@id":"https:\/\/buletin.de\/bucuresti\/sector-1-2-200-locuri-in-cadrul-programului-gradinita-de-vacanta\/#primaryimage"},"image":{"@id":"https:\/\/buletin.de\/bucuresti\/sector-1-2-200-locuri-in-cadrul-programului-gradinita-de-vacanta\/#primaryimage"},"thumbnailUrl":"https:\/\/buletin.de\/bucuresti\/wp-content\/uploads\/ov44gxh71du.jpg","datePublished":"2024-03-19T11:12:49+00:00","breadcrumb":{"@id":"https:\/\/buletin.de\/bucuresti\/sector-1-2-200-locuri-in-cadrul-programului-gradinita-de-vacanta\/#breadcrumb"},"inLanguage":"en-GB","potentialAction":[{"@type":"ReadAction","target":["https:\/\/buletin.de\/bucuresti\/sector-1-2-200-locuri-in-cadrul-programului-gradinita-de-vacanta\/"]}]},{"@type":"ImageObject","inLanguage":"en-GB","@id":"https:\/\/buletin.de\/bucuresti\/sector-1-2-200-locuri-in-cadrul-programului-gradinita-de-vacanta\/#primaryimage","url":"https:\/\/buletin.de\/bucuresti\/wp-content\/uploads\/ov44gxh71du.jpg","contentUrl":"https:\/\/buletin.de\/bucuresti\/wp-content\/uploads\/ov44gxh71du.jpg","width":1600,"height":1067,"caption":"person holding white and gray stone"},{"@type":"BreadcrumbList","@id":"https:\/\/buletin.de\/bucuresti\/sector-1-2-200-locuri-in-cadrul-programului-gradinita-de-vacanta\/#breadcrumb","itemListElement":[{"@type":"ListItem","position":1,"name":"Acas\u0103","item":"https:\/\/buletin.de\/bucuresti\/"},{"@type":"ListItem","position":2,"name":"Sector 1 |\u00a02.200 locuri \u00een cadrul programului \u201eGr\u0103dini\u021ba de Vacan\u021b\u0103\u201d"}]},{"@type":"WebSite","@id":"https:\/\/buletin.de\/bucuresti\/#website","url":"https:\/\/buletin.de\/bucuresti\/","name":"Buletin de Bucure\u0219ti","description":"\u0218tiri \u0219i investiga\u021bii esen\u021biale din capital\u0103","publisher":{"@id":"https:\/\/buletin.de\/bucuresti\/#organization"},"potentialAction":[{"@type":"SearchAction","target":{"@type":"EntryPoint","urlTemplate":"https:\/\/buletin.de\/bucuresti\/?s={search_term_string}"},"query-input":{"@type":"PropertyValueSpecification","valueRequired":true,"valueName":"search_term_string"}}],"inLanguage":"en-GB"},{"@type":"Organization","@id":"https:\/\/buletin.de\/bucuresti\/#organization","name":"Buletin de Bucure\u0219ti","url":"https:\/\/buletin.de\/bucuresti\/","logo":{"@type":"ImageObject","inLanguage":"en-GB","@id":"https:\/\/buletin.de\/bucuresti\/#\/schema\/logo\/image\/","url":"https:\/\/buletin.de\/bucuresti\/wp-content\/uploads\/logo-bdb-full-wide-vernil-transparent.png","contentUrl":"https:\/\/buletin.de\/bucuresti\/wp-content\/uploads\/logo-bdb-full-wide-vernil-transparent.png","width":1782,"height":626,"caption":"Buletin de Bucure\u0219ti"},"image":{"@id":"https:\/\/buletin.de\/bucuresti\/#\/schema\/logo\/image\/"},"sameAs":["https:\/\/www.facebook.com\/buletin.de.buc","https:\/\/www.instagram.com\/buletinde.bucuresti\/"]},{"@type":"Person","@id":"https:\/\/buletin.de\/bucuresti\/#\/schema\/person\/150590659efde715459d159da012f501","name":"Andreea Tudor","image":{"@type":"ImageObject","inLanguage":"en-GB","@id":"https:\/\/secure.gravatar.com\/avatar\/a88705a186ab0b67f3349bcbced506c09e37256fbaad0e7f3bd1a79b4599f589?s=96&d=monsterid&r=g79290610aa1a65c2b86eebc2ca5aee8f","url":"https:\/\/secure.gravatar.com\/avatar\/a88705a186ab0b67f3349bcbced506c09e37256fbaad0e7f3bd1a79b4599f589?s=96&d=monsterid&r=g","contentUrl":"https:\/\/secure.gravatar.com\/avatar\/a88705a186ab0b67f3349bcbced506c09e37256fbaad0e7f3bd1a79b4599f589?s=96&d=monsterid&r=g","caption":"Andreea Tudor"},"description":"N\u0103scut\u0103 \u0219i crescut\u0103 \u00een Bucure\u0219ti, sus\u021bin\u0103toare a presei independente. A\u0219a am ajuns redactor la Buletin de Bucure\u0219ti. Fiind eu, \u00eens\u0103mi, parte a sistemului de \u00eenv\u0103\u021b\u0103m\u00e2nt rom\u00e2nesc \u0219i pasionat\u0103 de domeniul social, pun sub lup\u0103 tot ceea ce se \u00eent\u00e2mpl\u0103 \u00een sfera educa\u021biei. Cred cu t\u0103rie c\u0103 presa \u201epentru cet\u0103\u021beni\u201d este presa independent\u0103. Oamenii au nevoie de o informare corect\u0103 pentru a \u00een\u021belege pe deplin ce se \u00eent\u00e2mpl\u0103 \u00een jurul lor \u0219i pentru a lua ac\u021biune \u00eempotriva nedrept\u0103\u021bilor.","url":"https:\/\/buletin.de\/bucuresti\/author\/andreeatudor\/"}]}},"authors":[{"term_id":22573,"user_id":55,"is_guest":0,"slug":"andreeatudor","display_name":"Andreea Tudor","avatar_url":"https:\/\/secure.gravatar.com\/avatar\/a88705a186ab0b67f3349bcbced506c09e37256fbaad0e7f3bd1a79b4599f589?s=96&d=monsterid&r=g","0":null,"1":"","2":"","3":"","4":"","5":"","6":"","7":"","8":""}],"_links":{"self":[{"href":"https:\/\/buletin.de\/bucuresti\/wp-json\/wp\/v2\/posts\/80363","targetHints":{"allow":["GET"]}}],"collection":[{"href":"https:\/\/buletin.de\/bucuresti\/wp-json\/wp\/v2\/posts"}],"about":[{"href":"https:\/\/buletin.de\/bucuresti\/wp-json\/wp\/v2\/types\/post"}],"author":[{"embeddable":true,"href":"https:\/\/buletin.de\/bucuresti\/wp-json\/wp\/v2\/users\/55"}],"replies":[{"embeddable":true,"href":"https:\/\/buletin.de\/bucuresti\/wp-json\/wp\/v2\/comments?post=80363"}],"version-history":[{"count":3,"href":"https:\/\/buletin.de\/bucuresti\/wp-json\/wp\/v2\/posts\/80363\/revisions"}],"predecessor-version":[{"id":80376,"href":"https:\/\/buletin.de\/bucuresti\/wp-json\/wp\/v2\/posts\/80363\/revisions\/80376"}],"wp:featuredmedia":[{"embeddable":true,"href":"https:\/\/buletin.de\/bucuresti\/wp-json\/wp\/v2\/media\/80373"}],"wp:attachment":[{"href":"https:\/\/buletin.de\/bucuresti\/wp-json\/wp\/v2\/media?parent=80363"}],"wp:term":[{"taxonomy":"category","embeddable":true,"href":"https:\/\/buletin.de\/bucuresti\/wp-json\/wp\/v2\/categories?post=80363"},{"taxonomy":"post_tag","embeddable":true,"href":"https:\/\/buletin.de\/bucuresti\/wp-json\/wp\/v2\/tags?post=80363"},{"taxonomy":"author","embeddable":true,"href":"https:\/\/buletin.de\/bucuresti\/wp-json\/wp\/v2\/ppma_author?post=80363"}],"curies":[{"name":"wp","href":"https:\/\/api.w.org\/{rel}","templated":true}]}}