{"id":80362,"date":"2024-03-19T13:16:09","date_gmt":"2024-03-19T11:16:09","guid":{"rendered":"https:\/\/buletin.de\/bucuresti\/?p=80362"},"modified":"2024-03-19T13:16:09","modified_gmt":"2024-03-19T11:16:09","slug":"sector-1-un-teren-al-scolii-herastrau-s-ar-putea-transforma-in-piata-agroalimentara","status":"publish","type":"post","link":"https:\/\/buletin.de\/bucuresti\/sector-1-un-teren-al-scolii-herastrau-s-ar-putea-transforma-in-piata-agroalimentara\/","title":{"rendered":"Sector 1 | Un teren al \u015fcolii \u201eHer\u0103str\u0103u\u201d s-ar putea transforma \u00een pia\u021b\u0103 agroalimentar\u0103"},"content":{"rendered":"\n<p><strong>Un teren al \u0219colii Her\u0103str\u0103u ar putea fi transformat \u00een pia\u021ba agroalimentar\u0103. Proiectul se discut\u0103 \u00een \u0219edin\u021ba Consiliului Local din data de 21 martie.<\/strong><\/p>\n\n\n\n<p>\u00cen nota de fundamentare, se solicit\u0103 trecerea imobilului, situat \u00een strada M\u0103guricea nr. 20A, \u00een administrarea Sectorului 1 al Municipiului Bucure\u0219ti.  Imobilul, unde a func\u021bionat Pia\u0163a Agroalimentar\u0103 \u201eAurel Vlaicu\u201d, este liber \u0219i neutilizat. <\/p>\n\n\n\n<figure class=\"wp-block-image size-full is-resized\"><img fetchpriority=\"high\" decoding=\"async\" width=\"627\" height=\"353\" src=\"data:image\/gif;base64,R0lGODlhAQABAAAAACH5BAEKAAEALAAAAAABAAEAAAICTAEAOw==\" data-src=\"https:\/\/buletin.de\/bucuresti\/wp-content\/uploads\/scoala-2.jpg\" alt=\"\" class=\"wp-image-80367 lazyload\" style=\"width:840px;height:auto\" data-sizes=\"auto\" data-srcset=\"https:\/\/buletin.de\/bucuresti\/wp-content\/uploads\/scoala-2.jpg 627w, https:\/\/buletin.de\/bucuresti\/wp-content\/uploads\/scoala-2-300x169.jpg 300w, https:\/\/buletin.de\/bucuresti\/wp-content\/uploads\/scoala-2-600x338.jpg 600w, https:\/\/buletin.de\/bucuresti\/wp-content\/uploads\/scoala-2-20x11.jpg 20w\" sizes=\"(max-width: 627px) 100vw, 627px\" \/><\/figure>\n\n\n\n<p>Terenul va fi divizat \u00een trei p\u0103r\u021bi:<\/p>\n\n\n\n<ul class=\"wp-block-list\">\n<li>Lot 1 &#8211; 1172 mp, \u00een vederea desf\u0103\u0219ur\u0103rii activit\u0103\u0163ilor de \u00eenv\u0103\u021b\u0103m\u00e2nt;<\/li>\n\n\n\n<li>Lot 2 &#8211; 488 mp, cu destina\u0163ia loc de joac\u0103;<\/li>\n\n\n\n<li>Lot 3 &#8211;  889 mp, cu destina\u0163ia de pia\u021b\u0103 agroalimentar\u0103.<\/li>\n<\/ul>\n\n\n\n<p>Potrivit proiectului, lotul 1 a fost amenajat astfel \u00een c\u00e2t s\u0103 poat\u0103 fi asigurate condi\u0163iile necesare desf\u0103\u0219ur\u0103rii<br>de activit\u0103\u0163i sportive pentru elevii \u0218colii Gimnaziale nr. 12 \u201eHer\u0103str\u0103u.<\/p>\n\n\n\n<p>Dac\u0103 proiectul va fi aprobat, Administra\u021bia Pie\u021belor Sector 1 va lua toate m\u0103surile necesare pentru organizarea \u0219i func\u021bionarea pie\u021bei agroalimentare.<\/p>\n\n\n\n<p><\/p>\n\n\n\n<p><strong>CITE\u015eTE \u015eI:<\/strong><\/p>\n\n\n\n<figure class=\"wp-block-embed is-type-wp-embed is-provider-buletin-de-bucure-ti wp-block-embed-buletin-de-bucure-ti\"><div class=\"wp-block-embed__wrapper\">\n<blockquote class=\"wp-embedded-content\" data-secret=\"7HKaiQ0H3d\"><a href=\"https:\/\/buletin.de\/bucuresti\/sector-4-doua-cladiri-din-piata-progresul-si-piata-aparatorii-patriei-transformate-in-institutii-de-invatamant\/\">Sector 4 | Dou\u0103 cl\u0103diri din Pia\u021ba Progresul \u0219i Pia\u021ba Ap\u0103r\u0103torii Patriei, transformate \u00een institu\u021bii de \u00eenv\u0103\u021b\u0103m\u00e2nt<\/a><\/blockquote><iframe class=\"wp-embedded-content\" sandbox=\"allow-scripts\" security=\"restricted\" style=\"position: absolute; clip: rect(1px, 1px, 1px, 1px);\" title=\"&#8220;Sector 4 | Dou\u0103 cl\u0103diri din Pia\u021ba Progresul \u0219i Pia\u021ba Ap\u0103r\u0103torii Patriei, transformate \u00een institu\u021bii de \u00eenv\u0103\u021b\u0103m\u00e2nt&#8221; &#8212; Buletin de Bucure\u0219ti\" src=\"https:\/\/buletin.de\/bucuresti\/sector-4-doua-cladiri-din-piata-progresul-si-piata-aparatorii-patriei-transformate-in-institutii-de-invatamant\/embed\/#?secret=ee1SnQKgMi#?secret=7HKaiQ0H3d\" data-secret=\"7HKaiQ0H3d\" width=\"600\" height=\"338\" frameborder=\"0\" marginwidth=\"0\" marginheight=\"0\" scrolling=\"no\"><\/iframe>\n<\/div><\/figure>\n","protected":false},"excerpt":{"rendered":"<p>Un teren al \u0219colii Her\u0103str\u0103u ar putea fi transformat \u00een pia\u021ba agroalimentar\u0103. Proiectul se discut\u0103 \u00een \u0219edin\u021ba Consiliului Local din data de 21 martie. \u00cen nota de fundamentare, se solicit\u0103 trecerea imobilului, situat \u00een strada M\u0103guricea nr. 20A, \u00een administrarea Sectorului 1 al Municipiului Bucure\u0219ti. Imobilul, unde a func\u021bionat Pia\u0163a Agroalimentar\u0103 \u201eAurel Vlaicu\u201d, este liber [&hellip;]<\/p>\n","protected":false},"author":49,"featured_media":80368,"comment_status":"closed","ping_status":"open","sticky":false,"template":"","format":"standard","meta":{"_acf_changed":false,"inline_featured_image":false,"ngg_post_thumbnail":0,"footnotes":""},"categories":[6994,24,62],"tags":[2011,10583,10584,308],"ppma_author":[22574],"class_list":["post-80362","post","type-post","status-publish","format-standard","has-post-thumbnail","hentry","category-stiri-2","category-primarie","category-stiri","tag-consiliul-local-sector-1","tag-piata-agroalimentara","tag-scoala-nr-12","tag-sector-1"],"acf":[],"yoast_head":"<!-- This site is optimized with the Yoast SEO Premium plugin v25.3 (Yoast SEO v27.4) - https:\/\/yoast.com\/product\/yoast-seo-premium-wordpress\/ -->\n<title>Sector 1 | Un teren al \u015fcolii \u201eHer\u0103str\u0103u\u201d s-ar putea transforma \u00een pia\u021b\u0103 agroalimentar\u0103 - Buletin de Bucure\u0219ti<\/title>\n<meta name=\"robots\" content=\"index, follow, max-snippet:-1, max-image-preview:large, max-video-preview:-1\" \/>\n<link rel=\"canonical\" href=\"https:\/\/buletin.de\/bucuresti\/sector-1-un-teren-al-scolii-herastrau-s-ar-putea-transforma-in-piata-agroalimentara\/\" \/>\n<meta property=\"og:locale\" content=\"en_GB\" \/>\n<meta property=\"og:type\" content=\"article\" \/>\n<meta property=\"og:title\" content=\"Sector 1 | Un teren al \u015fcolii \u201eHer\u0103str\u0103u\u201d s-ar putea transforma \u00een pia\u021b\u0103 agroalimentar\u0103\" \/>\n<meta property=\"og:description\" content=\"Un teren al \u0219colii Her\u0103str\u0103u ar putea fi transformat \u00een pia\u021ba agroalimentar\u0103. Proiectul se discut\u0103 \u00een \u0219edin\u021ba Consiliului Local din data de 21 martie. \u00cen nota de fundamentare, se solicit\u0103 trecerea imobilului, situat \u00een strada M\u0103guricea nr. 20A, \u00een administrarea Sectorului 1 al Municipiului Bucure\u0219ti. Imobilul, unde a func\u021bionat Pia\u0163a Agroalimentar\u0103 \u201eAurel Vlaicu\u201d, este liber [&hellip;]\" \/>\n<meta property=\"og:url\" content=\"https:\/\/buletin.de\/bucuresti\/sector-1-un-teren-al-scolii-herastrau-s-ar-putea-transforma-in-piata-agroalimentara\/\" \/>\n<meta property=\"og:site_name\" content=\"Buletin de Bucure\u0219ti\" \/>\n<meta property=\"article:publisher\" content=\"https:\/\/www.facebook.com\/buletin.de.buc\" \/>\n<meta property=\"article:published_time\" content=\"2024-03-19T11:16:09+00:00\" \/>\n<meta property=\"og:image\" content=\"https:\/\/buletin.de\/bucuresti\/wp-content\/uploads\/scoala-12.jpg\" \/>\n\t<meta property=\"og:image:width\" content=\"2000\" \/>\n\t<meta property=\"og:image:height\" content=\"1500\" \/>\n\t<meta property=\"og:image:type\" content=\"image\/jpeg\" \/>\n<meta name=\"author\" content=\"Diana Matei\" \/>\n<meta name=\"twitter:card\" content=\"summary_large_image\" \/>\n<meta name=\"twitter:label1\" content=\"Written by\" \/>\n\t<meta name=\"twitter:data1\" content=\"Diana Matei\" \/>\n\t<meta name=\"twitter:label2\" content=\"Estimated reading time\" \/>\n\t<meta name=\"twitter:data2\" content=\"2 minutes\" \/>\n<script type=\"application\/ld+json\" class=\"yoast-schema-graph\">{\"@context\":\"https:\\\/\\\/schema.org\",\"@graph\":[{\"@type\":\"Article\",\"@id\":\"https:\\\/\\\/buletin.de\\\/bucuresti\\\/sector-1-un-teren-al-scolii-herastrau-s-ar-putea-transforma-in-piata-agroalimentara\\\/#article\",\"isPartOf\":{\"@id\":\"https:\\\/\\\/buletin.de\\\/bucuresti\\\/sector-1-un-teren-al-scolii-herastrau-s-ar-putea-transforma-in-piata-agroalimentara\\\/\"},\"author\":{\"name\":\"Diana Matei\",\"@id\":\"https:\\\/\\\/buletin.de\\\/bucuresti\\\/#\\\/schema\\\/person\\\/7e46040573290777280a0835d81ea4ea\"},\"headline\":\"Sector 1 | Un teren al \u015fcolii \u201eHer\u0103str\u0103u\u201d s-ar putea transforma \u00een pia\u021b\u0103 agroalimentar\u0103\",\"datePublished\":\"2024-03-19T11:16:09+00:00\",\"mainEntityOfPage\":{\"@id\":\"https:\\\/\\\/buletin.de\\\/bucuresti\\\/sector-1-un-teren-al-scolii-herastrau-s-ar-putea-transforma-in-piata-agroalimentara\\\/\"},\"wordCount\":182,\"publisher\":{\"@id\":\"https:\\\/\\\/buletin.de\\\/bucuresti\\\/#organization\"},\"image\":{\"@id\":\"https:\\\/\\\/buletin.de\\\/bucuresti\\\/sector-1-un-teren-al-scolii-herastrau-s-ar-putea-transforma-in-piata-agroalimentara\\\/#primaryimage\"},\"thumbnailUrl\":\"https:\\\/\\\/buletin.de\\\/bucuresti\\\/wp-content\\\/uploads\\\/scoala-12.jpg\",\"keywords\":[\"consiliul local sector 1\",\"piata agroalimentara\",\"Scoala nr.12\",\"Sector 1\"],\"articleSection\":[\"Articole\",\"Prim\u0103rie\",\"\u0218tiri\"],\"inLanguage\":\"en-GB\",\"copyrightYear\":\"2024\",\"copyrightHolder\":{\"@id\":\"https:\\\/\\\/buletin.de\\\/bucuresti\\\/#organization\"}},{\"@type\":\"WebPage\",\"@id\":\"https:\\\/\\\/buletin.de\\\/bucuresti\\\/sector-1-un-teren-al-scolii-herastrau-s-ar-putea-transforma-in-piata-agroalimentara\\\/\",\"url\":\"https:\\\/\\\/buletin.de\\\/bucuresti\\\/sector-1-un-teren-al-scolii-herastrau-s-ar-putea-transforma-in-piata-agroalimentara\\\/\",\"name\":\"Sector 1 | Un teren al \u015fcolii \u201eHer\u0103str\u0103u\u201d s-ar putea transforma \u00een pia\u021b\u0103 agroalimentar\u0103 - Buletin de Bucure\u0219ti\",\"isPartOf\":{\"@id\":\"https:\\\/\\\/buletin.de\\\/bucuresti\\\/#website\"},\"primaryImageOfPage\":{\"@id\":\"https:\\\/\\\/buletin.de\\\/bucuresti\\\/sector-1-un-teren-al-scolii-herastrau-s-ar-putea-transforma-in-piata-agroalimentara\\\/#primaryimage\"},\"image\":{\"@id\":\"https:\\\/\\\/buletin.de\\\/bucuresti\\\/sector-1-un-teren-al-scolii-herastrau-s-ar-putea-transforma-in-piata-agroalimentara\\\/#primaryimage\"},\"thumbnailUrl\":\"https:\\\/\\\/buletin.de\\\/bucuresti\\\/wp-content\\\/uploads\\\/scoala-12.jpg\",\"datePublished\":\"2024-03-19T11:16:09+00:00\",\"breadcrumb\":{\"@id\":\"https:\\\/\\\/buletin.de\\\/bucuresti\\\/sector-1-un-teren-al-scolii-herastrau-s-ar-putea-transforma-in-piata-agroalimentara\\\/#breadcrumb\"},\"inLanguage\":\"en-GB\",\"potentialAction\":[{\"@type\":\"ReadAction\",\"target\":[\"https:\\\/\\\/buletin.de\\\/bucuresti\\\/sector-1-un-teren-al-scolii-herastrau-s-ar-putea-transforma-in-piata-agroalimentara\\\/\"]}]},{\"@type\":\"ImageObject\",\"inLanguage\":\"en-GB\",\"@id\":\"https:\\\/\\\/buletin.de\\\/bucuresti\\\/sector-1-un-teren-al-scolii-herastrau-s-ar-putea-transforma-in-piata-agroalimentara\\\/#primaryimage\",\"url\":\"https:\\\/\\\/buletin.de\\\/bucuresti\\\/wp-content\\\/uploads\\\/scoala-12.jpg\",\"contentUrl\":\"https:\\\/\\\/buletin.de\\\/bucuresti\\\/wp-content\\\/uploads\\\/scoala-12.jpg\",\"width\":2000,\"height\":1500,\"caption\":\"FOTo: Facebook\\\/Scoala 12\"},{\"@type\":\"BreadcrumbList\",\"@id\":\"https:\\\/\\\/buletin.de\\\/bucuresti\\\/sector-1-un-teren-al-scolii-herastrau-s-ar-putea-transforma-in-piata-agroalimentara\\\/#breadcrumb\",\"itemListElement\":[{\"@type\":\"ListItem\",\"position\":1,\"name\":\"Acas\u0103\",\"item\":\"https:\\\/\\\/buletin.de\\\/bucuresti\\\/\"},{\"@type\":\"ListItem\",\"position\":2,\"name\":\"Sector 1 | Un teren al \u015fcolii \u201eHer\u0103str\u0103u\u201d s-ar putea transforma \u00een pia\u021b\u0103 agroalimentar\u0103\"}]},{\"@type\":\"WebSite\",\"@id\":\"https:\\\/\\\/buletin.de\\\/bucuresti\\\/#website\",\"url\":\"https:\\\/\\\/buletin.de\\\/bucuresti\\\/\",\"name\":\"Buletin de Bucure\u0219ti\",\"description\":\"\u0218tiri \u0219i investiga\u021bii esen\u021biale din capital\u0103\",\"publisher\":{\"@id\":\"https:\\\/\\\/buletin.de\\\/bucuresti\\\/#organization\"},\"potentialAction\":[{\"@type\":\"SearchAction\",\"target\":{\"@type\":\"EntryPoint\",\"urlTemplate\":\"https:\\\/\\\/buletin.de\\\/bucuresti\\\/?s={search_term_string}\"},\"query-input\":{\"@type\":\"PropertyValueSpecification\",\"valueRequired\":true,\"valueName\":\"search_term_string\"}}],\"inLanguage\":\"en-GB\"},{\"@type\":\"Organization\",\"@id\":\"https:\\\/\\\/buletin.de\\\/bucuresti\\\/#organization\",\"name\":\"Buletin de Bucure\u0219ti\",\"url\":\"https:\\\/\\\/buletin.de\\\/bucuresti\\\/\",\"logo\":{\"@type\":\"ImageObject\",\"inLanguage\":\"en-GB\",\"@id\":\"https:\\\/\\\/buletin.de\\\/bucuresti\\\/#\\\/schema\\\/logo\\\/image\\\/\",\"url\":\"https:\\\/\\\/buletin.de\\\/bucuresti\\\/wp-content\\\/uploads\\\/logo-bdb-full-wide-vernil-transparent.png\",\"contentUrl\":\"https:\\\/\\\/buletin.de\\\/bucuresti\\\/wp-content\\\/uploads\\\/logo-bdb-full-wide-vernil-transparent.png\",\"width\":1782,\"height\":626,\"caption\":\"Buletin de Bucure\u0219ti\"},\"image\":{\"@id\":\"https:\\\/\\\/buletin.de\\\/bucuresti\\\/#\\\/schema\\\/logo\\\/image\\\/\"},\"sameAs\":[\"https:\\\/\\\/www.facebook.com\\\/buletin.de.buc\",\"https:\\\/\\\/www.instagram.com\\\/buletinde.bucuresti\\\/\"]},{\"@type\":\"Person\",\"@id\":\"https:\\\/\\\/buletin.de\\\/bucuresti\\\/#\\\/schema\\\/person\\\/7e46040573290777280a0835d81ea4ea\",\"name\":\"Diana Matei\",\"image\":{\"@type\":\"ImageObject\",\"inLanguage\":\"en-GB\",\"@id\":\"https:\\\/\\\/buletin.de\\\/bucuresti\\\/wp-content\\\/uploads\\\/9-2-96x96.jpg1e8590b30871d70e62ebcdaf2eff570c\",\"url\":\"https:\\\/\\\/buletin.de\\\/bucuresti\\\/wp-content\\\/uploads\\\/9-2-96x96.jpg\",\"contentUrl\":\"https:\\\/\\\/buletin.de\\\/bucuresti\\\/wp-content\\\/uploads\\\/9-2-96x96.jpg\",\"caption\":\"Diana Matei\"},\"url\":\"https:\\\/\\\/buletin.de\\\/bucuresti\\\/author\\\/dianamatei\\\/\"}]}<\/script>\n<!-- \/ Yoast SEO Premium plugin. -->","yoast_head_json":{"title":"Sector 1 | Un teren al \u015fcolii \u201eHer\u0103str\u0103u\u201d s-ar putea transforma \u00een pia\u021b\u0103 agroalimentar\u0103 - Buletin de Bucure\u0219ti","robots":{"index":"index","follow":"follow","max-snippet":"max-snippet:-1","max-image-preview":"max-image-preview:large","max-video-preview":"max-video-preview:-1"},"canonical":"https:\/\/buletin.de\/bucuresti\/sector-1-un-teren-al-scolii-herastrau-s-ar-putea-transforma-in-piata-agroalimentara\/","og_locale":"en_GB","og_type":"article","og_title":"Sector 1 | Un teren al \u015fcolii \u201eHer\u0103str\u0103u\u201d s-ar putea transforma \u00een pia\u021b\u0103 agroalimentar\u0103","og_description":"Un teren al \u0219colii Her\u0103str\u0103u ar putea fi transformat \u00een pia\u021ba agroalimentar\u0103. Proiectul se discut\u0103 \u00een \u0219edin\u021ba Consiliului Local din data de 21 martie. \u00cen nota de fundamentare, se solicit\u0103 trecerea imobilului, situat \u00een strada M\u0103guricea nr. 20A, \u00een administrarea Sectorului 1 al Municipiului Bucure\u0219ti. Imobilul, unde a func\u021bionat Pia\u0163a Agroalimentar\u0103 \u201eAurel Vlaicu\u201d, este liber [&hellip;]","og_url":"https:\/\/buletin.de\/bucuresti\/sector-1-un-teren-al-scolii-herastrau-s-ar-putea-transforma-in-piata-agroalimentara\/","og_site_name":"Buletin de Bucure\u0219ti","article_publisher":"https:\/\/www.facebook.com\/buletin.de.buc","article_published_time":"2024-03-19T11:16:09+00:00","og_image":[{"width":2000,"height":1500,"url":"https:\/\/buletin.de\/bucuresti\/wp-content\/uploads\/scoala-12.jpg","type":"image\/jpeg"}],"author":"Diana Matei","twitter_card":"summary_large_image","twitter_misc":{"Written by":"Diana Matei","Estimated reading time":"2 minutes"},"schema":{"@context":"https:\/\/schema.org","@graph":[{"@type":"Article","@id":"https:\/\/buletin.de\/bucuresti\/sector-1-un-teren-al-scolii-herastrau-s-ar-putea-transforma-in-piata-agroalimentara\/#article","isPartOf":{"@id":"https:\/\/buletin.de\/bucuresti\/sector-1-un-teren-al-scolii-herastrau-s-ar-putea-transforma-in-piata-agroalimentara\/"},"author":{"name":"Diana Matei","@id":"https:\/\/buletin.de\/bucuresti\/#\/schema\/person\/7e46040573290777280a0835d81ea4ea"},"headline":"Sector 1 | Un teren al \u015fcolii \u201eHer\u0103str\u0103u\u201d s-ar putea transforma \u00een pia\u021b\u0103 agroalimentar\u0103","datePublished":"2024-03-19T11:16:09+00:00","mainEntityOfPage":{"@id":"https:\/\/buletin.de\/bucuresti\/sector-1-un-teren-al-scolii-herastrau-s-ar-putea-transforma-in-piata-agroalimentara\/"},"wordCount":182,"publisher":{"@id":"https:\/\/buletin.de\/bucuresti\/#organization"},"image":{"@id":"https:\/\/buletin.de\/bucuresti\/sector-1-un-teren-al-scolii-herastrau-s-ar-putea-transforma-in-piata-agroalimentara\/#primaryimage"},"thumbnailUrl":"https:\/\/buletin.de\/bucuresti\/wp-content\/uploads\/scoala-12.jpg","keywords":["consiliul local sector 1","piata agroalimentara","Scoala nr.12","Sector 1"],"articleSection":["Articole","Prim\u0103rie","\u0218tiri"],"inLanguage":"en-GB","copyrightYear":"2024","copyrightHolder":{"@id":"https:\/\/buletin.de\/bucuresti\/#organization"}},{"@type":"WebPage","@id":"https:\/\/buletin.de\/bucuresti\/sector-1-un-teren-al-scolii-herastrau-s-ar-putea-transforma-in-piata-agroalimentara\/","url":"https:\/\/buletin.de\/bucuresti\/sector-1-un-teren-al-scolii-herastrau-s-ar-putea-transforma-in-piata-agroalimentara\/","name":"Sector 1 | Un teren al \u015fcolii \u201eHer\u0103str\u0103u\u201d s-ar putea transforma \u00een pia\u021b\u0103 agroalimentar\u0103 - Buletin de Bucure\u0219ti","isPartOf":{"@id":"https:\/\/buletin.de\/bucuresti\/#website"},"primaryImageOfPage":{"@id":"https:\/\/buletin.de\/bucuresti\/sector-1-un-teren-al-scolii-herastrau-s-ar-putea-transforma-in-piata-agroalimentara\/#primaryimage"},"image":{"@id":"https:\/\/buletin.de\/bucuresti\/sector-1-un-teren-al-scolii-herastrau-s-ar-putea-transforma-in-piata-agroalimentara\/#primaryimage"},"thumbnailUrl":"https:\/\/buletin.de\/bucuresti\/wp-content\/uploads\/scoala-12.jpg","datePublished":"2024-03-19T11:16:09+00:00","breadcrumb":{"@id":"https:\/\/buletin.de\/bucuresti\/sector-1-un-teren-al-scolii-herastrau-s-ar-putea-transforma-in-piata-agroalimentara\/#breadcrumb"},"inLanguage":"en-GB","potentialAction":[{"@type":"ReadAction","target":["https:\/\/buletin.de\/bucuresti\/sector-1-un-teren-al-scolii-herastrau-s-ar-putea-transforma-in-piata-agroalimentara\/"]}]},{"@type":"ImageObject","inLanguage":"en-GB","@id":"https:\/\/buletin.de\/bucuresti\/sector-1-un-teren-al-scolii-herastrau-s-ar-putea-transforma-in-piata-agroalimentara\/#primaryimage","url":"https:\/\/buletin.de\/bucuresti\/wp-content\/uploads\/scoala-12.jpg","contentUrl":"https:\/\/buletin.de\/bucuresti\/wp-content\/uploads\/scoala-12.jpg","width":2000,"height":1500,"caption":"FOTo: Facebook\/Scoala 12"},{"@type":"BreadcrumbList","@id":"https:\/\/buletin.de\/bucuresti\/sector-1-un-teren-al-scolii-herastrau-s-ar-putea-transforma-in-piata-agroalimentara\/#breadcrumb","itemListElement":[{"@type":"ListItem","position":1,"name":"Acas\u0103","item":"https:\/\/buletin.de\/bucuresti\/"},{"@type":"ListItem","position":2,"name":"Sector 1 | Un teren al \u015fcolii \u201eHer\u0103str\u0103u\u201d s-ar putea transforma \u00een pia\u021b\u0103 agroalimentar\u0103"}]},{"@type":"WebSite","@id":"https:\/\/buletin.de\/bucuresti\/#website","url":"https:\/\/buletin.de\/bucuresti\/","name":"Buletin de Bucure\u0219ti","description":"\u0218tiri \u0219i investiga\u021bii esen\u021biale din capital\u0103","publisher":{"@id":"https:\/\/buletin.de\/bucuresti\/#organization"},"potentialAction":[{"@type":"SearchAction","target":{"@type":"EntryPoint","urlTemplate":"https:\/\/buletin.de\/bucuresti\/?s={search_term_string}"},"query-input":{"@type":"PropertyValueSpecification","valueRequired":true,"valueName":"search_term_string"}}],"inLanguage":"en-GB"},{"@type":"Organization","@id":"https:\/\/buletin.de\/bucuresti\/#organization","name":"Buletin de Bucure\u0219ti","url":"https:\/\/buletin.de\/bucuresti\/","logo":{"@type":"ImageObject","inLanguage":"en-GB","@id":"https:\/\/buletin.de\/bucuresti\/#\/schema\/logo\/image\/","url":"https:\/\/buletin.de\/bucuresti\/wp-content\/uploads\/logo-bdb-full-wide-vernil-transparent.png","contentUrl":"https:\/\/buletin.de\/bucuresti\/wp-content\/uploads\/logo-bdb-full-wide-vernil-transparent.png","width":1782,"height":626,"caption":"Buletin de Bucure\u0219ti"},"image":{"@id":"https:\/\/buletin.de\/bucuresti\/#\/schema\/logo\/image\/"},"sameAs":["https:\/\/www.facebook.com\/buletin.de.buc","https:\/\/www.instagram.com\/buletinde.bucuresti\/"]},{"@type":"Person","@id":"https:\/\/buletin.de\/bucuresti\/#\/schema\/person\/7e46040573290777280a0835d81ea4ea","name":"Diana Matei","image":{"@type":"ImageObject","inLanguage":"en-GB","@id":"https:\/\/buletin.de\/bucuresti\/wp-content\/uploads\/9-2-96x96.jpg1e8590b30871d70e62ebcdaf2eff570c","url":"https:\/\/buletin.de\/bucuresti\/wp-content\/uploads\/9-2-96x96.jpg","contentUrl":"https:\/\/buletin.de\/bucuresti\/wp-content\/uploads\/9-2-96x96.jpg","caption":"Diana Matei"},"url":"https:\/\/buletin.de\/bucuresti\/author\/dianamatei\/"}]}},"authors":[{"term_id":22574,"user_id":49,"is_guest":0,"slug":"dianamatei","display_name":"Diana Matei","avatar_url":"https:\/\/buletin.de\/bucuresti\/wp-content\/uploads\/9-2-96x96.jpg","0":null,"1":"","2":"","3":"","4":"","5":"","6":"","7":"","8":""}],"_links":{"self":[{"href":"https:\/\/buletin.de\/bucuresti\/wp-json\/wp\/v2\/posts\/80362","targetHints":{"allow":["GET"]}}],"collection":[{"href":"https:\/\/buletin.de\/bucuresti\/wp-json\/wp\/v2\/posts"}],"about":[{"href":"https:\/\/buletin.de\/bucuresti\/wp-json\/wp\/v2\/types\/post"}],"author":[{"embeddable":true,"href":"https:\/\/buletin.de\/bucuresti\/wp-json\/wp\/v2\/users\/49"}],"replies":[{"embeddable":true,"href":"https:\/\/buletin.de\/bucuresti\/wp-json\/wp\/v2\/comments?post=80362"}],"version-history":[{"count":2,"href":"https:\/\/buletin.de\/bucuresti\/wp-json\/wp\/v2\/posts\/80362\/revisions"}],"predecessor-version":[{"id":80379,"href":"https:\/\/buletin.de\/bucuresti\/wp-json\/wp\/v2\/posts\/80362\/revisions\/80379"}],"wp:featuredmedia":[{"embeddable":true,"href":"https:\/\/buletin.de\/bucuresti\/wp-json\/wp\/v2\/media\/80368"}],"wp:attachment":[{"href":"https:\/\/buletin.de\/bucuresti\/wp-json\/wp\/v2\/media?parent=80362"}],"wp:term":[{"taxonomy":"category","embeddable":true,"href":"https:\/\/buletin.de\/bucuresti\/wp-json\/wp\/v2\/categories?post=80362"},{"taxonomy":"post_tag","embeddable":true,"href":"https:\/\/buletin.de\/bucuresti\/wp-json\/wp\/v2\/tags?post=80362"},{"taxonomy":"author","embeddable":true,"href":"https:\/\/buletin.de\/bucuresti\/wp-json\/wp\/v2\/ppma_author?post=80362"}],"curies":[{"name":"wp","href":"https:\/\/api.w.org\/{rel}","templated":true}]}}