{"id":80282,"date":"2024-03-18T13:40:08","date_gmt":"2024-03-18T11:40:08","guid":{"rendered":"https:\/\/buletin.de\/bucuresti\/?p=80282"},"modified":"2024-03-18T13:47:13","modified_gmt":"2024-03-18T11:47:13","slug":"fostul-ministru-al-culturii-daniel-barbu-a-murit-la-66-de-ani","status":"publish","type":"post","link":"https:\/\/buletin.de\/bucuresti\/fostul-ministru-al-culturii-daniel-barbu-a-murit-la-66-de-ani\/","title":{"rendered":"Fostul ministru al Culturii, Daniel Barbu, a murit la 66 de ani"},"content":{"rendered":"\n<p><strong>Daniel Barbu, fost ministru al Culturii \u0219i fost pre\u015fedinte al Autorit\u0103\u021bii Electorale Permanente (AEP) a murit ast\u0103zi, 18 martie, la aproape 67 de ani. Acesta va fi \u00eenmorm\u00e2ntat joi, 21 martie.<\/strong><\/p>\n\n\n\n<p>Anun\u021bul a fost f\u0103cut de Facultatea de Teologie Rom\u00e2no-Catolic\u0103 din cadrul Universit\u0103\u021bii Bucure\u0219ti, institu\u021bia la care preda din 2020:<\/p>\n\n\n\n<blockquote class=\"wp-block-quote is-layout-flow wp-block-quote-is-layout-flow\">\n<p class=\"has-medium-font-size\">Dragi studen\u021bi,<\/p>\n\n\n\n<p class=\"has-medium-font-size\">V\u0103 aducem la cuno\u0219tin\u021b\u0103 o veste trist\u0103.<\/p>\n\n\n\n<p class=\"has-medium-font-size\">Ast\u0103zi, 18.03.2024, a trecut la cele ve\u0219nice Prof. Daniel Barbu. N\u0103scut la data 21 mai 1957 \u00een Bucure\u0219ti, \u0219i-a tr\u0103it via\u021ba sub motto-ul: \u201cNil nisi Cruce\u201d. A fost istoric rom\u00e2n, senator de Bucure\u0219ti din partea PNL, fost ministru al culturii \u00een perioada 21 decembrie 2012 &#8211; 12 decembrie 2013 \u0219i profesor al Facult\u0103\u021bii de Teologie Romano-Catolic\u0103, Universitatea din Bucure\u0219ti unde a predat: Teologia politic\u0103, Teologie social\u0103 \u0219i <a><\/a>Istoria Bisericii.<\/p>\n\n\n\n<p class=\"has-medium-font-size\">Liturghia de \u00eenmorm\u00e2ntare se va celebra joi, 21 martie, \u00eencep\u00e2nd cu ora 10:00 la Biserica Sf\u00e2nta Tereza a Pruncului Isus din Bucure\u0219ti (\u0218os. Olteni\u021bei 3-5).<\/p>\n\n\n\n<p class=\"has-medium-font-size\">S\u0103 se odihneasc\u0103 \u00een pace. Domnul s\u0103-l fericeasc\u0103 \u00een patria cereasc\u0103 pentru tot binele f\u0103cut \u00een via\u021ba p\u0103m\u00e2nteasc\u0103.<\/p>\n<cite>Facultatea de Teologie Romano-Catolic\u0103, Universitatea din Bucure\u0219ti, FB<\/cite><\/blockquote>\n\n\n\n<p>Decesul a fost provocat de o form\u0103 de cancer de care Daniel Barbu suferea de mai mult timp.<\/p>\n\n\n\n<h2 class=\"wp-block-heading\">Cine a fost Daniel Barbu?<\/h2>\n\n\n\n<p>Daniel Barbu s-a n\u0103scut la data 21 mai 1957 \u00een Bucure\u0219ti. \u00cen 1976, a absolvit Liceul&nbsp;Nicolae B\u0103lcescu&nbsp;din Capital\u0103, cunoscut \u00een prezent drept Colegiul Na\u021bional Sf\u00e2ntul Sava. <\/p>\n\n\n\n<p>Licen\u021biat \u00een istoria artei, acesta a ob\u021binut un doctorat \u00een istorie \u00een cadrul Universit\u0103\u021bii Babe\u015f-Bolyai din Cluj-Napoca (1991), respectiv \u00een filosofie \u00een cadrul UB (1999). Totodat\u0103, \u00eentre 1991 \u0219i 1993, a urmat studii doctorale de teologie la Universit\u00e9 de Fribourg (Elve\u0163ia). Ulterior, \u00een 2015, a ob\u021binut un doctorat \u00een teologie.<\/p>\n\n\n\n<p>De-a lungul vie\u021bii, Daniel Barbu a predat \u00een cadrul a mai multe institu\u021bii de \u00eenv\u0103\u021b\u0103m\u00e2nt, printre care \u0219i Facultatea de \u0218tiin\u021be Politice din cadrul UB. Timp de opt ani, acesta a fost \u0219i decanul facult\u0103\u021bii: ini\u021bial, \u00eentre 1994 \u0219i 2000, iar ulterior, \u00eentre 2002 \u0219i 2004.<\/p>\n\n\n\n<p>\u00cen 2000 a primit Ordinul Na\u0163ional Steaua Rom\u00e2niei \u00een grad de ofi\u0163er pentru activitatea \u00een \u00eenv\u0103\u0163\u0103m\u00e2ntul superior.<br><\/p>\n\n\n\n<p>Pe l\u00e2ng\u0103 activitatea academic\u0103, Daniel Barbu s-a implicat \u0219i \u00een politic\u0103. La alegerile din 2012, a candidat din partea PNL (USL) \u0219i a ob\u021binut un mandat de senator.<\/p>\n\n\n\n<p>Timp de un an, a fost Ministrul Culturii \u00een guvernul lui Victor Ponta. Acesta a demisionat \u00een decembrie 2013, \u00een urma unei declara\u021bii controversate potrivit c\u0103reia suma alocat\u0103 programului na\u021bional pentru prevenirea \u0219i tratarea HIV\/SIDA este mult prea mare \u00een compara\u021bie cu bugetul  programelor din cadrul Ministerului Culturii.<\/p>\n\n\n\n<p>Daniel Barbu a fost printre ini\u021biatorii legii speciale pentru&nbsp;Ro\u0219ia Montan\u0103, care a declan\u0219at proteste f\u0103r\u0103 precedent \u00een Rom\u00e2nia fa\u021b\u0103 de mineritul cu cianuri. Protestatarii i-au cerut explicit demisia \u00eenc\u0103 din septembrie 2013, de la \u00eenceputul mi\u0219c\u0103rilor de strad\u0103. Ulterior, Ordinul Arhitec\u021bilor din Rom\u00e2nia \u0219i mai multe ONG-uri i-au cerut s\u0103 plece din func\u021bie, pentru c\u0103 ar fi pierdut un studiu de evaluare a patrimoniului de la Ro\u0219ia Montan\u0103.<\/p>\n\n\n\n<p>A fost acuzat c\u0103 a acceptat desfiin\u021barea unor institu\u021bii culturale cu tradi\u021bie doar pentru a face economii la buget, precum Teatrul Na\u021bional de Operet\u0103 \u201eIon Dacian\u201d, Centrul Na\u021bional al Dansului Bucure\u0219ti \u0219i Centrul Na\u021bional de Art\u0103 \u201eTinerimea Rom\u00e2n\u0103\u201d.<\/p>\n\n\n\n<p>Ulterior, el a plecat de la PNL la ALDE, partidul \u00eenfiin\u021bat de C\u0103lin Popescu T\u0103riceanu.<\/p>\n\n\n\n<p>\u00cen mai 2017, a fost numit de Parlament \u00een func\u021bia de pre\u0219edinte al Autorit\u0103\u021bii Electorale Permanente, func\u021bie pe care a de\u021binut-o p\u00e2n\u0103 \u00een februarie 2019.<\/p>\n","protected":false},"excerpt":{"rendered":"<p>Daniel Barbu, fost ministru al Culturii \u0219i fost pre\u015fedinte al Autorit\u0103\u021bii Electorale Permanente (AEP) a murit ast\u0103zi, 18 martie, la aproape 67 de ani. Acesta va fi \u00eenmorm\u00e2ntat joi, 21 martie. Anun\u021bul a fost f\u0103cut de Facultatea de Teologie Rom\u00e2no-Catolic\u0103 din cadrul Universit\u0103\u021bii Bucure\u0219ti, institu\u021bia la care preda din 2020: Dragi studen\u021bi, V\u0103 aducem la [&hellip;]<\/p>\n","protected":false},"author":55,"featured_media":80291,"comment_status":"closed","ping_status":"open","sticky":false,"template":"","format":"standard","meta":{"_acf_changed":false,"inline_featured_image":false,"ngg_post_thumbnail":0,"footnotes":""},"categories":[6994,9026,62],"tags":[10570,3787,10573,10569,10571,10572,10574],"ppma_author":[22573],"class_list":["post-80282","post","type-post","status-publish","format-standard","has-post-thumbnail","hentry","category-stiri-2","category-eveniment","category-stiri","tag-a-murit-daniel-barbu","tag-aep","tag-cancer","tag-daniel-barbu-deces","tag-fostul-ministru-al-culturii","tag-rosia-montana-2","tag-universitatea-bucuresti-profesor"],"acf":[],"yoast_head":"<!-- This site is optimized with the Yoast SEO Premium plugin v25.3 (Yoast SEO v27.5) - https:\/\/yoast.com\/product\/yoast-seo-premium-wordpress\/ -->\n<title>Fostul ministru al Culturii, Daniel Barbu, a murit la 66 de ani - Buletin de Bucure\u0219ti<\/title>\n<meta name=\"robots\" content=\"index, follow, max-snippet:-1, max-image-preview:large, max-video-preview:-1\" \/>\n<link rel=\"canonical\" href=\"https:\/\/buletin.de\/bucuresti\/fostul-ministru-al-culturii-daniel-barbu-a-murit-la-66-de-ani\/\" \/>\n<meta property=\"og:locale\" content=\"en_GB\" \/>\n<meta property=\"og:type\" content=\"article\" \/>\n<meta property=\"og:title\" content=\"Fostul ministru al Culturii, Daniel Barbu, a murit la 66 de ani\" \/>\n<meta property=\"og:description\" content=\"Daniel Barbu, fost ministru al Culturii \u0219i fost pre\u015fedinte al Autorit\u0103\u021bii Electorale Permanente (AEP) a murit ast\u0103zi, 18 martie, la aproape 67 de ani. Acesta va fi \u00eenmorm\u00e2ntat joi, 21 martie. Anun\u021bul a fost f\u0103cut de Facultatea de Teologie Rom\u00e2no-Catolic\u0103 din cadrul Universit\u0103\u021bii Bucure\u0219ti, institu\u021bia la care preda din 2020: Dragi studen\u021bi, V\u0103 aducem la [&hellip;]\" \/>\n<meta property=\"og:url\" content=\"https:\/\/buletin.de\/bucuresti\/fostul-ministru-al-culturii-daniel-barbu-a-murit-la-66-de-ani\/\" \/>\n<meta property=\"og:site_name\" content=\"Buletin de Bucure\u0219ti\" \/>\n<meta property=\"article:publisher\" content=\"https:\/\/www.facebook.com\/buletin.de.buc\" \/>\n<meta property=\"article:published_time\" content=\"2024-03-18T11:40:08+00:00\" \/>\n<meta property=\"article:modified_time\" content=\"2024-03-18T11:47:13+00:00\" \/>\n<meta property=\"og:image\" content=\"https:\/\/buletin.de\/bucuresti\/wp-content\/uploads\/Daniel-Barbu.jpg\" \/>\n\t<meta property=\"og:image:width\" content=\"1562\" \/>\n\t<meta property=\"og:image:height\" content=\"1331\" \/>\n\t<meta property=\"og:image:type\" content=\"image\/jpeg\" \/>\n<meta name=\"author\" content=\"Andreea Tudor\" \/>\n<meta name=\"twitter:card\" content=\"summary_large_image\" \/>\n<meta name=\"twitter:label1\" content=\"Written by\" \/>\n\t<meta name=\"twitter:data1\" content=\"Andreea Tudor\" \/>\n\t<meta name=\"twitter:label2\" content=\"Estimated reading time\" \/>\n\t<meta name=\"twitter:data2\" content=\"3 minutes\" \/>\n<script type=\"application\/ld+json\" class=\"yoast-schema-graph\">{\"@context\":\"https:\\\/\\\/schema.org\",\"@graph\":[{\"@type\":\"Article\",\"@id\":\"https:\\\/\\\/buletin.de\\\/bucuresti\\\/fostul-ministru-al-culturii-daniel-barbu-a-murit-la-66-de-ani\\\/#article\",\"isPartOf\":{\"@id\":\"https:\\\/\\\/buletin.de\\\/bucuresti\\\/fostul-ministru-al-culturii-daniel-barbu-a-murit-la-66-de-ani\\\/\"},\"author\":{\"name\":\"Andreea Tudor\",\"@id\":\"https:\\\/\\\/buletin.de\\\/bucuresti\\\/#\\\/schema\\\/person\\\/150590659efde715459d159da012f501\"},\"headline\":\"Fostul ministru al Culturii, Daniel Barbu, a murit la 66 de ani\",\"datePublished\":\"2024-03-18T11:40:08+00:00\",\"dateModified\":\"2024-03-18T11:47:13+00:00\",\"mainEntityOfPage\":{\"@id\":\"https:\\\/\\\/buletin.de\\\/bucuresti\\\/fostul-ministru-al-culturii-daniel-barbu-a-murit-la-66-de-ani\\\/\"},\"wordCount\":640,\"publisher\":{\"@id\":\"https:\\\/\\\/buletin.de\\\/bucuresti\\\/#organization\"},\"image\":{\"@id\":\"https:\\\/\\\/buletin.de\\\/bucuresti\\\/fostul-ministru-al-culturii-daniel-barbu-a-murit-la-66-de-ani\\\/#primaryimage\"},\"thumbnailUrl\":\"https:\\\/\\\/buletin.de\\\/bucuresti\\\/wp-content\\\/uploads\\\/Daniel-Barbu.jpg\",\"keywords\":[\"A murit Daniel Barbu\",\"aep\",\"Cancer\",\"Daniel Barbu deces\",\"fostul Ministru al Culturii\",\"Ro\u0219ia Montan\u0103\",\"Universitatea Bucure\u0219ti profesor\"],\"articleSection\":[\"Articole\",\"Eveniment\",\"\u0218tiri\"],\"inLanguage\":\"en-GB\",\"copyrightYear\":\"2024\",\"copyrightHolder\":{\"@id\":\"https:\\\/\\\/buletin.de\\\/bucuresti\\\/#organization\"}},{\"@type\":\"WebPage\",\"@id\":\"https:\\\/\\\/buletin.de\\\/bucuresti\\\/fostul-ministru-al-culturii-daniel-barbu-a-murit-la-66-de-ani\\\/\",\"url\":\"https:\\\/\\\/buletin.de\\\/bucuresti\\\/fostul-ministru-al-culturii-daniel-barbu-a-murit-la-66-de-ani\\\/\",\"name\":\"Fostul ministru al Culturii, Daniel Barbu, a murit la 66 de ani - Buletin de Bucure\u0219ti\",\"isPartOf\":{\"@id\":\"https:\\\/\\\/buletin.de\\\/bucuresti\\\/#website\"},\"primaryImageOfPage\":{\"@id\":\"https:\\\/\\\/buletin.de\\\/bucuresti\\\/fostul-ministru-al-culturii-daniel-barbu-a-murit-la-66-de-ani\\\/#primaryimage\"},\"image\":{\"@id\":\"https:\\\/\\\/buletin.de\\\/bucuresti\\\/fostul-ministru-al-culturii-daniel-barbu-a-murit-la-66-de-ani\\\/#primaryimage\"},\"thumbnailUrl\":\"https:\\\/\\\/buletin.de\\\/bucuresti\\\/wp-content\\\/uploads\\\/Daniel-Barbu.jpg\",\"datePublished\":\"2024-03-18T11:40:08+00:00\",\"dateModified\":\"2024-03-18T11:47:13+00:00\",\"breadcrumb\":{\"@id\":\"https:\\\/\\\/buletin.de\\\/bucuresti\\\/fostul-ministru-al-culturii-daniel-barbu-a-murit-la-66-de-ani\\\/#breadcrumb\"},\"inLanguage\":\"en-GB\",\"potentialAction\":[{\"@type\":\"ReadAction\",\"target\":[\"https:\\\/\\\/buletin.de\\\/bucuresti\\\/fostul-ministru-al-culturii-daniel-barbu-a-murit-la-66-de-ani\\\/\"]}]},{\"@type\":\"ImageObject\",\"inLanguage\":\"en-GB\",\"@id\":\"https:\\\/\\\/buletin.de\\\/bucuresti\\\/fostul-ministru-al-culturii-daniel-barbu-a-murit-la-66-de-ani\\\/#primaryimage\",\"url\":\"https:\\\/\\\/buletin.de\\\/bucuresti\\\/wp-content\\\/uploads\\\/Daniel-Barbu.jpg\",\"contentUrl\":\"https:\\\/\\\/buletin.de\\\/bucuresti\\\/wp-content\\\/uploads\\\/Daniel-Barbu.jpg\",\"width\":1562,\"height\":1331,\"caption\":\"FOTO: FB\\\/ Universitatea de Teologie Rom\u00e2no-Catolic\u0103, UB\"},{\"@type\":\"BreadcrumbList\",\"@id\":\"https:\\\/\\\/buletin.de\\\/bucuresti\\\/fostul-ministru-al-culturii-daniel-barbu-a-murit-la-66-de-ani\\\/#breadcrumb\",\"itemListElement\":[{\"@type\":\"ListItem\",\"position\":1,\"name\":\"Acas\u0103\",\"item\":\"https:\\\/\\\/buletin.de\\\/bucuresti\\\/\"},{\"@type\":\"ListItem\",\"position\":2,\"name\":\"Fostul ministru al Culturii, Daniel Barbu, a murit la 66 de ani\"}]},{\"@type\":\"WebSite\",\"@id\":\"https:\\\/\\\/buletin.de\\\/bucuresti\\\/#website\",\"url\":\"https:\\\/\\\/buletin.de\\\/bucuresti\\\/\",\"name\":\"Buletin de Bucure\u0219ti\",\"description\":\"\u0218tiri \u0219i investiga\u021bii esen\u021biale din capital\u0103\",\"publisher\":{\"@id\":\"https:\\\/\\\/buletin.de\\\/bucuresti\\\/#organization\"},\"potentialAction\":[{\"@type\":\"SearchAction\",\"target\":{\"@type\":\"EntryPoint\",\"urlTemplate\":\"https:\\\/\\\/buletin.de\\\/bucuresti\\\/?s={search_term_string}\"},\"query-input\":{\"@type\":\"PropertyValueSpecification\",\"valueRequired\":true,\"valueName\":\"search_term_string\"}}],\"inLanguage\":\"en-GB\"},{\"@type\":\"Organization\",\"@id\":\"https:\\\/\\\/buletin.de\\\/bucuresti\\\/#organization\",\"name\":\"Buletin de Bucure\u0219ti\",\"url\":\"https:\\\/\\\/buletin.de\\\/bucuresti\\\/\",\"logo\":{\"@type\":\"ImageObject\",\"inLanguage\":\"en-GB\",\"@id\":\"https:\\\/\\\/buletin.de\\\/bucuresti\\\/#\\\/schema\\\/logo\\\/image\\\/\",\"url\":\"https:\\\/\\\/buletin.de\\\/bucuresti\\\/wp-content\\\/uploads\\\/logo-bdb-full-wide-vernil-transparent.png\",\"contentUrl\":\"https:\\\/\\\/buletin.de\\\/bucuresti\\\/wp-content\\\/uploads\\\/logo-bdb-full-wide-vernil-transparent.png\",\"width\":1782,\"height\":626,\"caption\":\"Buletin de Bucure\u0219ti\"},\"image\":{\"@id\":\"https:\\\/\\\/buletin.de\\\/bucuresti\\\/#\\\/schema\\\/logo\\\/image\\\/\"},\"sameAs\":[\"https:\\\/\\\/www.facebook.com\\\/buletin.de.buc\",\"https:\\\/\\\/www.instagram.com\\\/buletinde.bucuresti\\\/\"]},{\"@type\":\"Person\",\"@id\":\"https:\\\/\\\/buletin.de\\\/bucuresti\\\/#\\\/schema\\\/person\\\/150590659efde715459d159da012f501\",\"name\":\"Andreea Tudor\",\"image\":{\"@type\":\"ImageObject\",\"inLanguage\":\"en-GB\",\"@id\":\"https:\\\/\\\/secure.gravatar.com\\\/avatar\\\/a88705a186ab0b67f3349bcbced506c09e37256fbaad0e7f3bd1a79b4599f589?s=96&d=monsterid&r=g79290610aa1a65c2b86eebc2ca5aee8f\",\"url\":\"https:\\\/\\\/secure.gravatar.com\\\/avatar\\\/a88705a186ab0b67f3349bcbced506c09e37256fbaad0e7f3bd1a79b4599f589?s=96&d=monsterid&r=g\",\"contentUrl\":\"https:\\\/\\\/secure.gravatar.com\\\/avatar\\\/a88705a186ab0b67f3349bcbced506c09e37256fbaad0e7f3bd1a79b4599f589?s=96&d=monsterid&r=g\",\"caption\":\"Andreea Tudor\"},\"description\":\"N\u0103scut\u0103 \u0219i crescut\u0103 \u00een Bucure\u0219ti, sus\u021bin\u0103toare a presei independente. A\u0219a am ajuns redactor la Buletin de Bucure\u0219ti. Fiind eu, \u00eens\u0103mi, parte a sistemului de \u00eenv\u0103\u021b\u0103m\u00e2nt rom\u00e2nesc \u0219i pasionat\u0103 de domeniul social, pun sub lup\u0103 tot ceea ce se \u00eent\u00e2mpl\u0103 \u00een sfera educa\u021biei. Cred cu t\u0103rie c\u0103 presa \u201epentru cet\u0103\u021beni\u201d este presa independent\u0103. Oamenii au nevoie de o informare corect\u0103 pentru a \u00een\u021belege pe deplin ce se \u00eent\u00e2mpl\u0103 \u00een jurul lor \u0219i pentru a lua ac\u021biune \u00eempotriva nedrept\u0103\u021bilor.\",\"url\":\"https:\\\/\\\/buletin.de\\\/bucuresti\\\/author\\\/andreeatudor\\\/\"}]}<\/script>\n<!-- \/ Yoast SEO Premium plugin. -->","yoast_head_json":{"title":"Fostul ministru al Culturii, Daniel Barbu, a murit la 66 de ani - Buletin de Bucure\u0219ti","robots":{"index":"index","follow":"follow","max-snippet":"max-snippet:-1","max-image-preview":"max-image-preview:large","max-video-preview":"max-video-preview:-1"},"canonical":"https:\/\/buletin.de\/bucuresti\/fostul-ministru-al-culturii-daniel-barbu-a-murit-la-66-de-ani\/","og_locale":"en_GB","og_type":"article","og_title":"Fostul ministru al Culturii, Daniel Barbu, a murit la 66 de ani","og_description":"Daniel Barbu, fost ministru al Culturii \u0219i fost pre\u015fedinte al Autorit\u0103\u021bii Electorale Permanente (AEP) a murit ast\u0103zi, 18 martie, la aproape 67 de ani. Acesta va fi \u00eenmorm\u00e2ntat joi, 21 martie. Anun\u021bul a fost f\u0103cut de Facultatea de Teologie Rom\u00e2no-Catolic\u0103 din cadrul Universit\u0103\u021bii Bucure\u0219ti, institu\u021bia la care preda din 2020: Dragi studen\u021bi, V\u0103 aducem la [&hellip;]","og_url":"https:\/\/buletin.de\/bucuresti\/fostul-ministru-al-culturii-daniel-barbu-a-murit-la-66-de-ani\/","og_site_name":"Buletin de Bucure\u0219ti","article_publisher":"https:\/\/www.facebook.com\/buletin.de.buc","article_published_time":"2024-03-18T11:40:08+00:00","article_modified_time":"2024-03-18T11:47:13+00:00","og_image":[{"width":1562,"height":1331,"url":"https:\/\/buletin.de\/bucuresti\/wp-content\/uploads\/Daniel-Barbu.jpg","type":"image\/jpeg"}],"author":"Andreea Tudor","twitter_card":"summary_large_image","twitter_misc":{"Written by":"Andreea Tudor","Estimated reading time":"3 minutes"},"schema":{"@context":"https:\/\/schema.org","@graph":[{"@type":"Article","@id":"https:\/\/buletin.de\/bucuresti\/fostul-ministru-al-culturii-daniel-barbu-a-murit-la-66-de-ani\/#article","isPartOf":{"@id":"https:\/\/buletin.de\/bucuresti\/fostul-ministru-al-culturii-daniel-barbu-a-murit-la-66-de-ani\/"},"author":{"name":"Andreea Tudor","@id":"https:\/\/buletin.de\/bucuresti\/#\/schema\/person\/150590659efde715459d159da012f501"},"headline":"Fostul ministru al Culturii, Daniel Barbu, a murit la 66 de ani","datePublished":"2024-03-18T11:40:08+00:00","dateModified":"2024-03-18T11:47:13+00:00","mainEntityOfPage":{"@id":"https:\/\/buletin.de\/bucuresti\/fostul-ministru-al-culturii-daniel-barbu-a-murit-la-66-de-ani\/"},"wordCount":640,"publisher":{"@id":"https:\/\/buletin.de\/bucuresti\/#organization"},"image":{"@id":"https:\/\/buletin.de\/bucuresti\/fostul-ministru-al-culturii-daniel-barbu-a-murit-la-66-de-ani\/#primaryimage"},"thumbnailUrl":"https:\/\/buletin.de\/bucuresti\/wp-content\/uploads\/Daniel-Barbu.jpg","keywords":["A murit Daniel Barbu","aep","Cancer","Daniel Barbu deces","fostul Ministru al Culturii","Ro\u0219ia Montan\u0103","Universitatea Bucure\u0219ti profesor"],"articleSection":["Articole","Eveniment","\u0218tiri"],"inLanguage":"en-GB","copyrightYear":"2024","copyrightHolder":{"@id":"https:\/\/buletin.de\/bucuresti\/#organization"}},{"@type":"WebPage","@id":"https:\/\/buletin.de\/bucuresti\/fostul-ministru-al-culturii-daniel-barbu-a-murit-la-66-de-ani\/","url":"https:\/\/buletin.de\/bucuresti\/fostul-ministru-al-culturii-daniel-barbu-a-murit-la-66-de-ani\/","name":"Fostul ministru al Culturii, Daniel Barbu, a murit la 66 de ani - Buletin de Bucure\u0219ti","isPartOf":{"@id":"https:\/\/buletin.de\/bucuresti\/#website"},"primaryImageOfPage":{"@id":"https:\/\/buletin.de\/bucuresti\/fostul-ministru-al-culturii-daniel-barbu-a-murit-la-66-de-ani\/#primaryimage"},"image":{"@id":"https:\/\/buletin.de\/bucuresti\/fostul-ministru-al-culturii-daniel-barbu-a-murit-la-66-de-ani\/#primaryimage"},"thumbnailUrl":"https:\/\/buletin.de\/bucuresti\/wp-content\/uploads\/Daniel-Barbu.jpg","datePublished":"2024-03-18T11:40:08+00:00","dateModified":"2024-03-18T11:47:13+00:00","breadcrumb":{"@id":"https:\/\/buletin.de\/bucuresti\/fostul-ministru-al-culturii-daniel-barbu-a-murit-la-66-de-ani\/#breadcrumb"},"inLanguage":"en-GB","potentialAction":[{"@type":"ReadAction","target":["https:\/\/buletin.de\/bucuresti\/fostul-ministru-al-culturii-daniel-barbu-a-murit-la-66-de-ani\/"]}]},{"@type":"ImageObject","inLanguage":"en-GB","@id":"https:\/\/buletin.de\/bucuresti\/fostul-ministru-al-culturii-daniel-barbu-a-murit-la-66-de-ani\/#primaryimage","url":"https:\/\/buletin.de\/bucuresti\/wp-content\/uploads\/Daniel-Barbu.jpg","contentUrl":"https:\/\/buletin.de\/bucuresti\/wp-content\/uploads\/Daniel-Barbu.jpg","width":1562,"height":1331,"caption":"FOTO: FB\/ Universitatea de Teologie Rom\u00e2no-Catolic\u0103, UB"},{"@type":"BreadcrumbList","@id":"https:\/\/buletin.de\/bucuresti\/fostul-ministru-al-culturii-daniel-barbu-a-murit-la-66-de-ani\/#breadcrumb","itemListElement":[{"@type":"ListItem","position":1,"name":"Acas\u0103","item":"https:\/\/buletin.de\/bucuresti\/"},{"@type":"ListItem","position":2,"name":"Fostul ministru al Culturii, Daniel Barbu, a murit la 66 de ani"}]},{"@type":"WebSite","@id":"https:\/\/buletin.de\/bucuresti\/#website","url":"https:\/\/buletin.de\/bucuresti\/","name":"Buletin de Bucure\u0219ti","description":"\u0218tiri \u0219i investiga\u021bii esen\u021biale din capital\u0103","publisher":{"@id":"https:\/\/buletin.de\/bucuresti\/#organization"},"potentialAction":[{"@type":"SearchAction","target":{"@type":"EntryPoint","urlTemplate":"https:\/\/buletin.de\/bucuresti\/?s={search_term_string}"},"query-input":{"@type":"PropertyValueSpecification","valueRequired":true,"valueName":"search_term_string"}}],"inLanguage":"en-GB"},{"@type":"Organization","@id":"https:\/\/buletin.de\/bucuresti\/#organization","name":"Buletin de Bucure\u0219ti","url":"https:\/\/buletin.de\/bucuresti\/","logo":{"@type":"ImageObject","inLanguage":"en-GB","@id":"https:\/\/buletin.de\/bucuresti\/#\/schema\/logo\/image\/","url":"https:\/\/buletin.de\/bucuresti\/wp-content\/uploads\/logo-bdb-full-wide-vernil-transparent.png","contentUrl":"https:\/\/buletin.de\/bucuresti\/wp-content\/uploads\/logo-bdb-full-wide-vernil-transparent.png","width":1782,"height":626,"caption":"Buletin de Bucure\u0219ti"},"image":{"@id":"https:\/\/buletin.de\/bucuresti\/#\/schema\/logo\/image\/"},"sameAs":["https:\/\/www.facebook.com\/buletin.de.buc","https:\/\/www.instagram.com\/buletinde.bucuresti\/"]},{"@type":"Person","@id":"https:\/\/buletin.de\/bucuresti\/#\/schema\/person\/150590659efde715459d159da012f501","name":"Andreea Tudor","image":{"@type":"ImageObject","inLanguage":"en-GB","@id":"https:\/\/secure.gravatar.com\/avatar\/a88705a186ab0b67f3349bcbced506c09e37256fbaad0e7f3bd1a79b4599f589?s=96&d=monsterid&r=g79290610aa1a65c2b86eebc2ca5aee8f","url":"https:\/\/secure.gravatar.com\/avatar\/a88705a186ab0b67f3349bcbced506c09e37256fbaad0e7f3bd1a79b4599f589?s=96&d=monsterid&r=g","contentUrl":"https:\/\/secure.gravatar.com\/avatar\/a88705a186ab0b67f3349bcbced506c09e37256fbaad0e7f3bd1a79b4599f589?s=96&d=monsterid&r=g","caption":"Andreea Tudor"},"description":"N\u0103scut\u0103 \u0219i crescut\u0103 \u00een Bucure\u0219ti, sus\u021bin\u0103toare a presei independente. A\u0219a am ajuns redactor la Buletin de Bucure\u0219ti. Fiind eu, \u00eens\u0103mi, parte a sistemului de \u00eenv\u0103\u021b\u0103m\u00e2nt rom\u00e2nesc \u0219i pasionat\u0103 de domeniul social, pun sub lup\u0103 tot ceea ce se \u00eent\u00e2mpl\u0103 \u00een sfera educa\u021biei. Cred cu t\u0103rie c\u0103 presa \u201epentru cet\u0103\u021beni\u201d este presa independent\u0103. Oamenii au nevoie de o informare corect\u0103 pentru a \u00een\u021belege pe deplin ce se \u00eent\u00e2mpl\u0103 \u00een jurul lor \u0219i pentru a lua ac\u021biune \u00eempotriva nedrept\u0103\u021bilor.","url":"https:\/\/buletin.de\/bucuresti\/author\/andreeatudor\/"}]}},"authors":[{"term_id":22573,"user_id":55,"is_guest":0,"slug":"andreeatudor","display_name":"Andreea Tudor","avatar_url":"https:\/\/secure.gravatar.com\/avatar\/a88705a186ab0b67f3349bcbced506c09e37256fbaad0e7f3bd1a79b4599f589?s=96&d=monsterid&r=g","0":null,"1":"","2":"","3":"","4":"","5":"","6":"","7":"","8":""}],"_links":{"self":[{"href":"https:\/\/buletin.de\/bucuresti\/wp-json\/wp\/v2\/posts\/80282","targetHints":{"allow":["GET"]}}],"collection":[{"href":"https:\/\/buletin.de\/bucuresti\/wp-json\/wp\/v2\/posts"}],"about":[{"href":"https:\/\/buletin.de\/bucuresti\/wp-json\/wp\/v2\/types\/post"}],"author":[{"embeddable":true,"href":"https:\/\/buletin.de\/bucuresti\/wp-json\/wp\/v2\/users\/55"}],"replies":[{"embeddable":true,"href":"https:\/\/buletin.de\/bucuresti\/wp-json\/wp\/v2\/comments?post=80282"}],"version-history":[{"count":5,"href":"https:\/\/buletin.de\/bucuresti\/wp-json\/wp\/v2\/posts\/80282\/revisions"}],"predecessor-version":[{"id":80296,"href":"https:\/\/buletin.de\/bucuresti\/wp-json\/wp\/v2\/posts\/80282\/revisions\/80296"}],"wp:featuredmedia":[{"embeddable":true,"href":"https:\/\/buletin.de\/bucuresti\/wp-json\/wp\/v2\/media\/80291"}],"wp:attachment":[{"href":"https:\/\/buletin.de\/bucuresti\/wp-json\/wp\/v2\/media?parent=80282"}],"wp:term":[{"taxonomy":"category","embeddable":true,"href":"https:\/\/buletin.de\/bucuresti\/wp-json\/wp\/v2\/categories?post=80282"},{"taxonomy":"post_tag","embeddable":true,"href":"https:\/\/buletin.de\/bucuresti\/wp-json\/wp\/v2\/tags?post=80282"},{"taxonomy":"author","embeddable":true,"href":"https:\/\/buletin.de\/bucuresti\/wp-json\/wp\/v2\/ppma_author?post=80282"}],"curies":[{"name":"wp","href":"https:\/\/api.w.org\/{rel}","templated":true}]}}