{"id":80263,"date":"2024-03-18T07:08:00","date_gmt":"2024-03-18T05:08:00","guid":{"rendered":"https:\/\/buletin.de\/bucuresti\/?p=80263"},"modified":"2024-03-18T07:07:25","modified_gmt":"2024-03-18T05:07:25","slug":"incep-tratamentele-pentru-combaterea-capuselor-pe-toate-spatiile-verzi-din-capitala","status":"publish","type":"post","link":"https:\/\/buletin.de\/bucuresti\/incep-tratamentele-pentru-combaterea-capuselor-pe-toate-spatiile-verzi-din-capitala\/","title":{"rendered":"\u00cencep tratamentele pentru combaterea c\u0103pu\u0219elor, pe toate spa\u021biile verzi din Capital\u0103"},"content":{"rendered":"\n<p><strong>Prim\u0103ria Capitalei \u00eencepe de ast\u0103zi, 18 martie, aplicarea tratamentelor pentru combaterea c\u0103pu\u0219elor. Chimicalele vor fi \u00eempr\u0103\u015ftiate de Compania Municipal\u0103 Eco Igienizare.<\/strong><\/p>\n\n\n\n<p>Cinci tratamente vor fi aplicate, anul acesta, pe toat\u0103 durata sezonului cald, pe toate suprafe\u021bele cu vegeta\u021bie ale domeniului public:<\/p>\n\n\n\n<ul class=\"wp-block-list\">\n<li>parcuri;<\/li>\n\n\n\n<li>gr\u0103dini publice;<\/li>\n\n\n\n<li>locuri de agrement;<\/li>\n\n\n\n<li>cimitire \u0219i spa\u021bii sau terenuri aferente imobilelor &#8211; asocia\u021bii de locatari \/proprietari, c\u0103mine de elevi, locuin\u021be sociale.<\/li>\n<\/ul>\n\n\n\n<p>Tratamentele se efectueaz\u0103 prin pulverizare \/ atomizare cu echipamente specifice. Produsul insecticid este utilizat pentru combaterea c\u0103pu\u0219elor, \u021b\u00e2n\u021barilor, mu\u0219telor \u0219i g\u00e2ndacilor. \u00cen concentra\u021bia de 2%, folosit\u0103 pentru combaterea c\u0103pu\u0219elor, solu\u021bia insecticid\u0103 nu este toxic\u0103 pentru om \u0219i animale. Toate produsele biocide utilizate de CMEIB sunt avizate de Ministerul S\u0103n\u0103t\u0103\u021bii.<\/p>\n\n\n\n<figure class=\"wp-block-image size-large is-resized\"><img fetchpriority=\"high\" decoding=\"async\" width=\"675\" height=\"900\" src=\"data:image\/gif;base64,R0lGODlhAQABAAAAACH5BAEKAAEALAAAAAABAAEAAAICTAEAOw==\" data-src=\"https:\/\/buletin.de\/bucuresti\/wp-content\/uploads\/tratamente-capuse-2-675x900.jpeg\" alt=\"\" class=\"wp-image-80268 lazyload\" style=\"width:840px;height:auto\" data-sizes=\"auto\" data-srcset=\"https:\/\/buletin.de\/bucuresti\/wp-content\/uploads\/tratamente-capuse-2-675x900.jpeg 675w, https:\/\/buletin.de\/bucuresti\/wp-content\/uploads\/tratamente-capuse-2-225x300.jpeg 225w, https:\/\/buletin.de\/bucuresti\/wp-content\/uploads\/tratamente-capuse-2-768x1024.jpeg 768w, https:\/\/buletin.de\/bucuresti\/wp-content\/uploads\/tratamente-capuse-2-1152x1536.jpeg 1152w, https:\/\/buletin.de\/bucuresti\/wp-content\/uploads\/tratamente-capuse-2-1100x1467.jpeg 1100w, https:\/\/buletin.de\/bucuresti\/wp-content\/uploads\/tratamente-capuse-2-600x800.jpeg 600w, https:\/\/buletin.de\/bucuresti\/wp-content\/uploads\/tratamente-capuse-2-20x27.jpeg 20w, https:\/\/buletin.de\/bucuresti\/wp-content\/uploads\/tratamente-capuse-2.jpeg 1200w\" sizes=\"(max-width: 675px) 100vw, 675px\" \/><\/figure>\n\n\n\n<p>Cet\u0103\u021benii pot face sesiz\u0103ri \u00een leg\u0103tur\u0103 cu apari\u021bia oric\u0103ror focare de infestare \u00een Capital\u0103. Se poate contacta Compania Municipal\u0103 Eco Igienizare la num\u0103rul  0752.041.898  \u0219i la adresa de mail <strong>sesizari@cmeib.ro<\/strong>.<\/p>\n\n\n\n<p>Medicii atrag aten\u021bia c\u0103 este foarte important s\u0103 depist\u0103m c\u0103pu\u0219a imediat.\u00cen cazul copiilor, este bine s\u0103 fie verifica\u021bi, cu aten\u021bie, de fiecare dat\u0103 c\u00e2nd se \u00eentorc din parc sau de la locul de joac\u0103. C\u0103pu\u0219ele pot fi \u00een orice zon\u0103, inclusiv pe scalp sau \u00eentre degete. Acestea trebuie scoase imediat, iar dac\u0103 nu este posibil, trebuie mers la cel mai apropiat cabinet medical.<\/p>\n\n\n\n<p>De asemenea, speciali\u0219tii spun c\u0103, de cele mai multe ori, c\u0103pu\u0219ele nu sunt periculoase. Borelioza (boala Lime) se manifest\u0103 \u00eentr-un procent mic. \u00cen plus, dintre cei care fac infec\u021bia, cei mai mul\u021bi fac forme u\u0219oare, care trec f\u0103r\u0103 medicamenta\u021bie. Procentul celor care fac complica\u021bii este mic, p\u00e2n\u0103 la 5%.<\/p>\n\n\n\n<p><a href=\"https:\/\/www.facebook.com\/photo\/?fbid=732471852393855&amp;set=pcb.732471969060510&amp;__cft__[0]=AZUjsrhaqSc2nmQf1iqPSOcFG8IntqzJ5A0VbvMsCEdpVS61kBFVZBqVJoKVZcf0Ghc5psvnln0ODFgrwUJZMtKIEFDi1z6fiORhrS1PuLSCg1gQ2Gbu6PJYan5hAYkgDgKMvo3pSgeB1B_oHMD9c_MY_4qidWCMw27cjDor-glAY4y8957OI0m2SP5JwvAAno8&amp;__tn__=*bH-R\"><\/a><\/p>\n\n\n\n<p><a href=\"https:\/\/www.facebook.com\/photo\/?fbid=732471929060514&amp;set=pcb.732471969060510&amp;__cft__[0]=AZUjsrhaqSc2nmQf1iqPSOcFG8IntqzJ5A0VbvMsCEdpVS61kBFVZBqVJoKVZcf0Ghc5psvnln0ODFgrwUJZMtKIEFDi1z6fiORhrS1PuLSCg1gQ2Gbu6PJYan5hAYkgDgKMvo3pSgeB1B_oHMD9c_MY_4qidWCMw27cjDor-glAY4y8957OI0m2SP5JwvAAno8&amp;__tn__=*bH-R\"><\/a><\/p>\n","protected":false},"excerpt":{"rendered":"<p>Prim\u0103ria Capitalei \u00eencepe de ast\u0103zi, 18 martie, aplicarea tratamentelor pentru combaterea c\u0103pu\u0219elor. Chimicalele vor fi \u00eempr\u0103\u015ftiate de Compania Municipal\u0103 Eco Igienizare. Cinci tratamente vor fi aplicate, anul acesta, pe toat\u0103 durata sezonului cald, pe toate suprafe\u021bele cu vegeta\u021bie ale domeniului public: Tratamentele se efectueaz\u0103 prin pulverizare \/ atomizare cu echipamente specifice. Produsul insecticid este utilizat [&hellip;]<\/p>\n","protected":false},"author":49,"featured_media":80267,"comment_status":"closed","ping_status":"open","sticky":false,"template":"","format":"standard","meta":{"_acf_changed":false,"inline_featured_image":false,"ngg_post_thumbnail":0,"footnotes":""},"categories":[6994,24,4,62],"tags":[10558,6723,258,10557],"ppma_author":[22574],"class_list":["post-80263","post","type-post","status-publish","format-standard","has-post-thumbnail","hentry","category-stiri-2","category-primarie","category-sanatate","category-stiri","tag-combaterea-capuselor","tag-compania-municipala-eco-igienizare","tag-primaria-capitalei","tag-tratamente-capuse"],"acf":[],"yoast_head":"<!-- This site is optimized with the Yoast SEO Premium plugin v25.3 (Yoast SEO v27.5) - https:\/\/yoast.com\/product\/yoast-seo-premium-wordpress\/ -->\n<title>\u00cencep tratamentele pentru combaterea c\u0103pu\u0219elor, pe toate spa\u021biile verzi din Capital\u0103 - Buletin de Bucure\u0219ti<\/title>\n<meta name=\"robots\" content=\"index, follow, max-snippet:-1, max-image-preview:large, max-video-preview:-1\" \/>\n<link rel=\"canonical\" href=\"https:\/\/buletin.de\/bucuresti\/incep-tratamentele-pentru-combaterea-capuselor-pe-toate-spatiile-verzi-din-capitala\/\" \/>\n<meta property=\"og:locale\" content=\"en_GB\" \/>\n<meta property=\"og:type\" content=\"article\" \/>\n<meta property=\"og:title\" content=\"\u00cencep tratamentele pentru combaterea c\u0103pu\u0219elor, pe toate spa\u021biile verzi din Capital\u0103\" \/>\n<meta property=\"og:description\" content=\"Prim\u0103ria Capitalei \u00eencepe de ast\u0103zi, 18 martie, aplicarea tratamentelor pentru combaterea c\u0103pu\u0219elor. Chimicalele vor fi \u00eempr\u0103\u015ftiate de Compania Municipal\u0103 Eco Igienizare. Cinci tratamente vor fi aplicate, anul acesta, pe toat\u0103 durata sezonului cald, pe toate suprafe\u021bele cu vegeta\u021bie ale domeniului public: Tratamentele se efectueaz\u0103 prin pulverizare \/ atomizare cu echipamente specifice. Produsul insecticid este utilizat [&hellip;]\" \/>\n<meta property=\"og:url\" content=\"https:\/\/buletin.de\/bucuresti\/incep-tratamentele-pentru-combaterea-capuselor-pe-toate-spatiile-verzi-din-capitala\/\" \/>\n<meta property=\"og:site_name\" content=\"Buletin de Bucure\u0219ti\" \/>\n<meta property=\"article:publisher\" content=\"https:\/\/www.facebook.com\/buletin.de.buc\" \/>\n<meta property=\"article:published_time\" content=\"2024-03-18T05:08:00+00:00\" \/>\n<meta property=\"og:image\" content=\"https:\/\/buletin.de\/bucuresti\/wp-content\/uploads\/tratamente-capuse.jpeg\" \/>\n\t<meta property=\"og:image:width\" content=\"1200\" \/>\n\t<meta property=\"og:image:height\" content=\"1600\" \/>\n\t<meta property=\"og:image:type\" content=\"image\/jpeg\" \/>\n<meta name=\"author\" content=\"Diana Matei\" \/>\n<meta name=\"twitter:card\" content=\"summary_large_image\" \/>\n<meta name=\"twitter:label1\" content=\"Written by\" \/>\n\t<meta name=\"twitter:data1\" content=\"Diana Matei\" \/>\n\t<meta name=\"twitter:label2\" content=\"Estimated reading time\" \/>\n\t<meta name=\"twitter:data2\" content=\"2 minutes\" \/>\n<script type=\"application\/ld+json\" class=\"yoast-schema-graph\">{\"@context\":\"https:\\\/\\\/schema.org\",\"@graph\":[{\"@type\":\"Article\",\"@id\":\"https:\\\/\\\/buletin.de\\\/bucuresti\\\/incep-tratamentele-pentru-combaterea-capuselor-pe-toate-spatiile-verzi-din-capitala\\\/#article\",\"isPartOf\":{\"@id\":\"https:\\\/\\\/buletin.de\\\/bucuresti\\\/incep-tratamentele-pentru-combaterea-capuselor-pe-toate-spatiile-verzi-din-capitala\\\/\"},\"author\":{\"name\":\"Diana Matei\",\"@id\":\"https:\\\/\\\/buletin.de\\\/bucuresti\\\/#\\\/schema\\\/person\\\/7e46040573290777280a0835d81ea4ea\"},\"headline\":\"\u00cencep tratamentele pentru combaterea c\u0103pu\u0219elor, pe toate spa\u021biile verzi din Capital\u0103\",\"datePublished\":\"2024-03-18T05:08:00+00:00\",\"mainEntityOfPage\":{\"@id\":\"https:\\\/\\\/buletin.de\\\/bucuresti\\\/incep-tratamentele-pentru-combaterea-capuselor-pe-toate-spatiile-verzi-din-capitala\\\/\"},\"wordCount\":316,\"publisher\":{\"@id\":\"https:\\\/\\\/buletin.de\\\/bucuresti\\\/#organization\"},\"image\":{\"@id\":\"https:\\\/\\\/buletin.de\\\/bucuresti\\\/incep-tratamentele-pentru-combaterea-capuselor-pe-toate-spatiile-verzi-din-capitala\\\/#primaryimage\"},\"thumbnailUrl\":\"https:\\\/\\\/buletin.de\\\/bucuresti\\\/wp-content\\\/uploads\\\/tratamente-capuse.jpeg\",\"keywords\":[\"combaterea capuselor\",\"compania municipala eco igienizare\",\"primaria capitalei\",\"tratamente capuse\"],\"articleSection\":[\"Articole\",\"Prim\u0103rie\",\"S\u0103n\u0103tate\",\"\u0218tiri\"],\"inLanguage\":\"en-GB\",\"copyrightYear\":\"2024\",\"copyrightHolder\":{\"@id\":\"https:\\\/\\\/buletin.de\\\/bucuresti\\\/#organization\"}},{\"@type\":\"WebPage\",\"@id\":\"https:\\\/\\\/buletin.de\\\/bucuresti\\\/incep-tratamentele-pentru-combaterea-capuselor-pe-toate-spatiile-verzi-din-capitala\\\/\",\"url\":\"https:\\\/\\\/buletin.de\\\/bucuresti\\\/incep-tratamentele-pentru-combaterea-capuselor-pe-toate-spatiile-verzi-din-capitala\\\/\",\"name\":\"\u00cencep tratamentele pentru combaterea c\u0103pu\u0219elor, pe toate spa\u021biile verzi din Capital\u0103 - Buletin de Bucure\u0219ti\",\"isPartOf\":{\"@id\":\"https:\\\/\\\/buletin.de\\\/bucuresti\\\/#website\"},\"primaryImageOfPage\":{\"@id\":\"https:\\\/\\\/buletin.de\\\/bucuresti\\\/incep-tratamentele-pentru-combaterea-capuselor-pe-toate-spatiile-verzi-din-capitala\\\/#primaryimage\"},\"image\":{\"@id\":\"https:\\\/\\\/buletin.de\\\/bucuresti\\\/incep-tratamentele-pentru-combaterea-capuselor-pe-toate-spatiile-verzi-din-capitala\\\/#primaryimage\"},\"thumbnailUrl\":\"https:\\\/\\\/buletin.de\\\/bucuresti\\\/wp-content\\\/uploads\\\/tratamente-capuse.jpeg\",\"datePublished\":\"2024-03-18T05:08:00+00:00\",\"breadcrumb\":{\"@id\":\"https:\\\/\\\/buletin.de\\\/bucuresti\\\/incep-tratamentele-pentru-combaterea-capuselor-pe-toate-spatiile-verzi-din-capitala\\\/#breadcrumb\"},\"inLanguage\":\"en-GB\",\"potentialAction\":[{\"@type\":\"ReadAction\",\"target\":[\"https:\\\/\\\/buletin.de\\\/bucuresti\\\/incep-tratamentele-pentru-combaterea-capuselor-pe-toate-spatiile-verzi-din-capitala\\\/\"]}]},{\"@type\":\"ImageObject\",\"inLanguage\":\"en-GB\",\"@id\":\"https:\\\/\\\/buletin.de\\\/bucuresti\\\/incep-tratamentele-pentru-combaterea-capuselor-pe-toate-spatiile-verzi-din-capitala\\\/#primaryimage\",\"url\":\"https:\\\/\\\/buletin.de\\\/bucuresti\\\/wp-content\\\/uploads\\\/tratamente-capuse.jpeg\",\"contentUrl\":\"https:\\\/\\\/buletin.de\\\/bucuresti\\\/wp-content\\\/uploads\\\/tratamente-capuse.jpeg\",\"width\":1200,\"height\":1600,\"caption\":\"FOTO: Facebook\\\/Primaria Bucuresti\"},{\"@type\":\"BreadcrumbList\",\"@id\":\"https:\\\/\\\/buletin.de\\\/bucuresti\\\/incep-tratamentele-pentru-combaterea-capuselor-pe-toate-spatiile-verzi-din-capitala\\\/#breadcrumb\",\"itemListElement\":[{\"@type\":\"ListItem\",\"position\":1,\"name\":\"Acas\u0103\",\"item\":\"https:\\\/\\\/buletin.de\\\/bucuresti\\\/\"},{\"@type\":\"ListItem\",\"position\":2,\"name\":\"\u00cencep tratamentele pentru combaterea c\u0103pu\u0219elor, pe toate spa\u021biile verzi din Capital\u0103\"}]},{\"@type\":\"WebSite\",\"@id\":\"https:\\\/\\\/buletin.de\\\/bucuresti\\\/#website\",\"url\":\"https:\\\/\\\/buletin.de\\\/bucuresti\\\/\",\"name\":\"Buletin de Bucure\u0219ti\",\"description\":\"\u0218tiri \u0219i investiga\u021bii esen\u021biale din capital\u0103\",\"publisher\":{\"@id\":\"https:\\\/\\\/buletin.de\\\/bucuresti\\\/#organization\"},\"potentialAction\":[{\"@type\":\"SearchAction\",\"target\":{\"@type\":\"EntryPoint\",\"urlTemplate\":\"https:\\\/\\\/buletin.de\\\/bucuresti\\\/?s={search_term_string}\"},\"query-input\":{\"@type\":\"PropertyValueSpecification\",\"valueRequired\":true,\"valueName\":\"search_term_string\"}}],\"inLanguage\":\"en-GB\"},{\"@type\":\"Organization\",\"@id\":\"https:\\\/\\\/buletin.de\\\/bucuresti\\\/#organization\",\"name\":\"Buletin de Bucure\u0219ti\",\"url\":\"https:\\\/\\\/buletin.de\\\/bucuresti\\\/\",\"logo\":{\"@type\":\"ImageObject\",\"inLanguage\":\"en-GB\",\"@id\":\"https:\\\/\\\/buletin.de\\\/bucuresti\\\/#\\\/schema\\\/logo\\\/image\\\/\",\"url\":\"https:\\\/\\\/buletin.de\\\/bucuresti\\\/wp-content\\\/uploads\\\/logo-bdb-full-wide-vernil-transparent.png\",\"contentUrl\":\"https:\\\/\\\/buletin.de\\\/bucuresti\\\/wp-content\\\/uploads\\\/logo-bdb-full-wide-vernil-transparent.png\",\"width\":1782,\"height\":626,\"caption\":\"Buletin de Bucure\u0219ti\"},\"image\":{\"@id\":\"https:\\\/\\\/buletin.de\\\/bucuresti\\\/#\\\/schema\\\/logo\\\/image\\\/\"},\"sameAs\":[\"https:\\\/\\\/www.facebook.com\\\/buletin.de.buc\",\"https:\\\/\\\/www.instagram.com\\\/buletinde.bucuresti\\\/\"]},{\"@type\":\"Person\",\"@id\":\"https:\\\/\\\/buletin.de\\\/bucuresti\\\/#\\\/schema\\\/person\\\/7e46040573290777280a0835d81ea4ea\",\"name\":\"Diana Matei\",\"image\":{\"@type\":\"ImageObject\",\"inLanguage\":\"en-GB\",\"@id\":\"https:\\\/\\\/buletin.de\\\/bucuresti\\\/wp-content\\\/uploads\\\/9-2-96x96.jpg1e8590b30871d70e62ebcdaf2eff570c\",\"url\":\"https:\\\/\\\/buletin.de\\\/bucuresti\\\/wp-content\\\/uploads\\\/9-2-96x96.jpg\",\"contentUrl\":\"https:\\\/\\\/buletin.de\\\/bucuresti\\\/wp-content\\\/uploads\\\/9-2-96x96.jpg\",\"caption\":\"Diana Matei\"},\"url\":\"https:\\\/\\\/buletin.de\\\/bucuresti\\\/author\\\/dianamatei\\\/\"}]}<\/script>\n<!-- \/ Yoast SEO Premium plugin. -->","yoast_head_json":{"title":"\u00cencep tratamentele pentru combaterea c\u0103pu\u0219elor, pe toate spa\u021biile verzi din Capital\u0103 - Buletin de Bucure\u0219ti","robots":{"index":"index","follow":"follow","max-snippet":"max-snippet:-1","max-image-preview":"max-image-preview:large","max-video-preview":"max-video-preview:-1"},"canonical":"https:\/\/buletin.de\/bucuresti\/incep-tratamentele-pentru-combaterea-capuselor-pe-toate-spatiile-verzi-din-capitala\/","og_locale":"en_GB","og_type":"article","og_title":"\u00cencep tratamentele pentru combaterea c\u0103pu\u0219elor, pe toate spa\u021biile verzi din Capital\u0103","og_description":"Prim\u0103ria Capitalei \u00eencepe de ast\u0103zi, 18 martie, aplicarea tratamentelor pentru combaterea c\u0103pu\u0219elor. Chimicalele vor fi \u00eempr\u0103\u015ftiate de Compania Municipal\u0103 Eco Igienizare. Cinci tratamente vor fi aplicate, anul acesta, pe toat\u0103 durata sezonului cald, pe toate suprafe\u021bele cu vegeta\u021bie ale domeniului public: Tratamentele se efectueaz\u0103 prin pulverizare \/ atomizare cu echipamente specifice. Produsul insecticid este utilizat [&hellip;]","og_url":"https:\/\/buletin.de\/bucuresti\/incep-tratamentele-pentru-combaterea-capuselor-pe-toate-spatiile-verzi-din-capitala\/","og_site_name":"Buletin de Bucure\u0219ti","article_publisher":"https:\/\/www.facebook.com\/buletin.de.buc","article_published_time":"2024-03-18T05:08:00+00:00","og_image":[{"width":1200,"height":1600,"url":"https:\/\/buletin.de\/bucuresti\/wp-content\/uploads\/tratamente-capuse.jpeg","type":"image\/jpeg"}],"author":"Diana Matei","twitter_card":"summary_large_image","twitter_misc":{"Written by":"Diana Matei","Estimated reading time":"2 minutes"},"schema":{"@context":"https:\/\/schema.org","@graph":[{"@type":"Article","@id":"https:\/\/buletin.de\/bucuresti\/incep-tratamentele-pentru-combaterea-capuselor-pe-toate-spatiile-verzi-din-capitala\/#article","isPartOf":{"@id":"https:\/\/buletin.de\/bucuresti\/incep-tratamentele-pentru-combaterea-capuselor-pe-toate-spatiile-verzi-din-capitala\/"},"author":{"name":"Diana Matei","@id":"https:\/\/buletin.de\/bucuresti\/#\/schema\/person\/7e46040573290777280a0835d81ea4ea"},"headline":"\u00cencep tratamentele pentru combaterea c\u0103pu\u0219elor, pe toate spa\u021biile verzi din Capital\u0103","datePublished":"2024-03-18T05:08:00+00:00","mainEntityOfPage":{"@id":"https:\/\/buletin.de\/bucuresti\/incep-tratamentele-pentru-combaterea-capuselor-pe-toate-spatiile-verzi-din-capitala\/"},"wordCount":316,"publisher":{"@id":"https:\/\/buletin.de\/bucuresti\/#organization"},"image":{"@id":"https:\/\/buletin.de\/bucuresti\/incep-tratamentele-pentru-combaterea-capuselor-pe-toate-spatiile-verzi-din-capitala\/#primaryimage"},"thumbnailUrl":"https:\/\/buletin.de\/bucuresti\/wp-content\/uploads\/tratamente-capuse.jpeg","keywords":["combaterea capuselor","compania municipala eco igienizare","primaria capitalei","tratamente capuse"],"articleSection":["Articole","Prim\u0103rie","S\u0103n\u0103tate","\u0218tiri"],"inLanguage":"en-GB","copyrightYear":"2024","copyrightHolder":{"@id":"https:\/\/buletin.de\/bucuresti\/#organization"}},{"@type":"WebPage","@id":"https:\/\/buletin.de\/bucuresti\/incep-tratamentele-pentru-combaterea-capuselor-pe-toate-spatiile-verzi-din-capitala\/","url":"https:\/\/buletin.de\/bucuresti\/incep-tratamentele-pentru-combaterea-capuselor-pe-toate-spatiile-verzi-din-capitala\/","name":"\u00cencep tratamentele pentru combaterea c\u0103pu\u0219elor, pe toate spa\u021biile verzi din Capital\u0103 - Buletin de Bucure\u0219ti","isPartOf":{"@id":"https:\/\/buletin.de\/bucuresti\/#website"},"primaryImageOfPage":{"@id":"https:\/\/buletin.de\/bucuresti\/incep-tratamentele-pentru-combaterea-capuselor-pe-toate-spatiile-verzi-din-capitala\/#primaryimage"},"image":{"@id":"https:\/\/buletin.de\/bucuresti\/incep-tratamentele-pentru-combaterea-capuselor-pe-toate-spatiile-verzi-din-capitala\/#primaryimage"},"thumbnailUrl":"https:\/\/buletin.de\/bucuresti\/wp-content\/uploads\/tratamente-capuse.jpeg","datePublished":"2024-03-18T05:08:00+00:00","breadcrumb":{"@id":"https:\/\/buletin.de\/bucuresti\/incep-tratamentele-pentru-combaterea-capuselor-pe-toate-spatiile-verzi-din-capitala\/#breadcrumb"},"inLanguage":"en-GB","potentialAction":[{"@type":"ReadAction","target":["https:\/\/buletin.de\/bucuresti\/incep-tratamentele-pentru-combaterea-capuselor-pe-toate-spatiile-verzi-din-capitala\/"]}]},{"@type":"ImageObject","inLanguage":"en-GB","@id":"https:\/\/buletin.de\/bucuresti\/incep-tratamentele-pentru-combaterea-capuselor-pe-toate-spatiile-verzi-din-capitala\/#primaryimage","url":"https:\/\/buletin.de\/bucuresti\/wp-content\/uploads\/tratamente-capuse.jpeg","contentUrl":"https:\/\/buletin.de\/bucuresti\/wp-content\/uploads\/tratamente-capuse.jpeg","width":1200,"height":1600,"caption":"FOTO: Facebook\/Primaria Bucuresti"},{"@type":"BreadcrumbList","@id":"https:\/\/buletin.de\/bucuresti\/incep-tratamentele-pentru-combaterea-capuselor-pe-toate-spatiile-verzi-din-capitala\/#breadcrumb","itemListElement":[{"@type":"ListItem","position":1,"name":"Acas\u0103","item":"https:\/\/buletin.de\/bucuresti\/"},{"@type":"ListItem","position":2,"name":"\u00cencep tratamentele pentru combaterea c\u0103pu\u0219elor, pe toate spa\u021biile verzi din Capital\u0103"}]},{"@type":"WebSite","@id":"https:\/\/buletin.de\/bucuresti\/#website","url":"https:\/\/buletin.de\/bucuresti\/","name":"Buletin de Bucure\u0219ti","description":"\u0218tiri \u0219i investiga\u021bii esen\u021biale din capital\u0103","publisher":{"@id":"https:\/\/buletin.de\/bucuresti\/#organization"},"potentialAction":[{"@type":"SearchAction","target":{"@type":"EntryPoint","urlTemplate":"https:\/\/buletin.de\/bucuresti\/?s={search_term_string}"},"query-input":{"@type":"PropertyValueSpecification","valueRequired":true,"valueName":"search_term_string"}}],"inLanguage":"en-GB"},{"@type":"Organization","@id":"https:\/\/buletin.de\/bucuresti\/#organization","name":"Buletin de Bucure\u0219ti","url":"https:\/\/buletin.de\/bucuresti\/","logo":{"@type":"ImageObject","inLanguage":"en-GB","@id":"https:\/\/buletin.de\/bucuresti\/#\/schema\/logo\/image\/","url":"https:\/\/buletin.de\/bucuresti\/wp-content\/uploads\/logo-bdb-full-wide-vernil-transparent.png","contentUrl":"https:\/\/buletin.de\/bucuresti\/wp-content\/uploads\/logo-bdb-full-wide-vernil-transparent.png","width":1782,"height":626,"caption":"Buletin de Bucure\u0219ti"},"image":{"@id":"https:\/\/buletin.de\/bucuresti\/#\/schema\/logo\/image\/"},"sameAs":["https:\/\/www.facebook.com\/buletin.de.buc","https:\/\/www.instagram.com\/buletinde.bucuresti\/"]},{"@type":"Person","@id":"https:\/\/buletin.de\/bucuresti\/#\/schema\/person\/7e46040573290777280a0835d81ea4ea","name":"Diana Matei","image":{"@type":"ImageObject","inLanguage":"en-GB","@id":"https:\/\/buletin.de\/bucuresti\/wp-content\/uploads\/9-2-96x96.jpg1e8590b30871d70e62ebcdaf2eff570c","url":"https:\/\/buletin.de\/bucuresti\/wp-content\/uploads\/9-2-96x96.jpg","contentUrl":"https:\/\/buletin.de\/bucuresti\/wp-content\/uploads\/9-2-96x96.jpg","caption":"Diana Matei"},"url":"https:\/\/buletin.de\/bucuresti\/author\/dianamatei\/"}]}},"authors":[{"term_id":22574,"user_id":49,"is_guest":0,"slug":"dianamatei","display_name":"Diana Matei","avatar_url":"https:\/\/buletin.de\/bucuresti\/wp-content\/uploads\/9-2-96x96.jpg","0":null,"1":"","2":"","3":"","4":"","5":"","6":"","7":"","8":""}],"_links":{"self":[{"href":"https:\/\/buletin.de\/bucuresti\/wp-json\/wp\/v2\/posts\/80263","targetHints":{"allow":["GET"]}}],"collection":[{"href":"https:\/\/buletin.de\/bucuresti\/wp-json\/wp\/v2\/posts"}],"about":[{"href":"https:\/\/buletin.de\/bucuresti\/wp-json\/wp\/v2\/types\/post"}],"author":[{"embeddable":true,"href":"https:\/\/buletin.de\/bucuresti\/wp-json\/wp\/v2\/users\/49"}],"replies":[{"embeddable":true,"href":"https:\/\/buletin.de\/bucuresti\/wp-json\/wp\/v2\/comments?post=80263"}],"version-history":[{"count":3,"href":"https:\/\/buletin.de\/bucuresti\/wp-json\/wp\/v2\/posts\/80263\/revisions"}],"predecessor-version":[{"id":80272,"href":"https:\/\/buletin.de\/bucuresti\/wp-json\/wp\/v2\/posts\/80263\/revisions\/80272"}],"wp:featuredmedia":[{"embeddable":true,"href":"https:\/\/buletin.de\/bucuresti\/wp-json\/wp\/v2\/media\/80267"}],"wp:attachment":[{"href":"https:\/\/buletin.de\/bucuresti\/wp-json\/wp\/v2\/media?parent=80263"}],"wp:term":[{"taxonomy":"category","embeddable":true,"href":"https:\/\/buletin.de\/bucuresti\/wp-json\/wp\/v2\/categories?post=80263"},{"taxonomy":"post_tag","embeddable":true,"href":"https:\/\/buletin.de\/bucuresti\/wp-json\/wp\/v2\/tags?post=80263"},{"taxonomy":"author","embeddable":true,"href":"https:\/\/buletin.de\/bucuresti\/wp-json\/wp\/v2\/ppma_author?post=80263"}],"curies":[{"name":"wp","href":"https:\/\/api.w.org\/{rel}","templated":true}]}}