{"id":80177,"date":"2024-03-16T07:30:00","date_gmt":"2024-03-16T05:30:00","guid":{"rendered":"https:\/\/buletin.de\/bucuresti\/?p=80177"},"modified":"2024-03-16T11:37:41","modified_gmt":"2024-03-16T09:37:41","slug":"reportaj-drona-alimentata-cu-hidrogen-care-ar-putea-face-livrari-in-bucuresti-peste-cativa-ani-prototipul-a-fost-expus-la-energyfest","status":"publish","type":"post","link":"https:\/\/buletin.de\/bucuresti\/reportaj-drona-alimentata-cu-hidrogen-care-ar-putea-face-livrari-in-bucuresti-peste-cativa-ani-prototipul-a-fost-expus-la-energyfest\/","title":{"rendered":"REPORTAJ | Drona alimentat\u0103 cu hidrogen care ar putea face livr\u0103ri \u00een Bucure\u015fti, peste c\u00e2\u0163iva ani. Prototipul a fost expus la EnergyFest"},"content":{"rendered":"\n<p>Ce-ar fi dac\u0103? <\/p>\n\n\n\n<p>Ce-ar fi dac\u0103 \u00een loc de sunetul motoarelor ori al scuterelor turate conduse care pe trotuar, care pe l\u00e2ng\u0103 trotuar, care, \u015ferpuit, printre ma\u015fini, am auzi&#8230; un zumzet perpetuu. Ma\u015finile s\u0103 tac\u0103, pentru c\u0103 vor fi, foarte probabil, toate electrice. \u015ei, \u00een schimb, s\u0103 fie doar bzzzz, zbrrrrr, vrrrrrr! Un ora\u015f \u00een care s\u0103 roiasc\u0103 drone, mici curieri care s\u0103 duc\u0103 de colo-colo comenzi de m\u00e2ncare libanez\u0103, noul iPhone, scutece pentru \u0103la mic \u015fi un buchet de flori care s\u0103-l salveze pe so\u0163ul care a uitat de aniversarea <em>lor<\/em>? <\/p>\n\n\n\n<p>G\u00e2ndul \u0103sta, ne-a roit \u015fi nou\u0103 prin cap, bzzzz \u015fi zbrrr, c\u00e2nd am mers la EnergyFEST, t\u00e2rgul destinat energiei verzi \u015fi sustenabilit\u0103\u0163ii. \u00cen holul rectoratului Universit\u0103\u0163ii Politehnica Bucure\u015fti erau standuri \u015fi st\u0103ndule\u0163e, cu tot felul de tehnologii. Ai fi tentat s\u0103 spui c\u0103 viitorul este aici, dac\u0103 n-ar fi un cli\u015feu at\u00e2t de facil. Dar mai e cli\u015feul cli\u015feu c\u00e2nd&#8230; e adev\u0103rat? Totul se bazeaz\u0103 pe realitate augmentat\u0103, pe realitate virtual\u0103, pe inteligen\u0163\u0103 artificial\u0103, pe drone \u015fi pe robo\u0163i. <\/p>\n\n\n\n<p>Printre cele mai intrigante exponate la care se opreau to\u0163i era un p\u0103ianjen metalic, cu o burt\u0103 cilindric\u0103. Asta \u00een ochii copiilor. Pentru viitorii ingineri \u015fi pentru cercet\u0103tori, e, de fapt, o dron\u0103 cu un tanc de hidrogen care s-o propulseze \u015fi care prinde p\u00e2n\u0103 la <strong>68 de kilometri pe or\u0103<\/strong>. Este prototipul Institutului Na\u0163ional de Cercetare-Dezvoltare pentru Tehnologii Criogenice \u015fi Izotopice R\u00e2mnicu V\u00e2lcea (ICSI). \u015ei este prima dron\u0103 alimentat\u0103 cu hidrogen produs\u0103 \u00een Rom\u00e2nia.<\/p>\n\n\n\n<p>Aminti\u0163i-v\u0103 &#8211; primii Terminatori din seria care l-a consacrat pe Arnold nu erau nici cei mai ar\u0103to\u015fi, nici cei mai pu\u015fi la punct. Dar ce drumuri o s\u0103 deschid\u0103 aceast\u0103 dron\u0103! Propulsat\u0103 doar de energie verde, este bunica principalilor curieri de m\u00e2ncare ori produse de pe e-shop-uri din urm\u0103toarele decenii. Pe alte meleaguri, dronele sunt deja folosite pentru curierat. Nu neap\u0103rat care func\u0163ioneaz\u0103 pe hidrogen, dar sunt. <\/p>\n\n\n\n<figure class=\"wp-block-embed is-type-video is-provider-youtube wp-block-embed-youtube wp-embed-aspect-16-9 wp-has-aspect-ratio\"><div class=\"wp-block-embed__wrapper\">\n<div class=\"jlvid_container\"><iframe title=\"How does Amazon drone delivery work? - BBC News\" width=\"1200\" height=\"675\" src=\"https:\/\/www.youtube.com\/embed\/ahkeyw-FUlQ?start=175&#038;feature=oembed\" frameborder=\"0\" allow=\"accelerometer; autoplay; clipboard-write; encrypted-media; gyroscope; picture-in-picture; web-share\" allowfullscreen><\/iframe><\/div>\n<\/div><\/figure>\n\n\n\n<p>Cea rom\u00e2neasc\u0103 e prezentat\u0103 momentan drept <em>X8 Multi-Rotor Drone Powered by Hydrogen Fuel Cell<\/em>, dar am putea s-o botez\u0103m noi Zoe, c\u0103 tot zumz\u0103ie pe cer, cu cele opt motora\u015fe ale sale. <\/p>\n\n\n\n<figure class=\"wp-block-gallery has-nested-images columns-default is-cropped wp-block-gallery-1 is-layout-flex wp-block-gallery-is-layout-flex\">\n<figure class=\"wp-block-image size-large\"><img fetchpriority=\"high\" decoding=\"async\" width=\"900\" height=\"599\" data-id=\"80201\" src=\"data:image\/gif;base64,R0lGODlhAQABAAAAACH5BAEKAAEALAAAAAABAAEAAAICTAEAOw==\" data-src=\"https:\/\/buletin.de\/bucuresti\/wp-content\/uploads\/image00006-2-900x599.jpeg\" alt=\"\" class=\"wp-image-80201 lazyload\" data-sizes=\"auto\" data-srcset=\"https:\/\/buletin.de\/bucuresti\/wp-content\/uploads\/image00006-2-900x599.jpeg 900w, https:\/\/buletin.de\/bucuresti\/wp-content\/uploads\/image00006-2-300x200.jpeg 300w, https:\/\/buletin.de\/bucuresti\/wp-content\/uploads\/image00006-2-768x511.jpeg 768w, https:\/\/buletin.de\/bucuresti\/wp-content\/uploads\/image00006-2-1100x732.jpeg 1100w, https:\/\/buletin.de\/bucuresti\/wp-content\/uploads\/image00006-2-600x400.jpeg 600w, https:\/\/buletin.de\/bucuresti\/wp-content\/uploads\/image00006-2-20x13.jpeg 20w, https:\/\/buletin.de\/bucuresti\/wp-content\/uploads\/image00006-2.jpeg 1284w\" sizes=\"(max-width: 900px) 100vw, 900px\" \/><\/figure>\n\n\n\n<figure class=\"wp-block-image size-large\"><img decoding=\"async\" width=\"900\" height=\"599\" data-id=\"80202\" src=\"data:image\/gif;base64,R0lGODlhAQABAAAAACH5BAEKAAEALAAAAAABAAEAAAICTAEAOw==\" data-src=\"https:\/\/buletin.de\/bucuresti\/wp-content\/uploads\/image00009-3-900x599.jpeg\" alt=\"\" class=\"wp-image-80202 lazyload\" data-sizes=\"auto\" data-srcset=\"https:\/\/buletin.de\/bucuresti\/wp-content\/uploads\/image00009-3-900x599.jpeg 900w, https:\/\/buletin.de\/bucuresti\/wp-content\/uploads\/image00009-3-300x200.jpeg 300w, https:\/\/buletin.de\/bucuresti\/wp-content\/uploads\/image00009-3-768x511.jpeg 768w, https:\/\/buletin.de\/bucuresti\/wp-content\/uploads\/image00009-3-1100x732.jpeg 1100w, https:\/\/buletin.de\/bucuresti\/wp-content\/uploads\/image00009-3-600x400.jpeg 600w, https:\/\/buletin.de\/bucuresti\/wp-content\/uploads\/image00009-3-20x13.jpeg 20w, https:\/\/buletin.de\/bucuresti\/wp-content\/uploads\/image00009-3.jpeg 1284w\" sizes=\"(max-width: 900px) 100vw, 900px\" \/><\/figure>\n\n\n\n<figure class=\"wp-block-image size-large\"><img decoding=\"async\" width=\"900\" height=\"599\" data-id=\"80203\" src=\"data:image\/gif;base64,R0lGODlhAQABAAAAACH5BAEKAAEALAAAAAABAAEAAAICTAEAOw==\" data-src=\"https:\/\/buletin.de\/bucuresti\/wp-content\/uploads\/image00010-5-900x599.jpeg\" alt=\"\" class=\"wp-image-80203 lazyload\" data-sizes=\"auto\" data-srcset=\"https:\/\/buletin.de\/bucuresti\/wp-content\/uploads\/image00010-5-900x599.jpeg 900w, https:\/\/buletin.de\/bucuresti\/wp-content\/uploads\/image00010-5-300x200.jpeg 300w, https:\/\/buletin.de\/bucuresti\/wp-content\/uploads\/image00010-5-768x511.jpeg 768w, https:\/\/buletin.de\/bucuresti\/wp-content\/uploads\/image00010-5-1100x732.jpeg 1100w, https:\/\/buletin.de\/bucuresti\/wp-content\/uploads\/image00010-5-600x400.jpeg 600w, https:\/\/buletin.de\/bucuresti\/wp-content\/uploads\/image00010-5-20x13.jpeg 20w, https:\/\/buletin.de\/bucuresti\/wp-content\/uploads\/image00010-5.jpeg 1284w\" sizes=\"(max-width: 900px) 100vw, 900px\" \/><\/figure>\n<\/figure>\n\n\n\n<p>Conform cercet\u0103torilor care o testeaz\u0103 \u00een baza unui proiect finan\u0163at prin Planul Na\u0163ional de Cercetare, drona are o autonomie de p\u00e2n\u0103 \u00een patru ore (\u00een func\u0163ie de cantitatea de hidrogen) \u015fi poate s\u0103 care p\u00e2n\u0103 la 20 de kilograme. Faza de testare va mai dura \u00eenc\u0103 doi ani, dar deja sunt solicit\u0103ri \u00een agricultur\u0103 &#8211; fermierii ar vrea ca Zoe s\u0103 \u00eempr\u0103\u015ftie \u00eengr\u0103\u015f\u0103m\u00e2nt.<\/p>\n\n\n\n<blockquote class=\"wp-block-quote is-layout-flow wp-block-quote-is-layout-flow\">\n<p class=\"has-medium-font-size\">Suntem convin\u015fi c\u0103, \u00een urm\u0103torii ani, fiecare dintre aceste tehnologii \u00ee\u015fi va aduce aportul \u015fi se vor g\u0103si \u00eentreprinderile sau companiile care s\u0103 utilizeze tehnologiile \u015fi prin care s\u0103 ne ar\u0103t\u0103m cu adev\u0103rat utilitatea \u015fi s\u0103 se vad\u0103 c\u0103, de fapt, tehnologiile bazate pe hidrogen sunt sigure \u015fi nu prezint\u0103 at\u00e2ta pericol. <\/p>\n<cite>Elena Carcadea, directorul Departamentului ICSI Energy<\/cite><\/blockquote>\n\n\n\n<p>Ar putea fi ea folosit\u0103 \u00een aglomer\u0103ri urbane? Deocamdat\u0103, e greu de dat un verdict, pentru c\u0103 nu intr\u0103 \u00een produc\u0163ie p\u00e2n\u0103 c\u00e2nd siguran\u0163a popula\u0163iei nu e o certitudine. De altfel, e unul dintre punctele focale ale cercet\u0103torilor care o testeaz\u0103 \u00een toate condi\u0163iile.<\/p>\n\n\n\n<blockquote class=\"wp-block-quote is-layout-flow wp-block-quote-is-layout-flow\">\n<p class=\"has-medium-font-size\">Chiar dac\u0103 se \u00eent\u00e2mpl\u0103 ca o dron\u0103 s\u0103 se pr\u0103bu\u015feasc\u0103, exist\u0103 ni\u015fte elemente de siguran\u0163\u0103. La func\u0163ionare defectuoas\u0103, acele elemente de control iau comanda, s\u0103 spunem, opresc alimentarea cu hidrogen. Dac\u0103, \u00eentr-adev\u0103r, impactul este unul semnificativ \u015fi acel tanc de hidrogen cumva se fisureaz\u0103, hidrogenul este gazul care are molecula cea mai u\u015foar\u0103 \u015fi chiar dac\u0103 ar fi s\u0103 ia foc, flac\u0103ra se ridic\u0103 \u015fi nu pune \u00een pericol at\u00e2t de mult fa\u0163\u0103 de alte solu\u0163ii tehnologice.<\/p>\n<cite>Elena Carcadea, directorul Departamentului ICSI Energy<\/cite><\/blockquote>\n\n\n\n<p>Cercet\u0103torii spun c\u0103 \u201e<em>scopul aeronavei este de a ac\u021biona ca o platform\u0103 demonstrativ-experimental\u0103 care s\u0103 certifice \u0219i s\u0103 valideze func\u021bionarea \u00een condi\u021bii reale de zbor ale sistemului hibrid electric cu pile de combustibil\/baterii alimentate cu hidrogen comprimat<\/em>\u201d.<\/p>\n\n\n\n<blockquote class=\"wp-block-quote is-layout-flow wp-block-quote-is-layout-flow\">\n<p class=\"has-medium-font-size\">Bateria va furniza toat\u0103 sursa de alimentare suplimentar\u0103, pila de combustibil func\u021bion\u00e2nd la o putere constant\u0103. \u00cen situa\u021bii cu consum redus de energie, pila de combustibil poate \u00eenc\u0103rca bateria.<\/p>\n<cite>ICSI<\/cite><\/blockquote>\n\n\n\n<figure class=\"wp-block-image size-large\"><img loading=\"lazy\" decoding=\"async\" width=\"900\" height=\"599\" src=\"data:image\/gif;base64,R0lGODlhAQABAAAAACH5BAEKAAEALAAAAAABAAEAAAICTAEAOw==\" data-src=\"https:\/\/buletin.de\/bucuresti\/wp-content\/uploads\/image00021-2-900x599.jpeg\" alt=\"\" class=\"wp-image-80187 lazyload\" data-sizes=\"auto\" data-srcset=\"https:\/\/buletin.de\/bucuresti\/wp-content\/uploads\/image00021-2-900x599.jpeg 900w, https:\/\/buletin.de\/bucuresti\/wp-content\/uploads\/image00021-2-300x200.jpeg 300w, https:\/\/buletin.de\/bucuresti\/wp-content\/uploads\/image00021-2-768x511.jpeg 768w, https:\/\/buletin.de\/bucuresti\/wp-content\/uploads\/image00021-2-1100x732.jpeg 1100w, https:\/\/buletin.de\/bucuresti\/wp-content\/uploads\/image00021-2-600x400.jpeg 600w, https:\/\/buletin.de\/bucuresti\/wp-content\/uploads\/image00021-2-20x13.jpeg 20w, https:\/\/buletin.de\/bucuresti\/wp-content\/uploads\/image00021-2.jpeg 1284w\" sizes=\"(max-width: 900px) 100vw, 900px\" \/><\/figure>\n\n\n\n<p>C\u00e2nd legisla\u0163ia, solu\u0163iile tehnice \u015fi apetitul comercial vor fi congruente, cu siguran\u0163\u0103 astfel de drone vor fi folosite la curierat. <\/p>\n\n\n\n<blockquote class=\"wp-block-quote is-layout-flow wp-block-quote-is-layout-flow\">\n<p class=\"has-medium-font-size\">\u00cent\u00e2i trebuie s\u0103 vedem c\u0103 sunt sigure, c\u0103 utilizarea lor nu pune alte probleme de circula\u0163ie \u00een aer. (&#8230;) Dar, normal,  exist\u0103, la nivel interna\u0163ional, se utilizeaz\u0103 dronele pentru transport de m\u0103rfuri, deci nu am nicio \u00eendoial\u0103 c\u0103 viitorul va fi \u00een direc\u0163ia respectiv\u0103. Poate noi ne mi\u015fc\u0103m mai \u00eencet ca \u0163ar\u0103, dar nu cred c\u0103 va fi o problem\u0103. (&#8230;) Orizontul de timp pentru toate aceste tehnologii este anul 2050. Adic\u0103, la nivelul anului 2050 c\u00e2nd se dore\u015fte neutralitatea climatic\u0103 se spune c\u0103 toate aceste tehnologii vor fi puse \u00een func\u0163iune. De-asta investi\u0163iile sunt masive, de-asta inclusiv Rom\u00e2nia face astfel de investi\u0163ii, probabil a\u0163i auzit \u015fi de trenurile pe hidrogen \u015fi de partea aceasta cu generarea de hidrogen, de-asta se dore\u015fte s\u0103 mergem \u00een aceea\u015fi linie cu direc\u0163ia stabilit\u0103 de Europa.<\/p>\n<cite>Elena Carcadea, directorul Departamentului ICSI Energy<\/cite><\/blockquote>\n\n\n\n<p class=\"has-small-font-size\">Specifica\u0163ii tehnice:<\/p>\n\n\n\n<ul class=\"wp-block-list\">\n<li>Masa ini\u0163ial\u0103 &#8211; 8.5 kilograme (corpul aeronavei \u015fi componentele fixe, dar nu \u015fi instala\u0163ia electric\u0103 sau sarcina util\u0103)<\/li>\n\n\n\n<li>Masa total\u0103 la decolare &#8211; 28 de kilograme<\/li>\n\n\n\n<li>Cilindru cu hidrogen de 7,2 litri. Cilindrul din fibr\u0103 de carbon clasa IV poate stoca 150 g hidrogen la 300 bari \u015fi c\u00e2nt\u0103re\u0219te 2,8 kg. <\/li>\n\n\n\n<li>Bateria standard alternativ\u0103 &#8211; 8 kg, cu o energie specific\u0103 de aproximativ 180 Wh\/kg<\/li>\n\n\n\n<li>Autonomie &#8211; p\u00e2n\u0103 la 3.5 ore<\/li>\n\n\n\n<li>Viteza de decolare &#8211; 4.5 m\/s<\/li>\n\n\n\n<li>Viteza de aterizare &#8211; 2.8 m\/s<\/li>\n\n\n\n<li>Viteza maxim\u0103 \u00een zbor &#8211; 68 km\/h<\/li>\n<\/ul>\n\n\n\n<p>Pe l\u00e2ng\u0103 dron\u0103, cercet\u0103torii spun c\u0103 vor s\u0103 fac\u0103 \u015fi o aeronav\u0103 f\u0103r\u0103 pilot, comandat\u0103 prin telecomand\u0103 \u015fi care ar urma s\u0103 aib\u0103 at\u00e2t scopuri civile, c\u00e2t \u015fi militare. <\/p>\n\n\n\n<p>De asemenea, la EnergyFEST, cei de la ICSI au venit \u015fi cu un jeep care are un rezervor de hidrogen. <\/p>\n\n\n\n<figure class=\"wp-block-image size-large\"><img loading=\"lazy\" decoding=\"async\" width=\"900\" height=\"600\" src=\"data:image\/gif;base64,R0lGODlhAQABAAAAACH5BAEKAAEALAAAAAABAAEAAAICTAEAOw==\" data-src=\"https:\/\/buletin.de\/bucuresti\/wp-content\/uploads\/jeep-hidrogen-900x600.jpg\" alt=\"\" class=\"wp-image-80186 lazyload\" data-sizes=\"auto\" data-srcset=\"https:\/\/buletin.de\/bucuresti\/wp-content\/uploads\/jeep-hidrogen-900x600.jpg 900w, https:\/\/buletin.de\/bucuresti\/wp-content\/uploads\/jeep-hidrogen-300x200.jpg 300w, https:\/\/buletin.de\/bucuresti\/wp-content\/uploads\/jeep-hidrogen-768x512.jpg 768w, https:\/\/buletin.de\/bucuresti\/wp-content\/uploads\/jeep-hidrogen-1536x1024.jpg 1536w, https:\/\/buletin.de\/bucuresti\/wp-content\/uploads\/jeep-hidrogen-1600x1066.jpg 1600w, https:\/\/buletin.de\/bucuresti\/wp-content\/uploads\/jeep-hidrogen-1100x733.jpg 1100w, https:\/\/buletin.de\/bucuresti\/wp-content\/uploads\/jeep-hidrogen-600x400.jpg 600w, https:\/\/buletin.de\/bucuresti\/wp-content\/uploads\/jeep-hidrogen-20x13.jpg 20w, https:\/\/buletin.de\/bucuresti\/wp-content\/uploads\/jeep-hidrogen.jpg 2000w\" sizes=\"(max-width: 900px) 100vw, 900px\" \/><\/figure>\n\n\n\n<h2 class=\"wp-block-heading\">Festivalul care alimenteaz\u0103 viitorul<\/h2>\n\n\n\n<p>Programul <a href=\"https:\/\/buletin.de\/bucuresti\/energie-verde-si-solutii-pentru-mediu-la-energyfest\/\">EnergyFEST <\/a>este 14-16 martie. Cine se gr\u0103be\u015fte, poate s\u0103 mai prind\u0103 o sc\u00e2nteie de viitor \u00een holul Rectoratului. <\/p>\n\n\n\n<p>Noi am v\u0103zut standul unde se sudeaz\u0103 cu ajutorul unor ochelari de VR, deci ucenicia nu trebuie s\u0103 se mai fac\u0103 direct cu aparatul de sudur\u0103 \u00een m\u00e2n\u0103 \u015fi cu masca pe fa\u0163\u0103. Practic, spun expozan\u0163ii, acest aparat ajut\u0103 la o mai bun\u0103 \u00een\u021belegere a materialelor folosite. Tehnologia sprijin\u0103 \u015fi la reducerea costurilor pentru formarea speciali\u0219tilor din domeniu.<\/p>\n\n\n\n<figure class=\"wp-block-gallery has-nested-images columns-default is-cropped wp-block-gallery-2 is-layout-flex wp-block-gallery-is-layout-flex\">\n<figure class=\"wp-block-image size-large\"><img loading=\"lazy\" decoding=\"async\" width=\"900\" height=\"599\" data-id=\"80209\" src=\"data:image\/gif;base64,R0lGODlhAQABAAAAACH5BAEKAAEALAAAAAABAAEAAAICTAEAOw==\" data-src=\"https:\/\/buletin.de\/bucuresti\/wp-content\/uploads\/image00016-3-900x599.jpeg\" alt=\"\" class=\"wp-image-80209 lazyload\" data-sizes=\"auto\" data-srcset=\"https:\/\/buletin.de\/bucuresti\/wp-content\/uploads\/image00016-3-900x599.jpeg 900w, https:\/\/buletin.de\/bucuresti\/wp-content\/uploads\/image00016-3-300x200.jpeg 300w, https:\/\/buletin.de\/bucuresti\/wp-content\/uploads\/image00016-3-768x511.jpeg 768w, https:\/\/buletin.de\/bucuresti\/wp-content\/uploads\/image00016-3-1100x732.jpeg 1100w, https:\/\/buletin.de\/bucuresti\/wp-content\/uploads\/image00016-3-600x400.jpeg 600w, https:\/\/buletin.de\/bucuresti\/wp-content\/uploads\/image00016-3-20x13.jpeg 20w, https:\/\/buletin.de\/bucuresti\/wp-content\/uploads\/image00016-3.jpeg 1284w\" sizes=\"(max-width: 900px) 100vw, 900px\" \/><\/figure>\n\n\n\n<figure class=\"wp-block-image size-large\"><img loading=\"lazy\" decoding=\"async\" width=\"900\" height=\"599\" data-id=\"80208\" src=\"data:image\/gif;base64,R0lGODlhAQABAAAAACH5BAEKAAEALAAAAAABAAEAAAICTAEAOw==\" data-src=\"https:\/\/buletin.de\/bucuresti\/wp-content\/uploads\/image00017-2-900x599.jpeg\" alt=\"\" class=\"wp-image-80208 lazyload\" data-sizes=\"auto\" data-srcset=\"https:\/\/buletin.de\/bucuresti\/wp-content\/uploads\/image00017-2-900x599.jpeg 900w, https:\/\/buletin.de\/bucuresti\/wp-content\/uploads\/image00017-2-300x200.jpeg 300w, https:\/\/buletin.de\/bucuresti\/wp-content\/uploads\/image00017-2-768x511.jpeg 768w, https:\/\/buletin.de\/bucuresti\/wp-content\/uploads\/image00017-2-1100x732.jpeg 1100w, https:\/\/buletin.de\/bucuresti\/wp-content\/uploads\/image00017-2-600x400.jpeg 600w, https:\/\/buletin.de\/bucuresti\/wp-content\/uploads\/image00017-2-20x13.jpeg 20w, https:\/\/buletin.de\/bucuresti\/wp-content\/uploads\/image00017-2.jpeg 1284w\" sizes=\"(max-width: 900px) 100vw, 900px\" \/><\/figure>\n\n\n\n<figure class=\"wp-block-image size-large\"><img loading=\"lazy\" decoding=\"async\" width=\"900\" height=\"599\" data-id=\"80206\" src=\"data:image\/gif;base64,R0lGODlhAQABAAAAACH5BAEKAAEALAAAAAABAAEAAAICTAEAOw==\" data-src=\"https:\/\/buletin.de\/bucuresti\/wp-content\/uploads\/image00018-900x599.jpeg\" alt=\"\" class=\"wp-image-80206 lazyload\" data-sizes=\"auto\" data-srcset=\"https:\/\/buletin.de\/bucuresti\/wp-content\/uploads\/image00018-900x599.jpeg 900w, https:\/\/buletin.de\/bucuresti\/wp-content\/uploads\/image00018-300x200.jpeg 300w, https:\/\/buletin.de\/bucuresti\/wp-content\/uploads\/image00018-768x511.jpeg 768w, https:\/\/buletin.de\/bucuresti\/wp-content\/uploads\/image00018-1100x732.jpeg 1100w, https:\/\/buletin.de\/bucuresti\/wp-content\/uploads\/image00018-600x400.jpeg 600w, https:\/\/buletin.de\/bucuresti\/wp-content\/uploads\/image00018-20x13.jpeg 20w, https:\/\/buletin.de\/bucuresti\/wp-content\/uploads\/image00018.jpeg 1284w\" sizes=\"(max-width: 900px) 100vw, 900px\" \/><\/figure>\n\n\n\n<figure class=\"wp-block-image size-large\"><img loading=\"lazy\" decoding=\"async\" width=\"900\" height=\"599\" data-id=\"80207\" src=\"data:image\/gif;base64,R0lGODlhAQABAAAAACH5BAEKAAEALAAAAAABAAEAAAICTAEAOw==\" data-src=\"https:\/\/buletin.de\/bucuresti\/wp-content\/uploads\/image00019-3-900x599.jpeg\" alt=\"\" class=\"wp-image-80207 lazyload\" data-sizes=\"auto\" data-srcset=\"https:\/\/buletin.de\/bucuresti\/wp-content\/uploads\/image00019-3-900x599.jpeg 900w, https:\/\/buletin.de\/bucuresti\/wp-content\/uploads\/image00019-3-300x200.jpeg 300w, https:\/\/buletin.de\/bucuresti\/wp-content\/uploads\/image00019-3-768x511.jpeg 768w, https:\/\/buletin.de\/bucuresti\/wp-content\/uploads\/image00019-3-1100x732.jpeg 1100w, https:\/\/buletin.de\/bucuresti\/wp-content\/uploads\/image00019-3-600x400.jpeg 600w, https:\/\/buletin.de\/bucuresti\/wp-content\/uploads\/image00019-3-20x13.jpeg 20w, https:\/\/buletin.de\/bucuresti\/wp-content\/uploads\/image00019-3.jpeg 1284w\" sizes=\"(max-width: 900px) 100vw, 900px\" \/><\/figure>\n\n\n\n<figure class=\"wp-block-image size-large\"><img loading=\"lazy\" decoding=\"async\" width=\"900\" height=\"599\" data-id=\"80205\" src=\"data:image\/gif;base64,R0lGODlhAQABAAAAACH5BAEKAAEALAAAAAABAAEAAAICTAEAOw==\" data-src=\"https:\/\/buletin.de\/bucuresti\/wp-content\/uploads\/image00020-2-900x599.jpeg\" alt=\"\" class=\"wp-image-80205 lazyload\" data-sizes=\"auto\" data-srcset=\"https:\/\/buletin.de\/bucuresti\/wp-content\/uploads\/image00020-2-900x599.jpeg 900w, https:\/\/buletin.de\/bucuresti\/wp-content\/uploads\/image00020-2-300x200.jpeg 300w, https:\/\/buletin.de\/bucuresti\/wp-content\/uploads\/image00020-2-768x511.jpeg 768w, https:\/\/buletin.de\/bucuresti\/wp-content\/uploads\/image00020-2-1100x732.jpeg 1100w, https:\/\/buletin.de\/bucuresti\/wp-content\/uploads\/image00020-2-600x400.jpeg 600w, https:\/\/buletin.de\/bucuresti\/wp-content\/uploads\/image00020-2-20x13.jpeg 20w, https:\/\/buletin.de\/bucuresti\/wp-content\/uploads\/image00020-2.jpeg 1284w\" sizes=\"(max-width: 900px) 100vw, 900px\" \/><\/figure>\n<\/figure>\n\n\n\n<p>De asemenea, am vizitat cele dou\u0103 simulatoare de monopost full-electric. Pu\u0163ini au fost cei care s-au \u0163inut departe de cursa virtual\u0103 care i-a transpus direct pe un circuit de Formula E. <\/p>\n\n\n\n<figure class=\"wp-block-gallery has-nested-images columns-default is-cropped wp-block-gallery-3 is-layout-flex wp-block-gallery-is-layout-flex\">\n<figure class=\"wp-block-image size-large\"><img loading=\"lazy\" decoding=\"async\" width=\"600\" height=\"900\" data-id=\"80192\" src=\"data:image\/gif;base64,R0lGODlhAQABAAAAACH5BAEKAAEALAAAAAABAAEAAAICTAEAOw==\" data-src=\"https:\/\/buletin.de\/bucuresti\/wp-content\/uploads\/image00003-3-600x900.jpeg\" alt=\"\" class=\"wp-image-80192 lazyload\" data-sizes=\"auto\" data-srcset=\"https:\/\/buletin.de\/bucuresti\/wp-content\/uploads\/image00003-3-600x900.jpeg 600w, https:\/\/buletin.de\/bucuresti\/wp-content\/uploads\/image00003-3-200x300.jpeg 200w, https:\/\/buletin.de\/bucuresti\/wp-content\/uploads\/image00003-3-768x1152.jpeg 768w, https:\/\/buletin.de\/bucuresti\/wp-content\/uploads\/image00003-3-1024x1536.jpeg 1024w, https:\/\/buletin.de\/bucuresti\/wp-content\/uploads\/image00003-3-1100x1650.jpeg 1100w, https:\/\/buletin.de\/bucuresti\/wp-content\/uploads\/image00003-3-20x30.jpeg 20w, https:\/\/buletin.de\/bucuresti\/wp-content\/uploads\/image00003-3.jpeg 1284w\" sizes=\"(max-width: 600px) 100vw, 600px\" \/><\/figure>\n\n\n\n<figure class=\"wp-block-image size-large\"><img loading=\"lazy\" decoding=\"async\" width=\"599\" height=\"900\" data-id=\"80193\" src=\"data:image\/gif;base64,R0lGODlhAQABAAAAACH5BAEKAAEALAAAAAABAAEAAAICTAEAOw==\" data-src=\"https:\/\/buletin.de\/bucuresti\/wp-content\/uploads\/image00016-2-599x900.jpeg\" alt=\"\" class=\"wp-image-80193 lazyload\" data-sizes=\"auto\" data-srcset=\"https:\/\/buletin.de\/bucuresti\/wp-content\/uploads\/image00016-2-599x900.jpeg 599w, https:\/\/buletin.de\/bucuresti\/wp-content\/uploads\/image00016-2-200x300.jpeg 200w, https:\/\/buletin.de\/bucuresti\/wp-content\/uploads\/image00016-2-768x1153.jpeg 768w, https:\/\/buletin.de\/bucuresti\/wp-content\/uploads\/image00016-2-600x901.jpeg 600w, https:\/\/buletin.de\/bucuresti\/wp-content\/uploads\/image00016-2-20x30.jpeg 20w, https:\/\/buletin.de\/bucuresti\/wp-content\/uploads\/image00016-2-rotated.jpeg 855w\" sizes=\"(max-width: 599px) 100vw, 599px\" \/><\/figure>\n<\/figure>\n\n\n\n<p>Iar o aplica\u0163ie care folose\u015fte inteligen\u0163a artificial\u0103 va sprijini business-urile viitorului, dup\u0103 cum ni s-a explicat. Va ajuta la reducerea pierderilor de produc\u021bie \u00een sistemele fotovoltaice industriale. \u201eThe Brain\u201d preia datele direct \u00een invertoare \u015fi le transmite \u00een datacenter, unde AI-ul le prelucreaz\u0103 \u015fi trimite o notificare c\u0103tre beneficiari \u015fi echipele de service cu eventuala sc\u0103dere de produc\u021bie sau defec\u021biune.<\/p>\n\n\n\n<p><\/p>\n","protected":false},"excerpt":{"rendered":"<p>Ce-ar fi dac\u0103? Ce-ar fi dac\u0103 \u00een loc de sunetul motoarelor ori al scuterelor turate conduse care pe trotuar, care pe l\u00e2ng\u0103 trotuar, care, \u015ferpuit, printre ma\u015fini, am auzi&#8230; un zumzet perpetuu. Ma\u015finile s\u0103 tac\u0103, pentru c\u0103 vor fi, foarte probabil, toate electrice. \u015ei, \u00een schimb, s\u0103 fie doar bzzzz, zbrrrrr, vrrrrrr! Un ora\u015f \u00een [&hellip;]<\/p>\n","protected":false},"author":8,"featured_media":80185,"comment_status":"closed","ping_status":"open","sticky":false,"template":"","format":"standard","meta":{"_acf_changed":false,"inline_featured_image":false,"ngg_post_thumbnail":0,"footnotes":""},"categories":[6994,5762,169],"tags":[10546,10461,1489],"ppma_author":[22586],"class_list":["post-80177","post","type-post","status-publish","format-standard","has-post-thumbnail","hentry","category-stiri-2","category-main","category-reportaj","tag-drona-hidrogen","tag-energyfest","tag-politehnica-bucuresti"],"acf":[],"yoast_head":"<!-- This site is optimized with the Yoast SEO Premium plugin v25.3 (Yoast SEO v27.5) - https:\/\/yoast.com\/product\/yoast-seo-premium-wordpress\/ -->\n<title>REPORTAJ | Drona alimentat\u0103 cu hidrogen care ar putea face livr\u0103ri \u00een Bucure\u015fti, peste c\u00e2\u0163iva ani. Prototipul a fost expus la EnergyFest - Buletin de Bucure\u0219ti<\/title>\n<meta name=\"robots\" content=\"index, follow, max-snippet:-1, max-image-preview:large, max-video-preview:-1\" \/>\n<link rel=\"canonical\" href=\"https:\/\/buletin.de\/bucuresti\/reportaj-drona-alimentata-cu-hidrogen-care-ar-putea-face-livrari-in-bucuresti-peste-cativa-ani-prototipul-a-fost-expus-la-energyfest\/\" \/>\n<meta property=\"og:locale\" content=\"en_GB\" \/>\n<meta property=\"og:type\" content=\"article\" \/>\n<meta property=\"og:title\" content=\"REPORTAJ | Drona alimentat\u0103 cu hidrogen care ar putea face livr\u0103ri \u00een Bucure\u015fti, peste c\u00e2\u0163iva ani. Prototipul a fost expus la EnergyFest\" \/>\n<meta property=\"og:description\" content=\"Ce-ar fi dac\u0103? Ce-ar fi dac\u0103 \u00een loc de sunetul motoarelor ori al scuterelor turate conduse care pe trotuar, care pe l\u00e2ng\u0103 trotuar, care, \u015ferpuit, printre ma\u015fini, am auzi&#8230; un zumzet perpetuu. Ma\u015finile s\u0103 tac\u0103, pentru c\u0103 vor fi, foarte probabil, toate electrice. \u015ei, \u00een schimb, s\u0103 fie doar bzzzz, zbrrrrr, vrrrrrr! Un ora\u015f \u00een [&hellip;]\" \/>\n<meta property=\"og:url\" content=\"https:\/\/buletin.de\/bucuresti\/reportaj-drona-alimentata-cu-hidrogen-care-ar-putea-face-livrari-in-bucuresti-peste-cativa-ani-prototipul-a-fost-expus-la-energyfest\/\" \/>\n<meta property=\"og:site_name\" content=\"Buletin de Bucure\u0219ti\" \/>\n<meta property=\"article:publisher\" content=\"https:\/\/www.facebook.com\/buletin.de.buc\" \/>\n<meta property=\"article:published_time\" content=\"2024-03-16T05:30:00+00:00\" \/>\n<meta property=\"article:modified_time\" content=\"2024-03-16T09:37:41+00:00\" \/>\n<meta property=\"og:image\" content=\"https:\/\/buletin.de\/bucuresti\/wp-content\/uploads\/drona-ICSI.jpg\" \/>\n\t<meta property=\"og:image:width\" content=\"2000\" \/>\n\t<meta property=\"og:image:height\" content=\"1333\" \/>\n\t<meta property=\"og:image:type\" content=\"image\/jpeg\" \/>\n<meta name=\"author\" content=\"Ionu\u021b Lepa\" \/>\n<meta name=\"twitter:card\" content=\"summary_large_image\" \/>\n<meta name=\"twitter:label1\" content=\"Written by\" \/>\n\t<meta name=\"twitter:data1\" content=\"Ionu\u021b Lepa\" \/>\n\t<meta name=\"twitter:label2\" content=\"Estimated reading time\" \/>\n\t<meta name=\"twitter:data2\" content=\"7 minutes\" \/>\n<script type=\"application\/ld+json\" class=\"yoast-schema-graph\">{\"@context\":\"https:\\\/\\\/schema.org\",\"@graph\":[{\"@type\":\"Article\",\"@id\":\"https:\\\/\\\/buletin.de\\\/bucuresti\\\/reportaj-drona-alimentata-cu-hidrogen-care-ar-putea-face-livrari-in-bucuresti-peste-cativa-ani-prototipul-a-fost-expus-la-energyfest\\\/#article\",\"isPartOf\":{\"@id\":\"https:\\\/\\\/buletin.de\\\/bucuresti\\\/reportaj-drona-alimentata-cu-hidrogen-care-ar-putea-face-livrari-in-bucuresti-peste-cativa-ani-prototipul-a-fost-expus-la-energyfest\\\/\"},\"author\":{\"name\":\"Ionu\u021b Lepa\",\"@id\":\"https:\\\/\\\/buletin.de\\\/bucuresti\\\/#\\\/schema\\\/person\\\/5272b8a057b33890940b57b837fc4ce6\"},\"headline\":\"REPORTAJ | Drona alimentat\u0103 cu hidrogen care ar putea face livr\u0103ri \u00een Bucure\u015fti, peste c\u00e2\u0163iva ani. Prototipul a fost expus la EnergyFest\",\"datePublished\":\"2024-03-16T05:30:00+00:00\",\"dateModified\":\"2024-03-16T09:37:41+00:00\",\"mainEntityOfPage\":{\"@id\":\"https:\\\/\\\/buletin.de\\\/bucuresti\\\/reportaj-drona-alimentata-cu-hidrogen-care-ar-putea-face-livrari-in-bucuresti-peste-cativa-ani-prototipul-a-fost-expus-la-energyfest\\\/\"},\"wordCount\":1285,\"publisher\":{\"@id\":\"https:\\\/\\\/buletin.de\\\/bucuresti\\\/#organization\"},\"image\":{\"@id\":\"https:\\\/\\\/buletin.de\\\/bucuresti\\\/reportaj-drona-alimentata-cu-hidrogen-care-ar-putea-face-livrari-in-bucuresti-peste-cativa-ani-prototipul-a-fost-expus-la-energyfest\\\/#primaryimage\"},\"thumbnailUrl\":\"https:\\\/\\\/buletin.de\\\/bucuresti\\\/wp-content\\\/uploads\\\/drona-ICSI.jpg\",\"keywords\":[\"drona hidrogen\",\"EnergyFEST\",\"politehnica bucuresti\"],\"articleSection\":[\"Articole\",\"Main\",\"Reportaj\"],\"inLanguage\":\"en-GB\",\"copyrightYear\":\"2024\",\"copyrightHolder\":{\"@id\":\"https:\\\/\\\/buletin.de\\\/bucuresti\\\/#organization\"}},{\"@type\":\"WebPage\",\"@id\":\"https:\\\/\\\/buletin.de\\\/bucuresti\\\/reportaj-drona-alimentata-cu-hidrogen-care-ar-putea-face-livrari-in-bucuresti-peste-cativa-ani-prototipul-a-fost-expus-la-energyfest\\\/\",\"url\":\"https:\\\/\\\/buletin.de\\\/bucuresti\\\/reportaj-drona-alimentata-cu-hidrogen-care-ar-putea-face-livrari-in-bucuresti-peste-cativa-ani-prototipul-a-fost-expus-la-energyfest\\\/\",\"name\":\"REPORTAJ | Drona alimentat\u0103 cu hidrogen care ar putea face livr\u0103ri \u00een Bucure\u015fti, peste c\u00e2\u0163iva ani. Prototipul a fost expus la EnergyFest - Buletin de Bucure\u0219ti\",\"isPartOf\":{\"@id\":\"https:\\\/\\\/buletin.de\\\/bucuresti\\\/#website\"},\"primaryImageOfPage\":{\"@id\":\"https:\\\/\\\/buletin.de\\\/bucuresti\\\/reportaj-drona-alimentata-cu-hidrogen-care-ar-putea-face-livrari-in-bucuresti-peste-cativa-ani-prototipul-a-fost-expus-la-energyfest\\\/#primaryimage\"},\"image\":{\"@id\":\"https:\\\/\\\/buletin.de\\\/bucuresti\\\/reportaj-drona-alimentata-cu-hidrogen-care-ar-putea-face-livrari-in-bucuresti-peste-cativa-ani-prototipul-a-fost-expus-la-energyfest\\\/#primaryimage\"},\"thumbnailUrl\":\"https:\\\/\\\/buletin.de\\\/bucuresti\\\/wp-content\\\/uploads\\\/drona-ICSI.jpg\",\"datePublished\":\"2024-03-16T05:30:00+00:00\",\"dateModified\":\"2024-03-16T09:37:41+00:00\",\"breadcrumb\":{\"@id\":\"https:\\\/\\\/buletin.de\\\/bucuresti\\\/reportaj-drona-alimentata-cu-hidrogen-care-ar-putea-face-livrari-in-bucuresti-peste-cativa-ani-prototipul-a-fost-expus-la-energyfest\\\/#breadcrumb\"},\"inLanguage\":\"en-GB\",\"potentialAction\":[{\"@type\":\"ReadAction\",\"target\":[\"https:\\\/\\\/buletin.de\\\/bucuresti\\\/reportaj-drona-alimentata-cu-hidrogen-care-ar-putea-face-livrari-in-bucuresti-peste-cativa-ani-prototipul-a-fost-expus-la-energyfest\\\/\"]}]},{\"@type\":\"ImageObject\",\"inLanguage\":\"en-GB\",\"@id\":\"https:\\\/\\\/buletin.de\\\/bucuresti\\\/reportaj-drona-alimentata-cu-hidrogen-care-ar-putea-face-livrari-in-bucuresti-peste-cativa-ani-prototipul-a-fost-expus-la-energyfest\\\/#primaryimage\",\"url\":\"https:\\\/\\\/buletin.de\\\/bucuresti\\\/wp-content\\\/uploads\\\/drona-ICSI.jpg\",\"contentUrl\":\"https:\\\/\\\/buletin.de\\\/bucuresti\\\/wp-content\\\/uploads\\\/drona-ICSI.jpg\",\"width\":2000,\"height\":1333},{\"@type\":\"BreadcrumbList\",\"@id\":\"https:\\\/\\\/buletin.de\\\/bucuresti\\\/reportaj-drona-alimentata-cu-hidrogen-care-ar-putea-face-livrari-in-bucuresti-peste-cativa-ani-prototipul-a-fost-expus-la-energyfest\\\/#breadcrumb\",\"itemListElement\":[{\"@type\":\"ListItem\",\"position\":1,\"name\":\"Acas\u0103\",\"item\":\"https:\\\/\\\/buletin.de\\\/bucuresti\\\/\"},{\"@type\":\"ListItem\",\"position\":2,\"name\":\"REPORTAJ | Drona alimentat\u0103 cu hidrogen care ar putea face livr\u0103ri \u00een Bucure\u015fti, peste c\u00e2\u0163iva ani. Prototipul a fost expus la EnergyFest\"}]},{\"@type\":\"WebSite\",\"@id\":\"https:\\\/\\\/buletin.de\\\/bucuresti\\\/#website\",\"url\":\"https:\\\/\\\/buletin.de\\\/bucuresti\\\/\",\"name\":\"Buletin de Bucure\u0219ti\",\"description\":\"\u0218tiri \u0219i investiga\u021bii esen\u021biale din capital\u0103\",\"publisher\":{\"@id\":\"https:\\\/\\\/buletin.de\\\/bucuresti\\\/#organization\"},\"potentialAction\":[{\"@type\":\"SearchAction\",\"target\":{\"@type\":\"EntryPoint\",\"urlTemplate\":\"https:\\\/\\\/buletin.de\\\/bucuresti\\\/?s={search_term_string}\"},\"query-input\":{\"@type\":\"PropertyValueSpecification\",\"valueRequired\":true,\"valueName\":\"search_term_string\"}}],\"inLanguage\":\"en-GB\"},{\"@type\":\"Organization\",\"@id\":\"https:\\\/\\\/buletin.de\\\/bucuresti\\\/#organization\",\"name\":\"Buletin de Bucure\u0219ti\",\"url\":\"https:\\\/\\\/buletin.de\\\/bucuresti\\\/\",\"logo\":{\"@type\":\"ImageObject\",\"inLanguage\":\"en-GB\",\"@id\":\"https:\\\/\\\/buletin.de\\\/bucuresti\\\/#\\\/schema\\\/logo\\\/image\\\/\",\"url\":\"https:\\\/\\\/buletin.de\\\/bucuresti\\\/wp-content\\\/uploads\\\/logo-bdb-full-wide-vernil-transparent.png\",\"contentUrl\":\"https:\\\/\\\/buletin.de\\\/bucuresti\\\/wp-content\\\/uploads\\\/logo-bdb-full-wide-vernil-transparent.png\",\"width\":1782,\"height\":626,\"caption\":\"Buletin de Bucure\u0219ti\"},\"image\":{\"@id\":\"https:\\\/\\\/buletin.de\\\/bucuresti\\\/#\\\/schema\\\/logo\\\/image\\\/\"},\"sameAs\":[\"https:\\\/\\\/www.facebook.com\\\/buletin.de.buc\",\"https:\\\/\\\/www.instagram.com\\\/buletinde.bucuresti\\\/\"]},{\"@type\":\"Person\",\"@id\":\"https:\\\/\\\/buletin.de\\\/bucuresti\\\/#\\\/schema\\\/person\\\/5272b8a057b33890940b57b837fc4ce6\",\"name\":\"Ionu\u021b Lepa\",\"image\":{\"@type\":\"ImageObject\",\"inLanguage\":\"en-GB\",\"@id\":\"https:\\\/\\\/buletin.de\\\/bucuresti\\\/wp-content\\\/uploads\\\/Ionut-Lepa-96x96.jpg5c4e4d9e049808799a8821652d2410a4\",\"url\":\"https:\\\/\\\/buletin.de\\\/bucuresti\\\/wp-content\\\/uploads\\\/Ionut-Lepa-96x96.jpg\",\"contentUrl\":\"https:\\\/\\\/buletin.de\\\/bucuresti\\\/wp-content\\\/uploads\\\/Ionut-Lepa-96x96.jpg\",\"caption\":\"Ionu\u021b Lepa\"},\"url\":\"https:\\\/\\\/buletin.de\\\/bucuresti\\\/author\\\/ionutlepa\\\/\"}]}<\/script>\n<!-- \/ Yoast SEO Premium plugin. -->","yoast_head_json":{"title":"REPORTAJ | Drona alimentat\u0103 cu hidrogen care ar putea face livr\u0103ri \u00een Bucure\u015fti, peste c\u00e2\u0163iva ani. Prototipul a fost expus la EnergyFest - Buletin de Bucure\u0219ti","robots":{"index":"index","follow":"follow","max-snippet":"max-snippet:-1","max-image-preview":"max-image-preview:large","max-video-preview":"max-video-preview:-1"},"canonical":"https:\/\/buletin.de\/bucuresti\/reportaj-drona-alimentata-cu-hidrogen-care-ar-putea-face-livrari-in-bucuresti-peste-cativa-ani-prototipul-a-fost-expus-la-energyfest\/","og_locale":"en_GB","og_type":"article","og_title":"REPORTAJ | Drona alimentat\u0103 cu hidrogen care ar putea face livr\u0103ri \u00een Bucure\u015fti, peste c\u00e2\u0163iva ani. Prototipul a fost expus la EnergyFest","og_description":"Ce-ar fi dac\u0103? Ce-ar fi dac\u0103 \u00een loc de sunetul motoarelor ori al scuterelor turate conduse care pe trotuar, care pe l\u00e2ng\u0103 trotuar, care, \u015ferpuit, printre ma\u015fini, am auzi&#8230; un zumzet perpetuu. Ma\u015finile s\u0103 tac\u0103, pentru c\u0103 vor fi, foarte probabil, toate electrice. \u015ei, \u00een schimb, s\u0103 fie doar bzzzz, zbrrrrr, vrrrrrr! Un ora\u015f \u00een [&hellip;]","og_url":"https:\/\/buletin.de\/bucuresti\/reportaj-drona-alimentata-cu-hidrogen-care-ar-putea-face-livrari-in-bucuresti-peste-cativa-ani-prototipul-a-fost-expus-la-energyfest\/","og_site_name":"Buletin de Bucure\u0219ti","article_publisher":"https:\/\/www.facebook.com\/buletin.de.buc","article_published_time":"2024-03-16T05:30:00+00:00","article_modified_time":"2024-03-16T09:37:41+00:00","og_image":[{"width":2000,"height":1333,"url":"https:\/\/buletin.de\/bucuresti\/wp-content\/uploads\/drona-ICSI.jpg","type":"image\/jpeg"}],"author":"Ionu\u021b Lepa","twitter_card":"summary_large_image","twitter_misc":{"Written by":"Ionu\u021b Lepa","Estimated reading time":"7 minutes"},"schema":{"@context":"https:\/\/schema.org","@graph":[{"@type":"Article","@id":"https:\/\/buletin.de\/bucuresti\/reportaj-drona-alimentata-cu-hidrogen-care-ar-putea-face-livrari-in-bucuresti-peste-cativa-ani-prototipul-a-fost-expus-la-energyfest\/#article","isPartOf":{"@id":"https:\/\/buletin.de\/bucuresti\/reportaj-drona-alimentata-cu-hidrogen-care-ar-putea-face-livrari-in-bucuresti-peste-cativa-ani-prototipul-a-fost-expus-la-energyfest\/"},"author":{"name":"Ionu\u021b Lepa","@id":"https:\/\/buletin.de\/bucuresti\/#\/schema\/person\/5272b8a057b33890940b57b837fc4ce6"},"headline":"REPORTAJ | Drona alimentat\u0103 cu hidrogen care ar putea face livr\u0103ri \u00een Bucure\u015fti, peste c\u00e2\u0163iva ani. Prototipul a fost expus la EnergyFest","datePublished":"2024-03-16T05:30:00+00:00","dateModified":"2024-03-16T09:37:41+00:00","mainEntityOfPage":{"@id":"https:\/\/buletin.de\/bucuresti\/reportaj-drona-alimentata-cu-hidrogen-care-ar-putea-face-livrari-in-bucuresti-peste-cativa-ani-prototipul-a-fost-expus-la-energyfest\/"},"wordCount":1285,"publisher":{"@id":"https:\/\/buletin.de\/bucuresti\/#organization"},"image":{"@id":"https:\/\/buletin.de\/bucuresti\/reportaj-drona-alimentata-cu-hidrogen-care-ar-putea-face-livrari-in-bucuresti-peste-cativa-ani-prototipul-a-fost-expus-la-energyfest\/#primaryimage"},"thumbnailUrl":"https:\/\/buletin.de\/bucuresti\/wp-content\/uploads\/drona-ICSI.jpg","keywords":["drona hidrogen","EnergyFEST","politehnica bucuresti"],"articleSection":["Articole","Main","Reportaj"],"inLanguage":"en-GB","copyrightYear":"2024","copyrightHolder":{"@id":"https:\/\/buletin.de\/bucuresti\/#organization"}},{"@type":"WebPage","@id":"https:\/\/buletin.de\/bucuresti\/reportaj-drona-alimentata-cu-hidrogen-care-ar-putea-face-livrari-in-bucuresti-peste-cativa-ani-prototipul-a-fost-expus-la-energyfest\/","url":"https:\/\/buletin.de\/bucuresti\/reportaj-drona-alimentata-cu-hidrogen-care-ar-putea-face-livrari-in-bucuresti-peste-cativa-ani-prototipul-a-fost-expus-la-energyfest\/","name":"REPORTAJ | Drona alimentat\u0103 cu hidrogen care ar putea face livr\u0103ri \u00een Bucure\u015fti, peste c\u00e2\u0163iva ani. Prototipul a fost expus la EnergyFest - Buletin de Bucure\u0219ti","isPartOf":{"@id":"https:\/\/buletin.de\/bucuresti\/#website"},"primaryImageOfPage":{"@id":"https:\/\/buletin.de\/bucuresti\/reportaj-drona-alimentata-cu-hidrogen-care-ar-putea-face-livrari-in-bucuresti-peste-cativa-ani-prototipul-a-fost-expus-la-energyfest\/#primaryimage"},"image":{"@id":"https:\/\/buletin.de\/bucuresti\/reportaj-drona-alimentata-cu-hidrogen-care-ar-putea-face-livrari-in-bucuresti-peste-cativa-ani-prototipul-a-fost-expus-la-energyfest\/#primaryimage"},"thumbnailUrl":"https:\/\/buletin.de\/bucuresti\/wp-content\/uploads\/drona-ICSI.jpg","datePublished":"2024-03-16T05:30:00+00:00","dateModified":"2024-03-16T09:37:41+00:00","breadcrumb":{"@id":"https:\/\/buletin.de\/bucuresti\/reportaj-drona-alimentata-cu-hidrogen-care-ar-putea-face-livrari-in-bucuresti-peste-cativa-ani-prototipul-a-fost-expus-la-energyfest\/#breadcrumb"},"inLanguage":"en-GB","potentialAction":[{"@type":"ReadAction","target":["https:\/\/buletin.de\/bucuresti\/reportaj-drona-alimentata-cu-hidrogen-care-ar-putea-face-livrari-in-bucuresti-peste-cativa-ani-prototipul-a-fost-expus-la-energyfest\/"]}]},{"@type":"ImageObject","inLanguage":"en-GB","@id":"https:\/\/buletin.de\/bucuresti\/reportaj-drona-alimentata-cu-hidrogen-care-ar-putea-face-livrari-in-bucuresti-peste-cativa-ani-prototipul-a-fost-expus-la-energyfest\/#primaryimage","url":"https:\/\/buletin.de\/bucuresti\/wp-content\/uploads\/drona-ICSI.jpg","contentUrl":"https:\/\/buletin.de\/bucuresti\/wp-content\/uploads\/drona-ICSI.jpg","width":2000,"height":1333},{"@type":"BreadcrumbList","@id":"https:\/\/buletin.de\/bucuresti\/reportaj-drona-alimentata-cu-hidrogen-care-ar-putea-face-livrari-in-bucuresti-peste-cativa-ani-prototipul-a-fost-expus-la-energyfest\/#breadcrumb","itemListElement":[{"@type":"ListItem","position":1,"name":"Acas\u0103","item":"https:\/\/buletin.de\/bucuresti\/"},{"@type":"ListItem","position":2,"name":"REPORTAJ | Drona alimentat\u0103 cu hidrogen care ar putea face livr\u0103ri \u00een Bucure\u015fti, peste c\u00e2\u0163iva ani. Prototipul a fost expus la EnergyFest"}]},{"@type":"WebSite","@id":"https:\/\/buletin.de\/bucuresti\/#website","url":"https:\/\/buletin.de\/bucuresti\/","name":"Buletin de Bucure\u0219ti","description":"\u0218tiri \u0219i investiga\u021bii esen\u021biale din capital\u0103","publisher":{"@id":"https:\/\/buletin.de\/bucuresti\/#organization"},"potentialAction":[{"@type":"SearchAction","target":{"@type":"EntryPoint","urlTemplate":"https:\/\/buletin.de\/bucuresti\/?s={search_term_string}"},"query-input":{"@type":"PropertyValueSpecification","valueRequired":true,"valueName":"search_term_string"}}],"inLanguage":"en-GB"},{"@type":"Organization","@id":"https:\/\/buletin.de\/bucuresti\/#organization","name":"Buletin de Bucure\u0219ti","url":"https:\/\/buletin.de\/bucuresti\/","logo":{"@type":"ImageObject","inLanguage":"en-GB","@id":"https:\/\/buletin.de\/bucuresti\/#\/schema\/logo\/image\/","url":"https:\/\/buletin.de\/bucuresti\/wp-content\/uploads\/logo-bdb-full-wide-vernil-transparent.png","contentUrl":"https:\/\/buletin.de\/bucuresti\/wp-content\/uploads\/logo-bdb-full-wide-vernil-transparent.png","width":1782,"height":626,"caption":"Buletin de Bucure\u0219ti"},"image":{"@id":"https:\/\/buletin.de\/bucuresti\/#\/schema\/logo\/image\/"},"sameAs":["https:\/\/www.facebook.com\/buletin.de.buc","https:\/\/www.instagram.com\/buletinde.bucuresti\/"]},{"@type":"Person","@id":"https:\/\/buletin.de\/bucuresti\/#\/schema\/person\/5272b8a057b33890940b57b837fc4ce6","name":"Ionu\u021b Lepa","image":{"@type":"ImageObject","inLanguage":"en-GB","@id":"https:\/\/buletin.de\/bucuresti\/wp-content\/uploads\/Ionut-Lepa-96x96.jpg5c4e4d9e049808799a8821652d2410a4","url":"https:\/\/buletin.de\/bucuresti\/wp-content\/uploads\/Ionut-Lepa-96x96.jpg","contentUrl":"https:\/\/buletin.de\/bucuresti\/wp-content\/uploads\/Ionut-Lepa-96x96.jpg","caption":"Ionu\u021b Lepa"},"url":"https:\/\/buletin.de\/bucuresti\/author\/ionutlepa\/"}]}},"authors":[{"term_id":22586,"user_id":8,"is_guest":0,"slug":"ionutlepa","display_name":"Ionu\u021b Lepa","avatar_url":"https:\/\/buletin.de\/bucuresti\/wp-content\/uploads\/Ionut-Lepa-96x96.jpg","0":null,"1":"","2":"","3":"","4":"","5":"","6":"","7":"","8":""}],"_links":{"self":[{"href":"https:\/\/buletin.de\/bucuresti\/wp-json\/wp\/v2\/posts\/80177","targetHints":{"allow":["GET"]}}],"collection":[{"href":"https:\/\/buletin.de\/bucuresti\/wp-json\/wp\/v2\/posts"}],"about":[{"href":"https:\/\/buletin.de\/bucuresti\/wp-json\/wp\/v2\/types\/post"}],"author":[{"embeddable":true,"href":"https:\/\/buletin.de\/bucuresti\/wp-json\/wp\/v2\/users\/8"}],"replies":[{"embeddable":true,"href":"https:\/\/buletin.de\/bucuresti\/wp-json\/wp\/v2\/comments?post=80177"}],"version-history":[{"count":5,"href":"https:\/\/buletin.de\/bucuresti\/wp-json\/wp\/v2\/posts\/80177\/revisions"}],"predecessor-version":[{"id":80212,"href":"https:\/\/buletin.de\/bucuresti\/wp-json\/wp\/v2\/posts\/80177\/revisions\/80212"}],"wp:featuredmedia":[{"embeddable":true,"href":"https:\/\/buletin.de\/bucuresti\/wp-json\/wp\/v2\/media\/80185"}],"wp:attachment":[{"href":"https:\/\/buletin.de\/bucuresti\/wp-json\/wp\/v2\/media?parent=80177"}],"wp:term":[{"taxonomy":"category","embeddable":true,"href":"https:\/\/buletin.de\/bucuresti\/wp-json\/wp\/v2\/categories?post=80177"},{"taxonomy":"post_tag","embeddable":true,"href":"https:\/\/buletin.de\/bucuresti\/wp-json\/wp\/v2\/tags?post=80177"},{"taxonomy":"author","embeddable":true,"href":"https:\/\/buletin.de\/bucuresti\/wp-json\/wp\/v2\/ppma_author?post=80177"}],"curies":[{"name":"wp","href":"https:\/\/api.w.org\/{rel}","templated":true}]}}