{"id":80123,"date":"2024-03-15T12:45:40","date_gmt":"2024-03-15T10:45:40","guid":{"rendered":"https:\/\/buletin.de\/bucuresti\/?p=80123"},"modified":"2024-03-15T12:45:40","modified_gmt":"2024-03-15T10:45:40","slug":"ilfov-ancheta-la-o-cresa-dupa-ce-pe-corpul-unui-copil-au-fost-descoperite-mai-multe-rani","status":"publish","type":"post","link":"https:\/\/buletin.de\/bucuresti\/ilfov-ancheta-la-o-cresa-dupa-ce-pe-corpul-unui-copil-au-fost-descoperite-mai-multe-rani\/","title":{"rendered":"ILFOV | Anchet\u0103 la o cre\u0219\u0103, dup\u0103 ce pe corpul unui copil au fost descoperite mai multe r\u0103ni"},"content":{"rendered":"\n<p><strong>Un tat\u0103 care \u00ee\u015fi ducea copilul la o cre\u015f\u0103 din Dobroe\u015fti a v\u0103zut c\u0103 fiul s\u0103u are mai multe r\u0103ni pe corp, c\u00e2nd l-a luat s\u0103 \u00eel duc\u0103 acas\u0103. Drept urmare, a sunat la Poli\u0163ie, care a pornit o anchet\u0103, s\u0103 afle dac\u0103 b\u0103ie\u0163elul a fost b\u0103tut. <\/strong><\/p>\n\n\n\n<p>Poli\u021bia a fost sesizat\u0103 pe data de 8 martie. Pe data de 6 martie un b\u0103rbat a mers la cre\u0219a din comuna Dobroe\u0219ti, s\u0103-\u0219i ia copilul acas\u0103. Tat\u0103l reclam\u0103 c\u0103 a descoperit urme de violen\u021b\u0103 pe corpul fiului s\u0103u. Mai exact, pe urechea \u0219i obrazul drepte. \u00cen urma sesiz\u0103rii, la cre\u0219\u0103 au mers poli\u021bi\u0219tii ora\u0219ului Pantelimon \u0219i ai Biroului de Siguran\u021b\u0103 \u015ecolar\u0103, pentru cercet\u0103ri.<\/p>\n\n\n\n<p>Inspectoratul de Poli\u021bie Jude\u021bean llfov\u00a0a deschis dosar de urm\u0103rire penal\u0103 si se fac cercet\u0103ri, sub aspectul s\u0103v\u00e2r\u0219irii infrac\u021biunii de rele tratamente aplicate minorului.<\/p>\n\n\n\n<h2 class=\"wp-block-heading\">Cazul \u00eengrijitoarei care teroriza copiii<\/h2>\n\n\n\n<p>\u00cen luna februarie, o anchet\u0103 a fost deschis\u0103  la o pretins\u0103 gr\u0103dini\u021b\u0103 din Pope\u0219ti-Leordeni. O \u00eengrijitoare a fost filmat\u0103 \u00een timp ce \u021bipa la copii. Incidentul a avut loc \u00eentr-un centru privat, care sus\u021binea \u00een fa\u021ba p\u0103rin\u021bilor c\u0103 este gr\u0103dini\u021b\u0103, dar acesta nu era acreditat de Ministerul Educa\u021biei.<\/p>\n\n\n\n<p>Educatoarea a fost filmat\u0103 timp de patru ore, iar copiii au fost jigni\u021bi \u00eencontinuu, femeia amenin\u021b\u00e2ndu-i pe cei mici cu violen\u021b\u0103 fizic\u0103. Educatoarea de 24 de ani de la gr\u0103dini\u021ba fictiv\u0103 din Pope\u0219ti Leordeni a fost re\u021binut\u0103 \u0219i acuzat\u0103 de comiterea a zece infrac\u021biuni de purtare abuziv\u0103, dar \u0219i de rele tratamente aplicate minorului.<\/p>\n\n\n\n<p><strong>CITE\u0218TE \u0218I:<\/strong><\/p>\n\n\n\n<figure class=\"wp-block-embed is-type-wp-embed is-provider-buletin-de-bucure-ti wp-block-embed-buletin-de-bucure-ti\"><div class=\"wp-block-embed__wrapper\">\n<blockquote class=\"wp-embedded-content\" data-secret=\"HXT1whgZPC\"><a href=\"https:\/\/buletin.de\/bucuresti\/ingrijitoarea-din-popesti-leordeni-care-teroriza-copiii-pe-care-ar-fi-trebuit-sa-ii-ocroteasca-a-fost-retinuta\/\">\u00cengrijitoarea din Pope\u015fti-Leordeni care teroriza copiii pe care ar fi trebuit s\u0103 \u00eei ocroteasc\u0103 a fost re\u0163inut\u0103<\/a><\/blockquote><iframe class=\"wp-embedded-content\" sandbox=\"allow-scripts\" security=\"restricted\" style=\"position: absolute; clip: rect(1px, 1px, 1px, 1px);\" title=\"&#8220;\u00cengrijitoarea din Pope\u015fti-Leordeni care teroriza copiii pe care ar fi trebuit s\u0103 \u00eei ocroteasc\u0103 a fost re\u0163inut\u0103&#8221; &#8212; Buletin de Bucure\u0219ti\" src=\"https:\/\/buletin.de\/bucuresti\/ingrijitoarea-din-popesti-leordeni-care-teroriza-copiii-pe-care-ar-fi-trebuit-sa-ii-ocroteasca-a-fost-retinuta\/embed\/#?secret=QaKwI06Ds0#?secret=HXT1whgZPC\" data-secret=\"HXT1whgZPC\" width=\"600\" height=\"338\" frameborder=\"0\" marginwidth=\"0\" marginheight=\"0\" scrolling=\"no\"><\/iframe>\n<\/div><\/figure>\n\n\n\n<figure class=\"wp-block-embed is-type-wp-embed is-provider-buletin-de-bucure-ti wp-block-embed-buletin-de-bucure-ti\"><div class=\"wp-block-embed__wrapper\">\n<blockquote class=\"wp-embedded-content\" data-secret=\"8nJPeVT4DH\"><a href=\"https:\/\/buletin.de\/bucuresti\/ilfov-ancheta-la-o-gradinita-clandestina-din-popesti-leordeni-dupa-ce-o-ingrijitoare-a-fost-filmata-cand-teroriza-copiii\/\">ILFOV | Anchet\u0103 la o gr\u0103dini\u021b\u0103 clandestin\u0103 din Pope\u0219ti-Leordeni, dup\u0103 ce o \u00eengrijitoare a fost filmat\u0103 c\u00e2nd\u00a0teroriza\u00a0copiii<\/a><\/blockquote><iframe class=\"wp-embedded-content\" sandbox=\"allow-scripts\" security=\"restricted\" style=\"position: absolute; clip: rect(1px, 1px, 1px, 1px);\" title=\"&#8220;ILFOV | Anchet\u0103 la o gr\u0103dini\u021b\u0103 clandestin\u0103 din Pope\u0219ti-Leordeni, dup\u0103 ce o \u00eengrijitoare a fost filmat\u0103 c\u00e2nd\u00a0teroriza\u00a0copiii&#8221; &#8212; Buletin de Bucure\u0219ti\" src=\"https:\/\/buletin.de\/bucuresti\/ilfov-ancheta-la-o-gradinita-clandestina-din-popesti-leordeni-dupa-ce-o-ingrijitoare-a-fost-filmata-cand-teroriza-copiii\/embed\/#?secret=jDt2HiXomY#?secret=8nJPeVT4DH\" data-secret=\"8nJPeVT4DH\" width=\"600\" height=\"338\" frameborder=\"0\" marginwidth=\"0\" marginheight=\"0\" scrolling=\"no\"><\/iframe>\n<\/div><\/figure>\n","protected":false},"excerpt":{"rendered":"<p>Un tat\u0103 care \u00ee\u015fi ducea copilul la o cre\u015f\u0103 din Dobroe\u015fti a v\u0103zut c\u0103 fiul s\u0103u are mai multe r\u0103ni pe corp, c\u00e2nd l-a luat s\u0103 \u00eel duc\u0103 acas\u0103. Drept urmare, a sunat la Poli\u0163ie, care a pornit o anchet\u0103, s\u0103 afle dac\u0103 b\u0103ie\u0163elul a fost b\u0103tut. Poli\u021bia a fost sesizat\u0103 pe data de 8 [&hellip;]<\/p>\n","protected":false},"author":49,"featured_media":80147,"comment_status":"closed","ping_status":"open","sticky":false,"template":"","format":"standard","meta":{"_acf_changed":false,"inline_featured_image":false,"ngg_post_thumbnail":0,"footnotes":""},"categories":[6994,9026,62],"tags":[10535,2754,820,10534],"ppma_author":[22574],"class_list":["post-80123","post","type-post","status-publish","format-standard","has-post-thumbnail","hentry","category-stiri-2","category-eveniment","category-stiri","tag-cresa-ilfov","tag-dosar-penal","tag-ilfov","tag-rele-tratamente-aplicate-minorului"],"acf":[],"yoast_head":"<!-- This site is optimized with the Yoast SEO Premium plugin v25.3 (Yoast SEO v27.4) - https:\/\/yoast.com\/product\/yoast-seo-premium-wordpress\/ -->\n<title>ILFOV | Anchet\u0103 la o cre\u0219\u0103, dup\u0103 ce pe corpul unui copil au fost descoperite mai multe r\u0103ni - Buletin de Bucure\u0219ti<\/title>\n<meta name=\"robots\" content=\"index, follow, max-snippet:-1, max-image-preview:large, max-video-preview:-1\" \/>\n<link rel=\"canonical\" href=\"https:\/\/buletin.de\/bucuresti\/ilfov-ancheta-la-o-cresa-dupa-ce-pe-corpul-unui-copil-au-fost-descoperite-mai-multe-rani\/\" \/>\n<meta property=\"og:locale\" content=\"en_GB\" \/>\n<meta property=\"og:type\" content=\"article\" \/>\n<meta property=\"og:title\" content=\"ILFOV | Anchet\u0103 la o cre\u0219\u0103, dup\u0103 ce pe corpul unui copil au fost descoperite mai multe r\u0103ni\" \/>\n<meta property=\"og:description\" content=\"Un tat\u0103 care \u00ee\u015fi ducea copilul la o cre\u015f\u0103 din Dobroe\u015fti a v\u0103zut c\u0103 fiul s\u0103u are mai multe r\u0103ni pe corp, c\u00e2nd l-a luat s\u0103 \u00eel duc\u0103 acas\u0103. Drept urmare, a sunat la Poli\u0163ie, care a pornit o anchet\u0103, s\u0103 afle dac\u0103 b\u0103ie\u0163elul a fost b\u0103tut. Poli\u021bia a fost sesizat\u0103 pe data de 8 [&hellip;]\" \/>\n<meta property=\"og:url\" content=\"https:\/\/buletin.de\/bucuresti\/ilfov-ancheta-la-o-cresa-dupa-ce-pe-corpul-unui-copil-au-fost-descoperite-mai-multe-rani\/\" \/>\n<meta property=\"og:site_name\" content=\"Buletin de Bucure\u0219ti\" \/>\n<meta property=\"article:publisher\" content=\"https:\/\/www.facebook.com\/buletin.de.buc\" \/>\n<meta property=\"article:published_time\" content=\"2024-03-15T10:45:40+00:00\" \/>\n<meta property=\"og:image\" content=\"https:\/\/buletin.de\/bucuresti\/wp-content\/uploads\/dhijgectyx0.jpg\" \/>\n\t<meta property=\"og:image:width\" content=\"1600\" \/>\n\t<meta property=\"og:image:height\" content=\"1067\" \/>\n\t<meta property=\"og:image:type\" content=\"image\/jpeg\" \/>\n<meta name=\"author\" content=\"Diana Matei\" \/>\n<meta name=\"twitter:card\" content=\"summary_large_image\" \/>\n<meta name=\"twitter:label1\" content=\"Written by\" \/>\n\t<meta name=\"twitter:data1\" content=\"Diana Matei\" \/>\n\t<meta name=\"twitter:label2\" content=\"Estimated reading time\" \/>\n\t<meta name=\"twitter:data2\" content=\"2 minutes\" \/>\n<script type=\"application\/ld+json\" class=\"yoast-schema-graph\">{\"@context\":\"https:\\\/\\\/schema.org\",\"@graph\":[{\"@type\":\"Article\",\"@id\":\"https:\\\/\\\/buletin.de\\\/bucuresti\\\/ilfov-ancheta-la-o-cresa-dupa-ce-pe-corpul-unui-copil-au-fost-descoperite-mai-multe-rani\\\/#article\",\"isPartOf\":{\"@id\":\"https:\\\/\\\/buletin.de\\\/bucuresti\\\/ilfov-ancheta-la-o-cresa-dupa-ce-pe-corpul-unui-copil-au-fost-descoperite-mai-multe-rani\\\/\"},\"author\":{\"name\":\"Diana Matei\",\"@id\":\"https:\\\/\\\/buletin.de\\\/bucuresti\\\/#\\\/schema\\\/person\\\/7e46040573290777280a0835d81ea4ea\"},\"headline\":\"ILFOV | Anchet\u0103 la o cre\u0219\u0103, dup\u0103 ce pe corpul unui copil au fost descoperite mai multe r\u0103ni\",\"datePublished\":\"2024-03-15T10:45:40+00:00\",\"mainEntityOfPage\":{\"@id\":\"https:\\\/\\\/buletin.de\\\/bucuresti\\\/ilfov-ancheta-la-o-cresa-dupa-ce-pe-corpul-unui-copil-au-fost-descoperite-mai-multe-rani\\\/\"},\"wordCount\":315,\"publisher\":{\"@id\":\"https:\\\/\\\/buletin.de\\\/bucuresti\\\/#organization\"},\"image\":{\"@id\":\"https:\\\/\\\/buletin.de\\\/bucuresti\\\/ilfov-ancheta-la-o-cresa-dupa-ce-pe-corpul-unui-copil-au-fost-descoperite-mai-multe-rani\\\/#primaryimage\"},\"thumbnailUrl\":\"https:\\\/\\\/buletin.de\\\/bucuresti\\\/wp-content\\\/uploads\\\/dhijgectyx0.jpg\",\"keywords\":[\"cresa ilfov\",\"dosar penal\",\"Ilfov\",\"rele tratamente aplicate minorului\"],\"articleSection\":[\"Articole\",\"Eveniment\",\"\u0218tiri\"],\"inLanguage\":\"en-GB\",\"copyrightYear\":\"2024\",\"copyrightHolder\":{\"@id\":\"https:\\\/\\\/buletin.de\\\/bucuresti\\\/#organization\"}},{\"@type\":\"WebPage\",\"@id\":\"https:\\\/\\\/buletin.de\\\/bucuresti\\\/ilfov-ancheta-la-o-cresa-dupa-ce-pe-corpul-unui-copil-au-fost-descoperite-mai-multe-rani\\\/\",\"url\":\"https:\\\/\\\/buletin.de\\\/bucuresti\\\/ilfov-ancheta-la-o-cresa-dupa-ce-pe-corpul-unui-copil-au-fost-descoperite-mai-multe-rani\\\/\",\"name\":\"ILFOV | Anchet\u0103 la o cre\u0219\u0103, dup\u0103 ce pe corpul unui copil au fost descoperite mai multe r\u0103ni - Buletin de Bucure\u0219ti\",\"isPartOf\":{\"@id\":\"https:\\\/\\\/buletin.de\\\/bucuresti\\\/#website\"},\"primaryImageOfPage\":{\"@id\":\"https:\\\/\\\/buletin.de\\\/bucuresti\\\/ilfov-ancheta-la-o-cresa-dupa-ce-pe-corpul-unui-copil-au-fost-descoperite-mai-multe-rani\\\/#primaryimage\"},\"image\":{\"@id\":\"https:\\\/\\\/buletin.de\\\/bucuresti\\\/ilfov-ancheta-la-o-cresa-dupa-ce-pe-corpul-unui-copil-au-fost-descoperite-mai-multe-rani\\\/#primaryimage\"},\"thumbnailUrl\":\"https:\\\/\\\/buletin.de\\\/bucuresti\\\/wp-content\\\/uploads\\\/dhijgectyx0.jpg\",\"datePublished\":\"2024-03-15T10:45:40+00:00\",\"breadcrumb\":{\"@id\":\"https:\\\/\\\/buletin.de\\\/bucuresti\\\/ilfov-ancheta-la-o-cresa-dupa-ce-pe-corpul-unui-copil-au-fost-descoperite-mai-multe-rani\\\/#breadcrumb\"},\"inLanguage\":\"en-GB\",\"potentialAction\":[{\"@type\":\"ReadAction\",\"target\":[\"https:\\\/\\\/buletin.de\\\/bucuresti\\\/ilfov-ancheta-la-o-cresa-dupa-ce-pe-corpul-unui-copil-au-fost-descoperite-mai-multe-rani\\\/\"]}]},{\"@type\":\"ImageObject\",\"inLanguage\":\"en-GB\",\"@id\":\"https:\\\/\\\/buletin.de\\\/bucuresti\\\/ilfov-ancheta-la-o-cresa-dupa-ce-pe-corpul-unui-copil-au-fost-descoperite-mai-multe-rani\\\/#primaryimage\",\"url\":\"https:\\\/\\\/buletin.de\\\/bucuresti\\\/wp-content\\\/uploads\\\/dhijgectyx0.jpg\",\"contentUrl\":\"https:\\\/\\\/buletin.de\\\/bucuresti\\\/wp-content\\\/uploads\\\/dhijgectyx0.jpg\",\"width\":1600,\"height\":1067,\"caption\":\"FOTO: unsplash.com\"},{\"@type\":\"BreadcrumbList\",\"@id\":\"https:\\\/\\\/buletin.de\\\/bucuresti\\\/ilfov-ancheta-la-o-cresa-dupa-ce-pe-corpul-unui-copil-au-fost-descoperite-mai-multe-rani\\\/#breadcrumb\",\"itemListElement\":[{\"@type\":\"ListItem\",\"position\":1,\"name\":\"Acas\u0103\",\"item\":\"https:\\\/\\\/buletin.de\\\/bucuresti\\\/\"},{\"@type\":\"ListItem\",\"position\":2,\"name\":\"ILFOV | Anchet\u0103 la o cre\u0219\u0103, dup\u0103 ce pe corpul unui copil au fost descoperite mai multe r\u0103ni\"}]},{\"@type\":\"WebSite\",\"@id\":\"https:\\\/\\\/buletin.de\\\/bucuresti\\\/#website\",\"url\":\"https:\\\/\\\/buletin.de\\\/bucuresti\\\/\",\"name\":\"Buletin de Bucure\u0219ti\",\"description\":\"\u0218tiri \u0219i investiga\u021bii esen\u021biale din capital\u0103\",\"publisher\":{\"@id\":\"https:\\\/\\\/buletin.de\\\/bucuresti\\\/#organization\"},\"potentialAction\":[{\"@type\":\"SearchAction\",\"target\":{\"@type\":\"EntryPoint\",\"urlTemplate\":\"https:\\\/\\\/buletin.de\\\/bucuresti\\\/?s={search_term_string}\"},\"query-input\":{\"@type\":\"PropertyValueSpecification\",\"valueRequired\":true,\"valueName\":\"search_term_string\"}}],\"inLanguage\":\"en-GB\"},{\"@type\":\"Organization\",\"@id\":\"https:\\\/\\\/buletin.de\\\/bucuresti\\\/#organization\",\"name\":\"Buletin de Bucure\u0219ti\",\"url\":\"https:\\\/\\\/buletin.de\\\/bucuresti\\\/\",\"logo\":{\"@type\":\"ImageObject\",\"inLanguage\":\"en-GB\",\"@id\":\"https:\\\/\\\/buletin.de\\\/bucuresti\\\/#\\\/schema\\\/logo\\\/image\\\/\",\"url\":\"https:\\\/\\\/buletin.de\\\/bucuresti\\\/wp-content\\\/uploads\\\/logo-bdb-full-wide-vernil-transparent.png\",\"contentUrl\":\"https:\\\/\\\/buletin.de\\\/bucuresti\\\/wp-content\\\/uploads\\\/logo-bdb-full-wide-vernil-transparent.png\",\"width\":1782,\"height\":626,\"caption\":\"Buletin de Bucure\u0219ti\"},\"image\":{\"@id\":\"https:\\\/\\\/buletin.de\\\/bucuresti\\\/#\\\/schema\\\/logo\\\/image\\\/\"},\"sameAs\":[\"https:\\\/\\\/www.facebook.com\\\/buletin.de.buc\",\"https:\\\/\\\/www.instagram.com\\\/buletinde.bucuresti\\\/\"]},{\"@type\":\"Person\",\"@id\":\"https:\\\/\\\/buletin.de\\\/bucuresti\\\/#\\\/schema\\\/person\\\/7e46040573290777280a0835d81ea4ea\",\"name\":\"Diana Matei\",\"image\":{\"@type\":\"ImageObject\",\"inLanguage\":\"en-GB\",\"@id\":\"https:\\\/\\\/buletin.de\\\/bucuresti\\\/wp-content\\\/uploads\\\/9-2-96x96.jpg1e8590b30871d70e62ebcdaf2eff570c\",\"url\":\"https:\\\/\\\/buletin.de\\\/bucuresti\\\/wp-content\\\/uploads\\\/9-2-96x96.jpg\",\"contentUrl\":\"https:\\\/\\\/buletin.de\\\/bucuresti\\\/wp-content\\\/uploads\\\/9-2-96x96.jpg\",\"caption\":\"Diana Matei\"},\"url\":\"https:\\\/\\\/buletin.de\\\/bucuresti\\\/author\\\/dianamatei\\\/\"}]}<\/script>\n<!-- \/ Yoast SEO Premium plugin. -->","yoast_head_json":{"title":"ILFOV | Anchet\u0103 la o cre\u0219\u0103, dup\u0103 ce pe corpul unui copil au fost descoperite mai multe r\u0103ni - Buletin de Bucure\u0219ti","robots":{"index":"index","follow":"follow","max-snippet":"max-snippet:-1","max-image-preview":"max-image-preview:large","max-video-preview":"max-video-preview:-1"},"canonical":"https:\/\/buletin.de\/bucuresti\/ilfov-ancheta-la-o-cresa-dupa-ce-pe-corpul-unui-copil-au-fost-descoperite-mai-multe-rani\/","og_locale":"en_GB","og_type":"article","og_title":"ILFOV | Anchet\u0103 la o cre\u0219\u0103, dup\u0103 ce pe corpul unui copil au fost descoperite mai multe r\u0103ni","og_description":"Un tat\u0103 care \u00ee\u015fi ducea copilul la o cre\u015f\u0103 din Dobroe\u015fti a v\u0103zut c\u0103 fiul s\u0103u are mai multe r\u0103ni pe corp, c\u00e2nd l-a luat s\u0103 \u00eel duc\u0103 acas\u0103. Drept urmare, a sunat la Poli\u0163ie, care a pornit o anchet\u0103, s\u0103 afle dac\u0103 b\u0103ie\u0163elul a fost b\u0103tut. Poli\u021bia a fost sesizat\u0103 pe data de 8 [&hellip;]","og_url":"https:\/\/buletin.de\/bucuresti\/ilfov-ancheta-la-o-cresa-dupa-ce-pe-corpul-unui-copil-au-fost-descoperite-mai-multe-rani\/","og_site_name":"Buletin de Bucure\u0219ti","article_publisher":"https:\/\/www.facebook.com\/buletin.de.buc","article_published_time":"2024-03-15T10:45:40+00:00","og_image":[{"width":1600,"height":1067,"url":"https:\/\/buletin.de\/bucuresti\/wp-content\/uploads\/dhijgectyx0.jpg","type":"image\/jpeg"}],"author":"Diana Matei","twitter_card":"summary_large_image","twitter_misc":{"Written by":"Diana Matei","Estimated reading time":"2 minutes"},"schema":{"@context":"https:\/\/schema.org","@graph":[{"@type":"Article","@id":"https:\/\/buletin.de\/bucuresti\/ilfov-ancheta-la-o-cresa-dupa-ce-pe-corpul-unui-copil-au-fost-descoperite-mai-multe-rani\/#article","isPartOf":{"@id":"https:\/\/buletin.de\/bucuresti\/ilfov-ancheta-la-o-cresa-dupa-ce-pe-corpul-unui-copil-au-fost-descoperite-mai-multe-rani\/"},"author":{"name":"Diana Matei","@id":"https:\/\/buletin.de\/bucuresti\/#\/schema\/person\/7e46040573290777280a0835d81ea4ea"},"headline":"ILFOV | Anchet\u0103 la o cre\u0219\u0103, dup\u0103 ce pe corpul unui copil au fost descoperite mai multe r\u0103ni","datePublished":"2024-03-15T10:45:40+00:00","mainEntityOfPage":{"@id":"https:\/\/buletin.de\/bucuresti\/ilfov-ancheta-la-o-cresa-dupa-ce-pe-corpul-unui-copil-au-fost-descoperite-mai-multe-rani\/"},"wordCount":315,"publisher":{"@id":"https:\/\/buletin.de\/bucuresti\/#organization"},"image":{"@id":"https:\/\/buletin.de\/bucuresti\/ilfov-ancheta-la-o-cresa-dupa-ce-pe-corpul-unui-copil-au-fost-descoperite-mai-multe-rani\/#primaryimage"},"thumbnailUrl":"https:\/\/buletin.de\/bucuresti\/wp-content\/uploads\/dhijgectyx0.jpg","keywords":["cresa ilfov","dosar penal","Ilfov","rele tratamente aplicate minorului"],"articleSection":["Articole","Eveniment","\u0218tiri"],"inLanguage":"en-GB","copyrightYear":"2024","copyrightHolder":{"@id":"https:\/\/buletin.de\/bucuresti\/#organization"}},{"@type":"WebPage","@id":"https:\/\/buletin.de\/bucuresti\/ilfov-ancheta-la-o-cresa-dupa-ce-pe-corpul-unui-copil-au-fost-descoperite-mai-multe-rani\/","url":"https:\/\/buletin.de\/bucuresti\/ilfov-ancheta-la-o-cresa-dupa-ce-pe-corpul-unui-copil-au-fost-descoperite-mai-multe-rani\/","name":"ILFOV | Anchet\u0103 la o cre\u0219\u0103, dup\u0103 ce pe corpul unui copil au fost descoperite mai multe r\u0103ni - Buletin de Bucure\u0219ti","isPartOf":{"@id":"https:\/\/buletin.de\/bucuresti\/#website"},"primaryImageOfPage":{"@id":"https:\/\/buletin.de\/bucuresti\/ilfov-ancheta-la-o-cresa-dupa-ce-pe-corpul-unui-copil-au-fost-descoperite-mai-multe-rani\/#primaryimage"},"image":{"@id":"https:\/\/buletin.de\/bucuresti\/ilfov-ancheta-la-o-cresa-dupa-ce-pe-corpul-unui-copil-au-fost-descoperite-mai-multe-rani\/#primaryimage"},"thumbnailUrl":"https:\/\/buletin.de\/bucuresti\/wp-content\/uploads\/dhijgectyx0.jpg","datePublished":"2024-03-15T10:45:40+00:00","breadcrumb":{"@id":"https:\/\/buletin.de\/bucuresti\/ilfov-ancheta-la-o-cresa-dupa-ce-pe-corpul-unui-copil-au-fost-descoperite-mai-multe-rani\/#breadcrumb"},"inLanguage":"en-GB","potentialAction":[{"@type":"ReadAction","target":["https:\/\/buletin.de\/bucuresti\/ilfov-ancheta-la-o-cresa-dupa-ce-pe-corpul-unui-copil-au-fost-descoperite-mai-multe-rani\/"]}]},{"@type":"ImageObject","inLanguage":"en-GB","@id":"https:\/\/buletin.de\/bucuresti\/ilfov-ancheta-la-o-cresa-dupa-ce-pe-corpul-unui-copil-au-fost-descoperite-mai-multe-rani\/#primaryimage","url":"https:\/\/buletin.de\/bucuresti\/wp-content\/uploads\/dhijgectyx0.jpg","contentUrl":"https:\/\/buletin.de\/bucuresti\/wp-content\/uploads\/dhijgectyx0.jpg","width":1600,"height":1067,"caption":"FOTO: unsplash.com"},{"@type":"BreadcrumbList","@id":"https:\/\/buletin.de\/bucuresti\/ilfov-ancheta-la-o-cresa-dupa-ce-pe-corpul-unui-copil-au-fost-descoperite-mai-multe-rani\/#breadcrumb","itemListElement":[{"@type":"ListItem","position":1,"name":"Acas\u0103","item":"https:\/\/buletin.de\/bucuresti\/"},{"@type":"ListItem","position":2,"name":"ILFOV | Anchet\u0103 la o cre\u0219\u0103, dup\u0103 ce pe corpul unui copil au fost descoperite mai multe r\u0103ni"}]},{"@type":"WebSite","@id":"https:\/\/buletin.de\/bucuresti\/#website","url":"https:\/\/buletin.de\/bucuresti\/","name":"Buletin de Bucure\u0219ti","description":"\u0218tiri \u0219i investiga\u021bii esen\u021biale din capital\u0103","publisher":{"@id":"https:\/\/buletin.de\/bucuresti\/#organization"},"potentialAction":[{"@type":"SearchAction","target":{"@type":"EntryPoint","urlTemplate":"https:\/\/buletin.de\/bucuresti\/?s={search_term_string}"},"query-input":{"@type":"PropertyValueSpecification","valueRequired":true,"valueName":"search_term_string"}}],"inLanguage":"en-GB"},{"@type":"Organization","@id":"https:\/\/buletin.de\/bucuresti\/#organization","name":"Buletin de Bucure\u0219ti","url":"https:\/\/buletin.de\/bucuresti\/","logo":{"@type":"ImageObject","inLanguage":"en-GB","@id":"https:\/\/buletin.de\/bucuresti\/#\/schema\/logo\/image\/","url":"https:\/\/buletin.de\/bucuresti\/wp-content\/uploads\/logo-bdb-full-wide-vernil-transparent.png","contentUrl":"https:\/\/buletin.de\/bucuresti\/wp-content\/uploads\/logo-bdb-full-wide-vernil-transparent.png","width":1782,"height":626,"caption":"Buletin de Bucure\u0219ti"},"image":{"@id":"https:\/\/buletin.de\/bucuresti\/#\/schema\/logo\/image\/"},"sameAs":["https:\/\/www.facebook.com\/buletin.de.buc","https:\/\/www.instagram.com\/buletinde.bucuresti\/"]},{"@type":"Person","@id":"https:\/\/buletin.de\/bucuresti\/#\/schema\/person\/7e46040573290777280a0835d81ea4ea","name":"Diana Matei","image":{"@type":"ImageObject","inLanguage":"en-GB","@id":"https:\/\/buletin.de\/bucuresti\/wp-content\/uploads\/9-2-96x96.jpg1e8590b30871d70e62ebcdaf2eff570c","url":"https:\/\/buletin.de\/bucuresti\/wp-content\/uploads\/9-2-96x96.jpg","contentUrl":"https:\/\/buletin.de\/bucuresti\/wp-content\/uploads\/9-2-96x96.jpg","caption":"Diana Matei"},"url":"https:\/\/buletin.de\/bucuresti\/author\/dianamatei\/"}]}},"authors":[{"term_id":22574,"user_id":49,"is_guest":0,"slug":"dianamatei","display_name":"Diana Matei","avatar_url":"https:\/\/buletin.de\/bucuresti\/wp-content\/uploads\/9-2-96x96.jpg","0":null,"1":"","2":"","3":"","4":"","5":"","6":"","7":"","8":""}],"_links":{"self":[{"href":"https:\/\/buletin.de\/bucuresti\/wp-json\/wp\/v2\/posts\/80123","targetHints":{"allow":["GET"]}}],"collection":[{"href":"https:\/\/buletin.de\/bucuresti\/wp-json\/wp\/v2\/posts"}],"about":[{"href":"https:\/\/buletin.de\/bucuresti\/wp-json\/wp\/v2\/types\/post"}],"author":[{"embeddable":true,"href":"https:\/\/buletin.de\/bucuresti\/wp-json\/wp\/v2\/users\/49"}],"replies":[{"embeddable":true,"href":"https:\/\/buletin.de\/bucuresti\/wp-json\/wp\/v2\/comments?post=80123"}],"version-history":[{"count":5,"href":"https:\/\/buletin.de\/bucuresti\/wp-json\/wp\/v2\/posts\/80123\/revisions"}],"predecessor-version":[{"id":80149,"href":"https:\/\/buletin.de\/bucuresti\/wp-json\/wp\/v2\/posts\/80123\/revisions\/80149"}],"wp:featuredmedia":[{"embeddable":true,"href":"https:\/\/buletin.de\/bucuresti\/wp-json\/wp\/v2\/media\/80147"}],"wp:attachment":[{"href":"https:\/\/buletin.de\/bucuresti\/wp-json\/wp\/v2\/media?parent=80123"}],"wp:term":[{"taxonomy":"category","embeddable":true,"href":"https:\/\/buletin.de\/bucuresti\/wp-json\/wp\/v2\/categories?post=80123"},{"taxonomy":"post_tag","embeddable":true,"href":"https:\/\/buletin.de\/bucuresti\/wp-json\/wp\/v2\/tags?post=80123"},{"taxonomy":"author","embeddable":true,"href":"https:\/\/buletin.de\/bucuresti\/wp-json\/wp\/v2\/ppma_author?post=80123"}],"curies":[{"name":"wp","href":"https:\/\/api.w.org\/{rel}","templated":true}]}}