{"id":80109,"date":"2024-03-15T12:38:32","date_gmt":"2024-03-15T10:38:32","guid":{"rendered":"https:\/\/buletin.de\/bucuresti\/?p=80109"},"modified":"2024-03-15T12:46:20","modified_gmt":"2024-03-15T10:46:20","slug":"chirurgul-care-si-a-atacat-colegii-in-timpul-unei-operatii-la-floreasca-pus-sub-acuzare-la-patru-ani-de-la-iesirea-nervoasa","status":"publish","type":"post","link":"https:\/\/buletin.de\/bucuresti\/chirurgul-care-si-a-atacat-colegii-in-timpul-unei-operatii-la-floreasca-pus-sub-acuzare-la-patru-ani-de-la-iesirea-nervoasa\/","title":{"rendered":"Chirurgul care \u015fi-a atacat colegii \u00een timpul unei opera\u0163ii la Floreasca, pus sub acuzare la patru ani de la ie\u015firea\u00a0nervoas\u0103"},"content":{"rendered":"\n<p><strong>Chirurgul Sorin P\u0103un, fost \u015fef de sec\u0163ie la Floreasca, a fost pus sub acuzare pentru purtare abuziv\u0103 dup\u0103 ce, \u00een timpul unei opera\u0163ii din martie 2020 \u015fi-a \u00een\u0163epat un coleg cu un electrocauter. Ustensila medical\u0103 tocmai fusese folosit\u0103 pe o pacient\u0103 bolnav\u0103 de hepatita C. Informa\u0163iile apar \u00eentr-un comunicat al Parchetului, remis <a href=\"https:\/\/www.agerpres.ro\/justitie\/2024\/03\/15\/chirurg-de-la-spitalul-floreasca-acuzat-ca-a-atacat-si-ranit-un-coleg-cu-electrocauterul-in-timpul-efectuarii-unei-operatii--1265092\">Agerpres<\/a>.<\/strong><\/p>\n\n\n\n<blockquote class=\"wp-block-quote is-layout-flow wp-block-quote-is-layout-flow\">\n<p class=\"has-medium-font-size\">Pe parcursul interven\u0163iei chirurgicale, inculpatul a \u00een\u0163epat cu electrocauterul scos din plaga pacientei un medic din echipa operatorie, provoc\u00e2ndu-i leziuni care au necesitat 1-2 zile de \u00eengrijiri medicale.<\/p>\n<cite>Citat din Comunicatul de pres\u0103, Agerpres<\/cite><\/blockquote>\n\n\n\n<p>Pe masa de opera\u0163ie era o femeie de 86 de ani, care trebuia operat\u0103 de tumor\u0103 de colon. Pacienta suferea \u0219i de hepatit\u0103 tip C, o infec\u021bie grav\u0103, transmisibil\u0103 prin s\u00e2nge. M\u00e2nu\u0219a \u0218tefaniei Manolescu, medic rezident \u00een anul VI, a fost rupt\u0103, iar m\u00e2na a \u00eenceput s\u0103-i s\u00e2ngereze. Drept urmare, odat\u0103 cu sesizarea agresiunii, aceasta a fost \u00eendrumat\u0103 c\u0103tre Institutul de Boli Infec\u0163ioase Matei Bal\u015f pentru prescrierea unui tratament profilactic, arat\u0103 un <a href=\"https:\/\/www.libertatea.ro\/stiri\/medici-din-spitalul-floreasca-il-acuza-pe-seful-unei-sectii-ca-si-a-intepat-deliberat-doi-colegi-2906665\">articol publicat de Libertatea<\/a>.<\/p>\n\n\n\n<p>A doua victim\u0103, medicul Bogdan Gaspar, s-a ales cu un <em>\u201etraumatism prin contuzie la nivelul fe\u0163ei dorsale a m\u00e2inii st\u00e2ngi<em>\u201d<\/em><\/em>.<br><\/p>\n\n\n\n<p>Opt medici primari chirurgi, dintre care doi speciali\u015fti \u0219i 6 reziden\u0163i au fost martori la incident. Ulterior, a fost \u00eenaintat\u0103 o pl\u00e2ngere c\u0103tre conducerea spitalului. Cei 16 semnatari cereau s\u0103 fie declan\u0219at\u0103 o anchet\u0103 pe baza c\u0103reia s\u0103 fie luate m\u0103suri, potrivit documentelor consultate de <a href=\"https:\/\/www.libertatea.ro\/stiri\/medici-din-spitalul-floreasca-il-acuza-pe-seful-unei-sectii-ca-si-a-intepat-deliberat-doi-colegi-2906665\">reporterii Libertatea<\/a>.<\/p>\n\n\n\n<blockquote class=\"wp-block-quote is-layout-flow wp-block-quote-is-layout-flow\">\n<p class=\"has-medium-font-size\">\u00centr-un moment de nervozitate dus p\u00e2n\u0103 la extrem, dr. P\u0103un a scos electrocauterul din pacient \u015fi m-a lovit cu acesta peste m\u00e2na st\u00e2ng\u0103, provoc\u00e2ndu-mi o ran\u0103 s\u00e2nger\u00e2nd\u0103. \u00cen timpul actului operator, dr. P\u0103un m-a lovit at\u00e2t pe mine, c\u00e2t \u015fi pe dr. Gaspar de c\u00e2teva ori \u015fi cu pensa peste m\u00e2ini.<\/p>\n<cite>\u0218tefania Manolescu, medic rezident \u00een anul VI, Citat din Pl\u00e2ngere<\/cite><\/blockquote>\n\n\n\n<p>Nu este prima dat\u0103 c\u00e2nd medicul Sorin P\u0103un a devenit violent cu colegii s\u0103i, au transmis al\u021bi trei reziden\u021bi afla\u021bi sub \u00eendrumarea acestuia.<\/p>\n\n\n\n<p>La patru ani de la incident, chirurgul a fost pus sub acuzare pentru purtare abuziv\u0103. De\u0219i nu mai este \u0219ef de sec\u021bie, doctorul Sorin P\u0103un \u00eenc\u0103 lucreaz\u0103 \u00een cadrul Spitalului de Urgen\u021b\u0103 Floreasca, potrivit informa\u021biilor de pe site-ul institu\u021biei. <\/p>\n\n\n\n<p>Reporterii Buletin de Bucure\u0219ti au \u00eencercat s\u0103 contacteze purt\u0103torul de cuv\u00e2nt al spitalului, \u00eens\u0103 comunicarea telefonic\u0103 a fost refuzat\u0103.<\/p>\n\n\n\n<p><\/p>\n\n\n\n<p><strong>CITE\u0218TE \u0218I:<\/strong><\/p>\n\n\n\n<figure class=\"wp-block-embed is-type-wp-embed is-provider-buletin-de-bucure-ti wp-block-embed-buletin-de-bucure-ti\"><div class=\"wp-block-embed__wrapper\">\n<blockquote class=\"wp-embedded-content\" data-secret=\"vSUe5jLF5Y\"><a href=\"https:\/\/buletin.de\/bucuresti\/doi-medici-de-la-institutul-marius-nasta-arestati-preventiv-in-dosarul-spaga-de-la-bolnavi\/\">Doi medici de la Institutul Marius Nasta, aresta\u021bi preventiv \u00een dosarul \u201e\u0218pag\u0103 de la bolnavi&#8221;<\/a><\/blockquote><iframe class=\"wp-embedded-content\" sandbox=\"allow-scripts\" security=\"restricted\" style=\"position: absolute; clip: rect(1px, 1px, 1px, 1px);\" title=\"&#8220;Doi medici de la Institutul Marius Nasta, aresta\u021bi preventiv \u00een dosarul \u201e\u0218pag\u0103 de la bolnavi&#8221;&#8221; &#8212; Buletin de Bucure\u0219ti\" src=\"https:\/\/buletin.de\/bucuresti\/doi-medici-de-la-institutul-marius-nasta-arestati-preventiv-in-dosarul-spaga-de-la-bolnavi\/embed\/#?secret=mGHO5CXE7W#?secret=vSUe5jLF5Y\" data-secret=\"vSUe5jLF5Y\" width=\"600\" height=\"338\" frameborder=\"0\" marginwidth=\"0\" marginheight=\"0\" scrolling=\"no\"><\/iframe>\n<\/div><\/figure>\n\n\n\n<p><br><\/p>\n","protected":false},"excerpt":{"rendered":"<p>Chirurgul Sorin P\u0103un, fost \u015fef de sec\u0163ie la Floreasca, a fost pus sub acuzare pentru purtare abuziv\u0103 dup\u0103 ce, \u00een timpul unei opera\u0163ii din martie 2020 \u015fi-a \u00een\u0163epat un coleg cu un electrocauter. Ustensila medical\u0103 tocmai fusese folosit\u0103 pe o pacient\u0103 bolnav\u0103 de hepatita C. Informa\u0163iile apar \u00eentr-un comunicat al Parchetului, remis Agerpres. Pe parcursul [&hellip;]<\/p>\n","protected":false},"author":55,"featured_media":80134,"comment_status":"closed","ping_status":"open","sticky":false,"template":"","format":"standard","meta":{"_acf_changed":false,"inline_featured_image":false,"ngg_post_thumbnail":0,"footnotes":""},"categories":[6994,9026,62],"tags":[7544,10543,10544,10540,10542],"ppma_author":[22573],"class_list":["post-80109","post","type-post","status-publish","format-standard","has-post-thumbnail","hentry","category-stiri-2","category-eveniment","category-stiri","tag-hepatita-c","tag-medici-atacati-in-timpul-operatiei","tag-medici-intepati-cu-electrocauterul","tag-sef-de-sectie-floreasca","tag-spitalul-de-urgenta-floreasca-2"],"acf":[],"yoast_head":"<!-- This site is optimized with the Yoast SEO Premium plugin v25.3 (Yoast SEO v27.5) - https:\/\/yoast.com\/product\/yoast-seo-premium-wordpress\/ -->\n<title>Chirurgul care \u015fi-a atacat colegii \u00een timpul unei opera\u0163ii la Floreasca, pus sub acuzare la patru ani de la ie\u015firea\u00a0nervoas\u0103 - Buletin de Bucure\u0219ti<\/title>\n<meta name=\"robots\" content=\"index, follow, max-snippet:-1, max-image-preview:large, max-video-preview:-1\" \/>\n<link rel=\"canonical\" href=\"https:\/\/buletin.de\/bucuresti\/chirurgul-care-si-a-atacat-colegii-in-timpul-unei-operatii-la-floreasca-pus-sub-acuzare-la-patru-ani-de-la-iesirea-nervoasa\/\" \/>\n<meta property=\"og:locale\" content=\"en_GB\" \/>\n<meta property=\"og:type\" content=\"article\" \/>\n<meta property=\"og:title\" content=\"Chirurgul care \u015fi-a atacat colegii \u00een timpul unei opera\u0163ii la Floreasca, pus sub acuzare la patru ani de la ie\u015firea\u00a0nervoas\u0103\" \/>\n<meta property=\"og:description\" content=\"Chirurgul Sorin P\u0103un, fost \u015fef de sec\u0163ie la Floreasca, a fost pus sub acuzare pentru purtare abuziv\u0103 dup\u0103 ce, \u00een timpul unei opera\u0163ii din martie 2020 \u015fi-a \u00een\u0163epat un coleg cu un electrocauter. Ustensila medical\u0103 tocmai fusese folosit\u0103 pe o pacient\u0103 bolnav\u0103 de hepatita C. Informa\u0163iile apar \u00eentr-un comunicat al Parchetului, remis Agerpres. Pe parcursul [&hellip;]\" \/>\n<meta property=\"og:url\" content=\"https:\/\/buletin.de\/bucuresti\/chirurgul-care-si-a-atacat-colegii-in-timpul-unei-operatii-la-floreasca-pus-sub-acuzare-la-patru-ani-de-la-iesirea-nervoasa\/\" \/>\n<meta property=\"og:site_name\" content=\"Buletin de Bucure\u0219ti\" \/>\n<meta property=\"article:publisher\" content=\"https:\/\/www.facebook.com\/buletin.de.buc\" \/>\n<meta property=\"article:published_time\" content=\"2024-03-15T10:38:32+00:00\" \/>\n<meta property=\"article:modified_time\" content=\"2024-03-15T10:46:20+00:00\" \/>\n<meta property=\"og:image\" content=\"https:\/\/buletin.de\/bucuresti\/wp-content\/uploads\/Spital-Floreasca.jpg\" \/>\n\t<meta property=\"og:image:width\" content=\"680\" \/>\n\t<meta property=\"og:image:height\" content=\"510\" \/>\n\t<meta property=\"og:image:type\" content=\"image\/jpeg\" \/>\n<meta name=\"author\" content=\"Andreea Tudor\" \/>\n<meta name=\"twitter:card\" content=\"summary_large_image\" \/>\n<meta name=\"twitter:label1\" content=\"Written by\" \/>\n\t<meta name=\"twitter:data1\" content=\"Andreea Tudor\" \/>\n\t<meta name=\"twitter:label2\" content=\"Estimated reading time\" \/>\n\t<meta name=\"twitter:data2\" content=\"2 minutes\" \/>\n<script type=\"application\/ld+json\" class=\"yoast-schema-graph\">{\"@context\":\"https:\\\/\\\/schema.org\",\"@graph\":[{\"@type\":\"Article\",\"@id\":\"https:\\\/\\\/buletin.de\\\/bucuresti\\\/chirurgul-care-si-a-atacat-colegii-in-timpul-unei-operatii-la-floreasca-pus-sub-acuzare-la-patru-ani-de-la-iesirea-nervoasa\\\/#article\",\"isPartOf\":{\"@id\":\"https:\\\/\\\/buletin.de\\\/bucuresti\\\/chirurgul-care-si-a-atacat-colegii-in-timpul-unei-operatii-la-floreasca-pus-sub-acuzare-la-patru-ani-de-la-iesirea-nervoasa\\\/\"},\"author\":{\"name\":\"Andreea Tudor\",\"@id\":\"https:\\\/\\\/buletin.de\\\/bucuresti\\\/#\\\/schema\\\/person\\\/150590659efde715459d159da012f501\"},\"headline\":\"Chirurgul care \u015fi-a atacat colegii \u00een timpul unei opera\u0163ii la Floreasca, pus sub acuzare la patru ani de la ie\u015firea\u00a0nervoas\u0103\",\"datePublished\":\"2024-03-15T10:38:32+00:00\",\"dateModified\":\"2024-03-15T10:46:20+00:00\",\"mainEntityOfPage\":{\"@id\":\"https:\\\/\\\/buletin.de\\\/bucuresti\\\/chirurgul-care-si-a-atacat-colegii-in-timpul-unei-operatii-la-floreasca-pus-sub-acuzare-la-patru-ani-de-la-iesirea-nervoasa\\\/\"},\"wordCount\":454,\"publisher\":{\"@id\":\"https:\\\/\\\/buletin.de\\\/bucuresti\\\/#organization\"},\"image\":{\"@id\":\"https:\\\/\\\/buletin.de\\\/bucuresti\\\/chirurgul-care-si-a-atacat-colegii-in-timpul-unei-operatii-la-floreasca-pus-sub-acuzare-la-patru-ani-de-la-iesirea-nervoasa\\\/#primaryimage\"},\"thumbnailUrl\":\"https:\\\/\\\/buletin.de\\\/bucuresti\\\/wp-content\\\/uploads\\\/Spital-Floreasca.jpg\",\"keywords\":[\"hepatita C\",\"medici atacati in timpul operatiei\",\"medici intepati cu electrocauterul\",\"sef de sectie Floreasca\",\"Spitalul de Urgenta Floreasca\"],\"articleSection\":[\"Articole\",\"Eveniment\",\"\u0218tiri\"],\"inLanguage\":\"en-GB\",\"copyrightYear\":\"2024\",\"copyrightHolder\":{\"@id\":\"https:\\\/\\\/buletin.de\\\/bucuresti\\\/#organization\"}},{\"@type\":\"WebPage\",\"@id\":\"https:\\\/\\\/buletin.de\\\/bucuresti\\\/chirurgul-care-si-a-atacat-colegii-in-timpul-unei-operatii-la-floreasca-pus-sub-acuzare-la-patru-ani-de-la-iesirea-nervoasa\\\/\",\"url\":\"https:\\\/\\\/buletin.de\\\/bucuresti\\\/chirurgul-care-si-a-atacat-colegii-in-timpul-unei-operatii-la-floreasca-pus-sub-acuzare-la-patru-ani-de-la-iesirea-nervoasa\\\/\",\"name\":\"Chirurgul care \u015fi-a atacat colegii \u00een timpul unei opera\u0163ii la Floreasca, pus sub acuzare la patru ani de la ie\u015firea\u00a0nervoas\u0103 - Buletin de Bucure\u0219ti\",\"isPartOf\":{\"@id\":\"https:\\\/\\\/buletin.de\\\/bucuresti\\\/#website\"},\"primaryImageOfPage\":{\"@id\":\"https:\\\/\\\/buletin.de\\\/bucuresti\\\/chirurgul-care-si-a-atacat-colegii-in-timpul-unei-operatii-la-floreasca-pus-sub-acuzare-la-patru-ani-de-la-iesirea-nervoasa\\\/#primaryimage\"},\"image\":{\"@id\":\"https:\\\/\\\/buletin.de\\\/bucuresti\\\/chirurgul-care-si-a-atacat-colegii-in-timpul-unei-operatii-la-floreasca-pus-sub-acuzare-la-patru-ani-de-la-iesirea-nervoasa\\\/#primaryimage\"},\"thumbnailUrl\":\"https:\\\/\\\/buletin.de\\\/bucuresti\\\/wp-content\\\/uploads\\\/Spital-Floreasca.jpg\",\"datePublished\":\"2024-03-15T10:38:32+00:00\",\"dateModified\":\"2024-03-15T10:46:20+00:00\",\"breadcrumb\":{\"@id\":\"https:\\\/\\\/buletin.de\\\/bucuresti\\\/chirurgul-care-si-a-atacat-colegii-in-timpul-unei-operatii-la-floreasca-pus-sub-acuzare-la-patru-ani-de-la-iesirea-nervoasa\\\/#breadcrumb\"},\"inLanguage\":\"en-GB\",\"potentialAction\":[{\"@type\":\"ReadAction\",\"target\":[\"https:\\\/\\\/buletin.de\\\/bucuresti\\\/chirurgul-care-si-a-atacat-colegii-in-timpul-unei-operatii-la-floreasca-pus-sub-acuzare-la-patru-ani-de-la-iesirea-nervoasa\\\/\"]}]},{\"@type\":\"ImageObject\",\"inLanguage\":\"en-GB\",\"@id\":\"https:\\\/\\\/buletin.de\\\/bucuresti\\\/chirurgul-care-si-a-atacat-colegii-in-timpul-unei-operatii-la-floreasca-pus-sub-acuzare-la-patru-ani-de-la-iesirea-nervoasa\\\/#primaryimage\",\"url\":\"https:\\\/\\\/buletin.de\\\/bucuresti\\\/wp-content\\\/uploads\\\/Spital-Floreasca.jpg\",\"contentUrl\":\"https:\\\/\\\/buletin.de\\\/bucuresti\\\/wp-content\\\/uploads\\\/Spital-Floreasca.jpg\",\"width\":680,\"height\":510,\"caption\":\"FOTO: Google Photos\\\/ kozsful\"},{\"@type\":\"BreadcrumbList\",\"@id\":\"https:\\\/\\\/buletin.de\\\/bucuresti\\\/chirurgul-care-si-a-atacat-colegii-in-timpul-unei-operatii-la-floreasca-pus-sub-acuzare-la-patru-ani-de-la-iesirea-nervoasa\\\/#breadcrumb\",\"itemListElement\":[{\"@type\":\"ListItem\",\"position\":1,\"name\":\"Acas\u0103\",\"item\":\"https:\\\/\\\/buletin.de\\\/bucuresti\\\/\"},{\"@type\":\"ListItem\",\"position\":2,\"name\":\"Chirurgul care \u015fi-a atacat colegii \u00een timpul unei opera\u0163ii la Floreasca, pus sub acuzare la patru ani de la ie\u015firea\u00a0nervoas\u0103\"}]},{\"@type\":\"WebSite\",\"@id\":\"https:\\\/\\\/buletin.de\\\/bucuresti\\\/#website\",\"url\":\"https:\\\/\\\/buletin.de\\\/bucuresti\\\/\",\"name\":\"Buletin de Bucure\u0219ti\",\"description\":\"\u0218tiri \u0219i investiga\u021bii esen\u021biale din capital\u0103\",\"publisher\":{\"@id\":\"https:\\\/\\\/buletin.de\\\/bucuresti\\\/#organization\"},\"potentialAction\":[{\"@type\":\"SearchAction\",\"target\":{\"@type\":\"EntryPoint\",\"urlTemplate\":\"https:\\\/\\\/buletin.de\\\/bucuresti\\\/?s={search_term_string}\"},\"query-input\":{\"@type\":\"PropertyValueSpecification\",\"valueRequired\":true,\"valueName\":\"search_term_string\"}}],\"inLanguage\":\"en-GB\"},{\"@type\":\"Organization\",\"@id\":\"https:\\\/\\\/buletin.de\\\/bucuresti\\\/#organization\",\"name\":\"Buletin de Bucure\u0219ti\",\"url\":\"https:\\\/\\\/buletin.de\\\/bucuresti\\\/\",\"logo\":{\"@type\":\"ImageObject\",\"inLanguage\":\"en-GB\",\"@id\":\"https:\\\/\\\/buletin.de\\\/bucuresti\\\/#\\\/schema\\\/logo\\\/image\\\/\",\"url\":\"https:\\\/\\\/buletin.de\\\/bucuresti\\\/wp-content\\\/uploads\\\/logo-bdb-full-wide-vernil-transparent.png\",\"contentUrl\":\"https:\\\/\\\/buletin.de\\\/bucuresti\\\/wp-content\\\/uploads\\\/logo-bdb-full-wide-vernil-transparent.png\",\"width\":1782,\"height\":626,\"caption\":\"Buletin de Bucure\u0219ti\"},\"image\":{\"@id\":\"https:\\\/\\\/buletin.de\\\/bucuresti\\\/#\\\/schema\\\/logo\\\/image\\\/\"},\"sameAs\":[\"https:\\\/\\\/www.facebook.com\\\/buletin.de.buc\",\"https:\\\/\\\/www.instagram.com\\\/buletinde.bucuresti\\\/\"]},{\"@type\":\"Person\",\"@id\":\"https:\\\/\\\/buletin.de\\\/bucuresti\\\/#\\\/schema\\\/person\\\/150590659efde715459d159da012f501\",\"name\":\"Andreea Tudor\",\"image\":{\"@type\":\"ImageObject\",\"inLanguage\":\"en-GB\",\"@id\":\"https:\\\/\\\/secure.gravatar.com\\\/avatar\\\/a88705a186ab0b67f3349bcbced506c09e37256fbaad0e7f3bd1a79b4599f589?s=96&d=monsterid&r=g79290610aa1a65c2b86eebc2ca5aee8f\",\"url\":\"https:\\\/\\\/secure.gravatar.com\\\/avatar\\\/a88705a186ab0b67f3349bcbced506c09e37256fbaad0e7f3bd1a79b4599f589?s=96&d=monsterid&r=g\",\"contentUrl\":\"https:\\\/\\\/secure.gravatar.com\\\/avatar\\\/a88705a186ab0b67f3349bcbced506c09e37256fbaad0e7f3bd1a79b4599f589?s=96&d=monsterid&r=g\",\"caption\":\"Andreea Tudor\"},\"description\":\"N\u0103scut\u0103 \u0219i crescut\u0103 \u00een Bucure\u0219ti, sus\u021bin\u0103toare a presei independente. A\u0219a am ajuns redactor la Buletin de Bucure\u0219ti. Fiind eu, \u00eens\u0103mi, parte a sistemului de \u00eenv\u0103\u021b\u0103m\u00e2nt rom\u00e2nesc \u0219i pasionat\u0103 de domeniul social, pun sub lup\u0103 tot ceea ce se \u00eent\u00e2mpl\u0103 \u00een sfera educa\u021biei. Cred cu t\u0103rie c\u0103 presa \u201epentru cet\u0103\u021beni\u201d este presa independent\u0103. Oamenii au nevoie de o informare corect\u0103 pentru a \u00een\u021belege pe deplin ce se \u00eent\u00e2mpl\u0103 \u00een jurul lor \u0219i pentru a lua ac\u021biune \u00eempotriva nedrept\u0103\u021bilor.\",\"url\":\"https:\\\/\\\/buletin.de\\\/bucuresti\\\/author\\\/andreeatudor\\\/\"}]}<\/script>\n<!-- \/ Yoast SEO Premium plugin. -->","yoast_head_json":{"title":"Chirurgul care \u015fi-a atacat colegii \u00een timpul unei opera\u0163ii la Floreasca, pus sub acuzare la patru ani de la ie\u015firea\u00a0nervoas\u0103 - Buletin de Bucure\u0219ti","robots":{"index":"index","follow":"follow","max-snippet":"max-snippet:-1","max-image-preview":"max-image-preview:large","max-video-preview":"max-video-preview:-1"},"canonical":"https:\/\/buletin.de\/bucuresti\/chirurgul-care-si-a-atacat-colegii-in-timpul-unei-operatii-la-floreasca-pus-sub-acuzare-la-patru-ani-de-la-iesirea-nervoasa\/","og_locale":"en_GB","og_type":"article","og_title":"Chirurgul care \u015fi-a atacat colegii \u00een timpul unei opera\u0163ii la Floreasca, pus sub acuzare la patru ani de la ie\u015firea\u00a0nervoas\u0103","og_description":"Chirurgul Sorin P\u0103un, fost \u015fef de sec\u0163ie la Floreasca, a fost pus sub acuzare pentru purtare abuziv\u0103 dup\u0103 ce, \u00een timpul unei opera\u0163ii din martie 2020 \u015fi-a \u00een\u0163epat un coleg cu un electrocauter. Ustensila medical\u0103 tocmai fusese folosit\u0103 pe o pacient\u0103 bolnav\u0103 de hepatita C. Informa\u0163iile apar \u00eentr-un comunicat al Parchetului, remis Agerpres. Pe parcursul [&hellip;]","og_url":"https:\/\/buletin.de\/bucuresti\/chirurgul-care-si-a-atacat-colegii-in-timpul-unei-operatii-la-floreasca-pus-sub-acuzare-la-patru-ani-de-la-iesirea-nervoasa\/","og_site_name":"Buletin de Bucure\u0219ti","article_publisher":"https:\/\/www.facebook.com\/buletin.de.buc","article_published_time":"2024-03-15T10:38:32+00:00","article_modified_time":"2024-03-15T10:46:20+00:00","og_image":[{"width":680,"height":510,"url":"https:\/\/buletin.de\/bucuresti\/wp-content\/uploads\/Spital-Floreasca.jpg","type":"image\/jpeg"}],"author":"Andreea Tudor","twitter_card":"summary_large_image","twitter_misc":{"Written by":"Andreea Tudor","Estimated reading time":"2 minutes"},"schema":{"@context":"https:\/\/schema.org","@graph":[{"@type":"Article","@id":"https:\/\/buletin.de\/bucuresti\/chirurgul-care-si-a-atacat-colegii-in-timpul-unei-operatii-la-floreasca-pus-sub-acuzare-la-patru-ani-de-la-iesirea-nervoasa\/#article","isPartOf":{"@id":"https:\/\/buletin.de\/bucuresti\/chirurgul-care-si-a-atacat-colegii-in-timpul-unei-operatii-la-floreasca-pus-sub-acuzare-la-patru-ani-de-la-iesirea-nervoasa\/"},"author":{"name":"Andreea Tudor","@id":"https:\/\/buletin.de\/bucuresti\/#\/schema\/person\/150590659efde715459d159da012f501"},"headline":"Chirurgul care \u015fi-a atacat colegii \u00een timpul unei opera\u0163ii la Floreasca, pus sub acuzare la patru ani de la ie\u015firea\u00a0nervoas\u0103","datePublished":"2024-03-15T10:38:32+00:00","dateModified":"2024-03-15T10:46:20+00:00","mainEntityOfPage":{"@id":"https:\/\/buletin.de\/bucuresti\/chirurgul-care-si-a-atacat-colegii-in-timpul-unei-operatii-la-floreasca-pus-sub-acuzare-la-patru-ani-de-la-iesirea-nervoasa\/"},"wordCount":454,"publisher":{"@id":"https:\/\/buletin.de\/bucuresti\/#organization"},"image":{"@id":"https:\/\/buletin.de\/bucuresti\/chirurgul-care-si-a-atacat-colegii-in-timpul-unei-operatii-la-floreasca-pus-sub-acuzare-la-patru-ani-de-la-iesirea-nervoasa\/#primaryimage"},"thumbnailUrl":"https:\/\/buletin.de\/bucuresti\/wp-content\/uploads\/Spital-Floreasca.jpg","keywords":["hepatita C","medici atacati in timpul operatiei","medici intepati cu electrocauterul","sef de sectie Floreasca","Spitalul de Urgenta Floreasca"],"articleSection":["Articole","Eveniment","\u0218tiri"],"inLanguage":"en-GB","copyrightYear":"2024","copyrightHolder":{"@id":"https:\/\/buletin.de\/bucuresti\/#organization"}},{"@type":"WebPage","@id":"https:\/\/buletin.de\/bucuresti\/chirurgul-care-si-a-atacat-colegii-in-timpul-unei-operatii-la-floreasca-pus-sub-acuzare-la-patru-ani-de-la-iesirea-nervoasa\/","url":"https:\/\/buletin.de\/bucuresti\/chirurgul-care-si-a-atacat-colegii-in-timpul-unei-operatii-la-floreasca-pus-sub-acuzare-la-patru-ani-de-la-iesirea-nervoasa\/","name":"Chirurgul care \u015fi-a atacat colegii \u00een timpul unei opera\u0163ii la Floreasca, pus sub acuzare la patru ani de la ie\u015firea\u00a0nervoas\u0103 - Buletin de Bucure\u0219ti","isPartOf":{"@id":"https:\/\/buletin.de\/bucuresti\/#website"},"primaryImageOfPage":{"@id":"https:\/\/buletin.de\/bucuresti\/chirurgul-care-si-a-atacat-colegii-in-timpul-unei-operatii-la-floreasca-pus-sub-acuzare-la-patru-ani-de-la-iesirea-nervoasa\/#primaryimage"},"image":{"@id":"https:\/\/buletin.de\/bucuresti\/chirurgul-care-si-a-atacat-colegii-in-timpul-unei-operatii-la-floreasca-pus-sub-acuzare-la-patru-ani-de-la-iesirea-nervoasa\/#primaryimage"},"thumbnailUrl":"https:\/\/buletin.de\/bucuresti\/wp-content\/uploads\/Spital-Floreasca.jpg","datePublished":"2024-03-15T10:38:32+00:00","dateModified":"2024-03-15T10:46:20+00:00","breadcrumb":{"@id":"https:\/\/buletin.de\/bucuresti\/chirurgul-care-si-a-atacat-colegii-in-timpul-unei-operatii-la-floreasca-pus-sub-acuzare-la-patru-ani-de-la-iesirea-nervoasa\/#breadcrumb"},"inLanguage":"en-GB","potentialAction":[{"@type":"ReadAction","target":["https:\/\/buletin.de\/bucuresti\/chirurgul-care-si-a-atacat-colegii-in-timpul-unei-operatii-la-floreasca-pus-sub-acuzare-la-patru-ani-de-la-iesirea-nervoasa\/"]}]},{"@type":"ImageObject","inLanguage":"en-GB","@id":"https:\/\/buletin.de\/bucuresti\/chirurgul-care-si-a-atacat-colegii-in-timpul-unei-operatii-la-floreasca-pus-sub-acuzare-la-patru-ani-de-la-iesirea-nervoasa\/#primaryimage","url":"https:\/\/buletin.de\/bucuresti\/wp-content\/uploads\/Spital-Floreasca.jpg","contentUrl":"https:\/\/buletin.de\/bucuresti\/wp-content\/uploads\/Spital-Floreasca.jpg","width":680,"height":510,"caption":"FOTO: Google Photos\/ kozsful"},{"@type":"BreadcrumbList","@id":"https:\/\/buletin.de\/bucuresti\/chirurgul-care-si-a-atacat-colegii-in-timpul-unei-operatii-la-floreasca-pus-sub-acuzare-la-patru-ani-de-la-iesirea-nervoasa\/#breadcrumb","itemListElement":[{"@type":"ListItem","position":1,"name":"Acas\u0103","item":"https:\/\/buletin.de\/bucuresti\/"},{"@type":"ListItem","position":2,"name":"Chirurgul care \u015fi-a atacat colegii \u00een timpul unei opera\u0163ii la Floreasca, pus sub acuzare la patru ani de la ie\u015firea\u00a0nervoas\u0103"}]},{"@type":"WebSite","@id":"https:\/\/buletin.de\/bucuresti\/#website","url":"https:\/\/buletin.de\/bucuresti\/","name":"Buletin de Bucure\u0219ti","description":"\u0218tiri \u0219i investiga\u021bii esen\u021biale din capital\u0103","publisher":{"@id":"https:\/\/buletin.de\/bucuresti\/#organization"},"potentialAction":[{"@type":"SearchAction","target":{"@type":"EntryPoint","urlTemplate":"https:\/\/buletin.de\/bucuresti\/?s={search_term_string}"},"query-input":{"@type":"PropertyValueSpecification","valueRequired":true,"valueName":"search_term_string"}}],"inLanguage":"en-GB"},{"@type":"Organization","@id":"https:\/\/buletin.de\/bucuresti\/#organization","name":"Buletin de Bucure\u0219ti","url":"https:\/\/buletin.de\/bucuresti\/","logo":{"@type":"ImageObject","inLanguage":"en-GB","@id":"https:\/\/buletin.de\/bucuresti\/#\/schema\/logo\/image\/","url":"https:\/\/buletin.de\/bucuresti\/wp-content\/uploads\/logo-bdb-full-wide-vernil-transparent.png","contentUrl":"https:\/\/buletin.de\/bucuresti\/wp-content\/uploads\/logo-bdb-full-wide-vernil-transparent.png","width":1782,"height":626,"caption":"Buletin de Bucure\u0219ti"},"image":{"@id":"https:\/\/buletin.de\/bucuresti\/#\/schema\/logo\/image\/"},"sameAs":["https:\/\/www.facebook.com\/buletin.de.buc","https:\/\/www.instagram.com\/buletinde.bucuresti\/"]},{"@type":"Person","@id":"https:\/\/buletin.de\/bucuresti\/#\/schema\/person\/150590659efde715459d159da012f501","name":"Andreea Tudor","image":{"@type":"ImageObject","inLanguage":"en-GB","@id":"https:\/\/secure.gravatar.com\/avatar\/a88705a186ab0b67f3349bcbced506c09e37256fbaad0e7f3bd1a79b4599f589?s=96&d=monsterid&r=g79290610aa1a65c2b86eebc2ca5aee8f","url":"https:\/\/secure.gravatar.com\/avatar\/a88705a186ab0b67f3349bcbced506c09e37256fbaad0e7f3bd1a79b4599f589?s=96&d=monsterid&r=g","contentUrl":"https:\/\/secure.gravatar.com\/avatar\/a88705a186ab0b67f3349bcbced506c09e37256fbaad0e7f3bd1a79b4599f589?s=96&d=monsterid&r=g","caption":"Andreea Tudor"},"description":"N\u0103scut\u0103 \u0219i crescut\u0103 \u00een Bucure\u0219ti, sus\u021bin\u0103toare a presei independente. A\u0219a am ajuns redactor la Buletin de Bucure\u0219ti. Fiind eu, \u00eens\u0103mi, parte a sistemului de \u00eenv\u0103\u021b\u0103m\u00e2nt rom\u00e2nesc \u0219i pasionat\u0103 de domeniul social, pun sub lup\u0103 tot ceea ce se \u00eent\u00e2mpl\u0103 \u00een sfera educa\u021biei. Cred cu t\u0103rie c\u0103 presa \u201epentru cet\u0103\u021beni\u201d este presa independent\u0103. Oamenii au nevoie de o informare corect\u0103 pentru a \u00een\u021belege pe deplin ce se \u00eent\u00e2mpl\u0103 \u00een jurul lor \u0219i pentru a lua ac\u021biune \u00eempotriva nedrept\u0103\u021bilor.","url":"https:\/\/buletin.de\/bucuresti\/author\/andreeatudor\/"}]}},"authors":[{"term_id":22573,"user_id":55,"is_guest":0,"slug":"andreeatudor","display_name":"Andreea Tudor","avatar_url":"https:\/\/secure.gravatar.com\/avatar\/a88705a186ab0b67f3349bcbced506c09e37256fbaad0e7f3bd1a79b4599f589?s=96&d=monsterid&r=g","0":null,"1":"","2":"","3":"","4":"","5":"","6":"","7":"","8":""}],"_links":{"self":[{"href":"https:\/\/buletin.de\/bucuresti\/wp-json\/wp\/v2\/posts\/80109","targetHints":{"allow":["GET"]}}],"collection":[{"href":"https:\/\/buletin.de\/bucuresti\/wp-json\/wp\/v2\/posts"}],"about":[{"href":"https:\/\/buletin.de\/bucuresti\/wp-json\/wp\/v2\/types\/post"}],"author":[{"embeddable":true,"href":"https:\/\/buletin.de\/bucuresti\/wp-json\/wp\/v2\/users\/55"}],"replies":[{"embeddable":true,"href":"https:\/\/buletin.de\/bucuresti\/wp-json\/wp\/v2\/comments?post=80109"}],"version-history":[{"count":4,"href":"https:\/\/buletin.de\/bucuresti\/wp-json\/wp\/v2\/posts\/80109\/revisions"}],"predecessor-version":[{"id":80150,"href":"https:\/\/buletin.de\/bucuresti\/wp-json\/wp\/v2\/posts\/80109\/revisions\/80150"}],"wp:featuredmedia":[{"embeddable":true,"href":"https:\/\/buletin.de\/bucuresti\/wp-json\/wp\/v2\/media\/80134"}],"wp:attachment":[{"href":"https:\/\/buletin.de\/bucuresti\/wp-json\/wp\/v2\/media?parent=80109"}],"wp:term":[{"taxonomy":"category","embeddable":true,"href":"https:\/\/buletin.de\/bucuresti\/wp-json\/wp\/v2\/categories?post=80109"},{"taxonomy":"post_tag","embeddable":true,"href":"https:\/\/buletin.de\/bucuresti\/wp-json\/wp\/v2\/tags?post=80109"},{"taxonomy":"author","embeddable":true,"href":"https:\/\/buletin.de\/bucuresti\/wp-json\/wp\/v2\/ppma_author?post=80109"}],"curies":[{"name":"wp","href":"https:\/\/api.w.org\/{rel}","templated":true}]}}