{"id":80108,"date":"2024-03-15T11:32:07","date_gmt":"2024-03-15T09:32:07","guid":{"rendered":"https:\/\/buletin.de\/bucuresti\/?p=80108"},"modified":"2024-03-15T11:36:26","modified_gmt":"2024-03-15T09:36:26","slug":"circulatie-inchisa-doua-zile-pe-dn1-pe-un-tronson-de-5-kilometri-pentru-demolarea-unui-pod","status":"publish","type":"post","link":"https:\/\/buletin.de\/bucuresti\/circulatie-inchisa-doua-zile-pe-dn1-pe-un-tronson-de-5-kilometri-pentru-demolarea-unui-pod\/","title":{"rendered":"Circula\u021bie \u00eenchis\u0103 dou\u0103 zile pe DN1, pe un tronson de 5 kilometri, pentru demolarea unui pod"},"content":{"rendered":"\n<p><strong>Traficul pe DN1 va fi restric\u021bionat temporar mar\u021bi \u0219i miercuri, 19-20 martie, pentru demolarea unui pasaj al C\u0103ilor Ferate, pe Valea Prahovei, informeaz\u0103 Compania Na\u021bional\u0103 de Administrare a Infrastructurii Rutiere. \u00cen acela\u0219i comunicat, reprezentan\u021bii CNAIR spun cum va func\u021biona traficul deviat.<\/strong><\/p>\n\n\n\n<p><strong>Zonele dintre kilometrii 89+450 \u0219i km 94+650 ai Drumului Na\u021bional 1<\/strong>, Ploie\u0219ti &#8211; Bra\u0219ov, vor fi \u00eenchise traficului rutier, pe toat\u0103 durata zilelor de mar\u021bi \u0219i miercuri, mai exact \u00een perioada 19.03.2024, ora 00.00 \u2013 20.03.2024, ora 24.00. \u00cen acest timp, vor fi efectuate lucr\u0103ri de demolare a podului feroviar situat \u00eentre sta\u021biile CF C\u00e2mpina \u0219i C\u00e2mpini\u021ba, la kilometrul 0+609, care trece peste drumul na\u021bional \u00een zona km. 93+120.\u00a0<\/p>\n\n\n\n<p>\u00cen func\u021bie de categoria de vehicul, traficul rutier se va desf\u0103\u0219ura astfel:<\/p>\n\n\n\n<ul class=\"wp-block-list\">\n<li>Circula\u021bia autovehiculelor cu MTMA &lt; 3,5 tone, dar \u0219i pentru riveranii care de\u021bin autovehicule cu MTMA &gt; 3,5 tone, pentru rela\u021bia Bucure\u0219ti \u2013 Bra\u0219ov \u0219i retur, se va desf\u0103\u0219ura pe urm\u0103toarea variant\u0103 de ocolire:&nbsp;\n<ul class=\"wp-block-list\">\n<li>DN1, km.89+450 (B\u0103ne\u0219ti) intersec\u021bie cu DJ 1021, km 0+000 (Calea Daciei-Bvd. N.B\u0103lcescu) &#8211; DJ 101R (Bvd. Carol I) &#8211; Intersec\u021bia DJ 101R, km. 16+635 cu DN 1, km. 94+650, Cornu;<\/li>\n<\/ul>\n<\/li>\n\n\n\n<li>Circula\u021bia autovehiculelor cu MTMA &gt; 3,5 tone, pentru rela\u021bia Ploie\u0219ti \u2013 Bra\u0219ov \u0219i retur, se va desf\u0103\u0219ura pe urm\u0103toarele variante de ocolire:\n<ul class=\"wp-block-list\">\n<li>DN 1, km. 53+650 (B\u0103rc\u0103ne\u0219ti) intersec\u021bie cu DN 1A, km 70+550 &#8211; Centura de Est &#8211; DN 1A (Blejoi &#8211; V\u0103lenii de Munte &#8211; Cheia &#8211; S\u0103cele) &#8211; DN 1, km 161+000 &#8211; Bra\u0219ov;<\/li>\n\n\n\n<li>DN 1, km. 59+800 (B\u0103rc\u0103ne\u0219ti) intersec\u021bie cu DN 1A, km. 64+400 &#8211; Centura de Vest &#8211; DN 1A (Blejoi &#8211; V\u0103lenii de Munte &#8211; Cheia &#8211; S\u0103cele) &#8211; DN 1, km 161+000 &#8211; Bra\u0219ov;<\/li>\n\n\n\n<li>DN 1, km. 64+400 (B\u0103rc\u0103ne\u0219ti) intersec\u021bie cu DN 72, km. 76+180 &#8211; DN 72, T\u00e2rgovi\u0219te &#8211; DN 71 (T\u00e2rgovi\u0219te &#8211; Fieni &#8211; Moroieni) inters. DN 71, km. 109+905 cu DN 1 km. 120+400, Sinaia &#8211; DN 1 &#8211; Bra\u0219ov.<\/li>\n<\/ul>\n<\/li>\n<\/ul>\n\n\n\n<p>Circula\u021bia vehiculelor rutiere mai mari de 3,5 tone de la Bucure\u0219ti\/Bra\u0219ov p\u00e2n\u0103 la capetele sectorului de drum \u00eenchis circula\u021biei, respectiv km. 89+450 \u0219i km. 94+650, se va desf\u0103\u0219ur\u0103 pe DN 1 conform reglement\u0103rilor legale \u00een vigoare.\u00a0<\/p>\n\n\n\n<p>Pentru lucr\u0103rile de dezafectare a podului care supratraverseaz\u0103 DN 1, la km 0+609, au fost emise avize \u0219i acorduri din partea autorit\u0103\u021bilor locale &#8211; Prim\u0103ria Municipiului C\u00e2mpina \u015fi Prim\u0103ria Comunei Poiana C\u00e2mpina -, Poli\u0163ia Rutier\u0103, CNAIR SA, Apele Rom\u00e2ne, Agen\u0163ia pentru Protec\u0163ia Mediului Prahova, dar \u015fi a altor de\u0163in\u0103tori de utilit\u0103\u0163i sau re\u0163ele edilitare \u00een zon\u0103, potrivit unui comunicat CFR SA.<\/p>\n\n\n\n<p>Compania responsabil\u0103 de lucr\u0103ri este SC Infra System Proiect, \u00een baza contractului semnat cu SRCF Bucure\u0219ti \u00een decembrie 2022, pentru servicii de proiectare \u0219i execu\u021bie lucr\u0103ri, precum \u0219i a Autoriza\u021biei de Desfiin\u021bare, emis\u0103 de MTI \u00een octombrie 2023, spune aceea\u0219i surs\u0103.<\/p>\n\n\n\n<p>Podul a fost construit \u00een 1974, \u0219i se afl\u0103 \u00een eviden\u021be ca punct periculos de gradul I din anul 1995. Podul ce face parte din linia ferat\u0103 C\u00e2mpina \u2013 Telega a suferit \u00een ultimii ani importante avarii, exist\u00e2nd chiar riscul de pr\u0103bu\u0219ire a grinzilor ce se sprijin\u0103 pe pila nr. 5, peste DN1, dup\u0103 cum au constatat reprezentan\u021bii CF, potrivit unui articol <a href=\"https:\/\/oglindadeazi.ro\/breaking-news\/podul-cfr-pe-dn1-in-zona-campina-campinita-a-primit-autorizatia-de-desfiintare-de-la-ministerul-transportului\/\">Oglinda de Azi.<\/a><\/p>\n","protected":false},"excerpt":{"rendered":"<p>Traficul pe DN1 va fi restric\u021bionat temporar mar\u021bi \u0219i miercuri, 19-20 martie, pentru demolarea unui pasaj al C\u0103ilor Ferate, pe Valea Prahovei, informeaz\u0103 Compania Na\u021bional\u0103 de Administrare a Infrastructurii Rutiere. \u00cen acela\u0219i comunicat, reprezentan\u021bii CNAIR spun cum va func\u021biona traficul deviat. Zonele dintre kilometrii 89+450 \u0219i km 94+650 ai Drumului Na\u021bional 1, Ploie\u0219ti &#8211; Bra\u0219ov, [&hellip;]<\/p>\n","protected":false},"author":47,"featured_media":80120,"comment_status":"closed","ping_status":"open","sticky":false,"template":"","format":"standard","meta":{"_acf_changed":false,"inline_featured_image":false,"ngg_post_thumbnail":0,"footnotes":""},"categories":[6994,5762,650],"tags":[3793,10532,10533,599,10529,1238,10528,10531,1553,7505,10530,5570],"ppma_author":[22580],"class_list":["post-80108","post","type-post","status-publish","format-standard","has-post-thumbnail","hentry","category-stiri-2","category-main","category-transport","tag-brasov","tag-campina","tag-campinita","tag-cfr","tag-circulatie-restrictionata","tag-cnair","tag-compania-nationala-de-administrare-a-infrastructurii-rutiere","tag-demolare-pod","tag-dn1","tag-drum-national","tag-ploiesti-2","tag-pod"],"acf":[],"yoast_head":"<!-- This site is optimized with the Yoast SEO Premium plugin v25.3 (Yoast SEO v27.4) - https:\/\/yoast.com\/product\/yoast-seo-premium-wordpress\/ -->\n<title>Circula\u021bie \u00eenchis\u0103 dou\u0103 zile pe DN1, pe un tronson de 5 kilometri, pentru demolarea unui pod - Buletin de Bucure\u0219ti<\/title>\n<meta name=\"robots\" content=\"index, follow, max-snippet:-1, max-image-preview:large, max-video-preview:-1\" \/>\n<link rel=\"canonical\" href=\"https:\/\/buletin.de\/bucuresti\/circulatie-inchisa-doua-zile-pe-dn1-pe-un-tronson-de-5-kilometri-pentru-demolarea-unui-pod\/\" \/>\n<meta property=\"og:locale\" content=\"en_GB\" \/>\n<meta property=\"og:type\" content=\"article\" \/>\n<meta property=\"og:title\" content=\"Circula\u021bie \u00eenchis\u0103 dou\u0103 zile pe DN1, pe un tronson de 5 kilometri, pentru demolarea unui pod\" \/>\n<meta property=\"og:description\" content=\"Traficul pe DN1 va fi restric\u021bionat temporar mar\u021bi \u0219i miercuri, 19-20 martie, pentru demolarea unui pasaj al C\u0103ilor Ferate, pe Valea Prahovei, informeaz\u0103 Compania Na\u021bional\u0103 de Administrare a Infrastructurii Rutiere. \u00cen acela\u0219i comunicat, reprezentan\u021bii CNAIR spun cum va func\u021biona traficul deviat. Zonele dintre kilometrii 89+450 \u0219i km 94+650 ai Drumului Na\u021bional 1, Ploie\u0219ti &#8211; Bra\u0219ov, [&hellip;]\" \/>\n<meta property=\"og:url\" content=\"https:\/\/buletin.de\/bucuresti\/circulatie-inchisa-doua-zile-pe-dn1-pe-un-tronson-de-5-kilometri-pentru-demolarea-unui-pod\/\" \/>\n<meta property=\"og:site_name\" content=\"Buletin de Bucure\u0219ti\" \/>\n<meta property=\"article:publisher\" content=\"https:\/\/www.facebook.com\/buletin.de.buc\" \/>\n<meta property=\"article:published_time\" content=\"2024-03-15T09:32:07+00:00\" \/>\n<meta property=\"article:modified_time\" content=\"2024-03-15T09:36:26+00:00\" \/>\n<meta property=\"og:image\" content=\"https:\/\/buletin.de\/bucuresti\/wp-content\/uploads\/430700029_891601072664692_1694187029931330531_n-2.jpg\" \/>\n\t<meta property=\"og:image:width\" content=\"1824\" \/>\n\t<meta property=\"og:image:height\" content=\"1368\" \/>\n\t<meta property=\"og:image:type\" content=\"image\/jpeg\" \/>\n<meta name=\"author\" content=\"Adina C\u0103p\u00eelnean\" \/>\n<meta name=\"twitter:card\" content=\"summary_large_image\" \/>\n<meta name=\"twitter:label1\" content=\"Written by\" \/>\n\t<meta name=\"twitter:data1\" content=\"Adina C\u0103p\u00eelnean\" \/>\n\t<meta name=\"twitter:label2\" content=\"Estimated reading time\" \/>\n\t<meta name=\"twitter:data2\" content=\"3 minutes\" \/>\n<script type=\"application\/ld+json\" class=\"yoast-schema-graph\">{\"@context\":\"https:\\\/\\\/schema.org\",\"@graph\":[{\"@type\":\"Article\",\"@id\":\"https:\\\/\\\/buletin.de\\\/bucuresti\\\/circulatie-inchisa-doua-zile-pe-dn1-pe-un-tronson-de-5-kilometri-pentru-demolarea-unui-pod\\\/#article\",\"isPartOf\":{\"@id\":\"https:\\\/\\\/buletin.de\\\/bucuresti\\\/circulatie-inchisa-doua-zile-pe-dn1-pe-un-tronson-de-5-kilometri-pentru-demolarea-unui-pod\\\/\"},\"author\":{\"name\":\"Adina C\u0103p\u00eelnean\",\"@id\":\"https:\\\/\\\/buletin.de\\\/bucuresti\\\/#\\\/schema\\\/person\\\/ab174cf6711728e4ee83d672acf9a912\"},\"headline\":\"Circula\u021bie \u00eenchis\u0103 dou\u0103 zile pe DN1, pe un tronson de 5 kilometri, pentru demolarea unui pod\",\"datePublished\":\"2024-03-15T09:32:07+00:00\",\"dateModified\":\"2024-03-15T09:36:26+00:00\",\"mainEntityOfPage\":{\"@id\":\"https:\\\/\\\/buletin.de\\\/bucuresti\\\/circulatie-inchisa-doua-zile-pe-dn1-pe-un-tronson-de-5-kilometri-pentru-demolarea-unui-pod\\\/\"},\"wordCount\":578,\"publisher\":{\"@id\":\"https:\\\/\\\/buletin.de\\\/bucuresti\\\/#organization\"},\"image\":{\"@id\":\"https:\\\/\\\/buletin.de\\\/bucuresti\\\/circulatie-inchisa-doua-zile-pe-dn1-pe-un-tronson-de-5-kilometri-pentru-demolarea-unui-pod\\\/#primaryimage\"},\"thumbnailUrl\":\"https:\\\/\\\/buletin.de\\\/bucuresti\\\/wp-content\\\/uploads\\\/430700029_891601072664692_1694187029931330531_n-2.jpg\",\"keywords\":[\"brasov\",\"campina\",\"campinita\",\"cfr\",\"circulatie restrictionata\",\"cnair\",\"compania nationala de administrare a infrastructurii rutiere\",\"demolare pod\",\"dn1\",\"drum national\",\"ploiesti\",\"pod\"],\"articleSection\":[\"Articole\",\"Main\",\"Transport\"],\"inLanguage\":\"en-GB\",\"copyrightYear\":\"2024\",\"copyrightHolder\":{\"@id\":\"https:\\\/\\\/buletin.de\\\/bucuresti\\\/#organization\"}},{\"@type\":\"WebPage\",\"@id\":\"https:\\\/\\\/buletin.de\\\/bucuresti\\\/circulatie-inchisa-doua-zile-pe-dn1-pe-un-tronson-de-5-kilometri-pentru-demolarea-unui-pod\\\/\",\"url\":\"https:\\\/\\\/buletin.de\\\/bucuresti\\\/circulatie-inchisa-doua-zile-pe-dn1-pe-un-tronson-de-5-kilometri-pentru-demolarea-unui-pod\\\/\",\"name\":\"Circula\u021bie \u00eenchis\u0103 dou\u0103 zile pe DN1, pe un tronson de 5 kilometri, pentru demolarea unui pod - Buletin de Bucure\u0219ti\",\"isPartOf\":{\"@id\":\"https:\\\/\\\/buletin.de\\\/bucuresti\\\/#website\"},\"primaryImageOfPage\":{\"@id\":\"https:\\\/\\\/buletin.de\\\/bucuresti\\\/circulatie-inchisa-doua-zile-pe-dn1-pe-un-tronson-de-5-kilometri-pentru-demolarea-unui-pod\\\/#primaryimage\"},\"image\":{\"@id\":\"https:\\\/\\\/buletin.de\\\/bucuresti\\\/circulatie-inchisa-doua-zile-pe-dn1-pe-un-tronson-de-5-kilometri-pentru-demolarea-unui-pod\\\/#primaryimage\"},\"thumbnailUrl\":\"https:\\\/\\\/buletin.de\\\/bucuresti\\\/wp-content\\\/uploads\\\/430700029_891601072664692_1694187029931330531_n-2.jpg\",\"datePublished\":\"2024-03-15T09:32:07+00:00\",\"dateModified\":\"2024-03-15T09:36:26+00:00\",\"breadcrumb\":{\"@id\":\"https:\\\/\\\/buletin.de\\\/bucuresti\\\/circulatie-inchisa-doua-zile-pe-dn1-pe-un-tronson-de-5-kilometri-pentru-demolarea-unui-pod\\\/#breadcrumb\"},\"inLanguage\":\"en-GB\",\"potentialAction\":[{\"@type\":\"ReadAction\",\"target\":[\"https:\\\/\\\/buletin.de\\\/bucuresti\\\/circulatie-inchisa-doua-zile-pe-dn1-pe-un-tronson-de-5-kilometri-pentru-demolarea-unui-pod\\\/\"]}]},{\"@type\":\"ImageObject\",\"inLanguage\":\"en-GB\",\"@id\":\"https:\\\/\\\/buletin.de\\\/bucuresti\\\/circulatie-inchisa-doua-zile-pe-dn1-pe-un-tronson-de-5-kilometri-pentru-demolarea-unui-pod\\\/#primaryimage\",\"url\":\"https:\\\/\\\/buletin.de\\\/bucuresti\\\/wp-content\\\/uploads\\\/430700029_891601072664692_1694187029931330531_n-2.jpg\",\"contentUrl\":\"https:\\\/\\\/buletin.de\\\/bucuresti\\\/wp-content\\\/uploads\\\/430700029_891601072664692_1694187029931330531_n-2.jpg\",\"width\":1824,\"height\":1368,\"caption\":\"Foto: SRCF BUCURE\u0218TI\"},{\"@type\":\"BreadcrumbList\",\"@id\":\"https:\\\/\\\/buletin.de\\\/bucuresti\\\/circulatie-inchisa-doua-zile-pe-dn1-pe-un-tronson-de-5-kilometri-pentru-demolarea-unui-pod\\\/#breadcrumb\",\"itemListElement\":[{\"@type\":\"ListItem\",\"position\":1,\"name\":\"Acas\u0103\",\"item\":\"https:\\\/\\\/buletin.de\\\/bucuresti\\\/\"},{\"@type\":\"ListItem\",\"position\":2,\"name\":\"Circula\u021bie \u00eenchis\u0103 dou\u0103 zile pe DN1, pe un tronson de 5 kilometri, pentru demolarea unui pod\"}]},{\"@type\":\"WebSite\",\"@id\":\"https:\\\/\\\/buletin.de\\\/bucuresti\\\/#website\",\"url\":\"https:\\\/\\\/buletin.de\\\/bucuresti\\\/\",\"name\":\"Buletin de Bucure\u0219ti\",\"description\":\"\u0218tiri \u0219i investiga\u021bii esen\u021biale din capital\u0103\",\"publisher\":{\"@id\":\"https:\\\/\\\/buletin.de\\\/bucuresti\\\/#organization\"},\"potentialAction\":[{\"@type\":\"SearchAction\",\"target\":{\"@type\":\"EntryPoint\",\"urlTemplate\":\"https:\\\/\\\/buletin.de\\\/bucuresti\\\/?s={search_term_string}\"},\"query-input\":{\"@type\":\"PropertyValueSpecification\",\"valueRequired\":true,\"valueName\":\"search_term_string\"}}],\"inLanguage\":\"en-GB\"},{\"@type\":\"Organization\",\"@id\":\"https:\\\/\\\/buletin.de\\\/bucuresti\\\/#organization\",\"name\":\"Buletin de Bucure\u0219ti\",\"url\":\"https:\\\/\\\/buletin.de\\\/bucuresti\\\/\",\"logo\":{\"@type\":\"ImageObject\",\"inLanguage\":\"en-GB\",\"@id\":\"https:\\\/\\\/buletin.de\\\/bucuresti\\\/#\\\/schema\\\/logo\\\/image\\\/\",\"url\":\"https:\\\/\\\/buletin.de\\\/bucuresti\\\/wp-content\\\/uploads\\\/logo-bdb-full-wide-vernil-transparent.png\",\"contentUrl\":\"https:\\\/\\\/buletin.de\\\/bucuresti\\\/wp-content\\\/uploads\\\/logo-bdb-full-wide-vernil-transparent.png\",\"width\":1782,\"height\":626,\"caption\":\"Buletin de Bucure\u0219ti\"},\"image\":{\"@id\":\"https:\\\/\\\/buletin.de\\\/bucuresti\\\/#\\\/schema\\\/logo\\\/image\\\/\"},\"sameAs\":[\"https:\\\/\\\/www.facebook.com\\\/buletin.de.buc\",\"https:\\\/\\\/www.instagram.com\\\/buletinde.bucuresti\\\/\"]},{\"@type\":\"Person\",\"@id\":\"https:\\\/\\\/buletin.de\\\/bucuresti\\\/#\\\/schema\\\/person\\\/ab174cf6711728e4ee83d672acf9a912\",\"name\":\"Adina C\u0103p\u00eelnean\",\"image\":{\"@type\":\"ImageObject\",\"inLanguage\":\"en-GB\",\"@id\":\"https:\\\/\\\/secure.gravatar.com\\\/avatar\\\/4fe9675d6282fd7c1aa4e486a037d532d5728fc16a30360f293eb6126b2e73ad?s=96&d=monsterid&r=ge2b23868508aec3460d3c6a11d3b599a\",\"url\":\"https:\\\/\\\/secure.gravatar.com\\\/avatar\\\/4fe9675d6282fd7c1aa4e486a037d532d5728fc16a30360f293eb6126b2e73ad?s=96&d=monsterid&r=g\",\"contentUrl\":\"https:\\\/\\\/secure.gravatar.com\\\/avatar\\\/4fe9675d6282fd7c1aa4e486a037d532d5728fc16a30360f293eb6126b2e73ad?s=96&d=monsterid&r=g\",\"caption\":\"Adina C\u0103p\u00eelnean\"},\"url\":\"https:\\\/\\\/buletin.de\\\/bucuresti\\\/author\\\/adinacapilnean\\\/\"}]}<\/script>\n<!-- \/ Yoast SEO Premium plugin. -->","yoast_head_json":{"title":"Circula\u021bie \u00eenchis\u0103 dou\u0103 zile pe DN1, pe un tronson de 5 kilometri, pentru demolarea unui pod - Buletin de Bucure\u0219ti","robots":{"index":"index","follow":"follow","max-snippet":"max-snippet:-1","max-image-preview":"max-image-preview:large","max-video-preview":"max-video-preview:-1"},"canonical":"https:\/\/buletin.de\/bucuresti\/circulatie-inchisa-doua-zile-pe-dn1-pe-un-tronson-de-5-kilometri-pentru-demolarea-unui-pod\/","og_locale":"en_GB","og_type":"article","og_title":"Circula\u021bie \u00eenchis\u0103 dou\u0103 zile pe DN1, pe un tronson de 5 kilometri, pentru demolarea unui pod","og_description":"Traficul pe DN1 va fi restric\u021bionat temporar mar\u021bi \u0219i miercuri, 19-20 martie, pentru demolarea unui pasaj al C\u0103ilor Ferate, pe Valea Prahovei, informeaz\u0103 Compania Na\u021bional\u0103 de Administrare a Infrastructurii Rutiere. \u00cen acela\u0219i comunicat, reprezentan\u021bii CNAIR spun cum va func\u021biona traficul deviat. Zonele dintre kilometrii 89+450 \u0219i km 94+650 ai Drumului Na\u021bional 1, Ploie\u0219ti &#8211; Bra\u0219ov, [&hellip;]","og_url":"https:\/\/buletin.de\/bucuresti\/circulatie-inchisa-doua-zile-pe-dn1-pe-un-tronson-de-5-kilometri-pentru-demolarea-unui-pod\/","og_site_name":"Buletin de Bucure\u0219ti","article_publisher":"https:\/\/www.facebook.com\/buletin.de.buc","article_published_time":"2024-03-15T09:32:07+00:00","article_modified_time":"2024-03-15T09:36:26+00:00","og_image":[{"width":1824,"height":1368,"url":"https:\/\/buletin.de\/bucuresti\/wp-content\/uploads\/430700029_891601072664692_1694187029931330531_n-2.jpg","type":"image\/jpeg"}],"author":"Adina C\u0103p\u00eelnean","twitter_card":"summary_large_image","twitter_misc":{"Written by":"Adina C\u0103p\u00eelnean","Estimated reading time":"3 minutes"},"schema":{"@context":"https:\/\/schema.org","@graph":[{"@type":"Article","@id":"https:\/\/buletin.de\/bucuresti\/circulatie-inchisa-doua-zile-pe-dn1-pe-un-tronson-de-5-kilometri-pentru-demolarea-unui-pod\/#article","isPartOf":{"@id":"https:\/\/buletin.de\/bucuresti\/circulatie-inchisa-doua-zile-pe-dn1-pe-un-tronson-de-5-kilometri-pentru-demolarea-unui-pod\/"},"author":{"name":"Adina C\u0103p\u00eelnean","@id":"https:\/\/buletin.de\/bucuresti\/#\/schema\/person\/ab174cf6711728e4ee83d672acf9a912"},"headline":"Circula\u021bie \u00eenchis\u0103 dou\u0103 zile pe DN1, pe un tronson de 5 kilometri, pentru demolarea unui pod","datePublished":"2024-03-15T09:32:07+00:00","dateModified":"2024-03-15T09:36:26+00:00","mainEntityOfPage":{"@id":"https:\/\/buletin.de\/bucuresti\/circulatie-inchisa-doua-zile-pe-dn1-pe-un-tronson-de-5-kilometri-pentru-demolarea-unui-pod\/"},"wordCount":578,"publisher":{"@id":"https:\/\/buletin.de\/bucuresti\/#organization"},"image":{"@id":"https:\/\/buletin.de\/bucuresti\/circulatie-inchisa-doua-zile-pe-dn1-pe-un-tronson-de-5-kilometri-pentru-demolarea-unui-pod\/#primaryimage"},"thumbnailUrl":"https:\/\/buletin.de\/bucuresti\/wp-content\/uploads\/430700029_891601072664692_1694187029931330531_n-2.jpg","keywords":["brasov","campina","campinita","cfr","circulatie restrictionata","cnair","compania nationala de administrare a infrastructurii rutiere","demolare pod","dn1","drum national","ploiesti","pod"],"articleSection":["Articole","Main","Transport"],"inLanguage":"en-GB","copyrightYear":"2024","copyrightHolder":{"@id":"https:\/\/buletin.de\/bucuresti\/#organization"}},{"@type":"WebPage","@id":"https:\/\/buletin.de\/bucuresti\/circulatie-inchisa-doua-zile-pe-dn1-pe-un-tronson-de-5-kilometri-pentru-demolarea-unui-pod\/","url":"https:\/\/buletin.de\/bucuresti\/circulatie-inchisa-doua-zile-pe-dn1-pe-un-tronson-de-5-kilometri-pentru-demolarea-unui-pod\/","name":"Circula\u021bie \u00eenchis\u0103 dou\u0103 zile pe DN1, pe un tronson de 5 kilometri, pentru demolarea unui pod - Buletin de Bucure\u0219ti","isPartOf":{"@id":"https:\/\/buletin.de\/bucuresti\/#website"},"primaryImageOfPage":{"@id":"https:\/\/buletin.de\/bucuresti\/circulatie-inchisa-doua-zile-pe-dn1-pe-un-tronson-de-5-kilometri-pentru-demolarea-unui-pod\/#primaryimage"},"image":{"@id":"https:\/\/buletin.de\/bucuresti\/circulatie-inchisa-doua-zile-pe-dn1-pe-un-tronson-de-5-kilometri-pentru-demolarea-unui-pod\/#primaryimage"},"thumbnailUrl":"https:\/\/buletin.de\/bucuresti\/wp-content\/uploads\/430700029_891601072664692_1694187029931330531_n-2.jpg","datePublished":"2024-03-15T09:32:07+00:00","dateModified":"2024-03-15T09:36:26+00:00","breadcrumb":{"@id":"https:\/\/buletin.de\/bucuresti\/circulatie-inchisa-doua-zile-pe-dn1-pe-un-tronson-de-5-kilometri-pentru-demolarea-unui-pod\/#breadcrumb"},"inLanguage":"en-GB","potentialAction":[{"@type":"ReadAction","target":["https:\/\/buletin.de\/bucuresti\/circulatie-inchisa-doua-zile-pe-dn1-pe-un-tronson-de-5-kilometri-pentru-demolarea-unui-pod\/"]}]},{"@type":"ImageObject","inLanguage":"en-GB","@id":"https:\/\/buletin.de\/bucuresti\/circulatie-inchisa-doua-zile-pe-dn1-pe-un-tronson-de-5-kilometri-pentru-demolarea-unui-pod\/#primaryimage","url":"https:\/\/buletin.de\/bucuresti\/wp-content\/uploads\/430700029_891601072664692_1694187029931330531_n-2.jpg","contentUrl":"https:\/\/buletin.de\/bucuresti\/wp-content\/uploads\/430700029_891601072664692_1694187029931330531_n-2.jpg","width":1824,"height":1368,"caption":"Foto: SRCF BUCURE\u0218TI"},{"@type":"BreadcrumbList","@id":"https:\/\/buletin.de\/bucuresti\/circulatie-inchisa-doua-zile-pe-dn1-pe-un-tronson-de-5-kilometri-pentru-demolarea-unui-pod\/#breadcrumb","itemListElement":[{"@type":"ListItem","position":1,"name":"Acas\u0103","item":"https:\/\/buletin.de\/bucuresti\/"},{"@type":"ListItem","position":2,"name":"Circula\u021bie \u00eenchis\u0103 dou\u0103 zile pe DN1, pe un tronson de 5 kilometri, pentru demolarea unui pod"}]},{"@type":"WebSite","@id":"https:\/\/buletin.de\/bucuresti\/#website","url":"https:\/\/buletin.de\/bucuresti\/","name":"Buletin de Bucure\u0219ti","description":"\u0218tiri \u0219i investiga\u021bii esen\u021biale din capital\u0103","publisher":{"@id":"https:\/\/buletin.de\/bucuresti\/#organization"},"potentialAction":[{"@type":"SearchAction","target":{"@type":"EntryPoint","urlTemplate":"https:\/\/buletin.de\/bucuresti\/?s={search_term_string}"},"query-input":{"@type":"PropertyValueSpecification","valueRequired":true,"valueName":"search_term_string"}}],"inLanguage":"en-GB"},{"@type":"Organization","@id":"https:\/\/buletin.de\/bucuresti\/#organization","name":"Buletin de Bucure\u0219ti","url":"https:\/\/buletin.de\/bucuresti\/","logo":{"@type":"ImageObject","inLanguage":"en-GB","@id":"https:\/\/buletin.de\/bucuresti\/#\/schema\/logo\/image\/","url":"https:\/\/buletin.de\/bucuresti\/wp-content\/uploads\/logo-bdb-full-wide-vernil-transparent.png","contentUrl":"https:\/\/buletin.de\/bucuresti\/wp-content\/uploads\/logo-bdb-full-wide-vernil-transparent.png","width":1782,"height":626,"caption":"Buletin de Bucure\u0219ti"},"image":{"@id":"https:\/\/buletin.de\/bucuresti\/#\/schema\/logo\/image\/"},"sameAs":["https:\/\/www.facebook.com\/buletin.de.buc","https:\/\/www.instagram.com\/buletinde.bucuresti\/"]},{"@type":"Person","@id":"https:\/\/buletin.de\/bucuresti\/#\/schema\/person\/ab174cf6711728e4ee83d672acf9a912","name":"Adina C\u0103p\u00eelnean","image":{"@type":"ImageObject","inLanguage":"en-GB","@id":"https:\/\/secure.gravatar.com\/avatar\/4fe9675d6282fd7c1aa4e486a037d532d5728fc16a30360f293eb6126b2e73ad?s=96&d=monsterid&r=ge2b23868508aec3460d3c6a11d3b599a","url":"https:\/\/secure.gravatar.com\/avatar\/4fe9675d6282fd7c1aa4e486a037d532d5728fc16a30360f293eb6126b2e73ad?s=96&d=monsterid&r=g","contentUrl":"https:\/\/secure.gravatar.com\/avatar\/4fe9675d6282fd7c1aa4e486a037d532d5728fc16a30360f293eb6126b2e73ad?s=96&d=monsterid&r=g","caption":"Adina C\u0103p\u00eelnean"},"url":"https:\/\/buletin.de\/bucuresti\/author\/adinacapilnean\/"}]}},"authors":[{"term_id":22580,"user_id":47,"is_guest":0,"slug":"adinacapilnean","display_name":"Adina C\u0103p\u00eelnean","avatar_url":"https:\/\/secure.gravatar.com\/avatar\/4fe9675d6282fd7c1aa4e486a037d532d5728fc16a30360f293eb6126b2e73ad?s=96&d=monsterid&r=g","0":null,"1":"","2":"","3":"","4":"","5":"","6":"","7":"","8":""}],"_links":{"self":[{"href":"https:\/\/buletin.de\/bucuresti\/wp-json\/wp\/v2\/posts\/80108","targetHints":{"allow":["GET"]}}],"collection":[{"href":"https:\/\/buletin.de\/bucuresti\/wp-json\/wp\/v2\/posts"}],"about":[{"href":"https:\/\/buletin.de\/bucuresti\/wp-json\/wp\/v2\/types\/post"}],"author":[{"embeddable":true,"href":"https:\/\/buletin.de\/bucuresti\/wp-json\/wp\/v2\/users\/47"}],"replies":[{"embeddable":true,"href":"https:\/\/buletin.de\/bucuresti\/wp-json\/wp\/v2\/comments?post=80108"}],"version-history":[{"count":4,"href":"https:\/\/buletin.de\/bucuresti\/wp-json\/wp\/v2\/posts\/80108\/revisions"}],"predecessor-version":[{"id":80118,"href":"https:\/\/buletin.de\/bucuresti\/wp-json\/wp\/v2\/posts\/80108\/revisions\/80118"}],"wp:featuredmedia":[{"embeddable":true,"href":"https:\/\/buletin.de\/bucuresti\/wp-json\/wp\/v2\/media\/80120"}],"wp:attachment":[{"href":"https:\/\/buletin.de\/bucuresti\/wp-json\/wp\/v2\/media?parent=80108"}],"wp:term":[{"taxonomy":"category","embeddable":true,"href":"https:\/\/buletin.de\/bucuresti\/wp-json\/wp\/v2\/categories?post=80108"},{"taxonomy":"post_tag","embeddable":true,"href":"https:\/\/buletin.de\/bucuresti\/wp-json\/wp\/v2\/tags?post=80108"},{"taxonomy":"author","embeddable":true,"href":"https:\/\/buletin.de\/bucuresti\/wp-json\/wp\/v2\/ppma_author?post=80108"}],"curies":[{"name":"wp","href":"https:\/\/api.w.org\/{rel}","templated":true}]}}