{"id":80104,"date":"2024-03-15T11:26:59","date_gmt":"2024-03-15T09:26:59","guid":{"rendered":"https:\/\/buletin.de\/bucuresti\/?p=80104"},"modified":"2024-03-15T11:27:00","modified_gmt":"2024-03-15T09:27:00","slug":"sector-2-proiect-ca-riveranii-sa-foloseasca-parcarile-publice-cu-plata-pe-baza-de-abonament","status":"publish","type":"post","link":"https:\/\/buletin.de\/bucuresti\/sector-2-proiect-ca-riveranii-sa-foloseasca-parcarile-publice-cu-plata-pe-baza-de-abonament\/","title":{"rendered":"Sector 2 | Proiect ca riveranii s\u0103 foloseasc\u0103 parc\u0103rile publice cu plat\u0103, pe baz\u0103 de abonament"},"content":{"rendered":"\n<p> <strong>Parc\u0103rile publice din Sectorul 2 ar putea fi folosite \u015fi de riverani, pe baz\u0103 de abonament. Proiectul se afl<strong>\u0103<\/strong> \u00een dezbatere public\u0103, p\u00e2n\u0103 pe 27 martie.<\/strong><\/p>\n\n\n\n<p>Proiectul autorit\u0103\u021bilor locale se refer\u0103, \u00een special, la parc\u0103rile publice cu plat\u0103 din vecin\u0103tatea Prim\u0103riei Sector 2 \u0219i a Parcului Lacul Tei, de pe str\u0103zile str. Chiristigiilor, str. Teiul Doamnei, B-dul Lacul Tei \u015fi str. Doamna Ghica.<\/p>\n\n\n\n<p>Un abonament va costa 50 de lei pe lun\u0103, iar locul de parcare va putea fi folosit de luni p\u00e2n\u0103 vineri \u00een intervalul 17:00- 07:00. \u00cen weekend, nu vor fi niciun fel de limit\u0103ri privind intervalul orar.<\/p>\n\n\n\n<p>Atribuirea locurilor de parcare va fi f\u0103cut\u0103 de ADP, pe baza solicit\u0103rilor transmise exclusiv electronic, pe platforma <a href=\"https:\/\/l.facebook.com\/l.php?u=https%3A%2F%2Fadp2.ro%2Fparcari%3Ffbclid%3DIwAR3v5ReEPUNPd2D3htr_J_mkQ0MRRbOpZK6Y-5YXfBmMXIYclT0y76KH9YM&amp;h=AT25S4uT9wPsJEnaoXCmXa23c8l9sbAp1gZnOZTMLJOsTGY_bW0mwGsiyudUNSTr9o5D-I90acxbSQmnvCie5uxmIAJJgL31IyZnpQiIbqGAMx__tPxtokohHSm2tIjlPjAp&amp;__tn__=-UK-R&amp;c[0]=AT2HXCgcRbbjJCoHrYOqbcK1x-nb4cOZ_bm0QRq45I0W3bHLUFw79xS931Hzb_iDLI-xThWnkbrqa5_OWQrCKLnctXEAaheRmJUqxVyap0xDTBGYZ5RhFug1JJxj66FXf9Q1bzGKa5uCocQfNziD6XcgYfzUugETUbqcsM4MB-W1Te-f582gKz43WAkgwo6RipZaZLwkl2Ny\" target=\"_blank\" rel=\"noreferrer noopener\">https:\/\/adp2.ro\/parcari<\/a> , \u00een limita locurilor disponibile. Daca locul de parcare este ocupat abuziv, autovehiculul va fi ridicat, transportat \u015fi depozitat de ADP.<\/p>\n\n\n\n<p>Pentru atribuirea locurilor de parcare trebuie \u00eentrunite trei condi\u0163ii:<\/p>\n\n\n\n<ul class=\"wp-block-list\">\n<li>se va atribui c\u00e2te un singur loc de parcare per locuin\u0163\u0103, doar persoanelor fizice cu domiciliu pe raza Sectorului 2 \u015fi care au ma\u015fina \u00eenmatriculat\u0103 \u00een Sectorul 2.<\/li>\n\n\n\n<li>cei care solicit\u0103 atribuirea unui loc de parcare nu pot avea restan\u0163e de plat\u0103 la bugetul local.<\/li>\n\n\n\n<li>autovehiculul, de maximum3,5 tone, trebuie s\u0103 aib\u0103 inspec\u0163ia tehnic\u0103 periodic\u0103 valabil\u0103, la fel \u015fi asigurarea obligatorie de R\u0103spundere Civil\u0103 Auto.<\/li>\n<\/ul>\n\n\n\n<p>Bucure\u0219tenii trebuie s\u0103 se pronun\u021be \u00een privin\u021ba acestui proiect p\u00e2n\u0103 pe 27 martie, fie pe e-mail la adresa <strong>dezbateri.publice@ps2.ro,<\/strong> fie la sediul prim\u0103riei sau prin po\u0219t\u0103.<\/p>\n\n\n\n<p><strong>CITE\u0218TE \u0218I:<\/strong><\/p>\n\n\n\n<figure class=\"wp-block-embed is-type-wp-embed is-provider-buletin-de-bucure-ti wp-block-embed-buletin-de-bucure-ti\"><div class=\"wp-block-embed__wrapper\">\n<blockquote class=\"wp-embedded-content\" data-secret=\"p9SIRhIXsm\"><a href=\"https:\/\/buletin.de\/bucuresti\/sector-2-o-noua-parcare-de-biciclete-amenajata-in-zona-obor\/\">Sector 2 | O nou\u0103 parcare de biciclete, amenajat\u0103 \u00een zona Obor<\/a><\/blockquote><iframe class=\"wp-embedded-content\" sandbox=\"allow-scripts\" security=\"restricted\" style=\"position: absolute; clip: rect(1px, 1px, 1px, 1px);\" title=\"&#8220;Sector 2 | O nou\u0103 parcare de biciclete, amenajat\u0103 \u00een zona Obor&#8221; &#8212; Buletin de Bucure\u0219ti\" src=\"https:\/\/buletin.de\/bucuresti\/sector-2-o-noua-parcare-de-biciclete-amenajata-in-zona-obor\/embed\/#?secret=a9Ud7tJWSJ#?secret=p9SIRhIXsm\" data-secret=\"p9SIRhIXsm\" width=\"600\" height=\"338\" frameborder=\"0\" marginwidth=\"0\" marginheight=\"0\" scrolling=\"no\"><\/iframe>\n<\/div><\/figure>\n","protected":false},"excerpt":{"rendered":"<p>Parc\u0103rile publice din Sectorul 2 ar putea fi folosite \u015fi de riverani, pe baz\u0103 de abonament. Proiectul se afl\u0103 \u00een dezbatere public\u0103, p\u00e2n\u0103 pe 27 martie. Proiectul autorit\u0103\u021bilor locale se refer\u0103, \u00een special, la parc\u0103rile publice cu plat\u0103 din vecin\u0103tatea Prim\u0103riei Sector 2 \u0219i a Parcului Lacul Tei, de pe str\u0103zile str. Chiristigiilor, str. Teiul [&hellip;]<\/p>\n","protected":false},"author":49,"featured_media":62619,"comment_status":"closed","ping_status":"open","sticky":false,"template":"","format":"standard","meta":{"_acf_changed":false,"inline_featured_image":false,"ngg_post_thumbnail":0,"footnotes":""},"categories":[6994,24,62],"tags":[10527,10525,229,10526],"ppma_author":[22574],"class_list":["post-80104","post","type-post","status-publish","format-standard","has-post-thumbnail","hentry","category-stiri-2","category-primarie","category-stiri","tag-b-dul-lacul-tei","tag-parcari-publice","tag-sector-2","tag-str-chiristigiilor"],"acf":[],"yoast_head":"<!-- This site is optimized with the Yoast SEO Premium plugin v25.3 (Yoast SEO v27.4) - https:\/\/yoast.com\/product\/yoast-seo-premium-wordpress\/ -->\n<title>Sector 2 | Proiect ca riveranii s\u0103 foloseasc\u0103 parc\u0103rile publice cu plat\u0103, pe baz\u0103 de abonament - Buletin de Bucure\u0219ti<\/title>\n<meta name=\"robots\" content=\"index, follow, max-snippet:-1, max-image-preview:large, max-video-preview:-1\" \/>\n<link rel=\"canonical\" href=\"https:\/\/buletin.de\/bucuresti\/sector-2-proiect-ca-riveranii-sa-foloseasca-parcarile-publice-cu-plata-pe-baza-de-abonament\/\" \/>\n<meta property=\"og:locale\" content=\"en_GB\" \/>\n<meta property=\"og:type\" content=\"article\" \/>\n<meta property=\"og:title\" content=\"Sector 2 | Proiect ca riveranii s\u0103 foloseasc\u0103 parc\u0103rile publice cu plat\u0103, pe baz\u0103 de abonament\" \/>\n<meta property=\"og:description\" content=\"Parc\u0103rile publice din Sectorul 2 ar putea fi folosite \u015fi de riverani, pe baz\u0103 de abonament. Proiectul se afl\u0103 \u00een dezbatere public\u0103, p\u00e2n\u0103 pe 27 martie. Proiectul autorit\u0103\u021bilor locale se refer\u0103, \u00een special, la parc\u0103rile publice cu plat\u0103 din vecin\u0103tatea Prim\u0103riei Sector 2 \u0219i a Parcului Lacul Tei, de pe str\u0103zile str. Chiristigiilor, str. Teiul [&hellip;]\" \/>\n<meta property=\"og:url\" content=\"https:\/\/buletin.de\/bucuresti\/sector-2-proiect-ca-riveranii-sa-foloseasca-parcarile-publice-cu-plata-pe-baza-de-abonament\/\" \/>\n<meta property=\"og:site_name\" content=\"Buletin de Bucure\u0219ti\" \/>\n<meta property=\"article:publisher\" content=\"https:\/\/www.facebook.com\/buletin.de.buc\" \/>\n<meta property=\"article:published_time\" content=\"2024-03-15T09:26:59+00:00\" \/>\n<meta property=\"article:modified_time\" content=\"2024-03-15T09:27:00+00:00\" \/>\n<meta property=\"og:image\" content=\"https:\/\/buletin.de\/bucuresti\/wp-content\/uploads\/parcare-sectorul-1.jpg\" \/>\n\t<meta property=\"og:image:width\" content=\"828\" \/>\n\t<meta property=\"og:image:height\" content=\"1100\" \/>\n\t<meta property=\"og:image:type\" content=\"image\/jpeg\" \/>\n<meta name=\"author\" content=\"Diana Matei\" \/>\n<meta name=\"twitter:card\" content=\"summary_large_image\" \/>\n<meta name=\"twitter:label1\" content=\"Written by\" \/>\n\t<meta name=\"twitter:data1\" content=\"Diana Matei\" \/>\n\t<meta name=\"twitter:label2\" content=\"Estimated reading time\" \/>\n\t<meta name=\"twitter:data2\" content=\"2 minutes\" \/>\n<script type=\"application\/ld+json\" class=\"yoast-schema-graph\">{\"@context\":\"https:\\\/\\\/schema.org\",\"@graph\":[{\"@type\":\"Article\",\"@id\":\"https:\\\/\\\/buletin.de\\\/bucuresti\\\/sector-2-proiect-ca-riveranii-sa-foloseasca-parcarile-publice-cu-plata-pe-baza-de-abonament\\\/#article\",\"isPartOf\":{\"@id\":\"https:\\\/\\\/buletin.de\\\/bucuresti\\\/sector-2-proiect-ca-riveranii-sa-foloseasca-parcarile-publice-cu-plata-pe-baza-de-abonament\\\/\"},\"author\":{\"name\":\"Diana Matei\",\"@id\":\"https:\\\/\\\/buletin.de\\\/bucuresti\\\/#\\\/schema\\\/person\\\/7e46040573290777280a0835d81ea4ea\"},\"headline\":\"Sector 2 | Proiect ca riveranii s\u0103 foloseasc\u0103 parc\u0103rile publice cu plat\u0103, pe baz\u0103 de abonament\",\"datePublished\":\"2024-03-15T09:26:59+00:00\",\"dateModified\":\"2024-03-15T09:27:00+00:00\",\"mainEntityOfPage\":{\"@id\":\"https:\\\/\\\/buletin.de\\\/bucuresti\\\/sector-2-proiect-ca-riveranii-sa-foloseasca-parcarile-publice-cu-plata-pe-baza-de-abonament\\\/\"},\"wordCount\":283,\"publisher\":{\"@id\":\"https:\\\/\\\/buletin.de\\\/bucuresti\\\/#organization\"},\"image\":{\"@id\":\"https:\\\/\\\/buletin.de\\\/bucuresti\\\/sector-2-proiect-ca-riveranii-sa-foloseasca-parcarile-publice-cu-plata-pe-baza-de-abonament\\\/#primaryimage\"},\"thumbnailUrl\":\"https:\\\/\\\/buletin.de\\\/bucuresti\\\/wp-content\\\/uploads\\\/parcare-sectorul-1.jpg\",\"keywords\":[\"B-dul Lacul Tei\",\"parcari publice\",\"Sector 2\",\"str. Chiristigiilor\"],\"articleSection\":[\"Articole\",\"Prim\u0103rie\",\"\u0218tiri\"],\"inLanguage\":\"en-GB\",\"copyrightYear\":\"2024\",\"copyrightHolder\":{\"@id\":\"https:\\\/\\\/buletin.de\\\/bucuresti\\\/#organization\"}},{\"@type\":\"WebPage\",\"@id\":\"https:\\\/\\\/buletin.de\\\/bucuresti\\\/sector-2-proiect-ca-riveranii-sa-foloseasca-parcarile-publice-cu-plata-pe-baza-de-abonament\\\/\",\"url\":\"https:\\\/\\\/buletin.de\\\/bucuresti\\\/sector-2-proiect-ca-riveranii-sa-foloseasca-parcarile-publice-cu-plata-pe-baza-de-abonament\\\/\",\"name\":\"Sector 2 | Proiect ca riveranii s\u0103 foloseasc\u0103 parc\u0103rile publice cu plat\u0103, pe baz\u0103 de abonament - Buletin de Bucure\u0219ti\",\"isPartOf\":{\"@id\":\"https:\\\/\\\/buletin.de\\\/bucuresti\\\/#website\"},\"primaryImageOfPage\":{\"@id\":\"https:\\\/\\\/buletin.de\\\/bucuresti\\\/sector-2-proiect-ca-riveranii-sa-foloseasca-parcarile-publice-cu-plata-pe-baza-de-abonament\\\/#primaryimage\"},\"image\":{\"@id\":\"https:\\\/\\\/buletin.de\\\/bucuresti\\\/sector-2-proiect-ca-riveranii-sa-foloseasca-parcarile-publice-cu-plata-pe-baza-de-abonament\\\/#primaryimage\"},\"thumbnailUrl\":\"https:\\\/\\\/buletin.de\\\/bucuresti\\\/wp-content\\\/uploads\\\/parcare-sectorul-1.jpg\",\"datePublished\":\"2024-03-15T09:26:59+00:00\",\"dateModified\":\"2024-03-15T09:27:00+00:00\",\"breadcrumb\":{\"@id\":\"https:\\\/\\\/buletin.de\\\/bucuresti\\\/sector-2-proiect-ca-riveranii-sa-foloseasca-parcarile-publice-cu-plata-pe-baza-de-abonament\\\/#breadcrumb\"},\"inLanguage\":\"en-GB\",\"potentialAction\":[{\"@type\":\"ReadAction\",\"target\":[\"https:\\\/\\\/buletin.de\\\/bucuresti\\\/sector-2-proiect-ca-riveranii-sa-foloseasca-parcarile-publice-cu-plata-pe-baza-de-abonament\\\/\"]}]},{\"@type\":\"ImageObject\",\"inLanguage\":\"en-GB\",\"@id\":\"https:\\\/\\\/buletin.de\\\/bucuresti\\\/sector-2-proiect-ca-riveranii-sa-foloseasca-parcarile-publice-cu-plata-pe-baza-de-abonament\\\/#primaryimage\",\"url\":\"https:\\\/\\\/buletin.de\\\/bucuresti\\\/wp-content\\\/uploads\\\/parcare-sectorul-1.jpg\",\"contentUrl\":\"https:\\\/\\\/buletin.de\\\/bucuresti\\\/wp-content\\\/uploads\\\/parcare-sectorul-1.jpg\",\"width\":828,\"height\":1100,\"caption\":\"FOTO: Arhiva\"},{\"@type\":\"BreadcrumbList\",\"@id\":\"https:\\\/\\\/buletin.de\\\/bucuresti\\\/sector-2-proiect-ca-riveranii-sa-foloseasca-parcarile-publice-cu-plata-pe-baza-de-abonament\\\/#breadcrumb\",\"itemListElement\":[{\"@type\":\"ListItem\",\"position\":1,\"name\":\"Acas\u0103\",\"item\":\"https:\\\/\\\/buletin.de\\\/bucuresti\\\/\"},{\"@type\":\"ListItem\",\"position\":2,\"name\":\"Sector 2 | Proiect ca riveranii s\u0103 foloseasc\u0103 parc\u0103rile publice cu plat\u0103, pe baz\u0103 de abonament\"}]},{\"@type\":\"WebSite\",\"@id\":\"https:\\\/\\\/buletin.de\\\/bucuresti\\\/#website\",\"url\":\"https:\\\/\\\/buletin.de\\\/bucuresti\\\/\",\"name\":\"Buletin de Bucure\u0219ti\",\"description\":\"\u0218tiri \u0219i investiga\u021bii esen\u021biale din capital\u0103\",\"publisher\":{\"@id\":\"https:\\\/\\\/buletin.de\\\/bucuresti\\\/#organization\"},\"potentialAction\":[{\"@type\":\"SearchAction\",\"target\":{\"@type\":\"EntryPoint\",\"urlTemplate\":\"https:\\\/\\\/buletin.de\\\/bucuresti\\\/?s={search_term_string}\"},\"query-input\":{\"@type\":\"PropertyValueSpecification\",\"valueRequired\":true,\"valueName\":\"search_term_string\"}}],\"inLanguage\":\"en-GB\"},{\"@type\":\"Organization\",\"@id\":\"https:\\\/\\\/buletin.de\\\/bucuresti\\\/#organization\",\"name\":\"Buletin de Bucure\u0219ti\",\"url\":\"https:\\\/\\\/buletin.de\\\/bucuresti\\\/\",\"logo\":{\"@type\":\"ImageObject\",\"inLanguage\":\"en-GB\",\"@id\":\"https:\\\/\\\/buletin.de\\\/bucuresti\\\/#\\\/schema\\\/logo\\\/image\\\/\",\"url\":\"https:\\\/\\\/buletin.de\\\/bucuresti\\\/wp-content\\\/uploads\\\/logo-bdb-full-wide-vernil-transparent.png\",\"contentUrl\":\"https:\\\/\\\/buletin.de\\\/bucuresti\\\/wp-content\\\/uploads\\\/logo-bdb-full-wide-vernil-transparent.png\",\"width\":1782,\"height\":626,\"caption\":\"Buletin de Bucure\u0219ti\"},\"image\":{\"@id\":\"https:\\\/\\\/buletin.de\\\/bucuresti\\\/#\\\/schema\\\/logo\\\/image\\\/\"},\"sameAs\":[\"https:\\\/\\\/www.facebook.com\\\/buletin.de.buc\",\"https:\\\/\\\/www.instagram.com\\\/buletinde.bucuresti\\\/\"]},{\"@type\":\"Person\",\"@id\":\"https:\\\/\\\/buletin.de\\\/bucuresti\\\/#\\\/schema\\\/person\\\/7e46040573290777280a0835d81ea4ea\",\"name\":\"Diana Matei\",\"image\":{\"@type\":\"ImageObject\",\"inLanguage\":\"en-GB\",\"@id\":\"https:\\\/\\\/buletin.de\\\/bucuresti\\\/wp-content\\\/uploads\\\/9-2-96x96.jpg1e8590b30871d70e62ebcdaf2eff570c\",\"url\":\"https:\\\/\\\/buletin.de\\\/bucuresti\\\/wp-content\\\/uploads\\\/9-2-96x96.jpg\",\"contentUrl\":\"https:\\\/\\\/buletin.de\\\/bucuresti\\\/wp-content\\\/uploads\\\/9-2-96x96.jpg\",\"caption\":\"Diana Matei\"},\"url\":\"https:\\\/\\\/buletin.de\\\/bucuresti\\\/author\\\/dianamatei\\\/\"}]}<\/script>\n<!-- \/ Yoast SEO Premium plugin. -->","yoast_head_json":{"title":"Sector 2 | Proiect ca riveranii s\u0103 foloseasc\u0103 parc\u0103rile publice cu plat\u0103, pe baz\u0103 de abonament - Buletin de Bucure\u0219ti","robots":{"index":"index","follow":"follow","max-snippet":"max-snippet:-1","max-image-preview":"max-image-preview:large","max-video-preview":"max-video-preview:-1"},"canonical":"https:\/\/buletin.de\/bucuresti\/sector-2-proiect-ca-riveranii-sa-foloseasca-parcarile-publice-cu-plata-pe-baza-de-abonament\/","og_locale":"en_GB","og_type":"article","og_title":"Sector 2 | Proiect ca riveranii s\u0103 foloseasc\u0103 parc\u0103rile publice cu plat\u0103, pe baz\u0103 de abonament","og_description":"Parc\u0103rile publice din Sectorul 2 ar putea fi folosite \u015fi de riverani, pe baz\u0103 de abonament. Proiectul se afl\u0103 \u00een dezbatere public\u0103, p\u00e2n\u0103 pe 27 martie. Proiectul autorit\u0103\u021bilor locale se refer\u0103, \u00een special, la parc\u0103rile publice cu plat\u0103 din vecin\u0103tatea Prim\u0103riei Sector 2 \u0219i a Parcului Lacul Tei, de pe str\u0103zile str. Chiristigiilor, str. Teiul [&hellip;]","og_url":"https:\/\/buletin.de\/bucuresti\/sector-2-proiect-ca-riveranii-sa-foloseasca-parcarile-publice-cu-plata-pe-baza-de-abonament\/","og_site_name":"Buletin de Bucure\u0219ti","article_publisher":"https:\/\/www.facebook.com\/buletin.de.buc","article_published_time":"2024-03-15T09:26:59+00:00","article_modified_time":"2024-03-15T09:27:00+00:00","og_image":[{"width":828,"height":1100,"url":"https:\/\/buletin.de\/bucuresti\/wp-content\/uploads\/parcare-sectorul-1.jpg","type":"image\/jpeg"}],"author":"Diana Matei","twitter_card":"summary_large_image","twitter_misc":{"Written by":"Diana Matei","Estimated reading time":"2 minutes"},"schema":{"@context":"https:\/\/schema.org","@graph":[{"@type":"Article","@id":"https:\/\/buletin.de\/bucuresti\/sector-2-proiect-ca-riveranii-sa-foloseasca-parcarile-publice-cu-plata-pe-baza-de-abonament\/#article","isPartOf":{"@id":"https:\/\/buletin.de\/bucuresti\/sector-2-proiect-ca-riveranii-sa-foloseasca-parcarile-publice-cu-plata-pe-baza-de-abonament\/"},"author":{"name":"Diana Matei","@id":"https:\/\/buletin.de\/bucuresti\/#\/schema\/person\/7e46040573290777280a0835d81ea4ea"},"headline":"Sector 2 | Proiect ca riveranii s\u0103 foloseasc\u0103 parc\u0103rile publice cu plat\u0103, pe baz\u0103 de abonament","datePublished":"2024-03-15T09:26:59+00:00","dateModified":"2024-03-15T09:27:00+00:00","mainEntityOfPage":{"@id":"https:\/\/buletin.de\/bucuresti\/sector-2-proiect-ca-riveranii-sa-foloseasca-parcarile-publice-cu-plata-pe-baza-de-abonament\/"},"wordCount":283,"publisher":{"@id":"https:\/\/buletin.de\/bucuresti\/#organization"},"image":{"@id":"https:\/\/buletin.de\/bucuresti\/sector-2-proiect-ca-riveranii-sa-foloseasca-parcarile-publice-cu-plata-pe-baza-de-abonament\/#primaryimage"},"thumbnailUrl":"https:\/\/buletin.de\/bucuresti\/wp-content\/uploads\/parcare-sectorul-1.jpg","keywords":["B-dul Lacul Tei","parcari publice","Sector 2","str. Chiristigiilor"],"articleSection":["Articole","Prim\u0103rie","\u0218tiri"],"inLanguage":"en-GB","copyrightYear":"2024","copyrightHolder":{"@id":"https:\/\/buletin.de\/bucuresti\/#organization"}},{"@type":"WebPage","@id":"https:\/\/buletin.de\/bucuresti\/sector-2-proiect-ca-riveranii-sa-foloseasca-parcarile-publice-cu-plata-pe-baza-de-abonament\/","url":"https:\/\/buletin.de\/bucuresti\/sector-2-proiect-ca-riveranii-sa-foloseasca-parcarile-publice-cu-plata-pe-baza-de-abonament\/","name":"Sector 2 | Proiect ca riveranii s\u0103 foloseasc\u0103 parc\u0103rile publice cu plat\u0103, pe baz\u0103 de abonament - Buletin de Bucure\u0219ti","isPartOf":{"@id":"https:\/\/buletin.de\/bucuresti\/#website"},"primaryImageOfPage":{"@id":"https:\/\/buletin.de\/bucuresti\/sector-2-proiect-ca-riveranii-sa-foloseasca-parcarile-publice-cu-plata-pe-baza-de-abonament\/#primaryimage"},"image":{"@id":"https:\/\/buletin.de\/bucuresti\/sector-2-proiect-ca-riveranii-sa-foloseasca-parcarile-publice-cu-plata-pe-baza-de-abonament\/#primaryimage"},"thumbnailUrl":"https:\/\/buletin.de\/bucuresti\/wp-content\/uploads\/parcare-sectorul-1.jpg","datePublished":"2024-03-15T09:26:59+00:00","dateModified":"2024-03-15T09:27:00+00:00","breadcrumb":{"@id":"https:\/\/buletin.de\/bucuresti\/sector-2-proiect-ca-riveranii-sa-foloseasca-parcarile-publice-cu-plata-pe-baza-de-abonament\/#breadcrumb"},"inLanguage":"en-GB","potentialAction":[{"@type":"ReadAction","target":["https:\/\/buletin.de\/bucuresti\/sector-2-proiect-ca-riveranii-sa-foloseasca-parcarile-publice-cu-plata-pe-baza-de-abonament\/"]}]},{"@type":"ImageObject","inLanguage":"en-GB","@id":"https:\/\/buletin.de\/bucuresti\/sector-2-proiect-ca-riveranii-sa-foloseasca-parcarile-publice-cu-plata-pe-baza-de-abonament\/#primaryimage","url":"https:\/\/buletin.de\/bucuresti\/wp-content\/uploads\/parcare-sectorul-1.jpg","contentUrl":"https:\/\/buletin.de\/bucuresti\/wp-content\/uploads\/parcare-sectorul-1.jpg","width":828,"height":1100,"caption":"FOTO: Arhiva"},{"@type":"BreadcrumbList","@id":"https:\/\/buletin.de\/bucuresti\/sector-2-proiect-ca-riveranii-sa-foloseasca-parcarile-publice-cu-plata-pe-baza-de-abonament\/#breadcrumb","itemListElement":[{"@type":"ListItem","position":1,"name":"Acas\u0103","item":"https:\/\/buletin.de\/bucuresti\/"},{"@type":"ListItem","position":2,"name":"Sector 2 | Proiect ca riveranii s\u0103 foloseasc\u0103 parc\u0103rile publice cu plat\u0103, pe baz\u0103 de abonament"}]},{"@type":"WebSite","@id":"https:\/\/buletin.de\/bucuresti\/#website","url":"https:\/\/buletin.de\/bucuresti\/","name":"Buletin de Bucure\u0219ti","description":"\u0218tiri \u0219i investiga\u021bii esen\u021biale din capital\u0103","publisher":{"@id":"https:\/\/buletin.de\/bucuresti\/#organization"},"potentialAction":[{"@type":"SearchAction","target":{"@type":"EntryPoint","urlTemplate":"https:\/\/buletin.de\/bucuresti\/?s={search_term_string}"},"query-input":{"@type":"PropertyValueSpecification","valueRequired":true,"valueName":"search_term_string"}}],"inLanguage":"en-GB"},{"@type":"Organization","@id":"https:\/\/buletin.de\/bucuresti\/#organization","name":"Buletin de Bucure\u0219ti","url":"https:\/\/buletin.de\/bucuresti\/","logo":{"@type":"ImageObject","inLanguage":"en-GB","@id":"https:\/\/buletin.de\/bucuresti\/#\/schema\/logo\/image\/","url":"https:\/\/buletin.de\/bucuresti\/wp-content\/uploads\/logo-bdb-full-wide-vernil-transparent.png","contentUrl":"https:\/\/buletin.de\/bucuresti\/wp-content\/uploads\/logo-bdb-full-wide-vernil-transparent.png","width":1782,"height":626,"caption":"Buletin de Bucure\u0219ti"},"image":{"@id":"https:\/\/buletin.de\/bucuresti\/#\/schema\/logo\/image\/"},"sameAs":["https:\/\/www.facebook.com\/buletin.de.buc","https:\/\/www.instagram.com\/buletinde.bucuresti\/"]},{"@type":"Person","@id":"https:\/\/buletin.de\/bucuresti\/#\/schema\/person\/7e46040573290777280a0835d81ea4ea","name":"Diana Matei","image":{"@type":"ImageObject","inLanguage":"en-GB","@id":"https:\/\/buletin.de\/bucuresti\/wp-content\/uploads\/9-2-96x96.jpg1e8590b30871d70e62ebcdaf2eff570c","url":"https:\/\/buletin.de\/bucuresti\/wp-content\/uploads\/9-2-96x96.jpg","contentUrl":"https:\/\/buletin.de\/bucuresti\/wp-content\/uploads\/9-2-96x96.jpg","caption":"Diana Matei"},"url":"https:\/\/buletin.de\/bucuresti\/author\/dianamatei\/"}]}},"authors":[{"term_id":22574,"user_id":49,"is_guest":0,"slug":"dianamatei","display_name":"Diana Matei","avatar_url":"https:\/\/buletin.de\/bucuresti\/wp-content\/uploads\/9-2-96x96.jpg","0":null,"1":"","2":"","3":"","4":"","5":"","6":"","7":"","8":""}],"_links":{"self":[{"href":"https:\/\/buletin.de\/bucuresti\/wp-json\/wp\/v2\/posts\/80104","targetHints":{"allow":["GET"]}}],"collection":[{"href":"https:\/\/buletin.de\/bucuresti\/wp-json\/wp\/v2\/posts"}],"about":[{"href":"https:\/\/buletin.de\/bucuresti\/wp-json\/wp\/v2\/types\/post"}],"author":[{"embeddable":true,"href":"https:\/\/buletin.de\/bucuresti\/wp-json\/wp\/v2\/users\/49"}],"replies":[{"embeddable":true,"href":"https:\/\/buletin.de\/bucuresti\/wp-json\/wp\/v2\/comments?post=80104"}],"version-history":[{"count":3,"href":"https:\/\/buletin.de\/bucuresti\/wp-json\/wp\/v2\/posts\/80104\/revisions"}],"predecessor-version":[{"id":80114,"href":"https:\/\/buletin.de\/bucuresti\/wp-json\/wp\/v2\/posts\/80104\/revisions\/80114"}],"wp:featuredmedia":[{"embeddable":true,"href":"https:\/\/buletin.de\/bucuresti\/wp-json\/wp\/v2\/media\/62619"}],"wp:attachment":[{"href":"https:\/\/buletin.de\/bucuresti\/wp-json\/wp\/v2\/media?parent=80104"}],"wp:term":[{"taxonomy":"category","embeddable":true,"href":"https:\/\/buletin.de\/bucuresti\/wp-json\/wp\/v2\/categories?post=80104"},{"taxonomy":"post_tag","embeddable":true,"href":"https:\/\/buletin.de\/bucuresti\/wp-json\/wp\/v2\/tags?post=80104"},{"taxonomy":"author","embeddable":true,"href":"https:\/\/buletin.de\/bucuresti\/wp-json\/wp\/v2\/ppma_author?post=80104"}],"curies":[{"name":"wp","href":"https:\/\/api.w.org\/{rel}","templated":true}]}}