{"id":80099,"date":"2024-03-15T10:12:02","date_gmt":"2024-03-15T08:12:02","guid":{"rendered":"https:\/\/buletin.de\/bucuresti\/?p=80099"},"modified":"2024-03-15T13:06:22","modified_gmt":"2024-03-15T11:06:22","slug":"intarzieri-ale-trenurilor-care-leaga-aeroportul-otopeni-de-gara-de-nord-din-cauza-unui-automotor-defect","status":"publish","type":"post","link":"https:\/\/buletin.de\/bucuresti\/intarzieri-ale-trenurilor-care-leaga-aeroportul-otopeni-de-gara-de-nord-din-cauza-unui-automotor-defect\/","title":{"rendered":"\u00cent\u00e2rzieri ale trenurilor care leag\u0103 Aeroportul Otopeni de Gara de Nord, din cauza unui automotor defect"},"content":{"rendered":"\n<p>UPDATE\/\/\/ Linia Gara de Nord &#8211; Aeroportul Otopeni a fost blocat\u0103 de la 8:38 la 9:45 vineri, 15 martie. La ora 10 <a href=\"https:\/\/www.libertatea.ro\/stiri\/trenul-gara-de-nord-aeroportul-otopeni-blocat-statia-pajura-alt-tren-defect-camp-4829542\">CFR a anun\u021bat<\/a> deblocarea traficului feroviar, <em>\u201edup\u0103 retragerea automotorului defect din linie curent\u0103, \u00een sta\u021bia Mogo\u0219oaia\u201d<\/em><\/p>\n\n\n\n<p><strong>Trenurile care circul\u0103 dus-\u00eentors pe ruta Gara de Nord \u2013 Aeroportul Interna\u021bional Henri Coand\u0103 vor \u00eenregistra \u00eent\u00e2rzieri<em> \u201e\u00een urm\u0103torul interval orar\u201d<\/em>, anun\u021b\u0103 Compania Na\u0163ional\u0103 de C\u0103i Ferate CFR SA. Cauza ar fi defectarea unui automotor, \u00eentre sta\u021biile Pajura \u0219i Mogo\u0219oaia.<\/strong><\/p>\n\n\n\n<p>Defec\u021biunea s-a produs \u00een jurul orei 8:38 \u0219i, de atunci, potrivit comunicatului CFR, \u00een urma defec\u021biunii automotorului, trenurile care se aflau pe traseu sta\u021bioneaz\u0103 \u00een sta\u021biile Pajura \u0219i Mogo\u0219oaia, p\u00e2n\u0103 la sosirea unui alt automotor de ajutor:<\/p>\n\n\n\n<p><em>\u201eAutomotorul 7038, care circul\u0103 \u00een rela\u021bia Bucure\u0219ti Nord &#8211; Urziceni, a r\u0103mas defect \u00een jurul orei 08:38, \u00eentre sta\u021biile Pajura \u0219i Mogo\u0219oaia. P\u00e2n\u0103 la sosirea unui alt automotor de ajutor, care s\u0103 tracteze garnitura defect\u0103, trenurile R 7915 (Bucure\u0219ti &#8211; Aeroport) \u0219i R 10108 (Aeroport &#8211; Bucure\u0219ti Nord) sta\u021bioneaz\u0103 temporar \u00een Pajura, respectiv Mogo\u0219oaia\u201d<\/em><\/p>\n\n\n\n<p>Un automotor este un vehicul feroviar prev\u0103zut cu motor propriu, folosit pentru transport rapid de marf\u0103 \u0219i pasageri.<\/p>\n\n\n\n<p><strong>CITE\u0218TE \u0218I:<\/strong><\/p>\n\n\n\n<ul class=\"wp-block-list\">\n<li><a href=\"https:\/\/buletin.de\/bucuresti\/bilete-de-tren-cumparate-prin-sms-pe-ruta-bucuresti-nord-aeroport-henri-coanda\/\">Bilete de tren cump\u0103rate prin SMS, pe ruta Bucure\u0219ti Nord &#8211; Aeroport Henri Coand\u0103 &#8211; Buletin de Bucure\u0219ti<\/a><\/li>\n\n\n\n<li><a href=\"https:\/\/buletin.de\/bucuresti\/biletele-pe-ruta-gara-de-nord-otopeni-nu-se-mai-pot-cumpara-de-la-controlor\/\">Biletele pe ruta Gara de Nord \u2013 Otopeni nu se mai pot cump\u0103ra de la controlori &#8211; Buletin de Bucure\u0219ti<\/a><\/li>\n<\/ul>\n","protected":false},"excerpt":{"rendered":"<p>UPDATE\/\/\/ Linia Gara de Nord &#8211; Aeroportul Otopeni a fost blocat\u0103 de la 8:38 la 9:45 vineri, 15 martie. La ora 10 CFR a anun\u021bat deblocarea traficului feroviar, \u201edup\u0103 retragerea automotorului defect din linie curent\u0103, \u00een sta\u021bia Mogo\u0219oaia\u201d Trenurile care circul\u0103 dus-\u00eentors pe ruta Gara de Nord \u2013 Aeroportul Interna\u021bional Henri Coand\u0103 vor \u00eenregistra \u00eent\u00e2rzieri [&hellip;]<\/p>\n","protected":false},"author":47,"featured_media":79404,"comment_status":"closed","ping_status":"open","sticky":false,"template":"","format":"standard","meta":{"_acf_changed":false,"inline_featured_image":false,"ngg_post_thumbnail":0,"footnotes":""},"categories":[6994,9026,62,650],"tags":[751,10524,599,1941,1349,750,594],"ppma_author":[22580],"class_list":["post-80099","post","type-post","status-publish","format-standard","has-post-thumbnail","hentry","category-stiri-2","category-eveniment","category-stiri","category-transport","tag-aeroport","tag-automotor","tag-cfr","tag-gara-de-nord","tag-intarzieri","tag-otopeni","tag-tren"],"acf":[],"yoast_head":"<!-- This site is optimized with the Yoast SEO Premium plugin v25.3 (Yoast SEO v27.4) - https:\/\/yoast.com\/product\/yoast-seo-premium-wordpress\/ -->\n<title>\u00cent\u00e2rzieri ale trenurilor care leag\u0103 Aeroportul Otopeni de Gara de Nord, din cauza unui automotor defect - Buletin de Bucure\u0219ti<\/title>\n<meta name=\"robots\" content=\"index, follow, max-snippet:-1, max-image-preview:large, max-video-preview:-1\" \/>\n<link rel=\"canonical\" href=\"https:\/\/buletin.de\/bucuresti\/intarzieri-ale-trenurilor-care-leaga-aeroportul-otopeni-de-gara-de-nord-din-cauza-unui-automotor-defect\/\" \/>\n<meta property=\"og:locale\" content=\"en_GB\" \/>\n<meta property=\"og:type\" content=\"article\" \/>\n<meta property=\"og:title\" content=\"\u00cent\u00e2rzieri ale trenurilor care leag\u0103 Aeroportul Otopeni de Gara de Nord, din cauza unui automotor defect\" \/>\n<meta property=\"og:description\" content=\"UPDATE\/\/\/ Linia Gara de Nord &#8211; Aeroportul Otopeni a fost blocat\u0103 de la 8:38 la 9:45 vineri, 15 martie. La ora 10 CFR a anun\u021bat deblocarea traficului feroviar, \u201edup\u0103 retragerea automotorului defect din linie curent\u0103, \u00een sta\u021bia Mogo\u0219oaia\u201d Trenurile care circul\u0103 dus-\u00eentors pe ruta Gara de Nord \u2013 Aeroportul Interna\u021bional Henri Coand\u0103 vor \u00eenregistra \u00eent\u00e2rzieri [&hellip;]\" \/>\n<meta property=\"og:url\" content=\"https:\/\/buletin.de\/bucuresti\/intarzieri-ale-trenurilor-care-leaga-aeroportul-otopeni-de-gara-de-nord-din-cauza-unui-automotor-defect\/\" \/>\n<meta property=\"og:site_name\" content=\"Buletin de Bucure\u0219ti\" \/>\n<meta property=\"article:publisher\" content=\"https:\/\/www.facebook.com\/buletin.de.buc\" \/>\n<meta property=\"article:published_time\" content=\"2024-03-15T08:12:02+00:00\" \/>\n<meta property=\"article:modified_time\" content=\"2024-03-15T11:06:22+00:00\" \/>\n<meta property=\"og:image\" content=\"https:\/\/buletin.de\/bucuresti\/wp-content\/uploads\/otopeni-2.jpg\" \/>\n\t<meta property=\"og:image:width\" content=\"1600\" \/>\n\t<meta property=\"og:image:height\" content=\"900\" \/>\n\t<meta property=\"og:image:type\" content=\"image\/jpeg\" \/>\n<meta name=\"author\" content=\"Adina C\u0103p\u00eelnean\" \/>\n<meta name=\"twitter:card\" content=\"summary_large_image\" \/>\n<meta name=\"twitter:label1\" content=\"Written by\" \/>\n\t<meta name=\"twitter:data1\" content=\"Adina C\u0103p\u00eelnean\" \/>\n\t<meta name=\"twitter:label2\" content=\"Estimated reading time\" \/>\n\t<meta name=\"twitter:data2\" content=\"2 minutes\" \/>\n<script type=\"application\/ld+json\" class=\"yoast-schema-graph\">{\"@context\":\"https:\\\/\\\/schema.org\",\"@graph\":[{\"@type\":\"Article\",\"@id\":\"https:\\\/\\\/buletin.de\\\/bucuresti\\\/intarzieri-ale-trenurilor-care-leaga-aeroportul-otopeni-de-gara-de-nord-din-cauza-unui-automotor-defect\\\/#article\",\"isPartOf\":{\"@id\":\"https:\\\/\\\/buletin.de\\\/bucuresti\\\/intarzieri-ale-trenurilor-care-leaga-aeroportul-otopeni-de-gara-de-nord-din-cauza-unui-automotor-defect\\\/\"},\"author\":{\"name\":\"Adina C\u0103p\u00eelnean\",\"@id\":\"https:\\\/\\\/buletin.de\\\/bucuresti\\\/#\\\/schema\\\/person\\\/ab174cf6711728e4ee83d672acf9a912\"},\"headline\":\"\u00cent\u00e2rzieri ale trenurilor care leag\u0103 Aeroportul Otopeni de Gara de Nord, din cauza unui automotor defect\",\"datePublished\":\"2024-03-15T08:12:02+00:00\",\"dateModified\":\"2024-03-15T11:06:22+00:00\",\"mainEntityOfPage\":{\"@id\":\"https:\\\/\\\/buletin.de\\\/bucuresti\\\/intarzieri-ale-trenurilor-care-leaga-aeroportul-otopeni-de-gara-de-nord-din-cauza-unui-automotor-defect\\\/\"},\"wordCount\":267,\"publisher\":{\"@id\":\"https:\\\/\\\/buletin.de\\\/bucuresti\\\/#organization\"},\"image\":{\"@id\":\"https:\\\/\\\/buletin.de\\\/bucuresti\\\/intarzieri-ale-trenurilor-care-leaga-aeroportul-otopeni-de-gara-de-nord-din-cauza-unui-automotor-defect\\\/#primaryimage\"},\"thumbnailUrl\":\"https:\\\/\\\/buletin.de\\\/bucuresti\\\/wp-content\\\/uploads\\\/otopeni-2.jpg\",\"keywords\":[\"aeroport\",\"automotor\",\"cfr\",\"gara de nord\",\"intarzieri\",\"otopeni\",\"tren\"],\"articleSection\":[\"Articole\",\"Eveniment\",\"\u0218tiri\",\"Transport\"],\"inLanguage\":\"en-GB\",\"copyrightYear\":\"2024\",\"copyrightHolder\":{\"@id\":\"https:\\\/\\\/buletin.de\\\/bucuresti\\\/#organization\"}},{\"@type\":\"WebPage\",\"@id\":\"https:\\\/\\\/buletin.de\\\/bucuresti\\\/intarzieri-ale-trenurilor-care-leaga-aeroportul-otopeni-de-gara-de-nord-din-cauza-unui-automotor-defect\\\/\",\"url\":\"https:\\\/\\\/buletin.de\\\/bucuresti\\\/intarzieri-ale-trenurilor-care-leaga-aeroportul-otopeni-de-gara-de-nord-din-cauza-unui-automotor-defect\\\/\",\"name\":\"\u00cent\u00e2rzieri ale trenurilor care leag\u0103 Aeroportul Otopeni de Gara de Nord, din cauza unui automotor defect - Buletin de Bucure\u0219ti\",\"isPartOf\":{\"@id\":\"https:\\\/\\\/buletin.de\\\/bucuresti\\\/#website\"},\"primaryImageOfPage\":{\"@id\":\"https:\\\/\\\/buletin.de\\\/bucuresti\\\/intarzieri-ale-trenurilor-care-leaga-aeroportul-otopeni-de-gara-de-nord-din-cauza-unui-automotor-defect\\\/#primaryimage\"},\"image\":{\"@id\":\"https:\\\/\\\/buletin.de\\\/bucuresti\\\/intarzieri-ale-trenurilor-care-leaga-aeroportul-otopeni-de-gara-de-nord-din-cauza-unui-automotor-defect\\\/#primaryimage\"},\"thumbnailUrl\":\"https:\\\/\\\/buletin.de\\\/bucuresti\\\/wp-content\\\/uploads\\\/otopeni-2.jpg\",\"datePublished\":\"2024-03-15T08:12:02+00:00\",\"dateModified\":\"2024-03-15T11:06:22+00:00\",\"breadcrumb\":{\"@id\":\"https:\\\/\\\/buletin.de\\\/bucuresti\\\/intarzieri-ale-trenurilor-care-leaga-aeroportul-otopeni-de-gara-de-nord-din-cauza-unui-automotor-defect\\\/#breadcrumb\"},\"inLanguage\":\"en-GB\",\"potentialAction\":[{\"@type\":\"ReadAction\",\"target\":[\"https:\\\/\\\/buletin.de\\\/bucuresti\\\/intarzieri-ale-trenurilor-care-leaga-aeroportul-otopeni-de-gara-de-nord-din-cauza-unui-automotor-defect\\\/\"]}]},{\"@type\":\"ImageObject\",\"inLanguage\":\"en-GB\",\"@id\":\"https:\\\/\\\/buletin.de\\\/bucuresti\\\/intarzieri-ale-trenurilor-care-leaga-aeroportul-otopeni-de-gara-de-nord-din-cauza-unui-automotor-defect\\\/#primaryimage\",\"url\":\"https:\\\/\\\/buletin.de\\\/bucuresti\\\/wp-content\\\/uploads\\\/otopeni-2.jpg\",\"contentUrl\":\"https:\\\/\\\/buletin.de\\\/bucuresti\\\/wp-content\\\/uploads\\\/otopeni-2.jpg\",\"width\":1600,\"height\":900,\"caption\":\"CFR C\u0103l\u0103tori anuleaz\u0103 zece trenuri c\u0103tre aeroport la \u00eenceputul lunii aprilie | FOTO: CFR C\u0103l\u0103tori\"},{\"@type\":\"BreadcrumbList\",\"@id\":\"https:\\\/\\\/buletin.de\\\/bucuresti\\\/intarzieri-ale-trenurilor-care-leaga-aeroportul-otopeni-de-gara-de-nord-din-cauza-unui-automotor-defect\\\/#breadcrumb\",\"itemListElement\":[{\"@type\":\"ListItem\",\"position\":1,\"name\":\"Acas\u0103\",\"item\":\"https:\\\/\\\/buletin.de\\\/bucuresti\\\/\"},{\"@type\":\"ListItem\",\"position\":2,\"name\":\"\u00cent\u00e2rzieri ale trenurilor care leag\u0103 Aeroportul Otopeni de Gara de Nord, din cauza unui automotor defect\"}]},{\"@type\":\"WebSite\",\"@id\":\"https:\\\/\\\/buletin.de\\\/bucuresti\\\/#website\",\"url\":\"https:\\\/\\\/buletin.de\\\/bucuresti\\\/\",\"name\":\"Buletin de Bucure\u0219ti\",\"description\":\"\u0218tiri \u0219i investiga\u021bii esen\u021biale din capital\u0103\",\"publisher\":{\"@id\":\"https:\\\/\\\/buletin.de\\\/bucuresti\\\/#organization\"},\"potentialAction\":[{\"@type\":\"SearchAction\",\"target\":{\"@type\":\"EntryPoint\",\"urlTemplate\":\"https:\\\/\\\/buletin.de\\\/bucuresti\\\/?s={search_term_string}\"},\"query-input\":{\"@type\":\"PropertyValueSpecification\",\"valueRequired\":true,\"valueName\":\"search_term_string\"}}],\"inLanguage\":\"en-GB\"},{\"@type\":\"Organization\",\"@id\":\"https:\\\/\\\/buletin.de\\\/bucuresti\\\/#organization\",\"name\":\"Buletin de Bucure\u0219ti\",\"url\":\"https:\\\/\\\/buletin.de\\\/bucuresti\\\/\",\"logo\":{\"@type\":\"ImageObject\",\"inLanguage\":\"en-GB\",\"@id\":\"https:\\\/\\\/buletin.de\\\/bucuresti\\\/#\\\/schema\\\/logo\\\/image\\\/\",\"url\":\"https:\\\/\\\/buletin.de\\\/bucuresti\\\/wp-content\\\/uploads\\\/logo-bdb-full-wide-vernil-transparent.png\",\"contentUrl\":\"https:\\\/\\\/buletin.de\\\/bucuresti\\\/wp-content\\\/uploads\\\/logo-bdb-full-wide-vernil-transparent.png\",\"width\":1782,\"height\":626,\"caption\":\"Buletin de Bucure\u0219ti\"},\"image\":{\"@id\":\"https:\\\/\\\/buletin.de\\\/bucuresti\\\/#\\\/schema\\\/logo\\\/image\\\/\"},\"sameAs\":[\"https:\\\/\\\/www.facebook.com\\\/buletin.de.buc\",\"https:\\\/\\\/www.instagram.com\\\/buletinde.bucuresti\\\/\"]},{\"@type\":\"Person\",\"@id\":\"https:\\\/\\\/buletin.de\\\/bucuresti\\\/#\\\/schema\\\/person\\\/ab174cf6711728e4ee83d672acf9a912\",\"name\":\"Adina C\u0103p\u00eelnean\",\"image\":{\"@type\":\"ImageObject\",\"inLanguage\":\"en-GB\",\"@id\":\"https:\\\/\\\/secure.gravatar.com\\\/avatar\\\/4fe9675d6282fd7c1aa4e486a037d532d5728fc16a30360f293eb6126b2e73ad?s=96&d=monsterid&r=ge2b23868508aec3460d3c6a11d3b599a\",\"url\":\"https:\\\/\\\/secure.gravatar.com\\\/avatar\\\/4fe9675d6282fd7c1aa4e486a037d532d5728fc16a30360f293eb6126b2e73ad?s=96&d=monsterid&r=g\",\"contentUrl\":\"https:\\\/\\\/secure.gravatar.com\\\/avatar\\\/4fe9675d6282fd7c1aa4e486a037d532d5728fc16a30360f293eb6126b2e73ad?s=96&d=monsterid&r=g\",\"caption\":\"Adina C\u0103p\u00eelnean\"},\"url\":\"https:\\\/\\\/buletin.de\\\/bucuresti\\\/author\\\/adinacapilnean\\\/\"}]}<\/script>\n<!-- \/ Yoast SEO Premium plugin. -->","yoast_head_json":{"title":"\u00cent\u00e2rzieri ale trenurilor care leag\u0103 Aeroportul Otopeni de Gara de Nord, din cauza unui automotor defect - Buletin de Bucure\u0219ti","robots":{"index":"index","follow":"follow","max-snippet":"max-snippet:-1","max-image-preview":"max-image-preview:large","max-video-preview":"max-video-preview:-1"},"canonical":"https:\/\/buletin.de\/bucuresti\/intarzieri-ale-trenurilor-care-leaga-aeroportul-otopeni-de-gara-de-nord-din-cauza-unui-automotor-defect\/","og_locale":"en_GB","og_type":"article","og_title":"\u00cent\u00e2rzieri ale trenurilor care leag\u0103 Aeroportul Otopeni de Gara de Nord, din cauza unui automotor defect","og_description":"UPDATE\/\/\/ Linia Gara de Nord &#8211; Aeroportul Otopeni a fost blocat\u0103 de la 8:38 la 9:45 vineri, 15 martie. La ora 10 CFR a anun\u021bat deblocarea traficului feroviar, \u201edup\u0103 retragerea automotorului defect din linie curent\u0103, \u00een sta\u021bia Mogo\u0219oaia\u201d Trenurile care circul\u0103 dus-\u00eentors pe ruta Gara de Nord \u2013 Aeroportul Interna\u021bional Henri Coand\u0103 vor \u00eenregistra \u00eent\u00e2rzieri [&hellip;]","og_url":"https:\/\/buletin.de\/bucuresti\/intarzieri-ale-trenurilor-care-leaga-aeroportul-otopeni-de-gara-de-nord-din-cauza-unui-automotor-defect\/","og_site_name":"Buletin de Bucure\u0219ti","article_publisher":"https:\/\/www.facebook.com\/buletin.de.buc","article_published_time":"2024-03-15T08:12:02+00:00","article_modified_time":"2024-03-15T11:06:22+00:00","og_image":[{"width":1600,"height":900,"url":"https:\/\/buletin.de\/bucuresti\/wp-content\/uploads\/otopeni-2.jpg","type":"image\/jpeg"}],"author":"Adina C\u0103p\u00eelnean","twitter_card":"summary_large_image","twitter_misc":{"Written by":"Adina C\u0103p\u00eelnean","Estimated reading time":"2 minutes"},"schema":{"@context":"https:\/\/schema.org","@graph":[{"@type":"Article","@id":"https:\/\/buletin.de\/bucuresti\/intarzieri-ale-trenurilor-care-leaga-aeroportul-otopeni-de-gara-de-nord-din-cauza-unui-automotor-defect\/#article","isPartOf":{"@id":"https:\/\/buletin.de\/bucuresti\/intarzieri-ale-trenurilor-care-leaga-aeroportul-otopeni-de-gara-de-nord-din-cauza-unui-automotor-defect\/"},"author":{"name":"Adina C\u0103p\u00eelnean","@id":"https:\/\/buletin.de\/bucuresti\/#\/schema\/person\/ab174cf6711728e4ee83d672acf9a912"},"headline":"\u00cent\u00e2rzieri ale trenurilor care leag\u0103 Aeroportul Otopeni de Gara de Nord, din cauza unui automotor defect","datePublished":"2024-03-15T08:12:02+00:00","dateModified":"2024-03-15T11:06:22+00:00","mainEntityOfPage":{"@id":"https:\/\/buletin.de\/bucuresti\/intarzieri-ale-trenurilor-care-leaga-aeroportul-otopeni-de-gara-de-nord-din-cauza-unui-automotor-defect\/"},"wordCount":267,"publisher":{"@id":"https:\/\/buletin.de\/bucuresti\/#organization"},"image":{"@id":"https:\/\/buletin.de\/bucuresti\/intarzieri-ale-trenurilor-care-leaga-aeroportul-otopeni-de-gara-de-nord-din-cauza-unui-automotor-defect\/#primaryimage"},"thumbnailUrl":"https:\/\/buletin.de\/bucuresti\/wp-content\/uploads\/otopeni-2.jpg","keywords":["aeroport","automotor","cfr","gara de nord","intarzieri","otopeni","tren"],"articleSection":["Articole","Eveniment","\u0218tiri","Transport"],"inLanguage":"en-GB","copyrightYear":"2024","copyrightHolder":{"@id":"https:\/\/buletin.de\/bucuresti\/#organization"}},{"@type":"WebPage","@id":"https:\/\/buletin.de\/bucuresti\/intarzieri-ale-trenurilor-care-leaga-aeroportul-otopeni-de-gara-de-nord-din-cauza-unui-automotor-defect\/","url":"https:\/\/buletin.de\/bucuresti\/intarzieri-ale-trenurilor-care-leaga-aeroportul-otopeni-de-gara-de-nord-din-cauza-unui-automotor-defect\/","name":"\u00cent\u00e2rzieri ale trenurilor care leag\u0103 Aeroportul Otopeni de Gara de Nord, din cauza unui automotor defect - Buletin de Bucure\u0219ti","isPartOf":{"@id":"https:\/\/buletin.de\/bucuresti\/#website"},"primaryImageOfPage":{"@id":"https:\/\/buletin.de\/bucuresti\/intarzieri-ale-trenurilor-care-leaga-aeroportul-otopeni-de-gara-de-nord-din-cauza-unui-automotor-defect\/#primaryimage"},"image":{"@id":"https:\/\/buletin.de\/bucuresti\/intarzieri-ale-trenurilor-care-leaga-aeroportul-otopeni-de-gara-de-nord-din-cauza-unui-automotor-defect\/#primaryimage"},"thumbnailUrl":"https:\/\/buletin.de\/bucuresti\/wp-content\/uploads\/otopeni-2.jpg","datePublished":"2024-03-15T08:12:02+00:00","dateModified":"2024-03-15T11:06:22+00:00","breadcrumb":{"@id":"https:\/\/buletin.de\/bucuresti\/intarzieri-ale-trenurilor-care-leaga-aeroportul-otopeni-de-gara-de-nord-din-cauza-unui-automotor-defect\/#breadcrumb"},"inLanguage":"en-GB","potentialAction":[{"@type":"ReadAction","target":["https:\/\/buletin.de\/bucuresti\/intarzieri-ale-trenurilor-care-leaga-aeroportul-otopeni-de-gara-de-nord-din-cauza-unui-automotor-defect\/"]}]},{"@type":"ImageObject","inLanguage":"en-GB","@id":"https:\/\/buletin.de\/bucuresti\/intarzieri-ale-trenurilor-care-leaga-aeroportul-otopeni-de-gara-de-nord-din-cauza-unui-automotor-defect\/#primaryimage","url":"https:\/\/buletin.de\/bucuresti\/wp-content\/uploads\/otopeni-2.jpg","contentUrl":"https:\/\/buletin.de\/bucuresti\/wp-content\/uploads\/otopeni-2.jpg","width":1600,"height":900,"caption":"CFR C\u0103l\u0103tori anuleaz\u0103 zece trenuri c\u0103tre aeroport la \u00eenceputul lunii aprilie | FOTO: CFR C\u0103l\u0103tori"},{"@type":"BreadcrumbList","@id":"https:\/\/buletin.de\/bucuresti\/intarzieri-ale-trenurilor-care-leaga-aeroportul-otopeni-de-gara-de-nord-din-cauza-unui-automotor-defect\/#breadcrumb","itemListElement":[{"@type":"ListItem","position":1,"name":"Acas\u0103","item":"https:\/\/buletin.de\/bucuresti\/"},{"@type":"ListItem","position":2,"name":"\u00cent\u00e2rzieri ale trenurilor care leag\u0103 Aeroportul Otopeni de Gara de Nord, din cauza unui automotor defect"}]},{"@type":"WebSite","@id":"https:\/\/buletin.de\/bucuresti\/#website","url":"https:\/\/buletin.de\/bucuresti\/","name":"Buletin de Bucure\u0219ti","description":"\u0218tiri \u0219i investiga\u021bii esen\u021biale din capital\u0103","publisher":{"@id":"https:\/\/buletin.de\/bucuresti\/#organization"},"potentialAction":[{"@type":"SearchAction","target":{"@type":"EntryPoint","urlTemplate":"https:\/\/buletin.de\/bucuresti\/?s={search_term_string}"},"query-input":{"@type":"PropertyValueSpecification","valueRequired":true,"valueName":"search_term_string"}}],"inLanguage":"en-GB"},{"@type":"Organization","@id":"https:\/\/buletin.de\/bucuresti\/#organization","name":"Buletin de Bucure\u0219ti","url":"https:\/\/buletin.de\/bucuresti\/","logo":{"@type":"ImageObject","inLanguage":"en-GB","@id":"https:\/\/buletin.de\/bucuresti\/#\/schema\/logo\/image\/","url":"https:\/\/buletin.de\/bucuresti\/wp-content\/uploads\/logo-bdb-full-wide-vernil-transparent.png","contentUrl":"https:\/\/buletin.de\/bucuresti\/wp-content\/uploads\/logo-bdb-full-wide-vernil-transparent.png","width":1782,"height":626,"caption":"Buletin de Bucure\u0219ti"},"image":{"@id":"https:\/\/buletin.de\/bucuresti\/#\/schema\/logo\/image\/"},"sameAs":["https:\/\/www.facebook.com\/buletin.de.buc","https:\/\/www.instagram.com\/buletinde.bucuresti\/"]},{"@type":"Person","@id":"https:\/\/buletin.de\/bucuresti\/#\/schema\/person\/ab174cf6711728e4ee83d672acf9a912","name":"Adina C\u0103p\u00eelnean","image":{"@type":"ImageObject","inLanguage":"en-GB","@id":"https:\/\/secure.gravatar.com\/avatar\/4fe9675d6282fd7c1aa4e486a037d532d5728fc16a30360f293eb6126b2e73ad?s=96&d=monsterid&r=ge2b23868508aec3460d3c6a11d3b599a","url":"https:\/\/secure.gravatar.com\/avatar\/4fe9675d6282fd7c1aa4e486a037d532d5728fc16a30360f293eb6126b2e73ad?s=96&d=monsterid&r=g","contentUrl":"https:\/\/secure.gravatar.com\/avatar\/4fe9675d6282fd7c1aa4e486a037d532d5728fc16a30360f293eb6126b2e73ad?s=96&d=monsterid&r=g","caption":"Adina C\u0103p\u00eelnean"},"url":"https:\/\/buletin.de\/bucuresti\/author\/adinacapilnean\/"}]}},"authors":[{"term_id":22580,"user_id":47,"is_guest":0,"slug":"adinacapilnean","display_name":"Adina C\u0103p\u00eelnean","avatar_url":"https:\/\/secure.gravatar.com\/avatar\/4fe9675d6282fd7c1aa4e486a037d532d5728fc16a30360f293eb6126b2e73ad?s=96&d=monsterid&r=g","0":null,"1":"","2":"","3":"","4":"","5":"","6":"","7":"","8":""}],"_links":{"self":[{"href":"https:\/\/buletin.de\/bucuresti\/wp-json\/wp\/v2\/posts\/80099","targetHints":{"allow":["GET"]}}],"collection":[{"href":"https:\/\/buletin.de\/bucuresti\/wp-json\/wp\/v2\/posts"}],"about":[{"href":"https:\/\/buletin.de\/bucuresti\/wp-json\/wp\/v2\/types\/post"}],"author":[{"embeddable":true,"href":"https:\/\/buletin.de\/bucuresti\/wp-json\/wp\/v2\/users\/47"}],"replies":[{"embeddable":true,"href":"https:\/\/buletin.de\/bucuresti\/wp-json\/wp\/v2\/comments?post=80099"}],"version-history":[{"count":4,"href":"https:\/\/buletin.de\/bucuresti\/wp-json\/wp\/v2\/posts\/80099\/revisions"}],"predecessor-version":[{"id":80153,"href":"https:\/\/buletin.de\/bucuresti\/wp-json\/wp\/v2\/posts\/80099\/revisions\/80153"}],"wp:featuredmedia":[{"embeddable":true,"href":"https:\/\/buletin.de\/bucuresti\/wp-json\/wp\/v2\/media\/79404"}],"wp:attachment":[{"href":"https:\/\/buletin.de\/bucuresti\/wp-json\/wp\/v2\/media?parent=80099"}],"wp:term":[{"taxonomy":"category","embeddable":true,"href":"https:\/\/buletin.de\/bucuresti\/wp-json\/wp\/v2\/categories?post=80099"},{"taxonomy":"post_tag","embeddable":true,"href":"https:\/\/buletin.de\/bucuresti\/wp-json\/wp\/v2\/tags?post=80099"},{"taxonomy":"author","embeddable":true,"href":"https:\/\/buletin.de\/bucuresti\/wp-json\/wp\/v2\/ppma_author?post=80099"}],"curies":[{"name":"wp","href":"https:\/\/api.w.org\/{rel}","templated":true}]}}