{"id":7996,"date":"2020-06-11T10:34:14","date_gmt":"2020-06-11T07:34:14","guid":{"rendered":"https:\/\/buletin.de\/bucuresti\/?p=7996"},"modified":"2020-06-11T10:34:14","modified_gmt":"2020-06-11T07:34:14","slug":"gabriela-firea-ameninta-cu-plangeri-penale-desi-sustine-ca-dsp-nu-i-a-dat-aviz-primarul-general-a-continuat-programul-testam-pentru-bucuresti","status":"publish","type":"post","link":"https:\/\/buletin.de\/bucuresti\/gabriela-firea-ameninta-cu-plangeri-penale-desi-sustine-ca-dsp-nu-i-a-dat-aviz-primarul-general-a-continuat-programul-testam-pentru-bucuresti\/","title":{"rendered":"Gabriela Firea amenin\u021b\u0103 cu pl\u00e2ngeri penale. De\u0219i sus\u021bine c\u0103 DSP nu i-a dat aviz, primarul general a continuat programul \u201cTest\u0103m pentru Bucure\u0219ti\u201d"},"content":{"rendered":"\n<p><strong>Programul pentru depistarea anticorpilor COVID-19, lansat de Gabriela Firea, nu a avut aviz de la DSP. Institu\u021bia, aflat\u0103 \u00een subordinea Ministerului S\u0103n\u0103t\u0103\u021bii, ar fi tergiversat solicitatarea ASSMB, motiv pentru care primarul general amenin\u021b\u0103 cu pl\u00e2ngeri penale. Lipsa avizului nu a dus \u00eens\u0103 \u0219i la suspendarea programului desf\u0103\u0219urat pe Arena Na\u021bional\u0103 \u0219i mediatizarea lui.<\/strong><\/p>\n\n\n\n<p>Pl\u00e2ngerea penal\u0103, despre care primarul general al Capitalei,\nGabriela Firea, a anun\u021bat c\u0103 o va depune ast\u0103zi ar fi pentru abuz \u00een serviciu\n\u015fi z\u0103d\u0103rnicirea combaterii bolilor la adresa conducerilor Direc\u0163iei de S\u0103n\u0103tate\nPublic\u0103 (DSP) Bucure\u015fti \u015fi Ministerului S\u0103n\u0103t\u0103\u0163ii. <\/p>\n\n\n\n<p>Motivul? Institu\u021biile au refuzat autorizarea Arenei\nNa\u0163ionale ca loc pentru efectuarea testelor de tip anticorpi pentru popula\u0163ie.<\/p>\n\n\n\n<p>\u201c<em>Conducerea ASSMB a sunat din nou la DSP \u015fi doamna de acolo a spus c\u0103 nu a putut da acel aviz, deoarece a sunat la Ministerul S\u0103n\u0103t\u0103\u0163ii, de unde i s-a spus c\u0103, potrivit unui ordin de ministru, pentru activitatea de laborator nu se poate aviza Arena Na\u0163ional\u0103<\/em>&#8220;,<a href=\"https:\/\/www.romaniatv.net\/gabriela-firea_525459.html\"> a declarat Gabriela Firea<\/a>.<\/p>\n\n\n\n<p>De\u0219i ASSMB nu ar fi primit un r\u0103spuns cu privire la aviz, programul \u201cTest\u0103m pentru Bucure\u0219ti\u201d a fost mediatizat iar 500 de bucure\u0219teni au\nfost programa\u021bi \u00een cursul zilei de ieri.<\/p>\n\n\n\n<p>La fa\u021ba locului \u00eens\u0103, <a href=\"https:\/\/buletin.de\/bucuresti\/video-testam-pentru-bucuresti-un-fiasco-cu-programare-cum-a-aratat-campania-gabrielei-firea-dupa-plecarea-televiziunilor\/\">Buletin de Bucure\u0219ti a descoperit c\u0103, \u00een jurul pr\u00e2nzului, dup\u0103 plecarea televiziunilor, doar c\u00e2teva persoane au mai trecut pragul Arenei Na\u021bionale.<\/a><\/p>\n\n\n\n<p>Redac\u021bia a \u00eencercat s\u0103 ia leg\u0103tura telefonic cu Ministrul S\u0103n\u0103t\u0103\u021bii, Nelu T\u0103taru dar \u0219i cu conducerea DSP Bucure\u0219ti cu privire la avizarea programului \u201cTest\u0103m pentru Bucure\u0219ti\u201d. Ne-am adresat, \u00een schimb, \u00een scris iar c\u00e2dn vom primi r\u0103spusurile le vom publica de \u00eendat\u0103. <\/p>\n\n\n\n<p>Editor: Oana Despa<\/p>\n\n\n\n<p><a href=\"https:\/\/www.facebook.com\/gabifirea\/\">Surs\u0103 cover<\/a><\/p>\n","protected":false},"excerpt":{"rendered":"<p>Programul pentru depistarea anticorpilor COVID-19, lansat de Gabriela Firea, nu a avut aviz de la DSP. Institu\u021bia, aflat\u0103 \u00een subordinea Ministerului S\u0103n\u0103t\u0103\u021bii, ar fi tergiversat solicitatarea ASSMB, motiv pentru care primarul general amenin\u021b\u0103 cu pl\u00e2ngeri penale. Lipsa avizului nu a dus \u00eens\u0103 \u0219i la suspendarea programului desf\u0103\u0219urat pe Arena Na\u021bional\u0103 \u0219i mediatizarea lui. Pl\u00e2ngerea penal\u0103, [&hellip;]<\/p>\n","protected":false},"author":10,"featured_media":7997,"comment_status":"closed","ping_status":"open","sticky":false,"template":"","format":"standard","meta":{"_acf_changed":false,"inline_featured_image":false,"ngg_post_thumbnail":0,"footnotes":""},"categories":[996],"tags":[1128,640,28,1133],"ppma_author":[22575],"class_list":["post-7996","post","type-post","status-publish","format-standard","has-post-thumbnail","hentry","category-covid-19","tag-anticorpi","tag-covid","tag-firea","tag-plangere"],"acf":[],"yoast_head":"<!-- This site is optimized with the Yoast SEO Premium plugin v25.3 (Yoast SEO v27.4) - https:\/\/yoast.com\/product\/yoast-seo-premium-wordpress\/ -->\n<title>Gabriela Firea amenin\u021b\u0103 cu pl\u00e2ngeri penale. De\u0219i sus\u021bine c\u0103 DSP nu i-a dat aviz, primarul general a continuat programul \u201cTest\u0103m pentru Bucure\u0219ti\u201d - Buletin de Bucure\u0219ti<\/title>\n<meta name=\"robots\" content=\"index, follow, max-snippet:-1, max-image-preview:large, max-video-preview:-1\" \/>\n<link rel=\"canonical\" href=\"https:\/\/buletin.de\/bucuresti\/gabriela-firea-ameninta-cu-plangeri-penale-desi-sustine-ca-dsp-nu-i-a-dat-aviz-primarul-general-a-continuat-programul-testam-pentru-bucuresti\/\" \/>\n<meta property=\"og:locale\" content=\"en_GB\" \/>\n<meta property=\"og:type\" content=\"article\" \/>\n<meta property=\"og:title\" content=\"Gabriela Firea amenin\u021b\u0103 cu pl\u00e2ngeri penale. De\u0219i sus\u021bine c\u0103 DSP nu i-a dat aviz, primarul general a continuat programul \u201cTest\u0103m pentru Bucure\u0219ti\u201d\" \/>\n<meta property=\"og:description\" content=\"Programul pentru depistarea anticorpilor COVID-19, lansat de Gabriela Firea, nu a avut aviz de la DSP. Institu\u021bia, aflat\u0103 \u00een subordinea Ministerului S\u0103n\u0103t\u0103\u021bii, ar fi tergiversat solicitatarea ASSMB, motiv pentru care primarul general amenin\u021b\u0103 cu pl\u00e2ngeri penale. Lipsa avizului nu a dus \u00eens\u0103 \u0219i la suspendarea programului desf\u0103\u0219urat pe Arena Na\u021bional\u0103 \u0219i mediatizarea lui. Pl\u00e2ngerea penal\u0103, [&hellip;]\" \/>\n<meta property=\"og:url\" content=\"https:\/\/buletin.de\/bucuresti\/gabriela-firea-ameninta-cu-plangeri-penale-desi-sustine-ca-dsp-nu-i-a-dat-aviz-primarul-general-a-continuat-programul-testam-pentru-bucuresti\/\" \/>\n<meta property=\"og:site_name\" content=\"Buletin de Bucure\u0219ti\" \/>\n<meta property=\"article:publisher\" content=\"https:\/\/www.facebook.com\/buletin.de.buc\" \/>\n<meta property=\"article:published_time\" content=\"2020-06-11T07:34:14+00:00\" \/>\n<meta property=\"og:image\" content=\"https:\/\/buletin.de\/bucuresti\/wp-content\/uploads\/103881954_3262764717119646_7023012522561735995_o.jpg\" \/>\n\t<meta property=\"og:image:width\" content=\"1440\" \/>\n\t<meta property=\"og:image:height\" content=\"960\" \/>\n\t<meta property=\"og:image:type\" content=\"image\/jpeg\" \/>\n<meta name=\"author\" content=\"C\u0103t\u0103lin Dosca\u0219\" \/>\n<meta name=\"twitter:card\" content=\"summary_large_image\" \/>\n<meta name=\"twitter:label1\" content=\"Written by\" \/>\n\t<meta name=\"twitter:data1\" content=\"C\u0103t\u0103lin Dosca\u0219\" \/>\n\t<meta name=\"twitter:label2\" content=\"Estimated reading time\" \/>\n\t<meta name=\"twitter:data2\" content=\"2 minutes\" \/>\n<script type=\"application\/ld+json\" class=\"yoast-schema-graph\">{\"@context\":\"https:\\\/\\\/schema.org\",\"@graph\":[{\"@type\":\"Article\",\"@id\":\"https:\\\/\\\/buletin.de\\\/bucuresti\\\/gabriela-firea-ameninta-cu-plangeri-penale-desi-sustine-ca-dsp-nu-i-a-dat-aviz-primarul-general-a-continuat-programul-testam-pentru-bucuresti\\\/#article\",\"isPartOf\":{\"@id\":\"https:\\\/\\\/buletin.de\\\/bucuresti\\\/gabriela-firea-ameninta-cu-plangeri-penale-desi-sustine-ca-dsp-nu-i-a-dat-aviz-primarul-general-a-continuat-programul-testam-pentru-bucuresti\\\/\"},\"author\":{\"name\":\"C\u0103t\u0103lin Dosca\u0219\",\"@id\":\"https:\\\/\\\/buletin.de\\\/bucuresti\\\/#\\\/schema\\\/person\\\/31117187ed4d0bdb0a4c7d6acc79d0f8\"},\"headline\":\"Gabriela Firea amenin\u021b\u0103 cu pl\u00e2ngeri penale. De\u0219i sus\u021bine c\u0103 DSP nu i-a dat aviz, primarul general a continuat programul \u201cTest\u0103m pentru Bucure\u0219ti\u201d\",\"datePublished\":\"2020-06-11T07:34:14+00:00\",\"mainEntityOfPage\":{\"@id\":\"https:\\\/\\\/buletin.de\\\/bucuresti\\\/gabriela-firea-ameninta-cu-plangeri-penale-desi-sustine-ca-dsp-nu-i-a-dat-aviz-primarul-general-a-continuat-programul-testam-pentru-bucuresti\\\/\"},\"wordCount\":338,\"publisher\":{\"@id\":\"https:\\\/\\\/buletin.de\\\/bucuresti\\\/#organization\"},\"image\":{\"@id\":\"https:\\\/\\\/buletin.de\\\/bucuresti\\\/gabriela-firea-ameninta-cu-plangeri-penale-desi-sustine-ca-dsp-nu-i-a-dat-aviz-primarul-general-a-continuat-programul-testam-pentru-bucuresti\\\/#primaryimage\"},\"thumbnailUrl\":\"https:\\\/\\\/buletin.de\\\/bucuresti\\\/wp-content\\\/uploads\\\/103881954_3262764717119646_7023012522561735995_o.jpg\",\"keywords\":[\"anticorpi\",\"covid\",\"firea\",\"plangere\"],\"articleSection\":[\"Covid-19\"],\"inLanguage\":\"en-GB\",\"copyrightYear\":\"2020\",\"copyrightHolder\":{\"@id\":\"https:\\\/\\\/buletin.de\\\/bucuresti\\\/#organization\"}},{\"@type\":\"WebPage\",\"@id\":\"https:\\\/\\\/buletin.de\\\/bucuresti\\\/gabriela-firea-ameninta-cu-plangeri-penale-desi-sustine-ca-dsp-nu-i-a-dat-aviz-primarul-general-a-continuat-programul-testam-pentru-bucuresti\\\/\",\"url\":\"https:\\\/\\\/buletin.de\\\/bucuresti\\\/gabriela-firea-ameninta-cu-plangeri-penale-desi-sustine-ca-dsp-nu-i-a-dat-aviz-primarul-general-a-continuat-programul-testam-pentru-bucuresti\\\/\",\"name\":\"Gabriela Firea amenin\u021b\u0103 cu pl\u00e2ngeri penale. De\u0219i sus\u021bine c\u0103 DSP nu i-a dat aviz, primarul general a continuat programul \u201cTest\u0103m pentru Bucure\u0219ti\u201d - Buletin de Bucure\u0219ti\",\"isPartOf\":{\"@id\":\"https:\\\/\\\/buletin.de\\\/bucuresti\\\/#website\"},\"primaryImageOfPage\":{\"@id\":\"https:\\\/\\\/buletin.de\\\/bucuresti\\\/gabriela-firea-ameninta-cu-plangeri-penale-desi-sustine-ca-dsp-nu-i-a-dat-aviz-primarul-general-a-continuat-programul-testam-pentru-bucuresti\\\/#primaryimage\"},\"image\":{\"@id\":\"https:\\\/\\\/buletin.de\\\/bucuresti\\\/gabriela-firea-ameninta-cu-plangeri-penale-desi-sustine-ca-dsp-nu-i-a-dat-aviz-primarul-general-a-continuat-programul-testam-pentru-bucuresti\\\/#primaryimage\"},\"thumbnailUrl\":\"https:\\\/\\\/buletin.de\\\/bucuresti\\\/wp-content\\\/uploads\\\/103881954_3262764717119646_7023012522561735995_o.jpg\",\"datePublished\":\"2020-06-11T07:34:14+00:00\",\"breadcrumb\":{\"@id\":\"https:\\\/\\\/buletin.de\\\/bucuresti\\\/gabriela-firea-ameninta-cu-plangeri-penale-desi-sustine-ca-dsp-nu-i-a-dat-aviz-primarul-general-a-continuat-programul-testam-pentru-bucuresti\\\/#breadcrumb\"},\"inLanguage\":\"en-GB\",\"potentialAction\":[{\"@type\":\"ReadAction\",\"target\":[\"https:\\\/\\\/buletin.de\\\/bucuresti\\\/gabriela-firea-ameninta-cu-plangeri-penale-desi-sustine-ca-dsp-nu-i-a-dat-aviz-primarul-general-a-continuat-programul-testam-pentru-bucuresti\\\/\"]}]},{\"@type\":\"ImageObject\",\"inLanguage\":\"en-GB\",\"@id\":\"https:\\\/\\\/buletin.de\\\/bucuresti\\\/gabriela-firea-ameninta-cu-plangeri-penale-desi-sustine-ca-dsp-nu-i-a-dat-aviz-primarul-general-a-continuat-programul-testam-pentru-bucuresti\\\/#primaryimage\",\"url\":\"https:\\\/\\\/buletin.de\\\/bucuresti\\\/wp-content\\\/uploads\\\/103881954_3262764717119646_7023012522561735995_o.jpg\",\"contentUrl\":\"https:\\\/\\\/buletin.de\\\/bucuresti\\\/wp-content\\\/uploads\\\/103881954_3262764717119646_7023012522561735995_o.jpg\",\"width\":1440,\"height\":960},{\"@type\":\"BreadcrumbList\",\"@id\":\"https:\\\/\\\/buletin.de\\\/bucuresti\\\/gabriela-firea-ameninta-cu-plangeri-penale-desi-sustine-ca-dsp-nu-i-a-dat-aviz-primarul-general-a-continuat-programul-testam-pentru-bucuresti\\\/#breadcrumb\",\"itemListElement\":[{\"@type\":\"ListItem\",\"position\":1,\"name\":\"Acas\u0103\",\"item\":\"https:\\\/\\\/buletin.de\\\/bucuresti\\\/\"},{\"@type\":\"ListItem\",\"position\":2,\"name\":\"Gabriela Firea amenin\u021b\u0103 cu pl\u00e2ngeri penale. De\u0219i sus\u021bine c\u0103 DSP nu i-a dat aviz, primarul general a continuat programul \u201cTest\u0103m pentru Bucure\u0219ti\u201d\"}]},{\"@type\":\"WebSite\",\"@id\":\"https:\\\/\\\/buletin.de\\\/bucuresti\\\/#website\",\"url\":\"https:\\\/\\\/buletin.de\\\/bucuresti\\\/\",\"name\":\"Buletin de Bucure\u0219ti\",\"description\":\"\u0218tiri \u0219i investiga\u021bii esen\u021biale din capital\u0103\",\"publisher\":{\"@id\":\"https:\\\/\\\/buletin.de\\\/bucuresti\\\/#organization\"},\"potentialAction\":[{\"@type\":\"SearchAction\",\"target\":{\"@type\":\"EntryPoint\",\"urlTemplate\":\"https:\\\/\\\/buletin.de\\\/bucuresti\\\/?s={search_term_string}\"},\"query-input\":{\"@type\":\"PropertyValueSpecification\",\"valueRequired\":true,\"valueName\":\"search_term_string\"}}],\"inLanguage\":\"en-GB\"},{\"@type\":\"Organization\",\"@id\":\"https:\\\/\\\/buletin.de\\\/bucuresti\\\/#organization\",\"name\":\"Buletin de Bucure\u0219ti\",\"url\":\"https:\\\/\\\/buletin.de\\\/bucuresti\\\/\",\"logo\":{\"@type\":\"ImageObject\",\"inLanguage\":\"en-GB\",\"@id\":\"https:\\\/\\\/buletin.de\\\/bucuresti\\\/#\\\/schema\\\/logo\\\/image\\\/\",\"url\":\"https:\\\/\\\/buletin.de\\\/bucuresti\\\/wp-content\\\/uploads\\\/logo-bdb-full-wide-vernil-transparent.png\",\"contentUrl\":\"https:\\\/\\\/buletin.de\\\/bucuresti\\\/wp-content\\\/uploads\\\/logo-bdb-full-wide-vernil-transparent.png\",\"width\":1782,\"height\":626,\"caption\":\"Buletin de Bucure\u0219ti\"},\"image\":{\"@id\":\"https:\\\/\\\/buletin.de\\\/bucuresti\\\/#\\\/schema\\\/logo\\\/image\\\/\"},\"sameAs\":[\"https:\\\/\\\/www.facebook.com\\\/buletin.de.buc\",\"https:\\\/\\\/www.instagram.com\\\/buletinde.bucuresti\\\/\"]},{\"@type\":\"Person\",\"@id\":\"https:\\\/\\\/buletin.de\\\/bucuresti\\\/#\\\/schema\\\/person\\\/31117187ed4d0bdb0a4c7d6acc79d0f8\",\"name\":\"C\u0103t\u0103lin Dosca\u0219\",\"image\":{\"@type\":\"ImageObject\",\"inLanguage\":\"en-GB\",\"@id\":\"https:\\\/\\\/buletin.de\\\/bucuresti\\\/wp-content\\\/uploads\\\/Catalin-Doscas-e1732731064764-96x96.jpga93e2943bb3b1c1f9ead823df6e6317a\",\"url\":\"https:\\\/\\\/buletin.de\\\/bucuresti\\\/wp-content\\\/uploads\\\/Catalin-Doscas-e1732731064764-96x96.jpg\",\"contentUrl\":\"https:\\\/\\\/buletin.de\\\/bucuresti\\\/wp-content\\\/uploads\\\/Catalin-Doscas-e1732731064764-96x96.jpg\",\"caption\":\"C\u0103t\u0103lin Dosca\u0219\"},\"description\":\"Reporter \u0219i redactor-\u0219ef Buletin de Bucure\u0219ti. Lucreaz\u0103 \u00een mass-media de la v\u00e2rsta de 15 ani, c\u00e2nd a publicat primele articole \u00een presa local\u0103 din Tecuci. \u00cen Bucure\u0219ti a lucrat \u00een redac\u021bii radio ca reporter, redactor \u0219i prezentator (StudentFM, Na\u021bionalFM, Radio Total, Smart FM), unde a acoperit domeniile politic, economic, social \u0219i externe. Ulterior, a fost editor-coordonator al postului Realitatea FM. Experien\u021ba \u00een jurnalismul online a dob\u00e2ndit-o la portalul B365.ro, unde a fost editor. \u00cen 2012 s-a angajat \u00een televiziune. La Realitatea TV a fost, pe r\u00e2nd, reporter la sec\u021bia Social, reporter special la emisiunea de reportaje \u0219i anchete \u201eReporterii Realit\u0103\u021bii\u201d, dar \u0219i editor al jurnalelor de \u0219tiri. Ulterior, a f\u0103cut parte din sec\u021bia de Investiga\u021bii de la Digi24 \u0219i a lucrat la campania \u201eRom\u00e2nia furat\u0103\u201d. A revenit \u00een presa scris\u0103 \u00een 2017, ca reporter special, \u00een cadrul unui proiect de repozi\u021bionare a tabloidului Libertatea \u00een cotidian generalist. Este jurnalist Buletin de Bucure\u0219ti din 2019.\",\"url\":\"https:\\\/\\\/buletin.de\\\/bucuresti\\\/author\\\/catalin\\\/\"}]}<\/script>\n<!-- \/ Yoast SEO Premium plugin. -->","yoast_head_json":{"title":"Gabriela Firea amenin\u021b\u0103 cu pl\u00e2ngeri penale. De\u0219i sus\u021bine c\u0103 DSP nu i-a dat aviz, primarul general a continuat programul \u201cTest\u0103m pentru Bucure\u0219ti\u201d - Buletin de Bucure\u0219ti","robots":{"index":"index","follow":"follow","max-snippet":"max-snippet:-1","max-image-preview":"max-image-preview:large","max-video-preview":"max-video-preview:-1"},"canonical":"https:\/\/buletin.de\/bucuresti\/gabriela-firea-ameninta-cu-plangeri-penale-desi-sustine-ca-dsp-nu-i-a-dat-aviz-primarul-general-a-continuat-programul-testam-pentru-bucuresti\/","og_locale":"en_GB","og_type":"article","og_title":"Gabriela Firea amenin\u021b\u0103 cu pl\u00e2ngeri penale. De\u0219i sus\u021bine c\u0103 DSP nu i-a dat aviz, primarul general a continuat programul \u201cTest\u0103m pentru Bucure\u0219ti\u201d","og_description":"Programul pentru depistarea anticorpilor COVID-19, lansat de Gabriela Firea, nu a avut aviz de la DSP. Institu\u021bia, aflat\u0103 \u00een subordinea Ministerului S\u0103n\u0103t\u0103\u021bii, ar fi tergiversat solicitatarea ASSMB, motiv pentru care primarul general amenin\u021b\u0103 cu pl\u00e2ngeri penale. Lipsa avizului nu a dus \u00eens\u0103 \u0219i la suspendarea programului desf\u0103\u0219urat pe Arena Na\u021bional\u0103 \u0219i mediatizarea lui. Pl\u00e2ngerea penal\u0103, [&hellip;]","og_url":"https:\/\/buletin.de\/bucuresti\/gabriela-firea-ameninta-cu-plangeri-penale-desi-sustine-ca-dsp-nu-i-a-dat-aviz-primarul-general-a-continuat-programul-testam-pentru-bucuresti\/","og_site_name":"Buletin de Bucure\u0219ti","article_publisher":"https:\/\/www.facebook.com\/buletin.de.buc","article_published_time":"2020-06-11T07:34:14+00:00","og_image":[{"width":1440,"height":960,"url":"https:\/\/buletin.de\/bucuresti\/wp-content\/uploads\/103881954_3262764717119646_7023012522561735995_o.jpg","type":"image\/jpeg"}],"author":"C\u0103t\u0103lin Dosca\u0219","twitter_card":"summary_large_image","twitter_misc":{"Written by":"C\u0103t\u0103lin Dosca\u0219","Estimated reading time":"2 minutes"},"schema":{"@context":"https:\/\/schema.org","@graph":[{"@type":"Article","@id":"https:\/\/buletin.de\/bucuresti\/gabriela-firea-ameninta-cu-plangeri-penale-desi-sustine-ca-dsp-nu-i-a-dat-aviz-primarul-general-a-continuat-programul-testam-pentru-bucuresti\/#article","isPartOf":{"@id":"https:\/\/buletin.de\/bucuresti\/gabriela-firea-ameninta-cu-plangeri-penale-desi-sustine-ca-dsp-nu-i-a-dat-aviz-primarul-general-a-continuat-programul-testam-pentru-bucuresti\/"},"author":{"name":"C\u0103t\u0103lin Dosca\u0219","@id":"https:\/\/buletin.de\/bucuresti\/#\/schema\/person\/31117187ed4d0bdb0a4c7d6acc79d0f8"},"headline":"Gabriela Firea amenin\u021b\u0103 cu pl\u00e2ngeri penale. De\u0219i sus\u021bine c\u0103 DSP nu i-a dat aviz, primarul general a continuat programul \u201cTest\u0103m pentru Bucure\u0219ti\u201d","datePublished":"2020-06-11T07:34:14+00:00","mainEntityOfPage":{"@id":"https:\/\/buletin.de\/bucuresti\/gabriela-firea-ameninta-cu-plangeri-penale-desi-sustine-ca-dsp-nu-i-a-dat-aviz-primarul-general-a-continuat-programul-testam-pentru-bucuresti\/"},"wordCount":338,"publisher":{"@id":"https:\/\/buletin.de\/bucuresti\/#organization"},"image":{"@id":"https:\/\/buletin.de\/bucuresti\/gabriela-firea-ameninta-cu-plangeri-penale-desi-sustine-ca-dsp-nu-i-a-dat-aviz-primarul-general-a-continuat-programul-testam-pentru-bucuresti\/#primaryimage"},"thumbnailUrl":"https:\/\/buletin.de\/bucuresti\/wp-content\/uploads\/103881954_3262764717119646_7023012522561735995_o.jpg","keywords":["anticorpi","covid","firea","plangere"],"articleSection":["Covid-19"],"inLanguage":"en-GB","copyrightYear":"2020","copyrightHolder":{"@id":"https:\/\/buletin.de\/bucuresti\/#organization"}},{"@type":"WebPage","@id":"https:\/\/buletin.de\/bucuresti\/gabriela-firea-ameninta-cu-plangeri-penale-desi-sustine-ca-dsp-nu-i-a-dat-aviz-primarul-general-a-continuat-programul-testam-pentru-bucuresti\/","url":"https:\/\/buletin.de\/bucuresti\/gabriela-firea-ameninta-cu-plangeri-penale-desi-sustine-ca-dsp-nu-i-a-dat-aviz-primarul-general-a-continuat-programul-testam-pentru-bucuresti\/","name":"Gabriela Firea amenin\u021b\u0103 cu pl\u00e2ngeri penale. De\u0219i sus\u021bine c\u0103 DSP nu i-a dat aviz, primarul general a continuat programul \u201cTest\u0103m pentru Bucure\u0219ti\u201d - Buletin de Bucure\u0219ti","isPartOf":{"@id":"https:\/\/buletin.de\/bucuresti\/#website"},"primaryImageOfPage":{"@id":"https:\/\/buletin.de\/bucuresti\/gabriela-firea-ameninta-cu-plangeri-penale-desi-sustine-ca-dsp-nu-i-a-dat-aviz-primarul-general-a-continuat-programul-testam-pentru-bucuresti\/#primaryimage"},"image":{"@id":"https:\/\/buletin.de\/bucuresti\/gabriela-firea-ameninta-cu-plangeri-penale-desi-sustine-ca-dsp-nu-i-a-dat-aviz-primarul-general-a-continuat-programul-testam-pentru-bucuresti\/#primaryimage"},"thumbnailUrl":"https:\/\/buletin.de\/bucuresti\/wp-content\/uploads\/103881954_3262764717119646_7023012522561735995_o.jpg","datePublished":"2020-06-11T07:34:14+00:00","breadcrumb":{"@id":"https:\/\/buletin.de\/bucuresti\/gabriela-firea-ameninta-cu-plangeri-penale-desi-sustine-ca-dsp-nu-i-a-dat-aviz-primarul-general-a-continuat-programul-testam-pentru-bucuresti\/#breadcrumb"},"inLanguage":"en-GB","potentialAction":[{"@type":"ReadAction","target":["https:\/\/buletin.de\/bucuresti\/gabriela-firea-ameninta-cu-plangeri-penale-desi-sustine-ca-dsp-nu-i-a-dat-aviz-primarul-general-a-continuat-programul-testam-pentru-bucuresti\/"]}]},{"@type":"ImageObject","inLanguage":"en-GB","@id":"https:\/\/buletin.de\/bucuresti\/gabriela-firea-ameninta-cu-plangeri-penale-desi-sustine-ca-dsp-nu-i-a-dat-aviz-primarul-general-a-continuat-programul-testam-pentru-bucuresti\/#primaryimage","url":"https:\/\/buletin.de\/bucuresti\/wp-content\/uploads\/103881954_3262764717119646_7023012522561735995_o.jpg","contentUrl":"https:\/\/buletin.de\/bucuresti\/wp-content\/uploads\/103881954_3262764717119646_7023012522561735995_o.jpg","width":1440,"height":960},{"@type":"BreadcrumbList","@id":"https:\/\/buletin.de\/bucuresti\/gabriela-firea-ameninta-cu-plangeri-penale-desi-sustine-ca-dsp-nu-i-a-dat-aviz-primarul-general-a-continuat-programul-testam-pentru-bucuresti\/#breadcrumb","itemListElement":[{"@type":"ListItem","position":1,"name":"Acas\u0103","item":"https:\/\/buletin.de\/bucuresti\/"},{"@type":"ListItem","position":2,"name":"Gabriela Firea amenin\u021b\u0103 cu pl\u00e2ngeri penale. De\u0219i sus\u021bine c\u0103 DSP nu i-a dat aviz, primarul general a continuat programul \u201cTest\u0103m pentru Bucure\u0219ti\u201d"}]},{"@type":"WebSite","@id":"https:\/\/buletin.de\/bucuresti\/#website","url":"https:\/\/buletin.de\/bucuresti\/","name":"Buletin de Bucure\u0219ti","description":"\u0218tiri \u0219i investiga\u021bii esen\u021biale din capital\u0103","publisher":{"@id":"https:\/\/buletin.de\/bucuresti\/#organization"},"potentialAction":[{"@type":"SearchAction","target":{"@type":"EntryPoint","urlTemplate":"https:\/\/buletin.de\/bucuresti\/?s={search_term_string}"},"query-input":{"@type":"PropertyValueSpecification","valueRequired":true,"valueName":"search_term_string"}}],"inLanguage":"en-GB"},{"@type":"Organization","@id":"https:\/\/buletin.de\/bucuresti\/#organization","name":"Buletin de Bucure\u0219ti","url":"https:\/\/buletin.de\/bucuresti\/","logo":{"@type":"ImageObject","inLanguage":"en-GB","@id":"https:\/\/buletin.de\/bucuresti\/#\/schema\/logo\/image\/","url":"https:\/\/buletin.de\/bucuresti\/wp-content\/uploads\/logo-bdb-full-wide-vernil-transparent.png","contentUrl":"https:\/\/buletin.de\/bucuresti\/wp-content\/uploads\/logo-bdb-full-wide-vernil-transparent.png","width":1782,"height":626,"caption":"Buletin de Bucure\u0219ti"},"image":{"@id":"https:\/\/buletin.de\/bucuresti\/#\/schema\/logo\/image\/"},"sameAs":["https:\/\/www.facebook.com\/buletin.de.buc","https:\/\/www.instagram.com\/buletinde.bucuresti\/"]},{"@type":"Person","@id":"https:\/\/buletin.de\/bucuresti\/#\/schema\/person\/31117187ed4d0bdb0a4c7d6acc79d0f8","name":"C\u0103t\u0103lin Dosca\u0219","image":{"@type":"ImageObject","inLanguage":"en-GB","@id":"https:\/\/buletin.de\/bucuresti\/wp-content\/uploads\/Catalin-Doscas-e1732731064764-96x96.jpga93e2943bb3b1c1f9ead823df6e6317a","url":"https:\/\/buletin.de\/bucuresti\/wp-content\/uploads\/Catalin-Doscas-e1732731064764-96x96.jpg","contentUrl":"https:\/\/buletin.de\/bucuresti\/wp-content\/uploads\/Catalin-Doscas-e1732731064764-96x96.jpg","caption":"C\u0103t\u0103lin Dosca\u0219"},"description":"Reporter \u0219i redactor-\u0219ef Buletin de Bucure\u0219ti. Lucreaz\u0103 \u00een mass-media de la v\u00e2rsta de 15 ani, c\u00e2nd a publicat primele articole \u00een presa local\u0103 din Tecuci. \u00cen Bucure\u0219ti a lucrat \u00een redac\u021bii radio ca reporter, redactor \u0219i prezentator (StudentFM, Na\u021bionalFM, Radio Total, Smart FM), unde a acoperit domeniile politic, economic, social \u0219i externe. Ulterior, a fost editor-coordonator al postului Realitatea FM. Experien\u021ba \u00een jurnalismul online a dob\u00e2ndit-o la portalul B365.ro, unde a fost editor. \u00cen 2012 s-a angajat \u00een televiziune. La Realitatea TV a fost, pe r\u00e2nd, reporter la sec\u021bia Social, reporter special la emisiunea de reportaje \u0219i anchete \u201eReporterii Realit\u0103\u021bii\u201d, dar \u0219i editor al jurnalelor de \u0219tiri. Ulterior, a f\u0103cut parte din sec\u021bia de Investiga\u021bii de la Digi24 \u0219i a lucrat la campania \u201eRom\u00e2nia furat\u0103\u201d. A revenit \u00een presa scris\u0103 \u00een 2017, ca reporter special, \u00een cadrul unui proiect de repozi\u021bionare a tabloidului Libertatea \u00een cotidian generalist. Este jurnalist Buletin de Bucure\u0219ti din 2019.","url":"https:\/\/buletin.de\/bucuresti\/author\/catalin\/"}]}},"authors":[{"term_id":22575,"user_id":10,"is_guest":0,"slug":"catalin","display_name":"C\u0103t\u0103lin Dosca\u0219","avatar_url":"https:\/\/buletin.de\/bucuresti\/wp-content\/uploads\/Catalin-Doscas-e1732731064764-96x96.jpg","0":null,"1":"","2":"","3":"","4":"","5":"","6":"","7":"","8":""}],"_links":{"self":[{"href":"https:\/\/buletin.de\/bucuresti\/wp-json\/wp\/v2\/posts\/7996","targetHints":{"allow":["GET"]}}],"collection":[{"href":"https:\/\/buletin.de\/bucuresti\/wp-json\/wp\/v2\/posts"}],"about":[{"href":"https:\/\/buletin.de\/bucuresti\/wp-json\/wp\/v2\/types\/post"}],"author":[{"embeddable":true,"href":"https:\/\/buletin.de\/bucuresti\/wp-json\/wp\/v2\/users\/10"}],"replies":[{"embeddable":true,"href":"https:\/\/buletin.de\/bucuresti\/wp-json\/wp\/v2\/comments?post=7996"}],"version-history":[{"count":5,"href":"https:\/\/buletin.de\/bucuresti\/wp-json\/wp\/v2\/posts\/7996\/revisions"}],"predecessor-version":[{"id":8003,"href":"https:\/\/buletin.de\/bucuresti\/wp-json\/wp\/v2\/posts\/7996\/revisions\/8003"}],"wp:featuredmedia":[{"embeddable":true,"href":"https:\/\/buletin.de\/bucuresti\/wp-json\/wp\/v2\/media\/7997"}],"wp:attachment":[{"href":"https:\/\/buletin.de\/bucuresti\/wp-json\/wp\/v2\/media?parent=7996"}],"wp:term":[{"taxonomy":"category","embeddable":true,"href":"https:\/\/buletin.de\/bucuresti\/wp-json\/wp\/v2\/categories?post=7996"},{"taxonomy":"post_tag","embeddable":true,"href":"https:\/\/buletin.de\/bucuresti\/wp-json\/wp\/v2\/tags?post=7996"},{"taxonomy":"author","embeddable":true,"href":"https:\/\/buletin.de\/bucuresti\/wp-json\/wp\/v2\/ppma_author?post=7996"}],"curies":[{"name":"wp","href":"https:\/\/api.w.org\/{rel}","templated":true}]}}