{"id":79841,"date":"2024-03-13T00:01:55","date_gmt":"2024-03-12T22:01:55","guid":{"rendered":"https:\/\/buletin.de\/bucuresti\/?p=79841"},"modified":"2024-03-13T00:01:56","modified_gmt":"2024-03-12T22:01:56","slug":"energie-verde-si-solutii-pentru-mediu-la-energyfest","status":"publish","type":"post","link":"https:\/\/buletin.de\/bucuresti\/energie-verde-si-solutii-pentru-mediu-la-energyfest\/","title":{"rendered":"Energie verde \u0219i solu\u021bii pentru mediu la EnergyFEST"},"content":{"rendered":"\n<p><strong>\u00cen perioada 14-16 martie 2024, Universitatea Politehnica Bucure\u0219ti organizeaz\u0103 cea de-a doua<br>edi\u021bie a EnergyFEST, \u00een campus. Evenimentul este dedicat energiei verzi \u0219i sustenabilit\u0103\u021bii.<\/strong><\/p>\n\n\n\n<p>EnergyFEST reune\u0219te cei mai importan\u021bi actori din domeniul energetic si prezint\u0103 cele mai recente descoperiri tehnologice din domeniul energiei nepoluante. Evenimentul va trata subiecte precum:<\/p>\n\n\n\n<ul class=\"wp-block-list\">\n<li>cum influen\u021beaz\u0103 noile tehnologii digitale, precum inteligen\u021ba artificial\u0103, dezvoltarea unui sistem<br>energetic mai inteligent \u0219i mai interactiv;<\/li>\n\n\n\n<li>care sunt cele mai recente inova\u021bii \u00een domeniul stoc\u0103rii energiei \u0219i cum pot acestea s\u0103 influen\u021beze<br>tranzi\u021bia c\u0103tre surse regenerabile; <\/li>\n\n\n\n<li>cum se adapteaz\u0103 industria energetic\u0103 la conceptul de economie circular\u0103 \u0219i cum poate contribui la<br>reducerea de\u0219eurilor \u0219i a emisiilor de carbon;<\/li>\n\n\n\n<li>cum pot tinerii speciali\u0219ti \u0219i studen\u021bii s\u0103 se implice activ \u00een proiecte inovatoare din domeniul energetic.<\/li>\n<\/ul>\n\n\n\n<p>EnergyFEST  este adresat at\u00e2t profesioni\u0219tilor \u0219i viitorilor ingineri, studen\u021bi \u0219i elevi, dar \u0219i publicului larg. Prima edi\u021bie a reunit peste 50 de companii \u0219i a avut 20.000 de vizitatori. <\/p>\n\n\n\n<p><strong>CITE\u0218TE \u0218I:<\/strong><\/p>\n\n\n\n<figure class=\"wp-block-embed is-type-wp-embed is-provider-buletin-de-bucure-ti wp-block-embed-buletin-de-bucure-ti\"><div class=\"wp-block-embed__wrapper\">\n<blockquote class=\"wp-embedded-content\" data-secret=\"DMei14NJIm\"><a href=\"https:\/\/buletin.de\/bucuresti\/spitalele-din-ilfov-vor-functiona-cu-energie-regenerabila-la-cernica-se-va-construi-o-centrala-cu-fotovoltaice\/\">Spitalele din Ilfov vor func\u021biona cu energie regenerabil\u0103. La Cernica se va construi o central\u0103 cu fotovoltaice<\/a><\/blockquote><iframe class=\"wp-embedded-content\" sandbox=\"allow-scripts\" security=\"restricted\" style=\"position: absolute; clip: rect(1px, 1px, 1px, 1px);\" title=\"&#8220;Spitalele din Ilfov vor func\u021biona cu energie regenerabil\u0103. La Cernica se va construi o central\u0103 cu fotovoltaice&#8221; &#8212; Buletin de Bucure\u0219ti\" src=\"https:\/\/buletin.de\/bucuresti\/spitalele-din-ilfov-vor-functiona-cu-energie-regenerabila-la-cernica-se-va-construi-o-centrala-cu-fotovoltaice\/embed\/#?secret=EYpzdiFxxw#?secret=DMei14NJIm\" data-secret=\"DMei14NJIm\" width=\"600\" height=\"338\" frameborder=\"0\" marginwidth=\"0\" marginheight=\"0\" scrolling=\"no\"><\/iframe>\n<\/div><\/figure>\n","protected":false},"excerpt":{"rendered":"<p>\u00cen perioada 14-16 martie 2024, Universitatea Politehnica Bucure\u0219ti organizeaz\u0103 cea de-a douaedi\u021bie a EnergyFEST, \u00een campus. Evenimentul este dedicat energiei verzi \u0219i sustenabilit\u0103\u021bii. EnergyFEST reune\u0219te cei mai importan\u021bi actori din domeniul energetic si prezint\u0103 cele mai recente descoperiri tehnologice din domeniul energiei nepoluante. Evenimentul va trata subiecte precum: EnergyFEST este adresat at\u00e2t profesioni\u0219tilor \u0219i viitorilor [&hellip;]<\/p>\n","protected":false},"author":49,"featured_media":79846,"comment_status":"closed","ping_status":"open","sticky":false,"template":"","format":"standard","meta":{"_acf_changed":false,"inline_featured_image":false,"ngg_post_thumbnail":0,"footnotes":""},"categories":[6994,109,62],"tags":[6393,10461,10462],"ppma_author":[22574],"class_list":["post-79841","post","type-post","status-publish","format-standard","has-post-thumbnail","hentry","category-stiri-2","category-mediu","category-stiri","tag-energie-verde","tag-energyfest","tag-politehica"],"acf":[],"yoast_head":"<!-- This site is optimized with the Yoast SEO Premium plugin v25.3 (Yoast SEO v27.4) - https:\/\/yoast.com\/product\/yoast-seo-premium-wordpress\/ -->\n<title>Energie verde \u0219i solu\u021bii pentru mediu la EnergyFEST - Buletin de Bucure\u0219ti<\/title>\n<meta name=\"robots\" content=\"index, follow, max-snippet:-1, max-image-preview:large, max-video-preview:-1\" \/>\n<link rel=\"canonical\" href=\"https:\/\/buletin.de\/bucuresti\/energie-verde-si-solutii-pentru-mediu-la-energyfest\/\" \/>\n<meta property=\"og:locale\" content=\"en_GB\" \/>\n<meta property=\"og:type\" content=\"article\" \/>\n<meta property=\"og:title\" content=\"Energie verde \u0219i solu\u021bii pentru mediu la EnergyFEST\" \/>\n<meta property=\"og:description\" content=\"\u00cen perioada 14-16 martie 2024, Universitatea Politehnica Bucure\u0219ti organizeaz\u0103 cea de-a douaedi\u021bie a EnergyFEST, \u00een campus. Evenimentul este dedicat energiei verzi \u0219i sustenabilit\u0103\u021bii. EnergyFEST reune\u0219te cei mai importan\u021bi actori din domeniul energetic si prezint\u0103 cele mai recente descoperiri tehnologice din domeniul energiei nepoluante. Evenimentul va trata subiecte precum: EnergyFEST este adresat at\u00e2t profesioni\u0219tilor \u0219i viitorilor [&hellip;]\" \/>\n<meta property=\"og:url\" content=\"https:\/\/buletin.de\/bucuresti\/energie-verde-si-solutii-pentru-mediu-la-energyfest\/\" \/>\n<meta property=\"og:site_name\" content=\"Buletin de Bucure\u0219ti\" \/>\n<meta property=\"article:publisher\" content=\"https:\/\/www.facebook.com\/buletin.de.buc\" \/>\n<meta property=\"article:published_time\" content=\"2024-03-12T22:01:55+00:00\" \/>\n<meta property=\"article:modified_time\" content=\"2024-03-12T22:01:56+00:00\" \/>\n<meta property=\"og:image\" content=\"https:\/\/buletin.de\/bucuresti\/wp-content\/uploads\/poli.png\" \/>\n\t<meta property=\"og:image:width\" content=\"1108\" \/>\n\t<meta property=\"og:image:height\" content=\"575\" \/>\n\t<meta property=\"og:image:type\" content=\"image\/png\" \/>\n<meta name=\"author\" content=\"Diana Matei\" \/>\n<meta name=\"twitter:card\" content=\"summary_large_image\" \/>\n<meta name=\"twitter:label1\" content=\"Written by\" \/>\n\t<meta name=\"twitter:data1\" content=\"Diana Matei\" \/>\n\t<meta name=\"twitter:label2\" content=\"Estimated reading time\" \/>\n\t<meta name=\"twitter:data2\" content=\"1 minute\" \/>\n<script type=\"application\/ld+json\" class=\"yoast-schema-graph\">{\"@context\":\"https:\\\/\\\/schema.org\",\"@graph\":[{\"@type\":\"Article\",\"@id\":\"https:\\\/\\\/buletin.de\\\/bucuresti\\\/energie-verde-si-solutii-pentru-mediu-la-energyfest\\\/#article\",\"isPartOf\":{\"@id\":\"https:\\\/\\\/buletin.de\\\/bucuresti\\\/energie-verde-si-solutii-pentru-mediu-la-energyfest\\\/\"},\"author\":{\"name\":\"Diana Matei\",\"@id\":\"https:\\\/\\\/buletin.de\\\/bucuresti\\\/#\\\/schema\\\/person\\\/7e46040573290777280a0835d81ea4ea\"},\"headline\":\"Energie verde \u0219i solu\u021bii pentru mediu la EnergyFEST\",\"datePublished\":\"2024-03-12T22:01:55+00:00\",\"dateModified\":\"2024-03-12T22:01:56+00:00\",\"mainEntityOfPage\":{\"@id\":\"https:\\\/\\\/buletin.de\\\/bucuresti\\\/energie-verde-si-solutii-pentru-mediu-la-energyfest\\\/\"},\"wordCount\":182,\"publisher\":{\"@id\":\"https:\\\/\\\/buletin.de\\\/bucuresti\\\/#organization\"},\"image\":{\"@id\":\"https:\\\/\\\/buletin.de\\\/bucuresti\\\/energie-verde-si-solutii-pentru-mediu-la-energyfest\\\/#primaryimage\"},\"thumbnailUrl\":\"https:\\\/\\\/buletin.de\\\/bucuresti\\\/wp-content\\\/uploads\\\/poli.png\",\"keywords\":[\"energie verde\",\"EnergyFEST\",\"Politehica\"],\"articleSection\":[\"Articole\",\"Mediu\",\"\u0218tiri\"],\"inLanguage\":\"en-GB\",\"copyrightYear\":\"2024\",\"copyrightHolder\":{\"@id\":\"https:\\\/\\\/buletin.de\\\/bucuresti\\\/#organization\"}},{\"@type\":\"WebPage\",\"@id\":\"https:\\\/\\\/buletin.de\\\/bucuresti\\\/energie-verde-si-solutii-pentru-mediu-la-energyfest\\\/\",\"url\":\"https:\\\/\\\/buletin.de\\\/bucuresti\\\/energie-verde-si-solutii-pentru-mediu-la-energyfest\\\/\",\"name\":\"Energie verde \u0219i solu\u021bii pentru mediu la EnergyFEST - Buletin de Bucure\u0219ti\",\"isPartOf\":{\"@id\":\"https:\\\/\\\/buletin.de\\\/bucuresti\\\/#website\"},\"primaryImageOfPage\":{\"@id\":\"https:\\\/\\\/buletin.de\\\/bucuresti\\\/energie-verde-si-solutii-pentru-mediu-la-energyfest\\\/#primaryimage\"},\"image\":{\"@id\":\"https:\\\/\\\/buletin.de\\\/bucuresti\\\/energie-verde-si-solutii-pentru-mediu-la-energyfest\\\/#primaryimage\"},\"thumbnailUrl\":\"https:\\\/\\\/buletin.de\\\/bucuresti\\\/wp-content\\\/uploads\\\/poli.png\",\"datePublished\":\"2024-03-12T22:01:55+00:00\",\"dateModified\":\"2024-03-12T22:01:56+00:00\",\"breadcrumb\":{\"@id\":\"https:\\\/\\\/buletin.de\\\/bucuresti\\\/energie-verde-si-solutii-pentru-mediu-la-energyfest\\\/#breadcrumb\"},\"inLanguage\":\"en-GB\",\"potentialAction\":[{\"@type\":\"ReadAction\",\"target\":[\"https:\\\/\\\/buletin.de\\\/bucuresti\\\/energie-verde-si-solutii-pentru-mediu-la-energyfest\\\/\"]}]},{\"@type\":\"ImageObject\",\"inLanguage\":\"en-GB\",\"@id\":\"https:\\\/\\\/buletin.de\\\/bucuresti\\\/energie-verde-si-solutii-pentru-mediu-la-energyfest\\\/#primaryimage\",\"url\":\"https:\\\/\\\/buletin.de\\\/bucuresti\\\/wp-content\\\/uploads\\\/poli.png\",\"contentUrl\":\"https:\\\/\\\/buletin.de\\\/bucuresti\\\/wp-content\\\/uploads\\\/poli.png\",\"width\":1108,\"height\":575,\"caption\":\"FOTO: UPB\"},{\"@type\":\"BreadcrumbList\",\"@id\":\"https:\\\/\\\/buletin.de\\\/bucuresti\\\/energie-verde-si-solutii-pentru-mediu-la-energyfest\\\/#breadcrumb\",\"itemListElement\":[{\"@type\":\"ListItem\",\"position\":1,\"name\":\"Acas\u0103\",\"item\":\"https:\\\/\\\/buletin.de\\\/bucuresti\\\/\"},{\"@type\":\"ListItem\",\"position\":2,\"name\":\"Energie verde \u0219i solu\u021bii pentru mediu la EnergyFEST\"}]},{\"@type\":\"WebSite\",\"@id\":\"https:\\\/\\\/buletin.de\\\/bucuresti\\\/#website\",\"url\":\"https:\\\/\\\/buletin.de\\\/bucuresti\\\/\",\"name\":\"Buletin de Bucure\u0219ti\",\"description\":\"\u0218tiri \u0219i investiga\u021bii esen\u021biale din capital\u0103\",\"publisher\":{\"@id\":\"https:\\\/\\\/buletin.de\\\/bucuresti\\\/#organization\"},\"potentialAction\":[{\"@type\":\"SearchAction\",\"target\":{\"@type\":\"EntryPoint\",\"urlTemplate\":\"https:\\\/\\\/buletin.de\\\/bucuresti\\\/?s={search_term_string}\"},\"query-input\":{\"@type\":\"PropertyValueSpecification\",\"valueRequired\":true,\"valueName\":\"search_term_string\"}}],\"inLanguage\":\"en-GB\"},{\"@type\":\"Organization\",\"@id\":\"https:\\\/\\\/buletin.de\\\/bucuresti\\\/#organization\",\"name\":\"Buletin de Bucure\u0219ti\",\"url\":\"https:\\\/\\\/buletin.de\\\/bucuresti\\\/\",\"logo\":{\"@type\":\"ImageObject\",\"inLanguage\":\"en-GB\",\"@id\":\"https:\\\/\\\/buletin.de\\\/bucuresti\\\/#\\\/schema\\\/logo\\\/image\\\/\",\"url\":\"https:\\\/\\\/buletin.de\\\/bucuresti\\\/wp-content\\\/uploads\\\/logo-bdb-full-wide-vernil-transparent.png\",\"contentUrl\":\"https:\\\/\\\/buletin.de\\\/bucuresti\\\/wp-content\\\/uploads\\\/logo-bdb-full-wide-vernil-transparent.png\",\"width\":1782,\"height\":626,\"caption\":\"Buletin de Bucure\u0219ti\"},\"image\":{\"@id\":\"https:\\\/\\\/buletin.de\\\/bucuresti\\\/#\\\/schema\\\/logo\\\/image\\\/\"},\"sameAs\":[\"https:\\\/\\\/www.facebook.com\\\/buletin.de.buc\",\"https:\\\/\\\/www.instagram.com\\\/buletinde.bucuresti\\\/\"]},{\"@type\":\"Person\",\"@id\":\"https:\\\/\\\/buletin.de\\\/bucuresti\\\/#\\\/schema\\\/person\\\/7e46040573290777280a0835d81ea4ea\",\"name\":\"Diana Matei\",\"image\":{\"@type\":\"ImageObject\",\"inLanguage\":\"en-GB\",\"@id\":\"https:\\\/\\\/buletin.de\\\/bucuresti\\\/wp-content\\\/uploads\\\/9-2-96x96.jpg1e8590b30871d70e62ebcdaf2eff570c\",\"url\":\"https:\\\/\\\/buletin.de\\\/bucuresti\\\/wp-content\\\/uploads\\\/9-2-96x96.jpg\",\"contentUrl\":\"https:\\\/\\\/buletin.de\\\/bucuresti\\\/wp-content\\\/uploads\\\/9-2-96x96.jpg\",\"caption\":\"Diana Matei\"},\"url\":\"https:\\\/\\\/buletin.de\\\/bucuresti\\\/author\\\/dianamatei\\\/\"}]}<\/script>\n<!-- \/ Yoast SEO Premium plugin. -->","yoast_head_json":{"title":"Energie verde \u0219i solu\u021bii pentru mediu la EnergyFEST - Buletin de Bucure\u0219ti","robots":{"index":"index","follow":"follow","max-snippet":"max-snippet:-1","max-image-preview":"max-image-preview:large","max-video-preview":"max-video-preview:-1"},"canonical":"https:\/\/buletin.de\/bucuresti\/energie-verde-si-solutii-pentru-mediu-la-energyfest\/","og_locale":"en_GB","og_type":"article","og_title":"Energie verde \u0219i solu\u021bii pentru mediu la EnergyFEST","og_description":"\u00cen perioada 14-16 martie 2024, Universitatea Politehnica Bucure\u0219ti organizeaz\u0103 cea de-a douaedi\u021bie a EnergyFEST, \u00een campus. Evenimentul este dedicat energiei verzi \u0219i sustenabilit\u0103\u021bii. EnergyFEST reune\u0219te cei mai importan\u021bi actori din domeniul energetic si prezint\u0103 cele mai recente descoperiri tehnologice din domeniul energiei nepoluante. Evenimentul va trata subiecte precum: EnergyFEST este adresat at\u00e2t profesioni\u0219tilor \u0219i viitorilor [&hellip;]","og_url":"https:\/\/buletin.de\/bucuresti\/energie-verde-si-solutii-pentru-mediu-la-energyfest\/","og_site_name":"Buletin de Bucure\u0219ti","article_publisher":"https:\/\/www.facebook.com\/buletin.de.buc","article_published_time":"2024-03-12T22:01:55+00:00","article_modified_time":"2024-03-12T22:01:56+00:00","og_image":[{"width":1108,"height":575,"url":"https:\/\/buletin.de\/bucuresti\/wp-content\/uploads\/poli.png","type":"image\/png"}],"author":"Diana Matei","twitter_card":"summary_large_image","twitter_misc":{"Written by":"Diana Matei","Estimated reading time":"1 minute"},"schema":{"@context":"https:\/\/schema.org","@graph":[{"@type":"Article","@id":"https:\/\/buletin.de\/bucuresti\/energie-verde-si-solutii-pentru-mediu-la-energyfest\/#article","isPartOf":{"@id":"https:\/\/buletin.de\/bucuresti\/energie-verde-si-solutii-pentru-mediu-la-energyfest\/"},"author":{"name":"Diana Matei","@id":"https:\/\/buletin.de\/bucuresti\/#\/schema\/person\/7e46040573290777280a0835d81ea4ea"},"headline":"Energie verde \u0219i solu\u021bii pentru mediu la EnergyFEST","datePublished":"2024-03-12T22:01:55+00:00","dateModified":"2024-03-12T22:01:56+00:00","mainEntityOfPage":{"@id":"https:\/\/buletin.de\/bucuresti\/energie-verde-si-solutii-pentru-mediu-la-energyfest\/"},"wordCount":182,"publisher":{"@id":"https:\/\/buletin.de\/bucuresti\/#organization"},"image":{"@id":"https:\/\/buletin.de\/bucuresti\/energie-verde-si-solutii-pentru-mediu-la-energyfest\/#primaryimage"},"thumbnailUrl":"https:\/\/buletin.de\/bucuresti\/wp-content\/uploads\/poli.png","keywords":["energie verde","EnergyFEST","Politehica"],"articleSection":["Articole","Mediu","\u0218tiri"],"inLanguage":"en-GB","copyrightYear":"2024","copyrightHolder":{"@id":"https:\/\/buletin.de\/bucuresti\/#organization"}},{"@type":"WebPage","@id":"https:\/\/buletin.de\/bucuresti\/energie-verde-si-solutii-pentru-mediu-la-energyfest\/","url":"https:\/\/buletin.de\/bucuresti\/energie-verde-si-solutii-pentru-mediu-la-energyfest\/","name":"Energie verde \u0219i solu\u021bii pentru mediu la EnergyFEST - Buletin de Bucure\u0219ti","isPartOf":{"@id":"https:\/\/buletin.de\/bucuresti\/#website"},"primaryImageOfPage":{"@id":"https:\/\/buletin.de\/bucuresti\/energie-verde-si-solutii-pentru-mediu-la-energyfest\/#primaryimage"},"image":{"@id":"https:\/\/buletin.de\/bucuresti\/energie-verde-si-solutii-pentru-mediu-la-energyfest\/#primaryimage"},"thumbnailUrl":"https:\/\/buletin.de\/bucuresti\/wp-content\/uploads\/poli.png","datePublished":"2024-03-12T22:01:55+00:00","dateModified":"2024-03-12T22:01:56+00:00","breadcrumb":{"@id":"https:\/\/buletin.de\/bucuresti\/energie-verde-si-solutii-pentru-mediu-la-energyfest\/#breadcrumb"},"inLanguage":"en-GB","potentialAction":[{"@type":"ReadAction","target":["https:\/\/buletin.de\/bucuresti\/energie-verde-si-solutii-pentru-mediu-la-energyfest\/"]}]},{"@type":"ImageObject","inLanguage":"en-GB","@id":"https:\/\/buletin.de\/bucuresti\/energie-verde-si-solutii-pentru-mediu-la-energyfest\/#primaryimage","url":"https:\/\/buletin.de\/bucuresti\/wp-content\/uploads\/poli.png","contentUrl":"https:\/\/buletin.de\/bucuresti\/wp-content\/uploads\/poli.png","width":1108,"height":575,"caption":"FOTO: UPB"},{"@type":"BreadcrumbList","@id":"https:\/\/buletin.de\/bucuresti\/energie-verde-si-solutii-pentru-mediu-la-energyfest\/#breadcrumb","itemListElement":[{"@type":"ListItem","position":1,"name":"Acas\u0103","item":"https:\/\/buletin.de\/bucuresti\/"},{"@type":"ListItem","position":2,"name":"Energie verde \u0219i solu\u021bii pentru mediu la EnergyFEST"}]},{"@type":"WebSite","@id":"https:\/\/buletin.de\/bucuresti\/#website","url":"https:\/\/buletin.de\/bucuresti\/","name":"Buletin de Bucure\u0219ti","description":"\u0218tiri \u0219i investiga\u021bii esen\u021biale din capital\u0103","publisher":{"@id":"https:\/\/buletin.de\/bucuresti\/#organization"},"potentialAction":[{"@type":"SearchAction","target":{"@type":"EntryPoint","urlTemplate":"https:\/\/buletin.de\/bucuresti\/?s={search_term_string}"},"query-input":{"@type":"PropertyValueSpecification","valueRequired":true,"valueName":"search_term_string"}}],"inLanguage":"en-GB"},{"@type":"Organization","@id":"https:\/\/buletin.de\/bucuresti\/#organization","name":"Buletin de Bucure\u0219ti","url":"https:\/\/buletin.de\/bucuresti\/","logo":{"@type":"ImageObject","inLanguage":"en-GB","@id":"https:\/\/buletin.de\/bucuresti\/#\/schema\/logo\/image\/","url":"https:\/\/buletin.de\/bucuresti\/wp-content\/uploads\/logo-bdb-full-wide-vernil-transparent.png","contentUrl":"https:\/\/buletin.de\/bucuresti\/wp-content\/uploads\/logo-bdb-full-wide-vernil-transparent.png","width":1782,"height":626,"caption":"Buletin de Bucure\u0219ti"},"image":{"@id":"https:\/\/buletin.de\/bucuresti\/#\/schema\/logo\/image\/"},"sameAs":["https:\/\/www.facebook.com\/buletin.de.buc","https:\/\/www.instagram.com\/buletinde.bucuresti\/"]},{"@type":"Person","@id":"https:\/\/buletin.de\/bucuresti\/#\/schema\/person\/7e46040573290777280a0835d81ea4ea","name":"Diana Matei","image":{"@type":"ImageObject","inLanguage":"en-GB","@id":"https:\/\/buletin.de\/bucuresti\/wp-content\/uploads\/9-2-96x96.jpg1e8590b30871d70e62ebcdaf2eff570c","url":"https:\/\/buletin.de\/bucuresti\/wp-content\/uploads\/9-2-96x96.jpg","contentUrl":"https:\/\/buletin.de\/bucuresti\/wp-content\/uploads\/9-2-96x96.jpg","caption":"Diana Matei"},"url":"https:\/\/buletin.de\/bucuresti\/author\/dianamatei\/"}]}},"authors":[{"term_id":22574,"user_id":49,"is_guest":0,"slug":"dianamatei","display_name":"Diana Matei","avatar_url":"https:\/\/buletin.de\/bucuresti\/wp-content\/uploads\/9-2-96x96.jpg","0":null,"1":"","2":"","3":"","4":"","5":"","6":"","7":"","8":""}],"_links":{"self":[{"href":"https:\/\/buletin.de\/bucuresti\/wp-json\/wp\/v2\/posts\/79841","targetHints":{"allow":["GET"]}}],"collection":[{"href":"https:\/\/buletin.de\/bucuresti\/wp-json\/wp\/v2\/posts"}],"about":[{"href":"https:\/\/buletin.de\/bucuresti\/wp-json\/wp\/v2\/types\/post"}],"author":[{"embeddable":true,"href":"https:\/\/buletin.de\/bucuresti\/wp-json\/wp\/v2\/users\/49"}],"replies":[{"embeddable":true,"href":"https:\/\/buletin.de\/bucuresti\/wp-json\/wp\/v2\/comments?post=79841"}],"version-history":[{"count":3,"href":"https:\/\/buletin.de\/bucuresti\/wp-json\/wp\/v2\/posts\/79841\/revisions"}],"predecessor-version":[{"id":79859,"href":"https:\/\/buletin.de\/bucuresti\/wp-json\/wp\/v2\/posts\/79841\/revisions\/79859"}],"wp:featuredmedia":[{"embeddable":true,"href":"https:\/\/buletin.de\/bucuresti\/wp-json\/wp\/v2\/media\/79846"}],"wp:attachment":[{"href":"https:\/\/buletin.de\/bucuresti\/wp-json\/wp\/v2\/media?parent=79841"}],"wp:term":[{"taxonomy":"category","embeddable":true,"href":"https:\/\/buletin.de\/bucuresti\/wp-json\/wp\/v2\/categories?post=79841"},{"taxonomy":"post_tag","embeddable":true,"href":"https:\/\/buletin.de\/bucuresti\/wp-json\/wp\/v2\/tags?post=79841"},{"taxonomy":"author","embeddable":true,"href":"https:\/\/buletin.de\/bucuresti\/wp-json\/wp\/v2\/ppma_author?post=79841"}],"curies":[{"name":"wp","href":"https:\/\/api.w.org\/{rel}","templated":true}]}}