{"id":79811,"date":"2024-03-12T09:54:21","date_gmt":"2024-03-12T07:54:21","guid":{"rendered":"https:\/\/buletin.de\/bucuresti\/?p=79811"},"modified":"2024-03-12T10:27:07","modified_gmt":"2024-03-12T08:27:07","slug":"fratii-tate-ridicati-de-politie-din-vila-lor-din-voluntari-au-fost-retinuti-in-baza-unor-mandate-de-arestare-emise-in-marea-britanie","status":"publish","type":"post","link":"https:\/\/buletin.de\/bucuresti\/fratii-tate-ridicati-de-politie-din-vila-lor-din-voluntari-au-fost-retinuti-in-baza-unor-mandate-de-arestare-emise-in-marea-britanie\/","title":{"rendered":"Fra\u021bii Tate, ridica\u0163i de Poli\u0163ie din vila lor din Voluntari. Au fost re\u021binu\u021bi \u00een baza unor mandate de arestare emise \u00een Marea Britanie"},"content":{"rendered":"\n<p><strong>Andrew \u0219i Tristan Tate au fost ridica\u021bi de poli\u021bi\u0219ti, luni sear\u0103, de la re\u0219edin\u021ba acestora din Voluntari, jude\u021bul Ilfov. Cei doi se afl\u0103 acum dup\u0103 gratii, fiind re\u021binu\u021bi pentru 24 de ore \u00een baza unor mandate europene de arestare emise \u00een Marea Britanie, cu acuza\u0163ia de agresiuni sexuale. \u00cen Rom\u00e2nia, fra\u021bii Tate au fost trimi\u0219i \u00een judecat\u0103 \u00een iunie 2023 pentru constituire a unui grup infrac\u0163ional organizat, trafic de persoane \u00een form\u0103 continuat\u0103 \u015fi viol \u00een form\u0103 continuat\u0103.<\/strong><\/p>\n\n\n\n<p>Mai precis, la 23:15 poli\u021bi\u0219tii Serviciului de Investiga\u021bii Criminale, ai Serviciului pentru Ac\u021biuni Speciale \u0219i poli\u021bi\u0219tii din Voluntari  i-au ridicat pe Andrew \u0219i Tristan Tate de la vila din Voluntari \u0219i au fost prezenta\u021bi procurorului din cadrul Parchetului de pe l\u00e2ng\u0103 Curtea de Apel Bucure\u0219ti, care a dispus m\u0103sura re\u021binerii pentru 24 de ore, se arat\u0103 \u00eentr-un comunicat al Poli\u021biei Rom\u00e2ne. <\/p>\n\n\n\n<p>De asemenea, p\u00e2n\u0103 la o decizie final\u0103 a magistra\u021bilor rom\u00e2ni, fra\u021bii Tate au fost \u00eencarcera\u021bi \u00een arestul D.G.P.M.B. \u00cen Marea Britanie, ace\u0219tia sunt cerceta\u021bi pentru agresiuni sexuale. <\/p>\n\n\n\n<p>Cei doi fra\u021bi sunt judeca\u021bi \u0219i \u00een Rom\u00e2nia \u00eenc\u0103 din luna iunie 2023 \u00eentr-un dosar \u00een care sunt acuza\u021bi de grup infrac\u021bional organizat, viol, trafic de persoane \u0219i violen\u021be. Procurorii sus\u021bin c\u0103 fra\u021bii Tate recrutau fete pe care le min\u021beau \u00een leg\u0103tur\u0103 cu inten\u021bia de a \u00eentemeia o rela\u021bie de c\u0103s\u0103torie\/concubinaj&nbsp;<em>(metoda loverboy)<\/em>. Victimele erau duse \u00een imobile din Ilfov, unde erau abuzate fizic, psihic \u0219i exploatate sexual de membrii grupului.<\/p>\n\n\n\n<p>Mai exact, fra\u021bii Tate al\u0103turi de Luana Radu \u0219i Georgiana Naghel, sunt acuza\u021bi c\u0103 ar fi constituit un grup infrac\u021bional organizat \u00een vederea comiterii pe teritoriul Rom\u00e2niei, dar \u0219i al altor state, precum Statele Unite ale Americii \u0219i Marea Britanie, a infrac\u021biunii de trafic de persoane.<\/p>\n\n\n\n<p>La finalul anului trecut, Andrew \u0219i Tristan Tate au solicitat autorit\u0103\u021bilor din Rom\u00e2nia s\u0103 fie l\u0103sa\u021bi s\u0103 petreac\u0103 s\u0103rb\u0103torile de iarn\u0103 \u00een Marea Britanie, \u00eens\u0103 cererea le-a fost respins\u0103. Ace\u0219tia au sus\u021binut atunci c\u0103 vor s\u0103-\u0219i viziteze mama, care ar fi suferit un infarct. Fra\u021bii Tate sunt judeca\u021bi \u00een libertate \u00eenc\u0103 din luna august 2023, c\u00e2nd au ie\u0219it din arestul la domiciliu. <\/p>\n\n\n\n<p><strong>CITE\u0218TE \u0218I: <\/strong><\/p>\n\n\n\n<p><a href=\"https:\/\/buletin.de\/bucuresti\/andrew-tate-asociat-cu-o-fosta-companie-a-fratilor-doroftei-patronii-las-vegas-games\/\">Andrew Tate, asociat cu o fost\u0103 companie a fra\u021bilor Doroftei, patronii Las Vegas Games<\/a><\/p>\n\n\n\n<p><a href=\"https:\/\/buletin.de\/bucuresti\/andrew-tate-afaceri-in-romania-de-peste-patru-milioane-de-lei\/\">Andrew Tate, afaceri \u00een Rom\u00e2nia de peste patru milioane de lei<\/a><\/p>\n\n\n\n<p><a href=\"https:\/\/buletin.de\/bucuresti\/rise-project-reteaua-fratilor-tate-cu-legaturi-in-ilfov-imparte-bani-din-jocuri-de-noroc-cu-un-sindicat-de-crima-organizata\/\">RISE Project: Re\u021beaua fra\u021bilor Tate, cu leg\u0103turi \u00een Ilfov, \u00eemparte bani din jocuri de noroc cu un sindicat de crim\u0103 organizat\u0103<\/a><\/p>\n\n\n\n<p><a href=\"https:\/\/buletin.de\/bucuresti\/cartierul-general-al-fratilor-tate-din-ilfov-trimis-in-judecata-de-diicot-procurorii-au-dispus-confiscarea-extinsa\/\">\u201eCartierul general\u201c al fra\u021bilor Tate din Ilfov, trimis \u00een judecat\u0103 de DIICOT. Procurorii au dispus confiscarea extins\u0103&nbsp;<\/a><\/p>\n\n\n\n<p><a href=\"https:\/\/buletin.de\/bucuresti\/fratii-tate-au-iesit-din-arest-la-domiciliu-vor-fi-judecati-in-libertate\/\">Fra\u021bii Tate au ie\u0219it din arest la domiciliu. Vor fi judeca\u021bi \u00een libertate<\/a><\/p>\n\n\n\n<p><a href=\"https:\/\/buletin.de\/bucuresti\/fratii-tate-vor-petrece-craciunul-la-voluntari-instanta-a-respins-cererea-de-plecare-in-marea-britanie\/\">Fra\u021bii Tate vor petrece Cr\u0103ciunul la Voluntari. Instan\u021ba a respins cererea de plecare \u00een Marea Britanie<\/a><\/p>\n","protected":false},"excerpt":{"rendered":"<p>Andrew \u0219i Tristan Tate au fost ridica\u021bi de poli\u021bi\u0219ti, luni sear\u0103, de la re\u0219edin\u021ba acestora din Voluntari, jude\u021bul Ilfov. Cei doi se afl\u0103 acum dup\u0103 gratii, fiind re\u021binu\u021bi pentru 24 de ore \u00een baza unor mandate europene de arestare emise \u00een Marea Britanie, cu acuza\u0163ia de agresiuni sexuale. \u00cen Rom\u00e2nia, fra\u021bii Tate au fost trimi\u0219i [&hellip;]<\/p>\n","protected":false},"author":17,"featured_media":50572,"comment_status":"closed","ping_status":"open","sticky":false,"template":"","format":"standard","meta":{"_acf_changed":false,"inline_featured_image":false,"ngg_post_thumbnail":0,"footnotes":""},"categories":[6994,9026,5762],"tags":[5065,5131,10454,10453,5337,5067],"ppma_author":[22576],"class_list":["post-79811","post","type-post","status-publish","format-standard","has-post-thumbnail","hentry","category-stiri-2","category-eveniment","category-main","tag-andrew-tate","tag-fratii-tate","tag-mandat-arestare","tag-marea-britanie","tag-retinere-2","tag-tristan-tate"],"acf":[],"yoast_head":"<!-- This site is optimized with the Yoast SEO Premium plugin v25.3 (Yoast SEO v27.4) - https:\/\/yoast.com\/product\/yoast-seo-premium-wordpress\/ -->\n<title>Fra\u021bii Tate, ridica\u0163i de Poli\u0163ie din vila lor din Voluntari. Au fost re\u021binu\u021bi \u00een baza unor mandate de arestare emise \u00een Marea Britanie - Buletin de Bucure\u0219ti<\/title>\n<meta name=\"robots\" content=\"index, follow, max-snippet:-1, max-image-preview:large, max-video-preview:-1\" \/>\n<link rel=\"canonical\" href=\"https:\/\/buletin.de\/bucuresti\/fratii-tate-ridicati-de-politie-din-vila-lor-din-voluntari-au-fost-retinuti-in-baza-unor-mandate-de-arestare-emise-in-marea-britanie\/\" \/>\n<meta property=\"og:locale\" content=\"en_GB\" \/>\n<meta property=\"og:type\" content=\"article\" \/>\n<meta property=\"og:title\" content=\"Fra\u021bii Tate, ridica\u0163i de Poli\u0163ie din vila lor din Voluntari. Au fost re\u021binu\u021bi \u00een baza unor mandate de arestare emise \u00een Marea Britanie\" \/>\n<meta property=\"og:description\" content=\"Andrew \u0219i Tristan Tate au fost ridica\u021bi de poli\u021bi\u0219ti, luni sear\u0103, de la re\u0219edin\u021ba acestora din Voluntari, jude\u021bul Ilfov. Cei doi se afl\u0103 acum dup\u0103 gratii, fiind re\u021binu\u021bi pentru 24 de ore \u00een baza unor mandate europene de arestare emise \u00een Marea Britanie, cu acuza\u0163ia de agresiuni sexuale. \u00cen Rom\u00e2nia, fra\u021bii Tate au fost trimi\u0219i [&hellip;]\" \/>\n<meta property=\"og:url\" content=\"https:\/\/buletin.de\/bucuresti\/fratii-tate-ridicati-de-politie-din-vila-lor-din-voluntari-au-fost-retinuti-in-baza-unor-mandate-de-arestare-emise-in-marea-britanie\/\" \/>\n<meta property=\"og:site_name\" content=\"Buletin de Bucure\u0219ti\" \/>\n<meta property=\"article:publisher\" content=\"https:\/\/www.facebook.com\/buletin.de.buc\" \/>\n<meta property=\"article:published_time\" content=\"2024-03-12T07:54:21+00:00\" \/>\n<meta property=\"article:modified_time\" content=\"2024-03-12T08:27:07+00:00\" \/>\n<meta property=\"og:image\" content=\"https:\/\/buletin.de\/bucuresti\/wp-content\/uploads\/tateeeee-1.jpg\" \/>\n\t<meta property=\"og:image:width\" content=\"819\" \/>\n\t<meta property=\"og:image:height\" content=\"819\" \/>\n\t<meta property=\"og:image:type\" content=\"image\/jpeg\" \/>\n<meta name=\"author\" content=\"Florin R\u00e2\u0219teiu\" \/>\n<meta name=\"twitter:card\" content=\"summary_large_image\" \/>\n<meta name=\"twitter:label1\" content=\"Written by\" \/>\n\t<meta name=\"twitter:data1\" content=\"Florin R\u00e2\u0219teiu\" \/>\n\t<meta name=\"twitter:label2\" content=\"Estimated reading time\" \/>\n\t<meta name=\"twitter:data2\" content=\"3 minutes\" \/>\n<script type=\"application\/ld+json\" class=\"yoast-schema-graph\">{\"@context\":\"https:\\\/\\\/schema.org\",\"@graph\":[{\"@type\":\"Article\",\"@id\":\"https:\\\/\\\/buletin.de\\\/bucuresti\\\/fratii-tate-ridicati-de-politie-din-vila-lor-din-voluntari-au-fost-retinuti-in-baza-unor-mandate-de-arestare-emise-in-marea-britanie\\\/#article\",\"isPartOf\":{\"@id\":\"https:\\\/\\\/buletin.de\\\/bucuresti\\\/fratii-tate-ridicati-de-politie-din-vila-lor-din-voluntari-au-fost-retinuti-in-baza-unor-mandate-de-arestare-emise-in-marea-britanie\\\/\"},\"author\":{\"name\":\"Florin R\u00e2\u0219teiu\",\"@id\":\"https:\\\/\\\/buletin.de\\\/bucuresti\\\/#\\\/schema\\\/person\\\/b0686d7a8b666c6afc78239777fd8a89\"},\"headline\":\"Fra\u021bii Tate, ridica\u0163i de Poli\u0163ie din vila lor din Voluntari. Au fost re\u021binu\u021bi \u00een baza unor mandate de arestare emise \u00een Marea Britanie\",\"datePublished\":\"2024-03-12T07:54:21+00:00\",\"dateModified\":\"2024-03-12T08:27:07+00:00\",\"mainEntityOfPage\":{\"@id\":\"https:\\\/\\\/buletin.de\\\/bucuresti\\\/fratii-tate-ridicati-de-politie-din-vila-lor-din-voluntari-au-fost-retinuti-in-baza-unor-mandate-de-arestare-emise-in-marea-britanie\\\/\"},\"wordCount\":548,\"publisher\":{\"@id\":\"https:\\\/\\\/buletin.de\\\/bucuresti\\\/#organization\"},\"image\":{\"@id\":\"https:\\\/\\\/buletin.de\\\/bucuresti\\\/fratii-tate-ridicati-de-politie-din-vila-lor-din-voluntari-au-fost-retinuti-in-baza-unor-mandate-de-arestare-emise-in-marea-britanie\\\/#primaryimage\"},\"thumbnailUrl\":\"https:\\\/\\\/buletin.de\\\/bucuresti\\\/wp-content\\\/uploads\\\/tateeeee-1.jpg\",\"keywords\":[\"Andrew tate\",\"Fra\u021bii tate\",\"mandat arestare\",\"Marea Britanie\",\"re\u021binere\",\"Tristan tate\"],\"articleSection\":[\"Articole\",\"Eveniment\",\"Main\"],\"inLanguage\":\"en-GB\",\"copyrightYear\":\"2024\",\"copyrightHolder\":{\"@id\":\"https:\\\/\\\/buletin.de\\\/bucuresti\\\/#organization\"}},{\"@type\":\"WebPage\",\"@id\":\"https:\\\/\\\/buletin.de\\\/bucuresti\\\/fratii-tate-ridicati-de-politie-din-vila-lor-din-voluntari-au-fost-retinuti-in-baza-unor-mandate-de-arestare-emise-in-marea-britanie\\\/\",\"url\":\"https:\\\/\\\/buletin.de\\\/bucuresti\\\/fratii-tate-ridicati-de-politie-din-vila-lor-din-voluntari-au-fost-retinuti-in-baza-unor-mandate-de-arestare-emise-in-marea-britanie\\\/\",\"name\":\"Fra\u021bii Tate, ridica\u0163i de Poli\u0163ie din vila lor din Voluntari. Au fost re\u021binu\u021bi \u00een baza unor mandate de arestare emise \u00een Marea Britanie - Buletin de Bucure\u0219ti\",\"isPartOf\":{\"@id\":\"https:\\\/\\\/buletin.de\\\/bucuresti\\\/#website\"},\"primaryImageOfPage\":{\"@id\":\"https:\\\/\\\/buletin.de\\\/bucuresti\\\/fratii-tate-ridicati-de-politie-din-vila-lor-din-voluntari-au-fost-retinuti-in-baza-unor-mandate-de-arestare-emise-in-marea-britanie\\\/#primaryimage\"},\"image\":{\"@id\":\"https:\\\/\\\/buletin.de\\\/bucuresti\\\/fratii-tate-ridicati-de-politie-din-vila-lor-din-voluntari-au-fost-retinuti-in-baza-unor-mandate-de-arestare-emise-in-marea-britanie\\\/#primaryimage\"},\"thumbnailUrl\":\"https:\\\/\\\/buletin.de\\\/bucuresti\\\/wp-content\\\/uploads\\\/tateeeee-1.jpg\",\"datePublished\":\"2024-03-12T07:54:21+00:00\",\"dateModified\":\"2024-03-12T08:27:07+00:00\",\"breadcrumb\":{\"@id\":\"https:\\\/\\\/buletin.de\\\/bucuresti\\\/fratii-tate-ridicati-de-politie-din-vila-lor-din-voluntari-au-fost-retinuti-in-baza-unor-mandate-de-arestare-emise-in-marea-britanie\\\/#breadcrumb\"},\"inLanguage\":\"en-GB\",\"potentialAction\":[{\"@type\":\"ReadAction\",\"target\":[\"https:\\\/\\\/buletin.de\\\/bucuresti\\\/fratii-tate-ridicati-de-politie-din-vila-lor-din-voluntari-au-fost-retinuti-in-baza-unor-mandate-de-arestare-emise-in-marea-britanie\\\/\"]}]},{\"@type\":\"ImageObject\",\"inLanguage\":\"en-GB\",\"@id\":\"https:\\\/\\\/buletin.de\\\/bucuresti\\\/fratii-tate-ridicati-de-politie-din-vila-lor-din-voluntari-au-fost-retinuti-in-baza-unor-mandate-de-arestare-emise-in-marea-britanie\\\/#primaryimage\",\"url\":\"https:\\\/\\\/buletin.de\\\/bucuresti\\\/wp-content\\\/uploads\\\/tateeeee-1.jpg\",\"contentUrl\":\"https:\\\/\\\/buletin.de\\\/bucuresti\\\/wp-content\\\/uploads\\\/tateeeee-1.jpg\",\"width\":819,\"height\":819,\"caption\":\"Fra\u021bii Tate. Foto: Instagram \\\/ Andrew Tate\"},{\"@type\":\"BreadcrumbList\",\"@id\":\"https:\\\/\\\/buletin.de\\\/bucuresti\\\/fratii-tate-ridicati-de-politie-din-vila-lor-din-voluntari-au-fost-retinuti-in-baza-unor-mandate-de-arestare-emise-in-marea-britanie\\\/#breadcrumb\",\"itemListElement\":[{\"@type\":\"ListItem\",\"position\":1,\"name\":\"Acas\u0103\",\"item\":\"https:\\\/\\\/buletin.de\\\/bucuresti\\\/\"},{\"@type\":\"ListItem\",\"position\":2,\"name\":\"Fra\u021bii Tate, ridica\u0163i de Poli\u0163ie din vila lor din Voluntari. Au fost re\u021binu\u021bi \u00een baza unor mandate de arestare emise \u00een Marea Britanie\"}]},{\"@type\":\"WebSite\",\"@id\":\"https:\\\/\\\/buletin.de\\\/bucuresti\\\/#website\",\"url\":\"https:\\\/\\\/buletin.de\\\/bucuresti\\\/\",\"name\":\"Buletin de Bucure\u0219ti\",\"description\":\"\u0218tiri \u0219i investiga\u021bii esen\u021biale din capital\u0103\",\"publisher\":{\"@id\":\"https:\\\/\\\/buletin.de\\\/bucuresti\\\/#organization\"},\"potentialAction\":[{\"@type\":\"SearchAction\",\"target\":{\"@type\":\"EntryPoint\",\"urlTemplate\":\"https:\\\/\\\/buletin.de\\\/bucuresti\\\/?s={search_term_string}\"},\"query-input\":{\"@type\":\"PropertyValueSpecification\",\"valueRequired\":true,\"valueName\":\"search_term_string\"}}],\"inLanguage\":\"en-GB\"},{\"@type\":\"Organization\",\"@id\":\"https:\\\/\\\/buletin.de\\\/bucuresti\\\/#organization\",\"name\":\"Buletin de Bucure\u0219ti\",\"url\":\"https:\\\/\\\/buletin.de\\\/bucuresti\\\/\",\"logo\":{\"@type\":\"ImageObject\",\"inLanguage\":\"en-GB\",\"@id\":\"https:\\\/\\\/buletin.de\\\/bucuresti\\\/#\\\/schema\\\/logo\\\/image\\\/\",\"url\":\"https:\\\/\\\/buletin.de\\\/bucuresti\\\/wp-content\\\/uploads\\\/logo-bdb-full-wide-vernil-transparent.png\",\"contentUrl\":\"https:\\\/\\\/buletin.de\\\/bucuresti\\\/wp-content\\\/uploads\\\/logo-bdb-full-wide-vernil-transparent.png\",\"width\":1782,\"height\":626,\"caption\":\"Buletin de Bucure\u0219ti\"},\"image\":{\"@id\":\"https:\\\/\\\/buletin.de\\\/bucuresti\\\/#\\\/schema\\\/logo\\\/image\\\/\"},\"sameAs\":[\"https:\\\/\\\/www.facebook.com\\\/buletin.de.buc\",\"https:\\\/\\\/www.instagram.com\\\/buletinde.bucuresti\\\/\"]},{\"@type\":\"Person\",\"@id\":\"https:\\\/\\\/buletin.de\\\/bucuresti\\\/#\\\/schema\\\/person\\\/b0686d7a8b666c6afc78239777fd8a89\",\"name\":\"Florin R\u00e2\u0219teiu\",\"image\":{\"@type\":\"ImageObject\",\"inLanguage\":\"en-GB\",\"@id\":\"https:\\\/\\\/buletin.de\\\/bucuresti\\\/wp-content\\\/uploads\\\/Florin-Rasteiu-96x96.jpgf0a6fe28453aa12f0a60e4d0a2e3a78c\",\"url\":\"https:\\\/\\\/buletin.de\\\/bucuresti\\\/wp-content\\\/uploads\\\/Florin-Rasteiu-96x96.jpg\",\"contentUrl\":\"https:\\\/\\\/buletin.de\\\/bucuresti\\\/wp-content\\\/uploads\\\/Florin-Rasteiu-96x96.jpg\",\"caption\":\"Florin R\u00e2\u0219teiu\"},\"description\":\"Jurnalist de investiga\u021bie. Lucreaz\u0103 de aproape 6 ani la Buletin de Bucure\u0219ti, unde a publicat articole care scot la suprafa\u021b\u0103 corup\u021bia din Capital\u0103. Analizeaz\u0103 baze de date zilnic \u0219i scoate pove\u0219ti din exceluri pline de cifre. Pune reflectorul pe adev\u0103r cu fiecare ocazie. A c\u00e2\u0219tigat premiul I la categoria Pres\u0103 Local\u0103 \u00een 2025 \u0219i locul al II-lea la aceea\u0219i categorie \u00een 2024 \u00een cadrul Premiilor Superscrieri pentru jurnalism independent.\",\"url\":\"https:\\\/\\\/buletin.de\\\/bucuresti\\\/author\\\/florinrasteiu\\\/\"}]}<\/script>\n<!-- \/ Yoast SEO Premium plugin. -->","yoast_head_json":{"title":"Fra\u021bii Tate, ridica\u0163i de Poli\u0163ie din vila lor din Voluntari. Au fost re\u021binu\u021bi \u00een baza unor mandate de arestare emise \u00een Marea Britanie - Buletin de Bucure\u0219ti","robots":{"index":"index","follow":"follow","max-snippet":"max-snippet:-1","max-image-preview":"max-image-preview:large","max-video-preview":"max-video-preview:-1"},"canonical":"https:\/\/buletin.de\/bucuresti\/fratii-tate-ridicati-de-politie-din-vila-lor-din-voluntari-au-fost-retinuti-in-baza-unor-mandate-de-arestare-emise-in-marea-britanie\/","og_locale":"en_GB","og_type":"article","og_title":"Fra\u021bii Tate, ridica\u0163i de Poli\u0163ie din vila lor din Voluntari. Au fost re\u021binu\u021bi \u00een baza unor mandate de arestare emise \u00een Marea Britanie","og_description":"Andrew \u0219i Tristan Tate au fost ridica\u021bi de poli\u021bi\u0219ti, luni sear\u0103, de la re\u0219edin\u021ba acestora din Voluntari, jude\u021bul Ilfov. Cei doi se afl\u0103 acum dup\u0103 gratii, fiind re\u021binu\u021bi pentru 24 de ore \u00een baza unor mandate europene de arestare emise \u00een Marea Britanie, cu acuza\u0163ia de agresiuni sexuale. \u00cen Rom\u00e2nia, fra\u021bii Tate au fost trimi\u0219i [&hellip;]","og_url":"https:\/\/buletin.de\/bucuresti\/fratii-tate-ridicati-de-politie-din-vila-lor-din-voluntari-au-fost-retinuti-in-baza-unor-mandate-de-arestare-emise-in-marea-britanie\/","og_site_name":"Buletin de Bucure\u0219ti","article_publisher":"https:\/\/www.facebook.com\/buletin.de.buc","article_published_time":"2024-03-12T07:54:21+00:00","article_modified_time":"2024-03-12T08:27:07+00:00","og_image":[{"width":819,"height":819,"url":"https:\/\/buletin.de\/bucuresti\/wp-content\/uploads\/tateeeee-1.jpg","type":"image\/jpeg"}],"author":"Florin R\u00e2\u0219teiu","twitter_card":"summary_large_image","twitter_misc":{"Written by":"Florin R\u00e2\u0219teiu","Estimated reading time":"3 minutes"},"schema":{"@context":"https:\/\/schema.org","@graph":[{"@type":"Article","@id":"https:\/\/buletin.de\/bucuresti\/fratii-tate-ridicati-de-politie-din-vila-lor-din-voluntari-au-fost-retinuti-in-baza-unor-mandate-de-arestare-emise-in-marea-britanie\/#article","isPartOf":{"@id":"https:\/\/buletin.de\/bucuresti\/fratii-tate-ridicati-de-politie-din-vila-lor-din-voluntari-au-fost-retinuti-in-baza-unor-mandate-de-arestare-emise-in-marea-britanie\/"},"author":{"name":"Florin R\u00e2\u0219teiu","@id":"https:\/\/buletin.de\/bucuresti\/#\/schema\/person\/b0686d7a8b666c6afc78239777fd8a89"},"headline":"Fra\u021bii Tate, ridica\u0163i de Poli\u0163ie din vila lor din Voluntari. Au fost re\u021binu\u021bi \u00een baza unor mandate de arestare emise \u00een Marea Britanie","datePublished":"2024-03-12T07:54:21+00:00","dateModified":"2024-03-12T08:27:07+00:00","mainEntityOfPage":{"@id":"https:\/\/buletin.de\/bucuresti\/fratii-tate-ridicati-de-politie-din-vila-lor-din-voluntari-au-fost-retinuti-in-baza-unor-mandate-de-arestare-emise-in-marea-britanie\/"},"wordCount":548,"publisher":{"@id":"https:\/\/buletin.de\/bucuresti\/#organization"},"image":{"@id":"https:\/\/buletin.de\/bucuresti\/fratii-tate-ridicati-de-politie-din-vila-lor-din-voluntari-au-fost-retinuti-in-baza-unor-mandate-de-arestare-emise-in-marea-britanie\/#primaryimage"},"thumbnailUrl":"https:\/\/buletin.de\/bucuresti\/wp-content\/uploads\/tateeeee-1.jpg","keywords":["Andrew tate","Fra\u021bii tate","mandat arestare","Marea Britanie","re\u021binere","Tristan tate"],"articleSection":["Articole","Eveniment","Main"],"inLanguage":"en-GB","copyrightYear":"2024","copyrightHolder":{"@id":"https:\/\/buletin.de\/bucuresti\/#organization"}},{"@type":"WebPage","@id":"https:\/\/buletin.de\/bucuresti\/fratii-tate-ridicati-de-politie-din-vila-lor-din-voluntari-au-fost-retinuti-in-baza-unor-mandate-de-arestare-emise-in-marea-britanie\/","url":"https:\/\/buletin.de\/bucuresti\/fratii-tate-ridicati-de-politie-din-vila-lor-din-voluntari-au-fost-retinuti-in-baza-unor-mandate-de-arestare-emise-in-marea-britanie\/","name":"Fra\u021bii Tate, ridica\u0163i de Poli\u0163ie din vila lor din Voluntari. Au fost re\u021binu\u021bi \u00een baza unor mandate de arestare emise \u00een Marea Britanie - Buletin de Bucure\u0219ti","isPartOf":{"@id":"https:\/\/buletin.de\/bucuresti\/#website"},"primaryImageOfPage":{"@id":"https:\/\/buletin.de\/bucuresti\/fratii-tate-ridicati-de-politie-din-vila-lor-din-voluntari-au-fost-retinuti-in-baza-unor-mandate-de-arestare-emise-in-marea-britanie\/#primaryimage"},"image":{"@id":"https:\/\/buletin.de\/bucuresti\/fratii-tate-ridicati-de-politie-din-vila-lor-din-voluntari-au-fost-retinuti-in-baza-unor-mandate-de-arestare-emise-in-marea-britanie\/#primaryimage"},"thumbnailUrl":"https:\/\/buletin.de\/bucuresti\/wp-content\/uploads\/tateeeee-1.jpg","datePublished":"2024-03-12T07:54:21+00:00","dateModified":"2024-03-12T08:27:07+00:00","breadcrumb":{"@id":"https:\/\/buletin.de\/bucuresti\/fratii-tate-ridicati-de-politie-din-vila-lor-din-voluntari-au-fost-retinuti-in-baza-unor-mandate-de-arestare-emise-in-marea-britanie\/#breadcrumb"},"inLanguage":"en-GB","potentialAction":[{"@type":"ReadAction","target":["https:\/\/buletin.de\/bucuresti\/fratii-tate-ridicati-de-politie-din-vila-lor-din-voluntari-au-fost-retinuti-in-baza-unor-mandate-de-arestare-emise-in-marea-britanie\/"]}]},{"@type":"ImageObject","inLanguage":"en-GB","@id":"https:\/\/buletin.de\/bucuresti\/fratii-tate-ridicati-de-politie-din-vila-lor-din-voluntari-au-fost-retinuti-in-baza-unor-mandate-de-arestare-emise-in-marea-britanie\/#primaryimage","url":"https:\/\/buletin.de\/bucuresti\/wp-content\/uploads\/tateeeee-1.jpg","contentUrl":"https:\/\/buletin.de\/bucuresti\/wp-content\/uploads\/tateeeee-1.jpg","width":819,"height":819,"caption":"Fra\u021bii Tate. Foto: Instagram \/ Andrew Tate"},{"@type":"BreadcrumbList","@id":"https:\/\/buletin.de\/bucuresti\/fratii-tate-ridicati-de-politie-din-vila-lor-din-voluntari-au-fost-retinuti-in-baza-unor-mandate-de-arestare-emise-in-marea-britanie\/#breadcrumb","itemListElement":[{"@type":"ListItem","position":1,"name":"Acas\u0103","item":"https:\/\/buletin.de\/bucuresti\/"},{"@type":"ListItem","position":2,"name":"Fra\u021bii Tate, ridica\u0163i de Poli\u0163ie din vila lor din Voluntari. Au fost re\u021binu\u021bi \u00een baza unor mandate de arestare emise \u00een Marea Britanie"}]},{"@type":"WebSite","@id":"https:\/\/buletin.de\/bucuresti\/#website","url":"https:\/\/buletin.de\/bucuresti\/","name":"Buletin de Bucure\u0219ti","description":"\u0218tiri \u0219i investiga\u021bii esen\u021biale din capital\u0103","publisher":{"@id":"https:\/\/buletin.de\/bucuresti\/#organization"},"potentialAction":[{"@type":"SearchAction","target":{"@type":"EntryPoint","urlTemplate":"https:\/\/buletin.de\/bucuresti\/?s={search_term_string}"},"query-input":{"@type":"PropertyValueSpecification","valueRequired":true,"valueName":"search_term_string"}}],"inLanguage":"en-GB"},{"@type":"Organization","@id":"https:\/\/buletin.de\/bucuresti\/#organization","name":"Buletin de Bucure\u0219ti","url":"https:\/\/buletin.de\/bucuresti\/","logo":{"@type":"ImageObject","inLanguage":"en-GB","@id":"https:\/\/buletin.de\/bucuresti\/#\/schema\/logo\/image\/","url":"https:\/\/buletin.de\/bucuresti\/wp-content\/uploads\/logo-bdb-full-wide-vernil-transparent.png","contentUrl":"https:\/\/buletin.de\/bucuresti\/wp-content\/uploads\/logo-bdb-full-wide-vernil-transparent.png","width":1782,"height":626,"caption":"Buletin de Bucure\u0219ti"},"image":{"@id":"https:\/\/buletin.de\/bucuresti\/#\/schema\/logo\/image\/"},"sameAs":["https:\/\/www.facebook.com\/buletin.de.buc","https:\/\/www.instagram.com\/buletinde.bucuresti\/"]},{"@type":"Person","@id":"https:\/\/buletin.de\/bucuresti\/#\/schema\/person\/b0686d7a8b666c6afc78239777fd8a89","name":"Florin R\u00e2\u0219teiu","image":{"@type":"ImageObject","inLanguage":"en-GB","@id":"https:\/\/buletin.de\/bucuresti\/wp-content\/uploads\/Florin-Rasteiu-96x96.jpgf0a6fe28453aa12f0a60e4d0a2e3a78c","url":"https:\/\/buletin.de\/bucuresti\/wp-content\/uploads\/Florin-Rasteiu-96x96.jpg","contentUrl":"https:\/\/buletin.de\/bucuresti\/wp-content\/uploads\/Florin-Rasteiu-96x96.jpg","caption":"Florin R\u00e2\u0219teiu"},"description":"Jurnalist de investiga\u021bie. Lucreaz\u0103 de aproape 6 ani la Buletin de Bucure\u0219ti, unde a publicat articole care scot la suprafa\u021b\u0103 corup\u021bia din Capital\u0103. Analizeaz\u0103 baze de date zilnic \u0219i scoate pove\u0219ti din exceluri pline de cifre. Pune reflectorul pe adev\u0103r cu fiecare ocazie. A c\u00e2\u0219tigat premiul I la categoria Pres\u0103 Local\u0103 \u00een 2025 \u0219i locul al II-lea la aceea\u0219i categorie \u00een 2024 \u00een cadrul Premiilor Superscrieri pentru jurnalism independent.","url":"https:\/\/buletin.de\/bucuresti\/author\/florinrasteiu\/"}]}},"authors":[{"term_id":22576,"user_id":17,"is_guest":0,"slug":"florinrasteiu","display_name":"Florin R\u00e2\u0219teiu","avatar_url":"https:\/\/buletin.de\/bucuresti\/wp-content\/uploads\/Florin-Rasteiu-96x96.jpg","0":null,"1":"","2":"","3":"","4":"","5":"","6":"","7":"","8":""}],"_links":{"self":[{"href":"https:\/\/buletin.de\/bucuresti\/wp-json\/wp\/v2\/posts\/79811","targetHints":{"allow":["GET"]}}],"collection":[{"href":"https:\/\/buletin.de\/bucuresti\/wp-json\/wp\/v2\/posts"}],"about":[{"href":"https:\/\/buletin.de\/bucuresti\/wp-json\/wp\/v2\/types\/post"}],"author":[{"embeddable":true,"href":"https:\/\/buletin.de\/bucuresti\/wp-json\/wp\/v2\/users\/17"}],"replies":[{"embeddable":true,"href":"https:\/\/buletin.de\/bucuresti\/wp-json\/wp\/v2\/comments?post=79811"}],"version-history":[{"count":3,"href":"https:\/\/buletin.de\/bucuresti\/wp-json\/wp\/v2\/posts\/79811\/revisions"}],"predecessor-version":[{"id":79825,"href":"https:\/\/buletin.de\/bucuresti\/wp-json\/wp\/v2\/posts\/79811\/revisions\/79825"}],"wp:featuredmedia":[{"embeddable":true,"href":"https:\/\/buletin.de\/bucuresti\/wp-json\/wp\/v2\/media\/50572"}],"wp:attachment":[{"href":"https:\/\/buletin.de\/bucuresti\/wp-json\/wp\/v2\/media?parent=79811"}],"wp:term":[{"taxonomy":"category","embeddable":true,"href":"https:\/\/buletin.de\/bucuresti\/wp-json\/wp\/v2\/categories?post=79811"},{"taxonomy":"post_tag","embeddable":true,"href":"https:\/\/buletin.de\/bucuresti\/wp-json\/wp\/v2\/tags?post=79811"},{"taxonomy":"author","embeddable":true,"href":"https:\/\/buletin.de\/bucuresti\/wp-json\/wp\/v2\/ppma_author?post=79811"}],"curies":[{"name":"wp","href":"https:\/\/api.w.org\/{rel}","templated":true}]}}