{"id":79809,"date":"2024-03-12T09:49:02","date_gmt":"2024-03-12T07:49:02","guid":{"rendered":"https:\/\/buletin.de\/bucuresti\/?p=79809"},"modified":"2024-03-12T09:49:02","modified_gmt":"2024-03-12T07:49:02","slug":"meteo-zile-ploioase-in-capitala-dar-cu-maxime-termice-de-inceput-de-primavara","status":"publish","type":"post","link":"https:\/\/buletin.de\/bucuresti\/meteo-zile-ploioase-in-capitala-dar-cu-maxime-termice-de-inceput-de-primavara\/","title":{"rendered":"METEO | Zile ploioase \u00een Capital\u0103, dar cu maxime termice de \u00eenceput de prim\u0103var\u0103"},"content":{"rendered":"\n<p><strong>Meteorologii prognozeaz\u0103 pentru zilele urm\u0103toare ploi slabe \u0219i cer noros. Conform ANM, maximele termice r\u0103m\u00e2n \u00eens\u0103 ridicate.<\/strong><\/p>\n\n\n\n<p>Ast\u0103zi, <strong>12 martie,<\/strong> sunt posibile averse slabe, temporar, iar cerul este noros. Maxima termic\u0103 a zilei va fi de 14\u201115 grade. <\/p>\n\n\n\n<p>Miercuri,<strong> 13 martie<\/strong>, meteorologii prognozeaz\u0103 c\u00e2teva averse, dar maxima termic\u0103 se ridic\u0103 la 16 grade. Minima va fi de 5 grade, iar v\u00e2ntul bate cu 20km\/h. <\/p>\n\n\n\n<p><strong>Joi, 14 martie,<\/strong> cerul este variabil, v\u00e2ntul bate cu 13 km\/h \u015fi sunt c\u00e2teva averse slabe. Temperatura minim\u0103 nu scade sub 5 grade, iar maxima termic\u0103 se ridic\u0103 la 16 grade. <\/p>\n\n\n\n<p><strong>Vineri, 15 martie,<\/strong> aversele scad \u00een intensitate, iar cerul este predominant senin. Temperatura minim\u0103 se opre\u0219te la 4 grade, iar maxim\u0103 se situeaz\u0103 \u00een jurul valorii de 15 grade. V\u00e2ntul bate cu 6 km\/h.<\/p>\n","protected":false},"excerpt":{"rendered":"<p>Meteorologii prognozeaz\u0103 pentru zilele urm\u0103toare ploi slabe \u0219i cer noros. Conform ANM, maximele termice r\u0103m\u00e2n \u00eens\u0103 ridicate. Ast\u0103zi, 12 martie, sunt posibile averse slabe, temporar, iar cerul este noros. Maxima termic\u0103 a zilei va fi de 14\u201115 grade. Miercuri, 13 martie, meteorologii prognozeaz\u0103 c\u00e2teva averse, dar maxima termic\u0103 se ridic\u0103 la 16 grade. Minima va [&hellip;]<\/p>\n","protected":false},"author":49,"featured_media":57251,"comment_status":"closed","ping_status":"open","sticky":false,"template":"","format":"standard","meta":{"_acf_changed":false,"inline_featured_image":false,"ngg_post_thumbnail":0,"footnotes":""},"categories":[6994,62],"tags":[4314,5928,10452],"ppma_author":[22574],"class_list":["post-79809","post","type-post","status-publish","format-standard","has-post-thumbnail","hentry","category-stiri-2","category-stiri","tag-anm","tag-anm-prognoza-meteo","tag-temperaturi-bucuresti"],"acf":[],"yoast_head":"<!-- This site is optimized with the Yoast SEO Premium plugin v25.3 (Yoast SEO v27.4) - https:\/\/yoast.com\/product\/yoast-seo-premium-wordpress\/ -->\n<title>METEO | Zile ploioase \u00een Capital\u0103, dar cu maxime termice de \u00eenceput de prim\u0103var\u0103 - Buletin de Bucure\u0219ti<\/title>\n<meta name=\"robots\" content=\"index, follow, max-snippet:-1, max-image-preview:large, max-video-preview:-1\" \/>\n<link rel=\"canonical\" href=\"https:\/\/buletin.de\/bucuresti\/meteo-zile-ploioase-in-capitala-dar-cu-maxime-termice-de-inceput-de-primavara\/\" \/>\n<meta property=\"og:locale\" content=\"en_GB\" \/>\n<meta property=\"og:type\" content=\"article\" \/>\n<meta property=\"og:title\" content=\"METEO | Zile ploioase \u00een Capital\u0103, dar cu maxime termice de \u00eenceput de prim\u0103var\u0103\" \/>\n<meta property=\"og:description\" content=\"Meteorologii prognozeaz\u0103 pentru zilele urm\u0103toare ploi slabe \u0219i cer noros. Conform ANM, maximele termice r\u0103m\u00e2n \u00eens\u0103 ridicate. Ast\u0103zi, 12 martie, sunt posibile averse slabe, temporar, iar cerul este noros. Maxima termic\u0103 a zilei va fi de 14\u201115 grade. Miercuri, 13 martie, meteorologii prognozeaz\u0103 c\u00e2teva averse, dar maxima termic\u0103 se ridic\u0103 la 16 grade. Minima va [&hellip;]\" \/>\n<meta property=\"og:url\" content=\"https:\/\/buletin.de\/bucuresti\/meteo-zile-ploioase-in-capitala-dar-cu-maxime-termice-de-inceput-de-primavara\/\" \/>\n<meta property=\"og:site_name\" content=\"Buletin de Bucure\u0219ti\" \/>\n<meta property=\"article:publisher\" content=\"https:\/\/www.facebook.com\/buletin.de.buc\" \/>\n<meta property=\"article:published_time\" content=\"2024-03-12T07:49:02+00:00\" \/>\n<meta property=\"og:image\" content=\"https:\/\/buletin.de\/bucuresti\/wp-content\/uploads\/Curiozitati-despre-ploaie.jpg\" \/>\n\t<meta property=\"og:image:width\" content=\"2000\" \/>\n\t<meta property=\"og:image:height\" content=\"1334\" \/>\n\t<meta property=\"og:image:type\" content=\"image\/jpeg\" \/>\n<meta name=\"author\" content=\"Diana Matei\" \/>\n<meta name=\"twitter:card\" content=\"summary_large_image\" \/>\n<meta name=\"twitter:label1\" content=\"Written by\" \/>\n\t<meta name=\"twitter:data1\" content=\"Diana Matei\" \/>\n\t<meta name=\"twitter:label2\" content=\"Estimated reading time\" \/>\n\t<meta name=\"twitter:data2\" content=\"1 minute\" \/>\n<script type=\"application\/ld+json\" class=\"yoast-schema-graph\">{\"@context\":\"https:\\\/\\\/schema.org\",\"@graph\":[{\"@type\":\"Article\",\"@id\":\"https:\\\/\\\/buletin.de\\\/bucuresti\\\/meteo-zile-ploioase-in-capitala-dar-cu-maxime-termice-de-inceput-de-primavara\\\/#article\",\"isPartOf\":{\"@id\":\"https:\\\/\\\/buletin.de\\\/bucuresti\\\/meteo-zile-ploioase-in-capitala-dar-cu-maxime-termice-de-inceput-de-primavara\\\/\"},\"author\":{\"name\":\"Diana Matei\",\"@id\":\"https:\\\/\\\/buletin.de\\\/bucuresti\\\/#\\\/schema\\\/person\\\/7e46040573290777280a0835d81ea4ea\"},\"headline\":\"METEO | Zile ploioase \u00een Capital\u0103, dar cu maxime termice de \u00eenceput de prim\u0103var\u0103\",\"datePublished\":\"2024-03-12T07:49:02+00:00\",\"mainEntityOfPage\":{\"@id\":\"https:\\\/\\\/buletin.de\\\/bucuresti\\\/meteo-zile-ploioase-in-capitala-dar-cu-maxime-termice-de-inceput-de-primavara\\\/\"},\"wordCount\":143,\"publisher\":{\"@id\":\"https:\\\/\\\/buletin.de\\\/bucuresti\\\/#organization\"},\"image\":{\"@id\":\"https:\\\/\\\/buletin.de\\\/bucuresti\\\/meteo-zile-ploioase-in-capitala-dar-cu-maxime-termice-de-inceput-de-primavara\\\/#primaryimage\"},\"thumbnailUrl\":\"https:\\\/\\\/buletin.de\\\/bucuresti\\\/wp-content\\\/uploads\\\/Curiozitati-despre-ploaie.jpg\",\"keywords\":[\"anm\",\"anm prognoza meteo\",\"temperaturi Bucuresti\"],\"articleSection\":[\"Articole\",\"\u0218tiri\"],\"inLanguage\":\"en-GB\",\"copyrightYear\":\"2024\",\"copyrightHolder\":{\"@id\":\"https:\\\/\\\/buletin.de\\\/bucuresti\\\/#organization\"}},{\"@type\":\"WebPage\",\"@id\":\"https:\\\/\\\/buletin.de\\\/bucuresti\\\/meteo-zile-ploioase-in-capitala-dar-cu-maxime-termice-de-inceput-de-primavara\\\/\",\"url\":\"https:\\\/\\\/buletin.de\\\/bucuresti\\\/meteo-zile-ploioase-in-capitala-dar-cu-maxime-termice-de-inceput-de-primavara\\\/\",\"name\":\"METEO | Zile ploioase \u00een Capital\u0103, dar cu maxime termice de \u00eenceput de prim\u0103var\u0103 - Buletin de Bucure\u0219ti\",\"isPartOf\":{\"@id\":\"https:\\\/\\\/buletin.de\\\/bucuresti\\\/#website\"},\"primaryImageOfPage\":{\"@id\":\"https:\\\/\\\/buletin.de\\\/bucuresti\\\/meteo-zile-ploioase-in-capitala-dar-cu-maxime-termice-de-inceput-de-primavara\\\/#primaryimage\"},\"image\":{\"@id\":\"https:\\\/\\\/buletin.de\\\/bucuresti\\\/meteo-zile-ploioase-in-capitala-dar-cu-maxime-termice-de-inceput-de-primavara\\\/#primaryimage\"},\"thumbnailUrl\":\"https:\\\/\\\/buletin.de\\\/bucuresti\\\/wp-content\\\/uploads\\\/Curiozitati-despre-ploaie.jpg\",\"datePublished\":\"2024-03-12T07:49:02+00:00\",\"breadcrumb\":{\"@id\":\"https:\\\/\\\/buletin.de\\\/bucuresti\\\/meteo-zile-ploioase-in-capitala-dar-cu-maxime-termice-de-inceput-de-primavara\\\/#breadcrumb\"},\"inLanguage\":\"en-GB\",\"potentialAction\":[{\"@type\":\"ReadAction\",\"target\":[\"https:\\\/\\\/buletin.de\\\/bucuresti\\\/meteo-zile-ploioase-in-capitala-dar-cu-maxime-termice-de-inceput-de-primavara\\\/\"]}]},{\"@type\":\"ImageObject\",\"inLanguage\":\"en-GB\",\"@id\":\"https:\\\/\\\/buletin.de\\\/bucuresti\\\/meteo-zile-ploioase-in-capitala-dar-cu-maxime-termice-de-inceput-de-primavara\\\/#primaryimage\",\"url\":\"https:\\\/\\\/buletin.de\\\/bucuresti\\\/wp-content\\\/uploads\\\/Curiozitati-despre-ploaie.jpg\",\"contentUrl\":\"https:\\\/\\\/buletin.de\\\/bucuresti\\\/wp-content\\\/uploads\\\/Curiozitati-despre-ploaie.jpg\",\"width\":2000,\"height\":1334,\"caption\":\"Vreme ploioas\u0103, \u00een Capital\u0103, \u00een weekend. Temperaturile se p\u0103streaz\u0103 ridicat\u0103. FOTO: Arhiv\u0103\"},{\"@type\":\"BreadcrumbList\",\"@id\":\"https:\\\/\\\/buletin.de\\\/bucuresti\\\/meteo-zile-ploioase-in-capitala-dar-cu-maxime-termice-de-inceput-de-primavara\\\/#breadcrumb\",\"itemListElement\":[{\"@type\":\"ListItem\",\"position\":1,\"name\":\"Acas\u0103\",\"item\":\"https:\\\/\\\/buletin.de\\\/bucuresti\\\/\"},{\"@type\":\"ListItem\",\"position\":2,\"name\":\"METEO | Zile ploioase \u00een Capital\u0103, dar cu maxime termice de \u00eenceput de prim\u0103var\u0103\"}]},{\"@type\":\"WebSite\",\"@id\":\"https:\\\/\\\/buletin.de\\\/bucuresti\\\/#website\",\"url\":\"https:\\\/\\\/buletin.de\\\/bucuresti\\\/\",\"name\":\"Buletin de Bucure\u0219ti\",\"description\":\"\u0218tiri \u0219i investiga\u021bii esen\u021biale din capital\u0103\",\"publisher\":{\"@id\":\"https:\\\/\\\/buletin.de\\\/bucuresti\\\/#organization\"},\"potentialAction\":[{\"@type\":\"SearchAction\",\"target\":{\"@type\":\"EntryPoint\",\"urlTemplate\":\"https:\\\/\\\/buletin.de\\\/bucuresti\\\/?s={search_term_string}\"},\"query-input\":{\"@type\":\"PropertyValueSpecification\",\"valueRequired\":true,\"valueName\":\"search_term_string\"}}],\"inLanguage\":\"en-GB\"},{\"@type\":\"Organization\",\"@id\":\"https:\\\/\\\/buletin.de\\\/bucuresti\\\/#organization\",\"name\":\"Buletin de Bucure\u0219ti\",\"url\":\"https:\\\/\\\/buletin.de\\\/bucuresti\\\/\",\"logo\":{\"@type\":\"ImageObject\",\"inLanguage\":\"en-GB\",\"@id\":\"https:\\\/\\\/buletin.de\\\/bucuresti\\\/#\\\/schema\\\/logo\\\/image\\\/\",\"url\":\"https:\\\/\\\/buletin.de\\\/bucuresti\\\/wp-content\\\/uploads\\\/logo-bdb-full-wide-vernil-transparent.png\",\"contentUrl\":\"https:\\\/\\\/buletin.de\\\/bucuresti\\\/wp-content\\\/uploads\\\/logo-bdb-full-wide-vernil-transparent.png\",\"width\":1782,\"height\":626,\"caption\":\"Buletin de Bucure\u0219ti\"},\"image\":{\"@id\":\"https:\\\/\\\/buletin.de\\\/bucuresti\\\/#\\\/schema\\\/logo\\\/image\\\/\"},\"sameAs\":[\"https:\\\/\\\/www.facebook.com\\\/buletin.de.buc\",\"https:\\\/\\\/www.instagram.com\\\/buletinde.bucuresti\\\/\"]},{\"@type\":\"Person\",\"@id\":\"https:\\\/\\\/buletin.de\\\/bucuresti\\\/#\\\/schema\\\/person\\\/7e46040573290777280a0835d81ea4ea\",\"name\":\"Diana Matei\",\"image\":{\"@type\":\"ImageObject\",\"inLanguage\":\"en-GB\",\"@id\":\"https:\\\/\\\/buletin.de\\\/bucuresti\\\/wp-content\\\/uploads\\\/9-2-96x96.jpg1e8590b30871d70e62ebcdaf2eff570c\",\"url\":\"https:\\\/\\\/buletin.de\\\/bucuresti\\\/wp-content\\\/uploads\\\/9-2-96x96.jpg\",\"contentUrl\":\"https:\\\/\\\/buletin.de\\\/bucuresti\\\/wp-content\\\/uploads\\\/9-2-96x96.jpg\",\"caption\":\"Diana Matei\"},\"url\":\"https:\\\/\\\/buletin.de\\\/bucuresti\\\/author\\\/dianamatei\\\/\"}]}<\/script>\n<!-- \/ Yoast SEO Premium plugin. -->","yoast_head_json":{"title":"METEO | Zile ploioase \u00een Capital\u0103, dar cu maxime termice de \u00eenceput de prim\u0103var\u0103 - Buletin de Bucure\u0219ti","robots":{"index":"index","follow":"follow","max-snippet":"max-snippet:-1","max-image-preview":"max-image-preview:large","max-video-preview":"max-video-preview:-1"},"canonical":"https:\/\/buletin.de\/bucuresti\/meteo-zile-ploioase-in-capitala-dar-cu-maxime-termice-de-inceput-de-primavara\/","og_locale":"en_GB","og_type":"article","og_title":"METEO | Zile ploioase \u00een Capital\u0103, dar cu maxime termice de \u00eenceput de prim\u0103var\u0103","og_description":"Meteorologii prognozeaz\u0103 pentru zilele urm\u0103toare ploi slabe \u0219i cer noros. Conform ANM, maximele termice r\u0103m\u00e2n \u00eens\u0103 ridicate. Ast\u0103zi, 12 martie, sunt posibile averse slabe, temporar, iar cerul este noros. Maxima termic\u0103 a zilei va fi de 14\u201115 grade. Miercuri, 13 martie, meteorologii prognozeaz\u0103 c\u00e2teva averse, dar maxima termic\u0103 se ridic\u0103 la 16 grade. Minima va [&hellip;]","og_url":"https:\/\/buletin.de\/bucuresti\/meteo-zile-ploioase-in-capitala-dar-cu-maxime-termice-de-inceput-de-primavara\/","og_site_name":"Buletin de Bucure\u0219ti","article_publisher":"https:\/\/www.facebook.com\/buletin.de.buc","article_published_time":"2024-03-12T07:49:02+00:00","og_image":[{"width":2000,"height":1334,"url":"https:\/\/buletin.de\/bucuresti\/wp-content\/uploads\/Curiozitati-despre-ploaie.jpg","type":"image\/jpeg"}],"author":"Diana Matei","twitter_card":"summary_large_image","twitter_misc":{"Written by":"Diana Matei","Estimated reading time":"1 minute"},"schema":{"@context":"https:\/\/schema.org","@graph":[{"@type":"Article","@id":"https:\/\/buletin.de\/bucuresti\/meteo-zile-ploioase-in-capitala-dar-cu-maxime-termice-de-inceput-de-primavara\/#article","isPartOf":{"@id":"https:\/\/buletin.de\/bucuresti\/meteo-zile-ploioase-in-capitala-dar-cu-maxime-termice-de-inceput-de-primavara\/"},"author":{"name":"Diana Matei","@id":"https:\/\/buletin.de\/bucuresti\/#\/schema\/person\/7e46040573290777280a0835d81ea4ea"},"headline":"METEO | Zile ploioase \u00een Capital\u0103, dar cu maxime termice de \u00eenceput de prim\u0103var\u0103","datePublished":"2024-03-12T07:49:02+00:00","mainEntityOfPage":{"@id":"https:\/\/buletin.de\/bucuresti\/meteo-zile-ploioase-in-capitala-dar-cu-maxime-termice-de-inceput-de-primavara\/"},"wordCount":143,"publisher":{"@id":"https:\/\/buletin.de\/bucuresti\/#organization"},"image":{"@id":"https:\/\/buletin.de\/bucuresti\/meteo-zile-ploioase-in-capitala-dar-cu-maxime-termice-de-inceput-de-primavara\/#primaryimage"},"thumbnailUrl":"https:\/\/buletin.de\/bucuresti\/wp-content\/uploads\/Curiozitati-despre-ploaie.jpg","keywords":["anm","anm prognoza meteo","temperaturi Bucuresti"],"articleSection":["Articole","\u0218tiri"],"inLanguage":"en-GB","copyrightYear":"2024","copyrightHolder":{"@id":"https:\/\/buletin.de\/bucuresti\/#organization"}},{"@type":"WebPage","@id":"https:\/\/buletin.de\/bucuresti\/meteo-zile-ploioase-in-capitala-dar-cu-maxime-termice-de-inceput-de-primavara\/","url":"https:\/\/buletin.de\/bucuresti\/meteo-zile-ploioase-in-capitala-dar-cu-maxime-termice-de-inceput-de-primavara\/","name":"METEO | Zile ploioase \u00een Capital\u0103, dar cu maxime termice de \u00eenceput de prim\u0103var\u0103 - Buletin de Bucure\u0219ti","isPartOf":{"@id":"https:\/\/buletin.de\/bucuresti\/#website"},"primaryImageOfPage":{"@id":"https:\/\/buletin.de\/bucuresti\/meteo-zile-ploioase-in-capitala-dar-cu-maxime-termice-de-inceput-de-primavara\/#primaryimage"},"image":{"@id":"https:\/\/buletin.de\/bucuresti\/meteo-zile-ploioase-in-capitala-dar-cu-maxime-termice-de-inceput-de-primavara\/#primaryimage"},"thumbnailUrl":"https:\/\/buletin.de\/bucuresti\/wp-content\/uploads\/Curiozitati-despre-ploaie.jpg","datePublished":"2024-03-12T07:49:02+00:00","breadcrumb":{"@id":"https:\/\/buletin.de\/bucuresti\/meteo-zile-ploioase-in-capitala-dar-cu-maxime-termice-de-inceput-de-primavara\/#breadcrumb"},"inLanguage":"en-GB","potentialAction":[{"@type":"ReadAction","target":["https:\/\/buletin.de\/bucuresti\/meteo-zile-ploioase-in-capitala-dar-cu-maxime-termice-de-inceput-de-primavara\/"]}]},{"@type":"ImageObject","inLanguage":"en-GB","@id":"https:\/\/buletin.de\/bucuresti\/meteo-zile-ploioase-in-capitala-dar-cu-maxime-termice-de-inceput-de-primavara\/#primaryimage","url":"https:\/\/buletin.de\/bucuresti\/wp-content\/uploads\/Curiozitati-despre-ploaie.jpg","contentUrl":"https:\/\/buletin.de\/bucuresti\/wp-content\/uploads\/Curiozitati-despre-ploaie.jpg","width":2000,"height":1334,"caption":"Vreme ploioas\u0103, \u00een Capital\u0103, \u00een weekend. Temperaturile se p\u0103streaz\u0103 ridicat\u0103. FOTO: Arhiv\u0103"},{"@type":"BreadcrumbList","@id":"https:\/\/buletin.de\/bucuresti\/meteo-zile-ploioase-in-capitala-dar-cu-maxime-termice-de-inceput-de-primavara\/#breadcrumb","itemListElement":[{"@type":"ListItem","position":1,"name":"Acas\u0103","item":"https:\/\/buletin.de\/bucuresti\/"},{"@type":"ListItem","position":2,"name":"METEO | Zile ploioase \u00een Capital\u0103, dar cu maxime termice de \u00eenceput de prim\u0103var\u0103"}]},{"@type":"WebSite","@id":"https:\/\/buletin.de\/bucuresti\/#website","url":"https:\/\/buletin.de\/bucuresti\/","name":"Buletin de Bucure\u0219ti","description":"\u0218tiri \u0219i investiga\u021bii esen\u021biale din capital\u0103","publisher":{"@id":"https:\/\/buletin.de\/bucuresti\/#organization"},"potentialAction":[{"@type":"SearchAction","target":{"@type":"EntryPoint","urlTemplate":"https:\/\/buletin.de\/bucuresti\/?s={search_term_string}"},"query-input":{"@type":"PropertyValueSpecification","valueRequired":true,"valueName":"search_term_string"}}],"inLanguage":"en-GB"},{"@type":"Organization","@id":"https:\/\/buletin.de\/bucuresti\/#organization","name":"Buletin de Bucure\u0219ti","url":"https:\/\/buletin.de\/bucuresti\/","logo":{"@type":"ImageObject","inLanguage":"en-GB","@id":"https:\/\/buletin.de\/bucuresti\/#\/schema\/logo\/image\/","url":"https:\/\/buletin.de\/bucuresti\/wp-content\/uploads\/logo-bdb-full-wide-vernil-transparent.png","contentUrl":"https:\/\/buletin.de\/bucuresti\/wp-content\/uploads\/logo-bdb-full-wide-vernil-transparent.png","width":1782,"height":626,"caption":"Buletin de Bucure\u0219ti"},"image":{"@id":"https:\/\/buletin.de\/bucuresti\/#\/schema\/logo\/image\/"},"sameAs":["https:\/\/www.facebook.com\/buletin.de.buc","https:\/\/www.instagram.com\/buletinde.bucuresti\/"]},{"@type":"Person","@id":"https:\/\/buletin.de\/bucuresti\/#\/schema\/person\/7e46040573290777280a0835d81ea4ea","name":"Diana Matei","image":{"@type":"ImageObject","inLanguage":"en-GB","@id":"https:\/\/buletin.de\/bucuresti\/wp-content\/uploads\/9-2-96x96.jpg1e8590b30871d70e62ebcdaf2eff570c","url":"https:\/\/buletin.de\/bucuresti\/wp-content\/uploads\/9-2-96x96.jpg","contentUrl":"https:\/\/buletin.de\/bucuresti\/wp-content\/uploads\/9-2-96x96.jpg","caption":"Diana Matei"},"url":"https:\/\/buletin.de\/bucuresti\/author\/dianamatei\/"}]}},"authors":[{"term_id":22574,"user_id":49,"is_guest":0,"slug":"dianamatei","display_name":"Diana Matei","avatar_url":"https:\/\/buletin.de\/bucuresti\/wp-content\/uploads\/9-2-96x96.jpg","0":null,"1":"","2":"","3":"","4":"","5":"","6":"","7":"","8":""}],"_links":{"self":[{"href":"https:\/\/buletin.de\/bucuresti\/wp-json\/wp\/v2\/posts\/79809","targetHints":{"allow":["GET"]}}],"collection":[{"href":"https:\/\/buletin.de\/bucuresti\/wp-json\/wp\/v2\/posts"}],"about":[{"href":"https:\/\/buletin.de\/bucuresti\/wp-json\/wp\/v2\/types\/post"}],"author":[{"embeddable":true,"href":"https:\/\/buletin.de\/bucuresti\/wp-json\/wp\/v2\/users\/49"}],"replies":[{"embeddable":true,"href":"https:\/\/buletin.de\/bucuresti\/wp-json\/wp\/v2\/comments?post=79809"}],"version-history":[{"count":2,"href":"https:\/\/buletin.de\/bucuresti\/wp-json\/wp\/v2\/posts\/79809\/revisions"}],"predecessor-version":[{"id":79814,"href":"https:\/\/buletin.de\/bucuresti\/wp-json\/wp\/v2\/posts\/79809\/revisions\/79814"}],"wp:featuredmedia":[{"embeddable":true,"href":"https:\/\/buletin.de\/bucuresti\/wp-json\/wp\/v2\/media\/57251"}],"wp:attachment":[{"href":"https:\/\/buletin.de\/bucuresti\/wp-json\/wp\/v2\/media?parent=79809"}],"wp:term":[{"taxonomy":"category","embeddable":true,"href":"https:\/\/buletin.de\/bucuresti\/wp-json\/wp\/v2\/categories?post=79809"},{"taxonomy":"post_tag","embeddable":true,"href":"https:\/\/buletin.de\/bucuresti\/wp-json\/wp\/v2\/tags?post=79809"},{"taxonomy":"author","embeddable":true,"href":"https:\/\/buletin.de\/bucuresti\/wp-json\/wp\/v2\/ppma_author?post=79809"}],"curies":[{"name":"wp","href":"https:\/\/api.w.org\/{rel}","templated":true}]}}