{"id":79808,"date":"2024-03-12T10:26:58","date_gmt":"2024-03-12T08:26:58","guid":{"rendered":"https:\/\/buletin.de\/bucuresti\/?p=79808"},"modified":"2024-03-12T11:38:48","modified_gmt":"2024-03-12T09:38:48","slug":"un-nou-pasaj-pe-dn4-peste-autostrada-bucurestiului-a-fost-inaugurat-partial-in-aceasta-dimineata","status":"publish","type":"post","link":"https:\/\/buletin.de\/bucuresti\/un-nou-pasaj-pe-dn4-peste-autostrada-bucurestiului-a-fost-inaugurat-partial-in-aceasta-dimineata\/","title":{"rendered":"Un nou pasaj pe DN4, peste Autostrada Bucure\u015ftiului, a fost inaugurat&#8230; par\u021bial, \u00een aceast\u0103 diminea\u021b\u0103"},"content":{"rendered":"\n<p><strong>Noul pasaj de pe DN4, peste A0, a fost dat \u00een trafic ast\u0103zi, 12 martie, de la ora 09:00, \u00eens\u0103 circula\u021bia se va desf\u0103\u0219ura doar pe o singur\u0103 band\u0103 pe sens <em>\u201edin motive de siguran\u021b\u0103\u201d<\/em>, anun\u021b\u0103 Irinel Ionel Scrio\u0219teanu, secretar de stat \u00een Ministerul Transporturilor.<\/strong><\/p>\n\n\n\n<p>Potrivit oficialului,<em> \u201edeschiderea acestui pasaj a fost necesar\u0103 pentru ca antreprenorul s\u0103 poat\u0103 executa lucr\u0103rile la corpul autostr\u0103zii pe sub pasaj<\/em>\u201d. Deschiderea circula\u021biei pe toate benzile va avea loc odat\u0103 cu finalizarea lucr\u0103rilor, anun\u021b\u0103 Compania Na\u021bional\u0103 de Administrare a Infrastructurii Rutiere (CNAIR).<\/p>\n\n\n\n<iframe src=\"https:\/\/www.facebook.com\/plugins\/video.php?height=476&#038;href=https%3A%2F%2Fwww.facebook.com%2FIrinelScriosteanu%2Fvideos%2F691154899895127%2F&#038;show_text=false&#038;width=267&#038;t=0\" width=\"267\" height=\"476\" style=\"border:none;overflow:hidden\" scrolling=\"no\" frameborder=\"0\" allowfullscreen=\"true\" allow=\"autoplay; clipboard-write; encrypted-media; picture-in-picture; web-share\" allowFullScreen=\"true\"><\/iframe>\n\n\n\n<p>Pasajul a fost f\u0103cut de firma Alsim Alarko, \u00een cadrul contractului pentru construirea lotului 1 al Autostr\u0103zii de Centur\u0103 Bucure\u0219ti Sud, \u00eentre Glina \u0219i Vidra. <\/p>\n\n\n\n<p>\u0218i primul tronson de autostrad\u0103 aferent acestui lot, cel cuprins \u00eentre DN5 \u0219i DN4, ar trebui s\u0103 fie dat \u00een trafic \u00een aceast\u0103 lun\u0103. Ulterior, restul lotului p\u00e2n\u0103 la intersec\u021bia cu Autostrada Bucure\u0219ti &#8211; Constan\u021ba ar trebui s\u0103 fie inaugurat \u00een cursul acestei veri, \u201e\u00een func\u021bie de mobilizarea antreprenorului\u201d, transmite secretarul de stat \u00een Transporturi.<\/p>\n\n\n\n<iframe src=\"https:\/\/www.facebook.com\/plugins\/video.php?height=316&#038;href=https%3A%2F%2Fwww.facebook.com%2FCNAIRSA%2Fvideos%2F1231170181631503%2F&#038;show_text=false&#038;width=560&#038;t=0\" width=\"560\" height=\"316\" style=\"border:none;overflow:hidden\" scrolling=\"no\" frameborder=\"0\" allowfullscreen=\"true\" allow=\"autoplay; clipboard-write; encrypted-media; picture-in-picture; web-share\" allowFullScreen=\"true\"><\/iframe>\n\n\n\n<h2 class=\"wp-block-heading\">Vizita surpriz\u0103 de pe A0<\/h2>\n\n\n\n<p>\u00cen urm\u0103 cu dou\u0103 zile, Irinel Ionel Scrio\u0219teanu a mers \u00eentr-o vizit\u0103 de lucru neanun\u021bat\u0103 pe lotul 1 Sud al Autostr\u0103zii A0.  Concluzia oficialului:<\/p>\n\n\n\n<blockquote class=\"wp-block-quote is-layout-flow wp-block-quote-is-layout-flow\">\n<p class=\"has-medium-font-size\">Chiar dac\u0103 lucr\u0103rile au evoluat favorabil de la ultima vizit\u0103, ritmul poate fi \u00eembun\u0103t\u0103\u021bit sim\u021bitor, \u00een a\u0219a fel \u00eenc\u00e2t s\u0103 se finalizeze c\u00e2t mai rapid lucrarea \u0219i s\u0103 putem da \u00een trafic acest nod rutier \u0219i tronsonul p\u00e2n\u0103 la DN4.<\/p>\n<\/blockquote>\n\n\n\n<iframe src=\"https:\/\/www.facebook.com\/plugins\/video.php?height=476&#038;href=https%3A%2F%2Fwww.facebook.com%2FIrinelScriosteanu%2Fvideos%2F1078930629986308%2F&#038;show_text=false&#038;width=267&#038;t=0\" width=\"267\" height=\"476\" style=\"border:none;overflow:hidden\" scrolling=\"no\" frameborder=\"0\" allowfullscreen=\"true\" allow=\"autoplay; clipboard-write; encrypted-media; picture-in-picture; web-share\" allowFullScreen=\"true\"><\/iframe>\n\n\n\n<h2 class=\"wp-block-heading\">\u201eMinunea\u201d de pe lotul 3 Sud al A0:&nbsp;montarea tablierului la pasajul peste A1<\/h2>\n\n\n\n<p>\u00cen urma unei alte vizite de lucru, secretarul de stat \u00een Transporturi anun\u021ba \u0219i <a href=\"https:\/\/buletin.de\/bucuresti\/minuneade-pe-autostrada-bucurestiului-montarea-tablierului-la-pasajul-peste-a1-incepe-de-saptamana-viitoare\/\">data mont\u0103rii primului element de tablier al pasajului peste A1 Bucure\u0219ti-Pite\u0219ti<\/a>.<em> \u201eMinunea\u201d<\/em> ar trebui s\u0103 se \u00eent\u00e2mple m\u00e2ine, 13 martie.<\/p>\n\n\n\n<blockquote class=\"wp-block-quote is-layout-flow wp-block-quote-is-layout-flow\">\n<p class=\"has-medium-font-size\">Minunea se \u00eent\u00e2mpl\u0103 s\u0103pt\u0103m\u00e2na viitoare. Aceste grinzi care a\u0219teapt\u0103 de c\u00e2teva luni s\u0103 fie ridicate peste autostrada A1, \u00eencep\u00e2nd de luni-mar\u021bi, vor fi mobilizate. Cele dou\u0103 macarale vor ridica simultan, \u00een tandem, tablierul. Miercuri, ar trebui s\u0103 se ridice primul element de tablier pe aceast\u0103 zon\u0103.<\/p>\n<cite>Irinel Ionel Scrio\u0219teanu, Secretar De Stat \u00cen Ministerul Transporturilor<\/cite><\/blockquote>\n\n\n\n<iframe src=\"https:\/\/www.facebook.com\/plugins\/video.php?height=476&#038;href=https%3A%2F%2Fwww.facebook.com%2FIrinelScriosteanu%2Fvideos%2F927355135552751%2F&#038;show_text=false&#038;width=267&#038;t=0\" width=\"267\" height=\"476\" style=\"border:none;overflow:hidden\" scrolling=\"no\" frameborder=\"0\" allowfullscreen=\"true\" allow=\"autoplay; clipboard-write; encrypted-media; picture-in-picture; web-share\" allowFullScreen=\"true\"><\/iframe>\n\n\n\n<h2 class=\"wp-block-heading\">Stadiul lucr\u0103rilor<\/h2>\n\n\n\n<p>Segmentul Sud al Autostr\u0103zii Bucure\u0219ti este \u00eemp\u0103r\u021bit \u00een trei loturi, pentru care au fost anun\u021ba\u021bi c\u00e2\u0219tig\u0103torii licita\u021biilor \u00eenc\u0103 din prim\u0103vara lui 2019. Primele dou\u0103 loturi au fost c\u00e2\u0219tigate de consor\u021biul turcesc Alsim-Alarko iar cel de-al treilea de asocierea greco-rom\u00e2n\u0103 Aktor-Euroconstruct. Ulterior, Aktor a preluat construc\u0163ia \u00een \u00eentregime,\u00a0<a href=\"https:\/\/www.rador.ro\/2022\/06\/06\/capital-gr-compania-aktor-anunta-o-solutie-pentru-nodul-gordian-reprezentat-de-un-proiect-in-valoare-de-150-de-milioane-de-euro-din-romania\/\">potrivit Rador<\/a>.<\/p>\n\n\n\n<p>Stadiul lucr\u0103rilor la Autostrada de Sud a Capitalei, potrivit&nbsp;<a href=\"https:\/\/www.proinfrastructura.ro\/proiecteinfrastructura.html?zoom=11&amp;lat=44.271&amp;lng=26.2024\">celor mai recente date ale Asocia\u021biei Pro Infrastructur\u0103<\/a>&nbsp;(31.12.2023):<\/p>\n\n\n\n<ul class=\"wp-block-list\">\n<li>Lotul 1, dintre Glina \u0219i Vidra \u2013&nbsp;<strong>83.75%<\/strong><\/li>\n\n\n\n<li>Lotul 2, dintre Vidra \u0219i Bragadiru \u2013&nbsp;<strong>99.47%<\/strong><\/li>\n\n\n\n<li>Lotul 3, dintre Bragadiru \u0219i Joi\u021ba \u2013&nbsp;<strong>58,4%<\/strong><\/li>\n<\/ul>\n\n\n\n<p><\/p>\n\n\n\n<p><strong>CITE\u0218TE \u0218I:<\/strong><\/p>\n\n\n\n<ul class=\"wp-block-list\">\n<li><a href=\"https:\/\/buletin.de\/bucuresti\/santierul-de-pe-lotul-3-al-a0-sud-avanseaza-in-ritm-de-melc-proiectul-ar-trebui-finalizat-anul-acesta\/\">\u015eantierul de pe lotul 3 al A0 Sud avanseaz\u0103 \u00een ritm de melc. Proiectul ar trebui finalizat anul acesta<\/a><\/li>\n\n\n\n<li><a href=\"https:\/\/buletin.de\/bucuresti\/dn1-trei-benzi-pe-sens-intre-aeroportul-otopeni-si-a0\/\">DN1 | Trei benzi pe sens \u00eentre Aeroportul Otopeni \u0219i A0<\/a><\/li>\n\n\n\n<li><a href=\"https:\/\/buletin.de\/bucuresti\/noi-promisiuni-pentru-a0-sud-circulatia-va-fi-deschisa-la-finalul-verii\/\">Noi promisiuni pentru A0 Sud: Circula\u021bia va fi deschis\u0103 la finalul verii<\/a><\/li>\n\n\n\n<li><a href=\"https:\/\/buletin.de\/bucuresti\/autostrada-muzeu-primii-soferi-au-intrat-in-aceasta-dupa-amiaza-pe-micul-tronson-din-a0\/\">\u201eAutostrada-muzeu\u201c | Primii \u015foferi au intrat \u00een aceast\u0103 dup\u0103-amiaz\u0103 pe micul tronson din A0<\/a><\/li>\n\n\n\n<li><a href=\"https:\/\/buletin.de\/bucuresti\/autostrada-muzeu-inaugurata-cu-190-km-h-de-un-sofer-incepator\/\">\u201eAutostrada-muzeu\u201d, inaugurat\u0103 cu 190 km\/h de un \u0219ofer \u00eencep\u0103tor<\/a><\/li>\n<\/ul>\n","protected":false},"excerpt":{"rendered":"<p>Noul pasaj de pe DN4, peste A0, a fost dat \u00een trafic ast\u0103zi, 12 martie, de la ora 09:00, \u00eens\u0103 circula\u021bia se va desf\u0103\u0219ura doar pe o singur\u0103 band\u0103 pe sens \u201edin motive de siguran\u021b\u0103\u201d, anun\u021b\u0103 Irinel Ionel Scrio\u0219teanu, secretar de stat \u00een Ministerul Transporturilor. Potrivit oficialului, \u201edeschiderea acestui pasaj a fost necesar\u0103 pentru ca [&hellip;]<\/p>\n","protected":false},"author":55,"featured_media":79818,"comment_status":"closed","ping_status":"open","sticky":false,"template":"","format":"standard","meta":{"_acf_changed":false,"inline_featured_image":false,"ngg_post_thumbnail":0,"footnotes":""},"categories":[6994,62,650],"tags":[1465,9442,8674,10455,3840,8673],"ppma_author":[22573],"class_list":["post-79808","post","type-post","status-publish","format-standard","has-post-thumbnail","hentry","category-stiri-2","category-stiri","category-transport","tag-a0","tag-autostrada-bucurestiului","tag-deschiderea-circulatiei-pe-autostrada-capitalei","tag-pasajul-din-dn4-peste-a0","tag-soferi","tag-stadiul-lucrarilor-la-a0"],"acf":[],"yoast_head":"<!-- This site is optimized with the Yoast SEO Premium plugin v25.3 (Yoast SEO v27.4) - https:\/\/yoast.com\/product\/yoast-seo-premium-wordpress\/ -->\n<title>Un nou pasaj pe DN4, peste Autostrada Bucure\u015ftiului, a fost inaugurat... par\u021bial, \u00een aceast\u0103 diminea\u021b\u0103 - Buletin de Bucure\u0219ti<\/title>\n<meta name=\"robots\" content=\"index, follow, max-snippet:-1, max-image-preview:large, max-video-preview:-1\" \/>\n<link rel=\"canonical\" href=\"https:\/\/buletin.de\/bucuresti\/un-nou-pasaj-pe-dn4-peste-autostrada-bucurestiului-a-fost-inaugurat-partial-in-aceasta-dimineata\/\" \/>\n<meta property=\"og:locale\" content=\"en_GB\" \/>\n<meta property=\"og:type\" content=\"article\" \/>\n<meta property=\"og:title\" content=\"Un nou pasaj pe DN4, peste Autostrada Bucure\u015ftiului, a fost inaugurat... par\u021bial, \u00een aceast\u0103 diminea\u021b\u0103\" \/>\n<meta property=\"og:description\" content=\"Noul pasaj de pe DN4, peste A0, a fost dat \u00een trafic ast\u0103zi, 12 martie, de la ora 09:00, \u00eens\u0103 circula\u021bia se va desf\u0103\u0219ura doar pe o singur\u0103 band\u0103 pe sens \u201edin motive de siguran\u021b\u0103\u201d, anun\u021b\u0103 Irinel Ionel Scrio\u0219teanu, secretar de stat \u00een Ministerul Transporturilor. Potrivit oficialului, \u201edeschiderea acestui pasaj a fost necesar\u0103 pentru ca [&hellip;]\" \/>\n<meta property=\"og:url\" content=\"https:\/\/buletin.de\/bucuresti\/un-nou-pasaj-pe-dn4-peste-autostrada-bucurestiului-a-fost-inaugurat-partial-in-aceasta-dimineata\/\" \/>\n<meta property=\"og:site_name\" content=\"Buletin de Bucure\u0219ti\" \/>\n<meta property=\"article:publisher\" content=\"https:\/\/www.facebook.com\/buletin.de.buc\" \/>\n<meta property=\"article:published_time\" content=\"2024-03-12T08:26:58+00:00\" \/>\n<meta property=\"article:modified_time\" content=\"2024-03-12T09:38:48+00:00\" \/>\n<meta property=\"og:image\" content=\"https:\/\/buletin.de\/bucuresti\/wp-content\/uploads\/Captura-de-ecran-CNAIR.png\" \/>\n\t<meta property=\"og:image:width\" content=\"848\" \/>\n\t<meta property=\"og:image:height\" content=\"339\" \/>\n\t<meta property=\"og:image:type\" content=\"image\/png\" \/>\n<meta name=\"author\" content=\"Andreea Tudor\" \/>\n<meta name=\"twitter:card\" content=\"summary_large_image\" \/>\n<meta name=\"twitter:label1\" content=\"Written by\" \/>\n\t<meta name=\"twitter:data1\" content=\"Andreea Tudor\" \/>\n\t<meta name=\"twitter:label2\" content=\"Estimated reading time\" \/>\n\t<meta name=\"twitter:data2\" content=\"2 minutes\" \/>\n<script type=\"application\/ld+json\" class=\"yoast-schema-graph\">{\"@context\":\"https:\\\/\\\/schema.org\",\"@graph\":[{\"@type\":\"Article\",\"@id\":\"https:\\\/\\\/buletin.de\\\/bucuresti\\\/un-nou-pasaj-pe-dn4-peste-autostrada-bucurestiului-a-fost-inaugurat-partial-in-aceasta-dimineata\\\/#article\",\"isPartOf\":{\"@id\":\"https:\\\/\\\/buletin.de\\\/bucuresti\\\/un-nou-pasaj-pe-dn4-peste-autostrada-bucurestiului-a-fost-inaugurat-partial-in-aceasta-dimineata\\\/\"},\"author\":{\"name\":\"Andreea Tudor\",\"@id\":\"https:\\\/\\\/buletin.de\\\/bucuresti\\\/#\\\/schema\\\/person\\\/150590659efde715459d159da012f501\"},\"headline\":\"Un nou pasaj pe DN4, peste Autostrada Bucure\u015ftiului, a fost inaugurat&#8230; par\u021bial, \u00een aceast\u0103 diminea\u021b\u0103\",\"datePublished\":\"2024-03-12T08:26:58+00:00\",\"dateModified\":\"2024-03-12T09:38:48+00:00\",\"mainEntityOfPage\":{\"@id\":\"https:\\\/\\\/buletin.de\\\/bucuresti\\\/un-nou-pasaj-pe-dn4-peste-autostrada-bucurestiului-a-fost-inaugurat-partial-in-aceasta-dimineata\\\/\"},\"wordCount\":567,\"publisher\":{\"@id\":\"https:\\\/\\\/buletin.de\\\/bucuresti\\\/#organization\"},\"image\":{\"@id\":\"https:\\\/\\\/buletin.de\\\/bucuresti\\\/un-nou-pasaj-pe-dn4-peste-autostrada-bucurestiului-a-fost-inaugurat-partial-in-aceasta-dimineata\\\/#primaryimage\"},\"thumbnailUrl\":\"https:\\\/\\\/buletin.de\\\/bucuresti\\\/wp-content\\\/uploads\\\/Captura-de-ecran-CNAIR.png\",\"keywords\":[\"A0\",\"Autostrada Bucure\u0219tiului\",\"deschiderea circula\u021biei pe autostrada Capitalei\",\"Pasajul din DN4 peste A0\",\"\u0219oferi\",\"stadiul lucr\u0103rilor la A0\"],\"articleSection\":[\"Articole\",\"\u0218tiri\",\"Transport\"],\"inLanguage\":\"en-GB\",\"copyrightYear\":\"2024\",\"copyrightHolder\":{\"@id\":\"https:\\\/\\\/buletin.de\\\/bucuresti\\\/#organization\"}},{\"@type\":\"WebPage\",\"@id\":\"https:\\\/\\\/buletin.de\\\/bucuresti\\\/un-nou-pasaj-pe-dn4-peste-autostrada-bucurestiului-a-fost-inaugurat-partial-in-aceasta-dimineata\\\/\",\"url\":\"https:\\\/\\\/buletin.de\\\/bucuresti\\\/un-nou-pasaj-pe-dn4-peste-autostrada-bucurestiului-a-fost-inaugurat-partial-in-aceasta-dimineata\\\/\",\"name\":\"Un nou pasaj pe DN4, peste Autostrada Bucure\u015ftiului, a fost inaugurat... par\u021bial, \u00een aceast\u0103 diminea\u021b\u0103 - Buletin de Bucure\u0219ti\",\"isPartOf\":{\"@id\":\"https:\\\/\\\/buletin.de\\\/bucuresti\\\/#website\"},\"primaryImageOfPage\":{\"@id\":\"https:\\\/\\\/buletin.de\\\/bucuresti\\\/un-nou-pasaj-pe-dn4-peste-autostrada-bucurestiului-a-fost-inaugurat-partial-in-aceasta-dimineata\\\/#primaryimage\"},\"image\":{\"@id\":\"https:\\\/\\\/buletin.de\\\/bucuresti\\\/un-nou-pasaj-pe-dn4-peste-autostrada-bucurestiului-a-fost-inaugurat-partial-in-aceasta-dimineata\\\/#primaryimage\"},\"thumbnailUrl\":\"https:\\\/\\\/buletin.de\\\/bucuresti\\\/wp-content\\\/uploads\\\/Captura-de-ecran-CNAIR.png\",\"datePublished\":\"2024-03-12T08:26:58+00:00\",\"dateModified\":\"2024-03-12T09:38:48+00:00\",\"breadcrumb\":{\"@id\":\"https:\\\/\\\/buletin.de\\\/bucuresti\\\/un-nou-pasaj-pe-dn4-peste-autostrada-bucurestiului-a-fost-inaugurat-partial-in-aceasta-dimineata\\\/#breadcrumb\"},\"inLanguage\":\"en-GB\",\"potentialAction\":[{\"@type\":\"ReadAction\",\"target\":[\"https:\\\/\\\/buletin.de\\\/bucuresti\\\/un-nou-pasaj-pe-dn4-peste-autostrada-bucurestiului-a-fost-inaugurat-partial-in-aceasta-dimineata\\\/\"]}]},{\"@type\":\"ImageObject\",\"inLanguage\":\"en-GB\",\"@id\":\"https:\\\/\\\/buletin.de\\\/bucuresti\\\/un-nou-pasaj-pe-dn4-peste-autostrada-bucurestiului-a-fost-inaugurat-partial-in-aceasta-dimineata\\\/#primaryimage\",\"url\":\"https:\\\/\\\/buletin.de\\\/bucuresti\\\/wp-content\\\/uploads\\\/Captura-de-ecran-CNAIR.png\",\"contentUrl\":\"https:\\\/\\\/buletin.de\\\/bucuresti\\\/wp-content\\\/uploads\\\/Captura-de-ecran-CNAIR.png\",\"width\":848,\"height\":339,\"caption\":\"FOTO: Captur\u0103 de ecran\\\/ FB\\\/ CNAIR\"},{\"@type\":\"BreadcrumbList\",\"@id\":\"https:\\\/\\\/buletin.de\\\/bucuresti\\\/un-nou-pasaj-pe-dn4-peste-autostrada-bucurestiului-a-fost-inaugurat-partial-in-aceasta-dimineata\\\/#breadcrumb\",\"itemListElement\":[{\"@type\":\"ListItem\",\"position\":1,\"name\":\"Acas\u0103\",\"item\":\"https:\\\/\\\/buletin.de\\\/bucuresti\\\/\"},{\"@type\":\"ListItem\",\"position\":2,\"name\":\"Un nou pasaj pe DN4, peste Autostrada Bucure\u015ftiului, a fost inaugurat&#8230; par\u021bial, \u00een aceast\u0103 diminea\u021b\u0103\"}]},{\"@type\":\"WebSite\",\"@id\":\"https:\\\/\\\/buletin.de\\\/bucuresti\\\/#website\",\"url\":\"https:\\\/\\\/buletin.de\\\/bucuresti\\\/\",\"name\":\"Buletin de Bucure\u0219ti\",\"description\":\"\u0218tiri \u0219i investiga\u021bii esen\u021biale din capital\u0103\",\"publisher\":{\"@id\":\"https:\\\/\\\/buletin.de\\\/bucuresti\\\/#organization\"},\"potentialAction\":[{\"@type\":\"SearchAction\",\"target\":{\"@type\":\"EntryPoint\",\"urlTemplate\":\"https:\\\/\\\/buletin.de\\\/bucuresti\\\/?s={search_term_string}\"},\"query-input\":{\"@type\":\"PropertyValueSpecification\",\"valueRequired\":true,\"valueName\":\"search_term_string\"}}],\"inLanguage\":\"en-GB\"},{\"@type\":\"Organization\",\"@id\":\"https:\\\/\\\/buletin.de\\\/bucuresti\\\/#organization\",\"name\":\"Buletin de Bucure\u0219ti\",\"url\":\"https:\\\/\\\/buletin.de\\\/bucuresti\\\/\",\"logo\":{\"@type\":\"ImageObject\",\"inLanguage\":\"en-GB\",\"@id\":\"https:\\\/\\\/buletin.de\\\/bucuresti\\\/#\\\/schema\\\/logo\\\/image\\\/\",\"url\":\"https:\\\/\\\/buletin.de\\\/bucuresti\\\/wp-content\\\/uploads\\\/logo-bdb-full-wide-vernil-transparent.png\",\"contentUrl\":\"https:\\\/\\\/buletin.de\\\/bucuresti\\\/wp-content\\\/uploads\\\/logo-bdb-full-wide-vernil-transparent.png\",\"width\":1782,\"height\":626,\"caption\":\"Buletin de Bucure\u0219ti\"},\"image\":{\"@id\":\"https:\\\/\\\/buletin.de\\\/bucuresti\\\/#\\\/schema\\\/logo\\\/image\\\/\"},\"sameAs\":[\"https:\\\/\\\/www.facebook.com\\\/buletin.de.buc\",\"https:\\\/\\\/www.instagram.com\\\/buletinde.bucuresti\\\/\"]},{\"@type\":\"Person\",\"@id\":\"https:\\\/\\\/buletin.de\\\/bucuresti\\\/#\\\/schema\\\/person\\\/150590659efde715459d159da012f501\",\"name\":\"Andreea Tudor\",\"image\":{\"@type\":\"ImageObject\",\"inLanguage\":\"en-GB\",\"@id\":\"https:\\\/\\\/secure.gravatar.com\\\/avatar\\\/a88705a186ab0b67f3349bcbced506c09e37256fbaad0e7f3bd1a79b4599f589?s=96&d=monsterid&r=g79290610aa1a65c2b86eebc2ca5aee8f\",\"url\":\"https:\\\/\\\/secure.gravatar.com\\\/avatar\\\/a88705a186ab0b67f3349bcbced506c09e37256fbaad0e7f3bd1a79b4599f589?s=96&d=monsterid&r=g\",\"contentUrl\":\"https:\\\/\\\/secure.gravatar.com\\\/avatar\\\/a88705a186ab0b67f3349bcbced506c09e37256fbaad0e7f3bd1a79b4599f589?s=96&d=monsterid&r=g\",\"caption\":\"Andreea Tudor\"},\"description\":\"N\u0103scut\u0103 \u0219i crescut\u0103 \u00een Bucure\u0219ti, sus\u021bin\u0103toare a presei independente. A\u0219a am ajuns redactor la Buletin de Bucure\u0219ti. Fiind eu, \u00eens\u0103mi, parte a sistemului de \u00eenv\u0103\u021b\u0103m\u00e2nt rom\u00e2nesc \u0219i pasionat\u0103 de domeniul social, pun sub lup\u0103 tot ceea ce se \u00eent\u00e2mpl\u0103 \u00een sfera educa\u021biei. Cred cu t\u0103rie c\u0103 presa \u201epentru cet\u0103\u021beni\u201d este presa independent\u0103. Oamenii au nevoie de o informare corect\u0103 pentru a \u00een\u021belege pe deplin ce se \u00eent\u00e2mpl\u0103 \u00een jurul lor \u0219i pentru a lua ac\u021biune \u00eempotriva nedrept\u0103\u021bilor.\",\"url\":\"https:\\\/\\\/buletin.de\\\/bucuresti\\\/author\\\/andreeatudor\\\/\"}]}<\/script>\n<!-- \/ Yoast SEO Premium plugin. -->","yoast_head_json":{"title":"Un nou pasaj pe DN4, peste Autostrada Bucure\u015ftiului, a fost inaugurat... par\u021bial, \u00een aceast\u0103 diminea\u021b\u0103 - Buletin de Bucure\u0219ti","robots":{"index":"index","follow":"follow","max-snippet":"max-snippet:-1","max-image-preview":"max-image-preview:large","max-video-preview":"max-video-preview:-1"},"canonical":"https:\/\/buletin.de\/bucuresti\/un-nou-pasaj-pe-dn4-peste-autostrada-bucurestiului-a-fost-inaugurat-partial-in-aceasta-dimineata\/","og_locale":"en_GB","og_type":"article","og_title":"Un nou pasaj pe DN4, peste Autostrada Bucure\u015ftiului, a fost inaugurat... par\u021bial, \u00een aceast\u0103 diminea\u021b\u0103","og_description":"Noul pasaj de pe DN4, peste A0, a fost dat \u00een trafic ast\u0103zi, 12 martie, de la ora 09:00, \u00eens\u0103 circula\u021bia se va desf\u0103\u0219ura doar pe o singur\u0103 band\u0103 pe sens \u201edin motive de siguran\u021b\u0103\u201d, anun\u021b\u0103 Irinel Ionel Scrio\u0219teanu, secretar de stat \u00een Ministerul Transporturilor. Potrivit oficialului, \u201edeschiderea acestui pasaj a fost necesar\u0103 pentru ca [&hellip;]","og_url":"https:\/\/buletin.de\/bucuresti\/un-nou-pasaj-pe-dn4-peste-autostrada-bucurestiului-a-fost-inaugurat-partial-in-aceasta-dimineata\/","og_site_name":"Buletin de Bucure\u0219ti","article_publisher":"https:\/\/www.facebook.com\/buletin.de.buc","article_published_time":"2024-03-12T08:26:58+00:00","article_modified_time":"2024-03-12T09:38:48+00:00","og_image":[{"width":848,"height":339,"url":"https:\/\/buletin.de\/bucuresti\/wp-content\/uploads\/Captura-de-ecran-CNAIR.png","type":"image\/png"}],"author":"Andreea Tudor","twitter_card":"summary_large_image","twitter_misc":{"Written by":"Andreea Tudor","Estimated reading time":"2 minutes"},"schema":{"@context":"https:\/\/schema.org","@graph":[{"@type":"Article","@id":"https:\/\/buletin.de\/bucuresti\/un-nou-pasaj-pe-dn4-peste-autostrada-bucurestiului-a-fost-inaugurat-partial-in-aceasta-dimineata\/#article","isPartOf":{"@id":"https:\/\/buletin.de\/bucuresti\/un-nou-pasaj-pe-dn4-peste-autostrada-bucurestiului-a-fost-inaugurat-partial-in-aceasta-dimineata\/"},"author":{"name":"Andreea Tudor","@id":"https:\/\/buletin.de\/bucuresti\/#\/schema\/person\/150590659efde715459d159da012f501"},"headline":"Un nou pasaj pe DN4, peste Autostrada Bucure\u015ftiului, a fost inaugurat&#8230; par\u021bial, \u00een aceast\u0103 diminea\u021b\u0103","datePublished":"2024-03-12T08:26:58+00:00","dateModified":"2024-03-12T09:38:48+00:00","mainEntityOfPage":{"@id":"https:\/\/buletin.de\/bucuresti\/un-nou-pasaj-pe-dn4-peste-autostrada-bucurestiului-a-fost-inaugurat-partial-in-aceasta-dimineata\/"},"wordCount":567,"publisher":{"@id":"https:\/\/buletin.de\/bucuresti\/#organization"},"image":{"@id":"https:\/\/buletin.de\/bucuresti\/un-nou-pasaj-pe-dn4-peste-autostrada-bucurestiului-a-fost-inaugurat-partial-in-aceasta-dimineata\/#primaryimage"},"thumbnailUrl":"https:\/\/buletin.de\/bucuresti\/wp-content\/uploads\/Captura-de-ecran-CNAIR.png","keywords":["A0","Autostrada Bucure\u0219tiului","deschiderea circula\u021biei pe autostrada Capitalei","Pasajul din DN4 peste A0","\u0219oferi","stadiul lucr\u0103rilor la A0"],"articleSection":["Articole","\u0218tiri","Transport"],"inLanguage":"en-GB","copyrightYear":"2024","copyrightHolder":{"@id":"https:\/\/buletin.de\/bucuresti\/#organization"}},{"@type":"WebPage","@id":"https:\/\/buletin.de\/bucuresti\/un-nou-pasaj-pe-dn4-peste-autostrada-bucurestiului-a-fost-inaugurat-partial-in-aceasta-dimineata\/","url":"https:\/\/buletin.de\/bucuresti\/un-nou-pasaj-pe-dn4-peste-autostrada-bucurestiului-a-fost-inaugurat-partial-in-aceasta-dimineata\/","name":"Un nou pasaj pe DN4, peste Autostrada Bucure\u015ftiului, a fost inaugurat... par\u021bial, \u00een aceast\u0103 diminea\u021b\u0103 - Buletin de Bucure\u0219ti","isPartOf":{"@id":"https:\/\/buletin.de\/bucuresti\/#website"},"primaryImageOfPage":{"@id":"https:\/\/buletin.de\/bucuresti\/un-nou-pasaj-pe-dn4-peste-autostrada-bucurestiului-a-fost-inaugurat-partial-in-aceasta-dimineata\/#primaryimage"},"image":{"@id":"https:\/\/buletin.de\/bucuresti\/un-nou-pasaj-pe-dn4-peste-autostrada-bucurestiului-a-fost-inaugurat-partial-in-aceasta-dimineata\/#primaryimage"},"thumbnailUrl":"https:\/\/buletin.de\/bucuresti\/wp-content\/uploads\/Captura-de-ecran-CNAIR.png","datePublished":"2024-03-12T08:26:58+00:00","dateModified":"2024-03-12T09:38:48+00:00","breadcrumb":{"@id":"https:\/\/buletin.de\/bucuresti\/un-nou-pasaj-pe-dn4-peste-autostrada-bucurestiului-a-fost-inaugurat-partial-in-aceasta-dimineata\/#breadcrumb"},"inLanguage":"en-GB","potentialAction":[{"@type":"ReadAction","target":["https:\/\/buletin.de\/bucuresti\/un-nou-pasaj-pe-dn4-peste-autostrada-bucurestiului-a-fost-inaugurat-partial-in-aceasta-dimineata\/"]}]},{"@type":"ImageObject","inLanguage":"en-GB","@id":"https:\/\/buletin.de\/bucuresti\/un-nou-pasaj-pe-dn4-peste-autostrada-bucurestiului-a-fost-inaugurat-partial-in-aceasta-dimineata\/#primaryimage","url":"https:\/\/buletin.de\/bucuresti\/wp-content\/uploads\/Captura-de-ecran-CNAIR.png","contentUrl":"https:\/\/buletin.de\/bucuresti\/wp-content\/uploads\/Captura-de-ecran-CNAIR.png","width":848,"height":339,"caption":"FOTO: Captur\u0103 de ecran\/ FB\/ CNAIR"},{"@type":"BreadcrumbList","@id":"https:\/\/buletin.de\/bucuresti\/un-nou-pasaj-pe-dn4-peste-autostrada-bucurestiului-a-fost-inaugurat-partial-in-aceasta-dimineata\/#breadcrumb","itemListElement":[{"@type":"ListItem","position":1,"name":"Acas\u0103","item":"https:\/\/buletin.de\/bucuresti\/"},{"@type":"ListItem","position":2,"name":"Un nou pasaj pe DN4, peste Autostrada Bucure\u015ftiului, a fost inaugurat&#8230; par\u021bial, \u00een aceast\u0103 diminea\u021b\u0103"}]},{"@type":"WebSite","@id":"https:\/\/buletin.de\/bucuresti\/#website","url":"https:\/\/buletin.de\/bucuresti\/","name":"Buletin de Bucure\u0219ti","description":"\u0218tiri \u0219i investiga\u021bii esen\u021biale din capital\u0103","publisher":{"@id":"https:\/\/buletin.de\/bucuresti\/#organization"},"potentialAction":[{"@type":"SearchAction","target":{"@type":"EntryPoint","urlTemplate":"https:\/\/buletin.de\/bucuresti\/?s={search_term_string}"},"query-input":{"@type":"PropertyValueSpecification","valueRequired":true,"valueName":"search_term_string"}}],"inLanguage":"en-GB"},{"@type":"Organization","@id":"https:\/\/buletin.de\/bucuresti\/#organization","name":"Buletin de Bucure\u0219ti","url":"https:\/\/buletin.de\/bucuresti\/","logo":{"@type":"ImageObject","inLanguage":"en-GB","@id":"https:\/\/buletin.de\/bucuresti\/#\/schema\/logo\/image\/","url":"https:\/\/buletin.de\/bucuresti\/wp-content\/uploads\/logo-bdb-full-wide-vernil-transparent.png","contentUrl":"https:\/\/buletin.de\/bucuresti\/wp-content\/uploads\/logo-bdb-full-wide-vernil-transparent.png","width":1782,"height":626,"caption":"Buletin de Bucure\u0219ti"},"image":{"@id":"https:\/\/buletin.de\/bucuresti\/#\/schema\/logo\/image\/"},"sameAs":["https:\/\/www.facebook.com\/buletin.de.buc","https:\/\/www.instagram.com\/buletinde.bucuresti\/"]},{"@type":"Person","@id":"https:\/\/buletin.de\/bucuresti\/#\/schema\/person\/150590659efde715459d159da012f501","name":"Andreea Tudor","image":{"@type":"ImageObject","inLanguage":"en-GB","@id":"https:\/\/secure.gravatar.com\/avatar\/a88705a186ab0b67f3349bcbced506c09e37256fbaad0e7f3bd1a79b4599f589?s=96&d=monsterid&r=g79290610aa1a65c2b86eebc2ca5aee8f","url":"https:\/\/secure.gravatar.com\/avatar\/a88705a186ab0b67f3349bcbced506c09e37256fbaad0e7f3bd1a79b4599f589?s=96&d=monsterid&r=g","contentUrl":"https:\/\/secure.gravatar.com\/avatar\/a88705a186ab0b67f3349bcbced506c09e37256fbaad0e7f3bd1a79b4599f589?s=96&d=monsterid&r=g","caption":"Andreea Tudor"},"description":"N\u0103scut\u0103 \u0219i crescut\u0103 \u00een Bucure\u0219ti, sus\u021bin\u0103toare a presei independente. A\u0219a am ajuns redactor la Buletin de Bucure\u0219ti. Fiind eu, \u00eens\u0103mi, parte a sistemului de \u00eenv\u0103\u021b\u0103m\u00e2nt rom\u00e2nesc \u0219i pasionat\u0103 de domeniul social, pun sub lup\u0103 tot ceea ce se \u00eent\u00e2mpl\u0103 \u00een sfera educa\u021biei. Cred cu t\u0103rie c\u0103 presa \u201epentru cet\u0103\u021beni\u201d este presa independent\u0103. Oamenii au nevoie de o informare corect\u0103 pentru a \u00een\u021belege pe deplin ce se \u00eent\u00e2mpl\u0103 \u00een jurul lor \u0219i pentru a lua ac\u021biune \u00eempotriva nedrept\u0103\u021bilor.","url":"https:\/\/buletin.de\/bucuresti\/author\/andreeatudor\/"}]}},"authors":[{"term_id":22573,"user_id":55,"is_guest":0,"slug":"andreeatudor","display_name":"Andreea Tudor","avatar_url":"https:\/\/secure.gravatar.com\/avatar\/a88705a186ab0b67f3349bcbced506c09e37256fbaad0e7f3bd1a79b4599f589?s=96&d=monsterid&r=g","0":null,"1":"","2":"","3":"","4":"","5":"","6":"","7":"","8":""}],"_links":{"self":[{"href":"https:\/\/buletin.de\/bucuresti\/wp-json\/wp\/v2\/posts\/79808","targetHints":{"allow":["GET"]}}],"collection":[{"href":"https:\/\/buletin.de\/bucuresti\/wp-json\/wp\/v2\/posts"}],"about":[{"href":"https:\/\/buletin.de\/bucuresti\/wp-json\/wp\/v2\/types\/post"}],"author":[{"embeddable":true,"href":"https:\/\/buletin.de\/bucuresti\/wp-json\/wp\/v2\/users\/55"}],"replies":[{"embeddable":true,"href":"https:\/\/buletin.de\/bucuresti\/wp-json\/wp\/v2\/comments?post=79808"}],"version-history":[{"count":6,"href":"https:\/\/buletin.de\/bucuresti\/wp-json\/wp\/v2\/posts\/79808\/revisions"}],"predecessor-version":[{"id":79827,"href":"https:\/\/buletin.de\/bucuresti\/wp-json\/wp\/v2\/posts\/79808\/revisions\/79827"}],"wp:featuredmedia":[{"embeddable":true,"href":"https:\/\/buletin.de\/bucuresti\/wp-json\/wp\/v2\/media\/79818"}],"wp:attachment":[{"href":"https:\/\/buletin.de\/bucuresti\/wp-json\/wp\/v2\/media?parent=79808"}],"wp:term":[{"taxonomy":"category","embeddable":true,"href":"https:\/\/buletin.de\/bucuresti\/wp-json\/wp\/v2\/categories?post=79808"},{"taxonomy":"post_tag","embeddable":true,"href":"https:\/\/buletin.de\/bucuresti\/wp-json\/wp\/v2\/tags?post=79808"},{"taxonomy":"author","embeddable":true,"href":"https:\/\/buletin.de\/bucuresti\/wp-json\/wp\/v2\/ppma_author?post=79808"}],"curies":[{"name":"wp","href":"https:\/\/api.w.org\/{rel}","templated":true}]}}