{"id":7955,"date":"2020-06-10T12:22:31","date_gmt":"2020-06-10T09:22:31","guid":{"rendered":"https:\/\/buletin.de\/bucuresti\/?p=7955"},"modified":"2020-06-10T12:25:04","modified_gmt":"2020-06-10T09:25:04","slug":"foto-video-scandal-la-spitalul-marie-curie-zeci-de-parinti-cu-bebelusi-asteapta-in-soare-si-aglomeratie","status":"publish","type":"post","link":"https:\/\/buletin.de\/bucuresti\/foto-video-scandal-la-spitalul-marie-curie-zeci-de-parinti-cu-bebelusi-asteapta-in-soare-si-aglomeratie\/","title":{"rendered":"FOTO-VIDEO. Scandal la Spitalul Marie Curie. Zeci de p\u0103rin\u021bi cu bebelu\u0219i a\u0219teapt\u0103 \u00een soare \u0219i aglomera\u021bie"},"content":{"rendered":"\n<p>Zeci de p\u0103rin\u021bi cu copii mici stau la cozi, \u00een \u00eenghesuiala, la Spitalul Marie Curie. Nu se respect\u0103 regulile de distan\u021bare social\u0103 nici afar\u0103, nici \u00een\u0103untru. Una dintrele mamele cu care am discutat ne-a spus c\u0103 a a\u0219teptat o or\u0103 \u0219i 45 de minute afar\u0103, la triaj, al\u0103turi de al\u021bi p\u0103rin\u021bi care st\u0103teau cu \u201ebebelu\u0219i mici \u00een soare\u201d. <\/p>\n\n\n\n<figure class=\"wp-block-image size-large is-resized\"><img fetchpriority=\"high\" decoding=\"async\" src=\"data:image\/gif;base64,R0lGODlhAQABAAAAACH5BAEKAAEALAAAAAABAAEAAAICTAEAOw==\" data-src=\"https:\/\/buletin.de\/bucuresti\/wp-content\/uploads\/103337456_248386199777580_5753058837489268213_n-900x675.jpg\" alt=\"\" class=\"wp-image-7958 lazyload\" width=\"900\" height=\"675\" data-sizes=\"auto\" data-srcset=\"https:\/\/buletin.de\/bucuresti\/wp-content\/uploads\/103337456_248386199777580_5753058837489268213_n-900x675.jpg 900w, https:\/\/buletin.de\/bucuresti\/wp-content\/uploads\/103337456_248386199777580_5753058837489268213_n-600x450.jpg 600w, https:\/\/buletin.de\/bucuresti\/wp-content\/uploads\/103337456_248386199777580_5753058837489268213_n-300x225.jpg 300w, https:\/\/buletin.de\/bucuresti\/wp-content\/uploads\/103337456_248386199777580_5753058837489268213_n-768x576.jpg 768w, https:\/\/buletin.de\/bucuresti\/wp-content\/uploads\/103337456_248386199777580_5753058837489268213_n-1536x1152.jpg 1536w, https:\/\/buletin.de\/bucuresti\/wp-content\/uploads\/103337456_248386199777580_5753058837489268213_n-1060x795.jpg 1060w, https:\/\/buletin.de\/bucuresti\/wp-content\/uploads\/103337456_248386199777580_5753058837489268213_n-550x413.jpg 550w, https:\/\/buletin.de\/bucuresti\/wp-content\/uploads\/103337456_248386199777580_5753058837489268213_n-667x500.jpg 667w, https:\/\/buletin.de\/bucuresti\/wp-content\/uploads\/103337456_248386199777580_5753058837489268213_n-1920x1440.jpg 1920w, https:\/\/buletin.de\/bucuresti\/wp-content\/uploads\/103337456_248386199777580_5753058837489268213_n-1440x1080.jpg 1440w, https:\/\/buletin.de\/bucuresti\/wp-content\/uploads\/103337456_248386199777580_5753058837489268213_n.jpg 2048w\" sizes=\"(max-width: 900px) 100vw, 900px\" \/><\/figure>\n\n\n\n<figure class=\"wp-block-image size-large is-resized\"><img decoding=\"async\" src=\"data:image\/gif;base64,R0lGODlhAQABAAAAACH5BAEKAAEALAAAAAABAAEAAAICTAEAOw==\" data-src=\"https:\/\/buletin.de\/bucuresti\/wp-content\/uploads\/103373698_329452744709154_696931125473222551_n-675x900.jpg\" alt=\"\" class=\"wp-image-7959 lazyload\" width=\"675\" height=\"900\" data-sizes=\"auto\" data-srcset=\"https:\/\/buletin.de\/bucuresti\/wp-content\/uploads\/103373698_329452744709154_696931125473222551_n-675x900.jpg 675w, https:\/\/buletin.de\/bucuresti\/wp-content\/uploads\/103373698_329452744709154_696931125473222551_n-600x800.jpg 600w, https:\/\/buletin.de\/bucuresti\/wp-content\/uploads\/103373698_329452744709154_696931125473222551_n-225x300.jpg 225w, https:\/\/buletin.de\/bucuresti\/wp-content\/uploads\/103373698_329452744709154_696931125473222551_n-768x1024.jpg 768w, https:\/\/buletin.de\/bucuresti\/wp-content\/uploads\/103373698_329452744709154_696931125473222551_n-1152x1536.jpg 1152w, https:\/\/buletin.de\/bucuresti\/wp-content\/uploads\/103373698_329452744709154_696931125473222551_n-1060x1413.jpg 1060w, https:\/\/buletin.de\/bucuresti\/wp-content\/uploads\/103373698_329452744709154_696931125473222551_n-550x733.jpg 550w, https:\/\/buletin.de\/bucuresti\/wp-content\/uploads\/103373698_329452744709154_696931125473222551_n-375x500.jpg 375w, https:\/\/buletin.de\/bucuresti\/wp-content\/uploads\/103373698_329452744709154_696931125473222551_n-810x1080.jpg 810w, https:\/\/buletin.de\/bucuresti\/wp-content\/uploads\/103373698_329452744709154_696931125473222551_n.jpg 1536w\" sizes=\"(max-width: 675px) 100vw, 675px\" \/><\/figure>\n\n\n\n<figure class=\"wp-block-image size-large is-resized\"><img decoding=\"async\" src=\"data:image\/gif;base64,R0lGODlhAQABAAAAACH5BAEKAAEALAAAAAABAAEAAAICTAEAOw==\" data-src=\"https:\/\/buletin.de\/bucuresti\/wp-content\/uploads\/103333262_194006731837564_7093802139829309041_n-675x900.jpg\" alt=\"\" class=\"wp-image-7960 lazyload\" width=\"675\" height=\"900\" data-sizes=\"auto\" data-srcset=\"https:\/\/buletin.de\/bucuresti\/wp-content\/uploads\/103333262_194006731837564_7093802139829309041_n-675x900.jpg 675w, https:\/\/buletin.de\/bucuresti\/wp-content\/uploads\/103333262_194006731837564_7093802139829309041_n-600x800.jpg 600w, https:\/\/buletin.de\/bucuresti\/wp-content\/uploads\/103333262_194006731837564_7093802139829309041_n-225x300.jpg 225w, https:\/\/buletin.de\/bucuresti\/wp-content\/uploads\/103333262_194006731837564_7093802139829309041_n-768x1024.jpg 768w, https:\/\/buletin.de\/bucuresti\/wp-content\/uploads\/103333262_194006731837564_7093802139829309041_n-1152x1536.jpg 1152w, https:\/\/buletin.de\/bucuresti\/wp-content\/uploads\/103333262_194006731837564_7093802139829309041_n-1060x1413.jpg 1060w, https:\/\/buletin.de\/bucuresti\/wp-content\/uploads\/103333262_194006731837564_7093802139829309041_n-550x733.jpg 550w, https:\/\/buletin.de\/bucuresti\/wp-content\/uploads\/103333262_194006731837564_7093802139829309041_n-375x500.jpg 375w, https:\/\/buletin.de\/bucuresti\/wp-content\/uploads\/103333262_194006731837564_7093802139829309041_n-810x1080.jpg 810w, https:\/\/buletin.de\/bucuresti\/wp-content\/uploads\/103333262_194006731837564_7093802139829309041_n.jpg 1536w\" sizes=\"(max-width: 675px) 100vw, 675px\" \/><\/figure>\n\n\n\n<figure class=\"wp-block-image size-large is-resized\"><img loading=\"lazy\" decoding=\"async\" src=\"data:image\/gif;base64,R0lGODlhAQABAAAAACH5BAEKAAEALAAAAAABAAEAAAICTAEAOw==\" data-src=\"https:\/\/buletin.de\/bucuresti\/wp-content\/uploads\/104112426_567205284191804_7046942101307272958_n-675x900.jpg\" alt=\"\" class=\"wp-image-7965 lazyload\" width=\"675\" height=\"900\" data-sizes=\"auto\" data-srcset=\"https:\/\/buletin.de\/bucuresti\/wp-content\/uploads\/104112426_567205284191804_7046942101307272958_n-675x900.jpg 675w, https:\/\/buletin.de\/bucuresti\/wp-content\/uploads\/104112426_567205284191804_7046942101307272958_n-scaled-600x800.jpg 600w, https:\/\/buletin.de\/bucuresti\/wp-content\/uploads\/104112426_567205284191804_7046942101307272958_n-225x300.jpg 225w, https:\/\/buletin.de\/bucuresti\/wp-content\/uploads\/104112426_567205284191804_7046942101307272958_n-768x1024.jpg 768w, https:\/\/buletin.de\/bucuresti\/wp-content\/uploads\/104112426_567205284191804_7046942101307272958_n-1152x1536.jpg 1152w, https:\/\/buletin.de\/bucuresti\/wp-content\/uploads\/104112426_567205284191804_7046942101307272958_n-1536x2048.jpg 1536w, https:\/\/buletin.de\/bucuresti\/wp-content\/uploads\/104112426_567205284191804_7046942101307272958_n-1060x1413.jpg 1060w, https:\/\/buletin.de\/bucuresti\/wp-content\/uploads\/104112426_567205284191804_7046942101307272958_n-550x733.jpg 550w, https:\/\/buletin.de\/bucuresti\/wp-content\/uploads\/104112426_567205284191804_7046942101307272958_n-375x500.jpg 375w, https:\/\/buletin.de\/bucuresti\/wp-content\/uploads\/104112426_567205284191804_7046942101307272958_n-scaled.jpg 1920w, https:\/\/buletin.de\/bucuresti\/wp-content\/uploads\/104112426_567205284191804_7046942101307272958_n-810x1080.jpg 810w\" sizes=\"(max-width: 675px) 100vw, 675px\" \/><\/figure>\n\n\n\n<figure class=\"wp-block-video\"><video controls src=\"https:\/\/buletin.de\/bucuresti\/wp-content\/uploads\/video-1591777388.mp4\"><\/video><\/figure>\n\n\n\n<p><\/p>\n\n\n\n<blockquote class=\"wp-block-quote is-layout-flow wp-block-quote-is-layout-flow\"><p>\u201dEste ora 11 f\u0103r\u0103 10 \u0219i sunt la a 3a coad\u0103 s\u0103 las o monstr\u0103 de scaun, av\u00e2nd programare la ora 9. Posibil la 12 s\u0103 reu\u0219esc.\u201d<\/p><cite>ne-a spus o mam\u0103 <\/cite><\/blockquote>\n\n\n\n<p>\u00cen film\u0103ri se observ\u0103 mai mul\u021bi p\u0103rin\u021bi agita\u021bi \u0219i nemul\u021bumi\u021bi de condi\u021biile puse la dispozi\u021bie de Spitalul Marie Curie. Ei cer s\u0103 se fac\u0103 ordine, coloane \u0219i corturi la umbr\u0103 cu ap\u0103.<\/p>\n\n\n\n<figure class=\"wp-block-video\"><video controls src=\"https:\/\/buletin.de\/bucuresti\/wp-content\/uploads\/video-1591775653.mp4\"><\/video><\/figure>\n\n\n\n<p><\/p>\n\n\n\n<figure class=\"wp-block-video\"><video controls src=\"https:\/\/buletin.de\/bucuresti\/wp-content\/uploads\/video-1591775628.mp4\"><\/video><\/figure>\n\n\n\n<blockquote class=\"wp-block-quote is-layout-flow wp-block-quote-is-layout-flow\"><p>\u201eStau femei cu copii mici, bebelu\u0219i, nu se poate chiar a\u0219a. Eu stau cu caca-n m\u00e2n\u0103, m\u0103-n\u021belege\u021bi, \u00een c\u0103ldur\u0103. Ce rost mai are s\u0103-l mai duc?<\/p><\/blockquote>\n\n\n\n<p><\/p>\n","protected":false},"excerpt":{"rendered":"<p>Zeci de p\u0103rin\u021bi cu copii mici stau la cozi, \u00een \u00eenghesuiala, la Spitalul Marie Curie. Nu se respect\u0103 regulile de distan\u021bare social\u0103 nici afar\u0103, nici \u00een\u0103untru. Una dintrele mamele cu care am discutat ne-a spus c\u0103 a a\u0219teptat o or\u0103 \u0219i 45 de minute afar\u0103, la triaj, al\u0103turi de al\u021bi p\u0103rin\u021bi care st\u0103teau cu \u201ebebelu\u0219i [&hellip;]<\/p>\n","protected":false},"author":6,"featured_media":7958,"comment_status":"closed","ping_status":"open","sticky":false,"template":"","format":"standard","meta":{"_acf_changed":false,"inline_featured_image":false,"ngg_post_thumbnail":0,"footnotes":""},"categories":[996,4,62],"tags":[1131,529,1130],"ppma_author":[22588],"class_list":["post-7955","post","type-post","status-publish","format-standard","has-post-thumbnail","hentry","category-covid-19","category-sanatate","category-stiri","tag-aglomeratie-spital-marie-curie","tag-coronavirus","tag-spitalul-marie-curie"],"acf":[],"yoast_head":"<!-- This site is optimized with the Yoast SEO Premium plugin v25.3 (Yoast SEO v27.4) - https:\/\/yoast.com\/product\/yoast-seo-premium-wordpress\/ -->\n<title>FOTO-VIDEO. Scandal la Spitalul Marie Curie. Zeci de p\u0103rin\u021bi cu bebelu\u0219i a\u0219teapt\u0103 \u00een soare \u0219i aglomera\u021bie - Buletin de Bucure\u0219ti<\/title>\n<meta name=\"robots\" content=\"index, follow, max-snippet:-1, max-image-preview:large, max-video-preview:-1\" \/>\n<link rel=\"canonical\" href=\"https:\/\/buletin.de\/bucuresti\/foto-video-scandal-la-spitalul-marie-curie-zeci-de-parinti-cu-bebelusi-asteapta-in-soare-si-aglomeratie\/\" \/>\n<meta property=\"og:locale\" content=\"en_GB\" \/>\n<meta property=\"og:type\" content=\"article\" \/>\n<meta property=\"og:title\" content=\"FOTO-VIDEO. Scandal la Spitalul Marie Curie. Zeci de p\u0103rin\u021bi cu bebelu\u0219i a\u0219teapt\u0103 \u00een soare \u0219i aglomera\u021bie\" \/>\n<meta property=\"og:description\" content=\"Zeci de p\u0103rin\u021bi cu copii mici stau la cozi, \u00een \u00eenghesuiala, la Spitalul Marie Curie. Nu se respect\u0103 regulile de distan\u021bare social\u0103 nici afar\u0103, nici \u00een\u0103untru. Una dintrele mamele cu care am discutat ne-a spus c\u0103 a a\u0219teptat o or\u0103 \u0219i 45 de minute afar\u0103, la triaj, al\u0103turi de al\u021bi p\u0103rin\u021bi care st\u0103teau cu \u201ebebelu\u0219i [&hellip;]\" \/>\n<meta property=\"og:url\" content=\"https:\/\/buletin.de\/bucuresti\/foto-video-scandal-la-spitalul-marie-curie-zeci-de-parinti-cu-bebelusi-asteapta-in-soare-si-aglomeratie\/\" \/>\n<meta property=\"og:site_name\" content=\"Buletin de Bucure\u0219ti\" \/>\n<meta property=\"article:publisher\" content=\"https:\/\/www.facebook.com\/buletin.de.buc\" \/>\n<meta property=\"article:published_time\" content=\"2020-06-10T09:22:31+00:00\" \/>\n<meta property=\"article:modified_time\" content=\"2020-06-10T09:25:04+00:00\" \/>\n<meta property=\"og:image\" content=\"https:\/\/buletin.de\/bucuresti\/wp-content\/uploads\/103337456_248386199777580_5753058837489268213_n.jpg\" \/>\n\t<meta property=\"og:image:width\" content=\"2048\" \/>\n\t<meta property=\"og:image:height\" content=\"1536\" \/>\n\t<meta property=\"og:image:type\" content=\"image\/jpeg\" \/>\n<meta name=\"author\" content=\"Bianca Albu\" \/>\n<meta name=\"twitter:card\" content=\"summary_large_image\" \/>\n<meta name=\"twitter:label1\" content=\"Written by\" \/>\n\t<meta name=\"twitter:data1\" content=\"Bianca Albu\" \/>\n\t<meta name=\"twitter:label2\" content=\"Estimated reading time\" \/>\n\t<meta name=\"twitter:data2\" content=\"1 minute\" \/>\n<script type=\"application\/ld+json\" class=\"yoast-schema-graph\">{\"@context\":\"https:\\\/\\\/schema.org\",\"@graph\":[{\"@type\":\"Article\",\"@id\":\"https:\\\/\\\/buletin.de\\\/bucuresti\\\/foto-video-scandal-la-spitalul-marie-curie-zeci-de-parinti-cu-bebelusi-asteapta-in-soare-si-aglomeratie\\\/#article\",\"isPartOf\":{\"@id\":\"https:\\\/\\\/buletin.de\\\/bucuresti\\\/foto-video-scandal-la-spitalul-marie-curie-zeci-de-parinti-cu-bebelusi-asteapta-in-soare-si-aglomeratie\\\/\"},\"author\":{\"name\":\"Bianca Albu\",\"@id\":\"https:\\\/\\\/buletin.de\\\/bucuresti\\\/#\\\/schema\\\/person\\\/295dc2228d2dc79294d636619468dc7f\"},\"headline\":\"FOTO-VIDEO. Scandal la Spitalul Marie Curie. Zeci de p\u0103rin\u021bi cu bebelu\u0219i a\u0219teapt\u0103 \u00een soare \u0219i aglomera\u021bie\",\"datePublished\":\"2020-06-10T09:22:31+00:00\",\"dateModified\":\"2020-06-10T09:25:04+00:00\",\"mainEntityOfPage\":{\"@id\":\"https:\\\/\\\/buletin.de\\\/bucuresti\\\/foto-video-scandal-la-spitalul-marie-curie-zeci-de-parinti-cu-bebelusi-asteapta-in-soare-si-aglomeratie\\\/\"},\"wordCount\":194,\"publisher\":{\"@id\":\"https:\\\/\\\/buletin.de\\\/bucuresti\\\/#organization\"},\"image\":{\"@id\":\"https:\\\/\\\/buletin.de\\\/bucuresti\\\/foto-video-scandal-la-spitalul-marie-curie-zeci-de-parinti-cu-bebelusi-asteapta-in-soare-si-aglomeratie\\\/#primaryimage\"},\"thumbnailUrl\":\"https:\\\/\\\/buletin.de\\\/bucuresti\\\/wp-content\\\/uploads\\\/103337456_248386199777580_5753058837489268213_n.jpg\",\"keywords\":[\"aglomeratie spital marie curie\",\"coronavirus\",\"spitalul marie curie\"],\"articleSection\":[\"Covid-19\",\"S\u0103n\u0103tate\",\"\u0218tiri\"],\"inLanguage\":\"en-GB\",\"copyrightYear\":\"2020\",\"copyrightHolder\":{\"@id\":\"https:\\\/\\\/buletin.de\\\/bucuresti\\\/#organization\"}},{\"@type\":\"WebPage\",\"@id\":\"https:\\\/\\\/buletin.de\\\/bucuresti\\\/foto-video-scandal-la-spitalul-marie-curie-zeci-de-parinti-cu-bebelusi-asteapta-in-soare-si-aglomeratie\\\/\",\"url\":\"https:\\\/\\\/buletin.de\\\/bucuresti\\\/foto-video-scandal-la-spitalul-marie-curie-zeci-de-parinti-cu-bebelusi-asteapta-in-soare-si-aglomeratie\\\/\",\"name\":\"FOTO-VIDEO. Scandal la Spitalul Marie Curie. Zeci de p\u0103rin\u021bi cu bebelu\u0219i a\u0219teapt\u0103 \u00een soare \u0219i aglomera\u021bie - Buletin de Bucure\u0219ti\",\"isPartOf\":{\"@id\":\"https:\\\/\\\/buletin.de\\\/bucuresti\\\/#website\"},\"primaryImageOfPage\":{\"@id\":\"https:\\\/\\\/buletin.de\\\/bucuresti\\\/foto-video-scandal-la-spitalul-marie-curie-zeci-de-parinti-cu-bebelusi-asteapta-in-soare-si-aglomeratie\\\/#primaryimage\"},\"image\":{\"@id\":\"https:\\\/\\\/buletin.de\\\/bucuresti\\\/foto-video-scandal-la-spitalul-marie-curie-zeci-de-parinti-cu-bebelusi-asteapta-in-soare-si-aglomeratie\\\/#primaryimage\"},\"thumbnailUrl\":\"https:\\\/\\\/buletin.de\\\/bucuresti\\\/wp-content\\\/uploads\\\/103337456_248386199777580_5753058837489268213_n.jpg\",\"datePublished\":\"2020-06-10T09:22:31+00:00\",\"dateModified\":\"2020-06-10T09:25:04+00:00\",\"breadcrumb\":{\"@id\":\"https:\\\/\\\/buletin.de\\\/bucuresti\\\/foto-video-scandal-la-spitalul-marie-curie-zeci-de-parinti-cu-bebelusi-asteapta-in-soare-si-aglomeratie\\\/#breadcrumb\"},\"inLanguage\":\"en-GB\",\"potentialAction\":[{\"@type\":\"ReadAction\",\"target\":[\"https:\\\/\\\/buletin.de\\\/bucuresti\\\/foto-video-scandal-la-spitalul-marie-curie-zeci-de-parinti-cu-bebelusi-asteapta-in-soare-si-aglomeratie\\\/\"]}]},{\"@type\":\"ImageObject\",\"inLanguage\":\"en-GB\",\"@id\":\"https:\\\/\\\/buletin.de\\\/bucuresti\\\/foto-video-scandal-la-spitalul-marie-curie-zeci-de-parinti-cu-bebelusi-asteapta-in-soare-si-aglomeratie\\\/#primaryimage\",\"url\":\"https:\\\/\\\/buletin.de\\\/bucuresti\\\/wp-content\\\/uploads\\\/103337456_248386199777580_5753058837489268213_n.jpg\",\"contentUrl\":\"https:\\\/\\\/buletin.de\\\/bucuresti\\\/wp-content\\\/uploads\\\/103337456_248386199777580_5753058837489268213_n.jpg\",\"width\":2048,\"height\":1536},{\"@type\":\"BreadcrumbList\",\"@id\":\"https:\\\/\\\/buletin.de\\\/bucuresti\\\/foto-video-scandal-la-spitalul-marie-curie-zeci-de-parinti-cu-bebelusi-asteapta-in-soare-si-aglomeratie\\\/#breadcrumb\",\"itemListElement\":[{\"@type\":\"ListItem\",\"position\":1,\"name\":\"Acas\u0103\",\"item\":\"https:\\\/\\\/buletin.de\\\/bucuresti\\\/\"},{\"@type\":\"ListItem\",\"position\":2,\"name\":\"FOTO-VIDEO. Scandal la Spitalul Marie Curie. Zeci de p\u0103rin\u021bi cu bebelu\u0219i a\u0219teapt\u0103 \u00een soare \u0219i aglomera\u021bie\"}]},{\"@type\":\"WebSite\",\"@id\":\"https:\\\/\\\/buletin.de\\\/bucuresti\\\/#website\",\"url\":\"https:\\\/\\\/buletin.de\\\/bucuresti\\\/\",\"name\":\"Buletin de Bucure\u0219ti\",\"description\":\"\u0218tiri \u0219i investiga\u021bii esen\u021biale din capital\u0103\",\"publisher\":{\"@id\":\"https:\\\/\\\/buletin.de\\\/bucuresti\\\/#organization\"},\"potentialAction\":[{\"@type\":\"SearchAction\",\"target\":{\"@type\":\"EntryPoint\",\"urlTemplate\":\"https:\\\/\\\/buletin.de\\\/bucuresti\\\/?s={search_term_string}\"},\"query-input\":{\"@type\":\"PropertyValueSpecification\",\"valueRequired\":true,\"valueName\":\"search_term_string\"}}],\"inLanguage\":\"en-GB\"},{\"@type\":\"Organization\",\"@id\":\"https:\\\/\\\/buletin.de\\\/bucuresti\\\/#organization\",\"name\":\"Buletin de Bucure\u0219ti\",\"url\":\"https:\\\/\\\/buletin.de\\\/bucuresti\\\/\",\"logo\":{\"@type\":\"ImageObject\",\"inLanguage\":\"en-GB\",\"@id\":\"https:\\\/\\\/buletin.de\\\/bucuresti\\\/#\\\/schema\\\/logo\\\/image\\\/\",\"url\":\"https:\\\/\\\/buletin.de\\\/bucuresti\\\/wp-content\\\/uploads\\\/logo-bdb-full-wide-vernil-transparent.png\",\"contentUrl\":\"https:\\\/\\\/buletin.de\\\/bucuresti\\\/wp-content\\\/uploads\\\/logo-bdb-full-wide-vernil-transparent.png\",\"width\":1782,\"height\":626,\"caption\":\"Buletin de Bucure\u0219ti\"},\"image\":{\"@id\":\"https:\\\/\\\/buletin.de\\\/bucuresti\\\/#\\\/schema\\\/logo\\\/image\\\/\"},\"sameAs\":[\"https:\\\/\\\/www.facebook.com\\\/buletin.de.buc\",\"https:\\\/\\\/www.instagram.com\\\/buletinde.bucuresti\\\/\"]},{\"@type\":\"Person\",\"@id\":\"https:\\\/\\\/buletin.de\\\/bucuresti\\\/#\\\/schema\\\/person\\\/295dc2228d2dc79294d636619468dc7f\",\"name\":\"Bianca Albu\",\"image\":{\"@type\":\"ImageObject\",\"inLanguage\":\"en-GB\",\"@id\":\"https:\\\/\\\/secure.gravatar.com\\\/avatar\\\/3df2e34e20f529e6fd7be4311ee1f7c4ec4aa886971590baf6fa214b15743516?s=96&d=monsterid&r=gf541c715eeec409ce8101252a3c0d8a7\",\"url\":\"https:\\\/\\\/secure.gravatar.com\\\/avatar\\\/3df2e34e20f529e6fd7be4311ee1f7c4ec4aa886971590baf6fa214b15743516?s=96&d=monsterid&r=g\",\"contentUrl\":\"https:\\\/\\\/secure.gravatar.com\\\/avatar\\\/3df2e34e20f529e6fd7be4311ee1f7c4ec4aa886971590baf6fa214b15743516?s=96&d=monsterid&r=g\",\"caption\":\"Bianca Albu\"},\"description\":\"Reporter\",\"url\":\"https:\\\/\\\/buletin.de\\\/bucuresti\\\/author\\\/biancaalbu\\\/\"}]}<\/script>\n<!-- \/ Yoast SEO Premium plugin. -->","yoast_head_json":{"title":"FOTO-VIDEO. Scandal la Spitalul Marie Curie. Zeci de p\u0103rin\u021bi cu bebelu\u0219i a\u0219teapt\u0103 \u00een soare \u0219i aglomera\u021bie - Buletin de Bucure\u0219ti","robots":{"index":"index","follow":"follow","max-snippet":"max-snippet:-1","max-image-preview":"max-image-preview:large","max-video-preview":"max-video-preview:-1"},"canonical":"https:\/\/buletin.de\/bucuresti\/foto-video-scandal-la-spitalul-marie-curie-zeci-de-parinti-cu-bebelusi-asteapta-in-soare-si-aglomeratie\/","og_locale":"en_GB","og_type":"article","og_title":"FOTO-VIDEO. Scandal la Spitalul Marie Curie. Zeci de p\u0103rin\u021bi cu bebelu\u0219i a\u0219teapt\u0103 \u00een soare \u0219i aglomera\u021bie","og_description":"Zeci de p\u0103rin\u021bi cu copii mici stau la cozi, \u00een \u00eenghesuiala, la Spitalul Marie Curie. Nu se respect\u0103 regulile de distan\u021bare social\u0103 nici afar\u0103, nici \u00een\u0103untru. Una dintrele mamele cu care am discutat ne-a spus c\u0103 a a\u0219teptat o or\u0103 \u0219i 45 de minute afar\u0103, la triaj, al\u0103turi de al\u021bi p\u0103rin\u021bi care st\u0103teau cu \u201ebebelu\u0219i [&hellip;]","og_url":"https:\/\/buletin.de\/bucuresti\/foto-video-scandal-la-spitalul-marie-curie-zeci-de-parinti-cu-bebelusi-asteapta-in-soare-si-aglomeratie\/","og_site_name":"Buletin de Bucure\u0219ti","article_publisher":"https:\/\/www.facebook.com\/buletin.de.buc","article_published_time":"2020-06-10T09:22:31+00:00","article_modified_time":"2020-06-10T09:25:04+00:00","og_image":[{"width":2048,"height":1536,"url":"https:\/\/buletin.de\/bucuresti\/wp-content\/uploads\/103337456_248386199777580_5753058837489268213_n.jpg","type":"image\/jpeg"}],"author":"Bianca Albu","twitter_card":"summary_large_image","twitter_misc":{"Written by":"Bianca Albu","Estimated reading time":"1 minute"},"schema":{"@context":"https:\/\/schema.org","@graph":[{"@type":"Article","@id":"https:\/\/buletin.de\/bucuresti\/foto-video-scandal-la-spitalul-marie-curie-zeci-de-parinti-cu-bebelusi-asteapta-in-soare-si-aglomeratie\/#article","isPartOf":{"@id":"https:\/\/buletin.de\/bucuresti\/foto-video-scandal-la-spitalul-marie-curie-zeci-de-parinti-cu-bebelusi-asteapta-in-soare-si-aglomeratie\/"},"author":{"name":"Bianca Albu","@id":"https:\/\/buletin.de\/bucuresti\/#\/schema\/person\/295dc2228d2dc79294d636619468dc7f"},"headline":"FOTO-VIDEO. Scandal la Spitalul Marie Curie. Zeci de p\u0103rin\u021bi cu bebelu\u0219i a\u0219teapt\u0103 \u00een soare \u0219i aglomera\u021bie","datePublished":"2020-06-10T09:22:31+00:00","dateModified":"2020-06-10T09:25:04+00:00","mainEntityOfPage":{"@id":"https:\/\/buletin.de\/bucuresti\/foto-video-scandal-la-spitalul-marie-curie-zeci-de-parinti-cu-bebelusi-asteapta-in-soare-si-aglomeratie\/"},"wordCount":194,"publisher":{"@id":"https:\/\/buletin.de\/bucuresti\/#organization"},"image":{"@id":"https:\/\/buletin.de\/bucuresti\/foto-video-scandal-la-spitalul-marie-curie-zeci-de-parinti-cu-bebelusi-asteapta-in-soare-si-aglomeratie\/#primaryimage"},"thumbnailUrl":"https:\/\/buletin.de\/bucuresti\/wp-content\/uploads\/103337456_248386199777580_5753058837489268213_n.jpg","keywords":["aglomeratie spital marie curie","coronavirus","spitalul marie curie"],"articleSection":["Covid-19","S\u0103n\u0103tate","\u0218tiri"],"inLanguage":"en-GB","copyrightYear":"2020","copyrightHolder":{"@id":"https:\/\/buletin.de\/bucuresti\/#organization"}},{"@type":"WebPage","@id":"https:\/\/buletin.de\/bucuresti\/foto-video-scandal-la-spitalul-marie-curie-zeci-de-parinti-cu-bebelusi-asteapta-in-soare-si-aglomeratie\/","url":"https:\/\/buletin.de\/bucuresti\/foto-video-scandal-la-spitalul-marie-curie-zeci-de-parinti-cu-bebelusi-asteapta-in-soare-si-aglomeratie\/","name":"FOTO-VIDEO. Scandal la Spitalul Marie Curie. Zeci de p\u0103rin\u021bi cu bebelu\u0219i a\u0219teapt\u0103 \u00een soare \u0219i aglomera\u021bie - Buletin de Bucure\u0219ti","isPartOf":{"@id":"https:\/\/buletin.de\/bucuresti\/#website"},"primaryImageOfPage":{"@id":"https:\/\/buletin.de\/bucuresti\/foto-video-scandal-la-spitalul-marie-curie-zeci-de-parinti-cu-bebelusi-asteapta-in-soare-si-aglomeratie\/#primaryimage"},"image":{"@id":"https:\/\/buletin.de\/bucuresti\/foto-video-scandal-la-spitalul-marie-curie-zeci-de-parinti-cu-bebelusi-asteapta-in-soare-si-aglomeratie\/#primaryimage"},"thumbnailUrl":"https:\/\/buletin.de\/bucuresti\/wp-content\/uploads\/103337456_248386199777580_5753058837489268213_n.jpg","datePublished":"2020-06-10T09:22:31+00:00","dateModified":"2020-06-10T09:25:04+00:00","breadcrumb":{"@id":"https:\/\/buletin.de\/bucuresti\/foto-video-scandal-la-spitalul-marie-curie-zeci-de-parinti-cu-bebelusi-asteapta-in-soare-si-aglomeratie\/#breadcrumb"},"inLanguage":"en-GB","potentialAction":[{"@type":"ReadAction","target":["https:\/\/buletin.de\/bucuresti\/foto-video-scandal-la-spitalul-marie-curie-zeci-de-parinti-cu-bebelusi-asteapta-in-soare-si-aglomeratie\/"]}]},{"@type":"ImageObject","inLanguage":"en-GB","@id":"https:\/\/buletin.de\/bucuresti\/foto-video-scandal-la-spitalul-marie-curie-zeci-de-parinti-cu-bebelusi-asteapta-in-soare-si-aglomeratie\/#primaryimage","url":"https:\/\/buletin.de\/bucuresti\/wp-content\/uploads\/103337456_248386199777580_5753058837489268213_n.jpg","contentUrl":"https:\/\/buletin.de\/bucuresti\/wp-content\/uploads\/103337456_248386199777580_5753058837489268213_n.jpg","width":2048,"height":1536},{"@type":"BreadcrumbList","@id":"https:\/\/buletin.de\/bucuresti\/foto-video-scandal-la-spitalul-marie-curie-zeci-de-parinti-cu-bebelusi-asteapta-in-soare-si-aglomeratie\/#breadcrumb","itemListElement":[{"@type":"ListItem","position":1,"name":"Acas\u0103","item":"https:\/\/buletin.de\/bucuresti\/"},{"@type":"ListItem","position":2,"name":"FOTO-VIDEO. Scandal la Spitalul Marie Curie. Zeci de p\u0103rin\u021bi cu bebelu\u0219i a\u0219teapt\u0103 \u00een soare \u0219i aglomera\u021bie"}]},{"@type":"WebSite","@id":"https:\/\/buletin.de\/bucuresti\/#website","url":"https:\/\/buletin.de\/bucuresti\/","name":"Buletin de Bucure\u0219ti","description":"\u0218tiri \u0219i investiga\u021bii esen\u021biale din capital\u0103","publisher":{"@id":"https:\/\/buletin.de\/bucuresti\/#organization"},"potentialAction":[{"@type":"SearchAction","target":{"@type":"EntryPoint","urlTemplate":"https:\/\/buletin.de\/bucuresti\/?s={search_term_string}"},"query-input":{"@type":"PropertyValueSpecification","valueRequired":true,"valueName":"search_term_string"}}],"inLanguage":"en-GB"},{"@type":"Organization","@id":"https:\/\/buletin.de\/bucuresti\/#organization","name":"Buletin de Bucure\u0219ti","url":"https:\/\/buletin.de\/bucuresti\/","logo":{"@type":"ImageObject","inLanguage":"en-GB","@id":"https:\/\/buletin.de\/bucuresti\/#\/schema\/logo\/image\/","url":"https:\/\/buletin.de\/bucuresti\/wp-content\/uploads\/logo-bdb-full-wide-vernil-transparent.png","contentUrl":"https:\/\/buletin.de\/bucuresti\/wp-content\/uploads\/logo-bdb-full-wide-vernil-transparent.png","width":1782,"height":626,"caption":"Buletin de Bucure\u0219ti"},"image":{"@id":"https:\/\/buletin.de\/bucuresti\/#\/schema\/logo\/image\/"},"sameAs":["https:\/\/www.facebook.com\/buletin.de.buc","https:\/\/www.instagram.com\/buletinde.bucuresti\/"]},{"@type":"Person","@id":"https:\/\/buletin.de\/bucuresti\/#\/schema\/person\/295dc2228d2dc79294d636619468dc7f","name":"Bianca Albu","image":{"@type":"ImageObject","inLanguage":"en-GB","@id":"https:\/\/secure.gravatar.com\/avatar\/3df2e34e20f529e6fd7be4311ee1f7c4ec4aa886971590baf6fa214b15743516?s=96&d=monsterid&r=gf541c715eeec409ce8101252a3c0d8a7","url":"https:\/\/secure.gravatar.com\/avatar\/3df2e34e20f529e6fd7be4311ee1f7c4ec4aa886971590baf6fa214b15743516?s=96&d=monsterid&r=g","contentUrl":"https:\/\/secure.gravatar.com\/avatar\/3df2e34e20f529e6fd7be4311ee1f7c4ec4aa886971590baf6fa214b15743516?s=96&d=monsterid&r=g","caption":"Bianca Albu"},"description":"Reporter","url":"https:\/\/buletin.de\/bucuresti\/author\/biancaalbu\/"}]}},"authors":[{"term_id":22588,"user_id":6,"is_guest":0,"slug":"biancaalbu","display_name":"Bianca Albu","avatar_url":"https:\/\/secure.gravatar.com\/avatar\/3df2e34e20f529e6fd7be4311ee1f7c4ec4aa886971590baf6fa214b15743516?s=96&d=monsterid&r=g","0":null,"1":"","2":"","3":"","4":"","5":"","6":"","7":"","8":""}],"_links":{"self":[{"href":"https:\/\/buletin.de\/bucuresti\/wp-json\/wp\/v2\/posts\/7955","targetHints":{"allow":["GET"]}}],"collection":[{"href":"https:\/\/buletin.de\/bucuresti\/wp-json\/wp\/v2\/posts"}],"about":[{"href":"https:\/\/buletin.de\/bucuresti\/wp-json\/wp\/v2\/types\/post"}],"author":[{"embeddable":true,"href":"https:\/\/buletin.de\/bucuresti\/wp-json\/wp\/v2\/users\/6"}],"replies":[{"embeddable":true,"href":"https:\/\/buletin.de\/bucuresti\/wp-json\/wp\/v2\/comments?post=7955"}],"version-history":[{"count":5,"href":"https:\/\/buletin.de\/bucuresti\/wp-json\/wp\/v2\/posts\/7955\/revisions"}],"predecessor-version":[{"id":7969,"href":"https:\/\/buletin.de\/bucuresti\/wp-json\/wp\/v2\/posts\/7955\/revisions\/7969"}],"wp:featuredmedia":[{"embeddable":true,"href":"https:\/\/buletin.de\/bucuresti\/wp-json\/wp\/v2\/media\/7958"}],"wp:attachment":[{"href":"https:\/\/buletin.de\/bucuresti\/wp-json\/wp\/v2\/media?parent=7955"}],"wp:term":[{"taxonomy":"category","embeddable":true,"href":"https:\/\/buletin.de\/bucuresti\/wp-json\/wp\/v2\/categories?post=7955"},{"taxonomy":"post_tag","embeddable":true,"href":"https:\/\/buletin.de\/bucuresti\/wp-json\/wp\/v2\/tags?post=7955"},{"taxonomy":"author","embeddable":true,"href":"https:\/\/buletin.de\/bucuresti\/wp-json\/wp\/v2\/ppma_author?post=7955"}],"curies":[{"name":"wp","href":"https:\/\/api.w.org\/{rel}","templated":true}]}}