{"id":79533,"date":"2024-03-08T22:49:30","date_gmt":"2024-03-08T20:49:30","guid":{"rendered":"https:\/\/buletin.de\/bucuresti\/?p=79533"},"modified":"2024-03-09T09:45:11","modified_gmt":"2024-03-09T07:45:11","slug":"violente-inainte-de-meciul-dinamo-uta-tinut-pe-stadionul-arcul-de-triumf-suporteri-ai-csa-steaua-s-au-rafuit-cu-cei-de-la-dinamo","status":"publish","type":"post","link":"https:\/\/buletin.de\/bucuresti\/violente-inainte-de-meciul-dinamo-uta-tinut-pe-stadionul-arcul-de-triumf-suporteri-ai-csa-steaua-s-au-rafuit-cu-cei-de-la-dinamo\/","title":{"rendered":"Violen\u0163e \u00eenainte de meciul Dinamo &#8211; UTA, \u0163inut pe stadionul Arcul de Triumf. Suporteri ai CSA Steaua s-au r\u0103fuit cu cei de la Dinamo"},"content":{"rendered":"\n<p><strong>Meciul Dinamo &#8211; UTA Arad, din ultima etap\u0103 a sezonului regulat al Ligii I, a fost marcat de violen\u0163e \u00eentre huligani. Suporteri ai CSA Steaua, echip\u0103 \u201e\u00eenfr\u0103\u0163it\u0103\u201d cu UTA, au aruncat cu materiale pirotehnice \u015fi au for\u0163at cordonul de jandarmi, \u00een apropiere de m\u0103n\u0103stirea Ca\u015fin, \u00eenainte de a intra pe stadion. \u00cen plus, odat\u0103 intra\u0163i pe stadion, suporterii celor dou\u0103 echipe s-au luat la har\u0163\u0103 \u015fi au intrat pe gazon pentru a se r\u0103fui.    <\/strong><\/p>\n\n\n\n<p>Jandarmeria a anun\u0163at, printr-un comunicat, c\u0103 organizatorul evenimentului sportiv le-a permis celor de la CSA Steaua s\u0103 intre \u00een zona destinat\u0103 galeriei echipei oaspete, \u00eens\u0103 f\u0103r\u0103 afi\u015farea altor \u00eensemne \u00een afar\u0103 de cele care apar\u0163in echipei ar\u0103dene. Dinamovi\u015ftii au aruncat cu tor\u0163e c\u0103tre acea parte a galeriei, iar suporterii provoca\u0163i au intrat pe teren \u015fi s-au luat la b\u0103taie cu cei din cealalt\u0103 tab\u0103r\u0103. Asta dup\u0103 ce deja steli\u015ftii agitaser\u0103 apele \u00een fa\u0163a stadionului, dup\u0103 cum, de altfel, se vede din imagini.<\/p>\n\n\n\n\n\n<p>A fost nevoie de interven\u0163ia jandarmilor pentru separarea celor dou\u0103 tabere de huligani. Dup\u0103 ce spiritele s-au mai calmat, suporterii s-au a\u015fezat \u00een tribunele prestabilite.<\/p>\n\n\n\n<p>Jandarmeria Bucure\u015fti anun\u0163\u0103 c\u0103 vor fi analizate imaginile cu incidentele violente \u015fi vor fi aplicate m\u0103surile legale care se impun. Vom reveni cu detalii imediat ce jandarmii vor stabili sanc\u0163iunile. <\/p>\n\n\n\n<p><\/p>\n\n\n\n<p><strong>CITE\u015eTE \u015eI:<\/strong><\/p>\n\n\n\n<figure class=\"wp-block-embed is-type-wp-embed is-provider-buletin-de-bucure-ti wp-block-embed-buletin-de-bucure-ti\"><div class=\"wp-block-embed__wrapper\">\n<blockquote class=\"wp-embedded-content\" data-secret=\"pCWpjpGtmU\"><a href=\"https:\/\/buletin.de\/bucuresti\/video-baschetbalist-de-la-acs-total-sport-bucuresti-batut-de-membri-ai-galeriei-csa-steaua-cu-fetele-mascate\/\">VIDEO | Baschetbalist de la ACS Total Sport Bucure\u015fti, b\u0103tut de membri ai galeriei CSA Steaua, cu fe\u0163ele mascate<\/a><\/blockquote><iframe class=\"wp-embedded-content\" sandbox=\"allow-scripts\" security=\"restricted\" style=\"position: absolute; clip: rect(1px, 1px, 1px, 1px);\" title=\"&#8220;VIDEO | Baschetbalist de la ACS Total Sport Bucure\u015fti, b\u0103tut de membri ai galeriei CSA Steaua, cu fe\u0163ele mascate&#8221; &#8212; Buletin de Bucure\u0219ti\" src=\"https:\/\/buletin.de\/bucuresti\/video-baschetbalist-de-la-acs-total-sport-bucuresti-batut-de-membri-ai-galeriei-csa-steaua-cu-fetele-mascate\/embed\/#?secret=9m8ByjnBKF#?secret=pCWpjpGtmU\" data-secret=\"pCWpjpGtmU\" width=\"600\" height=\"338\" frameborder=\"0\" marginwidth=\"0\" marginheight=\"0\" scrolling=\"no\"><\/iframe>\n<\/div><\/figure>\n","protected":false},"excerpt":{"rendered":"<p>Meciul Dinamo &#8211; UTA Arad, din ultima etap\u0103 a sezonului regulat al Ligii I, a fost marcat de violen\u0163e \u00eentre huligani. Suporteri ai CSA Steaua, echip\u0103 \u201e\u00eenfr\u0103\u0163it\u0103\u201d cu UTA, au aruncat cu materiale pirotehnice \u015fi au for\u0163at cordonul de jandarmi, \u00een apropiere de m\u0103n\u0103stirea Ca\u015fin, \u00eenainte de a intra pe stadion. \u00cen plus, odat\u0103 intra\u0163i [&hellip;]<\/p>\n","protected":false},"author":8,"featured_media":79534,"comment_status":"closed","ping_status":"open","sticky":false,"template":"","format":"standard","meta":{"_acf_changed":false,"inline_featured_image":false,"ngg_post_thumbnail":0,"footnotes":""},"categories":[6994,9026,62],"tags":[10400,10401,10402,10403],"ppma_author":[22586],"class_list":["post-79533","post","type-post","status-publish","format-standard","has-post-thumbnail","hentry","category-stiri-2","category-eveniment","category-stiri","tag-bataie-dinamo-uta","tag-jandarmi-meci-liga-i","tag-suporteri-csa-steaua-bataie-dinamo-uta","tag-torte-si-petarde-meci-arcul-de-triumf"],"acf":[],"yoast_head":"<!-- This site is optimized with the Yoast SEO Premium plugin v25.3 (Yoast SEO v27.4) - https:\/\/yoast.com\/product\/yoast-seo-premium-wordpress\/ -->\n<title>Violen\u0163e \u00eenainte de meciul Dinamo - UTA, \u0163inut pe stadionul Arcul de Triumf. Suporteri ai CSA Steaua s-au r\u0103fuit cu cei de la Dinamo - Buletin de Bucure\u0219ti<\/title>\n<meta name=\"robots\" content=\"index, follow, max-snippet:-1, max-image-preview:large, max-video-preview:-1\" \/>\n<link rel=\"canonical\" href=\"https:\/\/buletin.de\/bucuresti\/violente-inainte-de-meciul-dinamo-uta-tinut-pe-stadionul-arcul-de-triumf-suporteri-ai-csa-steaua-s-au-rafuit-cu-cei-de-la-dinamo\/\" \/>\n<meta property=\"og:locale\" content=\"en_GB\" \/>\n<meta property=\"og:type\" content=\"article\" \/>\n<meta property=\"og:title\" content=\"Violen\u0163e \u00eenainte de meciul Dinamo - UTA, \u0163inut pe stadionul Arcul de Triumf. Suporteri ai CSA Steaua s-au r\u0103fuit cu cei de la Dinamo\" \/>\n<meta property=\"og:description\" content=\"Meciul Dinamo &#8211; UTA Arad, din ultima etap\u0103 a sezonului regulat al Ligii I, a fost marcat de violen\u0163e \u00eentre huligani. Suporteri ai CSA Steaua, echip\u0103 \u201e\u00eenfr\u0103\u0163it\u0103\u201d cu UTA, au aruncat cu materiale pirotehnice \u015fi au for\u0163at cordonul de jandarmi, \u00een apropiere de m\u0103n\u0103stirea Ca\u015fin, \u00eenainte de a intra pe stadion. \u00cen plus, odat\u0103 intra\u0163i [&hellip;]\" \/>\n<meta property=\"og:url\" content=\"https:\/\/buletin.de\/bucuresti\/violente-inainte-de-meciul-dinamo-uta-tinut-pe-stadionul-arcul-de-triumf-suporteri-ai-csa-steaua-s-au-rafuit-cu-cei-de-la-dinamo\/\" \/>\n<meta property=\"og:site_name\" content=\"Buletin de Bucure\u0219ti\" \/>\n<meta property=\"article:publisher\" content=\"https:\/\/www.facebook.com\/buletin.de.buc\" \/>\n<meta property=\"article:published_time\" content=\"2024-03-08T20:49:30+00:00\" \/>\n<meta property=\"article:modified_time\" content=\"2024-03-09T07:45:11+00:00\" \/>\n<meta property=\"og:image\" content=\"https:\/\/buletin.de\/bucuresti\/wp-content\/uploads\/violente-Dinamo-UTA-sursa-Digisport.jpg\" \/>\n\t<meta property=\"og:image:width\" content=\"800\" \/>\n\t<meta property=\"og:image:height\" content=\"480\" \/>\n\t<meta property=\"og:image:type\" content=\"image\/jpeg\" \/>\n<meta name=\"author\" content=\"Ionu\u021b Lepa\" \/>\n<meta name=\"twitter:card\" content=\"summary_large_image\" \/>\n<meta name=\"twitter:label1\" content=\"Written by\" \/>\n\t<meta name=\"twitter:data1\" content=\"Ionu\u021b Lepa\" \/>\n\t<meta name=\"twitter:label2\" content=\"Estimated reading time\" \/>\n\t<meta name=\"twitter:data2\" content=\"2 minutes\" \/>\n<script type=\"application\/ld+json\" class=\"yoast-schema-graph\">{\"@context\":\"https:\\\/\\\/schema.org\",\"@graph\":[{\"@type\":\"Article\",\"@id\":\"https:\\\/\\\/buletin.de\\\/bucuresti\\\/violente-inainte-de-meciul-dinamo-uta-tinut-pe-stadionul-arcul-de-triumf-suporteri-ai-csa-steaua-s-au-rafuit-cu-cei-de-la-dinamo\\\/#article\",\"isPartOf\":{\"@id\":\"https:\\\/\\\/buletin.de\\\/bucuresti\\\/violente-inainte-de-meciul-dinamo-uta-tinut-pe-stadionul-arcul-de-triumf-suporteri-ai-csa-steaua-s-au-rafuit-cu-cei-de-la-dinamo\\\/\"},\"author\":{\"name\":\"Ionu\u021b Lepa\",\"@id\":\"https:\\\/\\\/buletin.de\\\/bucuresti\\\/#\\\/schema\\\/person\\\/5272b8a057b33890940b57b837fc4ce6\"},\"headline\":\"Violen\u0163e \u00eenainte de meciul Dinamo &#8211; UTA, \u0163inut pe stadionul Arcul de Triumf. Suporteri ai CSA Steaua s-au r\u0103fuit cu cei de la Dinamo\",\"datePublished\":\"2024-03-08T20:49:30+00:00\",\"dateModified\":\"2024-03-09T07:45:11+00:00\",\"mainEntityOfPage\":{\"@id\":\"https:\\\/\\\/buletin.de\\\/bucuresti\\\/violente-inainte-de-meciul-dinamo-uta-tinut-pe-stadionul-arcul-de-triumf-suporteri-ai-csa-steaua-s-au-rafuit-cu-cei-de-la-dinamo\\\/\"},\"wordCount\":271,\"publisher\":{\"@id\":\"https:\\\/\\\/buletin.de\\\/bucuresti\\\/#organization\"},\"image\":{\"@id\":\"https:\\\/\\\/buletin.de\\\/bucuresti\\\/violente-inainte-de-meciul-dinamo-uta-tinut-pe-stadionul-arcul-de-triumf-suporteri-ai-csa-steaua-s-au-rafuit-cu-cei-de-la-dinamo\\\/#primaryimage\"},\"thumbnailUrl\":\"https:\\\/\\\/buletin.de\\\/bucuresti\\\/wp-content\\\/uploads\\\/violente-Dinamo-UTA-sursa-Digisport.jpg\",\"keywords\":[\"bataie dinamo uta\",\"jandarmi meci liga I\",\"suporteri csa steaua bataie dinamo uta\",\"torte si petarde meci arcul de triumf\"],\"articleSection\":[\"Articole\",\"Eveniment\",\"\u0218tiri\"],\"inLanguage\":\"en-GB\",\"copyrightYear\":\"2024\",\"copyrightHolder\":{\"@id\":\"https:\\\/\\\/buletin.de\\\/bucuresti\\\/#organization\"}},{\"@type\":\"WebPage\",\"@id\":\"https:\\\/\\\/buletin.de\\\/bucuresti\\\/violente-inainte-de-meciul-dinamo-uta-tinut-pe-stadionul-arcul-de-triumf-suporteri-ai-csa-steaua-s-au-rafuit-cu-cei-de-la-dinamo\\\/\",\"url\":\"https:\\\/\\\/buletin.de\\\/bucuresti\\\/violente-inainte-de-meciul-dinamo-uta-tinut-pe-stadionul-arcul-de-triumf-suporteri-ai-csa-steaua-s-au-rafuit-cu-cei-de-la-dinamo\\\/\",\"name\":\"Violen\u0163e \u00eenainte de meciul Dinamo - UTA, \u0163inut pe stadionul Arcul de Triumf. Suporteri ai CSA Steaua s-au r\u0103fuit cu cei de la Dinamo - Buletin de Bucure\u0219ti\",\"isPartOf\":{\"@id\":\"https:\\\/\\\/buletin.de\\\/bucuresti\\\/#website\"},\"primaryImageOfPage\":{\"@id\":\"https:\\\/\\\/buletin.de\\\/bucuresti\\\/violente-inainte-de-meciul-dinamo-uta-tinut-pe-stadionul-arcul-de-triumf-suporteri-ai-csa-steaua-s-au-rafuit-cu-cei-de-la-dinamo\\\/#primaryimage\"},\"image\":{\"@id\":\"https:\\\/\\\/buletin.de\\\/bucuresti\\\/violente-inainte-de-meciul-dinamo-uta-tinut-pe-stadionul-arcul-de-triumf-suporteri-ai-csa-steaua-s-au-rafuit-cu-cei-de-la-dinamo\\\/#primaryimage\"},\"thumbnailUrl\":\"https:\\\/\\\/buletin.de\\\/bucuresti\\\/wp-content\\\/uploads\\\/violente-Dinamo-UTA-sursa-Digisport.jpg\",\"datePublished\":\"2024-03-08T20:49:30+00:00\",\"dateModified\":\"2024-03-09T07:45:11+00:00\",\"breadcrumb\":{\"@id\":\"https:\\\/\\\/buletin.de\\\/bucuresti\\\/violente-inainte-de-meciul-dinamo-uta-tinut-pe-stadionul-arcul-de-triumf-suporteri-ai-csa-steaua-s-au-rafuit-cu-cei-de-la-dinamo\\\/#breadcrumb\"},\"inLanguage\":\"en-GB\",\"potentialAction\":[{\"@type\":\"ReadAction\",\"target\":[\"https:\\\/\\\/buletin.de\\\/bucuresti\\\/violente-inainte-de-meciul-dinamo-uta-tinut-pe-stadionul-arcul-de-triumf-suporteri-ai-csa-steaua-s-au-rafuit-cu-cei-de-la-dinamo\\\/\"]}]},{\"@type\":\"ImageObject\",\"inLanguage\":\"en-GB\",\"@id\":\"https:\\\/\\\/buletin.de\\\/bucuresti\\\/violente-inainte-de-meciul-dinamo-uta-tinut-pe-stadionul-arcul-de-triumf-suporteri-ai-csa-steaua-s-au-rafuit-cu-cei-de-la-dinamo\\\/#primaryimage\",\"url\":\"https:\\\/\\\/buletin.de\\\/bucuresti\\\/wp-content\\\/uploads\\\/violente-Dinamo-UTA-sursa-Digisport.jpg\",\"contentUrl\":\"https:\\\/\\\/buletin.de\\\/bucuresti\\\/wp-content\\\/uploads\\\/violente-Dinamo-UTA-sursa-Digisport.jpg\",\"width\":800,\"height\":480,\"caption\":\"FOTO: Digisport\"},{\"@type\":\"BreadcrumbList\",\"@id\":\"https:\\\/\\\/buletin.de\\\/bucuresti\\\/violente-inainte-de-meciul-dinamo-uta-tinut-pe-stadionul-arcul-de-triumf-suporteri-ai-csa-steaua-s-au-rafuit-cu-cei-de-la-dinamo\\\/#breadcrumb\",\"itemListElement\":[{\"@type\":\"ListItem\",\"position\":1,\"name\":\"Acas\u0103\",\"item\":\"https:\\\/\\\/buletin.de\\\/bucuresti\\\/\"},{\"@type\":\"ListItem\",\"position\":2,\"name\":\"Violen\u0163e \u00eenainte de meciul Dinamo &#8211; UTA, \u0163inut pe stadionul Arcul de Triumf. Suporteri ai CSA Steaua s-au r\u0103fuit cu cei de la Dinamo\"}]},{\"@type\":\"WebSite\",\"@id\":\"https:\\\/\\\/buletin.de\\\/bucuresti\\\/#website\",\"url\":\"https:\\\/\\\/buletin.de\\\/bucuresti\\\/\",\"name\":\"Buletin de Bucure\u0219ti\",\"description\":\"\u0218tiri \u0219i investiga\u021bii esen\u021biale din capital\u0103\",\"publisher\":{\"@id\":\"https:\\\/\\\/buletin.de\\\/bucuresti\\\/#organization\"},\"potentialAction\":[{\"@type\":\"SearchAction\",\"target\":{\"@type\":\"EntryPoint\",\"urlTemplate\":\"https:\\\/\\\/buletin.de\\\/bucuresti\\\/?s={search_term_string}\"},\"query-input\":{\"@type\":\"PropertyValueSpecification\",\"valueRequired\":true,\"valueName\":\"search_term_string\"}}],\"inLanguage\":\"en-GB\"},{\"@type\":\"Organization\",\"@id\":\"https:\\\/\\\/buletin.de\\\/bucuresti\\\/#organization\",\"name\":\"Buletin de Bucure\u0219ti\",\"url\":\"https:\\\/\\\/buletin.de\\\/bucuresti\\\/\",\"logo\":{\"@type\":\"ImageObject\",\"inLanguage\":\"en-GB\",\"@id\":\"https:\\\/\\\/buletin.de\\\/bucuresti\\\/#\\\/schema\\\/logo\\\/image\\\/\",\"url\":\"https:\\\/\\\/buletin.de\\\/bucuresti\\\/wp-content\\\/uploads\\\/logo-bdb-full-wide-vernil-transparent.png\",\"contentUrl\":\"https:\\\/\\\/buletin.de\\\/bucuresti\\\/wp-content\\\/uploads\\\/logo-bdb-full-wide-vernil-transparent.png\",\"width\":1782,\"height\":626,\"caption\":\"Buletin de Bucure\u0219ti\"},\"image\":{\"@id\":\"https:\\\/\\\/buletin.de\\\/bucuresti\\\/#\\\/schema\\\/logo\\\/image\\\/\"},\"sameAs\":[\"https:\\\/\\\/www.facebook.com\\\/buletin.de.buc\",\"https:\\\/\\\/www.instagram.com\\\/buletinde.bucuresti\\\/\"]},{\"@type\":\"Person\",\"@id\":\"https:\\\/\\\/buletin.de\\\/bucuresti\\\/#\\\/schema\\\/person\\\/5272b8a057b33890940b57b837fc4ce6\",\"name\":\"Ionu\u021b Lepa\",\"image\":{\"@type\":\"ImageObject\",\"inLanguage\":\"en-GB\",\"@id\":\"https:\\\/\\\/buletin.de\\\/bucuresti\\\/wp-content\\\/uploads\\\/Ionut-Lepa-96x96.jpg5c4e4d9e049808799a8821652d2410a4\",\"url\":\"https:\\\/\\\/buletin.de\\\/bucuresti\\\/wp-content\\\/uploads\\\/Ionut-Lepa-96x96.jpg\",\"contentUrl\":\"https:\\\/\\\/buletin.de\\\/bucuresti\\\/wp-content\\\/uploads\\\/Ionut-Lepa-96x96.jpg\",\"caption\":\"Ionu\u021b Lepa\"},\"url\":\"https:\\\/\\\/buletin.de\\\/bucuresti\\\/author\\\/ionutlepa\\\/\"}]}<\/script>\n<!-- \/ Yoast SEO Premium plugin. -->","yoast_head_json":{"title":"Violen\u0163e \u00eenainte de meciul Dinamo - UTA, \u0163inut pe stadionul Arcul de Triumf. Suporteri ai CSA Steaua s-au r\u0103fuit cu cei de la Dinamo - Buletin de Bucure\u0219ti","robots":{"index":"index","follow":"follow","max-snippet":"max-snippet:-1","max-image-preview":"max-image-preview:large","max-video-preview":"max-video-preview:-1"},"canonical":"https:\/\/buletin.de\/bucuresti\/violente-inainte-de-meciul-dinamo-uta-tinut-pe-stadionul-arcul-de-triumf-suporteri-ai-csa-steaua-s-au-rafuit-cu-cei-de-la-dinamo\/","og_locale":"en_GB","og_type":"article","og_title":"Violen\u0163e \u00eenainte de meciul Dinamo - UTA, \u0163inut pe stadionul Arcul de Triumf. Suporteri ai CSA Steaua s-au r\u0103fuit cu cei de la Dinamo","og_description":"Meciul Dinamo &#8211; UTA Arad, din ultima etap\u0103 a sezonului regulat al Ligii I, a fost marcat de violen\u0163e \u00eentre huligani. Suporteri ai CSA Steaua, echip\u0103 \u201e\u00eenfr\u0103\u0163it\u0103\u201d cu UTA, au aruncat cu materiale pirotehnice \u015fi au for\u0163at cordonul de jandarmi, \u00een apropiere de m\u0103n\u0103stirea Ca\u015fin, \u00eenainte de a intra pe stadion. \u00cen plus, odat\u0103 intra\u0163i [&hellip;]","og_url":"https:\/\/buletin.de\/bucuresti\/violente-inainte-de-meciul-dinamo-uta-tinut-pe-stadionul-arcul-de-triumf-suporteri-ai-csa-steaua-s-au-rafuit-cu-cei-de-la-dinamo\/","og_site_name":"Buletin de Bucure\u0219ti","article_publisher":"https:\/\/www.facebook.com\/buletin.de.buc","article_published_time":"2024-03-08T20:49:30+00:00","article_modified_time":"2024-03-09T07:45:11+00:00","og_image":[{"width":800,"height":480,"url":"https:\/\/buletin.de\/bucuresti\/wp-content\/uploads\/violente-Dinamo-UTA-sursa-Digisport.jpg","type":"image\/jpeg"}],"author":"Ionu\u021b Lepa","twitter_card":"summary_large_image","twitter_misc":{"Written by":"Ionu\u021b Lepa","Estimated reading time":"2 minutes"},"schema":{"@context":"https:\/\/schema.org","@graph":[{"@type":"Article","@id":"https:\/\/buletin.de\/bucuresti\/violente-inainte-de-meciul-dinamo-uta-tinut-pe-stadionul-arcul-de-triumf-suporteri-ai-csa-steaua-s-au-rafuit-cu-cei-de-la-dinamo\/#article","isPartOf":{"@id":"https:\/\/buletin.de\/bucuresti\/violente-inainte-de-meciul-dinamo-uta-tinut-pe-stadionul-arcul-de-triumf-suporteri-ai-csa-steaua-s-au-rafuit-cu-cei-de-la-dinamo\/"},"author":{"name":"Ionu\u021b Lepa","@id":"https:\/\/buletin.de\/bucuresti\/#\/schema\/person\/5272b8a057b33890940b57b837fc4ce6"},"headline":"Violen\u0163e \u00eenainte de meciul Dinamo &#8211; UTA, \u0163inut pe stadionul Arcul de Triumf. Suporteri ai CSA Steaua s-au r\u0103fuit cu cei de la Dinamo","datePublished":"2024-03-08T20:49:30+00:00","dateModified":"2024-03-09T07:45:11+00:00","mainEntityOfPage":{"@id":"https:\/\/buletin.de\/bucuresti\/violente-inainte-de-meciul-dinamo-uta-tinut-pe-stadionul-arcul-de-triumf-suporteri-ai-csa-steaua-s-au-rafuit-cu-cei-de-la-dinamo\/"},"wordCount":271,"publisher":{"@id":"https:\/\/buletin.de\/bucuresti\/#organization"},"image":{"@id":"https:\/\/buletin.de\/bucuresti\/violente-inainte-de-meciul-dinamo-uta-tinut-pe-stadionul-arcul-de-triumf-suporteri-ai-csa-steaua-s-au-rafuit-cu-cei-de-la-dinamo\/#primaryimage"},"thumbnailUrl":"https:\/\/buletin.de\/bucuresti\/wp-content\/uploads\/violente-Dinamo-UTA-sursa-Digisport.jpg","keywords":["bataie dinamo uta","jandarmi meci liga I","suporteri csa steaua bataie dinamo uta","torte si petarde meci arcul de triumf"],"articleSection":["Articole","Eveniment","\u0218tiri"],"inLanguage":"en-GB","copyrightYear":"2024","copyrightHolder":{"@id":"https:\/\/buletin.de\/bucuresti\/#organization"}},{"@type":"WebPage","@id":"https:\/\/buletin.de\/bucuresti\/violente-inainte-de-meciul-dinamo-uta-tinut-pe-stadionul-arcul-de-triumf-suporteri-ai-csa-steaua-s-au-rafuit-cu-cei-de-la-dinamo\/","url":"https:\/\/buletin.de\/bucuresti\/violente-inainte-de-meciul-dinamo-uta-tinut-pe-stadionul-arcul-de-triumf-suporteri-ai-csa-steaua-s-au-rafuit-cu-cei-de-la-dinamo\/","name":"Violen\u0163e \u00eenainte de meciul Dinamo - UTA, \u0163inut pe stadionul Arcul de Triumf. Suporteri ai CSA Steaua s-au r\u0103fuit cu cei de la Dinamo - Buletin de Bucure\u0219ti","isPartOf":{"@id":"https:\/\/buletin.de\/bucuresti\/#website"},"primaryImageOfPage":{"@id":"https:\/\/buletin.de\/bucuresti\/violente-inainte-de-meciul-dinamo-uta-tinut-pe-stadionul-arcul-de-triumf-suporteri-ai-csa-steaua-s-au-rafuit-cu-cei-de-la-dinamo\/#primaryimage"},"image":{"@id":"https:\/\/buletin.de\/bucuresti\/violente-inainte-de-meciul-dinamo-uta-tinut-pe-stadionul-arcul-de-triumf-suporteri-ai-csa-steaua-s-au-rafuit-cu-cei-de-la-dinamo\/#primaryimage"},"thumbnailUrl":"https:\/\/buletin.de\/bucuresti\/wp-content\/uploads\/violente-Dinamo-UTA-sursa-Digisport.jpg","datePublished":"2024-03-08T20:49:30+00:00","dateModified":"2024-03-09T07:45:11+00:00","breadcrumb":{"@id":"https:\/\/buletin.de\/bucuresti\/violente-inainte-de-meciul-dinamo-uta-tinut-pe-stadionul-arcul-de-triumf-suporteri-ai-csa-steaua-s-au-rafuit-cu-cei-de-la-dinamo\/#breadcrumb"},"inLanguage":"en-GB","potentialAction":[{"@type":"ReadAction","target":["https:\/\/buletin.de\/bucuresti\/violente-inainte-de-meciul-dinamo-uta-tinut-pe-stadionul-arcul-de-triumf-suporteri-ai-csa-steaua-s-au-rafuit-cu-cei-de-la-dinamo\/"]}]},{"@type":"ImageObject","inLanguage":"en-GB","@id":"https:\/\/buletin.de\/bucuresti\/violente-inainte-de-meciul-dinamo-uta-tinut-pe-stadionul-arcul-de-triumf-suporteri-ai-csa-steaua-s-au-rafuit-cu-cei-de-la-dinamo\/#primaryimage","url":"https:\/\/buletin.de\/bucuresti\/wp-content\/uploads\/violente-Dinamo-UTA-sursa-Digisport.jpg","contentUrl":"https:\/\/buletin.de\/bucuresti\/wp-content\/uploads\/violente-Dinamo-UTA-sursa-Digisport.jpg","width":800,"height":480,"caption":"FOTO: Digisport"},{"@type":"BreadcrumbList","@id":"https:\/\/buletin.de\/bucuresti\/violente-inainte-de-meciul-dinamo-uta-tinut-pe-stadionul-arcul-de-triumf-suporteri-ai-csa-steaua-s-au-rafuit-cu-cei-de-la-dinamo\/#breadcrumb","itemListElement":[{"@type":"ListItem","position":1,"name":"Acas\u0103","item":"https:\/\/buletin.de\/bucuresti\/"},{"@type":"ListItem","position":2,"name":"Violen\u0163e \u00eenainte de meciul Dinamo &#8211; UTA, \u0163inut pe stadionul Arcul de Triumf. Suporteri ai CSA Steaua s-au r\u0103fuit cu cei de la Dinamo"}]},{"@type":"WebSite","@id":"https:\/\/buletin.de\/bucuresti\/#website","url":"https:\/\/buletin.de\/bucuresti\/","name":"Buletin de Bucure\u0219ti","description":"\u0218tiri \u0219i investiga\u021bii esen\u021biale din capital\u0103","publisher":{"@id":"https:\/\/buletin.de\/bucuresti\/#organization"},"potentialAction":[{"@type":"SearchAction","target":{"@type":"EntryPoint","urlTemplate":"https:\/\/buletin.de\/bucuresti\/?s={search_term_string}"},"query-input":{"@type":"PropertyValueSpecification","valueRequired":true,"valueName":"search_term_string"}}],"inLanguage":"en-GB"},{"@type":"Organization","@id":"https:\/\/buletin.de\/bucuresti\/#organization","name":"Buletin de Bucure\u0219ti","url":"https:\/\/buletin.de\/bucuresti\/","logo":{"@type":"ImageObject","inLanguage":"en-GB","@id":"https:\/\/buletin.de\/bucuresti\/#\/schema\/logo\/image\/","url":"https:\/\/buletin.de\/bucuresti\/wp-content\/uploads\/logo-bdb-full-wide-vernil-transparent.png","contentUrl":"https:\/\/buletin.de\/bucuresti\/wp-content\/uploads\/logo-bdb-full-wide-vernil-transparent.png","width":1782,"height":626,"caption":"Buletin de Bucure\u0219ti"},"image":{"@id":"https:\/\/buletin.de\/bucuresti\/#\/schema\/logo\/image\/"},"sameAs":["https:\/\/www.facebook.com\/buletin.de.buc","https:\/\/www.instagram.com\/buletinde.bucuresti\/"]},{"@type":"Person","@id":"https:\/\/buletin.de\/bucuresti\/#\/schema\/person\/5272b8a057b33890940b57b837fc4ce6","name":"Ionu\u021b Lepa","image":{"@type":"ImageObject","inLanguage":"en-GB","@id":"https:\/\/buletin.de\/bucuresti\/wp-content\/uploads\/Ionut-Lepa-96x96.jpg5c4e4d9e049808799a8821652d2410a4","url":"https:\/\/buletin.de\/bucuresti\/wp-content\/uploads\/Ionut-Lepa-96x96.jpg","contentUrl":"https:\/\/buletin.de\/bucuresti\/wp-content\/uploads\/Ionut-Lepa-96x96.jpg","caption":"Ionu\u021b Lepa"},"url":"https:\/\/buletin.de\/bucuresti\/author\/ionutlepa\/"}]}},"authors":[{"term_id":22586,"user_id":8,"is_guest":0,"slug":"ionutlepa","display_name":"Ionu\u021b Lepa","avatar_url":"https:\/\/buletin.de\/bucuresti\/wp-content\/uploads\/Ionut-Lepa-96x96.jpg","0":null,"1":"","2":"","3":"","4":"","5":"","6":"","7":"","8":""}],"_links":{"self":[{"href":"https:\/\/buletin.de\/bucuresti\/wp-json\/wp\/v2\/posts\/79533","targetHints":{"allow":["GET"]}}],"collection":[{"href":"https:\/\/buletin.de\/bucuresti\/wp-json\/wp\/v2\/posts"}],"about":[{"href":"https:\/\/buletin.de\/bucuresti\/wp-json\/wp\/v2\/types\/post"}],"author":[{"embeddable":true,"href":"https:\/\/buletin.de\/bucuresti\/wp-json\/wp\/v2\/users\/8"}],"replies":[{"embeddable":true,"href":"https:\/\/buletin.de\/bucuresti\/wp-json\/wp\/v2\/comments?post=79533"}],"version-history":[{"count":3,"href":"https:\/\/buletin.de\/bucuresti\/wp-json\/wp\/v2\/posts\/79533\/revisions"}],"predecessor-version":[{"id":79549,"href":"https:\/\/buletin.de\/bucuresti\/wp-json\/wp\/v2\/posts\/79533\/revisions\/79549"}],"wp:featuredmedia":[{"embeddable":true,"href":"https:\/\/buletin.de\/bucuresti\/wp-json\/wp\/v2\/media\/79534"}],"wp:attachment":[{"href":"https:\/\/buletin.de\/bucuresti\/wp-json\/wp\/v2\/media?parent=79533"}],"wp:term":[{"taxonomy":"category","embeddable":true,"href":"https:\/\/buletin.de\/bucuresti\/wp-json\/wp\/v2\/categories?post=79533"},{"taxonomy":"post_tag","embeddable":true,"href":"https:\/\/buletin.de\/bucuresti\/wp-json\/wp\/v2\/tags?post=79533"},{"taxonomy":"author","embeddable":true,"href":"https:\/\/buletin.de\/bucuresti\/wp-json\/wp\/v2\/ppma_author?post=79533"}],"curies":[{"name":"wp","href":"https:\/\/api.w.org\/{rel}","templated":true}]}}