{"id":79493,"date":"2024-03-08T14:24:29","date_gmt":"2024-03-08T12:24:29","guid":{"rendered":"https:\/\/buletin.de\/bucuresti\/?p=79493"},"modified":"2024-03-08T14:24:29","modified_gmt":"2024-03-08T12:24:29","slug":"circulatia-feroviara-peste-podul-gradistea-reluata-in-curand-tronsonul-vidra-comana-aproape-gata","status":"publish","type":"post","link":"https:\/\/buletin.de\/bucuresti\/circulatia-feroviara-peste-podul-gradistea-reluata-in-curand-tronsonul-vidra-comana-aproape-gata\/","title":{"rendered":"Circula\u021bia feroviar\u0103 peste Podul Gr\u0103di\u0219tea, reluat\u0103 \u00een cur\u00e2nd. Tronsonul Vidra-Comana, aproape gata"},"content":{"rendered":"\n<p><strong>Lucr\u0103rile pentru redeschiderea circula\u021biei feroviare pe podul Gr\u0103di\u0219tea, peste r\u00e2ul Arge\u0219, se apropie de finalizare, potrivit unui anun\u021b al firmei care execut\u0103 lucr\u0103rile de buraj \u0219i refacere a c\u0103ii de rulare \u00eentre sta\u021biile Vidra \u0219i Comana, ale liniei Bucure\u0219ti &#8211; Giurgiu.<\/strong>\u00a0<\/p>\n\n\n\n<figure class=\"wp-block-gallery has-nested-images columns-default is-cropped wp-block-gallery-1 is-layout-flex wp-block-gallery-is-layout-flex\">\n<figure class=\"wp-block-image size-large\"><a href=\"https:\/\/buletin.de\/bucuresti\/wp-content\/uploads\/2-23.jpg\" target=\"_blank\" rel=\"noopener\"><img fetchpriority=\"high\" decoding=\"async\" width=\"900\" height=\"675\" data-id=\"79501\" src=\"data:image\/gif;base64,R0lGODlhAQABAAAAACH5BAEKAAEALAAAAAABAAEAAAICTAEAOw==\" data-src=\"https:\/\/buletin.de\/bucuresti\/wp-content\/uploads\/2-23-900x675.jpg\" alt=\"\" class=\"wp-image-79501 lazyload\" data-sizes=\"auto\" data-srcset=\"https:\/\/buletin.de\/bucuresti\/wp-content\/uploads\/2-23-900x675.jpg 900w, https:\/\/buletin.de\/bucuresti\/wp-content\/uploads\/2-23-300x225.jpg 300w, https:\/\/buletin.de\/bucuresti\/wp-content\/uploads\/2-23-768x576.jpg 768w, https:\/\/buletin.de\/bucuresti\/wp-content\/uploads\/2-23-1536x1152.jpg 1536w, https:\/\/buletin.de\/bucuresti\/wp-content\/uploads\/2-23-1600x1200.jpg 1600w, https:\/\/buletin.de\/bucuresti\/wp-content\/uploads\/2-23-1100x825.jpg 1100w, https:\/\/buletin.de\/bucuresti\/wp-content\/uploads\/2-23-600x450.jpg 600w, https:\/\/buletin.de\/bucuresti\/wp-content\/uploads\/2-23-20x15.jpg 20w, https:\/\/buletin.de\/bucuresti\/wp-content\/uploads\/2-23.jpg 2040w\" sizes=\"(max-width: 900px) 100vw, 900px\" \/><\/a><\/figure>\n\n\n\n<figure class=\"wp-block-image size-large\"><a href=\"https:\/\/buletin.de\/bucuresti\/wp-content\/uploads\/426464268_927478832061865_19531097305612079_n-8.jpg\" target=\"_blank\" rel=\"noopener\"><img decoding=\"async\" width=\"900\" height=\"675\" data-id=\"79502\" src=\"data:image\/gif;base64,R0lGODlhAQABAAAAACH5BAEKAAEALAAAAAABAAEAAAICTAEAOw==\" data-src=\"https:\/\/buletin.de\/bucuresti\/wp-content\/uploads\/426464268_927478832061865_19531097305612079_n-8-900x675.jpg\" alt=\"\" class=\"wp-image-79502 lazyload\" data-sizes=\"auto\" data-srcset=\"https:\/\/buletin.de\/bucuresti\/wp-content\/uploads\/426464268_927478832061865_19531097305612079_n-8-900x675.jpg 900w, https:\/\/buletin.de\/bucuresti\/wp-content\/uploads\/426464268_927478832061865_19531097305612079_n-8-300x225.jpg 300w, https:\/\/buletin.de\/bucuresti\/wp-content\/uploads\/426464268_927478832061865_19531097305612079_n-8-768x576.jpg 768w, https:\/\/buletin.de\/bucuresti\/wp-content\/uploads\/426464268_927478832061865_19531097305612079_n-8-1536x1152.jpg 1536w, https:\/\/buletin.de\/bucuresti\/wp-content\/uploads\/426464268_927478832061865_19531097305612079_n-8-1100x825.jpg 1100w, https:\/\/buletin.de\/bucuresti\/wp-content\/uploads\/426464268_927478832061865_19531097305612079_n-8-600x450.jpg 600w, https:\/\/buletin.de\/bucuresti\/wp-content\/uploads\/426464268_927478832061865_19531097305612079_n-8-20x15.jpg 20w, https:\/\/buletin.de\/bucuresti\/wp-content\/uploads\/426464268_927478832061865_19531097305612079_n-8.jpg 1600w\" sizes=\"(max-width: 900px) 100vw, 900px\" \/><\/a><\/figure>\n<figcaption class=\"blocks-gallery-caption wp-element-caption\">Surs\u0103: Bawi Construction, Facebook<\/figcaption><\/figure>\n\n\n\n<p>Prima linie de cale ferat\u0103 construit\u0103 \u00een Rom\u00e2nia <a href=\"https:\/\/buletin.de\/bucuresti\/termen-ratat-pentru-linia-feroviara-bucuresti-giurgiu-nu-se-mai-deschide-in-martie-ci-spun-oficialii-in-mai\/\">se va redeschide<em> \u201emaximum \u00een luna mai, anul acesta\u201d<\/em>, <\/a>dup\u0103 ce lucr\u0103rile la Podul de la Gr\u0103di\u0219tea vor fi finalizate, sus\u021binea Ionel Scrio\u0219teanu, secretar de stat \u00een Ministerul Transporturilor, pe la mijlocul lunii februarie, citat de<a href=\"https:\/\/www.economica.net\/calea-ferata-bucuresti-giurgiu-prima-linie-feroviara-din-romania-va-fi-redeschisa-cel-tarziu-in-luna-mai-oficial-transporturi_725037.html\"> Economica.net.<\/a> Punerea \u00een circula\u021bie a liniei feroviare Bucure\u0219ti \u2013 Giurgiu, inaugurat\u0103 de peste 15 decenii, ar fi trebuit s\u0103 fie \u00een luna martie, potrivit termenului estimat ini\u021bial de autorit\u0103\u021bi.\u00a0<\/p>\n\n\n\n<figure class=\"wp-block-gallery has-nested-images columns-default is-cropped wp-block-gallery-2 is-layout-flex wp-block-gallery-is-layout-flex\">\n<figure class=\"wp-block-image size-large\"><a href=\"https:\/\/buletin.de\/bucuresti\/wp-content\/uploads\/426575930_927478885395193_2597895987225309040_n-3.jpg\" target=\"_blank\" rel=\"noopener\"><img decoding=\"async\" width=\"900\" height=\"675\" data-id=\"79496\" src=\"data:image\/gif;base64,R0lGODlhAQABAAAAACH5BAEKAAEALAAAAAABAAEAAAICTAEAOw==\" data-src=\"https:\/\/buletin.de\/bucuresti\/wp-content\/uploads\/426575930_927478885395193_2597895987225309040_n-3-900x675.jpg\" alt=\"\" class=\"wp-image-79496 lazyload\" data-sizes=\"auto\" data-srcset=\"https:\/\/buletin.de\/bucuresti\/wp-content\/uploads\/426575930_927478885395193_2597895987225309040_n-3-900x675.jpg 900w, https:\/\/buletin.de\/bucuresti\/wp-content\/uploads\/426575930_927478885395193_2597895987225309040_n-3-300x225.jpg 300w, https:\/\/buletin.de\/bucuresti\/wp-content\/uploads\/426575930_927478885395193_2597895987225309040_n-3-768x576.jpg 768w, https:\/\/buletin.de\/bucuresti\/wp-content\/uploads\/426575930_927478885395193_2597895987225309040_n-3-1536x1152.jpg 1536w, https:\/\/buletin.de\/bucuresti\/wp-content\/uploads\/426575930_927478885395193_2597895987225309040_n-3-1600x1200.jpg 1600w, https:\/\/buletin.de\/bucuresti\/wp-content\/uploads\/426575930_927478885395193_2597895987225309040_n-3-1100x825.jpg 1100w, https:\/\/buletin.de\/bucuresti\/wp-content\/uploads\/426575930_927478885395193_2597895987225309040_n-3-600x450.jpg 600w, https:\/\/buletin.de\/bucuresti\/wp-content\/uploads\/426575930_927478885395193_2597895987225309040_n-3-20x15.jpg 20w, https:\/\/buletin.de\/bucuresti\/wp-content\/uploads\/426575930_927478885395193_2597895987225309040_n-3.jpg 2000w\" sizes=\"(max-width: 900px) 100vw, 900px\" \/><\/a><\/figure>\n\n\n\n<figure class=\"wp-block-image size-large\"><a href=\"https:\/\/buletin.de\/bucuresti\/wp-content\/uploads\/424967865_794285706078944_2380464837883995019_n-1.jpg\" target=\"_blank\" rel=\"noopener\"><img loading=\"lazy\" decoding=\"async\" width=\"900\" height=\"675\" data-id=\"79498\" src=\"data:image\/gif;base64,R0lGODlhAQABAAAAACH5BAEKAAEALAAAAAABAAEAAAICTAEAOw==\" data-src=\"https:\/\/buletin.de\/bucuresti\/wp-content\/uploads\/424967865_794285706078944_2380464837883995019_n-1-900x675.jpg\" alt=\"\" class=\"wp-image-79498 lazyload\" data-sizes=\"auto\" data-srcset=\"https:\/\/buletin.de\/bucuresti\/wp-content\/uploads\/424967865_794285706078944_2380464837883995019_n-1-900x675.jpg 900w, https:\/\/buletin.de\/bucuresti\/wp-content\/uploads\/424967865_794285706078944_2380464837883995019_n-1-300x225.jpg 300w, https:\/\/buletin.de\/bucuresti\/wp-content\/uploads\/424967865_794285706078944_2380464837883995019_n-1-768x576.jpg 768w, https:\/\/buletin.de\/bucuresti\/wp-content\/uploads\/424967865_794285706078944_2380464837883995019_n-1-1536x1152.jpg 1536w, https:\/\/buletin.de\/bucuresti\/wp-content\/uploads\/424967865_794285706078944_2380464837883995019_n-1-1600x1200.jpg 1600w, https:\/\/buletin.de\/bucuresti\/wp-content\/uploads\/424967865_794285706078944_2380464837883995019_n-1-1100x825.jpg 1100w, https:\/\/buletin.de\/bucuresti\/wp-content\/uploads\/424967865_794285706078944_2380464837883995019_n-1-600x450.jpg 600w, https:\/\/buletin.de\/bucuresti\/wp-content\/uploads\/424967865_794285706078944_2380464837883995019_n-1-20x15.jpg 20w, https:\/\/buletin.de\/bucuresti\/wp-content\/uploads\/424967865_794285706078944_2380464837883995019_n-1.jpg 2000w\" sizes=\"(max-width: 900px) 100vw, 900px\" \/><\/a><\/figure>\n\n\n\n<figure class=\"wp-block-image size-large\"><a href=\"https:\/\/buletin.de\/bucuresti\/wp-content\/uploads\/218190978_240684647892032_6324690725622621481_n-2.jpg\" target=\"_blank\" rel=\"noopener\"><img loading=\"lazy\" decoding=\"async\" width=\"900\" height=\"675\" data-id=\"79495\" src=\"data:image\/gif;base64,R0lGODlhAQABAAAAACH5BAEKAAEALAAAAAABAAEAAAICTAEAOw==\" data-src=\"https:\/\/buletin.de\/bucuresti\/wp-content\/uploads\/218190978_240684647892032_6324690725622621481_n-2-900x675.jpg\" alt=\"\" class=\"wp-image-79495 lazyload\" data-sizes=\"auto\" data-srcset=\"https:\/\/buletin.de\/bucuresti\/wp-content\/uploads\/218190978_240684647892032_6324690725622621481_n-2-900x675.jpg 900w, https:\/\/buletin.de\/bucuresti\/wp-content\/uploads\/218190978_240684647892032_6324690725622621481_n-2-300x225.jpg 300w, https:\/\/buletin.de\/bucuresti\/wp-content\/uploads\/218190978_240684647892032_6324690725622621481_n-2-768x576.jpg 768w, https:\/\/buletin.de\/bucuresti\/wp-content\/uploads\/218190978_240684647892032_6324690725622621481_n-2-1536x1152.jpg 1536w, https:\/\/buletin.de\/bucuresti\/wp-content\/uploads\/218190978_240684647892032_6324690725622621481_n-2-1600x1200.jpg 1600w, https:\/\/buletin.de\/bucuresti\/wp-content\/uploads\/218190978_240684647892032_6324690725622621481_n-2-1100x825.jpg 1100w, https:\/\/buletin.de\/bucuresti\/wp-content\/uploads\/218190978_240684647892032_6324690725622621481_n-2-600x450.jpg 600w, https:\/\/buletin.de\/bucuresti\/wp-content\/uploads\/218190978_240684647892032_6324690725622621481_n-2-20x15.jpg 20w, https:\/\/buletin.de\/bucuresti\/wp-content\/uploads\/218190978_240684647892032_6324690725622621481_n-2.jpg 2000w\" sizes=\"(max-width: 900px) 100vw, 900px\" \/><\/a><\/figure>\n\n\n\n<figure class=\"wp-block-image size-large\"><a href=\"https:\/\/buletin.de\/bucuresti\/wp-content\/uploads\/Imagine-WhatsApp-2024-02-09-la-13.49.13_fa5184f1-10.jpg\" target=\"_blank\" rel=\"noopener\"><img loading=\"lazy\" decoding=\"async\" width=\"900\" height=\"675\" data-id=\"79497\" src=\"data:image\/gif;base64,R0lGODlhAQABAAAAACH5BAEKAAEALAAAAAABAAEAAAICTAEAOw==\" data-src=\"https:\/\/buletin.de\/bucuresti\/wp-content\/uploads\/Imagine-WhatsApp-2024-02-09-la-13.49.13_fa5184f1-10-900x675.jpg\" alt=\"\" class=\"wp-image-79497 lazyload\" data-sizes=\"auto\" data-srcset=\"https:\/\/buletin.de\/bucuresti\/wp-content\/uploads\/Imagine-WhatsApp-2024-02-09-la-13.49.13_fa5184f1-10-900x675.jpg 900w, https:\/\/buletin.de\/bucuresti\/wp-content\/uploads\/Imagine-WhatsApp-2024-02-09-la-13.49.13_fa5184f1-10-300x225.jpg 300w, https:\/\/buletin.de\/bucuresti\/wp-content\/uploads\/Imagine-WhatsApp-2024-02-09-la-13.49.13_fa5184f1-10-768x576.jpg 768w, https:\/\/buletin.de\/bucuresti\/wp-content\/uploads\/Imagine-WhatsApp-2024-02-09-la-13.49.13_fa5184f1-10-1536x1152.jpg 1536w, https:\/\/buletin.de\/bucuresti\/wp-content\/uploads\/Imagine-WhatsApp-2024-02-09-la-13.49.13_fa5184f1-10-1600x1200.jpg 1600w, https:\/\/buletin.de\/bucuresti\/wp-content\/uploads\/Imagine-WhatsApp-2024-02-09-la-13.49.13_fa5184f1-10-1100x825.jpg 1100w, https:\/\/buletin.de\/bucuresti\/wp-content\/uploads\/Imagine-WhatsApp-2024-02-09-la-13.49.13_fa5184f1-10-600x450.jpg 600w, https:\/\/buletin.de\/bucuresti\/wp-content\/uploads\/Imagine-WhatsApp-2024-02-09-la-13.49.13_fa5184f1-10-20x15.jpg 20w, https:\/\/buletin.de\/bucuresti\/wp-content\/uploads\/Imagine-WhatsApp-2024-02-09-la-13.49.13_fa5184f1-10.jpg 2000w\" sizes=\"(max-width: 900px) 100vw, 900px\" \/><\/a><\/figure>\n\n\n\n<figure class=\"wp-block-image size-large\"><a href=\"https:\/\/buletin.de\/bucuresti\/wp-content\/uploads\/426539717_927478892061859_717365580017370946_n-6.jpg\" target=\"_blank\" rel=\"noopener\"><img loading=\"lazy\" decoding=\"async\" width=\"900\" height=\"675\" data-id=\"79499\" src=\"data:image\/gif;base64,R0lGODlhAQABAAAAACH5BAEKAAEALAAAAAABAAEAAAICTAEAOw==\" data-src=\"https:\/\/buletin.de\/bucuresti\/wp-content\/uploads\/426539717_927478892061859_717365580017370946_n-6-900x675.jpg\" alt=\"\" class=\"wp-image-79499 lazyload\" data-sizes=\"auto\" data-srcset=\"https:\/\/buletin.de\/bucuresti\/wp-content\/uploads\/426539717_927478892061859_717365580017370946_n-6-900x675.jpg 900w, https:\/\/buletin.de\/bucuresti\/wp-content\/uploads\/426539717_927478892061859_717365580017370946_n-6-300x225.jpg 300w, https:\/\/buletin.de\/bucuresti\/wp-content\/uploads\/426539717_927478892061859_717365580017370946_n-6-768x576.jpg 768w, https:\/\/buletin.de\/bucuresti\/wp-content\/uploads\/426539717_927478892061859_717365580017370946_n-6-1536x1152.jpg 1536w, https:\/\/buletin.de\/bucuresti\/wp-content\/uploads\/426539717_927478892061859_717365580017370946_n-6-1600x1200.jpg 1600w, https:\/\/buletin.de\/bucuresti\/wp-content\/uploads\/426539717_927478892061859_717365580017370946_n-6-1100x825.jpg 1100w, https:\/\/buletin.de\/bucuresti\/wp-content\/uploads\/426539717_927478892061859_717365580017370946_n-6-600x450.jpg 600w, https:\/\/buletin.de\/bucuresti\/wp-content\/uploads\/426539717_927478892061859_717365580017370946_n-6-20x15.jpg 20w, https:\/\/buletin.de\/bucuresti\/wp-content\/uploads\/426539717_927478892061859_717365580017370946_n-6.jpg 2000w\" sizes=\"(max-width: 900px) 100vw, 900px\" \/><\/a><\/figure>\n<figcaption class=\"blocks-gallery-caption wp-element-caption\">Surs\u0103: Bawi Construction, Facebook<\/figcaption><\/figure>\n\n\n\n<h2 class=\"wp-block-heading\">Ocol de 50 kilometri<\/h2>\n\n\n\n<p>\u00cen prezent, <a href=\"https:\/\/buletin.de\/bucuresti\/lucrarile-la-calea-ferata-bucuresti-giurgiu-gata-la-primavara-tren-metropolitan-la-domnesti-eurogara-la-comana-si-ruta-ruse-otopeni\/\">trenul Bucure\u0219ti-Giurgiu trece prin Videle dup\u0103 ce \u00een 2005 podul de la Gr\u0103di\u0219tea, de la grani\u021ba cu jude\u021bul Ilfov, s-a pr\u0103bu\u0219it<\/a>. \u00cen loc de 70 de kilometri, garniturile ocolesc aproape 120 de kilometri, distan\u021b\u0103 care aproape tripleaz\u0103 timpul de parcurs.<\/p>\n\n\n\n<p>Lucr\u0103rile pentru refacerea podului de la Gr\u0103di\u0219tea vin la pachet \u0219i cu o serie de moderniz\u0103ri pentru infrastructura feroviar\u0103 din zon\u0103. Astfel, pe l\u00e2ng\u0103 cele trei poduri \u0219i dou\u0103 viaducte, aferente celor 12 kilometri de cale moderniza\u021bi din zona podului de la Gr\u0103di\u0219tea, \u0219i&nbsp;<a href=\"https:\/\/buletin.de\/bucuresti\/parcul-natural-comana-va-avea-o-eurogara-modernizarea-liniei-bucuresti-giurgiu-aproape-gata\/\">Parcul Natural Comana va beneficia de o nou\u0103 eurogar\u0103.<\/a><\/p>\n\n\n\n<p>Redeschiderea traficului pe prima linie \u00eenfiin\u021bat\u0103 \u00een Rom\u00e2nia va reconfigura circula\u021bia feroviar\u0103 din zona de Sud-Vest a Capitalei. Astfel, trenurile vor ajunge p\u00e2n\u0103 \u00een Gara de Nord, noua sta\u021bie terminus, \u0219i nu \u00ee\u0219i vor mai \u00eencheia c\u0103l\u0103toria \u00een Gara Progresul. &nbsp;<\/p>\n\n\n\n<p>Mai mult, o nou\u0103 sta\u021bie feroviar\u0103 provizorie va fi amplasat\u0103 sub pasajul Domne\u0219ti. Aceasta va fi \u00een apropierea sta\u021biei de autobuz \u0219i urmeaz\u0103 s\u0103 fie f\u0103cut\u0103 leg\u0103tura \u0219i cu cap\u0103tul liniei de tramvai care va circula \u00een prelungirea Ghencea, potrivit&nbsp;<a href=\"https:\/\/buletin.de\/bucuresti\/tren-metropolitan-domnesti-gara-de-nord-garniturile-catre-si-dinspre-giurgiu-vor-opri-sub-pasaj\/\">clubferoviar.ro<\/a><\/p>\n\n\n\n<h2 class=\"wp-block-heading\">Despre aceste lucr\u0103ri<\/h2>\n\n\n\n<p>Modernizarea c\u0103ii ferate Bucure\u015fti Nord \u2013 Jilava \u2013 Giurgiu Nord \u2013 Giurgiu Nord Frontier\u0103 reprezint\u0103 o <a href=\"https:\/\/buletin.de\/bucuresti\/reparatii-de-3-miliarde-de-lei-pe-calea-ferata-care-leaga-capitala-de-giurgiu\/\">investi\u021bie de aproximativ 2.89 miliarde de lei<\/a>, bani care vin \u00een majoritate de la bugetul Transporturilor \u015fi din veniturile proprii ale CFR. Proiectul face parte din Master Planul General de Transport al Rom\u00e2niei.<\/p>\n\n\n\n<p>Este linia care face leg\u0103tura \u00eentre Coridorul Rin-Dun\u0103re (fostul Coridor IV) \u015fi \u0163\u0103rile din sud-estul Europei (Bulgaria, Grecia, Turcia), prin traversarea Dun\u0103rii pe Podul Prieteniei, la grani\u0163a dintre Rom\u00e2nia \u015fi Bulgaria. Este amplasat\u0103 pe ruta fostului coridor IX Pan-European \u015fi face parte din re\u0163eaua <a href=\"https:\/\/transport.ec.europa.eu\/transport-themes\/infrastructure-and-investment\/trans-european-transport-network-ten-t_en\">TEN-T<\/a> global\u0103 sau extins\u0103.<\/p>\n\n\n\n<p><strong>CITE\u0218TE \u0218I:<\/strong><\/p>\n\n\n\n<ul class=\"wp-block-list\">\n<li><a href=\"https:\/\/buletin.de\/bucuresti\/termen-ratat-pentru-linia-feroviara-bucuresti-giurgiu-nu-se-mai-deschide-in-martie-ci-spun-oficialii-in-mai\/\">Termen ratat pentru linia feroviar\u0103 Bucure\u015fti-Giurgiu. Nu se mai deschide \u00een martie ci, spun oficialii,&nbsp;\u00een&nbsp;mai &#8211; Buletin de Bucure\u0219ti<\/a><\/li>\n\n\n\n<li><a href=\"https:\/\/buletin.de\/bucuresti\/lucrarile-la-calea-ferata-bucuresti-giurgiu-gata-la-primavara-tren-metropolitan-la-domnesti-eurogara-la-comana-si-ruta-ruse-otopeni\/\">Lucr\u0103rile la calea ferat\u0103 Bucure\u0219ti-Giurgiu, gata la prim\u0103var\u0103: tren metropolitan la Domne\u0219ti, eurogar\u0103 la Comana \u0219i rut\u0103 Ruse-Otopeni &#8211; Buletin de Bucure\u0219ti<\/a><\/li>\n<\/ul>\n","protected":false},"excerpt":{"rendered":"<p>Lucr\u0103rile pentru redeschiderea circula\u021biei feroviare pe podul Gr\u0103di\u0219tea, peste r\u00e2ul Arge\u0219, se apropie de finalizare, potrivit unui anun\u021b al firmei care execut\u0103 lucr\u0103rile de buraj \u0219i refacere a c\u0103ii de rulare \u00eentre sta\u021biile Vidra \u0219i Comana, ale liniei Bucure\u0219ti &#8211; Giurgiu.\u00a0 Prima linie de cale ferat\u0103 construit\u0103 \u00een Rom\u00e2nia se va redeschide \u201emaximum \u00een luna [&hellip;]<\/p>\n","protected":false},"author":47,"featured_media":79504,"comment_status":"closed","ping_status":"open","sticky":false,"template":"","format":"standard","meta":{"_acf_changed":false,"inline_featured_image":false,"ngg_post_thumbnail":0,"footnotes":""},"categories":[6994,62,650],"tags":[7579,10394,599,7287,2463,10392,10393,5168,439,3401],"ppma_author":[22580],"class_list":["post-79493","post","type-post","status-publish","format-standard","has-post-thumbnail","hentry","category-stiri-2","category-stiri","category-transport","tag-bucuresti-nord","tag-cale-feroviara","tag-cfr","tag-comana","tag-giurgiu","tag-giurgiu-nord","tag-giurgiu-nord-frontiera","tag-jilava","tag-lucrari","tag-vidra"],"acf":[],"yoast_head":"<!-- This site is optimized with the Yoast SEO Premium plugin v25.3 (Yoast SEO v27.4) - https:\/\/yoast.com\/product\/yoast-seo-premium-wordpress\/ -->\n<title>Circula\u021bia feroviar\u0103 peste Podul Gr\u0103di\u0219tea, reluat\u0103 \u00een cur\u00e2nd. Tronsonul Vidra-Comana, aproape gata - Buletin de Bucure\u0219ti<\/title>\n<meta name=\"robots\" content=\"index, follow, max-snippet:-1, max-image-preview:large, max-video-preview:-1\" \/>\n<link rel=\"canonical\" href=\"https:\/\/buletin.de\/bucuresti\/circulatia-feroviara-peste-podul-gradistea-reluata-in-curand-tronsonul-vidra-comana-aproape-gata\/\" \/>\n<meta property=\"og:locale\" content=\"en_GB\" \/>\n<meta property=\"og:type\" content=\"article\" \/>\n<meta property=\"og:title\" content=\"Circula\u021bia feroviar\u0103 peste Podul Gr\u0103di\u0219tea, reluat\u0103 \u00een cur\u00e2nd. Tronsonul Vidra-Comana, aproape gata\" \/>\n<meta property=\"og:description\" content=\"Lucr\u0103rile pentru redeschiderea circula\u021biei feroviare pe podul Gr\u0103di\u0219tea, peste r\u00e2ul Arge\u0219, se apropie de finalizare, potrivit unui anun\u021b al firmei care execut\u0103 lucr\u0103rile de buraj \u0219i refacere a c\u0103ii de rulare \u00eentre sta\u021biile Vidra \u0219i Comana, ale liniei Bucure\u0219ti &#8211; Giurgiu.\u00a0 Prima linie de cale ferat\u0103 construit\u0103 \u00een Rom\u00e2nia se va redeschide \u201emaximum \u00een luna [&hellip;]\" \/>\n<meta property=\"og:url\" content=\"https:\/\/buletin.de\/bucuresti\/circulatia-feroviara-peste-podul-gradistea-reluata-in-curand-tronsonul-vidra-comana-aproape-gata\/\" \/>\n<meta property=\"og:site_name\" content=\"Buletin de Bucure\u0219ti\" \/>\n<meta property=\"article:publisher\" content=\"https:\/\/www.facebook.com\/buletin.de.buc\" \/>\n<meta property=\"article:published_time\" content=\"2024-03-08T12:24:29+00:00\" \/>\n<meta property=\"og:image\" content=\"https:\/\/buletin.de\/bucuresti\/wp-content\/uploads\/430092554_891601039331362_4175163446085518250_n-1.jpg\" \/>\n\t<meta property=\"og:image:width\" content=\"1399\" \/>\n\t<meta property=\"og:image:height\" content=\"1108\" \/>\n\t<meta property=\"og:image:type\" content=\"image\/jpeg\" \/>\n<meta name=\"author\" content=\"Adina C\u0103p\u00eelnean\" \/>\n<meta name=\"twitter:card\" content=\"summary_large_image\" \/>\n<meta name=\"twitter:label1\" content=\"Written by\" \/>\n\t<meta name=\"twitter:data1\" content=\"Adina C\u0103p\u00eelnean\" \/>\n\t<meta name=\"twitter:label2\" content=\"Estimated reading time\" \/>\n\t<meta name=\"twitter:data2\" content=\"4 minutes\" \/>\n<script type=\"application\/ld+json\" class=\"yoast-schema-graph\">{\"@context\":\"https:\\\/\\\/schema.org\",\"@graph\":[{\"@type\":\"Article\",\"@id\":\"https:\\\/\\\/buletin.de\\\/bucuresti\\\/circulatia-feroviara-peste-podul-gradistea-reluata-in-curand-tronsonul-vidra-comana-aproape-gata\\\/#article\",\"isPartOf\":{\"@id\":\"https:\\\/\\\/buletin.de\\\/bucuresti\\\/circulatia-feroviara-peste-podul-gradistea-reluata-in-curand-tronsonul-vidra-comana-aproape-gata\\\/\"},\"author\":{\"name\":\"Adina C\u0103p\u00eelnean\",\"@id\":\"https:\\\/\\\/buletin.de\\\/bucuresti\\\/#\\\/schema\\\/person\\\/ab174cf6711728e4ee83d672acf9a912\"},\"headline\":\"Circula\u021bia feroviar\u0103 peste Podul Gr\u0103di\u0219tea, reluat\u0103 \u00een cur\u00e2nd. Tronsonul Vidra-Comana, aproape gata\",\"datePublished\":\"2024-03-08T12:24:29+00:00\",\"mainEntityOfPage\":{\"@id\":\"https:\\\/\\\/buletin.de\\\/bucuresti\\\/circulatia-feroviara-peste-podul-gradistea-reluata-in-curand-tronsonul-vidra-comana-aproape-gata\\\/\"},\"wordCount\":525,\"publisher\":{\"@id\":\"https:\\\/\\\/buletin.de\\\/bucuresti\\\/#organization\"},\"image\":{\"@id\":\"https:\\\/\\\/buletin.de\\\/bucuresti\\\/circulatia-feroviara-peste-podul-gradistea-reluata-in-curand-tronsonul-vidra-comana-aproape-gata\\\/#primaryimage\"},\"thumbnailUrl\":\"https:\\\/\\\/buletin.de\\\/bucuresti\\\/wp-content\\\/uploads\\\/430092554_891601039331362_4175163446085518250_n-1.jpg\",\"keywords\":[\"bucuresti nord\",\"cale feroviara\",\"cfr\",\"Comana\",\"giurgiu\",\"giurgiu nord\",\"giurgiu nord frontiera\",\"jilava\",\"lucrari\",\"vidra\"],\"articleSection\":[\"Articole\",\"\u0218tiri\",\"Transport\"],\"inLanguage\":\"en-GB\",\"copyrightYear\":\"2024\",\"copyrightHolder\":{\"@id\":\"https:\\\/\\\/buletin.de\\\/bucuresti\\\/#organization\"}},{\"@type\":\"WebPage\",\"@id\":\"https:\\\/\\\/buletin.de\\\/bucuresti\\\/circulatia-feroviara-peste-podul-gradistea-reluata-in-curand-tronsonul-vidra-comana-aproape-gata\\\/\",\"url\":\"https:\\\/\\\/buletin.de\\\/bucuresti\\\/circulatia-feroviara-peste-podul-gradistea-reluata-in-curand-tronsonul-vidra-comana-aproape-gata\\\/\",\"name\":\"Circula\u021bia feroviar\u0103 peste Podul Gr\u0103di\u0219tea, reluat\u0103 \u00een cur\u00e2nd. Tronsonul Vidra-Comana, aproape gata - Buletin de Bucure\u0219ti\",\"isPartOf\":{\"@id\":\"https:\\\/\\\/buletin.de\\\/bucuresti\\\/#website\"},\"primaryImageOfPage\":{\"@id\":\"https:\\\/\\\/buletin.de\\\/bucuresti\\\/circulatia-feroviara-peste-podul-gradistea-reluata-in-curand-tronsonul-vidra-comana-aproape-gata\\\/#primaryimage\"},\"image\":{\"@id\":\"https:\\\/\\\/buletin.de\\\/bucuresti\\\/circulatia-feroviara-peste-podul-gradistea-reluata-in-curand-tronsonul-vidra-comana-aproape-gata\\\/#primaryimage\"},\"thumbnailUrl\":\"https:\\\/\\\/buletin.de\\\/bucuresti\\\/wp-content\\\/uploads\\\/430092554_891601039331362_4175163446085518250_n-1.jpg\",\"datePublished\":\"2024-03-08T12:24:29+00:00\",\"breadcrumb\":{\"@id\":\"https:\\\/\\\/buletin.de\\\/bucuresti\\\/circulatia-feroviara-peste-podul-gradistea-reluata-in-curand-tronsonul-vidra-comana-aproape-gata\\\/#breadcrumb\"},\"inLanguage\":\"en-GB\",\"potentialAction\":[{\"@type\":\"ReadAction\",\"target\":[\"https:\\\/\\\/buletin.de\\\/bucuresti\\\/circulatia-feroviara-peste-podul-gradistea-reluata-in-curand-tronsonul-vidra-comana-aproape-gata\\\/\"]}]},{\"@type\":\"ImageObject\",\"inLanguage\":\"en-GB\",\"@id\":\"https:\\\/\\\/buletin.de\\\/bucuresti\\\/circulatia-feroviara-peste-podul-gradistea-reluata-in-curand-tronsonul-vidra-comana-aproape-gata\\\/#primaryimage\",\"url\":\"https:\\\/\\\/buletin.de\\\/bucuresti\\\/wp-content\\\/uploads\\\/430092554_891601039331362_4175163446085518250_n-1.jpg\",\"contentUrl\":\"https:\\\/\\\/buletin.de\\\/bucuresti\\\/wp-content\\\/uploads\\\/430092554_891601039331362_4175163446085518250_n-1.jpg\",\"width\":1399,\"height\":1108,\"caption\":\"Surs\u0103: Bawi Construction, Facebook\"},{\"@type\":\"BreadcrumbList\",\"@id\":\"https:\\\/\\\/buletin.de\\\/bucuresti\\\/circulatia-feroviara-peste-podul-gradistea-reluata-in-curand-tronsonul-vidra-comana-aproape-gata\\\/#breadcrumb\",\"itemListElement\":[{\"@type\":\"ListItem\",\"position\":1,\"name\":\"Acas\u0103\",\"item\":\"https:\\\/\\\/buletin.de\\\/bucuresti\\\/\"},{\"@type\":\"ListItem\",\"position\":2,\"name\":\"Circula\u021bia feroviar\u0103 peste Podul Gr\u0103di\u0219tea, reluat\u0103 \u00een cur\u00e2nd. Tronsonul Vidra-Comana, aproape gata\"}]},{\"@type\":\"WebSite\",\"@id\":\"https:\\\/\\\/buletin.de\\\/bucuresti\\\/#website\",\"url\":\"https:\\\/\\\/buletin.de\\\/bucuresti\\\/\",\"name\":\"Buletin de Bucure\u0219ti\",\"description\":\"\u0218tiri \u0219i investiga\u021bii esen\u021biale din capital\u0103\",\"publisher\":{\"@id\":\"https:\\\/\\\/buletin.de\\\/bucuresti\\\/#organization\"},\"potentialAction\":[{\"@type\":\"SearchAction\",\"target\":{\"@type\":\"EntryPoint\",\"urlTemplate\":\"https:\\\/\\\/buletin.de\\\/bucuresti\\\/?s={search_term_string}\"},\"query-input\":{\"@type\":\"PropertyValueSpecification\",\"valueRequired\":true,\"valueName\":\"search_term_string\"}}],\"inLanguage\":\"en-GB\"},{\"@type\":\"Organization\",\"@id\":\"https:\\\/\\\/buletin.de\\\/bucuresti\\\/#organization\",\"name\":\"Buletin de Bucure\u0219ti\",\"url\":\"https:\\\/\\\/buletin.de\\\/bucuresti\\\/\",\"logo\":{\"@type\":\"ImageObject\",\"inLanguage\":\"en-GB\",\"@id\":\"https:\\\/\\\/buletin.de\\\/bucuresti\\\/#\\\/schema\\\/logo\\\/image\\\/\",\"url\":\"https:\\\/\\\/buletin.de\\\/bucuresti\\\/wp-content\\\/uploads\\\/logo-bdb-full-wide-vernil-transparent.png\",\"contentUrl\":\"https:\\\/\\\/buletin.de\\\/bucuresti\\\/wp-content\\\/uploads\\\/logo-bdb-full-wide-vernil-transparent.png\",\"width\":1782,\"height\":626,\"caption\":\"Buletin de Bucure\u0219ti\"},\"image\":{\"@id\":\"https:\\\/\\\/buletin.de\\\/bucuresti\\\/#\\\/schema\\\/logo\\\/image\\\/\"},\"sameAs\":[\"https:\\\/\\\/www.facebook.com\\\/buletin.de.buc\",\"https:\\\/\\\/www.instagram.com\\\/buletinde.bucuresti\\\/\"]},{\"@type\":\"Person\",\"@id\":\"https:\\\/\\\/buletin.de\\\/bucuresti\\\/#\\\/schema\\\/person\\\/ab174cf6711728e4ee83d672acf9a912\",\"name\":\"Adina C\u0103p\u00eelnean\",\"image\":{\"@type\":\"ImageObject\",\"inLanguage\":\"en-GB\",\"@id\":\"https:\\\/\\\/secure.gravatar.com\\\/avatar\\\/4fe9675d6282fd7c1aa4e486a037d532d5728fc16a30360f293eb6126b2e73ad?s=96&d=monsterid&r=ge2b23868508aec3460d3c6a11d3b599a\",\"url\":\"https:\\\/\\\/secure.gravatar.com\\\/avatar\\\/4fe9675d6282fd7c1aa4e486a037d532d5728fc16a30360f293eb6126b2e73ad?s=96&d=monsterid&r=g\",\"contentUrl\":\"https:\\\/\\\/secure.gravatar.com\\\/avatar\\\/4fe9675d6282fd7c1aa4e486a037d532d5728fc16a30360f293eb6126b2e73ad?s=96&d=monsterid&r=g\",\"caption\":\"Adina C\u0103p\u00eelnean\"},\"url\":\"https:\\\/\\\/buletin.de\\\/bucuresti\\\/author\\\/adinacapilnean\\\/\"}]}<\/script>\n<!-- \/ Yoast SEO Premium plugin. -->","yoast_head_json":{"title":"Circula\u021bia feroviar\u0103 peste Podul Gr\u0103di\u0219tea, reluat\u0103 \u00een cur\u00e2nd. Tronsonul Vidra-Comana, aproape gata - Buletin de Bucure\u0219ti","robots":{"index":"index","follow":"follow","max-snippet":"max-snippet:-1","max-image-preview":"max-image-preview:large","max-video-preview":"max-video-preview:-1"},"canonical":"https:\/\/buletin.de\/bucuresti\/circulatia-feroviara-peste-podul-gradistea-reluata-in-curand-tronsonul-vidra-comana-aproape-gata\/","og_locale":"en_GB","og_type":"article","og_title":"Circula\u021bia feroviar\u0103 peste Podul Gr\u0103di\u0219tea, reluat\u0103 \u00een cur\u00e2nd. Tronsonul Vidra-Comana, aproape gata","og_description":"Lucr\u0103rile pentru redeschiderea circula\u021biei feroviare pe podul Gr\u0103di\u0219tea, peste r\u00e2ul Arge\u0219, se apropie de finalizare, potrivit unui anun\u021b al firmei care execut\u0103 lucr\u0103rile de buraj \u0219i refacere a c\u0103ii de rulare \u00eentre sta\u021biile Vidra \u0219i Comana, ale liniei Bucure\u0219ti &#8211; Giurgiu.\u00a0 Prima linie de cale ferat\u0103 construit\u0103 \u00een Rom\u00e2nia se va redeschide \u201emaximum \u00een luna [&hellip;]","og_url":"https:\/\/buletin.de\/bucuresti\/circulatia-feroviara-peste-podul-gradistea-reluata-in-curand-tronsonul-vidra-comana-aproape-gata\/","og_site_name":"Buletin de Bucure\u0219ti","article_publisher":"https:\/\/www.facebook.com\/buletin.de.buc","article_published_time":"2024-03-08T12:24:29+00:00","og_image":[{"width":1399,"height":1108,"url":"https:\/\/buletin.de\/bucuresti\/wp-content\/uploads\/430092554_891601039331362_4175163446085518250_n-1.jpg","type":"image\/jpeg"}],"author":"Adina C\u0103p\u00eelnean","twitter_card":"summary_large_image","twitter_misc":{"Written by":"Adina C\u0103p\u00eelnean","Estimated reading time":"4 minutes"},"schema":{"@context":"https:\/\/schema.org","@graph":[{"@type":"Article","@id":"https:\/\/buletin.de\/bucuresti\/circulatia-feroviara-peste-podul-gradistea-reluata-in-curand-tronsonul-vidra-comana-aproape-gata\/#article","isPartOf":{"@id":"https:\/\/buletin.de\/bucuresti\/circulatia-feroviara-peste-podul-gradistea-reluata-in-curand-tronsonul-vidra-comana-aproape-gata\/"},"author":{"name":"Adina C\u0103p\u00eelnean","@id":"https:\/\/buletin.de\/bucuresti\/#\/schema\/person\/ab174cf6711728e4ee83d672acf9a912"},"headline":"Circula\u021bia feroviar\u0103 peste Podul Gr\u0103di\u0219tea, reluat\u0103 \u00een cur\u00e2nd. Tronsonul Vidra-Comana, aproape gata","datePublished":"2024-03-08T12:24:29+00:00","mainEntityOfPage":{"@id":"https:\/\/buletin.de\/bucuresti\/circulatia-feroviara-peste-podul-gradistea-reluata-in-curand-tronsonul-vidra-comana-aproape-gata\/"},"wordCount":525,"publisher":{"@id":"https:\/\/buletin.de\/bucuresti\/#organization"},"image":{"@id":"https:\/\/buletin.de\/bucuresti\/circulatia-feroviara-peste-podul-gradistea-reluata-in-curand-tronsonul-vidra-comana-aproape-gata\/#primaryimage"},"thumbnailUrl":"https:\/\/buletin.de\/bucuresti\/wp-content\/uploads\/430092554_891601039331362_4175163446085518250_n-1.jpg","keywords":["bucuresti nord","cale feroviara","cfr","Comana","giurgiu","giurgiu nord","giurgiu nord frontiera","jilava","lucrari","vidra"],"articleSection":["Articole","\u0218tiri","Transport"],"inLanguage":"en-GB","copyrightYear":"2024","copyrightHolder":{"@id":"https:\/\/buletin.de\/bucuresti\/#organization"}},{"@type":"WebPage","@id":"https:\/\/buletin.de\/bucuresti\/circulatia-feroviara-peste-podul-gradistea-reluata-in-curand-tronsonul-vidra-comana-aproape-gata\/","url":"https:\/\/buletin.de\/bucuresti\/circulatia-feroviara-peste-podul-gradistea-reluata-in-curand-tronsonul-vidra-comana-aproape-gata\/","name":"Circula\u021bia feroviar\u0103 peste Podul Gr\u0103di\u0219tea, reluat\u0103 \u00een cur\u00e2nd. Tronsonul Vidra-Comana, aproape gata - Buletin de Bucure\u0219ti","isPartOf":{"@id":"https:\/\/buletin.de\/bucuresti\/#website"},"primaryImageOfPage":{"@id":"https:\/\/buletin.de\/bucuresti\/circulatia-feroviara-peste-podul-gradistea-reluata-in-curand-tronsonul-vidra-comana-aproape-gata\/#primaryimage"},"image":{"@id":"https:\/\/buletin.de\/bucuresti\/circulatia-feroviara-peste-podul-gradistea-reluata-in-curand-tronsonul-vidra-comana-aproape-gata\/#primaryimage"},"thumbnailUrl":"https:\/\/buletin.de\/bucuresti\/wp-content\/uploads\/430092554_891601039331362_4175163446085518250_n-1.jpg","datePublished":"2024-03-08T12:24:29+00:00","breadcrumb":{"@id":"https:\/\/buletin.de\/bucuresti\/circulatia-feroviara-peste-podul-gradistea-reluata-in-curand-tronsonul-vidra-comana-aproape-gata\/#breadcrumb"},"inLanguage":"en-GB","potentialAction":[{"@type":"ReadAction","target":["https:\/\/buletin.de\/bucuresti\/circulatia-feroviara-peste-podul-gradistea-reluata-in-curand-tronsonul-vidra-comana-aproape-gata\/"]}]},{"@type":"ImageObject","inLanguage":"en-GB","@id":"https:\/\/buletin.de\/bucuresti\/circulatia-feroviara-peste-podul-gradistea-reluata-in-curand-tronsonul-vidra-comana-aproape-gata\/#primaryimage","url":"https:\/\/buletin.de\/bucuresti\/wp-content\/uploads\/430092554_891601039331362_4175163446085518250_n-1.jpg","contentUrl":"https:\/\/buletin.de\/bucuresti\/wp-content\/uploads\/430092554_891601039331362_4175163446085518250_n-1.jpg","width":1399,"height":1108,"caption":"Surs\u0103: Bawi Construction, Facebook"},{"@type":"BreadcrumbList","@id":"https:\/\/buletin.de\/bucuresti\/circulatia-feroviara-peste-podul-gradistea-reluata-in-curand-tronsonul-vidra-comana-aproape-gata\/#breadcrumb","itemListElement":[{"@type":"ListItem","position":1,"name":"Acas\u0103","item":"https:\/\/buletin.de\/bucuresti\/"},{"@type":"ListItem","position":2,"name":"Circula\u021bia feroviar\u0103 peste Podul Gr\u0103di\u0219tea, reluat\u0103 \u00een cur\u00e2nd. Tronsonul Vidra-Comana, aproape gata"}]},{"@type":"WebSite","@id":"https:\/\/buletin.de\/bucuresti\/#website","url":"https:\/\/buletin.de\/bucuresti\/","name":"Buletin de Bucure\u0219ti","description":"\u0218tiri \u0219i investiga\u021bii esen\u021biale din capital\u0103","publisher":{"@id":"https:\/\/buletin.de\/bucuresti\/#organization"},"potentialAction":[{"@type":"SearchAction","target":{"@type":"EntryPoint","urlTemplate":"https:\/\/buletin.de\/bucuresti\/?s={search_term_string}"},"query-input":{"@type":"PropertyValueSpecification","valueRequired":true,"valueName":"search_term_string"}}],"inLanguage":"en-GB"},{"@type":"Organization","@id":"https:\/\/buletin.de\/bucuresti\/#organization","name":"Buletin de Bucure\u0219ti","url":"https:\/\/buletin.de\/bucuresti\/","logo":{"@type":"ImageObject","inLanguage":"en-GB","@id":"https:\/\/buletin.de\/bucuresti\/#\/schema\/logo\/image\/","url":"https:\/\/buletin.de\/bucuresti\/wp-content\/uploads\/logo-bdb-full-wide-vernil-transparent.png","contentUrl":"https:\/\/buletin.de\/bucuresti\/wp-content\/uploads\/logo-bdb-full-wide-vernil-transparent.png","width":1782,"height":626,"caption":"Buletin de Bucure\u0219ti"},"image":{"@id":"https:\/\/buletin.de\/bucuresti\/#\/schema\/logo\/image\/"},"sameAs":["https:\/\/www.facebook.com\/buletin.de.buc","https:\/\/www.instagram.com\/buletinde.bucuresti\/"]},{"@type":"Person","@id":"https:\/\/buletin.de\/bucuresti\/#\/schema\/person\/ab174cf6711728e4ee83d672acf9a912","name":"Adina C\u0103p\u00eelnean","image":{"@type":"ImageObject","inLanguage":"en-GB","@id":"https:\/\/secure.gravatar.com\/avatar\/4fe9675d6282fd7c1aa4e486a037d532d5728fc16a30360f293eb6126b2e73ad?s=96&d=monsterid&r=ge2b23868508aec3460d3c6a11d3b599a","url":"https:\/\/secure.gravatar.com\/avatar\/4fe9675d6282fd7c1aa4e486a037d532d5728fc16a30360f293eb6126b2e73ad?s=96&d=monsterid&r=g","contentUrl":"https:\/\/secure.gravatar.com\/avatar\/4fe9675d6282fd7c1aa4e486a037d532d5728fc16a30360f293eb6126b2e73ad?s=96&d=monsterid&r=g","caption":"Adina C\u0103p\u00eelnean"},"url":"https:\/\/buletin.de\/bucuresti\/author\/adinacapilnean\/"}]}},"authors":[{"term_id":22580,"user_id":47,"is_guest":0,"slug":"adinacapilnean","display_name":"Adina C\u0103p\u00eelnean","avatar_url":"https:\/\/secure.gravatar.com\/avatar\/4fe9675d6282fd7c1aa4e486a037d532d5728fc16a30360f293eb6126b2e73ad?s=96&d=monsterid&r=g","0":null,"1":"","2":"","3":"","4":"","5":"","6":"","7":"","8":""}],"_links":{"self":[{"href":"https:\/\/buletin.de\/bucuresti\/wp-json\/wp\/v2\/posts\/79493","targetHints":{"allow":["GET"]}}],"collection":[{"href":"https:\/\/buletin.de\/bucuresti\/wp-json\/wp\/v2\/posts"}],"about":[{"href":"https:\/\/buletin.de\/bucuresti\/wp-json\/wp\/v2\/types\/post"}],"author":[{"embeddable":true,"href":"https:\/\/buletin.de\/bucuresti\/wp-json\/wp\/v2\/users\/47"}],"replies":[{"embeddable":true,"href":"https:\/\/buletin.de\/bucuresti\/wp-json\/wp\/v2\/comments?post=79493"}],"version-history":[{"count":4,"href":"https:\/\/buletin.de\/bucuresti\/wp-json\/wp\/v2\/posts\/79493\/revisions"}],"predecessor-version":[{"id":79507,"href":"https:\/\/buletin.de\/bucuresti\/wp-json\/wp\/v2\/posts\/79493\/revisions\/79507"}],"wp:featuredmedia":[{"embeddable":true,"href":"https:\/\/buletin.de\/bucuresti\/wp-json\/wp\/v2\/media\/79504"}],"wp:attachment":[{"href":"https:\/\/buletin.de\/bucuresti\/wp-json\/wp\/v2\/media?parent=79493"}],"wp:term":[{"taxonomy":"category","embeddable":true,"href":"https:\/\/buletin.de\/bucuresti\/wp-json\/wp\/v2\/categories?post=79493"},{"taxonomy":"post_tag","embeddable":true,"href":"https:\/\/buletin.de\/bucuresti\/wp-json\/wp\/v2\/tags?post=79493"},{"taxonomy":"author","embeddable":true,"href":"https:\/\/buletin.de\/bucuresti\/wp-json\/wp\/v2\/ppma_author?post=79493"}],"curies":[{"name":"wp","href":"https:\/\/api.w.org\/{rel}","templated":true}]}}