{"id":78831,"date":"2024-03-03T06:00:00","date_gmt":"2024-03-03T04:00:00","guid":{"rendered":"https:\/\/buletin.de\/bucuresti\/?p=78831"},"modified":"2024-03-01T21:20:57","modified_gmt":"2024-03-01T19:20:57","slug":"sector-2-o-noua-parcare-de-biciclete-amenajata-in-zona-obor","status":"publish","type":"post","link":"https:\/\/buletin.de\/bucuresti\/sector-2-o-noua-parcare-de-biciclete-amenajata-in-zona-obor\/","title":{"rendered":"Sector 2 | O nou\u0103 parcare de biciclete, amenajat\u0103 \u00een zona Obor"},"content":{"rendered":"\n<p><strong>Prim\u0103ria Sectorului 2 anun\u021b\u0103 c\u0103 a finalizat parcarea pentru biciclete din zona Obor. Aceasta va putea fi folosit\u0103 gratuit \u00een primele 6 luni de la construire.<\/strong><\/p>\n\n\n\n<p>Autoritatea local\u0103 precizeaz\u0103 c\u0103 alte dou\u0103 parc\u0103ri, de tip reziden\u021bial, sunt amenajate la intersec\u021bia \u0218os. Colentina cu Str. Doamna Ghica \u0219i la intersec\u021bia Bd. Chi\u0219in\u0103u cu \u0218os. Pantelimon.<\/p>\n\n\n\n<p>Proiectul pentru parc\u0103rile de biciclete a fost anun\u021bat de Prim\u0103ria Sectorului 2, \u00een toamna anului trecut. \u00cen octombrie 2023, a fost lansat\u0103 consultarea public\u0103 pentru aplicarea regulamentului.<\/p>\n\n\n\n<p>Trei locuri speciale pentru biciclete au fost montate \u00een apropierea unor sta\u021bii de metrou, pe traseele pistelor de biciclete care vor fi amenajate.<\/p>\n\n\n\n<ul class=\"wp-block-list\">\n<li>intersec\u021bia \u0218os. Colentina \u2013 Str. Doamna Ghica,<\/li>\n\n\n\n<li>intersec\u021bia Bd. Chi\u0219in\u0103u \u2013 \u0218os. Pantelimon,<\/li>\n\n\n\n<li>intersec\u021bia \u0218os. Colentina \u2013 \u0218os. \u0218tefan cel Mare (Rond Obor).<\/li>\n<\/ul>\n\n\n\n<p>\u00centr-un astfel de spa\u021biu, pot fi parcate 20 de biciclete, dotate cu scule pentru biciclete \u0219i o pomp\u0103 pentru ro\u021bi.<\/p>\n\n\n\n<p><strong>CITE\u0218TE \u0218I:<\/strong><\/p>\n\n\n\n<figure class=\"wp-block-embed is-type-wp-embed is-provider-buletin-de-bucure-ti wp-block-embed-buletin-de-bucure-ti\"><div class=\"wp-block-embed__wrapper\">\n<blockquote class=\"wp-embedded-content\" data-secret=\"jF1v1n59Xv\"><a href=\"https:\/\/buletin.de\/bucuresti\/sector-6-500-de-locuri-de-parcare-pentru-biciclete-supravegheate-video\/\">Sector 6 | \u00a0500 de locuri de parcare pentru biciclete, supravegheate video<\/a><\/blockquote><iframe class=\"wp-embedded-content\" sandbox=\"allow-scripts\" security=\"restricted\" style=\"position: absolute; clip: rect(1px, 1px, 1px, 1px);\" title=\"&#8220;Sector 6 | \u00a0500 de locuri de parcare pentru biciclete, supravegheate video&#8221; &#8212; Buletin de Bucure\u0219ti\" src=\"https:\/\/buletin.de\/bucuresti\/sector-6-500-de-locuri-de-parcare-pentru-biciclete-supravegheate-video\/embed\/#?secret=0Jbt2CFMKG#?secret=jF1v1n59Xv\" data-secret=\"jF1v1n59Xv\" width=\"600\" height=\"338\" frameborder=\"0\" marginwidth=\"0\" marginheight=\"0\" scrolling=\"no\"><\/iframe>\n<\/div><\/figure>\n","protected":false},"excerpt":{"rendered":"<p>Prim\u0103ria Sectorului 2 anun\u021b\u0103 c\u0103 a finalizat parcarea pentru biciclete din zona Obor. Aceasta va putea fi folosit\u0103 gratuit \u00een primele 6 luni de la construire. Autoritatea local\u0103 precizeaz\u0103 c\u0103 alte dou\u0103 parc\u0103ri, de tip reziden\u021bial, sunt amenajate la intersec\u021bia \u0218os. Colentina cu Str. Doamna Ghica \u0219i la intersec\u021bia Bd. Chi\u0219in\u0103u cu \u0218os. Pantelimon. Proiectul [&hellip;]<\/p>\n","protected":false},"author":49,"featured_media":78832,"comment_status":"closed","ping_status":"open","sticky":false,"template":"","format":"standard","meta":{"_acf_changed":false,"inline_featured_image":false,"ngg_post_thumbnail":0,"footnotes":""},"categories":[6994,24,62],"tags":[7699,229,8333,10202],"ppma_author":[22574],"class_list":["post-78831","post","type-post","status-publish","format-standard","has-post-thumbnail","hentry","category-stiri-2","category-primarie","category-stiri","tag-parcare-biciclete","tag-sector-2","tag-sos-colentina","tag-sos-pantelimon"],"acf":[],"yoast_head":"<!-- This site is optimized with the Yoast SEO Premium plugin v25.3 (Yoast SEO v27.4) - https:\/\/yoast.com\/product\/yoast-seo-premium-wordpress\/ -->\n<title>Sector 2 | O nou\u0103 parcare de biciclete, amenajat\u0103 \u00een zona Obor - Buletin de Bucure\u0219ti<\/title>\n<meta name=\"robots\" content=\"index, follow, max-snippet:-1, max-image-preview:large, max-video-preview:-1\" \/>\n<link rel=\"canonical\" href=\"https:\/\/buletin.de\/bucuresti\/sector-2-o-noua-parcare-de-biciclete-amenajata-in-zona-obor\/\" \/>\n<meta property=\"og:locale\" content=\"en_GB\" \/>\n<meta property=\"og:type\" content=\"article\" \/>\n<meta property=\"og:title\" content=\"Sector 2 | O nou\u0103 parcare de biciclete, amenajat\u0103 \u00een zona Obor\" \/>\n<meta property=\"og:description\" content=\"Prim\u0103ria Sectorului 2 anun\u021b\u0103 c\u0103 a finalizat parcarea pentru biciclete din zona Obor. Aceasta va putea fi folosit\u0103 gratuit \u00een primele 6 luni de la construire. Autoritatea local\u0103 precizeaz\u0103 c\u0103 alte dou\u0103 parc\u0103ri, de tip reziden\u021bial, sunt amenajate la intersec\u021bia \u0218os. Colentina cu Str. Doamna Ghica \u0219i la intersec\u021bia Bd. Chi\u0219in\u0103u cu \u0218os. Pantelimon. Proiectul [&hellip;]\" \/>\n<meta property=\"og:url\" content=\"https:\/\/buletin.de\/bucuresti\/sector-2-o-noua-parcare-de-biciclete-amenajata-in-zona-obor\/\" \/>\n<meta property=\"og:site_name\" content=\"Buletin de Bucure\u0219ti\" \/>\n<meta property=\"article:publisher\" content=\"https:\/\/www.facebook.com\/buletin.de.buc\" \/>\n<meta property=\"article:published_time\" content=\"2024-03-03T04:00:00+00:00\" \/>\n<meta property=\"og:image\" content=\"https:\/\/buletin.de\/bucuresti\/wp-content\/uploads\/parcare-biciclete-sector-2.png\" \/>\n\t<meta property=\"og:image:width\" content=\"1036\" \/>\n\t<meta property=\"og:image:height\" content=\"574\" \/>\n\t<meta property=\"og:image:type\" content=\"image\/png\" \/>\n<meta name=\"author\" content=\"Diana Matei\" \/>\n<meta name=\"twitter:card\" content=\"summary_large_image\" \/>\n<meta name=\"twitter:label1\" content=\"Written by\" \/>\n\t<meta name=\"twitter:data1\" content=\"Diana Matei\" \/>\n\t<meta name=\"twitter:label2\" content=\"Estimated reading time\" \/>\n\t<meta name=\"twitter:data2\" content=\"1 minute\" \/>\n<script type=\"application\/ld+json\" class=\"yoast-schema-graph\">{\"@context\":\"https:\\\/\\\/schema.org\",\"@graph\":[{\"@type\":\"Article\",\"@id\":\"https:\\\/\\\/buletin.de\\\/bucuresti\\\/sector-2-o-noua-parcare-de-biciclete-amenajata-in-zona-obor\\\/#article\",\"isPartOf\":{\"@id\":\"https:\\\/\\\/buletin.de\\\/bucuresti\\\/sector-2-o-noua-parcare-de-biciclete-amenajata-in-zona-obor\\\/\"},\"author\":{\"name\":\"Diana Matei\",\"@id\":\"https:\\\/\\\/buletin.de\\\/bucuresti\\\/#\\\/schema\\\/person\\\/7e46040573290777280a0835d81ea4ea\"},\"headline\":\"Sector 2 | O nou\u0103 parcare de biciclete, amenajat\u0103 \u00een zona Obor\",\"datePublished\":\"2024-03-03T04:00:00+00:00\",\"mainEntityOfPage\":{\"@id\":\"https:\\\/\\\/buletin.de\\\/bucuresti\\\/sector-2-o-noua-parcare-de-biciclete-amenajata-in-zona-obor\\\/\"},\"wordCount\":177,\"publisher\":{\"@id\":\"https:\\\/\\\/buletin.de\\\/bucuresti\\\/#organization\"},\"image\":{\"@id\":\"https:\\\/\\\/buletin.de\\\/bucuresti\\\/sector-2-o-noua-parcare-de-biciclete-amenajata-in-zona-obor\\\/#primaryimage\"},\"thumbnailUrl\":\"https:\\\/\\\/buletin.de\\\/bucuresti\\\/wp-content\\\/uploads\\\/parcare-biciclete-sector-2.png\",\"keywords\":[\"Parcare biciclete\",\"Sector 2\",\"Sos. Colentina\",\"Sos. Pantelimon\"],\"articleSection\":[\"Articole\",\"Prim\u0103rie\",\"\u0218tiri\"],\"inLanguage\":\"en-GB\",\"copyrightYear\":\"2024\",\"copyrightHolder\":{\"@id\":\"https:\\\/\\\/buletin.de\\\/bucuresti\\\/#organization\"}},{\"@type\":\"WebPage\",\"@id\":\"https:\\\/\\\/buletin.de\\\/bucuresti\\\/sector-2-o-noua-parcare-de-biciclete-amenajata-in-zona-obor\\\/\",\"url\":\"https:\\\/\\\/buletin.de\\\/bucuresti\\\/sector-2-o-noua-parcare-de-biciclete-amenajata-in-zona-obor\\\/\",\"name\":\"Sector 2 | O nou\u0103 parcare de biciclete, amenajat\u0103 \u00een zona Obor - Buletin de Bucure\u0219ti\",\"isPartOf\":{\"@id\":\"https:\\\/\\\/buletin.de\\\/bucuresti\\\/#website\"},\"primaryImageOfPage\":{\"@id\":\"https:\\\/\\\/buletin.de\\\/bucuresti\\\/sector-2-o-noua-parcare-de-biciclete-amenajata-in-zona-obor\\\/#primaryimage\"},\"image\":{\"@id\":\"https:\\\/\\\/buletin.de\\\/bucuresti\\\/sector-2-o-noua-parcare-de-biciclete-amenajata-in-zona-obor\\\/#primaryimage\"},\"thumbnailUrl\":\"https:\\\/\\\/buletin.de\\\/bucuresti\\\/wp-content\\\/uploads\\\/parcare-biciclete-sector-2.png\",\"datePublished\":\"2024-03-03T04:00:00+00:00\",\"breadcrumb\":{\"@id\":\"https:\\\/\\\/buletin.de\\\/bucuresti\\\/sector-2-o-noua-parcare-de-biciclete-amenajata-in-zona-obor\\\/#breadcrumb\"},\"inLanguage\":\"en-GB\",\"potentialAction\":[{\"@type\":\"ReadAction\",\"target\":[\"https:\\\/\\\/buletin.de\\\/bucuresti\\\/sector-2-o-noua-parcare-de-biciclete-amenajata-in-zona-obor\\\/\"]}]},{\"@type\":\"ImageObject\",\"inLanguage\":\"en-GB\",\"@id\":\"https:\\\/\\\/buletin.de\\\/bucuresti\\\/sector-2-o-noua-parcare-de-biciclete-amenajata-in-zona-obor\\\/#primaryimage\",\"url\":\"https:\\\/\\\/buletin.de\\\/bucuresti\\\/wp-content\\\/uploads\\\/parcare-biciclete-sector-2.png\",\"contentUrl\":\"https:\\\/\\\/buletin.de\\\/bucuresti\\\/wp-content\\\/uploads\\\/parcare-biciclete-sector-2.png\",\"width\":1036,\"height\":574,\"caption\":\"Foto: Primaria Sectorului 2\"},{\"@type\":\"BreadcrumbList\",\"@id\":\"https:\\\/\\\/buletin.de\\\/bucuresti\\\/sector-2-o-noua-parcare-de-biciclete-amenajata-in-zona-obor\\\/#breadcrumb\",\"itemListElement\":[{\"@type\":\"ListItem\",\"position\":1,\"name\":\"Acas\u0103\",\"item\":\"https:\\\/\\\/buletin.de\\\/bucuresti\\\/\"},{\"@type\":\"ListItem\",\"position\":2,\"name\":\"Sector 2 | O nou\u0103 parcare de biciclete, amenajat\u0103 \u00een zona Obor\"}]},{\"@type\":\"WebSite\",\"@id\":\"https:\\\/\\\/buletin.de\\\/bucuresti\\\/#website\",\"url\":\"https:\\\/\\\/buletin.de\\\/bucuresti\\\/\",\"name\":\"Buletin de Bucure\u0219ti\",\"description\":\"\u0218tiri \u0219i investiga\u021bii esen\u021biale din capital\u0103\",\"publisher\":{\"@id\":\"https:\\\/\\\/buletin.de\\\/bucuresti\\\/#organization\"},\"potentialAction\":[{\"@type\":\"SearchAction\",\"target\":{\"@type\":\"EntryPoint\",\"urlTemplate\":\"https:\\\/\\\/buletin.de\\\/bucuresti\\\/?s={search_term_string}\"},\"query-input\":{\"@type\":\"PropertyValueSpecification\",\"valueRequired\":true,\"valueName\":\"search_term_string\"}}],\"inLanguage\":\"en-GB\"},{\"@type\":\"Organization\",\"@id\":\"https:\\\/\\\/buletin.de\\\/bucuresti\\\/#organization\",\"name\":\"Buletin de Bucure\u0219ti\",\"url\":\"https:\\\/\\\/buletin.de\\\/bucuresti\\\/\",\"logo\":{\"@type\":\"ImageObject\",\"inLanguage\":\"en-GB\",\"@id\":\"https:\\\/\\\/buletin.de\\\/bucuresti\\\/#\\\/schema\\\/logo\\\/image\\\/\",\"url\":\"https:\\\/\\\/buletin.de\\\/bucuresti\\\/wp-content\\\/uploads\\\/logo-bdb-full-wide-vernil-transparent.png\",\"contentUrl\":\"https:\\\/\\\/buletin.de\\\/bucuresti\\\/wp-content\\\/uploads\\\/logo-bdb-full-wide-vernil-transparent.png\",\"width\":1782,\"height\":626,\"caption\":\"Buletin de Bucure\u0219ti\"},\"image\":{\"@id\":\"https:\\\/\\\/buletin.de\\\/bucuresti\\\/#\\\/schema\\\/logo\\\/image\\\/\"},\"sameAs\":[\"https:\\\/\\\/www.facebook.com\\\/buletin.de.buc\",\"https:\\\/\\\/www.instagram.com\\\/buletinde.bucuresti\\\/\"]},{\"@type\":\"Person\",\"@id\":\"https:\\\/\\\/buletin.de\\\/bucuresti\\\/#\\\/schema\\\/person\\\/7e46040573290777280a0835d81ea4ea\",\"name\":\"Diana Matei\",\"image\":{\"@type\":\"ImageObject\",\"inLanguage\":\"en-GB\",\"@id\":\"https:\\\/\\\/buletin.de\\\/bucuresti\\\/wp-content\\\/uploads\\\/9-2-96x96.jpg1e8590b30871d70e62ebcdaf2eff570c\",\"url\":\"https:\\\/\\\/buletin.de\\\/bucuresti\\\/wp-content\\\/uploads\\\/9-2-96x96.jpg\",\"contentUrl\":\"https:\\\/\\\/buletin.de\\\/bucuresti\\\/wp-content\\\/uploads\\\/9-2-96x96.jpg\",\"caption\":\"Diana Matei\"},\"url\":\"https:\\\/\\\/buletin.de\\\/bucuresti\\\/author\\\/dianamatei\\\/\"}]}<\/script>\n<!-- \/ Yoast SEO Premium plugin. -->","yoast_head_json":{"title":"Sector 2 | O nou\u0103 parcare de biciclete, amenajat\u0103 \u00een zona Obor - Buletin de Bucure\u0219ti","robots":{"index":"index","follow":"follow","max-snippet":"max-snippet:-1","max-image-preview":"max-image-preview:large","max-video-preview":"max-video-preview:-1"},"canonical":"https:\/\/buletin.de\/bucuresti\/sector-2-o-noua-parcare-de-biciclete-amenajata-in-zona-obor\/","og_locale":"en_GB","og_type":"article","og_title":"Sector 2 | O nou\u0103 parcare de biciclete, amenajat\u0103 \u00een zona Obor","og_description":"Prim\u0103ria Sectorului 2 anun\u021b\u0103 c\u0103 a finalizat parcarea pentru biciclete din zona Obor. Aceasta va putea fi folosit\u0103 gratuit \u00een primele 6 luni de la construire. Autoritatea local\u0103 precizeaz\u0103 c\u0103 alte dou\u0103 parc\u0103ri, de tip reziden\u021bial, sunt amenajate la intersec\u021bia \u0218os. Colentina cu Str. Doamna Ghica \u0219i la intersec\u021bia Bd. Chi\u0219in\u0103u cu \u0218os. Pantelimon. Proiectul [&hellip;]","og_url":"https:\/\/buletin.de\/bucuresti\/sector-2-o-noua-parcare-de-biciclete-amenajata-in-zona-obor\/","og_site_name":"Buletin de Bucure\u0219ti","article_publisher":"https:\/\/www.facebook.com\/buletin.de.buc","article_published_time":"2024-03-03T04:00:00+00:00","og_image":[{"width":1036,"height":574,"url":"https:\/\/buletin.de\/bucuresti\/wp-content\/uploads\/parcare-biciclete-sector-2.png","type":"image\/png"}],"author":"Diana Matei","twitter_card":"summary_large_image","twitter_misc":{"Written by":"Diana Matei","Estimated reading time":"1 minute"},"schema":{"@context":"https:\/\/schema.org","@graph":[{"@type":"Article","@id":"https:\/\/buletin.de\/bucuresti\/sector-2-o-noua-parcare-de-biciclete-amenajata-in-zona-obor\/#article","isPartOf":{"@id":"https:\/\/buletin.de\/bucuresti\/sector-2-o-noua-parcare-de-biciclete-amenajata-in-zona-obor\/"},"author":{"name":"Diana Matei","@id":"https:\/\/buletin.de\/bucuresti\/#\/schema\/person\/7e46040573290777280a0835d81ea4ea"},"headline":"Sector 2 | O nou\u0103 parcare de biciclete, amenajat\u0103 \u00een zona Obor","datePublished":"2024-03-03T04:00:00+00:00","mainEntityOfPage":{"@id":"https:\/\/buletin.de\/bucuresti\/sector-2-o-noua-parcare-de-biciclete-amenajata-in-zona-obor\/"},"wordCount":177,"publisher":{"@id":"https:\/\/buletin.de\/bucuresti\/#organization"},"image":{"@id":"https:\/\/buletin.de\/bucuresti\/sector-2-o-noua-parcare-de-biciclete-amenajata-in-zona-obor\/#primaryimage"},"thumbnailUrl":"https:\/\/buletin.de\/bucuresti\/wp-content\/uploads\/parcare-biciclete-sector-2.png","keywords":["Parcare biciclete","Sector 2","Sos. Colentina","Sos. Pantelimon"],"articleSection":["Articole","Prim\u0103rie","\u0218tiri"],"inLanguage":"en-GB","copyrightYear":"2024","copyrightHolder":{"@id":"https:\/\/buletin.de\/bucuresti\/#organization"}},{"@type":"WebPage","@id":"https:\/\/buletin.de\/bucuresti\/sector-2-o-noua-parcare-de-biciclete-amenajata-in-zona-obor\/","url":"https:\/\/buletin.de\/bucuresti\/sector-2-o-noua-parcare-de-biciclete-amenajata-in-zona-obor\/","name":"Sector 2 | O nou\u0103 parcare de biciclete, amenajat\u0103 \u00een zona Obor - Buletin de Bucure\u0219ti","isPartOf":{"@id":"https:\/\/buletin.de\/bucuresti\/#website"},"primaryImageOfPage":{"@id":"https:\/\/buletin.de\/bucuresti\/sector-2-o-noua-parcare-de-biciclete-amenajata-in-zona-obor\/#primaryimage"},"image":{"@id":"https:\/\/buletin.de\/bucuresti\/sector-2-o-noua-parcare-de-biciclete-amenajata-in-zona-obor\/#primaryimage"},"thumbnailUrl":"https:\/\/buletin.de\/bucuresti\/wp-content\/uploads\/parcare-biciclete-sector-2.png","datePublished":"2024-03-03T04:00:00+00:00","breadcrumb":{"@id":"https:\/\/buletin.de\/bucuresti\/sector-2-o-noua-parcare-de-biciclete-amenajata-in-zona-obor\/#breadcrumb"},"inLanguage":"en-GB","potentialAction":[{"@type":"ReadAction","target":["https:\/\/buletin.de\/bucuresti\/sector-2-o-noua-parcare-de-biciclete-amenajata-in-zona-obor\/"]}]},{"@type":"ImageObject","inLanguage":"en-GB","@id":"https:\/\/buletin.de\/bucuresti\/sector-2-o-noua-parcare-de-biciclete-amenajata-in-zona-obor\/#primaryimage","url":"https:\/\/buletin.de\/bucuresti\/wp-content\/uploads\/parcare-biciclete-sector-2.png","contentUrl":"https:\/\/buletin.de\/bucuresti\/wp-content\/uploads\/parcare-biciclete-sector-2.png","width":1036,"height":574,"caption":"Foto: Primaria Sectorului 2"},{"@type":"BreadcrumbList","@id":"https:\/\/buletin.de\/bucuresti\/sector-2-o-noua-parcare-de-biciclete-amenajata-in-zona-obor\/#breadcrumb","itemListElement":[{"@type":"ListItem","position":1,"name":"Acas\u0103","item":"https:\/\/buletin.de\/bucuresti\/"},{"@type":"ListItem","position":2,"name":"Sector 2 | O nou\u0103 parcare de biciclete, amenajat\u0103 \u00een zona Obor"}]},{"@type":"WebSite","@id":"https:\/\/buletin.de\/bucuresti\/#website","url":"https:\/\/buletin.de\/bucuresti\/","name":"Buletin de Bucure\u0219ti","description":"\u0218tiri \u0219i investiga\u021bii esen\u021biale din capital\u0103","publisher":{"@id":"https:\/\/buletin.de\/bucuresti\/#organization"},"potentialAction":[{"@type":"SearchAction","target":{"@type":"EntryPoint","urlTemplate":"https:\/\/buletin.de\/bucuresti\/?s={search_term_string}"},"query-input":{"@type":"PropertyValueSpecification","valueRequired":true,"valueName":"search_term_string"}}],"inLanguage":"en-GB"},{"@type":"Organization","@id":"https:\/\/buletin.de\/bucuresti\/#organization","name":"Buletin de Bucure\u0219ti","url":"https:\/\/buletin.de\/bucuresti\/","logo":{"@type":"ImageObject","inLanguage":"en-GB","@id":"https:\/\/buletin.de\/bucuresti\/#\/schema\/logo\/image\/","url":"https:\/\/buletin.de\/bucuresti\/wp-content\/uploads\/logo-bdb-full-wide-vernil-transparent.png","contentUrl":"https:\/\/buletin.de\/bucuresti\/wp-content\/uploads\/logo-bdb-full-wide-vernil-transparent.png","width":1782,"height":626,"caption":"Buletin de Bucure\u0219ti"},"image":{"@id":"https:\/\/buletin.de\/bucuresti\/#\/schema\/logo\/image\/"},"sameAs":["https:\/\/www.facebook.com\/buletin.de.buc","https:\/\/www.instagram.com\/buletinde.bucuresti\/"]},{"@type":"Person","@id":"https:\/\/buletin.de\/bucuresti\/#\/schema\/person\/7e46040573290777280a0835d81ea4ea","name":"Diana Matei","image":{"@type":"ImageObject","inLanguage":"en-GB","@id":"https:\/\/buletin.de\/bucuresti\/wp-content\/uploads\/9-2-96x96.jpg1e8590b30871d70e62ebcdaf2eff570c","url":"https:\/\/buletin.de\/bucuresti\/wp-content\/uploads\/9-2-96x96.jpg","contentUrl":"https:\/\/buletin.de\/bucuresti\/wp-content\/uploads\/9-2-96x96.jpg","caption":"Diana Matei"},"url":"https:\/\/buletin.de\/bucuresti\/author\/dianamatei\/"}]}},"authors":[{"term_id":22574,"user_id":49,"is_guest":0,"slug":"dianamatei","display_name":"Diana Matei","avatar_url":"https:\/\/buletin.de\/bucuresti\/wp-content\/uploads\/9-2-96x96.jpg","0":null,"1":"","2":"","3":"","4":"","5":"","6":"","7":"","8":""}],"_links":{"self":[{"href":"https:\/\/buletin.de\/bucuresti\/wp-json\/wp\/v2\/posts\/78831","targetHints":{"allow":["GET"]}}],"collection":[{"href":"https:\/\/buletin.de\/bucuresti\/wp-json\/wp\/v2\/posts"}],"about":[{"href":"https:\/\/buletin.de\/bucuresti\/wp-json\/wp\/v2\/types\/post"}],"author":[{"embeddable":true,"href":"https:\/\/buletin.de\/bucuresti\/wp-json\/wp\/v2\/users\/49"}],"replies":[{"embeddable":true,"href":"https:\/\/buletin.de\/bucuresti\/wp-json\/wp\/v2\/comments?post=78831"}],"version-history":[{"count":2,"href":"https:\/\/buletin.de\/bucuresti\/wp-json\/wp\/v2\/posts\/78831\/revisions"}],"predecessor-version":[{"id":79011,"href":"https:\/\/buletin.de\/bucuresti\/wp-json\/wp\/v2\/posts\/78831\/revisions\/79011"}],"wp:featuredmedia":[{"embeddable":true,"href":"https:\/\/buletin.de\/bucuresti\/wp-json\/wp\/v2\/media\/78832"}],"wp:attachment":[{"href":"https:\/\/buletin.de\/bucuresti\/wp-json\/wp\/v2\/media?parent=78831"}],"wp:term":[{"taxonomy":"category","embeddable":true,"href":"https:\/\/buletin.de\/bucuresti\/wp-json\/wp\/v2\/categories?post=78831"},{"taxonomy":"post_tag","embeddable":true,"href":"https:\/\/buletin.de\/bucuresti\/wp-json\/wp\/v2\/tags?post=78831"},{"taxonomy":"author","embeddable":true,"href":"https:\/\/buletin.de\/bucuresti\/wp-json\/wp\/v2\/ppma_author?post=78831"}],"curies":[{"name":"wp","href":"https:\/\/api.w.org\/{rel}","templated":true}]}}