{"id":78684,"date":"2024-02-28T11:12:37","date_gmt":"2024-02-28T09:12:37","guid":{"rendered":"https:\/\/buletin.de\/bucuresti\/?p=78684"},"modified":"2024-02-28T11:15:21","modified_gmt":"2024-02-28T09:15:21","slug":"ancheta-dna-in-primaria-capitalei-pentru-abuz-in-serviciu-si-uzurparea-functiei-dupa-eliberarea-unor-certificate-de-urbanism","status":"publish","type":"post","link":"https:\/\/buletin.de\/bucuresti\/ancheta-dna-in-primaria-capitalei-pentru-abuz-in-serviciu-si-uzurparea-functiei-dupa-eliberarea-unor-certificate-de-urbanism\/","title":{"rendered":"Anchet\u0103 DNA la PMB pentru \u201eabuz \u00een serviciu \u0219i uzurparea func\u021biei\u201d, dup\u0103 eliberarea unor certificate de urbanism"},"content":{"rendered":"\n<p><strong>Procurorii Direc\u0163iei Na\u0163ionale Anticorup\u0163ie, de la biroul din Bucure\u015fti, ancheteaz\u0103 fapte de abuz \u00een serviciu \u015fi uzurparea func\u0163iei (cercetare in rem, care \u00eenseamn\u0103 anchetarea unor fapte, nu a unor persoane) dup\u0103 ce un angajat a semnat 230 de certificate de urbanism \u015fi 15 autoriza\u0163ii de construc\u0163ie. <\/strong><\/p>\n\n\n\n<p>Mai exact, Matei Damian, care era director executiv al Direc\u021biei General de Urbanism \u0219i Amenajarea Teritorial\u0103 din Prim\u0103ria Capitalei a semnat aceste acte \u00een vreme ce arhitectul-\u015fef de la acea vreme era \u00een concediu. Nicu\u015for Dan a contrasemnat actele care, astfel, au devenit oficiale. Funda\u021bia pentru Ap\u0103rarea Cet\u0103\u021benilor \u00cempotriva Abuzurilor Statului (FACIAS) a trimis un denun\u0163 la DNA, sus\u0163in\u00e2nd c\u0103 Damian nu are atribu\u0163ii pentru a semna acele acte.<\/p>\n\n\n\n<p>Conform unui comunicat FACIAS, <em>neregulile au fost constatate de c\u0103tre Inspectoratul de Stat \u00een Construc\u021bii, care a semnalat aceast\u0103 situa\u021bie \u0219i care a fost cunoscut\u0103 \u0219i de primarul general Nicu\u0219or Dan, care \u00eens\u0103 a emis actele \u00een cauz\u0103, f\u0103r\u0103 ca legea s\u0103 fie respectat\u0103. Mai mult, dup\u0103 revenirea din concediu, arhitectului-\u0219ef nu i-a mai fost prelungit mandatul \u0219i a fost for\u021bat s\u0103 se pensioneze, \u00een timp ce Matei Damian a fost numit arhitect-\u0219ef interimar<\/em>.<\/p>\n\n\n\n<p>Recent, procurorii DNA au informat FACIAS c\u0103 dosarul penal deschis anul trecut a fost reunit cu alte dou\u0103 dosare penale \u0219i c\u0103 sunt efectuate cercet\u0103ri, in rem, cu privire la faptele de abuz \u00een serviciu, fapt\u0103 prev\u0103zut\u0103 de art. 297 Cod Penal, respectiv uzurparea func\u021biei, fapt\u0103 prev\u0103zut\u0103 de art. 300 Cod penal.<\/p>\n\n\n\n<p>Este vorba despre un dosar deschis \u00een vara anului trecut, care vizeaz\u0103 mai multe direc\u021bii din Prim\u0103ria Capitalei, inclusiv cea pentru Urbanism. Al treilea dosar aflat \u00een instrumentarea procurorilor este unul constituit \u00een urma unei pl\u00e2ngeri penale \u00eempotriva lui Nicu\u0219or Dan, pentru abuz \u00een serviciu \u0219i deturnare de fonduri, f\u0103cut\u0103 \u00een prim\u0103vara anului trecut de c\u0103tre urbanistul Alexandru P\u00e2ni\u0219oar\u0103.<\/p>\n\n\n\n<p><\/p>\n\n\n\n<p><strong>CITE\u015eTE \u015eI:<\/strong><\/p>\n\n\n\n<figure class=\"wp-block-embed is-type-wp-embed is-provider-buletin-de-bucure-ti wp-block-embed-buletin-de-bucure-ti\"><div class=\"wp-block-embed__wrapper\">\n<blockquote class=\"wp-embedded-content\" data-secret=\"TxN7fSg1g2\"><a href=\"https:\/\/buletin.de\/bucuresti\/perchezitii-dna-la-primaria-capitalei-2\/\">Perchezi\u021bii DNA la Prim\u0103ria Capitalei<\/a><\/blockquote><iframe class=\"wp-embedded-content\" sandbox=\"allow-scripts\" security=\"restricted\" style=\"position: absolute; clip: rect(1px, 1px, 1px, 1px);\" title=\"&#8220;Perchezi\u021bii DNA la Prim\u0103ria Capitalei&#8221; &#8212; Buletin de Bucure\u0219ti\" src=\"https:\/\/buletin.de\/bucuresti\/perchezitii-dna-la-primaria-capitalei-2\/embed\/#?secret=XyE2EflxU3#?secret=TxN7fSg1g2\" data-secret=\"TxN7fSg1g2\" width=\"600\" height=\"338\" frameborder=\"0\" marginwidth=\"0\" marginheight=\"0\" scrolling=\"no\"><\/iframe>\n<\/div><\/figure>\n\n\n\n<figure class=\"wp-block-embed is-type-wp-embed is-provider-buletin-de-bucure-ti wp-block-embed-buletin-de-bucure-ti\"><div class=\"wp-block-embed__wrapper\">\n<blockquote class=\"wp-embedded-content\" data-secret=\"hQ06JC1Qoi\"><a href=\"https:\/\/buletin.de\/bucuresti\/nicusor-dan-despre-proiectul-de-cod-urbanistic-se-legalizeaza-hotia-din-urbanism-si-constructii\/\">Nicu\u0219or Dan, despre proiectul de Cod Urbanistic: \u201eSe legalizeaz\u0103 ho\u021bia din urbanism \u0219i construc\u021bii\u201d<\/a><\/blockquote><iframe class=\"wp-embedded-content\" sandbox=\"allow-scripts\" security=\"restricted\" style=\"position: absolute; clip: rect(1px, 1px, 1px, 1px);\" title=\"&#8220;Nicu\u0219or Dan, despre proiectul de Cod Urbanistic: \u201eSe legalizeaz\u0103 ho\u021bia din urbanism \u0219i construc\u021bii\u201d&#8221; &#8212; Buletin de Bucure\u0219ti\" src=\"https:\/\/buletin.de\/bucuresti\/nicusor-dan-despre-proiectul-de-cod-urbanistic-se-legalizeaza-hotia-din-urbanism-si-constructii\/embed\/#?secret=cxEoVYDzKi#?secret=hQ06JC1Qoi\" data-secret=\"hQ06JC1Qoi\" width=\"600\" height=\"338\" frameborder=\"0\" marginwidth=\"0\" marginheight=\"0\" scrolling=\"no\"><\/iframe>\n<\/div><\/figure>\n","protected":false},"excerpt":{"rendered":"<p>Procurorii Direc\u0163iei Na\u0163ionale Anticorup\u0163ie, de la biroul din Bucure\u015fti, ancheteaz\u0103 fapte de abuz \u00een serviciu \u015fi uzurparea func\u0163iei (cercetare in rem, care \u00eenseamn\u0103 anchetarea unor fapte, nu a unor persoane) dup\u0103 ce un angajat a semnat 230 de certificate de urbanism \u015fi 15 autoriza\u0163ii de construc\u0163ie. Mai exact, Matei Damian, care era director executiv al [&hellip;]<\/p>\n","protected":false},"author":8,"featured_media":72248,"comment_status":"closed","ping_status":"open","sticky":false,"template":"","format":"standard","meta":{"_acf_changed":false,"inline_featured_image":false,"ngg_post_thumbnail":0,"footnotes":""},"categories":[6994,9026,24,62],"tags":[10164,10165,10166,10163,223],"ppma_author":[22586],"class_list":["post-78684","post","type-post","status-publish","format-standard","has-post-thumbnail","hentry","category-stiri-2","category-eveniment","category-primarie","category-stiri","tag-arhitect-sef-primaria-capitalei","tag-dosar-in-rem-dna-primaria-capitalei-urbanism","tag-facias-denunt-dna-matei-damian-nicusor-dan","tag-matei-damian","tag-nicusor-dan"],"acf":[],"yoast_head":"<!-- This site is optimized with the Yoast SEO Premium plugin v25.3 (Yoast SEO v27.5) - https:\/\/yoast.com\/product\/yoast-seo-premium-wordpress\/ -->\n<title>Anchet\u0103 DNA la PMB pentru \u201eabuz \u00een serviciu \u0219i uzurparea func\u021biei\u201d, dup\u0103 eliberarea unor certificate de urbanism - Buletin de Bucure\u0219ti<\/title>\n<meta name=\"robots\" content=\"index, follow, max-snippet:-1, max-image-preview:large, max-video-preview:-1\" \/>\n<link rel=\"canonical\" href=\"https:\/\/buletin.de\/bucuresti\/ancheta-dna-in-primaria-capitalei-pentru-abuz-in-serviciu-si-uzurparea-functiei-dupa-eliberarea-unor-certificate-de-urbanism\/\" \/>\n<meta property=\"og:locale\" content=\"en_GB\" \/>\n<meta property=\"og:type\" content=\"article\" \/>\n<meta property=\"og:title\" content=\"Anchet\u0103 DNA la PMB pentru \u201eabuz \u00een serviciu \u0219i uzurparea func\u021biei\u201d, dup\u0103 eliberarea unor certificate de urbanism\" \/>\n<meta property=\"og:description\" content=\"Procurorii Direc\u0163iei Na\u0163ionale Anticorup\u0163ie, de la biroul din Bucure\u015fti, ancheteaz\u0103 fapte de abuz \u00een serviciu \u015fi uzurparea func\u0163iei (cercetare in rem, care \u00eenseamn\u0103 anchetarea unor fapte, nu a unor persoane) dup\u0103 ce un angajat a semnat 230 de certificate de urbanism \u015fi 15 autoriza\u0163ii de construc\u0163ie. Mai exact, Matei Damian, care era director executiv al [&hellip;]\" \/>\n<meta property=\"og:url\" content=\"https:\/\/buletin.de\/bucuresti\/ancheta-dna-in-primaria-capitalei-pentru-abuz-in-serviciu-si-uzurparea-functiei-dupa-eliberarea-unor-certificate-de-urbanism\/\" \/>\n<meta property=\"og:site_name\" content=\"Buletin de Bucure\u0219ti\" \/>\n<meta property=\"article:publisher\" content=\"https:\/\/www.facebook.com\/buletin.de.buc\" \/>\n<meta property=\"article:published_time\" content=\"2024-02-28T09:12:37+00:00\" \/>\n<meta property=\"article:modified_time\" content=\"2024-02-28T09:15:21+00:00\" \/>\n<meta property=\"og:image\" content=\"https:\/\/buletin.de\/bucuresti\/wp-content\/uploads\/dna-3.jpg\" \/>\n\t<meta property=\"og:image:width\" content=\"1536\" \/>\n\t<meta property=\"og:image:height\" content=\"922\" \/>\n\t<meta property=\"og:image:type\" content=\"image\/jpeg\" \/>\n<meta name=\"author\" content=\"Ionu\u021b Lepa\" \/>\n<meta name=\"twitter:card\" content=\"summary_large_image\" \/>\n<meta name=\"twitter:label1\" content=\"Written by\" \/>\n\t<meta name=\"twitter:data1\" content=\"Ionu\u021b Lepa\" \/>\n\t<meta name=\"twitter:label2\" content=\"Estimated reading time\" \/>\n\t<meta name=\"twitter:data2\" content=\"2 minutes\" \/>\n<script type=\"application\/ld+json\" class=\"yoast-schema-graph\">{\"@context\":\"https:\\\/\\\/schema.org\",\"@graph\":[{\"@type\":\"Article\",\"@id\":\"https:\\\/\\\/buletin.de\\\/bucuresti\\\/ancheta-dna-in-primaria-capitalei-pentru-abuz-in-serviciu-si-uzurparea-functiei-dupa-eliberarea-unor-certificate-de-urbanism\\\/#article\",\"isPartOf\":{\"@id\":\"https:\\\/\\\/buletin.de\\\/bucuresti\\\/ancheta-dna-in-primaria-capitalei-pentru-abuz-in-serviciu-si-uzurparea-functiei-dupa-eliberarea-unor-certificate-de-urbanism\\\/\"},\"author\":{\"name\":\"Ionu\u021b Lepa\",\"@id\":\"https:\\\/\\\/buletin.de\\\/bucuresti\\\/#\\\/schema\\\/person\\\/5272b8a057b33890940b57b837fc4ce6\"},\"headline\":\"Anchet\u0103 DNA la PMB pentru \u201eabuz \u00een serviciu \u0219i uzurparea func\u021biei\u201d, dup\u0103 eliberarea unor certificate de urbanism\",\"datePublished\":\"2024-02-28T09:12:37+00:00\",\"dateModified\":\"2024-02-28T09:15:21+00:00\",\"mainEntityOfPage\":{\"@id\":\"https:\\\/\\\/buletin.de\\\/bucuresti\\\/ancheta-dna-in-primaria-capitalei-pentru-abuz-in-serviciu-si-uzurparea-functiei-dupa-eliberarea-unor-certificate-de-urbanism\\\/\"},\"wordCount\":365,\"publisher\":{\"@id\":\"https:\\\/\\\/buletin.de\\\/bucuresti\\\/#organization\"},\"image\":{\"@id\":\"https:\\\/\\\/buletin.de\\\/bucuresti\\\/ancheta-dna-in-primaria-capitalei-pentru-abuz-in-serviciu-si-uzurparea-functiei-dupa-eliberarea-unor-certificate-de-urbanism\\\/#primaryimage\"},\"thumbnailUrl\":\"https:\\\/\\\/buletin.de\\\/bucuresti\\\/wp-content\\\/uploads\\\/dna-3.jpg\",\"keywords\":[\"arhitect sef primaria capitalei\",\"dosar in rem dna primaria capitalei urbanism\",\"facias denunt dna matei damian nicusor dan\",\"matei damian\",\"nicusor dan\"],\"articleSection\":[\"Articole\",\"Eveniment\",\"Prim\u0103rie\",\"\u0218tiri\"],\"inLanguage\":\"en-GB\",\"copyrightYear\":\"2024\",\"copyrightHolder\":{\"@id\":\"https:\\\/\\\/buletin.de\\\/bucuresti\\\/#organization\"}},{\"@type\":\"WebPage\",\"@id\":\"https:\\\/\\\/buletin.de\\\/bucuresti\\\/ancheta-dna-in-primaria-capitalei-pentru-abuz-in-serviciu-si-uzurparea-functiei-dupa-eliberarea-unor-certificate-de-urbanism\\\/\",\"url\":\"https:\\\/\\\/buletin.de\\\/bucuresti\\\/ancheta-dna-in-primaria-capitalei-pentru-abuz-in-serviciu-si-uzurparea-functiei-dupa-eliberarea-unor-certificate-de-urbanism\\\/\",\"name\":\"Anchet\u0103 DNA la PMB pentru \u201eabuz \u00een serviciu \u0219i uzurparea func\u021biei\u201d, dup\u0103 eliberarea unor certificate de urbanism - Buletin de Bucure\u0219ti\",\"isPartOf\":{\"@id\":\"https:\\\/\\\/buletin.de\\\/bucuresti\\\/#website\"},\"primaryImageOfPage\":{\"@id\":\"https:\\\/\\\/buletin.de\\\/bucuresti\\\/ancheta-dna-in-primaria-capitalei-pentru-abuz-in-serviciu-si-uzurparea-functiei-dupa-eliberarea-unor-certificate-de-urbanism\\\/#primaryimage\"},\"image\":{\"@id\":\"https:\\\/\\\/buletin.de\\\/bucuresti\\\/ancheta-dna-in-primaria-capitalei-pentru-abuz-in-serviciu-si-uzurparea-functiei-dupa-eliberarea-unor-certificate-de-urbanism\\\/#primaryimage\"},\"thumbnailUrl\":\"https:\\\/\\\/buletin.de\\\/bucuresti\\\/wp-content\\\/uploads\\\/dna-3.jpg\",\"datePublished\":\"2024-02-28T09:12:37+00:00\",\"dateModified\":\"2024-02-28T09:15:21+00:00\",\"breadcrumb\":{\"@id\":\"https:\\\/\\\/buletin.de\\\/bucuresti\\\/ancheta-dna-in-primaria-capitalei-pentru-abuz-in-serviciu-si-uzurparea-functiei-dupa-eliberarea-unor-certificate-de-urbanism\\\/#breadcrumb\"},\"inLanguage\":\"en-GB\",\"potentialAction\":[{\"@type\":\"ReadAction\",\"target\":[\"https:\\\/\\\/buletin.de\\\/bucuresti\\\/ancheta-dna-in-primaria-capitalei-pentru-abuz-in-serviciu-si-uzurparea-functiei-dupa-eliberarea-unor-certificate-de-urbanism\\\/\"]}]},{\"@type\":\"ImageObject\",\"inLanguage\":\"en-GB\",\"@id\":\"https:\\\/\\\/buletin.de\\\/bucuresti\\\/ancheta-dna-in-primaria-capitalei-pentru-abuz-in-serviciu-si-uzurparea-functiei-dupa-eliberarea-unor-certificate-de-urbanism\\\/#primaryimage\",\"url\":\"https:\\\/\\\/buletin.de\\\/bucuresti\\\/wp-content\\\/uploads\\\/dna-3.jpg\",\"contentUrl\":\"https:\\\/\\\/buletin.de\\\/bucuresti\\\/wp-content\\\/uploads\\\/dna-3.jpg\",\"width\":1536,\"height\":922,\"caption\":\"Perchezi\u021bii DNA la un dezvoltator imobiliar din clanul Vasiloi din Bucure\u0219ti\"},{\"@type\":\"BreadcrumbList\",\"@id\":\"https:\\\/\\\/buletin.de\\\/bucuresti\\\/ancheta-dna-in-primaria-capitalei-pentru-abuz-in-serviciu-si-uzurparea-functiei-dupa-eliberarea-unor-certificate-de-urbanism\\\/#breadcrumb\",\"itemListElement\":[{\"@type\":\"ListItem\",\"position\":1,\"name\":\"Acas\u0103\",\"item\":\"https:\\\/\\\/buletin.de\\\/bucuresti\\\/\"},{\"@type\":\"ListItem\",\"position\":2,\"name\":\"Anchet\u0103 DNA la PMB pentru \u201eabuz \u00een serviciu \u0219i uzurparea func\u021biei\u201d, dup\u0103 eliberarea unor certificate de urbanism\"}]},{\"@type\":\"WebSite\",\"@id\":\"https:\\\/\\\/buletin.de\\\/bucuresti\\\/#website\",\"url\":\"https:\\\/\\\/buletin.de\\\/bucuresti\\\/\",\"name\":\"Buletin de Bucure\u0219ti\",\"description\":\"\u0218tiri \u0219i investiga\u021bii esen\u021biale din capital\u0103\",\"publisher\":{\"@id\":\"https:\\\/\\\/buletin.de\\\/bucuresti\\\/#organization\"},\"potentialAction\":[{\"@type\":\"SearchAction\",\"target\":{\"@type\":\"EntryPoint\",\"urlTemplate\":\"https:\\\/\\\/buletin.de\\\/bucuresti\\\/?s={search_term_string}\"},\"query-input\":{\"@type\":\"PropertyValueSpecification\",\"valueRequired\":true,\"valueName\":\"search_term_string\"}}],\"inLanguage\":\"en-GB\"},{\"@type\":\"Organization\",\"@id\":\"https:\\\/\\\/buletin.de\\\/bucuresti\\\/#organization\",\"name\":\"Buletin de Bucure\u0219ti\",\"url\":\"https:\\\/\\\/buletin.de\\\/bucuresti\\\/\",\"logo\":{\"@type\":\"ImageObject\",\"inLanguage\":\"en-GB\",\"@id\":\"https:\\\/\\\/buletin.de\\\/bucuresti\\\/#\\\/schema\\\/logo\\\/image\\\/\",\"url\":\"https:\\\/\\\/buletin.de\\\/bucuresti\\\/wp-content\\\/uploads\\\/logo-bdb-full-wide-vernil-transparent.png\",\"contentUrl\":\"https:\\\/\\\/buletin.de\\\/bucuresti\\\/wp-content\\\/uploads\\\/logo-bdb-full-wide-vernil-transparent.png\",\"width\":1782,\"height\":626,\"caption\":\"Buletin de Bucure\u0219ti\"},\"image\":{\"@id\":\"https:\\\/\\\/buletin.de\\\/bucuresti\\\/#\\\/schema\\\/logo\\\/image\\\/\"},\"sameAs\":[\"https:\\\/\\\/www.facebook.com\\\/buletin.de.buc\",\"https:\\\/\\\/www.instagram.com\\\/buletinde.bucuresti\\\/\"]},{\"@type\":\"Person\",\"@id\":\"https:\\\/\\\/buletin.de\\\/bucuresti\\\/#\\\/schema\\\/person\\\/5272b8a057b33890940b57b837fc4ce6\",\"name\":\"Ionu\u021b Lepa\",\"image\":{\"@type\":\"ImageObject\",\"inLanguage\":\"en-GB\",\"@id\":\"https:\\\/\\\/buletin.de\\\/bucuresti\\\/wp-content\\\/uploads\\\/Ionut-Lepa-96x96.jpg5c4e4d9e049808799a8821652d2410a4\",\"url\":\"https:\\\/\\\/buletin.de\\\/bucuresti\\\/wp-content\\\/uploads\\\/Ionut-Lepa-96x96.jpg\",\"contentUrl\":\"https:\\\/\\\/buletin.de\\\/bucuresti\\\/wp-content\\\/uploads\\\/Ionut-Lepa-96x96.jpg\",\"caption\":\"Ionu\u021b Lepa\"},\"url\":\"https:\\\/\\\/buletin.de\\\/bucuresti\\\/author\\\/ionutlepa\\\/\"}]}<\/script>\n<!-- \/ Yoast SEO Premium plugin. -->","yoast_head_json":{"title":"Anchet\u0103 DNA la PMB pentru \u201eabuz \u00een serviciu \u0219i uzurparea func\u021biei\u201d, dup\u0103 eliberarea unor certificate de urbanism - Buletin de Bucure\u0219ti","robots":{"index":"index","follow":"follow","max-snippet":"max-snippet:-1","max-image-preview":"max-image-preview:large","max-video-preview":"max-video-preview:-1"},"canonical":"https:\/\/buletin.de\/bucuresti\/ancheta-dna-in-primaria-capitalei-pentru-abuz-in-serviciu-si-uzurparea-functiei-dupa-eliberarea-unor-certificate-de-urbanism\/","og_locale":"en_GB","og_type":"article","og_title":"Anchet\u0103 DNA la PMB pentru \u201eabuz \u00een serviciu \u0219i uzurparea func\u021biei\u201d, dup\u0103 eliberarea unor certificate de urbanism","og_description":"Procurorii Direc\u0163iei Na\u0163ionale Anticorup\u0163ie, de la biroul din Bucure\u015fti, ancheteaz\u0103 fapte de abuz \u00een serviciu \u015fi uzurparea func\u0163iei (cercetare in rem, care \u00eenseamn\u0103 anchetarea unor fapte, nu a unor persoane) dup\u0103 ce un angajat a semnat 230 de certificate de urbanism \u015fi 15 autoriza\u0163ii de construc\u0163ie. Mai exact, Matei Damian, care era director executiv al [&hellip;]","og_url":"https:\/\/buletin.de\/bucuresti\/ancheta-dna-in-primaria-capitalei-pentru-abuz-in-serviciu-si-uzurparea-functiei-dupa-eliberarea-unor-certificate-de-urbanism\/","og_site_name":"Buletin de Bucure\u0219ti","article_publisher":"https:\/\/www.facebook.com\/buletin.de.buc","article_published_time":"2024-02-28T09:12:37+00:00","article_modified_time":"2024-02-28T09:15:21+00:00","og_image":[{"width":1536,"height":922,"url":"https:\/\/buletin.de\/bucuresti\/wp-content\/uploads\/dna-3.jpg","type":"image\/jpeg"}],"author":"Ionu\u021b Lepa","twitter_card":"summary_large_image","twitter_misc":{"Written by":"Ionu\u021b Lepa","Estimated reading time":"2 minutes"},"schema":{"@context":"https:\/\/schema.org","@graph":[{"@type":"Article","@id":"https:\/\/buletin.de\/bucuresti\/ancheta-dna-in-primaria-capitalei-pentru-abuz-in-serviciu-si-uzurparea-functiei-dupa-eliberarea-unor-certificate-de-urbanism\/#article","isPartOf":{"@id":"https:\/\/buletin.de\/bucuresti\/ancheta-dna-in-primaria-capitalei-pentru-abuz-in-serviciu-si-uzurparea-functiei-dupa-eliberarea-unor-certificate-de-urbanism\/"},"author":{"name":"Ionu\u021b Lepa","@id":"https:\/\/buletin.de\/bucuresti\/#\/schema\/person\/5272b8a057b33890940b57b837fc4ce6"},"headline":"Anchet\u0103 DNA la PMB pentru \u201eabuz \u00een serviciu \u0219i uzurparea func\u021biei\u201d, dup\u0103 eliberarea unor certificate de urbanism","datePublished":"2024-02-28T09:12:37+00:00","dateModified":"2024-02-28T09:15:21+00:00","mainEntityOfPage":{"@id":"https:\/\/buletin.de\/bucuresti\/ancheta-dna-in-primaria-capitalei-pentru-abuz-in-serviciu-si-uzurparea-functiei-dupa-eliberarea-unor-certificate-de-urbanism\/"},"wordCount":365,"publisher":{"@id":"https:\/\/buletin.de\/bucuresti\/#organization"},"image":{"@id":"https:\/\/buletin.de\/bucuresti\/ancheta-dna-in-primaria-capitalei-pentru-abuz-in-serviciu-si-uzurparea-functiei-dupa-eliberarea-unor-certificate-de-urbanism\/#primaryimage"},"thumbnailUrl":"https:\/\/buletin.de\/bucuresti\/wp-content\/uploads\/dna-3.jpg","keywords":["arhitect sef primaria capitalei","dosar in rem dna primaria capitalei urbanism","facias denunt dna matei damian nicusor dan","matei damian","nicusor dan"],"articleSection":["Articole","Eveniment","Prim\u0103rie","\u0218tiri"],"inLanguage":"en-GB","copyrightYear":"2024","copyrightHolder":{"@id":"https:\/\/buletin.de\/bucuresti\/#organization"}},{"@type":"WebPage","@id":"https:\/\/buletin.de\/bucuresti\/ancheta-dna-in-primaria-capitalei-pentru-abuz-in-serviciu-si-uzurparea-functiei-dupa-eliberarea-unor-certificate-de-urbanism\/","url":"https:\/\/buletin.de\/bucuresti\/ancheta-dna-in-primaria-capitalei-pentru-abuz-in-serviciu-si-uzurparea-functiei-dupa-eliberarea-unor-certificate-de-urbanism\/","name":"Anchet\u0103 DNA la PMB pentru \u201eabuz \u00een serviciu \u0219i uzurparea func\u021biei\u201d, dup\u0103 eliberarea unor certificate de urbanism - Buletin de Bucure\u0219ti","isPartOf":{"@id":"https:\/\/buletin.de\/bucuresti\/#website"},"primaryImageOfPage":{"@id":"https:\/\/buletin.de\/bucuresti\/ancheta-dna-in-primaria-capitalei-pentru-abuz-in-serviciu-si-uzurparea-functiei-dupa-eliberarea-unor-certificate-de-urbanism\/#primaryimage"},"image":{"@id":"https:\/\/buletin.de\/bucuresti\/ancheta-dna-in-primaria-capitalei-pentru-abuz-in-serviciu-si-uzurparea-functiei-dupa-eliberarea-unor-certificate-de-urbanism\/#primaryimage"},"thumbnailUrl":"https:\/\/buletin.de\/bucuresti\/wp-content\/uploads\/dna-3.jpg","datePublished":"2024-02-28T09:12:37+00:00","dateModified":"2024-02-28T09:15:21+00:00","breadcrumb":{"@id":"https:\/\/buletin.de\/bucuresti\/ancheta-dna-in-primaria-capitalei-pentru-abuz-in-serviciu-si-uzurparea-functiei-dupa-eliberarea-unor-certificate-de-urbanism\/#breadcrumb"},"inLanguage":"en-GB","potentialAction":[{"@type":"ReadAction","target":["https:\/\/buletin.de\/bucuresti\/ancheta-dna-in-primaria-capitalei-pentru-abuz-in-serviciu-si-uzurparea-functiei-dupa-eliberarea-unor-certificate-de-urbanism\/"]}]},{"@type":"ImageObject","inLanguage":"en-GB","@id":"https:\/\/buletin.de\/bucuresti\/ancheta-dna-in-primaria-capitalei-pentru-abuz-in-serviciu-si-uzurparea-functiei-dupa-eliberarea-unor-certificate-de-urbanism\/#primaryimage","url":"https:\/\/buletin.de\/bucuresti\/wp-content\/uploads\/dna-3.jpg","contentUrl":"https:\/\/buletin.de\/bucuresti\/wp-content\/uploads\/dna-3.jpg","width":1536,"height":922,"caption":"Perchezi\u021bii DNA la un dezvoltator imobiliar din clanul Vasiloi din Bucure\u0219ti"},{"@type":"BreadcrumbList","@id":"https:\/\/buletin.de\/bucuresti\/ancheta-dna-in-primaria-capitalei-pentru-abuz-in-serviciu-si-uzurparea-functiei-dupa-eliberarea-unor-certificate-de-urbanism\/#breadcrumb","itemListElement":[{"@type":"ListItem","position":1,"name":"Acas\u0103","item":"https:\/\/buletin.de\/bucuresti\/"},{"@type":"ListItem","position":2,"name":"Anchet\u0103 DNA la PMB pentru \u201eabuz \u00een serviciu \u0219i uzurparea func\u021biei\u201d, dup\u0103 eliberarea unor certificate de urbanism"}]},{"@type":"WebSite","@id":"https:\/\/buletin.de\/bucuresti\/#website","url":"https:\/\/buletin.de\/bucuresti\/","name":"Buletin de Bucure\u0219ti","description":"\u0218tiri \u0219i investiga\u021bii esen\u021biale din capital\u0103","publisher":{"@id":"https:\/\/buletin.de\/bucuresti\/#organization"},"potentialAction":[{"@type":"SearchAction","target":{"@type":"EntryPoint","urlTemplate":"https:\/\/buletin.de\/bucuresti\/?s={search_term_string}"},"query-input":{"@type":"PropertyValueSpecification","valueRequired":true,"valueName":"search_term_string"}}],"inLanguage":"en-GB"},{"@type":"Organization","@id":"https:\/\/buletin.de\/bucuresti\/#organization","name":"Buletin de Bucure\u0219ti","url":"https:\/\/buletin.de\/bucuresti\/","logo":{"@type":"ImageObject","inLanguage":"en-GB","@id":"https:\/\/buletin.de\/bucuresti\/#\/schema\/logo\/image\/","url":"https:\/\/buletin.de\/bucuresti\/wp-content\/uploads\/logo-bdb-full-wide-vernil-transparent.png","contentUrl":"https:\/\/buletin.de\/bucuresti\/wp-content\/uploads\/logo-bdb-full-wide-vernil-transparent.png","width":1782,"height":626,"caption":"Buletin de Bucure\u0219ti"},"image":{"@id":"https:\/\/buletin.de\/bucuresti\/#\/schema\/logo\/image\/"},"sameAs":["https:\/\/www.facebook.com\/buletin.de.buc","https:\/\/www.instagram.com\/buletinde.bucuresti\/"]},{"@type":"Person","@id":"https:\/\/buletin.de\/bucuresti\/#\/schema\/person\/5272b8a057b33890940b57b837fc4ce6","name":"Ionu\u021b Lepa","image":{"@type":"ImageObject","inLanguage":"en-GB","@id":"https:\/\/buletin.de\/bucuresti\/wp-content\/uploads\/Ionut-Lepa-96x96.jpg5c4e4d9e049808799a8821652d2410a4","url":"https:\/\/buletin.de\/bucuresti\/wp-content\/uploads\/Ionut-Lepa-96x96.jpg","contentUrl":"https:\/\/buletin.de\/bucuresti\/wp-content\/uploads\/Ionut-Lepa-96x96.jpg","caption":"Ionu\u021b Lepa"},"url":"https:\/\/buletin.de\/bucuresti\/author\/ionutlepa\/"}]}},"authors":[{"term_id":22586,"user_id":8,"is_guest":0,"slug":"ionutlepa","display_name":"Ionu\u021b Lepa","avatar_url":"https:\/\/buletin.de\/bucuresti\/wp-content\/uploads\/Ionut-Lepa-96x96.jpg","0":null,"1":"","2":"","3":"","4":"","5":"","6":"","7":"","8":""}],"_links":{"self":[{"href":"https:\/\/buletin.de\/bucuresti\/wp-json\/wp\/v2\/posts\/78684","targetHints":{"allow":["GET"]}}],"collection":[{"href":"https:\/\/buletin.de\/bucuresti\/wp-json\/wp\/v2\/posts"}],"about":[{"href":"https:\/\/buletin.de\/bucuresti\/wp-json\/wp\/v2\/types\/post"}],"author":[{"embeddable":true,"href":"https:\/\/buletin.de\/bucuresti\/wp-json\/wp\/v2\/users\/8"}],"replies":[{"embeddable":true,"href":"https:\/\/buletin.de\/bucuresti\/wp-json\/wp\/v2\/comments?post=78684"}],"version-history":[{"count":2,"href":"https:\/\/buletin.de\/bucuresti\/wp-json\/wp\/v2\/posts\/78684\/revisions"}],"predecessor-version":[{"id":78688,"href":"https:\/\/buletin.de\/bucuresti\/wp-json\/wp\/v2\/posts\/78684\/revisions\/78688"}],"wp:featuredmedia":[{"embeddable":true,"href":"https:\/\/buletin.de\/bucuresti\/wp-json\/wp\/v2\/media\/72248"}],"wp:attachment":[{"href":"https:\/\/buletin.de\/bucuresti\/wp-json\/wp\/v2\/media?parent=78684"}],"wp:term":[{"taxonomy":"category","embeddable":true,"href":"https:\/\/buletin.de\/bucuresti\/wp-json\/wp\/v2\/categories?post=78684"},{"taxonomy":"post_tag","embeddable":true,"href":"https:\/\/buletin.de\/bucuresti\/wp-json\/wp\/v2\/tags?post=78684"},{"taxonomy":"author","embeddable":true,"href":"https:\/\/buletin.de\/bucuresti\/wp-json\/wp\/v2\/ppma_author?post=78684"}],"curies":[{"name":"wp","href":"https:\/\/api.w.org\/{rel}","templated":true}]}}