{"id":78676,"date":"2024-02-28T10:53:04","date_gmt":"2024-02-28T08:53:04","guid":{"rendered":"https:\/\/buletin.de\/bucuresti\/?p=78676"},"modified":"2024-02-28T13:55:17","modified_gmt":"2024-02-28T11:55:17","slug":"gabriela-firea-anunta-ca-are-sustinerea-psd-bucuresti-pentru-candidatura-organizatia-locala-are-si-o-lista-de-nume-pentru-sectoare","status":"publish","type":"post","link":"https:\/\/buletin.de\/bucuresti\/gabriela-firea-anunta-ca-are-sustinerea-psd-bucuresti-pentru-candidatura-organizatia-locala-are-si-o-lista-de-nume-pentru-sectoare\/","title":{"rendered":"Gabriela Firea anun\u0163\u0103 c\u0103 are sus\u0163inerea PSD Bucure\u015fti pentru candidatur\u0103. Organiza\u0163ia local\u0103 are \u015fi o list\u0103 de nume pentru sectoare"},"content":{"rendered":"\n<p><strong>Pre\u015fedinta organiza\u0163iei PSD Bucure\u015fti, Gabriela Firea, spune c\u0103 a ob\u0163inut un vot \u00een unanimitate de la colegii s\u0103i pentru o nou\u0103 candidatur\u0103 la Prim\u0103ria Capitalei. Votul organiza\u0163iei locale vine \u00een contextul \u00een care \u015feful s\u0103u pe linie de partid, Marcel Ciolacu, a spus c\u0103 <a href=\"https:\/\/buletin.de\/bucuresti\/gabriela-firea-ramane-candidatul-deocamdata-ciolacu-anunta-ca-are-sanse-egale-cu-sebastian-burduja-sa-fie-desemnata-in-cursa-pentru-pmb\/\">ea \u015fi Sebastian Burduja au \u015fanse egale<\/a> pentru a candida din partea alian\u0163ei PSD-PNL. Votul organiza\u0163iei locale PSD trebuie validat de Biroul Na\u021bional al partidului.<\/strong><\/p>\n\n\n\n<blockquote class=\"wp-block-quote is-layout-flow wp-block-quote-is-layout-flow\">\n<p class=\"has-medium-font-size\">Sunt determinat\u0103 s\u0103 muncesc din nou pentru dezvoltarea ora\u0219ului, pentru oamenii care sunt abandona\u021bi de aproape patru ani, pentru toate proiectele care au fost aruncate \u00eentr-un sertar doar pentru c\u0103 ele au fost lucrate de echipa social-democrat\u0103.<\/p>\n<cite>Gabriela Firea<\/cite><\/blockquote>\n\n\n\n<p>Gabriela Firea \u015fi-a anun\u0163at disponibilitatea pentru a candida la Prim\u0103ria Capitalei de mult\u0103 vreme, \u00eens\u0103 conducerea partidului a evitat s\u0103 \u00eei acorde sus\u0163inerea ferm\u0103. Au fost vehiculate \u00een spa\u0163iul public mai multe nume, de la Dan \u015eucu, p\u00e2n\u0103 la C\u0103t\u0103lin C\u00e2rstoiu. Ba chiar \u015fi numele lui Marcel Ciolacu a ap\u0103rut pe lista posibilor candida\u0163i (ulterior, acesta a negat ferm c\u0103 ar candida). <\/p>\n\n\n\n<h2 class=\"wp-block-heading\">Sectorul 1 <\/h2>\n\n\n\n<p>La sectorul 1, organiza\u0163ia municipal\u0103 PSD l-a nominalizat pentru \u201esondaje \u015fi alte cercet\u0103ri\u201d pe secretarul de stat \u00een Ministerul Educa\u0163iei Florin Lixandru. Asta la doar o zi dup\u0103 ce ap\u0103ruse, pe surse, informa\u0163ia c\u0103 <a href=\"https:\/\/buletin.de\/bucuresti\/se-inteteste-jocul-politic-numele-lui-streinu-cercel-luat-in-calcul-pentru-sectorul-1-iar-dan-popescu-si-rares-hopinca-la-sectorul-2\/\">Adrian Streinu-Cercel ar putea fi alegerea social-democra\u0163ilor<\/a>. <\/p>\n\n\n\n<h2 class=\"wp-block-heading\">Sectorul 2<\/h2>\n\n\n\n<p>La sectorul 2 sunt nominalizate trei nume: Rodica Nassar, deputat\u0103 \u0219i pre\u0219edinta organiza\u021biei PSD Sector 2, prefectul Rare\u0219 Hopinc\u0103 (fost city manager la sectorul 5, pe timpul \u00eencarcer\u0103rii lui Cristian Popescu Piedone) \u0219i deputatul Dan-Cristian Popescu (fost viceprimar al sectorului). To\u0163i trei vor fi testa\u0163i, potrivit post\u0103rii Gabrielei Firea.<\/p>\n\n\n\n<h2 class=\"wp-block-heading\">Sectorul 6<\/h2>\n\n\n\n<p>Gabriel Mutu pare a fi din nou \u00een c\u0103r\u0163i pentru o candidatur\u0103 la sectorul 6. Acesta a mai avut un mandat \u00een perioada 2016-2020 \u015fi ar fi vrut \u00eenc\u0103 unul, dar a pierdut \u00een fa\u0163a lui Ciprian Ciucu. Ca \u015fi posibilii candida\u0163i de la sectoarele 1 \u015fi 2, Mutu va fi inclus \u00een sondaje publice, pentru a i se testa \u015fansele la o eventual\u0103 b\u0103t\u0103lie electoral\u0103.<\/p>\n\n\n\n<h2 class=\"wp-block-heading\">Sectoarele 3, 4 \u015fi 5<\/h2>\n\n\n\n<p>Organiza\u0163ia PSD Bucure\u015fti a decis s\u0103 \u00eei sus\u0163in\u0103 \u00een continuare pe Robert Negoi\u0163\u0103 \u015fi Daniel B\u0103lu\u0163\u0103, pentru o nou\u0103 candidatur\u0103 la sectoarele 3 \u015fi 4. <\/p>\n\n\n\n<p>Interesant\u0103 este sus\u0163inerea lui Cristian Popescu Piedone la sectorul 5. Practic, Gabriela Firea \u00eei spune acestuia c\u0103 are toat\u0103 sus\u0163inerea PSD pentru a r\u0103m\u00e2ne la prim\u0103ria de sector, \u00een condi\u0163iile \u00een care acesta a afirmat public c\u0103 va candida la Capital\u0103 \u015fi <a href=\"https:\/\/buletin.de\/bucuresti\/piedone-candideaza-la-priimaria-capitalei-din-partea-pusl-dar-ar-vrea-si-sustinerea-psd-pnl-biologic-mi-a-venit-randul\/\">a l\u0103sat de \u00een\u0163eles c\u0103 nu va da \u00eenapoi<\/a> dup\u0103 anun\u0163ul candidaturii. <\/p>\n\n\n\n<p>Acesta a mai spus c\u0103 va candida chiar \u015fi \u00een scenariul \u00een care PSD \u015fi PNL vor avea un alt candidat pe care \u00eel vor sus\u0163ine. \u00centrebat dac\u0103 anun\u0163ul s\u0103u nu \u201e\u00eei stinge lumina\u201d Gabrielei Firea, acesta a r\u0103spuns:<\/p>\n\n\n\n<blockquote class=\"wp-block-quote is-layout-flow wp-block-quote-is-layout-flow\">\n<p>Eu nu vreau s\u0103 sting nim\u0103nui lumina. Avem culoare de zbor separate. Nu v\u00e2nez nimic \u015fi nu vreau s\u0103 produc leziuni nim\u0103nui.<\/p>\n<cite>Cristian Popescu Piedone<\/cite><\/blockquote>\n\n\n\n<p><strong>CITE\u015eTE \u015eI:<\/strong><\/p>\n\n\n\n<figure class=\"wp-block-embed is-type-wp-embed is-provider-buletin-de-bucure-ti wp-block-embed-buletin-de-bucure-ti\"><div class=\"wp-block-embed__wrapper\">\n<blockquote class=\"wp-embedded-content\" data-secret=\"kYbyERyjs5\"><a href=\"https:\/\/buletin.de\/bucuresti\/bucurestiul-paratraznet-al-deciziilor-politice-de-la-varful-psd-si-pnl-sociologul-barbu-mateescu-ciolacu-a-reusit-sa-scape-de-firea\/\">Bucure\u015ftiul, paratr\u0103znet al deciziilor politice de la v\u00e2rful PSD \u015fi PNL. Sociologul Barbu Mateescu: \u201eCiolacu a reu\u0219it s\u0103 scape de Firea\u201d<\/a><\/blockquote><iframe class=\"wp-embedded-content\" sandbox=\"allow-scripts\" security=\"restricted\" style=\"position: absolute; clip: rect(1px, 1px, 1px, 1px);\" title=\"&#8220;Bucure\u015ftiul, paratr\u0103znet al deciziilor politice de la v\u00e2rful PSD \u015fi PNL. Sociologul Barbu Mateescu: \u201eCiolacu a reu\u0219it s\u0103 scape de Firea\u201d&#8221; &#8212; Buletin de Bucure\u0219ti\" src=\"https:\/\/buletin.de\/bucuresti\/bucurestiul-paratraznet-al-deciziilor-politice-de-la-varful-psd-si-pnl-sociologul-barbu-mateescu-ciolacu-a-reusit-sa-scape-de-firea\/embed\/#?secret=wDLakZGsBX#?secret=kYbyERyjs5\" data-secret=\"kYbyERyjs5\" width=\"600\" height=\"338\" frameborder=\"0\" marginwidth=\"0\" marginheight=\"0\" scrolling=\"no\"><\/iframe>\n<\/div><\/figure>\n","protected":false},"excerpt":{"rendered":"<p>Pre\u015fedinta organiza\u0163iei PSD Bucure\u015fti, Gabriela Firea, spune c\u0103 a ob\u0163inut un vot \u00een unanimitate de la colegii s\u0103i pentru o nou\u0103 candidatur\u0103 la Prim\u0103ria Capitalei. Votul organiza\u0163iei locale vine \u00een contextul \u00een care \u015feful s\u0103u pe linie de partid, Marcel Ciolacu, a spus c\u0103 ea \u015fi Sebastian Burduja au \u015fanse egale pentru a candida din [&hellip;]<\/p>\n","protected":false},"author":8,"featured_media":45497,"comment_status":"closed","ping_status":"open","sticky":false,"template":"","format":"standard","meta":{"_acf_changed":false,"inline_featured_image":false,"ngg_post_thumbnail":0,"footnotes":""},"categories":[6994,5762,9025],"tags":[1461,28,65,10168,10167],"ppma_author":[22586],"class_list":["post-78676","post","type-post","status-publish","format-standard","has-post-thumbnail","hentry","category-stiri-2","category-main","category-politic","tag-candidatura","tag-firea","tag-psd","tag-sectoare-candidati","tag-sectorae"],"acf":[],"yoast_head":"<!-- This site is optimized with the Yoast SEO Premium plugin v25.3 (Yoast SEO v27.5) - https:\/\/yoast.com\/product\/yoast-seo-premium-wordpress\/ -->\n<title>Gabriela Firea anun\u0163\u0103 c\u0103 are sus\u0163inerea PSD Bucure\u015fti pentru candidatur\u0103. Organiza\u0163ia local\u0103 are \u015fi o list\u0103 de nume pentru sectoare - Buletin de Bucure\u0219ti<\/title>\n<meta name=\"robots\" content=\"index, follow, max-snippet:-1, max-image-preview:large, max-video-preview:-1\" \/>\n<link rel=\"canonical\" href=\"https:\/\/buletin.de\/bucuresti\/gabriela-firea-anunta-ca-are-sustinerea-psd-bucuresti-pentru-candidatura-organizatia-locala-are-si-o-lista-de-nume-pentru-sectoare\/\" \/>\n<meta property=\"og:locale\" content=\"en_GB\" \/>\n<meta property=\"og:type\" content=\"article\" \/>\n<meta property=\"og:title\" content=\"Gabriela Firea anun\u0163\u0103 c\u0103 are sus\u0163inerea PSD Bucure\u015fti pentru candidatur\u0103. Organiza\u0163ia local\u0103 are \u015fi o list\u0103 de nume pentru sectoare\" \/>\n<meta property=\"og:description\" content=\"Pre\u015fedinta organiza\u0163iei PSD Bucure\u015fti, Gabriela Firea, spune c\u0103 a ob\u0163inut un vot \u00een unanimitate de la colegii s\u0103i pentru o nou\u0103 candidatur\u0103 la Prim\u0103ria Capitalei. Votul organiza\u0163iei locale vine \u00een contextul \u00een care \u015feful s\u0103u pe linie de partid, Marcel Ciolacu, a spus c\u0103 ea \u015fi Sebastian Burduja au \u015fanse egale pentru a candida din [&hellip;]\" \/>\n<meta property=\"og:url\" content=\"https:\/\/buletin.de\/bucuresti\/gabriela-firea-anunta-ca-are-sustinerea-psd-bucuresti-pentru-candidatura-organizatia-locala-are-si-o-lista-de-nume-pentru-sectoare\/\" \/>\n<meta property=\"og:site_name\" content=\"Buletin de Bucure\u0219ti\" \/>\n<meta property=\"article:publisher\" content=\"https:\/\/www.facebook.com\/buletin.de.buc\" \/>\n<meta property=\"article:published_time\" content=\"2024-02-28T08:53:04+00:00\" \/>\n<meta property=\"article:modified_time\" content=\"2024-02-28T11:55:17+00:00\" \/>\n<meta property=\"og:image\" content=\"https:\/\/buletin.de\/bucuresti\/wp-content\/uploads\/gabriela-firea-psd.jpg\" \/>\n\t<meta property=\"og:image:width\" content=\"1218\" \/>\n\t<meta property=\"og:image:height\" content=\"812\" \/>\n\t<meta property=\"og:image:type\" content=\"image\/jpeg\" \/>\n<meta name=\"author\" content=\"Ionu\u021b Lepa\" \/>\n<meta name=\"twitter:card\" content=\"summary_large_image\" \/>\n<meta name=\"twitter:label1\" content=\"Written by\" \/>\n\t<meta name=\"twitter:data1\" content=\"Ionu\u021b Lepa\" \/>\n\t<meta name=\"twitter:label2\" content=\"Estimated reading time\" \/>\n\t<meta name=\"twitter:data2\" content=\"3 minutes\" \/>\n<script type=\"application\/ld+json\" class=\"yoast-schema-graph\">{\"@context\":\"https:\\\/\\\/schema.org\",\"@graph\":[{\"@type\":\"Article\",\"@id\":\"https:\\\/\\\/buletin.de\\\/bucuresti\\\/gabriela-firea-anunta-ca-are-sustinerea-psd-bucuresti-pentru-candidatura-organizatia-locala-are-si-o-lista-de-nume-pentru-sectoare\\\/#article\",\"isPartOf\":{\"@id\":\"https:\\\/\\\/buletin.de\\\/bucuresti\\\/gabriela-firea-anunta-ca-are-sustinerea-psd-bucuresti-pentru-candidatura-organizatia-locala-are-si-o-lista-de-nume-pentru-sectoare\\\/\"},\"author\":{\"name\":\"Ionu\u021b Lepa\",\"@id\":\"https:\\\/\\\/buletin.de\\\/bucuresti\\\/#\\\/schema\\\/person\\\/5272b8a057b33890940b57b837fc4ce6\"},\"headline\":\"Gabriela Firea anun\u0163\u0103 c\u0103 are sus\u0163inerea PSD Bucure\u015fti pentru candidatur\u0103. Organiza\u0163ia local\u0103 are \u015fi o list\u0103 de nume pentru sectoare\",\"datePublished\":\"2024-02-28T08:53:04+00:00\",\"dateModified\":\"2024-02-28T11:55:17+00:00\",\"mainEntityOfPage\":{\"@id\":\"https:\\\/\\\/buletin.de\\\/bucuresti\\\/gabriela-firea-anunta-ca-are-sustinerea-psd-bucuresti-pentru-candidatura-organizatia-locala-are-si-o-lista-de-nume-pentru-sectoare\\\/\"},\"wordCount\":556,\"publisher\":{\"@id\":\"https:\\\/\\\/buletin.de\\\/bucuresti\\\/#organization\"},\"image\":{\"@id\":\"https:\\\/\\\/buletin.de\\\/bucuresti\\\/gabriela-firea-anunta-ca-are-sustinerea-psd-bucuresti-pentru-candidatura-organizatia-locala-are-si-o-lista-de-nume-pentru-sectoare\\\/#primaryimage\"},\"thumbnailUrl\":\"https:\\\/\\\/buletin.de\\\/bucuresti\\\/wp-content\\\/uploads\\\/gabriela-firea-psd.jpg\",\"keywords\":[\"candidatura\",\"firea\",\"psd\",\"sectoare candidati\",\"sectorae\"],\"articleSection\":[\"Articole\",\"Main\",\"Politic\"],\"inLanguage\":\"en-GB\",\"copyrightYear\":\"2024\",\"copyrightHolder\":{\"@id\":\"https:\\\/\\\/buletin.de\\\/bucuresti\\\/#organization\"}},{\"@type\":\"WebPage\",\"@id\":\"https:\\\/\\\/buletin.de\\\/bucuresti\\\/gabriela-firea-anunta-ca-are-sustinerea-psd-bucuresti-pentru-candidatura-organizatia-locala-are-si-o-lista-de-nume-pentru-sectoare\\\/\",\"url\":\"https:\\\/\\\/buletin.de\\\/bucuresti\\\/gabriela-firea-anunta-ca-are-sustinerea-psd-bucuresti-pentru-candidatura-organizatia-locala-are-si-o-lista-de-nume-pentru-sectoare\\\/\",\"name\":\"Gabriela Firea anun\u0163\u0103 c\u0103 are sus\u0163inerea PSD Bucure\u015fti pentru candidatur\u0103. Organiza\u0163ia local\u0103 are \u015fi o list\u0103 de nume pentru sectoare - Buletin de Bucure\u0219ti\",\"isPartOf\":{\"@id\":\"https:\\\/\\\/buletin.de\\\/bucuresti\\\/#website\"},\"primaryImageOfPage\":{\"@id\":\"https:\\\/\\\/buletin.de\\\/bucuresti\\\/gabriela-firea-anunta-ca-are-sustinerea-psd-bucuresti-pentru-candidatura-organizatia-locala-are-si-o-lista-de-nume-pentru-sectoare\\\/#primaryimage\"},\"image\":{\"@id\":\"https:\\\/\\\/buletin.de\\\/bucuresti\\\/gabriela-firea-anunta-ca-are-sustinerea-psd-bucuresti-pentru-candidatura-organizatia-locala-are-si-o-lista-de-nume-pentru-sectoare\\\/#primaryimage\"},\"thumbnailUrl\":\"https:\\\/\\\/buletin.de\\\/bucuresti\\\/wp-content\\\/uploads\\\/gabriela-firea-psd.jpg\",\"datePublished\":\"2024-02-28T08:53:04+00:00\",\"dateModified\":\"2024-02-28T11:55:17+00:00\",\"breadcrumb\":{\"@id\":\"https:\\\/\\\/buletin.de\\\/bucuresti\\\/gabriela-firea-anunta-ca-are-sustinerea-psd-bucuresti-pentru-candidatura-organizatia-locala-are-si-o-lista-de-nume-pentru-sectoare\\\/#breadcrumb\"},\"inLanguage\":\"en-GB\",\"potentialAction\":[{\"@type\":\"ReadAction\",\"target\":[\"https:\\\/\\\/buletin.de\\\/bucuresti\\\/gabriela-firea-anunta-ca-are-sustinerea-psd-bucuresti-pentru-candidatura-organizatia-locala-are-si-o-lista-de-nume-pentru-sectoare\\\/\"]}]},{\"@type\":\"ImageObject\",\"inLanguage\":\"en-GB\",\"@id\":\"https:\\\/\\\/buletin.de\\\/bucuresti\\\/gabriela-firea-anunta-ca-are-sustinerea-psd-bucuresti-pentru-candidatura-organizatia-locala-are-si-o-lista-de-nume-pentru-sectoare\\\/#primaryimage\",\"url\":\"https:\\\/\\\/buletin.de\\\/bucuresti\\\/wp-content\\\/uploads\\\/gabriela-firea-psd.jpg\",\"contentUrl\":\"https:\\\/\\\/buletin.de\\\/bucuresti\\\/wp-content\\\/uploads\\\/gabriela-firea-psd.jpg\",\"width\":1218,\"height\":812,\"caption\":\"FOTO: Inquam Photos\\\/Sabin Cirstoveanu\"},{\"@type\":\"BreadcrumbList\",\"@id\":\"https:\\\/\\\/buletin.de\\\/bucuresti\\\/gabriela-firea-anunta-ca-are-sustinerea-psd-bucuresti-pentru-candidatura-organizatia-locala-are-si-o-lista-de-nume-pentru-sectoare\\\/#breadcrumb\",\"itemListElement\":[{\"@type\":\"ListItem\",\"position\":1,\"name\":\"Acas\u0103\",\"item\":\"https:\\\/\\\/buletin.de\\\/bucuresti\\\/\"},{\"@type\":\"ListItem\",\"position\":2,\"name\":\"Gabriela Firea anun\u0163\u0103 c\u0103 are sus\u0163inerea PSD Bucure\u015fti pentru candidatur\u0103. Organiza\u0163ia local\u0103 are \u015fi o list\u0103 de nume pentru sectoare\"}]},{\"@type\":\"WebSite\",\"@id\":\"https:\\\/\\\/buletin.de\\\/bucuresti\\\/#website\",\"url\":\"https:\\\/\\\/buletin.de\\\/bucuresti\\\/\",\"name\":\"Buletin de Bucure\u0219ti\",\"description\":\"\u0218tiri \u0219i investiga\u021bii esen\u021biale din capital\u0103\",\"publisher\":{\"@id\":\"https:\\\/\\\/buletin.de\\\/bucuresti\\\/#organization\"},\"potentialAction\":[{\"@type\":\"SearchAction\",\"target\":{\"@type\":\"EntryPoint\",\"urlTemplate\":\"https:\\\/\\\/buletin.de\\\/bucuresti\\\/?s={search_term_string}\"},\"query-input\":{\"@type\":\"PropertyValueSpecification\",\"valueRequired\":true,\"valueName\":\"search_term_string\"}}],\"inLanguage\":\"en-GB\"},{\"@type\":\"Organization\",\"@id\":\"https:\\\/\\\/buletin.de\\\/bucuresti\\\/#organization\",\"name\":\"Buletin de Bucure\u0219ti\",\"url\":\"https:\\\/\\\/buletin.de\\\/bucuresti\\\/\",\"logo\":{\"@type\":\"ImageObject\",\"inLanguage\":\"en-GB\",\"@id\":\"https:\\\/\\\/buletin.de\\\/bucuresti\\\/#\\\/schema\\\/logo\\\/image\\\/\",\"url\":\"https:\\\/\\\/buletin.de\\\/bucuresti\\\/wp-content\\\/uploads\\\/logo-bdb-full-wide-vernil-transparent.png\",\"contentUrl\":\"https:\\\/\\\/buletin.de\\\/bucuresti\\\/wp-content\\\/uploads\\\/logo-bdb-full-wide-vernil-transparent.png\",\"width\":1782,\"height\":626,\"caption\":\"Buletin de Bucure\u0219ti\"},\"image\":{\"@id\":\"https:\\\/\\\/buletin.de\\\/bucuresti\\\/#\\\/schema\\\/logo\\\/image\\\/\"},\"sameAs\":[\"https:\\\/\\\/www.facebook.com\\\/buletin.de.buc\",\"https:\\\/\\\/www.instagram.com\\\/buletinde.bucuresti\\\/\"]},{\"@type\":\"Person\",\"@id\":\"https:\\\/\\\/buletin.de\\\/bucuresti\\\/#\\\/schema\\\/person\\\/5272b8a057b33890940b57b837fc4ce6\",\"name\":\"Ionu\u021b Lepa\",\"image\":{\"@type\":\"ImageObject\",\"inLanguage\":\"en-GB\",\"@id\":\"https:\\\/\\\/buletin.de\\\/bucuresti\\\/wp-content\\\/uploads\\\/Ionut-Lepa-96x96.jpg5c4e4d9e049808799a8821652d2410a4\",\"url\":\"https:\\\/\\\/buletin.de\\\/bucuresti\\\/wp-content\\\/uploads\\\/Ionut-Lepa-96x96.jpg\",\"contentUrl\":\"https:\\\/\\\/buletin.de\\\/bucuresti\\\/wp-content\\\/uploads\\\/Ionut-Lepa-96x96.jpg\",\"caption\":\"Ionu\u021b Lepa\"},\"url\":\"https:\\\/\\\/buletin.de\\\/bucuresti\\\/author\\\/ionutlepa\\\/\"}]}<\/script>\n<!-- \/ Yoast SEO Premium plugin. -->","yoast_head_json":{"title":"Gabriela Firea anun\u0163\u0103 c\u0103 are sus\u0163inerea PSD Bucure\u015fti pentru candidatur\u0103. Organiza\u0163ia local\u0103 are \u015fi o list\u0103 de nume pentru sectoare - Buletin de Bucure\u0219ti","robots":{"index":"index","follow":"follow","max-snippet":"max-snippet:-1","max-image-preview":"max-image-preview:large","max-video-preview":"max-video-preview:-1"},"canonical":"https:\/\/buletin.de\/bucuresti\/gabriela-firea-anunta-ca-are-sustinerea-psd-bucuresti-pentru-candidatura-organizatia-locala-are-si-o-lista-de-nume-pentru-sectoare\/","og_locale":"en_GB","og_type":"article","og_title":"Gabriela Firea anun\u0163\u0103 c\u0103 are sus\u0163inerea PSD Bucure\u015fti pentru candidatur\u0103. Organiza\u0163ia local\u0103 are \u015fi o list\u0103 de nume pentru sectoare","og_description":"Pre\u015fedinta organiza\u0163iei PSD Bucure\u015fti, Gabriela Firea, spune c\u0103 a ob\u0163inut un vot \u00een unanimitate de la colegii s\u0103i pentru o nou\u0103 candidatur\u0103 la Prim\u0103ria Capitalei. Votul organiza\u0163iei locale vine \u00een contextul \u00een care \u015feful s\u0103u pe linie de partid, Marcel Ciolacu, a spus c\u0103 ea \u015fi Sebastian Burduja au \u015fanse egale pentru a candida din [&hellip;]","og_url":"https:\/\/buletin.de\/bucuresti\/gabriela-firea-anunta-ca-are-sustinerea-psd-bucuresti-pentru-candidatura-organizatia-locala-are-si-o-lista-de-nume-pentru-sectoare\/","og_site_name":"Buletin de Bucure\u0219ti","article_publisher":"https:\/\/www.facebook.com\/buletin.de.buc","article_published_time":"2024-02-28T08:53:04+00:00","article_modified_time":"2024-02-28T11:55:17+00:00","og_image":[{"width":1218,"height":812,"url":"https:\/\/buletin.de\/bucuresti\/wp-content\/uploads\/gabriela-firea-psd.jpg","type":"image\/jpeg"}],"author":"Ionu\u021b Lepa","twitter_card":"summary_large_image","twitter_misc":{"Written by":"Ionu\u021b Lepa","Estimated reading time":"3 minutes"},"schema":{"@context":"https:\/\/schema.org","@graph":[{"@type":"Article","@id":"https:\/\/buletin.de\/bucuresti\/gabriela-firea-anunta-ca-are-sustinerea-psd-bucuresti-pentru-candidatura-organizatia-locala-are-si-o-lista-de-nume-pentru-sectoare\/#article","isPartOf":{"@id":"https:\/\/buletin.de\/bucuresti\/gabriela-firea-anunta-ca-are-sustinerea-psd-bucuresti-pentru-candidatura-organizatia-locala-are-si-o-lista-de-nume-pentru-sectoare\/"},"author":{"name":"Ionu\u021b Lepa","@id":"https:\/\/buletin.de\/bucuresti\/#\/schema\/person\/5272b8a057b33890940b57b837fc4ce6"},"headline":"Gabriela Firea anun\u0163\u0103 c\u0103 are sus\u0163inerea PSD Bucure\u015fti pentru candidatur\u0103. Organiza\u0163ia local\u0103 are \u015fi o list\u0103 de nume pentru sectoare","datePublished":"2024-02-28T08:53:04+00:00","dateModified":"2024-02-28T11:55:17+00:00","mainEntityOfPage":{"@id":"https:\/\/buletin.de\/bucuresti\/gabriela-firea-anunta-ca-are-sustinerea-psd-bucuresti-pentru-candidatura-organizatia-locala-are-si-o-lista-de-nume-pentru-sectoare\/"},"wordCount":556,"publisher":{"@id":"https:\/\/buletin.de\/bucuresti\/#organization"},"image":{"@id":"https:\/\/buletin.de\/bucuresti\/gabriela-firea-anunta-ca-are-sustinerea-psd-bucuresti-pentru-candidatura-organizatia-locala-are-si-o-lista-de-nume-pentru-sectoare\/#primaryimage"},"thumbnailUrl":"https:\/\/buletin.de\/bucuresti\/wp-content\/uploads\/gabriela-firea-psd.jpg","keywords":["candidatura","firea","psd","sectoare candidati","sectorae"],"articleSection":["Articole","Main","Politic"],"inLanguage":"en-GB","copyrightYear":"2024","copyrightHolder":{"@id":"https:\/\/buletin.de\/bucuresti\/#organization"}},{"@type":"WebPage","@id":"https:\/\/buletin.de\/bucuresti\/gabriela-firea-anunta-ca-are-sustinerea-psd-bucuresti-pentru-candidatura-organizatia-locala-are-si-o-lista-de-nume-pentru-sectoare\/","url":"https:\/\/buletin.de\/bucuresti\/gabriela-firea-anunta-ca-are-sustinerea-psd-bucuresti-pentru-candidatura-organizatia-locala-are-si-o-lista-de-nume-pentru-sectoare\/","name":"Gabriela Firea anun\u0163\u0103 c\u0103 are sus\u0163inerea PSD Bucure\u015fti pentru candidatur\u0103. Organiza\u0163ia local\u0103 are \u015fi o list\u0103 de nume pentru sectoare - Buletin de Bucure\u0219ti","isPartOf":{"@id":"https:\/\/buletin.de\/bucuresti\/#website"},"primaryImageOfPage":{"@id":"https:\/\/buletin.de\/bucuresti\/gabriela-firea-anunta-ca-are-sustinerea-psd-bucuresti-pentru-candidatura-organizatia-locala-are-si-o-lista-de-nume-pentru-sectoare\/#primaryimage"},"image":{"@id":"https:\/\/buletin.de\/bucuresti\/gabriela-firea-anunta-ca-are-sustinerea-psd-bucuresti-pentru-candidatura-organizatia-locala-are-si-o-lista-de-nume-pentru-sectoare\/#primaryimage"},"thumbnailUrl":"https:\/\/buletin.de\/bucuresti\/wp-content\/uploads\/gabriela-firea-psd.jpg","datePublished":"2024-02-28T08:53:04+00:00","dateModified":"2024-02-28T11:55:17+00:00","breadcrumb":{"@id":"https:\/\/buletin.de\/bucuresti\/gabriela-firea-anunta-ca-are-sustinerea-psd-bucuresti-pentru-candidatura-organizatia-locala-are-si-o-lista-de-nume-pentru-sectoare\/#breadcrumb"},"inLanguage":"en-GB","potentialAction":[{"@type":"ReadAction","target":["https:\/\/buletin.de\/bucuresti\/gabriela-firea-anunta-ca-are-sustinerea-psd-bucuresti-pentru-candidatura-organizatia-locala-are-si-o-lista-de-nume-pentru-sectoare\/"]}]},{"@type":"ImageObject","inLanguage":"en-GB","@id":"https:\/\/buletin.de\/bucuresti\/gabriela-firea-anunta-ca-are-sustinerea-psd-bucuresti-pentru-candidatura-organizatia-locala-are-si-o-lista-de-nume-pentru-sectoare\/#primaryimage","url":"https:\/\/buletin.de\/bucuresti\/wp-content\/uploads\/gabriela-firea-psd.jpg","contentUrl":"https:\/\/buletin.de\/bucuresti\/wp-content\/uploads\/gabriela-firea-psd.jpg","width":1218,"height":812,"caption":"FOTO: Inquam Photos\/Sabin Cirstoveanu"},{"@type":"BreadcrumbList","@id":"https:\/\/buletin.de\/bucuresti\/gabriela-firea-anunta-ca-are-sustinerea-psd-bucuresti-pentru-candidatura-organizatia-locala-are-si-o-lista-de-nume-pentru-sectoare\/#breadcrumb","itemListElement":[{"@type":"ListItem","position":1,"name":"Acas\u0103","item":"https:\/\/buletin.de\/bucuresti\/"},{"@type":"ListItem","position":2,"name":"Gabriela Firea anun\u0163\u0103 c\u0103 are sus\u0163inerea PSD Bucure\u015fti pentru candidatur\u0103. Organiza\u0163ia local\u0103 are \u015fi o list\u0103 de nume pentru sectoare"}]},{"@type":"WebSite","@id":"https:\/\/buletin.de\/bucuresti\/#website","url":"https:\/\/buletin.de\/bucuresti\/","name":"Buletin de Bucure\u0219ti","description":"\u0218tiri \u0219i investiga\u021bii esen\u021biale din capital\u0103","publisher":{"@id":"https:\/\/buletin.de\/bucuresti\/#organization"},"potentialAction":[{"@type":"SearchAction","target":{"@type":"EntryPoint","urlTemplate":"https:\/\/buletin.de\/bucuresti\/?s={search_term_string}"},"query-input":{"@type":"PropertyValueSpecification","valueRequired":true,"valueName":"search_term_string"}}],"inLanguage":"en-GB"},{"@type":"Organization","@id":"https:\/\/buletin.de\/bucuresti\/#organization","name":"Buletin de Bucure\u0219ti","url":"https:\/\/buletin.de\/bucuresti\/","logo":{"@type":"ImageObject","inLanguage":"en-GB","@id":"https:\/\/buletin.de\/bucuresti\/#\/schema\/logo\/image\/","url":"https:\/\/buletin.de\/bucuresti\/wp-content\/uploads\/logo-bdb-full-wide-vernil-transparent.png","contentUrl":"https:\/\/buletin.de\/bucuresti\/wp-content\/uploads\/logo-bdb-full-wide-vernil-transparent.png","width":1782,"height":626,"caption":"Buletin de Bucure\u0219ti"},"image":{"@id":"https:\/\/buletin.de\/bucuresti\/#\/schema\/logo\/image\/"},"sameAs":["https:\/\/www.facebook.com\/buletin.de.buc","https:\/\/www.instagram.com\/buletinde.bucuresti\/"]},{"@type":"Person","@id":"https:\/\/buletin.de\/bucuresti\/#\/schema\/person\/5272b8a057b33890940b57b837fc4ce6","name":"Ionu\u021b Lepa","image":{"@type":"ImageObject","inLanguage":"en-GB","@id":"https:\/\/buletin.de\/bucuresti\/wp-content\/uploads\/Ionut-Lepa-96x96.jpg5c4e4d9e049808799a8821652d2410a4","url":"https:\/\/buletin.de\/bucuresti\/wp-content\/uploads\/Ionut-Lepa-96x96.jpg","contentUrl":"https:\/\/buletin.de\/bucuresti\/wp-content\/uploads\/Ionut-Lepa-96x96.jpg","caption":"Ionu\u021b Lepa"},"url":"https:\/\/buletin.de\/bucuresti\/author\/ionutlepa\/"}]}},"authors":[{"term_id":22586,"user_id":8,"is_guest":0,"slug":"ionutlepa","display_name":"Ionu\u021b Lepa","avatar_url":"https:\/\/buletin.de\/bucuresti\/wp-content\/uploads\/Ionut-Lepa-96x96.jpg","0":null,"1":"","2":"","3":"","4":"","5":"","6":"","7":"","8":""}],"_links":{"self":[{"href":"https:\/\/buletin.de\/bucuresti\/wp-json\/wp\/v2\/posts\/78676","targetHints":{"allow":["GET"]}}],"collection":[{"href":"https:\/\/buletin.de\/bucuresti\/wp-json\/wp\/v2\/posts"}],"about":[{"href":"https:\/\/buletin.de\/bucuresti\/wp-json\/wp\/v2\/types\/post"}],"author":[{"embeddable":true,"href":"https:\/\/buletin.de\/bucuresti\/wp-json\/wp\/v2\/users\/8"}],"replies":[{"embeddable":true,"href":"https:\/\/buletin.de\/bucuresti\/wp-json\/wp\/v2\/comments?post=78676"}],"version-history":[{"count":3,"href":"https:\/\/buletin.de\/bucuresti\/wp-json\/wp\/v2\/posts\/78676\/revisions"}],"predecessor-version":[{"id":78685,"href":"https:\/\/buletin.de\/bucuresti\/wp-json\/wp\/v2\/posts\/78676\/revisions\/78685"}],"wp:featuredmedia":[{"embeddable":true,"href":"https:\/\/buletin.de\/bucuresti\/wp-json\/wp\/v2\/media\/45497"}],"wp:attachment":[{"href":"https:\/\/buletin.de\/bucuresti\/wp-json\/wp\/v2\/media?parent=78676"}],"wp:term":[{"taxonomy":"category","embeddable":true,"href":"https:\/\/buletin.de\/bucuresti\/wp-json\/wp\/v2\/categories?post=78676"},{"taxonomy":"post_tag","embeddable":true,"href":"https:\/\/buletin.de\/bucuresti\/wp-json\/wp\/v2\/tags?post=78676"},{"taxonomy":"author","embeddable":true,"href":"https:\/\/buletin.de\/bucuresti\/wp-json\/wp\/v2\/ppma_author?post=78676"}],"curies":[{"name":"wp","href":"https:\/\/api.w.org\/{rel}","templated":true}]}}