{"id":78665,"date":"2024-02-28T07:35:03","date_gmt":"2024-02-28T05:35:03","guid":{"rendered":"https:\/\/buletin.de\/bucuresti\/?p=78665"},"modified":"2024-02-28T10:29:00","modified_gmt":"2024-02-28T08:29:00","slug":"eroarea-de-la-metrorex-doua-trenuri-defecte-si-un-parcurs-eronat-au-dat-peste-cap-traficul-din-subteran-mecanicii-testati-cu-alcooltestul-de-catre-politia-capitalei","status":"publish","type":"post","link":"https:\/\/buletin.de\/bucuresti\/eroarea-de-la-metrorex-doua-trenuri-defecte-si-un-parcurs-eronat-au-dat-peste-cap-traficul-din-subteran-mecanicii-testati-cu-alcooltestul-de-catre-politia-capitalei\/","title":{"rendered":"Eroarea de la Metrorex: dou\u0103 trenuri defecte \u0219i \u201eun parcurs eronat\u201d au dat peste cap traficul din subteran. Mecanicii, testa\u021bi cu alcooltestul de c\u0103tre Poli\u021bia Capitalei"},"content":{"rendered":"\n<p><strong>Metrorex a anun\u021bat mar\u021bi seara producerea unui incident feroviar \u00een sta\u021bia Timpuri Noi. Compania a precizat c\u0103 a sesizat Agen\u021bia de Investigare Feroviar\u0103 Rom\u00e2n\u0103(AGIFER), Autoritatea Feroviar\u0103 Rom\u00e2n\u0103(AFER) \u0219i Centrul operativ pentru situa\u0163ii de urgen\u0163\u0103(COSU) din cadrul Ministerului Transporturilor. De asemenea, \u00een subteran a descins \u0219i Poli\u021bia Capitalei cu alcoolteste. Totul a \u00eenceput dup\u0103 ce, la o or\u0103 de v\u00e2rf, dou\u0103 trenuri s-au defectat la un interval de 25 de minute.<\/strong><\/p>\n\n\n\n<p>Haosul din subteranul Capitalei a \u00eenceput dup\u0103 ora 18:00. Din cauza unei defec\u021biuni tehnice, \u00eentre sta\u021biile Timpuri Noi \u0219i Mihai Bravu, circula\u021bia trenurilor a fost suspendat\u0103, iar \u00eentre sta\u021biile Mihai Bravu \u0219i Nicolae Grigorescu s-a impus circula\u021bia \u00een sistem pendul\u0103.<\/p>\n\n\n\n<p>\u00cen comunicarea Metrorex, \u201edefec\u021biunea tehnic\u0103&#8221; ini\u021bial\u0103 s-a transformat ulterior \u00een \u201etren defect&#8221;.<\/p>\n\n\n\n<p>\u201e<em>Aceasta a constat \u00eentr-o defec\u021biune a unui tren la Dristor 1 \u00een jurul orei 18.50, unde au fost c\u0103l\u0103tori debarca\u021bi la peron \u0219i trenul a fost retras. Iar \u00eenc\u0103 un tren a prezentat o defec\u021biune la Timpuri Noi \u00een jurul orei 19.15. \u0218i acesta\u00a0a\u00a0fost\u00a0retras<\/em>\u201d, se arat\u0103 \u00een anun\u021bul de pres\u0103.<\/p>\n\n\n\n<p>Retragerea ultimei garnituri defecte a presupus tractarea acesteia. Cu alte cuvinte, un alt tren a trebuit s\u0103 p\u0103trund\u0103 pe contrasens \u0219i s\u0103 se cupleze cu rama \u00een cauza.<\/p>\n\n\n\n<p>\u201e<em>Confirm\u0103m c\u0103 a avut loc un incident feroviar la sta\u021bia Timpuri Noi, pe care Metrorex deja l-a avizat la AGIFER. Urm\u00e2nd ca organele abilitate sa investigheze evenimentul si sa dispun\u0103 masurile care se impun. <strong>Unul dintre dintre trenuri a intrat pe linia ocupata de alt tren ceea ce a produs cuplarea celor doua trenuri. Men\u021bion\u0103m ca in urma acestui incident nu exista victime sau pagube materiale.<\/strong> C\u0103l\u0103torii au fost debarca\u021bi \u00een siguran\u021ba&nbsp; \u0219i circula\u021bia trenurilor a fost reorganizat\u0103<\/em>\u201d, s-a subliniat \u00een urm\u0103torul anun\u021b de pres\u0103.<\/p>\n\n\n\n<p>\u00centre timp, haosul din subteranul Capitalei a atins apogeul. Circula\u021bia trenurilor a fost afectat\u0103 at\u00e2t pe Magistrala 1(Dristor 2- Pantelimon) dar \u0219i pe Magistrala 3(Preciziei-Anghel Saligny), \u00een contextul \u00een care acestea folosesc o linie comun\u0103 \u00eentre Eroilor \u0219i Dristor. Mii de oameni au umplut peroanele sta\u021biilor \u00een a\u0219teptarea trenurilor.<\/p>\n\n\n\n<figure class=\"wp-block-image size-large\"><img fetchpriority=\"high\" decoding=\"async\" width=\"900\" height=\"510\" src=\"data:image\/gif;base64,R0lGODlhAQABAAAAACH5BAEKAAEALAAAAAABAAEAAAICTAEAOw==\" data-src=\"https:\/\/buletin.de\/bucuresti\/wp-content\/uploads\/aglomeratie-900x510.jpg\" alt=\"\" class=\"wp-image-78666 lazyload\" data-sizes=\"auto\" data-srcset=\"https:\/\/buletin.de\/bucuresti\/wp-content\/uploads\/aglomeratie-900x510.jpg 900w, https:\/\/buletin.de\/bucuresti\/wp-content\/uploads\/aglomeratie-300x170.jpg 300w, https:\/\/buletin.de\/bucuresti\/wp-content\/uploads\/aglomeratie-768x435.jpg 768w, https:\/\/buletin.de\/bucuresti\/wp-content\/uploads\/aglomeratie-1536x871.jpg 1536w, https:\/\/buletin.de\/bucuresti\/wp-content\/uploads\/aglomeratie-1600x907.jpg 1600w, https:\/\/buletin.de\/bucuresti\/wp-content\/uploads\/aglomeratie-1100x624.jpg 1100w, https:\/\/buletin.de\/bucuresti\/wp-content\/uploads\/aglomeratie-600x340.jpg 600w, https:\/\/buletin.de\/bucuresti\/wp-content\/uploads\/aglomeratie-20x11.jpg 20w, https:\/\/buletin.de\/bucuresti\/wp-content\/uploads\/aglomeratie.jpg 1893w\" sizes=\"(max-width: 900px) 100vw, 900px\" \/><figcaption class=\"wp-element-caption\">FOTO: C\u0103t\u0103lin Deacu<\/figcaption><\/figure>\n\n\n\n<p>\u201e<strong><em>Metrorex informeaz\u0103 c\u0103 \u00een jurul orei 19:15, \u00een sta\u021bia de metrou Timpuri Noi, s-a efectuat un parcurs eronat la o linie ocupat\u0103 de un alt tren. <\/em><\/strong><em>Din acest motiv, circula\u021bia de metrou a fost reorganizat\u0103 \u00eentre sta\u021biile Mihai Bravu \u0219i Nicolae Grigorescu. C\u0103l\u0103torii afla\u021bi \u00een sta\u021bii au fost informa\u021bi prin sistemul de sonorizare. \u00cen urma incidentului feroviar de la sta\u021bia Timpuri Noi, compania Metrorex a avizat organele de investigare a evenimentelor feroviare- AGIFER, AFER, COSU<\/em>\u201d, se arat\u0103 \u00een ultimul anun\u021b de pres\u0103 al companiei.<\/p>\n\n\n\n<h2 class=\"wp-block-heading\"><strong>Alo, Poli\u021bia?<\/strong><\/h2>\n\n\n\n<p>\u00centre timp, \u00een subteran au descins \u0219i poli\u021bi\u0219tii de la Direc\u021bia General\u0103 de Poli\u021bie a Municipiului Bucure\u0219ti(DGPMB), dup\u0103 un apel la 112. De\u0219i nu au competen\u021be pe zona de siguran\u021b\u0103 feroviar\u0103, comunicatul subliniaz\u0103 ca cele dou\u0103 garnituri din sta\u021bia Timpuri Noi s-ar fi tamponat. De altfel, reprezenta\u021bii Brig\u0103zii de Poli\u021bie pentru Transportul Public au folosit \u0219i alcooltestele din dotare.<\/p>\n\n\n\n<p>\u201e<em>La data de 27 februarie 2024, \u00een jurul orei 19.30, Poli\u021bia Capitalei &#8211; Brigada de Poli\u021bie pentru Transportul Public a fost sesizat\u0103 cu privire la faptul c\u0103, \u00een sta\u021bia de metrou Timpuri Noi, dou\u0103 trenuri s-ar fi tamponat. Din primele verific\u0103ri s-a stabilit faptul c\u0103 aspectele sesizate se confirm\u0103. La scurt timp, acestea \u0219i-au continuat deplasarea, pentru <strong>eliberarea liniilor de circula\u021bie. \u00cen urma incidentului, nu au fost \u00eenregistrate victime sau pagube materiale. De asemenea, ambii conductori au fost testa\u021bi \u00een vederea stabilirii alcoolemiei, rezultatele fiind 0.<\/strong> Cercet\u0103rile sunt continuate de poli\u021bi\u0219ti din cadrul Brig\u0103zii de Poli\u021bie pentru Transportul Public, \u00een vederea stabilirii cu exactitate a \u00eemprejur\u0103rilor \u00een care a avut loc evenimentul<\/em>\u201d, se arat\u0103 \u00een comunicatul DGPMB.<\/p>\n\n\n\n<p>La presiunea jurnali\u0219tilor, incidentul a ajuns \u0219i pe masa ministrului Transporturilor \u0219i Infrastructurii(MTI), Sorin Grindeanu. De\u0219i ini\u021bial reprezenta\u021bii MTI au transmis c\u0103 institu\u021bia nu poate s\u0103 intervin\u0103 \u00een actul de management al Metrorex, ulterior Grindeanu a cerut prezentarea, \u201ecu celeritate\u201d a unui raport \u201eprivind cauzele accidentului produs \u00eentre dou\u0103 trenuri de metrou\u201d.<\/p>\n\n\n\n<p>\u201c<em>Dup\u0103 finalizarea anchetei AGIFER, <strong>\u00eemi doresc ca managementul profesionist al acestei companii s\u0103 ia m\u0103suri pentru ca astfel de evenimente s\u0103 nu se mai repete! <\/strong>Conducerea Metrorex este selectat\u0103 \u00een baza legisla\u021biei privind guvernan\u021ba corporativ\u0103, ceea ce cu at\u00e2t mai mult oblig\u0103 compania s\u0103 aib\u0103 ca principale preocup\u0103ri siguran\u021ba \u0219i corecta informare a cet\u0103\u021benilor<\/em>\u201d, a declarat Sorin Grindeanu.<\/p>\n\n\n\n<h2 class=\"wp-block-heading\">Anchet\u0103 \u0219i la mentena\u021b\u0103?<\/h2>\n\n\n\n<p>De regul\u0103, anchetele privind incidentele feroviare sunt de durat\u0103 iar rapoartele \u00eentocmite ulterior trebuie semnate de to\u021bi cei implica\u021bi \u00een investiga\u021bie. Rapoartele preliminare urmeaz\u0103 acela\u0219i parcurs p\u00e2n\u0103 c\u00e2nd ajung la persoanele din func\u021biile de execu\u021bie, care decid sau nu s\u0103 fac\u0103 publice elemente din anchet\u0103.<\/p>\n\n\n\n<p>C\u00e2t prive\u0219te defec\u021biunile de la cele dou\u0103 trenuri, cel mai probabil anchetatorii vor cere l\u0103muriri \u0219i de la compania Alstom care, \u00een urma externaliz\u0103rii mentenan\u021bei garniturilor de metrou \u00een anii 2000, se ocup\u0103 \u00een prezent, \u00een baza unui contract, de repara\u021biile curente \u0219i reviziile trenurilor puse \u00een circula\u021bie. \u00a0\u00a0\u00a0<\/p>\n\n\n\n<p><a href=\"https:\/\/clubferoviar.ro\/metroul-va-veni-mai-rar\/\">Potrivit clubferoviar.ro<\/a>, \u00a0\u00een luna iulie 2020 Ministerul Transporturilor a ini\u021biat un proiect de act normativ care propunea prelungirea termenului de 1.000.000 km pentru efectuarea unor revizii \u00een condi\u021biile \u00een care un num\u0103r important de trenuri atingeau limita la acel moment.<\/p>\n\n\n\n<p><\/p>\n","protected":false},"excerpt":{"rendered":"<p>Metrorex a anun\u021bat mar\u021bi seara producerea unui incident feroviar \u00een sta\u021bia Timpuri Noi. Compania a precizat c\u0103 a sesizat Agen\u021bia de Investigare Feroviar\u0103 Rom\u00e2n\u0103(AGIFER), Autoritatea Feroviar\u0103 Rom\u00e2n\u0103(AFER) \u0219i Centrul operativ pentru situa\u0163ii de urgen\u0163\u0103(COSU) din cadrul Ministerului Transporturilor. De asemenea, \u00een subteran a descins \u0219i Poli\u021bia Capitalei cu alcoolteste. Totul a \u00eenceput dup\u0103 ce, la [&hellip;]<\/p>\n","protected":false},"author":10,"featured_media":78636,"comment_status":"closed","ping_status":"open","sticky":false,"template":"","format":"standard","meta":{"_acf_changed":false,"inline_featured_image":false,"ngg_post_thumbnail":0,"footnotes":""},"categories":[6994,5762,650],"tags":[1264,9958,3884,8402,10161,2904,2199,377,6960],"ppma_author":[22575],"class_list":["post-78665","post","type-post","status-publish","format-standard","has-post-thumbnail","hentry","category-stiri-2","category-main","category-transport","tag-alstom","tag-dristor","tag-incident","tag-m","tag-m1","tag-m3","tag-mentenanta","tag-metrorex","tag-timpuri-noi"],"acf":[],"yoast_head":"<!-- This site is optimized with the Yoast SEO Premium plugin v25.3 (Yoast SEO v27.4) - https:\/\/yoast.com\/product\/yoast-seo-premium-wordpress\/ -->\n<title>Eroarea de la Metrorex: dou\u0103 trenuri defecte \u0219i \u201eun parcurs eronat\u201d au dat peste cap traficul din subteran. Mecanicii, testa\u021bi cu alcooltestul de c\u0103tre Poli\u021bia Capitalei - Buletin de Bucure\u0219ti<\/title>\n<meta name=\"robots\" content=\"index, follow, max-snippet:-1, max-image-preview:large, max-video-preview:-1\" \/>\n<link rel=\"canonical\" href=\"https:\/\/buletin.de\/bucuresti\/eroarea-de-la-metrorex-doua-trenuri-defecte-si-un-parcurs-eronat-au-dat-peste-cap-traficul-din-subteran-mecanicii-testati-cu-alcooltestul-de-catre-politia-capitalei\/\" \/>\n<meta property=\"og:locale\" content=\"en_GB\" \/>\n<meta property=\"og:type\" content=\"article\" \/>\n<meta property=\"og:title\" content=\"Eroarea de la Metrorex: dou\u0103 trenuri defecte \u0219i \u201eun parcurs eronat\u201d au dat peste cap traficul din subteran. Mecanicii, testa\u021bi cu alcooltestul de c\u0103tre Poli\u021bia Capitalei\" \/>\n<meta property=\"og:description\" content=\"Metrorex a anun\u021bat mar\u021bi seara producerea unui incident feroviar \u00een sta\u021bia Timpuri Noi. Compania a precizat c\u0103 a sesizat Agen\u021bia de Investigare Feroviar\u0103 Rom\u00e2n\u0103(AGIFER), Autoritatea Feroviar\u0103 Rom\u00e2n\u0103(AFER) \u0219i Centrul operativ pentru situa\u0163ii de urgen\u0163\u0103(COSU) din cadrul Ministerului Transporturilor. De asemenea, \u00een subteran a descins \u0219i Poli\u021bia Capitalei cu alcoolteste. Totul a \u00eenceput dup\u0103 ce, la [&hellip;]\" \/>\n<meta property=\"og:url\" content=\"https:\/\/buletin.de\/bucuresti\/eroarea-de-la-metrorex-doua-trenuri-defecte-si-un-parcurs-eronat-au-dat-peste-cap-traficul-din-subteran-mecanicii-testati-cu-alcooltestul-de-catre-politia-capitalei\/\" \/>\n<meta property=\"og:site_name\" content=\"Buletin de Bucure\u0219ti\" \/>\n<meta property=\"article:publisher\" content=\"https:\/\/www.facebook.com\/buletin.de.buc\" \/>\n<meta property=\"article:published_time\" content=\"2024-02-28T05:35:03+00:00\" \/>\n<meta property=\"article:modified_time\" content=\"2024-02-28T08:29:00+00:00\" \/>\n<meta property=\"og:image\" content=\"https:\/\/buletin.de\/bucuresti\/wp-content\/uploads\/429642381_7097762243626362_1916327802235972140_n.jpg\" \/>\n\t<meta property=\"og:image:width\" content=\"843\" \/>\n\t<meta property=\"og:image:height\" content=\"907\" \/>\n\t<meta property=\"og:image:type\" content=\"image\/jpeg\" \/>\n<meta name=\"author\" content=\"C\u0103t\u0103lin Dosca\u0219\" \/>\n<meta name=\"twitter:card\" content=\"summary_large_image\" \/>\n<meta name=\"twitter:label1\" content=\"Written by\" \/>\n\t<meta name=\"twitter:data1\" content=\"C\u0103t\u0103lin Dosca\u0219\" \/>\n\t<meta name=\"twitter:label2\" content=\"Estimated reading time\" \/>\n\t<meta name=\"twitter:data2\" content=\"5 minutes\" \/>\n<script type=\"application\/ld+json\" class=\"yoast-schema-graph\">{\"@context\":\"https:\\\/\\\/schema.org\",\"@graph\":[{\"@type\":\"Article\",\"@id\":\"https:\\\/\\\/buletin.de\\\/bucuresti\\\/eroarea-de-la-metrorex-doua-trenuri-defecte-si-un-parcurs-eronat-au-dat-peste-cap-traficul-din-subteran-mecanicii-testati-cu-alcooltestul-de-catre-politia-capitalei\\\/#article\",\"isPartOf\":{\"@id\":\"https:\\\/\\\/buletin.de\\\/bucuresti\\\/eroarea-de-la-metrorex-doua-trenuri-defecte-si-un-parcurs-eronat-au-dat-peste-cap-traficul-din-subteran-mecanicii-testati-cu-alcooltestul-de-catre-politia-capitalei\\\/\"},\"author\":{\"name\":\"C\u0103t\u0103lin Dosca\u0219\",\"@id\":\"https:\\\/\\\/buletin.de\\\/bucuresti\\\/#\\\/schema\\\/person\\\/31117187ed4d0bdb0a4c7d6acc79d0f8\"},\"headline\":\"Eroarea de la Metrorex: dou\u0103 trenuri defecte \u0219i \u201eun parcurs eronat\u201d au dat peste cap traficul din subteran. Mecanicii, testa\u021bi cu alcooltestul de c\u0103tre Poli\u021bia Capitalei\",\"datePublished\":\"2024-02-28T05:35:03+00:00\",\"dateModified\":\"2024-02-28T08:29:00+00:00\",\"mainEntityOfPage\":{\"@id\":\"https:\\\/\\\/buletin.de\\\/bucuresti\\\/eroarea-de-la-metrorex-doua-trenuri-defecte-si-un-parcurs-eronat-au-dat-peste-cap-traficul-din-subteran-mecanicii-testati-cu-alcooltestul-de-catre-politia-capitalei\\\/\"},\"wordCount\":975,\"publisher\":{\"@id\":\"https:\\\/\\\/buletin.de\\\/bucuresti\\\/#organization\"},\"image\":{\"@id\":\"https:\\\/\\\/buletin.de\\\/bucuresti\\\/eroarea-de-la-metrorex-doua-trenuri-defecte-si-un-parcurs-eronat-au-dat-peste-cap-traficul-din-subteran-mecanicii-testati-cu-alcooltestul-de-catre-politia-capitalei\\\/#primaryimage\"},\"thumbnailUrl\":\"https:\\\/\\\/buletin.de\\\/bucuresti\\\/wp-content\\\/uploads\\\/429642381_7097762243626362_1916327802235972140_n.jpg\",\"keywords\":[\"alstom\",\"Dristor\",\"incident\",\"m\",\"m1\",\"m3\",\"mentenanta\",\"metrorex\",\"timpuri noi\"],\"articleSection\":[\"Articole\",\"Main\",\"Transport\"],\"inLanguage\":\"en-GB\",\"copyrightYear\":\"2024\",\"copyrightHolder\":{\"@id\":\"https:\\\/\\\/buletin.de\\\/bucuresti\\\/#organization\"}},{\"@type\":\"WebPage\",\"@id\":\"https:\\\/\\\/buletin.de\\\/bucuresti\\\/eroarea-de-la-metrorex-doua-trenuri-defecte-si-un-parcurs-eronat-au-dat-peste-cap-traficul-din-subteran-mecanicii-testati-cu-alcooltestul-de-catre-politia-capitalei\\\/\",\"url\":\"https:\\\/\\\/buletin.de\\\/bucuresti\\\/eroarea-de-la-metrorex-doua-trenuri-defecte-si-un-parcurs-eronat-au-dat-peste-cap-traficul-din-subteran-mecanicii-testati-cu-alcooltestul-de-catre-politia-capitalei\\\/\",\"name\":\"Eroarea de la Metrorex: dou\u0103 trenuri defecte \u0219i \u201eun parcurs eronat\u201d au dat peste cap traficul din subteran. Mecanicii, testa\u021bi cu alcooltestul de c\u0103tre Poli\u021bia Capitalei - Buletin de Bucure\u0219ti\",\"isPartOf\":{\"@id\":\"https:\\\/\\\/buletin.de\\\/bucuresti\\\/#website\"},\"primaryImageOfPage\":{\"@id\":\"https:\\\/\\\/buletin.de\\\/bucuresti\\\/eroarea-de-la-metrorex-doua-trenuri-defecte-si-un-parcurs-eronat-au-dat-peste-cap-traficul-din-subteran-mecanicii-testati-cu-alcooltestul-de-catre-politia-capitalei\\\/#primaryimage\"},\"image\":{\"@id\":\"https:\\\/\\\/buletin.de\\\/bucuresti\\\/eroarea-de-la-metrorex-doua-trenuri-defecte-si-un-parcurs-eronat-au-dat-peste-cap-traficul-din-subteran-mecanicii-testati-cu-alcooltestul-de-catre-politia-capitalei\\\/#primaryimage\"},\"thumbnailUrl\":\"https:\\\/\\\/buletin.de\\\/bucuresti\\\/wp-content\\\/uploads\\\/429642381_7097762243626362_1916327802235972140_n.jpg\",\"datePublished\":\"2024-02-28T05:35:03+00:00\",\"dateModified\":\"2024-02-28T08:29:00+00:00\",\"breadcrumb\":{\"@id\":\"https:\\\/\\\/buletin.de\\\/bucuresti\\\/eroarea-de-la-metrorex-doua-trenuri-defecte-si-un-parcurs-eronat-au-dat-peste-cap-traficul-din-subteran-mecanicii-testati-cu-alcooltestul-de-catre-politia-capitalei\\\/#breadcrumb\"},\"inLanguage\":\"en-GB\",\"potentialAction\":[{\"@type\":\"ReadAction\",\"target\":[\"https:\\\/\\\/buletin.de\\\/bucuresti\\\/eroarea-de-la-metrorex-doua-trenuri-defecte-si-un-parcurs-eronat-au-dat-peste-cap-traficul-din-subteran-mecanicii-testati-cu-alcooltestul-de-catre-politia-capitalei\\\/\"]}]},{\"@type\":\"ImageObject\",\"inLanguage\":\"en-GB\",\"@id\":\"https:\\\/\\\/buletin.de\\\/bucuresti\\\/eroarea-de-la-metrorex-doua-trenuri-defecte-si-un-parcurs-eronat-au-dat-peste-cap-traficul-din-subteran-mecanicii-testati-cu-alcooltestul-de-catre-politia-capitalei\\\/#primaryimage\",\"url\":\"https:\\\/\\\/buletin.de\\\/bucuresti\\\/wp-content\\\/uploads\\\/429642381_7097762243626362_1916327802235972140_n.jpg\",\"contentUrl\":\"https:\\\/\\\/buletin.de\\\/bucuresti\\\/wp-content\\\/uploads\\\/429642381_7097762243626362_1916327802235972140_n.jpg\",\"width\":843,\"height\":907,\"caption\":\"FOTO: Alexandra Cecilia Titieanu\"},{\"@type\":\"BreadcrumbList\",\"@id\":\"https:\\\/\\\/buletin.de\\\/bucuresti\\\/eroarea-de-la-metrorex-doua-trenuri-defecte-si-un-parcurs-eronat-au-dat-peste-cap-traficul-din-subteran-mecanicii-testati-cu-alcooltestul-de-catre-politia-capitalei\\\/#breadcrumb\",\"itemListElement\":[{\"@type\":\"ListItem\",\"position\":1,\"name\":\"Acas\u0103\",\"item\":\"https:\\\/\\\/buletin.de\\\/bucuresti\\\/\"},{\"@type\":\"ListItem\",\"position\":2,\"name\":\"Eroarea de la Metrorex: dou\u0103 trenuri defecte \u0219i \u201eun parcurs eronat\u201d au dat peste cap traficul din subteran. Mecanicii, testa\u021bi cu alcooltestul de c\u0103tre Poli\u021bia Capitalei\"}]},{\"@type\":\"WebSite\",\"@id\":\"https:\\\/\\\/buletin.de\\\/bucuresti\\\/#website\",\"url\":\"https:\\\/\\\/buletin.de\\\/bucuresti\\\/\",\"name\":\"Buletin de Bucure\u0219ti\",\"description\":\"\u0218tiri \u0219i investiga\u021bii esen\u021biale din capital\u0103\",\"publisher\":{\"@id\":\"https:\\\/\\\/buletin.de\\\/bucuresti\\\/#organization\"},\"potentialAction\":[{\"@type\":\"SearchAction\",\"target\":{\"@type\":\"EntryPoint\",\"urlTemplate\":\"https:\\\/\\\/buletin.de\\\/bucuresti\\\/?s={search_term_string}\"},\"query-input\":{\"@type\":\"PropertyValueSpecification\",\"valueRequired\":true,\"valueName\":\"search_term_string\"}}],\"inLanguage\":\"en-GB\"},{\"@type\":\"Organization\",\"@id\":\"https:\\\/\\\/buletin.de\\\/bucuresti\\\/#organization\",\"name\":\"Buletin de Bucure\u0219ti\",\"url\":\"https:\\\/\\\/buletin.de\\\/bucuresti\\\/\",\"logo\":{\"@type\":\"ImageObject\",\"inLanguage\":\"en-GB\",\"@id\":\"https:\\\/\\\/buletin.de\\\/bucuresti\\\/#\\\/schema\\\/logo\\\/image\\\/\",\"url\":\"https:\\\/\\\/buletin.de\\\/bucuresti\\\/wp-content\\\/uploads\\\/logo-bdb-full-wide-vernil-transparent.png\",\"contentUrl\":\"https:\\\/\\\/buletin.de\\\/bucuresti\\\/wp-content\\\/uploads\\\/logo-bdb-full-wide-vernil-transparent.png\",\"width\":1782,\"height\":626,\"caption\":\"Buletin de Bucure\u0219ti\"},\"image\":{\"@id\":\"https:\\\/\\\/buletin.de\\\/bucuresti\\\/#\\\/schema\\\/logo\\\/image\\\/\"},\"sameAs\":[\"https:\\\/\\\/www.facebook.com\\\/buletin.de.buc\",\"https:\\\/\\\/www.instagram.com\\\/buletinde.bucuresti\\\/\"]},{\"@type\":\"Person\",\"@id\":\"https:\\\/\\\/buletin.de\\\/bucuresti\\\/#\\\/schema\\\/person\\\/31117187ed4d0bdb0a4c7d6acc79d0f8\",\"name\":\"C\u0103t\u0103lin Dosca\u0219\",\"image\":{\"@type\":\"ImageObject\",\"inLanguage\":\"en-GB\",\"@id\":\"https:\\\/\\\/buletin.de\\\/bucuresti\\\/wp-content\\\/uploads\\\/Catalin-Doscas-e1732731064764-96x96.jpga93e2943bb3b1c1f9ead823df6e6317a\",\"url\":\"https:\\\/\\\/buletin.de\\\/bucuresti\\\/wp-content\\\/uploads\\\/Catalin-Doscas-e1732731064764-96x96.jpg\",\"contentUrl\":\"https:\\\/\\\/buletin.de\\\/bucuresti\\\/wp-content\\\/uploads\\\/Catalin-Doscas-e1732731064764-96x96.jpg\",\"caption\":\"C\u0103t\u0103lin Dosca\u0219\"},\"description\":\"Reporter \u0219i redactor-\u0219ef Buletin de Bucure\u0219ti. Lucreaz\u0103 \u00een mass-media de la v\u00e2rsta de 15 ani, c\u00e2nd a publicat primele articole \u00een presa local\u0103 din Tecuci. \u00cen Bucure\u0219ti a lucrat \u00een redac\u021bii radio ca reporter, redactor \u0219i prezentator (StudentFM, Na\u021bionalFM, Radio Total, Smart FM), unde a acoperit domeniile politic, economic, social \u0219i externe. Ulterior, a fost editor-coordonator al postului Realitatea FM. Experien\u021ba \u00een jurnalismul online a dob\u00e2ndit-o la portalul B365.ro, unde a fost editor. \u00cen 2012 s-a angajat \u00een televiziune. La Realitatea TV a fost, pe r\u00e2nd, reporter la sec\u021bia Social, reporter special la emisiunea de reportaje \u0219i anchete \u201eReporterii Realit\u0103\u021bii\u201d, dar \u0219i editor al jurnalelor de \u0219tiri. Ulterior, a f\u0103cut parte din sec\u021bia de Investiga\u021bii de la Digi24 \u0219i a lucrat la campania \u201eRom\u00e2nia furat\u0103\u201d. A revenit \u00een presa scris\u0103 \u00een 2017, ca reporter special, \u00een cadrul unui proiect de repozi\u021bionare a tabloidului Libertatea \u00een cotidian generalist. Este jurnalist Buletin de Bucure\u0219ti din 2019.\",\"url\":\"https:\\\/\\\/buletin.de\\\/bucuresti\\\/author\\\/catalin\\\/\"}]}<\/script>\n<!-- \/ Yoast SEO Premium plugin. -->","yoast_head_json":{"title":"Eroarea de la Metrorex: dou\u0103 trenuri defecte \u0219i \u201eun parcurs eronat\u201d au dat peste cap traficul din subteran. Mecanicii, testa\u021bi cu alcooltestul de c\u0103tre Poli\u021bia Capitalei - Buletin de Bucure\u0219ti","robots":{"index":"index","follow":"follow","max-snippet":"max-snippet:-1","max-image-preview":"max-image-preview:large","max-video-preview":"max-video-preview:-1"},"canonical":"https:\/\/buletin.de\/bucuresti\/eroarea-de-la-metrorex-doua-trenuri-defecte-si-un-parcurs-eronat-au-dat-peste-cap-traficul-din-subteran-mecanicii-testati-cu-alcooltestul-de-catre-politia-capitalei\/","og_locale":"en_GB","og_type":"article","og_title":"Eroarea de la Metrorex: dou\u0103 trenuri defecte \u0219i \u201eun parcurs eronat\u201d au dat peste cap traficul din subteran. Mecanicii, testa\u021bi cu alcooltestul de c\u0103tre Poli\u021bia Capitalei","og_description":"Metrorex a anun\u021bat mar\u021bi seara producerea unui incident feroviar \u00een sta\u021bia Timpuri Noi. Compania a precizat c\u0103 a sesizat Agen\u021bia de Investigare Feroviar\u0103 Rom\u00e2n\u0103(AGIFER), Autoritatea Feroviar\u0103 Rom\u00e2n\u0103(AFER) \u0219i Centrul operativ pentru situa\u0163ii de urgen\u0163\u0103(COSU) din cadrul Ministerului Transporturilor. De asemenea, \u00een subteran a descins \u0219i Poli\u021bia Capitalei cu alcoolteste. Totul a \u00eenceput dup\u0103 ce, la [&hellip;]","og_url":"https:\/\/buletin.de\/bucuresti\/eroarea-de-la-metrorex-doua-trenuri-defecte-si-un-parcurs-eronat-au-dat-peste-cap-traficul-din-subteran-mecanicii-testati-cu-alcooltestul-de-catre-politia-capitalei\/","og_site_name":"Buletin de Bucure\u0219ti","article_publisher":"https:\/\/www.facebook.com\/buletin.de.buc","article_published_time":"2024-02-28T05:35:03+00:00","article_modified_time":"2024-02-28T08:29:00+00:00","og_image":[{"width":843,"height":907,"url":"https:\/\/buletin.de\/bucuresti\/wp-content\/uploads\/429642381_7097762243626362_1916327802235972140_n.jpg","type":"image\/jpeg"}],"author":"C\u0103t\u0103lin Dosca\u0219","twitter_card":"summary_large_image","twitter_misc":{"Written by":"C\u0103t\u0103lin Dosca\u0219","Estimated reading time":"5 minutes"},"schema":{"@context":"https:\/\/schema.org","@graph":[{"@type":"Article","@id":"https:\/\/buletin.de\/bucuresti\/eroarea-de-la-metrorex-doua-trenuri-defecte-si-un-parcurs-eronat-au-dat-peste-cap-traficul-din-subteran-mecanicii-testati-cu-alcooltestul-de-catre-politia-capitalei\/#article","isPartOf":{"@id":"https:\/\/buletin.de\/bucuresti\/eroarea-de-la-metrorex-doua-trenuri-defecte-si-un-parcurs-eronat-au-dat-peste-cap-traficul-din-subteran-mecanicii-testati-cu-alcooltestul-de-catre-politia-capitalei\/"},"author":{"name":"C\u0103t\u0103lin Dosca\u0219","@id":"https:\/\/buletin.de\/bucuresti\/#\/schema\/person\/31117187ed4d0bdb0a4c7d6acc79d0f8"},"headline":"Eroarea de la Metrorex: dou\u0103 trenuri defecte \u0219i \u201eun parcurs eronat\u201d au dat peste cap traficul din subteran. Mecanicii, testa\u021bi cu alcooltestul de c\u0103tre Poli\u021bia Capitalei","datePublished":"2024-02-28T05:35:03+00:00","dateModified":"2024-02-28T08:29:00+00:00","mainEntityOfPage":{"@id":"https:\/\/buletin.de\/bucuresti\/eroarea-de-la-metrorex-doua-trenuri-defecte-si-un-parcurs-eronat-au-dat-peste-cap-traficul-din-subteran-mecanicii-testati-cu-alcooltestul-de-catre-politia-capitalei\/"},"wordCount":975,"publisher":{"@id":"https:\/\/buletin.de\/bucuresti\/#organization"},"image":{"@id":"https:\/\/buletin.de\/bucuresti\/eroarea-de-la-metrorex-doua-trenuri-defecte-si-un-parcurs-eronat-au-dat-peste-cap-traficul-din-subteran-mecanicii-testati-cu-alcooltestul-de-catre-politia-capitalei\/#primaryimage"},"thumbnailUrl":"https:\/\/buletin.de\/bucuresti\/wp-content\/uploads\/429642381_7097762243626362_1916327802235972140_n.jpg","keywords":["alstom","Dristor","incident","m","m1","m3","mentenanta","metrorex","timpuri noi"],"articleSection":["Articole","Main","Transport"],"inLanguage":"en-GB","copyrightYear":"2024","copyrightHolder":{"@id":"https:\/\/buletin.de\/bucuresti\/#organization"}},{"@type":"WebPage","@id":"https:\/\/buletin.de\/bucuresti\/eroarea-de-la-metrorex-doua-trenuri-defecte-si-un-parcurs-eronat-au-dat-peste-cap-traficul-din-subteran-mecanicii-testati-cu-alcooltestul-de-catre-politia-capitalei\/","url":"https:\/\/buletin.de\/bucuresti\/eroarea-de-la-metrorex-doua-trenuri-defecte-si-un-parcurs-eronat-au-dat-peste-cap-traficul-din-subteran-mecanicii-testati-cu-alcooltestul-de-catre-politia-capitalei\/","name":"Eroarea de la Metrorex: dou\u0103 trenuri defecte \u0219i \u201eun parcurs eronat\u201d au dat peste cap traficul din subteran. Mecanicii, testa\u021bi cu alcooltestul de c\u0103tre Poli\u021bia Capitalei - Buletin de Bucure\u0219ti","isPartOf":{"@id":"https:\/\/buletin.de\/bucuresti\/#website"},"primaryImageOfPage":{"@id":"https:\/\/buletin.de\/bucuresti\/eroarea-de-la-metrorex-doua-trenuri-defecte-si-un-parcurs-eronat-au-dat-peste-cap-traficul-din-subteran-mecanicii-testati-cu-alcooltestul-de-catre-politia-capitalei\/#primaryimage"},"image":{"@id":"https:\/\/buletin.de\/bucuresti\/eroarea-de-la-metrorex-doua-trenuri-defecte-si-un-parcurs-eronat-au-dat-peste-cap-traficul-din-subteran-mecanicii-testati-cu-alcooltestul-de-catre-politia-capitalei\/#primaryimage"},"thumbnailUrl":"https:\/\/buletin.de\/bucuresti\/wp-content\/uploads\/429642381_7097762243626362_1916327802235972140_n.jpg","datePublished":"2024-02-28T05:35:03+00:00","dateModified":"2024-02-28T08:29:00+00:00","breadcrumb":{"@id":"https:\/\/buletin.de\/bucuresti\/eroarea-de-la-metrorex-doua-trenuri-defecte-si-un-parcurs-eronat-au-dat-peste-cap-traficul-din-subteran-mecanicii-testati-cu-alcooltestul-de-catre-politia-capitalei\/#breadcrumb"},"inLanguage":"en-GB","potentialAction":[{"@type":"ReadAction","target":["https:\/\/buletin.de\/bucuresti\/eroarea-de-la-metrorex-doua-trenuri-defecte-si-un-parcurs-eronat-au-dat-peste-cap-traficul-din-subteran-mecanicii-testati-cu-alcooltestul-de-catre-politia-capitalei\/"]}]},{"@type":"ImageObject","inLanguage":"en-GB","@id":"https:\/\/buletin.de\/bucuresti\/eroarea-de-la-metrorex-doua-trenuri-defecte-si-un-parcurs-eronat-au-dat-peste-cap-traficul-din-subteran-mecanicii-testati-cu-alcooltestul-de-catre-politia-capitalei\/#primaryimage","url":"https:\/\/buletin.de\/bucuresti\/wp-content\/uploads\/429642381_7097762243626362_1916327802235972140_n.jpg","contentUrl":"https:\/\/buletin.de\/bucuresti\/wp-content\/uploads\/429642381_7097762243626362_1916327802235972140_n.jpg","width":843,"height":907,"caption":"FOTO: Alexandra Cecilia Titieanu"},{"@type":"BreadcrumbList","@id":"https:\/\/buletin.de\/bucuresti\/eroarea-de-la-metrorex-doua-trenuri-defecte-si-un-parcurs-eronat-au-dat-peste-cap-traficul-din-subteran-mecanicii-testati-cu-alcooltestul-de-catre-politia-capitalei\/#breadcrumb","itemListElement":[{"@type":"ListItem","position":1,"name":"Acas\u0103","item":"https:\/\/buletin.de\/bucuresti\/"},{"@type":"ListItem","position":2,"name":"Eroarea de la Metrorex: dou\u0103 trenuri defecte \u0219i \u201eun parcurs eronat\u201d au dat peste cap traficul din subteran. Mecanicii, testa\u021bi cu alcooltestul de c\u0103tre Poli\u021bia Capitalei"}]},{"@type":"WebSite","@id":"https:\/\/buletin.de\/bucuresti\/#website","url":"https:\/\/buletin.de\/bucuresti\/","name":"Buletin de Bucure\u0219ti","description":"\u0218tiri \u0219i investiga\u021bii esen\u021biale din capital\u0103","publisher":{"@id":"https:\/\/buletin.de\/bucuresti\/#organization"},"potentialAction":[{"@type":"SearchAction","target":{"@type":"EntryPoint","urlTemplate":"https:\/\/buletin.de\/bucuresti\/?s={search_term_string}"},"query-input":{"@type":"PropertyValueSpecification","valueRequired":true,"valueName":"search_term_string"}}],"inLanguage":"en-GB"},{"@type":"Organization","@id":"https:\/\/buletin.de\/bucuresti\/#organization","name":"Buletin de Bucure\u0219ti","url":"https:\/\/buletin.de\/bucuresti\/","logo":{"@type":"ImageObject","inLanguage":"en-GB","@id":"https:\/\/buletin.de\/bucuresti\/#\/schema\/logo\/image\/","url":"https:\/\/buletin.de\/bucuresti\/wp-content\/uploads\/logo-bdb-full-wide-vernil-transparent.png","contentUrl":"https:\/\/buletin.de\/bucuresti\/wp-content\/uploads\/logo-bdb-full-wide-vernil-transparent.png","width":1782,"height":626,"caption":"Buletin de Bucure\u0219ti"},"image":{"@id":"https:\/\/buletin.de\/bucuresti\/#\/schema\/logo\/image\/"},"sameAs":["https:\/\/www.facebook.com\/buletin.de.buc","https:\/\/www.instagram.com\/buletinde.bucuresti\/"]},{"@type":"Person","@id":"https:\/\/buletin.de\/bucuresti\/#\/schema\/person\/31117187ed4d0bdb0a4c7d6acc79d0f8","name":"C\u0103t\u0103lin Dosca\u0219","image":{"@type":"ImageObject","inLanguage":"en-GB","@id":"https:\/\/buletin.de\/bucuresti\/wp-content\/uploads\/Catalin-Doscas-e1732731064764-96x96.jpga93e2943bb3b1c1f9ead823df6e6317a","url":"https:\/\/buletin.de\/bucuresti\/wp-content\/uploads\/Catalin-Doscas-e1732731064764-96x96.jpg","contentUrl":"https:\/\/buletin.de\/bucuresti\/wp-content\/uploads\/Catalin-Doscas-e1732731064764-96x96.jpg","caption":"C\u0103t\u0103lin Dosca\u0219"},"description":"Reporter \u0219i redactor-\u0219ef Buletin de Bucure\u0219ti. Lucreaz\u0103 \u00een mass-media de la v\u00e2rsta de 15 ani, c\u00e2nd a publicat primele articole \u00een presa local\u0103 din Tecuci. \u00cen Bucure\u0219ti a lucrat \u00een redac\u021bii radio ca reporter, redactor \u0219i prezentator (StudentFM, Na\u021bionalFM, Radio Total, Smart FM), unde a acoperit domeniile politic, economic, social \u0219i externe. Ulterior, a fost editor-coordonator al postului Realitatea FM. Experien\u021ba \u00een jurnalismul online a dob\u00e2ndit-o la portalul B365.ro, unde a fost editor. \u00cen 2012 s-a angajat \u00een televiziune. La Realitatea TV a fost, pe r\u00e2nd, reporter la sec\u021bia Social, reporter special la emisiunea de reportaje \u0219i anchete \u201eReporterii Realit\u0103\u021bii\u201d, dar \u0219i editor al jurnalelor de \u0219tiri. Ulterior, a f\u0103cut parte din sec\u021bia de Investiga\u021bii de la Digi24 \u0219i a lucrat la campania \u201eRom\u00e2nia furat\u0103\u201d. A revenit \u00een presa scris\u0103 \u00een 2017, ca reporter special, \u00een cadrul unui proiect de repozi\u021bionare a tabloidului Libertatea \u00een cotidian generalist. Este jurnalist Buletin de Bucure\u0219ti din 2019.","url":"https:\/\/buletin.de\/bucuresti\/author\/catalin\/"}]}},"authors":[{"term_id":22575,"user_id":10,"is_guest":0,"slug":"catalin","display_name":"C\u0103t\u0103lin Dosca\u0219","avatar_url":"https:\/\/buletin.de\/bucuresti\/wp-content\/uploads\/Catalin-Doscas-e1732731064764-96x96.jpg","0":null,"1":"","2":"","3":"","4":"","5":"","6":"","7":"","8":""}],"_links":{"self":[{"href":"https:\/\/buletin.de\/bucuresti\/wp-json\/wp\/v2\/posts\/78665","targetHints":{"allow":["GET"]}}],"collection":[{"href":"https:\/\/buletin.de\/bucuresti\/wp-json\/wp\/v2\/posts"}],"about":[{"href":"https:\/\/buletin.de\/bucuresti\/wp-json\/wp\/v2\/types\/post"}],"author":[{"embeddable":true,"href":"https:\/\/buletin.de\/bucuresti\/wp-json\/wp\/v2\/users\/10"}],"replies":[{"embeddable":true,"href":"https:\/\/buletin.de\/bucuresti\/wp-json\/wp\/v2\/comments?post=78665"}],"version-history":[{"count":1,"href":"https:\/\/buletin.de\/bucuresti\/wp-json\/wp\/v2\/posts\/78665\/revisions"}],"predecessor-version":[{"id":78667,"href":"https:\/\/buletin.de\/bucuresti\/wp-json\/wp\/v2\/posts\/78665\/revisions\/78667"}],"wp:featuredmedia":[{"embeddable":true,"href":"https:\/\/buletin.de\/bucuresti\/wp-json\/wp\/v2\/media\/78636"}],"wp:attachment":[{"href":"https:\/\/buletin.de\/bucuresti\/wp-json\/wp\/v2\/media?parent=78665"}],"wp:term":[{"taxonomy":"category","embeddable":true,"href":"https:\/\/buletin.de\/bucuresti\/wp-json\/wp\/v2\/categories?post=78665"},{"taxonomy":"post_tag","embeddable":true,"href":"https:\/\/buletin.de\/bucuresti\/wp-json\/wp\/v2\/tags?post=78665"},{"taxonomy":"author","embeddable":true,"href":"https:\/\/buletin.de\/bucuresti\/wp-json\/wp\/v2\/ppma_author?post=78665"}],"curies":[{"name":"wp","href":"https:\/\/api.w.org\/{rel}","templated":true}]}}