{"id":78562,"date":"2024-02-27T11:23:25","date_gmt":"2024-02-27T09:23:25","guid":{"rendered":"https:\/\/buletin.de\/bucuresti\/?p=78562"},"modified":"2024-03-04T13:24:59","modified_gmt":"2024-03-04T11:24:59","slug":"amenzile-pentru-zgomotul-pe-timpul-de-noapte-intra-iar-la-vot-proiectul-a-picat-in-cgmb-la-sfarsitul-lui-2023","status":"publish","type":"post","link":"https:\/\/buletin.de\/bucuresti\/amenzile-pentru-zgomotul-pe-timpul-de-noapte-intra-iar-la-vot-proiectul-a-picat-in-cgmb-la-sfarsitul-lui-2023\/","title":{"rendered":"Amenzile pentru zgomotul pe timpul de noapte intr\u0103 iar la vot. Proiectul a picat \u00een CGMB la sf\u00e2r\u015fitul lui 2023"},"content":{"rendered":"\n<p>UPDATE:<\/p>\n\n\n\n<p>Proiectul a picat la vot pentru a treia oar\u0103, \u00een \u015fedin\u0163a de pe 29 februarie. <\/p>\n\n\n\n<p>\u015eTIREA INI\u0162IAL\u0102:<\/p>\n\n\n\n<p><strong>Proprietarii ma\u015finilor \u015fi motocicletelor zgomotoase ale c\u0103ror motoare produc mai mult de 95 de decibeli ar putea fi amenda\u0163i cu sume care ajung p\u00e2n\u0103 la 5000 de lei, dac\u0103 un proiect care e pe ordinea de zi a Consiliului General al Municipiului Bucure\u015fti va trece de vot, \u00een \u015fedin\u0163a de joi, 29 februarie. <\/strong><\/p>\n\n\n\n<p>Proiectul, ini\u0163iat de un consilier USR, <a href=\"https:\/\/buletin.de\/bucuresti\/masinile-si-motocicletele-zgomotoase-restrictii-de-noapte-peste-700-000-de-bucuresteni-afectati-de-poluarea-fonica-nocturna\/\">a mai fost la vot<\/a> \u00een octombrie 2023, dar a picat pentru c\u0103 nu a avut sus\u0163inerea tuturor consilierilor liberali. Acesta prevede c\u0103 vehiculele care dep\u0103\u015fesc limita de 95 de decibeli pot circula doar \u00eentre 8 diminea\u0163a \u015fi 10 seara. \u015eoferii care nu se \u00eencadreaz\u0103 \u00een aceste limite pot fi amenda\u0163i dup\u0103 cum urmeaz\u0103:<\/p>\n\n\n\n<ul class=\"wp-block-list\">\n<li>\u00cen cazul dep\u0103\u0219irii nivelului de zgomot \u00een intervalul 95 dB(A) &#8211; 100 dB(A) &#8211; amenda contraven\u0163ional\u0103 va fi cuprins\u0103 \u00eentre 1.500 RON \u015fi 2.500 RON;<\/li>\n\n\n\n<li>\u00cen cazul dep\u0103\u0219irii nivelului de zgomot de 100 dB(A) amenda contraven\u021bional\u0103 va fi cuprins\u0103 \u00eentre 4. 000 RON \u015fi 5. 000 RO<\/li>\n<\/ul>\n\n\n\n<p>Constatarea \u015fi sanc\u0163ionarea contraven\u0163iilor se vor face de c\u0103tre Poli\u0163ia Rutier\u0103, iar Rutiera \u015fi Registrul Auto Rom\u00e2n vor desf\u0103\u015fura ac\u0163iuni comune de informare cu privire la obliga\u0163iile prev\u0103zute de prezenta hot\u0103r\u00e2re, p\u00e2n\u0103 la data intr\u0103rii \u00een vigoare, prevede proiectul.<\/p>\n\n\n\n<p>Propunerea vine \u00een condi\u0163iile \u00een care peste 700.000 de bucure\u0219teni sunt afecta\u021bi de poluarea fonic\u0103 nocturn\u0103. <em>Valoarea limit\u0103 a indicatorului de zgomot de 60 dB(A) este dep\u0103\u0219it\u0103 pe timp de noapte pe 59 de str\u0103zi din aglomerarea urban\u0103 Bucure\u0219ti<\/em>, se arat\u0103 \u00een referatul de aprobare.<\/p>\n\n\n\n<p>Principala cauz\u0103 a zgomotului \u00eel reprezint\u0103 ma\u0219inile vechi care sunt \u00een continuare omologate s\u0103 circule pe str\u0103zile bucure\u0219tene. 50% din parcul auto din Bucure\u0219ti este mai vechi de 12 ani, conform celor publicate de DRPCIV \u00een 2020.&nbsp;&nbsp;<\/p>\n\n\n\n<p>\u00cen acela\u0219i referat de aprobare se arat\u0103 c\u0103 Brigada Rutier\u0103 a \u00eenregistrat 41 de peti\u021bii \u00een care sunt sesizate aspecte referitoare la poluarea fonic\u0103 produs\u0103 de vehicule care circul\u0103 \u00een municipiul Bucure\u0219ti.&nbsp;<\/p>\n\n\n\n<p><\/p>\n\n\n\n<p><strong>CITE\u015eTE \u015eI:<\/strong><\/p>\n\n\n\n<figure class=\"wp-block-embed is-type-wp-embed is-provider-buletin-de-bucure-ti wp-block-embed-buletin-de-bucure-ti\"><div class=\"wp-block-embed__wrapper\">\n<blockquote class=\"wp-embedded-content\" data-secret=\"8frpYRUra5\"><a href=\"https:\/\/buletin.de\/bucuresti\/zgomotul-de-pe-aeroportul-otopeni-oficial-in-scadere-pe-hartie-langa-aeroportul-baneasa-doar-19-bucuresteni-sunt-afectati-de-decibelii-aeronavelor\/\">Zgomotul de pe Aeroportul Otopeni, oficial \u00een sc\u0103dere. Pe h\u00e2rtie, l\u00e2ng\u0103 Aeroportul B\u0103neasa doar 19 bucure\u0219teni sunt afecta\u021bi de decibelii aeronavelor \u00a0<\/a><\/blockquote><iframe class=\"wp-embedded-content\" sandbox=\"allow-scripts\" security=\"restricted\" style=\"position: absolute; clip: rect(1px, 1px, 1px, 1px);\" title=\"&#8220;Zgomotul de pe Aeroportul Otopeni, oficial \u00een sc\u0103dere. Pe h\u00e2rtie, l\u00e2ng\u0103 Aeroportul B\u0103neasa doar 19 bucure\u0219teni sunt afecta\u021bi de decibelii aeronavelor \u00a0&#8221; &#8212; Buletin de Bucure\u0219ti\" src=\"https:\/\/buletin.de\/bucuresti\/zgomotul-de-pe-aeroportul-otopeni-oficial-in-scadere-pe-hartie-langa-aeroportul-baneasa-doar-19-bucuresteni-sunt-afectati-de-decibelii-aeronavelor\/embed\/#?secret=yYM0163Niz#?secret=8frpYRUra5\" data-secret=\"8frpYRUra5\" width=\"600\" height=\"338\" frameborder=\"0\" marginwidth=\"0\" marginheight=\"0\" scrolling=\"no\"><\/iframe>\n<\/div><\/figure>\n\n\n\n<p>&nbsp;<\/p>\n","protected":false},"excerpt":{"rendered":"<p>UPDATE: Proiectul a picat la vot pentru a treia oar\u0103, \u00een \u015fedin\u0163a de pe 29 februarie. \u015eTIREA INI\u0162IAL\u0102: Proprietarii ma\u015finilor \u015fi motocicletelor zgomotoase ale c\u0103ror motoare produc mai mult de 95 de decibeli ar putea fi amenda\u0163i cu sume care ajung p\u00e2n\u0103 la 5000 de lei, dac\u0103 un proiect care e pe ordinea de zi [&hellip;]<\/p>\n","protected":false},"author":8,"featured_media":67691,"comment_status":"closed","ping_status":"open","sticky":false,"template":"","format":"standard","meta":{"_acf_changed":false,"inline_featured_image":false,"ngg_post_thumbnail":0,"footnotes":""},"categories":[6994,5762,109,24,650],"tags":[10116,10117,10115],"ppma_author":[22586],"class_list":["post-78562","post","type-post","status-publish","format-standard","has-post-thumbnail","hentry","category-stiri-2","category-main","category-mediu","category-primarie","category-transport","tag-decibeli-masini-amenzi-bucuresti","tag-proiect-hotarare-cgmb-zgomot-trafic-pe-timpul-noptii","tag-zgomot-nocturn"],"acf":[],"yoast_head":"<!-- This site is optimized with the Yoast SEO Premium plugin v25.3 (Yoast SEO v27.4) - https:\/\/yoast.com\/product\/yoast-seo-premium-wordpress\/ -->\n<title>Amenzile pentru zgomotul pe timpul de noapte intr\u0103 iar la vot. Proiectul a picat \u00een CGMB la sf\u00e2r\u015fitul lui 2023 - Buletin de Bucure\u0219ti<\/title>\n<meta name=\"robots\" content=\"index, follow, max-snippet:-1, max-image-preview:large, max-video-preview:-1\" \/>\n<link rel=\"canonical\" href=\"https:\/\/buletin.de\/bucuresti\/amenzile-pentru-zgomotul-pe-timpul-de-noapte-intra-iar-la-vot-proiectul-a-picat-in-cgmb-la-sfarsitul-lui-2023\/\" \/>\n<meta property=\"og:locale\" content=\"en_GB\" \/>\n<meta property=\"og:type\" content=\"article\" \/>\n<meta property=\"og:title\" content=\"Amenzile pentru zgomotul pe timpul de noapte intr\u0103 iar la vot. Proiectul a picat \u00een CGMB la sf\u00e2r\u015fitul lui 2023\" \/>\n<meta property=\"og:description\" content=\"UPDATE: Proiectul a picat la vot pentru a treia oar\u0103, \u00een \u015fedin\u0163a de pe 29 februarie. \u015eTIREA INI\u0162IAL\u0102: Proprietarii ma\u015finilor \u015fi motocicletelor zgomotoase ale c\u0103ror motoare produc mai mult de 95 de decibeli ar putea fi amenda\u0163i cu sume care ajung p\u00e2n\u0103 la 5000 de lei, dac\u0103 un proiect care e pe ordinea de zi [&hellip;]\" \/>\n<meta property=\"og:url\" content=\"https:\/\/buletin.de\/bucuresti\/amenzile-pentru-zgomotul-pe-timpul-de-noapte-intra-iar-la-vot-proiectul-a-picat-in-cgmb-la-sfarsitul-lui-2023\/\" \/>\n<meta property=\"og:site_name\" content=\"Buletin de Bucure\u0219ti\" \/>\n<meta property=\"article:publisher\" content=\"https:\/\/www.facebook.com\/buletin.de.buc\" \/>\n<meta property=\"article:published_time\" content=\"2024-02-27T09:23:25+00:00\" \/>\n<meta property=\"article:modified_time\" content=\"2024-03-04T11:24:59+00:00\" \/>\n<meta property=\"og:image\" content=\"https:\/\/buletin.de\/bucuresti\/wp-content\/uploads\/ID84819_INQUAM_Photos_Alberto_Grosescu.jpg\" \/>\n\t<meta property=\"og:image:width\" content=\"2000\" \/>\n\t<meta property=\"og:image:height\" content=\"1335\" \/>\n\t<meta property=\"og:image:type\" content=\"image\/jpeg\" \/>\n<meta name=\"author\" content=\"Ionu\u021b Lepa\" \/>\n<meta name=\"twitter:card\" content=\"summary_large_image\" \/>\n<meta name=\"twitter:label1\" content=\"Written by\" \/>\n\t<meta name=\"twitter:data1\" content=\"Ionu\u021b Lepa\" \/>\n\t<meta name=\"twitter:label2\" content=\"Estimated reading time\" \/>\n\t<meta name=\"twitter:data2\" content=\"2 minutes\" \/>\n<script type=\"application\/ld+json\" class=\"yoast-schema-graph\">{\"@context\":\"https:\\\/\\\/schema.org\",\"@graph\":[{\"@type\":\"Article\",\"@id\":\"https:\\\/\\\/buletin.de\\\/bucuresti\\\/amenzile-pentru-zgomotul-pe-timpul-de-noapte-intra-iar-la-vot-proiectul-a-picat-in-cgmb-la-sfarsitul-lui-2023\\\/#article\",\"isPartOf\":{\"@id\":\"https:\\\/\\\/buletin.de\\\/bucuresti\\\/amenzile-pentru-zgomotul-pe-timpul-de-noapte-intra-iar-la-vot-proiectul-a-picat-in-cgmb-la-sfarsitul-lui-2023\\\/\"},\"author\":{\"name\":\"Ionu\u021b Lepa\",\"@id\":\"https:\\\/\\\/buletin.de\\\/bucuresti\\\/#\\\/schema\\\/person\\\/5272b8a057b33890940b57b837fc4ce6\"},\"headline\":\"Amenzile pentru zgomotul pe timpul de noapte intr\u0103 iar la vot. Proiectul a picat \u00een CGMB la sf\u00e2r\u015fitul lui 2023\",\"datePublished\":\"2024-02-27T09:23:25+00:00\",\"dateModified\":\"2024-03-04T11:24:59+00:00\",\"mainEntityOfPage\":{\"@id\":\"https:\\\/\\\/buletin.de\\\/bucuresti\\\/amenzile-pentru-zgomotul-pe-timpul-de-noapte-intra-iar-la-vot-proiectul-a-picat-in-cgmb-la-sfarsitul-lui-2023\\\/\"},\"wordCount\":388,\"publisher\":{\"@id\":\"https:\\\/\\\/buletin.de\\\/bucuresti\\\/#organization\"},\"image\":{\"@id\":\"https:\\\/\\\/buletin.de\\\/bucuresti\\\/amenzile-pentru-zgomotul-pe-timpul-de-noapte-intra-iar-la-vot-proiectul-a-picat-in-cgmb-la-sfarsitul-lui-2023\\\/#primaryimage\"},\"thumbnailUrl\":\"https:\\\/\\\/buletin.de\\\/bucuresti\\\/wp-content\\\/uploads\\\/ID84819_INQUAM_Photos_Alberto_Grosescu.jpg\",\"keywords\":[\"decibeli masini amenzi bucuresti\",\"proiect hotarare cgmb zgomot trafic pe timpul noptii\",\"zgomot nocturn\"],\"articleSection\":[\"Articole\",\"Main\",\"Mediu\",\"Prim\u0103rie\",\"Transport\"],\"inLanguage\":\"en-GB\",\"copyrightYear\":\"2024\",\"copyrightHolder\":{\"@id\":\"https:\\\/\\\/buletin.de\\\/bucuresti\\\/#organization\"}},{\"@type\":\"WebPage\",\"@id\":\"https:\\\/\\\/buletin.de\\\/bucuresti\\\/amenzile-pentru-zgomotul-pe-timpul-de-noapte-intra-iar-la-vot-proiectul-a-picat-in-cgmb-la-sfarsitul-lui-2023\\\/\",\"url\":\"https:\\\/\\\/buletin.de\\\/bucuresti\\\/amenzile-pentru-zgomotul-pe-timpul-de-noapte-intra-iar-la-vot-proiectul-a-picat-in-cgmb-la-sfarsitul-lui-2023\\\/\",\"name\":\"Amenzile pentru zgomotul pe timpul de noapte intr\u0103 iar la vot. Proiectul a picat \u00een CGMB la sf\u00e2r\u015fitul lui 2023 - Buletin de Bucure\u0219ti\",\"isPartOf\":{\"@id\":\"https:\\\/\\\/buletin.de\\\/bucuresti\\\/#website\"},\"primaryImageOfPage\":{\"@id\":\"https:\\\/\\\/buletin.de\\\/bucuresti\\\/amenzile-pentru-zgomotul-pe-timpul-de-noapte-intra-iar-la-vot-proiectul-a-picat-in-cgmb-la-sfarsitul-lui-2023\\\/#primaryimage\"},\"image\":{\"@id\":\"https:\\\/\\\/buletin.de\\\/bucuresti\\\/amenzile-pentru-zgomotul-pe-timpul-de-noapte-intra-iar-la-vot-proiectul-a-picat-in-cgmb-la-sfarsitul-lui-2023\\\/#primaryimage\"},\"thumbnailUrl\":\"https:\\\/\\\/buletin.de\\\/bucuresti\\\/wp-content\\\/uploads\\\/ID84819_INQUAM_Photos_Alberto_Grosescu.jpg\",\"datePublished\":\"2024-02-27T09:23:25+00:00\",\"dateModified\":\"2024-03-04T11:24:59+00:00\",\"breadcrumb\":{\"@id\":\"https:\\\/\\\/buletin.de\\\/bucuresti\\\/amenzile-pentru-zgomotul-pe-timpul-de-noapte-intra-iar-la-vot-proiectul-a-picat-in-cgmb-la-sfarsitul-lui-2023\\\/#breadcrumb\"},\"inLanguage\":\"en-GB\",\"potentialAction\":[{\"@type\":\"ReadAction\",\"target\":[\"https:\\\/\\\/buletin.de\\\/bucuresti\\\/amenzile-pentru-zgomotul-pe-timpul-de-noapte-intra-iar-la-vot-proiectul-a-picat-in-cgmb-la-sfarsitul-lui-2023\\\/\"]}]},{\"@type\":\"ImageObject\",\"inLanguage\":\"en-GB\",\"@id\":\"https:\\\/\\\/buletin.de\\\/bucuresti\\\/amenzile-pentru-zgomotul-pe-timpul-de-noapte-intra-iar-la-vot-proiectul-a-picat-in-cgmb-la-sfarsitul-lui-2023\\\/#primaryimage\",\"url\":\"https:\\\/\\\/buletin.de\\\/bucuresti\\\/wp-content\\\/uploads\\\/ID84819_INQUAM_Photos_Alberto_Grosescu.jpg\",\"contentUrl\":\"https:\\\/\\\/buletin.de\\\/bucuresti\\\/wp-content\\\/uploads\\\/ID84819_INQUAM_Photos_Alberto_Grosescu.jpg\",\"width\":2000,\"height\":1335,\"caption\":\"Inquam Photos \\\/ Alberto Gro\u0219escu\"},{\"@type\":\"BreadcrumbList\",\"@id\":\"https:\\\/\\\/buletin.de\\\/bucuresti\\\/amenzile-pentru-zgomotul-pe-timpul-de-noapte-intra-iar-la-vot-proiectul-a-picat-in-cgmb-la-sfarsitul-lui-2023\\\/#breadcrumb\",\"itemListElement\":[{\"@type\":\"ListItem\",\"position\":1,\"name\":\"Acas\u0103\",\"item\":\"https:\\\/\\\/buletin.de\\\/bucuresti\\\/\"},{\"@type\":\"ListItem\",\"position\":2,\"name\":\"Amenzile pentru zgomotul pe timpul de noapte intr\u0103 iar la vot. Proiectul a picat \u00een CGMB la sf\u00e2r\u015fitul lui 2023\"}]},{\"@type\":\"WebSite\",\"@id\":\"https:\\\/\\\/buletin.de\\\/bucuresti\\\/#website\",\"url\":\"https:\\\/\\\/buletin.de\\\/bucuresti\\\/\",\"name\":\"Buletin de Bucure\u0219ti\",\"description\":\"\u0218tiri \u0219i investiga\u021bii esen\u021biale din capital\u0103\",\"publisher\":{\"@id\":\"https:\\\/\\\/buletin.de\\\/bucuresti\\\/#organization\"},\"potentialAction\":[{\"@type\":\"SearchAction\",\"target\":{\"@type\":\"EntryPoint\",\"urlTemplate\":\"https:\\\/\\\/buletin.de\\\/bucuresti\\\/?s={search_term_string}\"},\"query-input\":{\"@type\":\"PropertyValueSpecification\",\"valueRequired\":true,\"valueName\":\"search_term_string\"}}],\"inLanguage\":\"en-GB\"},{\"@type\":\"Organization\",\"@id\":\"https:\\\/\\\/buletin.de\\\/bucuresti\\\/#organization\",\"name\":\"Buletin de Bucure\u0219ti\",\"url\":\"https:\\\/\\\/buletin.de\\\/bucuresti\\\/\",\"logo\":{\"@type\":\"ImageObject\",\"inLanguage\":\"en-GB\",\"@id\":\"https:\\\/\\\/buletin.de\\\/bucuresti\\\/#\\\/schema\\\/logo\\\/image\\\/\",\"url\":\"https:\\\/\\\/buletin.de\\\/bucuresti\\\/wp-content\\\/uploads\\\/logo-bdb-full-wide-vernil-transparent.png\",\"contentUrl\":\"https:\\\/\\\/buletin.de\\\/bucuresti\\\/wp-content\\\/uploads\\\/logo-bdb-full-wide-vernil-transparent.png\",\"width\":1782,\"height\":626,\"caption\":\"Buletin de Bucure\u0219ti\"},\"image\":{\"@id\":\"https:\\\/\\\/buletin.de\\\/bucuresti\\\/#\\\/schema\\\/logo\\\/image\\\/\"},\"sameAs\":[\"https:\\\/\\\/www.facebook.com\\\/buletin.de.buc\",\"https:\\\/\\\/www.instagram.com\\\/buletinde.bucuresti\\\/\"]},{\"@type\":\"Person\",\"@id\":\"https:\\\/\\\/buletin.de\\\/bucuresti\\\/#\\\/schema\\\/person\\\/5272b8a057b33890940b57b837fc4ce6\",\"name\":\"Ionu\u021b Lepa\",\"image\":{\"@type\":\"ImageObject\",\"inLanguage\":\"en-GB\",\"@id\":\"https:\\\/\\\/buletin.de\\\/bucuresti\\\/wp-content\\\/uploads\\\/Ionut-Lepa-96x96.jpg5c4e4d9e049808799a8821652d2410a4\",\"url\":\"https:\\\/\\\/buletin.de\\\/bucuresti\\\/wp-content\\\/uploads\\\/Ionut-Lepa-96x96.jpg\",\"contentUrl\":\"https:\\\/\\\/buletin.de\\\/bucuresti\\\/wp-content\\\/uploads\\\/Ionut-Lepa-96x96.jpg\",\"caption\":\"Ionu\u021b Lepa\"},\"url\":\"https:\\\/\\\/buletin.de\\\/bucuresti\\\/author\\\/ionutlepa\\\/\"}]}<\/script>\n<!-- \/ Yoast SEO Premium plugin. -->","yoast_head_json":{"title":"Amenzile pentru zgomotul pe timpul de noapte intr\u0103 iar la vot. Proiectul a picat \u00een CGMB la sf\u00e2r\u015fitul lui 2023 - Buletin de Bucure\u0219ti","robots":{"index":"index","follow":"follow","max-snippet":"max-snippet:-1","max-image-preview":"max-image-preview:large","max-video-preview":"max-video-preview:-1"},"canonical":"https:\/\/buletin.de\/bucuresti\/amenzile-pentru-zgomotul-pe-timpul-de-noapte-intra-iar-la-vot-proiectul-a-picat-in-cgmb-la-sfarsitul-lui-2023\/","og_locale":"en_GB","og_type":"article","og_title":"Amenzile pentru zgomotul pe timpul de noapte intr\u0103 iar la vot. Proiectul a picat \u00een CGMB la sf\u00e2r\u015fitul lui 2023","og_description":"UPDATE: Proiectul a picat la vot pentru a treia oar\u0103, \u00een \u015fedin\u0163a de pe 29 februarie. \u015eTIREA INI\u0162IAL\u0102: Proprietarii ma\u015finilor \u015fi motocicletelor zgomotoase ale c\u0103ror motoare produc mai mult de 95 de decibeli ar putea fi amenda\u0163i cu sume care ajung p\u00e2n\u0103 la 5000 de lei, dac\u0103 un proiect care e pe ordinea de zi [&hellip;]","og_url":"https:\/\/buletin.de\/bucuresti\/amenzile-pentru-zgomotul-pe-timpul-de-noapte-intra-iar-la-vot-proiectul-a-picat-in-cgmb-la-sfarsitul-lui-2023\/","og_site_name":"Buletin de Bucure\u0219ti","article_publisher":"https:\/\/www.facebook.com\/buletin.de.buc","article_published_time":"2024-02-27T09:23:25+00:00","article_modified_time":"2024-03-04T11:24:59+00:00","og_image":[{"width":2000,"height":1335,"url":"https:\/\/buletin.de\/bucuresti\/wp-content\/uploads\/ID84819_INQUAM_Photos_Alberto_Grosescu.jpg","type":"image\/jpeg"}],"author":"Ionu\u021b Lepa","twitter_card":"summary_large_image","twitter_misc":{"Written by":"Ionu\u021b Lepa","Estimated reading time":"2 minutes"},"schema":{"@context":"https:\/\/schema.org","@graph":[{"@type":"Article","@id":"https:\/\/buletin.de\/bucuresti\/amenzile-pentru-zgomotul-pe-timpul-de-noapte-intra-iar-la-vot-proiectul-a-picat-in-cgmb-la-sfarsitul-lui-2023\/#article","isPartOf":{"@id":"https:\/\/buletin.de\/bucuresti\/amenzile-pentru-zgomotul-pe-timpul-de-noapte-intra-iar-la-vot-proiectul-a-picat-in-cgmb-la-sfarsitul-lui-2023\/"},"author":{"name":"Ionu\u021b Lepa","@id":"https:\/\/buletin.de\/bucuresti\/#\/schema\/person\/5272b8a057b33890940b57b837fc4ce6"},"headline":"Amenzile pentru zgomotul pe timpul de noapte intr\u0103 iar la vot. Proiectul a picat \u00een CGMB la sf\u00e2r\u015fitul lui 2023","datePublished":"2024-02-27T09:23:25+00:00","dateModified":"2024-03-04T11:24:59+00:00","mainEntityOfPage":{"@id":"https:\/\/buletin.de\/bucuresti\/amenzile-pentru-zgomotul-pe-timpul-de-noapte-intra-iar-la-vot-proiectul-a-picat-in-cgmb-la-sfarsitul-lui-2023\/"},"wordCount":388,"publisher":{"@id":"https:\/\/buletin.de\/bucuresti\/#organization"},"image":{"@id":"https:\/\/buletin.de\/bucuresti\/amenzile-pentru-zgomotul-pe-timpul-de-noapte-intra-iar-la-vot-proiectul-a-picat-in-cgmb-la-sfarsitul-lui-2023\/#primaryimage"},"thumbnailUrl":"https:\/\/buletin.de\/bucuresti\/wp-content\/uploads\/ID84819_INQUAM_Photos_Alberto_Grosescu.jpg","keywords":["decibeli masini amenzi bucuresti","proiect hotarare cgmb zgomot trafic pe timpul noptii","zgomot nocturn"],"articleSection":["Articole","Main","Mediu","Prim\u0103rie","Transport"],"inLanguage":"en-GB","copyrightYear":"2024","copyrightHolder":{"@id":"https:\/\/buletin.de\/bucuresti\/#organization"}},{"@type":"WebPage","@id":"https:\/\/buletin.de\/bucuresti\/amenzile-pentru-zgomotul-pe-timpul-de-noapte-intra-iar-la-vot-proiectul-a-picat-in-cgmb-la-sfarsitul-lui-2023\/","url":"https:\/\/buletin.de\/bucuresti\/amenzile-pentru-zgomotul-pe-timpul-de-noapte-intra-iar-la-vot-proiectul-a-picat-in-cgmb-la-sfarsitul-lui-2023\/","name":"Amenzile pentru zgomotul pe timpul de noapte intr\u0103 iar la vot. Proiectul a picat \u00een CGMB la sf\u00e2r\u015fitul lui 2023 - Buletin de Bucure\u0219ti","isPartOf":{"@id":"https:\/\/buletin.de\/bucuresti\/#website"},"primaryImageOfPage":{"@id":"https:\/\/buletin.de\/bucuresti\/amenzile-pentru-zgomotul-pe-timpul-de-noapte-intra-iar-la-vot-proiectul-a-picat-in-cgmb-la-sfarsitul-lui-2023\/#primaryimage"},"image":{"@id":"https:\/\/buletin.de\/bucuresti\/amenzile-pentru-zgomotul-pe-timpul-de-noapte-intra-iar-la-vot-proiectul-a-picat-in-cgmb-la-sfarsitul-lui-2023\/#primaryimage"},"thumbnailUrl":"https:\/\/buletin.de\/bucuresti\/wp-content\/uploads\/ID84819_INQUAM_Photos_Alberto_Grosescu.jpg","datePublished":"2024-02-27T09:23:25+00:00","dateModified":"2024-03-04T11:24:59+00:00","breadcrumb":{"@id":"https:\/\/buletin.de\/bucuresti\/amenzile-pentru-zgomotul-pe-timpul-de-noapte-intra-iar-la-vot-proiectul-a-picat-in-cgmb-la-sfarsitul-lui-2023\/#breadcrumb"},"inLanguage":"en-GB","potentialAction":[{"@type":"ReadAction","target":["https:\/\/buletin.de\/bucuresti\/amenzile-pentru-zgomotul-pe-timpul-de-noapte-intra-iar-la-vot-proiectul-a-picat-in-cgmb-la-sfarsitul-lui-2023\/"]}]},{"@type":"ImageObject","inLanguage":"en-GB","@id":"https:\/\/buletin.de\/bucuresti\/amenzile-pentru-zgomotul-pe-timpul-de-noapte-intra-iar-la-vot-proiectul-a-picat-in-cgmb-la-sfarsitul-lui-2023\/#primaryimage","url":"https:\/\/buletin.de\/bucuresti\/wp-content\/uploads\/ID84819_INQUAM_Photos_Alberto_Grosescu.jpg","contentUrl":"https:\/\/buletin.de\/bucuresti\/wp-content\/uploads\/ID84819_INQUAM_Photos_Alberto_Grosescu.jpg","width":2000,"height":1335,"caption":"Inquam Photos \/ Alberto Gro\u0219escu"},{"@type":"BreadcrumbList","@id":"https:\/\/buletin.de\/bucuresti\/amenzile-pentru-zgomotul-pe-timpul-de-noapte-intra-iar-la-vot-proiectul-a-picat-in-cgmb-la-sfarsitul-lui-2023\/#breadcrumb","itemListElement":[{"@type":"ListItem","position":1,"name":"Acas\u0103","item":"https:\/\/buletin.de\/bucuresti\/"},{"@type":"ListItem","position":2,"name":"Amenzile pentru zgomotul pe timpul de noapte intr\u0103 iar la vot. Proiectul a picat \u00een CGMB la sf\u00e2r\u015fitul lui 2023"}]},{"@type":"WebSite","@id":"https:\/\/buletin.de\/bucuresti\/#website","url":"https:\/\/buletin.de\/bucuresti\/","name":"Buletin de Bucure\u0219ti","description":"\u0218tiri \u0219i investiga\u021bii esen\u021biale din capital\u0103","publisher":{"@id":"https:\/\/buletin.de\/bucuresti\/#organization"},"potentialAction":[{"@type":"SearchAction","target":{"@type":"EntryPoint","urlTemplate":"https:\/\/buletin.de\/bucuresti\/?s={search_term_string}"},"query-input":{"@type":"PropertyValueSpecification","valueRequired":true,"valueName":"search_term_string"}}],"inLanguage":"en-GB"},{"@type":"Organization","@id":"https:\/\/buletin.de\/bucuresti\/#organization","name":"Buletin de Bucure\u0219ti","url":"https:\/\/buletin.de\/bucuresti\/","logo":{"@type":"ImageObject","inLanguage":"en-GB","@id":"https:\/\/buletin.de\/bucuresti\/#\/schema\/logo\/image\/","url":"https:\/\/buletin.de\/bucuresti\/wp-content\/uploads\/logo-bdb-full-wide-vernil-transparent.png","contentUrl":"https:\/\/buletin.de\/bucuresti\/wp-content\/uploads\/logo-bdb-full-wide-vernil-transparent.png","width":1782,"height":626,"caption":"Buletin de Bucure\u0219ti"},"image":{"@id":"https:\/\/buletin.de\/bucuresti\/#\/schema\/logo\/image\/"},"sameAs":["https:\/\/www.facebook.com\/buletin.de.buc","https:\/\/www.instagram.com\/buletinde.bucuresti\/"]},{"@type":"Person","@id":"https:\/\/buletin.de\/bucuresti\/#\/schema\/person\/5272b8a057b33890940b57b837fc4ce6","name":"Ionu\u021b Lepa","image":{"@type":"ImageObject","inLanguage":"en-GB","@id":"https:\/\/buletin.de\/bucuresti\/wp-content\/uploads\/Ionut-Lepa-96x96.jpg5c4e4d9e049808799a8821652d2410a4","url":"https:\/\/buletin.de\/bucuresti\/wp-content\/uploads\/Ionut-Lepa-96x96.jpg","contentUrl":"https:\/\/buletin.de\/bucuresti\/wp-content\/uploads\/Ionut-Lepa-96x96.jpg","caption":"Ionu\u021b Lepa"},"url":"https:\/\/buletin.de\/bucuresti\/author\/ionutlepa\/"}]}},"authors":[{"term_id":22586,"user_id":8,"is_guest":0,"slug":"ionutlepa","display_name":"Ionu\u021b Lepa","avatar_url":"https:\/\/buletin.de\/bucuresti\/wp-content\/uploads\/Ionut-Lepa-96x96.jpg","0":null,"1":"","2":"","3":"","4":"","5":"","6":"","7":"","8":""}],"_links":{"self":[{"href":"https:\/\/buletin.de\/bucuresti\/wp-json\/wp\/v2\/posts\/78562","targetHints":{"allow":["GET"]}}],"collection":[{"href":"https:\/\/buletin.de\/bucuresti\/wp-json\/wp\/v2\/posts"}],"about":[{"href":"https:\/\/buletin.de\/bucuresti\/wp-json\/wp\/v2\/types\/post"}],"author":[{"embeddable":true,"href":"https:\/\/buletin.de\/bucuresti\/wp-json\/wp\/v2\/users\/8"}],"replies":[{"embeddable":true,"href":"https:\/\/buletin.de\/bucuresti\/wp-json\/wp\/v2\/comments?post=78562"}],"version-history":[{"count":2,"href":"https:\/\/buletin.de\/bucuresti\/wp-json\/wp\/v2\/posts\/78562\/revisions"}],"predecessor-version":[{"id":79160,"href":"https:\/\/buletin.de\/bucuresti\/wp-json\/wp\/v2\/posts\/78562\/revisions\/79160"}],"wp:featuredmedia":[{"embeddable":true,"href":"https:\/\/buletin.de\/bucuresti\/wp-json\/wp\/v2\/media\/67691"}],"wp:attachment":[{"href":"https:\/\/buletin.de\/bucuresti\/wp-json\/wp\/v2\/media?parent=78562"}],"wp:term":[{"taxonomy":"category","embeddable":true,"href":"https:\/\/buletin.de\/bucuresti\/wp-json\/wp\/v2\/categories?post=78562"},{"taxonomy":"post_tag","embeddable":true,"href":"https:\/\/buletin.de\/bucuresti\/wp-json\/wp\/v2\/tags?post=78562"},{"taxonomy":"author","embeddable":true,"href":"https:\/\/buletin.de\/bucuresti\/wp-json\/wp\/v2\/ppma_author?post=78562"}],"curies":[{"name":"wp","href":"https:\/\/api.w.org\/{rel}","templated":true}]}}