{"id":78535,"date":"2024-02-27T08:00:00","date_gmt":"2024-02-27T06:00:00","guid":{"rendered":"https:\/\/buletin.de\/bucuresti\/?p=78535"},"modified":"2024-02-26T22:57:24","modified_gmt":"2024-02-26T20:57:24","slug":"sector-2-grup-de-lucru-local-pentru-incluziunea-romilor-institutiile-si-au-desemnat-reprezentantii","status":"publish","type":"post","link":"https:\/\/buletin.de\/bucuresti\/sector-2-grup-de-lucru-local-pentru-incluziunea-romilor-institutiile-si-au-desemnat-reprezentantii\/","title":{"rendered":"Sector 2 | \u201eGrup de Lucru Local\u201d pentru incluziunea romilor. Institu\u0163iile \u015fi-au desemnat reprezentan\u0163ii"},"content":{"rendered":"\n<p><strong>O hot\u0103r\u00e2re de Guvern care prevede un plan pentru integrarea mai bun\u0103 \u00een societate a minorit\u0103\u0163ii rome \u00een anii 2022-2027 va fi pus\u0103 \u00een aplicare \u00een sectorul 2 printr-o hot\u0103r\u00e2re de Consiliu Local, care prevede formarea unui a\u015fa-zis \u201eGrup de Lucru Local\u201d (GLL), cu reprezentan\u0163i ai mai multor institu\u0163ii. Hot\u0103r\u00e2rea intr\u0103 la vot \u00een data de 28 februarie.<\/strong><\/p>\n\n\n\n<p>Incluziunea cet\u0103\u0163enilor rom\u00e2ni apar\u0163in\u00e2nd minorit\u0103\u0163ii rome pentru perioada 2022-2027 are focusul pe reducerea vulnerabilit\u0103\u0163ii acestei categorii de popula\u0163ie, spun autorit\u0103\u0163ile. Drept urmare, \u00een sectorul 2 ar urma ca reprezentan\u0163i ai Direc\u0163iei de Asisten\u0163\u0103 Social\u0103 \u015fi Protec\u0163ia Copilului, Poli\u0163iei Locale \u015fi ai altor institu\u0163ii s\u0103 formeze acest grup de ac\u0163iune, pentru a \u00eencerca s\u0103 rezolve problemele comunit\u0103\u0163ii. Totodat\u0103, \u00een urma anun\u0163ului public de constituire a acestui GLL, \u015fi-au exprimat interesul de a contribui organiza\u0163ii neguvernamentale de profil ce activeaz\u0103 pe raza sectorului 2: Asocia\u0163ia Grupul de Ac\u0163iune Local\u0103 sector 2 \u015fi Asocia\u0163ia Florarilor \u015fi a Meseriilor Tradi\u0163ionale. <\/p>\n\n\n\n<p>Hot\u0103r\u00e2rea de Consiliu Local prevede constituirea acestui grup, dar nu prevede, deocamdat\u0103, \u015fi m\u0103surile pe care ar urma s\u0103 le aplice pentru a \u00ee\u015fi atinge scopul declarat. <\/p>\n\n\n\n<p><\/p>\n\n\n\n<p><strong>CITE\u015eTE \u015eI:<\/strong><\/p>\n\n\n\n<figure class=\"wp-block-embed is-type-wp-embed is-provider-buletin-de-bucure-ti wp-block-embed-buletin-de-bucure-ti\"><div class=\"wp-block-embed__wrapper\">\n<blockquote class=\"wp-embedded-content\" data-secret=\"RGeaJFXxOI\"><a href=\"https:\/\/buletin.de\/bucuresti\/strategie-de-200-de-pagini-anti-saracie-pentru-zona-brancoveanu-berceni-pe-foaie-totul-e-colorat-lumea-cartierului-este-insa-gri\/\">Strategie de 200 de pagini anti-s\u0103r\u0103cie pentru zona Br\u00e2ncoveanu-Berceni. Pe foaie, totul e colorat. Lumea cartierului este, \u00eens\u0103, gri<\/a><\/blockquote><iframe class=\"wp-embedded-content\" sandbox=\"allow-scripts\" security=\"restricted\" style=\"position: absolute; clip: rect(1px, 1px, 1px, 1px);\" title=\"&#8220;Strategie de 200 de pagini anti-s\u0103r\u0103cie pentru zona Br\u00e2ncoveanu-Berceni. Pe foaie, totul e colorat. Lumea cartierului este, \u00eens\u0103, gri&#8221; &#8212; Buletin de Bucure\u0219ti\" src=\"https:\/\/buletin.de\/bucuresti\/strategie-de-200-de-pagini-anti-saracie-pentru-zona-brancoveanu-berceni-pe-foaie-totul-e-colorat-lumea-cartierului-este-insa-gri\/embed\/#?secret=hRy74pgMsG#?secret=RGeaJFXxOI\" data-secret=\"RGeaJFXxOI\" width=\"600\" height=\"338\" frameborder=\"0\" marginwidth=\"0\" marginheight=\"0\" scrolling=\"no\"><\/iframe>\n<\/div><\/figure>\n\n\n\n<p><\/p>\n\n\n\n<p><\/p>\n\n\n\n<p><\/p>\n","protected":false},"excerpt":{"rendered":"<p>O hot\u0103r\u00e2re de Guvern care prevede un plan pentru integrarea mai bun\u0103 \u00een societate a minorit\u0103\u0163ii rome \u00een anii 2022-2027 va fi pus\u0103 \u00een aplicare \u00een sectorul 2 printr-o hot\u0103r\u00e2re de Consiliu Local, care prevede formarea unui a\u015fa-zis \u201eGrup de Lucru Local\u201d (GLL), cu reprezentan\u0163i ai mai multor institu\u0163ii. Hot\u0103r\u00e2rea intr\u0103 la vot \u00een data [&hellip;]<\/p>\n","protected":false},"author":8,"featured_media":78536,"comment_status":"closed","ping_status":"open","sticky":false,"template":"","format":"standard","meta":{"_acf_changed":false,"inline_featured_image":false,"ngg_post_thumbnail":0,"footnotes":""},"categories":[6994,24,62],"tags":[10106,10107],"ppma_author":[22586],"class_list":["post-78535","post","type-post","status-publish","format-standard","has-post-thumbnail","hentry","category-stiri-2","category-primarie","category-stiri","tag-grup-de-lucru-local-incluziune-minoritatea-roma","tag-primaria-sectorului-2-institutii-subordonate-gll-romi"],"acf":[],"yoast_head":"<!-- This site is optimized with the Yoast SEO Premium plugin v25.3 (Yoast SEO v27.4) - https:\/\/yoast.com\/product\/yoast-seo-premium-wordpress\/ -->\n<title>Sector 2 | \u201eGrup de Lucru Local\u201d pentru incluziunea romilor. Institu\u0163iile \u015fi-au desemnat reprezentan\u0163ii - Buletin de Bucure\u0219ti<\/title>\n<meta name=\"robots\" content=\"index, follow, max-snippet:-1, max-image-preview:large, max-video-preview:-1\" \/>\n<link rel=\"canonical\" href=\"https:\/\/buletin.de\/bucuresti\/sector-2-grup-de-lucru-local-pentru-incluziunea-romilor-institutiile-si-au-desemnat-reprezentantii\/\" \/>\n<meta property=\"og:locale\" content=\"en_GB\" \/>\n<meta property=\"og:type\" content=\"article\" \/>\n<meta property=\"og:title\" content=\"Sector 2 | \u201eGrup de Lucru Local\u201d pentru incluziunea romilor. Institu\u0163iile \u015fi-au desemnat reprezentan\u0163ii\" \/>\n<meta property=\"og:description\" content=\"O hot\u0103r\u00e2re de Guvern care prevede un plan pentru integrarea mai bun\u0103 \u00een societate a minorit\u0103\u0163ii rome \u00een anii 2022-2027 va fi pus\u0103 \u00een aplicare \u00een sectorul 2 printr-o hot\u0103r\u00e2re de Consiliu Local, care prevede formarea unui a\u015fa-zis \u201eGrup de Lucru Local\u201d (GLL), cu reprezentan\u0163i ai mai multor institu\u0163ii. Hot\u0103r\u00e2rea intr\u0103 la vot \u00een data [&hellip;]\" \/>\n<meta property=\"og:url\" content=\"https:\/\/buletin.de\/bucuresti\/sector-2-grup-de-lucru-local-pentru-incluziunea-romilor-institutiile-si-au-desemnat-reprezentantii\/\" \/>\n<meta property=\"og:site_name\" content=\"Buletin de Bucure\u0219ti\" \/>\n<meta property=\"article:publisher\" content=\"https:\/\/www.facebook.com\/buletin.de.buc\" \/>\n<meta property=\"article:published_time\" content=\"2024-02-27T06:00:00+00:00\" \/>\n<meta property=\"og:image\" content=\"https:\/\/buletin.de\/bucuresti\/wp-content\/uploads\/vgacdiuid7i.jpg\" \/>\n\t<meta property=\"og:image:width\" content=\"1600\" \/>\n\t<meta property=\"og:image:height\" content=\"1060\" \/>\n\t<meta property=\"og:image:type\" content=\"image\/jpeg\" \/>\n<meta name=\"author\" content=\"Ionu\u021b Lepa\" \/>\n<meta name=\"twitter:card\" content=\"summary_large_image\" \/>\n<meta name=\"twitter:label1\" content=\"Written by\" \/>\n\t<meta name=\"twitter:data1\" content=\"Ionu\u021b Lepa\" \/>\n\t<meta name=\"twitter:label2\" content=\"Estimated reading time\" \/>\n\t<meta name=\"twitter:data2\" content=\"1 minute\" \/>\n<script type=\"application\/ld+json\" class=\"yoast-schema-graph\">{\"@context\":\"https:\\\/\\\/schema.org\",\"@graph\":[{\"@type\":\"Article\",\"@id\":\"https:\\\/\\\/buletin.de\\\/bucuresti\\\/sector-2-grup-de-lucru-local-pentru-incluziunea-romilor-institutiile-si-au-desemnat-reprezentantii\\\/#article\",\"isPartOf\":{\"@id\":\"https:\\\/\\\/buletin.de\\\/bucuresti\\\/sector-2-grup-de-lucru-local-pentru-incluziunea-romilor-institutiile-si-au-desemnat-reprezentantii\\\/\"},\"author\":{\"name\":\"Ionu\u021b Lepa\",\"@id\":\"https:\\\/\\\/buletin.de\\\/bucuresti\\\/#\\\/schema\\\/person\\\/5272b8a057b33890940b57b837fc4ce6\"},\"headline\":\"Sector 2 | \u201eGrup de Lucru Local\u201d pentru incluziunea romilor. Institu\u0163iile \u015fi-au desemnat reprezentan\u0163ii\",\"datePublished\":\"2024-02-27T06:00:00+00:00\",\"mainEntityOfPage\":{\"@id\":\"https:\\\/\\\/buletin.de\\\/bucuresti\\\/sector-2-grup-de-lucru-local-pentru-incluziunea-romilor-institutiile-si-au-desemnat-reprezentantii\\\/\"},\"wordCount\":233,\"publisher\":{\"@id\":\"https:\\\/\\\/buletin.de\\\/bucuresti\\\/#organization\"},\"image\":{\"@id\":\"https:\\\/\\\/buletin.de\\\/bucuresti\\\/sector-2-grup-de-lucru-local-pentru-incluziunea-romilor-institutiile-si-au-desemnat-reprezentantii\\\/#primaryimage\"},\"thumbnailUrl\":\"https:\\\/\\\/buletin.de\\\/bucuresti\\\/wp-content\\\/uploads\\\/vgacdiuid7i.jpg\",\"keywords\":[\"grup de lucru local incluziune minoritatea roma\",\"primaria sectorului 2 institutii subordonate gll romi\"],\"articleSection\":[\"Articole\",\"Prim\u0103rie\",\"\u0218tiri\"],\"inLanguage\":\"en-GB\",\"copyrightYear\":\"2024\",\"copyrightHolder\":{\"@id\":\"https:\\\/\\\/buletin.de\\\/bucuresti\\\/#organization\"}},{\"@type\":\"WebPage\",\"@id\":\"https:\\\/\\\/buletin.de\\\/bucuresti\\\/sector-2-grup-de-lucru-local-pentru-incluziunea-romilor-institutiile-si-au-desemnat-reprezentantii\\\/\",\"url\":\"https:\\\/\\\/buletin.de\\\/bucuresti\\\/sector-2-grup-de-lucru-local-pentru-incluziunea-romilor-institutiile-si-au-desemnat-reprezentantii\\\/\",\"name\":\"Sector 2 | \u201eGrup de Lucru Local\u201d pentru incluziunea romilor. Institu\u0163iile \u015fi-au desemnat reprezentan\u0163ii - Buletin de Bucure\u0219ti\",\"isPartOf\":{\"@id\":\"https:\\\/\\\/buletin.de\\\/bucuresti\\\/#website\"},\"primaryImageOfPage\":{\"@id\":\"https:\\\/\\\/buletin.de\\\/bucuresti\\\/sector-2-grup-de-lucru-local-pentru-incluziunea-romilor-institutiile-si-au-desemnat-reprezentantii\\\/#primaryimage\"},\"image\":{\"@id\":\"https:\\\/\\\/buletin.de\\\/bucuresti\\\/sector-2-grup-de-lucru-local-pentru-incluziunea-romilor-institutiile-si-au-desemnat-reprezentantii\\\/#primaryimage\"},\"thumbnailUrl\":\"https:\\\/\\\/buletin.de\\\/bucuresti\\\/wp-content\\\/uploads\\\/vgacdiuid7i.jpg\",\"datePublished\":\"2024-02-27T06:00:00+00:00\",\"breadcrumb\":{\"@id\":\"https:\\\/\\\/buletin.de\\\/bucuresti\\\/sector-2-grup-de-lucru-local-pentru-incluziunea-romilor-institutiile-si-au-desemnat-reprezentantii\\\/#breadcrumb\"},\"inLanguage\":\"en-GB\",\"potentialAction\":[{\"@type\":\"ReadAction\",\"target\":[\"https:\\\/\\\/buletin.de\\\/bucuresti\\\/sector-2-grup-de-lucru-local-pentru-incluziunea-romilor-institutiile-si-au-desemnat-reprezentantii\\\/\"]}]},{\"@type\":\"ImageObject\",\"inLanguage\":\"en-GB\",\"@id\":\"https:\\\/\\\/buletin.de\\\/bucuresti\\\/sector-2-grup-de-lucru-local-pentru-incluziunea-romilor-institutiile-si-au-desemnat-reprezentantii\\\/#primaryimage\",\"url\":\"https:\\\/\\\/buletin.de\\\/bucuresti\\\/wp-content\\\/uploads\\\/vgacdiuid7i.jpg\",\"contentUrl\":\"https:\\\/\\\/buletin.de\\\/bucuresti\\\/wp-content\\\/uploads\\\/vgacdiuid7i.jpg\",\"width\":1600,\"height\":1060,\"caption\":\"FOTO: Caroline Hernand, unsplash.com\"},{\"@type\":\"BreadcrumbList\",\"@id\":\"https:\\\/\\\/buletin.de\\\/bucuresti\\\/sector-2-grup-de-lucru-local-pentru-incluziunea-romilor-institutiile-si-au-desemnat-reprezentantii\\\/#breadcrumb\",\"itemListElement\":[{\"@type\":\"ListItem\",\"position\":1,\"name\":\"Acas\u0103\",\"item\":\"https:\\\/\\\/buletin.de\\\/bucuresti\\\/\"},{\"@type\":\"ListItem\",\"position\":2,\"name\":\"Sector 2 | \u201eGrup de Lucru Local\u201d pentru incluziunea romilor. Institu\u0163iile \u015fi-au desemnat reprezentan\u0163ii\"}]},{\"@type\":\"WebSite\",\"@id\":\"https:\\\/\\\/buletin.de\\\/bucuresti\\\/#website\",\"url\":\"https:\\\/\\\/buletin.de\\\/bucuresti\\\/\",\"name\":\"Buletin de Bucure\u0219ti\",\"description\":\"\u0218tiri \u0219i investiga\u021bii esen\u021biale din capital\u0103\",\"publisher\":{\"@id\":\"https:\\\/\\\/buletin.de\\\/bucuresti\\\/#organization\"},\"potentialAction\":[{\"@type\":\"SearchAction\",\"target\":{\"@type\":\"EntryPoint\",\"urlTemplate\":\"https:\\\/\\\/buletin.de\\\/bucuresti\\\/?s={search_term_string}\"},\"query-input\":{\"@type\":\"PropertyValueSpecification\",\"valueRequired\":true,\"valueName\":\"search_term_string\"}}],\"inLanguage\":\"en-GB\"},{\"@type\":\"Organization\",\"@id\":\"https:\\\/\\\/buletin.de\\\/bucuresti\\\/#organization\",\"name\":\"Buletin de Bucure\u0219ti\",\"url\":\"https:\\\/\\\/buletin.de\\\/bucuresti\\\/\",\"logo\":{\"@type\":\"ImageObject\",\"inLanguage\":\"en-GB\",\"@id\":\"https:\\\/\\\/buletin.de\\\/bucuresti\\\/#\\\/schema\\\/logo\\\/image\\\/\",\"url\":\"https:\\\/\\\/buletin.de\\\/bucuresti\\\/wp-content\\\/uploads\\\/logo-bdb-full-wide-vernil-transparent.png\",\"contentUrl\":\"https:\\\/\\\/buletin.de\\\/bucuresti\\\/wp-content\\\/uploads\\\/logo-bdb-full-wide-vernil-transparent.png\",\"width\":1782,\"height\":626,\"caption\":\"Buletin de Bucure\u0219ti\"},\"image\":{\"@id\":\"https:\\\/\\\/buletin.de\\\/bucuresti\\\/#\\\/schema\\\/logo\\\/image\\\/\"},\"sameAs\":[\"https:\\\/\\\/www.facebook.com\\\/buletin.de.buc\",\"https:\\\/\\\/www.instagram.com\\\/buletinde.bucuresti\\\/\"]},{\"@type\":\"Person\",\"@id\":\"https:\\\/\\\/buletin.de\\\/bucuresti\\\/#\\\/schema\\\/person\\\/5272b8a057b33890940b57b837fc4ce6\",\"name\":\"Ionu\u021b Lepa\",\"image\":{\"@type\":\"ImageObject\",\"inLanguage\":\"en-GB\",\"@id\":\"https:\\\/\\\/buletin.de\\\/bucuresti\\\/wp-content\\\/uploads\\\/Ionut-Lepa-96x96.jpg5c4e4d9e049808799a8821652d2410a4\",\"url\":\"https:\\\/\\\/buletin.de\\\/bucuresti\\\/wp-content\\\/uploads\\\/Ionut-Lepa-96x96.jpg\",\"contentUrl\":\"https:\\\/\\\/buletin.de\\\/bucuresti\\\/wp-content\\\/uploads\\\/Ionut-Lepa-96x96.jpg\",\"caption\":\"Ionu\u021b Lepa\"},\"url\":\"https:\\\/\\\/buletin.de\\\/bucuresti\\\/author\\\/ionutlepa\\\/\"}]}<\/script>\n<!-- \/ Yoast SEO Premium plugin. -->","yoast_head_json":{"title":"Sector 2 | \u201eGrup de Lucru Local\u201d pentru incluziunea romilor. Institu\u0163iile \u015fi-au desemnat reprezentan\u0163ii - Buletin de Bucure\u0219ti","robots":{"index":"index","follow":"follow","max-snippet":"max-snippet:-1","max-image-preview":"max-image-preview:large","max-video-preview":"max-video-preview:-1"},"canonical":"https:\/\/buletin.de\/bucuresti\/sector-2-grup-de-lucru-local-pentru-incluziunea-romilor-institutiile-si-au-desemnat-reprezentantii\/","og_locale":"en_GB","og_type":"article","og_title":"Sector 2 | \u201eGrup de Lucru Local\u201d pentru incluziunea romilor. Institu\u0163iile \u015fi-au desemnat reprezentan\u0163ii","og_description":"O hot\u0103r\u00e2re de Guvern care prevede un plan pentru integrarea mai bun\u0103 \u00een societate a minorit\u0103\u0163ii rome \u00een anii 2022-2027 va fi pus\u0103 \u00een aplicare \u00een sectorul 2 printr-o hot\u0103r\u00e2re de Consiliu Local, care prevede formarea unui a\u015fa-zis \u201eGrup de Lucru Local\u201d (GLL), cu reprezentan\u0163i ai mai multor institu\u0163ii. Hot\u0103r\u00e2rea intr\u0103 la vot \u00een data [&hellip;]","og_url":"https:\/\/buletin.de\/bucuresti\/sector-2-grup-de-lucru-local-pentru-incluziunea-romilor-institutiile-si-au-desemnat-reprezentantii\/","og_site_name":"Buletin de Bucure\u0219ti","article_publisher":"https:\/\/www.facebook.com\/buletin.de.buc","article_published_time":"2024-02-27T06:00:00+00:00","og_image":[{"width":1600,"height":1060,"url":"https:\/\/buletin.de\/bucuresti\/wp-content\/uploads\/vgacdiuid7i.jpg","type":"image\/jpeg"}],"author":"Ionu\u021b Lepa","twitter_card":"summary_large_image","twitter_misc":{"Written by":"Ionu\u021b Lepa","Estimated reading time":"1 minute"},"schema":{"@context":"https:\/\/schema.org","@graph":[{"@type":"Article","@id":"https:\/\/buletin.de\/bucuresti\/sector-2-grup-de-lucru-local-pentru-incluziunea-romilor-institutiile-si-au-desemnat-reprezentantii\/#article","isPartOf":{"@id":"https:\/\/buletin.de\/bucuresti\/sector-2-grup-de-lucru-local-pentru-incluziunea-romilor-institutiile-si-au-desemnat-reprezentantii\/"},"author":{"name":"Ionu\u021b Lepa","@id":"https:\/\/buletin.de\/bucuresti\/#\/schema\/person\/5272b8a057b33890940b57b837fc4ce6"},"headline":"Sector 2 | \u201eGrup de Lucru Local\u201d pentru incluziunea romilor. Institu\u0163iile \u015fi-au desemnat reprezentan\u0163ii","datePublished":"2024-02-27T06:00:00+00:00","mainEntityOfPage":{"@id":"https:\/\/buletin.de\/bucuresti\/sector-2-grup-de-lucru-local-pentru-incluziunea-romilor-institutiile-si-au-desemnat-reprezentantii\/"},"wordCount":233,"publisher":{"@id":"https:\/\/buletin.de\/bucuresti\/#organization"},"image":{"@id":"https:\/\/buletin.de\/bucuresti\/sector-2-grup-de-lucru-local-pentru-incluziunea-romilor-institutiile-si-au-desemnat-reprezentantii\/#primaryimage"},"thumbnailUrl":"https:\/\/buletin.de\/bucuresti\/wp-content\/uploads\/vgacdiuid7i.jpg","keywords":["grup de lucru local incluziune minoritatea roma","primaria sectorului 2 institutii subordonate gll romi"],"articleSection":["Articole","Prim\u0103rie","\u0218tiri"],"inLanguage":"en-GB","copyrightYear":"2024","copyrightHolder":{"@id":"https:\/\/buletin.de\/bucuresti\/#organization"}},{"@type":"WebPage","@id":"https:\/\/buletin.de\/bucuresti\/sector-2-grup-de-lucru-local-pentru-incluziunea-romilor-institutiile-si-au-desemnat-reprezentantii\/","url":"https:\/\/buletin.de\/bucuresti\/sector-2-grup-de-lucru-local-pentru-incluziunea-romilor-institutiile-si-au-desemnat-reprezentantii\/","name":"Sector 2 | \u201eGrup de Lucru Local\u201d pentru incluziunea romilor. Institu\u0163iile \u015fi-au desemnat reprezentan\u0163ii - Buletin de Bucure\u0219ti","isPartOf":{"@id":"https:\/\/buletin.de\/bucuresti\/#website"},"primaryImageOfPage":{"@id":"https:\/\/buletin.de\/bucuresti\/sector-2-grup-de-lucru-local-pentru-incluziunea-romilor-institutiile-si-au-desemnat-reprezentantii\/#primaryimage"},"image":{"@id":"https:\/\/buletin.de\/bucuresti\/sector-2-grup-de-lucru-local-pentru-incluziunea-romilor-institutiile-si-au-desemnat-reprezentantii\/#primaryimage"},"thumbnailUrl":"https:\/\/buletin.de\/bucuresti\/wp-content\/uploads\/vgacdiuid7i.jpg","datePublished":"2024-02-27T06:00:00+00:00","breadcrumb":{"@id":"https:\/\/buletin.de\/bucuresti\/sector-2-grup-de-lucru-local-pentru-incluziunea-romilor-institutiile-si-au-desemnat-reprezentantii\/#breadcrumb"},"inLanguage":"en-GB","potentialAction":[{"@type":"ReadAction","target":["https:\/\/buletin.de\/bucuresti\/sector-2-grup-de-lucru-local-pentru-incluziunea-romilor-institutiile-si-au-desemnat-reprezentantii\/"]}]},{"@type":"ImageObject","inLanguage":"en-GB","@id":"https:\/\/buletin.de\/bucuresti\/sector-2-grup-de-lucru-local-pentru-incluziunea-romilor-institutiile-si-au-desemnat-reprezentantii\/#primaryimage","url":"https:\/\/buletin.de\/bucuresti\/wp-content\/uploads\/vgacdiuid7i.jpg","contentUrl":"https:\/\/buletin.de\/bucuresti\/wp-content\/uploads\/vgacdiuid7i.jpg","width":1600,"height":1060,"caption":"FOTO: Caroline Hernand, unsplash.com"},{"@type":"BreadcrumbList","@id":"https:\/\/buletin.de\/bucuresti\/sector-2-grup-de-lucru-local-pentru-incluziunea-romilor-institutiile-si-au-desemnat-reprezentantii\/#breadcrumb","itemListElement":[{"@type":"ListItem","position":1,"name":"Acas\u0103","item":"https:\/\/buletin.de\/bucuresti\/"},{"@type":"ListItem","position":2,"name":"Sector 2 | \u201eGrup de Lucru Local\u201d pentru incluziunea romilor. Institu\u0163iile \u015fi-au desemnat reprezentan\u0163ii"}]},{"@type":"WebSite","@id":"https:\/\/buletin.de\/bucuresti\/#website","url":"https:\/\/buletin.de\/bucuresti\/","name":"Buletin de Bucure\u0219ti","description":"\u0218tiri \u0219i investiga\u021bii esen\u021biale din capital\u0103","publisher":{"@id":"https:\/\/buletin.de\/bucuresti\/#organization"},"potentialAction":[{"@type":"SearchAction","target":{"@type":"EntryPoint","urlTemplate":"https:\/\/buletin.de\/bucuresti\/?s={search_term_string}"},"query-input":{"@type":"PropertyValueSpecification","valueRequired":true,"valueName":"search_term_string"}}],"inLanguage":"en-GB"},{"@type":"Organization","@id":"https:\/\/buletin.de\/bucuresti\/#organization","name":"Buletin de Bucure\u0219ti","url":"https:\/\/buletin.de\/bucuresti\/","logo":{"@type":"ImageObject","inLanguage":"en-GB","@id":"https:\/\/buletin.de\/bucuresti\/#\/schema\/logo\/image\/","url":"https:\/\/buletin.de\/bucuresti\/wp-content\/uploads\/logo-bdb-full-wide-vernil-transparent.png","contentUrl":"https:\/\/buletin.de\/bucuresti\/wp-content\/uploads\/logo-bdb-full-wide-vernil-transparent.png","width":1782,"height":626,"caption":"Buletin de Bucure\u0219ti"},"image":{"@id":"https:\/\/buletin.de\/bucuresti\/#\/schema\/logo\/image\/"},"sameAs":["https:\/\/www.facebook.com\/buletin.de.buc","https:\/\/www.instagram.com\/buletinde.bucuresti\/"]},{"@type":"Person","@id":"https:\/\/buletin.de\/bucuresti\/#\/schema\/person\/5272b8a057b33890940b57b837fc4ce6","name":"Ionu\u021b Lepa","image":{"@type":"ImageObject","inLanguage":"en-GB","@id":"https:\/\/buletin.de\/bucuresti\/wp-content\/uploads\/Ionut-Lepa-96x96.jpg5c4e4d9e049808799a8821652d2410a4","url":"https:\/\/buletin.de\/bucuresti\/wp-content\/uploads\/Ionut-Lepa-96x96.jpg","contentUrl":"https:\/\/buletin.de\/bucuresti\/wp-content\/uploads\/Ionut-Lepa-96x96.jpg","caption":"Ionu\u021b Lepa"},"url":"https:\/\/buletin.de\/bucuresti\/author\/ionutlepa\/"}]}},"authors":[{"term_id":22586,"user_id":8,"is_guest":0,"slug":"ionutlepa","display_name":"Ionu\u021b Lepa","avatar_url":"https:\/\/buletin.de\/bucuresti\/wp-content\/uploads\/Ionut-Lepa-96x96.jpg","0":null,"1":"","2":"","3":"","4":"","5":"","6":"","7":"","8":""}],"_links":{"self":[{"href":"https:\/\/buletin.de\/bucuresti\/wp-json\/wp\/v2\/posts\/78535","targetHints":{"allow":["GET"]}}],"collection":[{"href":"https:\/\/buletin.de\/bucuresti\/wp-json\/wp\/v2\/posts"}],"about":[{"href":"https:\/\/buletin.de\/bucuresti\/wp-json\/wp\/v2\/types\/post"}],"author":[{"embeddable":true,"href":"https:\/\/buletin.de\/bucuresti\/wp-json\/wp\/v2\/users\/8"}],"replies":[{"embeddable":true,"href":"https:\/\/buletin.de\/bucuresti\/wp-json\/wp\/v2\/comments?post=78535"}],"version-history":[{"count":2,"href":"https:\/\/buletin.de\/bucuresti\/wp-json\/wp\/v2\/posts\/78535\/revisions"}],"predecessor-version":[{"id":78540,"href":"https:\/\/buletin.de\/bucuresti\/wp-json\/wp\/v2\/posts\/78535\/revisions\/78540"}],"wp:featuredmedia":[{"embeddable":true,"href":"https:\/\/buletin.de\/bucuresti\/wp-json\/wp\/v2\/media\/78536"}],"wp:attachment":[{"href":"https:\/\/buletin.de\/bucuresti\/wp-json\/wp\/v2\/media?parent=78535"}],"wp:term":[{"taxonomy":"category","embeddable":true,"href":"https:\/\/buletin.de\/bucuresti\/wp-json\/wp\/v2\/categories?post=78535"},{"taxonomy":"post_tag","embeddable":true,"href":"https:\/\/buletin.de\/bucuresti\/wp-json\/wp\/v2\/tags?post=78535"},{"taxonomy":"author","embeddable":true,"href":"https:\/\/buletin.de\/bucuresti\/wp-json\/wp\/v2\/ppma_author?post=78535"}],"curies":[{"name":"wp","href":"https:\/\/api.w.org\/{rel}","templated":true}]}}