{"id":78499,"date":"2024-02-27T04:32:42","date_gmt":"2024-02-27T02:32:42","guid":{"rendered":"https:\/\/buletin.de\/bucuresti\/?p=78499"},"modified":"2024-02-27T04:32:42","modified_gmt":"2024-02-27T02:32:42","slug":"migratia-catre-periferie-numarul-de-locuinte-cumparate-in-ilfov-in-crestere-in-2023-vanzarile-din-capitala-in-scadere","status":"publish","type":"post","link":"https:\/\/buletin.de\/bucuresti\/migratia-catre-periferie-numarul-de-locuinte-cumparate-in-ilfov-in-crestere-in-2023-vanzarile-din-capitala-in-scadere\/","title":{"rendered":"Migra\u0163ia c\u0103tre periferie: num\u0103rul de locuin\u021be cump\u0103rate \u00een Ilfov, \u00een cre\u0219tere, \u00een 2023. V\u00e2nz\u0103rile din Capital\u0103, \u00een sc\u0103dere"},"content":{"rendered":"\n<p><strong>Tot mai mul\u021bi oameni prefer\u0103 locuin\u021bele din Ilfov. Dac\u0103 tranzac\u021biile reziden\u021biale din Capital\u0103 au sc\u0103zut cu 17% \u00een 2023, au crescut cu 6% \u00een \u00eemprejurimile Bucure\u0219tiului. Pre\u021burile considerabil mai mici, dar \u0219i dezvoltarea infrastructurii de transport sunt principalele motive, arat\u0103 o analiz\u0103 a companiei de servicii imobiliare iO Partners.<\/strong><\/p>\n\n\n\n<p>Locuin\u021belor din Ilfov sunt cu aproximativ 20-25% mai ieftine comparativ cu cele din cartierele de la marginea Bucure\u0219tiului (Berceni vs. Pope\u0219ti-Leordeni sau Avia\u021biei vs. Pipera-Nord). Determina\u021bi de diferen\u021ba semnificativ\u0103 de pre\u021b, tot mai mul\u021bi cump\u0103r\u0103tori se reorienteaz\u0103 c\u0103tre periferie, \u00een detrimentul Capitalei.<\/p>\n\n\n\n<p>Tranzac\u021biile reziden\u021biale au sc\u0103zut \u00een Bucure\u0219ti de la circa 35.000 \u00een 2022 la 29.000 de unit\u0103\u021bi \u00een 2023, \u00een vreme ce, \u00een Ilfov, acestea au crescut de la 6.400 la 6.800 de unit\u0103\u021bi.<\/p>\n\n\n\n<p>De asemenea, dezvoltarea infrastructurii de transport joac\u0103 un rol esen\u021bial \u00een atragerea cump\u0103r\u0103torilor. Timpul \u00eendelungat petrecut \u00een trafic este unul dintre motivele pentru care oamenii se feresc de achizi\u021bionarea unei locuin\u021be \u00een afara Capitalei. <\/p>\n\n\n\n<p>Construirea pasajelor peste centura actual\u0103 (ex. Domne\u0219ti, Olteni\u021bei, Berceni) \u0219i a autostr\u0103zii de centur\u0103 A0 sau extinderea liniei de metrou sunt doar c\u00e2teva dintre exemplele care ar putea scurta durata unui drum Bucure\u0219ti-Ilfov.<\/p>\n\n\n\n<p>Nu numai cump\u0103r\u0103torii, dar \u0219i dezvoltatorii imobiliari sunt atra\u0219i de investi\u021biile \u00een transport. Spre exemplu, \u00eentre vechea \u0219osea de centur\u0103 \u0219i noul drum de mare vitez\u0103 se afl\u0103 o suprafa\u021b\u0103 de circa 350 de kilometri p\u0103tra\u0163i, preponderent neconstruit\u0103.  Odat\u0103 cu darea \u00een trafic a noii autostr\u0103zi, \u00een zon\u0103, \u201e<em>s-ar putea dezvolta ansambluri reziden\u021biale, parcuri de retail, parcuri industriale \u0219i centre de divertisment\u201d<\/em>, se arat\u0103 \u00een comunicatul de pres\u0103 remis redac\u021biei. <\/p>\n\n\n\n<p>\u00cen Capital\u0103, \u0219i livr\u0103rile de locuin\u021be noi sunt \u00een sc\u0103dere fa\u021b\u0103 de anii preceden\u021bi: de la peste 12.000 de locuin\u021be \u00een 2021, la aproximativ 10.000 \u00een 2022 \u0219i 8.000 \u00een 2023. \u00cen schimb, \u00een Ilfov, acestea <em>\u201eau cunoscut un v\u00e2rf\u201d<\/em> de aproape 8.000 de locuin\u021be pe an. <\/p>\n\n\n\n<p><\/p>\n","protected":false},"excerpt":{"rendered":"<p>Tot mai mul\u021bi oameni prefer\u0103 locuin\u021bele din Ilfov. Dac\u0103 tranzac\u021biile reziden\u021biale din Capital\u0103 au sc\u0103zut cu 17% \u00een 2023, au crescut cu 6% \u00een \u00eemprejurimile Bucure\u0219tiului. Pre\u021burile considerabil mai mici, dar \u0219i dezvoltarea infrastructurii de transport sunt principalele motive, arat\u0103 o analiz\u0103 a companiei de servicii imobiliare iO Partners. Locuin\u021belor din Ilfov sunt cu aproximativ [&hellip;]<\/p>\n","protected":false},"author":55,"featured_media":78519,"comment_status":"closed","ping_status":"open","sticky":false,"template":"","format":"standard","meta":{"_acf_changed":false,"inline_featured_image":false,"ngg_post_thumbnail":0,"footnotes":""},"categories":[6994,5762],"tags":[1465,10101,10104,10099,8674,10100,10103,10102,10105],"ppma_author":[22573],"class_list":["post-78499","post","type-post","status-publish","format-standard","has-post-thumbnail","hentry","category-stiri-2","category-main","tag-a0","tag-ansambluri-rezidentiale","tag-cele-mai-ieftine-locuinte-din-capitala","tag-cererea-de-locuinte","tag-deschiderea-circulatiei-pe-autostrada-capitalei","tag-locuinte-ilfov","tag-preturi-apartamente-bucuresti","tag-preturi-locuinte-ilfov","tag-proiecte-imobiliare"],"acf":[],"yoast_head":"<!-- This site is optimized with the Yoast SEO Premium plugin v25.3 (Yoast SEO v27.4) - https:\/\/yoast.com\/product\/yoast-seo-premium-wordpress\/ -->\n<title>Migra\u0163ia c\u0103tre periferie: num\u0103rul de locuin\u021be cump\u0103rate \u00een Ilfov, \u00een cre\u0219tere, \u00een 2023. V\u00e2nz\u0103rile din Capital\u0103, \u00een sc\u0103dere - Buletin de Bucure\u0219ti<\/title>\n<meta name=\"robots\" content=\"index, follow, max-snippet:-1, max-image-preview:large, max-video-preview:-1\" \/>\n<link rel=\"canonical\" href=\"https:\/\/buletin.de\/bucuresti\/migratia-catre-periferie-numarul-de-locuinte-cumparate-in-ilfov-in-crestere-in-2023-vanzarile-din-capitala-in-scadere\/\" \/>\n<meta property=\"og:locale\" content=\"en_GB\" \/>\n<meta property=\"og:type\" content=\"article\" \/>\n<meta property=\"og:title\" content=\"Migra\u0163ia c\u0103tre periferie: num\u0103rul de locuin\u021be cump\u0103rate \u00een Ilfov, \u00een cre\u0219tere, \u00een 2023. V\u00e2nz\u0103rile din Capital\u0103, \u00een sc\u0103dere\" \/>\n<meta property=\"og:description\" content=\"Tot mai mul\u021bi oameni prefer\u0103 locuin\u021bele din Ilfov. Dac\u0103 tranzac\u021biile reziden\u021biale din Capital\u0103 au sc\u0103zut cu 17% \u00een 2023, au crescut cu 6% \u00een \u00eemprejurimile Bucure\u0219tiului. Pre\u021burile considerabil mai mici, dar \u0219i dezvoltarea infrastructurii de transport sunt principalele motive, arat\u0103 o analiz\u0103 a companiei de servicii imobiliare iO Partners. Locuin\u021belor din Ilfov sunt cu aproximativ [&hellip;]\" \/>\n<meta property=\"og:url\" content=\"https:\/\/buletin.de\/bucuresti\/migratia-catre-periferie-numarul-de-locuinte-cumparate-in-ilfov-in-crestere-in-2023-vanzarile-din-capitala-in-scadere\/\" \/>\n<meta property=\"og:site_name\" content=\"Buletin de Bucure\u0219ti\" \/>\n<meta property=\"article:publisher\" content=\"https:\/\/www.facebook.com\/buletin.de.buc\" \/>\n<meta property=\"article:published_time\" content=\"2024-02-27T02:32:42+00:00\" \/>\n<meta property=\"og:image\" content=\"https:\/\/buletin.de\/bucuresti\/wp-content\/uploads\/wr11kbab86u.jpg\" \/>\n\t<meta property=\"og:image:width\" content=\"1600\" \/>\n\t<meta property=\"og:image:height\" content=\"1067\" \/>\n\t<meta property=\"og:image:type\" content=\"image\/jpeg\" \/>\n<meta name=\"author\" content=\"Andreea Tudor\" \/>\n<meta name=\"twitter:card\" content=\"summary_large_image\" \/>\n<meta name=\"twitter:label1\" content=\"Written by\" \/>\n\t<meta name=\"twitter:data1\" content=\"Andreea Tudor\" \/>\n\t<meta name=\"twitter:label2\" content=\"Estimated reading time\" \/>\n\t<meta name=\"twitter:data2\" content=\"2 minutes\" \/>\n<script type=\"application\/ld+json\" class=\"yoast-schema-graph\">{\"@context\":\"https:\\\/\\\/schema.org\",\"@graph\":[{\"@type\":\"Article\",\"@id\":\"https:\\\/\\\/buletin.de\\\/bucuresti\\\/migratia-catre-periferie-numarul-de-locuinte-cumparate-in-ilfov-in-crestere-in-2023-vanzarile-din-capitala-in-scadere\\\/#article\",\"isPartOf\":{\"@id\":\"https:\\\/\\\/buletin.de\\\/bucuresti\\\/migratia-catre-periferie-numarul-de-locuinte-cumparate-in-ilfov-in-crestere-in-2023-vanzarile-din-capitala-in-scadere\\\/\"},\"author\":{\"name\":\"Andreea Tudor\",\"@id\":\"https:\\\/\\\/buletin.de\\\/bucuresti\\\/#\\\/schema\\\/person\\\/150590659efde715459d159da012f501\"},\"headline\":\"Migra\u0163ia c\u0103tre periferie: num\u0103rul de locuin\u021be cump\u0103rate \u00een Ilfov, \u00een cre\u0219tere, \u00een 2023. V\u00e2nz\u0103rile din Capital\u0103, \u00een sc\u0103dere\",\"datePublished\":\"2024-02-27T02:32:42+00:00\",\"mainEntityOfPage\":{\"@id\":\"https:\\\/\\\/buletin.de\\\/bucuresti\\\/migratia-catre-periferie-numarul-de-locuinte-cumparate-in-ilfov-in-crestere-in-2023-vanzarile-din-capitala-in-scadere\\\/\"},\"wordCount\":366,\"publisher\":{\"@id\":\"https:\\\/\\\/buletin.de\\\/bucuresti\\\/#organization\"},\"image\":{\"@id\":\"https:\\\/\\\/buletin.de\\\/bucuresti\\\/migratia-catre-periferie-numarul-de-locuinte-cumparate-in-ilfov-in-crestere-in-2023-vanzarile-din-capitala-in-scadere\\\/#primaryimage\"},\"thumbnailUrl\":\"https:\\\/\\\/buletin.de\\\/bucuresti\\\/wp-content\\\/uploads\\\/wr11kbab86u.jpg\",\"keywords\":[\"A0\",\"ansambluri reziden\u021biale\",\"cele mai ieftine locuin\u021be din Capital\u0103\",\"cererea de locuin\u021be\",\"deschiderea circula\u021biei pe autostrada Capitalei\",\"locuin\u021be Ilfov\",\"Pre\u021buri apartamente Bucure\u0219ti\",\"Pre\u021buri locuin\u021be Ilfov\",\"proiecte imobiliare\"],\"articleSection\":[\"Articole\",\"Main\"],\"inLanguage\":\"en-GB\",\"copyrightYear\":\"2024\",\"copyrightHolder\":{\"@id\":\"https:\\\/\\\/buletin.de\\\/bucuresti\\\/#organization\"}},{\"@type\":\"WebPage\",\"@id\":\"https:\\\/\\\/buletin.de\\\/bucuresti\\\/migratia-catre-periferie-numarul-de-locuinte-cumparate-in-ilfov-in-crestere-in-2023-vanzarile-din-capitala-in-scadere\\\/\",\"url\":\"https:\\\/\\\/buletin.de\\\/bucuresti\\\/migratia-catre-periferie-numarul-de-locuinte-cumparate-in-ilfov-in-crestere-in-2023-vanzarile-din-capitala-in-scadere\\\/\",\"name\":\"Migra\u0163ia c\u0103tre periferie: num\u0103rul de locuin\u021be cump\u0103rate \u00een Ilfov, \u00een cre\u0219tere, \u00een 2023. V\u00e2nz\u0103rile din Capital\u0103, \u00een sc\u0103dere - Buletin de Bucure\u0219ti\",\"isPartOf\":{\"@id\":\"https:\\\/\\\/buletin.de\\\/bucuresti\\\/#website\"},\"primaryImageOfPage\":{\"@id\":\"https:\\\/\\\/buletin.de\\\/bucuresti\\\/migratia-catre-periferie-numarul-de-locuinte-cumparate-in-ilfov-in-crestere-in-2023-vanzarile-din-capitala-in-scadere\\\/#primaryimage\"},\"image\":{\"@id\":\"https:\\\/\\\/buletin.de\\\/bucuresti\\\/migratia-catre-periferie-numarul-de-locuinte-cumparate-in-ilfov-in-crestere-in-2023-vanzarile-din-capitala-in-scadere\\\/#primaryimage\"},\"thumbnailUrl\":\"https:\\\/\\\/buletin.de\\\/bucuresti\\\/wp-content\\\/uploads\\\/wr11kbab86u.jpg\",\"datePublished\":\"2024-02-27T02:32:42+00:00\",\"breadcrumb\":{\"@id\":\"https:\\\/\\\/buletin.de\\\/bucuresti\\\/migratia-catre-periferie-numarul-de-locuinte-cumparate-in-ilfov-in-crestere-in-2023-vanzarile-din-capitala-in-scadere\\\/#breadcrumb\"},\"inLanguage\":\"en-GB\",\"potentialAction\":[{\"@type\":\"ReadAction\",\"target\":[\"https:\\\/\\\/buletin.de\\\/bucuresti\\\/migratia-catre-periferie-numarul-de-locuinte-cumparate-in-ilfov-in-crestere-in-2023-vanzarile-din-capitala-in-scadere\\\/\"]}]},{\"@type\":\"ImageObject\",\"inLanguage\":\"en-GB\",\"@id\":\"https:\\\/\\\/buletin.de\\\/bucuresti\\\/migratia-catre-periferie-numarul-de-locuinte-cumparate-in-ilfov-in-crestere-in-2023-vanzarile-din-capitala-in-scadere\\\/#primaryimage\",\"url\":\"https:\\\/\\\/buletin.de\\\/bucuresti\\\/wp-content\\\/uploads\\\/wr11kbab86u.jpg\",\"contentUrl\":\"https:\\\/\\\/buletin.de\\\/bucuresti\\\/wp-content\\\/uploads\\\/wr11kbab86u.jpg\",\"width\":1600,\"height\":1067,\"caption\":\"low angle view of building\"},{\"@type\":\"BreadcrumbList\",\"@id\":\"https:\\\/\\\/buletin.de\\\/bucuresti\\\/migratia-catre-periferie-numarul-de-locuinte-cumparate-in-ilfov-in-crestere-in-2023-vanzarile-din-capitala-in-scadere\\\/#breadcrumb\",\"itemListElement\":[{\"@type\":\"ListItem\",\"position\":1,\"name\":\"Acas\u0103\",\"item\":\"https:\\\/\\\/buletin.de\\\/bucuresti\\\/\"},{\"@type\":\"ListItem\",\"position\":2,\"name\":\"Migra\u0163ia c\u0103tre periferie: num\u0103rul de locuin\u021be cump\u0103rate \u00een Ilfov, \u00een cre\u0219tere, \u00een 2023. V\u00e2nz\u0103rile din Capital\u0103, \u00een sc\u0103dere\"}]},{\"@type\":\"WebSite\",\"@id\":\"https:\\\/\\\/buletin.de\\\/bucuresti\\\/#website\",\"url\":\"https:\\\/\\\/buletin.de\\\/bucuresti\\\/\",\"name\":\"Buletin de Bucure\u0219ti\",\"description\":\"\u0218tiri \u0219i investiga\u021bii esen\u021biale din capital\u0103\",\"publisher\":{\"@id\":\"https:\\\/\\\/buletin.de\\\/bucuresti\\\/#organization\"},\"potentialAction\":[{\"@type\":\"SearchAction\",\"target\":{\"@type\":\"EntryPoint\",\"urlTemplate\":\"https:\\\/\\\/buletin.de\\\/bucuresti\\\/?s={search_term_string}\"},\"query-input\":{\"@type\":\"PropertyValueSpecification\",\"valueRequired\":true,\"valueName\":\"search_term_string\"}}],\"inLanguage\":\"en-GB\"},{\"@type\":\"Organization\",\"@id\":\"https:\\\/\\\/buletin.de\\\/bucuresti\\\/#organization\",\"name\":\"Buletin de Bucure\u0219ti\",\"url\":\"https:\\\/\\\/buletin.de\\\/bucuresti\\\/\",\"logo\":{\"@type\":\"ImageObject\",\"inLanguage\":\"en-GB\",\"@id\":\"https:\\\/\\\/buletin.de\\\/bucuresti\\\/#\\\/schema\\\/logo\\\/image\\\/\",\"url\":\"https:\\\/\\\/buletin.de\\\/bucuresti\\\/wp-content\\\/uploads\\\/logo-bdb-full-wide-vernil-transparent.png\",\"contentUrl\":\"https:\\\/\\\/buletin.de\\\/bucuresti\\\/wp-content\\\/uploads\\\/logo-bdb-full-wide-vernil-transparent.png\",\"width\":1782,\"height\":626,\"caption\":\"Buletin de Bucure\u0219ti\"},\"image\":{\"@id\":\"https:\\\/\\\/buletin.de\\\/bucuresti\\\/#\\\/schema\\\/logo\\\/image\\\/\"},\"sameAs\":[\"https:\\\/\\\/www.facebook.com\\\/buletin.de.buc\",\"https:\\\/\\\/www.instagram.com\\\/buletinde.bucuresti\\\/\"]},{\"@type\":\"Person\",\"@id\":\"https:\\\/\\\/buletin.de\\\/bucuresti\\\/#\\\/schema\\\/person\\\/150590659efde715459d159da012f501\",\"name\":\"Andreea Tudor\",\"image\":{\"@type\":\"ImageObject\",\"inLanguage\":\"en-GB\",\"@id\":\"https:\\\/\\\/secure.gravatar.com\\\/avatar\\\/a88705a186ab0b67f3349bcbced506c09e37256fbaad0e7f3bd1a79b4599f589?s=96&d=monsterid&r=g79290610aa1a65c2b86eebc2ca5aee8f\",\"url\":\"https:\\\/\\\/secure.gravatar.com\\\/avatar\\\/a88705a186ab0b67f3349bcbced506c09e37256fbaad0e7f3bd1a79b4599f589?s=96&d=monsterid&r=g\",\"contentUrl\":\"https:\\\/\\\/secure.gravatar.com\\\/avatar\\\/a88705a186ab0b67f3349bcbced506c09e37256fbaad0e7f3bd1a79b4599f589?s=96&d=monsterid&r=g\",\"caption\":\"Andreea Tudor\"},\"description\":\"N\u0103scut\u0103 \u0219i crescut\u0103 \u00een Bucure\u0219ti, sus\u021bin\u0103toare a presei independente. A\u0219a am ajuns redactor la Buletin de Bucure\u0219ti. Fiind eu, \u00eens\u0103mi, parte a sistemului de \u00eenv\u0103\u021b\u0103m\u00e2nt rom\u00e2nesc \u0219i pasionat\u0103 de domeniul social, pun sub lup\u0103 tot ceea ce se \u00eent\u00e2mpl\u0103 \u00een sfera educa\u021biei. Cred cu t\u0103rie c\u0103 presa \u201epentru cet\u0103\u021beni\u201d este presa independent\u0103. Oamenii au nevoie de o informare corect\u0103 pentru a \u00een\u021belege pe deplin ce se \u00eent\u00e2mpl\u0103 \u00een jurul lor \u0219i pentru a lua ac\u021biune \u00eempotriva nedrept\u0103\u021bilor.\",\"url\":\"https:\\\/\\\/buletin.de\\\/bucuresti\\\/author\\\/andreeatudor\\\/\"}]}<\/script>\n<!-- \/ Yoast SEO Premium plugin. -->","yoast_head_json":{"title":"Migra\u0163ia c\u0103tre periferie: num\u0103rul de locuin\u021be cump\u0103rate \u00een Ilfov, \u00een cre\u0219tere, \u00een 2023. V\u00e2nz\u0103rile din Capital\u0103, \u00een sc\u0103dere - Buletin de Bucure\u0219ti","robots":{"index":"index","follow":"follow","max-snippet":"max-snippet:-1","max-image-preview":"max-image-preview:large","max-video-preview":"max-video-preview:-1"},"canonical":"https:\/\/buletin.de\/bucuresti\/migratia-catre-periferie-numarul-de-locuinte-cumparate-in-ilfov-in-crestere-in-2023-vanzarile-din-capitala-in-scadere\/","og_locale":"en_GB","og_type":"article","og_title":"Migra\u0163ia c\u0103tre periferie: num\u0103rul de locuin\u021be cump\u0103rate \u00een Ilfov, \u00een cre\u0219tere, \u00een 2023. V\u00e2nz\u0103rile din Capital\u0103, \u00een sc\u0103dere","og_description":"Tot mai mul\u021bi oameni prefer\u0103 locuin\u021bele din Ilfov. Dac\u0103 tranzac\u021biile reziden\u021biale din Capital\u0103 au sc\u0103zut cu 17% \u00een 2023, au crescut cu 6% \u00een \u00eemprejurimile Bucure\u0219tiului. Pre\u021burile considerabil mai mici, dar \u0219i dezvoltarea infrastructurii de transport sunt principalele motive, arat\u0103 o analiz\u0103 a companiei de servicii imobiliare iO Partners. Locuin\u021belor din Ilfov sunt cu aproximativ [&hellip;]","og_url":"https:\/\/buletin.de\/bucuresti\/migratia-catre-periferie-numarul-de-locuinte-cumparate-in-ilfov-in-crestere-in-2023-vanzarile-din-capitala-in-scadere\/","og_site_name":"Buletin de Bucure\u0219ti","article_publisher":"https:\/\/www.facebook.com\/buletin.de.buc","article_published_time":"2024-02-27T02:32:42+00:00","og_image":[{"width":1600,"height":1067,"url":"https:\/\/buletin.de\/bucuresti\/wp-content\/uploads\/wr11kbab86u.jpg","type":"image\/jpeg"}],"author":"Andreea Tudor","twitter_card":"summary_large_image","twitter_misc":{"Written by":"Andreea Tudor","Estimated reading time":"2 minutes"},"schema":{"@context":"https:\/\/schema.org","@graph":[{"@type":"Article","@id":"https:\/\/buletin.de\/bucuresti\/migratia-catre-periferie-numarul-de-locuinte-cumparate-in-ilfov-in-crestere-in-2023-vanzarile-din-capitala-in-scadere\/#article","isPartOf":{"@id":"https:\/\/buletin.de\/bucuresti\/migratia-catre-periferie-numarul-de-locuinte-cumparate-in-ilfov-in-crestere-in-2023-vanzarile-din-capitala-in-scadere\/"},"author":{"name":"Andreea Tudor","@id":"https:\/\/buletin.de\/bucuresti\/#\/schema\/person\/150590659efde715459d159da012f501"},"headline":"Migra\u0163ia c\u0103tre periferie: num\u0103rul de locuin\u021be cump\u0103rate \u00een Ilfov, \u00een cre\u0219tere, \u00een 2023. V\u00e2nz\u0103rile din Capital\u0103, \u00een sc\u0103dere","datePublished":"2024-02-27T02:32:42+00:00","mainEntityOfPage":{"@id":"https:\/\/buletin.de\/bucuresti\/migratia-catre-periferie-numarul-de-locuinte-cumparate-in-ilfov-in-crestere-in-2023-vanzarile-din-capitala-in-scadere\/"},"wordCount":366,"publisher":{"@id":"https:\/\/buletin.de\/bucuresti\/#organization"},"image":{"@id":"https:\/\/buletin.de\/bucuresti\/migratia-catre-periferie-numarul-de-locuinte-cumparate-in-ilfov-in-crestere-in-2023-vanzarile-din-capitala-in-scadere\/#primaryimage"},"thumbnailUrl":"https:\/\/buletin.de\/bucuresti\/wp-content\/uploads\/wr11kbab86u.jpg","keywords":["A0","ansambluri reziden\u021biale","cele mai ieftine locuin\u021be din Capital\u0103","cererea de locuin\u021be","deschiderea circula\u021biei pe autostrada Capitalei","locuin\u021be Ilfov","Pre\u021buri apartamente Bucure\u0219ti","Pre\u021buri locuin\u021be Ilfov","proiecte imobiliare"],"articleSection":["Articole","Main"],"inLanguage":"en-GB","copyrightYear":"2024","copyrightHolder":{"@id":"https:\/\/buletin.de\/bucuresti\/#organization"}},{"@type":"WebPage","@id":"https:\/\/buletin.de\/bucuresti\/migratia-catre-periferie-numarul-de-locuinte-cumparate-in-ilfov-in-crestere-in-2023-vanzarile-din-capitala-in-scadere\/","url":"https:\/\/buletin.de\/bucuresti\/migratia-catre-periferie-numarul-de-locuinte-cumparate-in-ilfov-in-crestere-in-2023-vanzarile-din-capitala-in-scadere\/","name":"Migra\u0163ia c\u0103tre periferie: num\u0103rul de locuin\u021be cump\u0103rate \u00een Ilfov, \u00een cre\u0219tere, \u00een 2023. V\u00e2nz\u0103rile din Capital\u0103, \u00een sc\u0103dere - Buletin de Bucure\u0219ti","isPartOf":{"@id":"https:\/\/buletin.de\/bucuresti\/#website"},"primaryImageOfPage":{"@id":"https:\/\/buletin.de\/bucuresti\/migratia-catre-periferie-numarul-de-locuinte-cumparate-in-ilfov-in-crestere-in-2023-vanzarile-din-capitala-in-scadere\/#primaryimage"},"image":{"@id":"https:\/\/buletin.de\/bucuresti\/migratia-catre-periferie-numarul-de-locuinte-cumparate-in-ilfov-in-crestere-in-2023-vanzarile-din-capitala-in-scadere\/#primaryimage"},"thumbnailUrl":"https:\/\/buletin.de\/bucuresti\/wp-content\/uploads\/wr11kbab86u.jpg","datePublished":"2024-02-27T02:32:42+00:00","breadcrumb":{"@id":"https:\/\/buletin.de\/bucuresti\/migratia-catre-periferie-numarul-de-locuinte-cumparate-in-ilfov-in-crestere-in-2023-vanzarile-din-capitala-in-scadere\/#breadcrumb"},"inLanguage":"en-GB","potentialAction":[{"@type":"ReadAction","target":["https:\/\/buletin.de\/bucuresti\/migratia-catre-periferie-numarul-de-locuinte-cumparate-in-ilfov-in-crestere-in-2023-vanzarile-din-capitala-in-scadere\/"]}]},{"@type":"ImageObject","inLanguage":"en-GB","@id":"https:\/\/buletin.de\/bucuresti\/migratia-catre-periferie-numarul-de-locuinte-cumparate-in-ilfov-in-crestere-in-2023-vanzarile-din-capitala-in-scadere\/#primaryimage","url":"https:\/\/buletin.de\/bucuresti\/wp-content\/uploads\/wr11kbab86u.jpg","contentUrl":"https:\/\/buletin.de\/bucuresti\/wp-content\/uploads\/wr11kbab86u.jpg","width":1600,"height":1067,"caption":"low angle view of building"},{"@type":"BreadcrumbList","@id":"https:\/\/buletin.de\/bucuresti\/migratia-catre-periferie-numarul-de-locuinte-cumparate-in-ilfov-in-crestere-in-2023-vanzarile-din-capitala-in-scadere\/#breadcrumb","itemListElement":[{"@type":"ListItem","position":1,"name":"Acas\u0103","item":"https:\/\/buletin.de\/bucuresti\/"},{"@type":"ListItem","position":2,"name":"Migra\u0163ia c\u0103tre periferie: num\u0103rul de locuin\u021be cump\u0103rate \u00een Ilfov, \u00een cre\u0219tere, \u00een 2023. V\u00e2nz\u0103rile din Capital\u0103, \u00een sc\u0103dere"}]},{"@type":"WebSite","@id":"https:\/\/buletin.de\/bucuresti\/#website","url":"https:\/\/buletin.de\/bucuresti\/","name":"Buletin de Bucure\u0219ti","description":"\u0218tiri \u0219i investiga\u021bii esen\u021biale din capital\u0103","publisher":{"@id":"https:\/\/buletin.de\/bucuresti\/#organization"},"potentialAction":[{"@type":"SearchAction","target":{"@type":"EntryPoint","urlTemplate":"https:\/\/buletin.de\/bucuresti\/?s={search_term_string}"},"query-input":{"@type":"PropertyValueSpecification","valueRequired":true,"valueName":"search_term_string"}}],"inLanguage":"en-GB"},{"@type":"Organization","@id":"https:\/\/buletin.de\/bucuresti\/#organization","name":"Buletin de Bucure\u0219ti","url":"https:\/\/buletin.de\/bucuresti\/","logo":{"@type":"ImageObject","inLanguage":"en-GB","@id":"https:\/\/buletin.de\/bucuresti\/#\/schema\/logo\/image\/","url":"https:\/\/buletin.de\/bucuresti\/wp-content\/uploads\/logo-bdb-full-wide-vernil-transparent.png","contentUrl":"https:\/\/buletin.de\/bucuresti\/wp-content\/uploads\/logo-bdb-full-wide-vernil-transparent.png","width":1782,"height":626,"caption":"Buletin de Bucure\u0219ti"},"image":{"@id":"https:\/\/buletin.de\/bucuresti\/#\/schema\/logo\/image\/"},"sameAs":["https:\/\/www.facebook.com\/buletin.de.buc","https:\/\/www.instagram.com\/buletinde.bucuresti\/"]},{"@type":"Person","@id":"https:\/\/buletin.de\/bucuresti\/#\/schema\/person\/150590659efde715459d159da012f501","name":"Andreea Tudor","image":{"@type":"ImageObject","inLanguage":"en-GB","@id":"https:\/\/secure.gravatar.com\/avatar\/a88705a186ab0b67f3349bcbced506c09e37256fbaad0e7f3bd1a79b4599f589?s=96&d=monsterid&r=g79290610aa1a65c2b86eebc2ca5aee8f","url":"https:\/\/secure.gravatar.com\/avatar\/a88705a186ab0b67f3349bcbced506c09e37256fbaad0e7f3bd1a79b4599f589?s=96&d=monsterid&r=g","contentUrl":"https:\/\/secure.gravatar.com\/avatar\/a88705a186ab0b67f3349bcbced506c09e37256fbaad0e7f3bd1a79b4599f589?s=96&d=monsterid&r=g","caption":"Andreea Tudor"},"description":"N\u0103scut\u0103 \u0219i crescut\u0103 \u00een Bucure\u0219ti, sus\u021bin\u0103toare a presei independente. A\u0219a am ajuns redactor la Buletin de Bucure\u0219ti. Fiind eu, \u00eens\u0103mi, parte a sistemului de \u00eenv\u0103\u021b\u0103m\u00e2nt rom\u00e2nesc \u0219i pasionat\u0103 de domeniul social, pun sub lup\u0103 tot ceea ce se \u00eent\u00e2mpl\u0103 \u00een sfera educa\u021biei. Cred cu t\u0103rie c\u0103 presa \u201epentru cet\u0103\u021beni\u201d este presa independent\u0103. Oamenii au nevoie de o informare corect\u0103 pentru a \u00een\u021belege pe deplin ce se \u00eent\u00e2mpl\u0103 \u00een jurul lor \u0219i pentru a lua ac\u021biune \u00eempotriva nedrept\u0103\u021bilor.","url":"https:\/\/buletin.de\/bucuresti\/author\/andreeatudor\/"}]}},"authors":[{"term_id":22573,"user_id":55,"is_guest":0,"slug":"andreeatudor","display_name":"Andreea Tudor","avatar_url":"https:\/\/secure.gravatar.com\/avatar\/a88705a186ab0b67f3349bcbced506c09e37256fbaad0e7f3bd1a79b4599f589?s=96&d=monsterid&r=g","0":null,"1":"","2":"","3":"","4":"","5":"","6":"","7":"","8":""}],"_links":{"self":[{"href":"https:\/\/buletin.de\/bucuresti\/wp-json\/wp\/v2\/posts\/78499","targetHints":{"allow":["GET"]}}],"collection":[{"href":"https:\/\/buletin.de\/bucuresti\/wp-json\/wp\/v2\/posts"}],"about":[{"href":"https:\/\/buletin.de\/bucuresti\/wp-json\/wp\/v2\/types\/post"}],"author":[{"embeddable":true,"href":"https:\/\/buletin.de\/bucuresti\/wp-json\/wp\/v2\/users\/55"}],"replies":[{"embeddable":true,"href":"https:\/\/buletin.de\/bucuresti\/wp-json\/wp\/v2\/comments?post=78499"}],"version-history":[{"count":3,"href":"https:\/\/buletin.de\/bucuresti\/wp-json\/wp\/v2\/posts\/78499\/revisions"}],"predecessor-version":[{"id":78527,"href":"https:\/\/buletin.de\/bucuresti\/wp-json\/wp\/v2\/posts\/78499\/revisions\/78527"}],"wp:featuredmedia":[{"embeddable":true,"href":"https:\/\/buletin.de\/bucuresti\/wp-json\/wp\/v2\/media\/78519"}],"wp:attachment":[{"href":"https:\/\/buletin.de\/bucuresti\/wp-json\/wp\/v2\/media?parent=78499"}],"wp:term":[{"taxonomy":"category","embeddable":true,"href":"https:\/\/buletin.de\/bucuresti\/wp-json\/wp\/v2\/categories?post=78499"},{"taxonomy":"post_tag","embeddable":true,"href":"https:\/\/buletin.de\/bucuresti\/wp-json\/wp\/v2\/tags?post=78499"},{"taxonomy":"author","embeddable":true,"href":"https:\/\/buletin.de\/bucuresti\/wp-json\/wp\/v2\/ppma_author?post=78499"}],"curies":[{"name":"wp","href":"https:\/\/api.w.org\/{rel}","templated":true}]}}