{"id":78466,"date":"2024-02-26T16:03:14","date_gmt":"2024-02-26T14:03:14","guid":{"rendered":"https:\/\/buletin.de\/bucuresti\/?p=78466"},"modified":"2024-02-26T16:03:14","modified_gmt":"2024-02-26T14:03:14","slug":"sector-2-supraimpozitare-de-500-pentru-proprietarii-cladirilor-degradate","status":"publish","type":"post","link":"https:\/\/buletin.de\/bucuresti\/sector-2-supraimpozitare-de-500-pentru-proprietarii-cladirilor-degradate\/","title":{"rendered":"Sector 2 |\u00a0Supraimpozitare de 500% pentru proprietarii cl\u0103dirilor degradate"},"content":{"rendered":"\n<p><strong>Impozitul cl\u0103dirilor ne\u00eentre\u021binute din sectorul 2 va cre\u0219te, din ianuarie, 2025 cu 500%. Suprataxarea vizeaz\u0103 \u0219ase adrese unde cel pu\u021bin fa\u021badele imobilelor sunt \u00eentr-o avansat\u0103 stare de degradare. Poli\u021bia Local\u0103 Sector 2 a f\u0103cut mai multe inspec\u021bii, \u00een urma c\u0103rora s-a constatat \u201estare tehnic\u0103 nesatisf\u0103c\u0103toare\u201d, se arat\u0103 \u00een proiectele de hot\u0103r\u00e2re de pe ordinea de zi a Consiliului Local Sector 2, din data de 28 februarie.<\/strong><\/p>\n\n\n\n<p>Cele \u0219ase cl\u0103diri vizate de proiectele actuale se situeaz\u0103 la urm\u0103toarele adrese: Str. Men\u021biunii nr. 97B, Str. \u015etiucii nr. 59, Str. \u015eoltuzului nr. 27, Str. Olanelor nr. 42, Str. Escalei nr. 61, respectiv Str. Vatra Luminoas\u0103 nr. 35.<\/p>\n\n\n\n<figure class=\"wp-block-gallery has-nested-images columns-default is-cropped wp-block-gallery-1 is-layout-flex wp-block-gallery-is-layout-flex\">\n<figure class=\"wp-block-image size-large\"><img fetchpriority=\"high\" decoding=\"async\" width=\"900\" height=\"498\" data-id=\"78467\" src=\"data:image\/gif;base64,R0lGODlhAQABAAAAACH5BAEKAAEALAAAAAABAAEAAAICTAEAOw==\" data-src=\"https:\/\/buletin.de\/bucuresti\/wp-content\/uploads\/Stada-Mentiunii-Var-2-900x498.jpg\" alt=\"\" class=\"wp-image-78467 lazyload\" data-sizes=\"auto\" data-srcset=\"https:\/\/buletin.de\/bucuresti\/wp-content\/uploads\/Stada-Mentiunii-Var-2-900x498.jpg 900w, https:\/\/buletin.de\/bucuresti\/wp-content\/uploads\/Stada-Mentiunii-Var-2-300x166.jpg 300w, https:\/\/buletin.de\/bucuresti\/wp-content\/uploads\/Stada-Mentiunii-Var-2-768x425.jpg 768w, https:\/\/buletin.de\/bucuresti\/wp-content\/uploads\/Stada-Mentiunii-Var-2-1536x850.jpg 1536w, https:\/\/buletin.de\/bucuresti\/wp-content\/uploads\/Stada-Mentiunii-Var-2-1100x608.jpg 1100w, https:\/\/buletin.de\/bucuresti\/wp-content\/uploads\/Stada-Mentiunii-Var-2-600x332.jpg 600w, https:\/\/buletin.de\/bucuresti\/wp-content\/uploads\/Stada-Mentiunii-Var-2-20x11.jpg 20w, https:\/\/buletin.de\/bucuresti\/wp-content\/uploads\/Stada-Mentiunii-Var-2.jpg 1600w\" sizes=\"(max-width: 900px) 100vw, 900px\" \/><\/figure>\n\n\n\n<figure class=\"wp-block-image size-large\"><img decoding=\"async\" width=\"865\" height=\"651\" data-id=\"78468\" src=\"data:image\/gif;base64,R0lGODlhAQABAAAAACH5BAEKAAEALAAAAAABAAEAAAICTAEAOw==\" data-src=\"https:\/\/buletin.de\/bucuresti\/wp-content\/uploads\/Strada-Soltuzului.png\" alt=\"\" class=\"wp-image-78468 lazyload\" data-sizes=\"auto\" data-srcset=\"https:\/\/buletin.de\/bucuresti\/wp-content\/uploads\/Strada-Soltuzului.png 865w, https:\/\/buletin.de\/bucuresti\/wp-content\/uploads\/Strada-Soltuzului-300x226.png 300w, https:\/\/buletin.de\/bucuresti\/wp-content\/uploads\/Strada-Soltuzului-768x578.png 768w, https:\/\/buletin.de\/bucuresti\/wp-content\/uploads\/Strada-Soltuzului-600x452.png 600w, https:\/\/buletin.de\/bucuresti\/wp-content\/uploads\/Strada-Soltuzului-20x15.png 20w\" sizes=\"(max-width: 865px) 100vw, 865px\" \/><\/figure>\n\n\n\n<figure class=\"wp-block-image size-large\"><img decoding=\"async\" width=\"900\" height=\"808\" data-id=\"78470\" src=\"data:image\/gif;base64,R0lGODlhAQABAAAAACH5BAEKAAEALAAAAAABAAEAAAICTAEAOw==\" data-src=\"https:\/\/buletin.de\/bucuresti\/wp-content\/uploads\/Strada-Vatra-Luminoasa-900x808.png\" alt=\"\" class=\"wp-image-78470 lazyload\" data-sizes=\"auto\" data-srcset=\"https:\/\/buletin.de\/bucuresti\/wp-content\/uploads\/Strada-Vatra-Luminoasa-900x808.png 900w, https:\/\/buletin.de\/bucuresti\/wp-content\/uploads\/Strada-Vatra-Luminoasa-300x269.png 300w, https:\/\/buletin.de\/bucuresti\/wp-content\/uploads\/Strada-Vatra-Luminoasa-768x689.png 768w, https:\/\/buletin.de\/bucuresti\/wp-content\/uploads\/Strada-Vatra-Luminoasa-600x539.png 600w, https:\/\/buletin.de\/bucuresti\/wp-content\/uploads\/Strada-Vatra-Luminoasa-20x18.png 20w, https:\/\/buletin.de\/bucuresti\/wp-content\/uploads\/Strada-Vatra-Luminoasa.png 947w\" sizes=\"(max-width: 900px) 100vw, 900px\" \/><\/figure>\n<figcaption class=\"blocks-gallery-caption wp-element-caption\">FOTO: Street View<\/figcaption><\/figure>\n\n\n\n<blockquote class=\"wp-block-quote is-layout-flow wp-block-quote-is-layout-flow\">\n<p class=\"has-medium-font-size\">Majorarea impozitului men\u0163ionat\u0103 se aplic\u0103 ca urmare a constat\u0103rii st\u0103rii tehnice nesatisf\u0103c\u0103toare \u00een urma aplic\u0103rii Regulamentului aprobat prin H.C.L. Sector 2 nr. 82\/2017, pentru persoanele fizice \u015fi juridice care de\u0163in calitatea de proprietar al cl\u0103dirii \u00een cauz\u0103, conform eviden\u0163elor fiscale pe pl\u0103titor la 31 .12.2023, men\u0163ionate \u00een anexa<\/p>\n<cite>Citat din Proiectul de Hot\u0103r\u00e2re<\/cite><\/blockquote>\n\n\n\n<p>Totu\u0219i, proprietarii imobilelor vor fi scuti\u021bi de supraimpozitare dac\u0103 vor lua m\u0103suri pentru remedierea st\u0103rii cl\u0103dirilor \u0219i dac\u0103 vor notifica autorit\u0103\u021bile \u00een acest sens. Ulterior, Poli\u021bia Local\u0103 Sector 2 va trebui s\u0103 verifice starea tehnic\u0103 \u0219i s\u0103 \u00eentocmeasc\u0103 o nou\u0103 not\u0103 tehnic\u0103 de constatare. <\/p>\n\n\n\n<p><\/p>\n\n\n\n<p><strong>CITE\u0218TE \u0218I:<\/strong><\/p>\n\n\n\n<ul class=\"wp-block-list\">\n<li><a href=\"https:\/\/buletin.de\/bucuresti\/legea-fatadelor-in-bucuresti-supraimpozitare-si-facilitati-pentru-proprietari\/\">\u201eLegea fa\u021badelor\u201d \u00een Bucure\u0219ti: supraimpozitare \u0219i facilit\u0103\u021bi pentru proprietari<\/a><\/li>\n\n\n\n<li><a href=\"https:\/\/buletin.de\/bucuresti\/impozit-si-de-5-ori-mai-mare-pentru-cladirile-degradate-din-sectorul-2\/\">Impozit \u0219i de 5 ori mai mare pentru cl\u0103dirile degradate din sectorul 2<\/a><\/li>\n\n\n\n<li><a href=\"https:\/\/buletin.de\/bucuresti\/supraimpozit-de-500-pentru-proprietarii-cladirilor-degradate-din-sectorul-2\/\">Supraimpozit de 500% pentru proprietarii cl\u0103dirilor degradate din Sectorul 2<\/a><\/li>\n\n\n\n<li><a href=\"https:\/\/buletin.de\/bucuresti\/impozit-cu-500-mai-mare-anul-viitor-pentru-cladirile-neingrijite-din-sectorul-2\/\">Impozit cu 500% mai mare, anul viitor, pentru cl\u0103dirile \u201ene\u00eengrijite\u201d din Sectorul 2<\/a><\/li>\n<\/ul>\n","protected":false},"excerpt":{"rendered":"<p>Impozitul cl\u0103dirilor ne\u00eentre\u021binute din sectorul 2 va cre\u0219te, din ianuarie, 2025 cu 500%. Suprataxarea vizeaz\u0103 \u0219ase adrese unde cel pu\u021bin fa\u021badele imobilelor sunt \u00eentr-o avansat\u0103 stare de degradare. Poli\u021bia Local\u0103 Sector 2 a f\u0103cut mai multe inspec\u021bii, \u00een urma c\u0103rora s-a constatat \u201estare tehnic\u0103 nesatisf\u0103c\u0103toare\u201d, se arat\u0103 \u00een proiectele de hot\u0103r\u00e2re de pe ordinea de [&hellip;]<\/p>\n","protected":false},"author":55,"featured_media":78468,"comment_status":"closed","ping_status":"open","sticky":false,"template":"","format":"standard","meta":{"_acf_changed":false,"inline_featured_image":false,"ngg_post_thumbnail":0,"footnotes":""},"categories":[6994,24,62],"tags":[3117,10087,10088,229,3115,10089],"ppma_author":[22573],"class_list":["post-78466","post","type-post","status-publish","format-standard","has-post-thumbnail","hentry","category-stiri-2","category-primarie","category-stiri","tag-cladiri-degradate","tag-fatade-2","tag-legea-fatadelor-2","tag-sector-2","tag-supraimpozit","tag-supraimpozit-500"],"acf":[],"yoast_head":"<!-- This site is optimized with the Yoast SEO Premium plugin v25.3 (Yoast SEO v27.4) - https:\/\/yoast.com\/product\/yoast-seo-premium-wordpress\/ -->\n<title>Sector 2 |\u00a0Supraimpozitare de 500% pentru proprietarii cl\u0103dirilor degradate - Buletin de Bucure\u0219ti<\/title>\n<meta name=\"robots\" content=\"index, follow, max-snippet:-1, max-image-preview:large, max-video-preview:-1\" \/>\n<link rel=\"canonical\" href=\"https:\/\/buletin.de\/bucuresti\/sector-2-supraimpozitare-de-500-pentru-proprietarii-cladirilor-degradate\/\" \/>\n<meta property=\"og:locale\" content=\"en_GB\" \/>\n<meta property=\"og:type\" content=\"article\" \/>\n<meta property=\"og:title\" content=\"Sector 2 |\u00a0Supraimpozitare de 500% pentru proprietarii cl\u0103dirilor degradate\" \/>\n<meta property=\"og:description\" content=\"Impozitul cl\u0103dirilor ne\u00eentre\u021binute din sectorul 2 va cre\u0219te, din ianuarie, 2025 cu 500%. Suprataxarea vizeaz\u0103 \u0219ase adrese unde cel pu\u021bin fa\u021badele imobilelor sunt \u00eentr-o avansat\u0103 stare de degradare. Poli\u021bia Local\u0103 Sector 2 a f\u0103cut mai multe inspec\u021bii, \u00een urma c\u0103rora s-a constatat \u201estare tehnic\u0103 nesatisf\u0103c\u0103toare\u201d, se arat\u0103 \u00een proiectele de hot\u0103r\u00e2re de pe ordinea de [&hellip;]\" \/>\n<meta property=\"og:url\" content=\"https:\/\/buletin.de\/bucuresti\/sector-2-supraimpozitare-de-500-pentru-proprietarii-cladirilor-degradate\/\" \/>\n<meta property=\"og:site_name\" content=\"Buletin de Bucure\u0219ti\" \/>\n<meta property=\"article:publisher\" content=\"https:\/\/www.facebook.com\/buletin.de.buc\" \/>\n<meta property=\"article:published_time\" content=\"2024-02-26T14:03:14+00:00\" \/>\n<meta property=\"og:image\" content=\"https:\/\/buletin.de\/bucuresti\/wp-content\/uploads\/Strada-Soltuzului.png\" \/>\n\t<meta property=\"og:image:width\" content=\"865\" \/>\n\t<meta property=\"og:image:height\" content=\"651\" \/>\n\t<meta property=\"og:image:type\" content=\"image\/png\" \/>\n<meta name=\"author\" content=\"Andreea Tudor\" \/>\n<meta name=\"twitter:card\" content=\"summary_large_image\" \/>\n<meta name=\"twitter:label1\" content=\"Written by\" \/>\n\t<meta name=\"twitter:data1\" content=\"Andreea Tudor\" \/>\n\t<meta name=\"twitter:label2\" content=\"Estimated reading time\" \/>\n\t<meta name=\"twitter:data2\" content=\"1 minute\" \/>\n<script type=\"application\/ld+json\" class=\"yoast-schema-graph\">{\"@context\":\"https:\\\/\\\/schema.org\",\"@graph\":[{\"@type\":\"Article\",\"@id\":\"https:\\\/\\\/buletin.de\\\/bucuresti\\\/sector-2-supraimpozitare-de-500-pentru-proprietarii-cladirilor-degradate\\\/#article\",\"isPartOf\":{\"@id\":\"https:\\\/\\\/buletin.de\\\/bucuresti\\\/sector-2-supraimpozitare-de-500-pentru-proprietarii-cladirilor-degradate\\\/\"},\"author\":{\"name\":\"Andreea Tudor\",\"@id\":\"https:\\\/\\\/buletin.de\\\/bucuresti\\\/#\\\/schema\\\/person\\\/150590659efde715459d159da012f501\"},\"headline\":\"Sector 2 |\u00a0Supraimpozitare de 500% pentru proprietarii cl\u0103dirilor degradate\",\"datePublished\":\"2024-02-26T14:03:14+00:00\",\"mainEntityOfPage\":{\"@id\":\"https:\\\/\\\/buletin.de\\\/bucuresti\\\/sector-2-supraimpozitare-de-500-pentru-proprietarii-cladirilor-degradate\\\/\"},\"wordCount\":284,\"publisher\":{\"@id\":\"https:\\\/\\\/buletin.de\\\/bucuresti\\\/#organization\"},\"image\":{\"@id\":\"https:\\\/\\\/buletin.de\\\/bucuresti\\\/sector-2-supraimpozitare-de-500-pentru-proprietarii-cladirilor-degradate\\\/#primaryimage\"},\"thumbnailUrl\":\"https:\\\/\\\/buletin.de\\\/bucuresti\\\/wp-content\\\/uploads\\\/Strada-Soltuzului.png\",\"keywords\":[\"cladiri degradate\",\"fatade\",\"Legea Fatadelor\",\"Sector 2\",\"supraimpozit\",\"supraimpozit 500%\"],\"articleSection\":[\"Articole\",\"Prim\u0103rie\",\"\u0218tiri\"],\"inLanguage\":\"en-GB\",\"copyrightYear\":\"2024\",\"copyrightHolder\":{\"@id\":\"https:\\\/\\\/buletin.de\\\/bucuresti\\\/#organization\"}},{\"@type\":\"WebPage\",\"@id\":\"https:\\\/\\\/buletin.de\\\/bucuresti\\\/sector-2-supraimpozitare-de-500-pentru-proprietarii-cladirilor-degradate\\\/\",\"url\":\"https:\\\/\\\/buletin.de\\\/bucuresti\\\/sector-2-supraimpozitare-de-500-pentru-proprietarii-cladirilor-degradate\\\/\",\"name\":\"Sector 2 |\u00a0Supraimpozitare de 500% pentru proprietarii cl\u0103dirilor degradate - Buletin de Bucure\u0219ti\",\"isPartOf\":{\"@id\":\"https:\\\/\\\/buletin.de\\\/bucuresti\\\/#website\"},\"primaryImageOfPage\":{\"@id\":\"https:\\\/\\\/buletin.de\\\/bucuresti\\\/sector-2-supraimpozitare-de-500-pentru-proprietarii-cladirilor-degradate\\\/#primaryimage\"},\"image\":{\"@id\":\"https:\\\/\\\/buletin.de\\\/bucuresti\\\/sector-2-supraimpozitare-de-500-pentru-proprietarii-cladirilor-degradate\\\/#primaryimage\"},\"thumbnailUrl\":\"https:\\\/\\\/buletin.de\\\/bucuresti\\\/wp-content\\\/uploads\\\/Strada-Soltuzului.png\",\"datePublished\":\"2024-02-26T14:03:14+00:00\",\"breadcrumb\":{\"@id\":\"https:\\\/\\\/buletin.de\\\/bucuresti\\\/sector-2-supraimpozitare-de-500-pentru-proprietarii-cladirilor-degradate\\\/#breadcrumb\"},\"inLanguage\":\"en-GB\",\"potentialAction\":[{\"@type\":\"ReadAction\",\"target\":[\"https:\\\/\\\/buletin.de\\\/bucuresti\\\/sector-2-supraimpozitare-de-500-pentru-proprietarii-cladirilor-degradate\\\/\"]}]},{\"@type\":\"ImageObject\",\"inLanguage\":\"en-GB\",\"@id\":\"https:\\\/\\\/buletin.de\\\/bucuresti\\\/sector-2-supraimpozitare-de-500-pentru-proprietarii-cladirilor-degradate\\\/#primaryimage\",\"url\":\"https:\\\/\\\/buletin.de\\\/bucuresti\\\/wp-content\\\/uploads\\\/Strada-Soltuzului.png\",\"contentUrl\":\"https:\\\/\\\/buletin.de\\\/bucuresti\\\/wp-content\\\/uploads\\\/Strada-Soltuzului.png\",\"width\":865,\"height\":651,\"caption\":\"FOTO: Street View\"},{\"@type\":\"BreadcrumbList\",\"@id\":\"https:\\\/\\\/buletin.de\\\/bucuresti\\\/sector-2-supraimpozitare-de-500-pentru-proprietarii-cladirilor-degradate\\\/#breadcrumb\",\"itemListElement\":[{\"@type\":\"ListItem\",\"position\":1,\"name\":\"Acas\u0103\",\"item\":\"https:\\\/\\\/buletin.de\\\/bucuresti\\\/\"},{\"@type\":\"ListItem\",\"position\":2,\"name\":\"Sector 2 |\u00a0Supraimpozitare de 500% pentru proprietarii cl\u0103dirilor degradate\"}]},{\"@type\":\"WebSite\",\"@id\":\"https:\\\/\\\/buletin.de\\\/bucuresti\\\/#website\",\"url\":\"https:\\\/\\\/buletin.de\\\/bucuresti\\\/\",\"name\":\"Buletin de Bucure\u0219ti\",\"description\":\"\u0218tiri \u0219i investiga\u021bii esen\u021biale din capital\u0103\",\"publisher\":{\"@id\":\"https:\\\/\\\/buletin.de\\\/bucuresti\\\/#organization\"},\"potentialAction\":[{\"@type\":\"SearchAction\",\"target\":{\"@type\":\"EntryPoint\",\"urlTemplate\":\"https:\\\/\\\/buletin.de\\\/bucuresti\\\/?s={search_term_string}\"},\"query-input\":{\"@type\":\"PropertyValueSpecification\",\"valueRequired\":true,\"valueName\":\"search_term_string\"}}],\"inLanguage\":\"en-GB\"},{\"@type\":\"Organization\",\"@id\":\"https:\\\/\\\/buletin.de\\\/bucuresti\\\/#organization\",\"name\":\"Buletin de Bucure\u0219ti\",\"url\":\"https:\\\/\\\/buletin.de\\\/bucuresti\\\/\",\"logo\":{\"@type\":\"ImageObject\",\"inLanguage\":\"en-GB\",\"@id\":\"https:\\\/\\\/buletin.de\\\/bucuresti\\\/#\\\/schema\\\/logo\\\/image\\\/\",\"url\":\"https:\\\/\\\/buletin.de\\\/bucuresti\\\/wp-content\\\/uploads\\\/logo-bdb-full-wide-vernil-transparent.png\",\"contentUrl\":\"https:\\\/\\\/buletin.de\\\/bucuresti\\\/wp-content\\\/uploads\\\/logo-bdb-full-wide-vernil-transparent.png\",\"width\":1782,\"height\":626,\"caption\":\"Buletin de Bucure\u0219ti\"},\"image\":{\"@id\":\"https:\\\/\\\/buletin.de\\\/bucuresti\\\/#\\\/schema\\\/logo\\\/image\\\/\"},\"sameAs\":[\"https:\\\/\\\/www.facebook.com\\\/buletin.de.buc\",\"https:\\\/\\\/www.instagram.com\\\/buletinde.bucuresti\\\/\"]},{\"@type\":\"Person\",\"@id\":\"https:\\\/\\\/buletin.de\\\/bucuresti\\\/#\\\/schema\\\/person\\\/150590659efde715459d159da012f501\",\"name\":\"Andreea Tudor\",\"image\":{\"@type\":\"ImageObject\",\"inLanguage\":\"en-GB\",\"@id\":\"https:\\\/\\\/secure.gravatar.com\\\/avatar\\\/a88705a186ab0b67f3349bcbced506c09e37256fbaad0e7f3bd1a79b4599f589?s=96&d=monsterid&r=g79290610aa1a65c2b86eebc2ca5aee8f\",\"url\":\"https:\\\/\\\/secure.gravatar.com\\\/avatar\\\/a88705a186ab0b67f3349bcbced506c09e37256fbaad0e7f3bd1a79b4599f589?s=96&d=monsterid&r=g\",\"contentUrl\":\"https:\\\/\\\/secure.gravatar.com\\\/avatar\\\/a88705a186ab0b67f3349bcbced506c09e37256fbaad0e7f3bd1a79b4599f589?s=96&d=monsterid&r=g\",\"caption\":\"Andreea Tudor\"},\"description\":\"N\u0103scut\u0103 \u0219i crescut\u0103 \u00een Bucure\u0219ti, sus\u021bin\u0103toare a presei independente. A\u0219a am ajuns redactor la Buletin de Bucure\u0219ti. Fiind eu, \u00eens\u0103mi, parte a sistemului de \u00eenv\u0103\u021b\u0103m\u00e2nt rom\u00e2nesc \u0219i pasionat\u0103 de domeniul social, pun sub lup\u0103 tot ceea ce se \u00eent\u00e2mpl\u0103 \u00een sfera educa\u021biei. Cred cu t\u0103rie c\u0103 presa \u201epentru cet\u0103\u021beni\u201d este presa independent\u0103. Oamenii au nevoie de o informare corect\u0103 pentru a \u00een\u021belege pe deplin ce se \u00eent\u00e2mpl\u0103 \u00een jurul lor \u0219i pentru a lua ac\u021biune \u00eempotriva nedrept\u0103\u021bilor.\",\"url\":\"https:\\\/\\\/buletin.de\\\/bucuresti\\\/author\\\/andreeatudor\\\/\"}]}<\/script>\n<!-- \/ Yoast SEO Premium plugin. -->","yoast_head_json":{"title":"Sector 2 |\u00a0Supraimpozitare de 500% pentru proprietarii cl\u0103dirilor degradate - Buletin de Bucure\u0219ti","robots":{"index":"index","follow":"follow","max-snippet":"max-snippet:-1","max-image-preview":"max-image-preview:large","max-video-preview":"max-video-preview:-1"},"canonical":"https:\/\/buletin.de\/bucuresti\/sector-2-supraimpozitare-de-500-pentru-proprietarii-cladirilor-degradate\/","og_locale":"en_GB","og_type":"article","og_title":"Sector 2 |\u00a0Supraimpozitare de 500% pentru proprietarii cl\u0103dirilor degradate","og_description":"Impozitul cl\u0103dirilor ne\u00eentre\u021binute din sectorul 2 va cre\u0219te, din ianuarie, 2025 cu 500%. Suprataxarea vizeaz\u0103 \u0219ase adrese unde cel pu\u021bin fa\u021badele imobilelor sunt \u00eentr-o avansat\u0103 stare de degradare. Poli\u021bia Local\u0103 Sector 2 a f\u0103cut mai multe inspec\u021bii, \u00een urma c\u0103rora s-a constatat \u201estare tehnic\u0103 nesatisf\u0103c\u0103toare\u201d, se arat\u0103 \u00een proiectele de hot\u0103r\u00e2re de pe ordinea de [&hellip;]","og_url":"https:\/\/buletin.de\/bucuresti\/sector-2-supraimpozitare-de-500-pentru-proprietarii-cladirilor-degradate\/","og_site_name":"Buletin de Bucure\u0219ti","article_publisher":"https:\/\/www.facebook.com\/buletin.de.buc","article_published_time":"2024-02-26T14:03:14+00:00","og_image":[{"width":865,"height":651,"url":"https:\/\/buletin.de\/bucuresti\/wp-content\/uploads\/Strada-Soltuzului.png","type":"image\/png"}],"author":"Andreea Tudor","twitter_card":"summary_large_image","twitter_misc":{"Written by":"Andreea Tudor","Estimated reading time":"1 minute"},"schema":{"@context":"https:\/\/schema.org","@graph":[{"@type":"Article","@id":"https:\/\/buletin.de\/bucuresti\/sector-2-supraimpozitare-de-500-pentru-proprietarii-cladirilor-degradate\/#article","isPartOf":{"@id":"https:\/\/buletin.de\/bucuresti\/sector-2-supraimpozitare-de-500-pentru-proprietarii-cladirilor-degradate\/"},"author":{"name":"Andreea Tudor","@id":"https:\/\/buletin.de\/bucuresti\/#\/schema\/person\/150590659efde715459d159da012f501"},"headline":"Sector 2 |\u00a0Supraimpozitare de 500% pentru proprietarii cl\u0103dirilor degradate","datePublished":"2024-02-26T14:03:14+00:00","mainEntityOfPage":{"@id":"https:\/\/buletin.de\/bucuresti\/sector-2-supraimpozitare-de-500-pentru-proprietarii-cladirilor-degradate\/"},"wordCount":284,"publisher":{"@id":"https:\/\/buletin.de\/bucuresti\/#organization"},"image":{"@id":"https:\/\/buletin.de\/bucuresti\/sector-2-supraimpozitare-de-500-pentru-proprietarii-cladirilor-degradate\/#primaryimage"},"thumbnailUrl":"https:\/\/buletin.de\/bucuresti\/wp-content\/uploads\/Strada-Soltuzului.png","keywords":["cladiri degradate","fatade","Legea Fatadelor","Sector 2","supraimpozit","supraimpozit 500%"],"articleSection":["Articole","Prim\u0103rie","\u0218tiri"],"inLanguage":"en-GB","copyrightYear":"2024","copyrightHolder":{"@id":"https:\/\/buletin.de\/bucuresti\/#organization"}},{"@type":"WebPage","@id":"https:\/\/buletin.de\/bucuresti\/sector-2-supraimpozitare-de-500-pentru-proprietarii-cladirilor-degradate\/","url":"https:\/\/buletin.de\/bucuresti\/sector-2-supraimpozitare-de-500-pentru-proprietarii-cladirilor-degradate\/","name":"Sector 2 |\u00a0Supraimpozitare de 500% pentru proprietarii cl\u0103dirilor degradate - Buletin de Bucure\u0219ti","isPartOf":{"@id":"https:\/\/buletin.de\/bucuresti\/#website"},"primaryImageOfPage":{"@id":"https:\/\/buletin.de\/bucuresti\/sector-2-supraimpozitare-de-500-pentru-proprietarii-cladirilor-degradate\/#primaryimage"},"image":{"@id":"https:\/\/buletin.de\/bucuresti\/sector-2-supraimpozitare-de-500-pentru-proprietarii-cladirilor-degradate\/#primaryimage"},"thumbnailUrl":"https:\/\/buletin.de\/bucuresti\/wp-content\/uploads\/Strada-Soltuzului.png","datePublished":"2024-02-26T14:03:14+00:00","breadcrumb":{"@id":"https:\/\/buletin.de\/bucuresti\/sector-2-supraimpozitare-de-500-pentru-proprietarii-cladirilor-degradate\/#breadcrumb"},"inLanguage":"en-GB","potentialAction":[{"@type":"ReadAction","target":["https:\/\/buletin.de\/bucuresti\/sector-2-supraimpozitare-de-500-pentru-proprietarii-cladirilor-degradate\/"]}]},{"@type":"ImageObject","inLanguage":"en-GB","@id":"https:\/\/buletin.de\/bucuresti\/sector-2-supraimpozitare-de-500-pentru-proprietarii-cladirilor-degradate\/#primaryimage","url":"https:\/\/buletin.de\/bucuresti\/wp-content\/uploads\/Strada-Soltuzului.png","contentUrl":"https:\/\/buletin.de\/bucuresti\/wp-content\/uploads\/Strada-Soltuzului.png","width":865,"height":651,"caption":"FOTO: Street View"},{"@type":"BreadcrumbList","@id":"https:\/\/buletin.de\/bucuresti\/sector-2-supraimpozitare-de-500-pentru-proprietarii-cladirilor-degradate\/#breadcrumb","itemListElement":[{"@type":"ListItem","position":1,"name":"Acas\u0103","item":"https:\/\/buletin.de\/bucuresti\/"},{"@type":"ListItem","position":2,"name":"Sector 2 |\u00a0Supraimpozitare de 500% pentru proprietarii cl\u0103dirilor degradate"}]},{"@type":"WebSite","@id":"https:\/\/buletin.de\/bucuresti\/#website","url":"https:\/\/buletin.de\/bucuresti\/","name":"Buletin de Bucure\u0219ti","description":"\u0218tiri \u0219i investiga\u021bii esen\u021biale din capital\u0103","publisher":{"@id":"https:\/\/buletin.de\/bucuresti\/#organization"},"potentialAction":[{"@type":"SearchAction","target":{"@type":"EntryPoint","urlTemplate":"https:\/\/buletin.de\/bucuresti\/?s={search_term_string}"},"query-input":{"@type":"PropertyValueSpecification","valueRequired":true,"valueName":"search_term_string"}}],"inLanguage":"en-GB"},{"@type":"Organization","@id":"https:\/\/buletin.de\/bucuresti\/#organization","name":"Buletin de Bucure\u0219ti","url":"https:\/\/buletin.de\/bucuresti\/","logo":{"@type":"ImageObject","inLanguage":"en-GB","@id":"https:\/\/buletin.de\/bucuresti\/#\/schema\/logo\/image\/","url":"https:\/\/buletin.de\/bucuresti\/wp-content\/uploads\/logo-bdb-full-wide-vernil-transparent.png","contentUrl":"https:\/\/buletin.de\/bucuresti\/wp-content\/uploads\/logo-bdb-full-wide-vernil-transparent.png","width":1782,"height":626,"caption":"Buletin de Bucure\u0219ti"},"image":{"@id":"https:\/\/buletin.de\/bucuresti\/#\/schema\/logo\/image\/"},"sameAs":["https:\/\/www.facebook.com\/buletin.de.buc","https:\/\/www.instagram.com\/buletinde.bucuresti\/"]},{"@type":"Person","@id":"https:\/\/buletin.de\/bucuresti\/#\/schema\/person\/150590659efde715459d159da012f501","name":"Andreea Tudor","image":{"@type":"ImageObject","inLanguage":"en-GB","@id":"https:\/\/secure.gravatar.com\/avatar\/a88705a186ab0b67f3349bcbced506c09e37256fbaad0e7f3bd1a79b4599f589?s=96&d=monsterid&r=g79290610aa1a65c2b86eebc2ca5aee8f","url":"https:\/\/secure.gravatar.com\/avatar\/a88705a186ab0b67f3349bcbced506c09e37256fbaad0e7f3bd1a79b4599f589?s=96&d=monsterid&r=g","contentUrl":"https:\/\/secure.gravatar.com\/avatar\/a88705a186ab0b67f3349bcbced506c09e37256fbaad0e7f3bd1a79b4599f589?s=96&d=monsterid&r=g","caption":"Andreea Tudor"},"description":"N\u0103scut\u0103 \u0219i crescut\u0103 \u00een Bucure\u0219ti, sus\u021bin\u0103toare a presei independente. A\u0219a am ajuns redactor la Buletin de Bucure\u0219ti. Fiind eu, \u00eens\u0103mi, parte a sistemului de \u00eenv\u0103\u021b\u0103m\u00e2nt rom\u00e2nesc \u0219i pasionat\u0103 de domeniul social, pun sub lup\u0103 tot ceea ce se \u00eent\u00e2mpl\u0103 \u00een sfera educa\u021biei. Cred cu t\u0103rie c\u0103 presa \u201epentru cet\u0103\u021beni\u201d este presa independent\u0103. Oamenii au nevoie de o informare corect\u0103 pentru a \u00een\u021belege pe deplin ce se \u00eent\u00e2mpl\u0103 \u00een jurul lor \u0219i pentru a lua ac\u021biune \u00eempotriva nedrept\u0103\u021bilor.","url":"https:\/\/buletin.de\/bucuresti\/author\/andreeatudor\/"}]}},"authors":[{"term_id":22573,"user_id":55,"is_guest":0,"slug":"andreeatudor","display_name":"Andreea Tudor","avatar_url":"https:\/\/secure.gravatar.com\/avatar\/a88705a186ab0b67f3349bcbced506c09e37256fbaad0e7f3bd1a79b4599f589?s=96&d=monsterid&r=g","0":null,"1":"","2":"","3":"","4":"","5":"","6":"","7":"","8":""}],"_links":{"self":[{"href":"https:\/\/buletin.de\/bucuresti\/wp-json\/wp\/v2\/posts\/78466","targetHints":{"allow":["GET"]}}],"collection":[{"href":"https:\/\/buletin.de\/bucuresti\/wp-json\/wp\/v2\/posts"}],"about":[{"href":"https:\/\/buletin.de\/bucuresti\/wp-json\/wp\/v2\/types\/post"}],"author":[{"embeddable":true,"href":"https:\/\/buletin.de\/bucuresti\/wp-json\/wp\/v2\/users\/55"}],"replies":[{"embeddable":true,"href":"https:\/\/buletin.de\/bucuresti\/wp-json\/wp\/v2\/comments?post=78466"}],"version-history":[{"count":4,"href":"https:\/\/buletin.de\/bucuresti\/wp-json\/wp\/v2\/posts\/78466\/revisions"}],"predecessor-version":[{"id":78491,"href":"https:\/\/buletin.de\/bucuresti\/wp-json\/wp\/v2\/posts\/78466\/revisions\/78491"}],"wp:featuredmedia":[{"embeddable":true,"href":"https:\/\/buletin.de\/bucuresti\/wp-json\/wp\/v2\/media\/78468"}],"wp:attachment":[{"href":"https:\/\/buletin.de\/bucuresti\/wp-json\/wp\/v2\/media?parent=78466"}],"wp:term":[{"taxonomy":"category","embeddable":true,"href":"https:\/\/buletin.de\/bucuresti\/wp-json\/wp\/v2\/categories?post=78466"},{"taxonomy":"post_tag","embeddable":true,"href":"https:\/\/buletin.de\/bucuresti\/wp-json\/wp\/v2\/tags?post=78466"},{"taxonomy":"author","embeddable":true,"href":"https:\/\/buletin.de\/bucuresti\/wp-json\/wp\/v2\/ppma_author?post=78466"}],"curies":[{"name":"wp","href":"https:\/\/api.w.org\/{rel}","templated":true}]}}