{"id":78424,"date":"2024-02-26T09:58:29","date_gmt":"2024-02-26T07:58:29","guid":{"rendered":"https:\/\/buletin.de\/bucuresti\/?p=78424"},"modified":"2024-03-21T10:05:20","modified_gmt":"2024-03-21T08:05:20","slug":"sector-2-magda-catone-demersuri-pentru-un-teatru-in-zona-obor-cu-numele-lucian-pintilie","status":"publish","type":"post","link":"https:\/\/buletin.de\/bucuresti\/sector-2-magda-catone-demersuri-pentru-un-teatru-in-zona-obor-cu-numele-lucian-pintilie\/","title":{"rendered":"Sector 2 | Magda Catone, demersuri pentru un teatru \u00een zona Obor, cu numele \u201eLucian Pintilie\u201d"},"content":{"rendered":"\n<p>UPDATE:<\/p>\n\n\n\n<p>Proiectul a trecut de votul consilierilor locali.<\/p>\n\n\n\n<p>\u015eTIREA INI\u0162IAL\u0102:<\/p>\n\n\n\n<p>Un proiect de hot\u0103r\u00e2re care prevede achizi\u0163ionarea unei cl\u0103diri de pe strada Avrig \u015fi, ulterior, transformarea sa \u00een teatru, este pe ordinea de zi a Consiliului Local Sector 2, la \u015fedin\u0163a din data de 28 februarie. Potrivit documentului, Prim\u0103ria Sectorului 2 trebuie s\u0103 cear\u0103 Prim\u0103riei Capitalei achizi\u0163ia, care apoi ar trebui s\u0103 cedeze cl\u0103direa c\u0103tre unitatea de sector.<\/p>\n\n\n\n<p>Este vorba de un spa\u0163iu de peste 900 de metri p\u0103tra\u0163i de la adresa strada Avrig 1 care, \u00een trecut, a fost folosit ca studio de televiziune, cinematograf \u00een aer liber (pe terasa cl\u0103dirii) \u015fi atelier de produc\u0163ie al Teatrului Nottara. <\/p>\n\n\n\n<p>Ini\u0163iatoarea acestui proiect, actri\u0163a Magda Catone, care este \u015fi consilier local al Sectorului 2, spune c\u0103 \u201e<em>un spa\u0163iu dedicat spectacolelor \u00een imediata apropiere a Prim\u0103riei Sectorului 2, ar genera personalitate \u015fi ar reactiva \u00een forme contemporane vechile tradi\u0163ii. Acest teatru ar putea deveni un centrul capabil s\u0103 iradieze dinamic atr\u0103g\u00e2nd \u015fi alte experien\u0163e culturale<\/em>\u201d.<\/p>\n\n\n\n<blockquote class=\"wp-block-quote is-layout-flow wp-block-quote-is-layout-flow\">\n<p class=\"has-medium-font-size\">Tradi\u0163iile nu doar economice dar \u015fi culturale ale Oborului fac parte din mitologia esen\u0163ial\u0103 a vechiului Bucure\u015fti, exist\u0103 o iconografie bogat\u0103 pe acest\u0103 tem\u0103 \u015fi referin\u0163e semnificative \u00een cele mai importante descrieri ale ora\u015fului. T\u00e2rgul Mo\u015filor, devenit apoi Luna Parc, a fost un loc iubit pentru spectacolele lui cu o amprent\u0103 unic\u0103, spectacole care atr\u0103geau public din tot ora\u015ful. Dar acest mare spa\u0163iu dedicat spectacolelor a disp\u0103rut de mult timp.<\/p>\n<cite>magda catone, referat de aprobare<\/cite><\/blockquote>\n\n\n\n<p>Achizi\u0163ionarea imobilului \u0163ine de acordul Prim\u0103riei Capitalei. Abia dup\u0103 ce PMB d\u0103 und\u0103 verde ar putea fi preluat de Prim\u0103ria Sectorului 2 \u015fi transformat \u00eentr-un centrul cultural, pentru care Catone propune denumirea de \u201eLucian Pintilie\u201d (regizor de teatru \u015fi film cunoscut, printre altele, pentru filmul Terminus Paradis. S-a n\u0103scut \u00een 1933 \u015fi a murit \u00een 2018). <\/p>\n\n\n\n<blockquote class=\"wp-block-quote is-layout-flow wp-block-quote-is-layout-flow\">\n<p class=\"has-medium-font-size\">Un nou spa\u0163iu teatral ar putea g\u0103zdui \u00een mod programatic \u015fi filme care s\u0103 atrag\u0103 categorii importante de public, filme studen\u0163e\u015fti \u015fi filme de arhiv\u0103, experien\u0163e culturale care s\u0103 dea substan\u0163\u0103 \u015fi vitalitate acestui loc.<\/p>\n\n\n\n<p><\/p>\n<cite>magda catone, referat de aprobare<\/cite><\/blockquote>\n\n\n\n<p>\u00centr-unul dintre rapoartele de specialitate ata\u015fate proiectului de HCL, func\u0163ionarii Prim\u0103riei vorbesc despre oportunitatea proiectului. Potrivit lor, e nevoie, \u00een cartier, de un astfel de hub cultural: <em>Conform Strategiei Culturale a Municipiului Bucure\u015fti 2016-2026, infrastructura cultural\u0103 de pe raza municipiului Bucure\u015fti este concentrat\u0103 excesiv \u00een zona central\u0103 a ora\u015fului, exist\u00e2nd un deficit cronic \u00een zonele exterioare acesteia.<br>Astfel, se estimeaz\u0103 c\u0103 muzeele, bibliotecile \u015fi teatrele publice, spre exemplu, se afl\u0103 \u00een propor\u0163ie de 68% \u00een centrul ora\u015fului (o zon\u0103 de aproximativ 25 km2), 24% \u00een inelul central (68 km2) \u015fi doar 8% \u00een afara acestuia (155 km2)<\/em>.<\/p>\n\n\n\n<figure class=\"wp-block-image size-full\"><img fetchpriority=\"high\" decoding=\"async\" width=\"786\" height=\"449\" src=\"data:image\/gif;base64,R0lGODlhAQABAAAAACH5BAEKAAEALAAAAAABAAEAAAICTAEAOw==\" data-src=\"https:\/\/buletin.de\/bucuresti\/wp-content\/uploads\/harta-culturala-bucuresti.png\" alt=\"\" class=\"wp-image-78437 lazyload\" data-sizes=\"auto\" data-srcset=\"https:\/\/buletin.de\/bucuresti\/wp-content\/uploads\/harta-culturala-bucuresti.png 786w, https:\/\/buletin.de\/bucuresti\/wp-content\/uploads\/harta-culturala-bucuresti-300x171.png 300w, https:\/\/buletin.de\/bucuresti\/wp-content\/uploads\/harta-culturala-bucuresti-768x439.png 768w, https:\/\/buletin.de\/bucuresti\/wp-content\/uploads\/harta-culturala-bucuresti-600x343.png 600w, https:\/\/buletin.de\/bucuresti\/wp-content\/uploads\/harta-culturala-bucuresti-20x11.png 20w\" sizes=\"(max-width: 786px) 100vw, 786px\" \/><\/figure>\n\n\n\n<p><br><em>\u00cen plus, infrastructura cultural\u0103 este dezvoltat\u0103 cu prec\u0103dere \u00een centru \u015fi nord, urm\u00e2nd tendin\u0163ele de dezvoltare ale ora\u015fului spre nord, \u00een zona sudic\u0103 exist\u00e2nd foarte pu\u0163ine echipamente. Acestea sunt dezvoltate \u00eentr-o bun\u0103 m\u0103sur\u0103 pe o ax\u0103 nord-sud, ceea ce face ca prezen\u0163a lor \u00een zonele estice \u015fi vestice s\u0103 fie extrem de limitat\u0103. Compar\u00e2nd aceste date cu harta densit\u0103\u0163ii popula\u0163iei bucure\u015ftene, care locuie\u015fte \u00een propor\u0163ie de aproximativ 75% \u00een marile ansambluri de locuin\u0163e colective construite \u00een anii 1960-80 (unde un mare num\u0103r de locuitori \u00eempart spa\u0163iul public \u015fi func\u0163iunile publice), se observ\u0103 existen\u0163a unui deficit major de echipamente culturale \u00een proximitate pentru majoritatea bucure\u015ftenilor, o lips\u0103 cronic\u0103 de func\u0163iuni publice exist\u00e2nd \u015fi \u00een zonele reziden\u0163iale constituite.<\/em><\/p>\n\n\n\n<p>Conform func\u0163ionarilor din Prim\u0103rie, \u00een anii comunismului proprietatea de la adresa strada Avrig num\u0103rul 1 era \u00een posesia Teatrului Nottara, ca depozit. Ulterior, s-a f\u0103cut retrocedarea c\u0103tre proprietarul de dinainte de na\u0163ionalizare. Imobilul este monument istoric de clas\u0103 B. <\/p>\n\n\n\n<p><\/p>\n\n\n\n<p><strong>CITE\u015eTE \u015eI:<\/strong><\/p>\n\n\n\n<figure class=\"wp-block-embed is-type-wp-embed is-provider-buletin-de-bucure-ti wp-block-embed-buletin-de-bucure-ti\"><div class=\"wp-block-embed__wrapper\">\n<blockquote class=\"wp-embedded-content\" data-secret=\"FChEGkfQnW\"><a href=\"https:\/\/buletin.de\/bucuresti\/teatrul-stela-popescu-consolidat-cu-11-milioane-de-euro-de-la-bugetul-central\/\">Teatrul Stela Popescu, consolidat cu 11 milioane de euro, de la bugetul central<\/a><\/blockquote><iframe class=\"wp-embedded-content\" sandbox=\"allow-scripts\" security=\"restricted\" style=\"position: absolute; clip: rect(1px, 1px, 1px, 1px);\" title=\"&#8220;Teatrul Stela Popescu, consolidat cu 11 milioane de euro, de la bugetul central&#8221; &#8212; Buletin de Bucure\u0219ti\" src=\"https:\/\/buletin.de\/bucuresti\/teatrul-stela-popescu-consolidat-cu-11-milioane-de-euro-de-la-bugetul-central\/embed\/#?secret=bOXIMVWzqA#?secret=FChEGkfQnW\" data-secret=\"FChEGkfQnW\" width=\"600\" height=\"338\" frameborder=\"0\" marginwidth=\"0\" marginheight=\"0\" scrolling=\"no\"><\/iframe>\n<\/div><\/figure>\n","protected":false},"excerpt":{"rendered":"<p>UPDATE: Proiectul a trecut de votul consilierilor locali. \u015eTIREA INI\u0162IAL\u0102: Un proiect de hot\u0103r\u00e2re care prevede achizi\u0163ionarea unei cl\u0103diri de pe strada Avrig \u015fi, ulterior, transformarea sa \u00een teatru, este pe ordinea de zi a Consiliului Local Sector 2, la \u015fedin\u0163a din data de 28 februarie. Potrivit documentului, Prim\u0103ria Sectorului 2 trebuie s\u0103 cear\u0103 Prim\u0103riei [&hellip;]<\/p>\n","protected":false},"author":8,"featured_media":78434,"comment_status":"closed","ping_status":"open","sticky":false,"template":"","format":"standard","meta":{"_acf_changed":false,"inline_featured_image":false,"ngg_post_thumbnail":0,"footnotes":""},"categories":[6994,81,24,62],"tags":[1793,10076,10075,10078,10077],"ppma_author":[22586],"class_list":["post-78424","post","type-post","status-publish","format-standard","has-post-thumbnail","hentry","category-stiri-2","category-cultura","category-primarie","category-stiri","tag-magda-catone","tag-spatiu-cultural-sector-2","tag-teatru-avrig","tag-teatru-lucian-pintilie","tag-teatru-zona-obor-sector-2"],"acf":[],"yoast_head":"<!-- This site is optimized with the Yoast SEO Premium plugin v25.3 (Yoast SEO v27.4) - https:\/\/yoast.com\/product\/yoast-seo-premium-wordpress\/ -->\n<title>Sector 2 | Magda Catone, demersuri pentru un teatru \u00een zona Obor, cu numele \u201eLucian Pintilie\u201d - Buletin de Bucure\u0219ti<\/title>\n<meta name=\"robots\" content=\"index, follow, max-snippet:-1, max-image-preview:large, max-video-preview:-1\" \/>\n<link rel=\"canonical\" href=\"https:\/\/buletin.de\/bucuresti\/sector-2-magda-catone-demersuri-pentru-un-teatru-in-zona-obor-cu-numele-lucian-pintilie\/\" \/>\n<meta property=\"og:locale\" content=\"en_GB\" \/>\n<meta property=\"og:type\" content=\"article\" \/>\n<meta property=\"og:title\" content=\"Sector 2 | Magda Catone, demersuri pentru un teatru \u00een zona Obor, cu numele \u201eLucian Pintilie\u201d\" \/>\n<meta property=\"og:description\" content=\"UPDATE: Proiectul a trecut de votul consilierilor locali. \u015eTIREA INI\u0162IAL\u0102: Un proiect de hot\u0103r\u00e2re care prevede achizi\u0163ionarea unei cl\u0103diri de pe strada Avrig \u015fi, ulterior, transformarea sa \u00een teatru, este pe ordinea de zi a Consiliului Local Sector 2, la \u015fedin\u0163a din data de 28 februarie. Potrivit documentului, Prim\u0103ria Sectorului 2 trebuie s\u0103 cear\u0103 Prim\u0103riei [&hellip;]\" \/>\n<meta property=\"og:url\" content=\"https:\/\/buletin.de\/bucuresti\/sector-2-magda-catone-demersuri-pentru-un-teatru-in-zona-obor-cu-numele-lucian-pintilie\/\" \/>\n<meta property=\"og:site_name\" content=\"Buletin de Bucure\u0219ti\" \/>\n<meta property=\"article:publisher\" content=\"https:\/\/www.facebook.com\/buletin.de.buc\" \/>\n<meta property=\"article:published_time\" content=\"2024-02-26T07:58:29+00:00\" \/>\n<meta property=\"article:modified_time\" content=\"2024-03-21T08:05:20+00:00\" \/>\n<meta property=\"og:image\" content=\"https:\/\/buletin.de\/bucuresti\/wp-content\/uploads\/teatru-avrig.png\" \/>\n\t<meta property=\"og:image:width\" content=\"1508\" \/>\n\t<meta property=\"og:image:height\" content=\"748\" \/>\n\t<meta property=\"og:image:type\" content=\"image\/png\" \/>\n<meta name=\"author\" content=\"Ionu\u021b Lepa\" \/>\n<meta name=\"twitter:card\" content=\"summary_large_image\" \/>\n<meta name=\"twitter:label1\" content=\"Written by\" \/>\n\t<meta name=\"twitter:data1\" content=\"Ionu\u021b Lepa\" \/>\n\t<meta name=\"twitter:label2\" content=\"Estimated reading time\" \/>\n\t<meta name=\"twitter:data2\" content=\"3 minutes\" \/>\n<script type=\"application\/ld+json\" class=\"yoast-schema-graph\">{\"@context\":\"https:\\\/\\\/schema.org\",\"@graph\":[{\"@type\":\"Article\",\"@id\":\"https:\\\/\\\/buletin.de\\\/bucuresti\\\/sector-2-magda-catone-demersuri-pentru-un-teatru-in-zona-obor-cu-numele-lucian-pintilie\\\/#article\",\"isPartOf\":{\"@id\":\"https:\\\/\\\/buletin.de\\\/bucuresti\\\/sector-2-magda-catone-demersuri-pentru-un-teatru-in-zona-obor-cu-numele-lucian-pintilie\\\/\"},\"author\":{\"name\":\"Ionu\u021b Lepa\",\"@id\":\"https:\\\/\\\/buletin.de\\\/bucuresti\\\/#\\\/schema\\\/person\\\/5272b8a057b33890940b57b837fc4ce6\"},\"headline\":\"Sector 2 | Magda Catone, demersuri pentru un teatru \u00een zona Obor, cu numele \u201eLucian Pintilie\u201d\",\"datePublished\":\"2024-02-26T07:58:29+00:00\",\"dateModified\":\"2024-03-21T08:05:20+00:00\",\"mainEntityOfPage\":{\"@id\":\"https:\\\/\\\/buletin.de\\\/bucuresti\\\/sector-2-magda-catone-demersuri-pentru-un-teatru-in-zona-obor-cu-numele-lucian-pintilie\\\/\"},\"wordCount\":673,\"publisher\":{\"@id\":\"https:\\\/\\\/buletin.de\\\/bucuresti\\\/#organization\"},\"image\":{\"@id\":\"https:\\\/\\\/buletin.de\\\/bucuresti\\\/sector-2-magda-catone-demersuri-pentru-un-teatru-in-zona-obor-cu-numele-lucian-pintilie\\\/#primaryimage\"},\"thumbnailUrl\":\"https:\\\/\\\/buletin.de\\\/bucuresti\\\/wp-content\\\/uploads\\\/teatru-avrig.png\",\"keywords\":[\"magda catone\",\"spatiu cultural sector 2\",\"teatru avrig\",\"teatru lucian pintilie\",\"teatru zona obor sector 2\"],\"articleSection\":[\"Articole\",\"Cultur\u0103\",\"Prim\u0103rie\",\"\u0218tiri\"],\"inLanguage\":\"en-GB\",\"copyrightYear\":\"2024\",\"copyrightHolder\":{\"@id\":\"https:\\\/\\\/buletin.de\\\/bucuresti\\\/#organization\"}},{\"@type\":\"WebPage\",\"@id\":\"https:\\\/\\\/buletin.de\\\/bucuresti\\\/sector-2-magda-catone-demersuri-pentru-un-teatru-in-zona-obor-cu-numele-lucian-pintilie\\\/\",\"url\":\"https:\\\/\\\/buletin.de\\\/bucuresti\\\/sector-2-magda-catone-demersuri-pentru-un-teatru-in-zona-obor-cu-numele-lucian-pintilie\\\/\",\"name\":\"Sector 2 | Magda Catone, demersuri pentru un teatru \u00een zona Obor, cu numele \u201eLucian Pintilie\u201d - Buletin de Bucure\u0219ti\",\"isPartOf\":{\"@id\":\"https:\\\/\\\/buletin.de\\\/bucuresti\\\/#website\"},\"primaryImageOfPage\":{\"@id\":\"https:\\\/\\\/buletin.de\\\/bucuresti\\\/sector-2-magda-catone-demersuri-pentru-un-teatru-in-zona-obor-cu-numele-lucian-pintilie\\\/#primaryimage\"},\"image\":{\"@id\":\"https:\\\/\\\/buletin.de\\\/bucuresti\\\/sector-2-magda-catone-demersuri-pentru-un-teatru-in-zona-obor-cu-numele-lucian-pintilie\\\/#primaryimage\"},\"thumbnailUrl\":\"https:\\\/\\\/buletin.de\\\/bucuresti\\\/wp-content\\\/uploads\\\/teatru-avrig.png\",\"datePublished\":\"2024-02-26T07:58:29+00:00\",\"dateModified\":\"2024-03-21T08:05:20+00:00\",\"breadcrumb\":{\"@id\":\"https:\\\/\\\/buletin.de\\\/bucuresti\\\/sector-2-magda-catone-demersuri-pentru-un-teatru-in-zona-obor-cu-numele-lucian-pintilie\\\/#breadcrumb\"},\"inLanguage\":\"en-GB\",\"potentialAction\":[{\"@type\":\"ReadAction\",\"target\":[\"https:\\\/\\\/buletin.de\\\/bucuresti\\\/sector-2-magda-catone-demersuri-pentru-un-teatru-in-zona-obor-cu-numele-lucian-pintilie\\\/\"]}]},{\"@type\":\"ImageObject\",\"inLanguage\":\"en-GB\",\"@id\":\"https:\\\/\\\/buletin.de\\\/bucuresti\\\/sector-2-magda-catone-demersuri-pentru-un-teatru-in-zona-obor-cu-numele-lucian-pintilie\\\/#primaryimage\",\"url\":\"https:\\\/\\\/buletin.de\\\/bucuresti\\\/wp-content\\\/uploads\\\/teatru-avrig.png\",\"contentUrl\":\"https:\\\/\\\/buletin.de\\\/bucuresti\\\/wp-content\\\/uploads\\\/teatru-avrig.png\",\"width\":1508,\"height\":748,\"caption\":\"FOTO: Google Street View\"},{\"@type\":\"BreadcrumbList\",\"@id\":\"https:\\\/\\\/buletin.de\\\/bucuresti\\\/sector-2-magda-catone-demersuri-pentru-un-teatru-in-zona-obor-cu-numele-lucian-pintilie\\\/#breadcrumb\",\"itemListElement\":[{\"@type\":\"ListItem\",\"position\":1,\"name\":\"Acas\u0103\",\"item\":\"https:\\\/\\\/buletin.de\\\/bucuresti\\\/\"},{\"@type\":\"ListItem\",\"position\":2,\"name\":\"Sector 2 | Magda Catone, demersuri pentru un teatru \u00een zona Obor, cu numele \u201eLucian Pintilie\u201d\"}]},{\"@type\":\"WebSite\",\"@id\":\"https:\\\/\\\/buletin.de\\\/bucuresti\\\/#website\",\"url\":\"https:\\\/\\\/buletin.de\\\/bucuresti\\\/\",\"name\":\"Buletin de Bucure\u0219ti\",\"description\":\"\u0218tiri \u0219i investiga\u021bii esen\u021biale din capital\u0103\",\"publisher\":{\"@id\":\"https:\\\/\\\/buletin.de\\\/bucuresti\\\/#organization\"},\"potentialAction\":[{\"@type\":\"SearchAction\",\"target\":{\"@type\":\"EntryPoint\",\"urlTemplate\":\"https:\\\/\\\/buletin.de\\\/bucuresti\\\/?s={search_term_string}\"},\"query-input\":{\"@type\":\"PropertyValueSpecification\",\"valueRequired\":true,\"valueName\":\"search_term_string\"}}],\"inLanguage\":\"en-GB\"},{\"@type\":\"Organization\",\"@id\":\"https:\\\/\\\/buletin.de\\\/bucuresti\\\/#organization\",\"name\":\"Buletin de Bucure\u0219ti\",\"url\":\"https:\\\/\\\/buletin.de\\\/bucuresti\\\/\",\"logo\":{\"@type\":\"ImageObject\",\"inLanguage\":\"en-GB\",\"@id\":\"https:\\\/\\\/buletin.de\\\/bucuresti\\\/#\\\/schema\\\/logo\\\/image\\\/\",\"url\":\"https:\\\/\\\/buletin.de\\\/bucuresti\\\/wp-content\\\/uploads\\\/logo-bdb-full-wide-vernil-transparent.png\",\"contentUrl\":\"https:\\\/\\\/buletin.de\\\/bucuresti\\\/wp-content\\\/uploads\\\/logo-bdb-full-wide-vernil-transparent.png\",\"width\":1782,\"height\":626,\"caption\":\"Buletin de Bucure\u0219ti\"},\"image\":{\"@id\":\"https:\\\/\\\/buletin.de\\\/bucuresti\\\/#\\\/schema\\\/logo\\\/image\\\/\"},\"sameAs\":[\"https:\\\/\\\/www.facebook.com\\\/buletin.de.buc\",\"https:\\\/\\\/www.instagram.com\\\/buletinde.bucuresti\\\/\"]},{\"@type\":\"Person\",\"@id\":\"https:\\\/\\\/buletin.de\\\/bucuresti\\\/#\\\/schema\\\/person\\\/5272b8a057b33890940b57b837fc4ce6\",\"name\":\"Ionu\u021b Lepa\",\"image\":{\"@type\":\"ImageObject\",\"inLanguage\":\"en-GB\",\"@id\":\"https:\\\/\\\/buletin.de\\\/bucuresti\\\/wp-content\\\/uploads\\\/Ionut-Lepa-96x96.jpg5c4e4d9e049808799a8821652d2410a4\",\"url\":\"https:\\\/\\\/buletin.de\\\/bucuresti\\\/wp-content\\\/uploads\\\/Ionut-Lepa-96x96.jpg\",\"contentUrl\":\"https:\\\/\\\/buletin.de\\\/bucuresti\\\/wp-content\\\/uploads\\\/Ionut-Lepa-96x96.jpg\",\"caption\":\"Ionu\u021b Lepa\"},\"url\":\"https:\\\/\\\/buletin.de\\\/bucuresti\\\/author\\\/ionutlepa\\\/\"}]}<\/script>\n<!-- \/ Yoast SEO Premium plugin. -->","yoast_head_json":{"title":"Sector 2 | Magda Catone, demersuri pentru un teatru \u00een zona Obor, cu numele \u201eLucian Pintilie\u201d - Buletin de Bucure\u0219ti","robots":{"index":"index","follow":"follow","max-snippet":"max-snippet:-1","max-image-preview":"max-image-preview:large","max-video-preview":"max-video-preview:-1"},"canonical":"https:\/\/buletin.de\/bucuresti\/sector-2-magda-catone-demersuri-pentru-un-teatru-in-zona-obor-cu-numele-lucian-pintilie\/","og_locale":"en_GB","og_type":"article","og_title":"Sector 2 | Magda Catone, demersuri pentru un teatru \u00een zona Obor, cu numele \u201eLucian Pintilie\u201d","og_description":"UPDATE: Proiectul a trecut de votul consilierilor locali. \u015eTIREA INI\u0162IAL\u0102: Un proiect de hot\u0103r\u00e2re care prevede achizi\u0163ionarea unei cl\u0103diri de pe strada Avrig \u015fi, ulterior, transformarea sa \u00een teatru, este pe ordinea de zi a Consiliului Local Sector 2, la \u015fedin\u0163a din data de 28 februarie. Potrivit documentului, Prim\u0103ria Sectorului 2 trebuie s\u0103 cear\u0103 Prim\u0103riei [&hellip;]","og_url":"https:\/\/buletin.de\/bucuresti\/sector-2-magda-catone-demersuri-pentru-un-teatru-in-zona-obor-cu-numele-lucian-pintilie\/","og_site_name":"Buletin de Bucure\u0219ti","article_publisher":"https:\/\/www.facebook.com\/buletin.de.buc","article_published_time":"2024-02-26T07:58:29+00:00","article_modified_time":"2024-03-21T08:05:20+00:00","og_image":[{"width":1508,"height":748,"url":"https:\/\/buletin.de\/bucuresti\/wp-content\/uploads\/teatru-avrig.png","type":"image\/png"}],"author":"Ionu\u021b Lepa","twitter_card":"summary_large_image","twitter_misc":{"Written by":"Ionu\u021b Lepa","Estimated reading time":"3 minutes"},"schema":{"@context":"https:\/\/schema.org","@graph":[{"@type":"Article","@id":"https:\/\/buletin.de\/bucuresti\/sector-2-magda-catone-demersuri-pentru-un-teatru-in-zona-obor-cu-numele-lucian-pintilie\/#article","isPartOf":{"@id":"https:\/\/buletin.de\/bucuresti\/sector-2-magda-catone-demersuri-pentru-un-teatru-in-zona-obor-cu-numele-lucian-pintilie\/"},"author":{"name":"Ionu\u021b Lepa","@id":"https:\/\/buletin.de\/bucuresti\/#\/schema\/person\/5272b8a057b33890940b57b837fc4ce6"},"headline":"Sector 2 | Magda Catone, demersuri pentru un teatru \u00een zona Obor, cu numele \u201eLucian Pintilie\u201d","datePublished":"2024-02-26T07:58:29+00:00","dateModified":"2024-03-21T08:05:20+00:00","mainEntityOfPage":{"@id":"https:\/\/buletin.de\/bucuresti\/sector-2-magda-catone-demersuri-pentru-un-teatru-in-zona-obor-cu-numele-lucian-pintilie\/"},"wordCount":673,"publisher":{"@id":"https:\/\/buletin.de\/bucuresti\/#organization"},"image":{"@id":"https:\/\/buletin.de\/bucuresti\/sector-2-magda-catone-demersuri-pentru-un-teatru-in-zona-obor-cu-numele-lucian-pintilie\/#primaryimage"},"thumbnailUrl":"https:\/\/buletin.de\/bucuresti\/wp-content\/uploads\/teatru-avrig.png","keywords":["magda catone","spatiu cultural sector 2","teatru avrig","teatru lucian pintilie","teatru zona obor sector 2"],"articleSection":["Articole","Cultur\u0103","Prim\u0103rie","\u0218tiri"],"inLanguage":"en-GB","copyrightYear":"2024","copyrightHolder":{"@id":"https:\/\/buletin.de\/bucuresti\/#organization"}},{"@type":"WebPage","@id":"https:\/\/buletin.de\/bucuresti\/sector-2-magda-catone-demersuri-pentru-un-teatru-in-zona-obor-cu-numele-lucian-pintilie\/","url":"https:\/\/buletin.de\/bucuresti\/sector-2-magda-catone-demersuri-pentru-un-teatru-in-zona-obor-cu-numele-lucian-pintilie\/","name":"Sector 2 | Magda Catone, demersuri pentru un teatru \u00een zona Obor, cu numele \u201eLucian Pintilie\u201d - Buletin de Bucure\u0219ti","isPartOf":{"@id":"https:\/\/buletin.de\/bucuresti\/#website"},"primaryImageOfPage":{"@id":"https:\/\/buletin.de\/bucuresti\/sector-2-magda-catone-demersuri-pentru-un-teatru-in-zona-obor-cu-numele-lucian-pintilie\/#primaryimage"},"image":{"@id":"https:\/\/buletin.de\/bucuresti\/sector-2-magda-catone-demersuri-pentru-un-teatru-in-zona-obor-cu-numele-lucian-pintilie\/#primaryimage"},"thumbnailUrl":"https:\/\/buletin.de\/bucuresti\/wp-content\/uploads\/teatru-avrig.png","datePublished":"2024-02-26T07:58:29+00:00","dateModified":"2024-03-21T08:05:20+00:00","breadcrumb":{"@id":"https:\/\/buletin.de\/bucuresti\/sector-2-magda-catone-demersuri-pentru-un-teatru-in-zona-obor-cu-numele-lucian-pintilie\/#breadcrumb"},"inLanguage":"en-GB","potentialAction":[{"@type":"ReadAction","target":["https:\/\/buletin.de\/bucuresti\/sector-2-magda-catone-demersuri-pentru-un-teatru-in-zona-obor-cu-numele-lucian-pintilie\/"]}]},{"@type":"ImageObject","inLanguage":"en-GB","@id":"https:\/\/buletin.de\/bucuresti\/sector-2-magda-catone-demersuri-pentru-un-teatru-in-zona-obor-cu-numele-lucian-pintilie\/#primaryimage","url":"https:\/\/buletin.de\/bucuresti\/wp-content\/uploads\/teatru-avrig.png","contentUrl":"https:\/\/buletin.de\/bucuresti\/wp-content\/uploads\/teatru-avrig.png","width":1508,"height":748,"caption":"FOTO: Google Street View"},{"@type":"BreadcrumbList","@id":"https:\/\/buletin.de\/bucuresti\/sector-2-magda-catone-demersuri-pentru-un-teatru-in-zona-obor-cu-numele-lucian-pintilie\/#breadcrumb","itemListElement":[{"@type":"ListItem","position":1,"name":"Acas\u0103","item":"https:\/\/buletin.de\/bucuresti\/"},{"@type":"ListItem","position":2,"name":"Sector 2 | Magda Catone, demersuri pentru un teatru \u00een zona Obor, cu numele \u201eLucian Pintilie\u201d"}]},{"@type":"WebSite","@id":"https:\/\/buletin.de\/bucuresti\/#website","url":"https:\/\/buletin.de\/bucuresti\/","name":"Buletin de Bucure\u0219ti","description":"\u0218tiri \u0219i investiga\u021bii esen\u021biale din capital\u0103","publisher":{"@id":"https:\/\/buletin.de\/bucuresti\/#organization"},"potentialAction":[{"@type":"SearchAction","target":{"@type":"EntryPoint","urlTemplate":"https:\/\/buletin.de\/bucuresti\/?s={search_term_string}"},"query-input":{"@type":"PropertyValueSpecification","valueRequired":true,"valueName":"search_term_string"}}],"inLanguage":"en-GB"},{"@type":"Organization","@id":"https:\/\/buletin.de\/bucuresti\/#organization","name":"Buletin de Bucure\u0219ti","url":"https:\/\/buletin.de\/bucuresti\/","logo":{"@type":"ImageObject","inLanguage":"en-GB","@id":"https:\/\/buletin.de\/bucuresti\/#\/schema\/logo\/image\/","url":"https:\/\/buletin.de\/bucuresti\/wp-content\/uploads\/logo-bdb-full-wide-vernil-transparent.png","contentUrl":"https:\/\/buletin.de\/bucuresti\/wp-content\/uploads\/logo-bdb-full-wide-vernil-transparent.png","width":1782,"height":626,"caption":"Buletin de Bucure\u0219ti"},"image":{"@id":"https:\/\/buletin.de\/bucuresti\/#\/schema\/logo\/image\/"},"sameAs":["https:\/\/www.facebook.com\/buletin.de.buc","https:\/\/www.instagram.com\/buletinde.bucuresti\/"]},{"@type":"Person","@id":"https:\/\/buletin.de\/bucuresti\/#\/schema\/person\/5272b8a057b33890940b57b837fc4ce6","name":"Ionu\u021b Lepa","image":{"@type":"ImageObject","inLanguage":"en-GB","@id":"https:\/\/buletin.de\/bucuresti\/wp-content\/uploads\/Ionut-Lepa-96x96.jpg5c4e4d9e049808799a8821652d2410a4","url":"https:\/\/buletin.de\/bucuresti\/wp-content\/uploads\/Ionut-Lepa-96x96.jpg","contentUrl":"https:\/\/buletin.de\/bucuresti\/wp-content\/uploads\/Ionut-Lepa-96x96.jpg","caption":"Ionu\u021b Lepa"},"url":"https:\/\/buletin.de\/bucuresti\/author\/ionutlepa\/"}]}},"authors":[{"term_id":22586,"user_id":8,"is_guest":0,"slug":"ionutlepa","display_name":"Ionu\u021b Lepa","avatar_url":"https:\/\/buletin.de\/bucuresti\/wp-content\/uploads\/Ionut-Lepa-96x96.jpg","0":null,"1":"","2":"","3":"","4":"","5":"","6":"","7":"","8":""}],"_links":{"self":[{"href":"https:\/\/buletin.de\/bucuresti\/wp-json\/wp\/v2\/posts\/78424","targetHints":{"allow":["GET"]}}],"collection":[{"href":"https:\/\/buletin.de\/bucuresti\/wp-json\/wp\/v2\/posts"}],"about":[{"href":"https:\/\/buletin.de\/bucuresti\/wp-json\/wp\/v2\/types\/post"}],"author":[{"embeddable":true,"href":"https:\/\/buletin.de\/bucuresti\/wp-json\/wp\/v2\/users\/8"}],"replies":[{"embeddable":true,"href":"https:\/\/buletin.de\/bucuresti\/wp-json\/wp\/v2\/comments?post=78424"}],"version-history":[{"count":4,"href":"https:\/\/buletin.de\/bucuresti\/wp-json\/wp\/v2\/posts\/78424\/revisions"}],"predecessor-version":[{"id":80616,"href":"https:\/\/buletin.de\/bucuresti\/wp-json\/wp\/v2\/posts\/78424\/revisions\/80616"}],"wp:featuredmedia":[{"embeddable":true,"href":"https:\/\/buletin.de\/bucuresti\/wp-json\/wp\/v2\/media\/78434"}],"wp:attachment":[{"href":"https:\/\/buletin.de\/bucuresti\/wp-json\/wp\/v2\/media?parent=78424"}],"wp:term":[{"taxonomy":"category","embeddable":true,"href":"https:\/\/buletin.de\/bucuresti\/wp-json\/wp\/v2\/categories?post=78424"},{"taxonomy":"post_tag","embeddable":true,"href":"https:\/\/buletin.de\/bucuresti\/wp-json\/wp\/v2\/tags?post=78424"},{"taxonomy":"author","embeddable":true,"href":"https:\/\/buletin.de\/bucuresti\/wp-json\/wp\/v2\/ppma_author?post=78424"}],"curies":[{"name":"wp","href":"https:\/\/api.w.org\/{rel}","templated":true}]}}