{"id":78357,"date":"2024-02-25T06:50:00","date_gmt":"2024-02-25T04:50:00","guid":{"rendered":"https:\/\/buletin.de\/bucuresti\/?p=78357"},"modified":"2024-02-24T20:13:26","modified_gmt":"2024-02-24T18:13:26","slug":"sector-6-statie-gratuita-de-reparat-biciclete-in-zona-lacul-morii","status":"publish","type":"post","link":"https:\/\/buletin.de\/bucuresti\/sector-6-statie-gratuita-de-reparat-biciclete-in-zona-lacul-morii\/","title":{"rendered":"Sector 6 |  Sta\u021bie gratuit\u0103 de reparat biciclete, \u00een zona Lacul Morii"},"content":{"rendered":"\n<p><strong>Prim\u0103ria Sectorului 6 anun\u021b\u0103 c<strong>\u0103<\/strong> a fost montat\u0103 prima sta\u021bie de reparat biciclete. Aceasta se afl\u01ce l\u00e2ng\u0103 parcarea de biciclete de la Cr\u00e2nga\u0219i.\u00a0<\/strong><\/p>\n\n\n\n<p>Potrivit autorit\u0103\u021bilor, zona de amplasare a sta\u021biei a fost aleas\u0103 pentru c\u0103 mul\u021bi bucure\u0219teni vin s\u0103 se plimbe cu bicicleta, \u00een zona Lacului Morii.<\/p>\n\n\n\n<p><strong>Sta\u021bia con\u021bine:<\/strong><\/p>\n\n\n\n<ul class=\"wp-block-list\">\n<li>\u0219urubelni\u021be plate \u0219i \u00een cruce;<\/li>\n\n\n\n<li>chei normale \u0219i de tip imbus;<\/li>\n\n\n\n<li>pomp\u0103 pentru ro\u021bi.&nbsp;<\/li>\n<\/ul>\n\n\n\n<p>Cu ajutorul acestora, se pot regla schimb\u0103toarele \u0219i fr\u00e2nele, schimba anvelopele, umfla ro\u021bile sau str\u00e2nge piuli\u021bele \u0219i pedalele.<\/p>\n\n\n\n<figure class=\"wp-block-gallery has-nested-images columns-default is-cropped wp-block-gallery-1 is-layout-flex wp-block-gallery-is-layout-flex\">\n<figure class=\"wp-block-image size-large\"><img fetchpriority=\"high\" decoding=\"async\" width=\"698\" height=\"520\" data-id=\"78362\" src=\"data:image\/gif;base64,R0lGODlhAQABAAAAACH5BAEKAAEALAAAAAABAAEAAAICTAEAOw==\" data-src=\"https:\/\/buletin.de\/bucuresti\/wp-content\/uploads\/Screenshot-2024-02-24-at-18.39.23.png\" alt=\"\" class=\"wp-image-78362 lazyload\" data-sizes=\"auto\" data-srcset=\"https:\/\/buletin.de\/bucuresti\/wp-content\/uploads\/Screenshot-2024-02-24-at-18.39.23.png 698w, https:\/\/buletin.de\/bucuresti\/wp-content\/uploads\/Screenshot-2024-02-24-at-18.39.23-300x223.png 300w, https:\/\/buletin.de\/bucuresti\/wp-content\/uploads\/Screenshot-2024-02-24-at-18.39.23-600x447.png 600w, https:\/\/buletin.de\/bucuresti\/wp-content\/uploads\/Screenshot-2024-02-24-at-18.39.23-20x15.png 20w\" sizes=\"(max-width: 698px) 100vw, 698px\" \/><\/figure>\n\n\n\n<figure class=\"wp-block-image size-large\"><img decoding=\"async\" width=\"525\" height=\"525\" data-id=\"78361\" src=\"data:image\/gif;base64,R0lGODlhAQABAAAAACH5BAEKAAEALAAAAAABAAEAAAICTAEAOw==\" data-src=\"https:\/\/buletin.de\/bucuresti\/wp-content\/uploads\/Screenshot-2024-02-24-at-18.39.44.png\" alt=\"\" class=\"wp-image-78361 lazyload\" data-sizes=\"auto\" data-srcset=\"https:\/\/buletin.de\/bucuresti\/wp-content\/uploads\/Screenshot-2024-02-24-at-18.39.44.png 525w, https:\/\/buletin.de\/bucuresti\/wp-content\/uploads\/Screenshot-2024-02-24-at-18.39.44-300x300.png 300w, https:\/\/buletin.de\/bucuresti\/wp-content\/uploads\/Screenshot-2024-02-24-at-18.39.44-150x150.png 150w, https:\/\/buletin.de\/bucuresti\/wp-content\/uploads\/Screenshot-2024-02-24-at-18.39.44-20x20.png 20w\" sizes=\"(max-width: 525px) 100vw, 525px\" \/><\/figure>\n\n\n\n<figure class=\"wp-block-image size-large\"><img decoding=\"async\" width=\"900\" height=\"623\" data-id=\"78363\" src=\"data:image\/gif;base64,R0lGODlhAQABAAAAACH5BAEKAAEALAAAAAABAAEAAAICTAEAOw==\" data-src=\"https:\/\/buletin.de\/bucuresti\/wp-content\/uploads\/Screenshot-2024-02-24-at-18.39.57-900x623.png\" alt=\"\" class=\"wp-image-78363 lazyload\" data-sizes=\"auto\" data-srcset=\"https:\/\/buletin.de\/bucuresti\/wp-content\/uploads\/Screenshot-2024-02-24-at-18.39.57-900x623.png 900w, https:\/\/buletin.de\/bucuresti\/wp-content\/uploads\/Screenshot-2024-02-24-at-18.39.57-300x208.png 300w, https:\/\/buletin.de\/bucuresti\/wp-content\/uploads\/Screenshot-2024-02-24-at-18.39.57-768x532.png 768w, https:\/\/buletin.de\/bucuresti\/wp-content\/uploads\/Screenshot-2024-02-24-at-18.39.57-600x415.png 600w, https:\/\/buletin.de\/bucuresti\/wp-content\/uploads\/Screenshot-2024-02-24-at-18.39.57-20x14.png 20w, https:\/\/buletin.de\/bucuresti\/wp-content\/uploads\/Screenshot-2024-02-24-at-18.39.57.png 942w\" sizes=\"(max-width: 900px) 100vw, 900px\" \/><\/figure>\n<\/figure>\n\n\n\n<p>Serviciile sunt gratuite, anun\u021b\u0103 Prim\u0103ria Sectorului 6. Sta\u021bia este una pilot, iar dac\u0103 va fi util\u0103 vor fi montate \u0219i altele, \u00een alte zone.<\/p>\n\n\n\n<p><strong>CITE\u0218TE \u0218I:<\/strong><\/p>\n\n\n\n<figure class=\"wp-block-embed is-type-wp-embed is-provider-buletin-de-bucure-ti wp-block-embed-buletin-de-bucure-ti\"><div class=\"wp-block-embed__wrapper\">\n<blockquote class=\"wp-embedded-content\" data-secret=\"61r5nx0orA\"><a href=\"https:\/\/buletin.de\/bucuresti\/sector-6-i-masinile-uitate-pe-domeniul-public-ridicate-si-duse-la-casat\/\">Sector 6 I Ma\u0219inile \u201euitate\u201d pe domeniul public, ridicate \u0219i duse la casat<\/a><\/blockquote><iframe class=\"wp-embedded-content\" sandbox=\"allow-scripts\" security=\"restricted\" style=\"position: absolute; clip: rect(1px, 1px, 1px, 1px);\" title=\"&#8220;Sector 6 I Ma\u0219inile \u201euitate\u201d pe domeniul public, ridicate \u0219i duse la casat&#8221; &#8212; Buletin de Bucure\u0219ti\" src=\"https:\/\/buletin.de\/bucuresti\/sector-6-i-masinile-uitate-pe-domeniul-public-ridicate-si-duse-la-casat\/embed\/#?secret=Plij93HInj#?secret=61r5nx0orA\" data-secret=\"61r5nx0orA\" width=\"600\" height=\"338\" frameborder=\"0\" marginwidth=\"0\" marginheight=\"0\" scrolling=\"no\"><\/iframe>\n<\/div><\/figure>\n","protected":false},"excerpt":{"rendered":"<p>Prim\u0103ria Sectorului 6 anun\u021b\u0103 c\u0103 a fost montat\u0103 prima sta\u021bie de reparat biciclete. Aceasta se afl\u01ce l\u00e2ng\u0103 parcarea de biciclete de la Cr\u00e2nga\u0219i.\u00a0 Potrivit autorit\u0103\u021bilor, zona de amplasare a sta\u021biei a fost aleas\u0103 pentru c\u0103 mul\u021bi bucure\u0219teni vin s\u0103 se plimbe cu bicicleta, \u00een zona Lacului Morii. Sta\u021bia con\u021bine: Cu ajutorul acestora, se pot regla [&hellip;]<\/p>\n","protected":false},"author":49,"featured_media":78360,"comment_status":"closed","ping_status":"open","sticky":false,"template":"","format":"standard","meta":{"_acf_changed":false,"inline_featured_image":false,"ngg_post_thumbnail":0,"footnotes":""},"categories":[24,62,650],"tags":[5273,523,10062],"ppma_author":[22574],"class_list":["post-78357","post","type-post","status-publish","format-standard","has-post-thumbnail","hentry","category-primarie","category-stiri","category-transport","tag-lacul-morii","tag-sector-6","tag-statie-reparat-biciclete"],"acf":[],"yoast_head":"<!-- This site is optimized with the Yoast SEO Premium plugin v25.3 (Yoast SEO v27.4) - https:\/\/yoast.com\/product\/yoast-seo-premium-wordpress\/ -->\n<title>Sector 6 | Sta\u021bie gratuit\u0103 de reparat biciclete, \u00een zona Lacul Morii - Buletin de Bucure\u0219ti<\/title>\n<meta name=\"robots\" content=\"index, follow, max-snippet:-1, max-image-preview:large, max-video-preview:-1\" \/>\n<link rel=\"canonical\" href=\"https:\/\/buletin.de\/bucuresti\/sector-6-statie-gratuita-de-reparat-biciclete-in-zona-lacul-morii\/\" \/>\n<meta property=\"og:locale\" content=\"en_GB\" \/>\n<meta property=\"og:type\" content=\"article\" \/>\n<meta property=\"og:title\" content=\"Sector 6 | Sta\u021bie gratuit\u0103 de reparat biciclete, \u00een zona Lacul Morii\" \/>\n<meta property=\"og:description\" content=\"Prim\u0103ria Sectorului 6 anun\u021b\u0103 c\u0103 a fost montat\u0103 prima sta\u021bie de reparat biciclete. Aceasta se afl\u01ce l\u00e2ng\u0103 parcarea de biciclete de la Cr\u00e2nga\u0219i.\u00a0 Potrivit autorit\u0103\u021bilor, zona de amplasare a sta\u021biei a fost aleas\u0103 pentru c\u0103 mul\u021bi bucure\u0219teni vin s\u0103 se plimbe cu bicicleta, \u00een zona Lacului Morii. Sta\u021bia con\u021bine: Cu ajutorul acestora, se pot regla [&hellip;]\" \/>\n<meta property=\"og:url\" content=\"https:\/\/buletin.de\/bucuresti\/sector-6-statie-gratuita-de-reparat-biciclete-in-zona-lacul-morii\/\" \/>\n<meta property=\"og:site_name\" content=\"Buletin de Bucure\u0219ti\" \/>\n<meta property=\"article:publisher\" content=\"https:\/\/www.facebook.com\/buletin.de.buc\" \/>\n<meta property=\"article:published_time\" content=\"2024-02-25T04:50:00+00:00\" \/>\n<meta property=\"og:image\" content=\"https:\/\/buletin.de\/bucuresti\/wp-content\/uploads\/Screenshot-2024-02-24-at-18.32.01.png\" \/>\n\t<meta property=\"og:image:width\" content=\"944\" \/>\n\t<meta property=\"og:image:height\" content=\"609\" \/>\n\t<meta property=\"og:image:type\" content=\"image\/png\" \/>\n<meta name=\"author\" content=\"Diana Matei\" \/>\n<meta name=\"twitter:card\" content=\"summary_large_image\" \/>\n<meta name=\"twitter:label1\" content=\"Written by\" \/>\n\t<meta name=\"twitter:data1\" content=\"Diana Matei\" \/>\n\t<meta name=\"twitter:label2\" content=\"Estimated reading time\" \/>\n\t<meta name=\"twitter:data2\" content=\"1 minute\" \/>\n<script type=\"application\/ld+json\" class=\"yoast-schema-graph\">{\"@context\":\"https:\\\/\\\/schema.org\",\"@graph\":[{\"@type\":\"Article\",\"@id\":\"https:\\\/\\\/buletin.de\\\/bucuresti\\\/sector-6-statie-gratuita-de-reparat-biciclete-in-zona-lacul-morii\\\/#article\",\"isPartOf\":{\"@id\":\"https:\\\/\\\/buletin.de\\\/bucuresti\\\/sector-6-statie-gratuita-de-reparat-biciclete-in-zona-lacul-morii\\\/\"},\"author\":{\"name\":\"Diana Matei\",\"@id\":\"https:\\\/\\\/buletin.de\\\/bucuresti\\\/#\\\/schema\\\/person\\\/7e46040573290777280a0835d81ea4ea\"},\"headline\":\"Sector 6 | Sta\u021bie gratuit\u0103 de reparat biciclete, \u00een zona Lacul Morii\",\"datePublished\":\"2024-02-25T04:50:00+00:00\",\"mainEntityOfPage\":{\"@id\":\"https:\\\/\\\/buletin.de\\\/bucuresti\\\/sector-6-statie-gratuita-de-reparat-biciclete-in-zona-lacul-morii\\\/\"},\"wordCount\":144,\"publisher\":{\"@id\":\"https:\\\/\\\/buletin.de\\\/bucuresti\\\/#organization\"},\"image\":{\"@id\":\"https:\\\/\\\/buletin.de\\\/bucuresti\\\/sector-6-statie-gratuita-de-reparat-biciclete-in-zona-lacul-morii\\\/#primaryimage\"},\"thumbnailUrl\":\"https:\\\/\\\/buletin.de\\\/bucuresti\\\/wp-content\\\/uploads\\\/Screenshot-2024-02-24-at-18.32.01.png\",\"keywords\":[\"lacul morii\",\"Sector 6\",\"statie reparat biciclete\"],\"articleSection\":[\"Prim\u0103rie\",\"\u0218tiri\",\"Transport\"],\"inLanguage\":\"en-GB\",\"copyrightYear\":\"2024\",\"copyrightHolder\":{\"@id\":\"https:\\\/\\\/buletin.de\\\/bucuresti\\\/#organization\"}},{\"@type\":\"WebPage\",\"@id\":\"https:\\\/\\\/buletin.de\\\/bucuresti\\\/sector-6-statie-gratuita-de-reparat-biciclete-in-zona-lacul-morii\\\/\",\"url\":\"https:\\\/\\\/buletin.de\\\/bucuresti\\\/sector-6-statie-gratuita-de-reparat-biciclete-in-zona-lacul-morii\\\/\",\"name\":\"Sector 6 | Sta\u021bie gratuit\u0103 de reparat biciclete, \u00een zona Lacul Morii - Buletin de Bucure\u0219ti\",\"isPartOf\":{\"@id\":\"https:\\\/\\\/buletin.de\\\/bucuresti\\\/#website\"},\"primaryImageOfPage\":{\"@id\":\"https:\\\/\\\/buletin.de\\\/bucuresti\\\/sector-6-statie-gratuita-de-reparat-biciclete-in-zona-lacul-morii\\\/#primaryimage\"},\"image\":{\"@id\":\"https:\\\/\\\/buletin.de\\\/bucuresti\\\/sector-6-statie-gratuita-de-reparat-biciclete-in-zona-lacul-morii\\\/#primaryimage\"},\"thumbnailUrl\":\"https:\\\/\\\/buletin.de\\\/bucuresti\\\/wp-content\\\/uploads\\\/Screenshot-2024-02-24-at-18.32.01.png\",\"datePublished\":\"2024-02-25T04:50:00+00:00\",\"breadcrumb\":{\"@id\":\"https:\\\/\\\/buletin.de\\\/bucuresti\\\/sector-6-statie-gratuita-de-reparat-biciclete-in-zona-lacul-morii\\\/#breadcrumb\"},\"inLanguage\":\"en-GB\",\"potentialAction\":[{\"@type\":\"ReadAction\",\"target\":[\"https:\\\/\\\/buletin.de\\\/bucuresti\\\/sector-6-statie-gratuita-de-reparat-biciclete-in-zona-lacul-morii\\\/\"]}]},{\"@type\":\"ImageObject\",\"inLanguage\":\"en-GB\",\"@id\":\"https:\\\/\\\/buletin.de\\\/bucuresti\\\/sector-6-statie-gratuita-de-reparat-biciclete-in-zona-lacul-morii\\\/#primaryimage\",\"url\":\"https:\\\/\\\/buletin.de\\\/bucuresti\\\/wp-content\\\/uploads\\\/Screenshot-2024-02-24-at-18.32.01.png\",\"contentUrl\":\"https:\\\/\\\/buletin.de\\\/bucuresti\\\/wp-content\\\/uploads\\\/Screenshot-2024-02-24-at-18.32.01.png\",\"width\":944,\"height\":609,\"caption\":\"Foto: Primaria Sector 6\"},{\"@type\":\"BreadcrumbList\",\"@id\":\"https:\\\/\\\/buletin.de\\\/bucuresti\\\/sector-6-statie-gratuita-de-reparat-biciclete-in-zona-lacul-morii\\\/#breadcrumb\",\"itemListElement\":[{\"@type\":\"ListItem\",\"position\":1,\"name\":\"Acas\u0103\",\"item\":\"https:\\\/\\\/buletin.de\\\/bucuresti\\\/\"},{\"@type\":\"ListItem\",\"position\":2,\"name\":\"Sector 6 | Sta\u021bie gratuit\u0103 de reparat biciclete, \u00een zona Lacul Morii\"}]},{\"@type\":\"WebSite\",\"@id\":\"https:\\\/\\\/buletin.de\\\/bucuresti\\\/#website\",\"url\":\"https:\\\/\\\/buletin.de\\\/bucuresti\\\/\",\"name\":\"Buletin de Bucure\u0219ti\",\"description\":\"\u0218tiri \u0219i investiga\u021bii esen\u021biale din capital\u0103\",\"publisher\":{\"@id\":\"https:\\\/\\\/buletin.de\\\/bucuresti\\\/#organization\"},\"potentialAction\":[{\"@type\":\"SearchAction\",\"target\":{\"@type\":\"EntryPoint\",\"urlTemplate\":\"https:\\\/\\\/buletin.de\\\/bucuresti\\\/?s={search_term_string}\"},\"query-input\":{\"@type\":\"PropertyValueSpecification\",\"valueRequired\":true,\"valueName\":\"search_term_string\"}}],\"inLanguage\":\"en-GB\"},{\"@type\":\"Organization\",\"@id\":\"https:\\\/\\\/buletin.de\\\/bucuresti\\\/#organization\",\"name\":\"Buletin de Bucure\u0219ti\",\"url\":\"https:\\\/\\\/buletin.de\\\/bucuresti\\\/\",\"logo\":{\"@type\":\"ImageObject\",\"inLanguage\":\"en-GB\",\"@id\":\"https:\\\/\\\/buletin.de\\\/bucuresti\\\/#\\\/schema\\\/logo\\\/image\\\/\",\"url\":\"https:\\\/\\\/buletin.de\\\/bucuresti\\\/wp-content\\\/uploads\\\/logo-bdb-full-wide-vernil-transparent.png\",\"contentUrl\":\"https:\\\/\\\/buletin.de\\\/bucuresti\\\/wp-content\\\/uploads\\\/logo-bdb-full-wide-vernil-transparent.png\",\"width\":1782,\"height\":626,\"caption\":\"Buletin de Bucure\u0219ti\"},\"image\":{\"@id\":\"https:\\\/\\\/buletin.de\\\/bucuresti\\\/#\\\/schema\\\/logo\\\/image\\\/\"},\"sameAs\":[\"https:\\\/\\\/www.facebook.com\\\/buletin.de.buc\",\"https:\\\/\\\/www.instagram.com\\\/buletinde.bucuresti\\\/\"]},{\"@type\":\"Person\",\"@id\":\"https:\\\/\\\/buletin.de\\\/bucuresti\\\/#\\\/schema\\\/person\\\/7e46040573290777280a0835d81ea4ea\",\"name\":\"Diana Matei\",\"image\":{\"@type\":\"ImageObject\",\"inLanguage\":\"en-GB\",\"@id\":\"https:\\\/\\\/buletin.de\\\/bucuresti\\\/wp-content\\\/uploads\\\/9-2-96x96.jpg1e8590b30871d70e62ebcdaf2eff570c\",\"url\":\"https:\\\/\\\/buletin.de\\\/bucuresti\\\/wp-content\\\/uploads\\\/9-2-96x96.jpg\",\"contentUrl\":\"https:\\\/\\\/buletin.de\\\/bucuresti\\\/wp-content\\\/uploads\\\/9-2-96x96.jpg\",\"caption\":\"Diana Matei\"},\"url\":\"https:\\\/\\\/buletin.de\\\/bucuresti\\\/author\\\/dianamatei\\\/\"}]}<\/script>\n<!-- \/ Yoast SEO Premium plugin. -->","yoast_head_json":{"title":"Sector 6 | Sta\u021bie gratuit\u0103 de reparat biciclete, \u00een zona Lacul Morii - Buletin de Bucure\u0219ti","robots":{"index":"index","follow":"follow","max-snippet":"max-snippet:-1","max-image-preview":"max-image-preview:large","max-video-preview":"max-video-preview:-1"},"canonical":"https:\/\/buletin.de\/bucuresti\/sector-6-statie-gratuita-de-reparat-biciclete-in-zona-lacul-morii\/","og_locale":"en_GB","og_type":"article","og_title":"Sector 6 | Sta\u021bie gratuit\u0103 de reparat biciclete, \u00een zona Lacul Morii","og_description":"Prim\u0103ria Sectorului 6 anun\u021b\u0103 c\u0103 a fost montat\u0103 prima sta\u021bie de reparat biciclete. Aceasta se afl\u01ce l\u00e2ng\u0103 parcarea de biciclete de la Cr\u00e2nga\u0219i.\u00a0 Potrivit autorit\u0103\u021bilor, zona de amplasare a sta\u021biei a fost aleas\u0103 pentru c\u0103 mul\u021bi bucure\u0219teni vin s\u0103 se plimbe cu bicicleta, \u00een zona Lacului Morii. Sta\u021bia con\u021bine: Cu ajutorul acestora, se pot regla [&hellip;]","og_url":"https:\/\/buletin.de\/bucuresti\/sector-6-statie-gratuita-de-reparat-biciclete-in-zona-lacul-morii\/","og_site_name":"Buletin de Bucure\u0219ti","article_publisher":"https:\/\/www.facebook.com\/buletin.de.buc","article_published_time":"2024-02-25T04:50:00+00:00","og_image":[{"width":944,"height":609,"url":"https:\/\/buletin.de\/bucuresti\/wp-content\/uploads\/Screenshot-2024-02-24-at-18.32.01.png","type":"image\/png"}],"author":"Diana Matei","twitter_card":"summary_large_image","twitter_misc":{"Written by":"Diana Matei","Estimated reading time":"1 minute"},"schema":{"@context":"https:\/\/schema.org","@graph":[{"@type":"Article","@id":"https:\/\/buletin.de\/bucuresti\/sector-6-statie-gratuita-de-reparat-biciclete-in-zona-lacul-morii\/#article","isPartOf":{"@id":"https:\/\/buletin.de\/bucuresti\/sector-6-statie-gratuita-de-reparat-biciclete-in-zona-lacul-morii\/"},"author":{"name":"Diana Matei","@id":"https:\/\/buletin.de\/bucuresti\/#\/schema\/person\/7e46040573290777280a0835d81ea4ea"},"headline":"Sector 6 | Sta\u021bie gratuit\u0103 de reparat biciclete, \u00een zona Lacul Morii","datePublished":"2024-02-25T04:50:00+00:00","mainEntityOfPage":{"@id":"https:\/\/buletin.de\/bucuresti\/sector-6-statie-gratuita-de-reparat-biciclete-in-zona-lacul-morii\/"},"wordCount":144,"publisher":{"@id":"https:\/\/buletin.de\/bucuresti\/#organization"},"image":{"@id":"https:\/\/buletin.de\/bucuresti\/sector-6-statie-gratuita-de-reparat-biciclete-in-zona-lacul-morii\/#primaryimage"},"thumbnailUrl":"https:\/\/buletin.de\/bucuresti\/wp-content\/uploads\/Screenshot-2024-02-24-at-18.32.01.png","keywords":["lacul morii","Sector 6","statie reparat biciclete"],"articleSection":["Prim\u0103rie","\u0218tiri","Transport"],"inLanguage":"en-GB","copyrightYear":"2024","copyrightHolder":{"@id":"https:\/\/buletin.de\/bucuresti\/#organization"}},{"@type":"WebPage","@id":"https:\/\/buletin.de\/bucuresti\/sector-6-statie-gratuita-de-reparat-biciclete-in-zona-lacul-morii\/","url":"https:\/\/buletin.de\/bucuresti\/sector-6-statie-gratuita-de-reparat-biciclete-in-zona-lacul-morii\/","name":"Sector 6 | Sta\u021bie gratuit\u0103 de reparat biciclete, \u00een zona Lacul Morii - Buletin de Bucure\u0219ti","isPartOf":{"@id":"https:\/\/buletin.de\/bucuresti\/#website"},"primaryImageOfPage":{"@id":"https:\/\/buletin.de\/bucuresti\/sector-6-statie-gratuita-de-reparat-biciclete-in-zona-lacul-morii\/#primaryimage"},"image":{"@id":"https:\/\/buletin.de\/bucuresti\/sector-6-statie-gratuita-de-reparat-biciclete-in-zona-lacul-morii\/#primaryimage"},"thumbnailUrl":"https:\/\/buletin.de\/bucuresti\/wp-content\/uploads\/Screenshot-2024-02-24-at-18.32.01.png","datePublished":"2024-02-25T04:50:00+00:00","breadcrumb":{"@id":"https:\/\/buletin.de\/bucuresti\/sector-6-statie-gratuita-de-reparat-biciclete-in-zona-lacul-morii\/#breadcrumb"},"inLanguage":"en-GB","potentialAction":[{"@type":"ReadAction","target":["https:\/\/buletin.de\/bucuresti\/sector-6-statie-gratuita-de-reparat-biciclete-in-zona-lacul-morii\/"]}]},{"@type":"ImageObject","inLanguage":"en-GB","@id":"https:\/\/buletin.de\/bucuresti\/sector-6-statie-gratuita-de-reparat-biciclete-in-zona-lacul-morii\/#primaryimage","url":"https:\/\/buletin.de\/bucuresti\/wp-content\/uploads\/Screenshot-2024-02-24-at-18.32.01.png","contentUrl":"https:\/\/buletin.de\/bucuresti\/wp-content\/uploads\/Screenshot-2024-02-24-at-18.32.01.png","width":944,"height":609,"caption":"Foto: Primaria Sector 6"},{"@type":"BreadcrumbList","@id":"https:\/\/buletin.de\/bucuresti\/sector-6-statie-gratuita-de-reparat-biciclete-in-zona-lacul-morii\/#breadcrumb","itemListElement":[{"@type":"ListItem","position":1,"name":"Acas\u0103","item":"https:\/\/buletin.de\/bucuresti\/"},{"@type":"ListItem","position":2,"name":"Sector 6 | Sta\u021bie gratuit\u0103 de reparat biciclete, \u00een zona Lacul Morii"}]},{"@type":"WebSite","@id":"https:\/\/buletin.de\/bucuresti\/#website","url":"https:\/\/buletin.de\/bucuresti\/","name":"Buletin de Bucure\u0219ti","description":"\u0218tiri \u0219i investiga\u021bii esen\u021biale din capital\u0103","publisher":{"@id":"https:\/\/buletin.de\/bucuresti\/#organization"},"potentialAction":[{"@type":"SearchAction","target":{"@type":"EntryPoint","urlTemplate":"https:\/\/buletin.de\/bucuresti\/?s={search_term_string}"},"query-input":{"@type":"PropertyValueSpecification","valueRequired":true,"valueName":"search_term_string"}}],"inLanguage":"en-GB"},{"@type":"Organization","@id":"https:\/\/buletin.de\/bucuresti\/#organization","name":"Buletin de Bucure\u0219ti","url":"https:\/\/buletin.de\/bucuresti\/","logo":{"@type":"ImageObject","inLanguage":"en-GB","@id":"https:\/\/buletin.de\/bucuresti\/#\/schema\/logo\/image\/","url":"https:\/\/buletin.de\/bucuresti\/wp-content\/uploads\/logo-bdb-full-wide-vernil-transparent.png","contentUrl":"https:\/\/buletin.de\/bucuresti\/wp-content\/uploads\/logo-bdb-full-wide-vernil-transparent.png","width":1782,"height":626,"caption":"Buletin de Bucure\u0219ti"},"image":{"@id":"https:\/\/buletin.de\/bucuresti\/#\/schema\/logo\/image\/"},"sameAs":["https:\/\/www.facebook.com\/buletin.de.buc","https:\/\/www.instagram.com\/buletinde.bucuresti\/"]},{"@type":"Person","@id":"https:\/\/buletin.de\/bucuresti\/#\/schema\/person\/7e46040573290777280a0835d81ea4ea","name":"Diana Matei","image":{"@type":"ImageObject","inLanguage":"en-GB","@id":"https:\/\/buletin.de\/bucuresti\/wp-content\/uploads\/9-2-96x96.jpg1e8590b30871d70e62ebcdaf2eff570c","url":"https:\/\/buletin.de\/bucuresti\/wp-content\/uploads\/9-2-96x96.jpg","contentUrl":"https:\/\/buletin.de\/bucuresti\/wp-content\/uploads\/9-2-96x96.jpg","caption":"Diana Matei"},"url":"https:\/\/buletin.de\/bucuresti\/author\/dianamatei\/"}]}},"authors":[{"term_id":22574,"user_id":49,"is_guest":0,"slug":"dianamatei","display_name":"Diana Matei","avatar_url":"https:\/\/buletin.de\/bucuresti\/wp-content\/uploads\/9-2-96x96.jpg","0":null,"1":"","2":"","3":"","4":"","5":"","6":"","7":"","8":""}],"_links":{"self":[{"href":"https:\/\/buletin.de\/bucuresti\/wp-json\/wp\/v2\/posts\/78357","targetHints":{"allow":["GET"]}}],"collection":[{"href":"https:\/\/buletin.de\/bucuresti\/wp-json\/wp\/v2\/posts"}],"about":[{"href":"https:\/\/buletin.de\/bucuresti\/wp-json\/wp\/v2\/types\/post"}],"author":[{"embeddable":true,"href":"https:\/\/buletin.de\/bucuresti\/wp-json\/wp\/v2\/users\/49"}],"replies":[{"embeddable":true,"href":"https:\/\/buletin.de\/bucuresti\/wp-json\/wp\/v2\/comments?post=78357"}],"version-history":[{"count":2,"href":"https:\/\/buletin.de\/bucuresti\/wp-json\/wp\/v2\/posts\/78357\/revisions"}],"predecessor-version":[{"id":78366,"href":"https:\/\/buletin.de\/bucuresti\/wp-json\/wp\/v2\/posts\/78357\/revisions\/78366"}],"wp:featuredmedia":[{"embeddable":true,"href":"https:\/\/buletin.de\/bucuresti\/wp-json\/wp\/v2\/media\/78360"}],"wp:attachment":[{"href":"https:\/\/buletin.de\/bucuresti\/wp-json\/wp\/v2\/media?parent=78357"}],"wp:term":[{"taxonomy":"category","embeddable":true,"href":"https:\/\/buletin.de\/bucuresti\/wp-json\/wp\/v2\/categories?post=78357"},{"taxonomy":"post_tag","embeddable":true,"href":"https:\/\/buletin.de\/bucuresti\/wp-json\/wp\/v2\/tags?post=78357"},{"taxonomy":"author","embeddable":true,"href":"https:\/\/buletin.de\/bucuresti\/wp-json\/wp\/v2\/ppma_author?post=78357"}],"curies":[{"name":"wp","href":"https:\/\/api.w.org\/{rel}","templated":true}]}}