{"id":78182,"date":"2024-02-23T11:32:08","date_gmt":"2024-02-23T09:32:08","guid":{"rendered":"https:\/\/buletin.de\/bucuresti\/?p=78182"},"modified":"2024-02-23T11:32:08","modified_gmt":"2024-02-23T09:32:08","slug":"sector-6-piateta-favorit-va-fi-gata-in-iunie-promit-edilii-acum-se-monteaza-dalele-de-granit","status":"publish","type":"post","link":"https:\/\/buletin.de\/bucuresti\/sector-6-piateta-favorit-va-fi-gata-in-iunie-promit-edilii-acum-se-monteaza-dalele-de-granit\/","title":{"rendered":"Sector 6 | Pia\u0163eta Favorit va fi gata \u00een iunie, promit edilii. Acum se monteaz\u0103 dalele de granit"},"content":{"rendered":"\n<p><strong>Muncitorii monteaz\u0103 dalele de granit din pia\u0163eta Favorit, anun\u0163\u0103 Prim\u0103ria Sectorului 6. Aceast\u0103 opera\u0163iune va dura dou\u0103 luni. Lucr\u0103rile pentru noua zona de promenad\u0103 vor fi terminate \u00een luna iunie, promit ace\u015ftia. Autoriza\u021bia de construire a fost semnat\u0103 la \u00eenceputul lunii octombrie\u00a02023.<\/strong><\/p>\n\n\n\n<p>Conform aceluia\u015fi anun\u0163, proiectul este gata \u00een propor\u021bie de 50%, iar lucr\u0103rile sunt \u00een grafic. <\/p>\n\n\n\n<figure class=\"wp-block-gallery has-nested-images columns-default is-cropped wp-block-gallery-1 is-layout-flex wp-block-gallery-is-layout-flex\">\n<figure class=\"wp-block-image size-large\"><img fetchpriority=\"high\" decoding=\"async\" width=\"900\" height=\"675\" data-id=\"78184\" src=\"data:image\/gif;base64,R0lGODlhAQABAAAAACH5BAEKAAEALAAAAAABAAEAAAICTAEAOw==\" data-src=\"https:\/\/buletin.de\/bucuresti\/wp-content\/uploads\/favorit-2-900x675.jpeg\" alt=\"\" class=\"wp-image-78184 lazyload\" data-sizes=\"auto\" data-srcset=\"https:\/\/buletin.de\/bucuresti\/wp-content\/uploads\/favorit-2-900x675.jpeg 900w, https:\/\/buletin.de\/bucuresti\/wp-content\/uploads\/favorit-2-300x225.jpeg 300w, https:\/\/buletin.de\/bucuresti\/wp-content\/uploads\/favorit-2-768x576.jpeg 768w, https:\/\/buletin.de\/bucuresti\/wp-content\/uploads\/favorit-2-600x450.jpeg 600w, https:\/\/buletin.de\/bucuresti\/wp-content\/uploads\/favorit-2-20x15.jpeg 20w, https:\/\/buletin.de\/bucuresti\/wp-content\/uploads\/favorit-2.jpeg 1080w\" sizes=\"(max-width: 900px) 100vw, 900px\" \/><\/figure>\n<\/figure>\n\n\n\n<figure class=\"wp-block-image size-large\"><img decoding=\"async\" width=\"900\" height=\"675\" src=\"data:image\/gif;base64,R0lGODlhAQABAAAAACH5BAEKAAEALAAAAAABAAEAAAICTAEAOw==\" data-src=\"https:\/\/buletin.de\/bucuresti\/wp-content\/uploads\/favorit-900x675.jpeg\" alt=\"\" class=\"wp-image-78186 lazyload\" data-sizes=\"auto\" data-srcset=\"https:\/\/buletin.de\/bucuresti\/wp-content\/uploads\/favorit-900x675.jpeg 900w, https:\/\/buletin.de\/bucuresti\/wp-content\/uploads\/favorit-300x225.jpeg 300w, https:\/\/buletin.de\/bucuresti\/wp-content\/uploads\/favorit-768x576.jpeg 768w, https:\/\/buletin.de\/bucuresti\/wp-content\/uploads\/favorit-600x450.jpeg 600w, https:\/\/buletin.de\/bucuresti\/wp-content\/uploads\/favorit-20x15.jpeg 20w, https:\/\/buletin.de\/bucuresti\/wp-content\/uploads\/favorit.jpeg 1080w\" sizes=\"(max-width: 900px) 100vw, 900px\" \/><\/figure>\n\n\n\n<p>Pia\u021beta este  construit\u0103 \u00een partea vestic\u0103 a municipiului Bucure\u0219ti \u00eentre intersec\u021bia cu Strada Sibiu \u0219i intersec\u021bia Strada Drumul Taberei \u0219i strada Prav\u0103\u021b pe o suprafa\u021b\u0103 de aproximativ 1,2 hectare. Suprafa\u021ba total\u0103 de interven\u021biei este de: 11.786,2 mp, din care: 8.018,4 mp circula\u021bii pietonale \u0219i de tip shared space, 3.129,2 mp spa\u021bii verzi \u0219i 638,6 mp circula\u021bii carosabile. Costul proiectului se ridic\u0103 la peste 18 milioane de lei.<\/p>\n\n\n\n<figure class=\"wp-block-gallery has-nested-images columns-default is-cropped wp-block-gallery-2 is-layout-flex wp-block-gallery-is-layout-flex\">\n<figure class=\"wp-block-image size-large\"><img decoding=\"async\" width=\"628\" height=\"374\" data-id=\"78189\" src=\"data:image\/gif;base64,R0lGODlhAQABAAAAACH5BAEKAAEALAAAAAABAAEAAAICTAEAOw==\" data-src=\"https:\/\/buletin.de\/bucuresti\/wp-content\/uploads\/Screenshot-2024-02-23-at-11.13.20.png\" alt=\"\" class=\"wp-image-78189 lazyload\" data-sizes=\"auto\" data-srcset=\"https:\/\/buletin.de\/bucuresti\/wp-content\/uploads\/Screenshot-2024-02-23-at-11.13.20.png 628w, https:\/\/buletin.de\/bucuresti\/wp-content\/uploads\/Screenshot-2024-02-23-at-11.13.20-300x179.png 300w, https:\/\/buletin.de\/bucuresti\/wp-content\/uploads\/Screenshot-2024-02-23-at-11.13.20-600x357.png 600w, https:\/\/buletin.de\/bucuresti\/wp-content\/uploads\/Screenshot-2024-02-23-at-11.13.20-20x12.png 20w\" sizes=\"(max-width: 628px) 100vw, 628px\" \/><\/figure>\n\n\n\n<figure class=\"wp-block-image size-large\"><img loading=\"lazy\" decoding=\"async\" width=\"614\" height=\"377\" data-id=\"78188\" src=\"data:image\/gif;base64,R0lGODlhAQABAAAAACH5BAEKAAEALAAAAAABAAEAAAICTAEAOw==\" data-src=\"https:\/\/buletin.de\/bucuresti\/wp-content\/uploads\/Screenshot-2024-02-23-at-11.13.48.png\" alt=\"\" class=\"wp-image-78188 lazyload\" data-sizes=\"auto\" data-srcset=\"https:\/\/buletin.de\/bucuresti\/wp-content\/uploads\/Screenshot-2024-02-23-at-11.13.48.png 614w, https:\/\/buletin.de\/bucuresti\/wp-content\/uploads\/Screenshot-2024-02-23-at-11.13.48-300x184.png 300w, https:\/\/buletin.de\/bucuresti\/wp-content\/uploads\/Screenshot-2024-02-23-at-11.13.48-600x368.png 600w, https:\/\/buletin.de\/bucuresti\/wp-content\/uploads\/Screenshot-2024-02-23-at-11.13.48-20x12.png 20w\" sizes=\"(max-width: 614px) 100vw, 614px\" \/><\/figure>\n<\/figure>\n\n\n\n<p>Fostul cinematograf Favorit va fi \u0219i el integrat \u00een noua amenajare. Lucr\u0103rile de reabilitare \u0219i amenajare au fost \u00eentrerupte \u00een octombrie 2021, la 30%. \u0218antierul a intrat \u00een conservare, dup\u0103 ce contractul cu constructorul a fost reziliat din cauza cre\u0219terii cu mai mult de 50% a costurilor de execu\u021bie.<\/p>\n\n\n\n<p><\/p>\n\n\n\n<p><strong>CITE\u015eTE \u015eI:<\/strong><\/p>\n\n\n\n<figure class=\"wp-block-embed is-type-wp-embed is-provider-buletin-de-bucure-ti wp-block-embed-buletin-de-bucure-ti\"><div class=\"wp-block-embed__wrapper\">\n<blockquote class=\"wp-embedded-content\" data-secret=\"lYjMuX7qKn\"><a href=\"https:\/\/buletin.de\/bucuresti\/se-developeaza-filmul-lucrarilor-de-la-cinema-favorit-simbolul-sectorului-6-programat-sa-fie-gata-in-vara-lui-2025\/\">Sector 6 | Se \u201edevelopeaz\u0103 filmul\u201d lucr\u0103rilor de la Cinema Favorit. Deschiderea, programat\u0103 \u00een vara lui 2025<\/a><\/blockquote><iframe class=\"wp-embedded-content\" sandbox=\"allow-scripts\" security=\"restricted\" style=\"position: absolute; clip: rect(1px, 1px, 1px, 1px);\" title=\"&#8220;Sector 6 | Se \u201edevelopeaz\u0103 filmul\u201d lucr\u0103rilor de la Cinema Favorit. Deschiderea, programat\u0103 \u00een vara lui 2025&#8221; &#8212; Buletin de Bucure\u0219ti\" src=\"https:\/\/buletin.de\/bucuresti\/se-developeaza-filmul-lucrarilor-de-la-cinema-favorit-simbolul-sectorului-6-programat-sa-fie-gata-in-vara-lui-2025\/embed\/#?secret=gto9KPtzbA#?secret=lYjMuX7qKn\" data-secret=\"lYjMuX7qKn\" width=\"600\" height=\"338\" frameborder=\"0\" marginwidth=\"0\" marginheight=\"0\" scrolling=\"no\"><\/iframe>\n<\/div><\/figure>\n\n\n\n<p> <\/p>\n","protected":false},"excerpt":{"rendered":"<p>Muncitorii monteaz\u0103 dalele de granit din pia\u0163eta Favorit, anun\u0163\u0103 Prim\u0103ria Sectorului 6. Aceast\u0103 opera\u0163iune va dura dou\u0103 luni. Lucr\u0103rile pentru noua zona de promenad\u0103 vor fi terminate \u00een luna iunie, promit ace\u015ftia. Autoriza\u021bia de construire a fost semnat\u0103 la \u00eenceputul lunii octombrie\u00a02023. Conform aceluia\u015fi anun\u0163, proiectul este gata \u00een propor\u021bie de 50%, iar lucr\u0103rile sunt [&hellip;]<\/p>\n","protected":false},"author":49,"featured_media":78196,"comment_status":"closed","ping_status":"open","sticky":false,"template":"","format":"standard","meta":{"_acf_changed":false,"inline_featured_image":false,"ngg_post_thumbnail":0,"footnotes":""},"categories":[6994,24,62],"tags":[7030,7408,523],"ppma_author":[22574],"class_list":["post-78182","post","type-post","status-publish","format-standard","has-post-thumbnail","hentry","category-stiri-2","category-primarie","category-stiri","tag-cinema-favorit","tag-piateta-favorit","tag-sector-6"],"acf":[],"yoast_head":"<!-- This site is optimized with the Yoast SEO Premium plugin v25.3 (Yoast SEO v27.5) - https:\/\/yoast.com\/product\/yoast-seo-premium-wordpress\/ -->\n<title>Sector 6 | Pia\u0163eta Favorit va fi gata \u00een iunie, promit edilii. Acum se monteaz\u0103 dalele de granit - Buletin de Bucure\u0219ti<\/title>\n<meta name=\"robots\" content=\"index, follow, max-snippet:-1, max-image-preview:large, max-video-preview:-1\" \/>\n<link rel=\"canonical\" href=\"https:\/\/buletin.de\/bucuresti\/sector-6-piateta-favorit-va-fi-gata-in-iunie-promit-edilii-acum-se-monteaza-dalele-de-granit\/\" \/>\n<meta property=\"og:locale\" content=\"en_GB\" \/>\n<meta property=\"og:type\" content=\"article\" \/>\n<meta property=\"og:title\" content=\"Sector 6 | Pia\u0163eta Favorit va fi gata \u00een iunie, promit edilii. Acum se monteaz\u0103 dalele de granit\" \/>\n<meta property=\"og:description\" content=\"Muncitorii monteaz\u0103 dalele de granit din pia\u0163eta Favorit, anun\u0163\u0103 Prim\u0103ria Sectorului 6. Aceast\u0103 opera\u0163iune va dura dou\u0103 luni. Lucr\u0103rile pentru noua zona de promenad\u0103 vor fi terminate \u00een luna iunie, promit ace\u015ftia. Autoriza\u021bia de construire a fost semnat\u0103 la \u00eenceputul lunii octombrie\u00a02023. Conform aceluia\u015fi anun\u0163, proiectul este gata \u00een propor\u021bie de 50%, iar lucr\u0103rile sunt [&hellip;]\" \/>\n<meta property=\"og:url\" content=\"https:\/\/buletin.de\/bucuresti\/sector-6-piateta-favorit-va-fi-gata-in-iunie-promit-edilii-acum-se-monteaza-dalele-de-granit\/\" \/>\n<meta property=\"og:site_name\" content=\"Buletin de Bucure\u0219ti\" \/>\n<meta property=\"article:publisher\" content=\"https:\/\/www.facebook.com\/buletin.de.buc\" \/>\n<meta property=\"article:published_time\" content=\"2024-02-23T09:32:08+00:00\" \/>\n<meta property=\"og:image\" content=\"https:\/\/buletin.de\/bucuresti\/wp-content\/uploads\/Screenshot-2024-02-23-at-11.23.23.png\" \/>\n\t<meta property=\"og:image:width\" content=\"795\" \/>\n\t<meta property=\"og:image:height\" content=\"395\" \/>\n\t<meta property=\"og:image:type\" content=\"image\/png\" \/>\n<meta name=\"author\" content=\"Diana Matei\" \/>\n<meta name=\"twitter:card\" content=\"summary_large_image\" \/>\n<meta name=\"twitter:label1\" content=\"Written by\" \/>\n\t<meta name=\"twitter:data1\" content=\"Diana Matei\" \/>\n\t<meta name=\"twitter:label2\" content=\"Estimated reading time\" \/>\n\t<meta name=\"twitter:data2\" content=\"1 minute\" \/>\n<script type=\"application\/ld+json\" class=\"yoast-schema-graph\">{\"@context\":\"https:\\\/\\\/schema.org\",\"@graph\":[{\"@type\":\"Article\",\"@id\":\"https:\\\/\\\/buletin.de\\\/bucuresti\\\/sector-6-piateta-favorit-va-fi-gata-in-iunie-promit-edilii-acum-se-monteaza-dalele-de-granit\\\/#article\",\"isPartOf\":{\"@id\":\"https:\\\/\\\/buletin.de\\\/bucuresti\\\/sector-6-piateta-favorit-va-fi-gata-in-iunie-promit-edilii-acum-se-monteaza-dalele-de-granit\\\/\"},\"author\":{\"name\":\"Diana Matei\",\"@id\":\"https:\\\/\\\/buletin.de\\\/bucuresti\\\/#\\\/schema\\\/person\\\/7e46040573290777280a0835d81ea4ea\"},\"headline\":\"Sector 6 | Pia\u0163eta Favorit va fi gata \u00een iunie, promit edilii. Acum se monteaz\u0103 dalele de granit\",\"datePublished\":\"2024-02-23T09:32:08+00:00\",\"mainEntityOfPage\":{\"@id\":\"https:\\\/\\\/buletin.de\\\/bucuresti\\\/sector-6-piateta-favorit-va-fi-gata-in-iunie-promit-edilii-acum-se-monteaza-dalele-de-granit\\\/\"},\"wordCount\":209,\"publisher\":{\"@id\":\"https:\\\/\\\/buletin.de\\\/bucuresti\\\/#organization\"},\"image\":{\"@id\":\"https:\\\/\\\/buletin.de\\\/bucuresti\\\/sector-6-piateta-favorit-va-fi-gata-in-iunie-promit-edilii-acum-se-monteaza-dalele-de-granit\\\/#primaryimage\"},\"thumbnailUrl\":\"https:\\\/\\\/buletin.de\\\/bucuresti\\\/wp-content\\\/uploads\\\/Screenshot-2024-02-23-at-11.23.23.png\",\"keywords\":[\"cinema favorit\",\"Piateta Favorit\",\"Sector 6\"],\"articleSection\":[\"Articole\",\"Prim\u0103rie\",\"\u0218tiri\"],\"inLanguage\":\"en-GB\",\"copyrightYear\":\"2024\",\"copyrightHolder\":{\"@id\":\"https:\\\/\\\/buletin.de\\\/bucuresti\\\/#organization\"}},{\"@type\":\"WebPage\",\"@id\":\"https:\\\/\\\/buletin.de\\\/bucuresti\\\/sector-6-piateta-favorit-va-fi-gata-in-iunie-promit-edilii-acum-se-monteaza-dalele-de-granit\\\/\",\"url\":\"https:\\\/\\\/buletin.de\\\/bucuresti\\\/sector-6-piateta-favorit-va-fi-gata-in-iunie-promit-edilii-acum-se-monteaza-dalele-de-granit\\\/\",\"name\":\"Sector 6 | Pia\u0163eta Favorit va fi gata \u00een iunie, promit edilii. Acum se monteaz\u0103 dalele de granit - Buletin de Bucure\u0219ti\",\"isPartOf\":{\"@id\":\"https:\\\/\\\/buletin.de\\\/bucuresti\\\/#website\"},\"primaryImageOfPage\":{\"@id\":\"https:\\\/\\\/buletin.de\\\/bucuresti\\\/sector-6-piateta-favorit-va-fi-gata-in-iunie-promit-edilii-acum-se-monteaza-dalele-de-granit\\\/#primaryimage\"},\"image\":{\"@id\":\"https:\\\/\\\/buletin.de\\\/bucuresti\\\/sector-6-piateta-favorit-va-fi-gata-in-iunie-promit-edilii-acum-se-monteaza-dalele-de-granit\\\/#primaryimage\"},\"thumbnailUrl\":\"https:\\\/\\\/buletin.de\\\/bucuresti\\\/wp-content\\\/uploads\\\/Screenshot-2024-02-23-at-11.23.23.png\",\"datePublished\":\"2024-02-23T09:32:08+00:00\",\"breadcrumb\":{\"@id\":\"https:\\\/\\\/buletin.de\\\/bucuresti\\\/sector-6-piateta-favorit-va-fi-gata-in-iunie-promit-edilii-acum-se-monteaza-dalele-de-granit\\\/#breadcrumb\"},\"inLanguage\":\"en-GB\",\"potentialAction\":[{\"@type\":\"ReadAction\",\"target\":[\"https:\\\/\\\/buletin.de\\\/bucuresti\\\/sector-6-piateta-favorit-va-fi-gata-in-iunie-promit-edilii-acum-se-monteaza-dalele-de-granit\\\/\"]}]},{\"@type\":\"ImageObject\",\"inLanguage\":\"en-GB\",\"@id\":\"https:\\\/\\\/buletin.de\\\/bucuresti\\\/sector-6-piateta-favorit-va-fi-gata-in-iunie-promit-edilii-acum-se-monteaza-dalele-de-granit\\\/#primaryimage\",\"url\":\"https:\\\/\\\/buletin.de\\\/bucuresti\\\/wp-content\\\/uploads\\\/Screenshot-2024-02-23-at-11.23.23.png\",\"contentUrl\":\"https:\\\/\\\/buletin.de\\\/bucuresti\\\/wp-content\\\/uploads\\\/Screenshot-2024-02-23-at-11.23.23.png\",\"width\":795,\"height\":395,\"caption\":\"Foto: Primaria Sector 6\"},{\"@type\":\"BreadcrumbList\",\"@id\":\"https:\\\/\\\/buletin.de\\\/bucuresti\\\/sector-6-piateta-favorit-va-fi-gata-in-iunie-promit-edilii-acum-se-monteaza-dalele-de-granit\\\/#breadcrumb\",\"itemListElement\":[{\"@type\":\"ListItem\",\"position\":1,\"name\":\"Acas\u0103\",\"item\":\"https:\\\/\\\/buletin.de\\\/bucuresti\\\/\"},{\"@type\":\"ListItem\",\"position\":2,\"name\":\"Sector 6 | Pia\u0163eta Favorit va fi gata \u00een iunie, promit edilii. Acum se monteaz\u0103 dalele de granit\"}]},{\"@type\":\"WebSite\",\"@id\":\"https:\\\/\\\/buletin.de\\\/bucuresti\\\/#website\",\"url\":\"https:\\\/\\\/buletin.de\\\/bucuresti\\\/\",\"name\":\"Buletin de Bucure\u0219ti\",\"description\":\"\u0218tiri \u0219i investiga\u021bii esen\u021biale din capital\u0103\",\"publisher\":{\"@id\":\"https:\\\/\\\/buletin.de\\\/bucuresti\\\/#organization\"},\"potentialAction\":[{\"@type\":\"SearchAction\",\"target\":{\"@type\":\"EntryPoint\",\"urlTemplate\":\"https:\\\/\\\/buletin.de\\\/bucuresti\\\/?s={search_term_string}\"},\"query-input\":{\"@type\":\"PropertyValueSpecification\",\"valueRequired\":true,\"valueName\":\"search_term_string\"}}],\"inLanguage\":\"en-GB\"},{\"@type\":\"Organization\",\"@id\":\"https:\\\/\\\/buletin.de\\\/bucuresti\\\/#organization\",\"name\":\"Buletin de Bucure\u0219ti\",\"url\":\"https:\\\/\\\/buletin.de\\\/bucuresti\\\/\",\"logo\":{\"@type\":\"ImageObject\",\"inLanguage\":\"en-GB\",\"@id\":\"https:\\\/\\\/buletin.de\\\/bucuresti\\\/#\\\/schema\\\/logo\\\/image\\\/\",\"url\":\"https:\\\/\\\/buletin.de\\\/bucuresti\\\/wp-content\\\/uploads\\\/logo-bdb-full-wide-vernil-transparent.png\",\"contentUrl\":\"https:\\\/\\\/buletin.de\\\/bucuresti\\\/wp-content\\\/uploads\\\/logo-bdb-full-wide-vernil-transparent.png\",\"width\":1782,\"height\":626,\"caption\":\"Buletin de Bucure\u0219ti\"},\"image\":{\"@id\":\"https:\\\/\\\/buletin.de\\\/bucuresti\\\/#\\\/schema\\\/logo\\\/image\\\/\"},\"sameAs\":[\"https:\\\/\\\/www.facebook.com\\\/buletin.de.buc\",\"https:\\\/\\\/www.instagram.com\\\/buletinde.bucuresti\\\/\"]},{\"@type\":\"Person\",\"@id\":\"https:\\\/\\\/buletin.de\\\/bucuresti\\\/#\\\/schema\\\/person\\\/7e46040573290777280a0835d81ea4ea\",\"name\":\"Diana Matei\",\"image\":{\"@type\":\"ImageObject\",\"inLanguage\":\"en-GB\",\"@id\":\"https:\\\/\\\/buletin.de\\\/bucuresti\\\/wp-content\\\/uploads\\\/9-2-96x96.jpg1e8590b30871d70e62ebcdaf2eff570c\",\"url\":\"https:\\\/\\\/buletin.de\\\/bucuresti\\\/wp-content\\\/uploads\\\/9-2-96x96.jpg\",\"contentUrl\":\"https:\\\/\\\/buletin.de\\\/bucuresti\\\/wp-content\\\/uploads\\\/9-2-96x96.jpg\",\"caption\":\"Diana Matei\"},\"url\":\"https:\\\/\\\/buletin.de\\\/bucuresti\\\/author\\\/dianamatei\\\/\"}]}<\/script>\n<!-- \/ Yoast SEO Premium plugin. -->","yoast_head_json":{"title":"Sector 6 | Pia\u0163eta Favorit va fi gata \u00een iunie, promit edilii. Acum se monteaz\u0103 dalele de granit - Buletin de Bucure\u0219ti","robots":{"index":"index","follow":"follow","max-snippet":"max-snippet:-1","max-image-preview":"max-image-preview:large","max-video-preview":"max-video-preview:-1"},"canonical":"https:\/\/buletin.de\/bucuresti\/sector-6-piateta-favorit-va-fi-gata-in-iunie-promit-edilii-acum-se-monteaza-dalele-de-granit\/","og_locale":"en_GB","og_type":"article","og_title":"Sector 6 | Pia\u0163eta Favorit va fi gata \u00een iunie, promit edilii. Acum se monteaz\u0103 dalele de granit","og_description":"Muncitorii monteaz\u0103 dalele de granit din pia\u0163eta Favorit, anun\u0163\u0103 Prim\u0103ria Sectorului 6. Aceast\u0103 opera\u0163iune va dura dou\u0103 luni. Lucr\u0103rile pentru noua zona de promenad\u0103 vor fi terminate \u00een luna iunie, promit ace\u015ftia. Autoriza\u021bia de construire a fost semnat\u0103 la \u00eenceputul lunii octombrie\u00a02023. Conform aceluia\u015fi anun\u0163, proiectul este gata \u00een propor\u021bie de 50%, iar lucr\u0103rile sunt [&hellip;]","og_url":"https:\/\/buletin.de\/bucuresti\/sector-6-piateta-favorit-va-fi-gata-in-iunie-promit-edilii-acum-se-monteaza-dalele-de-granit\/","og_site_name":"Buletin de Bucure\u0219ti","article_publisher":"https:\/\/www.facebook.com\/buletin.de.buc","article_published_time":"2024-02-23T09:32:08+00:00","og_image":[{"width":795,"height":395,"url":"https:\/\/buletin.de\/bucuresti\/wp-content\/uploads\/Screenshot-2024-02-23-at-11.23.23.png","type":"image\/png"}],"author":"Diana Matei","twitter_card":"summary_large_image","twitter_misc":{"Written by":"Diana Matei","Estimated reading time":"1 minute"},"schema":{"@context":"https:\/\/schema.org","@graph":[{"@type":"Article","@id":"https:\/\/buletin.de\/bucuresti\/sector-6-piateta-favorit-va-fi-gata-in-iunie-promit-edilii-acum-se-monteaza-dalele-de-granit\/#article","isPartOf":{"@id":"https:\/\/buletin.de\/bucuresti\/sector-6-piateta-favorit-va-fi-gata-in-iunie-promit-edilii-acum-se-monteaza-dalele-de-granit\/"},"author":{"name":"Diana Matei","@id":"https:\/\/buletin.de\/bucuresti\/#\/schema\/person\/7e46040573290777280a0835d81ea4ea"},"headline":"Sector 6 | Pia\u0163eta Favorit va fi gata \u00een iunie, promit edilii. Acum se monteaz\u0103 dalele de granit","datePublished":"2024-02-23T09:32:08+00:00","mainEntityOfPage":{"@id":"https:\/\/buletin.de\/bucuresti\/sector-6-piateta-favorit-va-fi-gata-in-iunie-promit-edilii-acum-se-monteaza-dalele-de-granit\/"},"wordCount":209,"publisher":{"@id":"https:\/\/buletin.de\/bucuresti\/#organization"},"image":{"@id":"https:\/\/buletin.de\/bucuresti\/sector-6-piateta-favorit-va-fi-gata-in-iunie-promit-edilii-acum-se-monteaza-dalele-de-granit\/#primaryimage"},"thumbnailUrl":"https:\/\/buletin.de\/bucuresti\/wp-content\/uploads\/Screenshot-2024-02-23-at-11.23.23.png","keywords":["cinema favorit","Piateta Favorit","Sector 6"],"articleSection":["Articole","Prim\u0103rie","\u0218tiri"],"inLanguage":"en-GB","copyrightYear":"2024","copyrightHolder":{"@id":"https:\/\/buletin.de\/bucuresti\/#organization"}},{"@type":"WebPage","@id":"https:\/\/buletin.de\/bucuresti\/sector-6-piateta-favorit-va-fi-gata-in-iunie-promit-edilii-acum-se-monteaza-dalele-de-granit\/","url":"https:\/\/buletin.de\/bucuresti\/sector-6-piateta-favorit-va-fi-gata-in-iunie-promit-edilii-acum-se-monteaza-dalele-de-granit\/","name":"Sector 6 | Pia\u0163eta Favorit va fi gata \u00een iunie, promit edilii. Acum se monteaz\u0103 dalele de granit - Buletin de Bucure\u0219ti","isPartOf":{"@id":"https:\/\/buletin.de\/bucuresti\/#website"},"primaryImageOfPage":{"@id":"https:\/\/buletin.de\/bucuresti\/sector-6-piateta-favorit-va-fi-gata-in-iunie-promit-edilii-acum-se-monteaza-dalele-de-granit\/#primaryimage"},"image":{"@id":"https:\/\/buletin.de\/bucuresti\/sector-6-piateta-favorit-va-fi-gata-in-iunie-promit-edilii-acum-se-monteaza-dalele-de-granit\/#primaryimage"},"thumbnailUrl":"https:\/\/buletin.de\/bucuresti\/wp-content\/uploads\/Screenshot-2024-02-23-at-11.23.23.png","datePublished":"2024-02-23T09:32:08+00:00","breadcrumb":{"@id":"https:\/\/buletin.de\/bucuresti\/sector-6-piateta-favorit-va-fi-gata-in-iunie-promit-edilii-acum-se-monteaza-dalele-de-granit\/#breadcrumb"},"inLanguage":"en-GB","potentialAction":[{"@type":"ReadAction","target":["https:\/\/buletin.de\/bucuresti\/sector-6-piateta-favorit-va-fi-gata-in-iunie-promit-edilii-acum-se-monteaza-dalele-de-granit\/"]}]},{"@type":"ImageObject","inLanguage":"en-GB","@id":"https:\/\/buletin.de\/bucuresti\/sector-6-piateta-favorit-va-fi-gata-in-iunie-promit-edilii-acum-se-monteaza-dalele-de-granit\/#primaryimage","url":"https:\/\/buletin.de\/bucuresti\/wp-content\/uploads\/Screenshot-2024-02-23-at-11.23.23.png","contentUrl":"https:\/\/buletin.de\/bucuresti\/wp-content\/uploads\/Screenshot-2024-02-23-at-11.23.23.png","width":795,"height":395,"caption":"Foto: Primaria Sector 6"},{"@type":"BreadcrumbList","@id":"https:\/\/buletin.de\/bucuresti\/sector-6-piateta-favorit-va-fi-gata-in-iunie-promit-edilii-acum-se-monteaza-dalele-de-granit\/#breadcrumb","itemListElement":[{"@type":"ListItem","position":1,"name":"Acas\u0103","item":"https:\/\/buletin.de\/bucuresti\/"},{"@type":"ListItem","position":2,"name":"Sector 6 | Pia\u0163eta Favorit va fi gata \u00een iunie, promit edilii. Acum se monteaz\u0103 dalele de granit"}]},{"@type":"WebSite","@id":"https:\/\/buletin.de\/bucuresti\/#website","url":"https:\/\/buletin.de\/bucuresti\/","name":"Buletin de Bucure\u0219ti","description":"\u0218tiri \u0219i investiga\u021bii esen\u021biale din capital\u0103","publisher":{"@id":"https:\/\/buletin.de\/bucuresti\/#organization"},"potentialAction":[{"@type":"SearchAction","target":{"@type":"EntryPoint","urlTemplate":"https:\/\/buletin.de\/bucuresti\/?s={search_term_string}"},"query-input":{"@type":"PropertyValueSpecification","valueRequired":true,"valueName":"search_term_string"}}],"inLanguage":"en-GB"},{"@type":"Organization","@id":"https:\/\/buletin.de\/bucuresti\/#organization","name":"Buletin de Bucure\u0219ti","url":"https:\/\/buletin.de\/bucuresti\/","logo":{"@type":"ImageObject","inLanguage":"en-GB","@id":"https:\/\/buletin.de\/bucuresti\/#\/schema\/logo\/image\/","url":"https:\/\/buletin.de\/bucuresti\/wp-content\/uploads\/logo-bdb-full-wide-vernil-transparent.png","contentUrl":"https:\/\/buletin.de\/bucuresti\/wp-content\/uploads\/logo-bdb-full-wide-vernil-transparent.png","width":1782,"height":626,"caption":"Buletin de Bucure\u0219ti"},"image":{"@id":"https:\/\/buletin.de\/bucuresti\/#\/schema\/logo\/image\/"},"sameAs":["https:\/\/www.facebook.com\/buletin.de.buc","https:\/\/www.instagram.com\/buletinde.bucuresti\/"]},{"@type":"Person","@id":"https:\/\/buletin.de\/bucuresti\/#\/schema\/person\/7e46040573290777280a0835d81ea4ea","name":"Diana Matei","image":{"@type":"ImageObject","inLanguage":"en-GB","@id":"https:\/\/buletin.de\/bucuresti\/wp-content\/uploads\/9-2-96x96.jpg1e8590b30871d70e62ebcdaf2eff570c","url":"https:\/\/buletin.de\/bucuresti\/wp-content\/uploads\/9-2-96x96.jpg","contentUrl":"https:\/\/buletin.de\/bucuresti\/wp-content\/uploads\/9-2-96x96.jpg","caption":"Diana Matei"},"url":"https:\/\/buletin.de\/bucuresti\/author\/dianamatei\/"}]}},"authors":[{"term_id":22574,"user_id":49,"is_guest":0,"slug":"dianamatei","display_name":"Diana Matei","avatar_url":"https:\/\/buletin.de\/bucuresti\/wp-content\/uploads\/9-2-96x96.jpg","0":null,"1":"","2":"","3":"","4":"","5":"","6":"","7":"","8":""}],"_links":{"self":[{"href":"https:\/\/buletin.de\/bucuresti\/wp-json\/wp\/v2\/posts\/78182","targetHints":{"allow":["GET"]}}],"collection":[{"href":"https:\/\/buletin.de\/bucuresti\/wp-json\/wp\/v2\/posts"}],"about":[{"href":"https:\/\/buletin.de\/bucuresti\/wp-json\/wp\/v2\/types\/post"}],"author":[{"embeddable":true,"href":"https:\/\/buletin.de\/bucuresti\/wp-json\/wp\/v2\/users\/49"}],"replies":[{"embeddable":true,"href":"https:\/\/buletin.de\/bucuresti\/wp-json\/wp\/v2\/comments?post=78182"}],"version-history":[{"count":3,"href":"https:\/\/buletin.de\/bucuresti\/wp-json\/wp\/v2\/posts\/78182\/revisions"}],"predecessor-version":[{"id":78201,"href":"https:\/\/buletin.de\/bucuresti\/wp-json\/wp\/v2\/posts\/78182\/revisions\/78201"}],"wp:featuredmedia":[{"embeddable":true,"href":"https:\/\/buletin.de\/bucuresti\/wp-json\/wp\/v2\/media\/78196"}],"wp:attachment":[{"href":"https:\/\/buletin.de\/bucuresti\/wp-json\/wp\/v2\/media?parent=78182"}],"wp:term":[{"taxonomy":"category","embeddable":true,"href":"https:\/\/buletin.de\/bucuresti\/wp-json\/wp\/v2\/categories?post=78182"},{"taxonomy":"post_tag","embeddable":true,"href":"https:\/\/buletin.de\/bucuresti\/wp-json\/wp\/v2\/tags?post=78182"},{"taxonomy":"author","embeddable":true,"href":"https:\/\/buletin.de\/bucuresti\/wp-json\/wp\/v2\/ppma_author?post=78182"}],"curies":[{"name":"wp","href":"https:\/\/api.w.org\/{rel}","templated":true}]}}