{"id":78137,"date":"2024-02-23T07:12:39","date_gmt":"2024-02-23T05:12:39","guid":{"rendered":"https:\/\/buletin.de\/bucuresti\/?p=78137"},"modified":"2024-02-23T07:20:12","modified_gmt":"2024-02-23T05:20:12","slug":"crima-de-mediu-de-la-otopeni-primarul-gheorghe-spune-ca-analizele-apei-deversate-de-statia-de-epurare-ilegala-au-iesit-bine-intre-timp-cetatenilor-li-s-au-scump","status":"publish","type":"post","link":"https:\/\/buletin.de\/bucuresti\/crima-de-mediu-de-la-otopeni-primarul-gheorghe-spune-ca-analizele-apei-deversate-de-statia-de-epurare-ilegala-au-iesit-bine-intre-timp-cetatenilor-li-s-au-scump\/","title":{"rendered":"\u201eCrima de mediu\u201c de la Otopeni | Primarul Gheorghe spune c\u0103 analizele apei deversate de sta\u021bia de epurare ilegal\u0103 \u201eau ie\u0219it bine\u201c. \u00centre timp, cet\u0103\u021benilor li s-au m\u0103rit facturile pentru ap\u0103-canal"},"content":{"rendered":"\n<p><strong>Primarul ora\u0219ului Otopeni, Silviu Gheorghe(PNL), a reac\u021bionat \u00een urma protestului organizat de administra\u021bia local\u0103 din Tunari \u0219i cet\u0103\u021benii din zon\u0103 ca urmare a polu\u0103rii istorice a R\u00e2ului Pas\u0103rea, care s-a acutizat \u00een ultima perioad\u0103. Edilul sus\u021bine c\u0103 la sta\u021bia de epurare care func\u021bioneaz\u0103 ilegal, \u0219i care este principalul poluator din zon\u0103, se fac lunar analize de ap\u0103 care \u201eau ie\u0219it bine\u201c.<\/strong><\/p>\n\n\n\n<p>\u201e<em>Noi facem periodic, lun\u0103 de lun\u0103, <strong>analizele apei care rezult\u0103 \u00een urma tratamentelor de epurare din sta\u021bie \u0219i au ie\u0219it bine.<\/strong> Operatorul nostru a \u00eenceput investi\u021bia exact pe acel plasament al sta\u021biei de epurare, investi\u021bie care va fi de 6,7 milioane de euro \u00een modernizarea \u0219i extinderea sta\u021biei de epurare. Deci lucrurile merg foarte bine, lucrurile sunt \u00eentr-un proces de dezvoltare, de modernizare<\/em>\u201d, a declarat primarul Silviu Gheorghe citat de <a href=\"https:\/\/stirileprotv.ro\/stiri\/actualitate\/ce-spune-primarul-din-otopeni-despre-dezastrul-ecologic-din-tunari-zapa-este-testata-lunar-analizele-spun-ca-este-curata.html\">stirileprotv.ro<\/a>.<\/p>\n\n\n\n<iframe width=\"560\" height=\"315\" src=\"https:\/\/www.youtube.com\/embed\/yE0h1nsQ9YQ?si=t5mZwqpdG60G8Y9m\" title=\"YouTube video player\" frameborder=\"0\" allow=\"accelerometer; autoplay; clipboard-write; encrypted-media; gyroscope; picture-in-picture; web-share\" allowfullscreen><\/iframe>\n\n\n\n<p>Declara\u021bia vine dup\u0103 o manifesta\u021bie organizat\u0103 de administra\u021bia local\u0103 din Tunari \u0219i cet\u0103\u021beni din zon\u0103, <a href=\"https:\/\/buletin.de\/bucuresti\/protest-la-granita-dintre-tunari-si-otopeni-din-cauza-deversarilor-ilegale-raul-pasarea-poluat-istoric-a-fost-filtrat-cu-baloti-de-paie\/\">\u00een urma c\u0103reia au fost arunca\u021bi balo\u021bi de paie \u00een canalul cu dejec\u021bii care alimenteaz\u0103 R\u00e2ul Pas\u0103rea<\/a> \u0219i \u00een care deverseaz\u0103 sta\u021bia de epurare a ora\u0219ului Otopeni.<\/p>\n\n\n\n<p>De altfel, <a href=\"https:\/\/buletin.de\/bucuresti\/poluare-ca-la-usa-cortului-primarul-din-tunari-si-a-mutat-biroul-langa-dejectiile-din-raul-pasarea-aici-stau-pana-ma-ridica-cineva-am-primit-amenintari-voalate\/\">primarul comunei Tunari, Cristian Niculae(PSD), \u0219i-a amenajat un birou l\u00e2ng\u0103 zona contaminat\u0103, \u00een continuarea protestului.<\/a><\/p>\n\n\n\n<h2 class=\"wp-block-heading\">\u201eCioara vopsit\u0103\u201d<\/h2>\n\n\n\n<p>Investi\u021biile anun\u021bate de edilul din Otopeni,\u00a0<a href=\"https:\/\/buletin.de\/bucuresti\/primarul-din-otopeni-a-fost-retinut-de-dna-abuz-in-serviciu-in-forma-continuata-ca-urmare-a-unor-lucrari-la-canalizarea-orasului\/\">trimis \u00een judecat\u0103 de DNA pentru fraud\u0103 cu fonduri destinate sistemului de canalizare<\/a>, sunt private \u0219i urmeaz\u0103 s\u0103 fie realizate de compania Veolia care deja administreaz\u0103 sta\u021bia ora\u0219ului subdimensionat\u0103, care func\u021bioneaz\u0103 ilegal. Extinderea urmeaz\u0103 s\u0103 fie realizat\u0103 \u00een utma unui <a href=\"https:\/\/buletin.de\/bucuresti\/crima-de-mediu-din-otopeni-apa-nova-extinde-canalizarea-dezastru-a-orasului-investitii-private-de-67-milioane-de-euro-dupa-un-prejudiciu-calculat-de-dna-de-7-m\/\">\u00eemprumut f\u0103cut de compania francez\u0103 ce urmeaz\u0103 s\u0103 fie achitat de cet\u0103\u021benii din Otopeni,<\/a> \u00een urma unei ajust\u0103ri tarifare care deja a \u00eenceput s\u0103 fie implementat\u0103.<\/p>\n\n\n<div class=\"wp-block-image\">\n<figure class=\"aligncenter size-large\"><img fetchpriority=\"high\" decoding=\"async\" width=\"869\" height=\"900\" src=\"data:image\/gif;base64,R0lGODlhAQABAAAAACH5BAEKAAEALAAAAAABAAEAAAICTAEAOw==\" data-src=\"https:\/\/buletin.de\/bucuresti\/wp-content\/uploads\/1-44-869x900.jpg\" alt=\"\" class=\"wp-image-78138 lazyload\" data-sizes=\"auto\" data-srcset=\"https:\/\/buletin.de\/bucuresti\/wp-content\/uploads\/1-44-869x900.jpg 869w, https:\/\/buletin.de\/bucuresti\/wp-content\/uploads\/1-44-290x300.jpg 290w, https:\/\/buletin.de\/bucuresti\/wp-content\/uploads\/1-44-768x796.jpg 768w, https:\/\/buletin.de\/bucuresti\/wp-content\/uploads\/1-44-600x622.jpg 600w, https:\/\/buletin.de\/bucuresti\/wp-content\/uploads\/1-44-20x21.jpg 20w, https:\/\/buletin.de\/bucuresti\/wp-content\/uploads\/1-44.jpg 946w\" sizes=\"(max-width: 869px) 100vw, 869px\" \/><\/figure>\n<\/div>\n\n\n<p>Aflat \u00een func\u021bie din 1996, primarul liberal Silviu Gheorghe a fost re\u021binut \u00een septembrie 2022 de procurori anticorup\u021bie pentru un prejudiciu de \u0219apte milioane de euro, cu 300 de mii de euro mai mult dec\u00e2t investi\u021bia anun\u021bat\u0103 de Veolia. Banii erau destina\u021bi extinderii sistemului de canalizare a ora\u0219ului \u0219i construc\u021bia unei sta\u021bii de epurare noi, la Nord de Aeroportul Otopeni.<\/p>\n\n\n\n<figure class=\"wp-block-embed aligncenter is-type-wp-embed is-provider-buletin-de-bucure-ti wp-block-embed-buletin-de-bucure-ti\"><div class=\"wp-block-embed__wrapper\">\n<blockquote class=\"wp-embedded-content\" data-secret=\"zagp9dClKP\"><a href=\"https:\/\/buletin.de\/bucuresti\/tunurile-urat-mirositoare-ale-primarului-din-otopeni-de-la-capace-de-canalizare-disparute-in-acte-pana-la-statii-de-epurare-platite-si-neexecutate\/\">\u201cTunurile\u201d ur\u00e2t mirositoare ale primarului din Otopeni: de la capace de canalizare disp\u0103rute \u00een acte, p\u00e2n\u0103 la sta\u021bii de epurare pl\u0103tite \u0219i neexecutate<\/a><\/blockquote><iframe class=\"wp-embedded-content\" sandbox=\"allow-scripts\" security=\"restricted\" style=\"position: absolute; clip: rect(1px, 1px, 1px, 1px);\" title=\"&#8220;\u201cTunurile\u201d ur\u00e2t mirositoare ale primarului din Otopeni: de la capace de canalizare disp\u0103rute \u00een acte, p\u00e2n\u0103 la sta\u021bii de epurare pl\u0103tite \u0219i neexecutate&#8221; &#8212; Buletin de Bucure\u0219ti\" src=\"https:\/\/buletin.de\/bucuresti\/tunurile-urat-mirositoare-ale-primarului-din-otopeni-de-la-capace-de-canalizare-disparute-in-acte-pana-la-statii-de-epurare-platite-si-neexecutate\/embed\/#?secret=5ufqDNnhYT#?secret=zagp9dClKP\" data-secret=\"zagp9dClKP\" width=\"600\" height=\"338\" frameborder=\"0\" marginwidth=\"0\" marginheight=\"0\" scrolling=\"no\"><\/iframe>\n<\/div><\/figure>\n\n\n\n<p>Dosarul a fost mutat de avoca\u021bii lui Silviu Gheorghe de la Tribunalul Bucure\u0219ti, la Tribunalul Ilfov. Pus \u00een liberate, el s-a \u00eentors \u00een func\u021bie. Cum \u00een dosar este constituit\u0103 parte civil\u0103 Prim\u0103ria Otopeni, angaja\u021bii afla\u021bi din nou \u00een subordinea primarului Silviu Gheorghe, vor trebui s\u0103 se prezinte \u0219i s\u0103 insiste \u00een instan\u021b\u0103 pentru recuperarea prejudiciului de aproape \u015fapte milioane de euro care ar fi fost cauzat de \u015feful lor direct.<\/p>\n\n\n\n<p>CITE\u0218TE \u0218I<\/p>\n\n\n\n<figure class=\"wp-block-embed is-type-wp-embed is-provider-buletin-de-bucure-ti wp-block-embed-buletin-de-bucure-ti\"><div class=\"wp-block-embed__wrapper\">\n<blockquote class=\"wp-embedded-content\" data-secret=\"4sf8DwY5XX\"><a href=\"https:\/\/buletin.de\/bucuresti\/poluare-ca-la-usa-cortului-primarul-din-tunari-si-a-mutat-biroul-langa-dejectiile-din-raul-pasarea-aici-stau-pana-ma-ridica-cineva-am-primit-amenintari-voalate\/\">Poluare ca la u\u0219a cortului | Primarul din Tunari \u0219i-a mutat biroul l\u00e2ng\u0103 dejec\u021biile din R\u00e2ul Pas\u0103rea: \u201eAici stau, p\u00e2n\u0103 m\u0103 ridic\u0103 cineva. Am primit amenin\u021b\u0103ri voalate\u201d<\/a><\/blockquote><iframe class=\"wp-embedded-content\" sandbox=\"allow-scripts\" security=\"restricted\" style=\"position: absolute; clip: rect(1px, 1px, 1px, 1px);\" title=\"&#8220;Poluare ca la u\u0219a cortului | Primarul din Tunari \u0219i-a mutat biroul l\u00e2ng\u0103 dejec\u021biile din R\u00e2ul Pas\u0103rea: \u201eAici stau, p\u00e2n\u0103 m\u0103 ridic\u0103 cineva. Am primit amenin\u021b\u0103ri voalate\u201d&#8221; &#8212; Buletin de Bucure\u0219ti\" src=\"https:\/\/buletin.de\/bucuresti\/poluare-ca-la-usa-cortului-primarul-din-tunari-si-a-mutat-biroul-langa-dejectiile-din-raul-pasarea-aici-stau-pana-ma-ridica-cineva-am-primit-amenintari-voalate\/embed\/#?secret=qO1zkiRSq6#?secret=4sf8DwY5XX\" data-secret=\"4sf8DwY5XX\" width=\"600\" height=\"338\" frameborder=\"0\" marginwidth=\"0\" marginheight=\"0\" scrolling=\"no\"><\/iframe>\n<\/div><\/figure>\n\n\n\n<figure class=\"wp-block-embed is-type-wp-embed is-provider-buletin-de-bucure-ti wp-block-embed-buletin-de-bucure-ti\"><div class=\"wp-block-embed__wrapper\">\n<blockquote class=\"wp-embedded-content\" data-secret=\"RnbjBArHbd\"><a href=\"https:\/\/buletin.de\/bucuresti\/protest-la-granita-dintre-tunari-si-otopeni-din-cauza-deversarilor-ilegale-raul-pasarea-poluat-istoric-a-fost-filtrat-cu-baloti-de-paie\/\">Protest la grani\u0163a dintre Tunari \u015fi Otopeni, din cauza devers\u0103rilor ilegale. R\u00e2ul Pas\u0103rea, poluat istoric, a fost \u201efiltrat\u201d cu balo\u0163i de paie<\/a><\/blockquote><iframe class=\"wp-embedded-content\" sandbox=\"allow-scripts\" security=\"restricted\" style=\"position: absolute; clip: rect(1px, 1px, 1px, 1px);\" title=\"&#8220;Protest la grani\u0163a dintre Tunari \u015fi Otopeni, din cauza devers\u0103rilor ilegale. R\u00e2ul Pas\u0103rea, poluat istoric, a fost \u201efiltrat\u201d cu balo\u0163i de paie&#8221; &#8212; Buletin de Bucure\u0219ti\" src=\"https:\/\/buletin.de\/bucuresti\/protest-la-granita-dintre-tunari-si-otopeni-din-cauza-deversarilor-ilegale-raul-pasarea-poluat-istoric-a-fost-filtrat-cu-baloti-de-paie\/embed\/#?secret=rRZsE5SuaC#?secret=RnbjBArHbd\" data-secret=\"RnbjBArHbd\" width=\"600\" height=\"338\" frameborder=\"0\" marginwidth=\"0\" marginheight=\"0\" scrolling=\"no\"><\/iframe>\n<\/div><\/figure>\n\n\n\n<figure class=\"wp-block-embed is-type-wp-embed is-provider-buletin-de-bucure-ti wp-block-embed-buletin-de-bucure-ti\"><div class=\"wp-block-embed__wrapper\">\n<blockquote class=\"wp-embedded-content\" data-secret=\"kSGf2Oiyn5\"><a href=\"https:\/\/buletin.de\/bucuresti\/aeroportul-henri-coanda-a-ocolit-haznaua-primarului-din-otopeni-si-s-a-conectat-la-canalizarea-lui-florentin-pandele-plus-amenzi-cu-dedicatie-de\/\">Aeroportul \u201cHenri Coand\u0103\u201d a ocolit \u201chaznaua\u201d primarului din Otopeni \u0219i s-a conectat la canalizarea lui Florentin Pandele. Plus amenzi cu \u201ededica\u021bie\u201d de la Garda de Mediu Ilfov<\/a><\/blockquote><iframe class=\"wp-embedded-content\" sandbox=\"allow-scripts\" security=\"restricted\" style=\"position: absolute; clip: rect(1px, 1px, 1px, 1px);\" title=\"&#8220;Aeroportul \u201cHenri Coand\u0103\u201d a ocolit \u201chaznaua\u201d primarului din Otopeni \u0219i s-a conectat la canalizarea lui Florentin Pandele. Plus amenzi cu \u201ededica\u021bie\u201d de la Garda de Mediu Ilfov&#8221; &#8212; Buletin de Bucure\u0219ti\" src=\"https:\/\/buletin.de\/bucuresti\/aeroportul-henri-coanda-a-ocolit-haznaua-primarului-din-otopeni-si-s-a-conectat-la-canalizarea-lui-florentin-pandele-plus-amenzi-cu-dedicatie-de\/embed\/#?secret=5c2KQvbw4F#?secret=kSGf2Oiyn5\" data-secret=\"kSGf2Oiyn5\" width=\"600\" height=\"338\" frameborder=\"0\" marginwidth=\"0\" marginheight=\"0\" scrolling=\"no\"><\/iframe>\n<\/div><\/figure>\n","protected":false},"excerpt":{"rendered":"<p>Primarul ora\u0219ului Otopeni, Silviu Gheorghe(PNL), a reac\u021bionat \u00een urma protestului organizat de administra\u021bia local\u0103 din Tunari \u0219i cet\u0103\u021benii din zon\u0103 ca urmare a polu\u0103rii istorice a R\u00e2ului Pas\u0103rea, care s-a acutizat \u00een ultima perioad\u0103. Edilul sus\u021bine c\u0103 la sta\u021bia de epurare care func\u021bioneaz\u0103 ilegal, \u0219i care este principalul poluator din zon\u0103, se fac lunar analize [&hellip;]<\/p>\n","protected":false},"author":10,"featured_media":78141,"comment_status":"closed","ping_status":"open","sticky":false,"template":"","format":"standard","meta":{"_acf_changed":false,"inline_featured_image":false,"ngg_post_thumbnail":0,"footnotes":""},"categories":[6994,1432,5762,109],"tags":[154,1510,4558,750,225,1653],"ppma_author":[22575],"class_list":["post-78137","post","type-post","status-publish","format-standard","has-post-thumbnail","hentry","category-stiri-2","category-buletin-de-ilfov","category-main","category-mediu","tag-amenzi","tag-deversari","tag-gheorghe","tag-otopeni","tag-primar","tag-tunari"],"acf":[],"yoast_head":"<!-- This site is optimized with the Yoast SEO Premium plugin v25.3 (Yoast SEO v27.4) - https:\/\/yoast.com\/product\/yoast-seo-premium-wordpress\/ -->\n<title>\u201eCrima de mediu\u201c de la Otopeni | Primarul Gheorghe spune c\u0103 analizele apei deversate de sta\u021bia de epurare ilegal\u0103 \u201eau ie\u0219it bine\u201c. \u00centre timp, cet\u0103\u021benilor li s-au m\u0103rit facturile pentru ap\u0103-canal - Buletin de Bucure\u0219ti<\/title>\n<meta name=\"robots\" content=\"index, follow, max-snippet:-1, max-image-preview:large, max-video-preview:-1\" \/>\n<link rel=\"canonical\" href=\"https:\/\/buletin.de\/bucuresti\/crima-de-mediu-de-la-otopeni-primarul-gheorghe-spune-ca-analizele-apei-deversate-de-statia-de-epurare-ilegala-au-iesit-bine-intre-timp-cetatenilor-li-s-au-scump\/\" \/>\n<meta property=\"og:locale\" content=\"en_GB\" \/>\n<meta property=\"og:type\" content=\"article\" \/>\n<meta property=\"og:title\" content=\"\u201eCrima de mediu\u201c de la Otopeni | Primarul Gheorghe spune c\u0103 analizele apei deversate de sta\u021bia de epurare ilegal\u0103 \u201eau ie\u0219it bine\u201c. \u00centre timp, cet\u0103\u021benilor li s-au m\u0103rit facturile pentru ap\u0103-canal\" \/>\n<meta property=\"og:description\" content=\"Primarul ora\u0219ului Otopeni, Silviu Gheorghe(PNL), a reac\u021bionat \u00een urma protestului organizat de administra\u021bia local\u0103 din Tunari \u0219i cet\u0103\u021benii din zon\u0103 ca urmare a polu\u0103rii istorice a R\u00e2ului Pas\u0103rea, care s-a acutizat \u00een ultima perioad\u0103. Edilul sus\u021bine c\u0103 la sta\u021bia de epurare care func\u021bioneaz\u0103 ilegal, \u0219i care este principalul poluator din zon\u0103, se fac lunar analize [&hellip;]\" \/>\n<meta property=\"og:url\" content=\"https:\/\/buletin.de\/bucuresti\/crima-de-mediu-de-la-otopeni-primarul-gheorghe-spune-ca-analizele-apei-deversate-de-statia-de-epurare-ilegala-au-iesit-bine-intre-timp-cetatenilor-li-s-au-scump\/\" \/>\n<meta property=\"og:site_name\" content=\"Buletin de Bucure\u0219ti\" \/>\n<meta property=\"article:publisher\" content=\"https:\/\/www.facebook.com\/buletin.de.buc\" \/>\n<meta property=\"article:published_time\" content=\"2024-02-23T05:12:39+00:00\" \/>\n<meta property=\"article:modified_time\" content=\"2024-02-23T05:20:12+00:00\" \/>\n<meta property=\"og:image\" content=\"https:\/\/buletin.de\/bucuresti\/wp-content\/uploads\/Untitled-1920-\u00d7-1080px-1600x900-1.jpg\" \/>\n\t<meta property=\"og:image:width\" content=\"1600\" \/>\n\t<meta property=\"og:image:height\" content=\"900\" \/>\n\t<meta property=\"og:image:type\" content=\"image\/jpeg\" \/>\n<meta name=\"author\" content=\"C\u0103t\u0103lin Dosca\u0219\" \/>\n<meta name=\"twitter:card\" content=\"summary_large_image\" \/>\n<meta name=\"twitter:label1\" content=\"Written by\" \/>\n\t<meta name=\"twitter:data1\" content=\"C\u0103t\u0103lin Dosca\u0219\" \/>\n\t<meta name=\"twitter:label2\" content=\"Estimated reading time\" \/>\n\t<meta name=\"twitter:data2\" content=\"2 minutes\" \/>\n<script type=\"application\/ld+json\" class=\"yoast-schema-graph\">{\"@context\":\"https:\\\/\\\/schema.org\",\"@graph\":[{\"@type\":\"Article\",\"@id\":\"https:\\\/\\\/buletin.de\\\/bucuresti\\\/crima-de-mediu-de-la-otopeni-primarul-gheorghe-spune-ca-analizele-apei-deversate-de-statia-de-epurare-ilegala-au-iesit-bine-intre-timp-cetatenilor-li-s-au-scump\\\/#article\",\"isPartOf\":{\"@id\":\"https:\\\/\\\/buletin.de\\\/bucuresti\\\/crima-de-mediu-de-la-otopeni-primarul-gheorghe-spune-ca-analizele-apei-deversate-de-statia-de-epurare-ilegala-au-iesit-bine-intre-timp-cetatenilor-li-s-au-scump\\\/\"},\"author\":{\"name\":\"C\u0103t\u0103lin Dosca\u0219\",\"@id\":\"https:\\\/\\\/buletin.de\\\/bucuresti\\\/#\\\/schema\\\/person\\\/31117187ed4d0bdb0a4c7d6acc79d0f8\"},\"headline\":\"\u201eCrima de mediu\u201c de la Otopeni | Primarul Gheorghe spune c\u0103 analizele apei deversate de sta\u021bia de epurare ilegal\u0103 \u201eau ie\u0219it bine\u201c. \u00centre timp, cet\u0103\u021benilor li s-au m\u0103rit facturile pentru ap\u0103-canal\",\"datePublished\":\"2024-02-23T05:12:39+00:00\",\"dateModified\":\"2024-02-23T05:20:12+00:00\",\"mainEntityOfPage\":{\"@id\":\"https:\\\/\\\/buletin.de\\\/bucuresti\\\/crima-de-mediu-de-la-otopeni-primarul-gheorghe-spune-ca-analizele-apei-deversate-de-statia-de-epurare-ilegala-au-iesit-bine-intre-timp-cetatenilor-li-s-au-scump\\\/\"},\"wordCount\":506,\"publisher\":{\"@id\":\"https:\\\/\\\/buletin.de\\\/bucuresti\\\/#organization\"},\"image\":{\"@id\":\"https:\\\/\\\/buletin.de\\\/bucuresti\\\/crima-de-mediu-de-la-otopeni-primarul-gheorghe-spune-ca-analizele-apei-deversate-de-statia-de-epurare-ilegala-au-iesit-bine-intre-timp-cetatenilor-li-s-au-scump\\\/#primaryimage\"},\"thumbnailUrl\":\"https:\\\/\\\/buletin.de\\\/bucuresti\\\/wp-content\\\/uploads\\\/Untitled-1920-\u00d7-1080px-1600x900-1.jpg\",\"keywords\":[\"amenzi\",\"deversari\",\"gheorghe\",\"otopeni\",\"primar\",\"tunari\"],\"articleSection\":[\"Articole\",\"Buletin de Ilfov\",\"Main\",\"Mediu\"],\"inLanguage\":\"en-GB\",\"copyrightYear\":\"2024\",\"copyrightHolder\":{\"@id\":\"https:\\\/\\\/buletin.de\\\/bucuresti\\\/#organization\"}},{\"@type\":\"WebPage\",\"@id\":\"https:\\\/\\\/buletin.de\\\/bucuresti\\\/crima-de-mediu-de-la-otopeni-primarul-gheorghe-spune-ca-analizele-apei-deversate-de-statia-de-epurare-ilegala-au-iesit-bine-intre-timp-cetatenilor-li-s-au-scump\\\/\",\"url\":\"https:\\\/\\\/buletin.de\\\/bucuresti\\\/crima-de-mediu-de-la-otopeni-primarul-gheorghe-spune-ca-analizele-apei-deversate-de-statia-de-epurare-ilegala-au-iesit-bine-intre-timp-cetatenilor-li-s-au-scump\\\/\",\"name\":\"\u201eCrima de mediu\u201c de la Otopeni | Primarul Gheorghe spune c\u0103 analizele apei deversate de sta\u021bia de epurare ilegal\u0103 \u201eau ie\u0219it bine\u201c. \u00centre timp, cet\u0103\u021benilor li s-au m\u0103rit facturile pentru ap\u0103-canal - Buletin de Bucure\u0219ti\",\"isPartOf\":{\"@id\":\"https:\\\/\\\/buletin.de\\\/bucuresti\\\/#website\"},\"primaryImageOfPage\":{\"@id\":\"https:\\\/\\\/buletin.de\\\/bucuresti\\\/crima-de-mediu-de-la-otopeni-primarul-gheorghe-spune-ca-analizele-apei-deversate-de-statia-de-epurare-ilegala-au-iesit-bine-intre-timp-cetatenilor-li-s-au-scump\\\/#primaryimage\"},\"image\":{\"@id\":\"https:\\\/\\\/buletin.de\\\/bucuresti\\\/crima-de-mediu-de-la-otopeni-primarul-gheorghe-spune-ca-analizele-apei-deversate-de-statia-de-epurare-ilegala-au-iesit-bine-intre-timp-cetatenilor-li-s-au-scump\\\/#primaryimage\"},\"thumbnailUrl\":\"https:\\\/\\\/buletin.de\\\/bucuresti\\\/wp-content\\\/uploads\\\/Untitled-1920-\u00d7-1080px-1600x900-1.jpg\",\"datePublished\":\"2024-02-23T05:12:39+00:00\",\"dateModified\":\"2024-02-23T05:20:12+00:00\",\"breadcrumb\":{\"@id\":\"https:\\\/\\\/buletin.de\\\/bucuresti\\\/crima-de-mediu-de-la-otopeni-primarul-gheorghe-spune-ca-analizele-apei-deversate-de-statia-de-epurare-ilegala-au-iesit-bine-intre-timp-cetatenilor-li-s-au-scump\\\/#breadcrumb\"},\"inLanguage\":\"en-GB\",\"potentialAction\":[{\"@type\":\"ReadAction\",\"target\":[\"https:\\\/\\\/buletin.de\\\/bucuresti\\\/crima-de-mediu-de-la-otopeni-primarul-gheorghe-spune-ca-analizele-apei-deversate-de-statia-de-epurare-ilegala-au-iesit-bine-intre-timp-cetatenilor-li-s-au-scump\\\/\"]}]},{\"@type\":\"ImageObject\",\"inLanguage\":\"en-GB\",\"@id\":\"https:\\\/\\\/buletin.de\\\/bucuresti\\\/crima-de-mediu-de-la-otopeni-primarul-gheorghe-spune-ca-analizele-apei-deversate-de-statia-de-epurare-ilegala-au-iesit-bine-intre-timp-cetatenilor-li-s-au-scump\\\/#primaryimage\",\"url\":\"https:\\\/\\\/buletin.de\\\/bucuresti\\\/wp-content\\\/uploads\\\/Untitled-1920-\u00d7-1080px-1600x900-1.jpg\",\"contentUrl\":\"https:\\\/\\\/buletin.de\\\/bucuresti\\\/wp-content\\\/uploads\\\/Untitled-1920-\u00d7-1080px-1600x900-1.jpg\",\"width\":1600,\"height\":900},{\"@type\":\"BreadcrumbList\",\"@id\":\"https:\\\/\\\/buletin.de\\\/bucuresti\\\/crima-de-mediu-de-la-otopeni-primarul-gheorghe-spune-ca-analizele-apei-deversate-de-statia-de-epurare-ilegala-au-iesit-bine-intre-timp-cetatenilor-li-s-au-scump\\\/#breadcrumb\",\"itemListElement\":[{\"@type\":\"ListItem\",\"position\":1,\"name\":\"Acas\u0103\",\"item\":\"https:\\\/\\\/buletin.de\\\/bucuresti\\\/\"},{\"@type\":\"ListItem\",\"position\":2,\"name\":\"\u201eCrima de mediu\u201c de la Otopeni | Primarul Gheorghe spune c\u0103 analizele apei deversate de sta\u021bia de epurare ilegal\u0103 \u201eau ie\u0219it bine\u201c. \u00centre timp, cet\u0103\u021benilor li s-au m\u0103rit facturile pentru ap\u0103-canal\"}]},{\"@type\":\"WebSite\",\"@id\":\"https:\\\/\\\/buletin.de\\\/bucuresti\\\/#website\",\"url\":\"https:\\\/\\\/buletin.de\\\/bucuresti\\\/\",\"name\":\"Buletin de Bucure\u0219ti\",\"description\":\"\u0218tiri \u0219i investiga\u021bii esen\u021biale din capital\u0103\",\"publisher\":{\"@id\":\"https:\\\/\\\/buletin.de\\\/bucuresti\\\/#organization\"},\"potentialAction\":[{\"@type\":\"SearchAction\",\"target\":{\"@type\":\"EntryPoint\",\"urlTemplate\":\"https:\\\/\\\/buletin.de\\\/bucuresti\\\/?s={search_term_string}\"},\"query-input\":{\"@type\":\"PropertyValueSpecification\",\"valueRequired\":true,\"valueName\":\"search_term_string\"}}],\"inLanguage\":\"en-GB\"},{\"@type\":\"Organization\",\"@id\":\"https:\\\/\\\/buletin.de\\\/bucuresti\\\/#organization\",\"name\":\"Buletin de Bucure\u0219ti\",\"url\":\"https:\\\/\\\/buletin.de\\\/bucuresti\\\/\",\"logo\":{\"@type\":\"ImageObject\",\"inLanguage\":\"en-GB\",\"@id\":\"https:\\\/\\\/buletin.de\\\/bucuresti\\\/#\\\/schema\\\/logo\\\/image\\\/\",\"url\":\"https:\\\/\\\/buletin.de\\\/bucuresti\\\/wp-content\\\/uploads\\\/logo-bdb-full-wide-vernil-transparent.png\",\"contentUrl\":\"https:\\\/\\\/buletin.de\\\/bucuresti\\\/wp-content\\\/uploads\\\/logo-bdb-full-wide-vernil-transparent.png\",\"width\":1782,\"height\":626,\"caption\":\"Buletin de Bucure\u0219ti\"},\"image\":{\"@id\":\"https:\\\/\\\/buletin.de\\\/bucuresti\\\/#\\\/schema\\\/logo\\\/image\\\/\"},\"sameAs\":[\"https:\\\/\\\/www.facebook.com\\\/buletin.de.buc\",\"https:\\\/\\\/www.instagram.com\\\/buletinde.bucuresti\\\/\"]},{\"@type\":\"Person\",\"@id\":\"https:\\\/\\\/buletin.de\\\/bucuresti\\\/#\\\/schema\\\/person\\\/31117187ed4d0bdb0a4c7d6acc79d0f8\",\"name\":\"C\u0103t\u0103lin Dosca\u0219\",\"image\":{\"@type\":\"ImageObject\",\"inLanguage\":\"en-GB\",\"@id\":\"https:\\\/\\\/buletin.de\\\/bucuresti\\\/wp-content\\\/uploads\\\/Catalin-Doscas-e1732731064764-96x96.jpga93e2943bb3b1c1f9ead823df6e6317a\",\"url\":\"https:\\\/\\\/buletin.de\\\/bucuresti\\\/wp-content\\\/uploads\\\/Catalin-Doscas-e1732731064764-96x96.jpg\",\"contentUrl\":\"https:\\\/\\\/buletin.de\\\/bucuresti\\\/wp-content\\\/uploads\\\/Catalin-Doscas-e1732731064764-96x96.jpg\",\"caption\":\"C\u0103t\u0103lin Dosca\u0219\"},\"description\":\"Reporter \u0219i redactor-\u0219ef Buletin de Bucure\u0219ti. Lucreaz\u0103 \u00een mass-media de la v\u00e2rsta de 15 ani, c\u00e2nd a publicat primele articole \u00een presa local\u0103 din Tecuci. \u00cen Bucure\u0219ti a lucrat \u00een redac\u021bii radio ca reporter, redactor \u0219i prezentator (StudentFM, Na\u021bionalFM, Radio Total, Smart FM), unde a acoperit domeniile politic, economic, social \u0219i externe. Ulterior, a fost editor-coordonator al postului Realitatea FM. Experien\u021ba \u00een jurnalismul online a dob\u00e2ndit-o la portalul B365.ro, unde a fost editor. \u00cen 2012 s-a angajat \u00een televiziune. La Realitatea TV a fost, pe r\u00e2nd, reporter la sec\u021bia Social, reporter special la emisiunea de reportaje \u0219i anchete \u201eReporterii Realit\u0103\u021bii\u201d, dar \u0219i editor al jurnalelor de \u0219tiri. Ulterior, a f\u0103cut parte din sec\u021bia de Investiga\u021bii de la Digi24 \u0219i a lucrat la campania \u201eRom\u00e2nia furat\u0103\u201d. A revenit \u00een presa scris\u0103 \u00een 2017, ca reporter special, \u00een cadrul unui proiect de repozi\u021bionare a tabloidului Libertatea \u00een cotidian generalist. Este jurnalist Buletin de Bucure\u0219ti din 2019.\",\"url\":\"https:\\\/\\\/buletin.de\\\/bucuresti\\\/author\\\/catalin\\\/\"}]}<\/script>\n<!-- \/ Yoast SEO Premium plugin. -->","yoast_head_json":{"title":"\u201eCrima de mediu\u201c de la Otopeni | Primarul Gheorghe spune c\u0103 analizele apei deversate de sta\u021bia de epurare ilegal\u0103 \u201eau ie\u0219it bine\u201c. \u00centre timp, cet\u0103\u021benilor li s-au m\u0103rit facturile pentru ap\u0103-canal - Buletin de Bucure\u0219ti","robots":{"index":"index","follow":"follow","max-snippet":"max-snippet:-1","max-image-preview":"max-image-preview:large","max-video-preview":"max-video-preview:-1"},"canonical":"https:\/\/buletin.de\/bucuresti\/crima-de-mediu-de-la-otopeni-primarul-gheorghe-spune-ca-analizele-apei-deversate-de-statia-de-epurare-ilegala-au-iesit-bine-intre-timp-cetatenilor-li-s-au-scump\/","og_locale":"en_GB","og_type":"article","og_title":"\u201eCrima de mediu\u201c de la Otopeni | Primarul Gheorghe spune c\u0103 analizele apei deversate de sta\u021bia de epurare ilegal\u0103 \u201eau ie\u0219it bine\u201c. \u00centre timp, cet\u0103\u021benilor li s-au m\u0103rit facturile pentru ap\u0103-canal","og_description":"Primarul ora\u0219ului Otopeni, Silviu Gheorghe(PNL), a reac\u021bionat \u00een urma protestului organizat de administra\u021bia local\u0103 din Tunari \u0219i cet\u0103\u021benii din zon\u0103 ca urmare a polu\u0103rii istorice a R\u00e2ului Pas\u0103rea, care s-a acutizat \u00een ultima perioad\u0103. Edilul sus\u021bine c\u0103 la sta\u021bia de epurare care func\u021bioneaz\u0103 ilegal, \u0219i care este principalul poluator din zon\u0103, se fac lunar analize [&hellip;]","og_url":"https:\/\/buletin.de\/bucuresti\/crima-de-mediu-de-la-otopeni-primarul-gheorghe-spune-ca-analizele-apei-deversate-de-statia-de-epurare-ilegala-au-iesit-bine-intre-timp-cetatenilor-li-s-au-scump\/","og_site_name":"Buletin de Bucure\u0219ti","article_publisher":"https:\/\/www.facebook.com\/buletin.de.buc","article_published_time":"2024-02-23T05:12:39+00:00","article_modified_time":"2024-02-23T05:20:12+00:00","og_image":[{"width":1600,"height":900,"url":"https:\/\/buletin.de\/bucuresti\/wp-content\/uploads\/Untitled-1920-\u00d7-1080px-1600x900-1.jpg","type":"image\/jpeg"}],"author":"C\u0103t\u0103lin Dosca\u0219","twitter_card":"summary_large_image","twitter_misc":{"Written by":"C\u0103t\u0103lin Dosca\u0219","Estimated reading time":"2 minutes"},"schema":{"@context":"https:\/\/schema.org","@graph":[{"@type":"Article","@id":"https:\/\/buletin.de\/bucuresti\/crima-de-mediu-de-la-otopeni-primarul-gheorghe-spune-ca-analizele-apei-deversate-de-statia-de-epurare-ilegala-au-iesit-bine-intre-timp-cetatenilor-li-s-au-scump\/#article","isPartOf":{"@id":"https:\/\/buletin.de\/bucuresti\/crima-de-mediu-de-la-otopeni-primarul-gheorghe-spune-ca-analizele-apei-deversate-de-statia-de-epurare-ilegala-au-iesit-bine-intre-timp-cetatenilor-li-s-au-scump\/"},"author":{"name":"C\u0103t\u0103lin Dosca\u0219","@id":"https:\/\/buletin.de\/bucuresti\/#\/schema\/person\/31117187ed4d0bdb0a4c7d6acc79d0f8"},"headline":"\u201eCrima de mediu\u201c de la Otopeni | Primarul Gheorghe spune c\u0103 analizele apei deversate de sta\u021bia de epurare ilegal\u0103 \u201eau ie\u0219it bine\u201c. \u00centre timp, cet\u0103\u021benilor li s-au m\u0103rit facturile pentru ap\u0103-canal","datePublished":"2024-02-23T05:12:39+00:00","dateModified":"2024-02-23T05:20:12+00:00","mainEntityOfPage":{"@id":"https:\/\/buletin.de\/bucuresti\/crima-de-mediu-de-la-otopeni-primarul-gheorghe-spune-ca-analizele-apei-deversate-de-statia-de-epurare-ilegala-au-iesit-bine-intre-timp-cetatenilor-li-s-au-scump\/"},"wordCount":506,"publisher":{"@id":"https:\/\/buletin.de\/bucuresti\/#organization"},"image":{"@id":"https:\/\/buletin.de\/bucuresti\/crima-de-mediu-de-la-otopeni-primarul-gheorghe-spune-ca-analizele-apei-deversate-de-statia-de-epurare-ilegala-au-iesit-bine-intre-timp-cetatenilor-li-s-au-scump\/#primaryimage"},"thumbnailUrl":"https:\/\/buletin.de\/bucuresti\/wp-content\/uploads\/Untitled-1920-\u00d7-1080px-1600x900-1.jpg","keywords":["amenzi","deversari","gheorghe","otopeni","primar","tunari"],"articleSection":["Articole","Buletin de Ilfov","Main","Mediu"],"inLanguage":"en-GB","copyrightYear":"2024","copyrightHolder":{"@id":"https:\/\/buletin.de\/bucuresti\/#organization"}},{"@type":"WebPage","@id":"https:\/\/buletin.de\/bucuresti\/crima-de-mediu-de-la-otopeni-primarul-gheorghe-spune-ca-analizele-apei-deversate-de-statia-de-epurare-ilegala-au-iesit-bine-intre-timp-cetatenilor-li-s-au-scump\/","url":"https:\/\/buletin.de\/bucuresti\/crima-de-mediu-de-la-otopeni-primarul-gheorghe-spune-ca-analizele-apei-deversate-de-statia-de-epurare-ilegala-au-iesit-bine-intre-timp-cetatenilor-li-s-au-scump\/","name":"\u201eCrima de mediu\u201c de la Otopeni | Primarul Gheorghe spune c\u0103 analizele apei deversate de sta\u021bia de epurare ilegal\u0103 \u201eau ie\u0219it bine\u201c. \u00centre timp, cet\u0103\u021benilor li s-au m\u0103rit facturile pentru ap\u0103-canal - Buletin de Bucure\u0219ti","isPartOf":{"@id":"https:\/\/buletin.de\/bucuresti\/#website"},"primaryImageOfPage":{"@id":"https:\/\/buletin.de\/bucuresti\/crima-de-mediu-de-la-otopeni-primarul-gheorghe-spune-ca-analizele-apei-deversate-de-statia-de-epurare-ilegala-au-iesit-bine-intre-timp-cetatenilor-li-s-au-scump\/#primaryimage"},"image":{"@id":"https:\/\/buletin.de\/bucuresti\/crima-de-mediu-de-la-otopeni-primarul-gheorghe-spune-ca-analizele-apei-deversate-de-statia-de-epurare-ilegala-au-iesit-bine-intre-timp-cetatenilor-li-s-au-scump\/#primaryimage"},"thumbnailUrl":"https:\/\/buletin.de\/bucuresti\/wp-content\/uploads\/Untitled-1920-\u00d7-1080px-1600x900-1.jpg","datePublished":"2024-02-23T05:12:39+00:00","dateModified":"2024-02-23T05:20:12+00:00","breadcrumb":{"@id":"https:\/\/buletin.de\/bucuresti\/crima-de-mediu-de-la-otopeni-primarul-gheorghe-spune-ca-analizele-apei-deversate-de-statia-de-epurare-ilegala-au-iesit-bine-intre-timp-cetatenilor-li-s-au-scump\/#breadcrumb"},"inLanguage":"en-GB","potentialAction":[{"@type":"ReadAction","target":["https:\/\/buletin.de\/bucuresti\/crima-de-mediu-de-la-otopeni-primarul-gheorghe-spune-ca-analizele-apei-deversate-de-statia-de-epurare-ilegala-au-iesit-bine-intre-timp-cetatenilor-li-s-au-scump\/"]}]},{"@type":"ImageObject","inLanguage":"en-GB","@id":"https:\/\/buletin.de\/bucuresti\/crima-de-mediu-de-la-otopeni-primarul-gheorghe-spune-ca-analizele-apei-deversate-de-statia-de-epurare-ilegala-au-iesit-bine-intre-timp-cetatenilor-li-s-au-scump\/#primaryimage","url":"https:\/\/buletin.de\/bucuresti\/wp-content\/uploads\/Untitled-1920-\u00d7-1080px-1600x900-1.jpg","contentUrl":"https:\/\/buletin.de\/bucuresti\/wp-content\/uploads\/Untitled-1920-\u00d7-1080px-1600x900-1.jpg","width":1600,"height":900},{"@type":"BreadcrumbList","@id":"https:\/\/buletin.de\/bucuresti\/crima-de-mediu-de-la-otopeni-primarul-gheorghe-spune-ca-analizele-apei-deversate-de-statia-de-epurare-ilegala-au-iesit-bine-intre-timp-cetatenilor-li-s-au-scump\/#breadcrumb","itemListElement":[{"@type":"ListItem","position":1,"name":"Acas\u0103","item":"https:\/\/buletin.de\/bucuresti\/"},{"@type":"ListItem","position":2,"name":"\u201eCrima de mediu\u201c de la Otopeni | Primarul Gheorghe spune c\u0103 analizele apei deversate de sta\u021bia de epurare ilegal\u0103 \u201eau ie\u0219it bine\u201c. \u00centre timp, cet\u0103\u021benilor li s-au m\u0103rit facturile pentru ap\u0103-canal"}]},{"@type":"WebSite","@id":"https:\/\/buletin.de\/bucuresti\/#website","url":"https:\/\/buletin.de\/bucuresti\/","name":"Buletin de Bucure\u0219ti","description":"\u0218tiri \u0219i investiga\u021bii esen\u021biale din capital\u0103","publisher":{"@id":"https:\/\/buletin.de\/bucuresti\/#organization"},"potentialAction":[{"@type":"SearchAction","target":{"@type":"EntryPoint","urlTemplate":"https:\/\/buletin.de\/bucuresti\/?s={search_term_string}"},"query-input":{"@type":"PropertyValueSpecification","valueRequired":true,"valueName":"search_term_string"}}],"inLanguage":"en-GB"},{"@type":"Organization","@id":"https:\/\/buletin.de\/bucuresti\/#organization","name":"Buletin de Bucure\u0219ti","url":"https:\/\/buletin.de\/bucuresti\/","logo":{"@type":"ImageObject","inLanguage":"en-GB","@id":"https:\/\/buletin.de\/bucuresti\/#\/schema\/logo\/image\/","url":"https:\/\/buletin.de\/bucuresti\/wp-content\/uploads\/logo-bdb-full-wide-vernil-transparent.png","contentUrl":"https:\/\/buletin.de\/bucuresti\/wp-content\/uploads\/logo-bdb-full-wide-vernil-transparent.png","width":1782,"height":626,"caption":"Buletin de Bucure\u0219ti"},"image":{"@id":"https:\/\/buletin.de\/bucuresti\/#\/schema\/logo\/image\/"},"sameAs":["https:\/\/www.facebook.com\/buletin.de.buc","https:\/\/www.instagram.com\/buletinde.bucuresti\/"]},{"@type":"Person","@id":"https:\/\/buletin.de\/bucuresti\/#\/schema\/person\/31117187ed4d0bdb0a4c7d6acc79d0f8","name":"C\u0103t\u0103lin Dosca\u0219","image":{"@type":"ImageObject","inLanguage":"en-GB","@id":"https:\/\/buletin.de\/bucuresti\/wp-content\/uploads\/Catalin-Doscas-e1732731064764-96x96.jpga93e2943bb3b1c1f9ead823df6e6317a","url":"https:\/\/buletin.de\/bucuresti\/wp-content\/uploads\/Catalin-Doscas-e1732731064764-96x96.jpg","contentUrl":"https:\/\/buletin.de\/bucuresti\/wp-content\/uploads\/Catalin-Doscas-e1732731064764-96x96.jpg","caption":"C\u0103t\u0103lin Dosca\u0219"},"description":"Reporter \u0219i redactor-\u0219ef Buletin de Bucure\u0219ti. Lucreaz\u0103 \u00een mass-media de la v\u00e2rsta de 15 ani, c\u00e2nd a publicat primele articole \u00een presa local\u0103 din Tecuci. \u00cen Bucure\u0219ti a lucrat \u00een redac\u021bii radio ca reporter, redactor \u0219i prezentator (StudentFM, Na\u021bionalFM, Radio Total, Smart FM), unde a acoperit domeniile politic, economic, social \u0219i externe. Ulterior, a fost editor-coordonator al postului Realitatea FM. Experien\u021ba \u00een jurnalismul online a dob\u00e2ndit-o la portalul B365.ro, unde a fost editor. \u00cen 2012 s-a angajat \u00een televiziune. La Realitatea TV a fost, pe r\u00e2nd, reporter la sec\u021bia Social, reporter special la emisiunea de reportaje \u0219i anchete \u201eReporterii Realit\u0103\u021bii\u201d, dar \u0219i editor al jurnalelor de \u0219tiri. Ulterior, a f\u0103cut parte din sec\u021bia de Investiga\u021bii de la Digi24 \u0219i a lucrat la campania \u201eRom\u00e2nia furat\u0103\u201d. A revenit \u00een presa scris\u0103 \u00een 2017, ca reporter special, \u00een cadrul unui proiect de repozi\u021bionare a tabloidului Libertatea \u00een cotidian generalist. Este jurnalist Buletin de Bucure\u0219ti din 2019.","url":"https:\/\/buletin.de\/bucuresti\/author\/catalin\/"}]}},"authors":[{"term_id":22575,"user_id":10,"is_guest":0,"slug":"catalin","display_name":"C\u0103t\u0103lin Dosca\u0219","avatar_url":"https:\/\/buletin.de\/bucuresti\/wp-content\/uploads\/Catalin-Doscas-e1732731064764-96x96.jpg","0":null,"1":"","2":"","3":"","4":"","5":"","6":"","7":"","8":""}],"_links":{"self":[{"href":"https:\/\/buletin.de\/bucuresti\/wp-json\/wp\/v2\/posts\/78137","targetHints":{"allow":["GET"]}}],"collection":[{"href":"https:\/\/buletin.de\/bucuresti\/wp-json\/wp\/v2\/posts"}],"about":[{"href":"https:\/\/buletin.de\/bucuresti\/wp-json\/wp\/v2\/types\/post"}],"author":[{"embeddable":true,"href":"https:\/\/buletin.de\/bucuresti\/wp-json\/wp\/v2\/users\/10"}],"replies":[{"embeddable":true,"href":"https:\/\/buletin.de\/bucuresti\/wp-json\/wp\/v2\/comments?post=78137"}],"version-history":[{"count":7,"href":"https:\/\/buletin.de\/bucuresti\/wp-json\/wp\/v2\/posts\/78137\/revisions"}],"predecessor-version":[{"id":78148,"href":"https:\/\/buletin.de\/bucuresti\/wp-json\/wp\/v2\/posts\/78137\/revisions\/78148"}],"wp:featuredmedia":[{"embeddable":true,"href":"https:\/\/buletin.de\/bucuresti\/wp-json\/wp\/v2\/media\/78141"}],"wp:attachment":[{"href":"https:\/\/buletin.de\/bucuresti\/wp-json\/wp\/v2\/media?parent=78137"}],"wp:term":[{"taxonomy":"category","embeddable":true,"href":"https:\/\/buletin.de\/bucuresti\/wp-json\/wp\/v2\/categories?post=78137"},{"taxonomy":"post_tag","embeddable":true,"href":"https:\/\/buletin.de\/bucuresti\/wp-json\/wp\/v2\/tags?post=78137"},{"taxonomy":"author","embeddable":true,"href":"https:\/\/buletin.de\/bucuresti\/wp-json\/wp\/v2\/ppma_author?post=78137"}],"curies":[{"name":"wp","href":"https:\/\/api.w.org\/{rel}","templated":true}]}}