{"id":78100,"date":"2024-02-23T05:30:00","date_gmt":"2024-02-23T03:30:00","guid":{"rendered":"https:\/\/buletin.de\/bucuresti\/?p=78100"},"modified":"2024-02-23T06:05:59","modified_gmt":"2024-02-23T04:05:59","slug":"tpbi-troleibuze-electrice-pe-linia-93-in-cartier-brancusi","status":"publish","type":"post","link":"https:\/\/buletin.de\/bucuresti\/tpbi-troleibuze-electrice-pe-linia-93-in-cartier-brancusi\/","title":{"rendered":"TPBI | Troleibuze noi, pe linia 93. Traseul va fi prelungit p\u00e2n\u0103 \u00een Cartierul Br\u00e2ncu\u0219i"},"content":{"rendered":"\n<p><strong>TPBI anun\u021b\u0103 c\u0103, \u00eencep\u00e2nd de\u00a0duminic\u0103, 25 februarie, linia 93 va fi prelungit\u0103 p\u00e2n\u0103 \u00een cartierul Constantin Br\u00e2ncu\u0219i. De asemenea, va fi operat\u0103 numai cu troleibuze noi Solaris Trollino.<\/strong><\/p>\n\n\n\n<p>L<strong>inia 93<\/strong>&nbsp;va func\u021biona \u00eentre terminalele&nbsp;<strong>\u201eCartier Constantin Br\u00e2ncu\u0219i\u201d<\/strong>&nbsp;\u0219i&nbsp;<strong>\u201eGara de Nord\u201d<\/strong>&nbsp;pe traseul:<\/p>\n\n\n\n<ul class=\"wp-block-list\">\n<li>\u201eCartier Constantin Br\u00e2ncu\u0219i\u201d;<\/li>\n\n\n\n<li>Aleea Cumin\u021benia P\u0103m\u00e2ntului;<\/li>\n\n\n\n<li>Drumul Valea Doftanei;<\/li>\n\n\n\n<li>Aleea Poarta S\u0103rutului;<\/li>\n\n\n\n<li>Aleea Masa T\u0103cerii;<\/li>\n\n\n\n<li>Str. Valea Oltului;<\/li>\n\n\n\n<li>Str.&nbsp;Valea Ialomi\u021bei;<\/li>\n\n\n\n<li>Drumul Taberei;<\/li>\n\n\n\n<li>Bd. 1 Mai;<\/li>\n\n\n\n<li>Str.&nbsp;Sibiu;<\/li>\n\n\n\n<li>Drumul Taberei;<\/li>\n\n\n\n<li>Bd. General Paul Teodorescu;<\/li>\n\n\n\n<li>Bd. Iuliu Maniu;<\/li>\n\n\n\n<li>\u0218os. Cotroceni;<\/li>\n\n\n\n<li>Str. Constantin Noica;<\/li>\n\n\n\n<li> Str.&nbsp;Mircea Vulc\u0103nescu;<\/li>\n\n\n\n<li>Str. P\u00e2rc\u0103labul Baldovin;<\/li>\n\n\n\n<li>Str. G\u0103rii de Nord;<\/li>\n\n\n\n<li>Pia\u021ba G\u0103rii de Nord;<\/li>\n\n\n\n<li>\u201eGara de Nord\u201d, cu \u00eentoarcere pe Str. Witting;<\/li>\n\n\n\n<li>Calea Plevnei;<\/li>\n\n\n\n<li>Str. Constantin Noica;<\/li>\n\n\n\n<li> \u0218os.&nbsp;Cotroceni;<\/li>\n\n\n\n<li>Bd. Iuliu Maniu;<\/li>\n\n\n\n<li>Bd. General Paul Teodorescu;<\/li>\n\n\n\n<li>Drumul Taberei;<\/li>\n\n\n\n<li>Str. Sibiu;<\/li>\n\n\n\n<li>Bd. 1 Mai;<\/li>\n\n\n\n<li>Drumul Taberei (ramura de sud \u0219i inel);<\/li>\n\n\n\n<li>Str. Valea Ialomi\u021bei;<\/li>\n\n\n\n<li>Str.&nbsp;Valea Oltului;<\/li>\n\n\n\n<li>Drumul Valea Doftanei;<\/li>\n\n\n\n<li>Aleea Pas\u0103rea V\u0103zduhului;<\/li>\n\n\n\n<li> Aleea Cumin\u021benia P\u0103m\u00e2ntului;<\/li>\n\n\n\n<li>\u201eCartier Constantin Br\u00e2ncu\u0219i\u201d.<\/li>\n<\/ul>\n\n\n\n<p>De asemenea, <strong>linia 168<\/strong>&nbsp;va func\u021biona \u00eentre&nbsp;<strong>\u201eValea Ialomi\u021bei\u201d<\/strong>&nbsp;\u0219i \u201e<strong>Pia\u021ba Roman\u0103\u201d<\/strong>&nbsp;astfel: <\/p>\n\n\n\n<ul class=\"wp-block-list\">\n<li>terminal \u201eValea Ialomi\u021bei\u201d;<\/li>\n\n\n\n<li>Str. Valea Ialomi\u021bei;<\/li>\n\n\n\n<li>Drumul Taberei (ramura de Nord);<\/li>\n\n\n\n<li>Str. R\u0103zoare;<\/li>\n\n\n\n<li>\u0218os.&nbsp;Panduri;<\/li>\n\n\n\n<li>Str. Doctor Rainer;<\/li>\n\n\n\n<li> Bd. Eroilor;<\/li>\n\n\n\n<li>Str. \u0218tirbei Vod\u0103;<\/li>\n\n\n\n<li>Calea Victoriei,;<\/li>\n\n\n\n<li>Str. Demetru Ion Dobrescu;<\/li>\n\n\n\n<li>Bd. Nicolae B\u0103lcescu;<\/li>\n\n\n\n<li>\u201ePia\u021ba Roman\u0103\u201d, cu \u00eentoarcere pe Bd. Gheorghe Magheru;<\/li>\n\n\n\n<li>Bd. Dacia, Str. Mircea Vulc\u0103nescu;<\/li>\n\n\n\n<li>Str. Berzei;<\/li>\n\n\n\n<li>Str. \u0218tirbei Vod\u0103;<\/li>\n\n\n\n<li>Bd. Eroilor;<\/li>\n\n\n\n<li>Str. Doctor Dumitru Bagdasar;<\/li>\n\n\n\n<li>\u0218os.&nbsp;Panduri;<\/li>\n\n\n\n<li>Drumul Taberei;<\/li>\n\n\n\n<li>Str. Valea Ialomi\u021bei, terminal \u201eValea Ialomi\u021bei\u201d.<\/li>\n<\/ul>\n\n\n\n<p>TPIB precizeaz\u0103 c\u0103 leg\u0103tura dintre cartierul Constantin Br\u00e2ncu\u0219i \u0219i Pia\u021ba Roman\u0103 va fi asigurat\u0103 prin transbordare din troleibuzele liniei 93 \u00een autobuzele liniei 168 \u00een sta\u021biile \u201eValea Ialomi\u021bei\u201d, \u201eOrizont\u201d \u0219i \u201eFavorit\u201d. \u00cen  ultimele dou\u0103 sta\u021bii c\u0103l\u0103torii vor putea utiliza \u0219i linia 368.<\/p>\n\n\n\n<p><strong>CITE\u0218TI \u0218I:<\/strong><\/p>\n\n\n\n<figure class=\"wp-block-embed is-type-wp-embed is-provider-buletin-de-bucure-ti wp-block-embed-buletin-de-bucure-ti\"><div class=\"wp-block-embed__wrapper\">\n<blockquote class=\"wp-embedded-content\" data-secret=\"khJnCsm31p\"><a href=\"https:\/\/buletin.de\/bucuresti\/tpbi-statie-noua-pentru-autobuzele-liniei-203\/\">TPBI | Sta\u021bie nou\u0103 pentru autobuzele liniei 203<\/a><\/blockquote><iframe class=\"wp-embedded-content\" sandbox=\"allow-scripts\" security=\"restricted\" style=\"position: absolute; clip: rect(1px, 1px, 1px, 1px);\" title=\"&#8220;TPBI | Sta\u021bie nou\u0103 pentru autobuzele liniei 203&#8221; &#8212; Buletin de Bucure\u0219ti\" src=\"https:\/\/buletin.de\/bucuresti\/tpbi-statie-noua-pentru-autobuzele-liniei-203\/embed\/#?secret=RgV8tjphzz#?secret=khJnCsm31p\" data-secret=\"khJnCsm31p\" width=\"600\" height=\"338\" frameborder=\"0\" marginwidth=\"0\" marginheight=\"0\" scrolling=\"no\"><\/iframe>\n<\/div><\/figure>\n","protected":false},"excerpt":{"rendered":"<p>TPBI anun\u021b\u0103 c\u0103, \u00eencep\u00e2nd de\u00a0duminic\u0103, 25 februarie, linia 93 va fi prelungit\u0103 p\u00e2n\u0103 \u00een cartierul Constantin Br\u00e2ncu\u0219i. De asemenea, va fi operat\u0103 numai cu troleibuze noi Solaris Trollino. Linia 93&nbsp;va func\u021biona \u00eentre terminalele&nbsp;\u201eCartier Constantin Br\u00e2ncu\u0219i\u201d&nbsp;\u0219i&nbsp;\u201eGara de Nord\u201d&nbsp;pe traseul: De asemenea, linia 168&nbsp;va func\u021biona \u00eentre&nbsp;\u201eValea Ialomi\u021bei\u201d&nbsp;\u0219i \u201ePia\u021ba Roman\u0103\u201d&nbsp;astfel: TPIB precizeaz\u0103 c\u0103 leg\u0103tura dintre cartierul Constantin Br\u00e2ncu\u0219i [&hellip;]<\/p>\n","protected":false},"author":49,"featured_media":78104,"comment_status":"closed","ping_status":"open","sticky":false,"template":"","format":"standard","meta":{"_acf_changed":false,"inline_featured_image":false,"ngg_post_thumbnail":0,"footnotes":""},"categories":[6994,62,650],"tags":[10023,10022,10021],"ppma_author":[22574],"class_list":["post-78100","post","type-post","status-publish","format-standard","has-post-thumbnail","hentry","category-stiri-2","category-stiri","category-transport","tag-constantin-brancusi","tag-linia-93","tag-tpib"],"acf":[],"yoast_head":"<!-- This site is optimized with the Yoast SEO Premium plugin v25.3 (Yoast SEO v27.5) - https:\/\/yoast.com\/product\/yoast-seo-premium-wordpress\/ -->\n<title>TPBI | Troleibuze noi, pe linia 93. Traseul va fi prelungit p\u00e2n\u0103 \u00een Cartierul Br\u00e2ncu\u0219i - Buletin de Bucure\u0219ti<\/title>\n<meta name=\"robots\" content=\"index, follow, max-snippet:-1, max-image-preview:large, max-video-preview:-1\" \/>\n<link rel=\"canonical\" href=\"https:\/\/buletin.de\/bucuresti\/tpbi-troleibuze-electrice-pe-linia-93-in-cartier-brancusi\/\" \/>\n<meta property=\"og:locale\" content=\"en_GB\" \/>\n<meta property=\"og:type\" content=\"article\" \/>\n<meta property=\"og:title\" content=\"TPBI | Troleibuze noi, pe linia 93. Traseul va fi prelungit p\u00e2n\u0103 \u00een Cartierul Br\u00e2ncu\u0219i\" \/>\n<meta property=\"og:description\" content=\"TPBI anun\u021b\u0103 c\u0103, \u00eencep\u00e2nd de\u00a0duminic\u0103, 25 februarie, linia 93 va fi prelungit\u0103 p\u00e2n\u0103 \u00een cartierul Constantin Br\u00e2ncu\u0219i. De asemenea, va fi operat\u0103 numai cu troleibuze noi Solaris Trollino. Linia 93&nbsp;va func\u021biona \u00eentre terminalele&nbsp;\u201eCartier Constantin Br\u00e2ncu\u0219i\u201d&nbsp;\u0219i&nbsp;\u201eGara de Nord\u201d&nbsp;pe traseul: De asemenea, linia 168&nbsp;va func\u021biona \u00eentre&nbsp;\u201eValea Ialomi\u021bei\u201d&nbsp;\u0219i \u201ePia\u021ba Roman\u0103\u201d&nbsp;astfel: TPIB precizeaz\u0103 c\u0103 leg\u0103tura dintre cartierul Constantin Br\u00e2ncu\u0219i [&hellip;]\" \/>\n<meta property=\"og:url\" content=\"https:\/\/buletin.de\/bucuresti\/tpbi-troleibuze-electrice-pe-linia-93-in-cartier-brancusi\/\" \/>\n<meta property=\"og:site_name\" content=\"Buletin de Bucure\u0219ti\" \/>\n<meta property=\"article:publisher\" content=\"https:\/\/www.facebook.com\/buletin.de.buc\" \/>\n<meta property=\"article:published_time\" content=\"2024-02-23T03:30:00+00:00\" \/>\n<meta property=\"article:modified_time\" content=\"2024-02-23T04:05:59+00:00\" \/>\n<meta property=\"og:image\" content=\"https:\/\/buletin.de\/bucuresti\/wp-content\/uploads\/Screenshot-2024-02-22-at-17.43.21.png\" \/>\n\t<meta property=\"og:image:width\" content=\"843\" \/>\n\t<meta property=\"og:image:height\" content=\"580\" \/>\n\t<meta property=\"og:image:type\" content=\"image\/png\" \/>\n<meta name=\"author\" content=\"Diana Matei\" \/>\n<meta name=\"twitter:card\" content=\"summary_large_image\" \/>\n<meta name=\"twitter:label1\" content=\"Written by\" \/>\n\t<meta name=\"twitter:data1\" content=\"Diana Matei\" \/>\n\t<meta name=\"twitter:label2\" content=\"Estimated reading time\" \/>\n\t<meta name=\"twitter:data2\" content=\"2 minutes\" \/>\n<script type=\"application\/ld+json\" class=\"yoast-schema-graph\">{\"@context\":\"https:\\\/\\\/schema.org\",\"@graph\":[{\"@type\":\"Article\",\"@id\":\"https:\\\/\\\/buletin.de\\\/bucuresti\\\/tpbi-troleibuze-electrice-pe-linia-93-in-cartier-brancusi\\\/#article\",\"isPartOf\":{\"@id\":\"https:\\\/\\\/buletin.de\\\/bucuresti\\\/tpbi-troleibuze-electrice-pe-linia-93-in-cartier-brancusi\\\/\"},\"author\":{\"name\":\"Diana Matei\",\"@id\":\"https:\\\/\\\/buletin.de\\\/bucuresti\\\/#\\\/schema\\\/person\\\/7e46040573290777280a0835d81ea4ea\"},\"headline\":\"TPBI | Troleibuze noi, pe linia 93. Traseul va fi prelungit p\u00e2n\u0103 \u00een Cartierul Br\u00e2ncu\u0219i\",\"datePublished\":\"2024-02-23T03:30:00+00:00\",\"dateModified\":\"2024-02-23T04:05:59+00:00\",\"mainEntityOfPage\":{\"@id\":\"https:\\\/\\\/buletin.de\\\/bucuresti\\\/tpbi-troleibuze-electrice-pe-linia-93-in-cartier-brancusi\\\/\"},\"wordCount\":355,\"publisher\":{\"@id\":\"https:\\\/\\\/buletin.de\\\/bucuresti\\\/#organization\"},\"image\":{\"@id\":\"https:\\\/\\\/buletin.de\\\/bucuresti\\\/tpbi-troleibuze-electrice-pe-linia-93-in-cartier-brancusi\\\/#primaryimage\"},\"thumbnailUrl\":\"https:\\\/\\\/buletin.de\\\/bucuresti\\\/wp-content\\\/uploads\\\/Screenshot-2024-02-22-at-17.43.21.png\",\"keywords\":[\"Constantin Brancusi\",\"linia 93\",\"TPIB\"],\"articleSection\":[\"Articole\",\"\u0218tiri\",\"Transport\"],\"inLanguage\":\"en-GB\",\"copyrightYear\":\"2024\",\"copyrightHolder\":{\"@id\":\"https:\\\/\\\/buletin.de\\\/bucuresti\\\/#organization\"}},{\"@type\":\"WebPage\",\"@id\":\"https:\\\/\\\/buletin.de\\\/bucuresti\\\/tpbi-troleibuze-electrice-pe-linia-93-in-cartier-brancusi\\\/\",\"url\":\"https:\\\/\\\/buletin.de\\\/bucuresti\\\/tpbi-troleibuze-electrice-pe-linia-93-in-cartier-brancusi\\\/\",\"name\":\"TPBI | Troleibuze noi, pe linia 93. Traseul va fi prelungit p\u00e2n\u0103 \u00een Cartierul Br\u00e2ncu\u0219i - Buletin de Bucure\u0219ti\",\"isPartOf\":{\"@id\":\"https:\\\/\\\/buletin.de\\\/bucuresti\\\/#website\"},\"primaryImageOfPage\":{\"@id\":\"https:\\\/\\\/buletin.de\\\/bucuresti\\\/tpbi-troleibuze-electrice-pe-linia-93-in-cartier-brancusi\\\/#primaryimage\"},\"image\":{\"@id\":\"https:\\\/\\\/buletin.de\\\/bucuresti\\\/tpbi-troleibuze-electrice-pe-linia-93-in-cartier-brancusi\\\/#primaryimage\"},\"thumbnailUrl\":\"https:\\\/\\\/buletin.de\\\/bucuresti\\\/wp-content\\\/uploads\\\/Screenshot-2024-02-22-at-17.43.21.png\",\"datePublished\":\"2024-02-23T03:30:00+00:00\",\"dateModified\":\"2024-02-23T04:05:59+00:00\",\"breadcrumb\":{\"@id\":\"https:\\\/\\\/buletin.de\\\/bucuresti\\\/tpbi-troleibuze-electrice-pe-linia-93-in-cartier-brancusi\\\/#breadcrumb\"},\"inLanguage\":\"en-GB\",\"potentialAction\":[{\"@type\":\"ReadAction\",\"target\":[\"https:\\\/\\\/buletin.de\\\/bucuresti\\\/tpbi-troleibuze-electrice-pe-linia-93-in-cartier-brancusi\\\/\"]}]},{\"@type\":\"ImageObject\",\"inLanguage\":\"en-GB\",\"@id\":\"https:\\\/\\\/buletin.de\\\/bucuresti\\\/tpbi-troleibuze-electrice-pe-linia-93-in-cartier-brancusi\\\/#primaryimage\",\"url\":\"https:\\\/\\\/buletin.de\\\/bucuresti\\\/wp-content\\\/uploads\\\/Screenshot-2024-02-22-at-17.43.21.png\",\"contentUrl\":\"https:\\\/\\\/buletin.de\\\/bucuresti\\\/wp-content\\\/uploads\\\/Screenshot-2024-02-22-at-17.43.21.png\",\"width\":843,\"height\":580,\"caption\":\"Foto: TPIB\"},{\"@type\":\"BreadcrumbList\",\"@id\":\"https:\\\/\\\/buletin.de\\\/bucuresti\\\/tpbi-troleibuze-electrice-pe-linia-93-in-cartier-brancusi\\\/#breadcrumb\",\"itemListElement\":[{\"@type\":\"ListItem\",\"position\":1,\"name\":\"Acas\u0103\",\"item\":\"https:\\\/\\\/buletin.de\\\/bucuresti\\\/\"},{\"@type\":\"ListItem\",\"position\":2,\"name\":\"TPBI | Troleibuze noi, pe linia 93. Traseul va fi prelungit p\u00e2n\u0103 \u00een Cartierul Br\u00e2ncu\u0219i\"}]},{\"@type\":\"WebSite\",\"@id\":\"https:\\\/\\\/buletin.de\\\/bucuresti\\\/#website\",\"url\":\"https:\\\/\\\/buletin.de\\\/bucuresti\\\/\",\"name\":\"Buletin de Bucure\u0219ti\",\"description\":\"\u0218tiri \u0219i investiga\u021bii esen\u021biale din capital\u0103\",\"publisher\":{\"@id\":\"https:\\\/\\\/buletin.de\\\/bucuresti\\\/#organization\"},\"potentialAction\":[{\"@type\":\"SearchAction\",\"target\":{\"@type\":\"EntryPoint\",\"urlTemplate\":\"https:\\\/\\\/buletin.de\\\/bucuresti\\\/?s={search_term_string}\"},\"query-input\":{\"@type\":\"PropertyValueSpecification\",\"valueRequired\":true,\"valueName\":\"search_term_string\"}}],\"inLanguage\":\"en-GB\"},{\"@type\":\"Organization\",\"@id\":\"https:\\\/\\\/buletin.de\\\/bucuresti\\\/#organization\",\"name\":\"Buletin de Bucure\u0219ti\",\"url\":\"https:\\\/\\\/buletin.de\\\/bucuresti\\\/\",\"logo\":{\"@type\":\"ImageObject\",\"inLanguage\":\"en-GB\",\"@id\":\"https:\\\/\\\/buletin.de\\\/bucuresti\\\/#\\\/schema\\\/logo\\\/image\\\/\",\"url\":\"https:\\\/\\\/buletin.de\\\/bucuresti\\\/wp-content\\\/uploads\\\/logo-bdb-full-wide-vernil-transparent.png\",\"contentUrl\":\"https:\\\/\\\/buletin.de\\\/bucuresti\\\/wp-content\\\/uploads\\\/logo-bdb-full-wide-vernil-transparent.png\",\"width\":1782,\"height\":626,\"caption\":\"Buletin de Bucure\u0219ti\"},\"image\":{\"@id\":\"https:\\\/\\\/buletin.de\\\/bucuresti\\\/#\\\/schema\\\/logo\\\/image\\\/\"},\"sameAs\":[\"https:\\\/\\\/www.facebook.com\\\/buletin.de.buc\",\"https:\\\/\\\/www.instagram.com\\\/buletinde.bucuresti\\\/\"]},{\"@type\":\"Person\",\"@id\":\"https:\\\/\\\/buletin.de\\\/bucuresti\\\/#\\\/schema\\\/person\\\/7e46040573290777280a0835d81ea4ea\",\"name\":\"Diana Matei\",\"image\":{\"@type\":\"ImageObject\",\"inLanguage\":\"en-GB\",\"@id\":\"https:\\\/\\\/buletin.de\\\/bucuresti\\\/wp-content\\\/uploads\\\/9-2-96x96.jpg1e8590b30871d70e62ebcdaf2eff570c\",\"url\":\"https:\\\/\\\/buletin.de\\\/bucuresti\\\/wp-content\\\/uploads\\\/9-2-96x96.jpg\",\"contentUrl\":\"https:\\\/\\\/buletin.de\\\/bucuresti\\\/wp-content\\\/uploads\\\/9-2-96x96.jpg\",\"caption\":\"Diana Matei\"},\"url\":\"https:\\\/\\\/buletin.de\\\/bucuresti\\\/author\\\/dianamatei\\\/\"}]}<\/script>\n<!-- \/ Yoast SEO Premium plugin. -->","yoast_head_json":{"title":"TPBI | Troleibuze noi, pe linia 93. Traseul va fi prelungit p\u00e2n\u0103 \u00een Cartierul Br\u00e2ncu\u0219i - Buletin de Bucure\u0219ti","robots":{"index":"index","follow":"follow","max-snippet":"max-snippet:-1","max-image-preview":"max-image-preview:large","max-video-preview":"max-video-preview:-1"},"canonical":"https:\/\/buletin.de\/bucuresti\/tpbi-troleibuze-electrice-pe-linia-93-in-cartier-brancusi\/","og_locale":"en_GB","og_type":"article","og_title":"TPBI | Troleibuze noi, pe linia 93. Traseul va fi prelungit p\u00e2n\u0103 \u00een Cartierul Br\u00e2ncu\u0219i","og_description":"TPBI anun\u021b\u0103 c\u0103, \u00eencep\u00e2nd de\u00a0duminic\u0103, 25 februarie, linia 93 va fi prelungit\u0103 p\u00e2n\u0103 \u00een cartierul Constantin Br\u00e2ncu\u0219i. De asemenea, va fi operat\u0103 numai cu troleibuze noi Solaris Trollino. Linia 93&nbsp;va func\u021biona \u00eentre terminalele&nbsp;\u201eCartier Constantin Br\u00e2ncu\u0219i\u201d&nbsp;\u0219i&nbsp;\u201eGara de Nord\u201d&nbsp;pe traseul: De asemenea, linia 168&nbsp;va func\u021biona \u00eentre&nbsp;\u201eValea Ialomi\u021bei\u201d&nbsp;\u0219i \u201ePia\u021ba Roman\u0103\u201d&nbsp;astfel: TPIB precizeaz\u0103 c\u0103 leg\u0103tura dintre cartierul Constantin Br\u00e2ncu\u0219i [&hellip;]","og_url":"https:\/\/buletin.de\/bucuresti\/tpbi-troleibuze-electrice-pe-linia-93-in-cartier-brancusi\/","og_site_name":"Buletin de Bucure\u0219ti","article_publisher":"https:\/\/www.facebook.com\/buletin.de.buc","article_published_time":"2024-02-23T03:30:00+00:00","article_modified_time":"2024-02-23T04:05:59+00:00","og_image":[{"width":843,"height":580,"url":"https:\/\/buletin.de\/bucuresti\/wp-content\/uploads\/Screenshot-2024-02-22-at-17.43.21.png","type":"image\/png"}],"author":"Diana Matei","twitter_card":"summary_large_image","twitter_misc":{"Written by":"Diana Matei","Estimated reading time":"2 minutes"},"schema":{"@context":"https:\/\/schema.org","@graph":[{"@type":"Article","@id":"https:\/\/buletin.de\/bucuresti\/tpbi-troleibuze-electrice-pe-linia-93-in-cartier-brancusi\/#article","isPartOf":{"@id":"https:\/\/buletin.de\/bucuresti\/tpbi-troleibuze-electrice-pe-linia-93-in-cartier-brancusi\/"},"author":{"name":"Diana Matei","@id":"https:\/\/buletin.de\/bucuresti\/#\/schema\/person\/7e46040573290777280a0835d81ea4ea"},"headline":"TPBI | Troleibuze noi, pe linia 93. Traseul va fi prelungit p\u00e2n\u0103 \u00een Cartierul Br\u00e2ncu\u0219i","datePublished":"2024-02-23T03:30:00+00:00","dateModified":"2024-02-23T04:05:59+00:00","mainEntityOfPage":{"@id":"https:\/\/buletin.de\/bucuresti\/tpbi-troleibuze-electrice-pe-linia-93-in-cartier-brancusi\/"},"wordCount":355,"publisher":{"@id":"https:\/\/buletin.de\/bucuresti\/#organization"},"image":{"@id":"https:\/\/buletin.de\/bucuresti\/tpbi-troleibuze-electrice-pe-linia-93-in-cartier-brancusi\/#primaryimage"},"thumbnailUrl":"https:\/\/buletin.de\/bucuresti\/wp-content\/uploads\/Screenshot-2024-02-22-at-17.43.21.png","keywords":["Constantin Brancusi","linia 93","TPIB"],"articleSection":["Articole","\u0218tiri","Transport"],"inLanguage":"en-GB","copyrightYear":"2024","copyrightHolder":{"@id":"https:\/\/buletin.de\/bucuresti\/#organization"}},{"@type":"WebPage","@id":"https:\/\/buletin.de\/bucuresti\/tpbi-troleibuze-electrice-pe-linia-93-in-cartier-brancusi\/","url":"https:\/\/buletin.de\/bucuresti\/tpbi-troleibuze-electrice-pe-linia-93-in-cartier-brancusi\/","name":"TPBI | Troleibuze noi, pe linia 93. Traseul va fi prelungit p\u00e2n\u0103 \u00een Cartierul Br\u00e2ncu\u0219i - Buletin de Bucure\u0219ti","isPartOf":{"@id":"https:\/\/buletin.de\/bucuresti\/#website"},"primaryImageOfPage":{"@id":"https:\/\/buletin.de\/bucuresti\/tpbi-troleibuze-electrice-pe-linia-93-in-cartier-brancusi\/#primaryimage"},"image":{"@id":"https:\/\/buletin.de\/bucuresti\/tpbi-troleibuze-electrice-pe-linia-93-in-cartier-brancusi\/#primaryimage"},"thumbnailUrl":"https:\/\/buletin.de\/bucuresti\/wp-content\/uploads\/Screenshot-2024-02-22-at-17.43.21.png","datePublished":"2024-02-23T03:30:00+00:00","dateModified":"2024-02-23T04:05:59+00:00","breadcrumb":{"@id":"https:\/\/buletin.de\/bucuresti\/tpbi-troleibuze-electrice-pe-linia-93-in-cartier-brancusi\/#breadcrumb"},"inLanguage":"en-GB","potentialAction":[{"@type":"ReadAction","target":["https:\/\/buletin.de\/bucuresti\/tpbi-troleibuze-electrice-pe-linia-93-in-cartier-brancusi\/"]}]},{"@type":"ImageObject","inLanguage":"en-GB","@id":"https:\/\/buletin.de\/bucuresti\/tpbi-troleibuze-electrice-pe-linia-93-in-cartier-brancusi\/#primaryimage","url":"https:\/\/buletin.de\/bucuresti\/wp-content\/uploads\/Screenshot-2024-02-22-at-17.43.21.png","contentUrl":"https:\/\/buletin.de\/bucuresti\/wp-content\/uploads\/Screenshot-2024-02-22-at-17.43.21.png","width":843,"height":580,"caption":"Foto: TPIB"},{"@type":"BreadcrumbList","@id":"https:\/\/buletin.de\/bucuresti\/tpbi-troleibuze-electrice-pe-linia-93-in-cartier-brancusi\/#breadcrumb","itemListElement":[{"@type":"ListItem","position":1,"name":"Acas\u0103","item":"https:\/\/buletin.de\/bucuresti\/"},{"@type":"ListItem","position":2,"name":"TPBI | Troleibuze noi, pe linia 93. Traseul va fi prelungit p\u00e2n\u0103 \u00een Cartierul Br\u00e2ncu\u0219i"}]},{"@type":"WebSite","@id":"https:\/\/buletin.de\/bucuresti\/#website","url":"https:\/\/buletin.de\/bucuresti\/","name":"Buletin de Bucure\u0219ti","description":"\u0218tiri \u0219i investiga\u021bii esen\u021biale din capital\u0103","publisher":{"@id":"https:\/\/buletin.de\/bucuresti\/#organization"},"potentialAction":[{"@type":"SearchAction","target":{"@type":"EntryPoint","urlTemplate":"https:\/\/buletin.de\/bucuresti\/?s={search_term_string}"},"query-input":{"@type":"PropertyValueSpecification","valueRequired":true,"valueName":"search_term_string"}}],"inLanguage":"en-GB"},{"@type":"Organization","@id":"https:\/\/buletin.de\/bucuresti\/#organization","name":"Buletin de Bucure\u0219ti","url":"https:\/\/buletin.de\/bucuresti\/","logo":{"@type":"ImageObject","inLanguage":"en-GB","@id":"https:\/\/buletin.de\/bucuresti\/#\/schema\/logo\/image\/","url":"https:\/\/buletin.de\/bucuresti\/wp-content\/uploads\/logo-bdb-full-wide-vernil-transparent.png","contentUrl":"https:\/\/buletin.de\/bucuresti\/wp-content\/uploads\/logo-bdb-full-wide-vernil-transparent.png","width":1782,"height":626,"caption":"Buletin de Bucure\u0219ti"},"image":{"@id":"https:\/\/buletin.de\/bucuresti\/#\/schema\/logo\/image\/"},"sameAs":["https:\/\/www.facebook.com\/buletin.de.buc","https:\/\/www.instagram.com\/buletinde.bucuresti\/"]},{"@type":"Person","@id":"https:\/\/buletin.de\/bucuresti\/#\/schema\/person\/7e46040573290777280a0835d81ea4ea","name":"Diana Matei","image":{"@type":"ImageObject","inLanguage":"en-GB","@id":"https:\/\/buletin.de\/bucuresti\/wp-content\/uploads\/9-2-96x96.jpg1e8590b30871d70e62ebcdaf2eff570c","url":"https:\/\/buletin.de\/bucuresti\/wp-content\/uploads\/9-2-96x96.jpg","contentUrl":"https:\/\/buletin.de\/bucuresti\/wp-content\/uploads\/9-2-96x96.jpg","caption":"Diana Matei"},"url":"https:\/\/buletin.de\/bucuresti\/author\/dianamatei\/"}]}},"authors":[{"term_id":22574,"user_id":49,"is_guest":0,"slug":"dianamatei","display_name":"Diana Matei","avatar_url":"https:\/\/buletin.de\/bucuresti\/wp-content\/uploads\/9-2-96x96.jpg","0":null,"1":"","2":"","3":"","4":"","5":"","6":"","7":"","8":""}],"_links":{"self":[{"href":"https:\/\/buletin.de\/bucuresti\/wp-json\/wp\/v2\/posts\/78100","targetHints":{"allow":["GET"]}}],"collection":[{"href":"https:\/\/buletin.de\/bucuresti\/wp-json\/wp\/v2\/posts"}],"about":[{"href":"https:\/\/buletin.de\/bucuresti\/wp-json\/wp\/v2\/types\/post"}],"author":[{"embeddable":true,"href":"https:\/\/buletin.de\/bucuresti\/wp-json\/wp\/v2\/users\/49"}],"replies":[{"embeddable":true,"href":"https:\/\/buletin.de\/bucuresti\/wp-json\/wp\/v2\/comments?post=78100"}],"version-history":[{"count":5,"href":"https:\/\/buletin.de\/bucuresti\/wp-json\/wp\/v2\/posts\/78100\/revisions"}],"predecessor-version":[{"id":78134,"href":"https:\/\/buletin.de\/bucuresti\/wp-json\/wp\/v2\/posts\/78100\/revisions\/78134"}],"wp:featuredmedia":[{"embeddable":true,"href":"https:\/\/buletin.de\/bucuresti\/wp-json\/wp\/v2\/media\/78104"}],"wp:attachment":[{"href":"https:\/\/buletin.de\/bucuresti\/wp-json\/wp\/v2\/media?parent=78100"}],"wp:term":[{"taxonomy":"category","embeddable":true,"href":"https:\/\/buletin.de\/bucuresti\/wp-json\/wp\/v2\/categories?post=78100"},{"taxonomy":"post_tag","embeddable":true,"href":"https:\/\/buletin.de\/bucuresti\/wp-json\/wp\/v2\/tags?post=78100"},{"taxonomy":"author","embeddable":true,"href":"https:\/\/buletin.de\/bucuresti\/wp-json\/wp\/v2\/ppma_author?post=78100"}],"curies":[{"name":"wp","href":"https:\/\/api.w.org\/{rel}","templated":true}]}}