{"id":78082,"date":"2024-02-22T16:47:40","date_gmt":"2024-02-22T14:47:40","guid":{"rendered":"https:\/\/buletin.de\/bucuresti\/?p=78082"},"modified":"2024-02-22T16:58:58","modified_gmt":"2024-02-22T14:58:58","slug":"poluare-ca-la-usa-cortului-primarul-din-tunari-si-a-mutat-biroul-langa-dejectiile-din-raul-pasarea-aici-stau-pana-ma-ridica-cineva-am-primit-amenintari-voalate","status":"publish","type":"post","link":"https:\/\/buletin.de\/bucuresti\/poluare-ca-la-usa-cortului-primarul-din-tunari-si-a-mutat-biroul-langa-dejectiile-din-raul-pasarea-aici-stau-pana-ma-ridica-cineva-am-primit-amenintari-voalate\/","title":{"rendered":"Poluare ca la u\u0219a cortului | Primarul din Tunari \u0219i-a mutat biroul l\u00e2ng\u0103 dejec\u021biile din R\u00e2ul Pas\u0103rea: \u201eAici stau, p\u00e2n\u0103 m\u0103 ridic\u0103 cineva. Am primit amenin\u021b\u0103ri voalate\u201d"},"content":{"rendered":"\n<p><strong>\u00cen timp ce la Centru se f\u0103ceau ultimele preg\u0103tiri pentru <a href=\"https:\/\/buletin.de\/bucuresti\/alegeri-locale-pe-9-iunie-partidele-de-guvernamant-au-decis-comasarea-ce-inseamna-asta-pentru-bucuresti\/\">anun\u021bul oficial privind alian\u021ba PSD-PNL \u0219i comasarea alegerilor europarlamentare \u0219i locale<\/a>, \u00een teritoriu, la doi pa\u0219i, \u00een Ilfov, avea loc un \u201edivor\u021b\u201d politic \u00een plin\u0103 strad\u0103. Administra\u021bia local\u0103 din comuna Tunari, condus\u0103 de un primar PSD, a organizat un protest direc\u0163ionat c\u0103tre administra\u0163ia local\u0103 din ora\u0219ul Otopeni, condus\u0103 de un primar PNL, de aproape 30 de ani. Manifesta\u021bia a venit pe fondul <a href=\"https:\/\/campaniamea.declic.ro\/petitions\/poluare-pe-balta-pasarea?source=whatsapp-share-button&amp;utm_source=whatsapp&amp;share=52f053da-5a50-4951-9ed8-ec9c5b812011\">unei peti\u0163ii \u00eempotriva polu\u0103rii istorice a r\u00e2ului Pas\u0103rea<\/a>, care trece prin Tunari, generat\u0103 de sta\u021bia de epurare a Otopeniului, subdimensionat\u0103 de ani de zile \u0219i care func\u021bioneaz\u0103 ilegal.<\/strong><\/p>\n\n\n\n<p><a href=\"https:\/\/buletin.de\/bucuresti\/protest-la-granita-dintre-tunari-si-otopeni-din-cauza-deversarilor-ilegale-raul-pasarea-poluat-istoric-a-fost-filtrat-cu-baloti-de-paie\/\">Pe l\u00e2ng\u0103 protestul \u00een urma c\u0103ruia au fost arunca\u021bi balo\u021bi de paie \u00een canalul cu dejec\u021bii care alimenteaz\u0103 R\u00e2ul Pas\u0103rea<\/a>, a doua zi, primarul din Tunari a inaugurat un birou pentru audien\u021be fix l\u00e2ng\u0103 locul manifesta\u021biei, la grani\u021ba dintre cele dou\u0103 localit\u0103\u021bi. <\/p>\n\n\n\n<figure class=\"wp-block-image size-large\"><img fetchpriority=\"high\" decoding=\"async\" width=\"900\" height=\"420\" src=\"data:image\/gif;base64,R0lGODlhAQABAAAAACH5BAEKAAEALAAAAAABAAEAAAICTAEAOw==\" data-src=\"https:\/\/buletin.de\/bucuresti\/wp-content\/uploads\/20240222_094344-900x420.jpg\" alt=\"\" class=\"wp-image-78083 lazyload\" data-sizes=\"auto\" data-srcset=\"https:\/\/buletin.de\/bucuresti\/wp-content\/uploads\/20240222_094344-900x420.jpg 900w, https:\/\/buletin.de\/bucuresti\/wp-content\/uploads\/20240222_094344-300x140.jpg 300w, https:\/\/buletin.de\/bucuresti\/wp-content\/uploads\/20240222_094344-768x359.jpg 768w, https:\/\/buletin.de\/bucuresti\/wp-content\/uploads\/20240222_094344-1536x717.jpg 1536w, https:\/\/buletin.de\/bucuresti\/wp-content\/uploads\/20240222_094344-1600x747.jpg 1600w, https:\/\/buletin.de\/bucuresti\/wp-content\/uploads\/20240222_094344-1100x514.jpg 1100w, https:\/\/buletin.de\/bucuresti\/wp-content\/uploads\/20240222_094344-600x280.jpg 600w, https:\/\/buletin.de\/bucuresti\/wp-content\/uploads\/20240222_094344-20x9.jpg 20w, https:\/\/buletin.de\/bucuresti\/wp-content\/uploads\/20240222_094344.jpg 2000w\" sizes=\"(max-width: 900px) 100vw, 900px\" \/><figcaption class=\"wp-element-caption\">Primarul Cristian Niculae(PSD) a anun\u021bat c\u0103 va \u021bine audien\u021bele zilnic \u00een cortul de l\u00e2ng\u0103 canalul cu dejec\u021bii care alimenteaz\u0103 R\u00e2ul Pas\u0103rea.(FOTO: C\u0103t\u0103lin Dosca\u0219)<\/figcaption><\/figure>\n\n\n\n<p>Buletin de Bucure\u0219ti a stat de vorb\u0103 cu primarul \u201eprotestatar\u201d, Cristian Niculae, despre oportunitatea demersului s\u0103u, despre specula\u021biile privind o campanie electoral\u0103 mascat\u0103 pe care o instrumenteaz\u0103, despre certurile cu primarul Silviu Gheorghe din Otopeni &#8211; <a href=\"https:\/\/buletin.de\/bucuresti\/primarul-din-otopeni-a-fost-retinut-de-dna-abuz-in-serviciu-in-forma-continuata-ca-urmare-a-unor-lucrari-la-canalizarea-orasului\/\">trimis \u00een judecat\u0103 de DNA pentru fraud\u0103 cu fonduri destinare sistemului de canalizare<\/a>, dar \u0219i despre problemele proprii de la sta\u021bia de epurare din comuna Tunari.<\/p>\n\n\n\n<p><strong>Reporter: De ce acest demers, fix \u00een acest moment, cu c\u00e2teva luni \u00eenainte de alegeri? Este totu\u0219i o problem\u0103 reclamat\u0103 constant de locuitorii de ani de zile.<\/strong><\/p>\n\n\n\n<p>Cristian Niculae: \u00centr-adevar, aceast\u0103 nenorocire ecologic\u0103 persist\u0103 de ani de zile. De vreo patru ani, de la an la an, este din ce \u00een ce mai greu de suportat mirosul. \u00cen perioada mandatului meu de trei ani \u015fi jumatate, am f\u0103cut nenum\u0103rate peti\u0163ii \u015fi adrese la toate institu\u0163iile statului. Am crezut \u0219i \u00een promisiunea domnului primar(n.r. \u2013 Silviu Gheorghe) \u0219i a consiliului local din Otopeni, c\u0103 se vor str\u0103dui s\u0103 g\u0103seasc\u0103 o solu\u021bie pentru a m\u0103ri capacitatea sta\u021biei de epurare. Este o chestiune \u0219tiut\u0103 \u0219i dovedit\u0103, recunoscut\u0103 de institu\u0163iile abilitate. Ca anul acesta nu a fost niciodat\u0103 a\u015fa de insuportabil mirosul. Ce m-a determinat? \u00cen luna octombrie, domnul primar, dup\u0103 ce \u0219i-a rezolvat probleme juridice cu DNA-ul&#8230; \u00een perioada c\u00e2nd d\u00e2nsul a fost acuzat de ce a f\u0103cut d\u00e2nsul, Consiliul Local a dat o hot\u0103r\u00e2re prin care a am\u00e2nat PUZ-urile timp de un an de zile. Domnia sa, dup\u0103 ce a fost repus \u00een func\u021bie, a revocat hot\u0103r\u00e2rea de consiliu \u0219i a aprobat patru PUZ-uri cu blocuri \u00een Otopeni. Atunci am zis c\u0103 e prea mult.<\/p>\n\n\n\n<figure class=\"wp-block-embed is-type-wp-embed is-provider-buletin-de-bucure-ti wp-block-embed-buletin-de-bucure-ti\"><div class=\"wp-block-embed__wrapper\">\n<blockquote class=\"wp-embedded-content\" data-secret=\"KRcG2Uxa5B\"><a href=\"https:\/\/buletin.de\/bucuresti\/tunurile-urat-mirositoare-ale-primarului-din-otopeni-de-la-capace-de-canalizare-disparute-in-acte-pana-la-statii-de-epurare-platite-si-neexecutate\/\">\u201cTunurile\u201d ur\u00e2t mirositoare ale primarului din Otopeni: de la capace de canalizare disp\u0103rute \u00een acte, p\u00e2n\u0103 la sta\u021bii de epurare pl\u0103tite \u0219i neexecutate<\/a><\/blockquote><iframe class=\"wp-embedded-content\" sandbox=\"allow-scripts\" security=\"restricted\" style=\"position: absolute; clip: rect(1px, 1px, 1px, 1px);\" title=\"&#8220;\u201cTunurile\u201d ur\u00e2t mirositoare ale primarului din Otopeni: de la capace de canalizare disp\u0103rute \u00een acte, p\u00e2n\u0103 la sta\u021bii de epurare pl\u0103tite \u0219i neexecutate&#8221; &#8212; Buletin de Bucure\u0219ti\" src=\"https:\/\/buletin.de\/bucuresti\/tunurile-urat-mirositoare-ale-primarului-din-otopeni-de-la-capace-de-canalizare-disparute-in-acte-pana-la-statii-de-epurare-platite-si-neexecutate\/embed\/#?secret=EELv3tffwi#?secret=KRcG2Uxa5B\" data-secret=\"KRcG2Uxa5B\" width=\"600\" height=\"338\" frameborder=\"0\" marginwidth=\"0\" marginheight=\"0\" scrolling=\"no\"><\/iframe>\n<\/div><\/figure>\n\n\n\n<p><strong>Rep: C\u00e2te locuin\u021be \u00een plus sunt prev\u0103zute \u00een cele patru PUZ-uri, despre c\u00e2\u021bi locuitori discut\u0103m?<\/strong><\/p>\n\n\n\n<p><strong>C.N:<\/strong> Sunt publice aceste date. Vorbim de mii de oameni care ar fi urmat s\u0103 fie bran\u0219a\u021bi la re\u021beaua existent\u0103. Revenind, ini\u021biativa noastr\u0103 a plecat de la un grup de cet\u0103\u021beni dispera\u021bi, persoane mutate de c\u00e2\u021biva ani, pe care nu le cunosc personal. Am propus o \u00eent\u00e2lnire la prim\u0103rie \u0219i am f\u0103cut apel \u0219i la cet\u0103\u021benii vechi ai comunei. Oamenii au propus s\u0103 mergem la Prim\u0103ria Otopeni. Eu i-am descurajat, pentru c\u0103 dep\u0103\u0219im grani\u021ba, intram \u00een contradic\u021bie cu legea. Prin urmare, am limitat aceast\u0103 ac\u021biune doar p\u00e2n\u0103 la podul dintre Tunari \u0219i Otopeni. <strong>V\u0103 dau cuv\u00e2ntul meu de onoare c\u0103 ac\u021biunea de ieri nu a fost \u00een niciun fel g\u00e2ndit\u0103 politic. Dac\u0103 m\u00e2ine cet\u0103\u021benii comunei \u00eemi spun c\u0103 este o ac\u021biune politic\u0103, eu m\u0103 retrag, retrag aceast\u0103 ac\u021biune \u0219i o las s\u0103 curg\u0103 \u00een mod normal s\u0103 vedem unde ne duce. <\/strong>Normal \u00eensemn\u00e2nd c\u0103 nu are niciun efect disperarea oamenilor, nu au niciun efect toate sesiz\u0103rile indiferent de culoarea politic\u0103 a celor care le fac.<\/p>\n\n\n\n<p><strong>Rep: P\u00e2n\u0103 la urm\u0103 care este rostul acestui cort?<\/strong><\/p>\n\n\n\n<p>C.N.: Eu m-am mutat aici ca cei care vin s\u0103 ia contact cu mine, cu prim\u0103ria, cu diverse solicit\u0103ri, s\u0103 simt\u0103 mirosul pe care mul\u021bi cet\u0103\u021beni ai comunei \u00eel suport\u0103 zilnic. \u0218i eu m\u0103 num\u0103r printre ei pentru c\u0103 locuiesc la 300 de metri de Balta Pas\u0103rea \u0219i sunt \u0219i eu afectat de miros.<\/p>\n\n\n\n<figure class=\"wp-block-image size-large\"><img decoding=\"async\" width=\"900\" height=\"420\" src=\"data:image\/gif;base64,R0lGODlhAQABAAAAACH5BAEKAAEALAAAAAABAAEAAAICTAEAOw==\" data-src=\"https:\/\/buletin.de\/bucuresti\/wp-content\/uploads\/20240221_101210-1-900x420.jpg\" alt=\"\" class=\"wp-image-78087 lazyload\" data-sizes=\"auto\" data-srcset=\"https:\/\/buletin.de\/bucuresti\/wp-content\/uploads\/20240221_101210-1-900x420.jpg 900w, https:\/\/buletin.de\/bucuresti\/wp-content\/uploads\/20240221_101210-1-300x140.jpg 300w, https:\/\/buletin.de\/bucuresti\/wp-content\/uploads\/20240221_101210-1-768x359.jpg 768w, https:\/\/buletin.de\/bucuresti\/wp-content\/uploads\/20240221_101210-1-1536x717.jpg 1536w, https:\/\/buletin.de\/bucuresti\/wp-content\/uploads\/20240221_101210-1-1600x747.jpg 1600w, https:\/\/buletin.de\/bucuresti\/wp-content\/uploads\/20240221_101210-1-1100x514.jpg 1100w, https:\/\/buletin.de\/bucuresti\/wp-content\/uploads\/20240221_101210-1-600x280.jpg 600w, https:\/\/buletin.de\/bucuresti\/wp-content\/uploads\/20240221_101210-1-20x9.jpg 20w, https:\/\/buletin.de\/bucuresti\/wp-content\/uploads\/20240221_101210-1.jpg 2000w\" sizes=\"(max-width: 900px) 100vw, 900px\" \/><\/figure>\n\n\n\n<p><strong>Rep: A\u021bi luat \u00een calcul \u0219i un e\u0219ec al ac\u021biunii dumneavoastr\u0103? &nbsp;&nbsp;<\/strong><\/p>\n\n\n\n<p>C.N.: Ce pot s\u0103 v\u0103 spun e c\u0103 eu nu plec de aici.<\/p>\n\n\n\n<p><strong>Rep: Deloc?<\/strong><\/p>\n\n\n\n<p>C.N.: Doar dac\u0103 este o situa\u021bie urgent\u0103 \u0219i trebuie s\u0103 ajung la prim\u0103rie. Aici stau, schimb\u0103m balo\u021bii, p\u00e2n\u0103 m\u0103 ridic\u0103 cineva.<\/p>\n\n\n\n<figure class=\"wp-block-image size-large\"><img decoding=\"async\" width=\"900\" height=\"420\" src=\"data:image\/gif;base64,R0lGODlhAQABAAAAACH5BAEKAAEALAAAAAABAAEAAAICTAEAOw==\" data-src=\"https:\/\/buletin.de\/bucuresti\/wp-content\/uploads\/20240221_094731-900x420.jpg\" alt=\"\" class=\"wp-image-78085 lazyload\" data-sizes=\"auto\" data-srcset=\"https:\/\/buletin.de\/bucuresti\/wp-content\/uploads\/20240221_094731-900x420.jpg 900w, https:\/\/buletin.de\/bucuresti\/wp-content\/uploads\/20240221_094731-300x140.jpg 300w, https:\/\/buletin.de\/bucuresti\/wp-content\/uploads\/20240221_094731-768x359.jpg 768w, https:\/\/buletin.de\/bucuresti\/wp-content\/uploads\/20240221_094731-1536x717.jpg 1536w, https:\/\/buletin.de\/bucuresti\/wp-content\/uploads\/20240221_094731-1600x747.jpg 1600w, https:\/\/buletin.de\/bucuresti\/wp-content\/uploads\/20240221_094731-1100x514.jpg 1100w, https:\/\/buletin.de\/bucuresti\/wp-content\/uploads\/20240221_094731-600x280.jpg 600w, https:\/\/buletin.de\/bucuresti\/wp-content\/uploads\/20240221_094731-20x9.jpg 20w, https:\/\/buletin.de\/bucuresti\/wp-content\/uploads\/20240221_094731.jpg 2000w\" sizes=\"(max-width: 900px) 100vw, 900px\" \/><\/figure>\n\n\n\n<p><strong>Rep: A\u021bi fost amenin\u021bat?<\/strong><\/p>\n\n\n\n<p>C.N.: <strong>Au fost amenin\u021b\u0103ri voalate din partea unui sold\u0103\u021bel de pe l\u00e2ng\u0103 Prim\u0103ria Otopeni. C\u0103-mi va face, ca \u00eemi va drege, c\u0103 \u00eemi va deschide dosar penal, c\u0103-mi va fi un opozant \u00eenr\u0103it.<\/strong> Ce pot s\u0103 v\u0103 spun e c\u0103 nu am nimic personal cu domnul primar, am fost \u0219eful sec\u021biei de jandarmi din Otopeni patru ani de zile \u0219i \u00eel cunosc de la al doilea mandat. Atunci, era un om onest \u0219i acum cred c\u0103 poate este.<\/p>\n\n\n\n<p><strong>Rep: C\u00e2nd a\u021bi discutat ultima dat\u0103 cu dumnealui?<\/strong><\/p>\n\n\n\n<p>C.N.: Eu am fost personal la d\u00e2nsul \u0219i nu doar c\u0103 nu ne-a luat \u00een considerare dolean\u021bele, ci am primit doar un r\u0103spuns scurt: s\u0103 m\u0103 duc spre origine.<\/p>\n\n\n\n<p><strong>Rep<\/strong><strong>: V-a \u00eenjurat?<\/strong><\/p>\n\n\n\n<p>C.N.: Ce pot s\u0103 v\u0103 spun e c\u0103 s-a \u00eenro\u0219it tot, a dat \u00een clocot \u0219i am plecat. \u00cen fine, s-a tot spus c\u0103 eu fac jocurile politice ale unora de pe la jude\u021b. Nu fac jocurile politice nim\u0103nui \u0219i nu r\u0103spund la comenzi. Am fost \u00een PSD, am sim\u021bit c\u0103 nu sunt respectat, am plecat la PNL. Acela\u0219i lucru s-a \u00eent\u00e2mplat \u0219i la PNL, m-am \u00eentors la PSD.<\/p>\n\n\n\n<p><strong>Rep<\/strong><strong>: Sunte\u021bi \u00een administra\u021bia public\u0103 de mai bine 10 ani, a\u021bi fost consilier local \u0219i viceprimar. Ce demersuri concrete a\u021bi \u00eentreprins \u00een tot acest timp?<\/strong><\/p>\n\n\n\n<p>C.N.: \u00cen 2009, am fost ales prima dat\u0103 consilier local, am fost viceprimar \u00eentre 2016 \u0219i 2020, iar din 2020 sunt primar. La momentul c\u00e2nd eram consilier nu erau problemele astea, ele au fost sesizate \u00een ultimii 7 ani. Am fost \u0219i \u00een 2018 \u00eempreun\u0103 cu fostul primar \u0219i administratorul public de atunci \u00een audien\u021b\u0103 la domnul Gheorghe \u0219i am primit acela\u0219i r\u0103spuns. Doar c\u0103 atunci a folosit alt\u0103 expresie. Am tot depus solicit\u0103ri \u0219i am \u00eencercat s\u0103 preiau dolean\u021bele oamenilor.<\/p>\n\n\n\n<figure class=\"wp-block-embed is-type-wp-embed is-provider-buletin-de-bucure-ti wp-block-embed-buletin-de-bucure-ti\"><div class=\"wp-block-embed__wrapper\">\n<blockquote class=\"wp-embedded-content\" data-secret=\"23qZiDgw2R\"><a href=\"https:\/\/buletin.de\/bucuresti\/crima-de-mediu-din-otopeni-apa-nova-extinde-canalizarea-dezastru-a-orasului-investitii-private-de-67-milioane-de-euro-dupa-un-prejudiciu-calculat-de-dna-de-7-m\/\">\u201eCrima de mediu\u201d din Otopeni | ApaNova extinde \u201ecanalizarea dezastru\u201d. Investi\u021bii private de 6,7 milioane de euro, dup\u0103 un prejudiciu calculat de DNA de 7 milioane de euro, bani publici<\/a><\/blockquote><iframe class=\"wp-embedded-content\" sandbox=\"allow-scripts\" security=\"restricted\" style=\"position: absolute; clip: rect(1px, 1px, 1px, 1px);\" title=\"&#8220;\u201eCrima de mediu\u201d din Otopeni | ApaNova extinde \u201ecanalizarea dezastru\u201d. Investi\u021bii private de 6,7 milioane de euro, dup\u0103 un prejudiciu calculat de DNA de 7 milioane de euro, bani publici&#8221; &#8212; Buletin de Bucure\u0219ti\" src=\"https:\/\/buletin.de\/bucuresti\/crima-de-mediu-din-otopeni-apa-nova-extinde-canalizarea-dezastru-a-orasului-investitii-private-de-67-milioane-de-euro-dupa-un-prejudiciu-calculat-de-dna-de-7-m\/embed\/#?secret=5Cm5EN22YA#?secret=23qZiDgw2R\" data-secret=\"23qZiDgw2R\" width=\"600\" height=\"338\" frameborder=\"0\" marginwidth=\"0\" marginheight=\"0\" scrolling=\"no\"><\/iframe>\n<\/div><\/figure>\n\n\n\n<p><strong>Rep<\/strong><strong>: Exist\u0103 o serie de demersuri \u00een desf\u0103\u0219urare cu privire la extinderea sta\u021biei de epurare din Otopeni. A fost achizi\u021bionat un teren, a fost votat un memorandum cu ApaNova. S-au mi\u0219cat totu\u0219i ni\u0219te lucruri \u00een ultimul timp&#8230;<\/strong><\/p>\n\n\n\n<p>C.N.: Da, \u0219tiu. Au anun\u021bat c\u0103 au alocat sume de bani, c\u0103 vor face&#8230; Termenul de realizare pentru ce \u00ee\u0219i propun dumnealor este 2028. Noi ce facem p\u00e2n\u0103 atunci? Eu nu accept s\u0103-mi dea nici m\u0103car ca termen finalul lui 2024.<\/p>\n\n\n\n<p><strong>Rep<\/strong><strong>: Dac\u0103 m\u00e2ine a\u021bi fi primar \u00een Otopeni, care ar fi prima m\u0103sur\u0103 pe care a\u021bi lua-o pentru a limita efectele polu\u0103rii de la sta\u021bia de epurare?<\/strong><\/p>\n\n\n\n<p>C.N.: Sunt ni\u0219te m\u0103suri banale pe care le putem lua imediat. Haide\u021bi s\u0103 facem un dig natural din pietri\u0219, din balo\u021bi de paie, sa filtreze apa&#8230; Sa vedem daca se produce vreo schimbare. Sa dau dovad\u0103 de transparen\u021b\u0103, c\u0103 poate situa\u021bia este agravat\u0103 \u0219i de alte aspecte. Noi am pus deja c\u00e2\u021biva balo\u021bi care, din c\u00e2te se pare, au avut un mic efect. De altfel, o solu\u021bie imediat\u0103 este setarea sta\u021biei la parametrii normali, iar surplusul s\u0103 fie vidanjat. S\u0103 fac\u0103 un contract \u0219i s\u0103 se duc\u0103 cu vidanjele la alte sta\u021bii de epurare performante care pot s\u0103 acopere acest debit \u00een plus.<\/p>\n\n\n\n<figure class=\"wp-block-image size-large\"><img loading=\"lazy\" decoding=\"async\" width=\"900\" height=\"420\" src=\"data:image\/gif;base64,R0lGODlhAQABAAAAACH5BAEKAAEALAAAAAABAAEAAAICTAEAOw==\" data-src=\"https:\/\/buletin.de\/bucuresti\/wp-content\/uploads\/20240221_094539-900x420.jpg\" alt=\"\" class=\"wp-image-77910 lazyload\" data-sizes=\"auto\" data-srcset=\"https:\/\/buletin.de\/bucuresti\/wp-content\/uploads\/20240221_094539-900x420.jpg 900w, https:\/\/buletin.de\/bucuresti\/wp-content\/uploads\/20240221_094539-300x140.jpg 300w, https:\/\/buletin.de\/bucuresti\/wp-content\/uploads\/20240221_094539-768x359.jpg 768w, https:\/\/buletin.de\/bucuresti\/wp-content\/uploads\/20240221_094539-1536x717.jpg 1536w, https:\/\/buletin.de\/bucuresti\/wp-content\/uploads\/20240221_094539-1600x747.jpg 1600w, https:\/\/buletin.de\/bucuresti\/wp-content\/uploads\/20240221_094539-1100x514.jpg 1100w, https:\/\/buletin.de\/bucuresti\/wp-content\/uploads\/20240221_094539-600x280.jpg 600w, https:\/\/buletin.de\/bucuresti\/wp-content\/uploads\/20240221_094539-20x9.jpg 20w, https:\/\/buletin.de\/bucuresti\/wp-content\/uploads\/20240221_094539.jpg 2000w\" sizes=\"(max-width: 900px) 100vw, 900px\" \/><\/figure>\n\n\n\n<p><strong>Rep<\/strong><strong>: A venit jandarmeria ieri. V-au amendat, v-au dat avertisment?<\/strong><\/p>\n\n\n\n<p>C.N.: Nu m-au amendat \u0219i nici nu am primit avertisment pentru c\u0103 noi am \u00eencercat s\u0103 nu \u00eenc\u0103lc\u0103m legea. Nu am blocat drumul, nu am adus acuza\u021bii la persoan\u0103. Pur \u0219i simplu ne-am manifestat \u00eengrijorarea cu privire la s\u0103n\u0103tatea noastr\u0103. Hai s\u0103 zicem c\u0103 noi supravie\u0163uim, c\u0103 apa se duce la vale. Dar p\u00e2n\u0103 la urm\u0103 ea intr\u0103 \u0219i \u00een p\u00e2nza freatic\u0103.<\/p>\n\n\n\n<p><strong>Rep<\/strong><strong>: A\u021bi luat \u00een calcul s\u0103 face\u021bi \u0219i un set de analize de laborator cu privire la calitatea apelor?<\/strong><\/p>\n\n\n\n<p>C.N.: Am cerut ieri de la toate institu\u021biile s\u0103 ne transmit\u0103 daca au f\u0103cut recent analize \u0219i s\u0103 ne pun\u0103 la dispozi\u021bie buletinele cu rezultatele. Dar dincolo de analize, \u00eentrebarea e de ce sta\u021bia de epurare din Otopeni func\u021bioneaz\u0103 \u00een continuare f\u0103r\u0103 avize, de ce nu este \u00eenchis\u0103? Poluarea nu se opre\u0219te doar la noi. Avem locuitori care lucreaz\u0103 la Aeroportul Otopeni \u0219i spun c\u0103 sunt momente c\u00e2nd miroase p\u00e2n\u0103 acolo. Suntem gard \u00een gard cu cel mai mare aeroport din \u021bar\u0103 prin care intr\u0103 zilnic mii de oameni.<\/p>\n\n\n\n<figure class=\"wp-block-image size-large\"><img loading=\"lazy\" decoding=\"async\" width=\"900\" height=\"420\" src=\"data:image\/gif;base64,R0lGODlhAQABAAAAACH5BAEKAAEALAAAAAABAAEAAAICTAEAOw==\" data-src=\"https:\/\/buletin.de\/bucuresti\/wp-content\/uploads\/20240221_100904-900x420.jpg\" alt=\"\" class=\"wp-image-78088 lazyload\" data-sizes=\"auto\" data-srcset=\"https:\/\/buletin.de\/bucuresti\/wp-content\/uploads\/20240221_100904-900x420.jpg 900w, https:\/\/buletin.de\/bucuresti\/wp-content\/uploads\/20240221_100904-300x140.jpg 300w, https:\/\/buletin.de\/bucuresti\/wp-content\/uploads\/20240221_100904-768x359.jpg 768w, https:\/\/buletin.de\/bucuresti\/wp-content\/uploads\/20240221_100904-1536x717.jpg 1536w, https:\/\/buletin.de\/bucuresti\/wp-content\/uploads\/20240221_100904-1600x747.jpg 1600w, https:\/\/buletin.de\/bucuresti\/wp-content\/uploads\/20240221_100904-1100x514.jpg 1100w, https:\/\/buletin.de\/bucuresti\/wp-content\/uploads\/20240221_100904-600x280.jpg 600w, https:\/\/buletin.de\/bucuresti\/wp-content\/uploads\/20240221_100904-20x9.jpg 20w, https:\/\/buletin.de\/bucuresti\/wp-content\/uploads\/20240221_100904.jpg 2000w\" sizes=\"(max-width: 900px) 100vw, 900px\" \/><\/figure>\n\n\n\n<p><strong>Rep<\/strong><strong>: Ave\u021bi \u00een vedere s\u0103 candida\u021bi pentru un nou mandat?<\/strong><\/p>\n\n\n\n<p>C.N.: <strong>Da, voi candida din nou. <\/strong>Nu pot s\u0103 v\u0103 spun \u00een acest moment care este direc\u021bia mea politic\u0103 sau dac\u0103 voi candida ca independent. Vreau s\u0103 duc la bun sf\u00e2r\u015fit mai multe proiecte \u015fi s\u0103-mi respect promisiunile fa\u0163\u0103 de cet\u0103\u021beni, de familie, de prieteni. M\u0103 refer in principal la lucr\u0103rile pentru extinderea re\u021belei de ap\u0103-canal, pentru a cre\u0219te calitatea vie\u021bii \u00een comun\u0103. Eu am ar\u0103tat de mai multe ori c\u0103 nu sunt prieten cu dezvoltatorii imobiliari. La mine prieten este cel care este onest \u0219i \u00ee\u0219i face treaba. Eu \u00een Consiliu am trei forma\u021biuni politice: PSD, PNL \u0219i USR. S\u0103 \u0219ti\u021bi c\u0103 cu to\u021bii sunt oameni de isprav\u0103 \u0219i am f\u0103cut treab\u0103 cu ei. \u0218i \u00een campanie voi repeta acela\u0219i lucru, c\u0103 am avut consilieri buni, din toate partidele, care au \u021binut cu dezvoltarea comunit\u0103\u021bii.<\/p>\n\n\n\n<p><strong>Rep<\/strong><strong>: Apropo de consilierii locali, a\u021bi luat leg\u0103tura cu Consiliul Local Otopeni? Acolo exist\u0103 o alian\u021b\u0103 PNL-ProRomania&#8230;<\/strong><\/p>\n\n\n\n<p>C.N.: Niciodat\u0103. Pentru c\u0103 deciziile nu le iau d\u00e2n\u0219ii, v\u0103 spun cu p\u0103rere de r\u0103u. <strong>Consiliul Local din Otopeni nu are putere de decizie. <\/strong>La mine \u00een consiliu, dac\u0103 un singur consilier nu este de acord, stau \u0219i m\u0103 justific \u0219i r\u0103spund \u00eentreb\u0103rilor, din respect pentru respectivul consilier. Eu cred c\u0103 am func\u021bionat bine p\u00e2n\u0103 acum, dar e loc \u0219i de mai bine. Pute\u021bi vedea asta \u00een \u0219edin\u021bele de consiliu care sunt transmise live.<\/p>\n\n\n\n<p><strong>Rep<\/strong><strong>: Deci toat\u0103 puterea este la domnul primar Silviu Gheorghe \u00een momentul de fa\u021b\u0103?<\/strong><\/p>\n\n\n\n<p>C.N.: Evident.<\/p>\n\n\n\n<figure class=\"wp-block-embed is-type-wp-embed is-provider-buletin-de-bucure-ti wp-block-embed-buletin-de-bucure-ti\"><div class=\"wp-block-embed__wrapper\">\n<blockquote class=\"wp-embedded-content\" data-secret=\"IHuwWgaQNS\"><a href=\"https:\/\/buletin.de\/bucuresti\/haznaua-primarului-din-otopeni-protejata-de-garda-de-mediu-ilfov-institutia-a-declasat-in-comunicarile-publice-raul-pasarea-care-aduna-mizeria-orasului-la-stadiu-de-canal\/\">&#8220;Haznaua&#8221; primarului din Otopeni, protejat\u0103 de Garda de Mediu Ilfov. Institu\u021bia a declasat \u00een comunic\u0103rile publice R\u00e2ul Pas\u0103rea, care adun\u0103 mizeria ora\u0219ului, la stadiu de canal<\/a><\/blockquote><iframe class=\"wp-embedded-content\" sandbox=\"allow-scripts\" security=\"restricted\" style=\"position: absolute; clip: rect(1px, 1px, 1px, 1px);\" title=\"&#8220;&#8220;Haznaua&#8221; primarului din Otopeni, protejat\u0103 de Garda de Mediu Ilfov. Institu\u021bia a declasat \u00een comunic\u0103rile publice R\u00e2ul Pas\u0103rea, care adun\u0103 mizeria ora\u0219ului, la stadiu de canal&#8221; &#8212; Buletin de Bucure\u0219ti\" src=\"https:\/\/buletin.de\/bucuresti\/haznaua-primarului-din-otopeni-protejata-de-garda-de-mediu-ilfov-institutia-a-declasat-in-comunicarile-publice-raul-pasarea-care-aduna-mizeria-orasului-la-stadiu-de-canal\/embed\/#?secret=AZtNgfUw8r#?secret=IHuwWgaQNS\" data-secret=\"IHuwWgaQNS\" width=\"600\" height=\"338\" frameborder=\"0\" marginwidth=\"0\" marginheight=\"0\" scrolling=\"no\"><\/iframe>\n<\/div><\/figure>\n\n\n\n<p><strong>Rep<\/strong><strong>: \u00cen trecut s-a discutat despre ac\u0163ionarea \u00een instan\u0163\u0103 a persoanelor responsabile din prim\u0103ria Otopeni. Mai este valabil acest lucru?<\/strong><\/p>\n\n\n\n<p>C.N.: \u00cen urma ac\u021biunii de ieri, un grup de cet\u0103\u021beni din Tunari a ridicat aceast\u0103 problem\u0103. I-am rugat s\u0103 ne \u00eent\u00e2lnim s\u0103pt\u0103m\u00e2na viitoare, s\u0103 ne unim for\u021bele \u0219i s\u0103 contact\u0103m o cas\u0103 de avocatur\u0103 de renume \u0219i s\u0103 mergem mai departe cu aceste ac\u021biuni, chiar \u0219i pl\u00e2ngeri penale.<\/p>\n\n\n\n<p><strong>Rep<\/strong><strong>: Se vor cere desp\u0103gubiri, este vizat vreun prejudiciu?<\/strong><\/p>\n\n\n\n<p>C.N.: Prejudiciul va fi estimat de oameni. S\u0103 le dea s\u0103n\u0103tatea \u00eenapoi, s\u0103 le r\u0103spund\u0103 ce facem cu persoanele care nu pot respira.<\/p>\n\n\n\n<figure class=\"wp-block-image size-large\"><img loading=\"lazy\" decoding=\"async\" width=\"900\" height=\"420\" src=\"data:image\/gif;base64,R0lGODlhAQABAAAAACH5BAEKAAEALAAAAAABAAEAAAICTAEAOw==\" data-src=\"https:\/\/buletin.de\/bucuresti\/wp-content\/uploads\/20240221_100121-900x420.jpg\" alt=\"\" class=\"wp-image-78089 lazyload\" data-sizes=\"auto\" data-srcset=\"https:\/\/buletin.de\/bucuresti\/wp-content\/uploads\/20240221_100121-900x420.jpg 900w, https:\/\/buletin.de\/bucuresti\/wp-content\/uploads\/20240221_100121-300x140.jpg 300w, https:\/\/buletin.de\/bucuresti\/wp-content\/uploads\/20240221_100121-768x359.jpg 768w, https:\/\/buletin.de\/bucuresti\/wp-content\/uploads\/20240221_100121-1536x717.jpg 1536w, https:\/\/buletin.de\/bucuresti\/wp-content\/uploads\/20240221_100121-1600x747.jpg 1600w, https:\/\/buletin.de\/bucuresti\/wp-content\/uploads\/20240221_100121-1100x514.jpg 1100w, https:\/\/buletin.de\/bucuresti\/wp-content\/uploads\/20240221_100121-600x280.jpg 600w, https:\/\/buletin.de\/bucuresti\/wp-content\/uploads\/20240221_100121-20x9.jpg 20w, https:\/\/buletin.de\/bucuresti\/wp-content\/uploads\/20240221_100121.jpg 2000w\" sizes=\"(max-width: 900px) 100vw, 900px\" \/><\/figure>\n\n\n\n<p><strong>Rep<\/strong><strong>: \u00cen trecut, \u0219tiu c\u0103 au fost probleme \u0219i la sta\u021bia de epurare din Tunari. Nu considera\u021bi c\u0103 este vorba de un dublu standard, \u00een cazul de fa\u021b\u0103?<\/strong><\/p>\n\n\n\n<p>C.N.: Sta\u021bia noastr\u0103 este una modular\u0103 \u0219i func\u021bioneaz\u0103 la parametri normali 70%. Au fost controale la fel de dese ca la Otopeni \u0219i avem avize pe care le lu\u0103m anual. V\u0103 dau exemplul proprietarului de bazine piscicole, care a pierdut tone de pe\u015fte. De\u0219i noi devers\u0103m l\u00e2ng\u0103 el, nu a ridicat niciodat\u0103 problema c\u0103 noi am fi de vin\u0103 pentru poluarea R\u00e2ului Pas\u0103rea. De altfel, nu exist\u0103 niciun element care sa creeze vreun dubiu cu privire la func\u021bionarea sta\u021biei din punct de vedere legal. &nbsp;<\/p>\n\n\n\n<p>Am f\u0103cut dezmembrare de teren, am predat s\u0103pt\u0103m\u00e2na trecut\u0103 1260 de metri p\u0103tra\u0163i de teren c\u0103tre Ap\u0103-Canal Ilfov \u0219i urmeaz\u0103 s\u0103 m\u0103rim capacitatea sta\u021biei pentru \u00eenc\u0103 20.000 de oameni. Practic, avem \u00een vedere s\u0103 acoperim dezvoltarea localit\u0103\u021bii cel pu\u021bin 10 ani de acum \u00eencolo. &nbsp;<\/p>\n\n\n\n<p><strong>Rep<\/strong><strong>: &nbsp;Deci toate rezultatele controalelor sunt \u00een regul\u0103?<\/strong><\/p>\n\n\n\n<p>C.N.: Toate rezultatele sunt \u00een regul\u0103.<\/p>\n\n\n\n<figure class=\"wp-block-image size-large\"><img loading=\"lazy\" decoding=\"async\" width=\"900\" height=\"420\" src=\"data:image\/gif;base64,R0lGODlhAQABAAAAACH5BAEKAAEALAAAAAABAAEAAAICTAEAOw==\" data-src=\"https:\/\/buletin.de\/bucuresti\/wp-content\/uploads\/20240221_095253-900x420.jpg\" alt=\"\" class=\"wp-image-78090 lazyload\" data-sizes=\"auto\" data-srcset=\"https:\/\/buletin.de\/bucuresti\/wp-content\/uploads\/20240221_095253-900x420.jpg 900w, https:\/\/buletin.de\/bucuresti\/wp-content\/uploads\/20240221_095253-300x140.jpg 300w, https:\/\/buletin.de\/bucuresti\/wp-content\/uploads\/20240221_095253-768x359.jpg 768w, https:\/\/buletin.de\/bucuresti\/wp-content\/uploads\/20240221_095253-1536x717.jpg 1536w, https:\/\/buletin.de\/bucuresti\/wp-content\/uploads\/20240221_095253-1600x747.jpg 1600w, https:\/\/buletin.de\/bucuresti\/wp-content\/uploads\/20240221_095253-1100x514.jpg 1100w, https:\/\/buletin.de\/bucuresti\/wp-content\/uploads\/20240221_095253-600x280.jpg 600w, https:\/\/buletin.de\/bucuresti\/wp-content\/uploads\/20240221_095253-20x9.jpg 20w, https:\/\/buletin.de\/bucuresti\/wp-content\/uploads\/20240221_095253.jpg 2000w\" sizes=\"(max-width: 900px) 100vw, 900px\" \/><\/figure>\n\n\n\n<p><strong>Rep: &nbsp;Revenind la politic\u0103. Ieri s-a anun\u021bat o alian\u021b\u0103 PSD-PNL la nivel na\u021bional. &nbsp;Dvs. sunte\u021bi de la PSD, domnul Gheorghe de la PNL&#8230;<\/strong><\/p>\n\n\n\n<p>C.N.: Nimeni nu \u0219i-ar dori a\u0219a ceva \u00een an electoral.<strong> Poate c\u0103 am f\u0103cut o v\u00e2lv\u0103 \u00een aceast\u0103 alian\u021b\u0103 PSD-PNL, nu am stat s\u0103 urm\u0103resc \u00een detaliu. Nu am \u0219tiut nimic de dinainte, eu sus\u021bin dolean\u021bele oamenilor.<\/strong> Dincolo de responsabilitatea institu\u021bional\u0103, de conduc\u0103tor al acestei comunit\u0103\u021bi, trebuie s\u0103 iau atitudine. Si am luat-o \u00een temeiul legii \u0219i la limita legii \u0219i personal, pentru c\u0103 \u0219i eu inhalez acest miros, \u0219i prietenii \u0219i familia mea.<\/p>\n\n\n\n<p><strong>Buletin de Bucure\u0219ti a solicitat un punct de vedere oficial de la adminstra\u021bia ora\u0219ului Otopeni, c\u00e2t \u0219i de la primarul Silviu Gheorghe cu privire la acuza\u021biile administra\u021biei publice locale din comuna Tunari \u0219i a cet\u0103\u021benilor din zon\u0103 cu privire la devers\u0103rile de ape uzate tratate par\u021bial de la sta\u021bia de epurare a ora\u0219ului Otopeni. P\u00e2n\u0103 la aceast\u0103 or\u0103 nu am primit niciun r\u0103spuns.<\/strong><\/p>\n\n\n\n<p><strong>CITE\u0218TE \u0218I:<\/strong><\/p>\n\n\n\n<figure class=\"wp-block-embed is-type-wp-embed is-provider-buletin-de-bucure-ti wp-block-embed-buletin-de-bucure-ti\"><div class=\"wp-block-embed__wrapper\">\n<blockquote class=\"wp-embedded-content\" data-secret=\"eXoMyJdu6W\"><a href=\"https:\/\/buletin.de\/bucuresti\/primarul-gheorghe-cataclism-de-la-otopeni-s-a-intors-in-functie-a-scapat-de-controlul-judiciar-dupa-ce-a-pacalit-consiliul-local-sa-deturneze-74-milioane-de-euro\/\">Primarul de la Otopeni s-a \u00eentors \u00een func\u021bie. A sc\u0103pat de controlul judiciar dup\u0103 ce \u201ea p\u0103c\u0103lit\u201d Consiliul Local s\u0103 deturneze 7,4 milioane de euro<\/a><\/blockquote><iframe class=\"wp-embedded-content\" sandbox=\"allow-scripts\" security=\"restricted\" style=\"position: absolute; clip: rect(1px, 1px, 1px, 1px);\" title=\"&#8220;Primarul de la Otopeni s-a \u00eentors \u00een func\u021bie. A sc\u0103pat de controlul judiciar dup\u0103 ce \u201ea p\u0103c\u0103lit\u201d Consiliul Local s\u0103 deturneze 7,4 milioane de euro&#8221; &#8212; Buletin de Bucure\u0219ti\" src=\"https:\/\/buletin.de\/bucuresti\/primarul-gheorghe-cataclism-de-la-otopeni-s-a-intors-in-functie-a-scapat-de-controlul-judiciar-dupa-ce-a-pacalit-consiliul-local-sa-deturneze-74-milioane-de-euro\/embed\/#?secret=iDGSz2AB3s#?secret=eXoMyJdu6W\" data-secret=\"eXoMyJdu6W\" width=\"600\" height=\"338\" frameborder=\"0\" marginwidth=\"0\" marginheight=\"0\" scrolling=\"no\"><\/iframe>\n<\/div><\/figure>\n\n\n\n<figure class=\"wp-block-embed is-type-wp-embed is-provider-buletin-de-bucure-ti wp-block-embed-buletin-de-bucure-ti\"><div class=\"wp-block-embed__wrapper\">\n<blockquote class=\"wp-embedded-content\" data-secret=\"BmWHbN8YB4\"><a href=\"https:\/\/buletin.de\/bucuresti\/aeroportul-henri-coanda-a-ocolit-haznaua-primarului-din-otopeni-si-s-a-conectat-la-canalizarea-lui-florentin-pandele-plus-amenzi-cu-dedicatie-de\/\">Aeroportul \u201cHenri Coand\u0103\u201d a ocolit \u201chaznaua\u201d primarului din Otopeni \u0219i s-a conectat la canalizarea lui Florentin Pandele. Plus amenzi cu \u201ededica\u021bie\u201d de la Garda de Mediu Ilfov<\/a><\/blockquote><iframe class=\"wp-embedded-content\" sandbox=\"allow-scripts\" security=\"restricted\" style=\"position: absolute; clip: rect(1px, 1px, 1px, 1px);\" title=\"&#8220;Aeroportul \u201cHenri Coand\u0103\u201d a ocolit \u201chaznaua\u201d primarului din Otopeni \u0219i s-a conectat la canalizarea lui Florentin Pandele. Plus amenzi cu \u201ededica\u021bie\u201d de la Garda de Mediu Ilfov&#8221; &#8212; Buletin de Bucure\u0219ti\" src=\"https:\/\/buletin.de\/bucuresti\/aeroportul-henri-coanda-a-ocolit-haznaua-primarului-din-otopeni-si-s-a-conectat-la-canalizarea-lui-florentin-pandele-plus-amenzi-cu-dedicatie-de\/embed\/#?secret=dEgMtAlLeT#?secret=BmWHbN8YB4\" data-secret=\"BmWHbN8YB4\" width=\"600\" height=\"338\" frameborder=\"0\" marginwidth=\"0\" marginheight=\"0\" scrolling=\"no\"><\/iframe>\n<\/div><\/figure>\n\n\n\n<figure class=\"wp-block-embed is-type-wp-embed is-provider-buletin-de-bucure-ti wp-block-embed-buletin-de-bucure-ti\"><div class=\"wp-block-embed__wrapper\">\n<blockquote class=\"wp-embedded-content\" data-secret=\"l4PMiyeV6R\"><a href=\"https:\/\/buletin.de\/bucuresti\/pamflet-sedinta-de-obste-in-partea-de-nord-a-cnezatului-ilfov-legile-tarii-se-opresc-la-otopeni-la-granita-cu-bucurestiul\/\">PAMFLET | \u0218edin\u021b\u0103 &#8220;de ob\u0219te&#8221;, \u00een partea de Nord a cnezatului Ilfov. Legile \u021b\u0103rii se opresc la Otopeni, la grani\u021ba cu Bucure\u0219tiul<\/a><\/blockquote><iframe class=\"wp-embedded-content\" sandbox=\"allow-scripts\" security=\"restricted\" style=\"position: absolute; clip: rect(1px, 1px, 1px, 1px);\" title=\"&#8220;PAMFLET | \u0218edin\u021b\u0103 &#8220;de ob\u0219te&#8221;, \u00een partea de Nord a cnezatului Ilfov. Legile \u021b\u0103rii se opresc la Otopeni, la grani\u021ba cu Bucure\u0219tiul&#8221; &#8212; Buletin de Bucure\u0219ti\" src=\"https:\/\/buletin.de\/bucuresti\/pamflet-sedinta-de-obste-in-partea-de-nord-a-cnezatului-ilfov-legile-tarii-se-opresc-la-otopeni-la-granita-cu-bucurestiul\/embed\/#?secret=Bbf5DyzWtq#?secret=l4PMiyeV6R\" data-secret=\"l4PMiyeV6R\" width=\"600\" height=\"338\" frameborder=\"0\" marginwidth=\"0\" marginheight=\"0\" scrolling=\"no\"><\/iframe>\n<\/div><\/figure>\n","protected":false},"excerpt":{"rendered":"<p>\u00cen timp ce la Centru se f\u0103ceau ultimele preg\u0103tiri pentru anun\u021bul oficial privind alian\u021ba PSD-PNL \u0219i comasarea alegerilor europarlamentare \u0219i locale, \u00een teritoriu, la doi pa\u0219i, \u00een Ilfov, avea loc un \u201edivor\u021b\u201d politic \u00een plin\u0103 strad\u0103. Administra\u021bia local\u0103 din comuna Tunari, condus\u0103 de un primar PSD, a organizat un protest direc\u0163ionat c\u0103tre administra\u0163ia local\u0103 din [&hellip;]<\/p>\n","protected":false},"author":10,"featured_media":78084,"comment_status":"closed","ping_status":"open","sticky":false,"template":"","format":"standard","meta":{"_acf_changed":false,"inline_featured_image":false,"ngg_post_thumbnail":0,"footnotes":""},"categories":[6994,1432,3238,5762],"tags":[154,1510,875,10020,820,750,4391,1653],"ppma_author":[22575],"class_list":["post-78082","post","type-post","status-publish","format-standard","has-post-thumbnail","hentry","category-stiri-2","category-buletin-de-ilfov","category-interviu","category-main","tag-amenzi","tag-deversari","tag-dna","tag-gheroghe","tag-ilfov","tag-otopeni","tag-raul-pasarea","tag-tunari"],"acf":[],"yoast_head":"<!-- This site is optimized with the Yoast SEO Premium plugin v25.3 (Yoast SEO v27.4) - https:\/\/yoast.com\/product\/yoast-seo-premium-wordpress\/ -->\n<title>Poluare ca la u\u0219a cortului | Primarul din Tunari \u0219i-a mutat biroul l\u00e2ng\u0103 dejec\u021biile din R\u00e2ul Pas\u0103rea: \u201eAici stau, p\u00e2n\u0103 m\u0103 ridic\u0103 cineva. Am primit amenin\u021b\u0103ri voalate\u201d - Buletin de Bucure\u0219ti<\/title>\n<meta name=\"robots\" content=\"index, follow, max-snippet:-1, max-image-preview:large, max-video-preview:-1\" \/>\n<link rel=\"canonical\" href=\"https:\/\/buletin.de\/bucuresti\/poluare-ca-la-usa-cortului-primarul-din-tunari-si-a-mutat-biroul-langa-dejectiile-din-raul-pasarea-aici-stau-pana-ma-ridica-cineva-am-primit-amenintari-voalate\/\" \/>\n<meta property=\"og:locale\" content=\"en_GB\" \/>\n<meta property=\"og:type\" content=\"article\" \/>\n<meta property=\"og:title\" content=\"Poluare ca la u\u0219a cortului | Primarul din Tunari \u0219i-a mutat biroul l\u00e2ng\u0103 dejec\u021biile din R\u00e2ul Pas\u0103rea: \u201eAici stau, p\u00e2n\u0103 m\u0103 ridic\u0103 cineva. Am primit amenin\u021b\u0103ri voalate\u201d\" \/>\n<meta property=\"og:description\" content=\"\u00cen timp ce la Centru se f\u0103ceau ultimele preg\u0103tiri pentru anun\u021bul oficial privind alian\u021ba PSD-PNL \u0219i comasarea alegerilor europarlamentare \u0219i locale, \u00een teritoriu, la doi pa\u0219i, \u00een Ilfov, avea loc un \u201edivor\u021b\u201d politic \u00een plin\u0103 strad\u0103. Administra\u021bia local\u0103 din comuna Tunari, condus\u0103 de un primar PSD, a organizat un protest direc\u0163ionat c\u0103tre administra\u0163ia local\u0103 din [&hellip;]\" \/>\n<meta property=\"og:url\" content=\"https:\/\/buletin.de\/bucuresti\/poluare-ca-la-usa-cortului-primarul-din-tunari-si-a-mutat-biroul-langa-dejectiile-din-raul-pasarea-aici-stau-pana-ma-ridica-cineva-am-primit-amenintari-voalate\/\" \/>\n<meta property=\"og:site_name\" content=\"Buletin de Bucure\u0219ti\" \/>\n<meta property=\"article:publisher\" content=\"https:\/\/www.facebook.com\/buletin.de.buc\" \/>\n<meta property=\"article:published_time\" content=\"2024-02-22T14:47:40+00:00\" \/>\n<meta property=\"article:modified_time\" content=\"2024-02-22T14:58:58+00:00\" \/>\n<meta property=\"og:image\" content=\"https:\/\/buletin.de\/bucuresti\/wp-content\/uploads\/20240222_090136.jpg\" \/>\n\t<meta property=\"og:image:width\" content=\"2000\" \/>\n\t<meta property=\"og:image:height\" content=\"999\" \/>\n\t<meta property=\"og:image:type\" content=\"image\/jpeg\" \/>\n<meta name=\"author\" content=\"C\u0103t\u0103lin Dosca\u0219\" \/>\n<meta name=\"twitter:card\" content=\"summary_large_image\" \/>\n<meta name=\"twitter:label1\" content=\"Written by\" \/>\n\t<meta name=\"twitter:data1\" content=\"C\u0103t\u0103lin Dosca\u0219\" \/>\n\t<meta name=\"twitter:label2\" content=\"Estimated reading time\" \/>\n\t<meta name=\"twitter:data2\" content=\"12 minutes\" \/>\n<script type=\"application\/ld+json\" class=\"yoast-schema-graph\">{\"@context\":\"https:\\\/\\\/schema.org\",\"@graph\":[{\"@type\":\"Article\",\"@id\":\"https:\\\/\\\/buletin.de\\\/bucuresti\\\/poluare-ca-la-usa-cortului-primarul-din-tunari-si-a-mutat-biroul-langa-dejectiile-din-raul-pasarea-aici-stau-pana-ma-ridica-cineva-am-primit-amenintari-voalate\\\/#article\",\"isPartOf\":{\"@id\":\"https:\\\/\\\/buletin.de\\\/bucuresti\\\/poluare-ca-la-usa-cortului-primarul-din-tunari-si-a-mutat-biroul-langa-dejectiile-din-raul-pasarea-aici-stau-pana-ma-ridica-cineva-am-primit-amenintari-voalate\\\/\"},\"author\":{\"name\":\"C\u0103t\u0103lin Dosca\u0219\",\"@id\":\"https:\\\/\\\/buletin.de\\\/bucuresti\\\/#\\\/schema\\\/person\\\/31117187ed4d0bdb0a4c7d6acc79d0f8\"},\"headline\":\"Poluare ca la u\u0219a cortului | Primarul din Tunari \u0219i-a mutat biroul l\u00e2ng\u0103 dejec\u021biile din R\u00e2ul Pas\u0103rea: \u201eAici stau, p\u00e2n\u0103 m\u0103 ridic\u0103 cineva. Am primit amenin\u021b\u0103ri voalate\u201d\",\"datePublished\":\"2024-02-22T14:47:40+00:00\",\"dateModified\":\"2024-02-22T14:58:58+00:00\",\"mainEntityOfPage\":{\"@id\":\"https:\\\/\\\/buletin.de\\\/bucuresti\\\/poluare-ca-la-usa-cortului-primarul-din-tunari-si-a-mutat-biroul-langa-dejectiile-din-raul-pasarea-aici-stau-pana-ma-ridica-cineva-am-primit-amenintari-voalate\\\/\"},\"wordCount\":2455,\"publisher\":{\"@id\":\"https:\\\/\\\/buletin.de\\\/bucuresti\\\/#organization\"},\"image\":{\"@id\":\"https:\\\/\\\/buletin.de\\\/bucuresti\\\/poluare-ca-la-usa-cortului-primarul-din-tunari-si-a-mutat-biroul-langa-dejectiile-din-raul-pasarea-aici-stau-pana-ma-ridica-cineva-am-primit-amenintari-voalate\\\/#primaryimage\"},\"thumbnailUrl\":\"https:\\\/\\\/buletin.de\\\/bucuresti\\\/wp-content\\\/uploads\\\/20240222_090136.jpg\",\"keywords\":[\"amenzi\",\"deversari\",\"dna\",\"gheroghe\",\"Ilfov\",\"otopeni\",\"raul pasarea\",\"tunari\"],\"articleSection\":[\"Articole\",\"Buletin de Ilfov\",\"Interviu\",\"Main\"],\"inLanguage\":\"en-GB\",\"copyrightYear\":\"2024\",\"copyrightHolder\":{\"@id\":\"https:\\\/\\\/buletin.de\\\/bucuresti\\\/#organization\"}},{\"@type\":\"WebPage\",\"@id\":\"https:\\\/\\\/buletin.de\\\/bucuresti\\\/poluare-ca-la-usa-cortului-primarul-din-tunari-si-a-mutat-biroul-langa-dejectiile-din-raul-pasarea-aici-stau-pana-ma-ridica-cineva-am-primit-amenintari-voalate\\\/\",\"url\":\"https:\\\/\\\/buletin.de\\\/bucuresti\\\/poluare-ca-la-usa-cortului-primarul-din-tunari-si-a-mutat-biroul-langa-dejectiile-din-raul-pasarea-aici-stau-pana-ma-ridica-cineva-am-primit-amenintari-voalate\\\/\",\"name\":\"Poluare ca la u\u0219a cortului | Primarul din Tunari \u0219i-a mutat biroul l\u00e2ng\u0103 dejec\u021biile din R\u00e2ul Pas\u0103rea: \u201eAici stau, p\u00e2n\u0103 m\u0103 ridic\u0103 cineva. Am primit amenin\u021b\u0103ri voalate\u201d - Buletin de Bucure\u0219ti\",\"isPartOf\":{\"@id\":\"https:\\\/\\\/buletin.de\\\/bucuresti\\\/#website\"},\"primaryImageOfPage\":{\"@id\":\"https:\\\/\\\/buletin.de\\\/bucuresti\\\/poluare-ca-la-usa-cortului-primarul-din-tunari-si-a-mutat-biroul-langa-dejectiile-din-raul-pasarea-aici-stau-pana-ma-ridica-cineva-am-primit-amenintari-voalate\\\/#primaryimage\"},\"image\":{\"@id\":\"https:\\\/\\\/buletin.de\\\/bucuresti\\\/poluare-ca-la-usa-cortului-primarul-din-tunari-si-a-mutat-biroul-langa-dejectiile-din-raul-pasarea-aici-stau-pana-ma-ridica-cineva-am-primit-amenintari-voalate\\\/#primaryimage\"},\"thumbnailUrl\":\"https:\\\/\\\/buletin.de\\\/bucuresti\\\/wp-content\\\/uploads\\\/20240222_090136.jpg\",\"datePublished\":\"2024-02-22T14:47:40+00:00\",\"dateModified\":\"2024-02-22T14:58:58+00:00\",\"breadcrumb\":{\"@id\":\"https:\\\/\\\/buletin.de\\\/bucuresti\\\/poluare-ca-la-usa-cortului-primarul-din-tunari-si-a-mutat-biroul-langa-dejectiile-din-raul-pasarea-aici-stau-pana-ma-ridica-cineva-am-primit-amenintari-voalate\\\/#breadcrumb\"},\"inLanguage\":\"en-GB\",\"potentialAction\":[{\"@type\":\"ReadAction\",\"target\":[\"https:\\\/\\\/buletin.de\\\/bucuresti\\\/poluare-ca-la-usa-cortului-primarul-din-tunari-si-a-mutat-biroul-langa-dejectiile-din-raul-pasarea-aici-stau-pana-ma-ridica-cineva-am-primit-amenintari-voalate\\\/\"]}]},{\"@type\":\"ImageObject\",\"inLanguage\":\"en-GB\",\"@id\":\"https:\\\/\\\/buletin.de\\\/bucuresti\\\/poluare-ca-la-usa-cortului-primarul-din-tunari-si-a-mutat-biroul-langa-dejectiile-din-raul-pasarea-aici-stau-pana-ma-ridica-cineva-am-primit-amenintari-voalate\\\/#primaryimage\",\"url\":\"https:\\\/\\\/buletin.de\\\/bucuresti\\\/wp-content\\\/uploads\\\/20240222_090136.jpg\",\"contentUrl\":\"https:\\\/\\\/buletin.de\\\/bucuresti\\\/wp-content\\\/uploads\\\/20240222_090136.jpg\",\"width\":2000,\"height\":999,\"caption\":\"FOTO: C\u0103t\u0103lin Dosca\u0219\"},{\"@type\":\"BreadcrumbList\",\"@id\":\"https:\\\/\\\/buletin.de\\\/bucuresti\\\/poluare-ca-la-usa-cortului-primarul-din-tunari-si-a-mutat-biroul-langa-dejectiile-din-raul-pasarea-aici-stau-pana-ma-ridica-cineva-am-primit-amenintari-voalate\\\/#breadcrumb\",\"itemListElement\":[{\"@type\":\"ListItem\",\"position\":1,\"name\":\"Acas\u0103\",\"item\":\"https:\\\/\\\/buletin.de\\\/bucuresti\\\/\"},{\"@type\":\"ListItem\",\"position\":2,\"name\":\"Poluare ca la u\u0219a cortului | Primarul din Tunari \u0219i-a mutat biroul l\u00e2ng\u0103 dejec\u021biile din R\u00e2ul Pas\u0103rea: \u201eAici stau, p\u00e2n\u0103 m\u0103 ridic\u0103 cineva. Am primit amenin\u021b\u0103ri voalate\u201d\"}]},{\"@type\":\"WebSite\",\"@id\":\"https:\\\/\\\/buletin.de\\\/bucuresti\\\/#website\",\"url\":\"https:\\\/\\\/buletin.de\\\/bucuresti\\\/\",\"name\":\"Buletin de Bucure\u0219ti\",\"description\":\"\u0218tiri \u0219i investiga\u021bii esen\u021biale din capital\u0103\",\"publisher\":{\"@id\":\"https:\\\/\\\/buletin.de\\\/bucuresti\\\/#organization\"},\"potentialAction\":[{\"@type\":\"SearchAction\",\"target\":{\"@type\":\"EntryPoint\",\"urlTemplate\":\"https:\\\/\\\/buletin.de\\\/bucuresti\\\/?s={search_term_string}\"},\"query-input\":{\"@type\":\"PropertyValueSpecification\",\"valueRequired\":true,\"valueName\":\"search_term_string\"}}],\"inLanguage\":\"en-GB\"},{\"@type\":\"Organization\",\"@id\":\"https:\\\/\\\/buletin.de\\\/bucuresti\\\/#organization\",\"name\":\"Buletin de Bucure\u0219ti\",\"url\":\"https:\\\/\\\/buletin.de\\\/bucuresti\\\/\",\"logo\":{\"@type\":\"ImageObject\",\"inLanguage\":\"en-GB\",\"@id\":\"https:\\\/\\\/buletin.de\\\/bucuresti\\\/#\\\/schema\\\/logo\\\/image\\\/\",\"url\":\"https:\\\/\\\/buletin.de\\\/bucuresti\\\/wp-content\\\/uploads\\\/logo-bdb-full-wide-vernil-transparent.png\",\"contentUrl\":\"https:\\\/\\\/buletin.de\\\/bucuresti\\\/wp-content\\\/uploads\\\/logo-bdb-full-wide-vernil-transparent.png\",\"width\":1782,\"height\":626,\"caption\":\"Buletin de Bucure\u0219ti\"},\"image\":{\"@id\":\"https:\\\/\\\/buletin.de\\\/bucuresti\\\/#\\\/schema\\\/logo\\\/image\\\/\"},\"sameAs\":[\"https:\\\/\\\/www.facebook.com\\\/buletin.de.buc\",\"https:\\\/\\\/www.instagram.com\\\/buletinde.bucuresti\\\/\"]},{\"@type\":\"Person\",\"@id\":\"https:\\\/\\\/buletin.de\\\/bucuresti\\\/#\\\/schema\\\/person\\\/31117187ed4d0bdb0a4c7d6acc79d0f8\",\"name\":\"C\u0103t\u0103lin Dosca\u0219\",\"image\":{\"@type\":\"ImageObject\",\"inLanguage\":\"en-GB\",\"@id\":\"https:\\\/\\\/buletin.de\\\/bucuresti\\\/wp-content\\\/uploads\\\/Catalin-Doscas-e1732731064764-96x96.jpga93e2943bb3b1c1f9ead823df6e6317a\",\"url\":\"https:\\\/\\\/buletin.de\\\/bucuresti\\\/wp-content\\\/uploads\\\/Catalin-Doscas-e1732731064764-96x96.jpg\",\"contentUrl\":\"https:\\\/\\\/buletin.de\\\/bucuresti\\\/wp-content\\\/uploads\\\/Catalin-Doscas-e1732731064764-96x96.jpg\",\"caption\":\"C\u0103t\u0103lin Dosca\u0219\"},\"description\":\"Reporter \u0219i redactor-\u0219ef Buletin de Bucure\u0219ti. Lucreaz\u0103 \u00een mass-media de la v\u00e2rsta de 15 ani, c\u00e2nd a publicat primele articole \u00een presa local\u0103 din Tecuci. \u00cen Bucure\u0219ti a lucrat \u00een redac\u021bii radio ca reporter, redactor \u0219i prezentator (StudentFM, Na\u021bionalFM, Radio Total, Smart FM), unde a acoperit domeniile politic, economic, social \u0219i externe. Ulterior, a fost editor-coordonator al postului Realitatea FM. Experien\u021ba \u00een jurnalismul online a dob\u00e2ndit-o la portalul B365.ro, unde a fost editor. \u00cen 2012 s-a angajat \u00een televiziune. La Realitatea TV a fost, pe r\u00e2nd, reporter la sec\u021bia Social, reporter special la emisiunea de reportaje \u0219i anchete \u201eReporterii Realit\u0103\u021bii\u201d, dar \u0219i editor al jurnalelor de \u0219tiri. Ulterior, a f\u0103cut parte din sec\u021bia de Investiga\u021bii de la Digi24 \u0219i a lucrat la campania \u201eRom\u00e2nia furat\u0103\u201d. A revenit \u00een presa scris\u0103 \u00een 2017, ca reporter special, \u00een cadrul unui proiect de repozi\u021bionare a tabloidului Libertatea \u00een cotidian generalist. Este jurnalist Buletin de Bucure\u0219ti din 2019.\",\"url\":\"https:\\\/\\\/buletin.de\\\/bucuresti\\\/author\\\/catalin\\\/\"}]}<\/script>\n<!-- \/ Yoast SEO Premium plugin. -->","yoast_head_json":{"title":"Poluare ca la u\u0219a cortului | Primarul din Tunari \u0219i-a mutat biroul l\u00e2ng\u0103 dejec\u021biile din R\u00e2ul Pas\u0103rea: \u201eAici stau, p\u00e2n\u0103 m\u0103 ridic\u0103 cineva. Am primit amenin\u021b\u0103ri voalate\u201d - Buletin de Bucure\u0219ti","robots":{"index":"index","follow":"follow","max-snippet":"max-snippet:-1","max-image-preview":"max-image-preview:large","max-video-preview":"max-video-preview:-1"},"canonical":"https:\/\/buletin.de\/bucuresti\/poluare-ca-la-usa-cortului-primarul-din-tunari-si-a-mutat-biroul-langa-dejectiile-din-raul-pasarea-aici-stau-pana-ma-ridica-cineva-am-primit-amenintari-voalate\/","og_locale":"en_GB","og_type":"article","og_title":"Poluare ca la u\u0219a cortului | Primarul din Tunari \u0219i-a mutat biroul l\u00e2ng\u0103 dejec\u021biile din R\u00e2ul Pas\u0103rea: \u201eAici stau, p\u00e2n\u0103 m\u0103 ridic\u0103 cineva. Am primit amenin\u021b\u0103ri voalate\u201d","og_description":"\u00cen timp ce la Centru se f\u0103ceau ultimele preg\u0103tiri pentru anun\u021bul oficial privind alian\u021ba PSD-PNL \u0219i comasarea alegerilor europarlamentare \u0219i locale, \u00een teritoriu, la doi pa\u0219i, \u00een Ilfov, avea loc un \u201edivor\u021b\u201d politic \u00een plin\u0103 strad\u0103. Administra\u021bia local\u0103 din comuna Tunari, condus\u0103 de un primar PSD, a organizat un protest direc\u0163ionat c\u0103tre administra\u0163ia local\u0103 din [&hellip;]","og_url":"https:\/\/buletin.de\/bucuresti\/poluare-ca-la-usa-cortului-primarul-din-tunari-si-a-mutat-biroul-langa-dejectiile-din-raul-pasarea-aici-stau-pana-ma-ridica-cineva-am-primit-amenintari-voalate\/","og_site_name":"Buletin de Bucure\u0219ti","article_publisher":"https:\/\/www.facebook.com\/buletin.de.buc","article_published_time":"2024-02-22T14:47:40+00:00","article_modified_time":"2024-02-22T14:58:58+00:00","og_image":[{"width":2000,"height":999,"url":"https:\/\/buletin.de\/bucuresti\/wp-content\/uploads\/20240222_090136.jpg","type":"image\/jpeg"}],"author":"C\u0103t\u0103lin Dosca\u0219","twitter_card":"summary_large_image","twitter_misc":{"Written by":"C\u0103t\u0103lin Dosca\u0219","Estimated reading time":"12 minutes"},"schema":{"@context":"https:\/\/schema.org","@graph":[{"@type":"Article","@id":"https:\/\/buletin.de\/bucuresti\/poluare-ca-la-usa-cortului-primarul-din-tunari-si-a-mutat-biroul-langa-dejectiile-din-raul-pasarea-aici-stau-pana-ma-ridica-cineva-am-primit-amenintari-voalate\/#article","isPartOf":{"@id":"https:\/\/buletin.de\/bucuresti\/poluare-ca-la-usa-cortului-primarul-din-tunari-si-a-mutat-biroul-langa-dejectiile-din-raul-pasarea-aici-stau-pana-ma-ridica-cineva-am-primit-amenintari-voalate\/"},"author":{"name":"C\u0103t\u0103lin Dosca\u0219","@id":"https:\/\/buletin.de\/bucuresti\/#\/schema\/person\/31117187ed4d0bdb0a4c7d6acc79d0f8"},"headline":"Poluare ca la u\u0219a cortului | Primarul din Tunari \u0219i-a mutat biroul l\u00e2ng\u0103 dejec\u021biile din R\u00e2ul Pas\u0103rea: \u201eAici stau, p\u00e2n\u0103 m\u0103 ridic\u0103 cineva. Am primit amenin\u021b\u0103ri voalate\u201d","datePublished":"2024-02-22T14:47:40+00:00","dateModified":"2024-02-22T14:58:58+00:00","mainEntityOfPage":{"@id":"https:\/\/buletin.de\/bucuresti\/poluare-ca-la-usa-cortului-primarul-din-tunari-si-a-mutat-biroul-langa-dejectiile-din-raul-pasarea-aici-stau-pana-ma-ridica-cineva-am-primit-amenintari-voalate\/"},"wordCount":2455,"publisher":{"@id":"https:\/\/buletin.de\/bucuresti\/#organization"},"image":{"@id":"https:\/\/buletin.de\/bucuresti\/poluare-ca-la-usa-cortului-primarul-din-tunari-si-a-mutat-biroul-langa-dejectiile-din-raul-pasarea-aici-stau-pana-ma-ridica-cineva-am-primit-amenintari-voalate\/#primaryimage"},"thumbnailUrl":"https:\/\/buletin.de\/bucuresti\/wp-content\/uploads\/20240222_090136.jpg","keywords":["amenzi","deversari","dna","gheroghe","Ilfov","otopeni","raul pasarea","tunari"],"articleSection":["Articole","Buletin de Ilfov","Interviu","Main"],"inLanguage":"en-GB","copyrightYear":"2024","copyrightHolder":{"@id":"https:\/\/buletin.de\/bucuresti\/#organization"}},{"@type":"WebPage","@id":"https:\/\/buletin.de\/bucuresti\/poluare-ca-la-usa-cortului-primarul-din-tunari-si-a-mutat-biroul-langa-dejectiile-din-raul-pasarea-aici-stau-pana-ma-ridica-cineva-am-primit-amenintari-voalate\/","url":"https:\/\/buletin.de\/bucuresti\/poluare-ca-la-usa-cortului-primarul-din-tunari-si-a-mutat-biroul-langa-dejectiile-din-raul-pasarea-aici-stau-pana-ma-ridica-cineva-am-primit-amenintari-voalate\/","name":"Poluare ca la u\u0219a cortului | Primarul din Tunari \u0219i-a mutat biroul l\u00e2ng\u0103 dejec\u021biile din R\u00e2ul Pas\u0103rea: \u201eAici stau, p\u00e2n\u0103 m\u0103 ridic\u0103 cineva. Am primit amenin\u021b\u0103ri voalate\u201d - Buletin de Bucure\u0219ti","isPartOf":{"@id":"https:\/\/buletin.de\/bucuresti\/#website"},"primaryImageOfPage":{"@id":"https:\/\/buletin.de\/bucuresti\/poluare-ca-la-usa-cortului-primarul-din-tunari-si-a-mutat-biroul-langa-dejectiile-din-raul-pasarea-aici-stau-pana-ma-ridica-cineva-am-primit-amenintari-voalate\/#primaryimage"},"image":{"@id":"https:\/\/buletin.de\/bucuresti\/poluare-ca-la-usa-cortului-primarul-din-tunari-si-a-mutat-biroul-langa-dejectiile-din-raul-pasarea-aici-stau-pana-ma-ridica-cineva-am-primit-amenintari-voalate\/#primaryimage"},"thumbnailUrl":"https:\/\/buletin.de\/bucuresti\/wp-content\/uploads\/20240222_090136.jpg","datePublished":"2024-02-22T14:47:40+00:00","dateModified":"2024-02-22T14:58:58+00:00","breadcrumb":{"@id":"https:\/\/buletin.de\/bucuresti\/poluare-ca-la-usa-cortului-primarul-din-tunari-si-a-mutat-biroul-langa-dejectiile-din-raul-pasarea-aici-stau-pana-ma-ridica-cineva-am-primit-amenintari-voalate\/#breadcrumb"},"inLanguage":"en-GB","potentialAction":[{"@type":"ReadAction","target":["https:\/\/buletin.de\/bucuresti\/poluare-ca-la-usa-cortului-primarul-din-tunari-si-a-mutat-biroul-langa-dejectiile-din-raul-pasarea-aici-stau-pana-ma-ridica-cineva-am-primit-amenintari-voalate\/"]}]},{"@type":"ImageObject","inLanguage":"en-GB","@id":"https:\/\/buletin.de\/bucuresti\/poluare-ca-la-usa-cortului-primarul-din-tunari-si-a-mutat-biroul-langa-dejectiile-din-raul-pasarea-aici-stau-pana-ma-ridica-cineva-am-primit-amenintari-voalate\/#primaryimage","url":"https:\/\/buletin.de\/bucuresti\/wp-content\/uploads\/20240222_090136.jpg","contentUrl":"https:\/\/buletin.de\/bucuresti\/wp-content\/uploads\/20240222_090136.jpg","width":2000,"height":999,"caption":"FOTO: C\u0103t\u0103lin Dosca\u0219"},{"@type":"BreadcrumbList","@id":"https:\/\/buletin.de\/bucuresti\/poluare-ca-la-usa-cortului-primarul-din-tunari-si-a-mutat-biroul-langa-dejectiile-din-raul-pasarea-aici-stau-pana-ma-ridica-cineva-am-primit-amenintari-voalate\/#breadcrumb","itemListElement":[{"@type":"ListItem","position":1,"name":"Acas\u0103","item":"https:\/\/buletin.de\/bucuresti\/"},{"@type":"ListItem","position":2,"name":"Poluare ca la u\u0219a cortului | Primarul din Tunari \u0219i-a mutat biroul l\u00e2ng\u0103 dejec\u021biile din R\u00e2ul Pas\u0103rea: \u201eAici stau, p\u00e2n\u0103 m\u0103 ridic\u0103 cineva. Am primit amenin\u021b\u0103ri voalate\u201d"}]},{"@type":"WebSite","@id":"https:\/\/buletin.de\/bucuresti\/#website","url":"https:\/\/buletin.de\/bucuresti\/","name":"Buletin de Bucure\u0219ti","description":"\u0218tiri \u0219i investiga\u021bii esen\u021biale din capital\u0103","publisher":{"@id":"https:\/\/buletin.de\/bucuresti\/#organization"},"potentialAction":[{"@type":"SearchAction","target":{"@type":"EntryPoint","urlTemplate":"https:\/\/buletin.de\/bucuresti\/?s={search_term_string}"},"query-input":{"@type":"PropertyValueSpecification","valueRequired":true,"valueName":"search_term_string"}}],"inLanguage":"en-GB"},{"@type":"Organization","@id":"https:\/\/buletin.de\/bucuresti\/#organization","name":"Buletin de Bucure\u0219ti","url":"https:\/\/buletin.de\/bucuresti\/","logo":{"@type":"ImageObject","inLanguage":"en-GB","@id":"https:\/\/buletin.de\/bucuresti\/#\/schema\/logo\/image\/","url":"https:\/\/buletin.de\/bucuresti\/wp-content\/uploads\/logo-bdb-full-wide-vernil-transparent.png","contentUrl":"https:\/\/buletin.de\/bucuresti\/wp-content\/uploads\/logo-bdb-full-wide-vernil-transparent.png","width":1782,"height":626,"caption":"Buletin de Bucure\u0219ti"},"image":{"@id":"https:\/\/buletin.de\/bucuresti\/#\/schema\/logo\/image\/"},"sameAs":["https:\/\/www.facebook.com\/buletin.de.buc","https:\/\/www.instagram.com\/buletinde.bucuresti\/"]},{"@type":"Person","@id":"https:\/\/buletin.de\/bucuresti\/#\/schema\/person\/31117187ed4d0bdb0a4c7d6acc79d0f8","name":"C\u0103t\u0103lin Dosca\u0219","image":{"@type":"ImageObject","inLanguage":"en-GB","@id":"https:\/\/buletin.de\/bucuresti\/wp-content\/uploads\/Catalin-Doscas-e1732731064764-96x96.jpga93e2943bb3b1c1f9ead823df6e6317a","url":"https:\/\/buletin.de\/bucuresti\/wp-content\/uploads\/Catalin-Doscas-e1732731064764-96x96.jpg","contentUrl":"https:\/\/buletin.de\/bucuresti\/wp-content\/uploads\/Catalin-Doscas-e1732731064764-96x96.jpg","caption":"C\u0103t\u0103lin Dosca\u0219"},"description":"Reporter \u0219i redactor-\u0219ef Buletin de Bucure\u0219ti. Lucreaz\u0103 \u00een mass-media de la v\u00e2rsta de 15 ani, c\u00e2nd a publicat primele articole \u00een presa local\u0103 din Tecuci. \u00cen Bucure\u0219ti a lucrat \u00een redac\u021bii radio ca reporter, redactor \u0219i prezentator (StudentFM, Na\u021bionalFM, Radio Total, Smart FM), unde a acoperit domeniile politic, economic, social \u0219i externe. Ulterior, a fost editor-coordonator al postului Realitatea FM. Experien\u021ba \u00een jurnalismul online a dob\u00e2ndit-o la portalul B365.ro, unde a fost editor. \u00cen 2012 s-a angajat \u00een televiziune. La Realitatea TV a fost, pe r\u00e2nd, reporter la sec\u021bia Social, reporter special la emisiunea de reportaje \u0219i anchete \u201eReporterii Realit\u0103\u021bii\u201d, dar \u0219i editor al jurnalelor de \u0219tiri. Ulterior, a f\u0103cut parte din sec\u021bia de Investiga\u021bii de la Digi24 \u0219i a lucrat la campania \u201eRom\u00e2nia furat\u0103\u201d. A revenit \u00een presa scris\u0103 \u00een 2017, ca reporter special, \u00een cadrul unui proiect de repozi\u021bionare a tabloidului Libertatea \u00een cotidian generalist. Este jurnalist Buletin de Bucure\u0219ti din 2019.","url":"https:\/\/buletin.de\/bucuresti\/author\/catalin\/"}]}},"authors":[{"term_id":22575,"user_id":10,"is_guest":0,"slug":"catalin","display_name":"C\u0103t\u0103lin Dosca\u0219","avatar_url":"https:\/\/buletin.de\/bucuresti\/wp-content\/uploads\/Catalin-Doscas-e1732731064764-96x96.jpg","0":null,"1":"","2":"","3":"","4":"","5":"","6":"","7":"","8":""}],"_links":{"self":[{"href":"https:\/\/buletin.de\/bucuresti\/wp-json\/wp\/v2\/posts\/78082","targetHints":{"allow":["GET"]}}],"collection":[{"href":"https:\/\/buletin.de\/bucuresti\/wp-json\/wp\/v2\/posts"}],"about":[{"href":"https:\/\/buletin.de\/bucuresti\/wp-json\/wp\/v2\/types\/post"}],"author":[{"embeddable":true,"href":"https:\/\/buletin.de\/bucuresti\/wp-json\/wp\/v2\/users\/10"}],"replies":[{"embeddable":true,"href":"https:\/\/buletin.de\/bucuresti\/wp-json\/wp\/v2\/comments?post=78082"}],"version-history":[{"count":5,"href":"https:\/\/buletin.de\/bucuresti\/wp-json\/wp\/v2\/posts\/78082\/revisions"}],"predecessor-version":[{"id":78101,"href":"https:\/\/buletin.de\/bucuresti\/wp-json\/wp\/v2\/posts\/78082\/revisions\/78101"}],"wp:featuredmedia":[{"embeddable":true,"href":"https:\/\/buletin.de\/bucuresti\/wp-json\/wp\/v2\/media\/78084"}],"wp:attachment":[{"href":"https:\/\/buletin.de\/bucuresti\/wp-json\/wp\/v2\/media?parent=78082"}],"wp:term":[{"taxonomy":"category","embeddable":true,"href":"https:\/\/buletin.de\/bucuresti\/wp-json\/wp\/v2\/categories?post=78082"},{"taxonomy":"post_tag","embeddable":true,"href":"https:\/\/buletin.de\/bucuresti\/wp-json\/wp\/v2\/tags?post=78082"},{"taxonomy":"author","embeddable":true,"href":"https:\/\/buletin.de\/bucuresti\/wp-json\/wp\/v2\/ppma_author?post=78082"}],"curies":[{"name":"wp","href":"https:\/\/api.w.org\/{rel}","templated":true}]}}