{"id":78035,"date":"2024-02-22T13:45:44","date_gmt":"2024-02-22T11:45:44","guid":{"rendered":"https:\/\/buletin.de\/bucuresti\/?p=78035"},"modified":"2024-02-22T13:45:44","modified_gmt":"2024-02-22T11:45:44","slug":"tpbi-statie-noua-pentru-autobuzele-liniei-203","status":"publish","type":"post","link":"https:\/\/buletin.de\/bucuresti\/tpbi-statie-noua-pentru-autobuzele-liniei-203\/","title":{"rendered":"TPBI | Sta\u021bie nou\u0103 pentru autobuzele liniei 203"},"content":{"rendered":"\n<p><strong>Asocia\u021bia de Dezvoltare Intercomunitar\u0103 pentru Transport Public Bucure\u0219ti-Ilfov (TPBI) anun\u021b\u0103 ca \u00eenfiin\u021beaz\u0103 sta\u021bii noi pentru linia de autobuz 203, dar \u015fi pentru liniile 70 \u015fi 79. M\u0103sura a fost luat\u0103 la cererea c\u0103l\u0103torilor<\/strong> <strong>\u0219i<\/strong> <strong>a primit avizul din partea Comisiei Tehnice de Circula\u021bie a Municipiului Bucure\u0219ti.<\/strong><\/p>\n\n\n\n<p>De vineri, 23 februarie, vor fi opera\u021bionale sta\u021bii noi pentru linia 203 \u2013 \u201eDrumul P\u0103durea Pustnicu\u201d \u2013 \u0219i pentru liniile 70 \u0219i 79 \u2013 \u201eBaba Novac\u201d. Autobuzele liniei 203 vor opri, pe ambele sensuri de mers, \u00een noua sta\u021bie \u201eDrumul P\u0103durea Pustnicu\u201d, situat\u0103 pe Aleea Tei\u0219ani.<\/p>\n\n\n\n<p>T<strong>roleibuzele liniilor<\/strong>&nbsp;<strong>70 \u0219i 79 vor opri \u0219i \u00een sta\u021bia \u201eBaba Novac\u201d<\/strong>,  comun\u0103 cu autobuzele liniilor 311, 330 \u0219i N104. Aceasta este amplasat\u0103 pe Str. Baba Novac, dup\u0103 intersec\u021bia cu \u0218os. Mihai Bravu, pe sensul de mers c\u0103tre terminalul \u201eBd. Basarabia\u201d.<\/p>\n\n\n\n<p>Pe 17 februarie, TPBI anun\u021ba c\u0103 va \u00eenfiin\u021ba sta\u021bia nou\u0103 de autobuz \u201ePasaj Otopeni\u201d, pe traseul liniei 203. Autobuzele opresc la \u201ePasaj Otopeni\u201d, pe Aleea Tei\u0219ani, pe sensul de mers c\u0103tre Pia\u021ba Victoriei.<\/p>\n\n\n\n<p><strong>CITE\u0218TE \u0218I:<\/strong><\/p>\n\n\n\n<figure class=\"wp-block-embed is-type-wp-embed is-provider-buletin-de-bucure-ti wp-block-embed-buletin-de-bucure-ti\"><div class=\"wp-block-embed__wrapper\">\n<blockquote class=\"wp-embedded-content\" data-secret=\"0GIy2K8tok\"><a href=\"https:\/\/buletin.de\/bucuresti\/tpbi-i-statie-noua-pe-linia-autobuzului-203-in-cartierul-greenfield-masura-a-fost-luata-la-cererea-calatorilor\/\">TPBI I Sta\u021bie nou\u0103 pe linia autobuzului 203, \u00een cartierul Greenfield. M\u0103sura a fost luat\u0103 la cererea c\u0103l\u0103torilor<\/a><\/blockquote><iframe class=\"wp-embedded-content\" sandbox=\"allow-scripts\" security=\"restricted\" style=\"position: absolute; clip: rect(1px, 1px, 1px, 1px);\" title=\"&#8220;TPBI I Sta\u021bie nou\u0103 pe linia autobuzului 203, \u00een cartierul Greenfield. M\u0103sura a fost luat\u0103 la cererea c\u0103l\u0103torilor&#8221; &#8212; Buletin de Bucure\u0219ti\" src=\"https:\/\/buletin.de\/bucuresti\/tpbi-i-statie-noua-pe-linia-autobuzului-203-in-cartierul-greenfield-masura-a-fost-luata-la-cererea-calatorilor\/embed\/#?secret=86baKqX9xL#?secret=0GIy2K8tok\" data-secret=\"0GIy2K8tok\" width=\"600\" height=\"338\" frameborder=\"0\" marginwidth=\"0\" marginheight=\"0\" scrolling=\"no\"><\/iframe>\n<\/div><\/figure>\n\n\n\n<p> <\/p>\n","protected":false},"excerpt":{"rendered":"<p>Asocia\u021bia de Dezvoltare Intercomunitar\u0103 pentru Transport Public Bucure\u0219ti-Ilfov (TPBI) anun\u021b\u0103 ca \u00eenfiin\u021beaz\u0103 sta\u021bii noi pentru linia de autobuz 203, dar \u015fi pentru liniile 70 \u015fi 79. M\u0103sura a fost luat\u0103 la cererea c\u0103l\u0103torilor \u0219i a primit avizul din partea Comisiei Tehnice de Circula\u021bie a Municipiului Bucure\u0219ti. De vineri, 23 februarie, vor fi opera\u021bionale sta\u021bii noi [&hellip;]<\/p>\n","protected":false},"author":49,"featured_media":78038,"comment_status":"closed","ping_status":"open","sticky":false,"template":"","format":"standard","meta":{"_acf_changed":false,"inline_featured_image":false,"ngg_post_thumbnail":0,"footnotes":""},"categories":[6994,62,650],"tags":[9997,9996,9998,2842],"ppma_author":[22574],"class_list":["post-78035","post","type-post","status-publish","format-standard","has-post-thumbnail","hentry","category-stiri-2","category-stiri","category-transport","tag-baba-novac","tag-linia-203","tag-pasaj-otopeni","tag-tpbi"],"acf":[],"yoast_head":"<!-- This site is optimized with the Yoast SEO Premium plugin v25.3 (Yoast SEO v27.4) - https:\/\/yoast.com\/product\/yoast-seo-premium-wordpress\/ -->\n<title>TPBI | Sta\u021bie nou\u0103 pentru autobuzele liniei 203 - Buletin de Bucure\u0219ti<\/title>\n<meta name=\"robots\" content=\"index, follow, max-snippet:-1, max-image-preview:large, max-video-preview:-1\" \/>\n<link rel=\"canonical\" href=\"https:\/\/buletin.de\/bucuresti\/tpbi-statie-noua-pentru-autobuzele-liniei-203\/\" \/>\n<meta property=\"og:locale\" content=\"en_GB\" \/>\n<meta property=\"og:type\" content=\"article\" \/>\n<meta property=\"og:title\" content=\"TPBI | Sta\u021bie nou\u0103 pentru autobuzele liniei 203\" \/>\n<meta property=\"og:description\" content=\"Asocia\u021bia de Dezvoltare Intercomunitar\u0103 pentru Transport Public Bucure\u0219ti-Ilfov (TPBI) anun\u021b\u0103 ca \u00eenfiin\u021beaz\u0103 sta\u021bii noi pentru linia de autobuz 203, dar \u015fi pentru liniile 70 \u015fi 79. M\u0103sura a fost luat\u0103 la cererea c\u0103l\u0103torilor \u0219i a primit avizul din partea Comisiei Tehnice de Circula\u021bie a Municipiului Bucure\u0219ti. De vineri, 23 februarie, vor fi opera\u021bionale sta\u021bii noi [&hellip;]\" \/>\n<meta property=\"og:url\" content=\"https:\/\/buletin.de\/bucuresti\/tpbi-statie-noua-pentru-autobuzele-liniei-203\/\" \/>\n<meta property=\"og:site_name\" content=\"Buletin de Bucure\u0219ti\" \/>\n<meta property=\"article:publisher\" content=\"https:\/\/www.facebook.com\/buletin.de.buc\" \/>\n<meta property=\"article:published_time\" content=\"2024-02-22T11:45:44+00:00\" \/>\n<meta property=\"og:image\" content=\"https:\/\/buletin.de\/bucuresti\/wp-content\/uploads\/Screenshot-2024-02-22-at-13.41.11.png\" \/>\n\t<meta property=\"og:image:width\" content=\"1037\" \/>\n\t<meta property=\"og:image:height\" content=\"628\" \/>\n\t<meta property=\"og:image:type\" content=\"image\/png\" \/>\n<meta name=\"author\" content=\"Diana Matei\" \/>\n<meta name=\"twitter:card\" content=\"summary_large_image\" \/>\n<meta name=\"twitter:label1\" content=\"Written by\" \/>\n\t<meta name=\"twitter:data1\" content=\"Diana Matei\" \/>\n\t<meta name=\"twitter:label2\" content=\"Estimated reading time\" \/>\n\t<meta name=\"twitter:data2\" content=\"1 minute\" \/>\n<script type=\"application\/ld+json\" class=\"yoast-schema-graph\">{\"@context\":\"https:\\\/\\\/schema.org\",\"@graph\":[{\"@type\":\"Article\",\"@id\":\"https:\\\/\\\/buletin.de\\\/bucuresti\\\/tpbi-statie-noua-pentru-autobuzele-liniei-203\\\/#article\",\"isPartOf\":{\"@id\":\"https:\\\/\\\/buletin.de\\\/bucuresti\\\/tpbi-statie-noua-pentru-autobuzele-liniei-203\\\/\"},\"author\":{\"name\":\"Diana Matei\",\"@id\":\"https:\\\/\\\/buletin.de\\\/bucuresti\\\/#\\\/schema\\\/person\\\/7e46040573290777280a0835d81ea4ea\"},\"headline\":\"TPBI | Sta\u021bie nou\u0103 pentru autobuzele liniei 203\",\"datePublished\":\"2024-02-22T11:45:44+00:00\",\"mainEntityOfPage\":{\"@id\":\"https:\\\/\\\/buletin.de\\\/bucuresti\\\/tpbi-statie-noua-pentru-autobuzele-liniei-203\\\/\"},\"wordCount\":190,\"publisher\":{\"@id\":\"https:\\\/\\\/buletin.de\\\/bucuresti\\\/#organization\"},\"image\":{\"@id\":\"https:\\\/\\\/buletin.de\\\/bucuresti\\\/tpbi-statie-noua-pentru-autobuzele-liniei-203\\\/#primaryimage\"},\"thumbnailUrl\":\"https:\\\/\\\/buletin.de\\\/bucuresti\\\/wp-content\\\/uploads\\\/Screenshot-2024-02-22-at-13.41.11.png\",\"keywords\":[\"Baba Novac\",\"linia 203\",\"Pasaj Otopeni\",\"tpbi\"],\"articleSection\":[\"Articole\",\"\u0218tiri\",\"Transport\"],\"inLanguage\":\"en-GB\",\"copyrightYear\":\"2024\",\"copyrightHolder\":{\"@id\":\"https:\\\/\\\/buletin.de\\\/bucuresti\\\/#organization\"}},{\"@type\":\"WebPage\",\"@id\":\"https:\\\/\\\/buletin.de\\\/bucuresti\\\/tpbi-statie-noua-pentru-autobuzele-liniei-203\\\/\",\"url\":\"https:\\\/\\\/buletin.de\\\/bucuresti\\\/tpbi-statie-noua-pentru-autobuzele-liniei-203\\\/\",\"name\":\"TPBI | Sta\u021bie nou\u0103 pentru autobuzele liniei 203 - Buletin de Bucure\u0219ti\",\"isPartOf\":{\"@id\":\"https:\\\/\\\/buletin.de\\\/bucuresti\\\/#website\"},\"primaryImageOfPage\":{\"@id\":\"https:\\\/\\\/buletin.de\\\/bucuresti\\\/tpbi-statie-noua-pentru-autobuzele-liniei-203\\\/#primaryimage\"},\"image\":{\"@id\":\"https:\\\/\\\/buletin.de\\\/bucuresti\\\/tpbi-statie-noua-pentru-autobuzele-liniei-203\\\/#primaryimage\"},\"thumbnailUrl\":\"https:\\\/\\\/buletin.de\\\/bucuresti\\\/wp-content\\\/uploads\\\/Screenshot-2024-02-22-at-13.41.11.png\",\"datePublished\":\"2024-02-22T11:45:44+00:00\",\"breadcrumb\":{\"@id\":\"https:\\\/\\\/buletin.de\\\/bucuresti\\\/tpbi-statie-noua-pentru-autobuzele-liniei-203\\\/#breadcrumb\"},\"inLanguage\":\"en-GB\",\"potentialAction\":[{\"@type\":\"ReadAction\",\"target\":[\"https:\\\/\\\/buletin.de\\\/bucuresti\\\/tpbi-statie-noua-pentru-autobuzele-liniei-203\\\/\"]}]},{\"@type\":\"ImageObject\",\"inLanguage\":\"en-GB\",\"@id\":\"https:\\\/\\\/buletin.de\\\/bucuresti\\\/tpbi-statie-noua-pentru-autobuzele-liniei-203\\\/#primaryimage\",\"url\":\"https:\\\/\\\/buletin.de\\\/bucuresti\\\/wp-content\\\/uploads\\\/Screenshot-2024-02-22-at-13.41.11.png\",\"contentUrl\":\"https:\\\/\\\/buletin.de\\\/bucuresti\\\/wp-content\\\/uploads\\\/Screenshot-2024-02-22-at-13.41.11.png\",\"width\":1037,\"height\":628,\"caption\":\"O treime din parcul auto STB, f\u0103r\u0103 aer condi\u0163ionat. FOTO: TPBI\"},{\"@type\":\"BreadcrumbList\",\"@id\":\"https:\\\/\\\/buletin.de\\\/bucuresti\\\/tpbi-statie-noua-pentru-autobuzele-liniei-203\\\/#breadcrumb\",\"itemListElement\":[{\"@type\":\"ListItem\",\"position\":1,\"name\":\"Acas\u0103\",\"item\":\"https:\\\/\\\/buletin.de\\\/bucuresti\\\/\"},{\"@type\":\"ListItem\",\"position\":2,\"name\":\"TPBI | Sta\u021bie nou\u0103 pentru autobuzele liniei 203\"}]},{\"@type\":\"WebSite\",\"@id\":\"https:\\\/\\\/buletin.de\\\/bucuresti\\\/#website\",\"url\":\"https:\\\/\\\/buletin.de\\\/bucuresti\\\/\",\"name\":\"Buletin de Bucure\u0219ti\",\"description\":\"\u0218tiri \u0219i investiga\u021bii esen\u021biale din capital\u0103\",\"publisher\":{\"@id\":\"https:\\\/\\\/buletin.de\\\/bucuresti\\\/#organization\"},\"potentialAction\":[{\"@type\":\"SearchAction\",\"target\":{\"@type\":\"EntryPoint\",\"urlTemplate\":\"https:\\\/\\\/buletin.de\\\/bucuresti\\\/?s={search_term_string}\"},\"query-input\":{\"@type\":\"PropertyValueSpecification\",\"valueRequired\":true,\"valueName\":\"search_term_string\"}}],\"inLanguage\":\"en-GB\"},{\"@type\":\"Organization\",\"@id\":\"https:\\\/\\\/buletin.de\\\/bucuresti\\\/#organization\",\"name\":\"Buletin de Bucure\u0219ti\",\"url\":\"https:\\\/\\\/buletin.de\\\/bucuresti\\\/\",\"logo\":{\"@type\":\"ImageObject\",\"inLanguage\":\"en-GB\",\"@id\":\"https:\\\/\\\/buletin.de\\\/bucuresti\\\/#\\\/schema\\\/logo\\\/image\\\/\",\"url\":\"https:\\\/\\\/buletin.de\\\/bucuresti\\\/wp-content\\\/uploads\\\/logo-bdb-full-wide-vernil-transparent.png\",\"contentUrl\":\"https:\\\/\\\/buletin.de\\\/bucuresti\\\/wp-content\\\/uploads\\\/logo-bdb-full-wide-vernil-transparent.png\",\"width\":1782,\"height\":626,\"caption\":\"Buletin de Bucure\u0219ti\"},\"image\":{\"@id\":\"https:\\\/\\\/buletin.de\\\/bucuresti\\\/#\\\/schema\\\/logo\\\/image\\\/\"},\"sameAs\":[\"https:\\\/\\\/www.facebook.com\\\/buletin.de.buc\",\"https:\\\/\\\/www.instagram.com\\\/buletinde.bucuresti\\\/\"]},{\"@type\":\"Person\",\"@id\":\"https:\\\/\\\/buletin.de\\\/bucuresti\\\/#\\\/schema\\\/person\\\/7e46040573290777280a0835d81ea4ea\",\"name\":\"Diana Matei\",\"image\":{\"@type\":\"ImageObject\",\"inLanguage\":\"en-GB\",\"@id\":\"https:\\\/\\\/buletin.de\\\/bucuresti\\\/wp-content\\\/uploads\\\/9-2-96x96.jpg1e8590b30871d70e62ebcdaf2eff570c\",\"url\":\"https:\\\/\\\/buletin.de\\\/bucuresti\\\/wp-content\\\/uploads\\\/9-2-96x96.jpg\",\"contentUrl\":\"https:\\\/\\\/buletin.de\\\/bucuresti\\\/wp-content\\\/uploads\\\/9-2-96x96.jpg\",\"caption\":\"Diana Matei\"},\"url\":\"https:\\\/\\\/buletin.de\\\/bucuresti\\\/author\\\/dianamatei\\\/\"}]}<\/script>\n<!-- \/ Yoast SEO Premium plugin. -->","yoast_head_json":{"title":"TPBI | Sta\u021bie nou\u0103 pentru autobuzele liniei 203 - Buletin de Bucure\u0219ti","robots":{"index":"index","follow":"follow","max-snippet":"max-snippet:-1","max-image-preview":"max-image-preview:large","max-video-preview":"max-video-preview:-1"},"canonical":"https:\/\/buletin.de\/bucuresti\/tpbi-statie-noua-pentru-autobuzele-liniei-203\/","og_locale":"en_GB","og_type":"article","og_title":"TPBI | Sta\u021bie nou\u0103 pentru autobuzele liniei 203","og_description":"Asocia\u021bia de Dezvoltare Intercomunitar\u0103 pentru Transport Public Bucure\u0219ti-Ilfov (TPBI) anun\u021b\u0103 ca \u00eenfiin\u021beaz\u0103 sta\u021bii noi pentru linia de autobuz 203, dar \u015fi pentru liniile 70 \u015fi 79. M\u0103sura a fost luat\u0103 la cererea c\u0103l\u0103torilor \u0219i a primit avizul din partea Comisiei Tehnice de Circula\u021bie a Municipiului Bucure\u0219ti. De vineri, 23 februarie, vor fi opera\u021bionale sta\u021bii noi [&hellip;]","og_url":"https:\/\/buletin.de\/bucuresti\/tpbi-statie-noua-pentru-autobuzele-liniei-203\/","og_site_name":"Buletin de Bucure\u0219ti","article_publisher":"https:\/\/www.facebook.com\/buletin.de.buc","article_published_time":"2024-02-22T11:45:44+00:00","og_image":[{"width":1037,"height":628,"url":"https:\/\/buletin.de\/bucuresti\/wp-content\/uploads\/Screenshot-2024-02-22-at-13.41.11.png","type":"image\/png"}],"author":"Diana Matei","twitter_card":"summary_large_image","twitter_misc":{"Written by":"Diana Matei","Estimated reading time":"1 minute"},"schema":{"@context":"https:\/\/schema.org","@graph":[{"@type":"Article","@id":"https:\/\/buletin.de\/bucuresti\/tpbi-statie-noua-pentru-autobuzele-liniei-203\/#article","isPartOf":{"@id":"https:\/\/buletin.de\/bucuresti\/tpbi-statie-noua-pentru-autobuzele-liniei-203\/"},"author":{"name":"Diana Matei","@id":"https:\/\/buletin.de\/bucuresti\/#\/schema\/person\/7e46040573290777280a0835d81ea4ea"},"headline":"TPBI | Sta\u021bie nou\u0103 pentru autobuzele liniei 203","datePublished":"2024-02-22T11:45:44+00:00","mainEntityOfPage":{"@id":"https:\/\/buletin.de\/bucuresti\/tpbi-statie-noua-pentru-autobuzele-liniei-203\/"},"wordCount":190,"publisher":{"@id":"https:\/\/buletin.de\/bucuresti\/#organization"},"image":{"@id":"https:\/\/buletin.de\/bucuresti\/tpbi-statie-noua-pentru-autobuzele-liniei-203\/#primaryimage"},"thumbnailUrl":"https:\/\/buletin.de\/bucuresti\/wp-content\/uploads\/Screenshot-2024-02-22-at-13.41.11.png","keywords":["Baba Novac","linia 203","Pasaj Otopeni","tpbi"],"articleSection":["Articole","\u0218tiri","Transport"],"inLanguage":"en-GB","copyrightYear":"2024","copyrightHolder":{"@id":"https:\/\/buletin.de\/bucuresti\/#organization"}},{"@type":"WebPage","@id":"https:\/\/buletin.de\/bucuresti\/tpbi-statie-noua-pentru-autobuzele-liniei-203\/","url":"https:\/\/buletin.de\/bucuresti\/tpbi-statie-noua-pentru-autobuzele-liniei-203\/","name":"TPBI | Sta\u021bie nou\u0103 pentru autobuzele liniei 203 - Buletin de Bucure\u0219ti","isPartOf":{"@id":"https:\/\/buletin.de\/bucuresti\/#website"},"primaryImageOfPage":{"@id":"https:\/\/buletin.de\/bucuresti\/tpbi-statie-noua-pentru-autobuzele-liniei-203\/#primaryimage"},"image":{"@id":"https:\/\/buletin.de\/bucuresti\/tpbi-statie-noua-pentru-autobuzele-liniei-203\/#primaryimage"},"thumbnailUrl":"https:\/\/buletin.de\/bucuresti\/wp-content\/uploads\/Screenshot-2024-02-22-at-13.41.11.png","datePublished":"2024-02-22T11:45:44+00:00","breadcrumb":{"@id":"https:\/\/buletin.de\/bucuresti\/tpbi-statie-noua-pentru-autobuzele-liniei-203\/#breadcrumb"},"inLanguage":"en-GB","potentialAction":[{"@type":"ReadAction","target":["https:\/\/buletin.de\/bucuresti\/tpbi-statie-noua-pentru-autobuzele-liniei-203\/"]}]},{"@type":"ImageObject","inLanguage":"en-GB","@id":"https:\/\/buletin.de\/bucuresti\/tpbi-statie-noua-pentru-autobuzele-liniei-203\/#primaryimage","url":"https:\/\/buletin.de\/bucuresti\/wp-content\/uploads\/Screenshot-2024-02-22-at-13.41.11.png","contentUrl":"https:\/\/buletin.de\/bucuresti\/wp-content\/uploads\/Screenshot-2024-02-22-at-13.41.11.png","width":1037,"height":628,"caption":"O treime din parcul auto STB, f\u0103r\u0103 aer condi\u0163ionat. FOTO: TPBI"},{"@type":"BreadcrumbList","@id":"https:\/\/buletin.de\/bucuresti\/tpbi-statie-noua-pentru-autobuzele-liniei-203\/#breadcrumb","itemListElement":[{"@type":"ListItem","position":1,"name":"Acas\u0103","item":"https:\/\/buletin.de\/bucuresti\/"},{"@type":"ListItem","position":2,"name":"TPBI | Sta\u021bie nou\u0103 pentru autobuzele liniei 203"}]},{"@type":"WebSite","@id":"https:\/\/buletin.de\/bucuresti\/#website","url":"https:\/\/buletin.de\/bucuresti\/","name":"Buletin de Bucure\u0219ti","description":"\u0218tiri \u0219i investiga\u021bii esen\u021biale din capital\u0103","publisher":{"@id":"https:\/\/buletin.de\/bucuresti\/#organization"},"potentialAction":[{"@type":"SearchAction","target":{"@type":"EntryPoint","urlTemplate":"https:\/\/buletin.de\/bucuresti\/?s={search_term_string}"},"query-input":{"@type":"PropertyValueSpecification","valueRequired":true,"valueName":"search_term_string"}}],"inLanguage":"en-GB"},{"@type":"Organization","@id":"https:\/\/buletin.de\/bucuresti\/#organization","name":"Buletin de Bucure\u0219ti","url":"https:\/\/buletin.de\/bucuresti\/","logo":{"@type":"ImageObject","inLanguage":"en-GB","@id":"https:\/\/buletin.de\/bucuresti\/#\/schema\/logo\/image\/","url":"https:\/\/buletin.de\/bucuresti\/wp-content\/uploads\/logo-bdb-full-wide-vernil-transparent.png","contentUrl":"https:\/\/buletin.de\/bucuresti\/wp-content\/uploads\/logo-bdb-full-wide-vernil-transparent.png","width":1782,"height":626,"caption":"Buletin de Bucure\u0219ti"},"image":{"@id":"https:\/\/buletin.de\/bucuresti\/#\/schema\/logo\/image\/"},"sameAs":["https:\/\/www.facebook.com\/buletin.de.buc","https:\/\/www.instagram.com\/buletinde.bucuresti\/"]},{"@type":"Person","@id":"https:\/\/buletin.de\/bucuresti\/#\/schema\/person\/7e46040573290777280a0835d81ea4ea","name":"Diana Matei","image":{"@type":"ImageObject","inLanguage":"en-GB","@id":"https:\/\/buletin.de\/bucuresti\/wp-content\/uploads\/9-2-96x96.jpg1e8590b30871d70e62ebcdaf2eff570c","url":"https:\/\/buletin.de\/bucuresti\/wp-content\/uploads\/9-2-96x96.jpg","contentUrl":"https:\/\/buletin.de\/bucuresti\/wp-content\/uploads\/9-2-96x96.jpg","caption":"Diana Matei"},"url":"https:\/\/buletin.de\/bucuresti\/author\/dianamatei\/"}]}},"authors":[{"term_id":22574,"user_id":49,"is_guest":0,"slug":"dianamatei","display_name":"Diana Matei","avatar_url":"https:\/\/buletin.de\/bucuresti\/wp-content\/uploads\/9-2-96x96.jpg","0":null,"1":"","2":"","3":"","4":"","5":"","6":"","7":"","8":""}],"_links":{"self":[{"href":"https:\/\/buletin.de\/bucuresti\/wp-json\/wp\/v2\/posts\/78035","targetHints":{"allow":["GET"]}}],"collection":[{"href":"https:\/\/buletin.de\/bucuresti\/wp-json\/wp\/v2\/posts"}],"about":[{"href":"https:\/\/buletin.de\/bucuresti\/wp-json\/wp\/v2\/types\/post"}],"author":[{"embeddable":true,"href":"https:\/\/buletin.de\/bucuresti\/wp-json\/wp\/v2\/users\/49"}],"replies":[{"embeddable":true,"href":"https:\/\/buletin.de\/bucuresti\/wp-json\/wp\/v2\/comments?post=78035"}],"version-history":[{"count":2,"href":"https:\/\/buletin.de\/bucuresti\/wp-json\/wp\/v2\/posts\/78035\/revisions"}],"predecessor-version":[{"id":78040,"href":"https:\/\/buletin.de\/bucuresti\/wp-json\/wp\/v2\/posts\/78035\/revisions\/78040"}],"wp:featuredmedia":[{"embeddable":true,"href":"https:\/\/buletin.de\/bucuresti\/wp-json\/wp\/v2\/media\/78038"}],"wp:attachment":[{"href":"https:\/\/buletin.de\/bucuresti\/wp-json\/wp\/v2\/media?parent=78035"}],"wp:term":[{"taxonomy":"category","embeddable":true,"href":"https:\/\/buletin.de\/bucuresti\/wp-json\/wp\/v2\/categories?post=78035"},{"taxonomy":"post_tag","embeddable":true,"href":"https:\/\/buletin.de\/bucuresti\/wp-json\/wp\/v2\/tags?post=78035"},{"taxonomy":"author","embeddable":true,"href":"https:\/\/buletin.de\/bucuresti\/wp-json\/wp\/v2\/ppma_author?post=78035"}],"curies":[{"name":"wp","href":"https:\/\/api.w.org\/{rel}","templated":true}]}}