{"id":78015,"date":"2024-02-22T12:19:35","date_gmt":"2024-02-22T10:19:35","guid":{"rendered":"https:\/\/buletin.de\/bucuresti\/?p=78015"},"modified":"2024-03-18T12:13:21","modified_gmt":"2024-03-18T10:13:21","slug":"managerul-spitalului-universitar-catalin-carstoiu-vehiculat-ca-posibil-candidat-al-psd-pnl-pentru-fotoliul-de-primar-general","status":"publish","type":"post","link":"https:\/\/buletin.de\/bucuresti\/managerul-spitalului-universitar-catalin-carstoiu-vehiculat-ca-posibil-candidat-al-psd-pnl-pentru-fotoliul-de-primar-general\/","title":{"rendered":"Managerul Spitalului Universitar, C\u0103t\u0103lin C\u00eerstoiu, vehiculat ca posibil candidat al PSD-PNL, pentru fotoliul de primar general"},"content":{"rendered":"\n<p><strong>Actualul manager al Spitalului Universitar din Bucure\u015fti, medicul de 50 de ani C\u0103t\u0103lin C\u00eerstoiu, este luat \u00een calcul de social-democra\u0163i ca variant\u0103 de candidat independent pentru Prim\u0103ria Capitalei. Totu\u015fi, acest candidat ar trebui s\u0103 fie sus\u0163inut \u015fi de liberali, vor cei de la PSD, noteaz\u0103 <a href=\"https:\/\/www.g4media.ro\/exclusiv-psd-vrea-sa-testeze-un-independent-la-primaria-capitalei-una-dintre-propuneri-medicul-ortoped-catalin-cirstoiu-managerul-spitalului-universitar-este-finul-lui-traian-basescu.html\">G4Media<\/a>, care citeaz\u0103 surse de la v\u00e2rful partidului.<\/strong><\/p>\n\n\n\n<p>Jurnali\u015ftii de la G4Media scriu c\u0103 \u015fi so\u0163ia lui C\u00eerstoiu este medic la Spitalul Universitar. Potrivit DC News, cuplul a fost n\u0103\u015fit de Traian B\u0103sescu. De altfel, fostul pre\u015fedinte \u015fi-a decorat finul \u00een 2010 cu Ordinul Meritul Sanitar \u00een grad de Cavaler. B\u0103sescu a fost primar general al Capitalei \u00eentre 2000 \u0219i 2004.<\/p>\n\n\n\n<p>De notat este c\u0103 \u015fi Sorin Oprescu, primar al Capitalei cu dou\u0103 mandate, a fost manager al Spitalului Universitar de Urgen\u0163\u0103.<\/p>\n\n\n\n<p>Vezi aici CV-ul integral al&nbsp;<a href=\"https:\/\/umfcd.ro\/wp-content\/uploads\/2019\/11\/Europass-CVC%C3%AErstoiu.pdf\">medicului C\u0103t\u0103lin C\u00eerstoiu<\/a>.<\/p>\n\n\n\n<h2 class=\"wp-block-heading\">Goana dup\u0103 candidat<\/h2>\n\n\n\n<p>Nu este primul candidat independent testat de PSD. G4Media aminte\u015fte c\u0103, printre numele testate, a fost \u0219i cel al omului de afaceri&nbsp;<strong>Dan \u0218ucu<\/strong>, proprietarul Mobexpert \u0219i ac\u021bionar majoritar la Clubul Rapid. Aceast\u0103 variant\u0103 ar fi picat deoarece a avut o performan\u021b\u0103 slab\u0103 \u00een sondaje.<\/p>\n\n\n\n<p>Candidatura la Prim\u0103ria Capitalei a noii alian\u0163e PSD-PNL este departe de a fi b\u0103tut\u0103 \u00een cuie. La conferin\u0163a la care a fost anun\u0163at\u0103 comasarea alegerilor, cei doi lideri de partid au fost \u00eentreba\u0163i pe cine vor sus\u0163ine drept contracandidat al lui Nicu\u015for Dan &#8211; Sebastian Burduja sau Gabriela Firea? Marcel Ciolacu a spus c\u0103 ambii au \u015fanse egale, iar, potrivit Digi24, Gabriela Firea ar fi murmurat \u201eCe ur\u00e2t!\u201d ca reac\u0163ie la declara\u0163ia \u015fefului s\u0103u pe linie de partid.<\/p>\n\n\n\n<p><\/p>\n\n\n\n<p><strong>CITE\u015eTE \u015eI:<\/strong><\/p>\n\n\n\n<figure class=\"wp-block-embed is-type-wp-embed is-provider-buletin-de-bucure-ti wp-block-embed-buletin-de-bucure-ti\"><div class=\"wp-block-embed__wrapper\">\n<blockquote class=\"wp-embedded-content\" data-secret=\"dp3JN10St4\"><a href=\"https:\/\/buletin.de\/bucuresti\/gabriela-firea-ramane-candidatul-deocamdata-ciolacu-anunta-ca-are-sanse-egale-cu-sebastian-burduja-sa-fie-desemnata-in-cursa-pentru-pmb\/\">Gabriela Firea r\u0103m\u00e2ne \u201ecandidatul deocamdat\u0103\u201c. Ciolacu anun\u021b\u0103 c\u0103 are \u0219anse egale cu Sebastian Burduja s\u0103 fie desemnat\u0103 \u00een cursa pentru PMB<\/a><\/blockquote><iframe class=\"wp-embedded-content\" sandbox=\"allow-scripts\" security=\"restricted\" style=\"position: absolute; clip: rect(1px, 1px, 1px, 1px);\" title=\"&#8220;Gabriela Firea r\u0103m\u00e2ne \u201ecandidatul deocamdat\u0103\u201c. Ciolacu anun\u021b\u0103 c\u0103 are \u0219anse egale cu Sebastian Burduja s\u0103 fie desemnat\u0103 \u00een cursa pentru PMB&#8221; &#8212; Buletin de Bucure\u0219ti\" src=\"https:\/\/buletin.de\/bucuresti\/gabriela-firea-ramane-candidatul-deocamdata-ciolacu-anunta-ca-are-sanse-egale-cu-sebastian-burduja-sa-fie-desemnata-in-cursa-pentru-pmb\/embed\/#?secret=rKnubKwdNl#?secret=dp3JN10St4\" data-secret=\"dp3JN10St4\" width=\"600\" height=\"338\" frameborder=\"0\" marginwidth=\"0\" marginheight=\"0\" scrolling=\"no\"><\/iframe>\n<\/div><\/figure>\n","protected":false},"excerpt":{"rendered":"<p>Actualul manager al Spitalului Universitar din Bucure\u015fti, medicul de 50 de ani C\u0103t\u0103lin C\u00eerstoiu, este luat \u00een calcul de social-democra\u0163i ca variant\u0103 de candidat independent pentru Prim\u0103ria Capitalei. Totu\u015fi, acest candidat ar trebui s\u0103 fie sus\u0163inut \u015fi de liberali, vor cei de la PSD, noteaz\u0103 G4Media, care citeaz\u0103 surse de la v\u00e2rful partidului. Jurnali\u015ftii de [&hellip;]<\/p>\n","protected":false},"author":8,"featured_media":78017,"comment_status":"closed","ping_status":"open","sticky":false,"template":"","format":"standard","meta":{"_acf_changed":false,"inline_featured_image":false,"ngg_post_thumbnail":0,"footnotes":""},"categories":[6994,5762,9025],"tags":[9993,9992,9994],"ppma_author":[22586],"class_list":["post-78015","post","type-post","status-publish","format-standard","has-post-thumbnail","hentry","category-stiri-2","category-main","category-politic","tag-candidat-psd-pnl-la-pmb","tag-catalin-carstoiu-candidat-primaria-capitalei","tag-primaria-capitalei-cine-candideaza"],"acf":[],"yoast_head":"<!-- This site is optimized with the Yoast SEO Premium plugin v25.3 (Yoast SEO v27.4) - https:\/\/yoast.com\/product\/yoast-seo-premium-wordpress\/ -->\n<title>Managerul Spitalului Universitar, C\u0103t\u0103lin C\u00eerstoiu, vehiculat ca posibil candidat al PSD-PNL, pentru fotoliul de primar general - Buletin de Bucure\u0219ti<\/title>\n<meta name=\"robots\" content=\"index, follow, max-snippet:-1, max-image-preview:large, max-video-preview:-1\" \/>\n<link rel=\"canonical\" href=\"https:\/\/buletin.de\/bucuresti\/managerul-spitalului-universitar-catalin-carstoiu-vehiculat-ca-posibil-candidat-al-psd-pnl-pentru-fotoliul-de-primar-general\/\" \/>\n<meta property=\"og:locale\" content=\"en_GB\" \/>\n<meta property=\"og:type\" content=\"article\" \/>\n<meta property=\"og:title\" content=\"Managerul Spitalului Universitar, C\u0103t\u0103lin C\u00eerstoiu, vehiculat ca posibil candidat al PSD-PNL, pentru fotoliul de primar general\" \/>\n<meta property=\"og:description\" content=\"Actualul manager al Spitalului Universitar din Bucure\u015fti, medicul de 50 de ani C\u0103t\u0103lin C\u00eerstoiu, este luat \u00een calcul de social-democra\u0163i ca variant\u0103 de candidat independent pentru Prim\u0103ria Capitalei. Totu\u015fi, acest candidat ar trebui s\u0103 fie sus\u0163inut \u015fi de liberali, vor cei de la PSD, noteaz\u0103 G4Media, care citeaz\u0103 surse de la v\u00e2rful partidului. Jurnali\u015ftii de [&hellip;]\" \/>\n<meta property=\"og:url\" content=\"https:\/\/buletin.de\/bucuresti\/managerul-spitalului-universitar-catalin-carstoiu-vehiculat-ca-posibil-candidat-al-psd-pnl-pentru-fotoliul-de-primar-general\/\" \/>\n<meta property=\"og:site_name\" content=\"Buletin de Bucure\u0219ti\" \/>\n<meta property=\"article:publisher\" content=\"https:\/\/www.facebook.com\/buletin.de.buc\" \/>\n<meta property=\"article:published_time\" content=\"2024-02-22T10:19:35+00:00\" \/>\n<meta property=\"article:modified_time\" content=\"2024-03-18T10:13:21+00:00\" \/>\n<meta property=\"og:image\" content=\"https:\/\/buletin.de\/bucuresti\/wp-content\/uploads\/ID30363_INQUAM_Photos_Vlad_Dumitrescu.jpg\" \/>\n\t<meta property=\"og:image:width\" content=\"2000\" \/>\n\t<meta property=\"og:image:height\" content=\"1333\" \/>\n\t<meta property=\"og:image:type\" content=\"image\/jpeg\" \/>\n<meta name=\"author\" content=\"Ionu\u021b Lepa\" \/>\n<meta name=\"twitter:card\" content=\"summary_large_image\" \/>\n<meta name=\"twitter:label1\" content=\"Written by\" \/>\n\t<meta name=\"twitter:data1\" content=\"Ionu\u021b Lepa\" \/>\n\t<meta name=\"twitter:label2\" content=\"Estimated reading time\" \/>\n\t<meta name=\"twitter:data2\" content=\"2 minutes\" \/>\n<script type=\"application\/ld+json\" class=\"yoast-schema-graph\">{\"@context\":\"https:\\\/\\\/schema.org\",\"@graph\":[{\"@type\":\"Article\",\"@id\":\"https:\\\/\\\/buletin.de\\\/bucuresti\\\/managerul-spitalului-universitar-catalin-carstoiu-vehiculat-ca-posibil-candidat-al-psd-pnl-pentru-fotoliul-de-primar-general\\\/#article\",\"isPartOf\":{\"@id\":\"https:\\\/\\\/buletin.de\\\/bucuresti\\\/managerul-spitalului-universitar-catalin-carstoiu-vehiculat-ca-posibil-candidat-al-psd-pnl-pentru-fotoliul-de-primar-general\\\/\"},\"author\":{\"name\":\"Ionu\u021b Lepa\",\"@id\":\"https:\\\/\\\/buletin.de\\\/bucuresti\\\/#\\\/schema\\\/person\\\/5272b8a057b33890940b57b837fc4ce6\"},\"headline\":\"Managerul Spitalului Universitar, C\u0103t\u0103lin C\u00eerstoiu, vehiculat ca posibil candidat al PSD-PNL, pentru fotoliul de primar general\",\"datePublished\":\"2024-02-22T10:19:35+00:00\",\"dateModified\":\"2024-03-18T10:13:21+00:00\",\"mainEntityOfPage\":{\"@id\":\"https:\\\/\\\/buletin.de\\\/bucuresti\\\/managerul-spitalului-universitar-catalin-carstoiu-vehiculat-ca-posibil-candidat-al-psd-pnl-pentru-fotoliul-de-primar-general\\\/\"},\"wordCount\":322,\"publisher\":{\"@id\":\"https:\\\/\\\/buletin.de\\\/bucuresti\\\/#organization\"},\"image\":{\"@id\":\"https:\\\/\\\/buletin.de\\\/bucuresti\\\/managerul-spitalului-universitar-catalin-carstoiu-vehiculat-ca-posibil-candidat-al-psd-pnl-pentru-fotoliul-de-primar-general\\\/#primaryimage\"},\"thumbnailUrl\":\"https:\\\/\\\/buletin.de\\\/bucuresti\\\/wp-content\\\/uploads\\\/ID30363_INQUAM_Photos_Vlad_Dumitrescu.jpg\",\"keywords\":[\"candidat psd-pnl la pmb\",\"catalin carstoiu candidat primaria capitalei\",\"primaria capitalei cine candideaza\"],\"articleSection\":[\"Articole\",\"Main\",\"Politic\"],\"inLanguage\":\"en-GB\",\"copyrightYear\":\"2024\",\"copyrightHolder\":{\"@id\":\"https:\\\/\\\/buletin.de\\\/bucuresti\\\/#organization\"}},{\"@type\":\"WebPage\",\"@id\":\"https:\\\/\\\/buletin.de\\\/bucuresti\\\/managerul-spitalului-universitar-catalin-carstoiu-vehiculat-ca-posibil-candidat-al-psd-pnl-pentru-fotoliul-de-primar-general\\\/\",\"url\":\"https:\\\/\\\/buletin.de\\\/bucuresti\\\/managerul-spitalului-universitar-catalin-carstoiu-vehiculat-ca-posibil-candidat-al-psd-pnl-pentru-fotoliul-de-primar-general\\\/\",\"name\":\"Managerul Spitalului Universitar, C\u0103t\u0103lin C\u00eerstoiu, vehiculat ca posibil candidat al PSD-PNL, pentru fotoliul de primar general - Buletin de Bucure\u0219ti\",\"isPartOf\":{\"@id\":\"https:\\\/\\\/buletin.de\\\/bucuresti\\\/#website\"},\"primaryImageOfPage\":{\"@id\":\"https:\\\/\\\/buletin.de\\\/bucuresti\\\/managerul-spitalului-universitar-catalin-carstoiu-vehiculat-ca-posibil-candidat-al-psd-pnl-pentru-fotoliul-de-primar-general\\\/#primaryimage\"},\"image\":{\"@id\":\"https:\\\/\\\/buletin.de\\\/bucuresti\\\/managerul-spitalului-universitar-catalin-carstoiu-vehiculat-ca-posibil-candidat-al-psd-pnl-pentru-fotoliul-de-primar-general\\\/#primaryimage\"},\"thumbnailUrl\":\"https:\\\/\\\/buletin.de\\\/bucuresti\\\/wp-content\\\/uploads\\\/ID30363_INQUAM_Photos_Vlad_Dumitrescu.jpg\",\"datePublished\":\"2024-02-22T10:19:35+00:00\",\"dateModified\":\"2024-03-18T10:13:21+00:00\",\"breadcrumb\":{\"@id\":\"https:\\\/\\\/buletin.de\\\/bucuresti\\\/managerul-spitalului-universitar-catalin-carstoiu-vehiculat-ca-posibil-candidat-al-psd-pnl-pentru-fotoliul-de-primar-general\\\/#breadcrumb\"},\"inLanguage\":\"en-GB\",\"potentialAction\":[{\"@type\":\"ReadAction\",\"target\":[\"https:\\\/\\\/buletin.de\\\/bucuresti\\\/managerul-spitalului-universitar-catalin-carstoiu-vehiculat-ca-posibil-candidat-al-psd-pnl-pentru-fotoliul-de-primar-general\\\/\"]}]},{\"@type\":\"ImageObject\",\"inLanguage\":\"en-GB\",\"@id\":\"https:\\\/\\\/buletin.de\\\/bucuresti\\\/managerul-spitalului-universitar-catalin-carstoiu-vehiculat-ca-posibil-candidat-al-psd-pnl-pentru-fotoliul-de-primar-general\\\/#primaryimage\",\"url\":\"https:\\\/\\\/buletin.de\\\/bucuresti\\\/wp-content\\\/uploads\\\/ID30363_INQUAM_Photos_Vlad_Dumitrescu.jpg\",\"contentUrl\":\"https:\\\/\\\/buletin.de\\\/bucuresti\\\/wp-content\\\/uploads\\\/ID30363_INQUAM_Photos_Vlad_Dumitrescu.jpg\",\"width\":2000,\"height\":1333,\"caption\":\"FOTO: INQUAM \\\/ Vlad Dumitrescu\"},{\"@type\":\"BreadcrumbList\",\"@id\":\"https:\\\/\\\/buletin.de\\\/bucuresti\\\/managerul-spitalului-universitar-catalin-carstoiu-vehiculat-ca-posibil-candidat-al-psd-pnl-pentru-fotoliul-de-primar-general\\\/#breadcrumb\",\"itemListElement\":[{\"@type\":\"ListItem\",\"position\":1,\"name\":\"Acas\u0103\",\"item\":\"https:\\\/\\\/buletin.de\\\/bucuresti\\\/\"},{\"@type\":\"ListItem\",\"position\":2,\"name\":\"Managerul Spitalului Universitar, C\u0103t\u0103lin C\u00eerstoiu, vehiculat ca posibil candidat al PSD-PNL, pentru fotoliul de primar general\"}]},{\"@type\":\"WebSite\",\"@id\":\"https:\\\/\\\/buletin.de\\\/bucuresti\\\/#website\",\"url\":\"https:\\\/\\\/buletin.de\\\/bucuresti\\\/\",\"name\":\"Buletin de Bucure\u0219ti\",\"description\":\"\u0218tiri \u0219i investiga\u021bii esen\u021biale din capital\u0103\",\"publisher\":{\"@id\":\"https:\\\/\\\/buletin.de\\\/bucuresti\\\/#organization\"},\"potentialAction\":[{\"@type\":\"SearchAction\",\"target\":{\"@type\":\"EntryPoint\",\"urlTemplate\":\"https:\\\/\\\/buletin.de\\\/bucuresti\\\/?s={search_term_string}\"},\"query-input\":{\"@type\":\"PropertyValueSpecification\",\"valueRequired\":true,\"valueName\":\"search_term_string\"}}],\"inLanguage\":\"en-GB\"},{\"@type\":\"Organization\",\"@id\":\"https:\\\/\\\/buletin.de\\\/bucuresti\\\/#organization\",\"name\":\"Buletin de Bucure\u0219ti\",\"url\":\"https:\\\/\\\/buletin.de\\\/bucuresti\\\/\",\"logo\":{\"@type\":\"ImageObject\",\"inLanguage\":\"en-GB\",\"@id\":\"https:\\\/\\\/buletin.de\\\/bucuresti\\\/#\\\/schema\\\/logo\\\/image\\\/\",\"url\":\"https:\\\/\\\/buletin.de\\\/bucuresti\\\/wp-content\\\/uploads\\\/logo-bdb-full-wide-vernil-transparent.png\",\"contentUrl\":\"https:\\\/\\\/buletin.de\\\/bucuresti\\\/wp-content\\\/uploads\\\/logo-bdb-full-wide-vernil-transparent.png\",\"width\":1782,\"height\":626,\"caption\":\"Buletin de Bucure\u0219ti\"},\"image\":{\"@id\":\"https:\\\/\\\/buletin.de\\\/bucuresti\\\/#\\\/schema\\\/logo\\\/image\\\/\"},\"sameAs\":[\"https:\\\/\\\/www.facebook.com\\\/buletin.de.buc\",\"https:\\\/\\\/www.instagram.com\\\/buletinde.bucuresti\\\/\"]},{\"@type\":\"Person\",\"@id\":\"https:\\\/\\\/buletin.de\\\/bucuresti\\\/#\\\/schema\\\/person\\\/5272b8a057b33890940b57b837fc4ce6\",\"name\":\"Ionu\u021b Lepa\",\"image\":{\"@type\":\"ImageObject\",\"inLanguage\":\"en-GB\",\"@id\":\"https:\\\/\\\/buletin.de\\\/bucuresti\\\/wp-content\\\/uploads\\\/Ionut-Lepa-96x96.jpg5c4e4d9e049808799a8821652d2410a4\",\"url\":\"https:\\\/\\\/buletin.de\\\/bucuresti\\\/wp-content\\\/uploads\\\/Ionut-Lepa-96x96.jpg\",\"contentUrl\":\"https:\\\/\\\/buletin.de\\\/bucuresti\\\/wp-content\\\/uploads\\\/Ionut-Lepa-96x96.jpg\",\"caption\":\"Ionu\u021b Lepa\"},\"url\":\"https:\\\/\\\/buletin.de\\\/bucuresti\\\/author\\\/ionutlepa\\\/\"}]}<\/script>\n<!-- \/ Yoast SEO Premium plugin. -->","yoast_head_json":{"title":"Managerul Spitalului Universitar, C\u0103t\u0103lin C\u00eerstoiu, vehiculat ca posibil candidat al PSD-PNL, pentru fotoliul de primar general - Buletin de Bucure\u0219ti","robots":{"index":"index","follow":"follow","max-snippet":"max-snippet:-1","max-image-preview":"max-image-preview:large","max-video-preview":"max-video-preview:-1"},"canonical":"https:\/\/buletin.de\/bucuresti\/managerul-spitalului-universitar-catalin-carstoiu-vehiculat-ca-posibil-candidat-al-psd-pnl-pentru-fotoliul-de-primar-general\/","og_locale":"en_GB","og_type":"article","og_title":"Managerul Spitalului Universitar, C\u0103t\u0103lin C\u00eerstoiu, vehiculat ca posibil candidat al PSD-PNL, pentru fotoliul de primar general","og_description":"Actualul manager al Spitalului Universitar din Bucure\u015fti, medicul de 50 de ani C\u0103t\u0103lin C\u00eerstoiu, este luat \u00een calcul de social-democra\u0163i ca variant\u0103 de candidat independent pentru Prim\u0103ria Capitalei. Totu\u015fi, acest candidat ar trebui s\u0103 fie sus\u0163inut \u015fi de liberali, vor cei de la PSD, noteaz\u0103 G4Media, care citeaz\u0103 surse de la v\u00e2rful partidului. Jurnali\u015ftii de [&hellip;]","og_url":"https:\/\/buletin.de\/bucuresti\/managerul-spitalului-universitar-catalin-carstoiu-vehiculat-ca-posibil-candidat-al-psd-pnl-pentru-fotoliul-de-primar-general\/","og_site_name":"Buletin de Bucure\u0219ti","article_publisher":"https:\/\/www.facebook.com\/buletin.de.buc","article_published_time":"2024-02-22T10:19:35+00:00","article_modified_time":"2024-03-18T10:13:21+00:00","og_image":[{"width":2000,"height":1333,"url":"https:\/\/buletin.de\/bucuresti\/wp-content\/uploads\/ID30363_INQUAM_Photos_Vlad_Dumitrescu.jpg","type":"image\/jpeg"}],"author":"Ionu\u021b Lepa","twitter_card":"summary_large_image","twitter_misc":{"Written by":"Ionu\u021b Lepa","Estimated reading time":"2 minutes"},"schema":{"@context":"https:\/\/schema.org","@graph":[{"@type":"Article","@id":"https:\/\/buletin.de\/bucuresti\/managerul-spitalului-universitar-catalin-carstoiu-vehiculat-ca-posibil-candidat-al-psd-pnl-pentru-fotoliul-de-primar-general\/#article","isPartOf":{"@id":"https:\/\/buletin.de\/bucuresti\/managerul-spitalului-universitar-catalin-carstoiu-vehiculat-ca-posibil-candidat-al-psd-pnl-pentru-fotoliul-de-primar-general\/"},"author":{"name":"Ionu\u021b Lepa","@id":"https:\/\/buletin.de\/bucuresti\/#\/schema\/person\/5272b8a057b33890940b57b837fc4ce6"},"headline":"Managerul Spitalului Universitar, C\u0103t\u0103lin C\u00eerstoiu, vehiculat ca posibil candidat al PSD-PNL, pentru fotoliul de primar general","datePublished":"2024-02-22T10:19:35+00:00","dateModified":"2024-03-18T10:13:21+00:00","mainEntityOfPage":{"@id":"https:\/\/buletin.de\/bucuresti\/managerul-spitalului-universitar-catalin-carstoiu-vehiculat-ca-posibil-candidat-al-psd-pnl-pentru-fotoliul-de-primar-general\/"},"wordCount":322,"publisher":{"@id":"https:\/\/buletin.de\/bucuresti\/#organization"},"image":{"@id":"https:\/\/buletin.de\/bucuresti\/managerul-spitalului-universitar-catalin-carstoiu-vehiculat-ca-posibil-candidat-al-psd-pnl-pentru-fotoliul-de-primar-general\/#primaryimage"},"thumbnailUrl":"https:\/\/buletin.de\/bucuresti\/wp-content\/uploads\/ID30363_INQUAM_Photos_Vlad_Dumitrescu.jpg","keywords":["candidat psd-pnl la pmb","catalin carstoiu candidat primaria capitalei","primaria capitalei cine candideaza"],"articleSection":["Articole","Main","Politic"],"inLanguage":"en-GB","copyrightYear":"2024","copyrightHolder":{"@id":"https:\/\/buletin.de\/bucuresti\/#organization"}},{"@type":"WebPage","@id":"https:\/\/buletin.de\/bucuresti\/managerul-spitalului-universitar-catalin-carstoiu-vehiculat-ca-posibil-candidat-al-psd-pnl-pentru-fotoliul-de-primar-general\/","url":"https:\/\/buletin.de\/bucuresti\/managerul-spitalului-universitar-catalin-carstoiu-vehiculat-ca-posibil-candidat-al-psd-pnl-pentru-fotoliul-de-primar-general\/","name":"Managerul Spitalului Universitar, C\u0103t\u0103lin C\u00eerstoiu, vehiculat ca posibil candidat al PSD-PNL, pentru fotoliul de primar general - Buletin de Bucure\u0219ti","isPartOf":{"@id":"https:\/\/buletin.de\/bucuresti\/#website"},"primaryImageOfPage":{"@id":"https:\/\/buletin.de\/bucuresti\/managerul-spitalului-universitar-catalin-carstoiu-vehiculat-ca-posibil-candidat-al-psd-pnl-pentru-fotoliul-de-primar-general\/#primaryimage"},"image":{"@id":"https:\/\/buletin.de\/bucuresti\/managerul-spitalului-universitar-catalin-carstoiu-vehiculat-ca-posibil-candidat-al-psd-pnl-pentru-fotoliul-de-primar-general\/#primaryimage"},"thumbnailUrl":"https:\/\/buletin.de\/bucuresti\/wp-content\/uploads\/ID30363_INQUAM_Photos_Vlad_Dumitrescu.jpg","datePublished":"2024-02-22T10:19:35+00:00","dateModified":"2024-03-18T10:13:21+00:00","breadcrumb":{"@id":"https:\/\/buletin.de\/bucuresti\/managerul-spitalului-universitar-catalin-carstoiu-vehiculat-ca-posibil-candidat-al-psd-pnl-pentru-fotoliul-de-primar-general\/#breadcrumb"},"inLanguage":"en-GB","potentialAction":[{"@type":"ReadAction","target":["https:\/\/buletin.de\/bucuresti\/managerul-spitalului-universitar-catalin-carstoiu-vehiculat-ca-posibil-candidat-al-psd-pnl-pentru-fotoliul-de-primar-general\/"]}]},{"@type":"ImageObject","inLanguage":"en-GB","@id":"https:\/\/buletin.de\/bucuresti\/managerul-spitalului-universitar-catalin-carstoiu-vehiculat-ca-posibil-candidat-al-psd-pnl-pentru-fotoliul-de-primar-general\/#primaryimage","url":"https:\/\/buletin.de\/bucuresti\/wp-content\/uploads\/ID30363_INQUAM_Photos_Vlad_Dumitrescu.jpg","contentUrl":"https:\/\/buletin.de\/bucuresti\/wp-content\/uploads\/ID30363_INQUAM_Photos_Vlad_Dumitrescu.jpg","width":2000,"height":1333,"caption":"FOTO: INQUAM \/ Vlad Dumitrescu"},{"@type":"BreadcrumbList","@id":"https:\/\/buletin.de\/bucuresti\/managerul-spitalului-universitar-catalin-carstoiu-vehiculat-ca-posibil-candidat-al-psd-pnl-pentru-fotoliul-de-primar-general\/#breadcrumb","itemListElement":[{"@type":"ListItem","position":1,"name":"Acas\u0103","item":"https:\/\/buletin.de\/bucuresti\/"},{"@type":"ListItem","position":2,"name":"Managerul Spitalului Universitar, C\u0103t\u0103lin C\u00eerstoiu, vehiculat ca posibil candidat al PSD-PNL, pentru fotoliul de primar general"}]},{"@type":"WebSite","@id":"https:\/\/buletin.de\/bucuresti\/#website","url":"https:\/\/buletin.de\/bucuresti\/","name":"Buletin de Bucure\u0219ti","description":"\u0218tiri \u0219i investiga\u021bii esen\u021biale din capital\u0103","publisher":{"@id":"https:\/\/buletin.de\/bucuresti\/#organization"},"potentialAction":[{"@type":"SearchAction","target":{"@type":"EntryPoint","urlTemplate":"https:\/\/buletin.de\/bucuresti\/?s={search_term_string}"},"query-input":{"@type":"PropertyValueSpecification","valueRequired":true,"valueName":"search_term_string"}}],"inLanguage":"en-GB"},{"@type":"Organization","@id":"https:\/\/buletin.de\/bucuresti\/#organization","name":"Buletin de Bucure\u0219ti","url":"https:\/\/buletin.de\/bucuresti\/","logo":{"@type":"ImageObject","inLanguage":"en-GB","@id":"https:\/\/buletin.de\/bucuresti\/#\/schema\/logo\/image\/","url":"https:\/\/buletin.de\/bucuresti\/wp-content\/uploads\/logo-bdb-full-wide-vernil-transparent.png","contentUrl":"https:\/\/buletin.de\/bucuresti\/wp-content\/uploads\/logo-bdb-full-wide-vernil-transparent.png","width":1782,"height":626,"caption":"Buletin de Bucure\u0219ti"},"image":{"@id":"https:\/\/buletin.de\/bucuresti\/#\/schema\/logo\/image\/"},"sameAs":["https:\/\/www.facebook.com\/buletin.de.buc","https:\/\/www.instagram.com\/buletinde.bucuresti\/"]},{"@type":"Person","@id":"https:\/\/buletin.de\/bucuresti\/#\/schema\/person\/5272b8a057b33890940b57b837fc4ce6","name":"Ionu\u021b Lepa","image":{"@type":"ImageObject","inLanguage":"en-GB","@id":"https:\/\/buletin.de\/bucuresti\/wp-content\/uploads\/Ionut-Lepa-96x96.jpg5c4e4d9e049808799a8821652d2410a4","url":"https:\/\/buletin.de\/bucuresti\/wp-content\/uploads\/Ionut-Lepa-96x96.jpg","contentUrl":"https:\/\/buletin.de\/bucuresti\/wp-content\/uploads\/Ionut-Lepa-96x96.jpg","caption":"Ionu\u021b Lepa"},"url":"https:\/\/buletin.de\/bucuresti\/author\/ionutlepa\/"}]}},"authors":[{"term_id":22586,"user_id":8,"is_guest":0,"slug":"ionutlepa","display_name":"Ionu\u021b Lepa","avatar_url":"https:\/\/buletin.de\/bucuresti\/wp-content\/uploads\/Ionut-Lepa-96x96.jpg","0":null,"1":"","2":"","3":"","4":"","5":"","6":"","7":"","8":""}],"_links":{"self":[{"href":"https:\/\/buletin.de\/bucuresti\/wp-json\/wp\/v2\/posts\/78015","targetHints":{"allow":["GET"]}}],"collection":[{"href":"https:\/\/buletin.de\/bucuresti\/wp-json\/wp\/v2\/posts"}],"about":[{"href":"https:\/\/buletin.de\/bucuresti\/wp-json\/wp\/v2\/types\/post"}],"author":[{"embeddable":true,"href":"https:\/\/buletin.de\/bucuresti\/wp-json\/wp\/v2\/users\/8"}],"replies":[{"embeddable":true,"href":"https:\/\/buletin.de\/bucuresti\/wp-json\/wp\/v2\/comments?post=78015"}],"version-history":[{"count":2,"href":"https:\/\/buletin.de\/bucuresti\/wp-json\/wp\/v2\/posts\/78015\/revisions"}],"predecessor-version":[{"id":80283,"href":"https:\/\/buletin.de\/bucuresti\/wp-json\/wp\/v2\/posts\/78015\/revisions\/80283"}],"wp:featuredmedia":[{"embeddable":true,"href":"https:\/\/buletin.de\/bucuresti\/wp-json\/wp\/v2\/media\/78017"}],"wp:attachment":[{"href":"https:\/\/buletin.de\/bucuresti\/wp-json\/wp\/v2\/media?parent=78015"}],"wp:term":[{"taxonomy":"category","embeddable":true,"href":"https:\/\/buletin.de\/bucuresti\/wp-json\/wp\/v2\/categories?post=78015"},{"taxonomy":"post_tag","embeddable":true,"href":"https:\/\/buletin.de\/bucuresti\/wp-json\/wp\/v2\/tags?post=78015"},{"taxonomy":"author","embeddable":true,"href":"https:\/\/buletin.de\/bucuresti\/wp-json\/wp\/v2\/ppma_author?post=78015"}],"curies":[{"name":"wp","href":"https:\/\/api.w.org\/{rel}","templated":true}]}}