{"id":77982,"date":"2024-02-22T20:54:51","date_gmt":"2024-02-22T18:54:51","guid":{"rendered":"https:\/\/buletin.de\/bucuresti\/?p=77982"},"modified":"2024-02-22T20:54:51","modified_gmt":"2024-02-22T18:54:51","slug":"meteo-vremea-ramane-calda-in-bucuresti-in-weekend-ul-de-dragobete","status":"publish","type":"post","link":"https:\/\/buletin.de\/bucuresti\/meteo-vremea-ramane-calda-in-bucuresti-in-weekend-ul-de-dragobete\/","title":{"rendered":"METEO | Vremea r\u0103m\u00e2ne cald\u0103 \u00een Bucure\u015fti, \u00een weekend-ul de Dragobete"},"content":{"rendered":"\n<p><strong>Temperaturile se p\u0103streaz\u0103 ridicate \u0219i \u00een acest weekend, la Bucure\u0219ti. Meteorologii prognozeaz\u0103 maxime termice de p\u00e2n\u0103 la 19 grade.<\/strong><\/p>\n\n\n\n<p><strong>Vineri, 23 februarie, <\/strong>cerul va fi predominant noros, iar v\u00e2ntul va bate cu 9 km\/h. Temperatura minim\u0103 va fi de 5 grade, iar cea maxim\u0103 se va situa \u00een jurul valorii de 17 grade. Condi\u021biile de precipita\u021bii sunt reduse. <\/p>\n\n\n\n<p><strong>S\u00e2mb\u0103t\u0103, 24 februarie<\/strong>, temperatura maxim\u0103 mai cre\u0219te \u0219i ajunge la 19 grade. \u0218i minima termic\u0103 se ridic\u0103 la 7 grade, iar v\u00e2ntul sufl\u0103 cu 6 km\/h. <\/p>\n\n\n\n<p><strong>Duminic\u0103, 25 februarie, <\/strong>sunt condi\u021bii de precipita\u021bii slabe, dar temperatura maxim\u0103 r\u0103m\u00e2ne ridicat\u0103, p\u00e2n\u0103 la 19 grade. Cerul este noros, iar minim\u0103 termic\u0103 ajunge la 6 grade.<\/p>\n\n\n\n<p>Pentru prima parte a s\u0103pt\u0103m\u00e2nii viitoare, meteorologii anun\u021b\u0103 vreme cald\u0103, \u00een continuare, cu temperaturi maxime de p\u00e2n\u0103 la 15\u201116 grade.<\/p>\n","protected":false},"excerpt":{"rendered":"<p>Temperaturile se p\u0103streaz\u0103 ridicate \u0219i \u00een acest weekend, la Bucure\u0219ti. Meteorologii prognozeaz\u0103 maxime termice de p\u00e2n\u0103 la 19 grade. Vineri, 23 februarie, cerul va fi predominant noros, iar v\u00e2ntul va bate cu 9 km\/h. Temperatura minim\u0103 va fi de 5 grade, iar cea maxim\u0103 se va situa \u00een jurul valorii de 17 grade. Condi\u021biile de [&hellip;]<\/p>\n","protected":false},"author":49,"featured_media":77995,"comment_status":"closed","ping_status":"open","sticky":false,"template":"","format":"standard","meta":{"_acf_changed":false,"inline_featured_image":false,"ngg_post_thumbnail":0,"footnotes":""},"categories":[6994,62],"tags":[4314,5928,987],"ppma_author":[22574],"class_list":["post-77982","post","type-post","status-publish","format-standard","has-post-thumbnail","hentry","category-stiri-2","category-stiri","tag-anm","tag-anm-prognoza-meteo","tag-meteo-bucuresti"],"acf":[],"yoast_head":"<!-- This site is optimized with the Yoast SEO Premium plugin v25.3 (Yoast SEO v27.4) - https:\/\/yoast.com\/product\/yoast-seo-premium-wordpress\/ -->\n<title>METEO | Vremea r\u0103m\u00e2ne cald\u0103 \u00een Bucure\u015fti, \u00een weekend-ul de Dragobete - Buletin de Bucure\u0219ti<\/title>\n<meta name=\"robots\" content=\"index, follow, max-snippet:-1, max-image-preview:large, max-video-preview:-1\" \/>\n<link rel=\"canonical\" href=\"https:\/\/buletin.de\/bucuresti\/meteo-vremea-ramane-calda-in-bucuresti-in-weekend-ul-de-dragobete\/\" \/>\n<meta property=\"og:locale\" content=\"en_GB\" \/>\n<meta property=\"og:type\" content=\"article\" \/>\n<meta property=\"og:title\" content=\"METEO | Vremea r\u0103m\u00e2ne cald\u0103 \u00een Bucure\u015fti, \u00een weekend-ul de Dragobete\" \/>\n<meta property=\"og:description\" content=\"Temperaturile se p\u0103streaz\u0103 ridicate \u0219i \u00een acest weekend, la Bucure\u0219ti. Meteorologii prognozeaz\u0103 maxime termice de p\u00e2n\u0103 la 19 grade. Vineri, 23 februarie, cerul va fi predominant noros, iar v\u00e2ntul va bate cu 9 km\/h. Temperatura minim\u0103 va fi de 5 grade, iar cea maxim\u0103 se va situa \u00een jurul valorii de 17 grade. Condi\u021biile de [&hellip;]\" \/>\n<meta property=\"og:url\" content=\"https:\/\/buletin.de\/bucuresti\/meteo-vremea-ramane-calda-in-bucuresti-in-weekend-ul-de-dragobete\/\" \/>\n<meta property=\"og:site_name\" content=\"Buletin de Bucure\u0219ti\" \/>\n<meta property=\"article:publisher\" content=\"https:\/\/www.facebook.com\/buletin.de.buc\" \/>\n<meta property=\"article:published_time\" content=\"2024-02-22T18:54:51+00:00\" \/>\n<meta property=\"og:image\" content=\"https:\/\/buletin.de\/bucuresti\/wp-content\/uploads\/meteo-1.jpeg\" \/>\n\t<meta property=\"og:image:width\" content=\"1600\" \/>\n\t<meta property=\"og:image:height\" content=\"1067\" \/>\n\t<meta property=\"og:image:type\" content=\"image\/jpeg\" \/>\n<meta name=\"author\" content=\"Diana Matei\" \/>\n<meta name=\"twitter:card\" content=\"summary_large_image\" \/>\n<meta name=\"twitter:label1\" content=\"Written by\" \/>\n\t<meta name=\"twitter:data1\" content=\"Diana Matei\" \/>\n\t<meta name=\"twitter:label2\" content=\"Estimated reading time\" \/>\n\t<meta name=\"twitter:data2\" content=\"1 minute\" \/>\n<script type=\"application\/ld+json\" class=\"yoast-schema-graph\">{\"@context\":\"https:\\\/\\\/schema.org\",\"@graph\":[{\"@type\":\"Article\",\"@id\":\"https:\\\/\\\/buletin.de\\\/bucuresti\\\/meteo-vremea-ramane-calda-in-bucuresti-in-weekend-ul-de-dragobete\\\/#article\",\"isPartOf\":{\"@id\":\"https:\\\/\\\/buletin.de\\\/bucuresti\\\/meteo-vremea-ramane-calda-in-bucuresti-in-weekend-ul-de-dragobete\\\/\"},\"author\":{\"name\":\"Diana Matei\",\"@id\":\"https:\\\/\\\/buletin.de\\\/bucuresti\\\/#\\\/schema\\\/person\\\/7e46040573290777280a0835d81ea4ea\"},\"headline\":\"METEO | Vremea r\u0103m\u00e2ne cald\u0103 \u00een Bucure\u015fti, \u00een weekend-ul de Dragobete\",\"datePublished\":\"2024-02-22T18:54:51+00:00\",\"mainEntityOfPage\":{\"@id\":\"https:\\\/\\\/buletin.de\\\/bucuresti\\\/meteo-vremea-ramane-calda-in-bucuresti-in-weekend-ul-de-dragobete\\\/\"},\"wordCount\":152,\"publisher\":{\"@id\":\"https:\\\/\\\/buletin.de\\\/bucuresti\\\/#organization\"},\"image\":{\"@id\":\"https:\\\/\\\/buletin.de\\\/bucuresti\\\/meteo-vremea-ramane-calda-in-bucuresti-in-weekend-ul-de-dragobete\\\/#primaryimage\"},\"thumbnailUrl\":\"https:\\\/\\\/buletin.de\\\/bucuresti\\\/wp-content\\\/uploads\\\/meteo-1.jpeg\",\"keywords\":[\"anm\",\"anm prognoza meteo\",\"meteo bucuresti\"],\"articleSection\":[\"Articole\",\"\u0218tiri\"],\"inLanguage\":\"en-GB\",\"copyrightYear\":\"2024\",\"copyrightHolder\":{\"@id\":\"https:\\\/\\\/buletin.de\\\/bucuresti\\\/#organization\"}},{\"@type\":\"WebPage\",\"@id\":\"https:\\\/\\\/buletin.de\\\/bucuresti\\\/meteo-vremea-ramane-calda-in-bucuresti-in-weekend-ul-de-dragobete\\\/\",\"url\":\"https:\\\/\\\/buletin.de\\\/bucuresti\\\/meteo-vremea-ramane-calda-in-bucuresti-in-weekend-ul-de-dragobete\\\/\",\"name\":\"METEO | Vremea r\u0103m\u00e2ne cald\u0103 \u00een Bucure\u015fti, \u00een weekend-ul de Dragobete - Buletin de Bucure\u0219ti\",\"isPartOf\":{\"@id\":\"https:\\\/\\\/buletin.de\\\/bucuresti\\\/#website\"},\"primaryImageOfPage\":{\"@id\":\"https:\\\/\\\/buletin.de\\\/bucuresti\\\/meteo-vremea-ramane-calda-in-bucuresti-in-weekend-ul-de-dragobete\\\/#primaryimage\"},\"image\":{\"@id\":\"https:\\\/\\\/buletin.de\\\/bucuresti\\\/meteo-vremea-ramane-calda-in-bucuresti-in-weekend-ul-de-dragobete\\\/#primaryimage\"},\"thumbnailUrl\":\"https:\\\/\\\/buletin.de\\\/bucuresti\\\/wp-content\\\/uploads\\\/meteo-1.jpeg\",\"datePublished\":\"2024-02-22T18:54:51+00:00\",\"breadcrumb\":{\"@id\":\"https:\\\/\\\/buletin.de\\\/bucuresti\\\/meteo-vremea-ramane-calda-in-bucuresti-in-weekend-ul-de-dragobete\\\/#breadcrumb\"},\"inLanguage\":\"en-GB\",\"potentialAction\":[{\"@type\":\"ReadAction\",\"target\":[\"https:\\\/\\\/buletin.de\\\/bucuresti\\\/meteo-vremea-ramane-calda-in-bucuresti-in-weekend-ul-de-dragobete\\\/\"]}]},{\"@type\":\"ImageObject\",\"inLanguage\":\"en-GB\",\"@id\":\"https:\\\/\\\/buletin.de\\\/bucuresti\\\/meteo-vremea-ramane-calda-in-bucuresti-in-weekend-ul-de-dragobete\\\/#primaryimage\",\"url\":\"https:\\\/\\\/buletin.de\\\/bucuresti\\\/wp-content\\\/uploads\\\/meteo-1.jpeg\",\"contentUrl\":\"https:\\\/\\\/buletin.de\\\/bucuresti\\\/wp-content\\\/uploads\\\/meteo-1.jpeg\",\"width\":1600,\"height\":1067,\"caption\":\"Foto: Arhiva\"},{\"@type\":\"BreadcrumbList\",\"@id\":\"https:\\\/\\\/buletin.de\\\/bucuresti\\\/meteo-vremea-ramane-calda-in-bucuresti-in-weekend-ul-de-dragobete\\\/#breadcrumb\",\"itemListElement\":[{\"@type\":\"ListItem\",\"position\":1,\"name\":\"Acas\u0103\",\"item\":\"https:\\\/\\\/buletin.de\\\/bucuresti\\\/\"},{\"@type\":\"ListItem\",\"position\":2,\"name\":\"METEO | Vremea r\u0103m\u00e2ne cald\u0103 \u00een Bucure\u015fti, \u00een weekend-ul de Dragobete\"}]},{\"@type\":\"WebSite\",\"@id\":\"https:\\\/\\\/buletin.de\\\/bucuresti\\\/#website\",\"url\":\"https:\\\/\\\/buletin.de\\\/bucuresti\\\/\",\"name\":\"Buletin de Bucure\u0219ti\",\"description\":\"\u0218tiri \u0219i investiga\u021bii esen\u021biale din capital\u0103\",\"publisher\":{\"@id\":\"https:\\\/\\\/buletin.de\\\/bucuresti\\\/#organization\"},\"potentialAction\":[{\"@type\":\"SearchAction\",\"target\":{\"@type\":\"EntryPoint\",\"urlTemplate\":\"https:\\\/\\\/buletin.de\\\/bucuresti\\\/?s={search_term_string}\"},\"query-input\":{\"@type\":\"PropertyValueSpecification\",\"valueRequired\":true,\"valueName\":\"search_term_string\"}}],\"inLanguage\":\"en-GB\"},{\"@type\":\"Organization\",\"@id\":\"https:\\\/\\\/buletin.de\\\/bucuresti\\\/#organization\",\"name\":\"Buletin de Bucure\u0219ti\",\"url\":\"https:\\\/\\\/buletin.de\\\/bucuresti\\\/\",\"logo\":{\"@type\":\"ImageObject\",\"inLanguage\":\"en-GB\",\"@id\":\"https:\\\/\\\/buletin.de\\\/bucuresti\\\/#\\\/schema\\\/logo\\\/image\\\/\",\"url\":\"https:\\\/\\\/buletin.de\\\/bucuresti\\\/wp-content\\\/uploads\\\/logo-bdb-full-wide-vernil-transparent.png\",\"contentUrl\":\"https:\\\/\\\/buletin.de\\\/bucuresti\\\/wp-content\\\/uploads\\\/logo-bdb-full-wide-vernil-transparent.png\",\"width\":1782,\"height\":626,\"caption\":\"Buletin de Bucure\u0219ti\"},\"image\":{\"@id\":\"https:\\\/\\\/buletin.de\\\/bucuresti\\\/#\\\/schema\\\/logo\\\/image\\\/\"},\"sameAs\":[\"https:\\\/\\\/www.facebook.com\\\/buletin.de.buc\",\"https:\\\/\\\/www.instagram.com\\\/buletinde.bucuresti\\\/\"]},{\"@type\":\"Person\",\"@id\":\"https:\\\/\\\/buletin.de\\\/bucuresti\\\/#\\\/schema\\\/person\\\/7e46040573290777280a0835d81ea4ea\",\"name\":\"Diana Matei\",\"image\":{\"@type\":\"ImageObject\",\"inLanguage\":\"en-GB\",\"@id\":\"https:\\\/\\\/buletin.de\\\/bucuresti\\\/wp-content\\\/uploads\\\/9-2-96x96.jpg1e8590b30871d70e62ebcdaf2eff570c\",\"url\":\"https:\\\/\\\/buletin.de\\\/bucuresti\\\/wp-content\\\/uploads\\\/9-2-96x96.jpg\",\"contentUrl\":\"https:\\\/\\\/buletin.de\\\/bucuresti\\\/wp-content\\\/uploads\\\/9-2-96x96.jpg\",\"caption\":\"Diana Matei\"},\"url\":\"https:\\\/\\\/buletin.de\\\/bucuresti\\\/author\\\/dianamatei\\\/\"}]}<\/script>\n<!-- \/ Yoast SEO Premium plugin. -->","yoast_head_json":{"title":"METEO | Vremea r\u0103m\u00e2ne cald\u0103 \u00een Bucure\u015fti, \u00een weekend-ul de Dragobete - Buletin de Bucure\u0219ti","robots":{"index":"index","follow":"follow","max-snippet":"max-snippet:-1","max-image-preview":"max-image-preview:large","max-video-preview":"max-video-preview:-1"},"canonical":"https:\/\/buletin.de\/bucuresti\/meteo-vremea-ramane-calda-in-bucuresti-in-weekend-ul-de-dragobete\/","og_locale":"en_GB","og_type":"article","og_title":"METEO | Vremea r\u0103m\u00e2ne cald\u0103 \u00een Bucure\u015fti, \u00een weekend-ul de Dragobete","og_description":"Temperaturile se p\u0103streaz\u0103 ridicate \u0219i \u00een acest weekend, la Bucure\u0219ti. Meteorologii prognozeaz\u0103 maxime termice de p\u00e2n\u0103 la 19 grade. Vineri, 23 februarie, cerul va fi predominant noros, iar v\u00e2ntul va bate cu 9 km\/h. Temperatura minim\u0103 va fi de 5 grade, iar cea maxim\u0103 se va situa \u00een jurul valorii de 17 grade. Condi\u021biile de [&hellip;]","og_url":"https:\/\/buletin.de\/bucuresti\/meteo-vremea-ramane-calda-in-bucuresti-in-weekend-ul-de-dragobete\/","og_site_name":"Buletin de Bucure\u0219ti","article_publisher":"https:\/\/www.facebook.com\/buletin.de.buc","article_published_time":"2024-02-22T18:54:51+00:00","og_image":[{"width":1600,"height":1067,"url":"https:\/\/buletin.de\/bucuresti\/wp-content\/uploads\/meteo-1.jpeg","type":"image\/jpeg"}],"author":"Diana Matei","twitter_card":"summary_large_image","twitter_misc":{"Written by":"Diana Matei","Estimated reading time":"1 minute"},"schema":{"@context":"https:\/\/schema.org","@graph":[{"@type":"Article","@id":"https:\/\/buletin.de\/bucuresti\/meteo-vremea-ramane-calda-in-bucuresti-in-weekend-ul-de-dragobete\/#article","isPartOf":{"@id":"https:\/\/buletin.de\/bucuresti\/meteo-vremea-ramane-calda-in-bucuresti-in-weekend-ul-de-dragobete\/"},"author":{"name":"Diana Matei","@id":"https:\/\/buletin.de\/bucuresti\/#\/schema\/person\/7e46040573290777280a0835d81ea4ea"},"headline":"METEO | Vremea r\u0103m\u00e2ne cald\u0103 \u00een Bucure\u015fti, \u00een weekend-ul de Dragobete","datePublished":"2024-02-22T18:54:51+00:00","mainEntityOfPage":{"@id":"https:\/\/buletin.de\/bucuresti\/meteo-vremea-ramane-calda-in-bucuresti-in-weekend-ul-de-dragobete\/"},"wordCount":152,"publisher":{"@id":"https:\/\/buletin.de\/bucuresti\/#organization"},"image":{"@id":"https:\/\/buletin.de\/bucuresti\/meteo-vremea-ramane-calda-in-bucuresti-in-weekend-ul-de-dragobete\/#primaryimage"},"thumbnailUrl":"https:\/\/buletin.de\/bucuresti\/wp-content\/uploads\/meteo-1.jpeg","keywords":["anm","anm prognoza meteo","meteo bucuresti"],"articleSection":["Articole","\u0218tiri"],"inLanguage":"en-GB","copyrightYear":"2024","copyrightHolder":{"@id":"https:\/\/buletin.de\/bucuresti\/#organization"}},{"@type":"WebPage","@id":"https:\/\/buletin.de\/bucuresti\/meteo-vremea-ramane-calda-in-bucuresti-in-weekend-ul-de-dragobete\/","url":"https:\/\/buletin.de\/bucuresti\/meteo-vremea-ramane-calda-in-bucuresti-in-weekend-ul-de-dragobete\/","name":"METEO | Vremea r\u0103m\u00e2ne cald\u0103 \u00een Bucure\u015fti, \u00een weekend-ul de Dragobete - Buletin de Bucure\u0219ti","isPartOf":{"@id":"https:\/\/buletin.de\/bucuresti\/#website"},"primaryImageOfPage":{"@id":"https:\/\/buletin.de\/bucuresti\/meteo-vremea-ramane-calda-in-bucuresti-in-weekend-ul-de-dragobete\/#primaryimage"},"image":{"@id":"https:\/\/buletin.de\/bucuresti\/meteo-vremea-ramane-calda-in-bucuresti-in-weekend-ul-de-dragobete\/#primaryimage"},"thumbnailUrl":"https:\/\/buletin.de\/bucuresti\/wp-content\/uploads\/meteo-1.jpeg","datePublished":"2024-02-22T18:54:51+00:00","breadcrumb":{"@id":"https:\/\/buletin.de\/bucuresti\/meteo-vremea-ramane-calda-in-bucuresti-in-weekend-ul-de-dragobete\/#breadcrumb"},"inLanguage":"en-GB","potentialAction":[{"@type":"ReadAction","target":["https:\/\/buletin.de\/bucuresti\/meteo-vremea-ramane-calda-in-bucuresti-in-weekend-ul-de-dragobete\/"]}]},{"@type":"ImageObject","inLanguage":"en-GB","@id":"https:\/\/buletin.de\/bucuresti\/meteo-vremea-ramane-calda-in-bucuresti-in-weekend-ul-de-dragobete\/#primaryimage","url":"https:\/\/buletin.de\/bucuresti\/wp-content\/uploads\/meteo-1.jpeg","contentUrl":"https:\/\/buletin.de\/bucuresti\/wp-content\/uploads\/meteo-1.jpeg","width":1600,"height":1067,"caption":"Foto: Arhiva"},{"@type":"BreadcrumbList","@id":"https:\/\/buletin.de\/bucuresti\/meteo-vremea-ramane-calda-in-bucuresti-in-weekend-ul-de-dragobete\/#breadcrumb","itemListElement":[{"@type":"ListItem","position":1,"name":"Acas\u0103","item":"https:\/\/buletin.de\/bucuresti\/"},{"@type":"ListItem","position":2,"name":"METEO | Vremea r\u0103m\u00e2ne cald\u0103 \u00een Bucure\u015fti, \u00een weekend-ul de Dragobete"}]},{"@type":"WebSite","@id":"https:\/\/buletin.de\/bucuresti\/#website","url":"https:\/\/buletin.de\/bucuresti\/","name":"Buletin de Bucure\u0219ti","description":"\u0218tiri \u0219i investiga\u021bii esen\u021biale din capital\u0103","publisher":{"@id":"https:\/\/buletin.de\/bucuresti\/#organization"},"potentialAction":[{"@type":"SearchAction","target":{"@type":"EntryPoint","urlTemplate":"https:\/\/buletin.de\/bucuresti\/?s={search_term_string}"},"query-input":{"@type":"PropertyValueSpecification","valueRequired":true,"valueName":"search_term_string"}}],"inLanguage":"en-GB"},{"@type":"Organization","@id":"https:\/\/buletin.de\/bucuresti\/#organization","name":"Buletin de Bucure\u0219ti","url":"https:\/\/buletin.de\/bucuresti\/","logo":{"@type":"ImageObject","inLanguage":"en-GB","@id":"https:\/\/buletin.de\/bucuresti\/#\/schema\/logo\/image\/","url":"https:\/\/buletin.de\/bucuresti\/wp-content\/uploads\/logo-bdb-full-wide-vernil-transparent.png","contentUrl":"https:\/\/buletin.de\/bucuresti\/wp-content\/uploads\/logo-bdb-full-wide-vernil-transparent.png","width":1782,"height":626,"caption":"Buletin de Bucure\u0219ti"},"image":{"@id":"https:\/\/buletin.de\/bucuresti\/#\/schema\/logo\/image\/"},"sameAs":["https:\/\/www.facebook.com\/buletin.de.buc","https:\/\/www.instagram.com\/buletinde.bucuresti\/"]},{"@type":"Person","@id":"https:\/\/buletin.de\/bucuresti\/#\/schema\/person\/7e46040573290777280a0835d81ea4ea","name":"Diana Matei","image":{"@type":"ImageObject","inLanguage":"en-GB","@id":"https:\/\/buletin.de\/bucuresti\/wp-content\/uploads\/9-2-96x96.jpg1e8590b30871d70e62ebcdaf2eff570c","url":"https:\/\/buletin.de\/bucuresti\/wp-content\/uploads\/9-2-96x96.jpg","contentUrl":"https:\/\/buletin.de\/bucuresti\/wp-content\/uploads\/9-2-96x96.jpg","caption":"Diana Matei"},"url":"https:\/\/buletin.de\/bucuresti\/author\/dianamatei\/"}]}},"authors":[{"term_id":22574,"user_id":49,"is_guest":0,"slug":"dianamatei","display_name":"Diana Matei","avatar_url":"https:\/\/buletin.de\/bucuresti\/wp-content\/uploads\/9-2-96x96.jpg","0":null,"1":"","2":"","3":"","4":"","5":"","6":"","7":"","8":""}],"_links":{"self":[{"href":"https:\/\/buletin.de\/bucuresti\/wp-json\/wp\/v2\/posts\/77982","targetHints":{"allow":["GET"]}}],"collection":[{"href":"https:\/\/buletin.de\/bucuresti\/wp-json\/wp\/v2\/posts"}],"about":[{"href":"https:\/\/buletin.de\/bucuresti\/wp-json\/wp\/v2\/types\/post"}],"author":[{"embeddable":true,"href":"https:\/\/buletin.de\/bucuresti\/wp-json\/wp\/v2\/users\/49"}],"replies":[{"embeddable":true,"href":"https:\/\/buletin.de\/bucuresti\/wp-json\/wp\/v2\/comments?post=77982"}],"version-history":[{"count":3,"href":"https:\/\/buletin.de\/bucuresti\/wp-json\/wp\/v2\/posts\/77982\/revisions"}],"predecessor-version":[{"id":78121,"href":"https:\/\/buletin.de\/bucuresti\/wp-json\/wp\/v2\/posts\/77982\/revisions\/78121"}],"wp:featuredmedia":[{"embeddable":true,"href":"https:\/\/buletin.de\/bucuresti\/wp-json\/wp\/v2\/media\/77995"}],"wp:attachment":[{"href":"https:\/\/buletin.de\/bucuresti\/wp-json\/wp\/v2\/media?parent=77982"}],"wp:term":[{"taxonomy":"category","embeddable":true,"href":"https:\/\/buletin.de\/bucuresti\/wp-json\/wp\/v2\/categories?post=77982"},{"taxonomy":"post_tag","embeddable":true,"href":"https:\/\/buletin.de\/bucuresti\/wp-json\/wp\/v2\/tags?post=77982"},{"taxonomy":"author","embeddable":true,"href":"https:\/\/buletin.de\/bucuresti\/wp-json\/wp\/v2\/ppma_author?post=77982"}],"curies":[{"name":"wp","href":"https:\/\/api.w.org\/{rel}","templated":true}]}}