{"id":77847,"date":"2024-02-21T10:01:05","date_gmt":"2024-02-21T08:01:05","guid":{"rendered":"https:\/\/buletin.de\/bucuresti\/?p=77847"},"modified":"2024-02-21T10:01:05","modified_gmt":"2024-02-21T08:01:05","slug":"sector-3-vouchere-de-250-de-lei-luna-pentru-elevii-care-vor-sa-faca-sport-proiectul-este-pe-masa-consilierilor-locali","status":"publish","type":"post","link":"https:\/\/buletin.de\/bucuresti\/sector-3-vouchere-de-250-de-lei-luna-pentru-elevii-care-vor-sa-faca-sport-proiectul-este-pe-masa-consilierilor-locali\/","title":{"rendered":"Sector 3 | Vouchere de 250 de lei\/lun\u0103, pentru elevii care vor s\u0103 fac\u0103 sport. Proiectul este pe masa consilierilor locali"},"content":{"rendered":"\n<p><strong>Prim\u0103ria Sectorului 3 inten\u021bioneaz\u0103 s\u0103 acorde vouchere pentru activit\u0103\u021bi sportive. Un proiect de hot\u0103r\u00e2re se afl\u0103 \u00een dezbatere \u00een Consiliul Local de m\u00e2ine, 22 februarie.<\/strong><\/p>\n\n\n\n<p>Valoarea nominal\u0103 a fiec\u0103rui tichet este de 250 lei\/elev\/lun\u0103. Acesta va putea fi utilizat numai pentru achitarea contravalorii abonamentului \/ cotiza\u0163iei lunare \/ taxelor aferente necesare practic\u0103rii unei discipline sportive. Suma total\u0103 va fi de 250.000 de lei pe lun\u0103, echivalentul a 1000 de vouchere, din bugetul local.<\/p>\n\n\n\n<p>Potrivit proiectului, elevii care vor beneficia de aceste vouchere trebuie s\u0103 aib\u0103 domiciliul \u00een sectorul 3, iar sumele alocate provin din bugetul local. De asemenea, hot\u0103r\u00e2rea mai prevede c\u0103, pentru elevii minori, p\u0103rin\u021bii \u00ee\u0219i vor da acordul \u00een scris, la primirea tichetelor.<\/p>\n\n\n\n<p>\u00censcrierea \u00een proiectul &#8220;Oferim constan\u0163\u0103 pentru sport de performan\u0163\u0103\u201d, se realizeaz\u0103 prin depunerea urm\u0103toarelor documente: <\/p>\n\n\n\n<ul class=\"wp-block-list\">\n<li>cerere pentru acordarea voucherelor pentru spori, formulat\u0103 de c\u0103tre elevul major sau de c\u0103tre<\/li>\n\n\n\n<li>p\u0103rin\u0163ii\/reprezentantul legal, \u00een cazul elevului minor;<\/li>\n\n\n\n<li>dovada c\u0103 elevul este \u00eenscris\/ legitimat la una dintre structurile sportive eligibile;<\/li>\n\n\n\n<li>documente care s\u0103 ateste calitatea de p\u0103rinte, respectiv certificatul de na\u015ftere al elevului, \u00een cazul<\/li>\n\n\n\n<li>p\u0103rin\u021bilor naturali, sau hot\u0103r\u00e2rea judec\u0103toreasc\u0103 de \u00eencuviin\u021bare a adop\u021biei, \u00een cazul elevului adoptat;<\/li>\n\n\n\n<li>declara\u0163ia pe propria r\u0103spundere a elevului major sau p\u0103rin\u0163ilor\/reprezentantului legal al elevului<\/li>\n\n\n\n<li>minor, dup\u0103 caz;<\/li>\n\n\n\n<li>adeverin\u0163\u0103 emis\u0103 de unitatea de \u00eenv\u0103\u021b\u0103m\u00e2nt care atest\u0103 fapiul c\u0103 elevul este \u00eenscris \u00een sistemul de<\/li>\n\n\n\n<li>\u00eenv\u0103\u021b\u0103m\u00e2nt preuniversitar;<\/li>\n\n\n\n<li>copie act identitate elev major.<\/li>\n<\/ul>\n\n\n\n<p>Actele vor fi depuse la Serviciul Consiliere \u015fi \u00cendrumare din Calea Dude\u0219ti nr. 191, sector 3, Bucure\u0219ti sau pe adresa de email sport@primarie3.ro.<\/p>\n\n\n\n<p>Anul  trecut, si Prim\u0103ria Sectorului 2 a implementat  proiectul \u201cD\u0103ruim speran\u0163\u0103 pentru performan\u0163\u0103 \u00een sport\u201d, prin care se acord\u0103 vouchere pentru sport \u00een valoare de 250 de lei\/lun\u0103 elevilor din \u00eenv\u0103\u0163\u0103m\u00e2ntul preuniversitar de stat.  <\/p>\n\n\n\n<p><\/p>\n\n\n\n<p><strong>CITE\u0218TE \u0218I:<\/strong><\/p>\n\n\n\n<figure class=\"wp-block-embed is-type-wp-embed is-provider-buletin-de-bucure-ti wp-block-embed-buletin-de-bucure-ti\"><div class=\"wp-block-embed__wrapper\">\n<blockquote class=\"wp-embedded-content\" data-secret=\"jhKOUXt1QI\"><a href=\"https:\/\/buletin.de\/bucuresti\/sectorul-2-vouchere-de-250-de-lei-luna-pentru-elevii-sportivi\/\">Sectorul 2. Vouchere de 250 de lei\/lun\u0103 pentru elevii sportivi<\/a><\/blockquote><iframe class=\"wp-embedded-content\" sandbox=\"allow-scripts\" security=\"restricted\" style=\"position: absolute; clip: rect(1px, 1px, 1px, 1px);\" title=\"&#8220;Sectorul 2. Vouchere de 250 de lei\/lun\u0103 pentru elevii sportivi&#8221; &#8212; Buletin de Bucure\u0219ti\" src=\"https:\/\/buletin.de\/bucuresti\/sectorul-2-vouchere-de-250-de-lei-luna-pentru-elevii-sportivi\/embed\/#?secret=jg1IkqvQPd#?secret=jhKOUXt1QI\" data-secret=\"jhKOUXt1QI\" width=\"600\" height=\"338\" frameborder=\"0\" marginwidth=\"0\" marginheight=\"0\" scrolling=\"no\"><\/iframe>\n<\/div><\/figure>\n\n\n\n<figure class=\"wp-block-embed is-type-wp-embed is-provider-buletin-de-bucure-ti wp-block-embed-buletin-de-bucure-ti\"><div class=\"wp-block-embed__wrapper\">\n<blockquote class=\"wp-embedded-content\" data-secret=\"JrC0SGKsfp\"><a href=\"https:\/\/buletin.de\/bucuresti\/sector-3-%e2%94%82-va-fi-construita-o-noua-scoala-in-apropierea-liceului-decebal\/\">Sector 3 \u2502 Va fi construit\u0103 o nou\u0103 \u0219coal\u0103, \u00een apropierea Liceului Decebal<\/a><\/blockquote><iframe class=\"wp-embedded-content\" sandbox=\"allow-scripts\" security=\"restricted\" style=\"position: absolute; clip: rect(1px, 1px, 1px, 1px);\" title=\"&#8220;Sector 3 \u2502 Va fi construit\u0103 o nou\u0103 \u0219coal\u0103, \u00een apropierea Liceului Decebal&#8221; &#8212; Buletin de Bucure\u0219ti\" src=\"https:\/\/buletin.de\/bucuresti\/sector-3-%e2%94%82-va-fi-construita-o-noua-scoala-in-apropierea-liceului-decebal\/embed\/#?secret=MnDrwcU51V#?secret=JrC0SGKsfp\" data-secret=\"JrC0SGKsfp\" width=\"600\" height=\"338\" frameborder=\"0\" marginwidth=\"0\" marginheight=\"0\" scrolling=\"no\"><\/iframe>\n<\/div><\/figure>\n\n\n\n<p>  <\/p>\n","protected":false},"excerpt":{"rendered":"<p>Prim\u0103ria Sectorului 3 inten\u021bioneaz\u0103 s\u0103 acorde vouchere pentru activit\u0103\u021bi sportive. Un proiect de hot\u0103r\u00e2re se afl\u0103 \u00een dezbatere \u00een Consiliul Local de m\u00e2ine, 22 februarie. Valoarea nominal\u0103 a fiec\u0103rui tichet este de 250 lei\/elev\/lun\u0103. Acesta va putea fi utilizat numai pentru achitarea contravalorii abonamentului \/ cotiza\u0163iei lunare \/ taxelor aferente necesare practic\u0103rii unei discipline sportive. [&hellip;]<\/p>\n","protected":false},"author":49,"featured_media":77855,"comment_status":"closed","ping_status":"open","sticky":false,"template":"","format":"standard","meta":{"_acf_changed":false,"inline_featured_image":false,"ngg_post_thumbnail":0,"footnotes":""},"categories":[6994,24,62],"tags":[2527,440,2807],"ppma_author":[22574],"class_list":["post-77847","post","type-post","status-publish","format-standard","has-post-thumbnail","hentry","category-stiri-2","category-primarie","category-stiri","tag-consiliul-local-sector-3","tag-sector-3","tag-vouchere-sportive"],"acf":[],"yoast_head":"<!-- This site is optimized with the Yoast SEO Premium plugin v25.3 (Yoast SEO v27.4) - https:\/\/yoast.com\/product\/yoast-seo-premium-wordpress\/ -->\n<title>Sector 3 | Vouchere de 250 de lei\/lun\u0103, pentru elevii care vor s\u0103 fac\u0103 sport. Proiectul este pe masa consilierilor locali - Buletin de Bucure\u0219ti<\/title>\n<meta name=\"robots\" content=\"index, follow, max-snippet:-1, max-image-preview:large, max-video-preview:-1\" \/>\n<link rel=\"canonical\" href=\"https:\/\/buletin.de\/bucuresti\/sector-3-vouchere-de-250-de-lei-luna-pentru-elevii-care-vor-sa-faca-sport-proiectul-este-pe-masa-consilierilor-locali\/\" \/>\n<meta property=\"og:locale\" content=\"en_GB\" \/>\n<meta property=\"og:type\" content=\"article\" \/>\n<meta property=\"og:title\" content=\"Sector 3 | Vouchere de 250 de lei\/lun\u0103, pentru elevii care vor s\u0103 fac\u0103 sport. Proiectul este pe masa consilierilor locali\" \/>\n<meta property=\"og:description\" content=\"Prim\u0103ria Sectorului 3 inten\u021bioneaz\u0103 s\u0103 acorde vouchere pentru activit\u0103\u021bi sportive. Un proiect de hot\u0103r\u00e2re se afl\u0103 \u00een dezbatere \u00een Consiliul Local de m\u00e2ine, 22 februarie. Valoarea nominal\u0103 a fiec\u0103rui tichet este de 250 lei\/elev\/lun\u0103. Acesta va putea fi utilizat numai pentru achitarea contravalorii abonamentului \/ cotiza\u0163iei lunare \/ taxelor aferente necesare practic\u0103rii unei discipline sportive. [&hellip;]\" \/>\n<meta property=\"og:url\" content=\"https:\/\/buletin.de\/bucuresti\/sector-3-vouchere-de-250-de-lei-luna-pentru-elevii-care-vor-sa-faca-sport-proiectul-este-pe-masa-consilierilor-locali\/\" \/>\n<meta property=\"og:site_name\" content=\"Buletin de Bucure\u0219ti\" \/>\n<meta property=\"article:publisher\" content=\"https:\/\/www.facebook.com\/buletin.de.buc\" \/>\n<meta property=\"article:published_time\" content=\"2024-02-21T08:01:05+00:00\" \/>\n<meta property=\"og:image\" content=\"https:\/\/buletin.de\/bucuresti\/wp-content\/uploads\/ymvagksbqxm.jpg\" \/>\n\t<meta property=\"og:image:width\" content=\"1600\" \/>\n\t<meta property=\"og:image:height\" content=\"1067\" \/>\n\t<meta property=\"og:image:type\" content=\"image\/jpeg\" \/>\n<meta name=\"author\" content=\"Diana Matei\" \/>\n<meta name=\"twitter:card\" content=\"summary_large_image\" \/>\n<meta name=\"twitter:label1\" content=\"Written by\" \/>\n\t<meta name=\"twitter:data1\" content=\"Diana Matei\" \/>\n\t<meta name=\"twitter:label2\" content=\"Estimated reading time\" \/>\n\t<meta name=\"twitter:data2\" content=\"2 minutes\" \/>\n<script type=\"application\/ld+json\" class=\"yoast-schema-graph\">{\"@context\":\"https:\\\/\\\/schema.org\",\"@graph\":[{\"@type\":\"Article\",\"@id\":\"https:\\\/\\\/buletin.de\\\/bucuresti\\\/sector-3-vouchere-de-250-de-lei-luna-pentru-elevii-care-vor-sa-faca-sport-proiectul-este-pe-masa-consilierilor-locali\\\/#article\",\"isPartOf\":{\"@id\":\"https:\\\/\\\/buletin.de\\\/bucuresti\\\/sector-3-vouchere-de-250-de-lei-luna-pentru-elevii-care-vor-sa-faca-sport-proiectul-este-pe-masa-consilierilor-locali\\\/\"},\"author\":{\"name\":\"Diana Matei\",\"@id\":\"https:\\\/\\\/buletin.de\\\/bucuresti\\\/#\\\/schema\\\/person\\\/7e46040573290777280a0835d81ea4ea\"},\"headline\":\"Sector 3 | Vouchere de 250 de lei\\\/lun\u0103, pentru elevii care vor s\u0103 fac\u0103 sport. Proiectul este pe masa consilierilor locali\",\"datePublished\":\"2024-02-21T08:01:05+00:00\",\"mainEntityOfPage\":{\"@id\":\"https:\\\/\\\/buletin.de\\\/bucuresti\\\/sector-3-vouchere-de-250-de-lei-luna-pentru-elevii-care-vor-sa-faca-sport-proiectul-este-pe-masa-consilierilor-locali\\\/\"},\"wordCount\":358,\"publisher\":{\"@id\":\"https:\\\/\\\/buletin.de\\\/bucuresti\\\/#organization\"},\"image\":{\"@id\":\"https:\\\/\\\/buletin.de\\\/bucuresti\\\/sector-3-vouchere-de-250-de-lei-luna-pentru-elevii-care-vor-sa-faca-sport-proiectul-este-pe-masa-consilierilor-locali\\\/#primaryimage\"},\"thumbnailUrl\":\"https:\\\/\\\/buletin.de\\\/bucuresti\\\/wp-content\\\/uploads\\\/ymvagksbqxm.jpg\",\"keywords\":[\"consiliul local sector 3\",\"Sector 3\",\"vouchere sportive\"],\"articleSection\":[\"Articole\",\"Prim\u0103rie\",\"\u0218tiri\"],\"inLanguage\":\"en-GB\",\"copyrightYear\":\"2024\",\"copyrightHolder\":{\"@id\":\"https:\\\/\\\/buletin.de\\\/bucuresti\\\/#organization\"}},{\"@type\":\"WebPage\",\"@id\":\"https:\\\/\\\/buletin.de\\\/bucuresti\\\/sector-3-vouchere-de-250-de-lei-luna-pentru-elevii-care-vor-sa-faca-sport-proiectul-este-pe-masa-consilierilor-locali\\\/\",\"url\":\"https:\\\/\\\/buletin.de\\\/bucuresti\\\/sector-3-vouchere-de-250-de-lei-luna-pentru-elevii-care-vor-sa-faca-sport-proiectul-este-pe-masa-consilierilor-locali\\\/\",\"name\":\"Sector 3 | Vouchere de 250 de lei\\\/lun\u0103, pentru elevii care vor s\u0103 fac\u0103 sport. Proiectul este pe masa consilierilor locali - Buletin de Bucure\u0219ti\",\"isPartOf\":{\"@id\":\"https:\\\/\\\/buletin.de\\\/bucuresti\\\/#website\"},\"primaryImageOfPage\":{\"@id\":\"https:\\\/\\\/buletin.de\\\/bucuresti\\\/sector-3-vouchere-de-250-de-lei-luna-pentru-elevii-care-vor-sa-faca-sport-proiectul-este-pe-masa-consilierilor-locali\\\/#primaryimage\"},\"image\":{\"@id\":\"https:\\\/\\\/buletin.de\\\/bucuresti\\\/sector-3-vouchere-de-250-de-lei-luna-pentru-elevii-care-vor-sa-faca-sport-proiectul-este-pe-masa-consilierilor-locali\\\/#primaryimage\"},\"thumbnailUrl\":\"https:\\\/\\\/buletin.de\\\/bucuresti\\\/wp-content\\\/uploads\\\/ymvagksbqxm.jpg\",\"datePublished\":\"2024-02-21T08:01:05+00:00\",\"breadcrumb\":{\"@id\":\"https:\\\/\\\/buletin.de\\\/bucuresti\\\/sector-3-vouchere-de-250-de-lei-luna-pentru-elevii-care-vor-sa-faca-sport-proiectul-este-pe-masa-consilierilor-locali\\\/#breadcrumb\"},\"inLanguage\":\"en-GB\",\"potentialAction\":[{\"@type\":\"ReadAction\",\"target\":[\"https:\\\/\\\/buletin.de\\\/bucuresti\\\/sector-3-vouchere-de-250-de-lei-luna-pentru-elevii-care-vor-sa-faca-sport-proiectul-este-pe-masa-consilierilor-locali\\\/\"]}]},{\"@type\":\"ImageObject\",\"inLanguage\":\"en-GB\",\"@id\":\"https:\\\/\\\/buletin.de\\\/bucuresti\\\/sector-3-vouchere-de-250-de-lei-luna-pentru-elevii-care-vor-sa-faca-sport-proiectul-este-pe-masa-consilierilor-locali\\\/#primaryimage\",\"url\":\"https:\\\/\\\/buletin.de\\\/bucuresti\\\/wp-content\\\/uploads\\\/ymvagksbqxm.jpg\",\"contentUrl\":\"https:\\\/\\\/buletin.de\\\/bucuresti\\\/wp-content\\\/uploads\\\/ymvagksbqxm.jpg\",\"width\":1600,\"height\":1067,\"caption\":\"FOTO: unsplash.com\"},{\"@type\":\"BreadcrumbList\",\"@id\":\"https:\\\/\\\/buletin.de\\\/bucuresti\\\/sector-3-vouchere-de-250-de-lei-luna-pentru-elevii-care-vor-sa-faca-sport-proiectul-este-pe-masa-consilierilor-locali\\\/#breadcrumb\",\"itemListElement\":[{\"@type\":\"ListItem\",\"position\":1,\"name\":\"Acas\u0103\",\"item\":\"https:\\\/\\\/buletin.de\\\/bucuresti\\\/\"},{\"@type\":\"ListItem\",\"position\":2,\"name\":\"Sector 3 | Vouchere de 250 de lei\\\/lun\u0103, pentru elevii care vor s\u0103 fac\u0103 sport. Proiectul este pe masa consilierilor locali\"}]},{\"@type\":\"WebSite\",\"@id\":\"https:\\\/\\\/buletin.de\\\/bucuresti\\\/#website\",\"url\":\"https:\\\/\\\/buletin.de\\\/bucuresti\\\/\",\"name\":\"Buletin de Bucure\u0219ti\",\"description\":\"\u0218tiri \u0219i investiga\u021bii esen\u021biale din capital\u0103\",\"publisher\":{\"@id\":\"https:\\\/\\\/buletin.de\\\/bucuresti\\\/#organization\"},\"potentialAction\":[{\"@type\":\"SearchAction\",\"target\":{\"@type\":\"EntryPoint\",\"urlTemplate\":\"https:\\\/\\\/buletin.de\\\/bucuresti\\\/?s={search_term_string}\"},\"query-input\":{\"@type\":\"PropertyValueSpecification\",\"valueRequired\":true,\"valueName\":\"search_term_string\"}}],\"inLanguage\":\"en-GB\"},{\"@type\":\"Organization\",\"@id\":\"https:\\\/\\\/buletin.de\\\/bucuresti\\\/#organization\",\"name\":\"Buletin de Bucure\u0219ti\",\"url\":\"https:\\\/\\\/buletin.de\\\/bucuresti\\\/\",\"logo\":{\"@type\":\"ImageObject\",\"inLanguage\":\"en-GB\",\"@id\":\"https:\\\/\\\/buletin.de\\\/bucuresti\\\/#\\\/schema\\\/logo\\\/image\\\/\",\"url\":\"https:\\\/\\\/buletin.de\\\/bucuresti\\\/wp-content\\\/uploads\\\/logo-bdb-full-wide-vernil-transparent.png\",\"contentUrl\":\"https:\\\/\\\/buletin.de\\\/bucuresti\\\/wp-content\\\/uploads\\\/logo-bdb-full-wide-vernil-transparent.png\",\"width\":1782,\"height\":626,\"caption\":\"Buletin de Bucure\u0219ti\"},\"image\":{\"@id\":\"https:\\\/\\\/buletin.de\\\/bucuresti\\\/#\\\/schema\\\/logo\\\/image\\\/\"},\"sameAs\":[\"https:\\\/\\\/www.facebook.com\\\/buletin.de.buc\",\"https:\\\/\\\/www.instagram.com\\\/buletinde.bucuresti\\\/\"]},{\"@type\":\"Person\",\"@id\":\"https:\\\/\\\/buletin.de\\\/bucuresti\\\/#\\\/schema\\\/person\\\/7e46040573290777280a0835d81ea4ea\",\"name\":\"Diana Matei\",\"image\":{\"@type\":\"ImageObject\",\"inLanguage\":\"en-GB\",\"@id\":\"https:\\\/\\\/buletin.de\\\/bucuresti\\\/wp-content\\\/uploads\\\/9-2-96x96.jpg1e8590b30871d70e62ebcdaf2eff570c\",\"url\":\"https:\\\/\\\/buletin.de\\\/bucuresti\\\/wp-content\\\/uploads\\\/9-2-96x96.jpg\",\"contentUrl\":\"https:\\\/\\\/buletin.de\\\/bucuresti\\\/wp-content\\\/uploads\\\/9-2-96x96.jpg\",\"caption\":\"Diana Matei\"},\"url\":\"https:\\\/\\\/buletin.de\\\/bucuresti\\\/author\\\/dianamatei\\\/\"}]}<\/script>\n<!-- \/ Yoast SEO Premium plugin. -->","yoast_head_json":{"title":"Sector 3 | Vouchere de 250 de lei\/lun\u0103, pentru elevii care vor s\u0103 fac\u0103 sport. Proiectul este pe masa consilierilor locali - Buletin de Bucure\u0219ti","robots":{"index":"index","follow":"follow","max-snippet":"max-snippet:-1","max-image-preview":"max-image-preview:large","max-video-preview":"max-video-preview:-1"},"canonical":"https:\/\/buletin.de\/bucuresti\/sector-3-vouchere-de-250-de-lei-luna-pentru-elevii-care-vor-sa-faca-sport-proiectul-este-pe-masa-consilierilor-locali\/","og_locale":"en_GB","og_type":"article","og_title":"Sector 3 | Vouchere de 250 de lei\/lun\u0103, pentru elevii care vor s\u0103 fac\u0103 sport. Proiectul este pe masa consilierilor locali","og_description":"Prim\u0103ria Sectorului 3 inten\u021bioneaz\u0103 s\u0103 acorde vouchere pentru activit\u0103\u021bi sportive. Un proiect de hot\u0103r\u00e2re se afl\u0103 \u00een dezbatere \u00een Consiliul Local de m\u00e2ine, 22 februarie. Valoarea nominal\u0103 a fiec\u0103rui tichet este de 250 lei\/elev\/lun\u0103. Acesta va putea fi utilizat numai pentru achitarea contravalorii abonamentului \/ cotiza\u0163iei lunare \/ taxelor aferente necesare practic\u0103rii unei discipline sportive. [&hellip;]","og_url":"https:\/\/buletin.de\/bucuresti\/sector-3-vouchere-de-250-de-lei-luna-pentru-elevii-care-vor-sa-faca-sport-proiectul-este-pe-masa-consilierilor-locali\/","og_site_name":"Buletin de Bucure\u0219ti","article_publisher":"https:\/\/www.facebook.com\/buletin.de.buc","article_published_time":"2024-02-21T08:01:05+00:00","og_image":[{"width":1600,"height":1067,"url":"https:\/\/buletin.de\/bucuresti\/wp-content\/uploads\/ymvagksbqxm.jpg","type":"image\/jpeg"}],"author":"Diana Matei","twitter_card":"summary_large_image","twitter_misc":{"Written by":"Diana Matei","Estimated reading time":"2 minutes"},"schema":{"@context":"https:\/\/schema.org","@graph":[{"@type":"Article","@id":"https:\/\/buletin.de\/bucuresti\/sector-3-vouchere-de-250-de-lei-luna-pentru-elevii-care-vor-sa-faca-sport-proiectul-este-pe-masa-consilierilor-locali\/#article","isPartOf":{"@id":"https:\/\/buletin.de\/bucuresti\/sector-3-vouchere-de-250-de-lei-luna-pentru-elevii-care-vor-sa-faca-sport-proiectul-este-pe-masa-consilierilor-locali\/"},"author":{"name":"Diana Matei","@id":"https:\/\/buletin.de\/bucuresti\/#\/schema\/person\/7e46040573290777280a0835d81ea4ea"},"headline":"Sector 3 | Vouchere de 250 de lei\/lun\u0103, pentru elevii care vor s\u0103 fac\u0103 sport. Proiectul este pe masa consilierilor locali","datePublished":"2024-02-21T08:01:05+00:00","mainEntityOfPage":{"@id":"https:\/\/buletin.de\/bucuresti\/sector-3-vouchere-de-250-de-lei-luna-pentru-elevii-care-vor-sa-faca-sport-proiectul-este-pe-masa-consilierilor-locali\/"},"wordCount":358,"publisher":{"@id":"https:\/\/buletin.de\/bucuresti\/#organization"},"image":{"@id":"https:\/\/buletin.de\/bucuresti\/sector-3-vouchere-de-250-de-lei-luna-pentru-elevii-care-vor-sa-faca-sport-proiectul-este-pe-masa-consilierilor-locali\/#primaryimage"},"thumbnailUrl":"https:\/\/buletin.de\/bucuresti\/wp-content\/uploads\/ymvagksbqxm.jpg","keywords":["consiliul local sector 3","Sector 3","vouchere sportive"],"articleSection":["Articole","Prim\u0103rie","\u0218tiri"],"inLanguage":"en-GB","copyrightYear":"2024","copyrightHolder":{"@id":"https:\/\/buletin.de\/bucuresti\/#organization"}},{"@type":"WebPage","@id":"https:\/\/buletin.de\/bucuresti\/sector-3-vouchere-de-250-de-lei-luna-pentru-elevii-care-vor-sa-faca-sport-proiectul-este-pe-masa-consilierilor-locali\/","url":"https:\/\/buletin.de\/bucuresti\/sector-3-vouchere-de-250-de-lei-luna-pentru-elevii-care-vor-sa-faca-sport-proiectul-este-pe-masa-consilierilor-locali\/","name":"Sector 3 | Vouchere de 250 de lei\/lun\u0103, pentru elevii care vor s\u0103 fac\u0103 sport. Proiectul este pe masa consilierilor locali - Buletin de Bucure\u0219ti","isPartOf":{"@id":"https:\/\/buletin.de\/bucuresti\/#website"},"primaryImageOfPage":{"@id":"https:\/\/buletin.de\/bucuresti\/sector-3-vouchere-de-250-de-lei-luna-pentru-elevii-care-vor-sa-faca-sport-proiectul-este-pe-masa-consilierilor-locali\/#primaryimage"},"image":{"@id":"https:\/\/buletin.de\/bucuresti\/sector-3-vouchere-de-250-de-lei-luna-pentru-elevii-care-vor-sa-faca-sport-proiectul-este-pe-masa-consilierilor-locali\/#primaryimage"},"thumbnailUrl":"https:\/\/buletin.de\/bucuresti\/wp-content\/uploads\/ymvagksbqxm.jpg","datePublished":"2024-02-21T08:01:05+00:00","breadcrumb":{"@id":"https:\/\/buletin.de\/bucuresti\/sector-3-vouchere-de-250-de-lei-luna-pentru-elevii-care-vor-sa-faca-sport-proiectul-este-pe-masa-consilierilor-locali\/#breadcrumb"},"inLanguage":"en-GB","potentialAction":[{"@type":"ReadAction","target":["https:\/\/buletin.de\/bucuresti\/sector-3-vouchere-de-250-de-lei-luna-pentru-elevii-care-vor-sa-faca-sport-proiectul-este-pe-masa-consilierilor-locali\/"]}]},{"@type":"ImageObject","inLanguage":"en-GB","@id":"https:\/\/buletin.de\/bucuresti\/sector-3-vouchere-de-250-de-lei-luna-pentru-elevii-care-vor-sa-faca-sport-proiectul-este-pe-masa-consilierilor-locali\/#primaryimage","url":"https:\/\/buletin.de\/bucuresti\/wp-content\/uploads\/ymvagksbqxm.jpg","contentUrl":"https:\/\/buletin.de\/bucuresti\/wp-content\/uploads\/ymvagksbqxm.jpg","width":1600,"height":1067,"caption":"FOTO: unsplash.com"},{"@type":"BreadcrumbList","@id":"https:\/\/buletin.de\/bucuresti\/sector-3-vouchere-de-250-de-lei-luna-pentru-elevii-care-vor-sa-faca-sport-proiectul-este-pe-masa-consilierilor-locali\/#breadcrumb","itemListElement":[{"@type":"ListItem","position":1,"name":"Acas\u0103","item":"https:\/\/buletin.de\/bucuresti\/"},{"@type":"ListItem","position":2,"name":"Sector 3 | Vouchere de 250 de lei\/lun\u0103, pentru elevii care vor s\u0103 fac\u0103 sport. Proiectul este pe masa consilierilor locali"}]},{"@type":"WebSite","@id":"https:\/\/buletin.de\/bucuresti\/#website","url":"https:\/\/buletin.de\/bucuresti\/","name":"Buletin de Bucure\u0219ti","description":"\u0218tiri \u0219i investiga\u021bii esen\u021biale din capital\u0103","publisher":{"@id":"https:\/\/buletin.de\/bucuresti\/#organization"},"potentialAction":[{"@type":"SearchAction","target":{"@type":"EntryPoint","urlTemplate":"https:\/\/buletin.de\/bucuresti\/?s={search_term_string}"},"query-input":{"@type":"PropertyValueSpecification","valueRequired":true,"valueName":"search_term_string"}}],"inLanguage":"en-GB"},{"@type":"Organization","@id":"https:\/\/buletin.de\/bucuresti\/#organization","name":"Buletin de Bucure\u0219ti","url":"https:\/\/buletin.de\/bucuresti\/","logo":{"@type":"ImageObject","inLanguage":"en-GB","@id":"https:\/\/buletin.de\/bucuresti\/#\/schema\/logo\/image\/","url":"https:\/\/buletin.de\/bucuresti\/wp-content\/uploads\/logo-bdb-full-wide-vernil-transparent.png","contentUrl":"https:\/\/buletin.de\/bucuresti\/wp-content\/uploads\/logo-bdb-full-wide-vernil-transparent.png","width":1782,"height":626,"caption":"Buletin de Bucure\u0219ti"},"image":{"@id":"https:\/\/buletin.de\/bucuresti\/#\/schema\/logo\/image\/"},"sameAs":["https:\/\/www.facebook.com\/buletin.de.buc","https:\/\/www.instagram.com\/buletinde.bucuresti\/"]},{"@type":"Person","@id":"https:\/\/buletin.de\/bucuresti\/#\/schema\/person\/7e46040573290777280a0835d81ea4ea","name":"Diana Matei","image":{"@type":"ImageObject","inLanguage":"en-GB","@id":"https:\/\/buletin.de\/bucuresti\/wp-content\/uploads\/9-2-96x96.jpg1e8590b30871d70e62ebcdaf2eff570c","url":"https:\/\/buletin.de\/bucuresti\/wp-content\/uploads\/9-2-96x96.jpg","contentUrl":"https:\/\/buletin.de\/bucuresti\/wp-content\/uploads\/9-2-96x96.jpg","caption":"Diana Matei"},"url":"https:\/\/buletin.de\/bucuresti\/author\/dianamatei\/"}]}},"authors":[{"term_id":22574,"user_id":49,"is_guest":0,"slug":"dianamatei","display_name":"Diana Matei","avatar_url":"https:\/\/buletin.de\/bucuresti\/wp-content\/uploads\/9-2-96x96.jpg","0":null,"1":"","2":"","3":"","4":"","5":"","6":"","7":"","8":""}],"_links":{"self":[{"href":"https:\/\/buletin.de\/bucuresti\/wp-json\/wp\/v2\/posts\/77847","targetHints":{"allow":["GET"]}}],"collection":[{"href":"https:\/\/buletin.de\/bucuresti\/wp-json\/wp\/v2\/posts"}],"about":[{"href":"https:\/\/buletin.de\/bucuresti\/wp-json\/wp\/v2\/types\/post"}],"author":[{"embeddable":true,"href":"https:\/\/buletin.de\/bucuresti\/wp-json\/wp\/v2\/users\/49"}],"replies":[{"embeddable":true,"href":"https:\/\/buletin.de\/bucuresti\/wp-json\/wp\/v2\/comments?post=77847"}],"version-history":[{"count":2,"href":"https:\/\/buletin.de\/bucuresti\/wp-json\/wp\/v2\/posts\/77847\/revisions"}],"predecessor-version":[{"id":77856,"href":"https:\/\/buletin.de\/bucuresti\/wp-json\/wp\/v2\/posts\/77847\/revisions\/77856"}],"wp:featuredmedia":[{"embeddable":true,"href":"https:\/\/buletin.de\/bucuresti\/wp-json\/wp\/v2\/media\/77855"}],"wp:attachment":[{"href":"https:\/\/buletin.de\/bucuresti\/wp-json\/wp\/v2\/media?parent=77847"}],"wp:term":[{"taxonomy":"category","embeddable":true,"href":"https:\/\/buletin.de\/bucuresti\/wp-json\/wp\/v2\/categories?post=77847"},{"taxonomy":"post_tag","embeddable":true,"href":"https:\/\/buletin.de\/bucuresti\/wp-json\/wp\/v2\/tags?post=77847"},{"taxonomy":"author","embeddable":true,"href":"https:\/\/buletin.de\/bucuresti\/wp-json\/wp\/v2\/ppma_author?post=77847"}],"curies":[{"name":"wp","href":"https:\/\/api.w.org\/{rel}","templated":true}]}}