{"id":77825,"date":"2024-02-21T09:31:59","date_gmt":"2024-02-21T07:31:59","guid":{"rendered":"https:\/\/buletin.de\/bucuresti\/?p=77825"},"modified":"2024-02-26T11:19:01","modified_gmt":"2024-02-26T09:19:01","slug":"sector-6-i-cladire-noua-de-44-milioane-de-euro-pentru-colegiul-grigore-moisil-cea-veche-va-fi-demolata","status":"publish","type":"post","link":"https:\/\/buletin.de\/bucuresti\/sector-6-i-cladire-noua-de-44-milioane-de-euro-pentru-colegiul-grigore-moisil-cea-veche-va-fi-demolata\/","title":{"rendered":"Sector 6 | Cl\u0103dire nou\u0103 de 44 milioane de euro pentru Colegiul \u201eGrigore Moisil\u201d. Cea veche va fi demolat\u0103"},"content":{"rendered":"\n<p><strong>Actuala cl\u0103dire a Colegiului Na\u021bional \u201eGrigore Moisil\u201d va fi demolat\u0103, din cauza riscului seismic de gradul II. \u00cen locul acesteia, se va ridica un nou imobil, mult mai spa\u021bios, dotat cu mobilier \u0219i echipamente moderne. Valoarea investi\u021biei este de aproape 44 milioane de euro, potrivit unei hot\u0103r\u00e2ri a Consiliului Local din 20 februarie. Totodat\u0103, costurile necesare pentru construirea after-school-ului din incinta \u0218colii 197 au ajuns la 6,5 milioane de euro.<\/strong><\/p>\n\n\n\n<p><a href=\"https:\/\/buletin.de\/bucuresti\/sector-6-i-proiect-pentru-demolarea-vechii-cladiri-a-colegiului-national-grigore-moisil-si-construirea-unui-nou-imobil\/\">Proiectul a fost anun\u021bat \u00eenc\u0103 din decembrie 2023 \u0219i presupune dublarea suprafe\u021bei construite, de la 2.545 mp la 5.265 mp<\/a>. La momentul actual, capacitatea liceului este de circa 520 elevi, distribui\u021bi \u00een 20 de s\u0103li de clas\u0103, conform raportului de specialitate al proiectului.<\/p>\n\n\n\n<p>Totu\u0219i, peste 1000 de persoane \u00ee\u0219i desf\u0103\u0219oar\u0103 activitatea \u00een cl\u0103direa construit\u0103 \u00een 1976, dintre care 932 sunt elevi, potrivit proiectului de hot\u0103r\u00e2re aprobat \u00een decembrie. Noul colegiu va avea 32 de s\u0103li de clas\u0103, integr\u00e2nd totodat\u0103:<\/p>\n\n\n\n<p>\u201e<em><code><img decoding=\"async\" height=\"16\" width=\"16\" src=\"data:image\/gif;base64,R0lGODlhAQABAAAAACH5BAEKAAEALAAAAAABAAEAAAICTAEAOw==\" data-src=\"https:\/\/static.xx.fbcdn.net\/images\/emoji.php\/v9\/t6b\/1\/16\/1f333.png\" class=\"lazyload\" alt=\"\ud83c\udf33\"><\/code>spa\u021bii exterioare pentru recrea\u021bie \u2013 cur\u021bi amenajate cu mobilier urban, terase verzi;<br><img decoding=\"async\" height=\"16\" width=\"16\" src=\"data:image\/gif;base64,R0lGODlhAQABAAAAACH5BAEKAAEALAAAAAABAAEAAAICTAEAOw==\" data-src=\"https:\/\/static.xx.fbcdn.net\/images\/emoji.php\/v9\/t23\/1\/16\/1f93e.png\" class=\"lazyload\" alt=\"\ud83e\udd3e\"><img decoding=\"async\" height=\"16\" width=\"16\" src=\"data:image\/gif;base64,R0lGODlhAQABAAAAACH5BAEKAAEALAAAAAABAAEAAAICTAEAOw==\" data-src=\"https:\/\/static.xx.fbcdn.net\/images\/emoji.php\/v9\/t80\/1\/16\/26f9.png\" class=\"lazyload\" alt=\"\u26f9\">spa\u021bii pentru activit\u0103\u021bi sportive \u2013 teren de sport exterior cu marcaj multiplu \u2013 baschet, tenis si handbal, teren pentru minibaschet, amfiteatru in aer liber; <br><img loading=\"lazy\" decoding=\"async\" height=\"16\" width=\"16\" src=\"data:image\/gif;base64,R0lGODlhAQABAAAAACH5BAEKAAEALAAAAAABAAEAAAICTAEAOw==\" data-src=\"https:\/\/static.xx.fbcdn.net\/images\/emoji.php\/v9\/t90\/1\/16\/1f426.png\" class=\"lazyload\" alt=\"\ud83d\udc26\">spa\u021bii interioare destinate recre\u0103rii, amplasate la fiecare nivel \u0219i accesibile din imediata apropiere a s\u0103lilor de curs;<br><img loading=\"lazy\" decoding=\"async\" height=\"16\" width=\"16\" src=\"data:image\/gif;base64,R0lGODlhAQABAAAAACH5BAEKAAEALAAAAAABAAEAAAICTAEAOw==\" data-src=\"https:\/\/static.xx.fbcdn.net\/images\/emoji.php\/v9\/t8c\/1\/16\/1f4bb.png\" class=\"lazyload\" alt=\"\ud83d\udcbb\">2 laboratoare de informatic\u0103, cu anexele aferente;<br><img loading=\"lazy\" decoding=\"async\" height=\"16\" width=\"16\" src=\"data:image\/gif;base64,R0lGODlhAQABAAAAACH5BAEKAAEALAAAAAABAAEAAAICTAEAOw==\" data-src=\"https:\/\/static.xx.fbcdn.net\/images\/emoji.php\/v9\/tb8\/1\/16\/1f4e1.png\" class=\"lazyload\" alt=\"\ud83d\udce1\">2 laboratoare de fizic\u0103, cu anexele aferente;<br><img loading=\"lazy\" decoding=\"async\" height=\"16\" width=\"16\" src=\"data:image\/gif;base64,R0lGODlhAQABAAAAACH5BAEKAAEALAAAAAABAAEAAAICTAEAOw==\" data-src=\"https:\/\/static.xx.fbcdn.net\/images\/emoji.php\/v9\/tea\/1\/16\/1f469_200d_1f52c.png\" class=\"lazyload\" alt=\"\ud83d\udc69\u200d\ud83d\udd2c\">1 laborator de chimie, cu anexele aferente;<br><img loading=\"lazy\" decoding=\"async\" height=\"16\" width=\"16\" src=\"data:image\/gif;base64,R0lGODlhAQABAAAAACH5BAEKAAEALAAAAAABAAEAAAICTAEAOw==\" data-src=\"https:\/\/static.xx.fbcdn.net\/images\/emoji.php\/v9\/tea\/1\/16\/1f469_200d_1f52c.png\" class=\"lazyload\" alt=\"\ud83d\udc69\u200d\ud83d\udd2c\">1 laborator de biologie, cu anexele aferente;<br><img loading=\"lazy\" decoding=\"async\" height=\"16\" width=\"16\" src=\"data:image\/gif;base64,R0lGODlhAQABAAAAACH5BAEKAAEALAAAAAABAAEAAAICTAEAOw==\" data-src=\"https:\/\/static.xx.fbcdn.net\/images\/emoji.php\/v9\/t54\/1\/16\/1f9be.png\" class=\"lazyload\" alt=\"\ud83e\uddbe\">2 laboratoare Smart Lab dedicate profilului informatic al colegiului;<br><img loading=\"lazy\" decoding=\"async\" height=\"16\" width=\"16\" src=\"data:image\/gif;base64,R0lGODlhAQABAAAAACH5BAEKAAEALAAAAAABAAEAAAICTAEAOw==\" data-src=\"https:\/\/static.xx.fbcdn.net\/images\/emoji.php\/v9\/tfb\/1\/16\/1f5e3.png\" class=\"lazyload\" alt=\"\ud83d\udde3\">1 laborator dedicat studiului limbilor str\u0103ine moderne, dotate cu echipamente audio specifice;<br><img loading=\"lazy\" decoding=\"async\" height=\"16\" width=\"16\" src=\"data:image\/gif;base64,R0lGODlhAQABAAAAACH5BAEKAAEALAAAAAABAAEAAAICTAEAOw==\" data-src=\"https:\/\/static.xx.fbcdn.net\/images\/emoji.php\/v9\/tcc\/1\/16\/1f3bc.png\" class=\"lazyload\" alt=\"\ud83c\udfbc\">1 amfiteatru interior cu capacitate de 140 persoane si camera de proiec\u021bie;<br><img loading=\"lazy\" decoding=\"async\" height=\"16\" width=\"16\" src=\"data:image\/gif;base64,R0lGODlhAQABAAAAACH5BAEKAAEALAAAAAABAAEAAAICTAEAOw==\" data-src=\"https:\/\/static.xx.fbcdn.net\/images\/emoji.php\/v9\/tae\/1\/16\/1f3ad.png\" class=\"lazyload\" alt=\"\ud83c\udfad\">1 sala multifunc\u021bional\u0103 cu capacitatea de 145 persoane, cu oficiul aferent;<br><img loading=\"lazy\" decoding=\"async\" height=\"16\" width=\"16\" src=\"data:image\/gif;base64,R0lGODlhAQABAAAAACH5BAEKAAEALAAAAAABAAEAAAICTAEAOw==\" data-src=\"https:\/\/static.xx.fbcdn.net\/images\/emoji.php\/v9\/t49\/1\/16\/1f4da.png\" class=\"lazyload\" alt=\"\ud83d\udcda\">Centru de documentare si informare (CDI) ce const\u0103 \u00een biblioteca (zona de depozitare c\u0103r\u021bi \u0219i sal\u0103 de lectur\u0103) \u0219i sal\u0103 pentru conferin\u021be, workshop-uri, etc. pentru 48 persoane si spa\u021biile anexe aferente;<br><img loading=\"lazy\" decoding=\"async\" height=\"16\" width=\"16\" src=\"data:image\/gif;base64,R0lGODlhAQABAAAAACH5BAEKAAEALAAAAAABAAEAAAICTAEAOw==\" data-src=\"https:\/\/static.xx.fbcdn.net\/images\/emoji.php\/v9\/t33\/1\/16\/2705.png\" class=\"lazyload\" alt=\"\u2705\">Zona administrativ\u0103 de birouri;<br><img loading=\"lazy\" decoding=\"async\" height=\"16\" width=\"16\" src=\"data:image\/gif;base64,R0lGODlhAQABAAAAACH5BAEKAAEALAAAAAABAAEAAAICTAEAOw==\" data-src=\"https:\/\/static.xx.fbcdn.net\/images\/emoji.php\/v9\/t33\/1\/16\/2705.png\" class=\"lazyload\" alt=\"\u2705\">Cabinet medical \u0219i izolator;<br><img loading=\"lazy\" decoding=\"async\" height=\"16\" width=\"16\" src=\"data:image\/gif;base64,R0lGODlhAQABAAAAACH5BAEKAAEALAAAAAABAAEAAAICTAEAOw==\" data-src=\"https:\/\/static.xx.fbcdn.net\/images\/emoji.php\/v9\/t33\/1\/16\/2705.png\" class=\"lazyload\" alt=\"\u2705\">Cabinet stomatologic;<br><img loading=\"lazy\" decoding=\"async\" height=\"16\" width=\"16\" src=\"data:image\/gif;base64,R0lGODlhAQABAAAAACH5BAEKAAEALAAAAAABAAEAAAICTAEAOw==\" data-src=\"https:\/\/static.xx.fbcdn.net\/images\/emoji.php\/v9\/t33\/1\/16\/2705.png\" class=\"lazyload\" alt=\"\u2705\">Cabinet de psihoterapie;<br><img loading=\"lazy\" decoding=\"async\" height=\"16\" width=\"16\" src=\"data:image\/gif;base64,R0lGODlhAQABAAAAACH5BAEKAAEALAAAAAABAAEAAAICTAEAOw==\" data-src=\"https:\/\/static.xx.fbcdn.net\/images\/emoji.php\/v9\/tda\/1\/16\/1f3d3.png\" class=\"lazyload\" alt=\"\ud83c\udfd3\">Sala de sport interioar\u0103 cu teren multisport: mini fotbal, baschet, handbal, tenis, zona de vestiare si gradene;<br><img loading=\"lazy\" decoding=\"async\" height=\"16\" width=\"16\" src=\"data:image\/gif;base64,R0lGODlhAQABAAAAACH5BAEKAAEALAAAAAABAAEAAAICTAEAOw==\" data-src=\"https:\/\/static.xx.fbcdn.net\/images\/emoji.php\/v9\/t33\/1\/16\/2705.png\" class=\"lazyload\" alt=\"\u2705\">5 ad\u0103posturi de protec\u021bie civil\u0103 cu capacitatea total\u0103 pentru 1130 persoane, dotate cu grupuri sanitare<\/em>\u201d, potrivit unei post\u0103ri de Facebook a edilului Ciprian Ciucu.<\/p>\n\n\n\n<figure class=\"wp-block-gallery has-nested-images columns-1 is-cropped wp-block-gallery-1 is-layout-flex wp-block-gallery-is-layout-flex\">\n<figure class=\"wp-block-image size-large\"><img loading=\"lazy\" decoding=\"async\" width=\"900\" height=\"588\" data-id=\"72875\" src=\"data:image\/gif;base64,R0lGODlhAQABAAAAACH5BAEKAAEALAAAAAABAAEAAAICTAEAOw==\" data-src=\"https:\/\/buletin.de\/bucuresti\/wp-content\/uploads\/Colegiul-National-Grigore-Moisil-900x588.jpg\" alt=\"\" class=\"wp-image-72875 lazyload\" data-sizes=\"auto\" data-srcset=\"https:\/\/buletin.de\/bucuresti\/wp-content\/uploads\/Colegiul-National-Grigore-Moisil-900x588.jpg 900w, https:\/\/buletin.de\/bucuresti\/wp-content\/uploads\/Colegiul-National-Grigore-Moisil-300x196.jpg 300w, https:\/\/buletin.de\/bucuresti\/wp-content\/uploads\/Colegiul-National-Grigore-Moisil-768x502.jpg 768w, https:\/\/buletin.de\/bucuresti\/wp-content\/uploads\/Colegiul-National-Grigore-Moisil-1536x1003.jpg 1536w, https:\/\/buletin.de\/bucuresti\/wp-content\/uploads\/Colegiul-National-Grigore-Moisil-1600x1045.jpg 1600w, https:\/\/buletin.de\/bucuresti\/wp-content\/uploads\/Colegiul-National-Grigore-Moisil-1100x718.jpg 1100w, https:\/\/buletin.de\/bucuresti\/wp-content\/uploads\/Colegiul-National-Grigore-Moisil-600x392.jpg 600w, https:\/\/buletin.de\/bucuresti\/wp-content\/uploads\/Colegiul-National-Grigore-Moisil-20x13.jpg 20w, https:\/\/buletin.de\/bucuresti\/wp-content\/uploads\/Colegiul-National-Grigore-Moisil.jpg 2000w\" sizes=\"(max-width: 900px) 100vw, 900px\" \/><figcaption class=\"wp-element-caption\">FOTO: administratiascolilor6.ro<\/figcaption><\/figure>\n\n\n\n<figure class=\"wp-block-image size-large\"><img loading=\"lazy\" decoding=\"async\" width=\"900\" height=\"403\" data-id=\"77828\" src=\"data:image\/gif;base64,R0lGODlhAQABAAAAACH5BAEKAAEALAAAAAABAAEAAAICTAEAOw==\" data-src=\"https:\/\/buletin.de\/bucuresti\/wp-content\/uploads\/Grigore-Moisil-e1708454482723-900x403.jpg\" alt=\"\" class=\"wp-image-77828 lazyload\" data-sizes=\"auto\" data-srcset=\"https:\/\/buletin.de\/bucuresti\/wp-content\/uploads\/Grigore-Moisil-e1708454482723-900x403.jpg 900w, https:\/\/buletin.de\/bucuresti\/wp-content\/uploads\/Grigore-Moisil-e1708454482723-300x134.jpg 300w, https:\/\/buletin.de\/bucuresti\/wp-content\/uploads\/Grigore-Moisil-e1708454482723-768x344.jpg 768w, https:\/\/buletin.de\/bucuresti\/wp-content\/uploads\/Grigore-Moisil-e1708454482723-600x269.jpg 600w, https:\/\/buletin.de\/bucuresti\/wp-content\/uploads\/Grigore-Moisil-e1708454482723-20x9.jpg 20w, https:\/\/buletin.de\/bucuresti\/wp-content\/uploads\/Grigore-Moisil-e1708454482723.jpg 1080w\" sizes=\"(max-width: 900px) 100vw, 900px\" \/><figcaption class=\"wp-element-caption\">FOTO: FB\/ Ciprian Ciucu<\/figcaption><\/figure>\n<\/figure>\n\n\n\n<p>Costurile lucr\u0103rilor se aproprie de 220 milioane de lei, adic\u0103 aproximativ 44 milioane de euro. \u00cen aceea\u0219i \u0219edin\u021b\u0103, consilierii locali au aprobat \u0219i depunerea cererii de finan\u021bare \u00een cadrul apelului de proiecte din Programul Regional Bucure\u0219ti-Ilfov 2021-2027, astfel \u00eenc\u00e2t 80% din costuri s\u0103 fie acoperite din fonduri europene. <\/p>\n\n\n\n<p>\u00cen acest moment, se a\u0219teapt\u0103 ob\u021binerea finan\u021b\u0103rii. Prin urmare, momentan nu exist\u0103 o dat\u0103 fix\u0103 pentru \u00eenceperea\/finalizarea lucr\u0103rilor.<\/p>\n\n\n\n<h2 class=\"wp-block-heading\">Mai mul\u021bi bani pentru \u201e\u0219coal\u0103 dup\u0103 \u0219coal\u0103\u201d<\/h2>\n\n\n\n<p>De asemenea, consilierii locali au aprobat \u0219i suplimentarea fondurilor pentru<strong> <\/strong>construirea after-school-ului din incinta \u0218colii gimnaziale nr. 197. <\/p>\n\n\n\n<p>Proiectul a fost anun\u021bat \u00eenc\u0103 din 2018. Ulterior, indicatorii tehnico-economici au fost actualiza\u021bi de mai multe ori, astfel \u00eenc\u00e2t valoarea investi\u021biei a ajuns la 32,7 milioane de lei. Referitor la stadiul lucr\u0103rilor, procedura de licita\u021bie pentru proiectare \u0219i execu\u021bie a fost reluat\u0103, iar \u0219antierul a fost deschis \u00een prim\u0103vara anului trecut, anun\u021b\u0103 <a href=\"https:\/\/administratiascolilor6.ro\/admin_scoli_primariesector6\/node\/9308\">Administra\u021bia \u0218colilor Sector 6<\/a>.<\/p>\n\n\n\n<p>Cl\u0103direa va cuprinde opt clase, av\u00e2nd o capacitate de 200 locuri. Durata necesar\u0103 pentru finalizarea lucr\u0103rilor este de 26 luni.<\/p>\n\n\n\n<p>\u0218i pentru acest proiect a fost depus\u0103 o cerere de finan\u021bare \u00een cadrul aceluia\u0219i program, astfel \u00eenc\u00e2t doar 20% din costuri s\u0103 fie suportate din bugetul local.<\/p>\n\n\n\n<figure class=\"wp-block-gallery has-nested-images columns-default is-cropped wp-block-gallery-2 is-layout-flex wp-block-gallery-is-layout-flex\">\n<figure class=\"wp-block-image size-large\"><img loading=\"lazy\" decoding=\"async\" width=\"900\" height=\"600\" data-id=\"77832\" src=\"data:image\/gif;base64,R0lGODlhAQABAAAAACH5BAEKAAEALAAAAAABAAEAAAICTAEAOw==\" data-src=\"https:\/\/buletin.de\/bucuresti\/wp-content\/uploads\/Stadiu-lucrari-after-school-197-900x600.jpg\" alt=\"\" class=\"wp-image-77832 lazyload\" data-sizes=\"auto\" data-srcset=\"https:\/\/buletin.de\/bucuresti\/wp-content\/uploads\/Stadiu-lucrari-after-school-197-900x600.jpg 900w, https:\/\/buletin.de\/bucuresti\/wp-content\/uploads\/Stadiu-lucrari-after-school-197-300x200.jpg 300w, https:\/\/buletin.de\/bucuresti\/wp-content\/uploads\/Stadiu-lucrari-after-school-197-768x512.jpg 768w, https:\/\/buletin.de\/bucuresti\/wp-content\/uploads\/Stadiu-lucrari-after-school-197-1536x1024.jpg 1536w, https:\/\/buletin.de\/bucuresti\/wp-content\/uploads\/Stadiu-lucrari-after-school-197-1600x1066.jpg 1600w, https:\/\/buletin.de\/bucuresti\/wp-content\/uploads\/Stadiu-lucrari-after-school-197-1100x733.jpg 1100w, https:\/\/buletin.de\/bucuresti\/wp-content\/uploads\/Stadiu-lucrari-after-school-197-600x400.jpg 600w, https:\/\/buletin.de\/bucuresti\/wp-content\/uploads\/Stadiu-lucrari-after-school-197-20x13.jpg 20w, https:\/\/buletin.de\/bucuresti\/wp-content\/uploads\/Stadiu-lucrari-after-school-197.jpg 2000w\" sizes=\"(max-width: 900px) 100vw, 900px\" \/><\/figure>\n\n\n\n<figure class=\"wp-block-image size-large\"><img loading=\"lazy\" decoding=\"async\" width=\"900\" height=\"900\" data-id=\"77831\" src=\"data:image\/gif;base64,R0lGODlhAQABAAAAACH5BAEKAAEALAAAAAABAAEAAAICTAEAOw==\" data-src=\"https:\/\/buletin.de\/bucuresti\/wp-content\/uploads\/After-school-197-900x900.jpg\" alt=\"\" class=\"wp-image-77831 lazyload\" data-sizes=\"auto\" data-srcset=\"https:\/\/buletin.de\/bucuresti\/wp-content\/uploads\/After-school-197-900x900.jpg 900w, https:\/\/buletin.de\/bucuresti\/wp-content\/uploads\/After-school-197-300x300.jpg 300w, https:\/\/buletin.de\/bucuresti\/wp-content\/uploads\/After-school-197-150x150.jpg 150w, https:\/\/buletin.de\/bucuresti\/wp-content\/uploads\/After-school-197-768x768.jpg 768w, https:\/\/buletin.de\/bucuresti\/wp-content\/uploads\/After-school-197-1536x1536.jpg 1536w, https:\/\/buletin.de\/bucuresti\/wp-content\/uploads\/After-school-197-1600x1600.jpg 1600w, https:\/\/buletin.de\/bucuresti\/wp-content\/uploads\/After-school-197-1100x1100.jpg 1100w, https:\/\/buletin.de\/bucuresti\/wp-content\/uploads\/After-school-197-600x600.jpg 600w, https:\/\/buletin.de\/bucuresti\/wp-content\/uploads\/After-school-197-20x20.jpg 20w, https:\/\/buletin.de\/bucuresti\/wp-content\/uploads\/After-school-197.jpg 2000w\" sizes=\"(max-width: 900px) 100vw, 900px\" \/><\/figure>\n<figcaption class=\"blocks-gallery-caption wp-element-caption\">FOTO: administratiascolilor6.ro<\/figcaption><\/figure>\n","protected":false},"excerpt":{"rendered":"<p>Actuala cl\u0103dire a Colegiului Na\u021bional \u201eGrigore Moisil\u201d va fi demolat\u0103, din cauza riscului seismic de gradul II. \u00cen locul acesteia, se va ridica un nou imobil, mult mai spa\u021bios, dotat cu mobilier \u0219i echipamente moderne. Valoarea investi\u021biei este de aproape 44 milioane de euro, potrivit unei hot\u0103r\u00e2ri a Consiliului Local din 20 februarie. Totodat\u0103, costurile [&hellip;]<\/p>\n","protected":false},"author":55,"featured_media":77828,"comment_status":"closed","ping_status":"open","sticky":false,"template":"","format":"standard","meta":{"_acf_changed":false,"inline_featured_image":false,"ngg_post_thumbnail":0,"footnotes":""},"categories":[6994,3421,5762,24],"tags":[9948,8696,9949,9795,245,9946,9950,523,8551],"ppma_author":[22573],"class_list":["post-77825","post","type-post","status-publish","format-standard","has-post-thumbnail","hentry","category-stiri-2","category-educatie","category-main","category-primarie","tag-after-school-sector-6","tag-colegiul-national-grigore-moisil","tag-programul-scoala-dupa-scola","tag-reabilitare-scoli","tag-risc-seismic","tag-scoala-197","tag-scoli-si-licee-sector-6","tag-sector-6","tag-stadiul-lucrarilor"],"acf":[],"yoast_head":"<!-- This site is optimized with the Yoast SEO Premium plugin v25.3 (Yoast SEO v27.4) - https:\/\/yoast.com\/product\/yoast-seo-premium-wordpress\/ -->\n<title>Sector 6 | Cl\u0103dire nou\u0103 de 44 milioane de euro pentru Colegiul \u201eGrigore Moisil\u201d. Cea veche va fi demolat\u0103 - Buletin de Bucure\u0219ti<\/title>\n<meta name=\"robots\" content=\"index, follow, max-snippet:-1, max-image-preview:large, max-video-preview:-1\" \/>\n<link rel=\"canonical\" href=\"https:\/\/buletin.de\/bucuresti\/sector-6-i-cladire-noua-de-44-milioane-de-euro-pentru-colegiul-grigore-moisil-cea-veche-va-fi-demolata\/\" \/>\n<meta property=\"og:locale\" content=\"en_GB\" \/>\n<meta property=\"og:type\" content=\"article\" \/>\n<meta property=\"og:title\" content=\"Sector 6 | Cl\u0103dire nou\u0103 de 44 milioane de euro pentru Colegiul \u201eGrigore Moisil\u201d. Cea veche va fi demolat\u0103\" \/>\n<meta property=\"og:description\" content=\"Actuala cl\u0103dire a Colegiului Na\u021bional \u201eGrigore Moisil\u201d va fi demolat\u0103, din cauza riscului seismic de gradul II. \u00cen locul acesteia, se va ridica un nou imobil, mult mai spa\u021bios, dotat cu mobilier \u0219i echipamente moderne. Valoarea investi\u021biei este de aproape 44 milioane de euro, potrivit unei hot\u0103r\u00e2ri a Consiliului Local din 20 februarie. Totodat\u0103, costurile [&hellip;]\" \/>\n<meta property=\"og:url\" content=\"https:\/\/buletin.de\/bucuresti\/sector-6-i-cladire-noua-de-44-milioane-de-euro-pentru-colegiul-grigore-moisil-cea-veche-va-fi-demolata\/\" \/>\n<meta property=\"og:site_name\" content=\"Buletin de Bucure\u0219ti\" \/>\n<meta property=\"article:publisher\" content=\"https:\/\/www.facebook.com\/buletin.de.buc\" \/>\n<meta property=\"article:published_time\" content=\"2024-02-21T07:31:59+00:00\" \/>\n<meta property=\"article:modified_time\" content=\"2024-02-26T09:19:01+00:00\" \/>\n<meta property=\"og:image\" content=\"https:\/\/buletin.de\/bucuresti\/wp-content\/uploads\/Grigore-Moisil-e1708454482723.jpg\" \/>\n\t<meta property=\"og:image:width\" content=\"1080\" \/>\n\t<meta property=\"og:image:height\" content=\"484\" \/>\n\t<meta property=\"og:image:type\" content=\"image\/jpeg\" \/>\n<meta name=\"author\" content=\"Andreea Tudor\" \/>\n<meta name=\"twitter:card\" content=\"summary_large_image\" \/>\n<meta name=\"twitter:label1\" content=\"Written by\" \/>\n\t<meta name=\"twitter:data1\" content=\"Andreea Tudor\" \/>\n\t<meta name=\"twitter:label2\" content=\"Estimated reading time\" \/>\n\t<meta name=\"twitter:data2\" content=\"3 minutes\" \/>\n<script type=\"application\/ld+json\" class=\"yoast-schema-graph\">{\"@context\":\"https:\\\/\\\/schema.org\",\"@graph\":[{\"@type\":\"Article\",\"@id\":\"https:\\\/\\\/buletin.de\\\/bucuresti\\\/sector-6-i-cladire-noua-de-44-milioane-de-euro-pentru-colegiul-grigore-moisil-cea-veche-va-fi-demolata\\\/#article\",\"isPartOf\":{\"@id\":\"https:\\\/\\\/buletin.de\\\/bucuresti\\\/sector-6-i-cladire-noua-de-44-milioane-de-euro-pentru-colegiul-grigore-moisil-cea-veche-va-fi-demolata\\\/\"},\"author\":{\"name\":\"Andreea Tudor\",\"@id\":\"https:\\\/\\\/buletin.de\\\/bucuresti\\\/#\\\/schema\\\/person\\\/150590659efde715459d159da012f501\"},\"headline\":\"Sector 6 | Cl\u0103dire nou\u0103 de 44 milioane de euro pentru Colegiul \u201eGrigore Moisil\u201d. Cea veche va fi demolat\u0103\",\"datePublished\":\"2024-02-21T07:31:59+00:00\",\"dateModified\":\"2024-02-26T09:19:01+00:00\",\"mainEntityOfPage\":{\"@id\":\"https:\\\/\\\/buletin.de\\\/bucuresti\\\/sector-6-i-cladire-noua-de-44-milioane-de-euro-pentru-colegiul-grigore-moisil-cea-veche-va-fi-demolata\\\/\"},\"wordCount\":602,\"publisher\":{\"@id\":\"https:\\\/\\\/buletin.de\\\/bucuresti\\\/#organization\"},\"image\":{\"@id\":\"https:\\\/\\\/buletin.de\\\/bucuresti\\\/sector-6-i-cladire-noua-de-44-milioane-de-euro-pentru-colegiul-grigore-moisil-cea-veche-va-fi-demolata\\\/#primaryimage\"},\"thumbnailUrl\":\"https:\\\/\\\/buletin.de\\\/bucuresti\\\/wp-content\\\/uploads\\\/Grigore-Moisil-e1708454482723.jpg\",\"keywords\":[\"after-school Sector 6\",\"Colegiul Na\u021bional \u201eGrigore Moisil\u201d\",\"Programul \u0219coal\u0103 dup\u0103 \u0219col\u0103\",\"Reabilitare scoli\",\"risc seismic\",\"\u0218coala 197\",\"\u0219coli \u0219i licee sector 6\",\"Sector 6\",\"stadiul lucrarilor\"],\"articleSection\":[\"Articole\",\"Educa\u021bie\",\"Main\",\"Prim\u0103rie\"],\"inLanguage\":\"en-GB\",\"copyrightYear\":\"2024\",\"copyrightHolder\":{\"@id\":\"https:\\\/\\\/buletin.de\\\/bucuresti\\\/#organization\"}},{\"@type\":\"WebPage\",\"@id\":\"https:\\\/\\\/buletin.de\\\/bucuresti\\\/sector-6-i-cladire-noua-de-44-milioane-de-euro-pentru-colegiul-grigore-moisil-cea-veche-va-fi-demolata\\\/\",\"url\":\"https:\\\/\\\/buletin.de\\\/bucuresti\\\/sector-6-i-cladire-noua-de-44-milioane-de-euro-pentru-colegiul-grigore-moisil-cea-veche-va-fi-demolata\\\/\",\"name\":\"Sector 6 | Cl\u0103dire nou\u0103 de 44 milioane de euro pentru Colegiul \u201eGrigore Moisil\u201d. Cea veche va fi demolat\u0103 - Buletin de Bucure\u0219ti\",\"isPartOf\":{\"@id\":\"https:\\\/\\\/buletin.de\\\/bucuresti\\\/#website\"},\"primaryImageOfPage\":{\"@id\":\"https:\\\/\\\/buletin.de\\\/bucuresti\\\/sector-6-i-cladire-noua-de-44-milioane-de-euro-pentru-colegiul-grigore-moisil-cea-veche-va-fi-demolata\\\/#primaryimage\"},\"image\":{\"@id\":\"https:\\\/\\\/buletin.de\\\/bucuresti\\\/sector-6-i-cladire-noua-de-44-milioane-de-euro-pentru-colegiul-grigore-moisil-cea-veche-va-fi-demolata\\\/#primaryimage\"},\"thumbnailUrl\":\"https:\\\/\\\/buletin.de\\\/bucuresti\\\/wp-content\\\/uploads\\\/Grigore-Moisil-e1708454482723.jpg\",\"datePublished\":\"2024-02-21T07:31:59+00:00\",\"dateModified\":\"2024-02-26T09:19:01+00:00\",\"breadcrumb\":{\"@id\":\"https:\\\/\\\/buletin.de\\\/bucuresti\\\/sector-6-i-cladire-noua-de-44-milioane-de-euro-pentru-colegiul-grigore-moisil-cea-veche-va-fi-demolata\\\/#breadcrumb\"},\"inLanguage\":\"en-GB\",\"potentialAction\":[{\"@type\":\"ReadAction\",\"target\":[\"https:\\\/\\\/buletin.de\\\/bucuresti\\\/sector-6-i-cladire-noua-de-44-milioane-de-euro-pentru-colegiul-grigore-moisil-cea-veche-va-fi-demolata\\\/\"]}]},{\"@type\":\"ImageObject\",\"inLanguage\":\"en-GB\",\"@id\":\"https:\\\/\\\/buletin.de\\\/bucuresti\\\/sector-6-i-cladire-noua-de-44-milioane-de-euro-pentru-colegiul-grigore-moisil-cea-veche-va-fi-demolata\\\/#primaryimage\",\"url\":\"https:\\\/\\\/buletin.de\\\/bucuresti\\\/wp-content\\\/uploads\\\/Grigore-Moisil-e1708454482723.jpg\",\"contentUrl\":\"https:\\\/\\\/buletin.de\\\/bucuresti\\\/wp-content\\\/uploads\\\/Grigore-Moisil-e1708454482723.jpg\",\"width\":1080,\"height\":484,\"caption\":\"FOTO: FB\\\/ Ciprian Ciucu\"},{\"@type\":\"BreadcrumbList\",\"@id\":\"https:\\\/\\\/buletin.de\\\/bucuresti\\\/sector-6-i-cladire-noua-de-44-milioane-de-euro-pentru-colegiul-grigore-moisil-cea-veche-va-fi-demolata\\\/#breadcrumb\",\"itemListElement\":[{\"@type\":\"ListItem\",\"position\":1,\"name\":\"Acas\u0103\",\"item\":\"https:\\\/\\\/buletin.de\\\/bucuresti\\\/\"},{\"@type\":\"ListItem\",\"position\":2,\"name\":\"Sector 6 | Cl\u0103dire nou\u0103 de 44 milioane de euro pentru Colegiul \u201eGrigore Moisil\u201d. Cea veche va fi demolat\u0103\"}]},{\"@type\":\"WebSite\",\"@id\":\"https:\\\/\\\/buletin.de\\\/bucuresti\\\/#website\",\"url\":\"https:\\\/\\\/buletin.de\\\/bucuresti\\\/\",\"name\":\"Buletin de Bucure\u0219ti\",\"description\":\"\u0218tiri \u0219i investiga\u021bii esen\u021biale din capital\u0103\",\"publisher\":{\"@id\":\"https:\\\/\\\/buletin.de\\\/bucuresti\\\/#organization\"},\"potentialAction\":[{\"@type\":\"SearchAction\",\"target\":{\"@type\":\"EntryPoint\",\"urlTemplate\":\"https:\\\/\\\/buletin.de\\\/bucuresti\\\/?s={search_term_string}\"},\"query-input\":{\"@type\":\"PropertyValueSpecification\",\"valueRequired\":true,\"valueName\":\"search_term_string\"}}],\"inLanguage\":\"en-GB\"},{\"@type\":\"Organization\",\"@id\":\"https:\\\/\\\/buletin.de\\\/bucuresti\\\/#organization\",\"name\":\"Buletin de Bucure\u0219ti\",\"url\":\"https:\\\/\\\/buletin.de\\\/bucuresti\\\/\",\"logo\":{\"@type\":\"ImageObject\",\"inLanguage\":\"en-GB\",\"@id\":\"https:\\\/\\\/buletin.de\\\/bucuresti\\\/#\\\/schema\\\/logo\\\/image\\\/\",\"url\":\"https:\\\/\\\/buletin.de\\\/bucuresti\\\/wp-content\\\/uploads\\\/logo-bdb-full-wide-vernil-transparent.png\",\"contentUrl\":\"https:\\\/\\\/buletin.de\\\/bucuresti\\\/wp-content\\\/uploads\\\/logo-bdb-full-wide-vernil-transparent.png\",\"width\":1782,\"height\":626,\"caption\":\"Buletin de Bucure\u0219ti\"},\"image\":{\"@id\":\"https:\\\/\\\/buletin.de\\\/bucuresti\\\/#\\\/schema\\\/logo\\\/image\\\/\"},\"sameAs\":[\"https:\\\/\\\/www.facebook.com\\\/buletin.de.buc\",\"https:\\\/\\\/www.instagram.com\\\/buletinde.bucuresti\\\/\"]},{\"@type\":\"Person\",\"@id\":\"https:\\\/\\\/buletin.de\\\/bucuresti\\\/#\\\/schema\\\/person\\\/150590659efde715459d159da012f501\",\"name\":\"Andreea Tudor\",\"image\":{\"@type\":\"ImageObject\",\"inLanguage\":\"en-GB\",\"@id\":\"https:\\\/\\\/secure.gravatar.com\\\/avatar\\\/a88705a186ab0b67f3349bcbced506c09e37256fbaad0e7f3bd1a79b4599f589?s=96&d=monsterid&r=g79290610aa1a65c2b86eebc2ca5aee8f\",\"url\":\"https:\\\/\\\/secure.gravatar.com\\\/avatar\\\/a88705a186ab0b67f3349bcbced506c09e37256fbaad0e7f3bd1a79b4599f589?s=96&d=monsterid&r=g\",\"contentUrl\":\"https:\\\/\\\/secure.gravatar.com\\\/avatar\\\/a88705a186ab0b67f3349bcbced506c09e37256fbaad0e7f3bd1a79b4599f589?s=96&d=monsterid&r=g\",\"caption\":\"Andreea Tudor\"},\"description\":\"N\u0103scut\u0103 \u0219i crescut\u0103 \u00een Bucure\u0219ti, sus\u021bin\u0103toare a presei independente. A\u0219a am ajuns redactor la Buletin de Bucure\u0219ti. Fiind eu, \u00eens\u0103mi, parte a sistemului de \u00eenv\u0103\u021b\u0103m\u00e2nt rom\u00e2nesc \u0219i pasionat\u0103 de domeniul social, pun sub lup\u0103 tot ceea ce se \u00eent\u00e2mpl\u0103 \u00een sfera educa\u021biei. Cred cu t\u0103rie c\u0103 presa \u201epentru cet\u0103\u021beni\u201d este presa independent\u0103. Oamenii au nevoie de o informare corect\u0103 pentru a \u00een\u021belege pe deplin ce se \u00eent\u00e2mpl\u0103 \u00een jurul lor \u0219i pentru a lua ac\u021biune \u00eempotriva nedrept\u0103\u021bilor.\",\"url\":\"https:\\\/\\\/buletin.de\\\/bucuresti\\\/author\\\/andreeatudor\\\/\"}]}<\/script>\n<!-- \/ Yoast SEO Premium plugin. -->","yoast_head_json":{"title":"Sector 6 | Cl\u0103dire nou\u0103 de 44 milioane de euro pentru Colegiul \u201eGrigore Moisil\u201d. Cea veche va fi demolat\u0103 - Buletin de Bucure\u0219ti","robots":{"index":"index","follow":"follow","max-snippet":"max-snippet:-1","max-image-preview":"max-image-preview:large","max-video-preview":"max-video-preview:-1"},"canonical":"https:\/\/buletin.de\/bucuresti\/sector-6-i-cladire-noua-de-44-milioane-de-euro-pentru-colegiul-grigore-moisil-cea-veche-va-fi-demolata\/","og_locale":"en_GB","og_type":"article","og_title":"Sector 6 | Cl\u0103dire nou\u0103 de 44 milioane de euro pentru Colegiul \u201eGrigore Moisil\u201d. Cea veche va fi demolat\u0103","og_description":"Actuala cl\u0103dire a Colegiului Na\u021bional \u201eGrigore Moisil\u201d va fi demolat\u0103, din cauza riscului seismic de gradul II. \u00cen locul acesteia, se va ridica un nou imobil, mult mai spa\u021bios, dotat cu mobilier \u0219i echipamente moderne. Valoarea investi\u021biei este de aproape 44 milioane de euro, potrivit unei hot\u0103r\u00e2ri a Consiliului Local din 20 februarie. Totodat\u0103, costurile [&hellip;]","og_url":"https:\/\/buletin.de\/bucuresti\/sector-6-i-cladire-noua-de-44-milioane-de-euro-pentru-colegiul-grigore-moisil-cea-veche-va-fi-demolata\/","og_site_name":"Buletin de Bucure\u0219ti","article_publisher":"https:\/\/www.facebook.com\/buletin.de.buc","article_published_time":"2024-02-21T07:31:59+00:00","article_modified_time":"2024-02-26T09:19:01+00:00","og_image":[{"width":1080,"height":484,"url":"https:\/\/buletin.de\/bucuresti\/wp-content\/uploads\/Grigore-Moisil-e1708454482723.jpg","type":"image\/jpeg"}],"author":"Andreea Tudor","twitter_card":"summary_large_image","twitter_misc":{"Written by":"Andreea Tudor","Estimated reading time":"3 minutes"},"schema":{"@context":"https:\/\/schema.org","@graph":[{"@type":"Article","@id":"https:\/\/buletin.de\/bucuresti\/sector-6-i-cladire-noua-de-44-milioane-de-euro-pentru-colegiul-grigore-moisil-cea-veche-va-fi-demolata\/#article","isPartOf":{"@id":"https:\/\/buletin.de\/bucuresti\/sector-6-i-cladire-noua-de-44-milioane-de-euro-pentru-colegiul-grigore-moisil-cea-veche-va-fi-demolata\/"},"author":{"name":"Andreea Tudor","@id":"https:\/\/buletin.de\/bucuresti\/#\/schema\/person\/150590659efde715459d159da012f501"},"headline":"Sector 6 | Cl\u0103dire nou\u0103 de 44 milioane de euro pentru Colegiul \u201eGrigore Moisil\u201d. Cea veche va fi demolat\u0103","datePublished":"2024-02-21T07:31:59+00:00","dateModified":"2024-02-26T09:19:01+00:00","mainEntityOfPage":{"@id":"https:\/\/buletin.de\/bucuresti\/sector-6-i-cladire-noua-de-44-milioane-de-euro-pentru-colegiul-grigore-moisil-cea-veche-va-fi-demolata\/"},"wordCount":602,"publisher":{"@id":"https:\/\/buletin.de\/bucuresti\/#organization"},"image":{"@id":"https:\/\/buletin.de\/bucuresti\/sector-6-i-cladire-noua-de-44-milioane-de-euro-pentru-colegiul-grigore-moisil-cea-veche-va-fi-demolata\/#primaryimage"},"thumbnailUrl":"https:\/\/buletin.de\/bucuresti\/wp-content\/uploads\/Grigore-Moisil-e1708454482723.jpg","keywords":["after-school Sector 6","Colegiul Na\u021bional \u201eGrigore Moisil\u201d","Programul \u0219coal\u0103 dup\u0103 \u0219col\u0103","Reabilitare scoli","risc seismic","\u0218coala 197","\u0219coli \u0219i licee sector 6","Sector 6","stadiul lucrarilor"],"articleSection":["Articole","Educa\u021bie","Main","Prim\u0103rie"],"inLanguage":"en-GB","copyrightYear":"2024","copyrightHolder":{"@id":"https:\/\/buletin.de\/bucuresti\/#organization"}},{"@type":"WebPage","@id":"https:\/\/buletin.de\/bucuresti\/sector-6-i-cladire-noua-de-44-milioane-de-euro-pentru-colegiul-grigore-moisil-cea-veche-va-fi-demolata\/","url":"https:\/\/buletin.de\/bucuresti\/sector-6-i-cladire-noua-de-44-milioane-de-euro-pentru-colegiul-grigore-moisil-cea-veche-va-fi-demolata\/","name":"Sector 6 | Cl\u0103dire nou\u0103 de 44 milioane de euro pentru Colegiul \u201eGrigore Moisil\u201d. Cea veche va fi demolat\u0103 - Buletin de Bucure\u0219ti","isPartOf":{"@id":"https:\/\/buletin.de\/bucuresti\/#website"},"primaryImageOfPage":{"@id":"https:\/\/buletin.de\/bucuresti\/sector-6-i-cladire-noua-de-44-milioane-de-euro-pentru-colegiul-grigore-moisil-cea-veche-va-fi-demolata\/#primaryimage"},"image":{"@id":"https:\/\/buletin.de\/bucuresti\/sector-6-i-cladire-noua-de-44-milioane-de-euro-pentru-colegiul-grigore-moisil-cea-veche-va-fi-demolata\/#primaryimage"},"thumbnailUrl":"https:\/\/buletin.de\/bucuresti\/wp-content\/uploads\/Grigore-Moisil-e1708454482723.jpg","datePublished":"2024-02-21T07:31:59+00:00","dateModified":"2024-02-26T09:19:01+00:00","breadcrumb":{"@id":"https:\/\/buletin.de\/bucuresti\/sector-6-i-cladire-noua-de-44-milioane-de-euro-pentru-colegiul-grigore-moisil-cea-veche-va-fi-demolata\/#breadcrumb"},"inLanguage":"en-GB","potentialAction":[{"@type":"ReadAction","target":["https:\/\/buletin.de\/bucuresti\/sector-6-i-cladire-noua-de-44-milioane-de-euro-pentru-colegiul-grigore-moisil-cea-veche-va-fi-demolata\/"]}]},{"@type":"ImageObject","inLanguage":"en-GB","@id":"https:\/\/buletin.de\/bucuresti\/sector-6-i-cladire-noua-de-44-milioane-de-euro-pentru-colegiul-grigore-moisil-cea-veche-va-fi-demolata\/#primaryimage","url":"https:\/\/buletin.de\/bucuresti\/wp-content\/uploads\/Grigore-Moisil-e1708454482723.jpg","contentUrl":"https:\/\/buletin.de\/bucuresti\/wp-content\/uploads\/Grigore-Moisil-e1708454482723.jpg","width":1080,"height":484,"caption":"FOTO: FB\/ Ciprian Ciucu"},{"@type":"BreadcrumbList","@id":"https:\/\/buletin.de\/bucuresti\/sector-6-i-cladire-noua-de-44-milioane-de-euro-pentru-colegiul-grigore-moisil-cea-veche-va-fi-demolata\/#breadcrumb","itemListElement":[{"@type":"ListItem","position":1,"name":"Acas\u0103","item":"https:\/\/buletin.de\/bucuresti\/"},{"@type":"ListItem","position":2,"name":"Sector 6 | Cl\u0103dire nou\u0103 de 44 milioane de euro pentru Colegiul \u201eGrigore Moisil\u201d. Cea veche va fi demolat\u0103"}]},{"@type":"WebSite","@id":"https:\/\/buletin.de\/bucuresti\/#website","url":"https:\/\/buletin.de\/bucuresti\/","name":"Buletin de Bucure\u0219ti","description":"\u0218tiri \u0219i investiga\u021bii esen\u021biale din capital\u0103","publisher":{"@id":"https:\/\/buletin.de\/bucuresti\/#organization"},"potentialAction":[{"@type":"SearchAction","target":{"@type":"EntryPoint","urlTemplate":"https:\/\/buletin.de\/bucuresti\/?s={search_term_string}"},"query-input":{"@type":"PropertyValueSpecification","valueRequired":true,"valueName":"search_term_string"}}],"inLanguage":"en-GB"},{"@type":"Organization","@id":"https:\/\/buletin.de\/bucuresti\/#organization","name":"Buletin de Bucure\u0219ti","url":"https:\/\/buletin.de\/bucuresti\/","logo":{"@type":"ImageObject","inLanguage":"en-GB","@id":"https:\/\/buletin.de\/bucuresti\/#\/schema\/logo\/image\/","url":"https:\/\/buletin.de\/bucuresti\/wp-content\/uploads\/logo-bdb-full-wide-vernil-transparent.png","contentUrl":"https:\/\/buletin.de\/bucuresti\/wp-content\/uploads\/logo-bdb-full-wide-vernil-transparent.png","width":1782,"height":626,"caption":"Buletin de Bucure\u0219ti"},"image":{"@id":"https:\/\/buletin.de\/bucuresti\/#\/schema\/logo\/image\/"},"sameAs":["https:\/\/www.facebook.com\/buletin.de.buc","https:\/\/www.instagram.com\/buletinde.bucuresti\/"]},{"@type":"Person","@id":"https:\/\/buletin.de\/bucuresti\/#\/schema\/person\/150590659efde715459d159da012f501","name":"Andreea Tudor","image":{"@type":"ImageObject","inLanguage":"en-GB","@id":"https:\/\/secure.gravatar.com\/avatar\/a88705a186ab0b67f3349bcbced506c09e37256fbaad0e7f3bd1a79b4599f589?s=96&d=monsterid&r=g79290610aa1a65c2b86eebc2ca5aee8f","url":"https:\/\/secure.gravatar.com\/avatar\/a88705a186ab0b67f3349bcbced506c09e37256fbaad0e7f3bd1a79b4599f589?s=96&d=monsterid&r=g","contentUrl":"https:\/\/secure.gravatar.com\/avatar\/a88705a186ab0b67f3349bcbced506c09e37256fbaad0e7f3bd1a79b4599f589?s=96&d=monsterid&r=g","caption":"Andreea Tudor"},"description":"N\u0103scut\u0103 \u0219i crescut\u0103 \u00een Bucure\u0219ti, sus\u021bin\u0103toare a presei independente. A\u0219a am ajuns redactor la Buletin de Bucure\u0219ti. Fiind eu, \u00eens\u0103mi, parte a sistemului de \u00eenv\u0103\u021b\u0103m\u00e2nt rom\u00e2nesc \u0219i pasionat\u0103 de domeniul social, pun sub lup\u0103 tot ceea ce se \u00eent\u00e2mpl\u0103 \u00een sfera educa\u021biei. Cred cu t\u0103rie c\u0103 presa \u201epentru cet\u0103\u021beni\u201d este presa independent\u0103. Oamenii au nevoie de o informare corect\u0103 pentru a \u00een\u021belege pe deplin ce se \u00eent\u00e2mpl\u0103 \u00een jurul lor \u0219i pentru a lua ac\u021biune \u00eempotriva nedrept\u0103\u021bilor.","url":"https:\/\/buletin.de\/bucuresti\/author\/andreeatudor\/"}]}},"authors":[{"term_id":22573,"user_id":55,"is_guest":0,"slug":"andreeatudor","display_name":"Andreea Tudor","avatar_url":"https:\/\/secure.gravatar.com\/avatar\/a88705a186ab0b67f3349bcbced506c09e37256fbaad0e7f3bd1a79b4599f589?s=96&d=monsterid&r=g","0":null,"1":"","2":"","3":"","4":"","5":"","6":"","7":"","8":""}],"_links":{"self":[{"href":"https:\/\/buletin.de\/bucuresti\/wp-json\/wp\/v2\/posts\/77825","targetHints":{"allow":["GET"]}}],"collection":[{"href":"https:\/\/buletin.de\/bucuresti\/wp-json\/wp\/v2\/posts"}],"about":[{"href":"https:\/\/buletin.de\/bucuresti\/wp-json\/wp\/v2\/types\/post"}],"author":[{"embeddable":true,"href":"https:\/\/buletin.de\/bucuresti\/wp-json\/wp\/v2\/users\/55"}],"replies":[{"embeddable":true,"href":"https:\/\/buletin.de\/bucuresti\/wp-json\/wp\/v2\/comments?post=77825"}],"version-history":[{"count":10,"href":"https:\/\/buletin.de\/bucuresti\/wp-json\/wp\/v2\/posts\/77825\/revisions"}],"predecessor-version":[{"id":77853,"href":"https:\/\/buletin.de\/bucuresti\/wp-json\/wp\/v2\/posts\/77825\/revisions\/77853"}],"wp:featuredmedia":[{"embeddable":true,"href":"https:\/\/buletin.de\/bucuresti\/wp-json\/wp\/v2\/media\/77828"}],"wp:attachment":[{"href":"https:\/\/buletin.de\/bucuresti\/wp-json\/wp\/v2\/media?parent=77825"}],"wp:term":[{"taxonomy":"category","embeddable":true,"href":"https:\/\/buletin.de\/bucuresti\/wp-json\/wp\/v2\/categories?post=77825"},{"taxonomy":"post_tag","embeddable":true,"href":"https:\/\/buletin.de\/bucuresti\/wp-json\/wp\/v2\/tags?post=77825"},{"taxonomy":"author","embeddable":true,"href":"https:\/\/buletin.de\/bucuresti\/wp-json\/wp\/v2\/ppma_author?post=77825"}],"curies":[{"name":"wp","href":"https:\/\/api.w.org\/{rel}","templated":true}]}}