{"id":77554,"date":"2024-02-19T10:34:00","date_gmt":"2024-02-19T08:34:00","guid":{"rendered":"https:\/\/buletin.de\/bucuresti\/?p=77554"},"modified":"2024-02-19T11:07:42","modified_gmt":"2024-02-19T09:07:42","slug":"sector-6-faceliftpentru-veteranilor-cu-aproape-4-milioane-de-lei","status":"publish","type":"post","link":"https:\/\/buletin.de\/bucuresti\/sector-6-faceliftpentru-veteranilor-cu-aproape-4-milioane-de-lei\/","title":{"rendered":"Sector 6 | \u201eFacelift\u201d pentru Veteranilor, cu aproape 800.000 de euro"},"content":{"rendered":"\n<p><strong>Complexul Veteranilor, din zona Lujerului, Militari, va fi ref\u0103cut cu 3.9 milioane de lei (780.000 euro). Lucr\u0103rile ar trebui s\u0103 dureze maximum un an<\/strong>.<\/p>\n\n\n\n<p>Lucr\u0103rile presupun at\u00e2t <em>\u201ereabilitarea acoperi\u0219ului, a structurii interioare \u0219i a fa\u021badei\u201d<\/em>, c\u00e2t \u0219i <em>\u201emodernizarea spa\u021biilor comerciale\u201d<\/em>, anun\u021b\u0103 primarul Sectorului 6, Ciprian Ciucu.<\/p>\n\n\n\n<p>Autoriza\u021bia de construire a fost semnat\u0103, urm\u00e2nd ca ordinul de \u00eencepere a lucr\u0103rilor s\u0103 fie dat \u00een cur\u00e2nd. Perioada necesar\u0103 finaliz\u0103rii proiectului este cuprins\u0103 \u00eentre nou\u0103 luni \u0219i un an. <\/p>\n\n\n\n<figure class=\"wp-block-image size-large\"><img fetchpriority=\"high\" decoding=\"async\" width=\"900\" height=\"477\" src=\"data:image\/gif;base64,R0lGODlhAQABAAAAACH5BAEKAAEALAAAAAABAAEAAAICTAEAOw==\" data-src=\"https:\/\/buletin.de\/bucuresti\/wp-content\/uploads\/Complexul-Veteranilor-2-900x477.jpg\" alt=\"\" class=\"wp-image-77558 lazyload\" data-sizes=\"auto\" data-srcset=\"https:\/\/buletin.de\/bucuresti\/wp-content\/uploads\/Complexul-Veteranilor-2-900x477.jpg 900w, https:\/\/buletin.de\/bucuresti\/wp-content\/uploads\/Complexul-Veteranilor-2-300x159.jpg 300w, https:\/\/buletin.de\/bucuresti\/wp-content\/uploads\/Complexul-Veteranilor-2-768x407.jpg 768w, https:\/\/buletin.de\/bucuresti\/wp-content\/uploads\/Complexul-Veteranilor-2-600x318.jpg 600w, https:\/\/buletin.de\/bucuresti\/wp-content\/uploads\/Complexul-Veteranilor-2-20x11.jpg 20w, https:\/\/buletin.de\/bucuresti\/wp-content\/uploads\/Complexul-Veteranilor-2.jpg 937w\" sizes=\"(max-width: 900px) 100vw, 900px\" \/><figcaption class=\"wp-element-caption\">FOTO: FB\/ Ciprian Ciucu<\/figcaption><\/figure>\n\n\n\n<h2 class=\"wp-block-heading\">Incendiu la Veteranilor<\/h2>\n\n\n\n<p>\u00cen urm\u0103 cu mai bine de doi ani, c\u00e2teva magazine de haine din cadrul complexului au fost cuprinse de fl\u0103c\u0103ri. Nu au fost victime, \u00eens\u0103 pagubele materiale au fost mari. Primarul a mers atunci la fa\u0163a locului, a discutat cu cei afecta\u0163i \u015fi le-a promis c\u0103 vor fi scuti\u0163i de chirie, p\u00e2n\u0103 la reluarea activit\u0103\u0163ii, potrivit unei post\u0103ri pe Facebook a Prim\u0103riei.<\/p>\n\n\n\n<p>\u00cenc\u0103 de atunci, edilul promitea solu\u021bii pentru \u00eembun\u0103t\u0103\u021birea spa\u021biilor comerciale din sector:<\/p>\n\n\n\n<blockquote class=\"wp-block-quote is-layout-flow wp-block-quote-is-layout-flow\">\n<p><strong><em>\u00cen rest sunt con\u0219tient de starea precar\u0103 a tuturor pie\u0163elor din Sectorul 6, date in administrare pe 20 si 30 de ani. Am c\u00e2teva solu\u021bii, le vom discuta dup\u0103 ce se vor contura mai bine, si asta va fi in cur\u00e2nd<\/em><\/strong>.<\/p>\n<cite>Ciprian Ciucu, primarul Sectorului 6, 14 aprilie 2021<\/cite><\/blockquote>\n\n\n\n<figure class=\"wp-block-gallery has-nested-images columns-2 is-cropped wp-block-gallery-1 is-layout-flex wp-block-gallery-is-layout-flex\">\n<figure class=\"wp-block-image size-large\"><img decoding=\"async\" width=\"675\" height=\"900\" data-id=\"77568\" src=\"data:image\/gif;base64,R0lGODlhAQABAAAAACH5BAEKAAEALAAAAAABAAEAAAICTAEAOw==\" data-src=\"https:\/\/buletin.de\/bucuresti\/wp-content\/uploads\/Pompieri-1-675x900.jpg\" alt=\"\" class=\"wp-image-77568 lazyload\" data-sizes=\"auto\" data-srcset=\"https:\/\/buletin.de\/bucuresti\/wp-content\/uploads\/Pompieri-1-675x900.jpg 675w, https:\/\/buletin.de\/bucuresti\/wp-content\/uploads\/Pompieri-1-225x300.jpg 225w, https:\/\/buletin.de\/bucuresti\/wp-content\/uploads\/Pompieri-1-768x1023.jpg 768w, https:\/\/buletin.de\/bucuresti\/wp-content\/uploads\/Pompieri-1-1153x1536.jpg 1153w, https:\/\/buletin.de\/bucuresti\/wp-content\/uploads\/Pompieri-1-1100x1466.jpg 1100w, https:\/\/buletin.de\/bucuresti\/wp-content\/uploads\/Pompieri-1-600x800.jpg 600w, https:\/\/buletin.de\/bucuresti\/wp-content\/uploads\/Pompieri-1-20x27.jpg 20w, https:\/\/buletin.de\/bucuresti\/wp-content\/uploads\/Pompieri-1.jpg 1200w\" sizes=\"(max-width: 675px) 100vw, 675px\" \/><\/figure>\n\n\n\n<figure class=\"wp-block-image size-large\"><img decoding=\"async\" width=\"675\" height=\"900\" data-id=\"77567\" src=\"data:image\/gif;base64,R0lGODlhAQABAAAAACH5BAEKAAEALAAAAAABAAEAAAICTAEAOw==\" data-src=\"https:\/\/buletin.de\/bucuresti\/wp-content\/uploads\/Complexul-Veteranilor-incendiu-2-675x900.jpg\" alt=\"\" class=\"wp-image-77567 lazyload\" data-sizes=\"auto\" data-srcset=\"https:\/\/buletin.de\/bucuresti\/wp-content\/uploads\/Complexul-Veteranilor-incendiu-2-675x900.jpg 675w, https:\/\/buletin.de\/bucuresti\/wp-content\/uploads\/Complexul-Veteranilor-incendiu-2-225x300.jpg 225w, https:\/\/buletin.de\/bucuresti\/wp-content\/uploads\/Complexul-Veteranilor-incendiu-2-768x1023.jpg 768w, https:\/\/buletin.de\/bucuresti\/wp-content\/uploads\/Complexul-Veteranilor-incendiu-2-1153x1536.jpg 1153w, https:\/\/buletin.de\/bucuresti\/wp-content\/uploads\/Complexul-Veteranilor-incendiu-2-1100x1466.jpg 1100w, https:\/\/buletin.de\/bucuresti\/wp-content\/uploads\/Complexul-Veteranilor-incendiu-2-600x800.jpg 600w, https:\/\/buletin.de\/bucuresti\/wp-content\/uploads\/Complexul-Veteranilor-incendiu-2-20x27.jpg 20w, https:\/\/buletin.de\/bucuresti\/wp-content\/uploads\/Complexul-Veteranilor-incendiu-2.jpg 1200w\" sizes=\"(max-width: 675px) 100vw, 675px\" \/><\/figure>\n<figcaption class=\"blocks-gallery-caption wp-element-caption\">FOTO: FB\/ Prim\u0103ria Sectorului 6<\/figcaption><\/figure>\n\n\n\n<p><\/p>\n\n\n\n<p><strong>CITE\u015eTE \u015eI:<\/strong><\/p>\n\n\n\n<figure class=\"wp-block-embed is-type-wp-embed is-provider-buletin-de-bucure-ti wp-block-embed-buletin-de-bucure-ti\"><div class=\"wp-block-embed__wrapper\">\n<blockquote class=\"wp-embedded-content\" data-secret=\"ucfe2yBvpH\"><a href=\"https:\/\/buletin.de\/bucuresti\/sector-6-i-oprire-interzisa-pe-aleea-de-acces-catre-piata-drumul-taberei-cetatenii-sunt-somati-sa-foloseasca-parcarea-securizata\/\">Sector 6 I \u201eOprire Interzis\u0103\u201d pe aleea de acces c\u0103tre Pia\u021ba Drumul Taberei. Cet\u0103\u021benii sunt soma\u021bi s\u0103 foloseasc\u0103 parcarea securizat\u0103<\/a><\/blockquote><iframe class=\"wp-embedded-content\" sandbox=\"allow-scripts\" security=\"restricted\" style=\"position: absolute; visibility: hidden;\" title=\"&#8220;Sector 6 I \u201eOprire Interzis\u0103\u201d pe aleea de acces c\u0103tre Pia\u021ba Drumul Taberei. Cet\u0103\u021benii sunt soma\u021bi s\u0103 foloseasc\u0103 parcarea securizat\u0103&#8221; &#8212; Buletin de Bucure\u0219ti\" src=\"https:\/\/buletin.de\/bucuresti\/sector-6-i-oprire-interzisa-pe-aleea-de-acces-catre-piata-drumul-taberei-cetatenii-sunt-somati-sa-foloseasca-parcarea-securizata\/embed\/#?secret=GpKONqxn4h#?secret=ucfe2yBvpH\" data-secret=\"ucfe2yBvpH\" width=\"600\" height=\"338\" frameborder=\"0\" marginwidth=\"0\" marginheight=\"0\" scrolling=\"no\"><\/iframe>\n<\/div><\/figure>\n","protected":false},"excerpt":{"rendered":"<p>Complexul Veteranilor, din zona Lujerului, Militari, va fi ref\u0103cut cu 3.9 milioane de lei (780.000 euro). Lucr\u0103rile ar trebui s\u0103 dureze maximum un an. Lucr\u0103rile presupun at\u00e2t \u201ereabilitarea acoperi\u0219ului, a structurii interioare \u0219i a fa\u021badei\u201d, c\u00e2t \u0219i \u201emodernizarea spa\u021biilor comerciale\u201d, anun\u021b\u0103 primarul Sectorului 6, Ciprian Ciucu. Autoriza\u021bia de construire a fost semnat\u0103, urm\u00e2nd ca ordinul [&hellip;]<\/p>\n","protected":false},"author":55,"featured_media":77563,"comment_status":"closed","ping_status":"open","sticky":false,"template":"","format":"standard","meta":{"_acf_changed":false,"inline_featured_image":false,"ngg_post_thumbnail":0,"footnotes":""},"categories":[6994,24,62],"tags":[9902,341,9903,9905,523,9904],"ppma_author":[22573],"class_list":["post-77554","post","type-post","status-publish","format-standard","has-post-thumbnail","hentry","category-stiri-2","category-primarie","category-stiri","tag-complexul-veteranilor","tag-incendiu","tag-piata-veteranilor","tag-reabilitare-complex-comercial","tag-sector-6","tag-spatii-comericiale"],"acf":[],"yoast_head":"<!-- This site is optimized with the Yoast SEO Premium plugin v25.3 (Yoast SEO v27.4) - https:\/\/yoast.com\/product\/yoast-seo-premium-wordpress\/ -->\n<title>Sector 6 | \u201eFacelift\u201d pentru Veteranilor, cu aproape 800.000 de euro - Buletin de Bucure\u0219ti<\/title>\n<meta name=\"robots\" content=\"index, follow, max-snippet:-1, max-image-preview:large, max-video-preview:-1\" \/>\n<link rel=\"canonical\" href=\"https:\/\/buletin.de\/bucuresti\/sector-6-faceliftpentru-veteranilor-cu-aproape-4-milioane-de-lei\/\" \/>\n<meta property=\"og:locale\" content=\"en_GB\" \/>\n<meta property=\"og:type\" content=\"article\" \/>\n<meta property=\"og:title\" content=\"Sector 6 | \u201eFacelift\u201d pentru Veteranilor, cu aproape 800.000 de euro\" \/>\n<meta property=\"og:description\" content=\"Complexul Veteranilor, din zona Lujerului, Militari, va fi ref\u0103cut cu 3.9 milioane de lei (780.000 euro). Lucr\u0103rile ar trebui s\u0103 dureze maximum un an. Lucr\u0103rile presupun at\u00e2t \u201ereabilitarea acoperi\u0219ului, a structurii interioare \u0219i a fa\u021badei\u201d, c\u00e2t \u0219i \u201emodernizarea spa\u021biilor comerciale\u201d, anun\u021b\u0103 primarul Sectorului 6, Ciprian Ciucu. Autoriza\u021bia de construire a fost semnat\u0103, urm\u00e2nd ca ordinul [&hellip;]\" \/>\n<meta property=\"og:url\" content=\"https:\/\/buletin.de\/bucuresti\/sector-6-faceliftpentru-veteranilor-cu-aproape-4-milioane-de-lei\/\" \/>\n<meta property=\"og:site_name\" content=\"Buletin de Bucure\u0219ti\" \/>\n<meta property=\"article:publisher\" content=\"https:\/\/www.facebook.com\/buletin.de.buc\" \/>\n<meta property=\"article:published_time\" content=\"2024-02-19T08:34:00+00:00\" \/>\n<meta property=\"article:modified_time\" content=\"2024-02-19T09:07:42+00:00\" \/>\n<meta property=\"og:image\" content=\"https:\/\/buletin.de\/bucuresti\/wp-content\/uploads\/Complexul-Veteranilor-1.jpg\" \/>\n\t<meta property=\"og:image:width\" content=\"964\" \/>\n\t<meta property=\"og:image:height\" content=\"505\" \/>\n\t<meta property=\"og:image:type\" content=\"image\/jpeg\" \/>\n<meta name=\"author\" content=\"Andreea Tudor\" \/>\n<meta name=\"twitter:card\" content=\"summary_large_image\" \/>\n<meta name=\"twitter:label1\" content=\"Written by\" \/>\n\t<meta name=\"twitter:data1\" content=\"Andreea Tudor\" \/>\n\t<meta name=\"twitter:label2\" content=\"Estimated reading time\" \/>\n\t<meta name=\"twitter:data2\" content=\"1 minute\" \/>\n<script type=\"application\/ld+json\" class=\"yoast-schema-graph\">{\"@context\":\"https:\\\/\\\/schema.org\",\"@graph\":[{\"@type\":\"Article\",\"@id\":\"https:\\\/\\\/buletin.de\\\/bucuresti\\\/sector-6-faceliftpentru-veteranilor-cu-aproape-4-milioane-de-lei\\\/#article\",\"isPartOf\":{\"@id\":\"https:\\\/\\\/buletin.de\\\/bucuresti\\\/sector-6-faceliftpentru-veteranilor-cu-aproape-4-milioane-de-lei\\\/\"},\"author\":{\"name\":\"Andreea Tudor\",\"@id\":\"https:\\\/\\\/buletin.de\\\/bucuresti\\\/#\\\/schema\\\/person\\\/150590659efde715459d159da012f501\"},\"headline\":\"Sector 6 | \u201eFacelift\u201d pentru Veteranilor, cu aproape 800.000 de euro\",\"datePublished\":\"2024-02-19T08:34:00+00:00\",\"dateModified\":\"2024-02-19T09:07:42+00:00\",\"mainEntityOfPage\":{\"@id\":\"https:\\\/\\\/buletin.de\\\/bucuresti\\\/sector-6-faceliftpentru-veteranilor-cu-aproape-4-milioane-de-lei\\\/\"},\"wordCount\":251,\"publisher\":{\"@id\":\"https:\\\/\\\/buletin.de\\\/bucuresti\\\/#organization\"},\"image\":{\"@id\":\"https:\\\/\\\/buletin.de\\\/bucuresti\\\/sector-6-faceliftpentru-veteranilor-cu-aproape-4-milioane-de-lei\\\/#primaryimage\"},\"thumbnailUrl\":\"https:\\\/\\\/buletin.de\\\/bucuresti\\\/wp-content\\\/uploads\\\/Complexul-Veteranilor-1.jpg\",\"keywords\":[\"Complexul Veteranilor\",\"incendiu\",\"Pia\u021ba Veteranilor\",\"reabilitare complex comercial\",\"Sector 6\",\"spa\u021bii comericiale\"],\"articleSection\":[\"Articole\",\"Prim\u0103rie\",\"\u0218tiri\"],\"inLanguage\":\"en-GB\",\"copyrightYear\":\"2024\",\"copyrightHolder\":{\"@id\":\"https:\\\/\\\/buletin.de\\\/bucuresti\\\/#organization\"}},{\"@type\":\"WebPage\",\"@id\":\"https:\\\/\\\/buletin.de\\\/bucuresti\\\/sector-6-faceliftpentru-veteranilor-cu-aproape-4-milioane-de-lei\\\/\",\"url\":\"https:\\\/\\\/buletin.de\\\/bucuresti\\\/sector-6-faceliftpentru-veteranilor-cu-aproape-4-milioane-de-lei\\\/\",\"name\":\"Sector 6 | \u201eFacelift\u201d pentru Veteranilor, cu aproape 800.000 de euro - Buletin de Bucure\u0219ti\",\"isPartOf\":{\"@id\":\"https:\\\/\\\/buletin.de\\\/bucuresti\\\/#website\"},\"primaryImageOfPage\":{\"@id\":\"https:\\\/\\\/buletin.de\\\/bucuresti\\\/sector-6-faceliftpentru-veteranilor-cu-aproape-4-milioane-de-lei\\\/#primaryimage\"},\"image\":{\"@id\":\"https:\\\/\\\/buletin.de\\\/bucuresti\\\/sector-6-faceliftpentru-veteranilor-cu-aproape-4-milioane-de-lei\\\/#primaryimage\"},\"thumbnailUrl\":\"https:\\\/\\\/buletin.de\\\/bucuresti\\\/wp-content\\\/uploads\\\/Complexul-Veteranilor-1.jpg\",\"datePublished\":\"2024-02-19T08:34:00+00:00\",\"dateModified\":\"2024-02-19T09:07:42+00:00\",\"breadcrumb\":{\"@id\":\"https:\\\/\\\/buletin.de\\\/bucuresti\\\/sector-6-faceliftpentru-veteranilor-cu-aproape-4-milioane-de-lei\\\/#breadcrumb\"},\"inLanguage\":\"en-GB\",\"potentialAction\":[{\"@type\":\"ReadAction\",\"target\":[\"https:\\\/\\\/buletin.de\\\/bucuresti\\\/sector-6-faceliftpentru-veteranilor-cu-aproape-4-milioane-de-lei\\\/\"]}]},{\"@type\":\"ImageObject\",\"inLanguage\":\"en-GB\",\"@id\":\"https:\\\/\\\/buletin.de\\\/bucuresti\\\/sector-6-faceliftpentru-veteranilor-cu-aproape-4-milioane-de-lei\\\/#primaryimage\",\"url\":\"https:\\\/\\\/buletin.de\\\/bucuresti\\\/wp-content\\\/uploads\\\/Complexul-Veteranilor-1.jpg\",\"contentUrl\":\"https:\\\/\\\/buletin.de\\\/bucuresti\\\/wp-content\\\/uploads\\\/Complexul-Veteranilor-1.jpg\",\"width\":964,\"height\":505,\"caption\":\"FOTO: FB\\\/ Ciprian Ciucu\"},{\"@type\":\"BreadcrumbList\",\"@id\":\"https:\\\/\\\/buletin.de\\\/bucuresti\\\/sector-6-faceliftpentru-veteranilor-cu-aproape-4-milioane-de-lei\\\/#breadcrumb\",\"itemListElement\":[{\"@type\":\"ListItem\",\"position\":1,\"name\":\"Acas\u0103\",\"item\":\"https:\\\/\\\/buletin.de\\\/bucuresti\\\/\"},{\"@type\":\"ListItem\",\"position\":2,\"name\":\"Sector 6 | \u201eFacelift\u201d pentru Veteranilor, cu aproape 800.000 de euro\"}]},{\"@type\":\"WebSite\",\"@id\":\"https:\\\/\\\/buletin.de\\\/bucuresti\\\/#website\",\"url\":\"https:\\\/\\\/buletin.de\\\/bucuresti\\\/\",\"name\":\"Buletin de Bucure\u0219ti\",\"description\":\"\u0218tiri \u0219i investiga\u021bii esen\u021biale din capital\u0103\",\"publisher\":{\"@id\":\"https:\\\/\\\/buletin.de\\\/bucuresti\\\/#organization\"},\"potentialAction\":[{\"@type\":\"SearchAction\",\"target\":{\"@type\":\"EntryPoint\",\"urlTemplate\":\"https:\\\/\\\/buletin.de\\\/bucuresti\\\/?s={search_term_string}\"},\"query-input\":{\"@type\":\"PropertyValueSpecification\",\"valueRequired\":true,\"valueName\":\"search_term_string\"}}],\"inLanguage\":\"en-GB\"},{\"@type\":\"Organization\",\"@id\":\"https:\\\/\\\/buletin.de\\\/bucuresti\\\/#organization\",\"name\":\"Buletin de Bucure\u0219ti\",\"url\":\"https:\\\/\\\/buletin.de\\\/bucuresti\\\/\",\"logo\":{\"@type\":\"ImageObject\",\"inLanguage\":\"en-GB\",\"@id\":\"https:\\\/\\\/buletin.de\\\/bucuresti\\\/#\\\/schema\\\/logo\\\/image\\\/\",\"url\":\"https:\\\/\\\/buletin.de\\\/bucuresti\\\/wp-content\\\/uploads\\\/logo-bdb-full-wide-vernil-transparent.png\",\"contentUrl\":\"https:\\\/\\\/buletin.de\\\/bucuresti\\\/wp-content\\\/uploads\\\/logo-bdb-full-wide-vernil-transparent.png\",\"width\":1782,\"height\":626,\"caption\":\"Buletin de Bucure\u0219ti\"},\"image\":{\"@id\":\"https:\\\/\\\/buletin.de\\\/bucuresti\\\/#\\\/schema\\\/logo\\\/image\\\/\"},\"sameAs\":[\"https:\\\/\\\/www.facebook.com\\\/buletin.de.buc\",\"https:\\\/\\\/www.instagram.com\\\/buletinde.bucuresti\\\/\"]},{\"@type\":\"Person\",\"@id\":\"https:\\\/\\\/buletin.de\\\/bucuresti\\\/#\\\/schema\\\/person\\\/150590659efde715459d159da012f501\",\"name\":\"Andreea Tudor\",\"image\":{\"@type\":\"ImageObject\",\"inLanguage\":\"en-GB\",\"@id\":\"https:\\\/\\\/secure.gravatar.com\\\/avatar\\\/a88705a186ab0b67f3349bcbced506c09e37256fbaad0e7f3bd1a79b4599f589?s=96&d=monsterid&r=g79290610aa1a65c2b86eebc2ca5aee8f\",\"url\":\"https:\\\/\\\/secure.gravatar.com\\\/avatar\\\/a88705a186ab0b67f3349bcbced506c09e37256fbaad0e7f3bd1a79b4599f589?s=96&d=monsterid&r=g\",\"contentUrl\":\"https:\\\/\\\/secure.gravatar.com\\\/avatar\\\/a88705a186ab0b67f3349bcbced506c09e37256fbaad0e7f3bd1a79b4599f589?s=96&d=monsterid&r=g\",\"caption\":\"Andreea Tudor\"},\"description\":\"N\u0103scut\u0103 \u0219i crescut\u0103 \u00een Bucure\u0219ti, sus\u021bin\u0103toare a presei independente. A\u0219a am ajuns redactor la Buletin de Bucure\u0219ti. Fiind eu, \u00eens\u0103mi, parte a sistemului de \u00eenv\u0103\u021b\u0103m\u00e2nt rom\u00e2nesc \u0219i pasionat\u0103 de domeniul social, pun sub lup\u0103 tot ceea ce se \u00eent\u00e2mpl\u0103 \u00een sfera educa\u021biei. Cred cu t\u0103rie c\u0103 presa \u201epentru cet\u0103\u021beni\u201d este presa independent\u0103. Oamenii au nevoie de o informare corect\u0103 pentru a \u00een\u021belege pe deplin ce se \u00eent\u00e2mpl\u0103 \u00een jurul lor \u0219i pentru a lua ac\u021biune \u00eempotriva nedrept\u0103\u021bilor.\",\"url\":\"https:\\\/\\\/buletin.de\\\/bucuresti\\\/author\\\/andreeatudor\\\/\"}]}<\/script>\n<!-- \/ Yoast SEO Premium plugin. -->","yoast_head_json":{"title":"Sector 6 | \u201eFacelift\u201d pentru Veteranilor, cu aproape 800.000 de euro - Buletin de Bucure\u0219ti","robots":{"index":"index","follow":"follow","max-snippet":"max-snippet:-1","max-image-preview":"max-image-preview:large","max-video-preview":"max-video-preview:-1"},"canonical":"https:\/\/buletin.de\/bucuresti\/sector-6-faceliftpentru-veteranilor-cu-aproape-4-milioane-de-lei\/","og_locale":"en_GB","og_type":"article","og_title":"Sector 6 | \u201eFacelift\u201d pentru Veteranilor, cu aproape 800.000 de euro","og_description":"Complexul Veteranilor, din zona Lujerului, Militari, va fi ref\u0103cut cu 3.9 milioane de lei (780.000 euro). Lucr\u0103rile ar trebui s\u0103 dureze maximum un an. Lucr\u0103rile presupun at\u00e2t \u201ereabilitarea acoperi\u0219ului, a structurii interioare \u0219i a fa\u021badei\u201d, c\u00e2t \u0219i \u201emodernizarea spa\u021biilor comerciale\u201d, anun\u021b\u0103 primarul Sectorului 6, Ciprian Ciucu. Autoriza\u021bia de construire a fost semnat\u0103, urm\u00e2nd ca ordinul [&hellip;]","og_url":"https:\/\/buletin.de\/bucuresti\/sector-6-faceliftpentru-veteranilor-cu-aproape-4-milioane-de-lei\/","og_site_name":"Buletin de Bucure\u0219ti","article_publisher":"https:\/\/www.facebook.com\/buletin.de.buc","article_published_time":"2024-02-19T08:34:00+00:00","article_modified_time":"2024-02-19T09:07:42+00:00","og_image":[{"width":964,"height":505,"url":"https:\/\/buletin.de\/bucuresti\/wp-content\/uploads\/Complexul-Veteranilor-1.jpg","type":"image\/jpeg"}],"author":"Andreea Tudor","twitter_card":"summary_large_image","twitter_misc":{"Written by":"Andreea Tudor","Estimated reading time":"1 minute"},"schema":{"@context":"https:\/\/schema.org","@graph":[{"@type":"Article","@id":"https:\/\/buletin.de\/bucuresti\/sector-6-faceliftpentru-veteranilor-cu-aproape-4-milioane-de-lei\/#article","isPartOf":{"@id":"https:\/\/buletin.de\/bucuresti\/sector-6-faceliftpentru-veteranilor-cu-aproape-4-milioane-de-lei\/"},"author":{"name":"Andreea Tudor","@id":"https:\/\/buletin.de\/bucuresti\/#\/schema\/person\/150590659efde715459d159da012f501"},"headline":"Sector 6 | \u201eFacelift\u201d pentru Veteranilor, cu aproape 800.000 de euro","datePublished":"2024-02-19T08:34:00+00:00","dateModified":"2024-02-19T09:07:42+00:00","mainEntityOfPage":{"@id":"https:\/\/buletin.de\/bucuresti\/sector-6-faceliftpentru-veteranilor-cu-aproape-4-milioane-de-lei\/"},"wordCount":251,"publisher":{"@id":"https:\/\/buletin.de\/bucuresti\/#organization"},"image":{"@id":"https:\/\/buletin.de\/bucuresti\/sector-6-faceliftpentru-veteranilor-cu-aproape-4-milioane-de-lei\/#primaryimage"},"thumbnailUrl":"https:\/\/buletin.de\/bucuresti\/wp-content\/uploads\/Complexul-Veteranilor-1.jpg","keywords":["Complexul Veteranilor","incendiu","Pia\u021ba Veteranilor","reabilitare complex comercial","Sector 6","spa\u021bii comericiale"],"articleSection":["Articole","Prim\u0103rie","\u0218tiri"],"inLanguage":"en-GB","copyrightYear":"2024","copyrightHolder":{"@id":"https:\/\/buletin.de\/bucuresti\/#organization"}},{"@type":"WebPage","@id":"https:\/\/buletin.de\/bucuresti\/sector-6-faceliftpentru-veteranilor-cu-aproape-4-milioane-de-lei\/","url":"https:\/\/buletin.de\/bucuresti\/sector-6-faceliftpentru-veteranilor-cu-aproape-4-milioane-de-lei\/","name":"Sector 6 | \u201eFacelift\u201d pentru Veteranilor, cu aproape 800.000 de euro - Buletin de Bucure\u0219ti","isPartOf":{"@id":"https:\/\/buletin.de\/bucuresti\/#website"},"primaryImageOfPage":{"@id":"https:\/\/buletin.de\/bucuresti\/sector-6-faceliftpentru-veteranilor-cu-aproape-4-milioane-de-lei\/#primaryimage"},"image":{"@id":"https:\/\/buletin.de\/bucuresti\/sector-6-faceliftpentru-veteranilor-cu-aproape-4-milioane-de-lei\/#primaryimage"},"thumbnailUrl":"https:\/\/buletin.de\/bucuresti\/wp-content\/uploads\/Complexul-Veteranilor-1.jpg","datePublished":"2024-02-19T08:34:00+00:00","dateModified":"2024-02-19T09:07:42+00:00","breadcrumb":{"@id":"https:\/\/buletin.de\/bucuresti\/sector-6-faceliftpentru-veteranilor-cu-aproape-4-milioane-de-lei\/#breadcrumb"},"inLanguage":"en-GB","potentialAction":[{"@type":"ReadAction","target":["https:\/\/buletin.de\/bucuresti\/sector-6-faceliftpentru-veteranilor-cu-aproape-4-milioane-de-lei\/"]}]},{"@type":"ImageObject","inLanguage":"en-GB","@id":"https:\/\/buletin.de\/bucuresti\/sector-6-faceliftpentru-veteranilor-cu-aproape-4-milioane-de-lei\/#primaryimage","url":"https:\/\/buletin.de\/bucuresti\/wp-content\/uploads\/Complexul-Veteranilor-1.jpg","contentUrl":"https:\/\/buletin.de\/bucuresti\/wp-content\/uploads\/Complexul-Veteranilor-1.jpg","width":964,"height":505,"caption":"FOTO: FB\/ Ciprian Ciucu"},{"@type":"BreadcrumbList","@id":"https:\/\/buletin.de\/bucuresti\/sector-6-faceliftpentru-veteranilor-cu-aproape-4-milioane-de-lei\/#breadcrumb","itemListElement":[{"@type":"ListItem","position":1,"name":"Acas\u0103","item":"https:\/\/buletin.de\/bucuresti\/"},{"@type":"ListItem","position":2,"name":"Sector 6 | \u201eFacelift\u201d pentru Veteranilor, cu aproape 800.000 de euro"}]},{"@type":"WebSite","@id":"https:\/\/buletin.de\/bucuresti\/#website","url":"https:\/\/buletin.de\/bucuresti\/","name":"Buletin de Bucure\u0219ti","description":"\u0218tiri \u0219i investiga\u021bii esen\u021biale din capital\u0103","publisher":{"@id":"https:\/\/buletin.de\/bucuresti\/#organization"},"potentialAction":[{"@type":"SearchAction","target":{"@type":"EntryPoint","urlTemplate":"https:\/\/buletin.de\/bucuresti\/?s={search_term_string}"},"query-input":{"@type":"PropertyValueSpecification","valueRequired":true,"valueName":"search_term_string"}}],"inLanguage":"en-GB"},{"@type":"Organization","@id":"https:\/\/buletin.de\/bucuresti\/#organization","name":"Buletin de Bucure\u0219ti","url":"https:\/\/buletin.de\/bucuresti\/","logo":{"@type":"ImageObject","inLanguage":"en-GB","@id":"https:\/\/buletin.de\/bucuresti\/#\/schema\/logo\/image\/","url":"https:\/\/buletin.de\/bucuresti\/wp-content\/uploads\/logo-bdb-full-wide-vernil-transparent.png","contentUrl":"https:\/\/buletin.de\/bucuresti\/wp-content\/uploads\/logo-bdb-full-wide-vernil-transparent.png","width":1782,"height":626,"caption":"Buletin de Bucure\u0219ti"},"image":{"@id":"https:\/\/buletin.de\/bucuresti\/#\/schema\/logo\/image\/"},"sameAs":["https:\/\/www.facebook.com\/buletin.de.buc","https:\/\/www.instagram.com\/buletinde.bucuresti\/"]},{"@type":"Person","@id":"https:\/\/buletin.de\/bucuresti\/#\/schema\/person\/150590659efde715459d159da012f501","name":"Andreea Tudor","image":{"@type":"ImageObject","inLanguage":"en-GB","@id":"https:\/\/secure.gravatar.com\/avatar\/a88705a186ab0b67f3349bcbced506c09e37256fbaad0e7f3bd1a79b4599f589?s=96&d=monsterid&r=g79290610aa1a65c2b86eebc2ca5aee8f","url":"https:\/\/secure.gravatar.com\/avatar\/a88705a186ab0b67f3349bcbced506c09e37256fbaad0e7f3bd1a79b4599f589?s=96&d=monsterid&r=g","contentUrl":"https:\/\/secure.gravatar.com\/avatar\/a88705a186ab0b67f3349bcbced506c09e37256fbaad0e7f3bd1a79b4599f589?s=96&d=monsterid&r=g","caption":"Andreea Tudor"},"description":"N\u0103scut\u0103 \u0219i crescut\u0103 \u00een Bucure\u0219ti, sus\u021bin\u0103toare a presei independente. A\u0219a am ajuns redactor la Buletin de Bucure\u0219ti. Fiind eu, \u00eens\u0103mi, parte a sistemului de \u00eenv\u0103\u021b\u0103m\u00e2nt rom\u00e2nesc \u0219i pasionat\u0103 de domeniul social, pun sub lup\u0103 tot ceea ce se \u00eent\u00e2mpl\u0103 \u00een sfera educa\u021biei. Cred cu t\u0103rie c\u0103 presa \u201epentru cet\u0103\u021beni\u201d este presa independent\u0103. Oamenii au nevoie de o informare corect\u0103 pentru a \u00een\u021belege pe deplin ce se \u00eent\u00e2mpl\u0103 \u00een jurul lor \u0219i pentru a lua ac\u021biune \u00eempotriva nedrept\u0103\u021bilor.","url":"https:\/\/buletin.de\/bucuresti\/author\/andreeatudor\/"}]}},"authors":[{"term_id":22573,"user_id":55,"is_guest":0,"slug":"andreeatudor","display_name":"Andreea Tudor","avatar_url":"https:\/\/secure.gravatar.com\/avatar\/a88705a186ab0b67f3349bcbced506c09e37256fbaad0e7f3bd1a79b4599f589?s=96&d=monsterid&r=g","0":null,"1":"","2":"","3":"","4":"","5":"","6":"","7":"","8":""}],"_links":{"self":[{"href":"https:\/\/buletin.de\/bucuresti\/wp-json\/wp\/v2\/posts\/77554","targetHints":{"allow":["GET"]}}],"collection":[{"href":"https:\/\/buletin.de\/bucuresti\/wp-json\/wp\/v2\/posts"}],"about":[{"href":"https:\/\/buletin.de\/bucuresti\/wp-json\/wp\/v2\/types\/post"}],"author":[{"embeddable":true,"href":"https:\/\/buletin.de\/bucuresti\/wp-json\/wp\/v2\/users\/55"}],"replies":[{"embeddable":true,"href":"https:\/\/buletin.de\/bucuresti\/wp-json\/wp\/v2\/comments?post=77554"}],"version-history":[{"count":8,"href":"https:\/\/buletin.de\/bucuresti\/wp-json\/wp\/v2\/posts\/77554\/revisions"}],"predecessor-version":[{"id":126122,"href":"https:\/\/buletin.de\/bucuresti\/wp-json\/wp\/v2\/posts\/77554\/revisions\/126122"}],"wp:featuredmedia":[{"embeddable":true,"href":"https:\/\/buletin.de\/bucuresti\/wp-json\/wp\/v2\/media\/77563"}],"wp:attachment":[{"href":"https:\/\/buletin.de\/bucuresti\/wp-json\/wp\/v2\/media?parent=77554"}],"wp:term":[{"taxonomy":"category","embeddable":true,"href":"https:\/\/buletin.de\/bucuresti\/wp-json\/wp\/v2\/categories?post=77554"},{"taxonomy":"post_tag","embeddable":true,"href":"https:\/\/buletin.de\/bucuresti\/wp-json\/wp\/v2\/tags?post=77554"},{"taxonomy":"author","embeddable":true,"href":"https:\/\/buletin.de\/bucuresti\/wp-json\/wp\/v2\/ppma_author?post=77554"}],"curies":[{"name":"wp","href":"https:\/\/api.w.org\/{rel}","templated":true}]}}