{"id":77369,"date":"2024-02-16T17:22:54","date_gmt":"2024-02-16T15:22:54","guid":{"rendered":"https:\/\/buletin.de\/bucuresti\/?p=77369"},"modified":"2024-02-16T17:22:55","modified_gmt":"2024-02-16T15:22:55","slug":"noile-troleibuze-solaris-intra-pe-traseu-cu-o-intarziere-de-doua-saptamani","status":"publish","type":"post","link":"https:\/\/buletin.de\/bucuresti\/noile-troleibuze-solaris-intra-pe-traseu-cu-o-intarziere-de-doua-saptamani\/","title":{"rendered":"Noile troleibuze Solaris intr\u0103 pe traseu cu o \u00eent\u00e2rziere de dou\u0103 s\u0103pt\u0103m\u00e2ni"},"content":{"rendered":"\n<p><strong>De s\u0103mb\u0103t\u0103, 17 februarie, troleibuze Solaris Trollino vor circula pe linia 93 iar, de luni, 19 februarie, acestea vor intra \u0219i pe linia lui 61, care va prelua traseul liniei 336 \u00eentre Complex Comercial Apusului \u0219i Pia\u021ba Rosetti, anun\u021b\u0103 reprezentan\u021bi\u00a0ai Asocia\u021biei de Dezvoltare Intercomunitar\u0103 pentru Transport Public Bucure\u0219ti \u2013 Ilfov (TPBI),<\/strong><\/p>\n\n\n\n<p>Termenul comunicat ini\u021bial pentru intrarea pe traseul a noilor garnituri era 3 februarie \u00eens\u0103, din cauza unei <a href=\"https:\/\/buletin.de\/bucuresti\/doua-saptamani-de-cand-noile-troleibuze-ar-fi-trebuit-sa-intre-pe-traseu-posibil-sa-le-vedem-la-lucru-de-saptamana-viitoare\/\">erori de comunicare<\/a> \u0219i a unor \u201e<em>chestiuni minore, tehnice<\/em>,\u201d acest termen a fost dep\u0103\u0219it cu dou\u0103 s\u0103pt\u0103m\u00e2ni. <\/p>\n\n\n\n<p>Linia 61 \u00eenlocuie\u0219te linia de autobuz 336, care va fi desfiin\u021bat\u0103. Momentan, este planificat\u0103 introducerea pe traseu a <strong>nou\u0103 troleibuze<\/strong>, la care se vor ad\u0103uga 11 autobuze preluate din fosta linie 336.  <\/p>\n\n\n\n<figure data-wp-context=\"{&quot;imageId&quot;:&quot;69f28988db6bf&quot;}\" data-wp-interactive=\"core\/image\" data-wp-key=\"69f28988db6bf\" class=\"wp-block-image size-full wp-lightbox-container\"><img fetchpriority=\"high\" decoding=\"async\" width=\"1024\" height=\"723\" data-wp-class--hide=\"state.isContentHidden\" data-wp-class--show=\"state.isContentVisible\" data-wp-init=\"callbacks.setButtonStyles\" data-wp-on--click=\"actions.showLightbox\" data-wp-on--load=\"callbacks.setButtonStyles\" data-wp-on-window--resize=\"callbacks.setButtonStyles\" src=\"data:image\/gif;base64,R0lGODlhAQABAAAAACH5BAEKAAEALAAAAAABAAEAAAICTAEAOw==\" data-src=\"https:\/\/buletin.de\/bucuresti\/wp-content\/uploads\/426464268_927478832061865_19531097305612079_n-3.jpg\" alt=\"\" class=\"wp-image-77370 lazyload\" data-sizes=\"auto\" data-srcset=\"https:\/\/buletin.de\/bucuresti\/wp-content\/uploads\/426464268_927478832061865_19531097305612079_n-3.jpg 1024w, https:\/\/buletin.de\/bucuresti\/wp-content\/uploads\/426464268_927478832061865_19531097305612079_n-3-300x212.jpg 300w, https:\/\/buletin.de\/bucuresti\/wp-content\/uploads\/426464268_927478832061865_19531097305612079_n-3-900x635.jpg 900w, https:\/\/buletin.de\/bucuresti\/wp-content\/uploads\/426464268_927478832061865_19531097305612079_n-3-768x542.jpg 768w, https:\/\/buletin.de\/bucuresti\/wp-content\/uploads\/426464268_927478832061865_19531097305612079_n-3-600x424.jpg 600w, https:\/\/buletin.de\/bucuresti\/wp-content\/uploads\/426464268_927478832061865_19531097305612079_n-3-20x14.jpg 20w\" sizes=\"(max-width: 1024px) 100vw, 1024px\" \/><button\n\t\t\tclass=\"lightbox-trigger\"\n\t\t\ttype=\"button\"\n\t\t\taria-haspopup=\"dialog\"\n\t\t\taria-label=\"Enlarge\"\n\t\t\tdata-wp-init=\"callbacks.initTriggerButton\"\n\t\t\tdata-wp-on--click=\"actions.showLightbox\"\n\t\t\tdata-wp-style--right=\"state.imageButtonRight\"\n\t\t\tdata-wp-style--top=\"state.imageButtonTop\"\n\t\t>\n\t\t\t<svg xmlns=\"http:\/\/www.w3.org\/2000\/svg\" width=\"12\" height=\"12\" fill=\"none\" viewBox=\"0 0 12 12\">\n\t\t\t\t<path fill=\"#fff\" d=\"M2 0a2 2 0 0 0-2 2v2h1.5V2a.5.5 0 0 1 .5-.5h2V0H2Zm2 10.5H2a.5.5 0 0 1-.5-.5V8H0v2a2 2 0 0 0 2 2h2v-1.5ZM8 12v-1.5h2a.5.5 0 0 0 .5-.5V8H12v2a2 2 0 0 1-2 2H8Zm2-12a2 2 0 0 1 2 2v2h-1.5V2a.5.5 0 0 0-.5-.5H8V0h2Z\" \/>\n\t\t\t<\/svg>\n\t\t<\/button><\/figure>\n\n\n\n<p><strong>Linia 61<\/strong>&nbsp;va func\u021biona pe traseul: \u201eComplex Comercial Apusului\u201d, Str. Apusului, Bd. Iuliu Maniu, \u0218os.&nbsp;Cotroceni, Bd. Profesor Doctor Gheorghe Marinescu, Bd. Eroii Sanitari, Bd. Mihail Kog\u0103lniceanu, Bd. Regina Elisabeta, Bulevardul Carol I, \u201ePia\u021ba Rosetti\u201d, cu \u00eentoarcere pe Bd. Carol I, Bd. Regina Elisabeta, Bd.&nbsp;Mihail Kog\u0103lniceanu, Splaiul Independen\u021bei, Pia\u021ba Operei, Bd. Eroii, Bd.&nbsp;Profesor Doctor Gheorghe Marinescu, \u0218os. Cotroceni, Bd. Iuliu Maniu, Str. Apusului, terminal \u201eComplex Comercial Apusului\u201d.<\/p>\n\n\n\n<p>Por\u021biunea de traseu a actualei linii 61 (\u00eentre zonele Master \u0219i Apusului) va fi acoperit\u0103 de&nbsp;<strong>linia 62<\/strong>, al c\u0103rei parc de troleibuze va fi suplimentat corespunz\u0103tor, anun\u021b\u0103 TPBI.<\/p>\n\n\n\n<h2 class=\"wp-block-heading\">Noile troleibuze Solaris<\/h2>\n\n\n\n<p>La finalul lunii ianuarie,&nbsp;<a href=\"https:\/\/buletin.de\/bucuresti\/primul-troleibuz-solaris-trollino-a-iesit-in-probe-pe-linia-61\/\">ie\u0219ea primul troleibuz Solaris Trollino IV 12 Medcom \u00een probe.<\/a><\/p>\n\n\n\n<p>Contractul pentru lotul de 100 de astfel de troleibuze care vor circula \u00een Capital\u0103 a fost semnat \u00een anul 2023 de Prim\u0103ria Municipiului Bucure\u0219ti cu compania polonez\u0103 Solaris Bus &amp; Coach. Noile troleibuze vor func\u021biona mai \u00eent\u00e2i pe traseul liniei 61, p\u00e2n\u0103 la Pia\u021ba Rosetti.<\/p>\n\n\n\n<p>Cele 100 de vehicule sunt din gama de 12 metri, au o autonomie de minim 20 de km \u0219i podea complet cobor\u00e2t\u0103 pe toat\u0103 suprafa\u0163a troleibuzului.<\/p>\n\n\n\n<p>Contractul are o valoare de 290 milioane de lei. Achizi\u021bia celor 100 de troleibuze se adaug\u0103 celor 100 de tramvaie Astra Imperio, celor 100 de autobuze electrice \u0219i proiectului de finan\u021bare a 22 de troleibuze prin PNRR, unde urmeaz\u0103 s\u0103 se desf\u0103\u0219oare procedura de achizi\u021bie.<\/p>\n\n\n\n<p>Acestea au termen de garan\u021bie cinci ani sau 300.000 de km cu toate activit\u0103\u021bile de mentenan\u021b\u0103 planificat\u0103 incluse, de la consumabile p\u00e2n\u0103 la piese de schimb. Bateriile din componen\u021ba Sistem Re\u00eenc\u0103rcabil de Stocare a Energiei Electrice vor avea garan\u021bie de opt ani.&nbsp;<\/p>\n\n\n\n<p><strong>CITE\u015eTE \u015eI:<\/strong><\/p>\n\n\n\n<ul class=\"wp-block-list\">\n<li><a href=\"https:\/\/buletin.de\/bucuresti\/doua-saptamani-de-cand-noile-troleibuze-ar-fi-trebuit-sa-intre-pe-traseu-posibil-sa-le-vedem-la-lucru-de-saptamana-viitoare\/\">Dou\u0103 s\u0103pt\u0103m\u00e2ni de c\u00e2nd noile troleibuze ar fi trebuit s\u0103 intre pe traseu. Posibil s\u0103 le vedem \u201ela lucru\u201d de s\u0103pt\u0103m\u00e2na viitoare \u2013 Buletin de Bucure\u0219ti<\/a><\/li>\n<\/ul>\n","protected":false},"excerpt":{"rendered":"<p>De s\u0103mb\u0103t\u0103, 17 februarie, troleibuze Solaris Trollino vor circula pe linia 93 iar, de luni, 19 februarie, acestea vor intra \u0219i pe linia lui 61, care va prelua traseul liniei 336 \u00eentre Complex Comercial Apusului \u0219i Pia\u021ba Rosetti, anun\u021b\u0103 reprezentan\u021bi\u00a0ai Asocia\u021biei de Dezvoltare Intercomunitar\u0103 pentru Transport Public Bucure\u0219ti \u2013 Ilfov (TPBI), Termenul comunicat ini\u021bial pentru [&hellip;]<\/p>\n","protected":false},"author":47,"featured_media":77371,"comment_status":"closed","ping_status":"open","sticky":false,"template":"","format":"standard","meta":{"_acf_changed":false,"inline_featured_image":false,"ngg_post_thumbnail":0,"footnotes":""},"categories":[6994,5762,650],"tags":[9852,9853,9851],"ppma_author":[22580],"class_list":["post-77369","post","type-post","status-publish","format-standard","has-post-thumbnail","hentry","category-stiri-2","category-main","category-transport","tag-traseu-troleibuze-solaris-61","tag-traseu-troleibuze-solaris-93","tag-troleibuze-solaris-trollino"],"acf":[],"yoast_head":"<!-- This site is optimized with the Yoast SEO Premium plugin v25.3 (Yoast SEO v27.4) - https:\/\/yoast.com\/product\/yoast-seo-premium-wordpress\/ -->\n<title>Noile troleibuze Solaris intr\u0103 pe traseu cu o \u00eent\u00e2rziere de dou\u0103 s\u0103pt\u0103m\u00e2ni - Buletin de Bucure\u0219ti<\/title>\n<meta name=\"robots\" content=\"index, follow, max-snippet:-1, max-image-preview:large, max-video-preview:-1\" \/>\n<link rel=\"canonical\" href=\"https:\/\/buletin.de\/bucuresti\/noile-troleibuze-solaris-intra-pe-traseu-cu-o-intarziere-de-doua-saptamani\/\" \/>\n<meta property=\"og:locale\" content=\"en_GB\" \/>\n<meta property=\"og:type\" content=\"article\" \/>\n<meta property=\"og:title\" content=\"Noile troleibuze Solaris intr\u0103 pe traseu cu o \u00eent\u00e2rziere de dou\u0103 s\u0103pt\u0103m\u00e2ni\" \/>\n<meta property=\"og:description\" content=\"De s\u0103mb\u0103t\u0103, 17 februarie, troleibuze Solaris Trollino vor circula pe linia 93 iar, de luni, 19 februarie, acestea vor intra \u0219i pe linia lui 61, care va prelua traseul liniei 336 \u00eentre Complex Comercial Apusului \u0219i Pia\u021ba Rosetti, anun\u021b\u0103 reprezentan\u021bi\u00a0ai Asocia\u021biei de Dezvoltare Intercomunitar\u0103 pentru Transport Public Bucure\u0219ti \u2013 Ilfov (TPBI), Termenul comunicat ini\u021bial pentru [&hellip;]\" \/>\n<meta property=\"og:url\" content=\"https:\/\/buletin.de\/bucuresti\/noile-troleibuze-solaris-intra-pe-traseu-cu-o-intarziere-de-doua-saptamani\/\" \/>\n<meta property=\"og:site_name\" content=\"Buletin de Bucure\u0219ti\" \/>\n<meta property=\"article:publisher\" content=\"https:\/\/www.facebook.com\/buletin.de.buc\" \/>\n<meta property=\"article:published_time\" content=\"2024-02-16T15:22:54+00:00\" \/>\n<meta property=\"article:modified_time\" content=\"2024-02-16T15:22:55+00:00\" \/>\n<meta property=\"og:image\" content=\"https:\/\/buletin.de\/bucuresti\/wp-content\/uploads\/Imagine-WhatsApp-2024-02-09-la-13.49.13_fa5184f1-4.jpg\" \/>\n\t<meta property=\"og:image:width\" content=\"960\" \/>\n\t<meta property=\"og:image:height\" content=\"960\" \/>\n\t<meta property=\"og:image:type\" content=\"image\/jpeg\" \/>\n<meta name=\"author\" content=\"Adina C\u0103p\u00eelnean\" \/>\n<meta name=\"twitter:card\" content=\"summary_large_image\" \/>\n<meta name=\"twitter:label1\" content=\"Written by\" \/>\n\t<meta name=\"twitter:data1\" content=\"Adina C\u0103p\u00eelnean\" \/>\n\t<meta name=\"twitter:label2\" content=\"Estimated reading time\" \/>\n\t<meta name=\"twitter:data2\" content=\"2 minutes\" \/>\n<script type=\"application\/ld+json\" class=\"yoast-schema-graph\">{\"@context\":\"https:\\\/\\\/schema.org\",\"@graph\":[{\"@type\":\"Article\",\"@id\":\"https:\\\/\\\/buletin.de\\\/bucuresti\\\/noile-troleibuze-solaris-intra-pe-traseu-cu-o-intarziere-de-doua-saptamani\\\/#article\",\"isPartOf\":{\"@id\":\"https:\\\/\\\/buletin.de\\\/bucuresti\\\/noile-troleibuze-solaris-intra-pe-traseu-cu-o-intarziere-de-doua-saptamani\\\/\"},\"author\":{\"name\":\"Adina C\u0103p\u00eelnean\",\"@id\":\"https:\\\/\\\/buletin.de\\\/bucuresti\\\/#\\\/schema\\\/person\\\/ab174cf6711728e4ee83d672acf9a912\"},\"headline\":\"Noile troleibuze Solaris intr\u0103 pe traseu cu o \u00eent\u00e2rziere de dou\u0103 s\u0103pt\u0103m\u00e2ni\",\"datePublished\":\"2024-02-16T15:22:54+00:00\",\"dateModified\":\"2024-02-16T15:22:55+00:00\",\"mainEntityOfPage\":{\"@id\":\"https:\\\/\\\/buletin.de\\\/bucuresti\\\/noile-troleibuze-solaris-intra-pe-traseu-cu-o-intarziere-de-doua-saptamani\\\/\"},\"wordCount\":466,\"publisher\":{\"@id\":\"https:\\\/\\\/buletin.de\\\/bucuresti\\\/#organization\"},\"image\":{\"@id\":\"https:\\\/\\\/buletin.de\\\/bucuresti\\\/noile-troleibuze-solaris-intra-pe-traseu-cu-o-intarziere-de-doua-saptamani\\\/#primaryimage\"},\"thumbnailUrl\":\"https:\\\/\\\/buletin.de\\\/bucuresti\\\/wp-content\\\/uploads\\\/Imagine-WhatsApp-2024-02-09-la-13.49.13_fa5184f1-4.jpg\",\"keywords\":[\"traseu troleibuze solaris 61\",\"traseu troleibuze solaris 93\",\"troleibuze solaris trollino\"],\"articleSection\":[\"Articole\",\"Main\",\"Transport\"],\"inLanguage\":\"en-GB\",\"copyrightYear\":\"2024\",\"copyrightHolder\":{\"@id\":\"https:\\\/\\\/buletin.de\\\/bucuresti\\\/#organization\"}},{\"@type\":\"WebPage\",\"@id\":\"https:\\\/\\\/buletin.de\\\/bucuresti\\\/noile-troleibuze-solaris-intra-pe-traseu-cu-o-intarziere-de-doua-saptamani\\\/\",\"url\":\"https:\\\/\\\/buletin.de\\\/bucuresti\\\/noile-troleibuze-solaris-intra-pe-traseu-cu-o-intarziere-de-doua-saptamani\\\/\",\"name\":\"Noile troleibuze Solaris intr\u0103 pe traseu cu o \u00eent\u00e2rziere de dou\u0103 s\u0103pt\u0103m\u00e2ni - Buletin de Bucure\u0219ti\",\"isPartOf\":{\"@id\":\"https:\\\/\\\/buletin.de\\\/bucuresti\\\/#website\"},\"primaryImageOfPage\":{\"@id\":\"https:\\\/\\\/buletin.de\\\/bucuresti\\\/noile-troleibuze-solaris-intra-pe-traseu-cu-o-intarziere-de-doua-saptamani\\\/#primaryimage\"},\"image\":{\"@id\":\"https:\\\/\\\/buletin.de\\\/bucuresti\\\/noile-troleibuze-solaris-intra-pe-traseu-cu-o-intarziere-de-doua-saptamani\\\/#primaryimage\"},\"thumbnailUrl\":\"https:\\\/\\\/buletin.de\\\/bucuresti\\\/wp-content\\\/uploads\\\/Imagine-WhatsApp-2024-02-09-la-13.49.13_fa5184f1-4.jpg\",\"datePublished\":\"2024-02-16T15:22:54+00:00\",\"dateModified\":\"2024-02-16T15:22:55+00:00\",\"breadcrumb\":{\"@id\":\"https:\\\/\\\/buletin.de\\\/bucuresti\\\/noile-troleibuze-solaris-intra-pe-traseu-cu-o-intarziere-de-doua-saptamani\\\/#breadcrumb\"},\"inLanguage\":\"en-GB\",\"potentialAction\":[{\"@type\":\"ReadAction\",\"target\":[\"https:\\\/\\\/buletin.de\\\/bucuresti\\\/noile-troleibuze-solaris-intra-pe-traseu-cu-o-intarziere-de-doua-saptamani\\\/\"]}]},{\"@type\":\"ImageObject\",\"inLanguage\":\"en-GB\",\"@id\":\"https:\\\/\\\/buletin.de\\\/bucuresti\\\/noile-troleibuze-solaris-intra-pe-traseu-cu-o-intarziere-de-doua-saptamani\\\/#primaryimage\",\"url\":\"https:\\\/\\\/buletin.de\\\/bucuresti\\\/wp-content\\\/uploads\\\/Imagine-WhatsApp-2024-02-09-la-13.49.13_fa5184f1-4.jpg\",\"contentUrl\":\"https:\\\/\\\/buletin.de\\\/bucuresti\\\/wp-content\\\/uploads\\\/Imagine-WhatsApp-2024-02-09-la-13.49.13_fa5184f1-4.jpg\",\"width\":960,\"height\":960,\"caption\":\"Foto: Facebook \\\/ Asocia\u021bia de Dezvoltare Intercomunitar\u0103 - TPBI\"},{\"@type\":\"BreadcrumbList\",\"@id\":\"https:\\\/\\\/buletin.de\\\/bucuresti\\\/noile-troleibuze-solaris-intra-pe-traseu-cu-o-intarziere-de-doua-saptamani\\\/#breadcrumb\",\"itemListElement\":[{\"@type\":\"ListItem\",\"position\":1,\"name\":\"Acas\u0103\",\"item\":\"https:\\\/\\\/buletin.de\\\/bucuresti\\\/\"},{\"@type\":\"ListItem\",\"position\":2,\"name\":\"Noile troleibuze Solaris intr\u0103 pe traseu cu o \u00eent\u00e2rziere de dou\u0103 s\u0103pt\u0103m\u00e2ni\"}]},{\"@type\":\"WebSite\",\"@id\":\"https:\\\/\\\/buletin.de\\\/bucuresti\\\/#website\",\"url\":\"https:\\\/\\\/buletin.de\\\/bucuresti\\\/\",\"name\":\"Buletin de Bucure\u0219ti\",\"description\":\"\u0218tiri \u0219i investiga\u021bii esen\u021biale din capital\u0103\",\"publisher\":{\"@id\":\"https:\\\/\\\/buletin.de\\\/bucuresti\\\/#organization\"},\"potentialAction\":[{\"@type\":\"SearchAction\",\"target\":{\"@type\":\"EntryPoint\",\"urlTemplate\":\"https:\\\/\\\/buletin.de\\\/bucuresti\\\/?s={search_term_string}\"},\"query-input\":{\"@type\":\"PropertyValueSpecification\",\"valueRequired\":true,\"valueName\":\"search_term_string\"}}],\"inLanguage\":\"en-GB\"},{\"@type\":\"Organization\",\"@id\":\"https:\\\/\\\/buletin.de\\\/bucuresti\\\/#organization\",\"name\":\"Buletin de Bucure\u0219ti\",\"url\":\"https:\\\/\\\/buletin.de\\\/bucuresti\\\/\",\"logo\":{\"@type\":\"ImageObject\",\"inLanguage\":\"en-GB\",\"@id\":\"https:\\\/\\\/buletin.de\\\/bucuresti\\\/#\\\/schema\\\/logo\\\/image\\\/\",\"url\":\"https:\\\/\\\/buletin.de\\\/bucuresti\\\/wp-content\\\/uploads\\\/logo-bdb-full-wide-vernil-transparent.png\",\"contentUrl\":\"https:\\\/\\\/buletin.de\\\/bucuresti\\\/wp-content\\\/uploads\\\/logo-bdb-full-wide-vernil-transparent.png\",\"width\":1782,\"height\":626,\"caption\":\"Buletin de Bucure\u0219ti\"},\"image\":{\"@id\":\"https:\\\/\\\/buletin.de\\\/bucuresti\\\/#\\\/schema\\\/logo\\\/image\\\/\"},\"sameAs\":[\"https:\\\/\\\/www.facebook.com\\\/buletin.de.buc\",\"https:\\\/\\\/www.instagram.com\\\/buletinde.bucuresti\\\/\"]},{\"@type\":\"Person\",\"@id\":\"https:\\\/\\\/buletin.de\\\/bucuresti\\\/#\\\/schema\\\/person\\\/ab174cf6711728e4ee83d672acf9a912\",\"name\":\"Adina C\u0103p\u00eelnean\",\"image\":{\"@type\":\"ImageObject\",\"inLanguage\":\"en-GB\",\"@id\":\"https:\\\/\\\/secure.gravatar.com\\\/avatar\\\/4fe9675d6282fd7c1aa4e486a037d532d5728fc16a30360f293eb6126b2e73ad?s=96&d=monsterid&r=ge2b23868508aec3460d3c6a11d3b599a\",\"url\":\"https:\\\/\\\/secure.gravatar.com\\\/avatar\\\/4fe9675d6282fd7c1aa4e486a037d532d5728fc16a30360f293eb6126b2e73ad?s=96&d=monsterid&r=g\",\"contentUrl\":\"https:\\\/\\\/secure.gravatar.com\\\/avatar\\\/4fe9675d6282fd7c1aa4e486a037d532d5728fc16a30360f293eb6126b2e73ad?s=96&d=monsterid&r=g\",\"caption\":\"Adina C\u0103p\u00eelnean\"},\"url\":\"https:\\\/\\\/buletin.de\\\/bucuresti\\\/author\\\/adinacapilnean\\\/\"}]}<\/script>\n<!-- \/ Yoast SEO Premium plugin. -->","yoast_head_json":{"title":"Noile troleibuze Solaris intr\u0103 pe traseu cu o \u00eent\u00e2rziere de dou\u0103 s\u0103pt\u0103m\u00e2ni - Buletin de Bucure\u0219ti","robots":{"index":"index","follow":"follow","max-snippet":"max-snippet:-1","max-image-preview":"max-image-preview:large","max-video-preview":"max-video-preview:-1"},"canonical":"https:\/\/buletin.de\/bucuresti\/noile-troleibuze-solaris-intra-pe-traseu-cu-o-intarziere-de-doua-saptamani\/","og_locale":"en_GB","og_type":"article","og_title":"Noile troleibuze Solaris intr\u0103 pe traseu cu o \u00eent\u00e2rziere de dou\u0103 s\u0103pt\u0103m\u00e2ni","og_description":"De s\u0103mb\u0103t\u0103, 17 februarie, troleibuze Solaris Trollino vor circula pe linia 93 iar, de luni, 19 februarie, acestea vor intra \u0219i pe linia lui 61, care va prelua traseul liniei 336 \u00eentre Complex Comercial Apusului \u0219i Pia\u021ba Rosetti, anun\u021b\u0103 reprezentan\u021bi\u00a0ai Asocia\u021biei de Dezvoltare Intercomunitar\u0103 pentru Transport Public Bucure\u0219ti \u2013 Ilfov (TPBI), Termenul comunicat ini\u021bial pentru [&hellip;]","og_url":"https:\/\/buletin.de\/bucuresti\/noile-troleibuze-solaris-intra-pe-traseu-cu-o-intarziere-de-doua-saptamani\/","og_site_name":"Buletin de Bucure\u0219ti","article_publisher":"https:\/\/www.facebook.com\/buletin.de.buc","article_published_time":"2024-02-16T15:22:54+00:00","article_modified_time":"2024-02-16T15:22:55+00:00","og_image":[{"width":960,"height":960,"url":"https:\/\/buletin.de\/bucuresti\/wp-content\/uploads\/Imagine-WhatsApp-2024-02-09-la-13.49.13_fa5184f1-4.jpg","type":"image\/jpeg"}],"author":"Adina C\u0103p\u00eelnean","twitter_card":"summary_large_image","twitter_misc":{"Written by":"Adina C\u0103p\u00eelnean","Estimated reading time":"2 minutes"},"schema":{"@context":"https:\/\/schema.org","@graph":[{"@type":"Article","@id":"https:\/\/buletin.de\/bucuresti\/noile-troleibuze-solaris-intra-pe-traseu-cu-o-intarziere-de-doua-saptamani\/#article","isPartOf":{"@id":"https:\/\/buletin.de\/bucuresti\/noile-troleibuze-solaris-intra-pe-traseu-cu-o-intarziere-de-doua-saptamani\/"},"author":{"name":"Adina C\u0103p\u00eelnean","@id":"https:\/\/buletin.de\/bucuresti\/#\/schema\/person\/ab174cf6711728e4ee83d672acf9a912"},"headline":"Noile troleibuze Solaris intr\u0103 pe traseu cu o \u00eent\u00e2rziere de dou\u0103 s\u0103pt\u0103m\u00e2ni","datePublished":"2024-02-16T15:22:54+00:00","dateModified":"2024-02-16T15:22:55+00:00","mainEntityOfPage":{"@id":"https:\/\/buletin.de\/bucuresti\/noile-troleibuze-solaris-intra-pe-traseu-cu-o-intarziere-de-doua-saptamani\/"},"wordCount":466,"publisher":{"@id":"https:\/\/buletin.de\/bucuresti\/#organization"},"image":{"@id":"https:\/\/buletin.de\/bucuresti\/noile-troleibuze-solaris-intra-pe-traseu-cu-o-intarziere-de-doua-saptamani\/#primaryimage"},"thumbnailUrl":"https:\/\/buletin.de\/bucuresti\/wp-content\/uploads\/Imagine-WhatsApp-2024-02-09-la-13.49.13_fa5184f1-4.jpg","keywords":["traseu troleibuze solaris 61","traseu troleibuze solaris 93","troleibuze solaris trollino"],"articleSection":["Articole","Main","Transport"],"inLanguage":"en-GB","copyrightYear":"2024","copyrightHolder":{"@id":"https:\/\/buletin.de\/bucuresti\/#organization"}},{"@type":"WebPage","@id":"https:\/\/buletin.de\/bucuresti\/noile-troleibuze-solaris-intra-pe-traseu-cu-o-intarziere-de-doua-saptamani\/","url":"https:\/\/buletin.de\/bucuresti\/noile-troleibuze-solaris-intra-pe-traseu-cu-o-intarziere-de-doua-saptamani\/","name":"Noile troleibuze Solaris intr\u0103 pe traseu cu o \u00eent\u00e2rziere de dou\u0103 s\u0103pt\u0103m\u00e2ni - Buletin de Bucure\u0219ti","isPartOf":{"@id":"https:\/\/buletin.de\/bucuresti\/#website"},"primaryImageOfPage":{"@id":"https:\/\/buletin.de\/bucuresti\/noile-troleibuze-solaris-intra-pe-traseu-cu-o-intarziere-de-doua-saptamani\/#primaryimage"},"image":{"@id":"https:\/\/buletin.de\/bucuresti\/noile-troleibuze-solaris-intra-pe-traseu-cu-o-intarziere-de-doua-saptamani\/#primaryimage"},"thumbnailUrl":"https:\/\/buletin.de\/bucuresti\/wp-content\/uploads\/Imagine-WhatsApp-2024-02-09-la-13.49.13_fa5184f1-4.jpg","datePublished":"2024-02-16T15:22:54+00:00","dateModified":"2024-02-16T15:22:55+00:00","breadcrumb":{"@id":"https:\/\/buletin.de\/bucuresti\/noile-troleibuze-solaris-intra-pe-traseu-cu-o-intarziere-de-doua-saptamani\/#breadcrumb"},"inLanguage":"en-GB","potentialAction":[{"@type":"ReadAction","target":["https:\/\/buletin.de\/bucuresti\/noile-troleibuze-solaris-intra-pe-traseu-cu-o-intarziere-de-doua-saptamani\/"]}]},{"@type":"ImageObject","inLanguage":"en-GB","@id":"https:\/\/buletin.de\/bucuresti\/noile-troleibuze-solaris-intra-pe-traseu-cu-o-intarziere-de-doua-saptamani\/#primaryimage","url":"https:\/\/buletin.de\/bucuresti\/wp-content\/uploads\/Imagine-WhatsApp-2024-02-09-la-13.49.13_fa5184f1-4.jpg","contentUrl":"https:\/\/buletin.de\/bucuresti\/wp-content\/uploads\/Imagine-WhatsApp-2024-02-09-la-13.49.13_fa5184f1-4.jpg","width":960,"height":960,"caption":"Foto: Facebook \/ Asocia\u021bia de Dezvoltare Intercomunitar\u0103 - TPBI"},{"@type":"BreadcrumbList","@id":"https:\/\/buletin.de\/bucuresti\/noile-troleibuze-solaris-intra-pe-traseu-cu-o-intarziere-de-doua-saptamani\/#breadcrumb","itemListElement":[{"@type":"ListItem","position":1,"name":"Acas\u0103","item":"https:\/\/buletin.de\/bucuresti\/"},{"@type":"ListItem","position":2,"name":"Noile troleibuze Solaris intr\u0103 pe traseu cu o \u00eent\u00e2rziere de dou\u0103 s\u0103pt\u0103m\u00e2ni"}]},{"@type":"WebSite","@id":"https:\/\/buletin.de\/bucuresti\/#website","url":"https:\/\/buletin.de\/bucuresti\/","name":"Buletin de Bucure\u0219ti","description":"\u0218tiri \u0219i investiga\u021bii esen\u021biale din capital\u0103","publisher":{"@id":"https:\/\/buletin.de\/bucuresti\/#organization"},"potentialAction":[{"@type":"SearchAction","target":{"@type":"EntryPoint","urlTemplate":"https:\/\/buletin.de\/bucuresti\/?s={search_term_string}"},"query-input":{"@type":"PropertyValueSpecification","valueRequired":true,"valueName":"search_term_string"}}],"inLanguage":"en-GB"},{"@type":"Organization","@id":"https:\/\/buletin.de\/bucuresti\/#organization","name":"Buletin de Bucure\u0219ti","url":"https:\/\/buletin.de\/bucuresti\/","logo":{"@type":"ImageObject","inLanguage":"en-GB","@id":"https:\/\/buletin.de\/bucuresti\/#\/schema\/logo\/image\/","url":"https:\/\/buletin.de\/bucuresti\/wp-content\/uploads\/logo-bdb-full-wide-vernil-transparent.png","contentUrl":"https:\/\/buletin.de\/bucuresti\/wp-content\/uploads\/logo-bdb-full-wide-vernil-transparent.png","width":1782,"height":626,"caption":"Buletin de Bucure\u0219ti"},"image":{"@id":"https:\/\/buletin.de\/bucuresti\/#\/schema\/logo\/image\/"},"sameAs":["https:\/\/www.facebook.com\/buletin.de.buc","https:\/\/www.instagram.com\/buletinde.bucuresti\/"]},{"@type":"Person","@id":"https:\/\/buletin.de\/bucuresti\/#\/schema\/person\/ab174cf6711728e4ee83d672acf9a912","name":"Adina C\u0103p\u00eelnean","image":{"@type":"ImageObject","inLanguage":"en-GB","@id":"https:\/\/secure.gravatar.com\/avatar\/4fe9675d6282fd7c1aa4e486a037d532d5728fc16a30360f293eb6126b2e73ad?s=96&d=monsterid&r=ge2b23868508aec3460d3c6a11d3b599a","url":"https:\/\/secure.gravatar.com\/avatar\/4fe9675d6282fd7c1aa4e486a037d532d5728fc16a30360f293eb6126b2e73ad?s=96&d=monsterid&r=g","contentUrl":"https:\/\/secure.gravatar.com\/avatar\/4fe9675d6282fd7c1aa4e486a037d532d5728fc16a30360f293eb6126b2e73ad?s=96&d=monsterid&r=g","caption":"Adina C\u0103p\u00eelnean"},"url":"https:\/\/buletin.de\/bucuresti\/author\/adinacapilnean\/"}]}},"authors":[{"term_id":22580,"user_id":47,"is_guest":0,"slug":"adinacapilnean","display_name":"Adina C\u0103p\u00eelnean","avatar_url":"https:\/\/secure.gravatar.com\/avatar\/4fe9675d6282fd7c1aa4e486a037d532d5728fc16a30360f293eb6126b2e73ad?s=96&d=monsterid&r=g","0":null,"1":"","2":"","3":"","4":"","5":"","6":"","7":"","8":""}],"_links":{"self":[{"href":"https:\/\/buletin.de\/bucuresti\/wp-json\/wp\/v2\/posts\/77369","targetHints":{"allow":["GET"]}}],"collection":[{"href":"https:\/\/buletin.de\/bucuresti\/wp-json\/wp\/v2\/posts"}],"about":[{"href":"https:\/\/buletin.de\/bucuresti\/wp-json\/wp\/v2\/types\/post"}],"author":[{"embeddable":true,"href":"https:\/\/buletin.de\/bucuresti\/wp-json\/wp\/v2\/users\/47"}],"replies":[{"embeddable":true,"href":"https:\/\/buletin.de\/bucuresti\/wp-json\/wp\/v2\/comments?post=77369"}],"version-history":[{"count":3,"href":"https:\/\/buletin.de\/bucuresti\/wp-json\/wp\/v2\/posts\/77369\/revisions"}],"predecessor-version":[{"id":77378,"href":"https:\/\/buletin.de\/bucuresti\/wp-json\/wp\/v2\/posts\/77369\/revisions\/77378"}],"wp:featuredmedia":[{"embeddable":true,"href":"https:\/\/buletin.de\/bucuresti\/wp-json\/wp\/v2\/media\/77371"}],"wp:attachment":[{"href":"https:\/\/buletin.de\/bucuresti\/wp-json\/wp\/v2\/media?parent=77369"}],"wp:term":[{"taxonomy":"category","embeddable":true,"href":"https:\/\/buletin.de\/bucuresti\/wp-json\/wp\/v2\/categories?post=77369"},{"taxonomy":"post_tag","embeddable":true,"href":"https:\/\/buletin.de\/bucuresti\/wp-json\/wp\/v2\/tags?post=77369"},{"taxonomy":"author","embeddable":true,"href":"https:\/\/buletin.de\/bucuresti\/wp-json\/wp\/v2\/ppma_author?post=77369"}],"curies":[{"name":"wp","href":"https:\/\/api.w.org\/{rel}","templated":true}]}}