{"id":77356,"date":"2024-02-16T15:16:40","date_gmt":"2024-02-16T13:16:40","guid":{"rendered":"https:\/\/buletin.de\/bucuresti\/?p=77356"},"modified":"2024-02-16T15:16:41","modified_gmt":"2024-02-16T13:16:41","slug":"doua-nopti-cu-restrictii-de-circulatie-in-pasajul-piata-sudului","status":"publish","type":"post","link":"https:\/\/buletin.de\/bucuresti\/doua-nopti-cu-restrictii-de-circulatie-in-pasajul-piata-sudului\/","title":{"rendered":"Dou\u0103 nop\u021bi cu restric\u021bii de circula\u021bie \u00een Pasajul Pia\u021ba Sudului"},"content":{"rendered":"\n<p><strong>Traficul rutier \u00een Pasajul Pia\u021ba Sudului se va restric\u021biona \u00een aceast\u0103 noapte intervalul orar 23:00\u201105:30 pentru lucr\u0103ri de \u00eentre\u021binere. Circula\u021bia se va modifica pe sensul de deplasare dinspre Calea V\u0103c\u0103re\u0219ti c\u0103tre Str. Ni\u021bu Vasile.<\/strong><\/p>\n\n\n\n<p>De asemenea, \u00een noaptea 18\/19 februarie, \u00een intervalul orar 23:00-05:30, se va restric\u021biona traficul rutier \u00een pasaj pe cel\u0103lalt sens de deplasare, respectiv dinspre Str. Ni\u021bu Vasile c\u0103tre Calea V\u0103c\u0103re\u0219ti.<\/p>\n\n\n\n<p>Brigada Rutier\u0103 solicit\u0103 soferilor s\u0103 circule cu pruden\u0163\u0103, s\u0103 p\u0103streze o distan\u021b\u0103 suficient\u0103 pentru a putea fr\u00e2na \u00een condi\u021bii de siguran\u021b\u0103, s\u0103 nu opreasc\u0103 ori s\u0103 sta\u0163ioneze dec\u00e2t \u00een locurile special amenajate si s\u0103 respecte semnifica\u0163ia semnaliz\u0103rii rutiere temporare.<\/p>\n\n\n\n<p>Dup\u0103 lucr\u0103ri care au durat trei ani, \u00een 2017 a fost inaugurat pasajul de la Pia\u0163a Sudului cu o lungime de aproape 360 de metri.  Pasajul are dou\u0103 benzi pe sens \u015fi leag\u0103 Calea Vacare\u015fti de strada Ni\u0163u Vasile.<\/p>\n\n\n\n<p>Primarul Capitalei de la acea dat\u0103, Gabriela Firea,  explica faptul c\u0103&nbsp;valoarea total\u0103 a proiectului a fost calculat\u0103 ini\u021bial la 19,5 milioane euro, din care 90% ar fi trebuit sa fie fonduri europene. Ea preciza insa c\u0103, <em>\u201edin cauza erorilor de proiectare \u0219i a unui slab management, Prim\u0103ria Capitalei a pierdut \u00een 2015 finan\u021barea \u0219i doar 15% din fondurile europene au fost folosite pentru acest proiect, restul fiind banii municipalit\u0103\u021bii\u201d.<\/em><\/p>\n\n\n\n<p>\u00cen afar\u0103 de pasajul rutier Pia\u0163a Sudului cu 4 benzi, dou\u0103 pe fiecare sens, au fost construite \u015fi 8 lifturi pentru persoane v\u00e2rstnice \u015fi cu dizabilit\u0103\u0163i \u015fi 4 sc\u0103ri rulante.<\/p>\n\n\n\n<p><\/p>\n\n\n\n<p>CITE\u0218TE \u0218I:<\/p>\n\n\n\n<figure class=\"wp-block-embed is-type-wp-embed is-provider-buletin-de-bucure-ti wp-block-embed-buletin-de-bucure-ti\"><div class=\"wp-block-embed__wrapper\">\n<blockquote class=\"wp-embedded-content\" data-secret=\"nQpLVP1dRJ\"><a href=\"https:\/\/buletin.de\/bucuresti\/circulatia-in-pasajul-unirii-va-fi-restrictionata-la-noapte-dar-si-vineri-spre-sambata\/\">Circula\u021bia \u00een Pasajul Unirii, restric\u021bionat\u0103 la \u00eenceput de weekend<\/a><\/blockquote><iframe class=\"wp-embedded-content\" sandbox=\"allow-scripts\" security=\"restricted\" style=\"position: absolute; clip: rect(1px, 1px, 1px, 1px);\" title=\"&#8220;Circula\u021bia \u00een Pasajul Unirii, restric\u021bionat\u0103 la \u00eenceput de weekend&#8221; &#8212; Buletin de Bucure\u0219ti\" src=\"https:\/\/buletin.de\/bucuresti\/circulatia-in-pasajul-unirii-va-fi-restrictionata-la-noapte-dar-si-vineri-spre-sambata\/embed\/#?secret=Sc4icRuDh4#?secret=nQpLVP1dRJ\" data-secret=\"nQpLVP1dRJ\" width=\"600\" height=\"338\" frameborder=\"0\" marginwidth=\"0\" marginheight=\"0\" scrolling=\"no\"><\/iframe>\n<\/div><\/figure>\n\n\n\n<p><\/p>\n\n\n\n<p> <\/p>\n","protected":false},"excerpt":{"rendered":"<p>Traficul rutier \u00een Pasajul Pia\u021ba Sudului se va restric\u021biona \u00een aceast\u0103 noapte intervalul orar 23:00\u201105:30 pentru lucr\u0103ri de \u00eentre\u021binere. Circula\u021bia se va modifica pe sensul de deplasare dinspre Calea V\u0103c\u0103re\u0219ti c\u0103tre Str. Ni\u021bu Vasile. De asemenea, \u00een noaptea 18\/19 februarie, \u00een intervalul orar 23:00-05:30, se va restric\u021biona traficul rutier \u00een pasaj pe cel\u0103lalt sens de [&hellip;]<\/p>\n","protected":false},"author":49,"featured_media":77363,"comment_status":"closed","ping_status":"open","sticky":false,"template":"","format":"standard","meta":{"_acf_changed":false,"inline_featured_image":false,"ngg_post_thumbnail":0,"footnotes":""},"categories":[6994,62,650],"tags":[9850,9847,9848,9849],"ppma_author":[22574],"class_list":["post-77356","post","type-post","status-publish","format-standard","has-post-thumbnail","hentry","category-stiri-2","category-stiri","category-transport","tag-calea-vacaresti-2","tag-pasaj-piata-sudului","tag-restrictii-piata-sudului","tag-str-nitu-vasile-2"],"acf":[],"yoast_head":"<!-- This site is optimized with the Yoast SEO Premium plugin v25.3 (Yoast SEO v27.4) - https:\/\/yoast.com\/product\/yoast-seo-premium-wordpress\/ -->\n<title>Dou\u0103 nop\u021bi cu restric\u021bii de circula\u021bie \u00een Pasajul Pia\u021ba Sudului - Buletin de Bucure\u0219ti<\/title>\n<meta name=\"robots\" content=\"index, follow, max-snippet:-1, max-image-preview:large, max-video-preview:-1\" \/>\n<link rel=\"canonical\" href=\"https:\/\/buletin.de\/bucuresti\/doua-nopti-cu-restrictii-de-circulatie-in-pasajul-piata-sudului\/\" \/>\n<meta property=\"og:locale\" content=\"en_GB\" \/>\n<meta property=\"og:type\" content=\"article\" \/>\n<meta property=\"og:title\" content=\"Dou\u0103 nop\u021bi cu restric\u021bii de circula\u021bie \u00een Pasajul Pia\u021ba Sudului\" \/>\n<meta property=\"og:description\" content=\"Traficul rutier \u00een Pasajul Pia\u021ba Sudului se va restric\u021biona \u00een aceast\u0103 noapte intervalul orar 23:00\u201105:30 pentru lucr\u0103ri de \u00eentre\u021binere. Circula\u021bia se va modifica pe sensul de deplasare dinspre Calea V\u0103c\u0103re\u0219ti c\u0103tre Str. Ni\u021bu Vasile. De asemenea, \u00een noaptea 18\/19 februarie, \u00een intervalul orar 23:00-05:30, se va restric\u021biona traficul rutier \u00een pasaj pe cel\u0103lalt sens de [&hellip;]\" \/>\n<meta property=\"og:url\" content=\"https:\/\/buletin.de\/bucuresti\/doua-nopti-cu-restrictii-de-circulatie-in-pasajul-piata-sudului\/\" \/>\n<meta property=\"og:site_name\" content=\"Buletin de Bucure\u0219ti\" \/>\n<meta property=\"article:publisher\" content=\"https:\/\/www.facebook.com\/buletin.de.buc\" \/>\n<meta property=\"article:published_time\" content=\"2024-02-16T13:16:40+00:00\" \/>\n<meta property=\"article:modified_time\" content=\"2024-02-16T13:16:41+00:00\" \/>\n<meta property=\"og:image\" content=\"https:\/\/buletin.de\/bucuresti\/wp-content\/uploads\/Pasaj-Piata-Sudului.jpg\" \/>\n\t<meta property=\"og:image:width\" content=\"696\" \/>\n\t<meta property=\"og:image:height\" content=\"392\" \/>\n\t<meta property=\"og:image:type\" content=\"image\/jpeg\" \/>\n<meta name=\"author\" content=\"Diana Matei\" \/>\n<meta name=\"twitter:card\" content=\"summary_large_image\" \/>\n<meta name=\"twitter:label1\" content=\"Written by\" \/>\n\t<meta name=\"twitter:data1\" content=\"Diana Matei\" \/>\n\t<meta name=\"twitter:label2\" content=\"Estimated reading time\" \/>\n\t<meta name=\"twitter:data2\" content=\"1 minute\" \/>\n<script type=\"application\/ld+json\" class=\"yoast-schema-graph\">{\"@context\":\"https:\\\/\\\/schema.org\",\"@graph\":[{\"@type\":\"Article\",\"@id\":\"https:\\\/\\\/buletin.de\\\/bucuresti\\\/doua-nopti-cu-restrictii-de-circulatie-in-pasajul-piata-sudului\\\/#article\",\"isPartOf\":{\"@id\":\"https:\\\/\\\/buletin.de\\\/bucuresti\\\/doua-nopti-cu-restrictii-de-circulatie-in-pasajul-piata-sudului\\\/\"},\"author\":{\"name\":\"Diana Matei\",\"@id\":\"https:\\\/\\\/buletin.de\\\/bucuresti\\\/#\\\/schema\\\/person\\\/7e46040573290777280a0835d81ea4ea\"},\"headline\":\"Dou\u0103 nop\u021bi cu restric\u021bii de circula\u021bie \u00een Pasajul Pia\u021ba Sudului\",\"datePublished\":\"2024-02-16T13:16:40+00:00\",\"dateModified\":\"2024-02-16T13:16:41+00:00\",\"mainEntityOfPage\":{\"@id\":\"https:\\\/\\\/buletin.de\\\/bucuresti\\\/doua-nopti-cu-restrictii-de-circulatie-in-pasajul-piata-sudului\\\/\"},\"wordCount\":290,\"publisher\":{\"@id\":\"https:\\\/\\\/buletin.de\\\/bucuresti\\\/#organization\"},\"image\":{\"@id\":\"https:\\\/\\\/buletin.de\\\/bucuresti\\\/doua-nopti-cu-restrictii-de-circulatie-in-pasajul-piata-sudului\\\/#primaryimage\"},\"thumbnailUrl\":\"https:\\\/\\\/buletin.de\\\/bucuresti\\\/wp-content\\\/uploads\\\/Pasaj-Piata-Sudului.jpg\",\"keywords\":[\"Calea V\u0103c\u0103re\u0219ti\",\"Pasaj Piata Sudului\",\"restrictii Piata Sudului\",\"Str. Ni\u021bu Vasile\"],\"articleSection\":[\"Articole\",\"\u0218tiri\",\"Transport\"],\"inLanguage\":\"en-GB\",\"copyrightYear\":\"2024\",\"copyrightHolder\":{\"@id\":\"https:\\\/\\\/buletin.de\\\/bucuresti\\\/#organization\"}},{\"@type\":\"WebPage\",\"@id\":\"https:\\\/\\\/buletin.de\\\/bucuresti\\\/doua-nopti-cu-restrictii-de-circulatie-in-pasajul-piata-sudului\\\/\",\"url\":\"https:\\\/\\\/buletin.de\\\/bucuresti\\\/doua-nopti-cu-restrictii-de-circulatie-in-pasajul-piata-sudului\\\/\",\"name\":\"Dou\u0103 nop\u021bi cu restric\u021bii de circula\u021bie \u00een Pasajul Pia\u021ba Sudului - Buletin de Bucure\u0219ti\",\"isPartOf\":{\"@id\":\"https:\\\/\\\/buletin.de\\\/bucuresti\\\/#website\"},\"primaryImageOfPage\":{\"@id\":\"https:\\\/\\\/buletin.de\\\/bucuresti\\\/doua-nopti-cu-restrictii-de-circulatie-in-pasajul-piata-sudului\\\/#primaryimage\"},\"image\":{\"@id\":\"https:\\\/\\\/buletin.de\\\/bucuresti\\\/doua-nopti-cu-restrictii-de-circulatie-in-pasajul-piata-sudului\\\/#primaryimage\"},\"thumbnailUrl\":\"https:\\\/\\\/buletin.de\\\/bucuresti\\\/wp-content\\\/uploads\\\/Pasaj-Piata-Sudului.jpg\",\"datePublished\":\"2024-02-16T13:16:40+00:00\",\"dateModified\":\"2024-02-16T13:16:41+00:00\",\"breadcrumb\":{\"@id\":\"https:\\\/\\\/buletin.de\\\/bucuresti\\\/doua-nopti-cu-restrictii-de-circulatie-in-pasajul-piata-sudului\\\/#breadcrumb\"},\"inLanguage\":\"en-GB\",\"potentialAction\":[{\"@type\":\"ReadAction\",\"target\":[\"https:\\\/\\\/buletin.de\\\/bucuresti\\\/doua-nopti-cu-restrictii-de-circulatie-in-pasajul-piata-sudului\\\/\"]}]},{\"@type\":\"ImageObject\",\"inLanguage\":\"en-GB\",\"@id\":\"https:\\\/\\\/buletin.de\\\/bucuresti\\\/doua-nopti-cu-restrictii-de-circulatie-in-pasajul-piata-sudului\\\/#primaryimage\",\"url\":\"https:\\\/\\\/buletin.de\\\/bucuresti\\\/wp-content\\\/uploads\\\/Pasaj-Piata-Sudului.jpg\",\"contentUrl\":\"https:\\\/\\\/buletin.de\\\/bucuresti\\\/wp-content\\\/uploads\\\/Pasaj-Piata-Sudului.jpg\",\"width\":696,\"height\":392,\"caption\":\"Foto: Facebook\\\/Primaria Sectorul 4\"},{\"@type\":\"BreadcrumbList\",\"@id\":\"https:\\\/\\\/buletin.de\\\/bucuresti\\\/doua-nopti-cu-restrictii-de-circulatie-in-pasajul-piata-sudului\\\/#breadcrumb\",\"itemListElement\":[{\"@type\":\"ListItem\",\"position\":1,\"name\":\"Acas\u0103\",\"item\":\"https:\\\/\\\/buletin.de\\\/bucuresti\\\/\"},{\"@type\":\"ListItem\",\"position\":2,\"name\":\"Dou\u0103 nop\u021bi cu restric\u021bii de circula\u021bie \u00een Pasajul Pia\u021ba Sudului\"}]},{\"@type\":\"WebSite\",\"@id\":\"https:\\\/\\\/buletin.de\\\/bucuresti\\\/#website\",\"url\":\"https:\\\/\\\/buletin.de\\\/bucuresti\\\/\",\"name\":\"Buletin de Bucure\u0219ti\",\"description\":\"\u0218tiri \u0219i investiga\u021bii esen\u021biale din capital\u0103\",\"publisher\":{\"@id\":\"https:\\\/\\\/buletin.de\\\/bucuresti\\\/#organization\"},\"potentialAction\":[{\"@type\":\"SearchAction\",\"target\":{\"@type\":\"EntryPoint\",\"urlTemplate\":\"https:\\\/\\\/buletin.de\\\/bucuresti\\\/?s={search_term_string}\"},\"query-input\":{\"@type\":\"PropertyValueSpecification\",\"valueRequired\":true,\"valueName\":\"search_term_string\"}}],\"inLanguage\":\"en-GB\"},{\"@type\":\"Organization\",\"@id\":\"https:\\\/\\\/buletin.de\\\/bucuresti\\\/#organization\",\"name\":\"Buletin de Bucure\u0219ti\",\"url\":\"https:\\\/\\\/buletin.de\\\/bucuresti\\\/\",\"logo\":{\"@type\":\"ImageObject\",\"inLanguage\":\"en-GB\",\"@id\":\"https:\\\/\\\/buletin.de\\\/bucuresti\\\/#\\\/schema\\\/logo\\\/image\\\/\",\"url\":\"https:\\\/\\\/buletin.de\\\/bucuresti\\\/wp-content\\\/uploads\\\/logo-bdb-full-wide-vernil-transparent.png\",\"contentUrl\":\"https:\\\/\\\/buletin.de\\\/bucuresti\\\/wp-content\\\/uploads\\\/logo-bdb-full-wide-vernil-transparent.png\",\"width\":1782,\"height\":626,\"caption\":\"Buletin de Bucure\u0219ti\"},\"image\":{\"@id\":\"https:\\\/\\\/buletin.de\\\/bucuresti\\\/#\\\/schema\\\/logo\\\/image\\\/\"},\"sameAs\":[\"https:\\\/\\\/www.facebook.com\\\/buletin.de.buc\",\"https:\\\/\\\/www.instagram.com\\\/buletinde.bucuresti\\\/\"]},{\"@type\":\"Person\",\"@id\":\"https:\\\/\\\/buletin.de\\\/bucuresti\\\/#\\\/schema\\\/person\\\/7e46040573290777280a0835d81ea4ea\",\"name\":\"Diana Matei\",\"image\":{\"@type\":\"ImageObject\",\"inLanguage\":\"en-GB\",\"@id\":\"https:\\\/\\\/buletin.de\\\/bucuresti\\\/wp-content\\\/uploads\\\/9-2-96x96.jpg1e8590b30871d70e62ebcdaf2eff570c\",\"url\":\"https:\\\/\\\/buletin.de\\\/bucuresti\\\/wp-content\\\/uploads\\\/9-2-96x96.jpg\",\"contentUrl\":\"https:\\\/\\\/buletin.de\\\/bucuresti\\\/wp-content\\\/uploads\\\/9-2-96x96.jpg\",\"caption\":\"Diana Matei\"},\"url\":\"https:\\\/\\\/buletin.de\\\/bucuresti\\\/author\\\/dianamatei\\\/\"}]}<\/script>\n<!-- \/ Yoast SEO Premium plugin. -->","yoast_head_json":{"title":"Dou\u0103 nop\u021bi cu restric\u021bii de circula\u021bie \u00een Pasajul Pia\u021ba Sudului - Buletin de Bucure\u0219ti","robots":{"index":"index","follow":"follow","max-snippet":"max-snippet:-1","max-image-preview":"max-image-preview:large","max-video-preview":"max-video-preview:-1"},"canonical":"https:\/\/buletin.de\/bucuresti\/doua-nopti-cu-restrictii-de-circulatie-in-pasajul-piata-sudului\/","og_locale":"en_GB","og_type":"article","og_title":"Dou\u0103 nop\u021bi cu restric\u021bii de circula\u021bie \u00een Pasajul Pia\u021ba Sudului","og_description":"Traficul rutier \u00een Pasajul Pia\u021ba Sudului se va restric\u021biona \u00een aceast\u0103 noapte intervalul orar 23:00\u201105:30 pentru lucr\u0103ri de \u00eentre\u021binere. Circula\u021bia se va modifica pe sensul de deplasare dinspre Calea V\u0103c\u0103re\u0219ti c\u0103tre Str. Ni\u021bu Vasile. De asemenea, \u00een noaptea 18\/19 februarie, \u00een intervalul orar 23:00-05:30, se va restric\u021biona traficul rutier \u00een pasaj pe cel\u0103lalt sens de [&hellip;]","og_url":"https:\/\/buletin.de\/bucuresti\/doua-nopti-cu-restrictii-de-circulatie-in-pasajul-piata-sudului\/","og_site_name":"Buletin de Bucure\u0219ti","article_publisher":"https:\/\/www.facebook.com\/buletin.de.buc","article_published_time":"2024-02-16T13:16:40+00:00","article_modified_time":"2024-02-16T13:16:41+00:00","og_image":[{"width":696,"height":392,"url":"https:\/\/buletin.de\/bucuresti\/wp-content\/uploads\/Pasaj-Piata-Sudului.jpg","type":"image\/jpeg"}],"author":"Diana Matei","twitter_card":"summary_large_image","twitter_misc":{"Written by":"Diana Matei","Estimated reading time":"1 minute"},"schema":{"@context":"https:\/\/schema.org","@graph":[{"@type":"Article","@id":"https:\/\/buletin.de\/bucuresti\/doua-nopti-cu-restrictii-de-circulatie-in-pasajul-piata-sudului\/#article","isPartOf":{"@id":"https:\/\/buletin.de\/bucuresti\/doua-nopti-cu-restrictii-de-circulatie-in-pasajul-piata-sudului\/"},"author":{"name":"Diana Matei","@id":"https:\/\/buletin.de\/bucuresti\/#\/schema\/person\/7e46040573290777280a0835d81ea4ea"},"headline":"Dou\u0103 nop\u021bi cu restric\u021bii de circula\u021bie \u00een Pasajul Pia\u021ba Sudului","datePublished":"2024-02-16T13:16:40+00:00","dateModified":"2024-02-16T13:16:41+00:00","mainEntityOfPage":{"@id":"https:\/\/buletin.de\/bucuresti\/doua-nopti-cu-restrictii-de-circulatie-in-pasajul-piata-sudului\/"},"wordCount":290,"publisher":{"@id":"https:\/\/buletin.de\/bucuresti\/#organization"},"image":{"@id":"https:\/\/buletin.de\/bucuresti\/doua-nopti-cu-restrictii-de-circulatie-in-pasajul-piata-sudului\/#primaryimage"},"thumbnailUrl":"https:\/\/buletin.de\/bucuresti\/wp-content\/uploads\/Pasaj-Piata-Sudului.jpg","keywords":["Calea V\u0103c\u0103re\u0219ti","Pasaj Piata Sudului","restrictii Piata Sudului","Str. Ni\u021bu Vasile"],"articleSection":["Articole","\u0218tiri","Transport"],"inLanguage":"en-GB","copyrightYear":"2024","copyrightHolder":{"@id":"https:\/\/buletin.de\/bucuresti\/#organization"}},{"@type":"WebPage","@id":"https:\/\/buletin.de\/bucuresti\/doua-nopti-cu-restrictii-de-circulatie-in-pasajul-piata-sudului\/","url":"https:\/\/buletin.de\/bucuresti\/doua-nopti-cu-restrictii-de-circulatie-in-pasajul-piata-sudului\/","name":"Dou\u0103 nop\u021bi cu restric\u021bii de circula\u021bie \u00een Pasajul Pia\u021ba Sudului - Buletin de Bucure\u0219ti","isPartOf":{"@id":"https:\/\/buletin.de\/bucuresti\/#website"},"primaryImageOfPage":{"@id":"https:\/\/buletin.de\/bucuresti\/doua-nopti-cu-restrictii-de-circulatie-in-pasajul-piata-sudului\/#primaryimage"},"image":{"@id":"https:\/\/buletin.de\/bucuresti\/doua-nopti-cu-restrictii-de-circulatie-in-pasajul-piata-sudului\/#primaryimage"},"thumbnailUrl":"https:\/\/buletin.de\/bucuresti\/wp-content\/uploads\/Pasaj-Piata-Sudului.jpg","datePublished":"2024-02-16T13:16:40+00:00","dateModified":"2024-02-16T13:16:41+00:00","breadcrumb":{"@id":"https:\/\/buletin.de\/bucuresti\/doua-nopti-cu-restrictii-de-circulatie-in-pasajul-piata-sudului\/#breadcrumb"},"inLanguage":"en-GB","potentialAction":[{"@type":"ReadAction","target":["https:\/\/buletin.de\/bucuresti\/doua-nopti-cu-restrictii-de-circulatie-in-pasajul-piata-sudului\/"]}]},{"@type":"ImageObject","inLanguage":"en-GB","@id":"https:\/\/buletin.de\/bucuresti\/doua-nopti-cu-restrictii-de-circulatie-in-pasajul-piata-sudului\/#primaryimage","url":"https:\/\/buletin.de\/bucuresti\/wp-content\/uploads\/Pasaj-Piata-Sudului.jpg","contentUrl":"https:\/\/buletin.de\/bucuresti\/wp-content\/uploads\/Pasaj-Piata-Sudului.jpg","width":696,"height":392,"caption":"Foto: Facebook\/Primaria Sectorul 4"},{"@type":"BreadcrumbList","@id":"https:\/\/buletin.de\/bucuresti\/doua-nopti-cu-restrictii-de-circulatie-in-pasajul-piata-sudului\/#breadcrumb","itemListElement":[{"@type":"ListItem","position":1,"name":"Acas\u0103","item":"https:\/\/buletin.de\/bucuresti\/"},{"@type":"ListItem","position":2,"name":"Dou\u0103 nop\u021bi cu restric\u021bii de circula\u021bie \u00een Pasajul Pia\u021ba Sudului"}]},{"@type":"WebSite","@id":"https:\/\/buletin.de\/bucuresti\/#website","url":"https:\/\/buletin.de\/bucuresti\/","name":"Buletin de Bucure\u0219ti","description":"\u0218tiri \u0219i investiga\u021bii esen\u021biale din capital\u0103","publisher":{"@id":"https:\/\/buletin.de\/bucuresti\/#organization"},"potentialAction":[{"@type":"SearchAction","target":{"@type":"EntryPoint","urlTemplate":"https:\/\/buletin.de\/bucuresti\/?s={search_term_string}"},"query-input":{"@type":"PropertyValueSpecification","valueRequired":true,"valueName":"search_term_string"}}],"inLanguage":"en-GB"},{"@type":"Organization","@id":"https:\/\/buletin.de\/bucuresti\/#organization","name":"Buletin de Bucure\u0219ti","url":"https:\/\/buletin.de\/bucuresti\/","logo":{"@type":"ImageObject","inLanguage":"en-GB","@id":"https:\/\/buletin.de\/bucuresti\/#\/schema\/logo\/image\/","url":"https:\/\/buletin.de\/bucuresti\/wp-content\/uploads\/logo-bdb-full-wide-vernil-transparent.png","contentUrl":"https:\/\/buletin.de\/bucuresti\/wp-content\/uploads\/logo-bdb-full-wide-vernil-transparent.png","width":1782,"height":626,"caption":"Buletin de Bucure\u0219ti"},"image":{"@id":"https:\/\/buletin.de\/bucuresti\/#\/schema\/logo\/image\/"},"sameAs":["https:\/\/www.facebook.com\/buletin.de.buc","https:\/\/www.instagram.com\/buletinde.bucuresti\/"]},{"@type":"Person","@id":"https:\/\/buletin.de\/bucuresti\/#\/schema\/person\/7e46040573290777280a0835d81ea4ea","name":"Diana Matei","image":{"@type":"ImageObject","inLanguage":"en-GB","@id":"https:\/\/buletin.de\/bucuresti\/wp-content\/uploads\/9-2-96x96.jpg1e8590b30871d70e62ebcdaf2eff570c","url":"https:\/\/buletin.de\/bucuresti\/wp-content\/uploads\/9-2-96x96.jpg","contentUrl":"https:\/\/buletin.de\/bucuresti\/wp-content\/uploads\/9-2-96x96.jpg","caption":"Diana Matei"},"url":"https:\/\/buletin.de\/bucuresti\/author\/dianamatei\/"}]}},"authors":[{"term_id":22574,"user_id":49,"is_guest":0,"slug":"dianamatei","display_name":"Diana Matei","avatar_url":"https:\/\/buletin.de\/bucuresti\/wp-content\/uploads\/9-2-96x96.jpg","0":null,"1":"","2":"","3":"","4":"","5":"","6":"","7":"","8":""}],"_links":{"self":[{"href":"https:\/\/buletin.de\/bucuresti\/wp-json\/wp\/v2\/posts\/77356","targetHints":{"allow":["GET"]}}],"collection":[{"href":"https:\/\/buletin.de\/bucuresti\/wp-json\/wp\/v2\/posts"}],"about":[{"href":"https:\/\/buletin.de\/bucuresti\/wp-json\/wp\/v2\/types\/post"}],"author":[{"embeddable":true,"href":"https:\/\/buletin.de\/bucuresti\/wp-json\/wp\/v2\/users\/49"}],"replies":[{"embeddable":true,"href":"https:\/\/buletin.de\/bucuresti\/wp-json\/wp\/v2\/comments?post=77356"}],"version-history":[{"count":3,"href":"https:\/\/buletin.de\/bucuresti\/wp-json\/wp\/v2\/posts\/77356\/revisions"}],"predecessor-version":[{"id":77368,"href":"https:\/\/buletin.de\/bucuresti\/wp-json\/wp\/v2\/posts\/77356\/revisions\/77368"}],"wp:featuredmedia":[{"embeddable":true,"href":"https:\/\/buletin.de\/bucuresti\/wp-json\/wp\/v2\/media\/77363"}],"wp:attachment":[{"href":"https:\/\/buletin.de\/bucuresti\/wp-json\/wp\/v2\/media?parent=77356"}],"wp:term":[{"taxonomy":"category","embeddable":true,"href":"https:\/\/buletin.de\/bucuresti\/wp-json\/wp\/v2\/categories?post=77356"},{"taxonomy":"post_tag","embeddable":true,"href":"https:\/\/buletin.de\/bucuresti\/wp-json\/wp\/v2\/tags?post=77356"},{"taxonomy":"author","embeddable":true,"href":"https:\/\/buletin.de\/bucuresti\/wp-json\/wp\/v2\/ppma_author?post=77356"}],"curies":[{"name":"wp","href":"https:\/\/api.w.org\/{rel}","templated":true}]}}